{"id":59506,"date":"2015-12-30T01:08:12","date_gmt":"2015-12-30T00:08:12","guid":{"rendered":"http:\/\/eldigitaldeasturias.com\/magazine365\/?p=59506"},"modified":"2015-12-30T01:08:12","modified_gmt":"2015-12-30T00:08:12","slug":"el-aeropuerto-de-fuerteventura-ha-recibido-este-martes-al-pasajero-5-millones-de-este-2015","status":"publish","type":"post","link":"https:\/\/eldigitaldeasturias.com\/magazine365\/el-aeropuerto-de-fuerteventura-ha-recibido-este-martes-al-pasajero-5-millones-de-este-2015\/","title":{"rendered":"El Aeropuerto de Fuerteventura ha recibido este martes al pasajero 5 millones de este 2015"},"content":{"rendered":"<p><img fetchpriority=\"high\" decoding=\"async\" class=\"alignleft size-medium wp-image-59507\" src=\"https:\/\/eldigitaldeasturias.com\/magazine365\/wp-content\/uploads\/2015\/12\/fotonoticia_20151229181851_800-360x240.jpg\" alt=\"fotonoticia_20151229181851_800\" width=\"360\" height=\"240\" srcset=\"https:\/\/eldigitaldeasturias.com\/magazine365\/wp-content\/uploads\/2015\/12\/fotonoticia_20151229181851_800-360x240.jpg 360w, https:\/\/eldigitaldeasturias.com\/magazine365\/wp-content\/uploads\/2015\/12\/fotonoticia_20151229181851_800-650x433.jpg 650w, https:\/\/eldigitaldeasturias.com\/magazine365\/wp-content\/uploads\/2015\/12\/fotonoticia_20151229181851_800-768x512.jpg 768w, https:\/\/eldigitaldeasturias.com\/magazine365\/wp-content\/uploads\/2015\/12\/fotonoticia_20151229181851_800-150x100.jpg 150w, https:\/\/eldigitaldeasturias.com\/magazine365\/wp-content\/uploads\/2015\/12\/fotonoticia_20151229181851_800-450x300.jpg 450w, https:\/\/eldigitaldeasturias.com\/magazine365\/wp-content\/uploads\/2015\/12\/fotonoticia_20151229181851_800-696x464.jpg 696w, https:\/\/eldigitaldeasturias.com\/magazine365\/wp-content\/uploads\/2015\/12\/fotonoticia_20151229181851_800-630x420.jpg 630w, https:\/\/eldigitaldeasturias.com\/magazine365\/wp-content\/uploads\/2015\/12\/fotonoticia_20151229181851_800-101x66.jpg 101w, https:\/\/eldigitaldeasturias.com\/magazine365\/wp-content\/uploads\/2015\/12\/fotonoticia_20151229181851_800.jpg 800w\" sizes=\"(max-width: 360px) 100vw, 360px\" \/>El Aeropuerto de Fuerteventura ha recibido este martes al pasajero 5 millones de 2015, lo que convierte a este a\u00f1o en el primero de la historia majorera en que se obtiene este volumen de viajeros.<\/p>\n<p>Seg\u00fan informa Aena en una nota de prensa, para celebrar este acontecimiento, el director del Aeropuerto, Sergio Millanes, y el manager regional del grupo Thomas Cook Airlines, Braulio Marrero, han dado la bienvenida al afortunado viajero tras desembarcar de un vuelo procedente de D\u00fcsseldorf de la aerol\u00ednea Condor.<\/p>\n<p>En este sentido, la compa\u00f1\u00eda a\u00e9rea fue la que en 1973 inici\u00f3 el tr\u00e1fico internacional en el aeropuerto majorero, con conexiones directas precisamente con el aeropuerto de D\u00fcsseldorf.<\/p>\n<p>Por su parte, el pasajero aterriz\u00f3 en el Aeropuerto a las 12.15 horas a bordo de un avi\u00f3n Airbus 321, donde le esperaban un lote de productos t\u00edpicos de la isla y una reproducci\u00f3n de un podomorfo &#8211;cer\u00e1mica t\u00edpica con grabados abor\u00edgenes que se encuentran en la monta\u00f1a sagrada de Tindaya&#8211;, obsequio de Aena.<\/p>\n","protected":false},"excerpt":{"rendered":"<p>El Aeropuerto de Fuerteventura ha recibido este martes al pasajero 5 millones de 2015, lo que convierte a este a\u00f1o en el primero de la historia majorera en que se obtiene este volumen de viajeros. Seg\u00fan informa Aena en una nota de prensa, para celebrar este acontecimiento, el director del Aeropuerto, Sergio Millanes, y el<\/p>\n","protected":false},"author":1,"featured_media":59507,"comment_status":"open","ping_status":"closed","sticky":false,"template":"","format":"standard","meta":{"footnotes":""},"categories":[224],"tags":[],"class_list":{"0":"post-59506","1":"post","2":"type-post","3":"status-publish","4":"format-standard","5":"has-post-thumbnail","7":"category-noticias-actualidad"},"aioseo_notices":[],"aioseo_head":"\n\t\t<!-- All in One SEO Pro 4.9.6.1 - aioseo.com -->\n\t<meta name=\"description\" content=\"El Aeropuerto de Fuerteventura ha recibido este martes al pasajero 5 millones de 2015, lo que convierte a este a\u00f1o en el primero de la historia majorera en que se obtiene este volumen de viajeros. Seg\u00fan informa Aena en una nota de prensa, para celebrar este acontecimiento, el director del Aeropuerto, Sergio Millanes, y el\" \/>\n\t<meta name=\"robots\" content=\"max-image-preview:large\" \/>\n\t<meta name=\"author\" content=\"admin\"\/>\n\t<meta name=\"google-site-verification\" content=\"UA-38556648-1\" \/>\n\t<meta name=\"keywords\" content=\"noticias y actualidad\" \/>\n\t<link rel=\"canonical\" href=\"https:\/\/eldigitaldeasturias.com\/magazine365\/el-aeropuerto-de-fuerteventura-ha-recibido-este-martes-al-pasajero-5-millones-de-este-2015\/\" \/>\n\t<meta name=\"generator\" content=\"All in One SEO Pro (AIOSEO) 4.9.6.1\" \/>\n\t\t<meta property=\"og:locale\" content=\"es_ES\" \/>\n\t\t<meta property=\"og:site_name\" content=\"El Digital de Asturias \u2013 Revista de ocio, turismo y estilo de vida\" \/>\n\t\t<meta property=\"og:type\" content=\"article\" \/>\n\t\t<meta property=\"og:title\" content=\"El Aeropuerto de Fuerteventura ha recibido este martes al pasajero 5 millones de este 2015 | El Digital de Asturias\" \/>\n\t\t<meta property=\"og:description\" content=\"El Aeropuerto de Fuerteventura ha recibido este martes al pasajero 5 millones de 2015, lo que convierte a este a\u00f1o en el primero de la historia majorera en que se obtiene este volumen de viajeros. Seg\u00fan informa Aena en una nota de prensa, para celebrar este acontecimiento, el director del Aeropuerto, Sergio Millanes, y el\" \/>\n\t\t<meta property=\"og:url\" content=\"https:\/\/eldigitaldeasturias.com\/magazine365\/el-aeropuerto-de-fuerteventura-ha-recibido-este-martes-al-pasajero-5-millones-de-este-2015\/\" \/>\n\t\t<meta property=\"og:image\" content=\"https:\/\/eldigitaldeasturias.com\/magazine365\/wp-content\/uploads\/2015\/12\/fotonoticia_20151229181851_800.jpg\" \/>\n\t\t<meta property=\"og:image:secure_url\" content=\"https:\/\/eldigitaldeasturias.com\/magazine365\/wp-content\/uploads\/2015\/12\/fotonoticia_20151229181851_800.jpg\" \/>\n\t\t<meta property=\"og:image:width\" content=\"800\" \/>\n\t\t<meta property=\"og:image:height\" content=\"533\" \/>\n\t\t<meta property=\"article:published_time\" content=\"2015-12-30T00:08:12+00:00\" \/>\n\t\t<meta property=\"article:modified_time\" content=\"2015-12-30T00:08:12+00:00\" \/>\n\t\t<meta name=\"twitter:card\" content=\"summary_large_image\" \/>\n\t\t<meta name=\"twitter:title\" content=\"El Aeropuerto de Fuerteventura ha recibido este martes al pasajero 5 millones de este 2015 | El Digital de Asturias\" \/>\n\t\t<meta name=\"twitter:description\" content=\"El Aeropuerto de Fuerteventura ha recibido este martes al pasajero 5 millones de 2015, lo que convierte a este a\u00f1o en el primero de la historia majorera en que se obtiene este volumen de viajeros. Seg\u00fan informa Aena en una nota de prensa, para celebrar este acontecimiento, el director del Aeropuerto, Sergio Millanes, y el\" \/>\n\t\t<meta name=\"twitter:image\" content=\"https:\/\/eldigitaldeasturias.com\/magazine365\/wp-content\/uploads\/2015\/12\/fotonoticia_20151229181851_800.jpg\" \/>\n\t\t<script type=\"application\/ld+json\" class=\"aioseo-schema\">\n\t\t\t{\"@context\":\"https:\\\/\\\/schema.org\",\"@graph\":[{\"@type\":\"Article\",\"@id\":\"https:\\\/\\\/eldigitaldeasturias.com\\\/magazine365\\\/el-aeropuerto-de-fuerteventura-ha-recibido-este-martes-al-pasajero-5-millones-de-este-2015\\\/#article\",\"name\":\"El Aeropuerto de Fuerteventura ha recibido este martes al pasajero 5 millones de este 2015 | El Digital de Asturias\",\"headline\":\"El Aeropuerto de Fuerteventura ha recibido este martes al pasajero 5 millones de este 2015\",\"author\":{\"@id\":\"https:\\\/\\\/eldigitaldeasturias.com\\\/magazine365\\\/author\\\/admin\\\/#author\"},\"publisher\":{\"@id\":\"https:\\\/\\\/eldigitaldeasturias.com\\\/magazine365\\\/#organization\"},\"image\":{\"@type\":\"ImageObject\",\"url\":\"https:\\\/\\\/eldigitaldeasturias.com\\\/magazine365\\\/wp-content\\\/uploads\\\/2015\\\/12\\\/fotonoticia_20151229181851_800.jpg\",\"width\":800,\"height\":533},\"datePublished\":\"2015-12-30T01:08:12+01:00\",\"dateModified\":\"2015-12-30T01:08:12+01:00\",\"inLanguage\":\"es-ES\",\"mainEntityOfPage\":{\"@id\":\"https:\\\/\\\/eldigitaldeasturias.com\\\/magazine365\\\/el-aeropuerto-de-fuerteventura-ha-recibido-este-martes-al-pasajero-5-millones-de-este-2015\\\/#webpage\"},\"isPartOf\":{\"@id\":\"https:\\\/\\\/eldigitaldeasturias.com\\\/magazine365\\\/el-aeropuerto-de-fuerteventura-ha-recibido-este-martes-al-pasajero-5-millones-de-este-2015\\\/#webpage\"},\"articleSection\":\"Noticias y Actualidad\"},{\"@type\":\"BreadcrumbList\",\"@id\":\"https:\\\/\\\/eldigitaldeasturias.com\\\/magazine365\\\/el-aeropuerto-de-fuerteventura-ha-recibido-este-martes-al-pasajero-5-millones-de-este-2015\\\/#breadcrumblist\",\"itemListElement\":[{\"@type\":\"ListItem\",\"@id\":\"https:\\\/\\\/eldigitaldeasturias.com\\\/magazine365#listItem\",\"position\":1,\"name\":\"Home\",\"item\":\"https:\\\/\\\/eldigitaldeasturias.com\\\/magazine365\",\"nextItem\":{\"@type\":\"ListItem\",\"@id\":\"https:\\\/\\\/eldigitaldeasturias.com\\\/magazine365\\\/category\\\/noticias-actualidad\\\/#listItem\",\"name\":\"Noticias y Actualidad\"}},{\"@type\":\"ListItem\",\"@id\":\"https:\\\/\\\/eldigitaldeasturias.com\\\/magazine365\\\/category\\\/noticias-actualidad\\\/#listItem\",\"position\":2,\"name\":\"Noticias y Actualidad\",\"item\":\"https:\\\/\\\/eldigitaldeasturias.com\\\/magazine365\\\/category\\\/noticias-actualidad\\\/\",\"nextItem\":{\"@type\":\"ListItem\",\"@id\":\"https:\\\/\\\/eldigitaldeasturias.com\\\/magazine365\\\/el-aeropuerto-de-fuerteventura-ha-recibido-este-martes-al-pasajero-5-millones-de-este-2015\\\/#listItem\",\"name\":\"El Aeropuerto de Fuerteventura ha recibido este martes al pasajero 5 millones de este 2015\"},\"previousItem\":{\"@type\":\"ListItem\",\"@id\":\"https:\\\/\\\/eldigitaldeasturias.com\\\/magazine365#listItem\",\"name\":\"Home\"}},{\"@type\":\"ListItem\",\"@id\":\"https:\\\/\\\/eldigitaldeasturias.com\\\/magazine365\\\/el-aeropuerto-de-fuerteventura-ha-recibido-este-martes-al-pasajero-5-millones-de-este-2015\\\/#listItem\",\"position\":3,\"name\":\"El Aeropuerto de Fuerteventura ha recibido este martes al pasajero 5 millones de este 2015\",\"previousItem\":{\"@type\":\"ListItem\",\"@id\":\"https:\\\/\\\/eldigitaldeasturias.com\\\/magazine365\\\/category\\\/noticias-actualidad\\\/#listItem\",\"name\":\"Noticias y Actualidad\"}}]},{\"@type\":\"Organization\",\"@id\":\"https:\\\/\\\/eldigitaldeasturias.com\\\/magazine365\\\/#organization\",\"name\":\"El digital de Asturias\",\"description\":\"Revista de ocio, turismo y estilo de vida\",\"url\":\"https:\\\/\\\/eldigitaldeasturias.com\\\/magazine365\\\/\",\"logo\":{\"@type\":\"ImageObject\",\"url\":\"https:\\\/\\\/www.eldigitaldeasturias.com\\\/noticias\\\/wp-content\\\/uploads\\\/2020\\\/12\\\/EDA.jpg\",\"@id\":\"https:\\\/\\\/eldigitaldeasturias.com\\\/magazine365\\\/el-aeropuerto-de-fuerteventura-ha-recibido-este-martes-al-pasajero-5-millones-de-este-2015\\\/#organizationLogo\"},\"image\":{\"@id\":\"https:\\\/\\\/eldigitaldeasturias.com\\\/magazine365\\\/el-aeropuerto-de-fuerteventura-ha-recibido-este-martes-al-pasajero-5-millones-de-este-2015\\\/#organizationLogo\"}},{\"@type\":\"Person\",\"@id\":\"https:\\\/\\\/eldigitaldeasturias.com\\\/magazine365\\\/author\\\/admin\\\/#author\",\"url\":\"https:\\\/\\\/eldigitaldeasturias.com\\\/magazine365\\\/author\\\/admin\\\/\",\"name\":\"admin\",\"image\":{\"@type\":\"ImageObject\",\"@id\":\"https:\\\/\\\/eldigitaldeasturias.com\\\/magazine365\\\/el-aeropuerto-de-fuerteventura-ha-recibido-este-martes-al-pasajero-5-millones-de-este-2015\\\/#authorImage\",\"url\":\"https:\\\/\\\/eldigitaldeasturias.com\\\/magazine365\\\/wp-content\\\/litespeed\\\/avatar\\\/e571bcf59a0edd6fa6838245a470f2fe.jpg?ver=1777574230\",\"width\":96,\"height\":96,\"caption\":\"admin\"}},{\"@type\":\"WebPage\",\"@id\":\"https:\\\/\\\/eldigitaldeasturias.com\\\/magazine365\\\/el-aeropuerto-de-fuerteventura-ha-recibido-este-martes-al-pasajero-5-millones-de-este-2015\\\/#webpage\",\"url\":\"https:\\\/\\\/eldigitaldeasturias.com\\\/magazine365\\\/el-aeropuerto-de-fuerteventura-ha-recibido-este-martes-al-pasajero-5-millones-de-este-2015\\\/\",\"name\":\"El Aeropuerto de Fuerteventura ha recibido este martes al pasajero 5 millones de este 2015 | El Digital de Asturias\",\"description\":\"El Aeropuerto de Fuerteventura ha recibido este martes al pasajero 5 millones de 2015, lo que convierte a este a\\u00f1o en el primero de la historia majorera en que se obtiene este volumen de viajeros. Seg\\u00fan informa Aena en una nota de prensa, para celebrar este acontecimiento, el director del Aeropuerto, Sergio Millanes, y el\",\"inLanguage\":\"es-ES\",\"isPartOf\":{\"@id\":\"https:\\\/\\\/eldigitaldeasturias.com\\\/magazine365\\\/#website\"},\"breadcrumb\":{\"@id\":\"https:\\\/\\\/eldigitaldeasturias.com\\\/magazine365\\\/el-aeropuerto-de-fuerteventura-ha-recibido-este-martes-al-pasajero-5-millones-de-este-2015\\\/#breadcrumblist\"},\"author\":{\"@id\":\"https:\\\/\\\/eldigitaldeasturias.com\\\/magazine365\\\/author\\\/admin\\\/#author\"},\"creator\":{\"@id\":\"https:\\\/\\\/eldigitaldeasturias.com\\\/magazine365\\\/author\\\/admin\\\/#author\"},\"image\":{\"@type\":\"ImageObject\",\"url\":\"https:\\\/\\\/eldigitaldeasturias.com\\\/magazine365\\\/wp-content\\\/uploads\\\/2015\\\/12\\\/fotonoticia_20151229181851_800.jpg\",\"@id\":\"https:\\\/\\\/eldigitaldeasturias.com\\\/magazine365\\\/el-aeropuerto-de-fuerteventura-ha-recibido-este-martes-al-pasajero-5-millones-de-este-2015\\\/#mainImage\",\"width\":800,\"height\":533},\"primaryImageOfPage\":{\"@id\":\"https:\\\/\\\/eldigitaldeasturias.com\\\/magazine365\\\/el-aeropuerto-de-fuerteventura-ha-recibido-este-martes-al-pasajero-5-millones-de-este-2015\\\/#mainImage\"},\"datePublished\":\"2015-12-30T01:08:12+01:00\",\"dateModified\":\"2015-12-30T01:08:12+01:00\"},{\"@type\":\"WebSite\",\"@id\":\"https:\\\/\\\/eldigitaldeasturias.com\\\/magazine365\\\/#website\",\"url\":\"https:\\\/\\\/eldigitaldeasturias.com\\\/magazine365\\\/\",\"name\":\"El Digital de Asturias\",\"description\":\"Revista de ocio, turismo y estilo de vida\",\"inLanguage\":\"es-ES\",\"publisher\":{\"@id\":\"https:\\\/\\\/eldigitaldeasturias.com\\\/magazine365\\\/#organization\"}}]}\n\t\t<\/script>\n\t\t<!-- All in One SEO Pro -->\r\n\t\t<title>El Aeropuerto de Fuerteventura ha recibido este martes al pasajero 5 millones de este 2015 | El Digital de Asturias<\/title>\n\n","aioseo_head_json":{"title":"El Aeropuerto de Fuerteventura ha recibido este martes al pasajero 5 millones de este 2015 | El Digital de Asturias","description":"El Aeropuerto de Fuerteventura ha recibido este martes al pasajero 5 millones de 2015, lo que convierte a este a\u00f1o en el primero de la historia majorera en que se obtiene este volumen de viajeros. Seg\u00fan informa Aena en una nota de prensa, para celebrar este acontecimiento, el director del Aeropuerto, Sergio Millanes, y el","canonical_url":"https:\/\/eldigitaldeasturias.com\/magazine365\/el-aeropuerto-de-fuerteventura-ha-recibido-este-martes-al-pasajero-5-millones-de-este-2015\/","robots":"max-image-preview:large","keywords":"noticias y actualidad","webmasterTools":{"google-site-verification":"UA-38556648-1","miscellaneous":""},"schema":{"@context":"https:\/\/schema.org","@graph":[{"@type":"Article","@id":"https:\/\/eldigitaldeasturias.com\/magazine365\/el-aeropuerto-de-fuerteventura-ha-recibido-este-martes-al-pasajero-5-millones-de-este-2015\/#article","name":"El Aeropuerto de Fuerteventura ha recibido este martes al pasajero 5 millones de este 2015 | El Digital de Asturias","headline":"El Aeropuerto de Fuerteventura ha recibido este martes al pasajero 5 millones de este 2015","author":{"@id":"https:\/\/eldigitaldeasturias.com\/magazine365\/author\/admin\/#author"},"publisher":{"@id":"https:\/\/eldigitaldeasturias.com\/magazine365\/#organization"},"image":{"@type":"ImageObject","url":"https:\/\/eldigitaldeasturias.com\/magazine365\/wp-content\/uploads\/2015\/12\/fotonoticia_20151229181851_800.jpg","width":800,"height":533},"datePublished":"2015-12-30T01:08:12+01:00","dateModified":"2015-12-30T01:08:12+01:00","inLanguage":"es-ES","mainEntityOfPage":{"@id":"https:\/\/eldigitaldeasturias.com\/magazine365\/el-aeropuerto-de-fuerteventura-ha-recibido-este-martes-al-pasajero-5-millones-de-este-2015\/#webpage"},"isPartOf":{"@id":"https:\/\/eldigitaldeasturias.com\/magazine365\/el-aeropuerto-de-fuerteventura-ha-recibido-este-martes-al-pasajero-5-millones-de-este-2015\/#webpage"},"articleSection":"Noticias y Actualidad"},{"@type":"BreadcrumbList","@id":"https:\/\/eldigitaldeasturias.com\/magazine365\/el-aeropuerto-de-fuerteventura-ha-recibido-este-martes-al-pasajero-5-millones-de-este-2015\/#breadcrumblist","itemListElement":[{"@type":"ListItem","@id":"https:\/\/eldigitaldeasturias.com\/magazine365#listItem","position":1,"name":"Home","item":"https:\/\/eldigitaldeasturias.com\/magazine365","nextItem":{"@type":"ListItem","@id":"https:\/\/eldigitaldeasturias.com\/magazine365\/category\/noticias-actualidad\/#listItem","name":"Noticias y Actualidad"}},{"@type":"ListItem","@id":"https:\/\/eldigitaldeasturias.com\/magazine365\/category\/noticias-actualidad\/#listItem","position":2,"name":"Noticias y Actualidad","item":"https:\/\/eldigitaldeasturias.com\/magazine365\/category\/noticias-actualidad\/","nextItem":{"@type":"ListItem","@id":"https:\/\/eldigitaldeasturias.com\/magazine365\/el-aeropuerto-de-fuerteventura-ha-recibido-este-martes-al-pasajero-5-millones-de-este-2015\/#listItem","name":"El Aeropuerto de Fuerteventura ha recibido este martes al pasajero 5 millones de este 2015"},"previousItem":{"@type":"ListItem","@id":"https:\/\/eldigitaldeasturias.com\/magazine365#listItem","name":"Home"}},{"@type":"ListItem","@id":"https:\/\/eldigitaldeasturias.com\/magazine365\/el-aeropuerto-de-fuerteventura-ha-recibido-este-martes-al-pasajero-5-millones-de-este-2015\/#listItem","position":3,"name":"El Aeropuerto de Fuerteventura ha recibido este martes al pasajero 5 millones de este 2015","previousItem":{"@type":"ListItem","@id":"https:\/\/eldigitaldeasturias.com\/magazine365\/category\/noticias-actualidad\/#listItem","name":"Noticias y Actualidad"}}]},{"@type":"Organization","@id":"https:\/\/eldigitaldeasturias.com\/magazine365\/#organization","name":"El digital de Asturias","description":"Revista de ocio, turismo y estilo de vida","url":"https:\/\/eldigitaldeasturias.com\/magazine365\/","logo":{"@type":"ImageObject","url":"https:\/\/www.eldigitaldeasturias.com\/noticias\/wp-content\/uploads\/2020\/12\/EDA.jpg","@id":"https:\/\/eldigitaldeasturias.com\/magazine365\/el-aeropuerto-de-fuerteventura-ha-recibido-este-martes-al-pasajero-5-millones-de-este-2015\/#organizationLogo"},"image":{"@id":"https:\/\/eldigitaldeasturias.com\/magazine365\/el-aeropuerto-de-fuerteventura-ha-recibido-este-martes-al-pasajero-5-millones-de-este-2015\/#organizationLogo"}},{"@type":"Person","@id":"https:\/\/eldigitaldeasturias.com\/magazine365\/author\/admin\/#author","url":"https:\/\/eldigitaldeasturias.com\/magazine365\/author\/admin\/","name":"admin","image":{"@type":"ImageObject","@id":"https:\/\/eldigitaldeasturias.com\/magazine365\/el-aeropuerto-de-fuerteventura-ha-recibido-este-martes-al-pasajero-5-millones-de-este-2015\/#authorImage","url":"https:\/\/eldigitaldeasturias.com\/magazine365\/wp-content\/litespeed\/avatar\/e571bcf59a0edd6fa6838245a470f2fe.jpg?ver=1777574230","width":96,"height":96,"caption":"admin"}},{"@type":"WebPage","@id":"https:\/\/eldigitaldeasturias.com\/magazine365\/el-aeropuerto-de-fuerteventura-ha-recibido-este-martes-al-pasajero-5-millones-de-este-2015\/#webpage","url":"https:\/\/eldigitaldeasturias.com\/magazine365\/el-aeropuerto-de-fuerteventura-ha-recibido-este-martes-al-pasajero-5-millones-de-este-2015\/","name":"El Aeropuerto de Fuerteventura ha recibido este martes al pasajero 5 millones de este 2015 | El Digital de Asturias","description":"El Aeropuerto de Fuerteventura ha recibido este martes al pasajero 5 millones de 2015, lo que convierte a este a\u00f1o en el primero de la historia majorera en que se obtiene este volumen de viajeros. Seg\u00fan informa Aena en una nota de prensa, para celebrar este acontecimiento, el director del Aeropuerto, Sergio Millanes, y el","inLanguage":"es-ES","isPartOf":{"@id":"https:\/\/eldigitaldeasturias.com\/magazine365\/#website"},"breadcrumb":{"@id":"https:\/\/eldigitaldeasturias.com\/magazine365\/el-aeropuerto-de-fuerteventura-ha-recibido-este-martes-al-pasajero-5-millones-de-este-2015\/#breadcrumblist"},"author":{"@id":"https:\/\/eldigitaldeasturias.com\/magazine365\/author\/admin\/#author"},"creator":{"@id":"https:\/\/eldigitaldeasturias.com\/magazine365\/author\/admin\/#author"},"image":{"@type":"ImageObject","url":"https:\/\/eldigitaldeasturias.com\/magazine365\/wp-content\/uploads\/2015\/12\/fotonoticia_20151229181851_800.jpg","@id":"https:\/\/eldigitaldeasturias.com\/magazine365\/el-aeropuerto-de-fuerteventura-ha-recibido-este-martes-al-pasajero-5-millones-de-este-2015\/#mainImage","width":800,"height":533},"primaryImageOfPage":{"@id":"https:\/\/eldigitaldeasturias.com\/magazine365\/el-aeropuerto-de-fuerteventura-ha-recibido-este-martes-al-pasajero-5-millones-de-este-2015\/#mainImage"},"datePublished":"2015-12-30T01:08:12+01:00","dateModified":"2015-12-30T01:08:12+01:00"},{"@type":"WebSite","@id":"https:\/\/eldigitaldeasturias.com\/magazine365\/#website","url":"https:\/\/eldigitaldeasturias.com\/magazine365\/","name":"El Digital de Asturias","description":"Revista de ocio, turismo y estilo de vida","inLanguage":"es-ES","publisher":{"@id":"https:\/\/eldigitaldeasturias.com\/magazine365\/#organization"}}]},"og:locale":"es_ES","og:site_name":"El Digital de Asturias \u2013 Revista de ocio, turismo y estilo de vida","og:type":"article","og:title":"El Aeropuerto de Fuerteventura ha recibido este martes al pasajero 5 millones de este 2015 | El Digital de Asturias","og:description":"El Aeropuerto de Fuerteventura ha recibido este martes al pasajero 5 millones de 2015, lo que convierte a este a\u00f1o en el primero de la historia majorera en que se obtiene este volumen de viajeros. Seg\u00fan informa Aena en una nota de prensa, para celebrar este acontecimiento, el director del Aeropuerto, Sergio Millanes, y el","og:url":"https:\/\/eldigitaldeasturias.com\/magazine365\/el-aeropuerto-de-fuerteventura-ha-recibido-este-martes-al-pasajero-5-millones-de-este-2015\/","og:image":"https:\/\/eldigitaldeasturias.com\/magazine365\/wp-content\/uploads\/2015\/12\/fotonoticia_20151229181851_800.jpg","og:image:secure_url":"https:\/\/eldigitaldeasturias.com\/magazine365\/wp-content\/uploads\/2015\/12\/fotonoticia_20151229181851_800.jpg","og:image:width":800,"og:image:height":533,"article:published_time":"2015-12-30T00:08:12+00:00","article:modified_time":"2015-12-30T00:08:12+00:00","twitter:card":"summary_large_image","twitter:title":"El Aeropuerto de Fuerteventura ha recibido este martes al pasajero 5 millones de este 2015 | El Digital de Asturias","twitter:description":"El Aeropuerto de Fuerteventura ha recibido este martes al pasajero 5 millones de 2015, lo que convierte a este a\u00f1o en el primero de la historia majorera en que se obtiene este volumen de viajeros. Seg\u00fan informa Aena en una nota de prensa, para celebrar este acontecimiento, el director del Aeropuerto, Sergio Millanes, y el","twitter:image":"https:\/\/eldigitaldeasturias.com\/magazine365\/wp-content\/uploads\/2015\/12\/fotonoticia_20151229181851_800.jpg"},"aioseo_meta_data":{"post_id":"59506","title":null,"description":null,"keywords":null,"keyphrases":null,"primary_term":null,"canonical_url":null,"og_title":null,"og_description":null,"og_object_type":"default","og_image_type":"default","og_image_url":null,"og_image_width":null,"og_image_height":null,"og_image_custom_url":null,"og_image_custom_fields":null,"og_video":null,"og_custom_url":null,"og_article_section":null,"og_article_tags":null,"twitter_use_og":false,"twitter_card":"default","twitter_image_type":"default","twitter_image_url":null,"twitter_image_custom_url":null,"twitter_image_custom_fields":null,"twitter_title":null,"twitter_description":null,"schema":{"blockGraphs":[],"customGraphs":[],"default":{"data":{"Article":[],"Course":[],"Dataset":[],"FAQPage":[],"Movie":[],"Person":[],"Product":[],"ProductReview":[],"Car":[],"Recipe":[],"Service":[],"SoftwareApplication":[],"WebPage":[]},"graphName":"","isEnabled":true},"graphs":[]},"schema_type":null,"schema_type_options":null,"pillar_content":false,"robots_default":true,"robots_noindex":false,"robots_noarchive":false,"robots_nosnippet":false,"robots_nofollow":false,"robots_noimageindex":false,"robots_noodp":false,"robots_notranslate":false,"robots_max_snippet":null,"robots_max_videopreview":null,"robots_max_imagepreview":"large","priority":null,"frequency":null,"location":null,"local_seo":null,"seo_analyzer_scan_date":"2025-09-25 05:04:55","breadcrumb_settings":null,"limit_modified_date":false,"open_ai":null,"ai":null,"created":"2021-03-08 15:30:35","updated":"2025-09-25 05:04:55"},"aioseo_breadcrumb":"<div class=\"aioseo-breadcrumbs\"><span class=\"aioseo-breadcrumb\">\n\t<a href=\"https:\/\/eldigitaldeasturias.com\/magazine365\" title=\"Home\">Home<\/a>\n<\/span><span class=\"aioseo-breadcrumb-separator\">\u2013<\/span><span class=\"aioseo-breadcrumb\">\n\t<a href=\"https:\/\/eldigitaldeasturias.com\/magazine365\/category\/noticias-actualidad\/\" title=\"Noticias y Actualidad\">Noticias y Actualidad<\/a>\n<\/span><span class=\"aioseo-breadcrumb-separator\">\u2013<\/span><span class=\"aioseo-breadcrumb\">\n\t<a href=\"https:\/\/eldigitaldeasturias.com\/magazine365\/el-aeropuerto-de-fuerteventura-ha-recibido-este-martes-al-pasajero-5-millones-de-este-2015\/\" title=\"El Aeropuerto de Fuerteventura ha recibido este martes al pasajero 5 millones de este 2015\">El Aeropuerto de Fuerteventura ha recibido este martes al pasajero 5 millones de este 2015<\/a>\n<\/span><\/div>","aioseo_breadcrumb_json":[{"label":"Home","link":"https:\/\/eldigitaldeasturias.com\/magazine365"},{"label":"Noticias y Actualidad","link":"https:\/\/eldigitaldeasturias.com\/magazine365\/category\/noticias-actualidad\/"},{"label":"El Aeropuerto de Fuerteventura ha recibido este martes al pasajero 5 millones de este 2015","link":"https:\/\/eldigitaldeasturias.com\/magazine365\/el-aeropuerto-de-fuerteventura-ha-recibido-este-martes-al-pasajero-5-millones-de-este-2015\/"}],"_links":{"self":[{"href":"https:\/\/eldigitaldeasturias.com\/magazine365\/wp-json\/wp\/v2\/posts\/59506","targetHints":{"allow":["GET"]}}],"collection":[{"href":"https:\/\/eldigitaldeasturias.com\/magazine365\/wp-json\/wp\/v2\/posts"}],"about":[{"href":"https:\/\/eldigitaldeasturias.com\/magazine365\/wp-json\/wp\/v2\/types\/post"}],"author":[{"embeddable":true,"href":"https:\/\/eldigitaldeasturias.com\/magazine365\/wp-json\/wp\/v2\/users\/1"}],"replies":[{"embeddable":true,"href":"https:\/\/eldigitaldeasturias.com\/magazine365\/wp-json\/wp\/v2\/comments?post=59506"}],"version-history":[{"count":0,"href":"https:\/\/eldigitaldeasturias.com\/magazine365\/wp-json\/wp\/v2\/posts\/59506\/revisions"}],"wp:featuredmedia":[{"embeddable":true,"href":"https:\/\/eldigitaldeasturias.com\/magazine365\/wp-json\/wp\/v2\/media\/59507"}],"wp:attachment":[{"href":"https:\/\/eldigitaldeasturias.com\/magazine365\/wp-json\/wp\/v2\/media?parent=59506"}],"wp:term":[{"taxonomy":"category","embeddable":true,"href":"https:\/\/eldigitaldeasturias.com\/magazine365\/wp-json\/wp\/v2\/categories?post=59506"},{"taxonomy":"post_tag","embeddable":true,"href":"https:\/\/eldigitaldeasturias.com\/magazine365\/wp-json\/wp\/v2\/tags?post=59506"}],"curies":[{"name":"wp","href":"https:\/\/api.w.org\/{rel}","templated":true}]}}