{"id":59488,"date":"2015-12-30T00:49:49","date_gmt":"2015-12-29T23:49:49","guid":{"rendered":"http:\/\/eldigitaldeasturias.com\/magazine365\/?p=59488"},"modified":"2015-12-30T00:49:49","modified_gmt":"2015-12-29T23:49:49","slug":"firmado-el-convenio-para-la-apertura-de-la-torre-del-palacio-de-las-ciguenas-de-caceres","status":"publish","type":"post","link":"https:\/\/eldigitaldeasturias.com\/magazine365\/firmado-el-convenio-para-la-apertura-de-la-torre-del-palacio-de-las-ciguenas-de-caceres\/","title":{"rendered":"Firmado el convenio para la apertura de la torre del Palacio de las Cig\u00fce\u00f1as de C\u00e1ceres"},"content":{"rendered":"<p><img fetchpriority=\"high\" decoding=\"async\" class=\"alignleft size-medium wp-image-59489\" src=\"https:\/\/eldigitaldeasturias.com\/magazine365\/wp-content\/uploads\/2015\/12\/fotonoticia_20151229154029_800-360x270.jpg\" alt=\"fotonoticia_20151229154029_800\" width=\"360\" height=\"270\" srcset=\"https:\/\/eldigitaldeasturias.com\/magazine365\/wp-content\/uploads\/2015\/12\/fotonoticia_20151229154029_800-360x270.jpg 360w, https:\/\/eldigitaldeasturias.com\/magazine365\/wp-content\/uploads\/2015\/12\/fotonoticia_20151229154029_800-650x488.jpg 650w, https:\/\/eldigitaldeasturias.com\/magazine365\/wp-content\/uploads\/2015\/12\/fotonoticia_20151229154029_800-768x576.jpg 768w, https:\/\/eldigitaldeasturias.com\/magazine365\/wp-content\/uploads\/2015\/12\/fotonoticia_20151229154029_800-150x113.jpg 150w, https:\/\/eldigitaldeasturias.com\/magazine365\/wp-content\/uploads\/2015\/12\/fotonoticia_20151229154029_800-450x338.jpg 450w, https:\/\/eldigitaldeasturias.com\/magazine365\/wp-content\/uploads\/2015\/12\/fotonoticia_20151229154029_800-80x60.jpg 80w, https:\/\/eldigitaldeasturias.com\/magazine365\/wp-content\/uploads\/2015\/12\/fotonoticia_20151229154029_800-265x198.jpg 265w, https:\/\/eldigitaldeasturias.com\/magazine365\/wp-content\/uploads\/2015\/12\/fotonoticia_20151229154029_800-696x522.jpg 696w, https:\/\/eldigitaldeasturias.com\/magazine365\/wp-content\/uploads\/2015\/12\/fotonoticia_20151229154029_800-560x420.jpg 560w, https:\/\/eldigitaldeasturias.com\/magazine365\/wp-content\/uploads\/2015\/12\/fotonoticia_20151229154029_800-90x67.jpg 90w, https:\/\/eldigitaldeasturias.com\/magazine365\/wp-content\/uploads\/2015\/12\/fotonoticia_20151229154029_800-164x124.jpg 164w, https:\/\/eldigitaldeasturias.com\/magazine365\/wp-content\/uploads\/2015\/12\/fotonoticia_20151229154029_800-100x75.jpg 100w, https:\/\/eldigitaldeasturias.com\/magazine365\/wp-content\/uploads\/2015\/12\/fotonoticia_20151229154029_800.jpg 800w\" sizes=\"(max-width: 360px) 100vw, 360px\" \/>El Ministerio de Defensa, el Ayuntamiento de C\u00e1ceres y el Consorcio C\u00e1ceres Ciudad Hist\u00f3rica han firmado este martes el convenio de colaboraci\u00f3n entre ambas entidades para la apertura al p\u00fablico de la torre del Palacio de las Cig\u00fce\u00f1as de la capital cacere\u00f1a.<\/p>\n<p>La alcaldesa de C\u00e1ceres y presidenta del Consorcio C\u00e1ceres Ciudad Hist\u00f3rica, Elena Nevado; el director del Consorcio, Javier Sellers; y el coronel Jos\u00e9 Mar\u00eda Iglesias, han ratificado esta ma\u00f1ana el convenio que fue aprobado en su d\u00eda por todas las partes y que pretende realizar unas obras de adecuaci\u00f3n para la \u00abapertura al uso tur\u00edstico\u00bb del espacio.<\/p>\n<p>En concreto, dicho convenio regula el proyecto que define las obras de reforma, la tramitaci\u00f3n y ejecuci\u00f3n de las mismas, as\u00ed como la explotaci\u00f3n posterior como destino tur\u00edstico convencional.<\/p>\n<p>Seg\u00fan se indica en el convenio suscrito, el proyecto de adecuaci\u00f3n y acondicionamiento de las instalaciones de la torre del Palacio de las Cig\u00fce\u00f1as contar\u00e1 con un presupuesto de 49.998 euros, IVA incluido, que ser\u00e1 asumido por el Consorcio C\u00e1ceres Ciudad Hist\u00f3rica.<\/p>\n<p>Asimismo, seg\u00fan informa el Ayuntamiento cacere\u00f1o en nota de prensa, el Consistorio se encargar\u00e1 de los costes de funcionamiento y mantenimiento del espacio objeto del convenio como, por ejemplo, la limpieza.<\/p>\n<p><strong>SALTO CUALITATIVO<\/strong><\/p>\n<p>Seg\u00fan ha destacado Elena Nevado, con este convenio se dar\u00e1 \u00abun salto cualitativo en la oferta tur\u00edstica de C\u00e1ceres\u00bb, puesto que tanto la est\u00e9tica como la situaci\u00f3n estrat\u00e9gica hacen de la torre del Palacio de las Cig\u00fce\u00f1as un\u00bb lugar \u00fanico\u00bb para contemplar desde una \u00abvista privilegiada\u00bb la ciudad monumental, considera<\/p>\n<p>Adem\u00e1s, Nevado ha querido destacar la \u00abbuena predisposici\u00f3n\u00bb del Ministerio de Defensa en fomentar las actividades relacionadas con la cultura y en este caso concreto en permitir que una torre tan \u00abatractiva\u00bb se pueda abrir a todo el mundo.<\/p>\n<p>Para la alcaldesa de C\u00e1ceres se trata de un acuerdo \u00abde gran importancia\u00bb ya que para la capital cacere\u00f1a es \u00abun activo\u00bb poder hacer visitable dicho espacio ya que, a su juicio, \u00abpermite seguir ampliando la oferta a los turistas que vienen a la ciudad\u00bb.<\/p>\n","protected":false},"excerpt":{"rendered":"<p>El Ministerio de Defensa, el Ayuntamiento de C\u00e1ceres y el Consorcio C\u00e1ceres Ciudad Hist\u00f3rica han firmado este martes el convenio de colaboraci\u00f3n entre ambas entidades para la apertura al p\u00fablico de la torre del Palacio de las Cig\u00fce\u00f1as de la capital cacere\u00f1a. La alcaldesa de C\u00e1ceres y presidenta del Consorcio C\u00e1ceres Ciudad Hist\u00f3rica, Elena Nevado;<\/p>\n","protected":false},"author":1,"featured_media":59489,"comment_status":"open","ping_status":"closed","sticky":false,"template":"","format":"standard","meta":{"footnotes":""},"categories":[224],"tags":[],"class_list":{"0":"post-59488","1":"post","2":"type-post","3":"status-publish","4":"format-standard","5":"has-post-thumbnail","7":"category-noticias-actualidad"},"aioseo_notices":[],"aioseo_head":"\n\t\t<!-- All in One SEO Pro 4.9.6.1 - aioseo.com -->\n\t<meta name=\"description\" content=\"El Ministerio de Defensa, el Ayuntamiento de C\u00e1ceres y el Consorcio C\u00e1ceres Ciudad Hist\u00f3rica han firmado este martes el convenio de colaboraci\u00f3n entre ambas entidades para la apertura al p\u00fablico de la torre del Palacio de las Cig\u00fce\u00f1as de la capital cacere\u00f1a. La alcaldesa de C\u00e1ceres y presidenta del Consorcio C\u00e1ceres Ciudad Hist\u00f3rica, Elena Nevado;\" \/>\n\t<meta name=\"robots\" content=\"max-image-preview:large\" \/>\n\t<meta name=\"author\" content=\"admin\"\/>\n\t<meta name=\"google-site-verification\" content=\"UA-38556648-1\" \/>\n\t<meta name=\"keywords\" content=\"noticias y actualidad\" \/>\n\t<link rel=\"canonical\" href=\"https:\/\/eldigitaldeasturias.com\/magazine365\/firmado-el-convenio-para-la-apertura-de-la-torre-del-palacio-de-las-ciguenas-de-caceres\/\" \/>\n\t<meta name=\"generator\" content=\"All in One SEO Pro (AIOSEO) 4.9.6.1\" \/>\n\t\t<meta property=\"og:locale\" content=\"es_ES\" \/>\n\t\t<meta property=\"og:site_name\" content=\"El Digital de Asturias \u2013 Revista de ocio, turismo y estilo de vida\" \/>\n\t\t<meta property=\"og:type\" content=\"article\" \/>\n\t\t<meta property=\"og:title\" content=\"Firmado el convenio para la apertura de la torre del Palacio de las Cig\u00fce\u00f1as de C\u00e1ceres | El Digital de Asturias\" \/>\n\t\t<meta property=\"og:description\" content=\"El Ministerio de Defensa, el Ayuntamiento de C\u00e1ceres y el Consorcio C\u00e1ceres Ciudad Hist\u00f3rica han firmado este martes el convenio de colaboraci\u00f3n entre ambas entidades para la apertura al p\u00fablico de la torre del Palacio de las Cig\u00fce\u00f1as de la capital cacere\u00f1a. La alcaldesa de C\u00e1ceres y presidenta del Consorcio C\u00e1ceres Ciudad Hist\u00f3rica, Elena Nevado;\" \/>\n\t\t<meta property=\"og:url\" content=\"https:\/\/eldigitaldeasturias.com\/magazine365\/firmado-el-convenio-para-la-apertura-de-la-torre-del-palacio-de-las-ciguenas-de-caceres\/\" \/>\n\t\t<meta property=\"og:image\" content=\"https:\/\/eldigitaldeasturias.com\/magazine365\/wp-content\/uploads\/2015\/12\/fotonoticia_20151229154029_800.jpg\" \/>\n\t\t<meta property=\"og:image:secure_url\" content=\"https:\/\/eldigitaldeasturias.com\/magazine365\/wp-content\/uploads\/2015\/12\/fotonoticia_20151229154029_800.jpg\" \/>\n\t\t<meta property=\"og:image:width\" content=\"800\" \/>\n\t\t<meta property=\"og:image:height\" content=\"600\" \/>\n\t\t<meta property=\"article:published_time\" content=\"2015-12-29T23:49:49+00:00\" \/>\n\t\t<meta property=\"article:modified_time\" content=\"2015-12-29T23:49:49+00:00\" \/>\n\t\t<meta name=\"twitter:card\" content=\"summary_large_image\" \/>\n\t\t<meta name=\"twitter:title\" content=\"Firmado el convenio para la apertura de la torre del Palacio de las Cig\u00fce\u00f1as de C\u00e1ceres | El Digital de Asturias\" \/>\n\t\t<meta name=\"twitter:description\" content=\"El Ministerio de Defensa, el Ayuntamiento de C\u00e1ceres y el Consorcio C\u00e1ceres Ciudad Hist\u00f3rica han firmado este martes el convenio de colaboraci\u00f3n entre ambas entidades para la apertura al p\u00fablico de la torre del Palacio de las Cig\u00fce\u00f1as de la capital cacere\u00f1a. La alcaldesa de C\u00e1ceres y presidenta del Consorcio C\u00e1ceres Ciudad Hist\u00f3rica, Elena Nevado;\" \/>\n\t\t<meta name=\"twitter:image\" content=\"https:\/\/eldigitaldeasturias.com\/magazine365\/wp-content\/uploads\/2015\/12\/fotonoticia_20151229154029_800.jpg\" \/>\n\t\t<script type=\"application\/ld+json\" class=\"aioseo-schema\">\n\t\t\t{\"@context\":\"https:\\\/\\\/schema.org\",\"@graph\":[{\"@type\":\"Article\",\"@id\":\"https:\\\/\\\/eldigitaldeasturias.com\\\/magazine365\\\/firmado-el-convenio-para-la-apertura-de-la-torre-del-palacio-de-las-ciguenas-de-caceres\\\/#article\",\"name\":\"Firmado el convenio para la apertura de la torre del Palacio de las Cig\\u00fce\\u00f1as de C\\u00e1ceres | El Digital de Asturias\",\"headline\":\"Firmado el convenio para la apertura de la torre del Palacio de las Cig\\u00fce\\u00f1as de C\\u00e1ceres\",\"author\":{\"@id\":\"https:\\\/\\\/eldigitaldeasturias.com\\\/magazine365\\\/author\\\/admin\\\/#author\"},\"publisher\":{\"@id\":\"https:\\\/\\\/eldigitaldeasturias.com\\\/magazine365\\\/#organization\"},\"image\":{\"@type\":\"ImageObject\",\"url\":\"https:\\\/\\\/eldigitaldeasturias.com\\\/magazine365\\\/wp-content\\\/uploads\\\/2015\\\/12\\\/fotonoticia_20151229154029_800.jpg\",\"width\":800,\"height\":600},\"datePublished\":\"2015-12-30T00:49:49+01:00\",\"dateModified\":\"2015-12-30T00:49:49+01:00\",\"inLanguage\":\"es-ES\",\"mainEntityOfPage\":{\"@id\":\"https:\\\/\\\/eldigitaldeasturias.com\\\/magazine365\\\/firmado-el-convenio-para-la-apertura-de-la-torre-del-palacio-de-las-ciguenas-de-caceres\\\/#webpage\"},\"isPartOf\":{\"@id\":\"https:\\\/\\\/eldigitaldeasturias.com\\\/magazine365\\\/firmado-el-convenio-para-la-apertura-de-la-torre-del-palacio-de-las-ciguenas-de-caceres\\\/#webpage\"},\"articleSection\":\"Noticias y Actualidad\"},{\"@type\":\"BreadcrumbList\",\"@id\":\"https:\\\/\\\/eldigitaldeasturias.com\\\/magazine365\\\/firmado-el-convenio-para-la-apertura-de-la-torre-del-palacio-de-las-ciguenas-de-caceres\\\/#breadcrumblist\",\"itemListElement\":[{\"@type\":\"ListItem\",\"@id\":\"https:\\\/\\\/eldigitaldeasturias.com\\\/magazine365#listItem\",\"position\":1,\"name\":\"Home\",\"item\":\"https:\\\/\\\/eldigitaldeasturias.com\\\/magazine365\",\"nextItem\":{\"@type\":\"ListItem\",\"@id\":\"https:\\\/\\\/eldigitaldeasturias.com\\\/magazine365\\\/category\\\/noticias-actualidad\\\/#listItem\",\"name\":\"Noticias y Actualidad\"}},{\"@type\":\"ListItem\",\"@id\":\"https:\\\/\\\/eldigitaldeasturias.com\\\/magazine365\\\/category\\\/noticias-actualidad\\\/#listItem\",\"position\":2,\"name\":\"Noticias y Actualidad\",\"item\":\"https:\\\/\\\/eldigitaldeasturias.com\\\/magazine365\\\/category\\\/noticias-actualidad\\\/\",\"nextItem\":{\"@type\":\"ListItem\",\"@id\":\"https:\\\/\\\/eldigitaldeasturias.com\\\/magazine365\\\/firmado-el-convenio-para-la-apertura-de-la-torre-del-palacio-de-las-ciguenas-de-caceres\\\/#listItem\",\"name\":\"Firmado el convenio para la apertura de la torre del Palacio de las Cig\\u00fce\\u00f1as de C\\u00e1ceres\"},\"previousItem\":{\"@type\":\"ListItem\",\"@id\":\"https:\\\/\\\/eldigitaldeasturias.com\\\/magazine365#listItem\",\"name\":\"Home\"}},{\"@type\":\"ListItem\",\"@id\":\"https:\\\/\\\/eldigitaldeasturias.com\\\/magazine365\\\/firmado-el-convenio-para-la-apertura-de-la-torre-del-palacio-de-las-ciguenas-de-caceres\\\/#listItem\",\"position\":3,\"name\":\"Firmado el convenio para la apertura de la torre del Palacio de las Cig\\u00fce\\u00f1as de C\\u00e1ceres\",\"previousItem\":{\"@type\":\"ListItem\",\"@id\":\"https:\\\/\\\/eldigitaldeasturias.com\\\/magazine365\\\/category\\\/noticias-actualidad\\\/#listItem\",\"name\":\"Noticias y Actualidad\"}}]},{\"@type\":\"Organization\",\"@id\":\"https:\\\/\\\/eldigitaldeasturias.com\\\/magazine365\\\/#organization\",\"name\":\"El digital de Asturias\",\"description\":\"Revista de ocio, turismo y estilo de vida\",\"url\":\"https:\\\/\\\/eldigitaldeasturias.com\\\/magazine365\\\/\",\"logo\":{\"@type\":\"ImageObject\",\"url\":\"https:\\\/\\\/www.eldigitaldeasturias.com\\\/noticias\\\/wp-content\\\/uploads\\\/2020\\\/12\\\/EDA.jpg\",\"@id\":\"https:\\\/\\\/eldigitaldeasturias.com\\\/magazine365\\\/firmado-el-convenio-para-la-apertura-de-la-torre-del-palacio-de-las-ciguenas-de-caceres\\\/#organizationLogo\"},\"image\":{\"@id\":\"https:\\\/\\\/eldigitaldeasturias.com\\\/magazine365\\\/firmado-el-convenio-para-la-apertura-de-la-torre-del-palacio-de-las-ciguenas-de-caceres\\\/#organizationLogo\"}},{\"@type\":\"Person\",\"@id\":\"https:\\\/\\\/eldigitaldeasturias.com\\\/magazine365\\\/author\\\/admin\\\/#author\",\"url\":\"https:\\\/\\\/eldigitaldeasturias.com\\\/magazine365\\\/author\\\/admin\\\/\",\"name\":\"admin\",\"image\":{\"@type\":\"ImageObject\",\"@id\":\"https:\\\/\\\/eldigitaldeasturias.com\\\/magazine365\\\/firmado-el-convenio-para-la-apertura-de-la-torre-del-palacio-de-las-ciguenas-de-caceres\\\/#authorImage\",\"url\":\"https:\\\/\\\/eldigitaldeasturias.com\\\/magazine365\\\/wp-content\\\/litespeed\\\/avatar\\\/e571bcf59a0edd6fa6838245a470f2fe.jpg?ver=1777574230\",\"width\":96,\"height\":96,\"caption\":\"admin\"}},{\"@type\":\"WebPage\",\"@id\":\"https:\\\/\\\/eldigitaldeasturias.com\\\/magazine365\\\/firmado-el-convenio-para-la-apertura-de-la-torre-del-palacio-de-las-ciguenas-de-caceres\\\/#webpage\",\"url\":\"https:\\\/\\\/eldigitaldeasturias.com\\\/magazine365\\\/firmado-el-convenio-para-la-apertura-de-la-torre-del-palacio-de-las-ciguenas-de-caceres\\\/\",\"name\":\"Firmado el convenio para la apertura de la torre del Palacio de las Cig\\u00fce\\u00f1as de C\\u00e1ceres | El Digital de Asturias\",\"description\":\"El Ministerio de Defensa, el Ayuntamiento de C\\u00e1ceres y el Consorcio C\\u00e1ceres Ciudad Hist\\u00f3rica han firmado este martes el convenio de colaboraci\\u00f3n entre ambas entidades para la apertura al p\\u00fablico de la torre del Palacio de las Cig\\u00fce\\u00f1as de la capital cacere\\u00f1a. La alcaldesa de C\\u00e1ceres y presidenta del Consorcio C\\u00e1ceres Ciudad Hist\\u00f3rica, Elena Nevado;\",\"inLanguage\":\"es-ES\",\"isPartOf\":{\"@id\":\"https:\\\/\\\/eldigitaldeasturias.com\\\/magazine365\\\/#website\"},\"breadcrumb\":{\"@id\":\"https:\\\/\\\/eldigitaldeasturias.com\\\/magazine365\\\/firmado-el-convenio-para-la-apertura-de-la-torre-del-palacio-de-las-ciguenas-de-caceres\\\/#breadcrumblist\"},\"author\":{\"@id\":\"https:\\\/\\\/eldigitaldeasturias.com\\\/magazine365\\\/author\\\/admin\\\/#author\"},\"creator\":{\"@id\":\"https:\\\/\\\/eldigitaldeasturias.com\\\/magazine365\\\/author\\\/admin\\\/#author\"},\"image\":{\"@type\":\"ImageObject\",\"url\":\"https:\\\/\\\/eldigitaldeasturias.com\\\/magazine365\\\/wp-content\\\/uploads\\\/2015\\\/12\\\/fotonoticia_20151229154029_800.jpg\",\"@id\":\"https:\\\/\\\/eldigitaldeasturias.com\\\/magazine365\\\/firmado-el-convenio-para-la-apertura-de-la-torre-del-palacio-de-las-ciguenas-de-caceres\\\/#mainImage\",\"width\":800,\"height\":600},\"primaryImageOfPage\":{\"@id\":\"https:\\\/\\\/eldigitaldeasturias.com\\\/magazine365\\\/firmado-el-convenio-para-la-apertura-de-la-torre-del-palacio-de-las-ciguenas-de-caceres\\\/#mainImage\"},\"datePublished\":\"2015-12-30T00:49:49+01:00\",\"dateModified\":\"2015-12-30T00:49:49+01:00\"},{\"@type\":\"WebSite\",\"@id\":\"https:\\\/\\\/eldigitaldeasturias.com\\\/magazine365\\\/#website\",\"url\":\"https:\\\/\\\/eldigitaldeasturias.com\\\/magazine365\\\/\",\"name\":\"El Digital de Asturias\",\"description\":\"Revista de ocio, turismo y estilo de vida\",\"inLanguage\":\"es-ES\",\"publisher\":{\"@id\":\"https:\\\/\\\/eldigitaldeasturias.com\\\/magazine365\\\/#organization\"}}]}\n\t\t<\/script>\n\t\t<!-- All in One SEO Pro -->\r\n\t\t<title>Firmado el convenio para la apertura de la torre del Palacio de las Cig\u00fce\u00f1as de C\u00e1ceres | El Digital de Asturias<\/title>\n\n","aioseo_head_json":{"title":"Firmado el convenio para la apertura de la torre del Palacio de las Cig\u00fce\u00f1as de C\u00e1ceres | El Digital de Asturias","description":"El Ministerio de Defensa, el Ayuntamiento de C\u00e1ceres y el Consorcio C\u00e1ceres Ciudad Hist\u00f3rica han firmado este martes el convenio de colaboraci\u00f3n entre ambas entidades para la apertura al p\u00fablico de la torre del Palacio de las Cig\u00fce\u00f1as de la capital cacere\u00f1a. La alcaldesa de C\u00e1ceres y presidenta del Consorcio C\u00e1ceres Ciudad Hist\u00f3rica, Elena Nevado;","canonical_url":"https:\/\/eldigitaldeasturias.com\/magazine365\/firmado-el-convenio-para-la-apertura-de-la-torre-del-palacio-de-las-ciguenas-de-caceres\/","robots":"max-image-preview:large","keywords":"noticias y actualidad","webmasterTools":{"google-site-verification":"UA-38556648-1","miscellaneous":""},"schema":{"@context":"https:\/\/schema.org","@graph":[{"@type":"Article","@id":"https:\/\/eldigitaldeasturias.com\/magazine365\/firmado-el-convenio-para-la-apertura-de-la-torre-del-palacio-de-las-ciguenas-de-caceres\/#article","name":"Firmado el convenio para la apertura de la torre del Palacio de las Cig\u00fce\u00f1as de C\u00e1ceres | El Digital de Asturias","headline":"Firmado el convenio para la apertura de la torre del Palacio de las Cig\u00fce\u00f1as de C\u00e1ceres","author":{"@id":"https:\/\/eldigitaldeasturias.com\/magazine365\/author\/admin\/#author"},"publisher":{"@id":"https:\/\/eldigitaldeasturias.com\/magazine365\/#organization"},"image":{"@type":"ImageObject","url":"https:\/\/eldigitaldeasturias.com\/magazine365\/wp-content\/uploads\/2015\/12\/fotonoticia_20151229154029_800.jpg","width":800,"height":600},"datePublished":"2015-12-30T00:49:49+01:00","dateModified":"2015-12-30T00:49:49+01:00","inLanguage":"es-ES","mainEntityOfPage":{"@id":"https:\/\/eldigitaldeasturias.com\/magazine365\/firmado-el-convenio-para-la-apertura-de-la-torre-del-palacio-de-las-ciguenas-de-caceres\/#webpage"},"isPartOf":{"@id":"https:\/\/eldigitaldeasturias.com\/magazine365\/firmado-el-convenio-para-la-apertura-de-la-torre-del-palacio-de-las-ciguenas-de-caceres\/#webpage"},"articleSection":"Noticias y Actualidad"},{"@type":"BreadcrumbList","@id":"https:\/\/eldigitaldeasturias.com\/magazine365\/firmado-el-convenio-para-la-apertura-de-la-torre-del-palacio-de-las-ciguenas-de-caceres\/#breadcrumblist","itemListElement":[{"@type":"ListItem","@id":"https:\/\/eldigitaldeasturias.com\/magazine365#listItem","position":1,"name":"Home","item":"https:\/\/eldigitaldeasturias.com\/magazine365","nextItem":{"@type":"ListItem","@id":"https:\/\/eldigitaldeasturias.com\/magazine365\/category\/noticias-actualidad\/#listItem","name":"Noticias y Actualidad"}},{"@type":"ListItem","@id":"https:\/\/eldigitaldeasturias.com\/magazine365\/category\/noticias-actualidad\/#listItem","position":2,"name":"Noticias y Actualidad","item":"https:\/\/eldigitaldeasturias.com\/magazine365\/category\/noticias-actualidad\/","nextItem":{"@type":"ListItem","@id":"https:\/\/eldigitaldeasturias.com\/magazine365\/firmado-el-convenio-para-la-apertura-de-la-torre-del-palacio-de-las-ciguenas-de-caceres\/#listItem","name":"Firmado el convenio para la apertura de la torre del Palacio de las Cig\u00fce\u00f1as de C\u00e1ceres"},"previousItem":{"@type":"ListItem","@id":"https:\/\/eldigitaldeasturias.com\/magazine365#listItem","name":"Home"}},{"@type":"ListItem","@id":"https:\/\/eldigitaldeasturias.com\/magazine365\/firmado-el-convenio-para-la-apertura-de-la-torre-del-palacio-de-las-ciguenas-de-caceres\/#listItem","position":3,"name":"Firmado el convenio para la apertura de la torre del Palacio de las Cig\u00fce\u00f1as de C\u00e1ceres","previousItem":{"@type":"ListItem","@id":"https:\/\/eldigitaldeasturias.com\/magazine365\/category\/noticias-actualidad\/#listItem","name":"Noticias y Actualidad"}}]},{"@type":"Organization","@id":"https:\/\/eldigitaldeasturias.com\/magazine365\/#organization","name":"El digital de Asturias","description":"Revista de ocio, turismo y estilo de vida","url":"https:\/\/eldigitaldeasturias.com\/magazine365\/","logo":{"@type":"ImageObject","url":"https:\/\/www.eldigitaldeasturias.com\/noticias\/wp-content\/uploads\/2020\/12\/EDA.jpg","@id":"https:\/\/eldigitaldeasturias.com\/magazine365\/firmado-el-convenio-para-la-apertura-de-la-torre-del-palacio-de-las-ciguenas-de-caceres\/#organizationLogo"},"image":{"@id":"https:\/\/eldigitaldeasturias.com\/magazine365\/firmado-el-convenio-para-la-apertura-de-la-torre-del-palacio-de-las-ciguenas-de-caceres\/#organizationLogo"}},{"@type":"Person","@id":"https:\/\/eldigitaldeasturias.com\/magazine365\/author\/admin\/#author","url":"https:\/\/eldigitaldeasturias.com\/magazine365\/author\/admin\/","name":"admin","image":{"@type":"ImageObject","@id":"https:\/\/eldigitaldeasturias.com\/magazine365\/firmado-el-convenio-para-la-apertura-de-la-torre-del-palacio-de-las-ciguenas-de-caceres\/#authorImage","url":"https:\/\/eldigitaldeasturias.com\/magazine365\/wp-content\/litespeed\/avatar\/e571bcf59a0edd6fa6838245a470f2fe.jpg?ver=1777574230","width":96,"height":96,"caption":"admin"}},{"@type":"WebPage","@id":"https:\/\/eldigitaldeasturias.com\/magazine365\/firmado-el-convenio-para-la-apertura-de-la-torre-del-palacio-de-las-ciguenas-de-caceres\/#webpage","url":"https:\/\/eldigitaldeasturias.com\/magazine365\/firmado-el-convenio-para-la-apertura-de-la-torre-del-palacio-de-las-ciguenas-de-caceres\/","name":"Firmado el convenio para la apertura de la torre del Palacio de las Cig\u00fce\u00f1as de C\u00e1ceres | El Digital de Asturias","description":"El Ministerio de Defensa, el Ayuntamiento de C\u00e1ceres y el Consorcio C\u00e1ceres Ciudad Hist\u00f3rica han firmado este martes el convenio de colaboraci\u00f3n entre ambas entidades para la apertura al p\u00fablico de la torre del Palacio de las Cig\u00fce\u00f1as de la capital cacere\u00f1a. La alcaldesa de C\u00e1ceres y presidenta del Consorcio C\u00e1ceres Ciudad Hist\u00f3rica, Elena Nevado;","inLanguage":"es-ES","isPartOf":{"@id":"https:\/\/eldigitaldeasturias.com\/magazine365\/#website"},"breadcrumb":{"@id":"https:\/\/eldigitaldeasturias.com\/magazine365\/firmado-el-convenio-para-la-apertura-de-la-torre-del-palacio-de-las-ciguenas-de-caceres\/#breadcrumblist"},"author":{"@id":"https:\/\/eldigitaldeasturias.com\/magazine365\/author\/admin\/#author"},"creator":{"@id":"https:\/\/eldigitaldeasturias.com\/magazine365\/author\/admin\/#author"},"image":{"@type":"ImageObject","url":"https:\/\/eldigitaldeasturias.com\/magazine365\/wp-content\/uploads\/2015\/12\/fotonoticia_20151229154029_800.jpg","@id":"https:\/\/eldigitaldeasturias.com\/magazine365\/firmado-el-convenio-para-la-apertura-de-la-torre-del-palacio-de-las-ciguenas-de-caceres\/#mainImage","width":800,"height":600},"primaryImageOfPage":{"@id":"https:\/\/eldigitaldeasturias.com\/magazine365\/firmado-el-convenio-para-la-apertura-de-la-torre-del-palacio-de-las-ciguenas-de-caceres\/#mainImage"},"datePublished":"2015-12-30T00:49:49+01:00","dateModified":"2015-12-30T00:49:49+01:00"},{"@type":"WebSite","@id":"https:\/\/eldigitaldeasturias.com\/magazine365\/#website","url":"https:\/\/eldigitaldeasturias.com\/magazine365\/","name":"El Digital de Asturias","description":"Revista de ocio, turismo y estilo de vida","inLanguage":"es-ES","publisher":{"@id":"https:\/\/eldigitaldeasturias.com\/magazine365\/#organization"}}]},"og:locale":"es_ES","og:site_name":"El Digital de Asturias \u2013 Revista de ocio, turismo y estilo de vida","og:type":"article","og:title":"Firmado el convenio para la apertura de la torre del Palacio de las Cig\u00fce\u00f1as de C\u00e1ceres | El Digital de Asturias","og:description":"El Ministerio de Defensa, el Ayuntamiento de C\u00e1ceres y el Consorcio C\u00e1ceres Ciudad Hist\u00f3rica han firmado este martes el convenio de colaboraci\u00f3n entre ambas entidades para la apertura al p\u00fablico de la torre del Palacio de las Cig\u00fce\u00f1as de la capital cacere\u00f1a. La alcaldesa de C\u00e1ceres y presidenta del Consorcio C\u00e1ceres Ciudad Hist\u00f3rica, Elena Nevado;","og:url":"https:\/\/eldigitaldeasturias.com\/magazine365\/firmado-el-convenio-para-la-apertura-de-la-torre-del-palacio-de-las-ciguenas-de-caceres\/","og:image":"https:\/\/eldigitaldeasturias.com\/magazine365\/wp-content\/uploads\/2015\/12\/fotonoticia_20151229154029_800.jpg","og:image:secure_url":"https:\/\/eldigitaldeasturias.com\/magazine365\/wp-content\/uploads\/2015\/12\/fotonoticia_20151229154029_800.jpg","og:image:width":800,"og:image:height":600,"article:published_time":"2015-12-29T23:49:49+00:00","article:modified_time":"2015-12-29T23:49:49+00:00","twitter:card":"summary_large_image","twitter:title":"Firmado el convenio para la apertura de la torre del Palacio de las Cig\u00fce\u00f1as de C\u00e1ceres | El Digital de Asturias","twitter:description":"El Ministerio de Defensa, el Ayuntamiento de C\u00e1ceres y el Consorcio C\u00e1ceres Ciudad Hist\u00f3rica han firmado este martes el convenio de colaboraci\u00f3n entre ambas entidades para la apertura al p\u00fablico de la torre del Palacio de las Cig\u00fce\u00f1as de la capital cacere\u00f1a. La alcaldesa de C\u00e1ceres y presidenta del Consorcio C\u00e1ceres Ciudad Hist\u00f3rica, Elena Nevado;","twitter:image":"https:\/\/eldigitaldeasturias.com\/magazine365\/wp-content\/uploads\/2015\/12\/fotonoticia_20151229154029_800.jpg"},"aioseo_meta_data":{"post_id":"59488","title":null,"description":null,"keywords":null,"keyphrases":null,"primary_term":null,"canonical_url":null,"og_title":null,"og_description":null,"og_object_type":"default","og_image_type":"default","og_image_url":null,"og_image_width":null,"og_image_height":null,"og_image_custom_url":null,"og_image_custom_fields":null,"og_video":null,"og_custom_url":null,"og_article_section":null,"og_article_tags":null,"twitter_use_og":false,"twitter_card":"default","twitter_image_type":"default","twitter_image_url":null,"twitter_image_custom_url":null,"twitter_image_custom_fields":null,"twitter_title":null,"twitter_description":null,"schema":{"blockGraphs":[],"customGraphs":[],"default":{"data":{"Article":[],"Course":[],"Dataset":[],"FAQPage":[],"Movie":[],"Person":[],"Product":[],"ProductReview":[],"Car":[],"Recipe":[],"Service":[],"SoftwareApplication":[],"WebPage":[]},"graphName":"","isEnabled":true},"graphs":[],"defaultGraph":"","defaultPostTypeGraph":""},"schema_type":null,"schema_type_options":null,"pillar_content":false,"robots_default":true,"robots_noindex":false,"robots_noarchive":false,"robots_nosnippet":false,"robots_nofollow":false,"robots_noimageindex":false,"robots_noodp":false,"robots_notranslate":false,"robots_max_snippet":null,"robots_max_videopreview":null,"robots_max_imagepreview":"large","priority":null,"frequency":null,"location":null,"local_seo":null,"seo_analyzer_scan_date":"2025-09-25 05:03:10","breadcrumb_settings":null,"limit_modified_date":false,"open_ai":null,"ai":null,"created":"2021-03-08 22:15:05","updated":"2025-09-25 05:03:10"},"aioseo_breadcrumb":"<div class=\"aioseo-breadcrumbs\"><span class=\"aioseo-breadcrumb\">\n\t<a href=\"https:\/\/eldigitaldeasturias.com\/magazine365\" title=\"Home\">Home<\/a>\n<\/span><span class=\"aioseo-breadcrumb-separator\">\u2013<\/span><span class=\"aioseo-breadcrumb\">\n\t<a href=\"https:\/\/eldigitaldeasturias.com\/magazine365\/category\/noticias-actualidad\/\" title=\"Noticias y Actualidad\">Noticias y Actualidad<\/a>\n<\/span><span class=\"aioseo-breadcrumb-separator\">\u2013<\/span><span class=\"aioseo-breadcrumb\">\n\t<a href=\"https:\/\/eldigitaldeasturias.com\/magazine365\/firmado-el-convenio-para-la-apertura-de-la-torre-del-palacio-de-las-ciguenas-de-caceres\/\" title=\"Firmado el convenio para la apertura de la torre del Palacio de las Cig\u00fce\u00f1as de C\u00e1ceres\">Firmado el convenio para la apertura de la torre del Palacio de las Cig\u00fce\u00f1as de C\u00e1ceres<\/a>\n<\/span><\/div>","aioseo_breadcrumb_json":[{"label":"Home","link":"https:\/\/eldigitaldeasturias.com\/magazine365"},{"label":"Noticias y Actualidad","link":"https:\/\/eldigitaldeasturias.com\/magazine365\/category\/noticias-actualidad\/"},{"label":"Firmado el convenio para la apertura de la torre del Palacio de las Cig\u00fce\u00f1as de C\u00e1ceres","link":"https:\/\/eldigitaldeasturias.com\/magazine365\/firmado-el-convenio-para-la-apertura-de-la-torre-del-palacio-de-las-ciguenas-de-caceres\/"}],"_links":{"self":[{"href":"https:\/\/eldigitaldeasturias.com\/magazine365\/wp-json\/wp\/v2\/posts\/59488","targetHints":{"allow":["GET"]}}],"collection":[{"href":"https:\/\/eldigitaldeasturias.com\/magazine365\/wp-json\/wp\/v2\/posts"}],"about":[{"href":"https:\/\/eldigitaldeasturias.com\/magazine365\/wp-json\/wp\/v2\/types\/post"}],"author":[{"embeddable":true,"href":"https:\/\/eldigitaldeasturias.com\/magazine365\/wp-json\/wp\/v2\/users\/1"}],"replies":[{"embeddable":true,"href":"https:\/\/eldigitaldeasturias.com\/magazine365\/wp-json\/wp\/v2\/comments?post=59488"}],"version-history":[{"count":0,"href":"https:\/\/eldigitaldeasturias.com\/magazine365\/wp-json\/wp\/v2\/posts\/59488\/revisions"}],"wp:featuredmedia":[{"embeddable":true,"href":"https:\/\/eldigitaldeasturias.com\/magazine365\/wp-json\/wp\/v2\/media\/59489"}],"wp:attachment":[{"href":"https:\/\/eldigitaldeasturias.com\/magazine365\/wp-json\/wp\/v2\/media?parent=59488"}],"wp:term":[{"taxonomy":"category","embeddable":true,"href":"https:\/\/eldigitaldeasturias.com\/magazine365\/wp-json\/wp\/v2\/categories?post=59488"},{"taxonomy":"post_tag","embeddable":true,"href":"https:\/\/eldigitaldeasturias.com\/magazine365\/wp-json\/wp\/v2\/tags?post=59488"}],"curies":[{"name":"wp","href":"https:\/\/api.w.org\/{rel}","templated":true}]}}