{"id":59482,"date":"2015-12-30T00:45:32","date_gmt":"2015-12-29T23:45:32","guid":{"rendered":"http:\/\/eldigitaldeasturias.com\/magazine365\/?p=59482"},"modified":"2015-12-30T00:45:32","modified_gmt":"2015-12-29T23:45:32","slug":"fabulist-travel-comercializara-los-relatos-turisticos-del-blog-mamas-viajeras","status":"publish","type":"post","link":"https:\/\/eldigitaldeasturias.com\/magazine365\/fabulist-travel-comercializara-los-relatos-turisticos-del-blog-mamas-viajeras\/","title":{"rendered":"Fabulist Travel comercializar\u00e1 los relatos tur\u00edsticos del blog Mam\u00e1s Viajeras"},"content":{"rendered":"<p><img fetchpriority=\"high\" decoding=\"async\" class=\"alignleft size-medium wp-image-59483\" src=\"https:\/\/eldigitaldeasturias.com\/magazine365\/wp-content\/uploads\/2015\/12\/fotonoticia_20151229145715_800-360x240.jpg\" alt=\"fotonoticia_20151229145715_800\" width=\"360\" height=\"240\" srcset=\"https:\/\/eldigitaldeasturias.com\/magazine365\/wp-content\/uploads\/2015\/12\/fotonoticia_20151229145715_800-360x240.jpg 360w, https:\/\/eldigitaldeasturias.com\/magazine365\/wp-content\/uploads\/2015\/12\/fotonoticia_20151229145715_800-650x434.jpg 650w, https:\/\/eldigitaldeasturias.com\/magazine365\/wp-content\/uploads\/2015\/12\/fotonoticia_20151229145715_800-768x513.jpg 768w, https:\/\/eldigitaldeasturias.com\/magazine365\/wp-content\/uploads\/2015\/12\/fotonoticia_20151229145715_800-150x100.jpg 150w, https:\/\/eldigitaldeasturias.com\/magazine365\/wp-content\/uploads\/2015\/12\/fotonoticia_20151229145715_800-450x300.jpg 450w, https:\/\/eldigitaldeasturias.com\/magazine365\/wp-content\/uploads\/2015\/12\/fotonoticia_20151229145715_800-696x465.jpg 696w, https:\/\/eldigitaldeasturias.com\/magazine365\/wp-content\/uploads\/2015\/12\/fotonoticia_20151229145715_800-629x420.jpg 629w, https:\/\/eldigitaldeasturias.com\/magazine365\/wp-content\/uploads\/2015\/12\/fotonoticia_20151229145715_800-101x66.jpg 101w, https:\/\/eldigitaldeasturias.com\/magazine365\/wp-content\/uploads\/2015\/12\/fotonoticia_20151229145715_800.jpg 800w\" sizes=\"(max-width: 360px) 100vw, 360px\" \/>Fabulist Travel, la &#8216;startup&#8217; espa\u00f1ola enfocada a la planificaci\u00f3n de viajes familiares, comercializar\u00e1 los relatos tur\u00edsticos del blog sobre las experiencias de la periodista Johanna Sald\u00f3n, Mam\u00e1s Viajeras, a partir de diciembre.<\/p>\n<p>Con esta alianza la &#8216;startup&#8217; propone viajes creados por y para mam\u00e1s aprovechando el lanzamiento de su nuevo portal FabulistTravel.com. La periodista creadora de mam\u00e1s viajeras cuenta con m\u00e1s de 20.000 seguidores entre todas sus redes sociales tambi\u00e9n dirige la revista PetitTraveller.com.<\/p>\n<p>\u00abOfrecemos viajes para aquellos que han so\u00f1ado con los lugares que Johanna ha descrito en su blog, para que sin complicaciones, puedan vivir su misma experiencia sea cual sea el tipo de familia\u00bb, han afirmado las hermanas fundadoras de Fabulist Travel, Estefan\u00eda y Ana Olmos.<\/p>\n","protected":false},"excerpt":{"rendered":"<p>Fabulist Travel, la &#8216;startup&#8217; espa\u00f1ola enfocada a la planificaci\u00f3n de viajes familiares, comercializar\u00e1 los relatos tur\u00edsticos del blog sobre las experiencias de la periodista Johanna Sald\u00f3n, Mam\u00e1s Viajeras, a partir de diciembre. Con esta alianza la &#8216;startup&#8217; propone viajes creados por y para mam\u00e1s aprovechando el lanzamiento de su nuevo portal FabulistTravel.com. La periodista creadora<\/p>\n","protected":false},"author":1,"featured_media":59483,"comment_status":"open","ping_status":"closed","sticky":false,"template":"","format":"standard","meta":{"footnotes":""},"categories":[224],"tags":[],"class_list":{"0":"post-59482","1":"post","2":"type-post","3":"status-publish","4":"format-standard","5":"has-post-thumbnail","7":"category-noticias-actualidad"},"aioseo_notices":[],"aioseo_head":"\n\t\t<!-- All in One SEO Pro 4.9.6.1 - aioseo.com -->\n\t<meta name=\"description\" content=\"Fabulist Travel, la &#039;startup&#039; espa\u00f1ola enfocada a la planificaci\u00f3n de viajes familiares, comercializar\u00e1 los relatos tur\u00edsticos del blog sobre las experiencias de la periodista Johanna Sald\u00f3n, Mam\u00e1s Viajeras, a partir de diciembre. Con esta alianza la &#039;startup&#039; propone viajes creados por y para mam\u00e1s aprovechando el lanzamiento de su nuevo portal FabulistTravel.com. La periodista creadora\" \/>\n\t<meta name=\"robots\" content=\"max-image-preview:large\" \/>\n\t<meta name=\"author\" content=\"admin\"\/>\n\t<meta name=\"google-site-verification\" content=\"UA-38556648-1\" \/>\n\t<meta name=\"keywords\" content=\"noticias y actualidad\" \/>\n\t<link rel=\"canonical\" href=\"https:\/\/eldigitaldeasturias.com\/magazine365\/fabulist-travel-comercializara-los-relatos-turisticos-del-blog-mamas-viajeras\/\" \/>\n\t<meta name=\"generator\" content=\"All in One SEO Pro (AIOSEO) 4.9.6.1\" \/>\n\t\t<meta property=\"og:locale\" content=\"es_ES\" \/>\n\t\t<meta property=\"og:site_name\" content=\"El Digital de Asturias \u2013 Revista de ocio, turismo y estilo de vida\" \/>\n\t\t<meta property=\"og:type\" content=\"article\" \/>\n\t\t<meta property=\"og:title\" content=\"Fabulist Travel comercializar\u00e1 los relatos tur\u00edsticos del blog Mam\u00e1s Viajeras | El Digital de Asturias\" \/>\n\t\t<meta property=\"og:description\" content=\"Fabulist Travel, la &#039;startup&#039; espa\u00f1ola enfocada a la planificaci\u00f3n de viajes familiares, comercializar\u00e1 los relatos tur\u00edsticos del blog sobre las experiencias de la periodista Johanna Sald\u00f3n, Mam\u00e1s Viajeras, a partir de diciembre. Con esta alianza la &#039;startup&#039; propone viajes creados por y para mam\u00e1s aprovechando el lanzamiento de su nuevo portal FabulistTravel.com. La periodista creadora\" \/>\n\t\t<meta property=\"og:url\" content=\"https:\/\/eldigitaldeasturias.com\/magazine365\/fabulist-travel-comercializara-los-relatos-turisticos-del-blog-mamas-viajeras\/\" \/>\n\t\t<meta property=\"og:image\" content=\"https:\/\/eldigitaldeasturias.com\/magazine365\/wp-content\/uploads\/2015\/12\/fotonoticia_20151229145715_800.jpg\" \/>\n\t\t<meta property=\"og:image:secure_url\" content=\"https:\/\/eldigitaldeasturias.com\/magazine365\/wp-content\/uploads\/2015\/12\/fotonoticia_20151229145715_800.jpg\" \/>\n\t\t<meta property=\"og:image:width\" content=\"800\" \/>\n\t\t<meta property=\"og:image:height\" content=\"534\" \/>\n\t\t<meta property=\"article:published_time\" content=\"2015-12-29T23:45:32+00:00\" \/>\n\t\t<meta property=\"article:modified_time\" content=\"2015-12-29T23:45:32+00:00\" \/>\n\t\t<meta name=\"twitter:card\" content=\"summary_large_image\" \/>\n\t\t<meta name=\"twitter:title\" content=\"Fabulist Travel comercializar\u00e1 los relatos tur\u00edsticos del blog Mam\u00e1s Viajeras | El Digital de Asturias\" \/>\n\t\t<meta name=\"twitter:description\" content=\"Fabulist Travel, la &#039;startup&#039; espa\u00f1ola enfocada a la planificaci\u00f3n de viajes familiares, comercializar\u00e1 los relatos tur\u00edsticos del blog sobre las experiencias de la periodista Johanna Sald\u00f3n, Mam\u00e1s Viajeras, a partir de diciembre. Con esta alianza la &#039;startup&#039; propone viajes creados por y para mam\u00e1s aprovechando el lanzamiento de su nuevo portal FabulistTravel.com. La periodista creadora\" \/>\n\t\t<meta name=\"twitter:image\" content=\"https:\/\/eldigitaldeasturias.com\/magazine365\/wp-content\/uploads\/2015\/12\/fotonoticia_20151229145715_800.jpg\" \/>\n\t\t<script type=\"application\/ld+json\" class=\"aioseo-schema\">\n\t\t\t{\"@context\":\"https:\\\/\\\/schema.org\",\"@graph\":[{\"@type\":\"Article\",\"@id\":\"https:\\\/\\\/eldigitaldeasturias.com\\\/magazine365\\\/fabulist-travel-comercializara-los-relatos-turisticos-del-blog-mamas-viajeras\\\/#article\",\"name\":\"Fabulist Travel comercializar\\u00e1 los relatos tur\\u00edsticos del blog Mam\\u00e1s Viajeras | El Digital de Asturias\",\"headline\":\"Fabulist Travel comercializar\\u00e1 los relatos tur\\u00edsticos del blog Mam\\u00e1s Viajeras\",\"author\":{\"@id\":\"https:\\\/\\\/eldigitaldeasturias.com\\\/magazine365\\\/author\\\/admin\\\/#author\"},\"publisher\":{\"@id\":\"https:\\\/\\\/eldigitaldeasturias.com\\\/magazine365\\\/#organization\"},\"image\":{\"@type\":\"ImageObject\",\"url\":\"https:\\\/\\\/eldigitaldeasturias.com\\\/magazine365\\\/wp-content\\\/uploads\\\/2015\\\/12\\\/fotonoticia_20151229145715_800.jpg\",\"width\":800,\"height\":534},\"datePublished\":\"2015-12-30T00:45:32+01:00\",\"dateModified\":\"2015-12-30T00:45:32+01:00\",\"inLanguage\":\"es-ES\",\"mainEntityOfPage\":{\"@id\":\"https:\\\/\\\/eldigitaldeasturias.com\\\/magazine365\\\/fabulist-travel-comercializara-los-relatos-turisticos-del-blog-mamas-viajeras\\\/#webpage\"},\"isPartOf\":{\"@id\":\"https:\\\/\\\/eldigitaldeasturias.com\\\/magazine365\\\/fabulist-travel-comercializara-los-relatos-turisticos-del-blog-mamas-viajeras\\\/#webpage\"},\"articleSection\":\"Noticias y Actualidad\"},{\"@type\":\"BreadcrumbList\",\"@id\":\"https:\\\/\\\/eldigitaldeasturias.com\\\/magazine365\\\/fabulist-travel-comercializara-los-relatos-turisticos-del-blog-mamas-viajeras\\\/#breadcrumblist\",\"itemListElement\":[{\"@type\":\"ListItem\",\"@id\":\"https:\\\/\\\/eldigitaldeasturias.com\\\/magazine365#listItem\",\"position\":1,\"name\":\"Home\",\"item\":\"https:\\\/\\\/eldigitaldeasturias.com\\\/magazine365\",\"nextItem\":{\"@type\":\"ListItem\",\"@id\":\"https:\\\/\\\/eldigitaldeasturias.com\\\/magazine365\\\/category\\\/noticias-actualidad\\\/#listItem\",\"name\":\"Noticias y Actualidad\"}},{\"@type\":\"ListItem\",\"@id\":\"https:\\\/\\\/eldigitaldeasturias.com\\\/magazine365\\\/category\\\/noticias-actualidad\\\/#listItem\",\"position\":2,\"name\":\"Noticias y Actualidad\",\"item\":\"https:\\\/\\\/eldigitaldeasturias.com\\\/magazine365\\\/category\\\/noticias-actualidad\\\/\",\"nextItem\":{\"@type\":\"ListItem\",\"@id\":\"https:\\\/\\\/eldigitaldeasturias.com\\\/magazine365\\\/fabulist-travel-comercializara-los-relatos-turisticos-del-blog-mamas-viajeras\\\/#listItem\",\"name\":\"Fabulist Travel comercializar\\u00e1 los relatos tur\\u00edsticos del blog Mam\\u00e1s Viajeras\"},\"previousItem\":{\"@type\":\"ListItem\",\"@id\":\"https:\\\/\\\/eldigitaldeasturias.com\\\/magazine365#listItem\",\"name\":\"Home\"}},{\"@type\":\"ListItem\",\"@id\":\"https:\\\/\\\/eldigitaldeasturias.com\\\/magazine365\\\/fabulist-travel-comercializara-los-relatos-turisticos-del-blog-mamas-viajeras\\\/#listItem\",\"position\":3,\"name\":\"Fabulist Travel comercializar\\u00e1 los relatos tur\\u00edsticos del blog Mam\\u00e1s Viajeras\",\"previousItem\":{\"@type\":\"ListItem\",\"@id\":\"https:\\\/\\\/eldigitaldeasturias.com\\\/magazine365\\\/category\\\/noticias-actualidad\\\/#listItem\",\"name\":\"Noticias y Actualidad\"}}]},{\"@type\":\"Organization\",\"@id\":\"https:\\\/\\\/eldigitaldeasturias.com\\\/magazine365\\\/#organization\",\"name\":\"El digital de Asturias\",\"description\":\"Revista de ocio, turismo y estilo de vida\",\"url\":\"https:\\\/\\\/eldigitaldeasturias.com\\\/magazine365\\\/\",\"logo\":{\"@type\":\"ImageObject\",\"url\":\"https:\\\/\\\/www.eldigitaldeasturias.com\\\/noticias\\\/wp-content\\\/uploads\\\/2020\\\/12\\\/EDA.jpg\",\"@id\":\"https:\\\/\\\/eldigitaldeasturias.com\\\/magazine365\\\/fabulist-travel-comercializara-los-relatos-turisticos-del-blog-mamas-viajeras\\\/#organizationLogo\"},\"image\":{\"@id\":\"https:\\\/\\\/eldigitaldeasturias.com\\\/magazine365\\\/fabulist-travel-comercializara-los-relatos-turisticos-del-blog-mamas-viajeras\\\/#organizationLogo\"}},{\"@type\":\"Person\",\"@id\":\"https:\\\/\\\/eldigitaldeasturias.com\\\/magazine365\\\/author\\\/admin\\\/#author\",\"url\":\"https:\\\/\\\/eldigitaldeasturias.com\\\/magazine365\\\/author\\\/admin\\\/\",\"name\":\"admin\",\"image\":{\"@type\":\"ImageObject\",\"@id\":\"https:\\\/\\\/eldigitaldeasturias.com\\\/magazine365\\\/fabulist-travel-comercializara-los-relatos-turisticos-del-blog-mamas-viajeras\\\/#authorImage\",\"url\":\"https:\\\/\\\/eldigitaldeasturias.com\\\/magazine365\\\/wp-content\\\/litespeed\\\/avatar\\\/e571bcf59a0edd6fa6838245a470f2fe.jpg?ver=1777574230\",\"width\":96,\"height\":96,\"caption\":\"admin\"}},{\"@type\":\"WebPage\",\"@id\":\"https:\\\/\\\/eldigitaldeasturias.com\\\/magazine365\\\/fabulist-travel-comercializara-los-relatos-turisticos-del-blog-mamas-viajeras\\\/#webpage\",\"url\":\"https:\\\/\\\/eldigitaldeasturias.com\\\/magazine365\\\/fabulist-travel-comercializara-los-relatos-turisticos-del-blog-mamas-viajeras\\\/\",\"name\":\"Fabulist Travel comercializar\\u00e1 los relatos tur\\u00edsticos del blog Mam\\u00e1s Viajeras | El Digital de Asturias\",\"description\":\"Fabulist Travel, la 'startup' espa\\u00f1ola enfocada a la planificaci\\u00f3n de viajes familiares, comercializar\\u00e1 los relatos tur\\u00edsticos del blog sobre las experiencias de la periodista Johanna Sald\\u00f3n, Mam\\u00e1s Viajeras, a partir de diciembre. Con esta alianza la 'startup' propone viajes creados por y para mam\\u00e1s aprovechando el lanzamiento de su nuevo portal FabulistTravel.com. La periodista creadora\",\"inLanguage\":\"es-ES\",\"isPartOf\":{\"@id\":\"https:\\\/\\\/eldigitaldeasturias.com\\\/magazine365\\\/#website\"},\"breadcrumb\":{\"@id\":\"https:\\\/\\\/eldigitaldeasturias.com\\\/magazine365\\\/fabulist-travel-comercializara-los-relatos-turisticos-del-blog-mamas-viajeras\\\/#breadcrumblist\"},\"author\":{\"@id\":\"https:\\\/\\\/eldigitaldeasturias.com\\\/magazine365\\\/author\\\/admin\\\/#author\"},\"creator\":{\"@id\":\"https:\\\/\\\/eldigitaldeasturias.com\\\/magazine365\\\/author\\\/admin\\\/#author\"},\"image\":{\"@type\":\"ImageObject\",\"url\":\"https:\\\/\\\/eldigitaldeasturias.com\\\/magazine365\\\/wp-content\\\/uploads\\\/2015\\\/12\\\/fotonoticia_20151229145715_800.jpg\",\"@id\":\"https:\\\/\\\/eldigitaldeasturias.com\\\/magazine365\\\/fabulist-travel-comercializara-los-relatos-turisticos-del-blog-mamas-viajeras\\\/#mainImage\",\"width\":800,\"height\":534},\"primaryImageOfPage\":{\"@id\":\"https:\\\/\\\/eldigitaldeasturias.com\\\/magazine365\\\/fabulist-travel-comercializara-los-relatos-turisticos-del-blog-mamas-viajeras\\\/#mainImage\"},\"datePublished\":\"2015-12-30T00:45:32+01:00\",\"dateModified\":\"2015-12-30T00:45:32+01:00\"},{\"@type\":\"WebSite\",\"@id\":\"https:\\\/\\\/eldigitaldeasturias.com\\\/magazine365\\\/#website\",\"url\":\"https:\\\/\\\/eldigitaldeasturias.com\\\/magazine365\\\/\",\"name\":\"El Digital de Asturias\",\"description\":\"Revista de ocio, turismo y estilo de vida\",\"inLanguage\":\"es-ES\",\"publisher\":{\"@id\":\"https:\\\/\\\/eldigitaldeasturias.com\\\/magazine365\\\/#organization\"}}]}\n\t\t<\/script>\n\t\t<!-- All in One SEO Pro -->\r\n\t\t<title>Fabulist Travel comercializar\u00e1 los relatos tur\u00edsticos del blog Mam\u00e1s Viajeras | El Digital de Asturias<\/title>\n\n","aioseo_head_json":{"title":"Fabulist Travel comercializar\u00e1 los relatos tur\u00edsticos del blog Mam\u00e1s Viajeras | El Digital de Asturias","description":"Fabulist Travel, la 'startup' espa\u00f1ola enfocada a la planificaci\u00f3n de viajes familiares, comercializar\u00e1 los relatos tur\u00edsticos del blog sobre las experiencias de la periodista Johanna Sald\u00f3n, Mam\u00e1s Viajeras, a partir de diciembre. Con esta alianza la 'startup' propone viajes creados por y para mam\u00e1s aprovechando el lanzamiento de su nuevo portal FabulistTravel.com. La periodista creadora","canonical_url":"https:\/\/eldigitaldeasturias.com\/magazine365\/fabulist-travel-comercializara-los-relatos-turisticos-del-blog-mamas-viajeras\/","robots":"max-image-preview:large","keywords":"noticias y actualidad","webmasterTools":{"google-site-verification":"UA-38556648-1","miscellaneous":""},"schema":{"@context":"https:\/\/schema.org","@graph":[{"@type":"Article","@id":"https:\/\/eldigitaldeasturias.com\/magazine365\/fabulist-travel-comercializara-los-relatos-turisticos-del-blog-mamas-viajeras\/#article","name":"Fabulist Travel comercializar\u00e1 los relatos tur\u00edsticos del blog Mam\u00e1s Viajeras | El Digital de Asturias","headline":"Fabulist Travel comercializar\u00e1 los relatos tur\u00edsticos del blog Mam\u00e1s Viajeras","author":{"@id":"https:\/\/eldigitaldeasturias.com\/magazine365\/author\/admin\/#author"},"publisher":{"@id":"https:\/\/eldigitaldeasturias.com\/magazine365\/#organization"},"image":{"@type":"ImageObject","url":"https:\/\/eldigitaldeasturias.com\/magazine365\/wp-content\/uploads\/2015\/12\/fotonoticia_20151229145715_800.jpg","width":800,"height":534},"datePublished":"2015-12-30T00:45:32+01:00","dateModified":"2015-12-30T00:45:32+01:00","inLanguage":"es-ES","mainEntityOfPage":{"@id":"https:\/\/eldigitaldeasturias.com\/magazine365\/fabulist-travel-comercializara-los-relatos-turisticos-del-blog-mamas-viajeras\/#webpage"},"isPartOf":{"@id":"https:\/\/eldigitaldeasturias.com\/magazine365\/fabulist-travel-comercializara-los-relatos-turisticos-del-blog-mamas-viajeras\/#webpage"},"articleSection":"Noticias y Actualidad"},{"@type":"BreadcrumbList","@id":"https:\/\/eldigitaldeasturias.com\/magazine365\/fabulist-travel-comercializara-los-relatos-turisticos-del-blog-mamas-viajeras\/#breadcrumblist","itemListElement":[{"@type":"ListItem","@id":"https:\/\/eldigitaldeasturias.com\/magazine365#listItem","position":1,"name":"Home","item":"https:\/\/eldigitaldeasturias.com\/magazine365","nextItem":{"@type":"ListItem","@id":"https:\/\/eldigitaldeasturias.com\/magazine365\/category\/noticias-actualidad\/#listItem","name":"Noticias y Actualidad"}},{"@type":"ListItem","@id":"https:\/\/eldigitaldeasturias.com\/magazine365\/category\/noticias-actualidad\/#listItem","position":2,"name":"Noticias y Actualidad","item":"https:\/\/eldigitaldeasturias.com\/magazine365\/category\/noticias-actualidad\/","nextItem":{"@type":"ListItem","@id":"https:\/\/eldigitaldeasturias.com\/magazine365\/fabulist-travel-comercializara-los-relatos-turisticos-del-blog-mamas-viajeras\/#listItem","name":"Fabulist Travel comercializar\u00e1 los relatos tur\u00edsticos del blog Mam\u00e1s Viajeras"},"previousItem":{"@type":"ListItem","@id":"https:\/\/eldigitaldeasturias.com\/magazine365#listItem","name":"Home"}},{"@type":"ListItem","@id":"https:\/\/eldigitaldeasturias.com\/magazine365\/fabulist-travel-comercializara-los-relatos-turisticos-del-blog-mamas-viajeras\/#listItem","position":3,"name":"Fabulist Travel comercializar\u00e1 los relatos tur\u00edsticos del blog Mam\u00e1s Viajeras","previousItem":{"@type":"ListItem","@id":"https:\/\/eldigitaldeasturias.com\/magazine365\/category\/noticias-actualidad\/#listItem","name":"Noticias y Actualidad"}}]},{"@type":"Organization","@id":"https:\/\/eldigitaldeasturias.com\/magazine365\/#organization","name":"El digital de Asturias","description":"Revista de ocio, turismo y estilo de vida","url":"https:\/\/eldigitaldeasturias.com\/magazine365\/","logo":{"@type":"ImageObject","url":"https:\/\/www.eldigitaldeasturias.com\/noticias\/wp-content\/uploads\/2020\/12\/EDA.jpg","@id":"https:\/\/eldigitaldeasturias.com\/magazine365\/fabulist-travel-comercializara-los-relatos-turisticos-del-blog-mamas-viajeras\/#organizationLogo"},"image":{"@id":"https:\/\/eldigitaldeasturias.com\/magazine365\/fabulist-travel-comercializara-los-relatos-turisticos-del-blog-mamas-viajeras\/#organizationLogo"}},{"@type":"Person","@id":"https:\/\/eldigitaldeasturias.com\/magazine365\/author\/admin\/#author","url":"https:\/\/eldigitaldeasturias.com\/magazine365\/author\/admin\/","name":"admin","image":{"@type":"ImageObject","@id":"https:\/\/eldigitaldeasturias.com\/magazine365\/fabulist-travel-comercializara-los-relatos-turisticos-del-blog-mamas-viajeras\/#authorImage","url":"https:\/\/eldigitaldeasturias.com\/magazine365\/wp-content\/litespeed\/avatar\/e571bcf59a0edd6fa6838245a470f2fe.jpg?ver=1777574230","width":96,"height":96,"caption":"admin"}},{"@type":"WebPage","@id":"https:\/\/eldigitaldeasturias.com\/magazine365\/fabulist-travel-comercializara-los-relatos-turisticos-del-blog-mamas-viajeras\/#webpage","url":"https:\/\/eldigitaldeasturias.com\/magazine365\/fabulist-travel-comercializara-los-relatos-turisticos-del-blog-mamas-viajeras\/","name":"Fabulist Travel comercializar\u00e1 los relatos tur\u00edsticos del blog Mam\u00e1s Viajeras | El Digital de Asturias","description":"Fabulist Travel, la 'startup' espa\u00f1ola enfocada a la planificaci\u00f3n de viajes familiares, comercializar\u00e1 los relatos tur\u00edsticos del blog sobre las experiencias de la periodista Johanna Sald\u00f3n, Mam\u00e1s Viajeras, a partir de diciembre. Con esta alianza la 'startup' propone viajes creados por y para mam\u00e1s aprovechando el lanzamiento de su nuevo portal FabulistTravel.com. La periodista creadora","inLanguage":"es-ES","isPartOf":{"@id":"https:\/\/eldigitaldeasturias.com\/magazine365\/#website"},"breadcrumb":{"@id":"https:\/\/eldigitaldeasturias.com\/magazine365\/fabulist-travel-comercializara-los-relatos-turisticos-del-blog-mamas-viajeras\/#breadcrumblist"},"author":{"@id":"https:\/\/eldigitaldeasturias.com\/magazine365\/author\/admin\/#author"},"creator":{"@id":"https:\/\/eldigitaldeasturias.com\/magazine365\/author\/admin\/#author"},"image":{"@type":"ImageObject","url":"https:\/\/eldigitaldeasturias.com\/magazine365\/wp-content\/uploads\/2015\/12\/fotonoticia_20151229145715_800.jpg","@id":"https:\/\/eldigitaldeasturias.com\/magazine365\/fabulist-travel-comercializara-los-relatos-turisticos-del-blog-mamas-viajeras\/#mainImage","width":800,"height":534},"primaryImageOfPage":{"@id":"https:\/\/eldigitaldeasturias.com\/magazine365\/fabulist-travel-comercializara-los-relatos-turisticos-del-blog-mamas-viajeras\/#mainImage"},"datePublished":"2015-12-30T00:45:32+01:00","dateModified":"2015-12-30T00:45:32+01:00"},{"@type":"WebSite","@id":"https:\/\/eldigitaldeasturias.com\/magazine365\/#website","url":"https:\/\/eldigitaldeasturias.com\/magazine365\/","name":"El Digital de Asturias","description":"Revista de ocio, turismo y estilo de vida","inLanguage":"es-ES","publisher":{"@id":"https:\/\/eldigitaldeasturias.com\/magazine365\/#organization"}}]},"og:locale":"es_ES","og:site_name":"El Digital de Asturias \u2013 Revista de ocio, turismo y estilo de vida","og:type":"article","og:title":"Fabulist Travel comercializar\u00e1 los relatos tur\u00edsticos del blog Mam\u00e1s Viajeras | El Digital de Asturias","og:description":"Fabulist Travel, la 'startup' espa\u00f1ola enfocada a la planificaci\u00f3n de viajes familiares, comercializar\u00e1 los relatos tur\u00edsticos del blog sobre las experiencias de la periodista Johanna Sald\u00f3n, Mam\u00e1s Viajeras, a partir de diciembre. Con esta alianza la 'startup' propone viajes creados por y para mam\u00e1s aprovechando el lanzamiento de su nuevo portal FabulistTravel.com. La periodista creadora","og:url":"https:\/\/eldigitaldeasturias.com\/magazine365\/fabulist-travel-comercializara-los-relatos-turisticos-del-blog-mamas-viajeras\/","og:image":"https:\/\/eldigitaldeasturias.com\/magazine365\/wp-content\/uploads\/2015\/12\/fotonoticia_20151229145715_800.jpg","og:image:secure_url":"https:\/\/eldigitaldeasturias.com\/magazine365\/wp-content\/uploads\/2015\/12\/fotonoticia_20151229145715_800.jpg","og:image:width":800,"og:image:height":534,"article:published_time":"2015-12-29T23:45:32+00:00","article:modified_time":"2015-12-29T23:45:32+00:00","twitter:card":"summary_large_image","twitter:title":"Fabulist Travel comercializar\u00e1 los relatos tur\u00edsticos del blog Mam\u00e1s Viajeras | El Digital de Asturias","twitter:description":"Fabulist Travel, la 'startup' espa\u00f1ola enfocada a la planificaci\u00f3n de viajes familiares, comercializar\u00e1 los relatos tur\u00edsticos del blog sobre las experiencias de la periodista Johanna Sald\u00f3n, Mam\u00e1s Viajeras, a partir de diciembre. Con esta alianza la 'startup' propone viajes creados por y para mam\u00e1s aprovechando el lanzamiento de su nuevo portal FabulistTravel.com. La periodista creadora","twitter:image":"https:\/\/eldigitaldeasturias.com\/magazine365\/wp-content\/uploads\/2015\/12\/fotonoticia_20151229145715_800.jpg"},"aioseo_meta_data":{"post_id":"59482","title":null,"description":null,"keywords":null,"keyphrases":null,"primary_term":null,"canonical_url":null,"og_title":null,"og_description":null,"og_object_type":"default","og_image_type":"default","og_image_url":null,"og_image_width":null,"og_image_height":null,"og_image_custom_url":null,"og_image_custom_fields":null,"og_video":null,"og_custom_url":null,"og_article_section":null,"og_article_tags":null,"twitter_use_og":false,"twitter_card":"default","twitter_image_type":"default","twitter_image_url":null,"twitter_image_custom_url":null,"twitter_image_custom_fields":null,"twitter_title":null,"twitter_description":null,"schema":{"blockGraphs":[],"customGraphs":[],"default":{"data":{"Article":[],"Course":[],"Dataset":[],"FAQPage":[],"Movie":[],"Person":[],"Product":[],"ProductReview":[],"Car":[],"Recipe":[],"Service":[],"SoftwareApplication":[],"WebPage":[]},"graphName":"","isEnabled":true},"graphs":[],"defaultGraph":"","defaultPostTypeGraph":""},"schema_type":null,"schema_type_options":null,"pillar_content":false,"robots_default":true,"robots_noindex":false,"robots_noarchive":false,"robots_nosnippet":false,"robots_nofollow":false,"robots_noimageindex":false,"robots_noodp":false,"robots_notranslate":false,"robots_max_snippet":null,"robots_max_videopreview":null,"robots_max_imagepreview":"large","priority":null,"frequency":null,"location":null,"local_seo":null,"seo_analyzer_scan_date":"2025-09-25 05:01:18","breadcrumb_settings":null,"limit_modified_date":false,"open_ai":null,"ai":null,"created":"2021-03-08 22:15:58","updated":"2025-09-25 05:01:18"},"aioseo_breadcrumb":"<div class=\"aioseo-breadcrumbs\"><span class=\"aioseo-breadcrumb\">\n\t<a href=\"https:\/\/eldigitaldeasturias.com\/magazine365\" title=\"Home\">Home<\/a>\n<\/span><span class=\"aioseo-breadcrumb-separator\">\u2013<\/span><span class=\"aioseo-breadcrumb\">\n\t<a href=\"https:\/\/eldigitaldeasturias.com\/magazine365\/category\/noticias-actualidad\/\" title=\"Noticias y Actualidad\">Noticias y Actualidad<\/a>\n<\/span><span class=\"aioseo-breadcrumb-separator\">\u2013<\/span><span class=\"aioseo-breadcrumb\">\n\t<a href=\"https:\/\/eldigitaldeasturias.com\/magazine365\/fabulist-travel-comercializara-los-relatos-turisticos-del-blog-mamas-viajeras\/\" title=\"Fabulist Travel comercializar\u00e1 los relatos tur\u00edsticos del blog Mam\u00e1s Viajeras\">Fabulist Travel comercializar\u00e1 los relatos tur\u00edsticos del blog Mam\u00e1s Viajeras<\/a>\n<\/span><\/div>","aioseo_breadcrumb_json":[{"label":"Home","link":"https:\/\/eldigitaldeasturias.com\/magazine365"},{"label":"Noticias y Actualidad","link":"https:\/\/eldigitaldeasturias.com\/magazine365\/category\/noticias-actualidad\/"},{"label":"Fabulist Travel comercializar\u00e1 los relatos tur\u00edsticos del blog Mam\u00e1s Viajeras","link":"https:\/\/eldigitaldeasturias.com\/magazine365\/fabulist-travel-comercializara-los-relatos-turisticos-del-blog-mamas-viajeras\/"}],"_links":{"self":[{"href":"https:\/\/eldigitaldeasturias.com\/magazine365\/wp-json\/wp\/v2\/posts\/59482","targetHints":{"allow":["GET"]}}],"collection":[{"href":"https:\/\/eldigitaldeasturias.com\/magazine365\/wp-json\/wp\/v2\/posts"}],"about":[{"href":"https:\/\/eldigitaldeasturias.com\/magazine365\/wp-json\/wp\/v2\/types\/post"}],"author":[{"embeddable":true,"href":"https:\/\/eldigitaldeasturias.com\/magazine365\/wp-json\/wp\/v2\/users\/1"}],"replies":[{"embeddable":true,"href":"https:\/\/eldigitaldeasturias.com\/magazine365\/wp-json\/wp\/v2\/comments?post=59482"}],"version-history":[{"count":0,"href":"https:\/\/eldigitaldeasturias.com\/magazine365\/wp-json\/wp\/v2\/posts\/59482\/revisions"}],"wp:featuredmedia":[{"embeddable":true,"href":"https:\/\/eldigitaldeasturias.com\/magazine365\/wp-json\/wp\/v2\/media\/59483"}],"wp:attachment":[{"href":"https:\/\/eldigitaldeasturias.com\/magazine365\/wp-json\/wp\/v2\/media?parent=59482"}],"wp:term":[{"taxonomy":"category","embeddable":true,"href":"https:\/\/eldigitaldeasturias.com\/magazine365\/wp-json\/wp\/v2\/categories?post=59482"},{"taxonomy":"post_tag","embeddable":true,"href":"https:\/\/eldigitaldeasturias.com\/magazine365\/wp-json\/wp\/v2\/tags?post=59482"}],"curies":[{"name":"wp","href":"https:\/\/api.w.org\/{rel}","templated":true}]}}