{"id":59461,"date":"2015-12-30T00:25:32","date_gmt":"2015-12-29T23:25:32","guid":{"rendered":"http:\/\/eldigitaldeasturias.com\/magazine365\/?p=59461"},"modified":"2015-12-30T00:25:32","modified_gmt":"2015-12-29T23:25:32","slug":"la-capitalidad-gastronomica-de-toledo-se-anunciara-en-las-ciudades-ave-y-patrimonio","status":"publish","type":"post","link":"https:\/\/eldigitaldeasturias.com\/magazine365\/la-capitalidad-gastronomica-de-toledo-se-anunciara-en-las-ciudades-ave-y-patrimonio\/","title":{"rendered":"La Capitalidad Gastron\u00f3mica de Toledo se anunciar\u00e1 en las Ciudades AVE y Patrimonio"},"content":{"rendered":"<p><img fetchpriority=\"high\" decoding=\"async\" class=\"alignleft size-medium wp-image-59462\" src=\"https:\/\/eldigitaldeasturias.com\/magazine365\/wp-content\/uploads\/2015\/12\/fotonoticia_20151229132653_800-360x270.jpg\" alt=\"fotonoticia_20151229132653_800\" width=\"360\" height=\"270\" srcset=\"https:\/\/eldigitaldeasturias.com\/magazine365\/wp-content\/uploads\/2015\/12\/fotonoticia_20151229132653_800-360x270.jpg 360w, https:\/\/eldigitaldeasturias.com\/magazine365\/wp-content\/uploads\/2015\/12\/fotonoticia_20151229132653_800-650x488.jpg 650w, https:\/\/eldigitaldeasturias.com\/magazine365\/wp-content\/uploads\/2015\/12\/fotonoticia_20151229132653_800-768x576.jpg 768w, https:\/\/eldigitaldeasturias.com\/magazine365\/wp-content\/uploads\/2015\/12\/fotonoticia_20151229132653_800-150x113.jpg 150w, https:\/\/eldigitaldeasturias.com\/magazine365\/wp-content\/uploads\/2015\/12\/fotonoticia_20151229132653_800-450x338.jpg 450w, https:\/\/eldigitaldeasturias.com\/magazine365\/wp-content\/uploads\/2015\/12\/fotonoticia_20151229132653_800-80x60.jpg 80w, https:\/\/eldigitaldeasturias.com\/magazine365\/wp-content\/uploads\/2015\/12\/fotonoticia_20151229132653_800-265x198.jpg 265w, https:\/\/eldigitaldeasturias.com\/magazine365\/wp-content\/uploads\/2015\/12\/fotonoticia_20151229132653_800-696x522.jpg 696w, https:\/\/eldigitaldeasturias.com\/magazine365\/wp-content\/uploads\/2015\/12\/fotonoticia_20151229132653_800-560x420.jpg 560w, https:\/\/eldigitaldeasturias.com\/magazine365\/wp-content\/uploads\/2015\/12\/fotonoticia_20151229132653_800-90x67.jpg 90w, https:\/\/eldigitaldeasturias.com\/magazine365\/wp-content\/uploads\/2015\/12\/fotonoticia_20151229132653_800-164x124.jpg 164w, https:\/\/eldigitaldeasturias.com\/magazine365\/wp-content\/uploads\/2015\/12\/fotonoticia_20151229132653_800-100x75.jpg 100w, https:\/\/eldigitaldeasturias.com\/magazine365\/wp-content\/uploads\/2015\/12\/fotonoticia_20151229132653_800.jpg 800w\" sizes=\"(max-width: 360px) 100vw, 360px\" \/>La alcaldesa de Toledo, Milagros Tol\u00f3n, y el presidente de Castilla-La Mancha, Emiliano Garc\u00eda-Page, han suscrito este martes el convenio por el cual el Gobierno regional aporta 150.000 de los 225.000 euros destinados para la difusi\u00f3n de la imagen de la ciudad con motivo de la celebraci\u00f3n en 2016 de su Capitalidad Gastron\u00f3mica, con acciones promocionales a trav\u00e9s de la Red de Ciudades AVE, la de Ciudades Patrimonio de la Humanidad, a trav\u00e9s de El Corte Ingl\u00e9s o en lugares fuera de Espa\u00f1a como Londres, Tokyo, Shangai, Berl\u00edn o Par\u00eds.<\/p>\n<p>En rueda de prensa, el presidente auton\u00f3mico ha defendido que Toledo es \u00abuna locomotora descomunal\u00bb en materia tur\u00edstica y que esta celebraci\u00f3n tiene que servir \u00abpara echar m\u00e1s le\u00f1a y que vaya m\u00e1s r\u00e1pido\u00bb, haciendo de la capital regional \u00abla puerta de entrada a Castilla-La Mancha de una parte sustancial del turismo, como el gastron\u00f3mico, y siendo una tarjeta de presentaci\u00f3n mundial de la tierra de Cervantes\u00bb.<\/p>\n<p>En este sentido, ha avanzado que este mismo mi\u00e9rcoles se presentar\u00e1 el programa cultural para celebrar el IV Centenario de la muerte de Miguel de Cervantes, actividades que \u00abtienen que redundar de manera complementaria\u00bb a esta iniciativa.<\/p>\n<p>Ha subrayado adem\u00e1s que ha planteado al alcalde de Cuenca, \u00c1ngel Mariscal, que valore la posibilidad de presentarse para obtener esta Capitalidad en el futuro, algo para lo que tendr\u00e1 el apoyo del Gobierno regional.<\/p>\n<p>Para Garc\u00eda-Page, los turistas que puedan llegar a Toledo pueden ser \u00ablos mejores propagandistas\u00bb de la ciudad si se van \u00abbien comidos y bien bebidos\u00bb.<\/p>\n<p>TOL\u00d3N RECUERDA EL TRABAJO DE PAGE Y VALORA LA COLABORACI\u00d3N DE LA JUNTA<\/p>\n<p>De su lado, la alcaldesa de la ciudad, Milagros Tol\u00f3n, ha querido recordar que fue el propio Garc\u00eda-Page como antecesor suyo quien el 23 de enero de 2015 arranc\u00f3 con esta iniciativa desde la Alcald\u00eda de Toledo.<\/p>\n<p>Ha valorado que la colaboraci\u00f3n entre administraciones \u00abes importante\u00bb y ha avanzado que tambi\u00e9n se suscribir\u00e1 junto a la Diputaci\u00f3n de Toledo, ya que se trata de \u00abun proyecto de ciudad\u00bb.<\/p>\n<p>\u00abToledo va a ser Capital de la Gastronom\u00eda. Ser\u00e1 la \u00fanica ciudad del mundo que tendr\u00e1 esta marca. Este t\u00edtulo es para nosotros una oportunidad para potenciar nuestro principal sector, como es el de servicios y tur\u00edstico\u00bb, ha celebrado.<\/p>\n<p>Por todo ello, ha apostado por seguir \u00abcon esta fuente de riqueza\u00bb de la mano de un sector que \u00abest\u00e1 entregado\u00bb, aprovechando adem\u00e1s la \u00abcolaboraci\u00f3n estrecha de Junta, Diputaci\u00f3n y Turespa\u00f1a\u00bb.<\/p>\n<p>Tol\u00f3n ha puesto el acento en que la Capitalidad ha llegado tras seis meses de \u00abintenso trabajo\u00bb acentuando todo el sector hostelero, lo que ser\u00e1 \u00abmuy beneficioso\u00bb a lo largo del pr\u00f3ximo a\u00f1o.<\/p>\n<p>Ha querido recordar que a partir del mes de noviembre de 2016 se celebrar\u00e1 el XXX Aniversario de la declaraci\u00f3n de Toledo como Ciudad Patrimonio de la Humanidad y el IV Centenario de la muerte de Cervantes, lo que se unir\u00e1 a esta efem\u00e9ride.<\/p>\n<p>Ha anunciado que todas las actuaciones van a ser \u00abconsensuadas\u00bb no solo con el resto de administraciones, sino tambi\u00e9n con el sector.<\/p>\n<p>Sobre el convenio que este martes se firmaba, ha declarado que servir\u00e1 para realizar una \u00abbuena promoci\u00f3n tur\u00edstica\u00bb que colocar\u00e1 a Toledo \u00aba nivel nacional e internacional\u00bb en materia de promoci\u00f3n.<\/p>\n<p>PROTAGONISMO EN FITUR<\/p>\n<p>Se aprovechar\u00e1 igualmente el escaparate de la Feria Internacional de Turismo (Fitur) de Madrid en unas semanas, de la mano de Turespa\u00f1a y de cara a la promoci\u00f3n en todo el mundo, \u00aby en ciudades como Berl\u00edn, Par\u00eds, Londres, Tokyo o Shangai\u00bb.<\/p>\n<p>Milagros Tol\u00f3n ha enfatizado que la intenci\u00f3n es no solo potenciar la gastronom\u00eda este a\u00f1o, sino que su deseo es que todo el 2016 \u00absea un espaldarazo definitivo\u00bb para el sector toledano.<\/p>\n<p>El Corte Ingl\u00e9s, la red de ciudades AVE o la red de Ciudades Patrimonio ser\u00e1n otras de las herramientas a trav\u00e9s de las cuales el Ayuntamiento de Toledo colocar\u00e1 la imagen de la Capitalidad Gastron\u00f3mica en distintos puntos de Espa\u00f1a.<\/p>\n<p>FRANCO APUESTA POR POSICIONAR TOLEDO COMO \u00abUNA MARCA DE CALIDAD\u00bb<\/p>\n<p>De su lado, la consejera de Econom\u00eda, Empresas y Empleo, Patricia Franco, ha abogado por aprovechar esta celebraci\u00f3n para colocar a Toledo como \u00abuna marca de calidad\u00bb en materia de turismo m\u00e1s all\u00e1 de 2016.<\/p>\n<p>Ha se\u00f1alado que el perfil de los turistas gastron\u00f3micos dejan una media de 1.500 euros en sus visitas y que a nivel nacional son m\u00e1s de 10 millones los que acudieron a Espa\u00f1a el pasado a\u00f1o.<\/p>\n<p>Tambi\u00e9n ha apostado por unificar las actividades previstas para la celebraci\u00f3n del XXX Aniversario de la ciudad como Patrimonio de la Humanidad, animando al sector a ser part\u00edcipe de las mismas.<\/p>\n","protected":false},"excerpt":{"rendered":"<p>La alcaldesa de Toledo, Milagros Tol\u00f3n, y el presidente de Castilla-La Mancha, Emiliano Garc\u00eda-Page, han suscrito este martes el convenio por el cual el Gobierno regional aporta 150.000 de los 225.000 euros destinados para la difusi\u00f3n de la imagen de la ciudad con motivo de la celebraci\u00f3n en 2016 de su Capitalidad Gastron\u00f3mica, con acciones<\/p>\n","protected":false},"author":1,"featured_media":59462,"comment_status":"open","ping_status":"closed","sticky":false,"template":"","format":"standard","meta":{"footnotes":""},"categories":[224],"tags":[],"class_list":{"0":"post-59461","1":"post","2":"type-post","3":"status-publish","4":"format-standard","5":"has-post-thumbnail","7":"category-noticias-actualidad"},"aioseo_notices":[],"aioseo_head":"\n\t\t<!-- All in One SEO Pro 4.9.6.1 - aioseo.com -->\n\t<meta name=\"description\" content=\"La alcaldesa de Toledo, Milagros Tol\u00f3n, y el presidente de Castilla-La Mancha, Emiliano Garc\u00eda-Page, han suscrito este martes el convenio por el cual el Gobierno regional aporta 150.000 de los 225.000 euros destinados para la difusi\u00f3n de la imagen de la ciudad con motivo de la celebraci\u00f3n en 2016 de su Capitalidad Gastron\u00f3mica, con acciones\" \/>\n\t<meta name=\"robots\" content=\"max-image-preview:large\" \/>\n\t<meta name=\"author\" content=\"admin\"\/>\n\t<meta name=\"google-site-verification\" content=\"UA-38556648-1\" \/>\n\t<meta name=\"keywords\" content=\"noticias y actualidad\" \/>\n\t<link rel=\"canonical\" href=\"https:\/\/eldigitaldeasturias.com\/magazine365\/la-capitalidad-gastronomica-de-toledo-se-anunciara-en-las-ciudades-ave-y-patrimonio\/\" \/>\n\t<meta name=\"generator\" content=\"All in One SEO Pro (AIOSEO) 4.9.6.1\" \/>\n\t\t<meta property=\"og:locale\" content=\"es_ES\" \/>\n\t\t<meta property=\"og:site_name\" content=\"El Digital de Asturias \u2013 Revista de ocio, turismo y estilo de vida\" \/>\n\t\t<meta property=\"og:type\" content=\"article\" \/>\n\t\t<meta property=\"og:title\" content=\"La Capitalidad Gastron\u00f3mica de Toledo se anunciar\u00e1 en las Ciudades AVE y Patrimonio | El Digital de Asturias\" \/>\n\t\t<meta property=\"og:description\" content=\"La alcaldesa de Toledo, Milagros Tol\u00f3n, y el presidente de Castilla-La Mancha, Emiliano Garc\u00eda-Page, han suscrito este martes el convenio por el cual el Gobierno regional aporta 150.000 de los 225.000 euros destinados para la difusi\u00f3n de la imagen de la ciudad con motivo de la celebraci\u00f3n en 2016 de su Capitalidad Gastron\u00f3mica, con acciones\" \/>\n\t\t<meta property=\"og:url\" content=\"https:\/\/eldigitaldeasturias.com\/magazine365\/la-capitalidad-gastronomica-de-toledo-se-anunciara-en-las-ciudades-ave-y-patrimonio\/\" \/>\n\t\t<meta property=\"og:image\" content=\"https:\/\/eldigitaldeasturias.com\/magazine365\/wp-content\/uploads\/2015\/12\/fotonoticia_20151229132653_800.jpg\" \/>\n\t\t<meta property=\"og:image:secure_url\" content=\"https:\/\/eldigitaldeasturias.com\/magazine365\/wp-content\/uploads\/2015\/12\/fotonoticia_20151229132653_800.jpg\" \/>\n\t\t<meta property=\"og:image:width\" content=\"800\" \/>\n\t\t<meta property=\"og:image:height\" content=\"600\" \/>\n\t\t<meta property=\"article:published_time\" content=\"2015-12-29T23:25:32+00:00\" \/>\n\t\t<meta property=\"article:modified_time\" content=\"2015-12-29T23:25:32+00:00\" \/>\n\t\t<meta name=\"twitter:card\" content=\"summary_large_image\" \/>\n\t\t<meta name=\"twitter:title\" content=\"La Capitalidad Gastron\u00f3mica de Toledo se anunciar\u00e1 en las Ciudades AVE y Patrimonio | El Digital de Asturias\" \/>\n\t\t<meta name=\"twitter:description\" content=\"La alcaldesa de Toledo, Milagros Tol\u00f3n, y el presidente de Castilla-La Mancha, Emiliano Garc\u00eda-Page, han suscrito este martes el convenio por el cual el Gobierno regional aporta 150.000 de los 225.000 euros destinados para la difusi\u00f3n de la imagen de la ciudad con motivo de la celebraci\u00f3n en 2016 de su Capitalidad Gastron\u00f3mica, con acciones\" \/>\n\t\t<meta name=\"twitter:image\" content=\"https:\/\/eldigitaldeasturias.com\/magazine365\/wp-content\/uploads\/2015\/12\/fotonoticia_20151229132653_800.jpg\" \/>\n\t\t<script type=\"application\/ld+json\" class=\"aioseo-schema\">\n\t\t\t{\"@context\":\"https:\\\/\\\/schema.org\",\"@graph\":[{\"@type\":\"Article\",\"@id\":\"https:\\\/\\\/eldigitaldeasturias.com\\\/magazine365\\\/la-capitalidad-gastronomica-de-toledo-se-anunciara-en-las-ciudades-ave-y-patrimonio\\\/#article\",\"name\":\"La Capitalidad Gastron\\u00f3mica de Toledo se anunciar\\u00e1 en las Ciudades AVE y Patrimonio | El Digital de Asturias\",\"headline\":\"La Capitalidad Gastron\\u00f3mica de Toledo se anunciar\\u00e1 en las Ciudades AVE y Patrimonio\",\"author\":{\"@id\":\"https:\\\/\\\/eldigitaldeasturias.com\\\/magazine365\\\/author\\\/admin\\\/#author\"},\"publisher\":{\"@id\":\"https:\\\/\\\/eldigitaldeasturias.com\\\/magazine365\\\/#organization\"},\"image\":{\"@type\":\"ImageObject\",\"url\":\"https:\\\/\\\/eldigitaldeasturias.com\\\/magazine365\\\/wp-content\\\/uploads\\\/2015\\\/12\\\/fotonoticia_20151229132653_800.jpg\",\"width\":800,\"height\":600},\"datePublished\":\"2015-12-30T00:25:32+01:00\",\"dateModified\":\"2015-12-30T00:25:32+01:00\",\"inLanguage\":\"es-ES\",\"mainEntityOfPage\":{\"@id\":\"https:\\\/\\\/eldigitaldeasturias.com\\\/magazine365\\\/la-capitalidad-gastronomica-de-toledo-se-anunciara-en-las-ciudades-ave-y-patrimonio\\\/#webpage\"},\"isPartOf\":{\"@id\":\"https:\\\/\\\/eldigitaldeasturias.com\\\/magazine365\\\/la-capitalidad-gastronomica-de-toledo-se-anunciara-en-las-ciudades-ave-y-patrimonio\\\/#webpage\"},\"articleSection\":\"Noticias y Actualidad\"},{\"@type\":\"BreadcrumbList\",\"@id\":\"https:\\\/\\\/eldigitaldeasturias.com\\\/magazine365\\\/la-capitalidad-gastronomica-de-toledo-se-anunciara-en-las-ciudades-ave-y-patrimonio\\\/#breadcrumblist\",\"itemListElement\":[{\"@type\":\"ListItem\",\"@id\":\"https:\\\/\\\/eldigitaldeasturias.com\\\/magazine365#listItem\",\"position\":1,\"name\":\"Home\",\"item\":\"https:\\\/\\\/eldigitaldeasturias.com\\\/magazine365\",\"nextItem\":{\"@type\":\"ListItem\",\"@id\":\"https:\\\/\\\/eldigitaldeasturias.com\\\/magazine365\\\/category\\\/noticias-actualidad\\\/#listItem\",\"name\":\"Noticias y Actualidad\"}},{\"@type\":\"ListItem\",\"@id\":\"https:\\\/\\\/eldigitaldeasturias.com\\\/magazine365\\\/category\\\/noticias-actualidad\\\/#listItem\",\"position\":2,\"name\":\"Noticias y Actualidad\",\"item\":\"https:\\\/\\\/eldigitaldeasturias.com\\\/magazine365\\\/category\\\/noticias-actualidad\\\/\",\"nextItem\":{\"@type\":\"ListItem\",\"@id\":\"https:\\\/\\\/eldigitaldeasturias.com\\\/magazine365\\\/la-capitalidad-gastronomica-de-toledo-se-anunciara-en-las-ciudades-ave-y-patrimonio\\\/#listItem\",\"name\":\"La Capitalidad Gastron\\u00f3mica de Toledo se anunciar\\u00e1 en las Ciudades AVE y Patrimonio\"},\"previousItem\":{\"@type\":\"ListItem\",\"@id\":\"https:\\\/\\\/eldigitaldeasturias.com\\\/magazine365#listItem\",\"name\":\"Home\"}},{\"@type\":\"ListItem\",\"@id\":\"https:\\\/\\\/eldigitaldeasturias.com\\\/magazine365\\\/la-capitalidad-gastronomica-de-toledo-se-anunciara-en-las-ciudades-ave-y-patrimonio\\\/#listItem\",\"position\":3,\"name\":\"La Capitalidad Gastron\\u00f3mica de Toledo se anunciar\\u00e1 en las Ciudades AVE y Patrimonio\",\"previousItem\":{\"@type\":\"ListItem\",\"@id\":\"https:\\\/\\\/eldigitaldeasturias.com\\\/magazine365\\\/category\\\/noticias-actualidad\\\/#listItem\",\"name\":\"Noticias y Actualidad\"}}]},{\"@type\":\"Organization\",\"@id\":\"https:\\\/\\\/eldigitaldeasturias.com\\\/magazine365\\\/#organization\",\"name\":\"El digital de Asturias\",\"description\":\"Revista de ocio, turismo y estilo de vida\",\"url\":\"https:\\\/\\\/eldigitaldeasturias.com\\\/magazine365\\\/\",\"logo\":{\"@type\":\"ImageObject\",\"url\":\"https:\\\/\\\/www.eldigitaldeasturias.com\\\/noticias\\\/wp-content\\\/uploads\\\/2020\\\/12\\\/EDA.jpg\",\"@id\":\"https:\\\/\\\/eldigitaldeasturias.com\\\/magazine365\\\/la-capitalidad-gastronomica-de-toledo-se-anunciara-en-las-ciudades-ave-y-patrimonio\\\/#organizationLogo\"},\"image\":{\"@id\":\"https:\\\/\\\/eldigitaldeasturias.com\\\/magazine365\\\/la-capitalidad-gastronomica-de-toledo-se-anunciara-en-las-ciudades-ave-y-patrimonio\\\/#organizationLogo\"}},{\"@type\":\"Person\",\"@id\":\"https:\\\/\\\/eldigitaldeasturias.com\\\/magazine365\\\/author\\\/admin\\\/#author\",\"url\":\"https:\\\/\\\/eldigitaldeasturias.com\\\/magazine365\\\/author\\\/admin\\\/\",\"name\":\"admin\",\"image\":{\"@type\":\"ImageObject\",\"@id\":\"https:\\\/\\\/eldigitaldeasturias.com\\\/magazine365\\\/la-capitalidad-gastronomica-de-toledo-se-anunciara-en-las-ciudades-ave-y-patrimonio\\\/#authorImage\",\"url\":\"https:\\\/\\\/eldigitaldeasturias.com\\\/magazine365\\\/wp-content\\\/litespeed\\\/avatar\\\/e571bcf59a0edd6fa6838245a470f2fe.jpg?ver=1777574230\",\"width\":96,\"height\":96,\"caption\":\"admin\"}},{\"@type\":\"WebPage\",\"@id\":\"https:\\\/\\\/eldigitaldeasturias.com\\\/magazine365\\\/la-capitalidad-gastronomica-de-toledo-se-anunciara-en-las-ciudades-ave-y-patrimonio\\\/#webpage\",\"url\":\"https:\\\/\\\/eldigitaldeasturias.com\\\/magazine365\\\/la-capitalidad-gastronomica-de-toledo-se-anunciara-en-las-ciudades-ave-y-patrimonio\\\/\",\"name\":\"La Capitalidad Gastron\\u00f3mica de Toledo se anunciar\\u00e1 en las Ciudades AVE y Patrimonio | El Digital de Asturias\",\"description\":\"La alcaldesa de Toledo, Milagros Tol\\u00f3n, y el presidente de Castilla-La Mancha, Emiliano Garc\\u00eda-Page, han suscrito este martes el convenio por el cual el Gobierno regional aporta 150.000 de los 225.000 euros destinados para la difusi\\u00f3n de la imagen de la ciudad con motivo de la celebraci\\u00f3n en 2016 de su Capitalidad Gastron\\u00f3mica, con acciones\",\"inLanguage\":\"es-ES\",\"isPartOf\":{\"@id\":\"https:\\\/\\\/eldigitaldeasturias.com\\\/magazine365\\\/#website\"},\"breadcrumb\":{\"@id\":\"https:\\\/\\\/eldigitaldeasturias.com\\\/magazine365\\\/la-capitalidad-gastronomica-de-toledo-se-anunciara-en-las-ciudades-ave-y-patrimonio\\\/#breadcrumblist\"},\"author\":{\"@id\":\"https:\\\/\\\/eldigitaldeasturias.com\\\/magazine365\\\/author\\\/admin\\\/#author\"},\"creator\":{\"@id\":\"https:\\\/\\\/eldigitaldeasturias.com\\\/magazine365\\\/author\\\/admin\\\/#author\"},\"image\":{\"@type\":\"ImageObject\",\"url\":\"https:\\\/\\\/eldigitaldeasturias.com\\\/magazine365\\\/wp-content\\\/uploads\\\/2015\\\/12\\\/fotonoticia_20151229132653_800.jpg\",\"@id\":\"https:\\\/\\\/eldigitaldeasturias.com\\\/magazine365\\\/la-capitalidad-gastronomica-de-toledo-se-anunciara-en-las-ciudades-ave-y-patrimonio\\\/#mainImage\",\"width\":800,\"height\":600},\"primaryImageOfPage\":{\"@id\":\"https:\\\/\\\/eldigitaldeasturias.com\\\/magazine365\\\/la-capitalidad-gastronomica-de-toledo-se-anunciara-en-las-ciudades-ave-y-patrimonio\\\/#mainImage\"},\"datePublished\":\"2015-12-30T00:25:32+01:00\",\"dateModified\":\"2015-12-30T00:25:32+01:00\"},{\"@type\":\"WebSite\",\"@id\":\"https:\\\/\\\/eldigitaldeasturias.com\\\/magazine365\\\/#website\",\"url\":\"https:\\\/\\\/eldigitaldeasturias.com\\\/magazine365\\\/\",\"name\":\"El Digital de Asturias\",\"description\":\"Revista de ocio, turismo y estilo de vida\",\"inLanguage\":\"es-ES\",\"publisher\":{\"@id\":\"https:\\\/\\\/eldigitaldeasturias.com\\\/magazine365\\\/#organization\"}}]}\n\t\t<\/script>\n\t\t<!-- All in One SEO Pro -->\r\n\t\t<title>La Capitalidad Gastron\u00f3mica de Toledo se anunciar\u00e1 en las Ciudades AVE y Patrimonio | El Digital de Asturias<\/title>\n\n","aioseo_head_json":{"title":"La Capitalidad Gastron\u00f3mica de Toledo se anunciar\u00e1 en las Ciudades AVE y Patrimonio | El Digital de Asturias","description":"La alcaldesa de Toledo, Milagros Tol\u00f3n, y el presidente de Castilla-La Mancha, Emiliano Garc\u00eda-Page, han suscrito este martes el convenio por el cual el Gobierno regional aporta 150.000 de los 225.000 euros destinados para la difusi\u00f3n de la imagen de la ciudad con motivo de la celebraci\u00f3n en 2016 de su Capitalidad Gastron\u00f3mica, con acciones","canonical_url":"https:\/\/eldigitaldeasturias.com\/magazine365\/la-capitalidad-gastronomica-de-toledo-se-anunciara-en-las-ciudades-ave-y-patrimonio\/","robots":"max-image-preview:large","keywords":"noticias y actualidad","webmasterTools":{"google-site-verification":"UA-38556648-1","miscellaneous":""},"schema":{"@context":"https:\/\/schema.org","@graph":[{"@type":"Article","@id":"https:\/\/eldigitaldeasturias.com\/magazine365\/la-capitalidad-gastronomica-de-toledo-se-anunciara-en-las-ciudades-ave-y-patrimonio\/#article","name":"La Capitalidad Gastron\u00f3mica de Toledo se anunciar\u00e1 en las Ciudades AVE y Patrimonio | El Digital de Asturias","headline":"La Capitalidad Gastron\u00f3mica de Toledo se anunciar\u00e1 en las Ciudades AVE y Patrimonio","author":{"@id":"https:\/\/eldigitaldeasturias.com\/magazine365\/author\/admin\/#author"},"publisher":{"@id":"https:\/\/eldigitaldeasturias.com\/magazine365\/#organization"},"image":{"@type":"ImageObject","url":"https:\/\/eldigitaldeasturias.com\/magazine365\/wp-content\/uploads\/2015\/12\/fotonoticia_20151229132653_800.jpg","width":800,"height":600},"datePublished":"2015-12-30T00:25:32+01:00","dateModified":"2015-12-30T00:25:32+01:00","inLanguage":"es-ES","mainEntityOfPage":{"@id":"https:\/\/eldigitaldeasturias.com\/magazine365\/la-capitalidad-gastronomica-de-toledo-se-anunciara-en-las-ciudades-ave-y-patrimonio\/#webpage"},"isPartOf":{"@id":"https:\/\/eldigitaldeasturias.com\/magazine365\/la-capitalidad-gastronomica-de-toledo-se-anunciara-en-las-ciudades-ave-y-patrimonio\/#webpage"},"articleSection":"Noticias y Actualidad"},{"@type":"BreadcrumbList","@id":"https:\/\/eldigitaldeasturias.com\/magazine365\/la-capitalidad-gastronomica-de-toledo-se-anunciara-en-las-ciudades-ave-y-patrimonio\/#breadcrumblist","itemListElement":[{"@type":"ListItem","@id":"https:\/\/eldigitaldeasturias.com\/magazine365#listItem","position":1,"name":"Home","item":"https:\/\/eldigitaldeasturias.com\/magazine365","nextItem":{"@type":"ListItem","@id":"https:\/\/eldigitaldeasturias.com\/magazine365\/category\/noticias-actualidad\/#listItem","name":"Noticias y Actualidad"}},{"@type":"ListItem","@id":"https:\/\/eldigitaldeasturias.com\/magazine365\/category\/noticias-actualidad\/#listItem","position":2,"name":"Noticias y Actualidad","item":"https:\/\/eldigitaldeasturias.com\/magazine365\/category\/noticias-actualidad\/","nextItem":{"@type":"ListItem","@id":"https:\/\/eldigitaldeasturias.com\/magazine365\/la-capitalidad-gastronomica-de-toledo-se-anunciara-en-las-ciudades-ave-y-patrimonio\/#listItem","name":"La Capitalidad Gastron\u00f3mica de Toledo se anunciar\u00e1 en las Ciudades AVE y Patrimonio"},"previousItem":{"@type":"ListItem","@id":"https:\/\/eldigitaldeasturias.com\/magazine365#listItem","name":"Home"}},{"@type":"ListItem","@id":"https:\/\/eldigitaldeasturias.com\/magazine365\/la-capitalidad-gastronomica-de-toledo-se-anunciara-en-las-ciudades-ave-y-patrimonio\/#listItem","position":3,"name":"La Capitalidad Gastron\u00f3mica de Toledo se anunciar\u00e1 en las Ciudades AVE y Patrimonio","previousItem":{"@type":"ListItem","@id":"https:\/\/eldigitaldeasturias.com\/magazine365\/category\/noticias-actualidad\/#listItem","name":"Noticias y Actualidad"}}]},{"@type":"Organization","@id":"https:\/\/eldigitaldeasturias.com\/magazine365\/#organization","name":"El digital de Asturias","description":"Revista de ocio, turismo y estilo de vida","url":"https:\/\/eldigitaldeasturias.com\/magazine365\/","logo":{"@type":"ImageObject","url":"https:\/\/www.eldigitaldeasturias.com\/noticias\/wp-content\/uploads\/2020\/12\/EDA.jpg","@id":"https:\/\/eldigitaldeasturias.com\/magazine365\/la-capitalidad-gastronomica-de-toledo-se-anunciara-en-las-ciudades-ave-y-patrimonio\/#organizationLogo"},"image":{"@id":"https:\/\/eldigitaldeasturias.com\/magazine365\/la-capitalidad-gastronomica-de-toledo-se-anunciara-en-las-ciudades-ave-y-patrimonio\/#organizationLogo"}},{"@type":"Person","@id":"https:\/\/eldigitaldeasturias.com\/magazine365\/author\/admin\/#author","url":"https:\/\/eldigitaldeasturias.com\/magazine365\/author\/admin\/","name":"admin","image":{"@type":"ImageObject","@id":"https:\/\/eldigitaldeasturias.com\/magazine365\/la-capitalidad-gastronomica-de-toledo-se-anunciara-en-las-ciudades-ave-y-patrimonio\/#authorImage","url":"https:\/\/eldigitaldeasturias.com\/magazine365\/wp-content\/litespeed\/avatar\/e571bcf59a0edd6fa6838245a470f2fe.jpg?ver=1777574230","width":96,"height":96,"caption":"admin"}},{"@type":"WebPage","@id":"https:\/\/eldigitaldeasturias.com\/magazine365\/la-capitalidad-gastronomica-de-toledo-se-anunciara-en-las-ciudades-ave-y-patrimonio\/#webpage","url":"https:\/\/eldigitaldeasturias.com\/magazine365\/la-capitalidad-gastronomica-de-toledo-se-anunciara-en-las-ciudades-ave-y-patrimonio\/","name":"La Capitalidad Gastron\u00f3mica de Toledo se anunciar\u00e1 en las Ciudades AVE y Patrimonio | El Digital de Asturias","description":"La alcaldesa de Toledo, Milagros Tol\u00f3n, y el presidente de Castilla-La Mancha, Emiliano Garc\u00eda-Page, han suscrito este martes el convenio por el cual el Gobierno regional aporta 150.000 de los 225.000 euros destinados para la difusi\u00f3n de la imagen de la ciudad con motivo de la celebraci\u00f3n en 2016 de su Capitalidad Gastron\u00f3mica, con acciones","inLanguage":"es-ES","isPartOf":{"@id":"https:\/\/eldigitaldeasturias.com\/magazine365\/#website"},"breadcrumb":{"@id":"https:\/\/eldigitaldeasturias.com\/magazine365\/la-capitalidad-gastronomica-de-toledo-se-anunciara-en-las-ciudades-ave-y-patrimonio\/#breadcrumblist"},"author":{"@id":"https:\/\/eldigitaldeasturias.com\/magazine365\/author\/admin\/#author"},"creator":{"@id":"https:\/\/eldigitaldeasturias.com\/magazine365\/author\/admin\/#author"},"image":{"@type":"ImageObject","url":"https:\/\/eldigitaldeasturias.com\/magazine365\/wp-content\/uploads\/2015\/12\/fotonoticia_20151229132653_800.jpg","@id":"https:\/\/eldigitaldeasturias.com\/magazine365\/la-capitalidad-gastronomica-de-toledo-se-anunciara-en-las-ciudades-ave-y-patrimonio\/#mainImage","width":800,"height":600},"primaryImageOfPage":{"@id":"https:\/\/eldigitaldeasturias.com\/magazine365\/la-capitalidad-gastronomica-de-toledo-se-anunciara-en-las-ciudades-ave-y-patrimonio\/#mainImage"},"datePublished":"2015-12-30T00:25:32+01:00","dateModified":"2015-12-30T00:25:32+01:00"},{"@type":"WebSite","@id":"https:\/\/eldigitaldeasturias.com\/magazine365\/#website","url":"https:\/\/eldigitaldeasturias.com\/magazine365\/","name":"El Digital de Asturias","description":"Revista de ocio, turismo y estilo de vida","inLanguage":"es-ES","publisher":{"@id":"https:\/\/eldigitaldeasturias.com\/magazine365\/#organization"}}]},"og:locale":"es_ES","og:site_name":"El Digital de Asturias \u2013 Revista de ocio, turismo y estilo de vida","og:type":"article","og:title":"La Capitalidad Gastron\u00f3mica de Toledo se anunciar\u00e1 en las Ciudades AVE y Patrimonio | El Digital de Asturias","og:description":"La alcaldesa de Toledo, Milagros Tol\u00f3n, y el presidente de Castilla-La Mancha, Emiliano Garc\u00eda-Page, han suscrito este martes el convenio por el cual el Gobierno regional aporta 150.000 de los 225.000 euros destinados para la difusi\u00f3n de la imagen de la ciudad con motivo de la celebraci\u00f3n en 2016 de su Capitalidad Gastron\u00f3mica, con acciones","og:url":"https:\/\/eldigitaldeasturias.com\/magazine365\/la-capitalidad-gastronomica-de-toledo-se-anunciara-en-las-ciudades-ave-y-patrimonio\/","og:image":"https:\/\/eldigitaldeasturias.com\/magazine365\/wp-content\/uploads\/2015\/12\/fotonoticia_20151229132653_800.jpg","og:image:secure_url":"https:\/\/eldigitaldeasturias.com\/magazine365\/wp-content\/uploads\/2015\/12\/fotonoticia_20151229132653_800.jpg","og:image:width":800,"og:image:height":600,"article:published_time":"2015-12-29T23:25:32+00:00","article:modified_time":"2015-12-29T23:25:32+00:00","twitter:card":"summary_large_image","twitter:title":"La Capitalidad Gastron\u00f3mica de Toledo se anunciar\u00e1 en las Ciudades AVE y Patrimonio | El Digital de Asturias","twitter:description":"La alcaldesa de Toledo, Milagros Tol\u00f3n, y el presidente de Castilla-La Mancha, Emiliano Garc\u00eda-Page, han suscrito este martes el convenio por el cual el Gobierno regional aporta 150.000 de los 225.000 euros destinados para la difusi\u00f3n de la imagen de la ciudad con motivo de la celebraci\u00f3n en 2016 de su Capitalidad Gastron\u00f3mica, con acciones","twitter:image":"https:\/\/eldigitaldeasturias.com\/magazine365\/wp-content\/uploads\/2015\/12\/fotonoticia_20151229132653_800.jpg"},"aioseo_meta_data":{"post_id":"59461","title":null,"description":null,"keywords":null,"keyphrases":null,"primary_term":null,"canonical_url":null,"og_title":null,"og_description":null,"og_object_type":"default","og_image_type":"default","og_image_url":null,"og_image_width":null,"og_image_height":null,"og_image_custom_url":null,"og_image_custom_fields":null,"og_video":null,"og_custom_url":null,"og_article_section":null,"og_article_tags":null,"twitter_use_og":false,"twitter_card":"default","twitter_image_type":"default","twitter_image_url":null,"twitter_image_custom_url":null,"twitter_image_custom_fields":null,"twitter_title":null,"twitter_description":null,"schema":{"blockGraphs":[],"customGraphs":[],"default":{"data":{"Article":[],"Course":[],"Dataset":[],"FAQPage":[],"Movie":[],"Person":[],"Product":[],"ProductReview":[],"Car":[],"Recipe":[],"Service":[],"SoftwareApplication":[],"WebPage":[]},"graphName":"","isEnabled":true},"graphs":[],"defaultGraph":"","defaultPostTypeGraph":""},"schema_type":null,"schema_type_options":null,"pillar_content":false,"robots_default":true,"robots_noindex":false,"robots_noarchive":false,"robots_nosnippet":false,"robots_nofollow":false,"robots_noimageindex":false,"robots_noodp":false,"robots_notranslate":false,"robots_max_snippet":null,"robots_max_videopreview":null,"robots_max_imagepreview":"large","priority":null,"frequency":null,"location":null,"local_seo":null,"seo_analyzer_scan_date":"2025-09-25 04:59:14","breadcrumb_settings":null,"limit_modified_date":false,"open_ai":null,"ai":null,"created":"2021-03-08 22:15:58","updated":"2025-09-25 04:59:14"},"aioseo_breadcrumb":"<div class=\"aioseo-breadcrumbs\"><span class=\"aioseo-breadcrumb\">\n\t<a href=\"https:\/\/eldigitaldeasturias.com\/magazine365\" title=\"Home\">Home<\/a>\n<\/span><span class=\"aioseo-breadcrumb-separator\">\u2013<\/span><span class=\"aioseo-breadcrumb\">\n\t<a href=\"https:\/\/eldigitaldeasturias.com\/magazine365\/category\/noticias-actualidad\/\" title=\"Noticias y Actualidad\">Noticias y Actualidad<\/a>\n<\/span><span class=\"aioseo-breadcrumb-separator\">\u2013<\/span><span class=\"aioseo-breadcrumb\">\n\t<a href=\"https:\/\/eldigitaldeasturias.com\/magazine365\/la-capitalidad-gastronomica-de-toledo-se-anunciara-en-las-ciudades-ave-y-patrimonio\/\" title=\"La Capitalidad Gastron\u00f3mica de Toledo se anunciar\u00e1 en las Ciudades AVE y Patrimonio\">La Capitalidad Gastron\u00f3mica de Toledo se anunciar\u00e1 en las Ciudades AVE y Patrimonio<\/a>\n<\/span><\/div>","aioseo_breadcrumb_json":[{"label":"Home","link":"https:\/\/eldigitaldeasturias.com\/magazine365"},{"label":"Noticias y Actualidad","link":"https:\/\/eldigitaldeasturias.com\/magazine365\/category\/noticias-actualidad\/"},{"label":"La Capitalidad Gastron\u00f3mica de Toledo se anunciar\u00e1 en las Ciudades AVE y Patrimonio","link":"https:\/\/eldigitaldeasturias.com\/magazine365\/la-capitalidad-gastronomica-de-toledo-se-anunciara-en-las-ciudades-ave-y-patrimonio\/"}],"_links":{"self":[{"href":"https:\/\/eldigitaldeasturias.com\/magazine365\/wp-json\/wp\/v2\/posts\/59461","targetHints":{"allow":["GET"]}}],"collection":[{"href":"https:\/\/eldigitaldeasturias.com\/magazine365\/wp-json\/wp\/v2\/posts"}],"about":[{"href":"https:\/\/eldigitaldeasturias.com\/magazine365\/wp-json\/wp\/v2\/types\/post"}],"author":[{"embeddable":true,"href":"https:\/\/eldigitaldeasturias.com\/magazine365\/wp-json\/wp\/v2\/users\/1"}],"replies":[{"embeddable":true,"href":"https:\/\/eldigitaldeasturias.com\/magazine365\/wp-json\/wp\/v2\/comments?post=59461"}],"version-history":[{"count":0,"href":"https:\/\/eldigitaldeasturias.com\/magazine365\/wp-json\/wp\/v2\/posts\/59461\/revisions"}],"wp:featuredmedia":[{"embeddable":true,"href":"https:\/\/eldigitaldeasturias.com\/magazine365\/wp-json\/wp\/v2\/media\/59462"}],"wp:attachment":[{"href":"https:\/\/eldigitaldeasturias.com\/magazine365\/wp-json\/wp\/v2\/media?parent=59461"}],"wp:term":[{"taxonomy":"category","embeddable":true,"href":"https:\/\/eldigitaldeasturias.com\/magazine365\/wp-json\/wp\/v2\/categories?post=59461"},{"taxonomy":"post_tag","embeddable":true,"href":"https:\/\/eldigitaldeasturias.com\/magazine365\/wp-json\/wp\/v2\/tags?post=59461"}],"curies":[{"name":"wp","href":"https:\/\/api.w.org\/{rel}","templated":true}]}}