{"id":59449,"date":"2015-12-30T00:13:31","date_gmt":"2015-12-29T23:13:31","guid":{"rendered":"http:\/\/eldigitaldeasturias.com\/magazine365\/?p=59449"},"modified":"2015-12-30T00:13:31","modified_gmt":"2015-12-29T23:13:31","slug":"ugt-y-ccoo-convocan-una-concentracion-este-martes-en-oviedo-por-la-muerte-del-piloto-fallecido-en-parres","status":"publish","type":"post","link":"https:\/\/eldigitaldeasturias.com\/magazine365\/ugt-y-ccoo-convocan-una-concentracion-este-martes-en-oviedo-por-la-muerte-del-piloto-fallecido-en-parres\/","title":{"rendered":"UGT y CCOO convocan una concentraci\u00f3n este martes en Oviedo por la muerte del piloto fallecido en Parres"},"content":{"rendered":"<p><img fetchpriority=\"high\" decoding=\"async\" class=\"alignleft size-medium wp-image-59450\" src=\"https:\/\/eldigitaldeasturias.com\/magazine365\/wp-content\/uploads\/2015\/12\/fotonoticia_20151229130318_800-360x240.jpg\" alt=\"fotonoticia_20151229130318_800\" width=\"360\" height=\"240\" srcset=\"https:\/\/eldigitaldeasturias.com\/magazine365\/wp-content\/uploads\/2015\/12\/fotonoticia_20151229130318_800-360x240.jpg 360w, https:\/\/eldigitaldeasturias.com\/magazine365\/wp-content\/uploads\/2015\/12\/fotonoticia_20151229130318_800-650x433.jpg 650w, https:\/\/eldigitaldeasturias.com\/magazine365\/wp-content\/uploads\/2015\/12\/fotonoticia_20151229130318_800-768x512.jpg 768w, https:\/\/eldigitaldeasturias.com\/magazine365\/wp-content\/uploads\/2015\/12\/fotonoticia_20151229130318_800-150x100.jpg 150w, https:\/\/eldigitaldeasturias.com\/magazine365\/wp-content\/uploads\/2015\/12\/fotonoticia_20151229130318_800-450x300.jpg 450w, https:\/\/eldigitaldeasturias.com\/magazine365\/wp-content\/uploads\/2015\/12\/fotonoticia_20151229130318_800-696x464.jpg 696w, https:\/\/eldigitaldeasturias.com\/magazine365\/wp-content\/uploads\/2015\/12\/fotonoticia_20151229130318_800-630x420.jpg 630w, https:\/\/eldigitaldeasturias.com\/magazine365\/wp-content\/uploads\/2015\/12\/fotonoticia_20151229130318_800-101x66.jpg 101w, https:\/\/eldigitaldeasturias.com\/magazine365\/wp-content\/uploads\/2015\/12\/fotonoticia_20151229130318_800.jpg 800w\" sizes=\"(max-width: 360px) 100vw, 360px\" \/>Los sindicatos UGT y CCOO de Asturias han convocado para este martes una concentraci\u00f3n en Oviedo con motivo del accidente laboral mortal ocurrido el pasado 23 de diciembre, cuando un piloto del Servicio de Emergencias del Principado de Asturias (SEPA) perdi\u00f3 la vida al estrellarse el helic\u00f3ptero en el que viajaba.<\/p>\n<p>La concentraci\u00f3n tendr\u00e1 lugar a las 12.00 en la confluencia de las calles Avenida Galicia y Santa Teresa. El trabajador fallecido realizaba labores para sofocar uno de los incendios que asolan Asturias estos d\u00edas.<\/p>\n<p>\u00abPor desgracia, no hemos podido terminar 2015 sin tener que lamentar otra muerte m\u00e1s en el trabajo\u00bb, han se\u00f1alado desde los sindicatos a trav\u00e9s de una nota de prensa. Las organizaciones vienen realizando desde hace a\u00f1os este tipo de concentraciones cada vez que fallece un trabajador en Asturias.<\/p>\n","protected":false},"excerpt":{"rendered":"<p>Los sindicatos UGT y CCOO de Asturias han convocado para este martes una concentraci\u00f3n en Oviedo con motivo del accidente laboral mortal ocurrido el pasado 23 de diciembre, cuando un piloto del Servicio de Emergencias del Principado de Asturias (SEPA) perdi\u00f3 la vida al estrellarse el helic\u00f3ptero en el que viajaba. La concentraci\u00f3n tendr\u00e1 lugar<\/p>\n","protected":false},"author":1,"featured_media":59450,"comment_status":"open","ping_status":"closed","sticky":false,"template":"","format":"standard","meta":{"footnotes":""},"categories":[224],"tags":[],"class_list":{"0":"post-59449","1":"post","2":"type-post","3":"status-publish","4":"format-standard","5":"has-post-thumbnail","7":"category-noticias-actualidad"},"aioseo_notices":[],"aioseo_head":"\n\t\t<!-- All in One SEO Pro 4.9.6.1 - aioseo.com -->\n\t<meta name=\"description\" content=\"Los sindicatos UGT y CCOO de Asturias han convocado para este martes una concentraci\u00f3n en Oviedo con motivo del accidente laboral mortal ocurrido el pasado 23 de diciembre, cuando un piloto del Servicio de Emergencias del Principado de Asturias (SEPA) perdi\u00f3 la vida al estrellarse el helic\u00f3ptero en el que viajaba. La concentraci\u00f3n tendr\u00e1 lugar\" \/>\n\t<meta name=\"robots\" content=\"max-image-preview:large\" \/>\n\t<meta name=\"author\" content=\"admin\"\/>\n\t<meta name=\"google-site-verification\" content=\"UA-38556648-1\" \/>\n\t<meta name=\"keywords\" content=\"noticias y actualidad\" \/>\n\t<link rel=\"canonical\" href=\"https:\/\/eldigitaldeasturias.com\/magazine365\/ugt-y-ccoo-convocan-una-concentracion-este-martes-en-oviedo-por-la-muerte-del-piloto-fallecido-en-parres\/\" \/>\n\t<meta name=\"generator\" content=\"All in One SEO Pro (AIOSEO) 4.9.6.1\" \/>\n\t\t<meta property=\"og:locale\" content=\"es_ES\" \/>\n\t\t<meta property=\"og:site_name\" content=\"El Digital de Asturias \u2013 Revista de ocio, turismo y estilo de vida\" \/>\n\t\t<meta property=\"og:type\" content=\"article\" \/>\n\t\t<meta property=\"og:title\" content=\"UGT y CCOO convocan una concentraci\u00f3n este martes en Oviedo por la muerte del piloto fallecido en Parres | El Digital de Asturias\" \/>\n\t\t<meta property=\"og:description\" content=\"Los sindicatos UGT y CCOO de Asturias han convocado para este martes una concentraci\u00f3n en Oviedo con motivo del accidente laboral mortal ocurrido el pasado 23 de diciembre, cuando un piloto del Servicio de Emergencias del Principado de Asturias (SEPA) perdi\u00f3 la vida al estrellarse el helic\u00f3ptero en el que viajaba. La concentraci\u00f3n tendr\u00e1 lugar\" \/>\n\t\t<meta property=\"og:url\" content=\"https:\/\/eldigitaldeasturias.com\/magazine365\/ugt-y-ccoo-convocan-una-concentracion-este-martes-en-oviedo-por-la-muerte-del-piloto-fallecido-en-parres\/\" \/>\n\t\t<meta property=\"og:image\" content=\"https:\/\/eldigitaldeasturias.com\/magazine365\/wp-content\/uploads\/2015\/12\/fotonoticia_20151229130318_800.jpg\" \/>\n\t\t<meta property=\"og:image:secure_url\" content=\"https:\/\/eldigitaldeasturias.com\/magazine365\/wp-content\/uploads\/2015\/12\/fotonoticia_20151229130318_800.jpg\" \/>\n\t\t<meta property=\"og:image:width\" content=\"800\" \/>\n\t\t<meta property=\"og:image:height\" content=\"533\" \/>\n\t\t<meta property=\"article:published_time\" content=\"2015-12-29T23:13:31+00:00\" \/>\n\t\t<meta property=\"article:modified_time\" content=\"2015-12-29T23:13:31+00:00\" \/>\n\t\t<meta name=\"twitter:card\" content=\"summary_large_image\" \/>\n\t\t<meta name=\"twitter:title\" content=\"UGT y CCOO convocan una concentraci\u00f3n este martes en Oviedo por la muerte del piloto fallecido en Parres | El Digital de Asturias\" \/>\n\t\t<meta name=\"twitter:description\" content=\"Los sindicatos UGT y CCOO de Asturias han convocado para este martes una concentraci\u00f3n en Oviedo con motivo del accidente laboral mortal ocurrido el pasado 23 de diciembre, cuando un piloto del Servicio de Emergencias del Principado de Asturias (SEPA) perdi\u00f3 la vida al estrellarse el helic\u00f3ptero en el que viajaba. La concentraci\u00f3n tendr\u00e1 lugar\" \/>\n\t\t<meta name=\"twitter:image\" content=\"https:\/\/eldigitaldeasturias.com\/magazine365\/wp-content\/uploads\/2015\/12\/fotonoticia_20151229130318_800.jpg\" \/>\n\t\t<script type=\"application\/ld+json\" class=\"aioseo-schema\">\n\t\t\t{\"@context\":\"https:\\\/\\\/schema.org\",\"@graph\":[{\"@type\":\"Article\",\"@id\":\"https:\\\/\\\/eldigitaldeasturias.com\\\/magazine365\\\/ugt-y-ccoo-convocan-una-concentracion-este-martes-en-oviedo-por-la-muerte-del-piloto-fallecido-en-parres\\\/#article\",\"name\":\"UGT y CCOO convocan una concentraci\\u00f3n este martes en Oviedo por la muerte del piloto fallecido en Parres | El Digital de Asturias\",\"headline\":\"UGT y CCOO convocan una concentraci\\u00f3n este martes en Oviedo por la muerte del piloto fallecido en Parres\",\"author\":{\"@id\":\"https:\\\/\\\/eldigitaldeasturias.com\\\/magazine365\\\/author\\\/admin\\\/#author\"},\"publisher\":{\"@id\":\"https:\\\/\\\/eldigitaldeasturias.com\\\/magazine365\\\/#organization\"},\"image\":{\"@type\":\"ImageObject\",\"url\":\"https:\\\/\\\/eldigitaldeasturias.com\\\/magazine365\\\/wp-content\\\/uploads\\\/2015\\\/12\\\/fotonoticia_20151229130318_800.jpg\",\"width\":800,\"height\":533},\"datePublished\":\"2015-12-30T00:13:31+01:00\",\"dateModified\":\"2015-12-30T00:13:31+01:00\",\"inLanguage\":\"es-ES\",\"mainEntityOfPage\":{\"@id\":\"https:\\\/\\\/eldigitaldeasturias.com\\\/magazine365\\\/ugt-y-ccoo-convocan-una-concentracion-este-martes-en-oviedo-por-la-muerte-del-piloto-fallecido-en-parres\\\/#webpage\"},\"isPartOf\":{\"@id\":\"https:\\\/\\\/eldigitaldeasturias.com\\\/magazine365\\\/ugt-y-ccoo-convocan-una-concentracion-este-martes-en-oviedo-por-la-muerte-del-piloto-fallecido-en-parres\\\/#webpage\"},\"articleSection\":\"Noticias y Actualidad\"},{\"@type\":\"BreadcrumbList\",\"@id\":\"https:\\\/\\\/eldigitaldeasturias.com\\\/magazine365\\\/ugt-y-ccoo-convocan-una-concentracion-este-martes-en-oviedo-por-la-muerte-del-piloto-fallecido-en-parres\\\/#breadcrumblist\",\"itemListElement\":[{\"@type\":\"ListItem\",\"@id\":\"https:\\\/\\\/eldigitaldeasturias.com\\\/magazine365#listItem\",\"position\":1,\"name\":\"Home\",\"item\":\"https:\\\/\\\/eldigitaldeasturias.com\\\/magazine365\",\"nextItem\":{\"@type\":\"ListItem\",\"@id\":\"https:\\\/\\\/eldigitaldeasturias.com\\\/magazine365\\\/category\\\/noticias-actualidad\\\/#listItem\",\"name\":\"Noticias y Actualidad\"}},{\"@type\":\"ListItem\",\"@id\":\"https:\\\/\\\/eldigitaldeasturias.com\\\/magazine365\\\/category\\\/noticias-actualidad\\\/#listItem\",\"position\":2,\"name\":\"Noticias y Actualidad\",\"item\":\"https:\\\/\\\/eldigitaldeasturias.com\\\/magazine365\\\/category\\\/noticias-actualidad\\\/\",\"nextItem\":{\"@type\":\"ListItem\",\"@id\":\"https:\\\/\\\/eldigitaldeasturias.com\\\/magazine365\\\/ugt-y-ccoo-convocan-una-concentracion-este-martes-en-oviedo-por-la-muerte-del-piloto-fallecido-en-parres\\\/#listItem\",\"name\":\"UGT y CCOO convocan una concentraci\\u00f3n este martes en Oviedo por la muerte del piloto fallecido en Parres\"},\"previousItem\":{\"@type\":\"ListItem\",\"@id\":\"https:\\\/\\\/eldigitaldeasturias.com\\\/magazine365#listItem\",\"name\":\"Home\"}},{\"@type\":\"ListItem\",\"@id\":\"https:\\\/\\\/eldigitaldeasturias.com\\\/magazine365\\\/ugt-y-ccoo-convocan-una-concentracion-este-martes-en-oviedo-por-la-muerte-del-piloto-fallecido-en-parres\\\/#listItem\",\"position\":3,\"name\":\"UGT y CCOO convocan una concentraci\\u00f3n este martes en Oviedo por la muerte del piloto fallecido en Parres\",\"previousItem\":{\"@type\":\"ListItem\",\"@id\":\"https:\\\/\\\/eldigitaldeasturias.com\\\/magazine365\\\/category\\\/noticias-actualidad\\\/#listItem\",\"name\":\"Noticias y Actualidad\"}}]},{\"@type\":\"Organization\",\"@id\":\"https:\\\/\\\/eldigitaldeasturias.com\\\/magazine365\\\/#organization\",\"name\":\"El digital de Asturias\",\"description\":\"Revista de ocio, turismo y estilo de vida\",\"url\":\"https:\\\/\\\/eldigitaldeasturias.com\\\/magazine365\\\/\",\"logo\":{\"@type\":\"ImageObject\",\"url\":\"https:\\\/\\\/www.eldigitaldeasturias.com\\\/noticias\\\/wp-content\\\/uploads\\\/2020\\\/12\\\/EDA.jpg\",\"@id\":\"https:\\\/\\\/eldigitaldeasturias.com\\\/magazine365\\\/ugt-y-ccoo-convocan-una-concentracion-este-martes-en-oviedo-por-la-muerte-del-piloto-fallecido-en-parres\\\/#organizationLogo\"},\"image\":{\"@id\":\"https:\\\/\\\/eldigitaldeasturias.com\\\/magazine365\\\/ugt-y-ccoo-convocan-una-concentracion-este-martes-en-oviedo-por-la-muerte-del-piloto-fallecido-en-parres\\\/#organizationLogo\"}},{\"@type\":\"Person\",\"@id\":\"https:\\\/\\\/eldigitaldeasturias.com\\\/magazine365\\\/author\\\/admin\\\/#author\",\"url\":\"https:\\\/\\\/eldigitaldeasturias.com\\\/magazine365\\\/author\\\/admin\\\/\",\"name\":\"admin\",\"image\":{\"@type\":\"ImageObject\",\"@id\":\"https:\\\/\\\/eldigitaldeasturias.com\\\/magazine365\\\/ugt-y-ccoo-convocan-una-concentracion-este-martes-en-oviedo-por-la-muerte-del-piloto-fallecido-en-parres\\\/#authorImage\",\"url\":\"https:\\\/\\\/eldigitaldeasturias.com\\\/magazine365\\\/wp-content\\\/litespeed\\\/avatar\\\/e571bcf59a0edd6fa6838245a470f2fe.jpg?ver=1777574230\",\"width\":96,\"height\":96,\"caption\":\"admin\"}},{\"@type\":\"WebPage\",\"@id\":\"https:\\\/\\\/eldigitaldeasturias.com\\\/magazine365\\\/ugt-y-ccoo-convocan-una-concentracion-este-martes-en-oviedo-por-la-muerte-del-piloto-fallecido-en-parres\\\/#webpage\",\"url\":\"https:\\\/\\\/eldigitaldeasturias.com\\\/magazine365\\\/ugt-y-ccoo-convocan-una-concentracion-este-martes-en-oviedo-por-la-muerte-del-piloto-fallecido-en-parres\\\/\",\"name\":\"UGT y CCOO convocan una concentraci\\u00f3n este martes en Oviedo por la muerte del piloto fallecido en Parres | El Digital de Asturias\",\"description\":\"Los sindicatos UGT y CCOO de Asturias han convocado para este martes una concentraci\\u00f3n en Oviedo con motivo del accidente laboral mortal ocurrido el pasado 23 de diciembre, cuando un piloto del Servicio de Emergencias del Principado de Asturias (SEPA) perdi\\u00f3 la vida al estrellarse el helic\\u00f3ptero en el que viajaba. La concentraci\\u00f3n tendr\\u00e1 lugar\",\"inLanguage\":\"es-ES\",\"isPartOf\":{\"@id\":\"https:\\\/\\\/eldigitaldeasturias.com\\\/magazine365\\\/#website\"},\"breadcrumb\":{\"@id\":\"https:\\\/\\\/eldigitaldeasturias.com\\\/magazine365\\\/ugt-y-ccoo-convocan-una-concentracion-este-martes-en-oviedo-por-la-muerte-del-piloto-fallecido-en-parres\\\/#breadcrumblist\"},\"author\":{\"@id\":\"https:\\\/\\\/eldigitaldeasturias.com\\\/magazine365\\\/author\\\/admin\\\/#author\"},\"creator\":{\"@id\":\"https:\\\/\\\/eldigitaldeasturias.com\\\/magazine365\\\/author\\\/admin\\\/#author\"},\"image\":{\"@type\":\"ImageObject\",\"url\":\"https:\\\/\\\/eldigitaldeasturias.com\\\/magazine365\\\/wp-content\\\/uploads\\\/2015\\\/12\\\/fotonoticia_20151229130318_800.jpg\",\"@id\":\"https:\\\/\\\/eldigitaldeasturias.com\\\/magazine365\\\/ugt-y-ccoo-convocan-una-concentracion-este-martes-en-oviedo-por-la-muerte-del-piloto-fallecido-en-parres\\\/#mainImage\",\"width\":800,\"height\":533},\"primaryImageOfPage\":{\"@id\":\"https:\\\/\\\/eldigitaldeasturias.com\\\/magazine365\\\/ugt-y-ccoo-convocan-una-concentracion-este-martes-en-oviedo-por-la-muerte-del-piloto-fallecido-en-parres\\\/#mainImage\"},\"datePublished\":\"2015-12-30T00:13:31+01:00\",\"dateModified\":\"2015-12-30T00:13:31+01:00\"},{\"@type\":\"WebSite\",\"@id\":\"https:\\\/\\\/eldigitaldeasturias.com\\\/magazine365\\\/#website\",\"url\":\"https:\\\/\\\/eldigitaldeasturias.com\\\/magazine365\\\/\",\"name\":\"El Digital de Asturias\",\"description\":\"Revista de ocio, turismo y estilo de vida\",\"inLanguage\":\"es-ES\",\"publisher\":{\"@id\":\"https:\\\/\\\/eldigitaldeasturias.com\\\/magazine365\\\/#organization\"}}]}\n\t\t<\/script>\n\t\t<!-- All in One SEO Pro -->\r\n\t\t<title>UGT y CCOO convocan una concentraci\u00f3n este martes en Oviedo por la muerte del piloto fallecido en Parres | El Digital de Asturias<\/title>\n\n","aioseo_head_json":{"title":"UGT y CCOO convocan una concentraci\u00f3n este martes en Oviedo por la muerte del piloto fallecido en Parres | El Digital de Asturias","description":"Los sindicatos UGT y CCOO de Asturias han convocado para este martes una concentraci\u00f3n en Oviedo con motivo del accidente laboral mortal ocurrido el pasado 23 de diciembre, cuando un piloto del Servicio de Emergencias del Principado de Asturias (SEPA) perdi\u00f3 la vida al estrellarse el helic\u00f3ptero en el que viajaba. La concentraci\u00f3n tendr\u00e1 lugar","canonical_url":"https:\/\/eldigitaldeasturias.com\/magazine365\/ugt-y-ccoo-convocan-una-concentracion-este-martes-en-oviedo-por-la-muerte-del-piloto-fallecido-en-parres\/","robots":"max-image-preview:large","keywords":"noticias y actualidad","webmasterTools":{"google-site-verification":"UA-38556648-1","miscellaneous":""},"schema":{"@context":"https:\/\/schema.org","@graph":[{"@type":"Article","@id":"https:\/\/eldigitaldeasturias.com\/magazine365\/ugt-y-ccoo-convocan-una-concentracion-este-martes-en-oviedo-por-la-muerte-del-piloto-fallecido-en-parres\/#article","name":"UGT y CCOO convocan una concentraci\u00f3n este martes en Oviedo por la muerte del piloto fallecido en Parres | El Digital de Asturias","headline":"UGT y CCOO convocan una concentraci\u00f3n este martes en Oviedo por la muerte del piloto fallecido en Parres","author":{"@id":"https:\/\/eldigitaldeasturias.com\/magazine365\/author\/admin\/#author"},"publisher":{"@id":"https:\/\/eldigitaldeasturias.com\/magazine365\/#organization"},"image":{"@type":"ImageObject","url":"https:\/\/eldigitaldeasturias.com\/magazine365\/wp-content\/uploads\/2015\/12\/fotonoticia_20151229130318_800.jpg","width":800,"height":533},"datePublished":"2015-12-30T00:13:31+01:00","dateModified":"2015-12-30T00:13:31+01:00","inLanguage":"es-ES","mainEntityOfPage":{"@id":"https:\/\/eldigitaldeasturias.com\/magazine365\/ugt-y-ccoo-convocan-una-concentracion-este-martes-en-oviedo-por-la-muerte-del-piloto-fallecido-en-parres\/#webpage"},"isPartOf":{"@id":"https:\/\/eldigitaldeasturias.com\/magazine365\/ugt-y-ccoo-convocan-una-concentracion-este-martes-en-oviedo-por-la-muerte-del-piloto-fallecido-en-parres\/#webpage"},"articleSection":"Noticias y Actualidad"},{"@type":"BreadcrumbList","@id":"https:\/\/eldigitaldeasturias.com\/magazine365\/ugt-y-ccoo-convocan-una-concentracion-este-martes-en-oviedo-por-la-muerte-del-piloto-fallecido-en-parres\/#breadcrumblist","itemListElement":[{"@type":"ListItem","@id":"https:\/\/eldigitaldeasturias.com\/magazine365#listItem","position":1,"name":"Home","item":"https:\/\/eldigitaldeasturias.com\/magazine365","nextItem":{"@type":"ListItem","@id":"https:\/\/eldigitaldeasturias.com\/magazine365\/category\/noticias-actualidad\/#listItem","name":"Noticias y Actualidad"}},{"@type":"ListItem","@id":"https:\/\/eldigitaldeasturias.com\/magazine365\/category\/noticias-actualidad\/#listItem","position":2,"name":"Noticias y Actualidad","item":"https:\/\/eldigitaldeasturias.com\/magazine365\/category\/noticias-actualidad\/","nextItem":{"@type":"ListItem","@id":"https:\/\/eldigitaldeasturias.com\/magazine365\/ugt-y-ccoo-convocan-una-concentracion-este-martes-en-oviedo-por-la-muerte-del-piloto-fallecido-en-parres\/#listItem","name":"UGT y CCOO convocan una concentraci\u00f3n este martes en Oviedo por la muerte del piloto fallecido en Parres"},"previousItem":{"@type":"ListItem","@id":"https:\/\/eldigitaldeasturias.com\/magazine365#listItem","name":"Home"}},{"@type":"ListItem","@id":"https:\/\/eldigitaldeasturias.com\/magazine365\/ugt-y-ccoo-convocan-una-concentracion-este-martes-en-oviedo-por-la-muerte-del-piloto-fallecido-en-parres\/#listItem","position":3,"name":"UGT y CCOO convocan una concentraci\u00f3n este martes en Oviedo por la muerte del piloto fallecido en Parres","previousItem":{"@type":"ListItem","@id":"https:\/\/eldigitaldeasturias.com\/magazine365\/category\/noticias-actualidad\/#listItem","name":"Noticias y Actualidad"}}]},{"@type":"Organization","@id":"https:\/\/eldigitaldeasturias.com\/magazine365\/#organization","name":"El digital de Asturias","description":"Revista de ocio, turismo y estilo de vida","url":"https:\/\/eldigitaldeasturias.com\/magazine365\/","logo":{"@type":"ImageObject","url":"https:\/\/www.eldigitaldeasturias.com\/noticias\/wp-content\/uploads\/2020\/12\/EDA.jpg","@id":"https:\/\/eldigitaldeasturias.com\/magazine365\/ugt-y-ccoo-convocan-una-concentracion-este-martes-en-oviedo-por-la-muerte-del-piloto-fallecido-en-parres\/#organizationLogo"},"image":{"@id":"https:\/\/eldigitaldeasturias.com\/magazine365\/ugt-y-ccoo-convocan-una-concentracion-este-martes-en-oviedo-por-la-muerte-del-piloto-fallecido-en-parres\/#organizationLogo"}},{"@type":"Person","@id":"https:\/\/eldigitaldeasturias.com\/magazine365\/author\/admin\/#author","url":"https:\/\/eldigitaldeasturias.com\/magazine365\/author\/admin\/","name":"admin","image":{"@type":"ImageObject","@id":"https:\/\/eldigitaldeasturias.com\/magazine365\/ugt-y-ccoo-convocan-una-concentracion-este-martes-en-oviedo-por-la-muerte-del-piloto-fallecido-en-parres\/#authorImage","url":"https:\/\/eldigitaldeasturias.com\/magazine365\/wp-content\/litespeed\/avatar\/e571bcf59a0edd6fa6838245a470f2fe.jpg?ver=1777574230","width":96,"height":96,"caption":"admin"}},{"@type":"WebPage","@id":"https:\/\/eldigitaldeasturias.com\/magazine365\/ugt-y-ccoo-convocan-una-concentracion-este-martes-en-oviedo-por-la-muerte-del-piloto-fallecido-en-parres\/#webpage","url":"https:\/\/eldigitaldeasturias.com\/magazine365\/ugt-y-ccoo-convocan-una-concentracion-este-martes-en-oviedo-por-la-muerte-del-piloto-fallecido-en-parres\/","name":"UGT y CCOO convocan una concentraci\u00f3n este martes en Oviedo por la muerte del piloto fallecido en Parres | El Digital de Asturias","description":"Los sindicatos UGT y CCOO de Asturias han convocado para este martes una concentraci\u00f3n en Oviedo con motivo del accidente laboral mortal ocurrido el pasado 23 de diciembre, cuando un piloto del Servicio de Emergencias del Principado de Asturias (SEPA) perdi\u00f3 la vida al estrellarse el helic\u00f3ptero en el que viajaba. La concentraci\u00f3n tendr\u00e1 lugar","inLanguage":"es-ES","isPartOf":{"@id":"https:\/\/eldigitaldeasturias.com\/magazine365\/#website"},"breadcrumb":{"@id":"https:\/\/eldigitaldeasturias.com\/magazine365\/ugt-y-ccoo-convocan-una-concentracion-este-martes-en-oviedo-por-la-muerte-del-piloto-fallecido-en-parres\/#breadcrumblist"},"author":{"@id":"https:\/\/eldigitaldeasturias.com\/magazine365\/author\/admin\/#author"},"creator":{"@id":"https:\/\/eldigitaldeasturias.com\/magazine365\/author\/admin\/#author"},"image":{"@type":"ImageObject","url":"https:\/\/eldigitaldeasturias.com\/magazine365\/wp-content\/uploads\/2015\/12\/fotonoticia_20151229130318_800.jpg","@id":"https:\/\/eldigitaldeasturias.com\/magazine365\/ugt-y-ccoo-convocan-una-concentracion-este-martes-en-oviedo-por-la-muerte-del-piloto-fallecido-en-parres\/#mainImage","width":800,"height":533},"primaryImageOfPage":{"@id":"https:\/\/eldigitaldeasturias.com\/magazine365\/ugt-y-ccoo-convocan-una-concentracion-este-martes-en-oviedo-por-la-muerte-del-piloto-fallecido-en-parres\/#mainImage"},"datePublished":"2015-12-30T00:13:31+01:00","dateModified":"2015-12-30T00:13:31+01:00"},{"@type":"WebSite","@id":"https:\/\/eldigitaldeasturias.com\/magazine365\/#website","url":"https:\/\/eldigitaldeasturias.com\/magazine365\/","name":"El Digital de Asturias","description":"Revista de ocio, turismo y estilo de vida","inLanguage":"es-ES","publisher":{"@id":"https:\/\/eldigitaldeasturias.com\/magazine365\/#organization"}}]},"og:locale":"es_ES","og:site_name":"El Digital de Asturias \u2013 Revista de ocio, turismo y estilo de vida","og:type":"article","og:title":"UGT y CCOO convocan una concentraci\u00f3n este martes en Oviedo por la muerte del piloto fallecido en Parres | El Digital de Asturias","og:description":"Los sindicatos UGT y CCOO de Asturias han convocado para este martes una concentraci\u00f3n en Oviedo con motivo del accidente laboral mortal ocurrido el pasado 23 de diciembre, cuando un piloto del Servicio de Emergencias del Principado de Asturias (SEPA) perdi\u00f3 la vida al estrellarse el helic\u00f3ptero en el que viajaba. La concentraci\u00f3n tendr\u00e1 lugar","og:url":"https:\/\/eldigitaldeasturias.com\/magazine365\/ugt-y-ccoo-convocan-una-concentracion-este-martes-en-oviedo-por-la-muerte-del-piloto-fallecido-en-parres\/","og:image":"https:\/\/eldigitaldeasturias.com\/magazine365\/wp-content\/uploads\/2015\/12\/fotonoticia_20151229130318_800.jpg","og:image:secure_url":"https:\/\/eldigitaldeasturias.com\/magazine365\/wp-content\/uploads\/2015\/12\/fotonoticia_20151229130318_800.jpg","og:image:width":800,"og:image:height":533,"article:published_time":"2015-12-29T23:13:31+00:00","article:modified_time":"2015-12-29T23:13:31+00:00","twitter:card":"summary_large_image","twitter:title":"UGT y CCOO convocan una concentraci\u00f3n este martes en Oviedo por la muerte del piloto fallecido en Parres | El Digital de Asturias","twitter:description":"Los sindicatos UGT y CCOO de Asturias han convocado para este martes una concentraci\u00f3n en Oviedo con motivo del accidente laboral mortal ocurrido el pasado 23 de diciembre, cuando un piloto del Servicio de Emergencias del Principado de Asturias (SEPA) perdi\u00f3 la vida al estrellarse el helic\u00f3ptero en el que viajaba. La concentraci\u00f3n tendr\u00e1 lugar","twitter:image":"https:\/\/eldigitaldeasturias.com\/magazine365\/wp-content\/uploads\/2015\/12\/fotonoticia_20151229130318_800.jpg"},"aioseo_meta_data":{"post_id":"59449","title":null,"description":null,"keywords":null,"keyphrases":null,"primary_term":null,"canonical_url":null,"og_title":null,"og_description":null,"og_object_type":"default","og_image_type":"default","og_image_url":null,"og_image_width":null,"og_image_height":null,"og_image_custom_url":null,"og_image_custom_fields":null,"og_video":null,"og_custom_url":null,"og_article_section":null,"og_article_tags":null,"twitter_use_og":false,"twitter_card":"default","twitter_image_type":"default","twitter_image_url":null,"twitter_image_custom_url":null,"twitter_image_custom_fields":null,"twitter_title":null,"twitter_description":null,"schema":{"blockGraphs":[],"customGraphs":[],"default":{"data":{"Article":[],"Course":[],"Dataset":[],"FAQPage":[],"Movie":[],"Person":[],"Product":[],"ProductReview":[],"Car":[],"Recipe":[],"Service":[],"SoftwareApplication":[],"WebPage":[]},"graphName":"","isEnabled":true},"graphs":[],"defaultGraph":"","defaultPostTypeGraph":""},"schema_type":null,"schema_type_options":null,"pillar_content":false,"robots_default":true,"robots_noindex":false,"robots_noarchive":false,"robots_nosnippet":false,"robots_nofollow":false,"robots_noimageindex":false,"robots_noodp":false,"robots_notranslate":false,"robots_max_snippet":null,"robots_max_videopreview":null,"robots_max_imagepreview":"large","priority":null,"frequency":null,"location":null,"local_seo":null,"seo_analyzer_scan_date":"2025-09-25 04:57:37","breadcrumb_settings":null,"limit_modified_date":false,"open_ai":null,"ai":null,"created":"2021-03-08 22:15:58","updated":"2025-09-25 04:57:37"},"aioseo_breadcrumb":"<div class=\"aioseo-breadcrumbs\"><span class=\"aioseo-breadcrumb\">\n\t<a href=\"https:\/\/eldigitaldeasturias.com\/magazine365\" title=\"Home\">Home<\/a>\n<\/span><span class=\"aioseo-breadcrumb-separator\">\u2013<\/span><span class=\"aioseo-breadcrumb\">\n\t<a href=\"https:\/\/eldigitaldeasturias.com\/magazine365\/category\/noticias-actualidad\/\" title=\"Noticias y Actualidad\">Noticias y Actualidad<\/a>\n<\/span><span class=\"aioseo-breadcrumb-separator\">\u2013<\/span><span class=\"aioseo-breadcrumb\">\n\t<a href=\"https:\/\/eldigitaldeasturias.com\/magazine365\/ugt-y-ccoo-convocan-una-concentracion-este-martes-en-oviedo-por-la-muerte-del-piloto-fallecido-en-parres\/\" title=\"UGT y CCOO convocan una concentraci\u00f3n este martes en Oviedo por la muerte del piloto fallecido en Parres\">UGT y CCOO convocan una concentraci\u00f3n este martes en Oviedo por la muerte del piloto fallecido en Parres<\/a>\n<\/span><\/div>","aioseo_breadcrumb_json":[{"label":"Home","link":"https:\/\/eldigitaldeasturias.com\/magazine365"},{"label":"Noticias y Actualidad","link":"https:\/\/eldigitaldeasturias.com\/magazine365\/category\/noticias-actualidad\/"},{"label":"UGT y CCOO convocan una concentraci\u00f3n este martes en Oviedo por la muerte del piloto fallecido en Parres","link":"https:\/\/eldigitaldeasturias.com\/magazine365\/ugt-y-ccoo-convocan-una-concentracion-este-martes-en-oviedo-por-la-muerte-del-piloto-fallecido-en-parres\/"}],"_links":{"self":[{"href":"https:\/\/eldigitaldeasturias.com\/magazine365\/wp-json\/wp\/v2\/posts\/59449","targetHints":{"allow":["GET"]}}],"collection":[{"href":"https:\/\/eldigitaldeasturias.com\/magazine365\/wp-json\/wp\/v2\/posts"}],"about":[{"href":"https:\/\/eldigitaldeasturias.com\/magazine365\/wp-json\/wp\/v2\/types\/post"}],"author":[{"embeddable":true,"href":"https:\/\/eldigitaldeasturias.com\/magazine365\/wp-json\/wp\/v2\/users\/1"}],"replies":[{"embeddable":true,"href":"https:\/\/eldigitaldeasturias.com\/magazine365\/wp-json\/wp\/v2\/comments?post=59449"}],"version-history":[{"count":0,"href":"https:\/\/eldigitaldeasturias.com\/magazine365\/wp-json\/wp\/v2\/posts\/59449\/revisions"}],"wp:featuredmedia":[{"embeddable":true,"href":"https:\/\/eldigitaldeasturias.com\/magazine365\/wp-json\/wp\/v2\/media\/59450"}],"wp:attachment":[{"href":"https:\/\/eldigitaldeasturias.com\/magazine365\/wp-json\/wp\/v2\/media?parent=59449"}],"wp:term":[{"taxonomy":"category","embeddable":true,"href":"https:\/\/eldigitaldeasturias.com\/magazine365\/wp-json\/wp\/v2\/categories?post=59449"},{"taxonomy":"post_tag","embeddable":true,"href":"https:\/\/eldigitaldeasturias.com\/magazine365\/wp-json\/wp\/v2\/tags?post=59449"}],"curies":[{"name":"wp","href":"https:\/\/api.w.org\/{rel}","templated":true}]}}