{"id":59446,"date":"2015-12-30T00:11:50","date_gmt":"2015-12-29T23:11:50","guid":{"rendered":"http:\/\/eldigitaldeasturias.com\/magazine365\/?p=59446"},"modified":"2015-12-30T00:11:50","modified_gmt":"2015-12-29T23:11:50","slug":"iberia-incorpora-el-primer-a330-200-de-consumo-eficiente-a-su-flota-de-largo-radio","status":"publish","type":"post","link":"https:\/\/eldigitaldeasturias.com\/magazine365\/iberia-incorpora-el-primer-a330-200-de-consumo-eficiente-a-su-flota-de-largo-radio\/","title":{"rendered":"Iberia incorpora el primer A330-200 de consumo eficiente a su flota de largo radio"},"content":{"rendered":"<p><img fetchpriority=\"high\" decoding=\"async\" class=\"alignleft size-medium wp-image-59447\" src=\"https:\/\/eldigitaldeasturias.com\/magazine365\/wp-content\/uploads\/2015\/12\/fotonoticia_20151229124448_800-360x270.jpg\" alt=\"fotonoticia_20151229124448_800\" width=\"360\" height=\"270\" srcset=\"https:\/\/eldigitaldeasturias.com\/magazine365\/wp-content\/uploads\/2015\/12\/fotonoticia_20151229124448_800-360x270.jpg 360w, https:\/\/eldigitaldeasturias.com\/magazine365\/wp-content\/uploads\/2015\/12\/fotonoticia_20151229124448_800-650x488.jpg 650w, https:\/\/eldigitaldeasturias.com\/magazine365\/wp-content\/uploads\/2015\/12\/fotonoticia_20151229124448_800-768x576.jpg 768w, https:\/\/eldigitaldeasturias.com\/magazine365\/wp-content\/uploads\/2015\/12\/fotonoticia_20151229124448_800-150x113.jpg 150w, https:\/\/eldigitaldeasturias.com\/magazine365\/wp-content\/uploads\/2015\/12\/fotonoticia_20151229124448_800-450x338.jpg 450w, https:\/\/eldigitaldeasturias.com\/magazine365\/wp-content\/uploads\/2015\/12\/fotonoticia_20151229124448_800-80x60.jpg 80w, https:\/\/eldigitaldeasturias.com\/magazine365\/wp-content\/uploads\/2015\/12\/fotonoticia_20151229124448_800-265x198.jpg 265w, https:\/\/eldigitaldeasturias.com\/magazine365\/wp-content\/uploads\/2015\/12\/fotonoticia_20151229124448_800-696x522.jpg 696w, https:\/\/eldigitaldeasturias.com\/magazine365\/wp-content\/uploads\/2015\/12\/fotonoticia_20151229124448_800-560x420.jpg 560w, https:\/\/eldigitaldeasturias.com\/magazine365\/wp-content\/uploads\/2015\/12\/fotonoticia_20151229124448_800-90x67.jpg 90w, https:\/\/eldigitaldeasturias.com\/magazine365\/wp-content\/uploads\/2015\/12\/fotonoticia_20151229124448_800-164x124.jpg 164w, https:\/\/eldigitaldeasturias.com\/magazine365\/wp-content\/uploads\/2015\/12\/fotonoticia_20151229124448_800-100x75.jpg 100w, https:\/\/eldigitaldeasturias.com\/magazine365\/wp-content\/uploads\/2015\/12\/fotonoticia_20151229124448_800.jpg 800w\" sizes=\"(max-width: 360px) 100vw, 360px\" \/>Iberia ha incorporado el primer A330-200 de largo radio a su flota, con capacidad para 288 pasajeros (19 en &#8216;business&#8217; y 269 en turista) un avi\u00f3n \u00abm\u00e1s moderno, eficiente en consumo de combustible y ecol\u00f3gico\u00bb, y el primero de un pedido de 13 aeronaves de este modelo que la aerol\u00ednea espa\u00f1ola recibir\u00e1 en los pr\u00f3ximos tres a\u00f1os, inform\u00f3 la compa\u00f1\u00eda en un comunicado.<\/p>\n<p>La compa\u00f1\u00eda a\u00e9rea subraya que este pedido permitir\u00e1 la renovaci\u00f3n y expansi\u00f3n de la flota de largo radio. Este nuevo avi\u00f3n ha sido bautizado como &#8216;Oxaca&#8217;, ciudad y estado mexicano, donde la aerol\u00ednea ofrece vuelos v\u00eda Ciudad de M\u00e9xico, como parte de las acciones con las que Iberia conmemorar\u00e1 en 2016 el 70 aniversario del inicio de los vuelos entre Europa y Am\u00e9rica del Sur.<\/p>\n<p>En el \u00faltimo a\u00f1o, la aerol\u00ednea que preside Luis Gallego ha realizado un pedido de 29 nuevos aviones de largo radio, de ellos 13 unidades del A330-200 como el que acaba de recibir y cuya entrega est\u00e1 prevista hasta marzo de 2018, y 16 aviones del modelo A350-900 de nueva generaci\u00f3n, que incorporar\u00e1 entre 2018 y 2021.<\/p>\n<p>Iberia es la primera aerol\u00ednea en recibir la versi\u00f3n A330-200 MTOW 242 Tn, un avi\u00f3n bimotor con mayor capacidad de despegue de 242 toneladas y una alcance m\u00e1ximo de 11.500 kil\u00f3metros, de forma que puede realizar las rutas m\u00e1s largas de la compa\u00f1\u00eda como Buenos Aires o Montevideo. El nuevo modelo cuenta adem\u00e1s con mejoras en el WiFi y la conectividad GSM, aumentando la velocidad de descarga.<\/p>\n","protected":false},"excerpt":{"rendered":"<p>Iberia ha incorporado el primer A330-200 de largo radio a su flota, con capacidad para 288 pasajeros (19 en &#8216;business&#8217; y 269 en turista) un avi\u00f3n \u00abm\u00e1s moderno, eficiente en consumo de combustible y ecol\u00f3gico\u00bb, y el primero de un pedido de 13 aeronaves de este modelo que la aerol\u00ednea espa\u00f1ola recibir\u00e1 en los pr\u00f3ximos<\/p>\n","protected":false},"author":1,"featured_media":59447,"comment_status":"open","ping_status":"closed","sticky":false,"template":"","format":"standard","meta":{"footnotes":""},"categories":[224],"tags":[],"class_list":{"0":"post-59446","1":"post","2":"type-post","3":"status-publish","4":"format-standard","5":"has-post-thumbnail","7":"category-noticias-actualidad"},"aioseo_notices":[],"aioseo_head":"\n\t\t<!-- All in One SEO Pro 4.9.6.1 - aioseo.com -->\n\t<meta name=\"description\" content=\"Iberia ha incorporado el primer A330-200 de largo radio a su flota, con capacidad para 288 pasajeros (19 en &#039;business&#039; y 269 en turista) un avi\u00f3n &quot;m\u00e1s moderno, eficiente en consumo de combustible y ecol\u00f3gico&quot;, y el primero de un pedido de 13 aeronaves de este modelo que la aerol\u00ednea espa\u00f1ola recibir\u00e1 en los pr\u00f3ximos\" \/>\n\t<meta name=\"robots\" content=\"max-image-preview:large\" \/>\n\t<meta name=\"author\" content=\"admin\"\/>\n\t<meta name=\"google-site-verification\" content=\"UA-38556648-1\" \/>\n\t<meta name=\"keywords\" content=\"noticias y actualidad\" \/>\n\t<link rel=\"canonical\" href=\"https:\/\/eldigitaldeasturias.com\/magazine365\/iberia-incorpora-el-primer-a330-200-de-consumo-eficiente-a-su-flota-de-largo-radio\/\" \/>\n\t<meta name=\"generator\" content=\"All in One SEO Pro (AIOSEO) 4.9.6.1\" \/>\n\t\t<meta property=\"og:locale\" content=\"es_ES\" \/>\n\t\t<meta property=\"og:site_name\" content=\"El Digital de Asturias \u2013 Revista de ocio, turismo y estilo de vida\" \/>\n\t\t<meta property=\"og:type\" content=\"article\" \/>\n\t\t<meta property=\"og:title\" content=\"Iberia incorpora el primer A330-200 de consumo eficiente a su flota de largo radio | El Digital de Asturias\" \/>\n\t\t<meta property=\"og:description\" content=\"Iberia ha incorporado el primer A330-200 de largo radio a su flota, con capacidad para 288 pasajeros (19 en &#039;business&#039; y 269 en turista) un avi\u00f3n &quot;m\u00e1s moderno, eficiente en consumo de combustible y ecol\u00f3gico&quot;, y el primero de un pedido de 13 aeronaves de este modelo que la aerol\u00ednea espa\u00f1ola recibir\u00e1 en los pr\u00f3ximos\" \/>\n\t\t<meta property=\"og:url\" content=\"https:\/\/eldigitaldeasturias.com\/magazine365\/iberia-incorpora-el-primer-a330-200-de-consumo-eficiente-a-su-flota-de-largo-radio\/\" \/>\n\t\t<meta property=\"og:image\" content=\"https:\/\/eldigitaldeasturias.com\/magazine365\/wp-content\/uploads\/2015\/12\/fotonoticia_20151229124448_800.jpg\" \/>\n\t\t<meta property=\"og:image:secure_url\" content=\"https:\/\/eldigitaldeasturias.com\/magazine365\/wp-content\/uploads\/2015\/12\/fotonoticia_20151229124448_800.jpg\" \/>\n\t\t<meta property=\"og:image:width\" content=\"800\" \/>\n\t\t<meta property=\"og:image:height\" content=\"600\" \/>\n\t\t<meta property=\"article:published_time\" content=\"2015-12-29T23:11:50+00:00\" \/>\n\t\t<meta property=\"article:modified_time\" content=\"2015-12-29T23:11:50+00:00\" \/>\n\t\t<meta name=\"twitter:card\" content=\"summary_large_image\" \/>\n\t\t<meta name=\"twitter:title\" content=\"Iberia incorpora el primer A330-200 de consumo eficiente a su flota de largo radio | El Digital de Asturias\" \/>\n\t\t<meta name=\"twitter:description\" content=\"Iberia ha incorporado el primer A330-200 de largo radio a su flota, con capacidad para 288 pasajeros (19 en &#039;business&#039; y 269 en turista) un avi\u00f3n &quot;m\u00e1s moderno, eficiente en consumo de combustible y ecol\u00f3gico&quot;, y el primero de un pedido de 13 aeronaves de este modelo que la aerol\u00ednea espa\u00f1ola recibir\u00e1 en los pr\u00f3ximos\" \/>\n\t\t<meta name=\"twitter:image\" content=\"https:\/\/eldigitaldeasturias.com\/magazine365\/wp-content\/uploads\/2015\/12\/fotonoticia_20151229124448_800.jpg\" \/>\n\t\t<script type=\"application\/ld+json\" class=\"aioseo-schema\">\n\t\t\t{\"@context\":\"https:\\\/\\\/schema.org\",\"@graph\":[{\"@type\":\"Article\",\"@id\":\"https:\\\/\\\/eldigitaldeasturias.com\\\/magazine365\\\/iberia-incorpora-el-primer-a330-200-de-consumo-eficiente-a-su-flota-de-largo-radio\\\/#article\",\"name\":\"Iberia incorpora el primer A330-200 de consumo eficiente a su flota de largo radio | El Digital de Asturias\",\"headline\":\"Iberia incorpora el primer A330-200 de consumo eficiente a su flota de largo radio\",\"author\":{\"@id\":\"https:\\\/\\\/eldigitaldeasturias.com\\\/magazine365\\\/author\\\/admin\\\/#author\"},\"publisher\":{\"@id\":\"https:\\\/\\\/eldigitaldeasturias.com\\\/magazine365\\\/#organization\"},\"image\":{\"@type\":\"ImageObject\",\"url\":\"https:\\\/\\\/eldigitaldeasturias.com\\\/magazine365\\\/wp-content\\\/uploads\\\/2015\\\/12\\\/fotonoticia_20151229124448_800.jpg\",\"width\":800,\"height\":600},\"datePublished\":\"2015-12-30T00:11:50+01:00\",\"dateModified\":\"2015-12-30T00:11:50+01:00\",\"inLanguage\":\"es-ES\",\"mainEntityOfPage\":{\"@id\":\"https:\\\/\\\/eldigitaldeasturias.com\\\/magazine365\\\/iberia-incorpora-el-primer-a330-200-de-consumo-eficiente-a-su-flota-de-largo-radio\\\/#webpage\"},\"isPartOf\":{\"@id\":\"https:\\\/\\\/eldigitaldeasturias.com\\\/magazine365\\\/iberia-incorpora-el-primer-a330-200-de-consumo-eficiente-a-su-flota-de-largo-radio\\\/#webpage\"},\"articleSection\":\"Noticias y Actualidad\"},{\"@type\":\"BreadcrumbList\",\"@id\":\"https:\\\/\\\/eldigitaldeasturias.com\\\/magazine365\\\/iberia-incorpora-el-primer-a330-200-de-consumo-eficiente-a-su-flota-de-largo-radio\\\/#breadcrumblist\",\"itemListElement\":[{\"@type\":\"ListItem\",\"@id\":\"https:\\\/\\\/eldigitaldeasturias.com\\\/magazine365#listItem\",\"position\":1,\"name\":\"Home\",\"item\":\"https:\\\/\\\/eldigitaldeasturias.com\\\/magazine365\",\"nextItem\":{\"@type\":\"ListItem\",\"@id\":\"https:\\\/\\\/eldigitaldeasturias.com\\\/magazine365\\\/category\\\/noticias-actualidad\\\/#listItem\",\"name\":\"Noticias y Actualidad\"}},{\"@type\":\"ListItem\",\"@id\":\"https:\\\/\\\/eldigitaldeasturias.com\\\/magazine365\\\/category\\\/noticias-actualidad\\\/#listItem\",\"position\":2,\"name\":\"Noticias y Actualidad\",\"item\":\"https:\\\/\\\/eldigitaldeasturias.com\\\/magazine365\\\/category\\\/noticias-actualidad\\\/\",\"nextItem\":{\"@type\":\"ListItem\",\"@id\":\"https:\\\/\\\/eldigitaldeasturias.com\\\/magazine365\\\/iberia-incorpora-el-primer-a330-200-de-consumo-eficiente-a-su-flota-de-largo-radio\\\/#listItem\",\"name\":\"Iberia incorpora el primer A330-200 de consumo eficiente a su flota de largo radio\"},\"previousItem\":{\"@type\":\"ListItem\",\"@id\":\"https:\\\/\\\/eldigitaldeasturias.com\\\/magazine365#listItem\",\"name\":\"Home\"}},{\"@type\":\"ListItem\",\"@id\":\"https:\\\/\\\/eldigitaldeasturias.com\\\/magazine365\\\/iberia-incorpora-el-primer-a330-200-de-consumo-eficiente-a-su-flota-de-largo-radio\\\/#listItem\",\"position\":3,\"name\":\"Iberia incorpora el primer A330-200 de consumo eficiente a su flota de largo radio\",\"previousItem\":{\"@type\":\"ListItem\",\"@id\":\"https:\\\/\\\/eldigitaldeasturias.com\\\/magazine365\\\/category\\\/noticias-actualidad\\\/#listItem\",\"name\":\"Noticias y Actualidad\"}}]},{\"@type\":\"Organization\",\"@id\":\"https:\\\/\\\/eldigitaldeasturias.com\\\/magazine365\\\/#organization\",\"name\":\"El digital de Asturias\",\"description\":\"Revista de ocio, turismo y estilo de vida\",\"url\":\"https:\\\/\\\/eldigitaldeasturias.com\\\/magazine365\\\/\",\"logo\":{\"@type\":\"ImageObject\",\"url\":\"https:\\\/\\\/www.eldigitaldeasturias.com\\\/noticias\\\/wp-content\\\/uploads\\\/2020\\\/12\\\/EDA.jpg\",\"@id\":\"https:\\\/\\\/eldigitaldeasturias.com\\\/magazine365\\\/iberia-incorpora-el-primer-a330-200-de-consumo-eficiente-a-su-flota-de-largo-radio\\\/#organizationLogo\"},\"image\":{\"@id\":\"https:\\\/\\\/eldigitaldeasturias.com\\\/magazine365\\\/iberia-incorpora-el-primer-a330-200-de-consumo-eficiente-a-su-flota-de-largo-radio\\\/#organizationLogo\"}},{\"@type\":\"Person\",\"@id\":\"https:\\\/\\\/eldigitaldeasturias.com\\\/magazine365\\\/author\\\/admin\\\/#author\",\"url\":\"https:\\\/\\\/eldigitaldeasturias.com\\\/magazine365\\\/author\\\/admin\\\/\",\"name\":\"admin\",\"image\":{\"@type\":\"ImageObject\",\"@id\":\"https:\\\/\\\/eldigitaldeasturias.com\\\/magazine365\\\/iberia-incorpora-el-primer-a330-200-de-consumo-eficiente-a-su-flota-de-largo-radio\\\/#authorImage\",\"url\":\"https:\\\/\\\/eldigitaldeasturias.com\\\/magazine365\\\/wp-content\\\/litespeed\\\/avatar\\\/e571bcf59a0edd6fa6838245a470f2fe.jpg?ver=1777574230\",\"width\":96,\"height\":96,\"caption\":\"admin\"}},{\"@type\":\"WebPage\",\"@id\":\"https:\\\/\\\/eldigitaldeasturias.com\\\/magazine365\\\/iberia-incorpora-el-primer-a330-200-de-consumo-eficiente-a-su-flota-de-largo-radio\\\/#webpage\",\"url\":\"https:\\\/\\\/eldigitaldeasturias.com\\\/magazine365\\\/iberia-incorpora-el-primer-a330-200-de-consumo-eficiente-a-su-flota-de-largo-radio\\\/\",\"name\":\"Iberia incorpora el primer A330-200 de consumo eficiente a su flota de largo radio | El Digital de Asturias\",\"description\":\"Iberia ha incorporado el primer A330-200 de largo radio a su flota, con capacidad para 288 pasajeros (19 en 'business' y 269 en turista) un avi\\u00f3n \\\"m\\u00e1s moderno, eficiente en consumo de combustible y ecol\\u00f3gico\\\", y el primero de un pedido de 13 aeronaves de este modelo que la aerol\\u00ednea espa\\u00f1ola recibir\\u00e1 en los pr\\u00f3ximos\",\"inLanguage\":\"es-ES\",\"isPartOf\":{\"@id\":\"https:\\\/\\\/eldigitaldeasturias.com\\\/magazine365\\\/#website\"},\"breadcrumb\":{\"@id\":\"https:\\\/\\\/eldigitaldeasturias.com\\\/magazine365\\\/iberia-incorpora-el-primer-a330-200-de-consumo-eficiente-a-su-flota-de-largo-radio\\\/#breadcrumblist\"},\"author\":{\"@id\":\"https:\\\/\\\/eldigitaldeasturias.com\\\/magazine365\\\/author\\\/admin\\\/#author\"},\"creator\":{\"@id\":\"https:\\\/\\\/eldigitaldeasturias.com\\\/magazine365\\\/author\\\/admin\\\/#author\"},\"image\":{\"@type\":\"ImageObject\",\"url\":\"https:\\\/\\\/eldigitaldeasturias.com\\\/magazine365\\\/wp-content\\\/uploads\\\/2015\\\/12\\\/fotonoticia_20151229124448_800.jpg\",\"@id\":\"https:\\\/\\\/eldigitaldeasturias.com\\\/magazine365\\\/iberia-incorpora-el-primer-a330-200-de-consumo-eficiente-a-su-flota-de-largo-radio\\\/#mainImage\",\"width\":800,\"height\":600},\"primaryImageOfPage\":{\"@id\":\"https:\\\/\\\/eldigitaldeasturias.com\\\/magazine365\\\/iberia-incorpora-el-primer-a330-200-de-consumo-eficiente-a-su-flota-de-largo-radio\\\/#mainImage\"},\"datePublished\":\"2015-12-30T00:11:50+01:00\",\"dateModified\":\"2015-12-30T00:11:50+01:00\"},{\"@type\":\"WebSite\",\"@id\":\"https:\\\/\\\/eldigitaldeasturias.com\\\/magazine365\\\/#website\",\"url\":\"https:\\\/\\\/eldigitaldeasturias.com\\\/magazine365\\\/\",\"name\":\"El Digital de Asturias\",\"description\":\"Revista de ocio, turismo y estilo de vida\",\"inLanguage\":\"es-ES\",\"publisher\":{\"@id\":\"https:\\\/\\\/eldigitaldeasturias.com\\\/magazine365\\\/#organization\"}}]}\n\t\t<\/script>\n\t\t<!-- All in One SEO Pro -->\r\n\t\t<title>Iberia incorpora el primer A330-200 de consumo eficiente a su flota de largo radio | El Digital de Asturias<\/title>\n\n","aioseo_head_json":{"title":"Iberia incorpora el primer A330-200 de consumo eficiente a su flota de largo radio | El Digital de Asturias","description":"Iberia ha incorporado el primer A330-200 de largo radio a su flota, con capacidad para 288 pasajeros (19 en 'business' y 269 en turista) un avi\u00f3n \"m\u00e1s moderno, eficiente en consumo de combustible y ecol\u00f3gico\", y el primero de un pedido de 13 aeronaves de este modelo que la aerol\u00ednea espa\u00f1ola recibir\u00e1 en los pr\u00f3ximos","canonical_url":"https:\/\/eldigitaldeasturias.com\/magazine365\/iberia-incorpora-el-primer-a330-200-de-consumo-eficiente-a-su-flota-de-largo-radio\/","robots":"max-image-preview:large","keywords":"noticias y actualidad","webmasterTools":{"google-site-verification":"UA-38556648-1","miscellaneous":""},"schema":{"@context":"https:\/\/schema.org","@graph":[{"@type":"Article","@id":"https:\/\/eldigitaldeasturias.com\/magazine365\/iberia-incorpora-el-primer-a330-200-de-consumo-eficiente-a-su-flota-de-largo-radio\/#article","name":"Iberia incorpora el primer A330-200 de consumo eficiente a su flota de largo radio | El Digital de Asturias","headline":"Iberia incorpora el primer A330-200 de consumo eficiente a su flota de largo radio","author":{"@id":"https:\/\/eldigitaldeasturias.com\/magazine365\/author\/admin\/#author"},"publisher":{"@id":"https:\/\/eldigitaldeasturias.com\/magazine365\/#organization"},"image":{"@type":"ImageObject","url":"https:\/\/eldigitaldeasturias.com\/magazine365\/wp-content\/uploads\/2015\/12\/fotonoticia_20151229124448_800.jpg","width":800,"height":600},"datePublished":"2015-12-30T00:11:50+01:00","dateModified":"2015-12-30T00:11:50+01:00","inLanguage":"es-ES","mainEntityOfPage":{"@id":"https:\/\/eldigitaldeasturias.com\/magazine365\/iberia-incorpora-el-primer-a330-200-de-consumo-eficiente-a-su-flota-de-largo-radio\/#webpage"},"isPartOf":{"@id":"https:\/\/eldigitaldeasturias.com\/magazine365\/iberia-incorpora-el-primer-a330-200-de-consumo-eficiente-a-su-flota-de-largo-radio\/#webpage"},"articleSection":"Noticias y Actualidad"},{"@type":"BreadcrumbList","@id":"https:\/\/eldigitaldeasturias.com\/magazine365\/iberia-incorpora-el-primer-a330-200-de-consumo-eficiente-a-su-flota-de-largo-radio\/#breadcrumblist","itemListElement":[{"@type":"ListItem","@id":"https:\/\/eldigitaldeasturias.com\/magazine365#listItem","position":1,"name":"Home","item":"https:\/\/eldigitaldeasturias.com\/magazine365","nextItem":{"@type":"ListItem","@id":"https:\/\/eldigitaldeasturias.com\/magazine365\/category\/noticias-actualidad\/#listItem","name":"Noticias y Actualidad"}},{"@type":"ListItem","@id":"https:\/\/eldigitaldeasturias.com\/magazine365\/category\/noticias-actualidad\/#listItem","position":2,"name":"Noticias y Actualidad","item":"https:\/\/eldigitaldeasturias.com\/magazine365\/category\/noticias-actualidad\/","nextItem":{"@type":"ListItem","@id":"https:\/\/eldigitaldeasturias.com\/magazine365\/iberia-incorpora-el-primer-a330-200-de-consumo-eficiente-a-su-flota-de-largo-radio\/#listItem","name":"Iberia incorpora el primer A330-200 de consumo eficiente a su flota de largo radio"},"previousItem":{"@type":"ListItem","@id":"https:\/\/eldigitaldeasturias.com\/magazine365#listItem","name":"Home"}},{"@type":"ListItem","@id":"https:\/\/eldigitaldeasturias.com\/magazine365\/iberia-incorpora-el-primer-a330-200-de-consumo-eficiente-a-su-flota-de-largo-radio\/#listItem","position":3,"name":"Iberia incorpora el primer A330-200 de consumo eficiente a su flota de largo radio","previousItem":{"@type":"ListItem","@id":"https:\/\/eldigitaldeasturias.com\/magazine365\/category\/noticias-actualidad\/#listItem","name":"Noticias y Actualidad"}}]},{"@type":"Organization","@id":"https:\/\/eldigitaldeasturias.com\/magazine365\/#organization","name":"El digital de Asturias","description":"Revista de ocio, turismo y estilo de vida","url":"https:\/\/eldigitaldeasturias.com\/magazine365\/","logo":{"@type":"ImageObject","url":"https:\/\/www.eldigitaldeasturias.com\/noticias\/wp-content\/uploads\/2020\/12\/EDA.jpg","@id":"https:\/\/eldigitaldeasturias.com\/magazine365\/iberia-incorpora-el-primer-a330-200-de-consumo-eficiente-a-su-flota-de-largo-radio\/#organizationLogo"},"image":{"@id":"https:\/\/eldigitaldeasturias.com\/magazine365\/iberia-incorpora-el-primer-a330-200-de-consumo-eficiente-a-su-flota-de-largo-radio\/#organizationLogo"}},{"@type":"Person","@id":"https:\/\/eldigitaldeasturias.com\/magazine365\/author\/admin\/#author","url":"https:\/\/eldigitaldeasturias.com\/magazine365\/author\/admin\/","name":"admin","image":{"@type":"ImageObject","@id":"https:\/\/eldigitaldeasturias.com\/magazine365\/iberia-incorpora-el-primer-a330-200-de-consumo-eficiente-a-su-flota-de-largo-radio\/#authorImage","url":"https:\/\/eldigitaldeasturias.com\/magazine365\/wp-content\/litespeed\/avatar\/e571bcf59a0edd6fa6838245a470f2fe.jpg?ver=1777574230","width":96,"height":96,"caption":"admin"}},{"@type":"WebPage","@id":"https:\/\/eldigitaldeasturias.com\/magazine365\/iberia-incorpora-el-primer-a330-200-de-consumo-eficiente-a-su-flota-de-largo-radio\/#webpage","url":"https:\/\/eldigitaldeasturias.com\/magazine365\/iberia-incorpora-el-primer-a330-200-de-consumo-eficiente-a-su-flota-de-largo-radio\/","name":"Iberia incorpora el primer A330-200 de consumo eficiente a su flota de largo radio | El Digital de Asturias","description":"Iberia ha incorporado el primer A330-200 de largo radio a su flota, con capacidad para 288 pasajeros (19 en 'business' y 269 en turista) un avi\u00f3n \"m\u00e1s moderno, eficiente en consumo de combustible y ecol\u00f3gico\", y el primero de un pedido de 13 aeronaves de este modelo que la aerol\u00ednea espa\u00f1ola recibir\u00e1 en los pr\u00f3ximos","inLanguage":"es-ES","isPartOf":{"@id":"https:\/\/eldigitaldeasturias.com\/magazine365\/#website"},"breadcrumb":{"@id":"https:\/\/eldigitaldeasturias.com\/magazine365\/iberia-incorpora-el-primer-a330-200-de-consumo-eficiente-a-su-flota-de-largo-radio\/#breadcrumblist"},"author":{"@id":"https:\/\/eldigitaldeasturias.com\/magazine365\/author\/admin\/#author"},"creator":{"@id":"https:\/\/eldigitaldeasturias.com\/magazine365\/author\/admin\/#author"},"image":{"@type":"ImageObject","url":"https:\/\/eldigitaldeasturias.com\/magazine365\/wp-content\/uploads\/2015\/12\/fotonoticia_20151229124448_800.jpg","@id":"https:\/\/eldigitaldeasturias.com\/magazine365\/iberia-incorpora-el-primer-a330-200-de-consumo-eficiente-a-su-flota-de-largo-radio\/#mainImage","width":800,"height":600},"primaryImageOfPage":{"@id":"https:\/\/eldigitaldeasturias.com\/magazine365\/iberia-incorpora-el-primer-a330-200-de-consumo-eficiente-a-su-flota-de-largo-radio\/#mainImage"},"datePublished":"2015-12-30T00:11:50+01:00","dateModified":"2015-12-30T00:11:50+01:00"},{"@type":"WebSite","@id":"https:\/\/eldigitaldeasturias.com\/magazine365\/#website","url":"https:\/\/eldigitaldeasturias.com\/magazine365\/","name":"El Digital de Asturias","description":"Revista de ocio, turismo y estilo de vida","inLanguage":"es-ES","publisher":{"@id":"https:\/\/eldigitaldeasturias.com\/magazine365\/#organization"}}]},"og:locale":"es_ES","og:site_name":"El Digital de Asturias \u2013 Revista de ocio, turismo y estilo de vida","og:type":"article","og:title":"Iberia incorpora el primer A330-200 de consumo eficiente a su flota de largo radio | El Digital de Asturias","og:description":"Iberia ha incorporado el primer A330-200 de largo radio a su flota, con capacidad para 288 pasajeros (19 en 'business' y 269 en turista) un avi\u00f3n &quot;m\u00e1s moderno, eficiente en consumo de combustible y ecol\u00f3gico&quot;, y el primero de un pedido de 13 aeronaves de este modelo que la aerol\u00ednea espa\u00f1ola recibir\u00e1 en los pr\u00f3ximos","og:url":"https:\/\/eldigitaldeasturias.com\/magazine365\/iberia-incorpora-el-primer-a330-200-de-consumo-eficiente-a-su-flota-de-largo-radio\/","og:image":"https:\/\/eldigitaldeasturias.com\/magazine365\/wp-content\/uploads\/2015\/12\/fotonoticia_20151229124448_800.jpg","og:image:secure_url":"https:\/\/eldigitaldeasturias.com\/magazine365\/wp-content\/uploads\/2015\/12\/fotonoticia_20151229124448_800.jpg","og:image:width":800,"og:image:height":600,"article:published_time":"2015-12-29T23:11:50+00:00","article:modified_time":"2015-12-29T23:11:50+00:00","twitter:card":"summary_large_image","twitter:title":"Iberia incorpora el primer A330-200 de consumo eficiente a su flota de largo radio | El Digital de Asturias","twitter:description":"Iberia ha incorporado el primer A330-200 de largo radio a su flota, con capacidad para 288 pasajeros (19 en 'business' y 269 en turista) un avi\u00f3n &quot;m\u00e1s moderno, eficiente en consumo de combustible y ecol\u00f3gico&quot;, y el primero de un pedido de 13 aeronaves de este modelo que la aerol\u00ednea espa\u00f1ola recibir\u00e1 en los pr\u00f3ximos","twitter:image":"https:\/\/eldigitaldeasturias.com\/magazine365\/wp-content\/uploads\/2015\/12\/fotonoticia_20151229124448_800.jpg"},"aioseo_meta_data":{"post_id":"59446","title":null,"description":null,"keywords":null,"keyphrases":null,"primary_term":null,"canonical_url":null,"og_title":null,"og_description":null,"og_object_type":"default","og_image_type":"default","og_image_url":null,"og_image_width":null,"og_image_height":null,"og_image_custom_url":null,"og_image_custom_fields":null,"og_video":null,"og_custom_url":null,"og_article_section":null,"og_article_tags":null,"twitter_use_og":false,"twitter_card":"default","twitter_image_type":"default","twitter_image_url":null,"twitter_image_custom_url":null,"twitter_image_custom_fields":null,"twitter_title":null,"twitter_description":null,"schema":{"blockGraphs":[],"customGraphs":[],"default":{"data":{"Article":[],"Course":[],"Dataset":[],"FAQPage":[],"Movie":[],"Person":[],"Product":[],"ProductReview":[],"Car":[],"Recipe":[],"Service":[],"SoftwareApplication":[],"WebPage":[]},"graphName":"","isEnabled":true},"graphs":[],"defaultGraph":"","defaultPostTypeGraph":""},"schema_type":null,"schema_type_options":null,"pillar_content":false,"robots_default":true,"robots_noindex":false,"robots_noarchive":false,"robots_nosnippet":false,"robots_nofollow":false,"robots_noimageindex":false,"robots_noodp":false,"robots_notranslate":false,"robots_max_snippet":null,"robots_max_videopreview":null,"robots_max_imagepreview":"large","priority":null,"frequency":null,"location":null,"local_seo":null,"seo_analyzer_scan_date":"2025-09-25 04:57:36","breadcrumb_settings":null,"limit_modified_date":false,"open_ai":null,"ai":null,"created":"2021-03-08 22:15:58","updated":"2025-09-25 04:57:36"},"aioseo_breadcrumb":"<div class=\"aioseo-breadcrumbs\"><span class=\"aioseo-breadcrumb\">\n\t<a href=\"https:\/\/eldigitaldeasturias.com\/magazine365\" title=\"Home\">Home<\/a>\n<\/span><span class=\"aioseo-breadcrumb-separator\">\u2013<\/span><span class=\"aioseo-breadcrumb\">\n\t<a href=\"https:\/\/eldigitaldeasturias.com\/magazine365\/category\/noticias-actualidad\/\" title=\"Noticias y Actualidad\">Noticias y Actualidad<\/a>\n<\/span><span class=\"aioseo-breadcrumb-separator\">\u2013<\/span><span class=\"aioseo-breadcrumb\">\n\t<a href=\"https:\/\/eldigitaldeasturias.com\/magazine365\/iberia-incorpora-el-primer-a330-200-de-consumo-eficiente-a-su-flota-de-largo-radio\/\" title=\"Iberia incorpora el primer A330-200 de consumo eficiente a su flota de largo radio\">Iberia incorpora el primer A330-200 de consumo eficiente a su flota de largo radio<\/a>\n<\/span><\/div>","aioseo_breadcrumb_json":[{"label":"Home","link":"https:\/\/eldigitaldeasturias.com\/magazine365"},{"label":"Noticias y Actualidad","link":"https:\/\/eldigitaldeasturias.com\/magazine365\/category\/noticias-actualidad\/"},{"label":"Iberia incorpora el primer A330-200 de consumo eficiente a su flota de largo radio","link":"https:\/\/eldigitaldeasturias.com\/magazine365\/iberia-incorpora-el-primer-a330-200-de-consumo-eficiente-a-su-flota-de-largo-radio\/"}],"_links":{"self":[{"href":"https:\/\/eldigitaldeasturias.com\/magazine365\/wp-json\/wp\/v2\/posts\/59446","targetHints":{"allow":["GET"]}}],"collection":[{"href":"https:\/\/eldigitaldeasturias.com\/magazine365\/wp-json\/wp\/v2\/posts"}],"about":[{"href":"https:\/\/eldigitaldeasturias.com\/magazine365\/wp-json\/wp\/v2\/types\/post"}],"author":[{"embeddable":true,"href":"https:\/\/eldigitaldeasturias.com\/magazine365\/wp-json\/wp\/v2\/users\/1"}],"replies":[{"embeddable":true,"href":"https:\/\/eldigitaldeasturias.com\/magazine365\/wp-json\/wp\/v2\/comments?post=59446"}],"version-history":[{"count":0,"href":"https:\/\/eldigitaldeasturias.com\/magazine365\/wp-json\/wp\/v2\/posts\/59446\/revisions"}],"wp:featuredmedia":[{"embeddable":true,"href":"https:\/\/eldigitaldeasturias.com\/magazine365\/wp-json\/wp\/v2\/media\/59447"}],"wp:attachment":[{"href":"https:\/\/eldigitaldeasturias.com\/magazine365\/wp-json\/wp\/v2\/media?parent=59446"}],"wp:term":[{"taxonomy":"category","embeddable":true,"href":"https:\/\/eldigitaldeasturias.com\/magazine365\/wp-json\/wp\/v2\/categories?post=59446"},{"taxonomy":"post_tag","embeddable":true,"href":"https:\/\/eldigitaldeasturias.com\/magazine365\/wp-json\/wp\/v2\/tags?post=59446"}],"curies":[{"name":"wp","href":"https:\/\/api.w.org\/{rel}","templated":true}]}}