{"id":59429,"date":"2015-12-29T05:44:05","date_gmt":"2015-12-29T04:44:05","guid":{"rendered":"http:\/\/eldigitaldeasturias.com\/magazine365\/?p=59429"},"modified":"2015-12-29T05:44:05","modified_gmt":"2015-12-29T04:44:05","slug":"iberia-express-se-suma-a-las-inocentadas-con-un-concurso-en-las-redes-para-pilotar-un-avion","status":"publish","type":"post","link":"https:\/\/eldigitaldeasturias.com\/magazine365\/iberia-express-se-suma-a-las-inocentadas-con-un-concurso-en-las-redes-para-pilotar-un-avion\/","title":{"rendered":"Iberia Express se suma a las &#8216;inocentadas&#8217; con un concurso en las redes para pilotar un avi\u00f3n"},"content":{"rendered":"<p><img fetchpriority=\"high\" decoding=\"async\" class=\"alignleft size-medium wp-image-59430\" src=\"https:\/\/eldigitaldeasturias.com\/magazine365\/wp-content\/uploads\/2015\/12\/fotonoticia_20151228190028_800-360x240.jpg\" alt=\"fotonoticia_20151228190028_800\" width=\"360\" height=\"240\" srcset=\"https:\/\/eldigitaldeasturias.com\/magazine365\/wp-content\/uploads\/2015\/12\/fotonoticia_20151228190028_800-360x240.jpg 360w, https:\/\/eldigitaldeasturias.com\/magazine365\/wp-content\/uploads\/2015\/12\/fotonoticia_20151228190028_800-650x433.jpg 650w, https:\/\/eldigitaldeasturias.com\/magazine365\/wp-content\/uploads\/2015\/12\/fotonoticia_20151228190028_800-768x512.jpg 768w, https:\/\/eldigitaldeasturias.com\/magazine365\/wp-content\/uploads\/2015\/12\/fotonoticia_20151228190028_800-150x100.jpg 150w, https:\/\/eldigitaldeasturias.com\/magazine365\/wp-content\/uploads\/2015\/12\/fotonoticia_20151228190028_800-450x300.jpg 450w, https:\/\/eldigitaldeasturias.com\/magazine365\/wp-content\/uploads\/2015\/12\/fotonoticia_20151228190028_800-696x464.jpg 696w, https:\/\/eldigitaldeasturias.com\/magazine365\/wp-content\/uploads\/2015\/12\/fotonoticia_20151228190028_800-630x420.jpg 630w, https:\/\/eldigitaldeasturias.com\/magazine365\/wp-content\/uploads\/2015\/12\/fotonoticia_20151228190028_800-101x66.jpg 101w, https:\/\/eldigitaldeasturias.com\/magazine365\/wp-content\/uploads\/2015\/12\/fotonoticia_20151228190028_800.jpg 800w\" sizes=\"(max-width: 360px) 100vw, 360px\" \/>Iberia Express ha llevado a cabo hoy una acci\u00f3n en las redes sociales, a trav\u00e9s de sus perfiles en Facebook y Twitter, haciendo creer a sus socios del Club Express que pod\u00edan optar a pilotar uno de sus aviones, a trav\u00e9s de un concurso que solo ha estado vigente durante unas horas, con motivo del D\u00eda de los Santos Inocentes.<\/p>\n<p>Al cierre del concurso, m\u00e1s de 1.000 candidatos se hab\u00edan inscrito para participar en esta iniciativa, creyendo que el premio era poder pilotar un A320 de la flota de aviones de Iberia Express cuando realmente consist\u00eda en pilotar un simulador de vuelo, seg\u00fan ha informado la aerol\u00ednea en un comunicado.<\/p>\n<p>Durante las siete horas en las que estuvo activo el concurso, la viralizaci\u00f3n del mismo a trav\u00e9s de 550 interacciones de los usuarios ha generado caso 80.000 impresiones de la publicaci\u00f3n, convirti\u00e9ndose en la acci\u00f3n de Iberia Express m\u00e1s comentada y viralizada del d\u00eda.<\/p>\n<p>Para participar en este concurso se requer\u00eda ser socio del Club Express o darse de alta a trav\u00e9s del formulario disponible en los perfiles sociales de la aerol\u00ednea.<\/p>\n<p>\u00abHemos querido este a\u00f1o sumarnos a una de las tradiciones m\u00e1s arraigadas en nuestro pa\u00eds, como son los Santos Inocentes, a trav\u00e9s de esta iniciativa innovadora\u00bb, ha explicado el responsable de Ecommerce y Marketing de Iberia Express, Javier Hern\u00e1ndez.<\/p>\n","protected":false},"excerpt":{"rendered":"<p>Iberia Express ha llevado a cabo hoy una acci\u00f3n en las redes sociales, a trav\u00e9s de sus perfiles en Facebook y Twitter, haciendo creer a sus socios del Club Express que pod\u00edan optar a pilotar uno de sus aviones, a trav\u00e9s de un concurso que solo ha estado vigente durante unas horas, con motivo del<\/p>\n","protected":false},"author":1,"featured_media":59430,"comment_status":"open","ping_status":"closed","sticky":false,"template":"","format":"standard","meta":{"footnotes":""},"categories":[224],"tags":[],"class_list":{"0":"post-59429","1":"post","2":"type-post","3":"status-publish","4":"format-standard","5":"has-post-thumbnail","7":"category-noticias-actualidad"},"aioseo_notices":[],"aioseo_head":"\n\t\t<!-- All in One SEO Pro 4.9.6.1 - aioseo.com -->\n\t<meta name=\"description\" content=\"Iberia Express ha llevado a cabo hoy una acci\u00f3n en las redes sociales, a trav\u00e9s de sus perfiles en Facebook y Twitter, haciendo creer a sus socios del Club Express que pod\u00edan optar a pilotar uno de sus aviones, a trav\u00e9s de un concurso que solo ha estado vigente durante unas horas, con motivo del\" \/>\n\t<meta name=\"robots\" content=\"max-image-preview:large\" \/>\n\t<meta name=\"author\" content=\"admin\"\/>\n\t<meta name=\"google-site-verification\" content=\"UA-38556648-1\" \/>\n\t<meta name=\"keywords\" content=\"noticias y actualidad\" \/>\n\t<link rel=\"canonical\" href=\"https:\/\/eldigitaldeasturias.com\/magazine365\/iberia-express-se-suma-a-las-inocentadas-con-un-concurso-en-las-redes-para-pilotar-un-avion\/\" \/>\n\t<meta name=\"generator\" content=\"All in One SEO Pro (AIOSEO) 4.9.6.1\" \/>\n\t\t<meta property=\"og:locale\" content=\"es_ES\" \/>\n\t\t<meta property=\"og:site_name\" content=\"El Digital de Asturias \u2013 Revista de ocio, turismo y estilo de vida\" \/>\n\t\t<meta property=\"og:type\" content=\"article\" \/>\n\t\t<meta property=\"og:title\" content=\"Iberia Express se suma a las \u2018inocentadas\u2019 con un concurso en las redes para pilotar un avi\u00f3n | El Digital de Asturias\" \/>\n\t\t<meta property=\"og:description\" content=\"Iberia Express ha llevado a cabo hoy una acci\u00f3n en las redes sociales, a trav\u00e9s de sus perfiles en Facebook y Twitter, haciendo creer a sus socios del Club Express que pod\u00edan optar a pilotar uno de sus aviones, a trav\u00e9s de un concurso que solo ha estado vigente durante unas horas, con motivo del\" \/>\n\t\t<meta property=\"og:url\" content=\"https:\/\/eldigitaldeasturias.com\/magazine365\/iberia-express-se-suma-a-las-inocentadas-con-un-concurso-en-las-redes-para-pilotar-un-avion\/\" \/>\n\t\t<meta property=\"og:image\" content=\"https:\/\/eldigitaldeasturias.com\/magazine365\/wp-content\/uploads\/2015\/12\/fotonoticia_20151228190028_800.jpg\" \/>\n\t\t<meta property=\"og:image:secure_url\" content=\"https:\/\/eldigitaldeasturias.com\/magazine365\/wp-content\/uploads\/2015\/12\/fotonoticia_20151228190028_800.jpg\" \/>\n\t\t<meta property=\"og:image:width\" content=\"800\" \/>\n\t\t<meta property=\"og:image:height\" content=\"533\" \/>\n\t\t<meta property=\"article:published_time\" content=\"2015-12-29T04:44:05+00:00\" \/>\n\t\t<meta property=\"article:modified_time\" content=\"2015-12-29T04:44:05+00:00\" \/>\n\t\t<meta name=\"twitter:card\" content=\"summary_large_image\" \/>\n\t\t<meta name=\"twitter:title\" content=\"Iberia Express se suma a las \u2018inocentadas\u2019 con un concurso en las redes para pilotar un avi\u00f3n | El Digital de Asturias\" \/>\n\t\t<meta name=\"twitter:description\" content=\"Iberia Express ha llevado a cabo hoy una acci\u00f3n en las redes sociales, a trav\u00e9s de sus perfiles en Facebook y Twitter, haciendo creer a sus socios del Club Express que pod\u00edan optar a pilotar uno de sus aviones, a trav\u00e9s de un concurso que solo ha estado vigente durante unas horas, con motivo del\" \/>\n\t\t<meta name=\"twitter:image\" content=\"https:\/\/eldigitaldeasturias.com\/magazine365\/wp-content\/uploads\/2015\/12\/fotonoticia_20151228190028_800.jpg\" \/>\n\t\t<script type=\"application\/ld+json\" class=\"aioseo-schema\">\n\t\t\t{\"@context\":\"https:\\\/\\\/schema.org\",\"@graph\":[{\"@type\":\"Article\",\"@id\":\"https:\\\/\\\/eldigitaldeasturias.com\\\/magazine365\\\/iberia-express-se-suma-a-las-inocentadas-con-un-concurso-en-las-redes-para-pilotar-un-avion\\\/#article\",\"name\":\"Iberia Express se suma a las \\u2018inocentadas\\u2019 con un concurso en las redes para pilotar un avi\\u00f3n | El Digital de Asturias\",\"headline\":\"Iberia Express se suma a las &#8216;inocentadas&#8217; con un concurso en las redes para pilotar un avi\\u00f3n\",\"author\":{\"@id\":\"https:\\\/\\\/eldigitaldeasturias.com\\\/magazine365\\\/author\\\/admin\\\/#author\"},\"publisher\":{\"@id\":\"https:\\\/\\\/eldigitaldeasturias.com\\\/magazine365\\\/#organization\"},\"image\":{\"@type\":\"ImageObject\",\"url\":\"https:\\\/\\\/eldigitaldeasturias.com\\\/magazine365\\\/wp-content\\\/uploads\\\/2015\\\/12\\\/fotonoticia_20151228190028_800.jpg\",\"width\":800,\"height\":533},\"datePublished\":\"2015-12-29T05:44:05+01:00\",\"dateModified\":\"2015-12-29T05:44:05+01:00\",\"inLanguage\":\"es-ES\",\"mainEntityOfPage\":{\"@id\":\"https:\\\/\\\/eldigitaldeasturias.com\\\/magazine365\\\/iberia-express-se-suma-a-las-inocentadas-con-un-concurso-en-las-redes-para-pilotar-un-avion\\\/#webpage\"},\"isPartOf\":{\"@id\":\"https:\\\/\\\/eldigitaldeasturias.com\\\/magazine365\\\/iberia-express-se-suma-a-las-inocentadas-con-un-concurso-en-las-redes-para-pilotar-un-avion\\\/#webpage\"},\"articleSection\":\"Noticias y Actualidad\"},{\"@type\":\"BreadcrumbList\",\"@id\":\"https:\\\/\\\/eldigitaldeasturias.com\\\/magazine365\\\/iberia-express-se-suma-a-las-inocentadas-con-un-concurso-en-las-redes-para-pilotar-un-avion\\\/#breadcrumblist\",\"itemListElement\":[{\"@type\":\"ListItem\",\"@id\":\"https:\\\/\\\/eldigitaldeasturias.com\\\/magazine365#listItem\",\"position\":1,\"name\":\"Home\",\"item\":\"https:\\\/\\\/eldigitaldeasturias.com\\\/magazine365\",\"nextItem\":{\"@type\":\"ListItem\",\"@id\":\"https:\\\/\\\/eldigitaldeasturias.com\\\/magazine365\\\/category\\\/noticias-actualidad\\\/#listItem\",\"name\":\"Noticias y Actualidad\"}},{\"@type\":\"ListItem\",\"@id\":\"https:\\\/\\\/eldigitaldeasturias.com\\\/magazine365\\\/category\\\/noticias-actualidad\\\/#listItem\",\"position\":2,\"name\":\"Noticias y Actualidad\",\"item\":\"https:\\\/\\\/eldigitaldeasturias.com\\\/magazine365\\\/category\\\/noticias-actualidad\\\/\",\"nextItem\":{\"@type\":\"ListItem\",\"@id\":\"https:\\\/\\\/eldigitaldeasturias.com\\\/magazine365\\\/iberia-express-se-suma-a-las-inocentadas-con-un-concurso-en-las-redes-para-pilotar-un-avion\\\/#listItem\",\"name\":\"Iberia Express se suma a las &#8216;inocentadas&#8217; con un concurso en las redes para pilotar un avi\\u00f3n\"},\"previousItem\":{\"@type\":\"ListItem\",\"@id\":\"https:\\\/\\\/eldigitaldeasturias.com\\\/magazine365#listItem\",\"name\":\"Home\"}},{\"@type\":\"ListItem\",\"@id\":\"https:\\\/\\\/eldigitaldeasturias.com\\\/magazine365\\\/iberia-express-se-suma-a-las-inocentadas-con-un-concurso-en-las-redes-para-pilotar-un-avion\\\/#listItem\",\"position\":3,\"name\":\"Iberia Express se suma a las &#8216;inocentadas&#8217; con un concurso en las redes para pilotar un avi\\u00f3n\",\"previousItem\":{\"@type\":\"ListItem\",\"@id\":\"https:\\\/\\\/eldigitaldeasturias.com\\\/magazine365\\\/category\\\/noticias-actualidad\\\/#listItem\",\"name\":\"Noticias y Actualidad\"}}]},{\"@type\":\"Organization\",\"@id\":\"https:\\\/\\\/eldigitaldeasturias.com\\\/magazine365\\\/#organization\",\"name\":\"El digital de Asturias\",\"description\":\"Revista de ocio, turismo y estilo de vida\",\"url\":\"https:\\\/\\\/eldigitaldeasturias.com\\\/magazine365\\\/\",\"logo\":{\"@type\":\"ImageObject\",\"url\":\"https:\\\/\\\/www.eldigitaldeasturias.com\\\/noticias\\\/wp-content\\\/uploads\\\/2020\\\/12\\\/EDA.jpg\",\"@id\":\"https:\\\/\\\/eldigitaldeasturias.com\\\/magazine365\\\/iberia-express-se-suma-a-las-inocentadas-con-un-concurso-en-las-redes-para-pilotar-un-avion\\\/#organizationLogo\"},\"image\":{\"@id\":\"https:\\\/\\\/eldigitaldeasturias.com\\\/magazine365\\\/iberia-express-se-suma-a-las-inocentadas-con-un-concurso-en-las-redes-para-pilotar-un-avion\\\/#organizationLogo\"}},{\"@type\":\"Person\",\"@id\":\"https:\\\/\\\/eldigitaldeasturias.com\\\/magazine365\\\/author\\\/admin\\\/#author\",\"url\":\"https:\\\/\\\/eldigitaldeasturias.com\\\/magazine365\\\/author\\\/admin\\\/\",\"name\":\"admin\",\"image\":{\"@type\":\"ImageObject\",\"@id\":\"https:\\\/\\\/eldigitaldeasturias.com\\\/magazine365\\\/iberia-express-se-suma-a-las-inocentadas-con-un-concurso-en-las-redes-para-pilotar-un-avion\\\/#authorImage\",\"url\":\"https:\\\/\\\/eldigitaldeasturias.com\\\/magazine365\\\/wp-content\\\/litespeed\\\/avatar\\\/e571bcf59a0edd6fa6838245a470f2fe.jpg?ver=1777574230\",\"width\":96,\"height\":96,\"caption\":\"admin\"}},{\"@type\":\"WebPage\",\"@id\":\"https:\\\/\\\/eldigitaldeasturias.com\\\/magazine365\\\/iberia-express-se-suma-a-las-inocentadas-con-un-concurso-en-las-redes-para-pilotar-un-avion\\\/#webpage\",\"url\":\"https:\\\/\\\/eldigitaldeasturias.com\\\/magazine365\\\/iberia-express-se-suma-a-las-inocentadas-con-un-concurso-en-las-redes-para-pilotar-un-avion\\\/\",\"name\":\"Iberia Express se suma a las \\u2018inocentadas\\u2019 con un concurso en las redes para pilotar un avi\\u00f3n | El Digital de Asturias\",\"description\":\"Iberia Express ha llevado a cabo hoy una acci\\u00f3n en las redes sociales, a trav\\u00e9s de sus perfiles en Facebook y Twitter, haciendo creer a sus socios del Club Express que pod\\u00edan optar a pilotar uno de sus aviones, a trav\\u00e9s de un concurso que solo ha estado vigente durante unas horas, con motivo del\",\"inLanguage\":\"es-ES\",\"isPartOf\":{\"@id\":\"https:\\\/\\\/eldigitaldeasturias.com\\\/magazine365\\\/#website\"},\"breadcrumb\":{\"@id\":\"https:\\\/\\\/eldigitaldeasturias.com\\\/magazine365\\\/iberia-express-se-suma-a-las-inocentadas-con-un-concurso-en-las-redes-para-pilotar-un-avion\\\/#breadcrumblist\"},\"author\":{\"@id\":\"https:\\\/\\\/eldigitaldeasturias.com\\\/magazine365\\\/author\\\/admin\\\/#author\"},\"creator\":{\"@id\":\"https:\\\/\\\/eldigitaldeasturias.com\\\/magazine365\\\/author\\\/admin\\\/#author\"},\"image\":{\"@type\":\"ImageObject\",\"url\":\"https:\\\/\\\/eldigitaldeasturias.com\\\/magazine365\\\/wp-content\\\/uploads\\\/2015\\\/12\\\/fotonoticia_20151228190028_800.jpg\",\"@id\":\"https:\\\/\\\/eldigitaldeasturias.com\\\/magazine365\\\/iberia-express-se-suma-a-las-inocentadas-con-un-concurso-en-las-redes-para-pilotar-un-avion\\\/#mainImage\",\"width\":800,\"height\":533},\"primaryImageOfPage\":{\"@id\":\"https:\\\/\\\/eldigitaldeasturias.com\\\/magazine365\\\/iberia-express-se-suma-a-las-inocentadas-con-un-concurso-en-las-redes-para-pilotar-un-avion\\\/#mainImage\"},\"datePublished\":\"2015-12-29T05:44:05+01:00\",\"dateModified\":\"2015-12-29T05:44:05+01:00\"},{\"@type\":\"WebSite\",\"@id\":\"https:\\\/\\\/eldigitaldeasturias.com\\\/magazine365\\\/#website\",\"url\":\"https:\\\/\\\/eldigitaldeasturias.com\\\/magazine365\\\/\",\"name\":\"El Digital de Asturias\",\"description\":\"Revista de ocio, turismo y estilo de vida\",\"inLanguage\":\"es-ES\",\"publisher\":{\"@id\":\"https:\\\/\\\/eldigitaldeasturias.com\\\/magazine365\\\/#organization\"}}]}\n\t\t<\/script>\n\t\t<!-- All in One SEO Pro -->\r\n\t\t<title>Iberia Express se suma a las \u2018inocentadas\u2019 con un concurso en las redes para pilotar un avi\u00f3n | El Digital de Asturias<\/title>\n\n","aioseo_head_json":{"title":"Iberia Express se suma a las \u2018inocentadas\u2019 con un concurso en las redes para pilotar un avi\u00f3n | El Digital de Asturias","description":"Iberia Express ha llevado a cabo hoy una acci\u00f3n en las redes sociales, a trav\u00e9s de sus perfiles en Facebook y Twitter, haciendo creer a sus socios del Club Express que pod\u00edan optar a pilotar uno de sus aviones, a trav\u00e9s de un concurso que solo ha estado vigente durante unas horas, con motivo del","canonical_url":"https:\/\/eldigitaldeasturias.com\/magazine365\/iberia-express-se-suma-a-las-inocentadas-con-un-concurso-en-las-redes-para-pilotar-un-avion\/","robots":"max-image-preview:large","keywords":"noticias y actualidad","webmasterTools":{"google-site-verification":"UA-38556648-1","miscellaneous":""},"schema":{"@context":"https:\/\/schema.org","@graph":[{"@type":"Article","@id":"https:\/\/eldigitaldeasturias.com\/magazine365\/iberia-express-se-suma-a-las-inocentadas-con-un-concurso-en-las-redes-para-pilotar-un-avion\/#article","name":"Iberia Express se suma a las \u2018inocentadas\u2019 con un concurso en las redes para pilotar un avi\u00f3n | El Digital de Asturias","headline":"Iberia Express se suma a las &#8216;inocentadas&#8217; con un concurso en las redes para pilotar un avi\u00f3n","author":{"@id":"https:\/\/eldigitaldeasturias.com\/magazine365\/author\/admin\/#author"},"publisher":{"@id":"https:\/\/eldigitaldeasturias.com\/magazine365\/#organization"},"image":{"@type":"ImageObject","url":"https:\/\/eldigitaldeasturias.com\/magazine365\/wp-content\/uploads\/2015\/12\/fotonoticia_20151228190028_800.jpg","width":800,"height":533},"datePublished":"2015-12-29T05:44:05+01:00","dateModified":"2015-12-29T05:44:05+01:00","inLanguage":"es-ES","mainEntityOfPage":{"@id":"https:\/\/eldigitaldeasturias.com\/magazine365\/iberia-express-se-suma-a-las-inocentadas-con-un-concurso-en-las-redes-para-pilotar-un-avion\/#webpage"},"isPartOf":{"@id":"https:\/\/eldigitaldeasturias.com\/magazine365\/iberia-express-se-suma-a-las-inocentadas-con-un-concurso-en-las-redes-para-pilotar-un-avion\/#webpage"},"articleSection":"Noticias y Actualidad"},{"@type":"BreadcrumbList","@id":"https:\/\/eldigitaldeasturias.com\/magazine365\/iberia-express-se-suma-a-las-inocentadas-con-un-concurso-en-las-redes-para-pilotar-un-avion\/#breadcrumblist","itemListElement":[{"@type":"ListItem","@id":"https:\/\/eldigitaldeasturias.com\/magazine365#listItem","position":1,"name":"Home","item":"https:\/\/eldigitaldeasturias.com\/magazine365","nextItem":{"@type":"ListItem","@id":"https:\/\/eldigitaldeasturias.com\/magazine365\/category\/noticias-actualidad\/#listItem","name":"Noticias y Actualidad"}},{"@type":"ListItem","@id":"https:\/\/eldigitaldeasturias.com\/magazine365\/category\/noticias-actualidad\/#listItem","position":2,"name":"Noticias y Actualidad","item":"https:\/\/eldigitaldeasturias.com\/magazine365\/category\/noticias-actualidad\/","nextItem":{"@type":"ListItem","@id":"https:\/\/eldigitaldeasturias.com\/magazine365\/iberia-express-se-suma-a-las-inocentadas-con-un-concurso-en-las-redes-para-pilotar-un-avion\/#listItem","name":"Iberia Express se suma a las &#8216;inocentadas&#8217; con un concurso en las redes para pilotar un avi\u00f3n"},"previousItem":{"@type":"ListItem","@id":"https:\/\/eldigitaldeasturias.com\/magazine365#listItem","name":"Home"}},{"@type":"ListItem","@id":"https:\/\/eldigitaldeasturias.com\/magazine365\/iberia-express-se-suma-a-las-inocentadas-con-un-concurso-en-las-redes-para-pilotar-un-avion\/#listItem","position":3,"name":"Iberia Express se suma a las &#8216;inocentadas&#8217; con un concurso en las redes para pilotar un avi\u00f3n","previousItem":{"@type":"ListItem","@id":"https:\/\/eldigitaldeasturias.com\/magazine365\/category\/noticias-actualidad\/#listItem","name":"Noticias y Actualidad"}}]},{"@type":"Organization","@id":"https:\/\/eldigitaldeasturias.com\/magazine365\/#organization","name":"El digital de Asturias","description":"Revista de ocio, turismo y estilo de vida","url":"https:\/\/eldigitaldeasturias.com\/magazine365\/","logo":{"@type":"ImageObject","url":"https:\/\/www.eldigitaldeasturias.com\/noticias\/wp-content\/uploads\/2020\/12\/EDA.jpg","@id":"https:\/\/eldigitaldeasturias.com\/magazine365\/iberia-express-se-suma-a-las-inocentadas-con-un-concurso-en-las-redes-para-pilotar-un-avion\/#organizationLogo"},"image":{"@id":"https:\/\/eldigitaldeasturias.com\/magazine365\/iberia-express-se-suma-a-las-inocentadas-con-un-concurso-en-las-redes-para-pilotar-un-avion\/#organizationLogo"}},{"@type":"Person","@id":"https:\/\/eldigitaldeasturias.com\/magazine365\/author\/admin\/#author","url":"https:\/\/eldigitaldeasturias.com\/magazine365\/author\/admin\/","name":"admin","image":{"@type":"ImageObject","@id":"https:\/\/eldigitaldeasturias.com\/magazine365\/iberia-express-se-suma-a-las-inocentadas-con-un-concurso-en-las-redes-para-pilotar-un-avion\/#authorImage","url":"https:\/\/eldigitaldeasturias.com\/magazine365\/wp-content\/litespeed\/avatar\/e571bcf59a0edd6fa6838245a470f2fe.jpg?ver=1777574230","width":96,"height":96,"caption":"admin"}},{"@type":"WebPage","@id":"https:\/\/eldigitaldeasturias.com\/magazine365\/iberia-express-se-suma-a-las-inocentadas-con-un-concurso-en-las-redes-para-pilotar-un-avion\/#webpage","url":"https:\/\/eldigitaldeasturias.com\/magazine365\/iberia-express-se-suma-a-las-inocentadas-con-un-concurso-en-las-redes-para-pilotar-un-avion\/","name":"Iberia Express se suma a las \u2018inocentadas\u2019 con un concurso en las redes para pilotar un avi\u00f3n | El Digital de Asturias","description":"Iberia Express ha llevado a cabo hoy una acci\u00f3n en las redes sociales, a trav\u00e9s de sus perfiles en Facebook y Twitter, haciendo creer a sus socios del Club Express que pod\u00edan optar a pilotar uno de sus aviones, a trav\u00e9s de un concurso que solo ha estado vigente durante unas horas, con motivo del","inLanguage":"es-ES","isPartOf":{"@id":"https:\/\/eldigitaldeasturias.com\/magazine365\/#website"},"breadcrumb":{"@id":"https:\/\/eldigitaldeasturias.com\/magazine365\/iberia-express-se-suma-a-las-inocentadas-con-un-concurso-en-las-redes-para-pilotar-un-avion\/#breadcrumblist"},"author":{"@id":"https:\/\/eldigitaldeasturias.com\/magazine365\/author\/admin\/#author"},"creator":{"@id":"https:\/\/eldigitaldeasturias.com\/magazine365\/author\/admin\/#author"},"image":{"@type":"ImageObject","url":"https:\/\/eldigitaldeasturias.com\/magazine365\/wp-content\/uploads\/2015\/12\/fotonoticia_20151228190028_800.jpg","@id":"https:\/\/eldigitaldeasturias.com\/magazine365\/iberia-express-se-suma-a-las-inocentadas-con-un-concurso-en-las-redes-para-pilotar-un-avion\/#mainImage","width":800,"height":533},"primaryImageOfPage":{"@id":"https:\/\/eldigitaldeasturias.com\/magazine365\/iberia-express-se-suma-a-las-inocentadas-con-un-concurso-en-las-redes-para-pilotar-un-avion\/#mainImage"},"datePublished":"2015-12-29T05:44:05+01:00","dateModified":"2015-12-29T05:44:05+01:00"},{"@type":"WebSite","@id":"https:\/\/eldigitaldeasturias.com\/magazine365\/#website","url":"https:\/\/eldigitaldeasturias.com\/magazine365\/","name":"El Digital de Asturias","description":"Revista de ocio, turismo y estilo de vida","inLanguage":"es-ES","publisher":{"@id":"https:\/\/eldigitaldeasturias.com\/magazine365\/#organization"}}]},"og:locale":"es_ES","og:site_name":"El Digital de Asturias \u2013 Revista de ocio, turismo y estilo de vida","og:type":"article","og:title":"Iberia Express se suma a las \u2018inocentadas\u2019 con un concurso en las redes para pilotar un avi\u00f3n | El Digital de Asturias","og:description":"Iberia Express ha llevado a cabo hoy una acci\u00f3n en las redes sociales, a trav\u00e9s de sus perfiles en Facebook y Twitter, haciendo creer a sus socios del Club Express que pod\u00edan optar a pilotar uno de sus aviones, a trav\u00e9s de un concurso que solo ha estado vigente durante unas horas, con motivo del","og:url":"https:\/\/eldigitaldeasturias.com\/magazine365\/iberia-express-se-suma-a-las-inocentadas-con-un-concurso-en-las-redes-para-pilotar-un-avion\/","og:image":"https:\/\/eldigitaldeasturias.com\/magazine365\/wp-content\/uploads\/2015\/12\/fotonoticia_20151228190028_800.jpg","og:image:secure_url":"https:\/\/eldigitaldeasturias.com\/magazine365\/wp-content\/uploads\/2015\/12\/fotonoticia_20151228190028_800.jpg","og:image:width":800,"og:image:height":533,"article:published_time":"2015-12-29T04:44:05+00:00","article:modified_time":"2015-12-29T04:44:05+00:00","twitter:card":"summary_large_image","twitter:title":"Iberia Express se suma a las \u2018inocentadas\u2019 con un concurso en las redes para pilotar un avi\u00f3n | El Digital de Asturias","twitter:description":"Iberia Express ha llevado a cabo hoy una acci\u00f3n en las redes sociales, a trav\u00e9s de sus perfiles en Facebook y Twitter, haciendo creer a sus socios del Club Express que pod\u00edan optar a pilotar uno de sus aviones, a trav\u00e9s de un concurso que solo ha estado vigente durante unas horas, con motivo del","twitter:image":"https:\/\/eldigitaldeasturias.com\/magazine365\/wp-content\/uploads\/2015\/12\/fotonoticia_20151228190028_800.jpg"},"aioseo_meta_data":{"post_id":"59429","title":null,"description":null,"keywords":null,"keyphrases":null,"primary_term":null,"canonical_url":null,"og_title":null,"og_description":null,"og_object_type":"default","og_image_type":"default","og_image_url":null,"og_image_width":null,"og_image_height":null,"og_image_custom_url":null,"og_image_custom_fields":null,"og_video":null,"og_custom_url":null,"og_article_section":null,"og_article_tags":null,"twitter_use_og":false,"twitter_card":"default","twitter_image_type":"default","twitter_image_url":null,"twitter_image_custom_url":null,"twitter_image_custom_fields":null,"twitter_title":null,"twitter_description":null,"schema":{"blockGraphs":[],"customGraphs":[],"default":{"data":{"Article":[],"Course":[],"Dataset":[],"FAQPage":[],"Movie":[],"Person":[],"Product":[],"ProductReview":[],"Car":[],"Recipe":[],"Service":[],"SoftwareApplication":[],"WebPage":[]},"graphName":"","isEnabled":true},"graphs":[],"defaultGraph":"","defaultPostTypeGraph":""},"schema_type":null,"schema_type_options":null,"pillar_content":false,"robots_default":true,"robots_noindex":false,"robots_noarchive":false,"robots_nosnippet":false,"robots_nofollow":false,"robots_noimageindex":false,"robots_noodp":false,"robots_notranslate":false,"robots_max_snippet":null,"robots_max_videopreview":null,"robots_max_imagepreview":"large","priority":null,"frequency":null,"location":null,"local_seo":null,"seo_analyzer_scan_date":"2025-09-25 04:56:17","breadcrumb_settings":null,"limit_modified_date":false,"open_ai":null,"ai":null,"created":"2021-03-08 22:15:58","updated":"2025-09-25 04:56:17"},"aioseo_breadcrumb":"<div class=\"aioseo-breadcrumbs\"><span class=\"aioseo-breadcrumb\">\n\t<a href=\"https:\/\/eldigitaldeasturias.com\/magazine365\" title=\"Home\">Home<\/a>\n<\/span><span class=\"aioseo-breadcrumb-separator\">\u2013<\/span><span class=\"aioseo-breadcrumb\">\n\t<a href=\"https:\/\/eldigitaldeasturias.com\/magazine365\/category\/noticias-actualidad\/\" title=\"Noticias y Actualidad\">Noticias y Actualidad<\/a>\n<\/span><span class=\"aioseo-breadcrumb-separator\">\u2013<\/span><span class=\"aioseo-breadcrumb\">\n\t<a href=\"https:\/\/eldigitaldeasturias.com\/magazine365\/iberia-express-se-suma-a-las-inocentadas-con-un-concurso-en-las-redes-para-pilotar-un-avion\/\" title=\"Iberia Express se suma a las \u2018inocentadas\u2019 con un concurso en las redes para pilotar un avi\u00f3n\">Iberia Express se suma a las \u2018inocentadas\u2019 con un concurso en las redes para pilotar un avi\u00f3n<\/a>\n<\/span><\/div>","aioseo_breadcrumb_json":[{"label":"Home","link":"https:\/\/eldigitaldeasturias.com\/magazine365"},{"label":"Noticias y Actualidad","link":"https:\/\/eldigitaldeasturias.com\/magazine365\/category\/noticias-actualidad\/"},{"label":"Iberia Express se suma a las &#8216;inocentadas&#8217; con un concurso en las redes para pilotar un avi\u00f3n","link":"https:\/\/eldigitaldeasturias.com\/magazine365\/iberia-express-se-suma-a-las-inocentadas-con-un-concurso-en-las-redes-para-pilotar-un-avion\/"}],"_links":{"self":[{"href":"https:\/\/eldigitaldeasturias.com\/magazine365\/wp-json\/wp\/v2\/posts\/59429","targetHints":{"allow":["GET"]}}],"collection":[{"href":"https:\/\/eldigitaldeasturias.com\/magazine365\/wp-json\/wp\/v2\/posts"}],"about":[{"href":"https:\/\/eldigitaldeasturias.com\/magazine365\/wp-json\/wp\/v2\/types\/post"}],"author":[{"embeddable":true,"href":"https:\/\/eldigitaldeasturias.com\/magazine365\/wp-json\/wp\/v2\/users\/1"}],"replies":[{"embeddable":true,"href":"https:\/\/eldigitaldeasturias.com\/magazine365\/wp-json\/wp\/v2\/comments?post=59429"}],"version-history":[{"count":0,"href":"https:\/\/eldigitaldeasturias.com\/magazine365\/wp-json\/wp\/v2\/posts\/59429\/revisions"}],"wp:featuredmedia":[{"embeddable":true,"href":"https:\/\/eldigitaldeasturias.com\/magazine365\/wp-json\/wp\/v2\/media\/59430"}],"wp:attachment":[{"href":"https:\/\/eldigitaldeasturias.com\/magazine365\/wp-json\/wp\/v2\/media?parent=59429"}],"wp:term":[{"taxonomy":"category","embeddable":true,"href":"https:\/\/eldigitaldeasturias.com\/magazine365\/wp-json\/wp\/v2\/categories?post=59429"},{"taxonomy":"post_tag","embeddable":true,"href":"https:\/\/eldigitaldeasturias.com\/magazine365\/wp-json\/wp\/v2\/tags?post=59429"}],"curies":[{"name":"wp","href":"https:\/\/api.w.org\/{rel}","templated":true}]}}