{"id":59417,"date":"2015-12-29T05:32:58","date_gmt":"2015-12-29T04:32:58","guid":{"rendered":"http:\/\/eldigitaldeasturias.com\/magazine365\/?p=59417"},"modified":"2015-12-29T05:32:58","modified_gmt":"2015-12-29T04:32:58","slug":"la-bodega-pontevedresa-paco-lola-recibe-el-sello-de-galicia-calidade","status":"publish","type":"post","link":"https:\/\/eldigitaldeasturias.com\/magazine365\/la-bodega-pontevedresa-paco-lola-recibe-el-sello-de-galicia-calidade\/","title":{"rendered":"La bodega pontevedresa Paco &#038; Lola recibe el sello de Galicia Calidade"},"content":{"rendered":"<p><img fetchpriority=\"high\" decoding=\"async\" class=\"alignleft size-medium wp-image-59418\" src=\"https:\/\/eldigitaldeasturias.com\/magazine365\/wp-content\/uploads\/2015\/12\/fotonoticia_20151228172842_800-360x240.jpg\" alt=\"fotonoticia_20151228172842_800\" width=\"360\" height=\"240\" srcset=\"https:\/\/eldigitaldeasturias.com\/magazine365\/wp-content\/uploads\/2015\/12\/fotonoticia_20151228172842_800-360x240.jpg 360w, https:\/\/eldigitaldeasturias.com\/magazine365\/wp-content\/uploads\/2015\/12\/fotonoticia_20151228172842_800-650x433.jpg 650w, https:\/\/eldigitaldeasturias.com\/magazine365\/wp-content\/uploads\/2015\/12\/fotonoticia_20151228172842_800-768x512.jpg 768w, https:\/\/eldigitaldeasturias.com\/magazine365\/wp-content\/uploads\/2015\/12\/fotonoticia_20151228172842_800-150x100.jpg 150w, https:\/\/eldigitaldeasturias.com\/magazine365\/wp-content\/uploads\/2015\/12\/fotonoticia_20151228172842_800-450x300.jpg 450w, https:\/\/eldigitaldeasturias.com\/magazine365\/wp-content\/uploads\/2015\/12\/fotonoticia_20151228172842_800-696x464.jpg 696w, https:\/\/eldigitaldeasturias.com\/magazine365\/wp-content\/uploads\/2015\/12\/fotonoticia_20151228172842_800-630x420.jpg 630w, https:\/\/eldigitaldeasturias.com\/magazine365\/wp-content\/uploads\/2015\/12\/fotonoticia_20151228172842_800-101x66.jpg 101w, https:\/\/eldigitaldeasturias.com\/magazine365\/wp-content\/uploads\/2015\/12\/fotonoticia_20151228172842_800.jpg 800w\" sizes=\"(max-width: 360px) 100vw, 360px\" \/>La cooperativa vitivin\u00edcola Paco &amp; Lola ha recibido este lunes el sello Galicia Calidade, en un acto en el que el conselleiro de Econom\u00eda, Emprego e Industria, Francisco Conde, le ha hecho entrega de este distintivo.<\/p>\n<p>Esta cooperativa se configura como la m\u00e1s importante por n\u00famero de socios de la Denominaci\u00f3n de Origen R\u00edas Baixas, tal y como ha informado la Xunta este lunes a trav\u00e9s de un comunicado. De hecho, Paco &amp; Lola, situada en Mea\u00f1o (Pontevedra), se encuentra presente en 40 pa\u00edses y exporta el 40 por ciento de su producci\u00f3n.<\/p>\n<p>Concretamente, Conde ha destacado que la entrega de este sello conlleva \u00abun reconocimiento en el mercado\u00bb. Tambi\u00e9n ha indicado que la vinculaci\u00f3n entre la cooperativa y la marca influye en el reconocimiento del sector vitivin\u00edcola gallego, que ya ha incorporado al sello 13 bodegas de las cinco denominaciones de origen de la Comunidad aut\u00f3noma.<\/p>\n<p>\u00abVINCULACI\u00d3N ENTRE TERRITORIO Y CALIDAD\u00bb<\/p>\n<p>En este sentido, ha subrayado que Galicia Calidade aporta una \u00abvinculaci\u00f3n entre territorio y calidad\u00bb para favorecer la actividad empresarial internacional y que \u00abpuede aportar un valor a\u00f1adido a la estrategia de internacionalizaci\u00f3n de la bodega\u00bb.<\/p>\n<p>Asimismo, el conselleiro ha explicado que la industria del vino contribuye \u00abde un modo muy importante al impulso de la marca\u00bb, que ya suma 55 empresas y m\u00e1s de 350 productos certificados.<\/p>\n<p>Adem\u00e1s, ha se\u00f1alado que en los \u00faltimos dos a\u00f1os el sello ha extendido su reconocimiento a otros sectores de la econom\u00eda gallega, como por ejemplo el granito, la biomasa o el turismo.<\/p>\n","protected":false},"excerpt":{"rendered":"<p>La cooperativa vitivin\u00edcola Paco &amp; Lola ha recibido este lunes el sello Galicia Calidade, en un acto en el que el conselleiro de Econom\u00eda, Emprego e Industria, Francisco Conde, le ha hecho entrega de este distintivo. Esta cooperativa se configura como la m\u00e1s importante por n\u00famero de socios de la Denominaci\u00f3n de Origen R\u00edas Baixas,<\/p>\n","protected":false},"author":1,"featured_media":59418,"comment_status":"open","ping_status":"closed","sticky":false,"template":"","format":"standard","meta":{"footnotes":""},"categories":[224],"tags":[],"class_list":{"0":"post-59417","1":"post","2":"type-post","3":"status-publish","4":"format-standard","5":"has-post-thumbnail","7":"category-noticias-actualidad"},"aioseo_notices":[],"aioseo_head":"\n\t\t<!-- All in One SEO Pro 4.9.6.1 - aioseo.com -->\n\t<meta name=\"description\" content=\"La cooperativa vitivin\u00edcola Paco &amp; Lola ha recibido este lunes el sello Galicia Calidade, en un acto en el que el conselleiro de Econom\u00eda, Emprego e Industria, Francisco Conde, le ha hecho entrega de este distintivo. Esta cooperativa se configura como la m\u00e1s importante por n\u00famero de socios de la Denominaci\u00f3n de Origen R\u00edas Baixas,\" \/>\n\t<meta name=\"robots\" content=\"max-image-preview:large\" \/>\n\t<meta name=\"author\" content=\"admin\"\/>\n\t<meta name=\"google-site-verification\" content=\"UA-38556648-1\" \/>\n\t<meta name=\"keywords\" content=\"noticias y actualidad\" \/>\n\t<link rel=\"canonical\" href=\"https:\/\/eldigitaldeasturias.com\/magazine365\/la-bodega-pontevedresa-paco-lola-recibe-el-sello-de-galicia-calidade\/\" \/>\n\t<meta name=\"generator\" content=\"All in One SEO Pro (AIOSEO) 4.9.6.1\" \/>\n\t\t<meta property=\"og:locale\" content=\"es_ES\" \/>\n\t\t<meta property=\"og:site_name\" content=\"El Digital de Asturias \u2013 Revista de ocio, turismo y estilo de vida\" \/>\n\t\t<meta property=\"og:type\" content=\"article\" \/>\n\t\t<meta property=\"og:title\" content=\"La bodega pontevedresa Paco &amp; Lola recibe el sello de Galicia Calidade | El Digital de Asturias\" \/>\n\t\t<meta property=\"og:description\" content=\"La cooperativa vitivin\u00edcola Paco &amp; Lola ha recibido este lunes el sello Galicia Calidade, en un acto en el que el conselleiro de Econom\u00eda, Emprego e Industria, Francisco Conde, le ha hecho entrega de este distintivo. Esta cooperativa se configura como la m\u00e1s importante por n\u00famero de socios de la Denominaci\u00f3n de Origen R\u00edas Baixas,\" \/>\n\t\t<meta property=\"og:url\" content=\"https:\/\/eldigitaldeasturias.com\/magazine365\/la-bodega-pontevedresa-paco-lola-recibe-el-sello-de-galicia-calidade\/\" \/>\n\t\t<meta property=\"og:image\" content=\"https:\/\/eldigitaldeasturias.com\/magazine365\/wp-content\/uploads\/2015\/12\/fotonoticia_20151228172842_800.jpg\" \/>\n\t\t<meta property=\"og:image:secure_url\" content=\"https:\/\/eldigitaldeasturias.com\/magazine365\/wp-content\/uploads\/2015\/12\/fotonoticia_20151228172842_800.jpg\" \/>\n\t\t<meta property=\"og:image:width\" content=\"800\" \/>\n\t\t<meta property=\"og:image:height\" content=\"533\" \/>\n\t\t<meta property=\"article:published_time\" content=\"2015-12-29T04:32:58+00:00\" \/>\n\t\t<meta property=\"article:modified_time\" content=\"2015-12-29T04:32:58+00:00\" \/>\n\t\t<meta name=\"twitter:card\" content=\"summary_large_image\" \/>\n\t\t<meta name=\"twitter:title\" content=\"La bodega pontevedresa Paco &amp; Lola recibe el sello de Galicia Calidade | El Digital de Asturias\" \/>\n\t\t<meta name=\"twitter:description\" content=\"La cooperativa vitivin\u00edcola Paco &amp; Lola ha recibido este lunes el sello Galicia Calidade, en un acto en el que el conselleiro de Econom\u00eda, Emprego e Industria, Francisco Conde, le ha hecho entrega de este distintivo. Esta cooperativa se configura como la m\u00e1s importante por n\u00famero de socios de la Denominaci\u00f3n de Origen R\u00edas Baixas,\" \/>\n\t\t<meta name=\"twitter:image\" content=\"https:\/\/eldigitaldeasturias.com\/magazine365\/wp-content\/uploads\/2015\/12\/fotonoticia_20151228172842_800.jpg\" \/>\n\t\t<script type=\"application\/ld+json\" class=\"aioseo-schema\">\n\t\t\t{\"@context\":\"https:\\\/\\\/schema.org\",\"@graph\":[{\"@type\":\"Article\",\"@id\":\"https:\\\/\\\/eldigitaldeasturias.com\\\/magazine365\\\/la-bodega-pontevedresa-paco-lola-recibe-el-sello-de-galicia-calidade\\\/#article\",\"name\":\"La bodega pontevedresa Paco & Lola recibe el sello de Galicia Calidade | El Digital de Asturias\",\"headline\":\"La bodega pontevedresa Paco &#038; Lola recibe el sello de Galicia Calidade\",\"author\":{\"@id\":\"https:\\\/\\\/eldigitaldeasturias.com\\\/magazine365\\\/author\\\/admin\\\/#author\"},\"publisher\":{\"@id\":\"https:\\\/\\\/eldigitaldeasturias.com\\\/magazine365\\\/#organization\"},\"image\":{\"@type\":\"ImageObject\",\"url\":\"https:\\\/\\\/eldigitaldeasturias.com\\\/magazine365\\\/wp-content\\\/uploads\\\/2015\\\/12\\\/fotonoticia_20151228172842_800.jpg\",\"width\":800,\"height\":533},\"datePublished\":\"2015-12-29T05:32:58+01:00\",\"dateModified\":\"2015-12-29T05:32:58+01:00\",\"inLanguage\":\"es-ES\",\"mainEntityOfPage\":{\"@id\":\"https:\\\/\\\/eldigitaldeasturias.com\\\/magazine365\\\/la-bodega-pontevedresa-paco-lola-recibe-el-sello-de-galicia-calidade\\\/#webpage\"},\"isPartOf\":{\"@id\":\"https:\\\/\\\/eldigitaldeasturias.com\\\/magazine365\\\/la-bodega-pontevedresa-paco-lola-recibe-el-sello-de-galicia-calidade\\\/#webpage\"},\"articleSection\":\"Noticias y Actualidad\"},{\"@type\":\"BreadcrumbList\",\"@id\":\"https:\\\/\\\/eldigitaldeasturias.com\\\/magazine365\\\/la-bodega-pontevedresa-paco-lola-recibe-el-sello-de-galicia-calidade\\\/#breadcrumblist\",\"itemListElement\":[{\"@type\":\"ListItem\",\"@id\":\"https:\\\/\\\/eldigitaldeasturias.com\\\/magazine365#listItem\",\"position\":1,\"name\":\"Home\",\"item\":\"https:\\\/\\\/eldigitaldeasturias.com\\\/magazine365\",\"nextItem\":{\"@type\":\"ListItem\",\"@id\":\"https:\\\/\\\/eldigitaldeasturias.com\\\/magazine365\\\/category\\\/noticias-actualidad\\\/#listItem\",\"name\":\"Noticias y Actualidad\"}},{\"@type\":\"ListItem\",\"@id\":\"https:\\\/\\\/eldigitaldeasturias.com\\\/magazine365\\\/category\\\/noticias-actualidad\\\/#listItem\",\"position\":2,\"name\":\"Noticias y Actualidad\",\"item\":\"https:\\\/\\\/eldigitaldeasturias.com\\\/magazine365\\\/category\\\/noticias-actualidad\\\/\",\"nextItem\":{\"@type\":\"ListItem\",\"@id\":\"https:\\\/\\\/eldigitaldeasturias.com\\\/magazine365\\\/la-bodega-pontevedresa-paco-lola-recibe-el-sello-de-galicia-calidade\\\/#listItem\",\"name\":\"La bodega pontevedresa Paco &#038; Lola recibe el sello de Galicia Calidade\"},\"previousItem\":{\"@type\":\"ListItem\",\"@id\":\"https:\\\/\\\/eldigitaldeasturias.com\\\/magazine365#listItem\",\"name\":\"Home\"}},{\"@type\":\"ListItem\",\"@id\":\"https:\\\/\\\/eldigitaldeasturias.com\\\/magazine365\\\/la-bodega-pontevedresa-paco-lola-recibe-el-sello-de-galicia-calidade\\\/#listItem\",\"position\":3,\"name\":\"La bodega pontevedresa Paco &#038; Lola recibe el sello de Galicia Calidade\",\"previousItem\":{\"@type\":\"ListItem\",\"@id\":\"https:\\\/\\\/eldigitaldeasturias.com\\\/magazine365\\\/category\\\/noticias-actualidad\\\/#listItem\",\"name\":\"Noticias y Actualidad\"}}]},{\"@type\":\"Organization\",\"@id\":\"https:\\\/\\\/eldigitaldeasturias.com\\\/magazine365\\\/#organization\",\"name\":\"El digital de Asturias\",\"description\":\"Revista de ocio, turismo y estilo de vida\",\"url\":\"https:\\\/\\\/eldigitaldeasturias.com\\\/magazine365\\\/\",\"logo\":{\"@type\":\"ImageObject\",\"url\":\"https:\\\/\\\/www.eldigitaldeasturias.com\\\/noticias\\\/wp-content\\\/uploads\\\/2020\\\/12\\\/EDA.jpg\",\"@id\":\"https:\\\/\\\/eldigitaldeasturias.com\\\/magazine365\\\/la-bodega-pontevedresa-paco-lola-recibe-el-sello-de-galicia-calidade\\\/#organizationLogo\"},\"image\":{\"@id\":\"https:\\\/\\\/eldigitaldeasturias.com\\\/magazine365\\\/la-bodega-pontevedresa-paco-lola-recibe-el-sello-de-galicia-calidade\\\/#organizationLogo\"}},{\"@type\":\"Person\",\"@id\":\"https:\\\/\\\/eldigitaldeasturias.com\\\/magazine365\\\/author\\\/admin\\\/#author\",\"url\":\"https:\\\/\\\/eldigitaldeasturias.com\\\/magazine365\\\/author\\\/admin\\\/\",\"name\":\"admin\",\"image\":{\"@type\":\"ImageObject\",\"@id\":\"https:\\\/\\\/eldigitaldeasturias.com\\\/magazine365\\\/la-bodega-pontevedresa-paco-lola-recibe-el-sello-de-galicia-calidade\\\/#authorImage\",\"url\":\"https:\\\/\\\/eldigitaldeasturias.com\\\/magazine365\\\/wp-content\\\/litespeed\\\/avatar\\\/e571bcf59a0edd6fa6838245a470f2fe.jpg?ver=1777574230\",\"width\":96,\"height\":96,\"caption\":\"admin\"}},{\"@type\":\"WebPage\",\"@id\":\"https:\\\/\\\/eldigitaldeasturias.com\\\/magazine365\\\/la-bodega-pontevedresa-paco-lola-recibe-el-sello-de-galicia-calidade\\\/#webpage\",\"url\":\"https:\\\/\\\/eldigitaldeasturias.com\\\/magazine365\\\/la-bodega-pontevedresa-paco-lola-recibe-el-sello-de-galicia-calidade\\\/\",\"name\":\"La bodega pontevedresa Paco & Lola recibe el sello de Galicia Calidade | El Digital de Asturias\",\"description\":\"La cooperativa vitivin\\u00edcola Paco & Lola ha recibido este lunes el sello Galicia Calidade, en un acto en el que el conselleiro de Econom\\u00eda, Emprego e Industria, Francisco Conde, le ha hecho entrega de este distintivo. Esta cooperativa se configura como la m\\u00e1s importante por n\\u00famero de socios de la Denominaci\\u00f3n de Origen R\\u00edas Baixas,\",\"inLanguage\":\"es-ES\",\"isPartOf\":{\"@id\":\"https:\\\/\\\/eldigitaldeasturias.com\\\/magazine365\\\/#website\"},\"breadcrumb\":{\"@id\":\"https:\\\/\\\/eldigitaldeasturias.com\\\/magazine365\\\/la-bodega-pontevedresa-paco-lola-recibe-el-sello-de-galicia-calidade\\\/#breadcrumblist\"},\"author\":{\"@id\":\"https:\\\/\\\/eldigitaldeasturias.com\\\/magazine365\\\/author\\\/admin\\\/#author\"},\"creator\":{\"@id\":\"https:\\\/\\\/eldigitaldeasturias.com\\\/magazine365\\\/author\\\/admin\\\/#author\"},\"image\":{\"@type\":\"ImageObject\",\"url\":\"https:\\\/\\\/eldigitaldeasturias.com\\\/magazine365\\\/wp-content\\\/uploads\\\/2015\\\/12\\\/fotonoticia_20151228172842_800.jpg\",\"@id\":\"https:\\\/\\\/eldigitaldeasturias.com\\\/magazine365\\\/la-bodega-pontevedresa-paco-lola-recibe-el-sello-de-galicia-calidade\\\/#mainImage\",\"width\":800,\"height\":533},\"primaryImageOfPage\":{\"@id\":\"https:\\\/\\\/eldigitaldeasturias.com\\\/magazine365\\\/la-bodega-pontevedresa-paco-lola-recibe-el-sello-de-galicia-calidade\\\/#mainImage\"},\"datePublished\":\"2015-12-29T05:32:58+01:00\",\"dateModified\":\"2015-12-29T05:32:58+01:00\"},{\"@type\":\"WebSite\",\"@id\":\"https:\\\/\\\/eldigitaldeasturias.com\\\/magazine365\\\/#website\",\"url\":\"https:\\\/\\\/eldigitaldeasturias.com\\\/magazine365\\\/\",\"name\":\"El Digital de Asturias\",\"description\":\"Revista de ocio, turismo y estilo de vida\",\"inLanguage\":\"es-ES\",\"publisher\":{\"@id\":\"https:\\\/\\\/eldigitaldeasturias.com\\\/magazine365\\\/#organization\"}}]}\n\t\t<\/script>\n\t\t<!-- All in One SEO Pro -->\r\n\t\t<title>La bodega pontevedresa Paco &amp; Lola recibe el sello de Galicia Calidade | El Digital de Asturias<\/title>\n\n","aioseo_head_json":{"title":"La bodega pontevedresa Paco & Lola recibe el sello de Galicia Calidade | El Digital de Asturias","description":"La cooperativa vitivin\u00edcola Paco & Lola ha recibido este lunes el sello Galicia Calidade, en un acto en el que el conselleiro de Econom\u00eda, Emprego e Industria, Francisco Conde, le ha hecho entrega de este distintivo. Esta cooperativa se configura como la m\u00e1s importante por n\u00famero de socios de la Denominaci\u00f3n de Origen R\u00edas Baixas,","canonical_url":"https:\/\/eldigitaldeasturias.com\/magazine365\/la-bodega-pontevedresa-paco-lola-recibe-el-sello-de-galicia-calidade\/","robots":"max-image-preview:large","keywords":"noticias y actualidad","webmasterTools":{"google-site-verification":"UA-38556648-1","miscellaneous":""},"schema":{"@context":"https:\/\/schema.org","@graph":[{"@type":"Article","@id":"https:\/\/eldigitaldeasturias.com\/magazine365\/la-bodega-pontevedresa-paco-lola-recibe-el-sello-de-galicia-calidade\/#article","name":"La bodega pontevedresa Paco & Lola recibe el sello de Galicia Calidade | El Digital de Asturias","headline":"La bodega pontevedresa Paco &#038; Lola recibe el sello de Galicia Calidade","author":{"@id":"https:\/\/eldigitaldeasturias.com\/magazine365\/author\/admin\/#author"},"publisher":{"@id":"https:\/\/eldigitaldeasturias.com\/magazine365\/#organization"},"image":{"@type":"ImageObject","url":"https:\/\/eldigitaldeasturias.com\/magazine365\/wp-content\/uploads\/2015\/12\/fotonoticia_20151228172842_800.jpg","width":800,"height":533},"datePublished":"2015-12-29T05:32:58+01:00","dateModified":"2015-12-29T05:32:58+01:00","inLanguage":"es-ES","mainEntityOfPage":{"@id":"https:\/\/eldigitaldeasturias.com\/magazine365\/la-bodega-pontevedresa-paco-lola-recibe-el-sello-de-galicia-calidade\/#webpage"},"isPartOf":{"@id":"https:\/\/eldigitaldeasturias.com\/magazine365\/la-bodega-pontevedresa-paco-lola-recibe-el-sello-de-galicia-calidade\/#webpage"},"articleSection":"Noticias y Actualidad"},{"@type":"BreadcrumbList","@id":"https:\/\/eldigitaldeasturias.com\/magazine365\/la-bodega-pontevedresa-paco-lola-recibe-el-sello-de-galicia-calidade\/#breadcrumblist","itemListElement":[{"@type":"ListItem","@id":"https:\/\/eldigitaldeasturias.com\/magazine365#listItem","position":1,"name":"Home","item":"https:\/\/eldigitaldeasturias.com\/magazine365","nextItem":{"@type":"ListItem","@id":"https:\/\/eldigitaldeasturias.com\/magazine365\/category\/noticias-actualidad\/#listItem","name":"Noticias y Actualidad"}},{"@type":"ListItem","@id":"https:\/\/eldigitaldeasturias.com\/magazine365\/category\/noticias-actualidad\/#listItem","position":2,"name":"Noticias y Actualidad","item":"https:\/\/eldigitaldeasturias.com\/magazine365\/category\/noticias-actualidad\/","nextItem":{"@type":"ListItem","@id":"https:\/\/eldigitaldeasturias.com\/magazine365\/la-bodega-pontevedresa-paco-lola-recibe-el-sello-de-galicia-calidade\/#listItem","name":"La bodega pontevedresa Paco &#038; Lola recibe el sello de Galicia Calidade"},"previousItem":{"@type":"ListItem","@id":"https:\/\/eldigitaldeasturias.com\/magazine365#listItem","name":"Home"}},{"@type":"ListItem","@id":"https:\/\/eldigitaldeasturias.com\/magazine365\/la-bodega-pontevedresa-paco-lola-recibe-el-sello-de-galicia-calidade\/#listItem","position":3,"name":"La bodega pontevedresa Paco &#038; Lola recibe el sello de Galicia Calidade","previousItem":{"@type":"ListItem","@id":"https:\/\/eldigitaldeasturias.com\/magazine365\/category\/noticias-actualidad\/#listItem","name":"Noticias y Actualidad"}}]},{"@type":"Organization","@id":"https:\/\/eldigitaldeasturias.com\/magazine365\/#organization","name":"El digital de Asturias","description":"Revista de ocio, turismo y estilo de vida","url":"https:\/\/eldigitaldeasturias.com\/magazine365\/","logo":{"@type":"ImageObject","url":"https:\/\/www.eldigitaldeasturias.com\/noticias\/wp-content\/uploads\/2020\/12\/EDA.jpg","@id":"https:\/\/eldigitaldeasturias.com\/magazine365\/la-bodega-pontevedresa-paco-lola-recibe-el-sello-de-galicia-calidade\/#organizationLogo"},"image":{"@id":"https:\/\/eldigitaldeasturias.com\/magazine365\/la-bodega-pontevedresa-paco-lola-recibe-el-sello-de-galicia-calidade\/#organizationLogo"}},{"@type":"Person","@id":"https:\/\/eldigitaldeasturias.com\/magazine365\/author\/admin\/#author","url":"https:\/\/eldigitaldeasturias.com\/magazine365\/author\/admin\/","name":"admin","image":{"@type":"ImageObject","@id":"https:\/\/eldigitaldeasturias.com\/magazine365\/la-bodega-pontevedresa-paco-lola-recibe-el-sello-de-galicia-calidade\/#authorImage","url":"https:\/\/eldigitaldeasturias.com\/magazine365\/wp-content\/litespeed\/avatar\/e571bcf59a0edd6fa6838245a470f2fe.jpg?ver=1777574230","width":96,"height":96,"caption":"admin"}},{"@type":"WebPage","@id":"https:\/\/eldigitaldeasturias.com\/magazine365\/la-bodega-pontevedresa-paco-lola-recibe-el-sello-de-galicia-calidade\/#webpage","url":"https:\/\/eldigitaldeasturias.com\/magazine365\/la-bodega-pontevedresa-paco-lola-recibe-el-sello-de-galicia-calidade\/","name":"La bodega pontevedresa Paco & Lola recibe el sello de Galicia Calidade | El Digital de Asturias","description":"La cooperativa vitivin\u00edcola Paco & Lola ha recibido este lunes el sello Galicia Calidade, en un acto en el que el conselleiro de Econom\u00eda, Emprego e Industria, Francisco Conde, le ha hecho entrega de este distintivo. Esta cooperativa se configura como la m\u00e1s importante por n\u00famero de socios de la Denominaci\u00f3n de Origen R\u00edas Baixas,","inLanguage":"es-ES","isPartOf":{"@id":"https:\/\/eldigitaldeasturias.com\/magazine365\/#website"},"breadcrumb":{"@id":"https:\/\/eldigitaldeasturias.com\/magazine365\/la-bodega-pontevedresa-paco-lola-recibe-el-sello-de-galicia-calidade\/#breadcrumblist"},"author":{"@id":"https:\/\/eldigitaldeasturias.com\/magazine365\/author\/admin\/#author"},"creator":{"@id":"https:\/\/eldigitaldeasturias.com\/magazine365\/author\/admin\/#author"},"image":{"@type":"ImageObject","url":"https:\/\/eldigitaldeasturias.com\/magazine365\/wp-content\/uploads\/2015\/12\/fotonoticia_20151228172842_800.jpg","@id":"https:\/\/eldigitaldeasturias.com\/magazine365\/la-bodega-pontevedresa-paco-lola-recibe-el-sello-de-galicia-calidade\/#mainImage","width":800,"height":533},"primaryImageOfPage":{"@id":"https:\/\/eldigitaldeasturias.com\/magazine365\/la-bodega-pontevedresa-paco-lola-recibe-el-sello-de-galicia-calidade\/#mainImage"},"datePublished":"2015-12-29T05:32:58+01:00","dateModified":"2015-12-29T05:32:58+01:00"},{"@type":"WebSite","@id":"https:\/\/eldigitaldeasturias.com\/magazine365\/#website","url":"https:\/\/eldigitaldeasturias.com\/magazine365\/","name":"El Digital de Asturias","description":"Revista de ocio, turismo y estilo de vida","inLanguage":"es-ES","publisher":{"@id":"https:\/\/eldigitaldeasturias.com\/magazine365\/#organization"}}]},"og:locale":"es_ES","og:site_name":"El Digital de Asturias \u2013 Revista de ocio, turismo y estilo de vida","og:type":"article","og:title":"La bodega pontevedresa Paco &amp; Lola recibe el sello de Galicia Calidade | El Digital de Asturias","og:description":"La cooperativa vitivin\u00edcola Paco &amp; Lola ha recibido este lunes el sello Galicia Calidade, en un acto en el que el conselleiro de Econom\u00eda, Emprego e Industria, Francisco Conde, le ha hecho entrega de este distintivo. Esta cooperativa se configura como la m\u00e1s importante por n\u00famero de socios de la Denominaci\u00f3n de Origen R\u00edas Baixas,","og:url":"https:\/\/eldigitaldeasturias.com\/magazine365\/la-bodega-pontevedresa-paco-lola-recibe-el-sello-de-galicia-calidade\/","og:image":"https:\/\/eldigitaldeasturias.com\/magazine365\/wp-content\/uploads\/2015\/12\/fotonoticia_20151228172842_800.jpg","og:image:secure_url":"https:\/\/eldigitaldeasturias.com\/magazine365\/wp-content\/uploads\/2015\/12\/fotonoticia_20151228172842_800.jpg","og:image:width":800,"og:image:height":533,"article:published_time":"2015-12-29T04:32:58+00:00","article:modified_time":"2015-12-29T04:32:58+00:00","twitter:card":"summary_large_image","twitter:title":"La bodega pontevedresa Paco &amp; Lola recibe el sello de Galicia Calidade | El Digital de Asturias","twitter:description":"La cooperativa vitivin\u00edcola Paco &amp; Lola ha recibido este lunes el sello Galicia Calidade, en un acto en el que el conselleiro de Econom\u00eda, Emprego e Industria, Francisco Conde, le ha hecho entrega de este distintivo. Esta cooperativa se configura como la m\u00e1s importante por n\u00famero de socios de la Denominaci\u00f3n de Origen R\u00edas Baixas,","twitter:image":"https:\/\/eldigitaldeasturias.com\/magazine365\/wp-content\/uploads\/2015\/12\/fotonoticia_20151228172842_800.jpg"},"aioseo_meta_data":{"post_id":"59417","title":null,"description":null,"keywords":null,"keyphrases":null,"primary_term":null,"canonical_url":null,"og_title":null,"og_description":null,"og_object_type":"default","og_image_type":"default","og_image_url":null,"og_image_width":null,"og_image_height":null,"og_image_custom_url":null,"og_image_custom_fields":null,"og_video":null,"og_custom_url":null,"og_article_section":null,"og_article_tags":null,"twitter_use_og":false,"twitter_card":"default","twitter_image_type":"default","twitter_image_url":null,"twitter_image_custom_url":null,"twitter_image_custom_fields":null,"twitter_title":null,"twitter_description":null,"schema":{"blockGraphs":[],"customGraphs":[],"default":{"data":{"Article":[],"Course":[],"Dataset":[],"FAQPage":[],"Movie":[],"Person":[],"Product":[],"ProductReview":[],"Car":[],"Recipe":[],"Service":[],"SoftwareApplication":[],"WebPage":[]},"graphName":"","isEnabled":true},"graphs":[],"defaultGraph":"","defaultPostTypeGraph":""},"schema_type":null,"schema_type_options":null,"pillar_content":false,"robots_default":true,"robots_noindex":false,"robots_noarchive":false,"robots_nosnippet":false,"robots_nofollow":false,"robots_noimageindex":false,"robots_noodp":false,"robots_notranslate":false,"robots_max_snippet":null,"robots_max_videopreview":null,"robots_max_imagepreview":"large","priority":null,"frequency":null,"location":null,"local_seo":null,"seo_analyzer_scan_date":"2025-09-25 04:55:10","breadcrumb_settings":null,"limit_modified_date":false,"open_ai":null,"ai":null,"created":"2021-03-08 22:15:58","updated":"2025-09-25 04:55:10"},"aioseo_breadcrumb":"<div class=\"aioseo-breadcrumbs\"><span class=\"aioseo-breadcrumb\">\n\t<a href=\"https:\/\/eldigitaldeasturias.com\/magazine365\" title=\"Home\">Home<\/a>\n<\/span><span class=\"aioseo-breadcrumb-separator\">\u2013<\/span><span class=\"aioseo-breadcrumb\">\n\t<a href=\"https:\/\/eldigitaldeasturias.com\/magazine365\/category\/noticias-actualidad\/\" title=\"Noticias y Actualidad\">Noticias y Actualidad<\/a>\n<\/span><span class=\"aioseo-breadcrumb-separator\">\u2013<\/span><span class=\"aioseo-breadcrumb\">\n\t<a href=\"https:\/\/eldigitaldeasturias.com\/magazine365\/la-bodega-pontevedresa-paco-lola-recibe-el-sello-de-galicia-calidade\/\" title=\"La bodega pontevedresa Paco &amp; Lola recibe el sello de Galicia Calidade\">La bodega pontevedresa Paco &amp; Lola recibe el sello de Galicia Calidade<\/a>\n<\/span><\/div>","aioseo_breadcrumb_json":[{"label":"Home","link":"https:\/\/eldigitaldeasturias.com\/magazine365"},{"label":"Noticias y Actualidad","link":"https:\/\/eldigitaldeasturias.com\/magazine365\/category\/noticias-actualidad\/"},{"label":"La bodega pontevedresa Paco &#038; Lola recibe el sello de Galicia Calidade","link":"https:\/\/eldigitaldeasturias.com\/magazine365\/la-bodega-pontevedresa-paco-lola-recibe-el-sello-de-galicia-calidade\/"}],"_links":{"self":[{"href":"https:\/\/eldigitaldeasturias.com\/magazine365\/wp-json\/wp\/v2\/posts\/59417","targetHints":{"allow":["GET"]}}],"collection":[{"href":"https:\/\/eldigitaldeasturias.com\/magazine365\/wp-json\/wp\/v2\/posts"}],"about":[{"href":"https:\/\/eldigitaldeasturias.com\/magazine365\/wp-json\/wp\/v2\/types\/post"}],"author":[{"embeddable":true,"href":"https:\/\/eldigitaldeasturias.com\/magazine365\/wp-json\/wp\/v2\/users\/1"}],"replies":[{"embeddable":true,"href":"https:\/\/eldigitaldeasturias.com\/magazine365\/wp-json\/wp\/v2\/comments?post=59417"}],"version-history":[{"count":0,"href":"https:\/\/eldigitaldeasturias.com\/magazine365\/wp-json\/wp\/v2\/posts\/59417\/revisions"}],"wp:featuredmedia":[{"embeddable":true,"href":"https:\/\/eldigitaldeasturias.com\/magazine365\/wp-json\/wp\/v2\/media\/59418"}],"wp:attachment":[{"href":"https:\/\/eldigitaldeasturias.com\/magazine365\/wp-json\/wp\/v2\/media?parent=59417"}],"wp:term":[{"taxonomy":"category","embeddable":true,"href":"https:\/\/eldigitaldeasturias.com\/magazine365\/wp-json\/wp\/v2\/categories?post=59417"},{"taxonomy":"post_tag","embeddable":true,"href":"https:\/\/eldigitaldeasturias.com\/magazine365\/wp-json\/wp\/v2\/tags?post=59417"}],"curies":[{"name":"wp","href":"https:\/\/api.w.org\/{rel}","templated":true}]}}