{"id":59392,"date":"2015-12-29T03:30:48","date_gmt":"2015-12-29T02:30:48","guid":{"rendered":"http:\/\/eldigitaldeasturias.com\/magazine365\/?p=59392"},"modified":"2015-12-29T03:30:48","modified_gmt":"2015-12-29T02:30:48","slug":"la-ocupacion-hotelera-en-navidad-llega-el-60-en-andalucia","status":"publish","type":"post","link":"https:\/\/eldigitaldeasturias.com\/magazine365\/la-ocupacion-hotelera-en-navidad-llega-el-60-en-andalucia\/","title":{"rendered":"La ocupaci\u00f3n hotelera en Navidad llega el 60% en Andaluc\u00eda"},"content":{"rendered":"<p><img fetchpriority=\"high\" decoding=\"async\" class=\"alignleft size-medium wp-image-59393\" src=\"https:\/\/eldigitaldeasturias.com\/magazine365\/wp-content\/uploads\/2015\/12\/fotonoticia_20151228141253_800-360x270.jpg\" alt=\"fotonoticia_20151228141253_800\" width=\"360\" height=\"270\" srcset=\"https:\/\/eldigitaldeasturias.com\/magazine365\/wp-content\/uploads\/2015\/12\/fotonoticia_20151228141253_800-360x270.jpg 360w, https:\/\/eldigitaldeasturias.com\/magazine365\/wp-content\/uploads\/2015\/12\/fotonoticia_20151228141253_800-650x488.jpg 650w, https:\/\/eldigitaldeasturias.com\/magazine365\/wp-content\/uploads\/2015\/12\/fotonoticia_20151228141253_800-768x576.jpg 768w, https:\/\/eldigitaldeasturias.com\/magazine365\/wp-content\/uploads\/2015\/12\/fotonoticia_20151228141253_800-150x113.jpg 150w, https:\/\/eldigitaldeasturias.com\/magazine365\/wp-content\/uploads\/2015\/12\/fotonoticia_20151228141253_800-450x338.jpg 450w, https:\/\/eldigitaldeasturias.com\/magazine365\/wp-content\/uploads\/2015\/12\/fotonoticia_20151228141253_800-80x60.jpg 80w, https:\/\/eldigitaldeasturias.com\/magazine365\/wp-content\/uploads\/2015\/12\/fotonoticia_20151228141253_800-265x198.jpg 265w, https:\/\/eldigitaldeasturias.com\/magazine365\/wp-content\/uploads\/2015\/12\/fotonoticia_20151228141253_800-696x522.jpg 696w, https:\/\/eldigitaldeasturias.com\/magazine365\/wp-content\/uploads\/2015\/12\/fotonoticia_20151228141253_800-560x420.jpg 560w, https:\/\/eldigitaldeasturias.com\/magazine365\/wp-content\/uploads\/2015\/12\/fotonoticia_20151228141253_800-90x67.jpg 90w, https:\/\/eldigitaldeasturias.com\/magazine365\/wp-content\/uploads\/2015\/12\/fotonoticia_20151228141253_800-164x124.jpg 164w, https:\/\/eldigitaldeasturias.com\/magazine365\/wp-content\/uploads\/2015\/12\/fotonoticia_20151228141253_800-100x75.jpg 100w, https:\/\/eldigitaldeasturias.com\/magazine365\/wp-content\/uploads\/2015\/12\/fotonoticia_20151228141253_800.jpg 800w\" sizes=\"(max-width: 360px) 100vw, 360px\" \/>La ocupaci\u00f3n hotelera en Andaluc\u00eda durante las fiestas de Navidad ha alcanzado el 60 por ciento, entre un siete y un ocho por ciento m\u00e1s que el a\u00f1o anterior, y se ha extendido al litoral andaluz \u00abgracias a las buenas temperaturas que se est\u00e1n viviendo este invierno\u00bb.<\/p>\n<p>As\u00ed lo ha anunciado el consejero de Turismo y Deporte de la Junta de Andaluc\u00eda, Francisco Javier Fern\u00e1ndez, en una rueda de prensa en Granada donde, preguntado por los periodistas, ha apuntado que el buen tiempo ha hecho que el turismo llegu\u00e9 tambi\u00e9n a las zonas costeras adem\u00e1s de a los segmentos cl\u00e1sicos del invierno tales como el interior, el turismo rural o las grandes capitales.<\/p>\n<p>\u00abEl buen tiempo no est\u00e1 beneficiando a todos\u00bb, ha continuado el consejero en referencia a la poca nieve que ha ca\u00eddo sobre la estaci\u00f3n de esqu\u00ed granadina aunque ha destacado la \u00abalta ocupaci\u00f3n\u00bb con un margen entre el 57 y el 60 por ciento en todo el territorio, seg\u00fan previsiones de la Junta de Andaluc\u00eda.<\/p>\n","protected":false},"excerpt":{"rendered":"<p>La ocupaci\u00f3n hotelera en Andaluc\u00eda durante las fiestas de Navidad ha alcanzado el 60 por ciento, entre un siete y un ocho por ciento m\u00e1s que el a\u00f1o anterior, y se ha extendido al litoral andaluz \u00abgracias a las buenas temperaturas que se est\u00e1n viviendo este invierno\u00bb. As\u00ed lo ha anunciado el consejero de Turismo<\/p>\n","protected":false},"author":1,"featured_media":59393,"comment_status":"open","ping_status":"closed","sticky":false,"template":"","format":"standard","meta":{"footnotes":""},"categories":[224],"tags":[],"class_list":{"0":"post-59392","1":"post","2":"type-post","3":"status-publish","4":"format-standard","5":"has-post-thumbnail","7":"category-noticias-actualidad"},"aioseo_notices":[],"aioseo_head":"\n\t\t<!-- All in One SEO Pro 4.9.6.1 - aioseo.com -->\n\t<meta name=\"description\" content=\"La ocupaci\u00f3n hotelera en Andaluc\u00eda durante las fiestas de Navidad ha alcanzado el 60 por ciento, entre un siete y un ocho por ciento m\u00e1s que el a\u00f1o anterior, y se ha extendido al litoral andaluz &quot;gracias a las buenas temperaturas que se est\u00e1n viviendo este invierno&quot;. As\u00ed lo ha anunciado el consejero de Turismo\" \/>\n\t<meta name=\"robots\" content=\"max-image-preview:large\" \/>\n\t<meta name=\"author\" content=\"admin\"\/>\n\t<meta name=\"google-site-verification\" content=\"UA-38556648-1\" \/>\n\t<meta name=\"keywords\" content=\"noticias y actualidad\" \/>\n\t<link rel=\"canonical\" href=\"https:\/\/eldigitaldeasturias.com\/magazine365\/la-ocupacion-hotelera-en-navidad-llega-el-60-en-andalucia\/\" \/>\n\t<meta name=\"generator\" content=\"All in One SEO Pro (AIOSEO) 4.9.6.1\" \/>\n\t\t<meta property=\"og:locale\" content=\"es_ES\" \/>\n\t\t<meta property=\"og:site_name\" content=\"El Digital de Asturias \u2013 Revista de ocio, turismo y estilo de vida\" \/>\n\t\t<meta property=\"og:type\" content=\"article\" \/>\n\t\t<meta property=\"og:title\" content=\"La ocupaci\u00f3n hotelera en Navidad llega el 60% en Andaluc\u00eda | El Digital de Asturias\" \/>\n\t\t<meta property=\"og:description\" content=\"La ocupaci\u00f3n hotelera en Andaluc\u00eda durante las fiestas de Navidad ha alcanzado el 60 por ciento, entre un siete y un ocho por ciento m\u00e1s que el a\u00f1o anterior, y se ha extendido al litoral andaluz &quot;gracias a las buenas temperaturas que se est\u00e1n viviendo este invierno&quot;. As\u00ed lo ha anunciado el consejero de Turismo\" \/>\n\t\t<meta property=\"og:url\" content=\"https:\/\/eldigitaldeasturias.com\/magazine365\/la-ocupacion-hotelera-en-navidad-llega-el-60-en-andalucia\/\" \/>\n\t\t<meta property=\"og:image\" content=\"https:\/\/eldigitaldeasturias.com\/magazine365\/wp-content\/uploads\/2015\/12\/fotonoticia_20151228141253_800.jpg\" \/>\n\t\t<meta property=\"og:image:secure_url\" content=\"https:\/\/eldigitaldeasturias.com\/magazine365\/wp-content\/uploads\/2015\/12\/fotonoticia_20151228141253_800.jpg\" \/>\n\t\t<meta property=\"og:image:width\" content=\"800\" \/>\n\t\t<meta property=\"og:image:height\" content=\"600\" \/>\n\t\t<meta property=\"article:published_time\" content=\"2015-12-29T02:30:48+00:00\" \/>\n\t\t<meta property=\"article:modified_time\" content=\"2015-12-29T02:30:48+00:00\" \/>\n\t\t<meta name=\"twitter:card\" content=\"summary_large_image\" \/>\n\t\t<meta name=\"twitter:title\" content=\"La ocupaci\u00f3n hotelera en Navidad llega el 60% en Andaluc\u00eda | El Digital de Asturias\" \/>\n\t\t<meta name=\"twitter:description\" content=\"La ocupaci\u00f3n hotelera en Andaluc\u00eda durante las fiestas de Navidad ha alcanzado el 60 por ciento, entre un siete y un ocho por ciento m\u00e1s que el a\u00f1o anterior, y se ha extendido al litoral andaluz &quot;gracias a las buenas temperaturas que se est\u00e1n viviendo este invierno&quot;. As\u00ed lo ha anunciado el consejero de Turismo\" \/>\n\t\t<meta name=\"twitter:image\" content=\"https:\/\/eldigitaldeasturias.com\/magazine365\/wp-content\/uploads\/2015\/12\/fotonoticia_20151228141253_800.jpg\" \/>\n\t\t<script type=\"application\/ld+json\" class=\"aioseo-schema\">\n\t\t\t{\"@context\":\"https:\\\/\\\/schema.org\",\"@graph\":[{\"@type\":\"Article\",\"@id\":\"https:\\\/\\\/eldigitaldeasturias.com\\\/magazine365\\\/la-ocupacion-hotelera-en-navidad-llega-el-60-en-andalucia\\\/#article\",\"name\":\"La ocupaci\\u00f3n hotelera en Navidad llega el 60% en Andaluc\\u00eda | El Digital de Asturias\",\"headline\":\"La ocupaci\\u00f3n hotelera en Navidad llega el 60% en Andaluc\\u00eda\",\"author\":{\"@id\":\"https:\\\/\\\/eldigitaldeasturias.com\\\/magazine365\\\/author\\\/admin\\\/#author\"},\"publisher\":{\"@id\":\"https:\\\/\\\/eldigitaldeasturias.com\\\/magazine365\\\/#organization\"},\"image\":{\"@type\":\"ImageObject\",\"url\":\"https:\\\/\\\/eldigitaldeasturias.com\\\/magazine365\\\/wp-content\\\/uploads\\\/2015\\\/12\\\/fotonoticia_20151228141253_800.jpg\",\"width\":800,\"height\":600},\"datePublished\":\"2015-12-29T03:30:48+01:00\",\"dateModified\":\"2015-12-29T03:30:48+01:00\",\"inLanguage\":\"es-ES\",\"mainEntityOfPage\":{\"@id\":\"https:\\\/\\\/eldigitaldeasturias.com\\\/magazine365\\\/la-ocupacion-hotelera-en-navidad-llega-el-60-en-andalucia\\\/#webpage\"},\"isPartOf\":{\"@id\":\"https:\\\/\\\/eldigitaldeasturias.com\\\/magazine365\\\/la-ocupacion-hotelera-en-navidad-llega-el-60-en-andalucia\\\/#webpage\"},\"articleSection\":\"Noticias y Actualidad\"},{\"@type\":\"BreadcrumbList\",\"@id\":\"https:\\\/\\\/eldigitaldeasturias.com\\\/magazine365\\\/la-ocupacion-hotelera-en-navidad-llega-el-60-en-andalucia\\\/#breadcrumblist\",\"itemListElement\":[{\"@type\":\"ListItem\",\"@id\":\"https:\\\/\\\/eldigitaldeasturias.com\\\/magazine365#listItem\",\"position\":1,\"name\":\"Home\",\"item\":\"https:\\\/\\\/eldigitaldeasturias.com\\\/magazine365\",\"nextItem\":{\"@type\":\"ListItem\",\"@id\":\"https:\\\/\\\/eldigitaldeasturias.com\\\/magazine365\\\/category\\\/noticias-actualidad\\\/#listItem\",\"name\":\"Noticias y Actualidad\"}},{\"@type\":\"ListItem\",\"@id\":\"https:\\\/\\\/eldigitaldeasturias.com\\\/magazine365\\\/category\\\/noticias-actualidad\\\/#listItem\",\"position\":2,\"name\":\"Noticias y Actualidad\",\"item\":\"https:\\\/\\\/eldigitaldeasturias.com\\\/magazine365\\\/category\\\/noticias-actualidad\\\/\",\"nextItem\":{\"@type\":\"ListItem\",\"@id\":\"https:\\\/\\\/eldigitaldeasturias.com\\\/magazine365\\\/la-ocupacion-hotelera-en-navidad-llega-el-60-en-andalucia\\\/#listItem\",\"name\":\"La ocupaci\\u00f3n hotelera en Navidad llega el 60% en Andaluc\\u00eda\"},\"previousItem\":{\"@type\":\"ListItem\",\"@id\":\"https:\\\/\\\/eldigitaldeasturias.com\\\/magazine365#listItem\",\"name\":\"Home\"}},{\"@type\":\"ListItem\",\"@id\":\"https:\\\/\\\/eldigitaldeasturias.com\\\/magazine365\\\/la-ocupacion-hotelera-en-navidad-llega-el-60-en-andalucia\\\/#listItem\",\"position\":3,\"name\":\"La ocupaci\\u00f3n hotelera en Navidad llega el 60% en Andaluc\\u00eda\",\"previousItem\":{\"@type\":\"ListItem\",\"@id\":\"https:\\\/\\\/eldigitaldeasturias.com\\\/magazine365\\\/category\\\/noticias-actualidad\\\/#listItem\",\"name\":\"Noticias y Actualidad\"}}]},{\"@type\":\"Organization\",\"@id\":\"https:\\\/\\\/eldigitaldeasturias.com\\\/magazine365\\\/#organization\",\"name\":\"El digital de Asturias\",\"description\":\"Revista de ocio, turismo y estilo de vida\",\"url\":\"https:\\\/\\\/eldigitaldeasturias.com\\\/magazine365\\\/\",\"logo\":{\"@type\":\"ImageObject\",\"url\":\"https:\\\/\\\/www.eldigitaldeasturias.com\\\/noticias\\\/wp-content\\\/uploads\\\/2020\\\/12\\\/EDA.jpg\",\"@id\":\"https:\\\/\\\/eldigitaldeasturias.com\\\/magazine365\\\/la-ocupacion-hotelera-en-navidad-llega-el-60-en-andalucia\\\/#organizationLogo\"},\"image\":{\"@id\":\"https:\\\/\\\/eldigitaldeasturias.com\\\/magazine365\\\/la-ocupacion-hotelera-en-navidad-llega-el-60-en-andalucia\\\/#organizationLogo\"}},{\"@type\":\"Person\",\"@id\":\"https:\\\/\\\/eldigitaldeasturias.com\\\/magazine365\\\/author\\\/admin\\\/#author\",\"url\":\"https:\\\/\\\/eldigitaldeasturias.com\\\/magazine365\\\/author\\\/admin\\\/\",\"name\":\"admin\",\"image\":{\"@type\":\"ImageObject\",\"@id\":\"https:\\\/\\\/eldigitaldeasturias.com\\\/magazine365\\\/la-ocupacion-hotelera-en-navidad-llega-el-60-en-andalucia\\\/#authorImage\",\"url\":\"https:\\\/\\\/eldigitaldeasturias.com\\\/magazine365\\\/wp-content\\\/litespeed\\\/avatar\\\/e571bcf59a0edd6fa6838245a470f2fe.jpg?ver=1777574230\",\"width\":96,\"height\":96,\"caption\":\"admin\"}},{\"@type\":\"WebPage\",\"@id\":\"https:\\\/\\\/eldigitaldeasturias.com\\\/magazine365\\\/la-ocupacion-hotelera-en-navidad-llega-el-60-en-andalucia\\\/#webpage\",\"url\":\"https:\\\/\\\/eldigitaldeasturias.com\\\/magazine365\\\/la-ocupacion-hotelera-en-navidad-llega-el-60-en-andalucia\\\/\",\"name\":\"La ocupaci\\u00f3n hotelera en Navidad llega el 60% en Andaluc\\u00eda | El Digital de Asturias\",\"description\":\"La ocupaci\\u00f3n hotelera en Andaluc\\u00eda durante las fiestas de Navidad ha alcanzado el 60 por ciento, entre un siete y un ocho por ciento m\\u00e1s que el a\\u00f1o anterior, y se ha extendido al litoral andaluz \\\"gracias a las buenas temperaturas que se est\\u00e1n viviendo este invierno\\\". As\\u00ed lo ha anunciado el consejero de Turismo\",\"inLanguage\":\"es-ES\",\"isPartOf\":{\"@id\":\"https:\\\/\\\/eldigitaldeasturias.com\\\/magazine365\\\/#website\"},\"breadcrumb\":{\"@id\":\"https:\\\/\\\/eldigitaldeasturias.com\\\/magazine365\\\/la-ocupacion-hotelera-en-navidad-llega-el-60-en-andalucia\\\/#breadcrumblist\"},\"author\":{\"@id\":\"https:\\\/\\\/eldigitaldeasturias.com\\\/magazine365\\\/author\\\/admin\\\/#author\"},\"creator\":{\"@id\":\"https:\\\/\\\/eldigitaldeasturias.com\\\/magazine365\\\/author\\\/admin\\\/#author\"},\"image\":{\"@type\":\"ImageObject\",\"url\":\"https:\\\/\\\/eldigitaldeasturias.com\\\/magazine365\\\/wp-content\\\/uploads\\\/2015\\\/12\\\/fotonoticia_20151228141253_800.jpg\",\"@id\":\"https:\\\/\\\/eldigitaldeasturias.com\\\/magazine365\\\/la-ocupacion-hotelera-en-navidad-llega-el-60-en-andalucia\\\/#mainImage\",\"width\":800,\"height\":600},\"primaryImageOfPage\":{\"@id\":\"https:\\\/\\\/eldigitaldeasturias.com\\\/magazine365\\\/la-ocupacion-hotelera-en-navidad-llega-el-60-en-andalucia\\\/#mainImage\"},\"datePublished\":\"2015-12-29T03:30:48+01:00\",\"dateModified\":\"2015-12-29T03:30:48+01:00\"},{\"@type\":\"WebSite\",\"@id\":\"https:\\\/\\\/eldigitaldeasturias.com\\\/magazine365\\\/#website\",\"url\":\"https:\\\/\\\/eldigitaldeasturias.com\\\/magazine365\\\/\",\"name\":\"El Digital de Asturias\",\"description\":\"Revista de ocio, turismo y estilo de vida\",\"inLanguage\":\"es-ES\",\"publisher\":{\"@id\":\"https:\\\/\\\/eldigitaldeasturias.com\\\/magazine365\\\/#organization\"}}]}\n\t\t<\/script>\n\t\t<!-- All in One SEO Pro -->\r\n\t\t<title>La ocupaci\u00f3n hotelera en Navidad llega el 60% en Andaluc\u00eda | El Digital de Asturias<\/title>\n\n","aioseo_head_json":{"title":"La ocupaci\u00f3n hotelera en Navidad llega el 60% en Andaluc\u00eda | El Digital de Asturias","description":"La ocupaci\u00f3n hotelera en Andaluc\u00eda durante las fiestas de Navidad ha alcanzado el 60 por ciento, entre un siete y un ocho por ciento m\u00e1s que el a\u00f1o anterior, y se ha extendido al litoral andaluz \"gracias a las buenas temperaturas que se est\u00e1n viviendo este invierno\". As\u00ed lo ha anunciado el consejero de Turismo","canonical_url":"https:\/\/eldigitaldeasturias.com\/magazine365\/la-ocupacion-hotelera-en-navidad-llega-el-60-en-andalucia\/","robots":"max-image-preview:large","keywords":"noticias y actualidad","webmasterTools":{"google-site-verification":"UA-38556648-1","miscellaneous":""},"schema":{"@context":"https:\/\/schema.org","@graph":[{"@type":"Article","@id":"https:\/\/eldigitaldeasturias.com\/magazine365\/la-ocupacion-hotelera-en-navidad-llega-el-60-en-andalucia\/#article","name":"La ocupaci\u00f3n hotelera en Navidad llega el 60% en Andaluc\u00eda | El Digital de Asturias","headline":"La ocupaci\u00f3n hotelera en Navidad llega el 60% en Andaluc\u00eda","author":{"@id":"https:\/\/eldigitaldeasturias.com\/magazine365\/author\/admin\/#author"},"publisher":{"@id":"https:\/\/eldigitaldeasturias.com\/magazine365\/#organization"},"image":{"@type":"ImageObject","url":"https:\/\/eldigitaldeasturias.com\/magazine365\/wp-content\/uploads\/2015\/12\/fotonoticia_20151228141253_800.jpg","width":800,"height":600},"datePublished":"2015-12-29T03:30:48+01:00","dateModified":"2015-12-29T03:30:48+01:00","inLanguage":"es-ES","mainEntityOfPage":{"@id":"https:\/\/eldigitaldeasturias.com\/magazine365\/la-ocupacion-hotelera-en-navidad-llega-el-60-en-andalucia\/#webpage"},"isPartOf":{"@id":"https:\/\/eldigitaldeasturias.com\/magazine365\/la-ocupacion-hotelera-en-navidad-llega-el-60-en-andalucia\/#webpage"},"articleSection":"Noticias y Actualidad"},{"@type":"BreadcrumbList","@id":"https:\/\/eldigitaldeasturias.com\/magazine365\/la-ocupacion-hotelera-en-navidad-llega-el-60-en-andalucia\/#breadcrumblist","itemListElement":[{"@type":"ListItem","@id":"https:\/\/eldigitaldeasturias.com\/magazine365#listItem","position":1,"name":"Home","item":"https:\/\/eldigitaldeasturias.com\/magazine365","nextItem":{"@type":"ListItem","@id":"https:\/\/eldigitaldeasturias.com\/magazine365\/category\/noticias-actualidad\/#listItem","name":"Noticias y Actualidad"}},{"@type":"ListItem","@id":"https:\/\/eldigitaldeasturias.com\/magazine365\/category\/noticias-actualidad\/#listItem","position":2,"name":"Noticias y Actualidad","item":"https:\/\/eldigitaldeasturias.com\/magazine365\/category\/noticias-actualidad\/","nextItem":{"@type":"ListItem","@id":"https:\/\/eldigitaldeasturias.com\/magazine365\/la-ocupacion-hotelera-en-navidad-llega-el-60-en-andalucia\/#listItem","name":"La ocupaci\u00f3n hotelera en Navidad llega el 60% en Andaluc\u00eda"},"previousItem":{"@type":"ListItem","@id":"https:\/\/eldigitaldeasturias.com\/magazine365#listItem","name":"Home"}},{"@type":"ListItem","@id":"https:\/\/eldigitaldeasturias.com\/magazine365\/la-ocupacion-hotelera-en-navidad-llega-el-60-en-andalucia\/#listItem","position":3,"name":"La ocupaci\u00f3n hotelera en Navidad llega el 60% en Andaluc\u00eda","previousItem":{"@type":"ListItem","@id":"https:\/\/eldigitaldeasturias.com\/magazine365\/category\/noticias-actualidad\/#listItem","name":"Noticias y Actualidad"}}]},{"@type":"Organization","@id":"https:\/\/eldigitaldeasturias.com\/magazine365\/#organization","name":"El digital de Asturias","description":"Revista de ocio, turismo y estilo de vida","url":"https:\/\/eldigitaldeasturias.com\/magazine365\/","logo":{"@type":"ImageObject","url":"https:\/\/www.eldigitaldeasturias.com\/noticias\/wp-content\/uploads\/2020\/12\/EDA.jpg","@id":"https:\/\/eldigitaldeasturias.com\/magazine365\/la-ocupacion-hotelera-en-navidad-llega-el-60-en-andalucia\/#organizationLogo"},"image":{"@id":"https:\/\/eldigitaldeasturias.com\/magazine365\/la-ocupacion-hotelera-en-navidad-llega-el-60-en-andalucia\/#organizationLogo"}},{"@type":"Person","@id":"https:\/\/eldigitaldeasturias.com\/magazine365\/author\/admin\/#author","url":"https:\/\/eldigitaldeasturias.com\/magazine365\/author\/admin\/","name":"admin","image":{"@type":"ImageObject","@id":"https:\/\/eldigitaldeasturias.com\/magazine365\/la-ocupacion-hotelera-en-navidad-llega-el-60-en-andalucia\/#authorImage","url":"https:\/\/eldigitaldeasturias.com\/magazine365\/wp-content\/litespeed\/avatar\/e571bcf59a0edd6fa6838245a470f2fe.jpg?ver=1777574230","width":96,"height":96,"caption":"admin"}},{"@type":"WebPage","@id":"https:\/\/eldigitaldeasturias.com\/magazine365\/la-ocupacion-hotelera-en-navidad-llega-el-60-en-andalucia\/#webpage","url":"https:\/\/eldigitaldeasturias.com\/magazine365\/la-ocupacion-hotelera-en-navidad-llega-el-60-en-andalucia\/","name":"La ocupaci\u00f3n hotelera en Navidad llega el 60% en Andaluc\u00eda | El Digital de Asturias","description":"La ocupaci\u00f3n hotelera en Andaluc\u00eda durante las fiestas de Navidad ha alcanzado el 60 por ciento, entre un siete y un ocho por ciento m\u00e1s que el a\u00f1o anterior, y se ha extendido al litoral andaluz \"gracias a las buenas temperaturas que se est\u00e1n viviendo este invierno\". As\u00ed lo ha anunciado el consejero de Turismo","inLanguage":"es-ES","isPartOf":{"@id":"https:\/\/eldigitaldeasturias.com\/magazine365\/#website"},"breadcrumb":{"@id":"https:\/\/eldigitaldeasturias.com\/magazine365\/la-ocupacion-hotelera-en-navidad-llega-el-60-en-andalucia\/#breadcrumblist"},"author":{"@id":"https:\/\/eldigitaldeasturias.com\/magazine365\/author\/admin\/#author"},"creator":{"@id":"https:\/\/eldigitaldeasturias.com\/magazine365\/author\/admin\/#author"},"image":{"@type":"ImageObject","url":"https:\/\/eldigitaldeasturias.com\/magazine365\/wp-content\/uploads\/2015\/12\/fotonoticia_20151228141253_800.jpg","@id":"https:\/\/eldigitaldeasturias.com\/magazine365\/la-ocupacion-hotelera-en-navidad-llega-el-60-en-andalucia\/#mainImage","width":800,"height":600},"primaryImageOfPage":{"@id":"https:\/\/eldigitaldeasturias.com\/magazine365\/la-ocupacion-hotelera-en-navidad-llega-el-60-en-andalucia\/#mainImage"},"datePublished":"2015-12-29T03:30:48+01:00","dateModified":"2015-12-29T03:30:48+01:00"},{"@type":"WebSite","@id":"https:\/\/eldigitaldeasturias.com\/magazine365\/#website","url":"https:\/\/eldigitaldeasturias.com\/magazine365\/","name":"El Digital de Asturias","description":"Revista de ocio, turismo y estilo de vida","inLanguage":"es-ES","publisher":{"@id":"https:\/\/eldigitaldeasturias.com\/magazine365\/#organization"}}]},"og:locale":"es_ES","og:site_name":"El Digital de Asturias \u2013 Revista de ocio, turismo y estilo de vida","og:type":"article","og:title":"La ocupaci\u00f3n hotelera en Navidad llega el 60% en Andaluc\u00eda | El Digital de Asturias","og:description":"La ocupaci\u00f3n hotelera en Andaluc\u00eda durante las fiestas de Navidad ha alcanzado el 60 por ciento, entre un siete y un ocho por ciento m\u00e1s que el a\u00f1o anterior, y se ha extendido al litoral andaluz &quot;gracias a las buenas temperaturas que se est\u00e1n viviendo este invierno&quot;. As\u00ed lo ha anunciado el consejero de Turismo","og:url":"https:\/\/eldigitaldeasturias.com\/magazine365\/la-ocupacion-hotelera-en-navidad-llega-el-60-en-andalucia\/","og:image":"https:\/\/eldigitaldeasturias.com\/magazine365\/wp-content\/uploads\/2015\/12\/fotonoticia_20151228141253_800.jpg","og:image:secure_url":"https:\/\/eldigitaldeasturias.com\/magazine365\/wp-content\/uploads\/2015\/12\/fotonoticia_20151228141253_800.jpg","og:image:width":800,"og:image:height":600,"article:published_time":"2015-12-29T02:30:48+00:00","article:modified_time":"2015-12-29T02:30:48+00:00","twitter:card":"summary_large_image","twitter:title":"La ocupaci\u00f3n hotelera en Navidad llega el 60% en Andaluc\u00eda | El Digital de Asturias","twitter:description":"La ocupaci\u00f3n hotelera en Andaluc\u00eda durante las fiestas de Navidad ha alcanzado el 60 por ciento, entre un siete y un ocho por ciento m\u00e1s que el a\u00f1o anterior, y se ha extendido al litoral andaluz &quot;gracias a las buenas temperaturas que se est\u00e1n viviendo este invierno&quot;. As\u00ed lo ha anunciado el consejero de Turismo","twitter:image":"https:\/\/eldigitaldeasturias.com\/magazine365\/wp-content\/uploads\/2015\/12\/fotonoticia_20151228141253_800.jpg"},"aioseo_meta_data":{"post_id":"59392","title":null,"description":null,"keywords":null,"keyphrases":null,"primary_term":null,"canonical_url":null,"og_title":null,"og_description":null,"og_object_type":"default","og_image_type":"default","og_image_url":null,"og_image_width":null,"og_image_height":null,"og_image_custom_url":null,"og_image_custom_fields":null,"og_video":null,"og_custom_url":null,"og_article_section":null,"og_article_tags":null,"twitter_use_og":false,"twitter_card":"default","twitter_image_type":"default","twitter_image_url":null,"twitter_image_custom_url":null,"twitter_image_custom_fields":null,"twitter_title":null,"twitter_description":null,"schema":{"blockGraphs":[],"customGraphs":[],"default":{"data":{"Article":[],"Course":[],"Dataset":[],"FAQPage":[],"Movie":[],"Person":[],"Product":[],"ProductReview":[],"Car":[],"Recipe":[],"Service":[],"SoftwareApplication":[],"WebPage":[]},"graphName":"","isEnabled":true},"graphs":[],"defaultGraph":"","defaultPostTypeGraph":""},"schema_type":null,"schema_type_options":null,"pillar_content":false,"robots_default":true,"robots_noindex":false,"robots_noarchive":false,"robots_nosnippet":false,"robots_nofollow":false,"robots_noimageindex":false,"robots_noodp":false,"robots_notranslate":false,"robots_max_snippet":null,"robots_max_videopreview":null,"robots_max_imagepreview":"large","priority":null,"frequency":null,"location":null,"local_seo":null,"seo_analyzer_scan_date":"2025-09-25 04:51:22","breadcrumb_settings":null,"limit_modified_date":false,"open_ai":null,"ai":null,"created":"2021-03-08 22:16:56","updated":"2025-09-25 04:51:22"},"aioseo_breadcrumb":"<div class=\"aioseo-breadcrumbs\"><span class=\"aioseo-breadcrumb\">\n\t<a href=\"https:\/\/eldigitaldeasturias.com\/magazine365\" title=\"Home\">Home<\/a>\n<\/span><span class=\"aioseo-breadcrumb-separator\">\u2013<\/span><span class=\"aioseo-breadcrumb\">\n\t<a href=\"https:\/\/eldigitaldeasturias.com\/magazine365\/category\/noticias-actualidad\/\" title=\"Noticias y Actualidad\">Noticias y Actualidad<\/a>\n<\/span><span class=\"aioseo-breadcrumb-separator\">\u2013<\/span><span class=\"aioseo-breadcrumb\">\n\t<a href=\"https:\/\/eldigitaldeasturias.com\/magazine365\/la-ocupacion-hotelera-en-navidad-llega-el-60-en-andalucia\/\" title=\"La ocupaci\u00f3n hotelera en Navidad llega el 60% en Andaluc\u00eda\">La ocupaci\u00f3n hotelera en Navidad llega el 60% en Andaluc\u00eda<\/a>\n<\/span><\/div>","aioseo_breadcrumb_json":[{"label":"Home","link":"https:\/\/eldigitaldeasturias.com\/magazine365"},{"label":"Noticias y Actualidad","link":"https:\/\/eldigitaldeasturias.com\/magazine365\/category\/noticias-actualidad\/"},{"label":"La ocupaci\u00f3n hotelera en Navidad llega el 60% en Andaluc\u00eda","link":"https:\/\/eldigitaldeasturias.com\/magazine365\/la-ocupacion-hotelera-en-navidad-llega-el-60-en-andalucia\/"}],"_links":{"self":[{"href":"https:\/\/eldigitaldeasturias.com\/magazine365\/wp-json\/wp\/v2\/posts\/59392","targetHints":{"allow":["GET"]}}],"collection":[{"href":"https:\/\/eldigitaldeasturias.com\/magazine365\/wp-json\/wp\/v2\/posts"}],"about":[{"href":"https:\/\/eldigitaldeasturias.com\/magazine365\/wp-json\/wp\/v2\/types\/post"}],"author":[{"embeddable":true,"href":"https:\/\/eldigitaldeasturias.com\/magazine365\/wp-json\/wp\/v2\/users\/1"}],"replies":[{"embeddable":true,"href":"https:\/\/eldigitaldeasturias.com\/magazine365\/wp-json\/wp\/v2\/comments?post=59392"}],"version-history":[{"count":0,"href":"https:\/\/eldigitaldeasturias.com\/magazine365\/wp-json\/wp\/v2\/posts\/59392\/revisions"}],"wp:featuredmedia":[{"embeddable":true,"href":"https:\/\/eldigitaldeasturias.com\/magazine365\/wp-json\/wp\/v2\/media\/59393"}],"wp:attachment":[{"href":"https:\/\/eldigitaldeasturias.com\/magazine365\/wp-json\/wp\/v2\/media?parent=59392"}],"wp:term":[{"taxonomy":"category","embeddable":true,"href":"https:\/\/eldigitaldeasturias.com\/magazine365\/wp-json\/wp\/v2\/categories?post=59392"},{"taxonomy":"post_tag","embeddable":true,"href":"https:\/\/eldigitaldeasturias.com\/magazine365\/wp-json\/wp\/v2\/tags?post=59392"}],"curies":[{"name":"wp","href":"https:\/\/api.w.org\/{rel}","templated":true}]}}