{"id":59351,"date":"2015-12-28T23:06:35","date_gmt":"2015-12-28T22:06:35","guid":{"rendered":"http:\/\/eldigitaldeasturias.com\/magazine365\/?p=59351"},"modified":"2015-12-28T23:06:35","modified_gmt":"2015-12-28T22:06:35","slug":"la-campana-de-rebajas-de-2016-generara-mas-de-48-500-empleos-un-13-mas-segun-randstad","status":"publish","type":"post","link":"https:\/\/eldigitaldeasturias.com\/magazine365\/la-campana-de-rebajas-de-2016-generara-mas-de-48-500-empleos-un-13-mas-segun-randstad\/","title":{"rendered":"La campa\u00f1a de rebajas de 2016 generar\u00e1 m\u00e1s de 48.500 empleos, un 13% m\u00e1s, seg\u00fan Randstad"},"content":{"rendered":"<p><img fetchpriority=\"high\" decoding=\"async\" class=\"alignleft size-medium wp-image-59352\" src=\"https:\/\/eldigitaldeasturias.com\/magazine365\/wp-content\/uploads\/2015\/12\/fotonoticia_20151228121123_800-360x240.jpg\" alt=\"fotonoticia_20151228121123_800\" width=\"360\" height=\"240\" srcset=\"https:\/\/eldigitaldeasturias.com\/magazine365\/wp-content\/uploads\/2015\/12\/fotonoticia_20151228121123_800-360x240.jpg 360w, https:\/\/eldigitaldeasturias.com\/magazine365\/wp-content\/uploads\/2015\/12\/fotonoticia_20151228121123_800-650x434.jpg 650w, https:\/\/eldigitaldeasturias.com\/magazine365\/wp-content\/uploads\/2015\/12\/fotonoticia_20151228121123_800-768x513.jpg 768w, https:\/\/eldigitaldeasturias.com\/magazine365\/wp-content\/uploads\/2015\/12\/fotonoticia_20151228121123_800-150x100.jpg 150w, https:\/\/eldigitaldeasturias.com\/magazine365\/wp-content\/uploads\/2015\/12\/fotonoticia_20151228121123_800-450x300.jpg 450w, https:\/\/eldigitaldeasturias.com\/magazine365\/wp-content\/uploads\/2015\/12\/fotonoticia_20151228121123_800-696x465.jpg 696w, https:\/\/eldigitaldeasturias.com\/magazine365\/wp-content\/uploads\/2015\/12\/fotonoticia_20151228121123_800-629x420.jpg 629w, https:\/\/eldigitaldeasturias.com\/magazine365\/wp-content\/uploads\/2015\/12\/fotonoticia_20151228121123_800-101x66.jpg 101w, https:\/\/eldigitaldeasturias.com\/magazine365\/wp-content\/uploads\/2015\/12\/fotonoticia_20151228121123_800.jpg 800w\" sizes=\"(max-width: 360px) 100vw, 360px\" \/>La campa\u00f1a de rebajas de 2016 generar\u00e1 m\u00e1s de 48.500 empleos, lo que supone un aumento del 12,9% respecto a 2015, cuando se firmaron 43.014 contratos, seg\u00fan la previsi\u00f3n realizada por la empresa de recursos humanos Randstad.<\/p>\n<p>En concreto, la empresa ha recordado que se trata de una \u00e9poca de elevada intensidad en el sector del comercio, lo que adem\u00e1s genera nuevas oportunidades laborales en \u00e1reas relacionadas como transporte y log\u00edstica, perfumer\u00eda y cosm\u00e9tica e industria textil, principalmente.<\/p>\n<p>Las estimaciones de Randstad tienen en cuenta la positiva variaci\u00f3n registrada en la contrataci\u00f3n durante este a\u00f1o, as\u00ed como la buena evoluci\u00f3n de la contrataci\u00f3n en la campa\u00f1a de Navidad. Cabe recordar que las previsiones apuntaban a la generaci\u00f3n de m\u00e1s de 300.000 contratos en comercio, hosteler\u00eda y log\u00edstica y transporte.<\/p>\n<p>La campa\u00f1a de rebajas es una \u00e9poca donde las incorporaciones se concentran en el comercio, impulsado por el aumento del consumo motivado por las ofertas y descuentos. En este caso, el incremento del volumen de negocio se genera en grandes almacenes y en tiendas de proximidad, tanto en la industria textil como en electr\u00f3nica o en perfumer\u00eda y cosm\u00e9tica.<\/p>\n<p>En este caso, las empresas demandan dependientes y perfiles de atenci\u00f3n al cliente que puedan dar servicio al mayor n\u00famero de consumidores, azafatas y promotores para nuevos lanzamientos y &#8216;pop-up stores&#8217;, y perfiles comerciales.<\/p>\n<p>Por otro lado, destaca el auge del comercio &#8216;online&#8217;, que aumenta su incidencia a\u00f1o tras a\u00f1o, por lo que el transporte y la log\u00edstica se convierten en un pilar clave en la cadena de negocio, ya que son los encargados de distribuir los productos entre los consumidores. Por \u00faltimo, el comercio genera oportunidades tambi\u00e9n en la industria textil y en perfumer\u00eda y cosm\u00e9tica, derivados del aumento de demanda.<\/p>\n<p>Respecto a la distribuci\u00f3n por regiones de estos contratos, las previsiones revelan que dos de cada tres contratos se firmar\u00e1n en Catalu\u00f1a, Madrid, Comunidad Valenciana y Andaluc\u00eda.<\/p>\n<p>CATALU\u00d1A CREAR\u00c1 M\u00c1S EMPLEO<\/p>\n<p>En primer lugar, Catalu\u00f1a se erige como la regi\u00f3n donde m\u00e1s contratos se crear\u00e1n en esta campa\u00f1a, con 10.400, seguida por Madrid, con un total de 9.200 incorporaciones y la Comunidad Valenciana con 7.600 contratos. Esta clasificaci\u00f3n lo cierra Andaluc\u00eda, con 5.650 contratos. As\u00ed, entre las cuatro regiones acumulan m\u00e1s del 67% del total de incorporaciones previstas durante la campa\u00f1a de rebajas de 2016.<\/p>\n<p>Randstad ha se\u00f1alado que la incorporaci\u00f3n al puesto de trabajo durante las rebajas se realiza, habitualmente, mediante un contrato temporal o de duraci\u00f3n determinada, una opci\u00f3n id\u00f3nea para acceder a un primer empleo que aumente la empleabilidad de los candidatos m\u00e1s j\u00f3venes, que ganar\u00e1n experiencia en un sector concreto y adquirir\u00e1n competencias que les resultar\u00e1n \u00fatiles en su futuro profesional.<\/p>\n<p>Adem\u00e1s, ha recordado que este modelo contractual ofrece una nueva oportunidad de volver al mercado laboral a profesionales desempleados, independientemente del tiempo que lleven en esta situaci\u00f3n.<\/p>\n","protected":false},"excerpt":{"rendered":"<p>La campa\u00f1a de rebajas de 2016 generar\u00e1 m\u00e1s de 48.500 empleos, lo que supone un aumento del 12,9% respecto a 2015, cuando se firmaron 43.014 contratos, seg\u00fan la previsi\u00f3n realizada por la empresa de recursos humanos Randstad. En concreto, la empresa ha recordado que se trata de una \u00e9poca de elevada intensidad en el sector<\/p>\n","protected":false},"author":1,"featured_media":59352,"comment_status":"open","ping_status":"closed","sticky":false,"template":"","format":"standard","meta":{"footnotes":""},"categories":[224],"tags":[],"class_list":{"0":"post-59351","1":"post","2":"type-post","3":"status-publish","4":"format-standard","5":"has-post-thumbnail","7":"category-noticias-actualidad"},"aioseo_notices":[],"aioseo_head":"\n\t\t<!-- All in One SEO Pro 4.9.6.1 - aioseo.com -->\n\t<meta name=\"description\" content=\"La campa\u00f1a de rebajas de 2016 generar\u00e1 m\u00e1s de 48.500 empleos, lo que supone un aumento del 12,9% respecto a 2015, cuando se firmaron 43.014 contratos, seg\u00fan la previsi\u00f3n realizada por la empresa de recursos humanos Randstad. En concreto, la empresa ha recordado que se trata de una \u00e9poca de elevada intensidad en el sector\" \/>\n\t<meta name=\"robots\" content=\"max-image-preview:large\" \/>\n\t<meta name=\"author\" content=\"admin\"\/>\n\t<meta name=\"google-site-verification\" content=\"UA-38556648-1\" \/>\n\t<meta name=\"keywords\" content=\"noticias y actualidad\" \/>\n\t<link rel=\"canonical\" href=\"https:\/\/eldigitaldeasturias.com\/magazine365\/la-campana-de-rebajas-de-2016-generara-mas-de-48-500-empleos-un-13-mas-segun-randstad\/\" \/>\n\t<meta name=\"generator\" content=\"All in One SEO Pro (AIOSEO) 4.9.6.1\" \/>\n\t\t<meta property=\"og:locale\" content=\"es_ES\" \/>\n\t\t<meta property=\"og:site_name\" content=\"El Digital de Asturias \u2013 Revista de ocio, turismo y estilo de vida\" \/>\n\t\t<meta property=\"og:type\" content=\"article\" \/>\n\t\t<meta property=\"og:title\" content=\"La campa\u00f1a de rebajas de 2016 generar\u00e1 m\u00e1s de 48.500 empleos, un 13% m\u00e1s, seg\u00fan Randstad | El Digital de Asturias\" \/>\n\t\t<meta property=\"og:description\" content=\"La campa\u00f1a de rebajas de 2016 generar\u00e1 m\u00e1s de 48.500 empleos, lo que supone un aumento del 12,9% respecto a 2015, cuando se firmaron 43.014 contratos, seg\u00fan la previsi\u00f3n realizada por la empresa de recursos humanos Randstad. En concreto, la empresa ha recordado que se trata de una \u00e9poca de elevada intensidad en el sector\" \/>\n\t\t<meta property=\"og:url\" content=\"https:\/\/eldigitaldeasturias.com\/magazine365\/la-campana-de-rebajas-de-2016-generara-mas-de-48-500-empleos-un-13-mas-segun-randstad\/\" \/>\n\t\t<meta property=\"og:image\" content=\"https:\/\/eldigitaldeasturias.com\/magazine365\/wp-content\/uploads\/2015\/12\/fotonoticia_20151228121123_800.jpg\" \/>\n\t\t<meta property=\"og:image:secure_url\" content=\"https:\/\/eldigitaldeasturias.com\/magazine365\/wp-content\/uploads\/2015\/12\/fotonoticia_20151228121123_800.jpg\" \/>\n\t\t<meta property=\"og:image:width\" content=\"800\" \/>\n\t\t<meta property=\"og:image:height\" content=\"534\" \/>\n\t\t<meta property=\"article:published_time\" content=\"2015-12-28T22:06:35+00:00\" \/>\n\t\t<meta property=\"article:modified_time\" content=\"2015-12-28T22:06:35+00:00\" \/>\n\t\t<meta name=\"twitter:card\" content=\"summary_large_image\" \/>\n\t\t<meta name=\"twitter:title\" content=\"La campa\u00f1a de rebajas de 2016 generar\u00e1 m\u00e1s de 48.500 empleos, un 13% m\u00e1s, seg\u00fan Randstad | El Digital de Asturias\" \/>\n\t\t<meta name=\"twitter:description\" content=\"La campa\u00f1a de rebajas de 2016 generar\u00e1 m\u00e1s de 48.500 empleos, lo que supone un aumento del 12,9% respecto a 2015, cuando se firmaron 43.014 contratos, seg\u00fan la previsi\u00f3n realizada por la empresa de recursos humanos Randstad. En concreto, la empresa ha recordado que se trata de una \u00e9poca de elevada intensidad en el sector\" \/>\n\t\t<meta name=\"twitter:image\" content=\"https:\/\/eldigitaldeasturias.com\/magazine365\/wp-content\/uploads\/2015\/12\/fotonoticia_20151228121123_800.jpg\" \/>\n\t\t<script type=\"application\/ld+json\" class=\"aioseo-schema\">\n\t\t\t{\"@context\":\"https:\\\/\\\/schema.org\",\"@graph\":[{\"@type\":\"Article\",\"@id\":\"https:\\\/\\\/eldigitaldeasturias.com\\\/magazine365\\\/la-campana-de-rebajas-de-2016-generara-mas-de-48-500-empleos-un-13-mas-segun-randstad\\\/#article\",\"name\":\"La campa\\u00f1a de rebajas de 2016 generar\\u00e1 m\\u00e1s de 48.500 empleos, un 13% m\\u00e1s, seg\\u00fan Randstad | El Digital de Asturias\",\"headline\":\"La campa\\u00f1a de rebajas de 2016 generar\\u00e1 m\\u00e1s de 48.500 empleos, un 13% m\\u00e1s, seg\\u00fan Randstad\",\"author\":{\"@id\":\"https:\\\/\\\/eldigitaldeasturias.com\\\/magazine365\\\/author\\\/admin\\\/#author\"},\"publisher\":{\"@id\":\"https:\\\/\\\/eldigitaldeasturias.com\\\/magazine365\\\/#organization\"},\"image\":{\"@type\":\"ImageObject\",\"url\":\"https:\\\/\\\/eldigitaldeasturias.com\\\/magazine365\\\/wp-content\\\/uploads\\\/2015\\\/12\\\/fotonoticia_20151228121123_800.jpg\",\"width\":800,\"height\":534},\"datePublished\":\"2015-12-28T23:06:35+01:00\",\"dateModified\":\"2015-12-28T23:06:35+01:00\",\"inLanguage\":\"es-ES\",\"mainEntityOfPage\":{\"@id\":\"https:\\\/\\\/eldigitaldeasturias.com\\\/magazine365\\\/la-campana-de-rebajas-de-2016-generara-mas-de-48-500-empleos-un-13-mas-segun-randstad\\\/#webpage\"},\"isPartOf\":{\"@id\":\"https:\\\/\\\/eldigitaldeasturias.com\\\/magazine365\\\/la-campana-de-rebajas-de-2016-generara-mas-de-48-500-empleos-un-13-mas-segun-randstad\\\/#webpage\"},\"articleSection\":\"Noticias y Actualidad\"},{\"@type\":\"BreadcrumbList\",\"@id\":\"https:\\\/\\\/eldigitaldeasturias.com\\\/magazine365\\\/la-campana-de-rebajas-de-2016-generara-mas-de-48-500-empleos-un-13-mas-segun-randstad\\\/#breadcrumblist\",\"itemListElement\":[{\"@type\":\"ListItem\",\"@id\":\"https:\\\/\\\/eldigitaldeasturias.com\\\/magazine365#listItem\",\"position\":1,\"name\":\"Home\",\"item\":\"https:\\\/\\\/eldigitaldeasturias.com\\\/magazine365\",\"nextItem\":{\"@type\":\"ListItem\",\"@id\":\"https:\\\/\\\/eldigitaldeasturias.com\\\/magazine365\\\/category\\\/noticias-actualidad\\\/#listItem\",\"name\":\"Noticias y Actualidad\"}},{\"@type\":\"ListItem\",\"@id\":\"https:\\\/\\\/eldigitaldeasturias.com\\\/magazine365\\\/category\\\/noticias-actualidad\\\/#listItem\",\"position\":2,\"name\":\"Noticias y Actualidad\",\"item\":\"https:\\\/\\\/eldigitaldeasturias.com\\\/magazine365\\\/category\\\/noticias-actualidad\\\/\",\"nextItem\":{\"@type\":\"ListItem\",\"@id\":\"https:\\\/\\\/eldigitaldeasturias.com\\\/magazine365\\\/la-campana-de-rebajas-de-2016-generara-mas-de-48-500-empleos-un-13-mas-segun-randstad\\\/#listItem\",\"name\":\"La campa\\u00f1a de rebajas de 2016 generar\\u00e1 m\\u00e1s de 48.500 empleos, un 13% m\\u00e1s, seg\\u00fan Randstad\"},\"previousItem\":{\"@type\":\"ListItem\",\"@id\":\"https:\\\/\\\/eldigitaldeasturias.com\\\/magazine365#listItem\",\"name\":\"Home\"}},{\"@type\":\"ListItem\",\"@id\":\"https:\\\/\\\/eldigitaldeasturias.com\\\/magazine365\\\/la-campana-de-rebajas-de-2016-generara-mas-de-48-500-empleos-un-13-mas-segun-randstad\\\/#listItem\",\"position\":3,\"name\":\"La campa\\u00f1a de rebajas de 2016 generar\\u00e1 m\\u00e1s de 48.500 empleos, un 13% m\\u00e1s, seg\\u00fan Randstad\",\"previousItem\":{\"@type\":\"ListItem\",\"@id\":\"https:\\\/\\\/eldigitaldeasturias.com\\\/magazine365\\\/category\\\/noticias-actualidad\\\/#listItem\",\"name\":\"Noticias y Actualidad\"}}]},{\"@type\":\"Organization\",\"@id\":\"https:\\\/\\\/eldigitaldeasturias.com\\\/magazine365\\\/#organization\",\"name\":\"El digital de Asturias\",\"description\":\"Revista de ocio, turismo y estilo de vida\",\"url\":\"https:\\\/\\\/eldigitaldeasturias.com\\\/magazine365\\\/\",\"logo\":{\"@type\":\"ImageObject\",\"url\":\"https:\\\/\\\/www.eldigitaldeasturias.com\\\/noticias\\\/wp-content\\\/uploads\\\/2020\\\/12\\\/EDA.jpg\",\"@id\":\"https:\\\/\\\/eldigitaldeasturias.com\\\/magazine365\\\/la-campana-de-rebajas-de-2016-generara-mas-de-48-500-empleos-un-13-mas-segun-randstad\\\/#organizationLogo\"},\"image\":{\"@id\":\"https:\\\/\\\/eldigitaldeasturias.com\\\/magazine365\\\/la-campana-de-rebajas-de-2016-generara-mas-de-48-500-empleos-un-13-mas-segun-randstad\\\/#organizationLogo\"}},{\"@type\":\"Person\",\"@id\":\"https:\\\/\\\/eldigitaldeasturias.com\\\/magazine365\\\/author\\\/admin\\\/#author\",\"url\":\"https:\\\/\\\/eldigitaldeasturias.com\\\/magazine365\\\/author\\\/admin\\\/\",\"name\":\"admin\",\"image\":{\"@type\":\"ImageObject\",\"@id\":\"https:\\\/\\\/eldigitaldeasturias.com\\\/magazine365\\\/la-campana-de-rebajas-de-2016-generara-mas-de-48-500-empleos-un-13-mas-segun-randstad\\\/#authorImage\",\"url\":\"https:\\\/\\\/eldigitaldeasturias.com\\\/magazine365\\\/wp-content\\\/litespeed\\\/avatar\\\/e571bcf59a0edd6fa6838245a470f2fe.jpg?ver=1777574230\",\"width\":96,\"height\":96,\"caption\":\"admin\"}},{\"@type\":\"WebPage\",\"@id\":\"https:\\\/\\\/eldigitaldeasturias.com\\\/magazine365\\\/la-campana-de-rebajas-de-2016-generara-mas-de-48-500-empleos-un-13-mas-segun-randstad\\\/#webpage\",\"url\":\"https:\\\/\\\/eldigitaldeasturias.com\\\/magazine365\\\/la-campana-de-rebajas-de-2016-generara-mas-de-48-500-empleos-un-13-mas-segun-randstad\\\/\",\"name\":\"La campa\\u00f1a de rebajas de 2016 generar\\u00e1 m\\u00e1s de 48.500 empleos, un 13% m\\u00e1s, seg\\u00fan Randstad | El Digital de Asturias\",\"description\":\"La campa\\u00f1a de rebajas de 2016 generar\\u00e1 m\\u00e1s de 48.500 empleos, lo que supone un aumento del 12,9% respecto a 2015, cuando se firmaron 43.014 contratos, seg\\u00fan la previsi\\u00f3n realizada por la empresa de recursos humanos Randstad. En concreto, la empresa ha recordado que se trata de una \\u00e9poca de elevada intensidad en el sector\",\"inLanguage\":\"es-ES\",\"isPartOf\":{\"@id\":\"https:\\\/\\\/eldigitaldeasturias.com\\\/magazine365\\\/#website\"},\"breadcrumb\":{\"@id\":\"https:\\\/\\\/eldigitaldeasturias.com\\\/magazine365\\\/la-campana-de-rebajas-de-2016-generara-mas-de-48-500-empleos-un-13-mas-segun-randstad\\\/#breadcrumblist\"},\"author\":{\"@id\":\"https:\\\/\\\/eldigitaldeasturias.com\\\/magazine365\\\/author\\\/admin\\\/#author\"},\"creator\":{\"@id\":\"https:\\\/\\\/eldigitaldeasturias.com\\\/magazine365\\\/author\\\/admin\\\/#author\"},\"image\":{\"@type\":\"ImageObject\",\"url\":\"https:\\\/\\\/eldigitaldeasturias.com\\\/magazine365\\\/wp-content\\\/uploads\\\/2015\\\/12\\\/fotonoticia_20151228121123_800.jpg\",\"@id\":\"https:\\\/\\\/eldigitaldeasturias.com\\\/magazine365\\\/la-campana-de-rebajas-de-2016-generara-mas-de-48-500-empleos-un-13-mas-segun-randstad\\\/#mainImage\",\"width\":800,\"height\":534},\"primaryImageOfPage\":{\"@id\":\"https:\\\/\\\/eldigitaldeasturias.com\\\/magazine365\\\/la-campana-de-rebajas-de-2016-generara-mas-de-48-500-empleos-un-13-mas-segun-randstad\\\/#mainImage\"},\"datePublished\":\"2015-12-28T23:06:35+01:00\",\"dateModified\":\"2015-12-28T23:06:35+01:00\"},{\"@type\":\"WebSite\",\"@id\":\"https:\\\/\\\/eldigitaldeasturias.com\\\/magazine365\\\/#website\",\"url\":\"https:\\\/\\\/eldigitaldeasturias.com\\\/magazine365\\\/\",\"name\":\"El Digital de Asturias\",\"description\":\"Revista de ocio, turismo y estilo de vida\",\"inLanguage\":\"es-ES\",\"publisher\":{\"@id\":\"https:\\\/\\\/eldigitaldeasturias.com\\\/magazine365\\\/#organization\"}}]}\n\t\t<\/script>\n\t\t<!-- All in One SEO Pro -->\r\n\t\t<title>La campa\u00f1a de rebajas de 2016 generar\u00e1 m\u00e1s de 48.500 empleos, un 13% m\u00e1s, seg\u00fan Randstad | El Digital de Asturias<\/title>\n\n","aioseo_head_json":{"title":"La campa\u00f1a de rebajas de 2016 generar\u00e1 m\u00e1s de 48.500 empleos, un 13% m\u00e1s, seg\u00fan Randstad | El Digital de Asturias","description":"La campa\u00f1a de rebajas de 2016 generar\u00e1 m\u00e1s de 48.500 empleos, lo que supone un aumento del 12,9% respecto a 2015, cuando se firmaron 43.014 contratos, seg\u00fan la previsi\u00f3n realizada por la empresa de recursos humanos Randstad. En concreto, la empresa ha recordado que se trata de una \u00e9poca de elevada intensidad en el sector","canonical_url":"https:\/\/eldigitaldeasturias.com\/magazine365\/la-campana-de-rebajas-de-2016-generara-mas-de-48-500-empleos-un-13-mas-segun-randstad\/","robots":"max-image-preview:large","keywords":"noticias y actualidad","webmasterTools":{"google-site-verification":"UA-38556648-1","miscellaneous":""},"schema":{"@context":"https:\/\/schema.org","@graph":[{"@type":"Article","@id":"https:\/\/eldigitaldeasturias.com\/magazine365\/la-campana-de-rebajas-de-2016-generara-mas-de-48-500-empleos-un-13-mas-segun-randstad\/#article","name":"La campa\u00f1a de rebajas de 2016 generar\u00e1 m\u00e1s de 48.500 empleos, un 13% m\u00e1s, seg\u00fan Randstad | El Digital de Asturias","headline":"La campa\u00f1a de rebajas de 2016 generar\u00e1 m\u00e1s de 48.500 empleos, un 13% m\u00e1s, seg\u00fan Randstad","author":{"@id":"https:\/\/eldigitaldeasturias.com\/magazine365\/author\/admin\/#author"},"publisher":{"@id":"https:\/\/eldigitaldeasturias.com\/magazine365\/#organization"},"image":{"@type":"ImageObject","url":"https:\/\/eldigitaldeasturias.com\/magazine365\/wp-content\/uploads\/2015\/12\/fotonoticia_20151228121123_800.jpg","width":800,"height":534},"datePublished":"2015-12-28T23:06:35+01:00","dateModified":"2015-12-28T23:06:35+01:00","inLanguage":"es-ES","mainEntityOfPage":{"@id":"https:\/\/eldigitaldeasturias.com\/magazine365\/la-campana-de-rebajas-de-2016-generara-mas-de-48-500-empleos-un-13-mas-segun-randstad\/#webpage"},"isPartOf":{"@id":"https:\/\/eldigitaldeasturias.com\/magazine365\/la-campana-de-rebajas-de-2016-generara-mas-de-48-500-empleos-un-13-mas-segun-randstad\/#webpage"},"articleSection":"Noticias y Actualidad"},{"@type":"BreadcrumbList","@id":"https:\/\/eldigitaldeasturias.com\/magazine365\/la-campana-de-rebajas-de-2016-generara-mas-de-48-500-empleos-un-13-mas-segun-randstad\/#breadcrumblist","itemListElement":[{"@type":"ListItem","@id":"https:\/\/eldigitaldeasturias.com\/magazine365#listItem","position":1,"name":"Home","item":"https:\/\/eldigitaldeasturias.com\/magazine365","nextItem":{"@type":"ListItem","@id":"https:\/\/eldigitaldeasturias.com\/magazine365\/category\/noticias-actualidad\/#listItem","name":"Noticias y Actualidad"}},{"@type":"ListItem","@id":"https:\/\/eldigitaldeasturias.com\/magazine365\/category\/noticias-actualidad\/#listItem","position":2,"name":"Noticias y Actualidad","item":"https:\/\/eldigitaldeasturias.com\/magazine365\/category\/noticias-actualidad\/","nextItem":{"@type":"ListItem","@id":"https:\/\/eldigitaldeasturias.com\/magazine365\/la-campana-de-rebajas-de-2016-generara-mas-de-48-500-empleos-un-13-mas-segun-randstad\/#listItem","name":"La campa\u00f1a de rebajas de 2016 generar\u00e1 m\u00e1s de 48.500 empleos, un 13% m\u00e1s, seg\u00fan Randstad"},"previousItem":{"@type":"ListItem","@id":"https:\/\/eldigitaldeasturias.com\/magazine365#listItem","name":"Home"}},{"@type":"ListItem","@id":"https:\/\/eldigitaldeasturias.com\/magazine365\/la-campana-de-rebajas-de-2016-generara-mas-de-48-500-empleos-un-13-mas-segun-randstad\/#listItem","position":3,"name":"La campa\u00f1a de rebajas de 2016 generar\u00e1 m\u00e1s de 48.500 empleos, un 13% m\u00e1s, seg\u00fan Randstad","previousItem":{"@type":"ListItem","@id":"https:\/\/eldigitaldeasturias.com\/magazine365\/category\/noticias-actualidad\/#listItem","name":"Noticias y Actualidad"}}]},{"@type":"Organization","@id":"https:\/\/eldigitaldeasturias.com\/magazine365\/#organization","name":"El digital de Asturias","description":"Revista de ocio, turismo y estilo de vida","url":"https:\/\/eldigitaldeasturias.com\/magazine365\/","logo":{"@type":"ImageObject","url":"https:\/\/www.eldigitaldeasturias.com\/noticias\/wp-content\/uploads\/2020\/12\/EDA.jpg","@id":"https:\/\/eldigitaldeasturias.com\/magazine365\/la-campana-de-rebajas-de-2016-generara-mas-de-48-500-empleos-un-13-mas-segun-randstad\/#organizationLogo"},"image":{"@id":"https:\/\/eldigitaldeasturias.com\/magazine365\/la-campana-de-rebajas-de-2016-generara-mas-de-48-500-empleos-un-13-mas-segun-randstad\/#organizationLogo"}},{"@type":"Person","@id":"https:\/\/eldigitaldeasturias.com\/magazine365\/author\/admin\/#author","url":"https:\/\/eldigitaldeasturias.com\/magazine365\/author\/admin\/","name":"admin","image":{"@type":"ImageObject","@id":"https:\/\/eldigitaldeasturias.com\/magazine365\/la-campana-de-rebajas-de-2016-generara-mas-de-48-500-empleos-un-13-mas-segun-randstad\/#authorImage","url":"https:\/\/eldigitaldeasturias.com\/magazine365\/wp-content\/litespeed\/avatar\/e571bcf59a0edd6fa6838245a470f2fe.jpg?ver=1777574230","width":96,"height":96,"caption":"admin"}},{"@type":"WebPage","@id":"https:\/\/eldigitaldeasturias.com\/magazine365\/la-campana-de-rebajas-de-2016-generara-mas-de-48-500-empleos-un-13-mas-segun-randstad\/#webpage","url":"https:\/\/eldigitaldeasturias.com\/magazine365\/la-campana-de-rebajas-de-2016-generara-mas-de-48-500-empleos-un-13-mas-segun-randstad\/","name":"La campa\u00f1a de rebajas de 2016 generar\u00e1 m\u00e1s de 48.500 empleos, un 13% m\u00e1s, seg\u00fan Randstad | El Digital de Asturias","description":"La campa\u00f1a de rebajas de 2016 generar\u00e1 m\u00e1s de 48.500 empleos, lo que supone un aumento del 12,9% respecto a 2015, cuando se firmaron 43.014 contratos, seg\u00fan la previsi\u00f3n realizada por la empresa de recursos humanos Randstad. En concreto, la empresa ha recordado que se trata de una \u00e9poca de elevada intensidad en el sector","inLanguage":"es-ES","isPartOf":{"@id":"https:\/\/eldigitaldeasturias.com\/magazine365\/#website"},"breadcrumb":{"@id":"https:\/\/eldigitaldeasturias.com\/magazine365\/la-campana-de-rebajas-de-2016-generara-mas-de-48-500-empleos-un-13-mas-segun-randstad\/#breadcrumblist"},"author":{"@id":"https:\/\/eldigitaldeasturias.com\/magazine365\/author\/admin\/#author"},"creator":{"@id":"https:\/\/eldigitaldeasturias.com\/magazine365\/author\/admin\/#author"},"image":{"@type":"ImageObject","url":"https:\/\/eldigitaldeasturias.com\/magazine365\/wp-content\/uploads\/2015\/12\/fotonoticia_20151228121123_800.jpg","@id":"https:\/\/eldigitaldeasturias.com\/magazine365\/la-campana-de-rebajas-de-2016-generara-mas-de-48-500-empleos-un-13-mas-segun-randstad\/#mainImage","width":800,"height":534},"primaryImageOfPage":{"@id":"https:\/\/eldigitaldeasturias.com\/magazine365\/la-campana-de-rebajas-de-2016-generara-mas-de-48-500-empleos-un-13-mas-segun-randstad\/#mainImage"},"datePublished":"2015-12-28T23:06:35+01:00","dateModified":"2015-12-28T23:06:35+01:00"},{"@type":"WebSite","@id":"https:\/\/eldigitaldeasturias.com\/magazine365\/#website","url":"https:\/\/eldigitaldeasturias.com\/magazine365\/","name":"El Digital de Asturias","description":"Revista de ocio, turismo y estilo de vida","inLanguage":"es-ES","publisher":{"@id":"https:\/\/eldigitaldeasturias.com\/magazine365\/#organization"}}]},"og:locale":"es_ES","og:site_name":"El Digital de Asturias \u2013 Revista de ocio, turismo y estilo de vida","og:type":"article","og:title":"La campa\u00f1a de rebajas de 2016 generar\u00e1 m\u00e1s de 48.500 empleos, un 13% m\u00e1s, seg\u00fan Randstad | El Digital de Asturias","og:description":"La campa\u00f1a de rebajas de 2016 generar\u00e1 m\u00e1s de 48.500 empleos, lo que supone un aumento del 12,9% respecto a 2015, cuando se firmaron 43.014 contratos, seg\u00fan la previsi\u00f3n realizada por la empresa de recursos humanos Randstad. En concreto, la empresa ha recordado que se trata de una \u00e9poca de elevada intensidad en el sector","og:url":"https:\/\/eldigitaldeasturias.com\/magazine365\/la-campana-de-rebajas-de-2016-generara-mas-de-48-500-empleos-un-13-mas-segun-randstad\/","og:image":"https:\/\/eldigitaldeasturias.com\/magazine365\/wp-content\/uploads\/2015\/12\/fotonoticia_20151228121123_800.jpg","og:image:secure_url":"https:\/\/eldigitaldeasturias.com\/magazine365\/wp-content\/uploads\/2015\/12\/fotonoticia_20151228121123_800.jpg","og:image:width":800,"og:image:height":534,"article:published_time":"2015-12-28T22:06:35+00:00","article:modified_time":"2015-12-28T22:06:35+00:00","twitter:card":"summary_large_image","twitter:title":"La campa\u00f1a de rebajas de 2016 generar\u00e1 m\u00e1s de 48.500 empleos, un 13% m\u00e1s, seg\u00fan Randstad | El Digital de Asturias","twitter:description":"La campa\u00f1a de rebajas de 2016 generar\u00e1 m\u00e1s de 48.500 empleos, lo que supone un aumento del 12,9% respecto a 2015, cuando se firmaron 43.014 contratos, seg\u00fan la previsi\u00f3n realizada por la empresa de recursos humanos Randstad. En concreto, la empresa ha recordado que se trata de una \u00e9poca de elevada intensidad en el sector","twitter:image":"https:\/\/eldigitaldeasturias.com\/magazine365\/wp-content\/uploads\/2015\/12\/fotonoticia_20151228121123_800.jpg"},"aioseo_meta_data":{"post_id":"59351","title":null,"description":null,"keywords":null,"keyphrases":null,"primary_term":null,"canonical_url":null,"og_title":null,"og_description":null,"og_object_type":"default","og_image_type":"default","og_image_url":null,"og_image_width":null,"og_image_height":null,"og_image_custom_url":null,"og_image_custom_fields":null,"og_video":null,"og_custom_url":null,"og_article_section":null,"og_article_tags":null,"twitter_use_og":false,"twitter_card":"default","twitter_image_type":"default","twitter_image_url":null,"twitter_image_custom_url":null,"twitter_image_custom_fields":null,"twitter_title":null,"twitter_description":null,"schema":{"blockGraphs":[],"customGraphs":[],"default":{"data":{"Article":[],"Course":[],"Dataset":[],"FAQPage":[],"Movie":[],"Person":[],"Product":[],"ProductReview":[],"Car":[],"Recipe":[],"Service":[],"SoftwareApplication":[],"WebPage":[]},"graphName":"","isEnabled":true},"graphs":[],"defaultGraph":"","defaultPostTypeGraph":""},"schema_type":null,"schema_type_options":null,"pillar_content":false,"robots_default":true,"robots_noindex":false,"robots_noarchive":false,"robots_nosnippet":false,"robots_nofollow":false,"robots_noimageindex":false,"robots_noodp":false,"robots_notranslate":false,"robots_max_snippet":null,"robots_max_videopreview":null,"robots_max_imagepreview":"large","priority":null,"frequency":null,"location":null,"local_seo":null,"seo_analyzer_scan_date":"2025-09-25 04:47:52","breadcrumb_settings":null,"limit_modified_date":false,"open_ai":null,"ai":null,"created":"2021-03-08 22:16:56","updated":"2025-09-25 04:47:52"},"aioseo_breadcrumb":"<div class=\"aioseo-breadcrumbs\"><span class=\"aioseo-breadcrumb\">\n\t<a href=\"https:\/\/eldigitaldeasturias.com\/magazine365\" title=\"Home\">Home<\/a>\n<\/span><span class=\"aioseo-breadcrumb-separator\">\u2013<\/span><span class=\"aioseo-breadcrumb\">\n\t<a href=\"https:\/\/eldigitaldeasturias.com\/magazine365\/category\/noticias-actualidad\/\" title=\"Noticias y Actualidad\">Noticias y Actualidad<\/a>\n<\/span><span class=\"aioseo-breadcrumb-separator\">\u2013<\/span><span class=\"aioseo-breadcrumb\">\n\t<a href=\"https:\/\/eldigitaldeasturias.com\/magazine365\/la-campana-de-rebajas-de-2016-generara-mas-de-48-500-empleos-un-13-mas-segun-randstad\/\" title=\"La campa\u00f1a de rebajas de 2016 generar\u00e1 m\u00e1s de 48.500 empleos, un 13% m\u00e1s, seg\u00fan Randstad\">La campa\u00f1a de rebajas de 2016 generar\u00e1 m\u00e1s de 48.500 empleos, un 13% m\u00e1s, seg\u00fan Randstad<\/a>\n<\/span><\/div>","aioseo_breadcrumb_json":[{"label":"Home","link":"https:\/\/eldigitaldeasturias.com\/magazine365"},{"label":"Noticias y Actualidad","link":"https:\/\/eldigitaldeasturias.com\/magazine365\/category\/noticias-actualidad\/"},{"label":"La campa\u00f1a de rebajas de 2016 generar\u00e1 m\u00e1s de 48.500 empleos, un 13% m\u00e1s, seg\u00fan Randstad","link":"https:\/\/eldigitaldeasturias.com\/magazine365\/la-campana-de-rebajas-de-2016-generara-mas-de-48-500-empleos-un-13-mas-segun-randstad\/"}],"_links":{"self":[{"href":"https:\/\/eldigitaldeasturias.com\/magazine365\/wp-json\/wp\/v2\/posts\/59351","targetHints":{"allow":["GET"]}}],"collection":[{"href":"https:\/\/eldigitaldeasturias.com\/magazine365\/wp-json\/wp\/v2\/posts"}],"about":[{"href":"https:\/\/eldigitaldeasturias.com\/magazine365\/wp-json\/wp\/v2\/types\/post"}],"author":[{"embeddable":true,"href":"https:\/\/eldigitaldeasturias.com\/magazine365\/wp-json\/wp\/v2\/users\/1"}],"replies":[{"embeddable":true,"href":"https:\/\/eldigitaldeasturias.com\/magazine365\/wp-json\/wp\/v2\/comments?post=59351"}],"version-history":[{"count":0,"href":"https:\/\/eldigitaldeasturias.com\/magazine365\/wp-json\/wp\/v2\/posts\/59351\/revisions"}],"wp:featuredmedia":[{"embeddable":true,"href":"https:\/\/eldigitaldeasturias.com\/magazine365\/wp-json\/wp\/v2\/media\/59352"}],"wp:attachment":[{"href":"https:\/\/eldigitaldeasturias.com\/magazine365\/wp-json\/wp\/v2\/media?parent=59351"}],"wp:term":[{"taxonomy":"category","embeddable":true,"href":"https:\/\/eldigitaldeasturias.com\/magazine365\/wp-json\/wp\/v2\/categories?post=59351"},{"taxonomy":"post_tag","embeddable":true,"href":"https:\/\/eldigitaldeasturias.com\/magazine365\/wp-json\/wp\/v2\/tags?post=59351"}],"curies":[{"name":"wp","href":"https:\/\/api.w.org\/{rel}","templated":true}]}}