{"id":59330,"date":"2015-12-28T16:37:32","date_gmt":"2015-12-28T15:37:32","guid":{"rendered":"http:\/\/eldigitaldeasturias.com\/magazine365\/?p=59330"},"modified":"2015-12-28T16:37:32","modified_gmt":"2015-12-28T15:37:32","slug":"el-muelle-de-las-carabelas-superara-las-200-000-visitas-en-2015","status":"publish","type":"post","link":"https:\/\/eldigitaldeasturias.com\/magazine365\/el-muelle-de-las-carabelas-superara-las-200-000-visitas-en-2015\/","title":{"rendered":"El Muelle de las Carabelas superar\u00e1 las 200.000 visitas en 2015"},"content":{"rendered":"<p><img fetchpriority=\"high\" decoding=\"async\" class=\"alignleft size-medium wp-image-59331\" src=\"https:\/\/eldigitaldeasturias.com\/magazine365\/wp-content\/uploads\/2015\/12\/fotonoticia_20151228103128_800-360x240.jpg\" alt=\"fotonoticia_20151228103128_800\" width=\"360\" height=\"240\" srcset=\"https:\/\/eldigitaldeasturias.com\/magazine365\/wp-content\/uploads\/2015\/12\/fotonoticia_20151228103128_800-360x240.jpg 360w, https:\/\/eldigitaldeasturias.com\/magazine365\/wp-content\/uploads\/2015\/12\/fotonoticia_20151228103128_800-650x434.jpg 650w, https:\/\/eldigitaldeasturias.com\/magazine365\/wp-content\/uploads\/2015\/12\/fotonoticia_20151228103128_800-768x513.jpg 768w, https:\/\/eldigitaldeasturias.com\/magazine365\/wp-content\/uploads\/2015\/12\/fotonoticia_20151228103128_800-150x100.jpg 150w, https:\/\/eldigitaldeasturias.com\/magazine365\/wp-content\/uploads\/2015\/12\/fotonoticia_20151228103128_800-450x300.jpg 450w, https:\/\/eldigitaldeasturias.com\/magazine365\/wp-content\/uploads\/2015\/12\/fotonoticia_20151228103128_800-696x465.jpg 696w, https:\/\/eldigitaldeasturias.com\/magazine365\/wp-content\/uploads\/2015\/12\/fotonoticia_20151228103128_800-629x420.jpg 629w, https:\/\/eldigitaldeasturias.com\/magazine365\/wp-content\/uploads\/2015\/12\/fotonoticia_20151228103128_800-101x66.jpg 101w, https:\/\/eldigitaldeasturias.com\/magazine365\/wp-content\/uploads\/2015\/12\/fotonoticia_20151228103128_800.jpg 800w\" sizes=\"(max-width: 360px) 100vw, 360px\" \/>El Muelle de las Carabelas, situado en La R\u00e1bida (Huelva), y donde se encuentran varadas las r\u00e9plicas de la nao &#8216;Santa Mar\u00eda&#8217; y las carabelas &#8216;Pinta&#8217; y &#8216;Ni\u00f1a&#8217;, con las que se repiti\u00f3 el primer viaje colombino, desde Palos de la Frontera, al cumplirse el V centenario del mismo, cerrar\u00e1 2015 con un balance aproximado de 200.000 visitas, una cifra r\u00e9cord en un a\u00f1o hist\u00f3rico, lo que consolida a este monumento como uno de los m\u00e1s visitados de Andaluc\u00eda.<\/p>\n<p>En una entrevista concedida a Europa Press, el presidente de Diputaci\u00f3n, Ignacio Caraballo, ha precisado que este enclave, que depende del ente provincial, es \u00abesencial en la provincia porque no hay ning\u00fan otro con tanto tir\u00f3n ni con tanto atractivo para el visitante, al estar directamente vinculado a un acontecimiento hist\u00f3rico como fue el Descubrimiento de Am\u00e9rica\u00bb.<\/p>\n<p>Durante los meses de julio y agosto, el Muelle recibi\u00f3 a un total de 56.771 visitantes, lo que confirm\u00f3 el mejor verano desde su apertura en el a\u00f1o 1994 al superar los datos del pasado verano, que ostentaba el anterior r\u00e9cord de visitantes con 55.000, as\u00ed como el mejor mes de agosto de la historia del Muelle, con 38.141 visitantes.<\/p>\n<p>El enclave va camino de cerrar el mejor a\u00f1o de su historia, ya que a finales de noviembre ya se superaban las 195.000 visitas y con toda probabilidad, cerrar\u00e1 el a\u00f1o superando las 200.000, cifra no alcanzada hasta la fecha, puesto que el mejor dato se dio en el a\u00f1o 2007 en el que se lleg\u00f3 a los 197.000 visitantes.<\/p>\n<p>Se trata de unos datos muy positivos a los que contribuye tanto la gran ocupaci\u00f3n tur\u00edstica registrada en los hoteles de la costa de Huelva como las atractivas instalaciones del Muelle de la Carabelas, y a las que hay que sumar la elevada participaci\u00f3n en la programaci\u00f3n especial de verano dise\u00f1ada por la Diputaci\u00f3n para el espacio rabide\u00f1o, que ha sido recibida con una extraordinaria acogida por parte del p\u00fablico.<\/p>\n<p>CONSTRUCCI\u00d3N DE LAS R\u00c9PLICAS<\/p>\n<p>Este espacio abri\u00f3 sus puertas para conmemorar el V Centenario del Descubrimiento de Am\u00e9rica en 1994, en el que hubo 95.725 visitas. A\u00f1os antes de esta fecha se inici\u00f3 la construcci\u00f3n de las r\u00e9plicas de la nao &#8216;Santa Mar\u00eda&#8217; y las carabelas la &#8216;Pinta&#8217; y la &#8216;Ni\u00f1a&#8217;, que en 1990 iniciaron desde Palos de la Frontera una traves\u00eda por puertos espa\u00f1oles y europeos, para finalizar su periplo recalando en la Exposici\u00f3n Universal de Sevilla de 1992.<\/p>\n<p>Posteriormente, se decidi\u00f3 que las tres carabelas permanecieran varadas junto al Monasterio de La R\u00e1bida, en la desembocadura de los r\u00edos Tinto y Odiel. Para ello se construy\u00f3 una d\u00e1rsena semicircular de 11.500 metros cuadrados con dos pantalanes de acceso de 35 metros cada uno.<\/p>\n<p>Adem\u00e1s de las naves, el Muelle tambi\u00e9n cuenta con una sala de audiovisuales con capacidad para 120 personas donde se ofrece una proyecci\u00f3n que recrea el viaje hacia Am\u00e9rica de las tres naves, una exposici\u00f3n de la Espa\u00f1a del Siglo XV con vestidos, documentos y herramientas de la \u00e9poca, as\u00ed como diversos tenderetes, bodegones y carros de la \u00e9poca.<\/p>\n","protected":false},"excerpt":{"rendered":"<p>El Muelle de las Carabelas, situado en La R\u00e1bida (Huelva), y donde se encuentran varadas las r\u00e9plicas de la nao &#8216;Santa Mar\u00eda&#8217; y las carabelas &#8216;Pinta&#8217; y &#8216;Ni\u00f1a&#8217;, con las que se repiti\u00f3 el primer viaje colombino, desde Palos de la Frontera, al cumplirse el V centenario del mismo, cerrar\u00e1 2015 con un balance aproximado<\/p>\n","protected":false},"author":1,"featured_media":59331,"comment_status":"open","ping_status":"closed","sticky":false,"template":"","format":"standard","meta":{"footnotes":""},"categories":[224],"tags":[],"class_list":{"0":"post-59330","1":"post","2":"type-post","3":"status-publish","4":"format-standard","5":"has-post-thumbnail","7":"category-noticias-actualidad"},"aioseo_notices":[],"aioseo_head":"\n\t\t<!-- All in One SEO Pro 4.9.6.1 - aioseo.com -->\n\t<meta name=\"description\" content=\"El Muelle de las Carabelas, situado en La R\u00e1bida (Huelva), y donde se encuentran varadas las r\u00e9plicas de la nao &#039;Santa Mar\u00eda&#039; y las carabelas &#039;Pinta&#039; y &#039;Ni\u00f1a&#039;, con las que se repiti\u00f3 el primer viaje colombino, desde Palos de la Frontera, al cumplirse el V centenario del mismo, cerrar\u00e1 2015 con un balance aproximado\" \/>\n\t<meta name=\"robots\" content=\"max-image-preview:large\" \/>\n\t<meta name=\"author\" content=\"admin\"\/>\n\t<meta name=\"google-site-verification\" content=\"UA-38556648-1\" \/>\n\t<meta name=\"keywords\" content=\"noticias y actualidad\" \/>\n\t<link rel=\"canonical\" href=\"https:\/\/eldigitaldeasturias.com\/magazine365\/el-muelle-de-las-carabelas-superara-las-200-000-visitas-en-2015\/\" \/>\n\t<meta name=\"generator\" content=\"All in One SEO Pro (AIOSEO) 4.9.6.1\" \/>\n\t\t<meta property=\"og:locale\" content=\"es_ES\" \/>\n\t\t<meta property=\"og:site_name\" content=\"El Digital de Asturias \u2013 Revista de ocio, turismo y estilo de vida\" \/>\n\t\t<meta property=\"og:type\" content=\"article\" \/>\n\t\t<meta property=\"og:title\" content=\"El Muelle de las Carabelas superar\u00e1 las 200.000 visitas en 2015 | El Digital de Asturias\" \/>\n\t\t<meta property=\"og:description\" content=\"El Muelle de las Carabelas, situado en La R\u00e1bida (Huelva), y donde se encuentran varadas las r\u00e9plicas de la nao &#039;Santa Mar\u00eda&#039; y las carabelas &#039;Pinta&#039; y &#039;Ni\u00f1a&#039;, con las que se repiti\u00f3 el primer viaje colombino, desde Palos de la Frontera, al cumplirse el V centenario del mismo, cerrar\u00e1 2015 con un balance aproximado\" \/>\n\t\t<meta property=\"og:url\" content=\"https:\/\/eldigitaldeasturias.com\/magazine365\/el-muelle-de-las-carabelas-superara-las-200-000-visitas-en-2015\/\" \/>\n\t\t<meta property=\"og:image\" content=\"https:\/\/eldigitaldeasturias.com\/magazine365\/wp-content\/uploads\/2015\/12\/fotonoticia_20151228103128_800.jpg\" \/>\n\t\t<meta property=\"og:image:secure_url\" content=\"https:\/\/eldigitaldeasturias.com\/magazine365\/wp-content\/uploads\/2015\/12\/fotonoticia_20151228103128_800.jpg\" \/>\n\t\t<meta property=\"og:image:width\" content=\"800\" \/>\n\t\t<meta property=\"og:image:height\" content=\"534\" \/>\n\t\t<meta property=\"article:published_time\" content=\"2015-12-28T15:37:32+00:00\" \/>\n\t\t<meta property=\"article:modified_time\" content=\"2015-12-28T15:37:32+00:00\" \/>\n\t\t<meta name=\"twitter:card\" content=\"summary_large_image\" \/>\n\t\t<meta name=\"twitter:title\" content=\"El Muelle de las Carabelas superar\u00e1 las 200.000 visitas en 2015 | El Digital de Asturias\" \/>\n\t\t<meta name=\"twitter:description\" content=\"El Muelle de las Carabelas, situado en La R\u00e1bida (Huelva), y donde se encuentran varadas las r\u00e9plicas de la nao &#039;Santa Mar\u00eda&#039; y las carabelas &#039;Pinta&#039; y &#039;Ni\u00f1a&#039;, con las que se repiti\u00f3 el primer viaje colombino, desde Palos de la Frontera, al cumplirse el V centenario del mismo, cerrar\u00e1 2015 con un balance aproximado\" \/>\n\t\t<meta name=\"twitter:image\" content=\"https:\/\/eldigitaldeasturias.com\/magazine365\/wp-content\/uploads\/2015\/12\/fotonoticia_20151228103128_800.jpg\" \/>\n\t\t<script type=\"application\/ld+json\" class=\"aioseo-schema\">\n\t\t\t{\"@context\":\"https:\\\/\\\/schema.org\",\"@graph\":[{\"@type\":\"Article\",\"@id\":\"https:\\\/\\\/eldigitaldeasturias.com\\\/magazine365\\\/el-muelle-de-las-carabelas-superara-las-200-000-visitas-en-2015\\\/#article\",\"name\":\"El Muelle de las Carabelas superar\\u00e1 las 200.000 visitas en 2015 | El Digital de Asturias\",\"headline\":\"El Muelle de las Carabelas superar\\u00e1 las 200.000 visitas en 2015\",\"author\":{\"@id\":\"https:\\\/\\\/eldigitaldeasturias.com\\\/magazine365\\\/author\\\/admin\\\/#author\"},\"publisher\":{\"@id\":\"https:\\\/\\\/eldigitaldeasturias.com\\\/magazine365\\\/#organization\"},\"image\":{\"@type\":\"ImageObject\",\"url\":\"https:\\\/\\\/eldigitaldeasturias.com\\\/magazine365\\\/wp-content\\\/uploads\\\/2015\\\/12\\\/fotonoticia_20151228103128_800.jpg\",\"width\":800,\"height\":534},\"datePublished\":\"2015-12-28T16:37:32+01:00\",\"dateModified\":\"2015-12-28T16:37:32+01:00\",\"inLanguage\":\"es-ES\",\"mainEntityOfPage\":{\"@id\":\"https:\\\/\\\/eldigitaldeasturias.com\\\/magazine365\\\/el-muelle-de-las-carabelas-superara-las-200-000-visitas-en-2015\\\/#webpage\"},\"isPartOf\":{\"@id\":\"https:\\\/\\\/eldigitaldeasturias.com\\\/magazine365\\\/el-muelle-de-las-carabelas-superara-las-200-000-visitas-en-2015\\\/#webpage\"},\"articleSection\":\"Noticias y Actualidad\"},{\"@type\":\"BreadcrumbList\",\"@id\":\"https:\\\/\\\/eldigitaldeasturias.com\\\/magazine365\\\/el-muelle-de-las-carabelas-superara-las-200-000-visitas-en-2015\\\/#breadcrumblist\",\"itemListElement\":[{\"@type\":\"ListItem\",\"@id\":\"https:\\\/\\\/eldigitaldeasturias.com\\\/magazine365#listItem\",\"position\":1,\"name\":\"Home\",\"item\":\"https:\\\/\\\/eldigitaldeasturias.com\\\/magazine365\",\"nextItem\":{\"@type\":\"ListItem\",\"@id\":\"https:\\\/\\\/eldigitaldeasturias.com\\\/magazine365\\\/category\\\/noticias-actualidad\\\/#listItem\",\"name\":\"Noticias y Actualidad\"}},{\"@type\":\"ListItem\",\"@id\":\"https:\\\/\\\/eldigitaldeasturias.com\\\/magazine365\\\/category\\\/noticias-actualidad\\\/#listItem\",\"position\":2,\"name\":\"Noticias y Actualidad\",\"item\":\"https:\\\/\\\/eldigitaldeasturias.com\\\/magazine365\\\/category\\\/noticias-actualidad\\\/\",\"nextItem\":{\"@type\":\"ListItem\",\"@id\":\"https:\\\/\\\/eldigitaldeasturias.com\\\/magazine365\\\/el-muelle-de-las-carabelas-superara-las-200-000-visitas-en-2015\\\/#listItem\",\"name\":\"El Muelle de las Carabelas superar\\u00e1 las 200.000 visitas en 2015\"},\"previousItem\":{\"@type\":\"ListItem\",\"@id\":\"https:\\\/\\\/eldigitaldeasturias.com\\\/magazine365#listItem\",\"name\":\"Home\"}},{\"@type\":\"ListItem\",\"@id\":\"https:\\\/\\\/eldigitaldeasturias.com\\\/magazine365\\\/el-muelle-de-las-carabelas-superara-las-200-000-visitas-en-2015\\\/#listItem\",\"position\":3,\"name\":\"El Muelle de las Carabelas superar\\u00e1 las 200.000 visitas en 2015\",\"previousItem\":{\"@type\":\"ListItem\",\"@id\":\"https:\\\/\\\/eldigitaldeasturias.com\\\/magazine365\\\/category\\\/noticias-actualidad\\\/#listItem\",\"name\":\"Noticias y Actualidad\"}}]},{\"@type\":\"Organization\",\"@id\":\"https:\\\/\\\/eldigitaldeasturias.com\\\/magazine365\\\/#organization\",\"name\":\"El digital de Asturias\",\"description\":\"Revista de ocio, turismo y estilo de vida\",\"url\":\"https:\\\/\\\/eldigitaldeasturias.com\\\/magazine365\\\/\",\"logo\":{\"@type\":\"ImageObject\",\"url\":\"https:\\\/\\\/www.eldigitaldeasturias.com\\\/noticias\\\/wp-content\\\/uploads\\\/2020\\\/12\\\/EDA.jpg\",\"@id\":\"https:\\\/\\\/eldigitaldeasturias.com\\\/magazine365\\\/el-muelle-de-las-carabelas-superara-las-200-000-visitas-en-2015\\\/#organizationLogo\"},\"image\":{\"@id\":\"https:\\\/\\\/eldigitaldeasturias.com\\\/magazine365\\\/el-muelle-de-las-carabelas-superara-las-200-000-visitas-en-2015\\\/#organizationLogo\"}},{\"@type\":\"Person\",\"@id\":\"https:\\\/\\\/eldigitaldeasturias.com\\\/magazine365\\\/author\\\/admin\\\/#author\",\"url\":\"https:\\\/\\\/eldigitaldeasturias.com\\\/magazine365\\\/author\\\/admin\\\/\",\"name\":\"admin\",\"image\":{\"@type\":\"ImageObject\",\"@id\":\"https:\\\/\\\/eldigitaldeasturias.com\\\/magazine365\\\/el-muelle-de-las-carabelas-superara-las-200-000-visitas-en-2015\\\/#authorImage\",\"url\":\"https:\\\/\\\/eldigitaldeasturias.com\\\/magazine365\\\/wp-content\\\/litespeed\\\/avatar\\\/e571bcf59a0edd6fa6838245a470f2fe.jpg?ver=1777574230\",\"width\":96,\"height\":96,\"caption\":\"admin\"}},{\"@type\":\"WebPage\",\"@id\":\"https:\\\/\\\/eldigitaldeasturias.com\\\/magazine365\\\/el-muelle-de-las-carabelas-superara-las-200-000-visitas-en-2015\\\/#webpage\",\"url\":\"https:\\\/\\\/eldigitaldeasturias.com\\\/magazine365\\\/el-muelle-de-las-carabelas-superara-las-200-000-visitas-en-2015\\\/\",\"name\":\"El Muelle de las Carabelas superar\\u00e1 las 200.000 visitas en 2015 | El Digital de Asturias\",\"description\":\"El Muelle de las Carabelas, situado en La R\\u00e1bida (Huelva), y donde se encuentran varadas las r\\u00e9plicas de la nao 'Santa Mar\\u00eda' y las carabelas 'Pinta' y 'Ni\\u00f1a', con las que se repiti\\u00f3 el primer viaje colombino, desde Palos de la Frontera, al cumplirse el V centenario del mismo, cerrar\\u00e1 2015 con un balance aproximado\",\"inLanguage\":\"es-ES\",\"isPartOf\":{\"@id\":\"https:\\\/\\\/eldigitaldeasturias.com\\\/magazine365\\\/#website\"},\"breadcrumb\":{\"@id\":\"https:\\\/\\\/eldigitaldeasturias.com\\\/magazine365\\\/el-muelle-de-las-carabelas-superara-las-200-000-visitas-en-2015\\\/#breadcrumblist\"},\"author\":{\"@id\":\"https:\\\/\\\/eldigitaldeasturias.com\\\/magazine365\\\/author\\\/admin\\\/#author\"},\"creator\":{\"@id\":\"https:\\\/\\\/eldigitaldeasturias.com\\\/magazine365\\\/author\\\/admin\\\/#author\"},\"image\":{\"@type\":\"ImageObject\",\"url\":\"https:\\\/\\\/eldigitaldeasturias.com\\\/magazine365\\\/wp-content\\\/uploads\\\/2015\\\/12\\\/fotonoticia_20151228103128_800.jpg\",\"@id\":\"https:\\\/\\\/eldigitaldeasturias.com\\\/magazine365\\\/el-muelle-de-las-carabelas-superara-las-200-000-visitas-en-2015\\\/#mainImage\",\"width\":800,\"height\":534},\"primaryImageOfPage\":{\"@id\":\"https:\\\/\\\/eldigitaldeasturias.com\\\/magazine365\\\/el-muelle-de-las-carabelas-superara-las-200-000-visitas-en-2015\\\/#mainImage\"},\"datePublished\":\"2015-12-28T16:37:32+01:00\",\"dateModified\":\"2015-12-28T16:37:32+01:00\"},{\"@type\":\"WebSite\",\"@id\":\"https:\\\/\\\/eldigitaldeasturias.com\\\/magazine365\\\/#website\",\"url\":\"https:\\\/\\\/eldigitaldeasturias.com\\\/magazine365\\\/\",\"name\":\"El Digital de Asturias\",\"description\":\"Revista de ocio, turismo y estilo de vida\",\"inLanguage\":\"es-ES\",\"publisher\":{\"@id\":\"https:\\\/\\\/eldigitaldeasturias.com\\\/magazine365\\\/#organization\"}}]}\n\t\t<\/script>\n\t\t<!-- All in One SEO Pro -->\r\n\t\t<title>El Muelle de las Carabelas superar\u00e1 las 200.000 visitas en 2015 | El Digital de Asturias<\/title>\n\n","aioseo_head_json":{"title":"El Muelle de las Carabelas superar\u00e1 las 200.000 visitas en 2015 | El Digital de Asturias","description":"El Muelle de las Carabelas, situado en La R\u00e1bida (Huelva), y donde se encuentran varadas las r\u00e9plicas de la nao 'Santa Mar\u00eda' y las carabelas 'Pinta' y 'Ni\u00f1a', con las que se repiti\u00f3 el primer viaje colombino, desde Palos de la Frontera, al cumplirse el V centenario del mismo, cerrar\u00e1 2015 con un balance aproximado","canonical_url":"https:\/\/eldigitaldeasturias.com\/magazine365\/el-muelle-de-las-carabelas-superara-las-200-000-visitas-en-2015\/","robots":"max-image-preview:large","keywords":"noticias y actualidad","webmasterTools":{"google-site-verification":"UA-38556648-1","miscellaneous":""},"schema":{"@context":"https:\/\/schema.org","@graph":[{"@type":"Article","@id":"https:\/\/eldigitaldeasturias.com\/magazine365\/el-muelle-de-las-carabelas-superara-las-200-000-visitas-en-2015\/#article","name":"El Muelle de las Carabelas superar\u00e1 las 200.000 visitas en 2015 | El Digital de Asturias","headline":"El Muelle de las Carabelas superar\u00e1 las 200.000 visitas en 2015","author":{"@id":"https:\/\/eldigitaldeasturias.com\/magazine365\/author\/admin\/#author"},"publisher":{"@id":"https:\/\/eldigitaldeasturias.com\/magazine365\/#organization"},"image":{"@type":"ImageObject","url":"https:\/\/eldigitaldeasturias.com\/magazine365\/wp-content\/uploads\/2015\/12\/fotonoticia_20151228103128_800.jpg","width":800,"height":534},"datePublished":"2015-12-28T16:37:32+01:00","dateModified":"2015-12-28T16:37:32+01:00","inLanguage":"es-ES","mainEntityOfPage":{"@id":"https:\/\/eldigitaldeasturias.com\/magazine365\/el-muelle-de-las-carabelas-superara-las-200-000-visitas-en-2015\/#webpage"},"isPartOf":{"@id":"https:\/\/eldigitaldeasturias.com\/magazine365\/el-muelle-de-las-carabelas-superara-las-200-000-visitas-en-2015\/#webpage"},"articleSection":"Noticias y Actualidad"},{"@type":"BreadcrumbList","@id":"https:\/\/eldigitaldeasturias.com\/magazine365\/el-muelle-de-las-carabelas-superara-las-200-000-visitas-en-2015\/#breadcrumblist","itemListElement":[{"@type":"ListItem","@id":"https:\/\/eldigitaldeasturias.com\/magazine365#listItem","position":1,"name":"Home","item":"https:\/\/eldigitaldeasturias.com\/magazine365","nextItem":{"@type":"ListItem","@id":"https:\/\/eldigitaldeasturias.com\/magazine365\/category\/noticias-actualidad\/#listItem","name":"Noticias y Actualidad"}},{"@type":"ListItem","@id":"https:\/\/eldigitaldeasturias.com\/magazine365\/category\/noticias-actualidad\/#listItem","position":2,"name":"Noticias y Actualidad","item":"https:\/\/eldigitaldeasturias.com\/magazine365\/category\/noticias-actualidad\/","nextItem":{"@type":"ListItem","@id":"https:\/\/eldigitaldeasturias.com\/magazine365\/el-muelle-de-las-carabelas-superara-las-200-000-visitas-en-2015\/#listItem","name":"El Muelle de las Carabelas superar\u00e1 las 200.000 visitas en 2015"},"previousItem":{"@type":"ListItem","@id":"https:\/\/eldigitaldeasturias.com\/magazine365#listItem","name":"Home"}},{"@type":"ListItem","@id":"https:\/\/eldigitaldeasturias.com\/magazine365\/el-muelle-de-las-carabelas-superara-las-200-000-visitas-en-2015\/#listItem","position":3,"name":"El Muelle de las Carabelas superar\u00e1 las 200.000 visitas en 2015","previousItem":{"@type":"ListItem","@id":"https:\/\/eldigitaldeasturias.com\/magazine365\/category\/noticias-actualidad\/#listItem","name":"Noticias y Actualidad"}}]},{"@type":"Organization","@id":"https:\/\/eldigitaldeasturias.com\/magazine365\/#organization","name":"El digital de Asturias","description":"Revista de ocio, turismo y estilo de vida","url":"https:\/\/eldigitaldeasturias.com\/magazine365\/","logo":{"@type":"ImageObject","url":"https:\/\/www.eldigitaldeasturias.com\/noticias\/wp-content\/uploads\/2020\/12\/EDA.jpg","@id":"https:\/\/eldigitaldeasturias.com\/magazine365\/el-muelle-de-las-carabelas-superara-las-200-000-visitas-en-2015\/#organizationLogo"},"image":{"@id":"https:\/\/eldigitaldeasturias.com\/magazine365\/el-muelle-de-las-carabelas-superara-las-200-000-visitas-en-2015\/#organizationLogo"}},{"@type":"Person","@id":"https:\/\/eldigitaldeasturias.com\/magazine365\/author\/admin\/#author","url":"https:\/\/eldigitaldeasturias.com\/magazine365\/author\/admin\/","name":"admin","image":{"@type":"ImageObject","@id":"https:\/\/eldigitaldeasturias.com\/magazine365\/el-muelle-de-las-carabelas-superara-las-200-000-visitas-en-2015\/#authorImage","url":"https:\/\/eldigitaldeasturias.com\/magazine365\/wp-content\/litespeed\/avatar\/e571bcf59a0edd6fa6838245a470f2fe.jpg?ver=1777574230","width":96,"height":96,"caption":"admin"}},{"@type":"WebPage","@id":"https:\/\/eldigitaldeasturias.com\/magazine365\/el-muelle-de-las-carabelas-superara-las-200-000-visitas-en-2015\/#webpage","url":"https:\/\/eldigitaldeasturias.com\/magazine365\/el-muelle-de-las-carabelas-superara-las-200-000-visitas-en-2015\/","name":"El Muelle de las Carabelas superar\u00e1 las 200.000 visitas en 2015 | El Digital de Asturias","description":"El Muelle de las Carabelas, situado en La R\u00e1bida (Huelva), y donde se encuentran varadas las r\u00e9plicas de la nao 'Santa Mar\u00eda' y las carabelas 'Pinta' y 'Ni\u00f1a', con las que se repiti\u00f3 el primer viaje colombino, desde Palos de la Frontera, al cumplirse el V centenario del mismo, cerrar\u00e1 2015 con un balance aproximado","inLanguage":"es-ES","isPartOf":{"@id":"https:\/\/eldigitaldeasturias.com\/magazine365\/#website"},"breadcrumb":{"@id":"https:\/\/eldigitaldeasturias.com\/magazine365\/el-muelle-de-las-carabelas-superara-las-200-000-visitas-en-2015\/#breadcrumblist"},"author":{"@id":"https:\/\/eldigitaldeasturias.com\/magazine365\/author\/admin\/#author"},"creator":{"@id":"https:\/\/eldigitaldeasturias.com\/magazine365\/author\/admin\/#author"},"image":{"@type":"ImageObject","url":"https:\/\/eldigitaldeasturias.com\/magazine365\/wp-content\/uploads\/2015\/12\/fotonoticia_20151228103128_800.jpg","@id":"https:\/\/eldigitaldeasturias.com\/magazine365\/el-muelle-de-las-carabelas-superara-las-200-000-visitas-en-2015\/#mainImage","width":800,"height":534},"primaryImageOfPage":{"@id":"https:\/\/eldigitaldeasturias.com\/magazine365\/el-muelle-de-las-carabelas-superara-las-200-000-visitas-en-2015\/#mainImage"},"datePublished":"2015-12-28T16:37:32+01:00","dateModified":"2015-12-28T16:37:32+01:00"},{"@type":"WebSite","@id":"https:\/\/eldigitaldeasturias.com\/magazine365\/#website","url":"https:\/\/eldigitaldeasturias.com\/magazine365\/","name":"El Digital de Asturias","description":"Revista de ocio, turismo y estilo de vida","inLanguage":"es-ES","publisher":{"@id":"https:\/\/eldigitaldeasturias.com\/magazine365\/#organization"}}]},"og:locale":"es_ES","og:site_name":"El Digital de Asturias \u2013 Revista de ocio, turismo y estilo de vida","og:type":"article","og:title":"El Muelle de las Carabelas superar\u00e1 las 200.000 visitas en 2015 | El Digital de Asturias","og:description":"El Muelle de las Carabelas, situado en La R\u00e1bida (Huelva), y donde se encuentran varadas las r\u00e9plicas de la nao 'Santa Mar\u00eda' y las carabelas 'Pinta' y 'Ni\u00f1a', con las que se repiti\u00f3 el primer viaje colombino, desde Palos de la Frontera, al cumplirse el V centenario del mismo, cerrar\u00e1 2015 con un balance aproximado","og:url":"https:\/\/eldigitaldeasturias.com\/magazine365\/el-muelle-de-las-carabelas-superara-las-200-000-visitas-en-2015\/","og:image":"https:\/\/eldigitaldeasturias.com\/magazine365\/wp-content\/uploads\/2015\/12\/fotonoticia_20151228103128_800.jpg","og:image:secure_url":"https:\/\/eldigitaldeasturias.com\/magazine365\/wp-content\/uploads\/2015\/12\/fotonoticia_20151228103128_800.jpg","og:image:width":800,"og:image:height":534,"article:published_time":"2015-12-28T15:37:32+00:00","article:modified_time":"2015-12-28T15:37:32+00:00","twitter:card":"summary_large_image","twitter:title":"El Muelle de las Carabelas superar\u00e1 las 200.000 visitas en 2015 | El Digital de Asturias","twitter:description":"El Muelle de las Carabelas, situado en La R\u00e1bida (Huelva), y donde se encuentran varadas las r\u00e9plicas de la nao 'Santa Mar\u00eda' y las carabelas 'Pinta' y 'Ni\u00f1a', con las que se repiti\u00f3 el primer viaje colombino, desde Palos de la Frontera, al cumplirse el V centenario del mismo, cerrar\u00e1 2015 con un balance aproximado","twitter:image":"https:\/\/eldigitaldeasturias.com\/magazine365\/wp-content\/uploads\/2015\/12\/fotonoticia_20151228103128_800.jpg"},"aioseo_meta_data":{"post_id":"59330","title":null,"description":null,"keywords":null,"keyphrases":null,"primary_term":null,"canonical_url":null,"og_title":null,"og_description":null,"og_object_type":"default","og_image_type":"default","og_image_url":null,"og_image_width":null,"og_image_height":null,"og_image_custom_url":null,"og_image_custom_fields":null,"og_video":null,"og_custom_url":null,"og_article_section":null,"og_article_tags":null,"twitter_use_og":false,"twitter_card":"default","twitter_image_type":"default","twitter_image_url":null,"twitter_image_custom_url":null,"twitter_image_custom_fields":null,"twitter_title":null,"twitter_description":null,"schema":{"blockGraphs":[],"customGraphs":[],"default":{"data":{"Article":[],"Course":[],"Dataset":[],"FAQPage":[],"Movie":[],"Person":[],"Product":[],"ProductReview":[],"Car":[],"Recipe":[],"Service":[],"SoftwareApplication":[],"WebPage":[]},"graphName":"","isEnabled":true},"graphs":[],"defaultGraph":"","defaultPostTypeGraph":""},"schema_type":null,"schema_type_options":null,"pillar_content":false,"robots_default":true,"robots_noindex":false,"robots_noarchive":false,"robots_nosnippet":false,"robots_nofollow":false,"robots_noimageindex":false,"robots_noodp":false,"robots_notranslate":false,"robots_max_snippet":null,"robots_max_videopreview":null,"robots_max_imagepreview":"large","priority":null,"frequency":null,"location":null,"local_seo":null,"seo_analyzer_scan_date":"2025-09-25 04:44:20","breadcrumb_settings":null,"limit_modified_date":false,"open_ai":null,"ai":null,"created":"2021-03-08 22:16:56","updated":"2025-09-25 04:44:20"},"aioseo_breadcrumb":"<div class=\"aioseo-breadcrumbs\"><span class=\"aioseo-breadcrumb\">\n\t<a href=\"https:\/\/eldigitaldeasturias.com\/magazine365\" title=\"Home\">Home<\/a>\n<\/span><span class=\"aioseo-breadcrumb-separator\">\u2013<\/span><span class=\"aioseo-breadcrumb\">\n\t<a href=\"https:\/\/eldigitaldeasturias.com\/magazine365\/category\/noticias-actualidad\/\" title=\"Noticias y Actualidad\">Noticias y Actualidad<\/a>\n<\/span><span class=\"aioseo-breadcrumb-separator\">\u2013<\/span><span class=\"aioseo-breadcrumb\">\n\t<a href=\"https:\/\/eldigitaldeasturias.com\/magazine365\/el-muelle-de-las-carabelas-superara-las-200-000-visitas-en-2015\/\" title=\"El Muelle de las Carabelas superar\u00e1 las 200.000 visitas en 2015\">El Muelle de las Carabelas superar\u00e1 las 200.000 visitas en 2015<\/a>\n<\/span><\/div>","aioseo_breadcrumb_json":[{"label":"Home","link":"https:\/\/eldigitaldeasturias.com\/magazine365"},{"label":"Noticias y Actualidad","link":"https:\/\/eldigitaldeasturias.com\/magazine365\/category\/noticias-actualidad\/"},{"label":"El Muelle de las Carabelas superar\u00e1 las 200.000 visitas en 2015","link":"https:\/\/eldigitaldeasturias.com\/magazine365\/el-muelle-de-las-carabelas-superara-las-200-000-visitas-en-2015\/"}],"_links":{"self":[{"href":"https:\/\/eldigitaldeasturias.com\/magazine365\/wp-json\/wp\/v2\/posts\/59330","targetHints":{"allow":["GET"]}}],"collection":[{"href":"https:\/\/eldigitaldeasturias.com\/magazine365\/wp-json\/wp\/v2\/posts"}],"about":[{"href":"https:\/\/eldigitaldeasturias.com\/magazine365\/wp-json\/wp\/v2\/types\/post"}],"author":[{"embeddable":true,"href":"https:\/\/eldigitaldeasturias.com\/magazine365\/wp-json\/wp\/v2\/users\/1"}],"replies":[{"embeddable":true,"href":"https:\/\/eldigitaldeasturias.com\/magazine365\/wp-json\/wp\/v2\/comments?post=59330"}],"version-history":[{"count":0,"href":"https:\/\/eldigitaldeasturias.com\/magazine365\/wp-json\/wp\/v2\/posts\/59330\/revisions"}],"wp:featuredmedia":[{"embeddable":true,"href":"https:\/\/eldigitaldeasturias.com\/magazine365\/wp-json\/wp\/v2\/media\/59331"}],"wp:attachment":[{"href":"https:\/\/eldigitaldeasturias.com\/magazine365\/wp-json\/wp\/v2\/media?parent=59330"}],"wp:term":[{"taxonomy":"category","embeddable":true,"href":"https:\/\/eldigitaldeasturias.com\/magazine365\/wp-json\/wp\/v2\/categories?post=59330"},{"taxonomy":"post_tag","embeddable":true,"href":"https:\/\/eldigitaldeasturias.com\/magazine365\/wp-json\/wp\/v2\/tags?post=59330"}],"curies":[{"name":"wp","href":"https:\/\/api.w.org\/{rel}","templated":true}]}}