{"id":59327,"date":"2015-12-28T16:36:18","date_gmt":"2015-12-28T15:36:18","guid":{"rendered":"http:\/\/eldigitaldeasturias.com\/magazine365\/?p=59327"},"modified":"2015-12-28T16:36:18","modified_gmt":"2015-12-28T15:36:18","slug":"la-diputacion-de-castellon-inaugura-la-torre-de-la-preso-y-el-forn-de-dalt-de-benassal","status":"publish","type":"post","link":"https:\/\/eldigitaldeasturias.com\/magazine365\/la-diputacion-de-castellon-inaugura-la-torre-de-la-preso-y-el-forn-de-dalt-de-benassal\/","title":{"rendered":"La Diputaci\u00f3n de Castell\u00f3n inaugura la Torre de la Pres\u00f3 y el Forn de Dalt de Benassal"},"content":{"rendered":"<p><img fetchpriority=\"high\" decoding=\"async\" class=\"alignleft size-medium wp-image-59328\" src=\"https:\/\/eldigitaldeasturias.com\/magazine365\/wp-content\/uploads\/2015\/12\/fotonoticia_20151228103032_800-360x231.jpg\" alt=\"fotonoticia_20151228103032_800\" width=\"360\" height=\"231\" srcset=\"https:\/\/eldigitaldeasturias.com\/magazine365\/wp-content\/uploads\/2015\/12\/fotonoticia_20151228103032_800-360x231.jpg 360w, https:\/\/eldigitaldeasturias.com\/magazine365\/wp-content\/uploads\/2015\/12\/fotonoticia_20151228103032_800-650x418.jpg 650w, https:\/\/eldigitaldeasturias.com\/magazine365\/wp-content\/uploads\/2015\/12\/fotonoticia_20151228103032_800-768x493.jpg 768w, https:\/\/eldigitaldeasturias.com\/magazine365\/wp-content\/uploads\/2015\/12\/fotonoticia_20151228103032_800-150x96.jpg 150w, https:\/\/eldigitaldeasturias.com\/magazine365\/wp-content\/uploads\/2015\/12\/fotonoticia_20151228103032_800-450x289.jpg 450w, https:\/\/eldigitaldeasturias.com\/magazine365\/wp-content\/uploads\/2015\/12\/fotonoticia_20151228103032_800-696x447.jpg 696w, https:\/\/eldigitaldeasturias.com\/magazine365\/wp-content\/uploads\/2015\/12\/fotonoticia_20151228103032_800-654x420.jpg 654w, https:\/\/eldigitaldeasturias.com\/magazine365\/wp-content\/uploads\/2015\/12\/fotonoticia_20151228103032_800-225x145.jpg 225w, https:\/\/eldigitaldeasturias.com\/magazine365\/wp-content\/uploads\/2015\/12\/fotonoticia_20151228103032_800-121x79.jpg 121w, https:\/\/eldigitaldeasturias.com\/magazine365\/wp-content\/uploads\/2015\/12\/fotonoticia_20151228103032_800-101x66.jpg 101w, https:\/\/eldigitaldeasturias.com\/magazine365\/wp-content\/uploads\/2015\/12\/fotonoticia_20151228103032_800.jpg 800w\" sizes=\"(max-width: 360px) 100vw, 360px\" \/>La Diputaci\u00f3n de Castell\u00f3n ha inaugurado este s\u00e1bado por la tarde la Torre de la Pres\u00f3 y el Forn de Dalt de Benassal, \u00abdos espacios emblem\u00e1ticos del pueblo\u00bb, a los que se ha destinado una inversi\u00f3n de 350.000 euros con el objetivo de \u00abimpulsar el turismo cultural y poner en valor la historia del municipio\u00bb, seg\u00fan ha informado la corporaci\u00f3n en un comunicado.<\/p>\n<p>El presidente de la Diputaci\u00f3n, Javier Moliner, ha destacado en la inauguraci\u00f3n \u00ablo importante que es conocer el valor de lo que tiene la provincia, y restaurar aquellos edificios que siglos atr\u00e1s dieron a esta tierra el significado que ahora tiene\u00bb. \u00abNo s\u00f3lo es importante para conocer nuestra historia, sino para ponerla en valor como un importante recurso tur\u00edstico, dinamizador de la actividad de nuestros pueblos para darles nuevas oportunidades de vida a sus vecinos durante todo el a\u00f1o\u00bb, ha manifestado.<\/p>\n<p>Ambos edificios pertenecen al siglo XIV y tienen \u00abgran relevancia hist\u00f3rica en Benassal\u00bb, y es por ello que \u00absu visita ya se va a incluir en el circuito tur\u00edstico cultural que ofrece el municipio\u00bb. As\u00ed lo ha indicado tambi\u00e9n la alcaldesa de Benassal, Mari Luz Monterde, que ha destacado que \u00abel hecho de que pueblo recupere dos espacios tan emblem\u00e1ticos como estos y poder abrirlos a todos los vecinos y visitantes despu\u00e9s de tantos a\u00f1os\u00bb. \u00abAhora toca seguir trabajando para incluir estos edificios en nuestro circuito tur\u00edstico y ponerlos en valor desde la cultura local para que todos los vecinos se sientan orgullosos\u00bb, ha se\u00f1alado.<\/p>\n<p>La Diputaci\u00f3n de Castell\u00f3n ha ejecutado durante 2015 \u00abun programa de actuaciones dirigidas a la recuperaci\u00f3n y puesta en valor del patrimonio hist\u00f3rico y cultural de los municipios como apuesta por posicionar la singularidad castellonense en cada una de sus expresiones art\u00edsticas y patrimoniales\u00bb. As\u00ed, la instituci\u00f3n ha destinado un total de 1.692.276 euros para los programas de Restauraci\u00f3n, Arqueolog\u00eda, Protecci\u00f3n del Patrimonio Hist\u00f3rico-Art\u00edstico y la rehabilitaci\u00f3n de edificios hist\u00f3ricos y emblem\u00e1ticos de nueve municipios. Entre ellos, destaca la ermita de San Antonio de Villahermosa del R\u00edo, la Concatedral de Castell\u00f3n y la Bas\u00edlica de Vila-real.<\/p>\n","protected":false},"excerpt":{"rendered":"<p>La Diputaci\u00f3n de Castell\u00f3n ha inaugurado este s\u00e1bado por la tarde la Torre de la Pres\u00f3 y el Forn de Dalt de Benassal, \u00abdos espacios emblem\u00e1ticos del pueblo\u00bb, a los que se ha destinado una inversi\u00f3n de 350.000 euros con el objetivo de \u00abimpulsar el turismo cultural y poner en valor la historia del municipio\u00bb,<\/p>\n","protected":false},"author":1,"featured_media":59328,"comment_status":"open","ping_status":"closed","sticky":false,"template":"","format":"standard","meta":{"footnotes":""},"categories":[224],"tags":[],"class_list":{"0":"post-59327","1":"post","2":"type-post","3":"status-publish","4":"format-standard","5":"has-post-thumbnail","7":"category-noticias-actualidad"},"aioseo_notices":[],"aioseo_head":"\n\t\t<!-- All in One SEO Pro 4.9.6.1 - aioseo.com -->\n\t<meta name=\"description\" content=\"La Diputaci\u00f3n de Castell\u00f3n ha inaugurado este s\u00e1bado por la tarde la Torre de la Pres\u00f3 y el Forn de Dalt de Benassal, &quot;dos espacios emblem\u00e1ticos del pueblo&quot;, a los que se ha destinado una inversi\u00f3n de 350.000 euros con el objetivo de &quot;impulsar el turismo cultural y poner en valor la historia del municipio&quot;,\" \/>\n\t<meta name=\"robots\" content=\"max-image-preview:large\" \/>\n\t<meta name=\"author\" content=\"admin\"\/>\n\t<meta name=\"google-site-verification\" content=\"UA-38556648-1\" \/>\n\t<meta name=\"keywords\" content=\"noticias y actualidad\" \/>\n\t<link rel=\"canonical\" href=\"https:\/\/eldigitaldeasturias.com\/magazine365\/la-diputacion-de-castellon-inaugura-la-torre-de-la-preso-y-el-forn-de-dalt-de-benassal\/\" \/>\n\t<meta name=\"generator\" content=\"All in One SEO Pro (AIOSEO) 4.9.6.1\" \/>\n\t\t<meta property=\"og:locale\" content=\"es_ES\" \/>\n\t\t<meta property=\"og:site_name\" content=\"El Digital de Asturias \u2013 Revista de ocio, turismo y estilo de vida\" \/>\n\t\t<meta property=\"og:type\" content=\"article\" \/>\n\t\t<meta property=\"og:title\" content=\"La Diputaci\u00f3n de Castell\u00f3n inaugura la Torre de la Pres\u00f3 y el Forn de Dalt de Benassal | El Digital de Asturias\" \/>\n\t\t<meta property=\"og:description\" content=\"La Diputaci\u00f3n de Castell\u00f3n ha inaugurado este s\u00e1bado por la tarde la Torre de la Pres\u00f3 y el Forn de Dalt de Benassal, &quot;dos espacios emblem\u00e1ticos del pueblo&quot;, a los que se ha destinado una inversi\u00f3n de 350.000 euros con el objetivo de &quot;impulsar el turismo cultural y poner en valor la historia del municipio&quot;,\" \/>\n\t\t<meta property=\"og:url\" content=\"https:\/\/eldigitaldeasturias.com\/magazine365\/la-diputacion-de-castellon-inaugura-la-torre-de-la-preso-y-el-forn-de-dalt-de-benassal\/\" \/>\n\t\t<meta property=\"og:image\" content=\"https:\/\/eldigitaldeasturias.com\/magazine365\/wp-content\/uploads\/2015\/12\/fotonoticia_20151228103032_800.jpg\" \/>\n\t\t<meta property=\"og:image:secure_url\" content=\"https:\/\/eldigitaldeasturias.com\/magazine365\/wp-content\/uploads\/2015\/12\/fotonoticia_20151228103032_800.jpg\" \/>\n\t\t<meta property=\"og:image:width\" content=\"800\" \/>\n\t\t<meta property=\"og:image:height\" content=\"514\" \/>\n\t\t<meta property=\"article:published_time\" content=\"2015-12-28T15:36:18+00:00\" \/>\n\t\t<meta property=\"article:modified_time\" content=\"2015-12-28T15:36:18+00:00\" \/>\n\t\t<meta name=\"twitter:card\" content=\"summary_large_image\" \/>\n\t\t<meta name=\"twitter:title\" content=\"La Diputaci\u00f3n de Castell\u00f3n inaugura la Torre de la Pres\u00f3 y el Forn de Dalt de Benassal | El Digital de Asturias\" \/>\n\t\t<meta name=\"twitter:description\" content=\"La Diputaci\u00f3n de Castell\u00f3n ha inaugurado este s\u00e1bado por la tarde la Torre de la Pres\u00f3 y el Forn de Dalt de Benassal, &quot;dos espacios emblem\u00e1ticos del pueblo&quot;, a los que se ha destinado una inversi\u00f3n de 350.000 euros con el objetivo de &quot;impulsar el turismo cultural y poner en valor la historia del municipio&quot;,\" \/>\n\t\t<meta name=\"twitter:image\" content=\"https:\/\/eldigitaldeasturias.com\/magazine365\/wp-content\/uploads\/2015\/12\/fotonoticia_20151228103032_800.jpg\" \/>\n\t\t<script type=\"application\/ld+json\" class=\"aioseo-schema\">\n\t\t\t{\"@context\":\"https:\\\/\\\/schema.org\",\"@graph\":[{\"@type\":\"Article\",\"@id\":\"https:\\\/\\\/eldigitaldeasturias.com\\\/magazine365\\\/la-diputacion-de-castellon-inaugura-la-torre-de-la-preso-y-el-forn-de-dalt-de-benassal\\\/#article\",\"name\":\"La Diputaci\\u00f3n de Castell\\u00f3n inaugura la Torre de la Pres\\u00f3 y el Forn de Dalt de Benassal | El Digital de Asturias\",\"headline\":\"La Diputaci\\u00f3n de Castell\\u00f3n inaugura la Torre de la Pres\\u00f3 y el Forn de Dalt de Benassal\",\"author\":{\"@id\":\"https:\\\/\\\/eldigitaldeasturias.com\\\/magazine365\\\/author\\\/admin\\\/#author\"},\"publisher\":{\"@id\":\"https:\\\/\\\/eldigitaldeasturias.com\\\/magazine365\\\/#organization\"},\"image\":{\"@type\":\"ImageObject\",\"url\":\"https:\\\/\\\/eldigitaldeasturias.com\\\/magazine365\\\/wp-content\\\/uploads\\\/2015\\\/12\\\/fotonoticia_20151228103032_800.jpg\",\"width\":800,\"height\":514},\"datePublished\":\"2015-12-28T16:36:18+01:00\",\"dateModified\":\"2015-12-28T16:36:18+01:00\",\"inLanguage\":\"es-ES\",\"mainEntityOfPage\":{\"@id\":\"https:\\\/\\\/eldigitaldeasturias.com\\\/magazine365\\\/la-diputacion-de-castellon-inaugura-la-torre-de-la-preso-y-el-forn-de-dalt-de-benassal\\\/#webpage\"},\"isPartOf\":{\"@id\":\"https:\\\/\\\/eldigitaldeasturias.com\\\/magazine365\\\/la-diputacion-de-castellon-inaugura-la-torre-de-la-preso-y-el-forn-de-dalt-de-benassal\\\/#webpage\"},\"articleSection\":\"Noticias y Actualidad\"},{\"@type\":\"BreadcrumbList\",\"@id\":\"https:\\\/\\\/eldigitaldeasturias.com\\\/magazine365\\\/la-diputacion-de-castellon-inaugura-la-torre-de-la-preso-y-el-forn-de-dalt-de-benassal\\\/#breadcrumblist\",\"itemListElement\":[{\"@type\":\"ListItem\",\"@id\":\"https:\\\/\\\/eldigitaldeasturias.com\\\/magazine365#listItem\",\"position\":1,\"name\":\"Home\",\"item\":\"https:\\\/\\\/eldigitaldeasturias.com\\\/magazine365\",\"nextItem\":{\"@type\":\"ListItem\",\"@id\":\"https:\\\/\\\/eldigitaldeasturias.com\\\/magazine365\\\/category\\\/noticias-actualidad\\\/#listItem\",\"name\":\"Noticias y Actualidad\"}},{\"@type\":\"ListItem\",\"@id\":\"https:\\\/\\\/eldigitaldeasturias.com\\\/magazine365\\\/category\\\/noticias-actualidad\\\/#listItem\",\"position\":2,\"name\":\"Noticias y Actualidad\",\"item\":\"https:\\\/\\\/eldigitaldeasturias.com\\\/magazine365\\\/category\\\/noticias-actualidad\\\/\",\"nextItem\":{\"@type\":\"ListItem\",\"@id\":\"https:\\\/\\\/eldigitaldeasturias.com\\\/magazine365\\\/la-diputacion-de-castellon-inaugura-la-torre-de-la-preso-y-el-forn-de-dalt-de-benassal\\\/#listItem\",\"name\":\"La Diputaci\\u00f3n de Castell\\u00f3n inaugura la Torre de la Pres\\u00f3 y el Forn de Dalt de Benassal\"},\"previousItem\":{\"@type\":\"ListItem\",\"@id\":\"https:\\\/\\\/eldigitaldeasturias.com\\\/magazine365#listItem\",\"name\":\"Home\"}},{\"@type\":\"ListItem\",\"@id\":\"https:\\\/\\\/eldigitaldeasturias.com\\\/magazine365\\\/la-diputacion-de-castellon-inaugura-la-torre-de-la-preso-y-el-forn-de-dalt-de-benassal\\\/#listItem\",\"position\":3,\"name\":\"La Diputaci\\u00f3n de Castell\\u00f3n inaugura la Torre de la Pres\\u00f3 y el Forn de Dalt de Benassal\",\"previousItem\":{\"@type\":\"ListItem\",\"@id\":\"https:\\\/\\\/eldigitaldeasturias.com\\\/magazine365\\\/category\\\/noticias-actualidad\\\/#listItem\",\"name\":\"Noticias y Actualidad\"}}]},{\"@type\":\"Organization\",\"@id\":\"https:\\\/\\\/eldigitaldeasturias.com\\\/magazine365\\\/#organization\",\"name\":\"El digital de Asturias\",\"description\":\"Revista de ocio, turismo y estilo de vida\",\"url\":\"https:\\\/\\\/eldigitaldeasturias.com\\\/magazine365\\\/\",\"logo\":{\"@type\":\"ImageObject\",\"url\":\"https:\\\/\\\/www.eldigitaldeasturias.com\\\/noticias\\\/wp-content\\\/uploads\\\/2020\\\/12\\\/EDA.jpg\",\"@id\":\"https:\\\/\\\/eldigitaldeasturias.com\\\/magazine365\\\/la-diputacion-de-castellon-inaugura-la-torre-de-la-preso-y-el-forn-de-dalt-de-benassal\\\/#organizationLogo\"},\"image\":{\"@id\":\"https:\\\/\\\/eldigitaldeasturias.com\\\/magazine365\\\/la-diputacion-de-castellon-inaugura-la-torre-de-la-preso-y-el-forn-de-dalt-de-benassal\\\/#organizationLogo\"}},{\"@type\":\"Person\",\"@id\":\"https:\\\/\\\/eldigitaldeasturias.com\\\/magazine365\\\/author\\\/admin\\\/#author\",\"url\":\"https:\\\/\\\/eldigitaldeasturias.com\\\/magazine365\\\/author\\\/admin\\\/\",\"name\":\"admin\",\"image\":{\"@type\":\"ImageObject\",\"@id\":\"https:\\\/\\\/eldigitaldeasturias.com\\\/magazine365\\\/la-diputacion-de-castellon-inaugura-la-torre-de-la-preso-y-el-forn-de-dalt-de-benassal\\\/#authorImage\",\"url\":\"https:\\\/\\\/eldigitaldeasturias.com\\\/magazine365\\\/wp-content\\\/litespeed\\\/avatar\\\/e571bcf59a0edd6fa6838245a470f2fe.jpg?ver=1777574230\",\"width\":96,\"height\":96,\"caption\":\"admin\"}},{\"@type\":\"WebPage\",\"@id\":\"https:\\\/\\\/eldigitaldeasturias.com\\\/magazine365\\\/la-diputacion-de-castellon-inaugura-la-torre-de-la-preso-y-el-forn-de-dalt-de-benassal\\\/#webpage\",\"url\":\"https:\\\/\\\/eldigitaldeasturias.com\\\/magazine365\\\/la-diputacion-de-castellon-inaugura-la-torre-de-la-preso-y-el-forn-de-dalt-de-benassal\\\/\",\"name\":\"La Diputaci\\u00f3n de Castell\\u00f3n inaugura la Torre de la Pres\\u00f3 y el Forn de Dalt de Benassal | El Digital de Asturias\",\"description\":\"La Diputaci\\u00f3n de Castell\\u00f3n ha inaugurado este s\\u00e1bado por la tarde la Torre de la Pres\\u00f3 y el Forn de Dalt de Benassal, \\\"dos espacios emblem\\u00e1ticos del pueblo\\\", a los que se ha destinado una inversi\\u00f3n de 350.000 euros con el objetivo de \\\"impulsar el turismo cultural y poner en valor la historia del municipio\\\",\",\"inLanguage\":\"es-ES\",\"isPartOf\":{\"@id\":\"https:\\\/\\\/eldigitaldeasturias.com\\\/magazine365\\\/#website\"},\"breadcrumb\":{\"@id\":\"https:\\\/\\\/eldigitaldeasturias.com\\\/magazine365\\\/la-diputacion-de-castellon-inaugura-la-torre-de-la-preso-y-el-forn-de-dalt-de-benassal\\\/#breadcrumblist\"},\"author\":{\"@id\":\"https:\\\/\\\/eldigitaldeasturias.com\\\/magazine365\\\/author\\\/admin\\\/#author\"},\"creator\":{\"@id\":\"https:\\\/\\\/eldigitaldeasturias.com\\\/magazine365\\\/author\\\/admin\\\/#author\"},\"image\":{\"@type\":\"ImageObject\",\"url\":\"https:\\\/\\\/eldigitaldeasturias.com\\\/magazine365\\\/wp-content\\\/uploads\\\/2015\\\/12\\\/fotonoticia_20151228103032_800.jpg\",\"@id\":\"https:\\\/\\\/eldigitaldeasturias.com\\\/magazine365\\\/la-diputacion-de-castellon-inaugura-la-torre-de-la-preso-y-el-forn-de-dalt-de-benassal\\\/#mainImage\",\"width\":800,\"height\":514},\"primaryImageOfPage\":{\"@id\":\"https:\\\/\\\/eldigitaldeasturias.com\\\/magazine365\\\/la-diputacion-de-castellon-inaugura-la-torre-de-la-preso-y-el-forn-de-dalt-de-benassal\\\/#mainImage\"},\"datePublished\":\"2015-12-28T16:36:18+01:00\",\"dateModified\":\"2015-12-28T16:36:18+01:00\"},{\"@type\":\"WebSite\",\"@id\":\"https:\\\/\\\/eldigitaldeasturias.com\\\/magazine365\\\/#website\",\"url\":\"https:\\\/\\\/eldigitaldeasturias.com\\\/magazine365\\\/\",\"name\":\"El Digital de Asturias\",\"description\":\"Revista de ocio, turismo y estilo de vida\",\"inLanguage\":\"es-ES\",\"publisher\":{\"@id\":\"https:\\\/\\\/eldigitaldeasturias.com\\\/magazine365\\\/#organization\"}}]}\n\t\t<\/script>\n\t\t<!-- All in One SEO Pro -->\r\n\t\t<title>La Diputaci\u00f3n de Castell\u00f3n inaugura la Torre de la Pres\u00f3 y el Forn de Dalt de Benassal | El Digital de Asturias<\/title>\n\n","aioseo_head_json":{"title":"La Diputaci\u00f3n de Castell\u00f3n inaugura la Torre de la Pres\u00f3 y el Forn de Dalt de Benassal | El Digital de Asturias","description":"La Diputaci\u00f3n de Castell\u00f3n ha inaugurado este s\u00e1bado por la tarde la Torre de la Pres\u00f3 y el Forn de Dalt de Benassal, \"dos espacios emblem\u00e1ticos del pueblo\", a los que se ha destinado una inversi\u00f3n de 350.000 euros con el objetivo de \"impulsar el turismo cultural y poner en valor la historia del municipio\",","canonical_url":"https:\/\/eldigitaldeasturias.com\/magazine365\/la-diputacion-de-castellon-inaugura-la-torre-de-la-preso-y-el-forn-de-dalt-de-benassal\/","robots":"max-image-preview:large","keywords":"noticias y actualidad","webmasterTools":{"google-site-verification":"UA-38556648-1","miscellaneous":""},"schema":{"@context":"https:\/\/schema.org","@graph":[{"@type":"Article","@id":"https:\/\/eldigitaldeasturias.com\/magazine365\/la-diputacion-de-castellon-inaugura-la-torre-de-la-preso-y-el-forn-de-dalt-de-benassal\/#article","name":"La Diputaci\u00f3n de Castell\u00f3n inaugura la Torre de la Pres\u00f3 y el Forn de Dalt de Benassal | El Digital de Asturias","headline":"La Diputaci\u00f3n de Castell\u00f3n inaugura la Torre de la Pres\u00f3 y el Forn de Dalt de Benassal","author":{"@id":"https:\/\/eldigitaldeasturias.com\/magazine365\/author\/admin\/#author"},"publisher":{"@id":"https:\/\/eldigitaldeasturias.com\/magazine365\/#organization"},"image":{"@type":"ImageObject","url":"https:\/\/eldigitaldeasturias.com\/magazine365\/wp-content\/uploads\/2015\/12\/fotonoticia_20151228103032_800.jpg","width":800,"height":514},"datePublished":"2015-12-28T16:36:18+01:00","dateModified":"2015-12-28T16:36:18+01:00","inLanguage":"es-ES","mainEntityOfPage":{"@id":"https:\/\/eldigitaldeasturias.com\/magazine365\/la-diputacion-de-castellon-inaugura-la-torre-de-la-preso-y-el-forn-de-dalt-de-benassal\/#webpage"},"isPartOf":{"@id":"https:\/\/eldigitaldeasturias.com\/magazine365\/la-diputacion-de-castellon-inaugura-la-torre-de-la-preso-y-el-forn-de-dalt-de-benassal\/#webpage"},"articleSection":"Noticias y Actualidad"},{"@type":"BreadcrumbList","@id":"https:\/\/eldigitaldeasturias.com\/magazine365\/la-diputacion-de-castellon-inaugura-la-torre-de-la-preso-y-el-forn-de-dalt-de-benassal\/#breadcrumblist","itemListElement":[{"@type":"ListItem","@id":"https:\/\/eldigitaldeasturias.com\/magazine365#listItem","position":1,"name":"Home","item":"https:\/\/eldigitaldeasturias.com\/magazine365","nextItem":{"@type":"ListItem","@id":"https:\/\/eldigitaldeasturias.com\/magazine365\/category\/noticias-actualidad\/#listItem","name":"Noticias y Actualidad"}},{"@type":"ListItem","@id":"https:\/\/eldigitaldeasturias.com\/magazine365\/category\/noticias-actualidad\/#listItem","position":2,"name":"Noticias y Actualidad","item":"https:\/\/eldigitaldeasturias.com\/magazine365\/category\/noticias-actualidad\/","nextItem":{"@type":"ListItem","@id":"https:\/\/eldigitaldeasturias.com\/magazine365\/la-diputacion-de-castellon-inaugura-la-torre-de-la-preso-y-el-forn-de-dalt-de-benassal\/#listItem","name":"La Diputaci\u00f3n de Castell\u00f3n inaugura la Torre de la Pres\u00f3 y el Forn de Dalt de Benassal"},"previousItem":{"@type":"ListItem","@id":"https:\/\/eldigitaldeasturias.com\/magazine365#listItem","name":"Home"}},{"@type":"ListItem","@id":"https:\/\/eldigitaldeasturias.com\/magazine365\/la-diputacion-de-castellon-inaugura-la-torre-de-la-preso-y-el-forn-de-dalt-de-benassal\/#listItem","position":3,"name":"La Diputaci\u00f3n de Castell\u00f3n inaugura la Torre de la Pres\u00f3 y el Forn de Dalt de Benassal","previousItem":{"@type":"ListItem","@id":"https:\/\/eldigitaldeasturias.com\/magazine365\/category\/noticias-actualidad\/#listItem","name":"Noticias y Actualidad"}}]},{"@type":"Organization","@id":"https:\/\/eldigitaldeasturias.com\/magazine365\/#organization","name":"El digital de Asturias","description":"Revista de ocio, turismo y estilo de vida","url":"https:\/\/eldigitaldeasturias.com\/magazine365\/","logo":{"@type":"ImageObject","url":"https:\/\/www.eldigitaldeasturias.com\/noticias\/wp-content\/uploads\/2020\/12\/EDA.jpg","@id":"https:\/\/eldigitaldeasturias.com\/magazine365\/la-diputacion-de-castellon-inaugura-la-torre-de-la-preso-y-el-forn-de-dalt-de-benassal\/#organizationLogo"},"image":{"@id":"https:\/\/eldigitaldeasturias.com\/magazine365\/la-diputacion-de-castellon-inaugura-la-torre-de-la-preso-y-el-forn-de-dalt-de-benassal\/#organizationLogo"}},{"@type":"Person","@id":"https:\/\/eldigitaldeasturias.com\/magazine365\/author\/admin\/#author","url":"https:\/\/eldigitaldeasturias.com\/magazine365\/author\/admin\/","name":"admin","image":{"@type":"ImageObject","@id":"https:\/\/eldigitaldeasturias.com\/magazine365\/la-diputacion-de-castellon-inaugura-la-torre-de-la-preso-y-el-forn-de-dalt-de-benassal\/#authorImage","url":"https:\/\/eldigitaldeasturias.com\/magazine365\/wp-content\/litespeed\/avatar\/e571bcf59a0edd6fa6838245a470f2fe.jpg?ver=1777574230","width":96,"height":96,"caption":"admin"}},{"@type":"WebPage","@id":"https:\/\/eldigitaldeasturias.com\/magazine365\/la-diputacion-de-castellon-inaugura-la-torre-de-la-preso-y-el-forn-de-dalt-de-benassal\/#webpage","url":"https:\/\/eldigitaldeasturias.com\/magazine365\/la-diputacion-de-castellon-inaugura-la-torre-de-la-preso-y-el-forn-de-dalt-de-benassal\/","name":"La Diputaci\u00f3n de Castell\u00f3n inaugura la Torre de la Pres\u00f3 y el Forn de Dalt de Benassal | El Digital de Asturias","description":"La Diputaci\u00f3n de Castell\u00f3n ha inaugurado este s\u00e1bado por la tarde la Torre de la Pres\u00f3 y el Forn de Dalt de Benassal, \"dos espacios emblem\u00e1ticos del pueblo\", a los que se ha destinado una inversi\u00f3n de 350.000 euros con el objetivo de \"impulsar el turismo cultural y poner en valor la historia del municipio\",","inLanguage":"es-ES","isPartOf":{"@id":"https:\/\/eldigitaldeasturias.com\/magazine365\/#website"},"breadcrumb":{"@id":"https:\/\/eldigitaldeasturias.com\/magazine365\/la-diputacion-de-castellon-inaugura-la-torre-de-la-preso-y-el-forn-de-dalt-de-benassal\/#breadcrumblist"},"author":{"@id":"https:\/\/eldigitaldeasturias.com\/magazine365\/author\/admin\/#author"},"creator":{"@id":"https:\/\/eldigitaldeasturias.com\/magazine365\/author\/admin\/#author"},"image":{"@type":"ImageObject","url":"https:\/\/eldigitaldeasturias.com\/magazine365\/wp-content\/uploads\/2015\/12\/fotonoticia_20151228103032_800.jpg","@id":"https:\/\/eldigitaldeasturias.com\/magazine365\/la-diputacion-de-castellon-inaugura-la-torre-de-la-preso-y-el-forn-de-dalt-de-benassal\/#mainImage","width":800,"height":514},"primaryImageOfPage":{"@id":"https:\/\/eldigitaldeasturias.com\/magazine365\/la-diputacion-de-castellon-inaugura-la-torre-de-la-preso-y-el-forn-de-dalt-de-benassal\/#mainImage"},"datePublished":"2015-12-28T16:36:18+01:00","dateModified":"2015-12-28T16:36:18+01:00"},{"@type":"WebSite","@id":"https:\/\/eldigitaldeasturias.com\/magazine365\/#website","url":"https:\/\/eldigitaldeasturias.com\/magazine365\/","name":"El Digital de Asturias","description":"Revista de ocio, turismo y estilo de vida","inLanguage":"es-ES","publisher":{"@id":"https:\/\/eldigitaldeasturias.com\/magazine365\/#organization"}}]},"og:locale":"es_ES","og:site_name":"El Digital de Asturias \u2013 Revista de ocio, turismo y estilo de vida","og:type":"article","og:title":"La Diputaci\u00f3n de Castell\u00f3n inaugura la Torre de la Pres\u00f3 y el Forn de Dalt de Benassal | El Digital de Asturias","og:description":"La Diputaci\u00f3n de Castell\u00f3n ha inaugurado este s\u00e1bado por la tarde la Torre de la Pres\u00f3 y el Forn de Dalt de Benassal, &quot;dos espacios emblem\u00e1ticos del pueblo&quot;, a los que se ha destinado una inversi\u00f3n de 350.000 euros con el objetivo de &quot;impulsar el turismo cultural y poner en valor la historia del municipio&quot;,","og:url":"https:\/\/eldigitaldeasturias.com\/magazine365\/la-diputacion-de-castellon-inaugura-la-torre-de-la-preso-y-el-forn-de-dalt-de-benassal\/","og:image":"https:\/\/eldigitaldeasturias.com\/magazine365\/wp-content\/uploads\/2015\/12\/fotonoticia_20151228103032_800.jpg","og:image:secure_url":"https:\/\/eldigitaldeasturias.com\/magazine365\/wp-content\/uploads\/2015\/12\/fotonoticia_20151228103032_800.jpg","og:image:width":800,"og:image:height":514,"article:published_time":"2015-12-28T15:36:18+00:00","article:modified_time":"2015-12-28T15:36:18+00:00","twitter:card":"summary_large_image","twitter:title":"La Diputaci\u00f3n de Castell\u00f3n inaugura la Torre de la Pres\u00f3 y el Forn de Dalt de Benassal | El Digital de Asturias","twitter:description":"La Diputaci\u00f3n de Castell\u00f3n ha inaugurado este s\u00e1bado por la tarde la Torre de la Pres\u00f3 y el Forn de Dalt de Benassal, &quot;dos espacios emblem\u00e1ticos del pueblo&quot;, a los que se ha destinado una inversi\u00f3n de 350.000 euros con el objetivo de &quot;impulsar el turismo cultural y poner en valor la historia del municipio&quot;,","twitter:image":"https:\/\/eldigitaldeasturias.com\/magazine365\/wp-content\/uploads\/2015\/12\/fotonoticia_20151228103032_800.jpg"},"aioseo_meta_data":{"post_id":"59327","title":null,"description":null,"keywords":null,"keyphrases":null,"primary_term":null,"canonical_url":null,"og_title":null,"og_description":null,"og_object_type":"default","og_image_type":"default","og_image_url":null,"og_image_width":null,"og_image_height":null,"og_image_custom_url":null,"og_image_custom_fields":null,"og_video":null,"og_custom_url":null,"og_article_section":null,"og_article_tags":null,"twitter_use_og":false,"twitter_card":"default","twitter_image_type":"default","twitter_image_url":null,"twitter_image_custom_url":null,"twitter_image_custom_fields":null,"twitter_title":null,"twitter_description":null,"schema":{"blockGraphs":[],"customGraphs":[],"default":{"data":{"Article":[],"Course":[],"Dataset":[],"FAQPage":[],"Movie":[],"Person":[],"Product":[],"ProductReview":[],"Car":[],"Recipe":[],"Service":[],"SoftwareApplication":[],"WebPage":[]},"graphName":"","isEnabled":true},"graphs":[],"defaultGraph":"","defaultPostTypeGraph":""},"schema_type":null,"schema_type_options":null,"pillar_content":false,"robots_default":true,"robots_noindex":false,"robots_noarchive":false,"robots_nosnippet":false,"robots_nofollow":false,"robots_noimageindex":false,"robots_noodp":false,"robots_notranslate":false,"robots_max_snippet":null,"robots_max_videopreview":null,"robots_max_imagepreview":"large","priority":null,"frequency":null,"location":null,"local_seo":null,"seo_analyzer_scan_date":"2025-09-25 04:44:19","breadcrumb_settings":null,"limit_modified_date":false,"open_ai":null,"ai":null,"created":"2021-03-08 22:16:56","updated":"2025-09-25 04:44:19"},"aioseo_breadcrumb":"<div class=\"aioseo-breadcrumbs\"><span class=\"aioseo-breadcrumb\">\n\t<a href=\"https:\/\/eldigitaldeasturias.com\/magazine365\" title=\"Home\">Home<\/a>\n<\/span><span class=\"aioseo-breadcrumb-separator\">\u2013<\/span><span class=\"aioseo-breadcrumb\">\n\t<a href=\"https:\/\/eldigitaldeasturias.com\/magazine365\/category\/noticias-actualidad\/\" title=\"Noticias y Actualidad\">Noticias y Actualidad<\/a>\n<\/span><span class=\"aioseo-breadcrumb-separator\">\u2013<\/span><span class=\"aioseo-breadcrumb\">\n\t<a href=\"https:\/\/eldigitaldeasturias.com\/magazine365\/la-diputacion-de-castellon-inaugura-la-torre-de-la-preso-y-el-forn-de-dalt-de-benassal\/\" title=\"La Diputaci\u00f3n de Castell\u00f3n inaugura la Torre de la Pres\u00f3 y el Forn de Dalt de Benassal\">La Diputaci\u00f3n de Castell\u00f3n inaugura la Torre de la Pres\u00f3 y el Forn de Dalt de Benassal<\/a>\n<\/span><\/div>","aioseo_breadcrumb_json":[{"label":"Home","link":"https:\/\/eldigitaldeasturias.com\/magazine365"},{"label":"Noticias y Actualidad","link":"https:\/\/eldigitaldeasturias.com\/magazine365\/category\/noticias-actualidad\/"},{"label":"La Diputaci\u00f3n de Castell\u00f3n inaugura la Torre de la Pres\u00f3 y el Forn de Dalt de Benassal","link":"https:\/\/eldigitaldeasturias.com\/magazine365\/la-diputacion-de-castellon-inaugura-la-torre-de-la-preso-y-el-forn-de-dalt-de-benassal\/"}],"_links":{"self":[{"href":"https:\/\/eldigitaldeasturias.com\/magazine365\/wp-json\/wp\/v2\/posts\/59327","targetHints":{"allow":["GET"]}}],"collection":[{"href":"https:\/\/eldigitaldeasturias.com\/magazine365\/wp-json\/wp\/v2\/posts"}],"about":[{"href":"https:\/\/eldigitaldeasturias.com\/magazine365\/wp-json\/wp\/v2\/types\/post"}],"author":[{"embeddable":true,"href":"https:\/\/eldigitaldeasturias.com\/magazine365\/wp-json\/wp\/v2\/users\/1"}],"replies":[{"embeddable":true,"href":"https:\/\/eldigitaldeasturias.com\/magazine365\/wp-json\/wp\/v2\/comments?post=59327"}],"version-history":[{"count":0,"href":"https:\/\/eldigitaldeasturias.com\/magazine365\/wp-json\/wp\/v2\/posts\/59327\/revisions"}],"wp:featuredmedia":[{"embeddable":true,"href":"https:\/\/eldigitaldeasturias.com\/magazine365\/wp-json\/wp\/v2\/media\/59328"}],"wp:attachment":[{"href":"https:\/\/eldigitaldeasturias.com\/magazine365\/wp-json\/wp\/v2\/media?parent=59327"}],"wp:term":[{"taxonomy":"category","embeddable":true,"href":"https:\/\/eldigitaldeasturias.com\/magazine365\/wp-json\/wp\/v2\/categories?post=59327"},{"taxonomy":"post_tag","embeddable":true,"href":"https:\/\/eldigitaldeasturias.com\/magazine365\/wp-json\/wp\/v2\/tags?post=59327"}],"curies":[{"name":"wp","href":"https:\/\/api.w.org\/{rel}","templated":true}]}}