{"id":59318,"date":"2015-12-28T16:32:34","date_gmt":"2015-12-28T15:32:34","guid":{"rendered":"http:\/\/eldigitaldeasturias.com\/magazine365\/?p=59318"},"modified":"2015-12-28T16:32:34","modified_gmt":"2015-12-28T15:32:34","slug":"la-xunta-participo-en-mas-de-30-ferias-sectoriales-a-lo-largo-de-2015","status":"publish","type":"post","link":"https:\/\/eldigitaldeasturias.com\/magazine365\/la-xunta-participo-en-mas-de-30-ferias-sectoriales-a-lo-largo-de-2015\/","title":{"rendered":"La Xunta particip\u00f3 en m\u00e1s de 30 ferias sectoriales a lo largo de 2015"},"content":{"rendered":"<p><img fetchpriority=\"high\" decoding=\"async\" class=\"alignleft size-medium wp-image-59319\" src=\"https:\/\/eldigitaldeasturias.com\/magazine365\/wp-content\/uploads\/2015\/12\/fotonoticia_20151228102747_800-360x240.jpg\" alt=\"fotonoticia_20151228102747_800\" width=\"360\" height=\"240\" srcset=\"https:\/\/eldigitaldeasturias.com\/magazine365\/wp-content\/uploads\/2015\/12\/fotonoticia_20151228102747_800-360x240.jpg 360w, https:\/\/eldigitaldeasturias.com\/magazine365\/wp-content\/uploads\/2015\/12\/fotonoticia_20151228102747_800-650x433.jpg 650w, https:\/\/eldigitaldeasturias.com\/magazine365\/wp-content\/uploads\/2015\/12\/fotonoticia_20151228102747_800-768x512.jpg 768w, https:\/\/eldigitaldeasturias.com\/magazine365\/wp-content\/uploads\/2015\/12\/fotonoticia_20151228102747_800-150x100.jpg 150w, https:\/\/eldigitaldeasturias.com\/magazine365\/wp-content\/uploads\/2015\/12\/fotonoticia_20151228102747_800-450x300.jpg 450w, https:\/\/eldigitaldeasturias.com\/magazine365\/wp-content\/uploads\/2015\/12\/fotonoticia_20151228102747_800-696x464.jpg 696w, https:\/\/eldigitaldeasturias.com\/magazine365\/wp-content\/uploads\/2015\/12\/fotonoticia_20151228102747_800-630x420.jpg 630w, https:\/\/eldigitaldeasturias.com\/magazine365\/wp-content\/uploads\/2015\/12\/fotonoticia_20151228102747_800-101x66.jpg 101w, https:\/\/eldigitaldeasturias.com\/magazine365\/wp-content\/uploads\/2015\/12\/fotonoticia_20151228102747_800.jpg 800w\" sizes=\"(max-width: 360px) 100vw, 360px\" \/>El destino Galicia fue promovido por Turismo de Galicia este a\u00f1o en un total de 31 ferias sectoriales, cuatro m\u00e1s que en 2014. Del total, los servicios y productos tur\u00edsticos gallegos se pudieron ver en 21 cert\u00e1menes internacionales y diez nacionales.<\/p>\n<p>De ello ha informado el departamento que dirige Nava Castro en un comunicado, en el que ha destacado que Galicia estuvo presente en los \u00abprincipales\u00bb eventos tur\u00edsticos \u00abdel mundo\u00bb como la Feria Internacional del Turismo de Madrid (FITUR); la Internationale Turismus B\u00f6rse (ITB), de Berl\u00edn; o la World Travel Market (WTM)), de Londres.<\/p>\n<p>Adem\u00e1s, este a\u00f1o, para la promoci\u00f3n espec\u00edfica de los productos gallegos m\u00e1s singulares, Turismo de Galicia particip\u00f3 en 12 cert\u00e1menes especializados con el objetivo de difundir y apoyar su comercializaci\u00f3n.<\/p>\n<p><strong>CITAS ESPEC\u00cdFICAS<\/strong><\/p>\n<p>De este modo, en relaci\u00f3n al Camino de Santiago, el departamento auton\u00f3mico, adem\u00e1s de promover la ruta en todas las citas tur\u00edsticas, particip\u00f3 en la ferias espec\u00edficas Koin\u00e9, de Vicenza-Italia; International Christian Resources Exhibition, de Londres; y Sacroexpo, celebrada en Kielce-Polonia.<\/p>\n<p>En el \u00e1mbito de los productos tur\u00edsticos, el turismo de salud se promovi\u00f3 en los cert\u00e1menes Thermalies, de Par\u00eds; y Termatalia, en Ourense.<\/p>\n<p>En cuanto al turismo n\u00e1utico, la Xunta instal\u00f3 recintos de promoci\u00f3n en el Grand pavois, de La Rochelle, Francia; y en el Sal\u00f3n n\u00e1utico de Par\u00eds. Por su parte, el golf se promovi\u00f3 de forma espec\u00edfica en el certamen Madrid golf.<\/p>\n<p>Adem\u00e1s, la ornitolog\u00eda, un de los productos tur\u00edsticos emergentes en la Comunidad gallega, tuvo tambi\u00e9n una promoci\u00f3n espec\u00edfica en la feria FIO, celebrada Monfrag\u00fce, Extremadura.<\/p>\n<p>Por \u00faltimo, para promover el cicloturismo, el senderismo y la bicicleta de monta\u00f1a, Turismo de Galicia particip\u00f3 en Fiets en Wandelbeurs, celebrado en Ambres-B\u00e9lxica; y Unibike, que tuvo lugar en Madrid.<\/p>\n","protected":false},"excerpt":{"rendered":"<p>El destino Galicia fue promovido por Turismo de Galicia este a\u00f1o en un total de 31 ferias sectoriales, cuatro m\u00e1s que en 2014. Del total, los servicios y productos tur\u00edsticos gallegos se pudieron ver en 21 cert\u00e1menes internacionales y diez nacionales. De ello ha informado el departamento que dirige Nava Castro en un comunicado, en<\/p>\n","protected":false},"author":1,"featured_media":59319,"comment_status":"open","ping_status":"closed","sticky":false,"template":"","format":"standard","meta":{"footnotes":""},"categories":[224],"tags":[],"class_list":{"0":"post-59318","1":"post","2":"type-post","3":"status-publish","4":"format-standard","5":"has-post-thumbnail","7":"category-noticias-actualidad"},"aioseo_notices":[],"aioseo_head":"\n\t\t<!-- All in One SEO Pro 4.9.6.1 - aioseo.com -->\n\t<meta name=\"description\" content=\"El destino Galicia fue promovido por Turismo de Galicia este a\u00f1o en un total de 31 ferias sectoriales, cuatro m\u00e1s que en 2014. Del total, los servicios y productos tur\u00edsticos gallegos se pudieron ver en 21 cert\u00e1menes internacionales y diez nacionales. De ello ha informado el departamento que dirige Nava Castro en un comunicado, en\" \/>\n\t<meta name=\"robots\" content=\"max-image-preview:large\" \/>\n\t<meta name=\"author\" content=\"admin\"\/>\n\t<meta name=\"google-site-verification\" content=\"UA-38556648-1\" \/>\n\t<meta name=\"keywords\" content=\"noticias y actualidad\" \/>\n\t<link rel=\"canonical\" href=\"https:\/\/eldigitaldeasturias.com\/magazine365\/la-xunta-participo-en-mas-de-30-ferias-sectoriales-a-lo-largo-de-2015\/\" \/>\n\t<meta name=\"generator\" content=\"All in One SEO Pro (AIOSEO) 4.9.6.1\" \/>\n\t\t<meta property=\"og:locale\" content=\"es_ES\" \/>\n\t\t<meta property=\"og:site_name\" content=\"El Digital de Asturias \u2013 Revista de ocio, turismo y estilo de vida\" \/>\n\t\t<meta property=\"og:type\" content=\"article\" \/>\n\t\t<meta property=\"og:title\" content=\"La Xunta particip\u00f3 en m\u00e1s de 30 ferias sectoriales a lo largo de 2015 | El Digital de Asturias\" \/>\n\t\t<meta property=\"og:description\" content=\"El destino Galicia fue promovido por Turismo de Galicia este a\u00f1o en un total de 31 ferias sectoriales, cuatro m\u00e1s que en 2014. Del total, los servicios y productos tur\u00edsticos gallegos se pudieron ver en 21 cert\u00e1menes internacionales y diez nacionales. De ello ha informado el departamento que dirige Nava Castro en un comunicado, en\" \/>\n\t\t<meta property=\"og:url\" content=\"https:\/\/eldigitaldeasturias.com\/magazine365\/la-xunta-participo-en-mas-de-30-ferias-sectoriales-a-lo-largo-de-2015\/\" \/>\n\t\t<meta property=\"og:image\" content=\"https:\/\/eldigitaldeasturias.com\/magazine365\/wp-content\/uploads\/2015\/12\/fotonoticia_20151228102747_800.jpg\" \/>\n\t\t<meta property=\"og:image:secure_url\" content=\"https:\/\/eldigitaldeasturias.com\/magazine365\/wp-content\/uploads\/2015\/12\/fotonoticia_20151228102747_800.jpg\" \/>\n\t\t<meta property=\"og:image:width\" content=\"800\" \/>\n\t\t<meta property=\"og:image:height\" content=\"533\" \/>\n\t\t<meta property=\"article:published_time\" content=\"2015-12-28T15:32:34+00:00\" \/>\n\t\t<meta property=\"article:modified_time\" content=\"2015-12-28T15:32:34+00:00\" \/>\n\t\t<meta name=\"twitter:card\" content=\"summary_large_image\" \/>\n\t\t<meta name=\"twitter:title\" content=\"La Xunta particip\u00f3 en m\u00e1s de 30 ferias sectoriales a lo largo de 2015 | El Digital de Asturias\" \/>\n\t\t<meta name=\"twitter:description\" content=\"El destino Galicia fue promovido por Turismo de Galicia este a\u00f1o en un total de 31 ferias sectoriales, cuatro m\u00e1s que en 2014. Del total, los servicios y productos tur\u00edsticos gallegos se pudieron ver en 21 cert\u00e1menes internacionales y diez nacionales. De ello ha informado el departamento que dirige Nava Castro en un comunicado, en\" \/>\n\t\t<meta name=\"twitter:image\" content=\"https:\/\/eldigitaldeasturias.com\/magazine365\/wp-content\/uploads\/2015\/12\/fotonoticia_20151228102747_800.jpg\" \/>\n\t\t<script type=\"application\/ld+json\" class=\"aioseo-schema\">\n\t\t\t{\"@context\":\"https:\\\/\\\/schema.org\",\"@graph\":[{\"@type\":\"Article\",\"@id\":\"https:\\\/\\\/eldigitaldeasturias.com\\\/magazine365\\\/la-xunta-participo-en-mas-de-30-ferias-sectoriales-a-lo-largo-de-2015\\\/#article\",\"name\":\"La Xunta particip\\u00f3 en m\\u00e1s de 30 ferias sectoriales a lo largo de 2015 | El Digital de Asturias\",\"headline\":\"La Xunta particip\\u00f3 en m\\u00e1s de 30 ferias sectoriales a lo largo de 2015\",\"author\":{\"@id\":\"https:\\\/\\\/eldigitaldeasturias.com\\\/magazine365\\\/author\\\/admin\\\/#author\"},\"publisher\":{\"@id\":\"https:\\\/\\\/eldigitaldeasturias.com\\\/magazine365\\\/#organization\"},\"image\":{\"@type\":\"ImageObject\",\"url\":\"https:\\\/\\\/eldigitaldeasturias.com\\\/magazine365\\\/wp-content\\\/uploads\\\/2015\\\/12\\\/fotonoticia_20151228102747_800.jpg\",\"width\":800,\"height\":533},\"datePublished\":\"2015-12-28T16:32:34+01:00\",\"dateModified\":\"2015-12-28T16:32:34+01:00\",\"inLanguage\":\"es-ES\",\"mainEntityOfPage\":{\"@id\":\"https:\\\/\\\/eldigitaldeasturias.com\\\/magazine365\\\/la-xunta-participo-en-mas-de-30-ferias-sectoriales-a-lo-largo-de-2015\\\/#webpage\"},\"isPartOf\":{\"@id\":\"https:\\\/\\\/eldigitaldeasturias.com\\\/magazine365\\\/la-xunta-participo-en-mas-de-30-ferias-sectoriales-a-lo-largo-de-2015\\\/#webpage\"},\"articleSection\":\"Noticias y Actualidad\"},{\"@type\":\"BreadcrumbList\",\"@id\":\"https:\\\/\\\/eldigitaldeasturias.com\\\/magazine365\\\/la-xunta-participo-en-mas-de-30-ferias-sectoriales-a-lo-largo-de-2015\\\/#breadcrumblist\",\"itemListElement\":[{\"@type\":\"ListItem\",\"@id\":\"https:\\\/\\\/eldigitaldeasturias.com\\\/magazine365#listItem\",\"position\":1,\"name\":\"Home\",\"item\":\"https:\\\/\\\/eldigitaldeasturias.com\\\/magazine365\",\"nextItem\":{\"@type\":\"ListItem\",\"@id\":\"https:\\\/\\\/eldigitaldeasturias.com\\\/magazine365\\\/category\\\/noticias-actualidad\\\/#listItem\",\"name\":\"Noticias y Actualidad\"}},{\"@type\":\"ListItem\",\"@id\":\"https:\\\/\\\/eldigitaldeasturias.com\\\/magazine365\\\/category\\\/noticias-actualidad\\\/#listItem\",\"position\":2,\"name\":\"Noticias y Actualidad\",\"item\":\"https:\\\/\\\/eldigitaldeasturias.com\\\/magazine365\\\/category\\\/noticias-actualidad\\\/\",\"nextItem\":{\"@type\":\"ListItem\",\"@id\":\"https:\\\/\\\/eldigitaldeasturias.com\\\/magazine365\\\/la-xunta-participo-en-mas-de-30-ferias-sectoriales-a-lo-largo-de-2015\\\/#listItem\",\"name\":\"La Xunta particip\\u00f3 en m\\u00e1s de 30 ferias sectoriales a lo largo de 2015\"},\"previousItem\":{\"@type\":\"ListItem\",\"@id\":\"https:\\\/\\\/eldigitaldeasturias.com\\\/magazine365#listItem\",\"name\":\"Home\"}},{\"@type\":\"ListItem\",\"@id\":\"https:\\\/\\\/eldigitaldeasturias.com\\\/magazine365\\\/la-xunta-participo-en-mas-de-30-ferias-sectoriales-a-lo-largo-de-2015\\\/#listItem\",\"position\":3,\"name\":\"La Xunta particip\\u00f3 en m\\u00e1s de 30 ferias sectoriales a lo largo de 2015\",\"previousItem\":{\"@type\":\"ListItem\",\"@id\":\"https:\\\/\\\/eldigitaldeasturias.com\\\/magazine365\\\/category\\\/noticias-actualidad\\\/#listItem\",\"name\":\"Noticias y Actualidad\"}}]},{\"@type\":\"Organization\",\"@id\":\"https:\\\/\\\/eldigitaldeasturias.com\\\/magazine365\\\/#organization\",\"name\":\"El digital de Asturias\",\"description\":\"Revista de ocio, turismo y estilo de vida\",\"url\":\"https:\\\/\\\/eldigitaldeasturias.com\\\/magazine365\\\/\",\"logo\":{\"@type\":\"ImageObject\",\"url\":\"https:\\\/\\\/www.eldigitaldeasturias.com\\\/noticias\\\/wp-content\\\/uploads\\\/2020\\\/12\\\/EDA.jpg\",\"@id\":\"https:\\\/\\\/eldigitaldeasturias.com\\\/magazine365\\\/la-xunta-participo-en-mas-de-30-ferias-sectoriales-a-lo-largo-de-2015\\\/#organizationLogo\"},\"image\":{\"@id\":\"https:\\\/\\\/eldigitaldeasturias.com\\\/magazine365\\\/la-xunta-participo-en-mas-de-30-ferias-sectoriales-a-lo-largo-de-2015\\\/#organizationLogo\"}},{\"@type\":\"Person\",\"@id\":\"https:\\\/\\\/eldigitaldeasturias.com\\\/magazine365\\\/author\\\/admin\\\/#author\",\"url\":\"https:\\\/\\\/eldigitaldeasturias.com\\\/magazine365\\\/author\\\/admin\\\/\",\"name\":\"admin\",\"image\":{\"@type\":\"ImageObject\",\"@id\":\"https:\\\/\\\/eldigitaldeasturias.com\\\/magazine365\\\/la-xunta-participo-en-mas-de-30-ferias-sectoriales-a-lo-largo-de-2015\\\/#authorImage\",\"url\":\"https:\\\/\\\/eldigitaldeasturias.com\\\/magazine365\\\/wp-content\\\/litespeed\\\/avatar\\\/e571bcf59a0edd6fa6838245a470f2fe.jpg?ver=1777574230\",\"width\":96,\"height\":96,\"caption\":\"admin\"}},{\"@type\":\"WebPage\",\"@id\":\"https:\\\/\\\/eldigitaldeasturias.com\\\/magazine365\\\/la-xunta-participo-en-mas-de-30-ferias-sectoriales-a-lo-largo-de-2015\\\/#webpage\",\"url\":\"https:\\\/\\\/eldigitaldeasturias.com\\\/magazine365\\\/la-xunta-participo-en-mas-de-30-ferias-sectoriales-a-lo-largo-de-2015\\\/\",\"name\":\"La Xunta particip\\u00f3 en m\\u00e1s de 30 ferias sectoriales a lo largo de 2015 | El Digital de Asturias\",\"description\":\"El destino Galicia fue promovido por Turismo de Galicia este a\\u00f1o en un total de 31 ferias sectoriales, cuatro m\\u00e1s que en 2014. Del total, los servicios y productos tur\\u00edsticos gallegos se pudieron ver en 21 cert\\u00e1menes internacionales y diez nacionales. De ello ha informado el departamento que dirige Nava Castro en un comunicado, en\",\"inLanguage\":\"es-ES\",\"isPartOf\":{\"@id\":\"https:\\\/\\\/eldigitaldeasturias.com\\\/magazine365\\\/#website\"},\"breadcrumb\":{\"@id\":\"https:\\\/\\\/eldigitaldeasturias.com\\\/magazine365\\\/la-xunta-participo-en-mas-de-30-ferias-sectoriales-a-lo-largo-de-2015\\\/#breadcrumblist\"},\"author\":{\"@id\":\"https:\\\/\\\/eldigitaldeasturias.com\\\/magazine365\\\/author\\\/admin\\\/#author\"},\"creator\":{\"@id\":\"https:\\\/\\\/eldigitaldeasturias.com\\\/magazine365\\\/author\\\/admin\\\/#author\"},\"image\":{\"@type\":\"ImageObject\",\"url\":\"https:\\\/\\\/eldigitaldeasturias.com\\\/magazine365\\\/wp-content\\\/uploads\\\/2015\\\/12\\\/fotonoticia_20151228102747_800.jpg\",\"@id\":\"https:\\\/\\\/eldigitaldeasturias.com\\\/magazine365\\\/la-xunta-participo-en-mas-de-30-ferias-sectoriales-a-lo-largo-de-2015\\\/#mainImage\",\"width\":800,\"height\":533},\"primaryImageOfPage\":{\"@id\":\"https:\\\/\\\/eldigitaldeasturias.com\\\/magazine365\\\/la-xunta-participo-en-mas-de-30-ferias-sectoriales-a-lo-largo-de-2015\\\/#mainImage\"},\"datePublished\":\"2015-12-28T16:32:34+01:00\",\"dateModified\":\"2015-12-28T16:32:34+01:00\"},{\"@type\":\"WebSite\",\"@id\":\"https:\\\/\\\/eldigitaldeasturias.com\\\/magazine365\\\/#website\",\"url\":\"https:\\\/\\\/eldigitaldeasturias.com\\\/magazine365\\\/\",\"name\":\"El Digital de Asturias\",\"description\":\"Revista de ocio, turismo y estilo de vida\",\"inLanguage\":\"es-ES\",\"publisher\":{\"@id\":\"https:\\\/\\\/eldigitaldeasturias.com\\\/magazine365\\\/#organization\"}}]}\n\t\t<\/script>\n\t\t<!-- All in One SEO Pro -->\r\n\t\t<title>La Xunta particip\u00f3 en m\u00e1s de 30 ferias sectoriales a lo largo de 2015 | El Digital de Asturias<\/title>\n\n","aioseo_head_json":{"title":"La Xunta particip\u00f3 en m\u00e1s de 30 ferias sectoriales a lo largo de 2015 | El Digital de Asturias","description":"El destino Galicia fue promovido por Turismo de Galicia este a\u00f1o en un total de 31 ferias sectoriales, cuatro m\u00e1s que en 2014. Del total, los servicios y productos tur\u00edsticos gallegos se pudieron ver en 21 cert\u00e1menes internacionales y diez nacionales. De ello ha informado el departamento que dirige Nava Castro en un comunicado, en","canonical_url":"https:\/\/eldigitaldeasturias.com\/magazine365\/la-xunta-participo-en-mas-de-30-ferias-sectoriales-a-lo-largo-de-2015\/","robots":"max-image-preview:large","keywords":"noticias y actualidad","webmasterTools":{"google-site-verification":"UA-38556648-1","miscellaneous":""},"schema":{"@context":"https:\/\/schema.org","@graph":[{"@type":"Article","@id":"https:\/\/eldigitaldeasturias.com\/magazine365\/la-xunta-participo-en-mas-de-30-ferias-sectoriales-a-lo-largo-de-2015\/#article","name":"La Xunta particip\u00f3 en m\u00e1s de 30 ferias sectoriales a lo largo de 2015 | El Digital de Asturias","headline":"La Xunta particip\u00f3 en m\u00e1s de 30 ferias sectoriales a lo largo de 2015","author":{"@id":"https:\/\/eldigitaldeasturias.com\/magazine365\/author\/admin\/#author"},"publisher":{"@id":"https:\/\/eldigitaldeasturias.com\/magazine365\/#organization"},"image":{"@type":"ImageObject","url":"https:\/\/eldigitaldeasturias.com\/magazine365\/wp-content\/uploads\/2015\/12\/fotonoticia_20151228102747_800.jpg","width":800,"height":533},"datePublished":"2015-12-28T16:32:34+01:00","dateModified":"2015-12-28T16:32:34+01:00","inLanguage":"es-ES","mainEntityOfPage":{"@id":"https:\/\/eldigitaldeasturias.com\/magazine365\/la-xunta-participo-en-mas-de-30-ferias-sectoriales-a-lo-largo-de-2015\/#webpage"},"isPartOf":{"@id":"https:\/\/eldigitaldeasturias.com\/magazine365\/la-xunta-participo-en-mas-de-30-ferias-sectoriales-a-lo-largo-de-2015\/#webpage"},"articleSection":"Noticias y Actualidad"},{"@type":"BreadcrumbList","@id":"https:\/\/eldigitaldeasturias.com\/magazine365\/la-xunta-participo-en-mas-de-30-ferias-sectoriales-a-lo-largo-de-2015\/#breadcrumblist","itemListElement":[{"@type":"ListItem","@id":"https:\/\/eldigitaldeasturias.com\/magazine365#listItem","position":1,"name":"Home","item":"https:\/\/eldigitaldeasturias.com\/magazine365","nextItem":{"@type":"ListItem","@id":"https:\/\/eldigitaldeasturias.com\/magazine365\/category\/noticias-actualidad\/#listItem","name":"Noticias y Actualidad"}},{"@type":"ListItem","@id":"https:\/\/eldigitaldeasturias.com\/magazine365\/category\/noticias-actualidad\/#listItem","position":2,"name":"Noticias y Actualidad","item":"https:\/\/eldigitaldeasturias.com\/magazine365\/category\/noticias-actualidad\/","nextItem":{"@type":"ListItem","@id":"https:\/\/eldigitaldeasturias.com\/magazine365\/la-xunta-participo-en-mas-de-30-ferias-sectoriales-a-lo-largo-de-2015\/#listItem","name":"La Xunta particip\u00f3 en m\u00e1s de 30 ferias sectoriales a lo largo de 2015"},"previousItem":{"@type":"ListItem","@id":"https:\/\/eldigitaldeasturias.com\/magazine365#listItem","name":"Home"}},{"@type":"ListItem","@id":"https:\/\/eldigitaldeasturias.com\/magazine365\/la-xunta-participo-en-mas-de-30-ferias-sectoriales-a-lo-largo-de-2015\/#listItem","position":3,"name":"La Xunta particip\u00f3 en m\u00e1s de 30 ferias sectoriales a lo largo de 2015","previousItem":{"@type":"ListItem","@id":"https:\/\/eldigitaldeasturias.com\/magazine365\/category\/noticias-actualidad\/#listItem","name":"Noticias y Actualidad"}}]},{"@type":"Organization","@id":"https:\/\/eldigitaldeasturias.com\/magazine365\/#organization","name":"El digital de Asturias","description":"Revista de ocio, turismo y estilo de vida","url":"https:\/\/eldigitaldeasturias.com\/magazine365\/","logo":{"@type":"ImageObject","url":"https:\/\/www.eldigitaldeasturias.com\/noticias\/wp-content\/uploads\/2020\/12\/EDA.jpg","@id":"https:\/\/eldigitaldeasturias.com\/magazine365\/la-xunta-participo-en-mas-de-30-ferias-sectoriales-a-lo-largo-de-2015\/#organizationLogo"},"image":{"@id":"https:\/\/eldigitaldeasturias.com\/magazine365\/la-xunta-participo-en-mas-de-30-ferias-sectoriales-a-lo-largo-de-2015\/#organizationLogo"}},{"@type":"Person","@id":"https:\/\/eldigitaldeasturias.com\/magazine365\/author\/admin\/#author","url":"https:\/\/eldigitaldeasturias.com\/magazine365\/author\/admin\/","name":"admin","image":{"@type":"ImageObject","@id":"https:\/\/eldigitaldeasturias.com\/magazine365\/la-xunta-participo-en-mas-de-30-ferias-sectoriales-a-lo-largo-de-2015\/#authorImage","url":"https:\/\/eldigitaldeasturias.com\/magazine365\/wp-content\/litespeed\/avatar\/e571bcf59a0edd6fa6838245a470f2fe.jpg?ver=1777574230","width":96,"height":96,"caption":"admin"}},{"@type":"WebPage","@id":"https:\/\/eldigitaldeasturias.com\/magazine365\/la-xunta-participo-en-mas-de-30-ferias-sectoriales-a-lo-largo-de-2015\/#webpage","url":"https:\/\/eldigitaldeasturias.com\/magazine365\/la-xunta-participo-en-mas-de-30-ferias-sectoriales-a-lo-largo-de-2015\/","name":"La Xunta particip\u00f3 en m\u00e1s de 30 ferias sectoriales a lo largo de 2015 | El Digital de Asturias","description":"El destino Galicia fue promovido por Turismo de Galicia este a\u00f1o en un total de 31 ferias sectoriales, cuatro m\u00e1s que en 2014. Del total, los servicios y productos tur\u00edsticos gallegos se pudieron ver en 21 cert\u00e1menes internacionales y diez nacionales. De ello ha informado el departamento que dirige Nava Castro en un comunicado, en","inLanguage":"es-ES","isPartOf":{"@id":"https:\/\/eldigitaldeasturias.com\/magazine365\/#website"},"breadcrumb":{"@id":"https:\/\/eldigitaldeasturias.com\/magazine365\/la-xunta-participo-en-mas-de-30-ferias-sectoriales-a-lo-largo-de-2015\/#breadcrumblist"},"author":{"@id":"https:\/\/eldigitaldeasturias.com\/magazine365\/author\/admin\/#author"},"creator":{"@id":"https:\/\/eldigitaldeasturias.com\/magazine365\/author\/admin\/#author"},"image":{"@type":"ImageObject","url":"https:\/\/eldigitaldeasturias.com\/magazine365\/wp-content\/uploads\/2015\/12\/fotonoticia_20151228102747_800.jpg","@id":"https:\/\/eldigitaldeasturias.com\/magazine365\/la-xunta-participo-en-mas-de-30-ferias-sectoriales-a-lo-largo-de-2015\/#mainImage","width":800,"height":533},"primaryImageOfPage":{"@id":"https:\/\/eldigitaldeasturias.com\/magazine365\/la-xunta-participo-en-mas-de-30-ferias-sectoriales-a-lo-largo-de-2015\/#mainImage"},"datePublished":"2015-12-28T16:32:34+01:00","dateModified":"2015-12-28T16:32:34+01:00"},{"@type":"WebSite","@id":"https:\/\/eldigitaldeasturias.com\/magazine365\/#website","url":"https:\/\/eldigitaldeasturias.com\/magazine365\/","name":"El Digital de Asturias","description":"Revista de ocio, turismo y estilo de vida","inLanguage":"es-ES","publisher":{"@id":"https:\/\/eldigitaldeasturias.com\/magazine365\/#organization"}}]},"og:locale":"es_ES","og:site_name":"El Digital de Asturias \u2013 Revista de ocio, turismo y estilo de vida","og:type":"article","og:title":"La Xunta particip\u00f3 en m\u00e1s de 30 ferias sectoriales a lo largo de 2015 | El Digital de Asturias","og:description":"El destino Galicia fue promovido por Turismo de Galicia este a\u00f1o en un total de 31 ferias sectoriales, cuatro m\u00e1s que en 2014. Del total, los servicios y productos tur\u00edsticos gallegos se pudieron ver en 21 cert\u00e1menes internacionales y diez nacionales. De ello ha informado el departamento que dirige Nava Castro en un comunicado, en","og:url":"https:\/\/eldigitaldeasturias.com\/magazine365\/la-xunta-participo-en-mas-de-30-ferias-sectoriales-a-lo-largo-de-2015\/","og:image":"https:\/\/eldigitaldeasturias.com\/magazine365\/wp-content\/uploads\/2015\/12\/fotonoticia_20151228102747_800.jpg","og:image:secure_url":"https:\/\/eldigitaldeasturias.com\/magazine365\/wp-content\/uploads\/2015\/12\/fotonoticia_20151228102747_800.jpg","og:image:width":800,"og:image:height":533,"article:published_time":"2015-12-28T15:32:34+00:00","article:modified_time":"2015-12-28T15:32:34+00:00","twitter:card":"summary_large_image","twitter:title":"La Xunta particip\u00f3 en m\u00e1s de 30 ferias sectoriales a lo largo de 2015 | El Digital de Asturias","twitter:description":"El destino Galicia fue promovido por Turismo de Galicia este a\u00f1o en un total de 31 ferias sectoriales, cuatro m\u00e1s que en 2014. Del total, los servicios y productos tur\u00edsticos gallegos se pudieron ver en 21 cert\u00e1menes internacionales y diez nacionales. De ello ha informado el departamento que dirige Nava Castro en un comunicado, en","twitter:image":"https:\/\/eldigitaldeasturias.com\/magazine365\/wp-content\/uploads\/2015\/12\/fotonoticia_20151228102747_800.jpg"},"aioseo_meta_data":{"post_id":"59318","title":null,"description":null,"keywords":null,"keyphrases":null,"primary_term":null,"canonical_url":null,"og_title":null,"og_description":null,"og_object_type":"default","og_image_type":"default","og_image_url":null,"og_image_width":null,"og_image_height":null,"og_image_custom_url":null,"og_image_custom_fields":null,"og_video":null,"og_custom_url":null,"og_article_section":null,"og_article_tags":null,"twitter_use_og":false,"twitter_card":"default","twitter_image_type":"default","twitter_image_url":null,"twitter_image_custom_url":null,"twitter_image_custom_fields":null,"twitter_title":null,"twitter_description":null,"schema":{"blockGraphs":[],"customGraphs":[],"default":{"data":{"Article":[],"Course":[],"Dataset":[],"FAQPage":[],"Movie":[],"Person":[],"Product":[],"ProductReview":[],"Car":[],"Recipe":[],"Service":[],"SoftwareApplication":[],"WebPage":[]},"graphName":"","isEnabled":true},"graphs":[],"defaultGraph":"","defaultPostTypeGraph":""},"schema_type":null,"schema_type_options":null,"pillar_content":false,"robots_default":true,"robots_noindex":false,"robots_noarchive":false,"robots_nosnippet":false,"robots_nofollow":false,"robots_noimageindex":false,"robots_noodp":false,"robots_notranslate":false,"robots_max_snippet":null,"robots_max_videopreview":null,"robots_max_imagepreview":"large","priority":null,"frequency":null,"location":null,"local_seo":null,"seo_analyzer_scan_date":"2025-09-25 04:43:00","breadcrumb_settings":null,"limit_modified_date":false,"open_ai":null,"ai":null,"created":"2021-03-08 22:18:04","updated":"2025-09-25 04:43:00"},"aioseo_breadcrumb":"<div class=\"aioseo-breadcrumbs\"><span class=\"aioseo-breadcrumb\">\n\t<a href=\"https:\/\/eldigitaldeasturias.com\/magazine365\" title=\"Home\">Home<\/a>\n<\/span><span class=\"aioseo-breadcrumb-separator\">\u2013<\/span><span class=\"aioseo-breadcrumb\">\n\t<a href=\"https:\/\/eldigitaldeasturias.com\/magazine365\/category\/noticias-actualidad\/\" title=\"Noticias y Actualidad\">Noticias y Actualidad<\/a>\n<\/span><span class=\"aioseo-breadcrumb-separator\">\u2013<\/span><span class=\"aioseo-breadcrumb\">\n\t<a href=\"https:\/\/eldigitaldeasturias.com\/magazine365\/la-xunta-participo-en-mas-de-30-ferias-sectoriales-a-lo-largo-de-2015\/\" title=\"La Xunta particip\u00f3 en m\u00e1s de 30 ferias sectoriales a lo largo de 2015\">La Xunta particip\u00f3 en m\u00e1s de 30 ferias sectoriales a lo largo de 2015<\/a>\n<\/span><\/div>","aioseo_breadcrumb_json":[{"label":"Home","link":"https:\/\/eldigitaldeasturias.com\/magazine365"},{"label":"Noticias y Actualidad","link":"https:\/\/eldigitaldeasturias.com\/magazine365\/category\/noticias-actualidad\/"},{"label":"La Xunta particip\u00f3 en m\u00e1s de 30 ferias sectoriales a lo largo de 2015","link":"https:\/\/eldigitaldeasturias.com\/magazine365\/la-xunta-participo-en-mas-de-30-ferias-sectoriales-a-lo-largo-de-2015\/"}],"_links":{"self":[{"href":"https:\/\/eldigitaldeasturias.com\/magazine365\/wp-json\/wp\/v2\/posts\/59318","targetHints":{"allow":["GET"]}}],"collection":[{"href":"https:\/\/eldigitaldeasturias.com\/magazine365\/wp-json\/wp\/v2\/posts"}],"about":[{"href":"https:\/\/eldigitaldeasturias.com\/magazine365\/wp-json\/wp\/v2\/types\/post"}],"author":[{"embeddable":true,"href":"https:\/\/eldigitaldeasturias.com\/magazine365\/wp-json\/wp\/v2\/users\/1"}],"replies":[{"embeddable":true,"href":"https:\/\/eldigitaldeasturias.com\/magazine365\/wp-json\/wp\/v2\/comments?post=59318"}],"version-history":[{"count":0,"href":"https:\/\/eldigitaldeasturias.com\/magazine365\/wp-json\/wp\/v2\/posts\/59318\/revisions"}],"wp:featuredmedia":[{"embeddable":true,"href":"https:\/\/eldigitaldeasturias.com\/magazine365\/wp-json\/wp\/v2\/media\/59319"}],"wp:attachment":[{"href":"https:\/\/eldigitaldeasturias.com\/magazine365\/wp-json\/wp\/v2\/media?parent=59318"}],"wp:term":[{"taxonomy":"category","embeddable":true,"href":"https:\/\/eldigitaldeasturias.com\/magazine365\/wp-json\/wp\/v2\/categories?post=59318"},{"taxonomy":"post_tag","embeddable":true,"href":"https:\/\/eldigitaldeasturias.com\/magazine365\/wp-json\/wp\/v2\/tags?post=59318"}],"curies":[{"name":"wp","href":"https:\/\/api.w.org\/{rel}","templated":true}]}}