{"id":59306,"date":"2015-12-28T15:43:53","date_gmt":"2015-12-28T14:43:53","guid":{"rendered":"http:\/\/eldigitaldeasturias.com\/magazine365\/?p=59306"},"modified":"2015-12-28T15:43:53","modified_gmt":"2015-12-28T14:43:53","slug":"las-casas-rurales-de-asturias-se-preparan-para-el-fin-de-ano","status":"publish","type":"post","link":"https:\/\/eldigitaldeasturias.com\/magazine365\/las-casas-rurales-de-asturias-se-preparan-para-el-fin-de-ano\/","title":{"rendered":"Las casas rurales de Asturias se preparan para el \u201cfin de a\u00f1o\u201d"},"content":{"rendered":"<p><img fetchpriority=\"high\" decoding=\"async\" class=\"alignleft size-medium wp-image-59307\" src=\"https:\/\/eldigitaldeasturias.com\/magazine365\/wp-content\/uploads\/2015\/12\/fotonoticia_20151228113416_800-360x234.jpg\" alt=\"fotonoticia_20151228113416_800\" width=\"360\" height=\"234\" srcset=\"https:\/\/eldigitaldeasturias.com\/magazine365\/wp-content\/uploads\/2015\/12\/fotonoticia_20151228113416_800-360x234.jpg 360w, https:\/\/eldigitaldeasturias.com\/magazine365\/wp-content\/uploads\/2015\/12\/fotonoticia_20151228113416_800-650x422.jpg 650w, https:\/\/eldigitaldeasturias.com\/magazine365\/wp-content\/uploads\/2015\/12\/fotonoticia_20151228113416_800-768x498.jpg 768w, https:\/\/eldigitaldeasturias.com\/magazine365\/wp-content\/uploads\/2015\/12\/fotonoticia_20151228113416_800-150x97.jpg 150w, https:\/\/eldigitaldeasturias.com\/magazine365\/wp-content\/uploads\/2015\/12\/fotonoticia_20151228113416_800-450x292.jpg 450w, https:\/\/eldigitaldeasturias.com\/magazine365\/wp-content\/uploads\/2015\/12\/fotonoticia_20151228113416_800-696x452.jpg 696w, https:\/\/eldigitaldeasturias.com\/magazine365\/wp-content\/uploads\/2015\/12\/fotonoticia_20151228113416_800-647x420.jpg 647w, https:\/\/eldigitaldeasturias.com\/magazine365\/wp-content\/uploads\/2015\/12\/fotonoticia_20151228113416_800-225x145.jpg 225w, https:\/\/eldigitaldeasturias.com\/magazine365\/wp-content\/uploads\/2015\/12\/fotonoticia_20151228113416_800-121x79.jpg 121w, https:\/\/eldigitaldeasturias.com\/magazine365\/wp-content\/uploads\/2015\/12\/fotonoticia_20151228113416_800-101x66.jpg 101w, https:\/\/eldigitaldeasturias.com\/magazine365\/wp-content\/uploads\/2015\/12\/fotonoticia_20151228113416_800-326x213.jpg 326w, https:\/\/eldigitaldeasturias.com\/magazine365\/wp-content\/uploads\/2015\/12\/fotonoticia_20151228113416_800.jpg 800w\" sizes=\"(max-width: 360px) 100vw, 360px\" \/>La ocupaci\u00f3n en turismo rural alcanza en Asturias el 38 por ciento para Fin de A\u00f1o, una de las m\u00e1s bajas del pa\u00eds, seg\u00fan los datos analizados por Escapadarural.com, en base a un total de 5.992 calendarios de reserva.<\/p>\n<p>En concreto para la noche del 31 el n\u00famero de plazas alquiladas es del 46 por ciento, para el primer d\u00eda del a\u00f1o es del 42% y para el 2 de enero del 27%, seg\u00fan se informa en una nota de prensa.<\/p>\n<p>En el conjunto del pa\u00eds, los alojamientos rurales alcanzan una ocupaci\u00f3n media del 73% para la \u00faltima noche del a\u00f1o superando los datos de 2014.<\/p>\n<p>No obstante, si se tienen en cuenta las noches del 1 y del 2 de enero esa cifra desciende hasta el 65%.<\/p>\n<p>Por autonom\u00edas, Catalu\u00f1a, con el 82% de sus casas rurales con el cartel de completo, figura como el destino m\u00e1s demandado. Le siguen Comunidad Valenciana (81%), Navarra (78%), Arag\u00f3n (73%) y Castilla-La Mancha (67%).<\/p>\n<p>En el lado opuesto, Extremadura (45%), Asturias (38%) y Cantabria (38%) presentan los \u00edndices m\u00e1s bajos de ocupaci\u00f3n.<\/p>\n<p>Por provincias, Barcelona roza el lleno total con el 88% de sus casas rurales reservadas. La segunda posici\u00f3n la ostenta Castell\u00f3n (85%) seguida de Girona (84%), Valencia (83%), Segovia (79%) y Navarra (78%). Al otro lado de la tabla, Ourense (44%), C\u00e1ceres (42%), Baleares (42%), Asturias (38%) y Cantabria (38%) registran las menores ocupaciones.<\/p>\n<p>M\u00c1S DEL 53% DE VIAJEROS CON MENOS DE 20 A\u00d1OS<\/p>\n<p>En cuanto, al perfil del viajero, el 53,8% de los usuarios son menos de 20 a\u00f1os, mientras que el 35,8% tiene entre 20 y 30 a\u00f1os.<\/p>\n<p>Por CC.AA., son los valencianos los que m\u00e1s se escapan en Nochevieja (34,5%), datos que coinciden con la segunda posici\u00f3n en la ocupaci\u00f3n para este 2015, seguidos por los asturianos (29,9%), los murcianos (28,5%) y los extreme\u00f1os (28,3%).<\/p>\n<p>En cuanto a las actividades, los alojamientos que cuentan con actividades recreativas son los m\u00e1s buscados (70%), as\u00ed como aquellos que disponen de barbacoa (69%), chimenea (69%) y aquellos que permiten mascotas (69%).<\/p>\n","protected":false},"excerpt":{"rendered":"<p>La ocupaci\u00f3n en turismo rural alcanza en Asturias el 38 por ciento para Fin de A\u00f1o, una de las m\u00e1s bajas del pa\u00eds, seg\u00fan los datos analizados por Escapadarural.com, en base a un total de 5.992 calendarios de reserva. En concreto para la noche del 31 el n\u00famero de plazas alquiladas es del 46 por<\/p>\n","protected":false},"author":1,"featured_media":59307,"comment_status":"open","ping_status":"closed","sticky":false,"template":"","format":"standard","meta":{"footnotes":""},"categories":[224],"tags":[],"class_list":{"0":"post-59306","1":"post","2":"type-post","3":"status-publish","4":"format-standard","5":"has-post-thumbnail","7":"category-noticias-actualidad"},"aioseo_notices":[],"aioseo_head":"\n\t\t<!-- All in One SEO Pro 4.9.6.1 - aioseo.com -->\n\t<meta name=\"description\" content=\"La ocupaci\u00f3n en turismo rural alcanza en Asturias el 38 por ciento para Fin de A\u00f1o, una de las m\u00e1s bajas del pa\u00eds, seg\u00fan los datos analizados por Escapadarural.com, en base a un total de 5.992 calendarios de reserva. En concreto para la noche del 31 el n\u00famero de plazas alquiladas es del 46 por\" \/>\n\t<meta name=\"robots\" content=\"max-image-preview:large\" \/>\n\t<meta name=\"author\" content=\"admin\"\/>\n\t<meta name=\"google-site-verification\" content=\"UA-38556648-1\" \/>\n\t<meta name=\"keywords\" content=\"noticias y actualidad\" \/>\n\t<link rel=\"canonical\" href=\"https:\/\/eldigitaldeasturias.com\/magazine365\/las-casas-rurales-de-asturias-se-preparan-para-el-fin-de-ano\/\" \/>\n\t<meta name=\"generator\" content=\"All in One SEO Pro (AIOSEO) 4.9.6.1\" \/>\n\t\t<meta property=\"og:locale\" content=\"es_ES\" \/>\n\t\t<meta property=\"og:site_name\" content=\"El Digital de Asturias \u2013 Revista de ocio, turismo y estilo de vida\" \/>\n\t\t<meta property=\"og:type\" content=\"article\" \/>\n\t\t<meta property=\"og:title\" content=\"Las casas rurales de Asturias se preparan para el \u201cfin de a\u00f1o\u201d | El Digital de Asturias\" \/>\n\t\t<meta property=\"og:description\" content=\"La ocupaci\u00f3n en turismo rural alcanza en Asturias el 38 por ciento para Fin de A\u00f1o, una de las m\u00e1s bajas del pa\u00eds, seg\u00fan los datos analizados por Escapadarural.com, en base a un total de 5.992 calendarios de reserva. En concreto para la noche del 31 el n\u00famero de plazas alquiladas es del 46 por\" \/>\n\t\t<meta property=\"og:url\" content=\"https:\/\/eldigitaldeasturias.com\/magazine365\/las-casas-rurales-de-asturias-se-preparan-para-el-fin-de-ano\/\" \/>\n\t\t<meta property=\"og:image\" content=\"https:\/\/eldigitaldeasturias.com\/magazine365\/wp-content\/uploads\/2015\/12\/fotonoticia_20151228113416_800.jpg\" \/>\n\t\t<meta property=\"og:image:secure_url\" content=\"https:\/\/eldigitaldeasturias.com\/magazine365\/wp-content\/uploads\/2015\/12\/fotonoticia_20151228113416_800.jpg\" \/>\n\t\t<meta property=\"og:image:width\" content=\"800\" \/>\n\t\t<meta property=\"og:image:height\" content=\"519\" \/>\n\t\t<meta property=\"article:published_time\" content=\"2015-12-28T14:43:53+00:00\" \/>\n\t\t<meta property=\"article:modified_time\" content=\"2015-12-28T14:43:53+00:00\" \/>\n\t\t<meta name=\"twitter:card\" content=\"summary_large_image\" \/>\n\t\t<meta name=\"twitter:title\" content=\"Las casas rurales de Asturias se preparan para el \u201cfin de a\u00f1o\u201d | El Digital de Asturias\" \/>\n\t\t<meta name=\"twitter:description\" content=\"La ocupaci\u00f3n en turismo rural alcanza en Asturias el 38 por ciento para Fin de A\u00f1o, una de las m\u00e1s bajas del pa\u00eds, seg\u00fan los datos analizados por Escapadarural.com, en base a un total de 5.992 calendarios de reserva. En concreto para la noche del 31 el n\u00famero de plazas alquiladas es del 46 por\" \/>\n\t\t<meta name=\"twitter:image\" content=\"https:\/\/eldigitaldeasturias.com\/magazine365\/wp-content\/uploads\/2015\/12\/fotonoticia_20151228113416_800.jpg\" \/>\n\t\t<script type=\"application\/ld+json\" class=\"aioseo-schema\">\n\t\t\t{\"@context\":\"https:\\\/\\\/schema.org\",\"@graph\":[{\"@type\":\"Article\",\"@id\":\"https:\\\/\\\/eldigitaldeasturias.com\\\/magazine365\\\/las-casas-rurales-de-asturias-se-preparan-para-el-fin-de-ano\\\/#article\",\"name\":\"Las casas rurales de Asturias se preparan para el \\u201cfin de a\\u00f1o\\u201d | El Digital de Asturias\",\"headline\":\"Las casas rurales de Asturias se preparan para el \\u201cfin de a\\u00f1o\\u201d\",\"author\":{\"@id\":\"https:\\\/\\\/eldigitaldeasturias.com\\\/magazine365\\\/author\\\/admin\\\/#author\"},\"publisher\":{\"@id\":\"https:\\\/\\\/eldigitaldeasturias.com\\\/magazine365\\\/#organization\"},\"image\":{\"@type\":\"ImageObject\",\"url\":\"https:\\\/\\\/eldigitaldeasturias.com\\\/magazine365\\\/wp-content\\\/uploads\\\/2015\\\/12\\\/fotonoticia_20151228113416_800.jpg\",\"width\":800,\"height\":519},\"datePublished\":\"2015-12-28T15:43:53+01:00\",\"dateModified\":\"2015-12-28T15:43:53+01:00\",\"inLanguage\":\"es-ES\",\"mainEntityOfPage\":{\"@id\":\"https:\\\/\\\/eldigitaldeasturias.com\\\/magazine365\\\/las-casas-rurales-de-asturias-se-preparan-para-el-fin-de-ano\\\/#webpage\"},\"isPartOf\":{\"@id\":\"https:\\\/\\\/eldigitaldeasturias.com\\\/magazine365\\\/las-casas-rurales-de-asturias-se-preparan-para-el-fin-de-ano\\\/#webpage\"},\"articleSection\":\"Noticias y Actualidad\"},{\"@type\":\"BreadcrumbList\",\"@id\":\"https:\\\/\\\/eldigitaldeasturias.com\\\/magazine365\\\/las-casas-rurales-de-asturias-se-preparan-para-el-fin-de-ano\\\/#breadcrumblist\",\"itemListElement\":[{\"@type\":\"ListItem\",\"@id\":\"https:\\\/\\\/eldigitaldeasturias.com\\\/magazine365#listItem\",\"position\":1,\"name\":\"Home\",\"item\":\"https:\\\/\\\/eldigitaldeasturias.com\\\/magazine365\",\"nextItem\":{\"@type\":\"ListItem\",\"@id\":\"https:\\\/\\\/eldigitaldeasturias.com\\\/magazine365\\\/category\\\/noticias-actualidad\\\/#listItem\",\"name\":\"Noticias y Actualidad\"}},{\"@type\":\"ListItem\",\"@id\":\"https:\\\/\\\/eldigitaldeasturias.com\\\/magazine365\\\/category\\\/noticias-actualidad\\\/#listItem\",\"position\":2,\"name\":\"Noticias y Actualidad\",\"item\":\"https:\\\/\\\/eldigitaldeasturias.com\\\/magazine365\\\/category\\\/noticias-actualidad\\\/\",\"nextItem\":{\"@type\":\"ListItem\",\"@id\":\"https:\\\/\\\/eldigitaldeasturias.com\\\/magazine365\\\/las-casas-rurales-de-asturias-se-preparan-para-el-fin-de-ano\\\/#listItem\",\"name\":\"Las casas rurales de Asturias se preparan para el \\u201cfin de a\\u00f1o\\u201d\"},\"previousItem\":{\"@type\":\"ListItem\",\"@id\":\"https:\\\/\\\/eldigitaldeasturias.com\\\/magazine365#listItem\",\"name\":\"Home\"}},{\"@type\":\"ListItem\",\"@id\":\"https:\\\/\\\/eldigitaldeasturias.com\\\/magazine365\\\/las-casas-rurales-de-asturias-se-preparan-para-el-fin-de-ano\\\/#listItem\",\"position\":3,\"name\":\"Las casas rurales de Asturias se preparan para el \\u201cfin de a\\u00f1o\\u201d\",\"previousItem\":{\"@type\":\"ListItem\",\"@id\":\"https:\\\/\\\/eldigitaldeasturias.com\\\/magazine365\\\/category\\\/noticias-actualidad\\\/#listItem\",\"name\":\"Noticias y Actualidad\"}}]},{\"@type\":\"Organization\",\"@id\":\"https:\\\/\\\/eldigitaldeasturias.com\\\/magazine365\\\/#organization\",\"name\":\"El digital de Asturias\",\"description\":\"Revista de ocio, turismo y estilo de vida\",\"url\":\"https:\\\/\\\/eldigitaldeasturias.com\\\/magazine365\\\/\",\"logo\":{\"@type\":\"ImageObject\",\"url\":\"https:\\\/\\\/www.eldigitaldeasturias.com\\\/noticias\\\/wp-content\\\/uploads\\\/2020\\\/12\\\/EDA.jpg\",\"@id\":\"https:\\\/\\\/eldigitaldeasturias.com\\\/magazine365\\\/las-casas-rurales-de-asturias-se-preparan-para-el-fin-de-ano\\\/#organizationLogo\"},\"image\":{\"@id\":\"https:\\\/\\\/eldigitaldeasturias.com\\\/magazine365\\\/las-casas-rurales-de-asturias-se-preparan-para-el-fin-de-ano\\\/#organizationLogo\"}},{\"@type\":\"Person\",\"@id\":\"https:\\\/\\\/eldigitaldeasturias.com\\\/magazine365\\\/author\\\/admin\\\/#author\",\"url\":\"https:\\\/\\\/eldigitaldeasturias.com\\\/magazine365\\\/author\\\/admin\\\/\",\"name\":\"admin\",\"image\":{\"@type\":\"ImageObject\",\"@id\":\"https:\\\/\\\/eldigitaldeasturias.com\\\/magazine365\\\/las-casas-rurales-de-asturias-se-preparan-para-el-fin-de-ano\\\/#authorImage\",\"url\":\"https:\\\/\\\/eldigitaldeasturias.com\\\/magazine365\\\/wp-content\\\/litespeed\\\/avatar\\\/e571bcf59a0edd6fa6838245a470f2fe.jpg?ver=1777574230\",\"width\":96,\"height\":96,\"caption\":\"admin\"}},{\"@type\":\"WebPage\",\"@id\":\"https:\\\/\\\/eldigitaldeasturias.com\\\/magazine365\\\/las-casas-rurales-de-asturias-se-preparan-para-el-fin-de-ano\\\/#webpage\",\"url\":\"https:\\\/\\\/eldigitaldeasturias.com\\\/magazine365\\\/las-casas-rurales-de-asturias-se-preparan-para-el-fin-de-ano\\\/\",\"name\":\"Las casas rurales de Asturias se preparan para el \\u201cfin de a\\u00f1o\\u201d | El Digital de Asturias\",\"description\":\"La ocupaci\\u00f3n en turismo rural alcanza en Asturias el 38 por ciento para Fin de A\\u00f1o, una de las m\\u00e1s bajas del pa\\u00eds, seg\\u00fan los datos analizados por Escapadarural.com, en base a un total de 5.992 calendarios de reserva. En concreto para la noche del 31 el n\\u00famero de plazas alquiladas es del 46 por\",\"inLanguage\":\"es-ES\",\"isPartOf\":{\"@id\":\"https:\\\/\\\/eldigitaldeasturias.com\\\/magazine365\\\/#website\"},\"breadcrumb\":{\"@id\":\"https:\\\/\\\/eldigitaldeasturias.com\\\/magazine365\\\/las-casas-rurales-de-asturias-se-preparan-para-el-fin-de-ano\\\/#breadcrumblist\"},\"author\":{\"@id\":\"https:\\\/\\\/eldigitaldeasturias.com\\\/magazine365\\\/author\\\/admin\\\/#author\"},\"creator\":{\"@id\":\"https:\\\/\\\/eldigitaldeasturias.com\\\/magazine365\\\/author\\\/admin\\\/#author\"},\"image\":{\"@type\":\"ImageObject\",\"url\":\"https:\\\/\\\/eldigitaldeasturias.com\\\/magazine365\\\/wp-content\\\/uploads\\\/2015\\\/12\\\/fotonoticia_20151228113416_800.jpg\",\"@id\":\"https:\\\/\\\/eldigitaldeasturias.com\\\/magazine365\\\/las-casas-rurales-de-asturias-se-preparan-para-el-fin-de-ano\\\/#mainImage\",\"width\":800,\"height\":519},\"primaryImageOfPage\":{\"@id\":\"https:\\\/\\\/eldigitaldeasturias.com\\\/magazine365\\\/las-casas-rurales-de-asturias-se-preparan-para-el-fin-de-ano\\\/#mainImage\"},\"datePublished\":\"2015-12-28T15:43:53+01:00\",\"dateModified\":\"2015-12-28T15:43:53+01:00\"},{\"@type\":\"WebSite\",\"@id\":\"https:\\\/\\\/eldigitaldeasturias.com\\\/magazine365\\\/#website\",\"url\":\"https:\\\/\\\/eldigitaldeasturias.com\\\/magazine365\\\/\",\"name\":\"El Digital de Asturias\",\"description\":\"Revista de ocio, turismo y estilo de vida\",\"inLanguage\":\"es-ES\",\"publisher\":{\"@id\":\"https:\\\/\\\/eldigitaldeasturias.com\\\/magazine365\\\/#organization\"}}]}\n\t\t<\/script>\n\t\t<!-- All in One SEO Pro -->\r\n\t\t<title>Las casas rurales de Asturias se preparan para el \u201cfin de a\u00f1o\u201d | El Digital de Asturias<\/title>\n\n","aioseo_head_json":{"title":"Las casas rurales de Asturias se preparan para el \u201cfin de a\u00f1o\u201d | El Digital de Asturias","description":"La ocupaci\u00f3n en turismo rural alcanza en Asturias el 38 por ciento para Fin de A\u00f1o, una de las m\u00e1s bajas del pa\u00eds, seg\u00fan los datos analizados por Escapadarural.com, en base a un total de 5.992 calendarios de reserva. En concreto para la noche del 31 el n\u00famero de plazas alquiladas es del 46 por","canonical_url":"https:\/\/eldigitaldeasturias.com\/magazine365\/las-casas-rurales-de-asturias-se-preparan-para-el-fin-de-ano\/","robots":"max-image-preview:large","keywords":"noticias y actualidad","webmasterTools":{"google-site-verification":"UA-38556648-1","miscellaneous":""},"schema":{"@context":"https:\/\/schema.org","@graph":[{"@type":"Article","@id":"https:\/\/eldigitaldeasturias.com\/magazine365\/las-casas-rurales-de-asturias-se-preparan-para-el-fin-de-ano\/#article","name":"Las casas rurales de Asturias se preparan para el \u201cfin de a\u00f1o\u201d | El Digital de Asturias","headline":"Las casas rurales de Asturias se preparan para el \u201cfin de a\u00f1o\u201d","author":{"@id":"https:\/\/eldigitaldeasturias.com\/magazine365\/author\/admin\/#author"},"publisher":{"@id":"https:\/\/eldigitaldeasturias.com\/magazine365\/#organization"},"image":{"@type":"ImageObject","url":"https:\/\/eldigitaldeasturias.com\/magazine365\/wp-content\/uploads\/2015\/12\/fotonoticia_20151228113416_800.jpg","width":800,"height":519},"datePublished":"2015-12-28T15:43:53+01:00","dateModified":"2015-12-28T15:43:53+01:00","inLanguage":"es-ES","mainEntityOfPage":{"@id":"https:\/\/eldigitaldeasturias.com\/magazine365\/las-casas-rurales-de-asturias-se-preparan-para-el-fin-de-ano\/#webpage"},"isPartOf":{"@id":"https:\/\/eldigitaldeasturias.com\/magazine365\/las-casas-rurales-de-asturias-se-preparan-para-el-fin-de-ano\/#webpage"},"articleSection":"Noticias y Actualidad"},{"@type":"BreadcrumbList","@id":"https:\/\/eldigitaldeasturias.com\/magazine365\/las-casas-rurales-de-asturias-se-preparan-para-el-fin-de-ano\/#breadcrumblist","itemListElement":[{"@type":"ListItem","@id":"https:\/\/eldigitaldeasturias.com\/magazine365#listItem","position":1,"name":"Home","item":"https:\/\/eldigitaldeasturias.com\/magazine365","nextItem":{"@type":"ListItem","@id":"https:\/\/eldigitaldeasturias.com\/magazine365\/category\/noticias-actualidad\/#listItem","name":"Noticias y Actualidad"}},{"@type":"ListItem","@id":"https:\/\/eldigitaldeasturias.com\/magazine365\/category\/noticias-actualidad\/#listItem","position":2,"name":"Noticias y Actualidad","item":"https:\/\/eldigitaldeasturias.com\/magazine365\/category\/noticias-actualidad\/","nextItem":{"@type":"ListItem","@id":"https:\/\/eldigitaldeasturias.com\/magazine365\/las-casas-rurales-de-asturias-se-preparan-para-el-fin-de-ano\/#listItem","name":"Las casas rurales de Asturias se preparan para el \u201cfin de a\u00f1o\u201d"},"previousItem":{"@type":"ListItem","@id":"https:\/\/eldigitaldeasturias.com\/magazine365#listItem","name":"Home"}},{"@type":"ListItem","@id":"https:\/\/eldigitaldeasturias.com\/magazine365\/las-casas-rurales-de-asturias-se-preparan-para-el-fin-de-ano\/#listItem","position":3,"name":"Las casas rurales de Asturias se preparan para el \u201cfin de a\u00f1o\u201d","previousItem":{"@type":"ListItem","@id":"https:\/\/eldigitaldeasturias.com\/magazine365\/category\/noticias-actualidad\/#listItem","name":"Noticias y Actualidad"}}]},{"@type":"Organization","@id":"https:\/\/eldigitaldeasturias.com\/magazine365\/#organization","name":"El digital de Asturias","description":"Revista de ocio, turismo y estilo de vida","url":"https:\/\/eldigitaldeasturias.com\/magazine365\/","logo":{"@type":"ImageObject","url":"https:\/\/www.eldigitaldeasturias.com\/noticias\/wp-content\/uploads\/2020\/12\/EDA.jpg","@id":"https:\/\/eldigitaldeasturias.com\/magazine365\/las-casas-rurales-de-asturias-se-preparan-para-el-fin-de-ano\/#organizationLogo"},"image":{"@id":"https:\/\/eldigitaldeasturias.com\/magazine365\/las-casas-rurales-de-asturias-se-preparan-para-el-fin-de-ano\/#organizationLogo"}},{"@type":"Person","@id":"https:\/\/eldigitaldeasturias.com\/magazine365\/author\/admin\/#author","url":"https:\/\/eldigitaldeasturias.com\/magazine365\/author\/admin\/","name":"admin","image":{"@type":"ImageObject","@id":"https:\/\/eldigitaldeasturias.com\/magazine365\/las-casas-rurales-de-asturias-se-preparan-para-el-fin-de-ano\/#authorImage","url":"https:\/\/eldigitaldeasturias.com\/magazine365\/wp-content\/litespeed\/avatar\/e571bcf59a0edd6fa6838245a470f2fe.jpg?ver=1777574230","width":96,"height":96,"caption":"admin"}},{"@type":"WebPage","@id":"https:\/\/eldigitaldeasturias.com\/magazine365\/las-casas-rurales-de-asturias-se-preparan-para-el-fin-de-ano\/#webpage","url":"https:\/\/eldigitaldeasturias.com\/magazine365\/las-casas-rurales-de-asturias-se-preparan-para-el-fin-de-ano\/","name":"Las casas rurales de Asturias se preparan para el \u201cfin de a\u00f1o\u201d | El Digital de Asturias","description":"La ocupaci\u00f3n en turismo rural alcanza en Asturias el 38 por ciento para Fin de A\u00f1o, una de las m\u00e1s bajas del pa\u00eds, seg\u00fan los datos analizados por Escapadarural.com, en base a un total de 5.992 calendarios de reserva. En concreto para la noche del 31 el n\u00famero de plazas alquiladas es del 46 por","inLanguage":"es-ES","isPartOf":{"@id":"https:\/\/eldigitaldeasturias.com\/magazine365\/#website"},"breadcrumb":{"@id":"https:\/\/eldigitaldeasturias.com\/magazine365\/las-casas-rurales-de-asturias-se-preparan-para-el-fin-de-ano\/#breadcrumblist"},"author":{"@id":"https:\/\/eldigitaldeasturias.com\/magazine365\/author\/admin\/#author"},"creator":{"@id":"https:\/\/eldigitaldeasturias.com\/magazine365\/author\/admin\/#author"},"image":{"@type":"ImageObject","url":"https:\/\/eldigitaldeasturias.com\/magazine365\/wp-content\/uploads\/2015\/12\/fotonoticia_20151228113416_800.jpg","@id":"https:\/\/eldigitaldeasturias.com\/magazine365\/las-casas-rurales-de-asturias-se-preparan-para-el-fin-de-ano\/#mainImage","width":800,"height":519},"primaryImageOfPage":{"@id":"https:\/\/eldigitaldeasturias.com\/magazine365\/las-casas-rurales-de-asturias-se-preparan-para-el-fin-de-ano\/#mainImage"},"datePublished":"2015-12-28T15:43:53+01:00","dateModified":"2015-12-28T15:43:53+01:00"},{"@type":"WebSite","@id":"https:\/\/eldigitaldeasturias.com\/magazine365\/#website","url":"https:\/\/eldigitaldeasturias.com\/magazine365\/","name":"El Digital de Asturias","description":"Revista de ocio, turismo y estilo de vida","inLanguage":"es-ES","publisher":{"@id":"https:\/\/eldigitaldeasturias.com\/magazine365\/#organization"}}]},"og:locale":"es_ES","og:site_name":"El Digital de Asturias \u2013 Revista de ocio, turismo y estilo de vida","og:type":"article","og:title":"Las casas rurales de Asturias se preparan para el \u201cfin de a\u00f1o\u201d | El Digital de Asturias","og:description":"La ocupaci\u00f3n en turismo rural alcanza en Asturias el 38 por ciento para Fin de A\u00f1o, una de las m\u00e1s bajas del pa\u00eds, seg\u00fan los datos analizados por Escapadarural.com, en base a un total de 5.992 calendarios de reserva. En concreto para la noche del 31 el n\u00famero de plazas alquiladas es del 46 por","og:url":"https:\/\/eldigitaldeasturias.com\/magazine365\/las-casas-rurales-de-asturias-se-preparan-para-el-fin-de-ano\/","og:image":"https:\/\/eldigitaldeasturias.com\/magazine365\/wp-content\/uploads\/2015\/12\/fotonoticia_20151228113416_800.jpg","og:image:secure_url":"https:\/\/eldigitaldeasturias.com\/magazine365\/wp-content\/uploads\/2015\/12\/fotonoticia_20151228113416_800.jpg","og:image:width":800,"og:image:height":519,"article:published_time":"2015-12-28T14:43:53+00:00","article:modified_time":"2015-12-28T14:43:53+00:00","twitter:card":"summary_large_image","twitter:title":"Las casas rurales de Asturias se preparan para el \u201cfin de a\u00f1o\u201d | El Digital de Asturias","twitter:description":"La ocupaci\u00f3n en turismo rural alcanza en Asturias el 38 por ciento para Fin de A\u00f1o, una de las m\u00e1s bajas del pa\u00eds, seg\u00fan los datos analizados por Escapadarural.com, en base a un total de 5.992 calendarios de reserva. En concreto para la noche del 31 el n\u00famero de plazas alquiladas es del 46 por","twitter:image":"https:\/\/eldigitaldeasturias.com\/magazine365\/wp-content\/uploads\/2015\/12\/fotonoticia_20151228113416_800.jpg"},"aioseo_meta_data":{"post_id":"59306","title":null,"description":null,"keywords":null,"keyphrases":null,"primary_term":null,"canonical_url":null,"og_title":null,"og_description":null,"og_object_type":"default","og_image_type":"default","og_image_url":null,"og_image_width":null,"og_image_height":null,"og_image_custom_url":null,"og_image_custom_fields":null,"og_video":null,"og_custom_url":null,"og_article_section":null,"og_article_tags":null,"twitter_use_og":false,"twitter_card":"default","twitter_image_type":"default","twitter_image_url":null,"twitter_image_custom_url":null,"twitter_image_custom_fields":null,"twitter_title":null,"twitter_description":null,"schema":{"blockGraphs":[],"customGraphs":[],"default":{"data":{"Article":[],"Course":[],"Dataset":[],"FAQPage":[],"Movie":[],"Person":[],"Product":[],"ProductReview":[],"Car":[],"Recipe":[],"Service":[],"SoftwareApplication":[],"WebPage":[]},"graphName":"","isEnabled":true},"graphs":[],"defaultGraph":"","defaultPostTypeGraph":""},"schema_type":null,"schema_type_options":null,"pillar_content":false,"robots_default":true,"robots_noindex":false,"robots_noarchive":false,"robots_nosnippet":false,"robots_nofollow":false,"robots_noimageindex":false,"robots_noodp":false,"robots_notranslate":false,"robots_max_snippet":null,"robots_max_videopreview":null,"robots_max_imagepreview":"large","priority":null,"frequency":null,"location":null,"local_seo":null,"seo_analyzer_scan_date":"2025-09-25 04:42:56","breadcrumb_settings":null,"limit_modified_date":false,"open_ai":null,"ai":null,"created":"2021-03-08 22:18:04","updated":"2025-09-25 04:42:56"},"aioseo_breadcrumb":"<div class=\"aioseo-breadcrumbs\"><span class=\"aioseo-breadcrumb\">\n\t<a href=\"https:\/\/eldigitaldeasturias.com\/magazine365\" title=\"Home\">Home<\/a>\n<\/span><span class=\"aioseo-breadcrumb-separator\">\u2013<\/span><span class=\"aioseo-breadcrumb\">\n\t<a href=\"https:\/\/eldigitaldeasturias.com\/magazine365\/category\/noticias-actualidad\/\" title=\"Noticias y Actualidad\">Noticias y Actualidad<\/a>\n<\/span><span class=\"aioseo-breadcrumb-separator\">\u2013<\/span><span class=\"aioseo-breadcrumb\">\n\t<a href=\"https:\/\/eldigitaldeasturias.com\/magazine365\/las-casas-rurales-de-asturias-se-preparan-para-el-fin-de-ano\/\" title=\"Las casas rurales de Asturias se preparan para el \u201cfin de a\u00f1o\u201d\">Las casas rurales de Asturias se preparan para el \u201cfin de a\u00f1o\u201d<\/a>\n<\/span><\/div>","aioseo_breadcrumb_json":[{"label":"Home","link":"https:\/\/eldigitaldeasturias.com\/magazine365"},{"label":"Noticias y Actualidad","link":"https:\/\/eldigitaldeasturias.com\/magazine365\/category\/noticias-actualidad\/"},{"label":"Las casas rurales de Asturias se preparan para el \u201cfin de a\u00f1o\u201d","link":"https:\/\/eldigitaldeasturias.com\/magazine365\/las-casas-rurales-de-asturias-se-preparan-para-el-fin-de-ano\/"}],"_links":{"self":[{"href":"https:\/\/eldigitaldeasturias.com\/magazine365\/wp-json\/wp\/v2\/posts\/59306","targetHints":{"allow":["GET"]}}],"collection":[{"href":"https:\/\/eldigitaldeasturias.com\/magazine365\/wp-json\/wp\/v2\/posts"}],"about":[{"href":"https:\/\/eldigitaldeasturias.com\/magazine365\/wp-json\/wp\/v2\/types\/post"}],"author":[{"embeddable":true,"href":"https:\/\/eldigitaldeasturias.com\/magazine365\/wp-json\/wp\/v2\/users\/1"}],"replies":[{"embeddable":true,"href":"https:\/\/eldigitaldeasturias.com\/magazine365\/wp-json\/wp\/v2\/comments?post=59306"}],"version-history":[{"count":0,"href":"https:\/\/eldigitaldeasturias.com\/magazine365\/wp-json\/wp\/v2\/posts\/59306\/revisions"}],"wp:featuredmedia":[{"embeddable":true,"href":"https:\/\/eldigitaldeasturias.com\/magazine365\/wp-json\/wp\/v2\/media\/59307"}],"wp:attachment":[{"href":"https:\/\/eldigitaldeasturias.com\/magazine365\/wp-json\/wp\/v2\/media?parent=59306"}],"wp:term":[{"taxonomy":"category","embeddable":true,"href":"https:\/\/eldigitaldeasturias.com\/magazine365\/wp-json\/wp\/v2\/categories?post=59306"},{"taxonomy":"post_tag","embeddable":true,"href":"https:\/\/eldigitaldeasturias.com\/magazine365\/wp-json\/wp\/v2\/tags?post=59306"}],"curies":[{"name":"wp","href":"https:\/\/api.w.org\/{rel}","templated":true}]}}