{"id":59297,"date":"2015-12-26T15:04:46","date_gmt":"2015-12-26T14:04:46","guid":{"rendered":"http:\/\/eldigitaldeasturias.com\/magazine365\/?p=59297"},"modified":"2015-12-26T15:04:46","modified_gmt":"2015-12-26T14:04:46","slug":"navidad-en-irlanda-mercadillos-musica-tradicional-y-ambiente-festivo","status":"publish","type":"post","link":"https:\/\/eldigitaldeasturias.com\/magazine365\/navidad-en-irlanda-mercadillos-musica-tradicional-y-ambiente-festivo\/","title":{"rendered":"Navidad en Irlanda, mercadillos, m\u00fasica tradicional y ambiente festivo"},"content":{"rendered":"<p><img fetchpriority=\"high\" decoding=\"async\" class=\"alignleft size-medium wp-image-59298\" src=\"https:\/\/eldigitaldeasturias.com\/magazine365\/wp-content\/uploads\/2015\/12\/fotonoticia_20151226095939_800-360x240.jpg\" alt=\"fotonoticia_20151226095939_800\" width=\"360\" height=\"240\" srcset=\"https:\/\/eldigitaldeasturias.com\/magazine365\/wp-content\/uploads\/2015\/12\/fotonoticia_20151226095939_800-360x240.jpg 360w, https:\/\/eldigitaldeasturias.com\/magazine365\/wp-content\/uploads\/2015\/12\/fotonoticia_20151226095939_800-650x433.jpg 650w, https:\/\/eldigitaldeasturias.com\/magazine365\/wp-content\/uploads\/2015\/12\/fotonoticia_20151226095939_800-768x512.jpg 768w, https:\/\/eldigitaldeasturias.com\/magazine365\/wp-content\/uploads\/2015\/12\/fotonoticia_20151226095939_800-150x100.jpg 150w, https:\/\/eldigitaldeasturias.com\/magazine365\/wp-content\/uploads\/2015\/12\/fotonoticia_20151226095939_800-450x300.jpg 450w, https:\/\/eldigitaldeasturias.com\/magazine365\/wp-content\/uploads\/2015\/12\/fotonoticia_20151226095939_800-696x464.jpg 696w, https:\/\/eldigitaldeasturias.com\/magazine365\/wp-content\/uploads\/2015\/12\/fotonoticia_20151226095939_800-630x420.jpg 630w, https:\/\/eldigitaldeasturias.com\/magazine365\/wp-content\/uploads\/2015\/12\/fotonoticia_20151226095939_800-101x66.jpg 101w, https:\/\/eldigitaldeasturias.com\/magazine365\/wp-content\/uploads\/2015\/12\/fotonoticia_20151226095939_800.jpg 800w\" sizes=\"(max-width: 360px) 100vw, 360px\" \/>Irlanda celebra las fiestas navide\u00f1as por todo lo alto con mercados, luces y decoraciones en sus calles, m\u00fasica tradicional y un gran ambiente festivo.<\/p>\n<p>La Isla Esmeralda sorprende a los visitantes con m\u00faltiples propuestas l\u00fadicas y originales que ofrece para todos los gustos, como realizar las compras navide\u00f1as en la cripta de la Catedral de la Sant\u00edsima Trinidad en Dubl\u00edn, o conocer la residencia oficial irlandesa de Santa Claus.<\/p>\n<p>El original mercado flotante de George&#8217;s Dock celebrar\u00e1 el festival de los 12 d\u00edas de Navidad. El mercado navide\u00f1o m\u00e1s grande de este a\u00f1o ser\u00e1 &#8216;I Believe in Christmas&#8217; en el barrio de Custom House, que destacar\u00e1 por su gran \u00e1rbol de Navidad de 15 metros de altura y sus 50 casetas, que ofrecer\u00e1n artesan\u00eda y gastronom\u00eda local en un ambiente m\u00e1gico.<\/p>\n<p>Asimismo, los villancicos y la m\u00fasica tradicional amenizar\u00e1n todos los rincones con actuaciones en directo en las calles y en los m\u00faltiples pubs, centro neur\u00e1lgico de reuni\u00f3n de los irlandeses. Adem\u00e1s, la capital ofrecer\u00e1 la oportunidad \u00fanica de vibrar al son de Aleluya, en un enclave excepcional, el majestuoso oratorio que acogi\u00f3 su estreno en 1742.<\/p>\n<p>Por otra parte, la esencia navide\u00f1a tambi\u00e9n se extender\u00e1 a otras localidades de la Rep\u00fablica de Irlanda, especialmente en Cork, que acoger\u00e1 durante unos d\u00edas un mercado donde adquirir productos artesanales como joyer\u00eda o cer\u00e1mica.<\/p>\n<p>La pintoresca ciudad destaca por sus preciosas callejuelas, mercados tradicionales, su arquitectura, es uno de los principales reclamos tur\u00edsticos. Su puerto es uno de los puertos naturales m\u00e1s grandes del mundo y Cork es uno de los referentes gastron\u00f3micos de Irlanda.<\/p>\n<p>Asimismo, Galway se sumar\u00e1 a las celebraciones con &#8216;Christmas on Ice&#8217; donde los visitantes podr\u00e1n disfrutar de rutas literarias, representaciones teatrales o mercados de artesan\u00eda.<\/p>\n<p>CONOCER LA CABA\u00d1A DE SANTA CLAUS EN LAS MONTA\u00d1AS.<\/p>\n<p>Irlanda del Norte-Belfast acoger\u00e1 uno de los mercados navide\u00f1os m\u00e1s espectaculares situado frente al emblem\u00e1tico edificio del Ayuntamiento. All\u00ed, casetas de madera, m\u00fasica y dulces t\u00edpicos se suman al ambiente de festividad y alegr\u00eda.<\/p>\n<p>Por su parte, la ciudad amurallada de Derry-Londonderry tendr\u00e1 una tem\u00e1tica victoriana estas fiestas con un fin de semana repleto de actividades y eventos alrededor de su majestuoso ayuntamiento.<\/p>\n<p>Adem\u00e1s, peque\u00f1os y mayores se emocionar\u00e1n en la residencia oficial de Santa Claus en Irlanda del Norte, situada en las monta\u00f1as Mourne. Los visitantes podr\u00e1n conocerle en su caba\u00f1a e incluso ver a los elfos trabajando en su taller.<\/p>\n<p>La Isla Esmeralda se engalana de la esencia navide\u00f1a mostr\u00e1ndose en todo su esplendor con brillantes iluminaciones y antiguas tradiciones.<\/p>\n<p>Aquellos que se decanten por vivir estas fechas como un aut\u00e9ntico irland\u00e9s podr\u00e1n ba\u00f1arse en las aguas del Atl\u00e1ntico el d\u00eda 26 de diciembre, St Stephen&#8217;s Day en la Rep\u00fablica de Irlanda o Boxing Day en Irlanda del Norte, comer la tradicional ternera especiada, disfrutar de las carreras de caballos o beber un whisky caliente en uno de los numerosos pubs de toda la isla.<\/p>\n","protected":false},"excerpt":{"rendered":"<p>Irlanda celebra las fiestas navide\u00f1as por todo lo alto con mercados, luces y decoraciones en sus calles, m\u00fasica tradicional y un gran ambiente festivo. La Isla Esmeralda sorprende a los visitantes con m\u00faltiples propuestas l\u00fadicas y originales que ofrece para todos los gustos, como realizar las compras navide\u00f1as en la cripta de la Catedral de<\/p>\n","protected":false},"author":1,"featured_media":59298,"comment_status":"open","ping_status":"closed","sticky":false,"template":"","format":"standard","meta":{"footnotes":""},"categories":[224],"tags":[],"class_list":{"0":"post-59297","1":"post","2":"type-post","3":"status-publish","4":"format-standard","5":"has-post-thumbnail","7":"category-noticias-actualidad"},"aioseo_notices":[],"aioseo_head":"\n\t\t<!-- All in One SEO Pro 4.9.6.1 - aioseo.com -->\n\t<meta name=\"description\" content=\"Irlanda celebra las fiestas navide\u00f1as por todo lo alto con mercados, luces y decoraciones en sus calles, m\u00fasica tradicional y un gran ambiente festivo. La Isla Esmeralda sorprende a los visitantes con m\u00faltiples propuestas l\u00fadicas y originales que ofrece para todos los gustos, como realizar las compras navide\u00f1as en la cripta de la Catedral de\" \/>\n\t<meta name=\"robots\" content=\"max-image-preview:large\" \/>\n\t<meta name=\"author\" content=\"admin\"\/>\n\t<meta name=\"google-site-verification\" content=\"UA-38556648-1\" \/>\n\t<meta name=\"keywords\" content=\"noticias y actualidad\" \/>\n\t<link rel=\"canonical\" href=\"https:\/\/eldigitaldeasturias.com\/magazine365\/navidad-en-irlanda-mercadillos-musica-tradicional-y-ambiente-festivo\/\" \/>\n\t<meta name=\"generator\" content=\"All in One SEO Pro (AIOSEO) 4.9.6.1\" \/>\n\t\t<meta property=\"og:locale\" content=\"es_ES\" \/>\n\t\t<meta property=\"og:site_name\" content=\"El Digital de Asturias \u2013 Revista de ocio, turismo y estilo de vida\" \/>\n\t\t<meta property=\"og:type\" content=\"article\" \/>\n\t\t<meta property=\"og:title\" content=\"Navidad en Irlanda, mercadillos, m\u00fasica tradicional y ambiente festivo | El Digital de Asturias\" \/>\n\t\t<meta property=\"og:description\" content=\"Irlanda celebra las fiestas navide\u00f1as por todo lo alto con mercados, luces y decoraciones en sus calles, m\u00fasica tradicional y un gran ambiente festivo. La Isla Esmeralda sorprende a los visitantes con m\u00faltiples propuestas l\u00fadicas y originales que ofrece para todos los gustos, como realizar las compras navide\u00f1as en la cripta de la Catedral de\" \/>\n\t\t<meta property=\"og:url\" content=\"https:\/\/eldigitaldeasturias.com\/magazine365\/navidad-en-irlanda-mercadillos-musica-tradicional-y-ambiente-festivo\/\" \/>\n\t\t<meta property=\"og:image\" content=\"https:\/\/eldigitaldeasturias.com\/magazine365\/wp-content\/uploads\/2015\/12\/fotonoticia_20151226095939_800.jpg\" \/>\n\t\t<meta property=\"og:image:secure_url\" content=\"https:\/\/eldigitaldeasturias.com\/magazine365\/wp-content\/uploads\/2015\/12\/fotonoticia_20151226095939_800.jpg\" \/>\n\t\t<meta property=\"og:image:width\" content=\"800\" \/>\n\t\t<meta property=\"og:image:height\" content=\"533\" \/>\n\t\t<meta property=\"article:published_time\" content=\"2015-12-26T14:04:46+00:00\" \/>\n\t\t<meta property=\"article:modified_time\" content=\"2015-12-26T14:04:46+00:00\" \/>\n\t\t<meta name=\"twitter:card\" content=\"summary_large_image\" \/>\n\t\t<meta name=\"twitter:title\" content=\"Navidad en Irlanda, mercadillos, m\u00fasica tradicional y ambiente festivo | El Digital de Asturias\" \/>\n\t\t<meta name=\"twitter:description\" content=\"Irlanda celebra las fiestas navide\u00f1as por todo lo alto con mercados, luces y decoraciones en sus calles, m\u00fasica tradicional y un gran ambiente festivo. La Isla Esmeralda sorprende a los visitantes con m\u00faltiples propuestas l\u00fadicas y originales que ofrece para todos los gustos, como realizar las compras navide\u00f1as en la cripta de la Catedral de\" \/>\n\t\t<meta name=\"twitter:image\" content=\"https:\/\/eldigitaldeasturias.com\/magazine365\/wp-content\/uploads\/2015\/12\/fotonoticia_20151226095939_800.jpg\" \/>\n\t\t<script type=\"application\/ld+json\" class=\"aioseo-schema\">\n\t\t\t{\"@context\":\"https:\\\/\\\/schema.org\",\"@graph\":[{\"@type\":\"Article\",\"@id\":\"https:\\\/\\\/eldigitaldeasturias.com\\\/magazine365\\\/navidad-en-irlanda-mercadillos-musica-tradicional-y-ambiente-festivo\\\/#article\",\"name\":\"Navidad en Irlanda, mercadillos, m\\u00fasica tradicional y ambiente festivo | El Digital de Asturias\",\"headline\":\"Navidad en Irlanda, mercadillos, m\\u00fasica tradicional y ambiente festivo\",\"author\":{\"@id\":\"https:\\\/\\\/eldigitaldeasturias.com\\\/magazine365\\\/author\\\/admin\\\/#author\"},\"publisher\":{\"@id\":\"https:\\\/\\\/eldigitaldeasturias.com\\\/magazine365\\\/#organization\"},\"image\":{\"@type\":\"ImageObject\",\"url\":\"https:\\\/\\\/eldigitaldeasturias.com\\\/magazine365\\\/wp-content\\\/uploads\\\/2015\\\/12\\\/fotonoticia_20151226095939_800.jpg\",\"width\":800,\"height\":533},\"datePublished\":\"2015-12-26T15:04:46+01:00\",\"dateModified\":\"2015-12-26T15:04:46+01:00\",\"inLanguage\":\"es-ES\",\"mainEntityOfPage\":{\"@id\":\"https:\\\/\\\/eldigitaldeasturias.com\\\/magazine365\\\/navidad-en-irlanda-mercadillos-musica-tradicional-y-ambiente-festivo\\\/#webpage\"},\"isPartOf\":{\"@id\":\"https:\\\/\\\/eldigitaldeasturias.com\\\/magazine365\\\/navidad-en-irlanda-mercadillos-musica-tradicional-y-ambiente-festivo\\\/#webpage\"},\"articleSection\":\"Noticias y Actualidad\"},{\"@type\":\"BreadcrumbList\",\"@id\":\"https:\\\/\\\/eldigitaldeasturias.com\\\/magazine365\\\/navidad-en-irlanda-mercadillos-musica-tradicional-y-ambiente-festivo\\\/#breadcrumblist\",\"itemListElement\":[{\"@type\":\"ListItem\",\"@id\":\"https:\\\/\\\/eldigitaldeasturias.com\\\/magazine365#listItem\",\"position\":1,\"name\":\"Home\",\"item\":\"https:\\\/\\\/eldigitaldeasturias.com\\\/magazine365\",\"nextItem\":{\"@type\":\"ListItem\",\"@id\":\"https:\\\/\\\/eldigitaldeasturias.com\\\/magazine365\\\/category\\\/noticias-actualidad\\\/#listItem\",\"name\":\"Noticias y Actualidad\"}},{\"@type\":\"ListItem\",\"@id\":\"https:\\\/\\\/eldigitaldeasturias.com\\\/magazine365\\\/category\\\/noticias-actualidad\\\/#listItem\",\"position\":2,\"name\":\"Noticias y Actualidad\",\"item\":\"https:\\\/\\\/eldigitaldeasturias.com\\\/magazine365\\\/category\\\/noticias-actualidad\\\/\",\"nextItem\":{\"@type\":\"ListItem\",\"@id\":\"https:\\\/\\\/eldigitaldeasturias.com\\\/magazine365\\\/navidad-en-irlanda-mercadillos-musica-tradicional-y-ambiente-festivo\\\/#listItem\",\"name\":\"Navidad en Irlanda, mercadillos, m\\u00fasica tradicional y ambiente festivo\"},\"previousItem\":{\"@type\":\"ListItem\",\"@id\":\"https:\\\/\\\/eldigitaldeasturias.com\\\/magazine365#listItem\",\"name\":\"Home\"}},{\"@type\":\"ListItem\",\"@id\":\"https:\\\/\\\/eldigitaldeasturias.com\\\/magazine365\\\/navidad-en-irlanda-mercadillos-musica-tradicional-y-ambiente-festivo\\\/#listItem\",\"position\":3,\"name\":\"Navidad en Irlanda, mercadillos, m\\u00fasica tradicional y ambiente festivo\",\"previousItem\":{\"@type\":\"ListItem\",\"@id\":\"https:\\\/\\\/eldigitaldeasturias.com\\\/magazine365\\\/category\\\/noticias-actualidad\\\/#listItem\",\"name\":\"Noticias y Actualidad\"}}]},{\"@type\":\"Organization\",\"@id\":\"https:\\\/\\\/eldigitaldeasturias.com\\\/magazine365\\\/#organization\",\"name\":\"El digital de Asturias\",\"description\":\"Revista de ocio, turismo y estilo de vida\",\"url\":\"https:\\\/\\\/eldigitaldeasturias.com\\\/magazine365\\\/\",\"logo\":{\"@type\":\"ImageObject\",\"url\":\"https:\\\/\\\/www.eldigitaldeasturias.com\\\/noticias\\\/wp-content\\\/uploads\\\/2020\\\/12\\\/EDA.jpg\",\"@id\":\"https:\\\/\\\/eldigitaldeasturias.com\\\/magazine365\\\/navidad-en-irlanda-mercadillos-musica-tradicional-y-ambiente-festivo\\\/#organizationLogo\"},\"image\":{\"@id\":\"https:\\\/\\\/eldigitaldeasturias.com\\\/magazine365\\\/navidad-en-irlanda-mercadillos-musica-tradicional-y-ambiente-festivo\\\/#organizationLogo\"}},{\"@type\":\"Person\",\"@id\":\"https:\\\/\\\/eldigitaldeasturias.com\\\/magazine365\\\/author\\\/admin\\\/#author\",\"url\":\"https:\\\/\\\/eldigitaldeasturias.com\\\/magazine365\\\/author\\\/admin\\\/\",\"name\":\"admin\",\"image\":{\"@type\":\"ImageObject\",\"@id\":\"https:\\\/\\\/eldigitaldeasturias.com\\\/magazine365\\\/navidad-en-irlanda-mercadillos-musica-tradicional-y-ambiente-festivo\\\/#authorImage\",\"url\":\"https:\\\/\\\/eldigitaldeasturias.com\\\/magazine365\\\/wp-content\\\/litespeed\\\/avatar\\\/e571bcf59a0edd6fa6838245a470f2fe.jpg?ver=1777574230\",\"width\":96,\"height\":96,\"caption\":\"admin\"}},{\"@type\":\"WebPage\",\"@id\":\"https:\\\/\\\/eldigitaldeasturias.com\\\/magazine365\\\/navidad-en-irlanda-mercadillos-musica-tradicional-y-ambiente-festivo\\\/#webpage\",\"url\":\"https:\\\/\\\/eldigitaldeasturias.com\\\/magazine365\\\/navidad-en-irlanda-mercadillos-musica-tradicional-y-ambiente-festivo\\\/\",\"name\":\"Navidad en Irlanda, mercadillos, m\\u00fasica tradicional y ambiente festivo | El Digital de Asturias\",\"description\":\"Irlanda celebra las fiestas navide\\u00f1as por todo lo alto con mercados, luces y decoraciones en sus calles, m\\u00fasica tradicional y un gran ambiente festivo. La Isla Esmeralda sorprende a los visitantes con m\\u00faltiples propuestas l\\u00fadicas y originales que ofrece para todos los gustos, como realizar las compras navide\\u00f1as en la cripta de la Catedral de\",\"inLanguage\":\"es-ES\",\"isPartOf\":{\"@id\":\"https:\\\/\\\/eldigitaldeasturias.com\\\/magazine365\\\/#website\"},\"breadcrumb\":{\"@id\":\"https:\\\/\\\/eldigitaldeasturias.com\\\/magazine365\\\/navidad-en-irlanda-mercadillos-musica-tradicional-y-ambiente-festivo\\\/#breadcrumblist\"},\"author\":{\"@id\":\"https:\\\/\\\/eldigitaldeasturias.com\\\/magazine365\\\/author\\\/admin\\\/#author\"},\"creator\":{\"@id\":\"https:\\\/\\\/eldigitaldeasturias.com\\\/magazine365\\\/author\\\/admin\\\/#author\"},\"image\":{\"@type\":\"ImageObject\",\"url\":\"https:\\\/\\\/eldigitaldeasturias.com\\\/magazine365\\\/wp-content\\\/uploads\\\/2015\\\/12\\\/fotonoticia_20151226095939_800.jpg\",\"@id\":\"https:\\\/\\\/eldigitaldeasturias.com\\\/magazine365\\\/navidad-en-irlanda-mercadillos-musica-tradicional-y-ambiente-festivo\\\/#mainImage\",\"width\":800,\"height\":533},\"primaryImageOfPage\":{\"@id\":\"https:\\\/\\\/eldigitaldeasturias.com\\\/magazine365\\\/navidad-en-irlanda-mercadillos-musica-tradicional-y-ambiente-festivo\\\/#mainImage\"},\"datePublished\":\"2015-12-26T15:04:46+01:00\",\"dateModified\":\"2015-12-26T15:04:46+01:00\"},{\"@type\":\"WebSite\",\"@id\":\"https:\\\/\\\/eldigitaldeasturias.com\\\/magazine365\\\/#website\",\"url\":\"https:\\\/\\\/eldigitaldeasturias.com\\\/magazine365\\\/\",\"name\":\"El Digital de Asturias\",\"description\":\"Revista de ocio, turismo y estilo de vida\",\"inLanguage\":\"es-ES\",\"publisher\":{\"@id\":\"https:\\\/\\\/eldigitaldeasturias.com\\\/magazine365\\\/#organization\"}}]}\n\t\t<\/script>\n\t\t<!-- All in One SEO Pro -->\r\n\t\t<title>Navidad en Irlanda, mercadillos, m\u00fasica tradicional y ambiente festivo | El Digital de Asturias<\/title>\n\n","aioseo_head_json":{"title":"Navidad en Irlanda, mercadillos, m\u00fasica tradicional y ambiente festivo | El Digital de Asturias","description":"Irlanda celebra las fiestas navide\u00f1as por todo lo alto con mercados, luces y decoraciones en sus calles, m\u00fasica tradicional y un gran ambiente festivo. La Isla Esmeralda sorprende a los visitantes con m\u00faltiples propuestas l\u00fadicas y originales que ofrece para todos los gustos, como realizar las compras navide\u00f1as en la cripta de la Catedral de","canonical_url":"https:\/\/eldigitaldeasturias.com\/magazine365\/navidad-en-irlanda-mercadillos-musica-tradicional-y-ambiente-festivo\/","robots":"max-image-preview:large","keywords":"noticias y actualidad","webmasterTools":{"google-site-verification":"UA-38556648-1","miscellaneous":""},"schema":{"@context":"https:\/\/schema.org","@graph":[{"@type":"Article","@id":"https:\/\/eldigitaldeasturias.com\/magazine365\/navidad-en-irlanda-mercadillos-musica-tradicional-y-ambiente-festivo\/#article","name":"Navidad en Irlanda, mercadillos, m\u00fasica tradicional y ambiente festivo | El Digital de Asturias","headline":"Navidad en Irlanda, mercadillos, m\u00fasica tradicional y ambiente festivo","author":{"@id":"https:\/\/eldigitaldeasturias.com\/magazine365\/author\/admin\/#author"},"publisher":{"@id":"https:\/\/eldigitaldeasturias.com\/magazine365\/#organization"},"image":{"@type":"ImageObject","url":"https:\/\/eldigitaldeasturias.com\/magazine365\/wp-content\/uploads\/2015\/12\/fotonoticia_20151226095939_800.jpg","width":800,"height":533},"datePublished":"2015-12-26T15:04:46+01:00","dateModified":"2015-12-26T15:04:46+01:00","inLanguage":"es-ES","mainEntityOfPage":{"@id":"https:\/\/eldigitaldeasturias.com\/magazine365\/navidad-en-irlanda-mercadillos-musica-tradicional-y-ambiente-festivo\/#webpage"},"isPartOf":{"@id":"https:\/\/eldigitaldeasturias.com\/magazine365\/navidad-en-irlanda-mercadillos-musica-tradicional-y-ambiente-festivo\/#webpage"},"articleSection":"Noticias y Actualidad"},{"@type":"BreadcrumbList","@id":"https:\/\/eldigitaldeasturias.com\/magazine365\/navidad-en-irlanda-mercadillos-musica-tradicional-y-ambiente-festivo\/#breadcrumblist","itemListElement":[{"@type":"ListItem","@id":"https:\/\/eldigitaldeasturias.com\/magazine365#listItem","position":1,"name":"Home","item":"https:\/\/eldigitaldeasturias.com\/magazine365","nextItem":{"@type":"ListItem","@id":"https:\/\/eldigitaldeasturias.com\/magazine365\/category\/noticias-actualidad\/#listItem","name":"Noticias y Actualidad"}},{"@type":"ListItem","@id":"https:\/\/eldigitaldeasturias.com\/magazine365\/category\/noticias-actualidad\/#listItem","position":2,"name":"Noticias y Actualidad","item":"https:\/\/eldigitaldeasturias.com\/magazine365\/category\/noticias-actualidad\/","nextItem":{"@type":"ListItem","@id":"https:\/\/eldigitaldeasturias.com\/magazine365\/navidad-en-irlanda-mercadillos-musica-tradicional-y-ambiente-festivo\/#listItem","name":"Navidad en Irlanda, mercadillos, m\u00fasica tradicional y ambiente festivo"},"previousItem":{"@type":"ListItem","@id":"https:\/\/eldigitaldeasturias.com\/magazine365#listItem","name":"Home"}},{"@type":"ListItem","@id":"https:\/\/eldigitaldeasturias.com\/magazine365\/navidad-en-irlanda-mercadillos-musica-tradicional-y-ambiente-festivo\/#listItem","position":3,"name":"Navidad en Irlanda, mercadillos, m\u00fasica tradicional y ambiente festivo","previousItem":{"@type":"ListItem","@id":"https:\/\/eldigitaldeasturias.com\/magazine365\/category\/noticias-actualidad\/#listItem","name":"Noticias y Actualidad"}}]},{"@type":"Organization","@id":"https:\/\/eldigitaldeasturias.com\/magazine365\/#organization","name":"El digital de Asturias","description":"Revista de ocio, turismo y estilo de vida","url":"https:\/\/eldigitaldeasturias.com\/magazine365\/","logo":{"@type":"ImageObject","url":"https:\/\/www.eldigitaldeasturias.com\/noticias\/wp-content\/uploads\/2020\/12\/EDA.jpg","@id":"https:\/\/eldigitaldeasturias.com\/magazine365\/navidad-en-irlanda-mercadillos-musica-tradicional-y-ambiente-festivo\/#organizationLogo"},"image":{"@id":"https:\/\/eldigitaldeasturias.com\/magazine365\/navidad-en-irlanda-mercadillos-musica-tradicional-y-ambiente-festivo\/#organizationLogo"}},{"@type":"Person","@id":"https:\/\/eldigitaldeasturias.com\/magazine365\/author\/admin\/#author","url":"https:\/\/eldigitaldeasturias.com\/magazine365\/author\/admin\/","name":"admin","image":{"@type":"ImageObject","@id":"https:\/\/eldigitaldeasturias.com\/magazine365\/navidad-en-irlanda-mercadillos-musica-tradicional-y-ambiente-festivo\/#authorImage","url":"https:\/\/eldigitaldeasturias.com\/magazine365\/wp-content\/litespeed\/avatar\/e571bcf59a0edd6fa6838245a470f2fe.jpg?ver=1777574230","width":96,"height":96,"caption":"admin"}},{"@type":"WebPage","@id":"https:\/\/eldigitaldeasturias.com\/magazine365\/navidad-en-irlanda-mercadillos-musica-tradicional-y-ambiente-festivo\/#webpage","url":"https:\/\/eldigitaldeasturias.com\/magazine365\/navidad-en-irlanda-mercadillos-musica-tradicional-y-ambiente-festivo\/","name":"Navidad en Irlanda, mercadillos, m\u00fasica tradicional y ambiente festivo | El Digital de Asturias","description":"Irlanda celebra las fiestas navide\u00f1as por todo lo alto con mercados, luces y decoraciones en sus calles, m\u00fasica tradicional y un gran ambiente festivo. La Isla Esmeralda sorprende a los visitantes con m\u00faltiples propuestas l\u00fadicas y originales que ofrece para todos los gustos, como realizar las compras navide\u00f1as en la cripta de la Catedral de","inLanguage":"es-ES","isPartOf":{"@id":"https:\/\/eldigitaldeasturias.com\/magazine365\/#website"},"breadcrumb":{"@id":"https:\/\/eldigitaldeasturias.com\/magazine365\/navidad-en-irlanda-mercadillos-musica-tradicional-y-ambiente-festivo\/#breadcrumblist"},"author":{"@id":"https:\/\/eldigitaldeasturias.com\/magazine365\/author\/admin\/#author"},"creator":{"@id":"https:\/\/eldigitaldeasturias.com\/magazine365\/author\/admin\/#author"},"image":{"@type":"ImageObject","url":"https:\/\/eldigitaldeasturias.com\/magazine365\/wp-content\/uploads\/2015\/12\/fotonoticia_20151226095939_800.jpg","@id":"https:\/\/eldigitaldeasturias.com\/magazine365\/navidad-en-irlanda-mercadillos-musica-tradicional-y-ambiente-festivo\/#mainImage","width":800,"height":533},"primaryImageOfPage":{"@id":"https:\/\/eldigitaldeasturias.com\/magazine365\/navidad-en-irlanda-mercadillos-musica-tradicional-y-ambiente-festivo\/#mainImage"},"datePublished":"2015-12-26T15:04:46+01:00","dateModified":"2015-12-26T15:04:46+01:00"},{"@type":"WebSite","@id":"https:\/\/eldigitaldeasturias.com\/magazine365\/#website","url":"https:\/\/eldigitaldeasturias.com\/magazine365\/","name":"El Digital de Asturias","description":"Revista de ocio, turismo y estilo de vida","inLanguage":"es-ES","publisher":{"@id":"https:\/\/eldigitaldeasturias.com\/magazine365\/#organization"}}]},"og:locale":"es_ES","og:site_name":"El Digital de Asturias \u2013 Revista de ocio, turismo y estilo de vida","og:type":"article","og:title":"Navidad en Irlanda, mercadillos, m\u00fasica tradicional y ambiente festivo | El Digital de Asturias","og:description":"Irlanda celebra las fiestas navide\u00f1as por todo lo alto con mercados, luces y decoraciones en sus calles, m\u00fasica tradicional y un gran ambiente festivo. La Isla Esmeralda sorprende a los visitantes con m\u00faltiples propuestas l\u00fadicas y originales que ofrece para todos los gustos, como realizar las compras navide\u00f1as en la cripta de la Catedral de","og:url":"https:\/\/eldigitaldeasturias.com\/magazine365\/navidad-en-irlanda-mercadillos-musica-tradicional-y-ambiente-festivo\/","og:image":"https:\/\/eldigitaldeasturias.com\/magazine365\/wp-content\/uploads\/2015\/12\/fotonoticia_20151226095939_800.jpg","og:image:secure_url":"https:\/\/eldigitaldeasturias.com\/magazine365\/wp-content\/uploads\/2015\/12\/fotonoticia_20151226095939_800.jpg","og:image:width":800,"og:image:height":533,"article:published_time":"2015-12-26T14:04:46+00:00","article:modified_time":"2015-12-26T14:04:46+00:00","twitter:card":"summary_large_image","twitter:title":"Navidad en Irlanda, mercadillos, m\u00fasica tradicional y ambiente festivo | El Digital de Asturias","twitter:description":"Irlanda celebra las fiestas navide\u00f1as por todo lo alto con mercados, luces y decoraciones en sus calles, m\u00fasica tradicional y un gran ambiente festivo. La Isla Esmeralda sorprende a los visitantes con m\u00faltiples propuestas l\u00fadicas y originales que ofrece para todos los gustos, como realizar las compras navide\u00f1as en la cripta de la Catedral de","twitter:image":"https:\/\/eldigitaldeasturias.com\/magazine365\/wp-content\/uploads\/2015\/12\/fotonoticia_20151226095939_800.jpg"},"aioseo_meta_data":{"post_id":"59297","title":null,"description":null,"keywords":null,"keyphrases":null,"primary_term":null,"canonical_url":null,"og_title":null,"og_description":null,"og_object_type":"default","og_image_type":"default","og_image_url":null,"og_image_width":null,"og_image_height":null,"og_image_custom_url":null,"og_image_custom_fields":null,"og_video":null,"og_custom_url":null,"og_article_section":null,"og_article_tags":null,"twitter_use_og":false,"twitter_card":"default","twitter_image_type":"default","twitter_image_url":null,"twitter_image_custom_url":null,"twitter_image_custom_fields":null,"twitter_title":null,"twitter_description":null,"schema":{"blockGraphs":[],"customGraphs":[],"default":{"data":{"Article":[],"Course":[],"Dataset":[],"FAQPage":[],"Movie":[],"Person":[],"Product":[],"ProductReview":[],"Car":[],"Recipe":[],"Service":[],"SoftwareApplication":[],"WebPage":[]},"graphName":"","isEnabled":true},"graphs":[],"defaultGraph":"","defaultPostTypeGraph":""},"schema_type":null,"schema_type_options":null,"pillar_content":false,"robots_default":true,"robots_noindex":false,"robots_noarchive":false,"robots_nosnippet":false,"robots_nofollow":false,"robots_noimageindex":false,"robots_noodp":false,"robots_notranslate":false,"robots_max_snippet":null,"robots_max_videopreview":null,"robots_max_imagepreview":"large","priority":null,"frequency":null,"location":null,"local_seo":null,"seo_analyzer_scan_date":"2025-09-25 04:40:57","breadcrumb_settings":null,"limit_modified_date":false,"open_ai":null,"ai":null,"created":"2021-03-08 22:18:04","updated":"2025-09-25 04:40:57"},"aioseo_breadcrumb":"<div class=\"aioseo-breadcrumbs\"><span class=\"aioseo-breadcrumb\">\n\t<a href=\"https:\/\/eldigitaldeasturias.com\/magazine365\" title=\"Home\">Home<\/a>\n<\/span><span class=\"aioseo-breadcrumb-separator\">\u2013<\/span><span class=\"aioseo-breadcrumb\">\n\t<a href=\"https:\/\/eldigitaldeasturias.com\/magazine365\/category\/noticias-actualidad\/\" title=\"Noticias y Actualidad\">Noticias y Actualidad<\/a>\n<\/span><span class=\"aioseo-breadcrumb-separator\">\u2013<\/span><span class=\"aioseo-breadcrumb\">\n\t<a href=\"https:\/\/eldigitaldeasturias.com\/magazine365\/navidad-en-irlanda-mercadillos-musica-tradicional-y-ambiente-festivo\/\" title=\"Navidad en Irlanda, mercadillos, m\u00fasica tradicional y ambiente festivo\">Navidad en Irlanda, mercadillos, m\u00fasica tradicional y ambiente festivo<\/a>\n<\/span><\/div>","aioseo_breadcrumb_json":[{"label":"Home","link":"https:\/\/eldigitaldeasturias.com\/magazine365"},{"label":"Noticias y Actualidad","link":"https:\/\/eldigitaldeasturias.com\/magazine365\/category\/noticias-actualidad\/"},{"label":"Navidad en Irlanda, mercadillos, m\u00fasica tradicional y ambiente festivo","link":"https:\/\/eldigitaldeasturias.com\/magazine365\/navidad-en-irlanda-mercadillos-musica-tradicional-y-ambiente-festivo\/"}],"_links":{"self":[{"href":"https:\/\/eldigitaldeasturias.com\/magazine365\/wp-json\/wp\/v2\/posts\/59297","targetHints":{"allow":["GET"]}}],"collection":[{"href":"https:\/\/eldigitaldeasturias.com\/magazine365\/wp-json\/wp\/v2\/posts"}],"about":[{"href":"https:\/\/eldigitaldeasturias.com\/magazine365\/wp-json\/wp\/v2\/types\/post"}],"author":[{"embeddable":true,"href":"https:\/\/eldigitaldeasturias.com\/magazine365\/wp-json\/wp\/v2\/users\/1"}],"replies":[{"embeddable":true,"href":"https:\/\/eldigitaldeasturias.com\/magazine365\/wp-json\/wp\/v2\/comments?post=59297"}],"version-history":[{"count":0,"href":"https:\/\/eldigitaldeasturias.com\/magazine365\/wp-json\/wp\/v2\/posts\/59297\/revisions"}],"wp:featuredmedia":[{"embeddable":true,"href":"https:\/\/eldigitaldeasturias.com\/magazine365\/wp-json\/wp\/v2\/media\/59298"}],"wp:attachment":[{"href":"https:\/\/eldigitaldeasturias.com\/magazine365\/wp-json\/wp\/v2\/media?parent=59297"}],"wp:term":[{"taxonomy":"category","embeddable":true,"href":"https:\/\/eldigitaldeasturias.com\/magazine365\/wp-json\/wp\/v2\/categories?post=59297"},{"taxonomy":"post_tag","embeddable":true,"href":"https:\/\/eldigitaldeasturias.com\/magazine365\/wp-json\/wp\/v2\/tags?post=59297"}],"curies":[{"name":"wp","href":"https:\/\/api.w.org\/{rel}","templated":true}]}}