{"id":59293,"date":"2015-12-26T02:42:32","date_gmt":"2015-12-26T01:42:32","guid":{"rendered":"http:\/\/eldigitaldeasturias.com\/magazine365\/?p=59293"},"modified":"2015-12-26T02:42:32","modified_gmt":"2015-12-26T01:42:32","slug":"iberia-express-hara-volar-los-deseos-navidenos-de-los-mas-pequenos","status":"publish","type":"post","link":"https:\/\/eldigitaldeasturias.com\/magazine365\/iberia-express-hara-volar-los-deseos-navidenos-de-los-mas-pequenos\/","title":{"rendered":"Iberia Express har\u00e1 volar los deseos navide\u00f1os de los m\u00e1s peque\u00f1os"},"content":{"rendered":"<p><img fetchpriority=\"high\" decoding=\"async\" class=\"alignleft size-medium wp-image-59294\" src=\"https:\/\/eldigitaldeasturias.com\/magazine365\/wp-content\/uploads\/2015\/12\/fotonoticia_20151224115935_800-360x270.jpg\" alt=\"fotonoticia_20151224115935_800\" width=\"360\" height=\"270\" srcset=\"https:\/\/eldigitaldeasturias.com\/magazine365\/wp-content\/uploads\/2015\/12\/fotonoticia_20151224115935_800-360x270.jpg 360w, https:\/\/eldigitaldeasturias.com\/magazine365\/wp-content\/uploads\/2015\/12\/fotonoticia_20151224115935_800-650x488.jpg 650w, https:\/\/eldigitaldeasturias.com\/magazine365\/wp-content\/uploads\/2015\/12\/fotonoticia_20151224115935_800-768x576.jpg 768w, https:\/\/eldigitaldeasturias.com\/magazine365\/wp-content\/uploads\/2015\/12\/fotonoticia_20151224115935_800-150x113.jpg 150w, https:\/\/eldigitaldeasturias.com\/magazine365\/wp-content\/uploads\/2015\/12\/fotonoticia_20151224115935_800-450x338.jpg 450w, https:\/\/eldigitaldeasturias.com\/magazine365\/wp-content\/uploads\/2015\/12\/fotonoticia_20151224115935_800-80x60.jpg 80w, https:\/\/eldigitaldeasturias.com\/magazine365\/wp-content\/uploads\/2015\/12\/fotonoticia_20151224115935_800-265x198.jpg 265w, https:\/\/eldigitaldeasturias.com\/magazine365\/wp-content\/uploads\/2015\/12\/fotonoticia_20151224115935_800-696x522.jpg 696w, https:\/\/eldigitaldeasturias.com\/magazine365\/wp-content\/uploads\/2015\/12\/fotonoticia_20151224115935_800-560x420.jpg 560w, https:\/\/eldigitaldeasturias.com\/magazine365\/wp-content\/uploads\/2015\/12\/fotonoticia_20151224115935_800-90x67.jpg 90w, https:\/\/eldigitaldeasturias.com\/magazine365\/wp-content\/uploads\/2015\/12\/fotonoticia_20151224115935_800-164x124.jpg 164w, https:\/\/eldigitaldeasturias.com\/magazine365\/wp-content\/uploads\/2015\/12\/fotonoticia_20151224115935_800-100x75.jpg 100w, https:\/\/eldigitaldeasturias.com\/magazine365\/wp-content\/uploads\/2015\/12\/fotonoticia_20151224115935_800.jpg 800w\" sizes=\"(max-width: 360px) 100vw, 360px\" \/>Iberia Express har\u00e1 volar los deseos navide\u00f1os de los m\u00e1s peque\u00f1os en los reposacabezas de su flota, a trav\u00e9s de una acci\u00f3n solidaria con Aviaci\u00f3n Sin Fronteras (ASF) que permitir\u00e1 que los dibujos y mensajes de los ni\u00f1os sean visibles en 20 de sus aviones.<\/p>\n<p>Los escolares autores de los mensajes y dibujos pertenecen a ASION (Asociaci\u00f3n de Padres de Ni\u00f1os con C\u00e1ncer), \u00c1ngeles Urbanos y el centro privado de educaci\u00f3n especial Mar\u00eda Corredentora.<\/p>\n<p>La iniciativa se ha puesto en marcha despu\u00e9s de que este grupo de 50 ni\u00f1os visitara, el pasado 10 de diciembre, el interior de un avi\u00f3n de Iberia Express, en el aeropuerto Adolfo Su\u00e1rez-Madrid Barajas. Durante esta visita, que estuvo amenizada por una sesi\u00f3n de magia a cargo de la Fundaci\u00f3n Abracadabra, los escolares entregaron personalmente sus trabajos a la tripulaci\u00f3n de Iberia Express.<\/p>\n<p>Una selecci\u00f3n de estos textos y dibujos se han impreso para formar parte de los reposacabezas especiales de Navidad de Iberia Express.<\/p>\n<p>Esta acci\u00f3n se complementa con el concurso en las redes sociales oficiales de Iberia Express &#8216;No pases la Navidad solo&#8217;, en el que se sortear\u00e1n, a trav\u00e9s del Club Express, 10 vuelos para viajar al destino elegido. En este ambiente de celebraci\u00f3n, Iberia Express obsequiar\u00e1 con turrones navide\u00f1os a sus pasajeros durante los d\u00edas festivos.<\/p>\n<p>Todas estas acciones solidarias se enmarcan dentro de la apuesta de la aerol\u00ednea por la Responsabilidad Social Corporativa, comprometida de forma especial con los derechos de la infancia.<\/p>\n","protected":false},"excerpt":{"rendered":"<p>Iberia Express har\u00e1 volar los deseos navide\u00f1os de los m\u00e1s peque\u00f1os en los reposacabezas de su flota, a trav\u00e9s de una acci\u00f3n solidaria con Aviaci\u00f3n Sin Fronteras (ASF) que permitir\u00e1 que los dibujos y mensajes de los ni\u00f1os sean visibles en 20 de sus aviones. Los escolares autores de los mensajes y dibujos pertenecen a<\/p>\n","protected":false},"author":1,"featured_media":59294,"comment_status":"open","ping_status":"closed","sticky":false,"template":"","format":"standard","meta":{"footnotes":""},"categories":[224],"tags":[],"class_list":{"0":"post-59293","1":"post","2":"type-post","3":"status-publish","4":"format-standard","5":"has-post-thumbnail","7":"category-noticias-actualidad"},"aioseo_notices":[],"aioseo_head":"\n\t\t<!-- All in One SEO Pro 4.9.6.1 - aioseo.com -->\n\t<meta name=\"description\" content=\"Iberia Express har\u00e1 volar los deseos navide\u00f1os de los m\u00e1s peque\u00f1os en los reposacabezas de su flota, a trav\u00e9s de una acci\u00f3n solidaria con Aviaci\u00f3n Sin Fronteras (ASF) que permitir\u00e1 que los dibujos y mensajes de los ni\u00f1os sean visibles en 20 de sus aviones. Los escolares autores de los mensajes y dibujos pertenecen a\" \/>\n\t<meta name=\"robots\" content=\"max-image-preview:large\" \/>\n\t<meta name=\"author\" content=\"admin\"\/>\n\t<meta name=\"google-site-verification\" content=\"UA-38556648-1\" \/>\n\t<meta name=\"keywords\" content=\"noticias y actualidad\" \/>\n\t<link rel=\"canonical\" href=\"https:\/\/eldigitaldeasturias.com\/magazine365\/iberia-express-hara-volar-los-deseos-navidenos-de-los-mas-pequenos\/\" \/>\n\t<meta name=\"generator\" content=\"All in One SEO Pro (AIOSEO) 4.9.6.1\" \/>\n\t\t<meta property=\"og:locale\" content=\"es_ES\" \/>\n\t\t<meta property=\"og:site_name\" content=\"El Digital de Asturias \u2013 Revista de ocio, turismo y estilo de vida\" \/>\n\t\t<meta property=\"og:type\" content=\"article\" \/>\n\t\t<meta property=\"og:title\" content=\"Iberia Express har\u00e1 volar los deseos navide\u00f1os de los m\u00e1s peque\u00f1os | El Digital de Asturias\" \/>\n\t\t<meta property=\"og:description\" content=\"Iberia Express har\u00e1 volar los deseos navide\u00f1os de los m\u00e1s peque\u00f1os en los reposacabezas de su flota, a trav\u00e9s de una acci\u00f3n solidaria con Aviaci\u00f3n Sin Fronteras (ASF) que permitir\u00e1 que los dibujos y mensajes de los ni\u00f1os sean visibles en 20 de sus aviones. Los escolares autores de los mensajes y dibujos pertenecen a\" \/>\n\t\t<meta property=\"og:url\" content=\"https:\/\/eldigitaldeasturias.com\/magazine365\/iberia-express-hara-volar-los-deseos-navidenos-de-los-mas-pequenos\/\" \/>\n\t\t<meta property=\"og:image\" content=\"https:\/\/eldigitaldeasturias.com\/magazine365\/wp-content\/uploads\/2015\/12\/fotonoticia_20151224115935_800.jpg\" \/>\n\t\t<meta property=\"og:image:secure_url\" content=\"https:\/\/eldigitaldeasturias.com\/magazine365\/wp-content\/uploads\/2015\/12\/fotonoticia_20151224115935_800.jpg\" \/>\n\t\t<meta property=\"og:image:width\" content=\"800\" \/>\n\t\t<meta property=\"og:image:height\" content=\"600\" \/>\n\t\t<meta property=\"article:published_time\" content=\"2015-12-26T01:42:32+00:00\" \/>\n\t\t<meta property=\"article:modified_time\" content=\"2015-12-26T01:42:32+00:00\" \/>\n\t\t<meta name=\"twitter:card\" content=\"summary_large_image\" \/>\n\t\t<meta name=\"twitter:title\" content=\"Iberia Express har\u00e1 volar los deseos navide\u00f1os de los m\u00e1s peque\u00f1os | El Digital de Asturias\" \/>\n\t\t<meta name=\"twitter:description\" content=\"Iberia Express har\u00e1 volar los deseos navide\u00f1os de los m\u00e1s peque\u00f1os en los reposacabezas de su flota, a trav\u00e9s de una acci\u00f3n solidaria con Aviaci\u00f3n Sin Fronteras (ASF) que permitir\u00e1 que los dibujos y mensajes de los ni\u00f1os sean visibles en 20 de sus aviones. Los escolares autores de los mensajes y dibujos pertenecen a\" \/>\n\t\t<meta name=\"twitter:image\" content=\"https:\/\/eldigitaldeasturias.com\/magazine365\/wp-content\/uploads\/2015\/12\/fotonoticia_20151224115935_800.jpg\" \/>\n\t\t<script type=\"application\/ld+json\" class=\"aioseo-schema\">\n\t\t\t{\"@context\":\"https:\\\/\\\/schema.org\",\"@graph\":[{\"@type\":\"Article\",\"@id\":\"https:\\\/\\\/eldigitaldeasturias.com\\\/magazine365\\\/iberia-express-hara-volar-los-deseos-navidenos-de-los-mas-pequenos\\\/#article\",\"name\":\"Iberia Express har\\u00e1 volar los deseos navide\\u00f1os de los m\\u00e1s peque\\u00f1os | El Digital de Asturias\",\"headline\":\"Iberia Express har\\u00e1 volar los deseos navide\\u00f1os de los m\\u00e1s peque\\u00f1os\",\"author\":{\"@id\":\"https:\\\/\\\/eldigitaldeasturias.com\\\/magazine365\\\/author\\\/admin\\\/#author\"},\"publisher\":{\"@id\":\"https:\\\/\\\/eldigitaldeasturias.com\\\/magazine365\\\/#organization\"},\"image\":{\"@type\":\"ImageObject\",\"url\":\"https:\\\/\\\/eldigitaldeasturias.com\\\/magazine365\\\/wp-content\\\/uploads\\\/2015\\\/12\\\/fotonoticia_20151224115935_800.jpg\",\"width\":800,\"height\":600},\"datePublished\":\"2015-12-26T02:42:32+01:00\",\"dateModified\":\"2015-12-26T02:42:32+01:00\",\"inLanguage\":\"es-ES\",\"mainEntityOfPage\":{\"@id\":\"https:\\\/\\\/eldigitaldeasturias.com\\\/magazine365\\\/iberia-express-hara-volar-los-deseos-navidenos-de-los-mas-pequenos\\\/#webpage\"},\"isPartOf\":{\"@id\":\"https:\\\/\\\/eldigitaldeasturias.com\\\/magazine365\\\/iberia-express-hara-volar-los-deseos-navidenos-de-los-mas-pequenos\\\/#webpage\"},\"articleSection\":\"Noticias y Actualidad\"},{\"@type\":\"BreadcrumbList\",\"@id\":\"https:\\\/\\\/eldigitaldeasturias.com\\\/magazine365\\\/iberia-express-hara-volar-los-deseos-navidenos-de-los-mas-pequenos\\\/#breadcrumblist\",\"itemListElement\":[{\"@type\":\"ListItem\",\"@id\":\"https:\\\/\\\/eldigitaldeasturias.com\\\/magazine365#listItem\",\"position\":1,\"name\":\"Home\",\"item\":\"https:\\\/\\\/eldigitaldeasturias.com\\\/magazine365\",\"nextItem\":{\"@type\":\"ListItem\",\"@id\":\"https:\\\/\\\/eldigitaldeasturias.com\\\/magazine365\\\/category\\\/noticias-actualidad\\\/#listItem\",\"name\":\"Noticias y Actualidad\"}},{\"@type\":\"ListItem\",\"@id\":\"https:\\\/\\\/eldigitaldeasturias.com\\\/magazine365\\\/category\\\/noticias-actualidad\\\/#listItem\",\"position\":2,\"name\":\"Noticias y Actualidad\",\"item\":\"https:\\\/\\\/eldigitaldeasturias.com\\\/magazine365\\\/category\\\/noticias-actualidad\\\/\",\"nextItem\":{\"@type\":\"ListItem\",\"@id\":\"https:\\\/\\\/eldigitaldeasturias.com\\\/magazine365\\\/iberia-express-hara-volar-los-deseos-navidenos-de-los-mas-pequenos\\\/#listItem\",\"name\":\"Iberia Express har\\u00e1 volar los deseos navide\\u00f1os de los m\\u00e1s peque\\u00f1os\"},\"previousItem\":{\"@type\":\"ListItem\",\"@id\":\"https:\\\/\\\/eldigitaldeasturias.com\\\/magazine365#listItem\",\"name\":\"Home\"}},{\"@type\":\"ListItem\",\"@id\":\"https:\\\/\\\/eldigitaldeasturias.com\\\/magazine365\\\/iberia-express-hara-volar-los-deseos-navidenos-de-los-mas-pequenos\\\/#listItem\",\"position\":3,\"name\":\"Iberia Express har\\u00e1 volar los deseos navide\\u00f1os de los m\\u00e1s peque\\u00f1os\",\"previousItem\":{\"@type\":\"ListItem\",\"@id\":\"https:\\\/\\\/eldigitaldeasturias.com\\\/magazine365\\\/category\\\/noticias-actualidad\\\/#listItem\",\"name\":\"Noticias y Actualidad\"}}]},{\"@type\":\"Organization\",\"@id\":\"https:\\\/\\\/eldigitaldeasturias.com\\\/magazine365\\\/#organization\",\"name\":\"El digital de Asturias\",\"description\":\"Revista de ocio, turismo y estilo de vida\",\"url\":\"https:\\\/\\\/eldigitaldeasturias.com\\\/magazine365\\\/\",\"logo\":{\"@type\":\"ImageObject\",\"url\":\"https:\\\/\\\/www.eldigitaldeasturias.com\\\/noticias\\\/wp-content\\\/uploads\\\/2020\\\/12\\\/EDA.jpg\",\"@id\":\"https:\\\/\\\/eldigitaldeasturias.com\\\/magazine365\\\/iberia-express-hara-volar-los-deseos-navidenos-de-los-mas-pequenos\\\/#organizationLogo\"},\"image\":{\"@id\":\"https:\\\/\\\/eldigitaldeasturias.com\\\/magazine365\\\/iberia-express-hara-volar-los-deseos-navidenos-de-los-mas-pequenos\\\/#organizationLogo\"}},{\"@type\":\"Person\",\"@id\":\"https:\\\/\\\/eldigitaldeasturias.com\\\/magazine365\\\/author\\\/admin\\\/#author\",\"url\":\"https:\\\/\\\/eldigitaldeasturias.com\\\/magazine365\\\/author\\\/admin\\\/\",\"name\":\"admin\",\"image\":{\"@type\":\"ImageObject\",\"@id\":\"https:\\\/\\\/eldigitaldeasturias.com\\\/magazine365\\\/iberia-express-hara-volar-los-deseos-navidenos-de-los-mas-pequenos\\\/#authorImage\",\"url\":\"https:\\\/\\\/eldigitaldeasturias.com\\\/magazine365\\\/wp-content\\\/litespeed\\\/avatar\\\/e571bcf59a0edd6fa6838245a470f2fe.jpg?ver=1777574230\",\"width\":96,\"height\":96,\"caption\":\"admin\"}},{\"@type\":\"WebPage\",\"@id\":\"https:\\\/\\\/eldigitaldeasturias.com\\\/magazine365\\\/iberia-express-hara-volar-los-deseos-navidenos-de-los-mas-pequenos\\\/#webpage\",\"url\":\"https:\\\/\\\/eldigitaldeasturias.com\\\/magazine365\\\/iberia-express-hara-volar-los-deseos-navidenos-de-los-mas-pequenos\\\/\",\"name\":\"Iberia Express har\\u00e1 volar los deseos navide\\u00f1os de los m\\u00e1s peque\\u00f1os | El Digital de Asturias\",\"description\":\"Iberia Express har\\u00e1 volar los deseos navide\\u00f1os de los m\\u00e1s peque\\u00f1os en los reposacabezas de su flota, a trav\\u00e9s de una acci\\u00f3n solidaria con Aviaci\\u00f3n Sin Fronteras (ASF) que permitir\\u00e1 que los dibujos y mensajes de los ni\\u00f1os sean visibles en 20 de sus aviones. Los escolares autores de los mensajes y dibujos pertenecen a\",\"inLanguage\":\"es-ES\",\"isPartOf\":{\"@id\":\"https:\\\/\\\/eldigitaldeasturias.com\\\/magazine365\\\/#website\"},\"breadcrumb\":{\"@id\":\"https:\\\/\\\/eldigitaldeasturias.com\\\/magazine365\\\/iberia-express-hara-volar-los-deseos-navidenos-de-los-mas-pequenos\\\/#breadcrumblist\"},\"author\":{\"@id\":\"https:\\\/\\\/eldigitaldeasturias.com\\\/magazine365\\\/author\\\/admin\\\/#author\"},\"creator\":{\"@id\":\"https:\\\/\\\/eldigitaldeasturias.com\\\/magazine365\\\/author\\\/admin\\\/#author\"},\"image\":{\"@type\":\"ImageObject\",\"url\":\"https:\\\/\\\/eldigitaldeasturias.com\\\/magazine365\\\/wp-content\\\/uploads\\\/2015\\\/12\\\/fotonoticia_20151224115935_800.jpg\",\"@id\":\"https:\\\/\\\/eldigitaldeasturias.com\\\/magazine365\\\/iberia-express-hara-volar-los-deseos-navidenos-de-los-mas-pequenos\\\/#mainImage\",\"width\":800,\"height\":600},\"primaryImageOfPage\":{\"@id\":\"https:\\\/\\\/eldigitaldeasturias.com\\\/magazine365\\\/iberia-express-hara-volar-los-deseos-navidenos-de-los-mas-pequenos\\\/#mainImage\"},\"datePublished\":\"2015-12-26T02:42:32+01:00\",\"dateModified\":\"2015-12-26T02:42:32+01:00\"},{\"@type\":\"WebSite\",\"@id\":\"https:\\\/\\\/eldigitaldeasturias.com\\\/magazine365\\\/#website\",\"url\":\"https:\\\/\\\/eldigitaldeasturias.com\\\/magazine365\\\/\",\"name\":\"El Digital de Asturias\",\"description\":\"Revista de ocio, turismo y estilo de vida\",\"inLanguage\":\"es-ES\",\"publisher\":{\"@id\":\"https:\\\/\\\/eldigitaldeasturias.com\\\/magazine365\\\/#organization\"}}]}\n\t\t<\/script>\n\t\t<!-- All in One SEO Pro -->\r\n\t\t<title>Iberia Express har\u00e1 volar los deseos navide\u00f1os de los m\u00e1s peque\u00f1os | El Digital de Asturias<\/title>\n\n","aioseo_head_json":{"title":"Iberia Express har\u00e1 volar los deseos navide\u00f1os de los m\u00e1s peque\u00f1os | El Digital de Asturias","description":"Iberia Express har\u00e1 volar los deseos navide\u00f1os de los m\u00e1s peque\u00f1os en los reposacabezas de su flota, a trav\u00e9s de una acci\u00f3n solidaria con Aviaci\u00f3n Sin Fronteras (ASF) que permitir\u00e1 que los dibujos y mensajes de los ni\u00f1os sean visibles en 20 de sus aviones. Los escolares autores de los mensajes y dibujos pertenecen a","canonical_url":"https:\/\/eldigitaldeasturias.com\/magazine365\/iberia-express-hara-volar-los-deseos-navidenos-de-los-mas-pequenos\/","robots":"max-image-preview:large","keywords":"noticias y actualidad","webmasterTools":{"google-site-verification":"UA-38556648-1","miscellaneous":""},"schema":{"@context":"https:\/\/schema.org","@graph":[{"@type":"Article","@id":"https:\/\/eldigitaldeasturias.com\/magazine365\/iberia-express-hara-volar-los-deseos-navidenos-de-los-mas-pequenos\/#article","name":"Iberia Express har\u00e1 volar los deseos navide\u00f1os de los m\u00e1s peque\u00f1os | El Digital de Asturias","headline":"Iberia Express har\u00e1 volar los deseos navide\u00f1os de los m\u00e1s peque\u00f1os","author":{"@id":"https:\/\/eldigitaldeasturias.com\/magazine365\/author\/admin\/#author"},"publisher":{"@id":"https:\/\/eldigitaldeasturias.com\/magazine365\/#organization"},"image":{"@type":"ImageObject","url":"https:\/\/eldigitaldeasturias.com\/magazine365\/wp-content\/uploads\/2015\/12\/fotonoticia_20151224115935_800.jpg","width":800,"height":600},"datePublished":"2015-12-26T02:42:32+01:00","dateModified":"2015-12-26T02:42:32+01:00","inLanguage":"es-ES","mainEntityOfPage":{"@id":"https:\/\/eldigitaldeasturias.com\/magazine365\/iberia-express-hara-volar-los-deseos-navidenos-de-los-mas-pequenos\/#webpage"},"isPartOf":{"@id":"https:\/\/eldigitaldeasturias.com\/magazine365\/iberia-express-hara-volar-los-deseos-navidenos-de-los-mas-pequenos\/#webpage"},"articleSection":"Noticias y Actualidad"},{"@type":"BreadcrumbList","@id":"https:\/\/eldigitaldeasturias.com\/magazine365\/iberia-express-hara-volar-los-deseos-navidenos-de-los-mas-pequenos\/#breadcrumblist","itemListElement":[{"@type":"ListItem","@id":"https:\/\/eldigitaldeasturias.com\/magazine365#listItem","position":1,"name":"Home","item":"https:\/\/eldigitaldeasturias.com\/magazine365","nextItem":{"@type":"ListItem","@id":"https:\/\/eldigitaldeasturias.com\/magazine365\/category\/noticias-actualidad\/#listItem","name":"Noticias y Actualidad"}},{"@type":"ListItem","@id":"https:\/\/eldigitaldeasturias.com\/magazine365\/category\/noticias-actualidad\/#listItem","position":2,"name":"Noticias y Actualidad","item":"https:\/\/eldigitaldeasturias.com\/magazine365\/category\/noticias-actualidad\/","nextItem":{"@type":"ListItem","@id":"https:\/\/eldigitaldeasturias.com\/magazine365\/iberia-express-hara-volar-los-deseos-navidenos-de-los-mas-pequenos\/#listItem","name":"Iberia Express har\u00e1 volar los deseos navide\u00f1os de los m\u00e1s peque\u00f1os"},"previousItem":{"@type":"ListItem","@id":"https:\/\/eldigitaldeasturias.com\/magazine365#listItem","name":"Home"}},{"@type":"ListItem","@id":"https:\/\/eldigitaldeasturias.com\/magazine365\/iberia-express-hara-volar-los-deseos-navidenos-de-los-mas-pequenos\/#listItem","position":3,"name":"Iberia Express har\u00e1 volar los deseos navide\u00f1os de los m\u00e1s peque\u00f1os","previousItem":{"@type":"ListItem","@id":"https:\/\/eldigitaldeasturias.com\/magazine365\/category\/noticias-actualidad\/#listItem","name":"Noticias y Actualidad"}}]},{"@type":"Organization","@id":"https:\/\/eldigitaldeasturias.com\/magazine365\/#organization","name":"El digital de Asturias","description":"Revista de ocio, turismo y estilo de vida","url":"https:\/\/eldigitaldeasturias.com\/magazine365\/","logo":{"@type":"ImageObject","url":"https:\/\/www.eldigitaldeasturias.com\/noticias\/wp-content\/uploads\/2020\/12\/EDA.jpg","@id":"https:\/\/eldigitaldeasturias.com\/magazine365\/iberia-express-hara-volar-los-deseos-navidenos-de-los-mas-pequenos\/#organizationLogo"},"image":{"@id":"https:\/\/eldigitaldeasturias.com\/magazine365\/iberia-express-hara-volar-los-deseos-navidenos-de-los-mas-pequenos\/#organizationLogo"}},{"@type":"Person","@id":"https:\/\/eldigitaldeasturias.com\/magazine365\/author\/admin\/#author","url":"https:\/\/eldigitaldeasturias.com\/magazine365\/author\/admin\/","name":"admin","image":{"@type":"ImageObject","@id":"https:\/\/eldigitaldeasturias.com\/magazine365\/iberia-express-hara-volar-los-deseos-navidenos-de-los-mas-pequenos\/#authorImage","url":"https:\/\/eldigitaldeasturias.com\/magazine365\/wp-content\/litespeed\/avatar\/e571bcf59a0edd6fa6838245a470f2fe.jpg?ver=1777574230","width":96,"height":96,"caption":"admin"}},{"@type":"WebPage","@id":"https:\/\/eldigitaldeasturias.com\/magazine365\/iberia-express-hara-volar-los-deseos-navidenos-de-los-mas-pequenos\/#webpage","url":"https:\/\/eldigitaldeasturias.com\/magazine365\/iberia-express-hara-volar-los-deseos-navidenos-de-los-mas-pequenos\/","name":"Iberia Express har\u00e1 volar los deseos navide\u00f1os de los m\u00e1s peque\u00f1os | El Digital de Asturias","description":"Iberia Express har\u00e1 volar los deseos navide\u00f1os de los m\u00e1s peque\u00f1os en los reposacabezas de su flota, a trav\u00e9s de una acci\u00f3n solidaria con Aviaci\u00f3n Sin Fronteras (ASF) que permitir\u00e1 que los dibujos y mensajes de los ni\u00f1os sean visibles en 20 de sus aviones. Los escolares autores de los mensajes y dibujos pertenecen a","inLanguage":"es-ES","isPartOf":{"@id":"https:\/\/eldigitaldeasturias.com\/magazine365\/#website"},"breadcrumb":{"@id":"https:\/\/eldigitaldeasturias.com\/magazine365\/iberia-express-hara-volar-los-deseos-navidenos-de-los-mas-pequenos\/#breadcrumblist"},"author":{"@id":"https:\/\/eldigitaldeasturias.com\/magazine365\/author\/admin\/#author"},"creator":{"@id":"https:\/\/eldigitaldeasturias.com\/magazine365\/author\/admin\/#author"},"image":{"@type":"ImageObject","url":"https:\/\/eldigitaldeasturias.com\/magazine365\/wp-content\/uploads\/2015\/12\/fotonoticia_20151224115935_800.jpg","@id":"https:\/\/eldigitaldeasturias.com\/magazine365\/iberia-express-hara-volar-los-deseos-navidenos-de-los-mas-pequenos\/#mainImage","width":800,"height":600},"primaryImageOfPage":{"@id":"https:\/\/eldigitaldeasturias.com\/magazine365\/iberia-express-hara-volar-los-deseos-navidenos-de-los-mas-pequenos\/#mainImage"},"datePublished":"2015-12-26T02:42:32+01:00","dateModified":"2015-12-26T02:42:32+01:00"},{"@type":"WebSite","@id":"https:\/\/eldigitaldeasturias.com\/magazine365\/#website","url":"https:\/\/eldigitaldeasturias.com\/magazine365\/","name":"El Digital de Asturias","description":"Revista de ocio, turismo y estilo de vida","inLanguage":"es-ES","publisher":{"@id":"https:\/\/eldigitaldeasturias.com\/magazine365\/#organization"}}]},"og:locale":"es_ES","og:site_name":"El Digital de Asturias \u2013 Revista de ocio, turismo y estilo de vida","og:type":"article","og:title":"Iberia Express har\u00e1 volar los deseos navide\u00f1os de los m\u00e1s peque\u00f1os | El Digital de Asturias","og:description":"Iberia Express har\u00e1 volar los deseos navide\u00f1os de los m\u00e1s peque\u00f1os en los reposacabezas de su flota, a trav\u00e9s de una acci\u00f3n solidaria con Aviaci\u00f3n Sin Fronteras (ASF) que permitir\u00e1 que los dibujos y mensajes de los ni\u00f1os sean visibles en 20 de sus aviones. Los escolares autores de los mensajes y dibujos pertenecen a","og:url":"https:\/\/eldigitaldeasturias.com\/magazine365\/iberia-express-hara-volar-los-deseos-navidenos-de-los-mas-pequenos\/","og:image":"https:\/\/eldigitaldeasturias.com\/magazine365\/wp-content\/uploads\/2015\/12\/fotonoticia_20151224115935_800.jpg","og:image:secure_url":"https:\/\/eldigitaldeasturias.com\/magazine365\/wp-content\/uploads\/2015\/12\/fotonoticia_20151224115935_800.jpg","og:image:width":800,"og:image:height":600,"article:published_time":"2015-12-26T01:42:32+00:00","article:modified_time":"2015-12-26T01:42:32+00:00","twitter:card":"summary_large_image","twitter:title":"Iberia Express har\u00e1 volar los deseos navide\u00f1os de los m\u00e1s peque\u00f1os | El Digital de Asturias","twitter:description":"Iberia Express har\u00e1 volar los deseos navide\u00f1os de los m\u00e1s peque\u00f1os en los reposacabezas de su flota, a trav\u00e9s de una acci\u00f3n solidaria con Aviaci\u00f3n Sin Fronteras (ASF) que permitir\u00e1 que los dibujos y mensajes de los ni\u00f1os sean visibles en 20 de sus aviones. Los escolares autores de los mensajes y dibujos pertenecen a","twitter:image":"https:\/\/eldigitaldeasturias.com\/magazine365\/wp-content\/uploads\/2015\/12\/fotonoticia_20151224115935_800.jpg"},"aioseo_meta_data":{"post_id":"59293","title":null,"description":null,"keywords":null,"keyphrases":null,"primary_term":null,"canonical_url":null,"og_title":null,"og_description":null,"og_object_type":"default","og_image_type":"default","og_image_url":null,"og_image_width":null,"og_image_height":null,"og_image_custom_url":null,"og_image_custom_fields":null,"og_video":null,"og_custom_url":null,"og_article_section":null,"og_article_tags":null,"twitter_use_og":false,"twitter_card":"default","twitter_image_type":"default","twitter_image_url":null,"twitter_image_custom_url":null,"twitter_image_custom_fields":null,"twitter_title":null,"twitter_description":null,"schema":{"blockGraphs":[],"customGraphs":[],"default":{"data":{"Article":[],"Course":[],"Dataset":[],"FAQPage":[],"Movie":[],"Person":[],"Product":[],"ProductReview":[],"Car":[],"Recipe":[],"Service":[],"SoftwareApplication":[],"WebPage":[]},"graphName":"","isEnabled":true},"graphs":[],"defaultGraph":"","defaultPostTypeGraph":""},"schema_type":null,"schema_type_options":null,"pillar_content":false,"robots_default":true,"robots_noindex":false,"robots_noarchive":false,"robots_nosnippet":false,"robots_nofollow":false,"robots_noimageindex":false,"robots_noodp":false,"robots_notranslate":false,"robots_max_snippet":null,"robots_max_videopreview":null,"robots_max_imagepreview":"large","priority":null,"frequency":null,"location":null,"local_seo":null,"seo_analyzer_scan_date":"2025-09-25 04:40:56","breadcrumb_settings":null,"limit_modified_date":false,"open_ai":null,"ai":null,"created":"2021-03-08 22:18:05","updated":"2025-09-25 04:40:56"},"aioseo_breadcrumb":"<div class=\"aioseo-breadcrumbs\"><span class=\"aioseo-breadcrumb\">\n\t<a href=\"https:\/\/eldigitaldeasturias.com\/magazine365\" title=\"Home\">Home<\/a>\n<\/span><span class=\"aioseo-breadcrumb-separator\">\u2013<\/span><span class=\"aioseo-breadcrumb\">\n\t<a href=\"https:\/\/eldigitaldeasturias.com\/magazine365\/category\/noticias-actualidad\/\" title=\"Noticias y Actualidad\">Noticias y Actualidad<\/a>\n<\/span><span class=\"aioseo-breadcrumb-separator\">\u2013<\/span><span class=\"aioseo-breadcrumb\">\n\t<a href=\"https:\/\/eldigitaldeasturias.com\/magazine365\/iberia-express-hara-volar-los-deseos-navidenos-de-los-mas-pequenos\/\" title=\"Iberia Express har\u00e1 volar los deseos navide\u00f1os de los m\u00e1s peque\u00f1os\">Iberia Express har\u00e1 volar los deseos navide\u00f1os de los m\u00e1s peque\u00f1os<\/a>\n<\/span><\/div>","aioseo_breadcrumb_json":[{"label":"Home","link":"https:\/\/eldigitaldeasturias.com\/magazine365"},{"label":"Noticias y Actualidad","link":"https:\/\/eldigitaldeasturias.com\/magazine365\/category\/noticias-actualidad\/"},{"label":"Iberia Express har\u00e1 volar los deseos navide\u00f1os de los m\u00e1s peque\u00f1os","link":"https:\/\/eldigitaldeasturias.com\/magazine365\/iberia-express-hara-volar-los-deseos-navidenos-de-los-mas-pequenos\/"}],"_links":{"self":[{"href":"https:\/\/eldigitaldeasturias.com\/magazine365\/wp-json\/wp\/v2\/posts\/59293","targetHints":{"allow":["GET"]}}],"collection":[{"href":"https:\/\/eldigitaldeasturias.com\/magazine365\/wp-json\/wp\/v2\/posts"}],"about":[{"href":"https:\/\/eldigitaldeasturias.com\/magazine365\/wp-json\/wp\/v2\/types\/post"}],"author":[{"embeddable":true,"href":"https:\/\/eldigitaldeasturias.com\/magazine365\/wp-json\/wp\/v2\/users\/1"}],"replies":[{"embeddable":true,"href":"https:\/\/eldigitaldeasturias.com\/magazine365\/wp-json\/wp\/v2\/comments?post=59293"}],"version-history":[{"count":0,"href":"https:\/\/eldigitaldeasturias.com\/magazine365\/wp-json\/wp\/v2\/posts\/59293\/revisions"}],"wp:featuredmedia":[{"embeddable":true,"href":"https:\/\/eldigitaldeasturias.com\/magazine365\/wp-json\/wp\/v2\/media\/59294"}],"wp:attachment":[{"href":"https:\/\/eldigitaldeasturias.com\/magazine365\/wp-json\/wp\/v2\/media?parent=59293"}],"wp:term":[{"taxonomy":"category","embeddable":true,"href":"https:\/\/eldigitaldeasturias.com\/magazine365\/wp-json\/wp\/v2\/categories?post=59293"},{"taxonomy":"post_tag","embeddable":true,"href":"https:\/\/eldigitaldeasturias.com\/magazine365\/wp-json\/wp\/v2\/tags?post=59293"}],"curies":[{"name":"wp","href":"https:\/\/api.w.org\/{rel}","templated":true}]}}