{"id":59290,"date":"2015-12-26T02:37:52","date_gmt":"2015-12-26T01:37:52","guid":{"rendered":"http:\/\/eldigitaldeasturias.com\/magazine365\/?p=59290"},"modified":"2015-12-26T02:37:52","modified_gmt":"2015-12-26T01:37:52","slug":"dulces-navidenos-y-carta-a-los-reyes-magos-en-los-vuelos-de-iberia","status":"publish","type":"post","link":"https:\/\/eldigitaldeasturias.com\/magazine365\/dulces-navidenos-y-carta-a-los-reyes-magos-en-los-vuelos-de-iberia\/","title":{"rendered":"Dulces navide\u00f1os y carta a los Reyes Magos en los vuelos de Iberia"},"content":{"rendered":"<p><img fetchpriority=\"high\" decoding=\"async\" class=\"alignleft size-medium wp-image-59291\" src=\"https:\/\/eldigitaldeasturias.com\/magazine365\/wp-content\/uploads\/2015\/12\/fotonoticia_20151224105936_800-360x298.jpg\" alt=\"fotonoticia_20151224105936_800\" width=\"360\" height=\"298\" srcset=\"https:\/\/eldigitaldeasturias.com\/magazine365\/wp-content\/uploads\/2015\/12\/fotonoticia_20151224105936_800-360x298.jpg 360w, https:\/\/eldigitaldeasturias.com\/magazine365\/wp-content\/uploads\/2015\/12\/fotonoticia_20151224105936_800-650x539.jpg 650w, https:\/\/eldigitaldeasturias.com\/magazine365\/wp-content\/uploads\/2015\/12\/fotonoticia_20151224105936_800-768x636.jpg 768w, https:\/\/eldigitaldeasturias.com\/magazine365\/wp-content\/uploads\/2015\/12\/fotonoticia_20151224105936_800-150x124.jpg 150w, https:\/\/eldigitaldeasturias.com\/magazine365\/wp-content\/uploads\/2015\/12\/fotonoticia_20151224105936_800-450x373.jpg 450w, https:\/\/eldigitaldeasturias.com\/magazine365\/wp-content\/uploads\/2015\/12\/fotonoticia_20151224105936_800-696x577.jpg 696w, https:\/\/eldigitaldeasturias.com\/magazine365\/wp-content\/uploads\/2015\/12\/fotonoticia_20151224105936_800-507x420.jpg 507w, https:\/\/eldigitaldeasturias.com\/magazine365\/wp-content\/uploads\/2015\/12\/fotonoticia_20151224105936_800-300x247.jpg 300w, https:\/\/eldigitaldeasturias.com\/magazine365\/wp-content\/uploads\/2015\/12\/fotonoticia_20151224105936_800.jpg 800w\" sizes=\"(max-width: 360px) 100vw, 360px\" \/>Dulces navide\u00f1os, un Rosc\u00f3n de Reyes con Avios como sorpresa, reposacabezas customizados, y la carta para los Reyes Magos son algunos de los detalles que Iberia ha incluido en sus vuelos esta Navidad.<\/p>\n<p>Los d\u00edas 24, 25, 31 de diciembre y 1 de enero la aerol\u00ednea ofrecer\u00e1 en sus vuelos los tradicionales dulces navide\u00f1os (turrones, mazap\u00e1n artesano de Toledo y chocolates); y desde hoy y hasta el 4 de enero los ni\u00f1os que vuelen con Iberia recibir\u00e1n la carta para escribir a los Reyes Magos.<\/p>\n<p>Iberia tambi\u00e9n ha customizado con motivos navide\u00f1os otros elementos de su servicio a bordo como los reposacabezas, los neceseres de la clase Business de largo radio, o algunos elementos que se utilizan en el segundo servicio (desayuno o merienda) de la clase turista de largo radio.<\/p>\n<p>Para sus clientes &#8216;Business&#8217; de los vuelos m\u00e1s largos, Iberia ha dise\u00f1ado un men\u00fa con productos tan navide\u00f1os como el foie, un solomillo con salsa de miel, la pasta rellena con salsa de cava y ar\u00e1ndanos, el rodaballo con salsa souquet o el pastel de turr\u00f3n y c\u00edtricos.<\/p>\n<p>ROSC\u00d3N CON 100.000 AVIOS.<\/p>\n<p>Adem\u00e1s, el d\u00eda 5 de enero Iberia repartir\u00e1 en sus vuelos de m\u00e1s de dos horas un Rosc\u00f3n de Reyes con dos sorpresas muy especiales: 50.000 y 100.000 Avios, suficientes para que los agraciados puedan cumplir en 2016 su sue\u00f1o de volar con un acompa\u00f1ante a cualquier destino de Iberia en Europa.<\/p>\n<p>En el caso de ser el ganador de los 100.000 Avios se puede volar a pr\u00e1cticamente cualquier destino de Am\u00e9rica: Nueva York, Boston, Chicago o Los \u00c1ngeles en EEUU; y Colombia, Guatemala, Cuba, Brasil, Costa Rica, Per\u00fa, o Ecuador entre otros pa\u00edses de Am\u00e9rica Latina.<\/p>\n<p>Este a\u00f1o, Iberia adem\u00e1s est\u00e1 felicitando la Navidad a sus clientes con un original v\u00eddeo que tiene como protagonista a un avi\u00f3n abrigado con un t\u00edpico jersey invernal y que se ha desarrollado bajo el lema &#8216;Siente el calor de la Navidad&#8217;.<\/p>\n<p>A trav\u00e9s de los canales de Iberia en redes sociales se puede ver el v\u00eddeo que muestra c\u00f3mo la aerol\u00ednea ha dise\u00f1ado esta original prenda, para que quienes viajen en estas fechas para reunirse con sus seres queridos sientan el calor de Navidad volando con Iberia.<\/p>\n","protected":false},"excerpt":{"rendered":"<p>Dulces navide\u00f1os, un Rosc\u00f3n de Reyes con Avios como sorpresa, reposacabezas customizados, y la carta para los Reyes Magos son algunos de los detalles que Iberia ha incluido en sus vuelos esta Navidad. Los d\u00edas 24, 25, 31 de diciembre y 1 de enero la aerol\u00ednea ofrecer\u00e1 en sus vuelos los tradicionales dulces navide\u00f1os (turrones,<\/p>\n","protected":false},"author":1,"featured_media":59291,"comment_status":"open","ping_status":"closed","sticky":false,"template":"","format":"standard","meta":{"footnotes":""},"categories":[224],"tags":[],"class_list":{"0":"post-59290","1":"post","2":"type-post","3":"status-publish","4":"format-standard","5":"has-post-thumbnail","7":"category-noticias-actualidad"},"aioseo_notices":[],"aioseo_head":"\n\t\t<!-- All in One SEO Pro 4.9.6.1 - aioseo.com -->\n\t<meta name=\"description\" content=\"Dulces navide\u00f1os, un Rosc\u00f3n de Reyes con Avios como sorpresa, reposacabezas customizados, y la carta para los Reyes Magos son algunos de los detalles que Iberia ha incluido en sus vuelos esta Navidad. Los d\u00edas 24, 25, 31 de diciembre y 1 de enero la aerol\u00ednea ofrecer\u00e1 en sus vuelos los tradicionales dulces navide\u00f1os (turrones,\" \/>\n\t<meta name=\"robots\" content=\"max-image-preview:large\" \/>\n\t<meta name=\"author\" content=\"admin\"\/>\n\t<meta name=\"google-site-verification\" content=\"UA-38556648-1\" \/>\n\t<meta name=\"keywords\" content=\"noticias y actualidad\" \/>\n\t<link rel=\"canonical\" href=\"https:\/\/eldigitaldeasturias.com\/magazine365\/dulces-navidenos-y-carta-a-los-reyes-magos-en-los-vuelos-de-iberia\/\" \/>\n\t<meta name=\"generator\" content=\"All in One SEO Pro (AIOSEO) 4.9.6.1\" \/>\n\t\t<meta property=\"og:locale\" content=\"es_ES\" \/>\n\t\t<meta property=\"og:site_name\" content=\"El Digital de Asturias \u2013 Revista de ocio, turismo y estilo de vida\" \/>\n\t\t<meta property=\"og:type\" content=\"article\" \/>\n\t\t<meta property=\"og:title\" content=\"Dulces navide\u00f1os y carta a los Reyes Magos en los vuelos de Iberia | El Digital de Asturias\" \/>\n\t\t<meta property=\"og:description\" content=\"Dulces navide\u00f1os, un Rosc\u00f3n de Reyes con Avios como sorpresa, reposacabezas customizados, y la carta para los Reyes Magos son algunos de los detalles que Iberia ha incluido en sus vuelos esta Navidad. Los d\u00edas 24, 25, 31 de diciembre y 1 de enero la aerol\u00ednea ofrecer\u00e1 en sus vuelos los tradicionales dulces navide\u00f1os (turrones,\" \/>\n\t\t<meta property=\"og:url\" content=\"https:\/\/eldigitaldeasturias.com\/magazine365\/dulces-navidenos-y-carta-a-los-reyes-magos-en-los-vuelos-de-iberia\/\" \/>\n\t\t<meta property=\"og:image\" content=\"https:\/\/eldigitaldeasturias.com\/magazine365\/wp-content\/uploads\/2015\/12\/fotonoticia_20151224105936_800.jpg\" \/>\n\t\t<meta property=\"og:image:secure_url\" content=\"https:\/\/eldigitaldeasturias.com\/magazine365\/wp-content\/uploads\/2015\/12\/fotonoticia_20151224105936_800.jpg\" \/>\n\t\t<meta property=\"og:image:width\" content=\"800\" \/>\n\t\t<meta property=\"og:image:height\" content=\"663\" \/>\n\t\t<meta property=\"article:published_time\" content=\"2015-12-26T01:37:52+00:00\" \/>\n\t\t<meta property=\"article:modified_time\" content=\"2015-12-26T01:37:52+00:00\" \/>\n\t\t<meta name=\"twitter:card\" content=\"summary_large_image\" \/>\n\t\t<meta name=\"twitter:title\" content=\"Dulces navide\u00f1os y carta a los Reyes Magos en los vuelos de Iberia | El Digital de Asturias\" \/>\n\t\t<meta name=\"twitter:description\" content=\"Dulces navide\u00f1os, un Rosc\u00f3n de Reyes con Avios como sorpresa, reposacabezas customizados, y la carta para los Reyes Magos son algunos de los detalles que Iberia ha incluido en sus vuelos esta Navidad. Los d\u00edas 24, 25, 31 de diciembre y 1 de enero la aerol\u00ednea ofrecer\u00e1 en sus vuelos los tradicionales dulces navide\u00f1os (turrones,\" \/>\n\t\t<meta name=\"twitter:image\" content=\"https:\/\/eldigitaldeasturias.com\/magazine365\/wp-content\/uploads\/2015\/12\/fotonoticia_20151224105936_800.jpg\" \/>\n\t\t<script type=\"application\/ld+json\" class=\"aioseo-schema\">\n\t\t\t{\"@context\":\"https:\\\/\\\/schema.org\",\"@graph\":[{\"@type\":\"Article\",\"@id\":\"https:\\\/\\\/eldigitaldeasturias.com\\\/magazine365\\\/dulces-navidenos-y-carta-a-los-reyes-magos-en-los-vuelos-de-iberia\\\/#article\",\"name\":\"Dulces navide\\u00f1os y carta a los Reyes Magos en los vuelos de Iberia | El Digital de Asturias\",\"headline\":\"Dulces navide\\u00f1os y carta a los Reyes Magos en los vuelos de Iberia\",\"author\":{\"@id\":\"https:\\\/\\\/eldigitaldeasturias.com\\\/magazine365\\\/author\\\/admin\\\/#author\"},\"publisher\":{\"@id\":\"https:\\\/\\\/eldigitaldeasturias.com\\\/magazine365\\\/#organization\"},\"image\":{\"@type\":\"ImageObject\",\"url\":\"https:\\\/\\\/eldigitaldeasturias.com\\\/magazine365\\\/wp-content\\\/uploads\\\/2015\\\/12\\\/fotonoticia_20151224105936_800.jpg\",\"width\":800,\"height\":663},\"datePublished\":\"2015-12-26T02:37:52+01:00\",\"dateModified\":\"2015-12-26T02:37:52+01:00\",\"inLanguage\":\"es-ES\",\"mainEntityOfPage\":{\"@id\":\"https:\\\/\\\/eldigitaldeasturias.com\\\/magazine365\\\/dulces-navidenos-y-carta-a-los-reyes-magos-en-los-vuelos-de-iberia\\\/#webpage\"},\"isPartOf\":{\"@id\":\"https:\\\/\\\/eldigitaldeasturias.com\\\/magazine365\\\/dulces-navidenos-y-carta-a-los-reyes-magos-en-los-vuelos-de-iberia\\\/#webpage\"},\"articleSection\":\"Noticias y Actualidad\"},{\"@type\":\"BreadcrumbList\",\"@id\":\"https:\\\/\\\/eldigitaldeasturias.com\\\/magazine365\\\/dulces-navidenos-y-carta-a-los-reyes-magos-en-los-vuelos-de-iberia\\\/#breadcrumblist\",\"itemListElement\":[{\"@type\":\"ListItem\",\"@id\":\"https:\\\/\\\/eldigitaldeasturias.com\\\/magazine365#listItem\",\"position\":1,\"name\":\"Home\",\"item\":\"https:\\\/\\\/eldigitaldeasturias.com\\\/magazine365\",\"nextItem\":{\"@type\":\"ListItem\",\"@id\":\"https:\\\/\\\/eldigitaldeasturias.com\\\/magazine365\\\/category\\\/noticias-actualidad\\\/#listItem\",\"name\":\"Noticias y Actualidad\"}},{\"@type\":\"ListItem\",\"@id\":\"https:\\\/\\\/eldigitaldeasturias.com\\\/magazine365\\\/category\\\/noticias-actualidad\\\/#listItem\",\"position\":2,\"name\":\"Noticias y Actualidad\",\"item\":\"https:\\\/\\\/eldigitaldeasturias.com\\\/magazine365\\\/category\\\/noticias-actualidad\\\/\",\"nextItem\":{\"@type\":\"ListItem\",\"@id\":\"https:\\\/\\\/eldigitaldeasturias.com\\\/magazine365\\\/dulces-navidenos-y-carta-a-los-reyes-magos-en-los-vuelos-de-iberia\\\/#listItem\",\"name\":\"Dulces navide\\u00f1os y carta a los Reyes Magos en los vuelos de Iberia\"},\"previousItem\":{\"@type\":\"ListItem\",\"@id\":\"https:\\\/\\\/eldigitaldeasturias.com\\\/magazine365#listItem\",\"name\":\"Home\"}},{\"@type\":\"ListItem\",\"@id\":\"https:\\\/\\\/eldigitaldeasturias.com\\\/magazine365\\\/dulces-navidenos-y-carta-a-los-reyes-magos-en-los-vuelos-de-iberia\\\/#listItem\",\"position\":3,\"name\":\"Dulces navide\\u00f1os y carta a los Reyes Magos en los vuelos de Iberia\",\"previousItem\":{\"@type\":\"ListItem\",\"@id\":\"https:\\\/\\\/eldigitaldeasturias.com\\\/magazine365\\\/category\\\/noticias-actualidad\\\/#listItem\",\"name\":\"Noticias y Actualidad\"}}]},{\"@type\":\"Organization\",\"@id\":\"https:\\\/\\\/eldigitaldeasturias.com\\\/magazine365\\\/#organization\",\"name\":\"El digital de Asturias\",\"description\":\"Revista de ocio, turismo y estilo de vida\",\"url\":\"https:\\\/\\\/eldigitaldeasturias.com\\\/magazine365\\\/\",\"logo\":{\"@type\":\"ImageObject\",\"url\":\"https:\\\/\\\/www.eldigitaldeasturias.com\\\/noticias\\\/wp-content\\\/uploads\\\/2020\\\/12\\\/EDA.jpg\",\"@id\":\"https:\\\/\\\/eldigitaldeasturias.com\\\/magazine365\\\/dulces-navidenos-y-carta-a-los-reyes-magos-en-los-vuelos-de-iberia\\\/#organizationLogo\"},\"image\":{\"@id\":\"https:\\\/\\\/eldigitaldeasturias.com\\\/magazine365\\\/dulces-navidenos-y-carta-a-los-reyes-magos-en-los-vuelos-de-iberia\\\/#organizationLogo\"}},{\"@type\":\"Person\",\"@id\":\"https:\\\/\\\/eldigitaldeasturias.com\\\/magazine365\\\/author\\\/admin\\\/#author\",\"url\":\"https:\\\/\\\/eldigitaldeasturias.com\\\/magazine365\\\/author\\\/admin\\\/\",\"name\":\"admin\",\"image\":{\"@type\":\"ImageObject\",\"@id\":\"https:\\\/\\\/eldigitaldeasturias.com\\\/magazine365\\\/dulces-navidenos-y-carta-a-los-reyes-magos-en-los-vuelos-de-iberia\\\/#authorImage\",\"url\":\"https:\\\/\\\/eldigitaldeasturias.com\\\/magazine365\\\/wp-content\\\/litespeed\\\/avatar\\\/e571bcf59a0edd6fa6838245a470f2fe.jpg?ver=1777574230\",\"width\":96,\"height\":96,\"caption\":\"admin\"}},{\"@type\":\"WebPage\",\"@id\":\"https:\\\/\\\/eldigitaldeasturias.com\\\/magazine365\\\/dulces-navidenos-y-carta-a-los-reyes-magos-en-los-vuelos-de-iberia\\\/#webpage\",\"url\":\"https:\\\/\\\/eldigitaldeasturias.com\\\/magazine365\\\/dulces-navidenos-y-carta-a-los-reyes-magos-en-los-vuelos-de-iberia\\\/\",\"name\":\"Dulces navide\\u00f1os y carta a los Reyes Magos en los vuelos de Iberia | El Digital de Asturias\",\"description\":\"Dulces navide\\u00f1os, un Rosc\\u00f3n de Reyes con Avios como sorpresa, reposacabezas customizados, y la carta para los Reyes Magos son algunos de los detalles que Iberia ha incluido en sus vuelos esta Navidad. Los d\\u00edas 24, 25, 31 de diciembre y 1 de enero la aerol\\u00ednea ofrecer\\u00e1 en sus vuelos los tradicionales dulces navide\\u00f1os (turrones,\",\"inLanguage\":\"es-ES\",\"isPartOf\":{\"@id\":\"https:\\\/\\\/eldigitaldeasturias.com\\\/magazine365\\\/#website\"},\"breadcrumb\":{\"@id\":\"https:\\\/\\\/eldigitaldeasturias.com\\\/magazine365\\\/dulces-navidenos-y-carta-a-los-reyes-magos-en-los-vuelos-de-iberia\\\/#breadcrumblist\"},\"author\":{\"@id\":\"https:\\\/\\\/eldigitaldeasturias.com\\\/magazine365\\\/author\\\/admin\\\/#author\"},\"creator\":{\"@id\":\"https:\\\/\\\/eldigitaldeasturias.com\\\/magazine365\\\/author\\\/admin\\\/#author\"},\"image\":{\"@type\":\"ImageObject\",\"url\":\"https:\\\/\\\/eldigitaldeasturias.com\\\/magazine365\\\/wp-content\\\/uploads\\\/2015\\\/12\\\/fotonoticia_20151224105936_800.jpg\",\"@id\":\"https:\\\/\\\/eldigitaldeasturias.com\\\/magazine365\\\/dulces-navidenos-y-carta-a-los-reyes-magos-en-los-vuelos-de-iberia\\\/#mainImage\",\"width\":800,\"height\":663},\"primaryImageOfPage\":{\"@id\":\"https:\\\/\\\/eldigitaldeasturias.com\\\/magazine365\\\/dulces-navidenos-y-carta-a-los-reyes-magos-en-los-vuelos-de-iberia\\\/#mainImage\"},\"datePublished\":\"2015-12-26T02:37:52+01:00\",\"dateModified\":\"2015-12-26T02:37:52+01:00\"},{\"@type\":\"WebSite\",\"@id\":\"https:\\\/\\\/eldigitaldeasturias.com\\\/magazine365\\\/#website\",\"url\":\"https:\\\/\\\/eldigitaldeasturias.com\\\/magazine365\\\/\",\"name\":\"El Digital de Asturias\",\"description\":\"Revista de ocio, turismo y estilo de vida\",\"inLanguage\":\"es-ES\",\"publisher\":{\"@id\":\"https:\\\/\\\/eldigitaldeasturias.com\\\/magazine365\\\/#organization\"}}]}\n\t\t<\/script>\n\t\t<!-- All in One SEO Pro -->\r\n\t\t<title>Dulces navide\u00f1os y carta a los Reyes Magos en los vuelos de Iberia | El Digital de Asturias<\/title>\n\n","aioseo_head_json":{"title":"Dulces navide\u00f1os y carta a los Reyes Magos en los vuelos de Iberia | El Digital de Asturias","description":"Dulces navide\u00f1os, un Rosc\u00f3n de Reyes con Avios como sorpresa, reposacabezas customizados, y la carta para los Reyes Magos son algunos de los detalles que Iberia ha incluido en sus vuelos esta Navidad. Los d\u00edas 24, 25, 31 de diciembre y 1 de enero la aerol\u00ednea ofrecer\u00e1 en sus vuelos los tradicionales dulces navide\u00f1os (turrones,","canonical_url":"https:\/\/eldigitaldeasturias.com\/magazine365\/dulces-navidenos-y-carta-a-los-reyes-magos-en-los-vuelos-de-iberia\/","robots":"max-image-preview:large","keywords":"noticias y actualidad","webmasterTools":{"google-site-verification":"UA-38556648-1","miscellaneous":""},"schema":{"@context":"https:\/\/schema.org","@graph":[{"@type":"Article","@id":"https:\/\/eldigitaldeasturias.com\/magazine365\/dulces-navidenos-y-carta-a-los-reyes-magos-en-los-vuelos-de-iberia\/#article","name":"Dulces navide\u00f1os y carta a los Reyes Magos en los vuelos de Iberia | El Digital de Asturias","headline":"Dulces navide\u00f1os y carta a los Reyes Magos en los vuelos de Iberia","author":{"@id":"https:\/\/eldigitaldeasturias.com\/magazine365\/author\/admin\/#author"},"publisher":{"@id":"https:\/\/eldigitaldeasturias.com\/magazine365\/#organization"},"image":{"@type":"ImageObject","url":"https:\/\/eldigitaldeasturias.com\/magazine365\/wp-content\/uploads\/2015\/12\/fotonoticia_20151224105936_800.jpg","width":800,"height":663},"datePublished":"2015-12-26T02:37:52+01:00","dateModified":"2015-12-26T02:37:52+01:00","inLanguage":"es-ES","mainEntityOfPage":{"@id":"https:\/\/eldigitaldeasturias.com\/magazine365\/dulces-navidenos-y-carta-a-los-reyes-magos-en-los-vuelos-de-iberia\/#webpage"},"isPartOf":{"@id":"https:\/\/eldigitaldeasturias.com\/magazine365\/dulces-navidenos-y-carta-a-los-reyes-magos-en-los-vuelos-de-iberia\/#webpage"},"articleSection":"Noticias y Actualidad"},{"@type":"BreadcrumbList","@id":"https:\/\/eldigitaldeasturias.com\/magazine365\/dulces-navidenos-y-carta-a-los-reyes-magos-en-los-vuelos-de-iberia\/#breadcrumblist","itemListElement":[{"@type":"ListItem","@id":"https:\/\/eldigitaldeasturias.com\/magazine365#listItem","position":1,"name":"Home","item":"https:\/\/eldigitaldeasturias.com\/magazine365","nextItem":{"@type":"ListItem","@id":"https:\/\/eldigitaldeasturias.com\/magazine365\/category\/noticias-actualidad\/#listItem","name":"Noticias y Actualidad"}},{"@type":"ListItem","@id":"https:\/\/eldigitaldeasturias.com\/magazine365\/category\/noticias-actualidad\/#listItem","position":2,"name":"Noticias y Actualidad","item":"https:\/\/eldigitaldeasturias.com\/magazine365\/category\/noticias-actualidad\/","nextItem":{"@type":"ListItem","@id":"https:\/\/eldigitaldeasturias.com\/magazine365\/dulces-navidenos-y-carta-a-los-reyes-magos-en-los-vuelos-de-iberia\/#listItem","name":"Dulces navide\u00f1os y carta a los Reyes Magos en los vuelos de Iberia"},"previousItem":{"@type":"ListItem","@id":"https:\/\/eldigitaldeasturias.com\/magazine365#listItem","name":"Home"}},{"@type":"ListItem","@id":"https:\/\/eldigitaldeasturias.com\/magazine365\/dulces-navidenos-y-carta-a-los-reyes-magos-en-los-vuelos-de-iberia\/#listItem","position":3,"name":"Dulces navide\u00f1os y carta a los Reyes Magos en los vuelos de Iberia","previousItem":{"@type":"ListItem","@id":"https:\/\/eldigitaldeasturias.com\/magazine365\/category\/noticias-actualidad\/#listItem","name":"Noticias y Actualidad"}}]},{"@type":"Organization","@id":"https:\/\/eldigitaldeasturias.com\/magazine365\/#organization","name":"El digital de Asturias","description":"Revista de ocio, turismo y estilo de vida","url":"https:\/\/eldigitaldeasturias.com\/magazine365\/","logo":{"@type":"ImageObject","url":"https:\/\/www.eldigitaldeasturias.com\/noticias\/wp-content\/uploads\/2020\/12\/EDA.jpg","@id":"https:\/\/eldigitaldeasturias.com\/magazine365\/dulces-navidenos-y-carta-a-los-reyes-magos-en-los-vuelos-de-iberia\/#organizationLogo"},"image":{"@id":"https:\/\/eldigitaldeasturias.com\/magazine365\/dulces-navidenos-y-carta-a-los-reyes-magos-en-los-vuelos-de-iberia\/#organizationLogo"}},{"@type":"Person","@id":"https:\/\/eldigitaldeasturias.com\/magazine365\/author\/admin\/#author","url":"https:\/\/eldigitaldeasturias.com\/magazine365\/author\/admin\/","name":"admin","image":{"@type":"ImageObject","@id":"https:\/\/eldigitaldeasturias.com\/magazine365\/dulces-navidenos-y-carta-a-los-reyes-magos-en-los-vuelos-de-iberia\/#authorImage","url":"https:\/\/eldigitaldeasturias.com\/magazine365\/wp-content\/litespeed\/avatar\/e571bcf59a0edd6fa6838245a470f2fe.jpg?ver=1777574230","width":96,"height":96,"caption":"admin"}},{"@type":"WebPage","@id":"https:\/\/eldigitaldeasturias.com\/magazine365\/dulces-navidenos-y-carta-a-los-reyes-magos-en-los-vuelos-de-iberia\/#webpage","url":"https:\/\/eldigitaldeasturias.com\/magazine365\/dulces-navidenos-y-carta-a-los-reyes-magos-en-los-vuelos-de-iberia\/","name":"Dulces navide\u00f1os y carta a los Reyes Magos en los vuelos de Iberia | El Digital de Asturias","description":"Dulces navide\u00f1os, un Rosc\u00f3n de Reyes con Avios como sorpresa, reposacabezas customizados, y la carta para los Reyes Magos son algunos de los detalles que Iberia ha incluido en sus vuelos esta Navidad. Los d\u00edas 24, 25, 31 de diciembre y 1 de enero la aerol\u00ednea ofrecer\u00e1 en sus vuelos los tradicionales dulces navide\u00f1os (turrones,","inLanguage":"es-ES","isPartOf":{"@id":"https:\/\/eldigitaldeasturias.com\/magazine365\/#website"},"breadcrumb":{"@id":"https:\/\/eldigitaldeasturias.com\/magazine365\/dulces-navidenos-y-carta-a-los-reyes-magos-en-los-vuelos-de-iberia\/#breadcrumblist"},"author":{"@id":"https:\/\/eldigitaldeasturias.com\/magazine365\/author\/admin\/#author"},"creator":{"@id":"https:\/\/eldigitaldeasturias.com\/magazine365\/author\/admin\/#author"},"image":{"@type":"ImageObject","url":"https:\/\/eldigitaldeasturias.com\/magazine365\/wp-content\/uploads\/2015\/12\/fotonoticia_20151224105936_800.jpg","@id":"https:\/\/eldigitaldeasturias.com\/magazine365\/dulces-navidenos-y-carta-a-los-reyes-magos-en-los-vuelos-de-iberia\/#mainImage","width":800,"height":663},"primaryImageOfPage":{"@id":"https:\/\/eldigitaldeasturias.com\/magazine365\/dulces-navidenos-y-carta-a-los-reyes-magos-en-los-vuelos-de-iberia\/#mainImage"},"datePublished":"2015-12-26T02:37:52+01:00","dateModified":"2015-12-26T02:37:52+01:00"},{"@type":"WebSite","@id":"https:\/\/eldigitaldeasturias.com\/magazine365\/#website","url":"https:\/\/eldigitaldeasturias.com\/magazine365\/","name":"El Digital de Asturias","description":"Revista de ocio, turismo y estilo de vida","inLanguage":"es-ES","publisher":{"@id":"https:\/\/eldigitaldeasturias.com\/magazine365\/#organization"}}]},"og:locale":"es_ES","og:site_name":"El Digital de Asturias \u2013 Revista de ocio, turismo y estilo de vida","og:type":"article","og:title":"Dulces navide\u00f1os y carta a los Reyes Magos en los vuelos de Iberia | El Digital de Asturias","og:description":"Dulces navide\u00f1os, un Rosc\u00f3n de Reyes con Avios como sorpresa, reposacabezas customizados, y la carta para los Reyes Magos son algunos de los detalles que Iberia ha incluido en sus vuelos esta Navidad. Los d\u00edas 24, 25, 31 de diciembre y 1 de enero la aerol\u00ednea ofrecer\u00e1 en sus vuelos los tradicionales dulces navide\u00f1os (turrones,","og:url":"https:\/\/eldigitaldeasturias.com\/magazine365\/dulces-navidenos-y-carta-a-los-reyes-magos-en-los-vuelos-de-iberia\/","og:image":"https:\/\/eldigitaldeasturias.com\/magazine365\/wp-content\/uploads\/2015\/12\/fotonoticia_20151224105936_800.jpg","og:image:secure_url":"https:\/\/eldigitaldeasturias.com\/magazine365\/wp-content\/uploads\/2015\/12\/fotonoticia_20151224105936_800.jpg","og:image:width":800,"og:image:height":663,"article:published_time":"2015-12-26T01:37:52+00:00","article:modified_time":"2015-12-26T01:37:52+00:00","twitter:card":"summary_large_image","twitter:title":"Dulces navide\u00f1os y carta a los Reyes Magos en los vuelos de Iberia | El Digital de Asturias","twitter:description":"Dulces navide\u00f1os, un Rosc\u00f3n de Reyes con Avios como sorpresa, reposacabezas customizados, y la carta para los Reyes Magos son algunos de los detalles que Iberia ha incluido en sus vuelos esta Navidad. Los d\u00edas 24, 25, 31 de diciembre y 1 de enero la aerol\u00ednea ofrecer\u00e1 en sus vuelos los tradicionales dulces navide\u00f1os (turrones,","twitter:image":"https:\/\/eldigitaldeasturias.com\/magazine365\/wp-content\/uploads\/2015\/12\/fotonoticia_20151224105936_800.jpg"},"aioseo_meta_data":{"post_id":"59290","title":null,"description":null,"keywords":null,"keyphrases":null,"primary_term":null,"canonical_url":null,"og_title":null,"og_description":null,"og_object_type":"default","og_image_type":"default","og_image_url":null,"og_image_width":null,"og_image_height":null,"og_image_custom_url":null,"og_image_custom_fields":null,"og_video":null,"og_custom_url":null,"og_article_section":null,"og_article_tags":null,"twitter_use_og":false,"twitter_card":"default","twitter_image_type":"default","twitter_image_url":null,"twitter_image_custom_url":null,"twitter_image_custom_fields":null,"twitter_title":null,"twitter_description":null,"schema":{"blockGraphs":[],"customGraphs":[],"default":{"data":{"Article":[],"Course":[],"Dataset":[],"FAQPage":[],"Movie":[],"Person":[],"Product":[],"ProductReview":[],"Car":[],"Recipe":[],"Service":[],"SoftwareApplication":[],"WebPage":[]},"graphName":"","isEnabled":true},"graphs":[],"defaultGraph":"","defaultPostTypeGraph":""},"schema_type":null,"schema_type_options":null,"pillar_content":false,"robots_default":true,"robots_noindex":false,"robots_noarchive":false,"robots_nosnippet":false,"robots_nofollow":false,"robots_noimageindex":false,"robots_noodp":false,"robots_notranslate":false,"robots_max_snippet":null,"robots_max_videopreview":null,"robots_max_imagepreview":"large","priority":null,"frequency":null,"location":null,"local_seo":null,"seo_analyzer_scan_date":"2025-09-25 04:40:54","breadcrumb_settings":null,"limit_modified_date":false,"open_ai":null,"ai":null,"created":"2021-03-08 22:18:05","updated":"2025-09-25 04:40:54"},"aioseo_breadcrumb":"<div class=\"aioseo-breadcrumbs\"><span class=\"aioseo-breadcrumb\">\n\t<a href=\"https:\/\/eldigitaldeasturias.com\/magazine365\" title=\"Home\">Home<\/a>\n<\/span><span class=\"aioseo-breadcrumb-separator\">\u2013<\/span><span class=\"aioseo-breadcrumb\">\n\t<a href=\"https:\/\/eldigitaldeasturias.com\/magazine365\/category\/noticias-actualidad\/\" title=\"Noticias y Actualidad\">Noticias y Actualidad<\/a>\n<\/span><span class=\"aioseo-breadcrumb-separator\">\u2013<\/span><span class=\"aioseo-breadcrumb\">\n\t<a href=\"https:\/\/eldigitaldeasturias.com\/magazine365\/dulces-navidenos-y-carta-a-los-reyes-magos-en-los-vuelos-de-iberia\/\" title=\"Dulces navide\u00f1os y carta a los Reyes Magos en los vuelos de Iberia\">Dulces navide\u00f1os y carta a los Reyes Magos en los vuelos de Iberia<\/a>\n<\/span><\/div>","aioseo_breadcrumb_json":[{"label":"Home","link":"https:\/\/eldigitaldeasturias.com\/magazine365"},{"label":"Noticias y Actualidad","link":"https:\/\/eldigitaldeasturias.com\/magazine365\/category\/noticias-actualidad\/"},{"label":"Dulces navide\u00f1os y carta a los Reyes Magos en los vuelos de Iberia","link":"https:\/\/eldigitaldeasturias.com\/magazine365\/dulces-navidenos-y-carta-a-los-reyes-magos-en-los-vuelos-de-iberia\/"}],"_links":{"self":[{"href":"https:\/\/eldigitaldeasturias.com\/magazine365\/wp-json\/wp\/v2\/posts\/59290","targetHints":{"allow":["GET"]}}],"collection":[{"href":"https:\/\/eldigitaldeasturias.com\/magazine365\/wp-json\/wp\/v2\/posts"}],"about":[{"href":"https:\/\/eldigitaldeasturias.com\/magazine365\/wp-json\/wp\/v2\/types\/post"}],"author":[{"embeddable":true,"href":"https:\/\/eldigitaldeasturias.com\/magazine365\/wp-json\/wp\/v2\/users\/1"}],"replies":[{"embeddable":true,"href":"https:\/\/eldigitaldeasturias.com\/magazine365\/wp-json\/wp\/v2\/comments?post=59290"}],"version-history":[{"count":0,"href":"https:\/\/eldigitaldeasturias.com\/magazine365\/wp-json\/wp\/v2\/posts\/59290\/revisions"}],"wp:featuredmedia":[{"embeddable":true,"href":"https:\/\/eldigitaldeasturias.com\/magazine365\/wp-json\/wp\/v2\/media\/59291"}],"wp:attachment":[{"href":"https:\/\/eldigitaldeasturias.com\/magazine365\/wp-json\/wp\/v2\/media?parent=59290"}],"wp:term":[{"taxonomy":"category","embeddable":true,"href":"https:\/\/eldigitaldeasturias.com\/magazine365\/wp-json\/wp\/v2\/categories?post=59290"},{"taxonomy":"post_tag","embeddable":true,"href":"https:\/\/eldigitaldeasturias.com\/magazine365\/wp-json\/wp\/v2\/tags?post=59290"}],"curies":[{"name":"wp","href":"https:\/\/api.w.org\/{rel}","templated":true}]}}