{"id":59253,"date":"2015-12-26T00:40:54","date_gmt":"2015-12-25T23:40:54","guid":{"rendered":"http:\/\/eldigitaldeasturias.com\/magazine365\/?p=59253"},"modified":"2015-12-26T00:40:54","modified_gmt":"2015-12-25T23:40:54","slug":"la-diputacion-y-la-junta-de-andalucia-destacan-el-potencial-turistico-del-barco-solar-para-el-parque-de-cazorla","status":"publish","type":"post","link":"https:\/\/eldigitaldeasturias.com\/magazine365\/la-diputacion-y-la-junta-de-andalucia-destacan-el-potencial-turistico-del-barco-solar-para-el-parque-de-cazorla\/","title":{"rendered":"La Diputaci\u00f3n y la Junta de Andaluc\u00eda destacan el potencial tur\u00edstico del barco solar para el Parque de Cazorla"},"content":{"rendered":"<p><img fetchpriority=\"high\" decoding=\"async\" class=\"alignleft size-medium wp-image-59254\" src=\"https:\/\/eldigitaldeasturias.com\/magazine365\/wp-content\/uploads\/2015\/12\/fotonoticia_20151223164432_800-360x270.jpg\" alt=\"fotonoticia_20151223164432_800\" width=\"360\" height=\"270\" srcset=\"https:\/\/eldigitaldeasturias.com\/magazine365\/wp-content\/uploads\/2015\/12\/fotonoticia_20151223164432_800-360x270.jpg 360w, https:\/\/eldigitaldeasturias.com\/magazine365\/wp-content\/uploads\/2015\/12\/fotonoticia_20151223164432_800-650x488.jpg 650w, https:\/\/eldigitaldeasturias.com\/magazine365\/wp-content\/uploads\/2015\/12\/fotonoticia_20151223164432_800-768x576.jpg 768w, https:\/\/eldigitaldeasturias.com\/magazine365\/wp-content\/uploads\/2015\/12\/fotonoticia_20151223164432_800-150x113.jpg 150w, https:\/\/eldigitaldeasturias.com\/magazine365\/wp-content\/uploads\/2015\/12\/fotonoticia_20151223164432_800-450x338.jpg 450w, https:\/\/eldigitaldeasturias.com\/magazine365\/wp-content\/uploads\/2015\/12\/fotonoticia_20151223164432_800-80x60.jpg 80w, https:\/\/eldigitaldeasturias.com\/magazine365\/wp-content\/uploads\/2015\/12\/fotonoticia_20151223164432_800-265x198.jpg 265w, https:\/\/eldigitaldeasturias.com\/magazine365\/wp-content\/uploads\/2015\/12\/fotonoticia_20151223164432_800-696x522.jpg 696w, https:\/\/eldigitaldeasturias.com\/magazine365\/wp-content\/uploads\/2015\/12\/fotonoticia_20151223164432_800-560x420.jpg 560w, https:\/\/eldigitaldeasturias.com\/magazine365\/wp-content\/uploads\/2015\/12\/fotonoticia_20151223164432_800-90x67.jpg 90w, https:\/\/eldigitaldeasturias.com\/magazine365\/wp-content\/uploads\/2015\/12\/fotonoticia_20151223164432_800-164x124.jpg 164w, https:\/\/eldigitaldeasturias.com\/magazine365\/wp-content\/uploads\/2015\/12\/fotonoticia_20151223164432_800-100x75.jpg 100w, https:\/\/eldigitaldeasturias.com\/magazine365\/wp-content\/uploads\/2015\/12\/fotonoticia_20151223164432_800.jpg 800w\" sizes=\"(max-width: 360px) 100vw, 360px\" \/>Diputaci\u00f3n y Junta han coincidido destacar el potencial tur\u00edstico que tanto el barco solar como el centro recreativo del Tranco tendr\u00e1n para el Parque Natural de Cazorla, Segura y Las Villas. El presidente de la Diputaci\u00f3n, Francisco Reyes, y la delegada del Gobierno andaluz en Ja\u00e9n, Ana Cobo, han visitado esta embarcaci\u00f3n y las instalaciones tur\u00edsticas-deportivas construidas en este pantano.<\/p>\n<p>El barco solar permitir\u00e1 la realizaci\u00f3n de recorridos tur\u00edsticos por el embalse del Tranco, en el Parque Natural de las Sierras de Cazorla, Segura y Las Villas y forma parte del centro tur\u00edstico y recreativo construido en este pantano por ambas administraciones en el marco del convenio suscrito entre ambas entidades para el aprovechamiento tur\u00edstico-deportivo de embalses en la provincia y que est\u00e1 dotado con cerca de 4 millones de euros.<\/p>\n<p>Reyes ha hecho hincapi\u00e9 en que estas instalaciones ser\u00e1n un \u00abrevulsivo\u00bb para el turismo de este parque natural ya que \u00absupone ofrecer un aliciente m\u00e1s al visitante para pernoctar y alargar su estancia en este importante espacio natural\u00bb, adem\u00e1s de que \u00abcontribuye a enriquecer enormemente la oferta tur\u00edstica de la provincia, que no cesa de crecer en recursos, y redundar\u00e1 en la diversificaci\u00f3n econ\u00f3mica de esta zona y en la creaci\u00f3n de empleo\u00bb.<\/p>\n<p>Esta embarcaci\u00f3n, en la que Diputaci\u00f3n y Junta han invertido m\u00e1s de 275.000 euros, \u00abva a suponer un antes y un despu\u00e9s para la puesta en valor de este importante atractivo como es el embalse del Tranco\u00bb, ha destacado Reyes, ya que desde el mismo \u00abel turista podr\u00e1 disfrutar de un paseo \u00fanico, contemplar la belleza de este lugar privilegiado, admirar su paisaje, su flora y fauna y guardar en su retina una imagen inigualable de este entorno\u00bb.<\/p>\n<p>En esta misma l\u00ednea, la delegada del Gobierno ha destacado que esta iniciativa se une a otras importantes actuaciones que se han llevado a cabo en este pantano con el objetivo de dotarlo de un potente y diverso contenido tanto tur\u00edstico como deportivo. \u00abPonemos a disposici\u00f3n un potente atractivo que vendr\u00e1 a sumar un valor a\u00f1adido al importante patrimonio que representa el Parque Natural de Cazorla, Segura y Las Villas\u00bb, ha asegurado Cobo.<\/p>\n<p>Cobo ha insistido en la labor que tanto el Gobierno andaluz como la Diputaci\u00f3n de Ja\u00e9n est\u00e1n llevando a cabo a trav\u00e9s del Plan de Embalses para convertir a estos enclaves en productos tur\u00edsticos que sirvan de reclamo para los visitantes, al mismo tiempo que para generar empresas y empleo. \u00abSeguimos apostando por impulsar y reforzar el turismo de interior, en el que la provincia de Ja\u00e9n es l\u00edder\u00bb, ha remarcado.<\/p>\n<p>Este barco de recreo, con capacidad para 60 pasajeros, se autoabastecer\u00e1 de energ\u00eda solar a trav\u00e9s de los 30 paneles instalados en su cubierta. Adem\u00e1s tiene 12 metros de eslora y 4,25 de manga (ancho m\u00e1ximo), est\u00e1 construido con poli\u00e9ster reforzado con fibra de vidrio y consta de mesas para el pasaje y de asientos distribuidos en dos filas laterales y grupos de dos. Para hacer posible su amarre y de otras embarcaciones, independientemente del nivel del agua que tenga el pantano del Tranco, se ha construido tambi\u00e9n un embarcadero y un pantal\u00e1n flotante.<\/p>\n<p>Para el presidente de la Diputaci\u00f3n de Ja\u00e9n, la adquisici\u00f3n de este barco solar \u00abes un paso muy importante para el inicio del funcionamiento de las instalaciones de este centro tur\u00edstico-deportivo en cuya apertura estamos trabajando\u00bb. Este centro, cuyo contrato de gesti\u00f3n se encuentra en la actualidad en proceso de licitaci\u00f3n, cuenta con un edificio de usos m\u00faltiples de tres plantas dotado, entre otras instalaciones, con tienda, cafeter\u00eda, restaurante, zona buffet, terraza y sal\u00f3n de actos, vestuarios y zona de almac\u00e9n para piraguas, canoas y bicicletas, que ser\u00e1n los servicios deportivo-tur\u00edsticos que se ofrecer\u00e1n desde el mismo.<\/p>\n<p>Asimismo, en el espacio exterior de este edificio se ha construido una zona de juegos infantiles y se han instalado dos roc\u00f3dromos y una tirolina de 140 metros. Las instalaciones tambi\u00e9n cuentan con una torre-mirador, merenderos y un aparcamiento con capacidad para cerca de una veintena de turismos y autocares. Completa esta zona un Paseo de las Rapaces, dotado de ilustraciones en paneles de madera y figuras de forja donde se interpretan diez especies de rapaces del entorno.<\/p>\n<p>Reyes tambi\u00e9n ha puesto de relieve que estas instalaciones son fruto del trabajo que la Diputaci\u00f3n de Ja\u00e9n y la Junta de Andaluc\u00eda, junto a los ayuntamientos y el sector empresarial del Parque Natural Sierras de Cazorla, Segura y Las Villas, han realizado para poner en valor los recursos de este espacio natural declarado Reserva de la Biosfera por la Unesco. As\u00ed, ha recordado la realizaci\u00f3n de proyectos como el Gran Sendero Bosques del Sur, la adecuaci\u00f3n de once casas refugios para senderistas, la apertura del centro de interpretaci\u00f3n de la madera en Vadillo Castril, la creaci\u00f3n del Museo Miguel Hern\u00e1ndez o la mejora de la se\u00f1alizaci\u00f3n tur\u00edstica del parque.<\/p>\n<p>La vicepresidenta primera de la Diputaci\u00f3n, Pilar Parra, el vicepresidente segundo y diputado de Promoci\u00f3n y Turismo, Manuel Fern\u00e1ndez, la delegada de Cultura, Turismo y Deporte de la Junta, Pilar Salazar, y el alcalde de Hornos de Segura, Juan Antonio Gila, entre otros alcaldes de municipios del parque natural, as\u00ed como de empresarios del mismo, tambi\u00e9n han estado presentes en la visita a estas instalaciones y a la embarcaci\u00f3n electrosolar que fue botada en el Tranco el pasado s\u00e1bado, 19 de diciembre.<\/p>\n","protected":false},"excerpt":{"rendered":"<p>Diputaci\u00f3n y Junta han coincidido destacar el potencial tur\u00edstico que tanto el barco solar como el centro recreativo del Tranco tendr\u00e1n para el Parque Natural de Cazorla, Segura y Las Villas. El presidente de la Diputaci\u00f3n, Francisco Reyes, y la delegada del Gobierno andaluz en Ja\u00e9n, Ana Cobo, han visitado esta embarcaci\u00f3n y las instalaciones<\/p>\n","protected":false},"author":1,"featured_media":59254,"comment_status":"open","ping_status":"closed","sticky":false,"template":"","format":"standard","meta":{"footnotes":""},"categories":[224],"tags":[],"class_list":{"0":"post-59253","1":"post","2":"type-post","3":"status-publish","4":"format-standard","5":"has-post-thumbnail","7":"category-noticias-actualidad"},"aioseo_notices":[],"aioseo_head":"\n\t\t<!-- All in One SEO Pro 4.9.6.1 - aioseo.com -->\n\t<meta name=\"description\" content=\"Diputaci\u00f3n y Junta han coincidido destacar el potencial tur\u00edstico que tanto el barco solar como el centro recreativo del Tranco tendr\u00e1n para el Parque Natural de Cazorla, Segura y Las Villas. El presidente de la Diputaci\u00f3n, Francisco Reyes, y la delegada del Gobierno andaluz en Ja\u00e9n, Ana Cobo, han visitado esta embarcaci\u00f3n y las instalaciones\" \/>\n\t<meta name=\"robots\" content=\"max-image-preview:large\" \/>\n\t<meta name=\"author\" content=\"admin\"\/>\n\t<meta name=\"google-site-verification\" content=\"UA-38556648-1\" \/>\n\t<meta name=\"keywords\" content=\"noticias y actualidad\" \/>\n\t<link rel=\"canonical\" href=\"https:\/\/eldigitaldeasturias.com\/magazine365\/la-diputacion-y-la-junta-de-andalucia-destacan-el-potencial-turistico-del-barco-solar-para-el-parque-de-cazorla\/\" \/>\n\t<meta name=\"generator\" content=\"All in One SEO Pro (AIOSEO) 4.9.6.1\" \/>\n\t\t<meta property=\"og:locale\" content=\"es_ES\" \/>\n\t\t<meta property=\"og:site_name\" content=\"El Digital de Asturias \u2013 Revista de ocio, turismo y estilo de vida\" \/>\n\t\t<meta property=\"og:type\" content=\"article\" \/>\n\t\t<meta property=\"og:title\" content=\"La Diputaci\u00f3n y la Junta de Andaluc\u00eda destacan el potencial tur\u00edstico del barco solar para el Parque de Cazorla | El Digital de Asturias\" \/>\n\t\t<meta property=\"og:description\" content=\"Diputaci\u00f3n y Junta han coincidido destacar el potencial tur\u00edstico que tanto el barco solar como el centro recreativo del Tranco tendr\u00e1n para el Parque Natural de Cazorla, Segura y Las Villas. El presidente de la Diputaci\u00f3n, Francisco Reyes, y la delegada del Gobierno andaluz en Ja\u00e9n, Ana Cobo, han visitado esta embarcaci\u00f3n y las instalaciones\" \/>\n\t\t<meta property=\"og:url\" content=\"https:\/\/eldigitaldeasturias.com\/magazine365\/la-diputacion-y-la-junta-de-andalucia-destacan-el-potencial-turistico-del-barco-solar-para-el-parque-de-cazorla\/\" \/>\n\t\t<meta property=\"og:image\" content=\"https:\/\/eldigitaldeasturias.com\/magazine365\/wp-content\/uploads\/2015\/12\/fotonoticia_20151223164432_800.jpg\" \/>\n\t\t<meta property=\"og:image:secure_url\" content=\"https:\/\/eldigitaldeasturias.com\/magazine365\/wp-content\/uploads\/2015\/12\/fotonoticia_20151223164432_800.jpg\" \/>\n\t\t<meta property=\"og:image:width\" content=\"800\" \/>\n\t\t<meta property=\"og:image:height\" content=\"600\" \/>\n\t\t<meta property=\"article:published_time\" content=\"2015-12-25T23:40:54+00:00\" \/>\n\t\t<meta property=\"article:modified_time\" content=\"2015-12-25T23:40:54+00:00\" \/>\n\t\t<meta name=\"twitter:card\" content=\"summary_large_image\" \/>\n\t\t<meta name=\"twitter:title\" content=\"La Diputaci\u00f3n y la Junta de Andaluc\u00eda destacan el potencial tur\u00edstico del barco solar para el Parque de Cazorla | El Digital de Asturias\" \/>\n\t\t<meta name=\"twitter:description\" content=\"Diputaci\u00f3n y Junta han coincidido destacar el potencial tur\u00edstico que tanto el barco solar como el centro recreativo del Tranco tendr\u00e1n para el Parque Natural de Cazorla, Segura y Las Villas. El presidente de la Diputaci\u00f3n, Francisco Reyes, y la delegada del Gobierno andaluz en Ja\u00e9n, Ana Cobo, han visitado esta embarcaci\u00f3n y las instalaciones\" \/>\n\t\t<meta name=\"twitter:image\" content=\"https:\/\/eldigitaldeasturias.com\/magazine365\/wp-content\/uploads\/2015\/12\/fotonoticia_20151223164432_800.jpg\" \/>\n\t\t<script type=\"application\/ld+json\" class=\"aioseo-schema\">\n\t\t\t{\"@context\":\"https:\\\/\\\/schema.org\",\"@graph\":[{\"@type\":\"Article\",\"@id\":\"https:\\\/\\\/eldigitaldeasturias.com\\\/magazine365\\\/la-diputacion-y-la-junta-de-andalucia-destacan-el-potencial-turistico-del-barco-solar-para-el-parque-de-cazorla\\\/#article\",\"name\":\"La Diputaci\\u00f3n y la Junta de Andaluc\\u00eda destacan el potencial tur\\u00edstico del barco solar para el Parque de Cazorla | El Digital de Asturias\",\"headline\":\"La Diputaci\\u00f3n y la Junta de Andaluc\\u00eda destacan el potencial tur\\u00edstico del barco solar para el Parque de Cazorla\",\"author\":{\"@id\":\"https:\\\/\\\/eldigitaldeasturias.com\\\/magazine365\\\/author\\\/admin\\\/#author\"},\"publisher\":{\"@id\":\"https:\\\/\\\/eldigitaldeasturias.com\\\/magazine365\\\/#organization\"},\"image\":{\"@type\":\"ImageObject\",\"url\":\"https:\\\/\\\/eldigitaldeasturias.com\\\/magazine365\\\/wp-content\\\/uploads\\\/2015\\\/12\\\/fotonoticia_20151223164432_800.jpg\",\"width\":800,\"height\":600},\"datePublished\":\"2015-12-26T00:40:54+01:00\",\"dateModified\":\"2015-12-26T00:40:54+01:00\",\"inLanguage\":\"es-ES\",\"mainEntityOfPage\":{\"@id\":\"https:\\\/\\\/eldigitaldeasturias.com\\\/magazine365\\\/la-diputacion-y-la-junta-de-andalucia-destacan-el-potencial-turistico-del-barco-solar-para-el-parque-de-cazorla\\\/#webpage\"},\"isPartOf\":{\"@id\":\"https:\\\/\\\/eldigitaldeasturias.com\\\/magazine365\\\/la-diputacion-y-la-junta-de-andalucia-destacan-el-potencial-turistico-del-barco-solar-para-el-parque-de-cazorla\\\/#webpage\"},\"articleSection\":\"Noticias y Actualidad\"},{\"@type\":\"BreadcrumbList\",\"@id\":\"https:\\\/\\\/eldigitaldeasturias.com\\\/magazine365\\\/la-diputacion-y-la-junta-de-andalucia-destacan-el-potencial-turistico-del-barco-solar-para-el-parque-de-cazorla\\\/#breadcrumblist\",\"itemListElement\":[{\"@type\":\"ListItem\",\"@id\":\"https:\\\/\\\/eldigitaldeasturias.com\\\/magazine365#listItem\",\"position\":1,\"name\":\"Home\",\"item\":\"https:\\\/\\\/eldigitaldeasturias.com\\\/magazine365\",\"nextItem\":{\"@type\":\"ListItem\",\"@id\":\"https:\\\/\\\/eldigitaldeasturias.com\\\/magazine365\\\/category\\\/noticias-actualidad\\\/#listItem\",\"name\":\"Noticias y Actualidad\"}},{\"@type\":\"ListItem\",\"@id\":\"https:\\\/\\\/eldigitaldeasturias.com\\\/magazine365\\\/category\\\/noticias-actualidad\\\/#listItem\",\"position\":2,\"name\":\"Noticias y Actualidad\",\"item\":\"https:\\\/\\\/eldigitaldeasturias.com\\\/magazine365\\\/category\\\/noticias-actualidad\\\/\",\"nextItem\":{\"@type\":\"ListItem\",\"@id\":\"https:\\\/\\\/eldigitaldeasturias.com\\\/magazine365\\\/la-diputacion-y-la-junta-de-andalucia-destacan-el-potencial-turistico-del-barco-solar-para-el-parque-de-cazorla\\\/#listItem\",\"name\":\"La Diputaci\\u00f3n y la Junta de Andaluc\\u00eda destacan el potencial tur\\u00edstico del barco solar para el Parque de Cazorla\"},\"previousItem\":{\"@type\":\"ListItem\",\"@id\":\"https:\\\/\\\/eldigitaldeasturias.com\\\/magazine365#listItem\",\"name\":\"Home\"}},{\"@type\":\"ListItem\",\"@id\":\"https:\\\/\\\/eldigitaldeasturias.com\\\/magazine365\\\/la-diputacion-y-la-junta-de-andalucia-destacan-el-potencial-turistico-del-barco-solar-para-el-parque-de-cazorla\\\/#listItem\",\"position\":3,\"name\":\"La Diputaci\\u00f3n y la Junta de Andaluc\\u00eda destacan el potencial tur\\u00edstico del barco solar para el Parque de Cazorla\",\"previousItem\":{\"@type\":\"ListItem\",\"@id\":\"https:\\\/\\\/eldigitaldeasturias.com\\\/magazine365\\\/category\\\/noticias-actualidad\\\/#listItem\",\"name\":\"Noticias y Actualidad\"}}]},{\"@type\":\"Organization\",\"@id\":\"https:\\\/\\\/eldigitaldeasturias.com\\\/magazine365\\\/#organization\",\"name\":\"El digital de Asturias\",\"description\":\"Revista de ocio, turismo y estilo de vida\",\"url\":\"https:\\\/\\\/eldigitaldeasturias.com\\\/magazine365\\\/\",\"logo\":{\"@type\":\"ImageObject\",\"url\":\"https:\\\/\\\/www.eldigitaldeasturias.com\\\/noticias\\\/wp-content\\\/uploads\\\/2020\\\/12\\\/EDA.jpg\",\"@id\":\"https:\\\/\\\/eldigitaldeasturias.com\\\/magazine365\\\/la-diputacion-y-la-junta-de-andalucia-destacan-el-potencial-turistico-del-barco-solar-para-el-parque-de-cazorla\\\/#organizationLogo\"},\"image\":{\"@id\":\"https:\\\/\\\/eldigitaldeasturias.com\\\/magazine365\\\/la-diputacion-y-la-junta-de-andalucia-destacan-el-potencial-turistico-del-barco-solar-para-el-parque-de-cazorla\\\/#organizationLogo\"}},{\"@type\":\"Person\",\"@id\":\"https:\\\/\\\/eldigitaldeasturias.com\\\/magazine365\\\/author\\\/admin\\\/#author\",\"url\":\"https:\\\/\\\/eldigitaldeasturias.com\\\/magazine365\\\/author\\\/admin\\\/\",\"name\":\"admin\",\"image\":{\"@type\":\"ImageObject\",\"@id\":\"https:\\\/\\\/eldigitaldeasturias.com\\\/magazine365\\\/la-diputacion-y-la-junta-de-andalucia-destacan-el-potencial-turistico-del-barco-solar-para-el-parque-de-cazorla\\\/#authorImage\",\"url\":\"https:\\\/\\\/eldigitaldeasturias.com\\\/magazine365\\\/wp-content\\\/litespeed\\\/avatar\\\/e571bcf59a0edd6fa6838245a470f2fe.jpg?ver=1777574230\",\"width\":96,\"height\":96,\"caption\":\"admin\"}},{\"@type\":\"WebPage\",\"@id\":\"https:\\\/\\\/eldigitaldeasturias.com\\\/magazine365\\\/la-diputacion-y-la-junta-de-andalucia-destacan-el-potencial-turistico-del-barco-solar-para-el-parque-de-cazorla\\\/#webpage\",\"url\":\"https:\\\/\\\/eldigitaldeasturias.com\\\/magazine365\\\/la-diputacion-y-la-junta-de-andalucia-destacan-el-potencial-turistico-del-barco-solar-para-el-parque-de-cazorla\\\/\",\"name\":\"La Diputaci\\u00f3n y la Junta de Andaluc\\u00eda destacan el potencial tur\\u00edstico del barco solar para el Parque de Cazorla | El Digital de Asturias\",\"description\":\"Diputaci\\u00f3n y Junta han coincidido destacar el potencial tur\\u00edstico que tanto el barco solar como el centro recreativo del Tranco tendr\\u00e1n para el Parque Natural de Cazorla, Segura y Las Villas. El presidente de la Diputaci\\u00f3n, Francisco Reyes, y la delegada del Gobierno andaluz en Ja\\u00e9n, Ana Cobo, han visitado esta embarcaci\\u00f3n y las instalaciones\",\"inLanguage\":\"es-ES\",\"isPartOf\":{\"@id\":\"https:\\\/\\\/eldigitaldeasturias.com\\\/magazine365\\\/#website\"},\"breadcrumb\":{\"@id\":\"https:\\\/\\\/eldigitaldeasturias.com\\\/magazine365\\\/la-diputacion-y-la-junta-de-andalucia-destacan-el-potencial-turistico-del-barco-solar-para-el-parque-de-cazorla\\\/#breadcrumblist\"},\"author\":{\"@id\":\"https:\\\/\\\/eldigitaldeasturias.com\\\/magazine365\\\/author\\\/admin\\\/#author\"},\"creator\":{\"@id\":\"https:\\\/\\\/eldigitaldeasturias.com\\\/magazine365\\\/author\\\/admin\\\/#author\"},\"image\":{\"@type\":\"ImageObject\",\"url\":\"https:\\\/\\\/eldigitaldeasturias.com\\\/magazine365\\\/wp-content\\\/uploads\\\/2015\\\/12\\\/fotonoticia_20151223164432_800.jpg\",\"@id\":\"https:\\\/\\\/eldigitaldeasturias.com\\\/magazine365\\\/la-diputacion-y-la-junta-de-andalucia-destacan-el-potencial-turistico-del-barco-solar-para-el-parque-de-cazorla\\\/#mainImage\",\"width\":800,\"height\":600},\"primaryImageOfPage\":{\"@id\":\"https:\\\/\\\/eldigitaldeasturias.com\\\/magazine365\\\/la-diputacion-y-la-junta-de-andalucia-destacan-el-potencial-turistico-del-barco-solar-para-el-parque-de-cazorla\\\/#mainImage\"},\"datePublished\":\"2015-12-26T00:40:54+01:00\",\"dateModified\":\"2015-12-26T00:40:54+01:00\"},{\"@type\":\"WebSite\",\"@id\":\"https:\\\/\\\/eldigitaldeasturias.com\\\/magazine365\\\/#website\",\"url\":\"https:\\\/\\\/eldigitaldeasturias.com\\\/magazine365\\\/\",\"name\":\"El Digital de Asturias\",\"description\":\"Revista de ocio, turismo y estilo de vida\",\"inLanguage\":\"es-ES\",\"publisher\":{\"@id\":\"https:\\\/\\\/eldigitaldeasturias.com\\\/magazine365\\\/#organization\"}}]}\n\t\t<\/script>\n\t\t<!-- All in One SEO Pro -->\r\n\t\t<title>La Diputaci\u00f3n y la Junta de Andaluc\u00eda destacan el potencial tur\u00edstico del barco solar para el Parque de Cazorla | El Digital de Asturias<\/title>\n\n","aioseo_head_json":{"title":"La Diputaci\u00f3n y la Junta de Andaluc\u00eda destacan el potencial tur\u00edstico del barco solar para el Parque de Cazorla | El Digital de Asturias","description":"Diputaci\u00f3n y Junta han coincidido destacar el potencial tur\u00edstico que tanto el barco solar como el centro recreativo del Tranco tendr\u00e1n para el Parque Natural de Cazorla, Segura y Las Villas. El presidente de la Diputaci\u00f3n, Francisco Reyes, y la delegada del Gobierno andaluz en Ja\u00e9n, Ana Cobo, han visitado esta embarcaci\u00f3n y las instalaciones","canonical_url":"https:\/\/eldigitaldeasturias.com\/magazine365\/la-diputacion-y-la-junta-de-andalucia-destacan-el-potencial-turistico-del-barco-solar-para-el-parque-de-cazorla\/","robots":"max-image-preview:large","keywords":"noticias y actualidad","webmasterTools":{"google-site-verification":"UA-38556648-1","miscellaneous":""},"schema":{"@context":"https:\/\/schema.org","@graph":[{"@type":"Article","@id":"https:\/\/eldigitaldeasturias.com\/magazine365\/la-diputacion-y-la-junta-de-andalucia-destacan-el-potencial-turistico-del-barco-solar-para-el-parque-de-cazorla\/#article","name":"La Diputaci\u00f3n y la Junta de Andaluc\u00eda destacan el potencial tur\u00edstico del barco solar para el Parque de Cazorla | El Digital de Asturias","headline":"La Diputaci\u00f3n y la Junta de Andaluc\u00eda destacan el potencial tur\u00edstico del barco solar para el Parque de Cazorla","author":{"@id":"https:\/\/eldigitaldeasturias.com\/magazine365\/author\/admin\/#author"},"publisher":{"@id":"https:\/\/eldigitaldeasturias.com\/magazine365\/#organization"},"image":{"@type":"ImageObject","url":"https:\/\/eldigitaldeasturias.com\/magazine365\/wp-content\/uploads\/2015\/12\/fotonoticia_20151223164432_800.jpg","width":800,"height":600},"datePublished":"2015-12-26T00:40:54+01:00","dateModified":"2015-12-26T00:40:54+01:00","inLanguage":"es-ES","mainEntityOfPage":{"@id":"https:\/\/eldigitaldeasturias.com\/magazine365\/la-diputacion-y-la-junta-de-andalucia-destacan-el-potencial-turistico-del-barco-solar-para-el-parque-de-cazorla\/#webpage"},"isPartOf":{"@id":"https:\/\/eldigitaldeasturias.com\/magazine365\/la-diputacion-y-la-junta-de-andalucia-destacan-el-potencial-turistico-del-barco-solar-para-el-parque-de-cazorla\/#webpage"},"articleSection":"Noticias y Actualidad"},{"@type":"BreadcrumbList","@id":"https:\/\/eldigitaldeasturias.com\/magazine365\/la-diputacion-y-la-junta-de-andalucia-destacan-el-potencial-turistico-del-barco-solar-para-el-parque-de-cazorla\/#breadcrumblist","itemListElement":[{"@type":"ListItem","@id":"https:\/\/eldigitaldeasturias.com\/magazine365#listItem","position":1,"name":"Home","item":"https:\/\/eldigitaldeasturias.com\/magazine365","nextItem":{"@type":"ListItem","@id":"https:\/\/eldigitaldeasturias.com\/magazine365\/category\/noticias-actualidad\/#listItem","name":"Noticias y Actualidad"}},{"@type":"ListItem","@id":"https:\/\/eldigitaldeasturias.com\/magazine365\/category\/noticias-actualidad\/#listItem","position":2,"name":"Noticias y Actualidad","item":"https:\/\/eldigitaldeasturias.com\/magazine365\/category\/noticias-actualidad\/","nextItem":{"@type":"ListItem","@id":"https:\/\/eldigitaldeasturias.com\/magazine365\/la-diputacion-y-la-junta-de-andalucia-destacan-el-potencial-turistico-del-barco-solar-para-el-parque-de-cazorla\/#listItem","name":"La Diputaci\u00f3n y la Junta de Andaluc\u00eda destacan el potencial tur\u00edstico del barco solar para el Parque de Cazorla"},"previousItem":{"@type":"ListItem","@id":"https:\/\/eldigitaldeasturias.com\/magazine365#listItem","name":"Home"}},{"@type":"ListItem","@id":"https:\/\/eldigitaldeasturias.com\/magazine365\/la-diputacion-y-la-junta-de-andalucia-destacan-el-potencial-turistico-del-barco-solar-para-el-parque-de-cazorla\/#listItem","position":3,"name":"La Diputaci\u00f3n y la Junta de Andaluc\u00eda destacan el potencial tur\u00edstico del barco solar para el Parque de Cazorla","previousItem":{"@type":"ListItem","@id":"https:\/\/eldigitaldeasturias.com\/magazine365\/category\/noticias-actualidad\/#listItem","name":"Noticias y Actualidad"}}]},{"@type":"Organization","@id":"https:\/\/eldigitaldeasturias.com\/magazine365\/#organization","name":"El digital de Asturias","description":"Revista de ocio, turismo y estilo de vida","url":"https:\/\/eldigitaldeasturias.com\/magazine365\/","logo":{"@type":"ImageObject","url":"https:\/\/www.eldigitaldeasturias.com\/noticias\/wp-content\/uploads\/2020\/12\/EDA.jpg","@id":"https:\/\/eldigitaldeasturias.com\/magazine365\/la-diputacion-y-la-junta-de-andalucia-destacan-el-potencial-turistico-del-barco-solar-para-el-parque-de-cazorla\/#organizationLogo"},"image":{"@id":"https:\/\/eldigitaldeasturias.com\/magazine365\/la-diputacion-y-la-junta-de-andalucia-destacan-el-potencial-turistico-del-barco-solar-para-el-parque-de-cazorla\/#organizationLogo"}},{"@type":"Person","@id":"https:\/\/eldigitaldeasturias.com\/magazine365\/author\/admin\/#author","url":"https:\/\/eldigitaldeasturias.com\/magazine365\/author\/admin\/","name":"admin","image":{"@type":"ImageObject","@id":"https:\/\/eldigitaldeasturias.com\/magazine365\/la-diputacion-y-la-junta-de-andalucia-destacan-el-potencial-turistico-del-barco-solar-para-el-parque-de-cazorla\/#authorImage","url":"https:\/\/eldigitaldeasturias.com\/magazine365\/wp-content\/litespeed\/avatar\/e571bcf59a0edd6fa6838245a470f2fe.jpg?ver=1777574230","width":96,"height":96,"caption":"admin"}},{"@type":"WebPage","@id":"https:\/\/eldigitaldeasturias.com\/magazine365\/la-diputacion-y-la-junta-de-andalucia-destacan-el-potencial-turistico-del-barco-solar-para-el-parque-de-cazorla\/#webpage","url":"https:\/\/eldigitaldeasturias.com\/magazine365\/la-diputacion-y-la-junta-de-andalucia-destacan-el-potencial-turistico-del-barco-solar-para-el-parque-de-cazorla\/","name":"La Diputaci\u00f3n y la Junta de Andaluc\u00eda destacan el potencial tur\u00edstico del barco solar para el Parque de Cazorla | El Digital de Asturias","description":"Diputaci\u00f3n y Junta han coincidido destacar el potencial tur\u00edstico que tanto el barco solar como el centro recreativo del Tranco tendr\u00e1n para el Parque Natural de Cazorla, Segura y Las Villas. El presidente de la Diputaci\u00f3n, Francisco Reyes, y la delegada del Gobierno andaluz en Ja\u00e9n, Ana Cobo, han visitado esta embarcaci\u00f3n y las instalaciones","inLanguage":"es-ES","isPartOf":{"@id":"https:\/\/eldigitaldeasturias.com\/magazine365\/#website"},"breadcrumb":{"@id":"https:\/\/eldigitaldeasturias.com\/magazine365\/la-diputacion-y-la-junta-de-andalucia-destacan-el-potencial-turistico-del-barco-solar-para-el-parque-de-cazorla\/#breadcrumblist"},"author":{"@id":"https:\/\/eldigitaldeasturias.com\/magazine365\/author\/admin\/#author"},"creator":{"@id":"https:\/\/eldigitaldeasturias.com\/magazine365\/author\/admin\/#author"},"image":{"@type":"ImageObject","url":"https:\/\/eldigitaldeasturias.com\/magazine365\/wp-content\/uploads\/2015\/12\/fotonoticia_20151223164432_800.jpg","@id":"https:\/\/eldigitaldeasturias.com\/magazine365\/la-diputacion-y-la-junta-de-andalucia-destacan-el-potencial-turistico-del-barco-solar-para-el-parque-de-cazorla\/#mainImage","width":800,"height":600},"primaryImageOfPage":{"@id":"https:\/\/eldigitaldeasturias.com\/magazine365\/la-diputacion-y-la-junta-de-andalucia-destacan-el-potencial-turistico-del-barco-solar-para-el-parque-de-cazorla\/#mainImage"},"datePublished":"2015-12-26T00:40:54+01:00","dateModified":"2015-12-26T00:40:54+01:00"},{"@type":"WebSite","@id":"https:\/\/eldigitaldeasturias.com\/magazine365\/#website","url":"https:\/\/eldigitaldeasturias.com\/magazine365\/","name":"El Digital de Asturias","description":"Revista de ocio, turismo y estilo de vida","inLanguage":"es-ES","publisher":{"@id":"https:\/\/eldigitaldeasturias.com\/magazine365\/#organization"}}]},"og:locale":"es_ES","og:site_name":"El Digital de Asturias \u2013 Revista de ocio, turismo y estilo de vida","og:type":"article","og:title":"La Diputaci\u00f3n y la Junta de Andaluc\u00eda destacan el potencial tur\u00edstico del barco solar para el Parque de Cazorla | El Digital de Asturias","og:description":"Diputaci\u00f3n y Junta han coincidido destacar el potencial tur\u00edstico que tanto el barco solar como el centro recreativo del Tranco tendr\u00e1n para el Parque Natural de Cazorla, Segura y Las Villas. El presidente de la Diputaci\u00f3n, Francisco Reyes, y la delegada del Gobierno andaluz en Ja\u00e9n, Ana Cobo, han visitado esta embarcaci\u00f3n y las instalaciones","og:url":"https:\/\/eldigitaldeasturias.com\/magazine365\/la-diputacion-y-la-junta-de-andalucia-destacan-el-potencial-turistico-del-barco-solar-para-el-parque-de-cazorla\/","og:image":"https:\/\/eldigitaldeasturias.com\/magazine365\/wp-content\/uploads\/2015\/12\/fotonoticia_20151223164432_800.jpg","og:image:secure_url":"https:\/\/eldigitaldeasturias.com\/magazine365\/wp-content\/uploads\/2015\/12\/fotonoticia_20151223164432_800.jpg","og:image:width":800,"og:image:height":600,"article:published_time":"2015-12-25T23:40:54+00:00","article:modified_time":"2015-12-25T23:40:54+00:00","twitter:card":"summary_large_image","twitter:title":"La Diputaci\u00f3n y la Junta de Andaluc\u00eda destacan el potencial tur\u00edstico del barco solar para el Parque de Cazorla | El Digital de Asturias","twitter:description":"Diputaci\u00f3n y Junta han coincidido destacar el potencial tur\u00edstico que tanto el barco solar como el centro recreativo del Tranco tendr\u00e1n para el Parque Natural de Cazorla, Segura y Las Villas. El presidente de la Diputaci\u00f3n, Francisco Reyes, y la delegada del Gobierno andaluz en Ja\u00e9n, Ana Cobo, han visitado esta embarcaci\u00f3n y las instalaciones","twitter:image":"https:\/\/eldigitaldeasturias.com\/magazine365\/wp-content\/uploads\/2015\/12\/fotonoticia_20151223164432_800.jpg"},"aioseo_meta_data":{"post_id":"59253","title":null,"description":null,"keywords":null,"keyphrases":null,"primary_term":null,"canonical_url":null,"og_title":null,"og_description":null,"og_object_type":"default","og_image_type":"default","og_image_url":null,"og_image_width":null,"og_image_height":null,"og_image_custom_url":null,"og_image_custom_fields":null,"og_video":null,"og_custom_url":null,"og_article_section":null,"og_article_tags":null,"twitter_use_og":false,"twitter_card":"default","twitter_image_type":"default","twitter_image_url":null,"twitter_image_custom_url":null,"twitter_image_custom_fields":null,"twitter_title":null,"twitter_description":null,"schema":{"blockGraphs":[],"customGraphs":[],"default":{"data":{"Article":[],"Course":[],"Dataset":[],"FAQPage":[],"Movie":[],"Person":[],"Product":[],"ProductReview":[],"Car":[],"Recipe":[],"Service":[],"SoftwareApplication":[],"WebPage":[]},"graphName":"","isEnabled":true},"graphs":[],"defaultGraph":"","defaultPostTypeGraph":""},"schema_type":null,"schema_type_options":null,"pillar_content":false,"robots_default":true,"robots_noindex":false,"robots_noarchive":false,"robots_nosnippet":false,"robots_nofollow":false,"robots_noimageindex":false,"robots_noodp":false,"robots_notranslate":false,"robots_max_snippet":null,"robots_max_videopreview":null,"robots_max_imagepreview":"large","priority":null,"frequency":null,"location":null,"local_seo":null,"seo_analyzer_scan_date":"2025-09-25 04:35:05","breadcrumb_settings":null,"limit_modified_date":false,"open_ai":null,"ai":null,"created":"2021-03-08 22:18:05","updated":"2025-09-25 04:35:05"},"aioseo_breadcrumb":"<div class=\"aioseo-breadcrumbs\"><span class=\"aioseo-breadcrumb\">\n\t<a href=\"https:\/\/eldigitaldeasturias.com\/magazine365\" title=\"Home\">Home<\/a>\n<\/span><span class=\"aioseo-breadcrumb-separator\">\u2013<\/span><span class=\"aioseo-breadcrumb\">\n\t<a href=\"https:\/\/eldigitaldeasturias.com\/magazine365\/category\/noticias-actualidad\/\" title=\"Noticias y Actualidad\">Noticias y Actualidad<\/a>\n<\/span><span class=\"aioseo-breadcrumb-separator\">\u2013<\/span><span class=\"aioseo-breadcrumb\">\n\t<a href=\"https:\/\/eldigitaldeasturias.com\/magazine365\/la-diputacion-y-la-junta-de-andalucia-destacan-el-potencial-turistico-del-barco-solar-para-el-parque-de-cazorla\/\" title=\"La Diputaci\u00f3n y la Junta de Andaluc\u00eda destacan el potencial tur\u00edstico del barco solar para el Parque de Cazorla\">La Diputaci\u00f3n y la Junta de Andaluc\u00eda destacan el potencial tur\u00edstico del barco solar para el Parque de Cazorla<\/a>\n<\/span><\/div>","aioseo_breadcrumb_json":[{"label":"Home","link":"https:\/\/eldigitaldeasturias.com\/magazine365"},{"label":"Noticias y Actualidad","link":"https:\/\/eldigitaldeasturias.com\/magazine365\/category\/noticias-actualidad\/"},{"label":"La Diputaci\u00f3n y la Junta de Andaluc\u00eda destacan el potencial tur\u00edstico del barco solar para el Parque de Cazorla","link":"https:\/\/eldigitaldeasturias.com\/magazine365\/la-diputacion-y-la-junta-de-andalucia-destacan-el-potencial-turistico-del-barco-solar-para-el-parque-de-cazorla\/"}],"_links":{"self":[{"href":"https:\/\/eldigitaldeasturias.com\/magazine365\/wp-json\/wp\/v2\/posts\/59253","targetHints":{"allow":["GET"]}}],"collection":[{"href":"https:\/\/eldigitaldeasturias.com\/magazine365\/wp-json\/wp\/v2\/posts"}],"about":[{"href":"https:\/\/eldigitaldeasturias.com\/magazine365\/wp-json\/wp\/v2\/types\/post"}],"author":[{"embeddable":true,"href":"https:\/\/eldigitaldeasturias.com\/magazine365\/wp-json\/wp\/v2\/users\/1"}],"replies":[{"embeddable":true,"href":"https:\/\/eldigitaldeasturias.com\/magazine365\/wp-json\/wp\/v2\/comments?post=59253"}],"version-history":[{"count":0,"href":"https:\/\/eldigitaldeasturias.com\/magazine365\/wp-json\/wp\/v2\/posts\/59253\/revisions"}],"wp:featuredmedia":[{"embeddable":true,"href":"https:\/\/eldigitaldeasturias.com\/magazine365\/wp-json\/wp\/v2\/media\/59254"}],"wp:attachment":[{"href":"https:\/\/eldigitaldeasturias.com\/magazine365\/wp-json\/wp\/v2\/media?parent=59253"}],"wp:term":[{"taxonomy":"category","embeddable":true,"href":"https:\/\/eldigitaldeasturias.com\/magazine365\/wp-json\/wp\/v2\/categories?post=59253"},{"taxonomy":"post_tag","embeddable":true,"href":"https:\/\/eldigitaldeasturias.com\/magazine365\/wp-json\/wp\/v2\/tags?post=59253"}],"curies":[{"name":"wp","href":"https:\/\/api.w.org\/{rel}","templated":true}]}}