{"id":59244,"date":"2015-12-26T00:17:08","date_gmt":"2015-12-25T23:17:08","guid":{"rendered":"http:\/\/eldigitaldeasturias.com\/magazine365\/?p=59244"},"modified":"2015-12-26T00:17:08","modified_gmt":"2015-12-25T23:17:08","slug":"el-tue-dice-que-es-exigible-a-las-aerolineas-el-iva-de-los-billetes-de-avion-no-utilizados-y-no-reembolsados","status":"publish","type":"post","link":"https:\/\/eldigitaldeasturias.com\/magazine365\/el-tue-dice-que-es-exigible-a-las-aerolineas-el-iva-de-los-billetes-de-avion-no-utilizados-y-no-reembolsados\/","title":{"rendered":"El TUE dice que es exigible a las aerol\u00edneas el IVA de los billetes de avi\u00f3n no utilizados y no reembolsados"},"content":{"rendered":"<p><img fetchpriority=\"high\" decoding=\"async\" class=\"alignleft size-medium wp-image-59245\" src=\"https:\/\/eldigitaldeasturias.com\/magazine365\/wp-content\/uploads\/2015\/12\/fotonoticia_20151223144333_800-360x240.jpg\" alt=\"fotonoticia_20151223144333_800\" width=\"360\" height=\"240\" srcset=\"https:\/\/eldigitaldeasturias.com\/magazine365\/wp-content\/uploads\/2015\/12\/fotonoticia_20151223144333_800-360x240.jpg 360w, https:\/\/eldigitaldeasturias.com\/magazine365\/wp-content\/uploads\/2015\/12\/fotonoticia_20151223144333_800-650x433.jpg 650w, https:\/\/eldigitaldeasturias.com\/magazine365\/wp-content\/uploads\/2015\/12\/fotonoticia_20151223144333_800-768x512.jpg 768w, https:\/\/eldigitaldeasturias.com\/magazine365\/wp-content\/uploads\/2015\/12\/fotonoticia_20151223144333_800-150x100.jpg 150w, https:\/\/eldigitaldeasturias.com\/magazine365\/wp-content\/uploads\/2015\/12\/fotonoticia_20151223144333_800-450x300.jpg 450w, https:\/\/eldigitaldeasturias.com\/magazine365\/wp-content\/uploads\/2015\/12\/fotonoticia_20151223144333_800-696x464.jpg 696w, https:\/\/eldigitaldeasturias.com\/magazine365\/wp-content\/uploads\/2015\/12\/fotonoticia_20151223144333_800-630x420.jpg 630w, https:\/\/eldigitaldeasturias.com\/magazine365\/wp-content\/uploads\/2015\/12\/fotonoticia_20151223144333_800-101x66.jpg 101w, https:\/\/eldigitaldeasturias.com\/magazine365\/wp-content\/uploads\/2015\/12\/fotonoticia_20151223144333_800.jpg 800w\" sizes=\"(max-width: 360px) 100vw, 360px\" \/>El Tribunal de Justicia de la Uni\u00f3n Europea (TUE) ha dictaminado este martes que los billetes de avi\u00f3n no utilizados, pero cuyo importe no ha sido reembolsados por la compa\u00f1\u00eda al pasajero, pueden estar sujetos al IVA.<\/p>\n<p>En su pronunciamiento, el TUE explica que el IVA se devenga cuando el pago del cliente est\u00e9 directamente vinculado al servicio que presta la aerol\u00ednea y cuando se preste ese servicio.<\/p>\n<p>Sin embargo, advierte de que la contraprestaci\u00f3n no depende de que el pasajero se presente al embarque, \u00absino en el derecho que adquiere el pasajero de disfrutar de la prestaci\u00f3n del servicio\u00bb, al margen de que \u00abejercite\u00bb o no tal derecho.<\/p>\n<p>Desde el momento en que la compa\u00f1\u00eda pone al pasajero \u00aben condiciones de disfrutar\u00bb el servicio de transporte se devenga el IVA, por lo que el impuesto es exigible desde el momento del cobro del precio del billete.<\/p>\n<p>El tribunal responde as\u00ed a una consulta prejudicial del Consejo de Estado franc\u00e9s sobre dos casos que afectan a Air France-KLM y su filial Brit Air (ahora Hop!), que decidieron dejar de ingresar a la administraci\u00f3n tributaria gala el IVA repercutido sobre los billetes que los pasajeros no hubieran utilizado y que no fueron reembolsados.<\/p>\n<p>La Hacienda francesa reclam\u00f3 a Air France 4 millones de euros m\u00e1s intereses de demora correspondientes a liquidaciones del IVA durante tres a\u00f1os.<\/p>\n<p>El TUE tambi\u00e9n aclara que, en el caso de la filial Brit Air, que recib\u00eda una compensaci\u00f3n anual a tanto alzado por los billetes no utilizados, dicha cantidad tambi\u00e9n est\u00e1 sujeta al IVA.<\/p>\n","protected":false},"excerpt":{"rendered":"<p>El Tribunal de Justicia de la Uni\u00f3n Europea (TUE) ha dictaminado este martes que los billetes de avi\u00f3n no utilizados, pero cuyo importe no ha sido reembolsados por la compa\u00f1\u00eda al pasajero, pueden estar sujetos al IVA. En su pronunciamiento, el TUE explica que el IVA se devenga cuando el pago del cliente est\u00e9 directamente<\/p>\n","protected":false},"author":1,"featured_media":59245,"comment_status":"open","ping_status":"closed","sticky":false,"template":"","format":"standard","meta":{"footnotes":""},"categories":[224],"tags":[],"class_list":{"0":"post-59244","1":"post","2":"type-post","3":"status-publish","4":"format-standard","5":"has-post-thumbnail","7":"category-noticias-actualidad"},"aioseo_notices":[],"aioseo_head":"\n\t\t<!-- All in One SEO Pro 4.9.6.1 - aioseo.com -->\n\t<meta name=\"description\" content=\"El Tribunal de Justicia de la Uni\u00f3n Europea (TUE) ha dictaminado este martes que los billetes de avi\u00f3n no utilizados, pero cuyo importe no ha sido reembolsados por la compa\u00f1\u00eda al pasajero, pueden estar sujetos al IVA. En su pronunciamiento, el TUE explica que el IVA se devenga cuando el pago del cliente est\u00e9 directamente\" \/>\n\t<meta name=\"robots\" content=\"max-image-preview:large\" \/>\n\t<meta name=\"author\" content=\"admin\"\/>\n\t<meta name=\"google-site-verification\" content=\"UA-38556648-1\" \/>\n\t<meta name=\"keywords\" content=\"noticias y actualidad\" \/>\n\t<link rel=\"canonical\" href=\"https:\/\/eldigitaldeasturias.com\/magazine365\/el-tue-dice-que-es-exigible-a-las-aerolineas-el-iva-de-los-billetes-de-avion-no-utilizados-y-no-reembolsados\/\" \/>\n\t<meta name=\"generator\" content=\"All in One SEO Pro (AIOSEO) 4.9.6.1\" \/>\n\t\t<meta property=\"og:locale\" content=\"es_ES\" \/>\n\t\t<meta property=\"og:site_name\" content=\"El Digital de Asturias \u2013 Revista de ocio, turismo y estilo de vida\" \/>\n\t\t<meta property=\"og:type\" content=\"article\" \/>\n\t\t<meta property=\"og:title\" content=\"El TUE dice que es exigible a las aerol\u00edneas el IVA de los billetes de avi\u00f3n no utilizados y no reembolsados | El Digital de Asturias\" \/>\n\t\t<meta property=\"og:description\" content=\"El Tribunal de Justicia de la Uni\u00f3n Europea (TUE) ha dictaminado este martes que los billetes de avi\u00f3n no utilizados, pero cuyo importe no ha sido reembolsados por la compa\u00f1\u00eda al pasajero, pueden estar sujetos al IVA. En su pronunciamiento, el TUE explica que el IVA se devenga cuando el pago del cliente est\u00e9 directamente\" \/>\n\t\t<meta property=\"og:url\" content=\"https:\/\/eldigitaldeasturias.com\/magazine365\/el-tue-dice-que-es-exigible-a-las-aerolineas-el-iva-de-los-billetes-de-avion-no-utilizados-y-no-reembolsados\/\" \/>\n\t\t<meta property=\"og:image\" content=\"https:\/\/eldigitaldeasturias.com\/magazine365\/wp-content\/uploads\/2015\/12\/fotonoticia_20151223144333_800.jpg\" \/>\n\t\t<meta property=\"og:image:secure_url\" content=\"https:\/\/eldigitaldeasturias.com\/magazine365\/wp-content\/uploads\/2015\/12\/fotonoticia_20151223144333_800.jpg\" \/>\n\t\t<meta property=\"og:image:width\" content=\"800\" \/>\n\t\t<meta property=\"og:image:height\" content=\"533\" \/>\n\t\t<meta property=\"article:published_time\" content=\"2015-12-25T23:17:08+00:00\" \/>\n\t\t<meta property=\"article:modified_time\" content=\"2015-12-25T23:17:08+00:00\" \/>\n\t\t<meta name=\"twitter:card\" content=\"summary_large_image\" \/>\n\t\t<meta name=\"twitter:title\" content=\"El TUE dice que es exigible a las aerol\u00edneas el IVA de los billetes de avi\u00f3n no utilizados y no reembolsados | El Digital de Asturias\" \/>\n\t\t<meta name=\"twitter:description\" content=\"El Tribunal de Justicia de la Uni\u00f3n Europea (TUE) ha dictaminado este martes que los billetes de avi\u00f3n no utilizados, pero cuyo importe no ha sido reembolsados por la compa\u00f1\u00eda al pasajero, pueden estar sujetos al IVA. En su pronunciamiento, el TUE explica que el IVA se devenga cuando el pago del cliente est\u00e9 directamente\" \/>\n\t\t<meta name=\"twitter:image\" content=\"https:\/\/eldigitaldeasturias.com\/magazine365\/wp-content\/uploads\/2015\/12\/fotonoticia_20151223144333_800.jpg\" \/>\n\t\t<script type=\"application\/ld+json\" class=\"aioseo-schema\">\n\t\t\t{\"@context\":\"https:\\\/\\\/schema.org\",\"@graph\":[{\"@type\":\"Article\",\"@id\":\"https:\\\/\\\/eldigitaldeasturias.com\\\/magazine365\\\/el-tue-dice-que-es-exigible-a-las-aerolineas-el-iva-de-los-billetes-de-avion-no-utilizados-y-no-reembolsados\\\/#article\",\"name\":\"El TUE dice que es exigible a las aerol\\u00edneas el IVA de los billetes de avi\\u00f3n no utilizados y no reembolsados | El Digital de Asturias\",\"headline\":\"El TUE dice que es exigible a las aerol\\u00edneas el IVA de los billetes de avi\\u00f3n no utilizados y no reembolsados\",\"author\":{\"@id\":\"https:\\\/\\\/eldigitaldeasturias.com\\\/magazine365\\\/author\\\/admin\\\/#author\"},\"publisher\":{\"@id\":\"https:\\\/\\\/eldigitaldeasturias.com\\\/magazine365\\\/#organization\"},\"image\":{\"@type\":\"ImageObject\",\"url\":\"https:\\\/\\\/eldigitaldeasturias.com\\\/magazine365\\\/wp-content\\\/uploads\\\/2015\\\/12\\\/fotonoticia_20151223144333_800.jpg\",\"width\":800,\"height\":533},\"datePublished\":\"2015-12-26T00:17:08+01:00\",\"dateModified\":\"2015-12-26T00:17:08+01:00\",\"inLanguage\":\"es-ES\",\"mainEntityOfPage\":{\"@id\":\"https:\\\/\\\/eldigitaldeasturias.com\\\/magazine365\\\/el-tue-dice-que-es-exigible-a-las-aerolineas-el-iva-de-los-billetes-de-avion-no-utilizados-y-no-reembolsados\\\/#webpage\"},\"isPartOf\":{\"@id\":\"https:\\\/\\\/eldigitaldeasturias.com\\\/magazine365\\\/el-tue-dice-que-es-exigible-a-las-aerolineas-el-iva-de-los-billetes-de-avion-no-utilizados-y-no-reembolsados\\\/#webpage\"},\"articleSection\":\"Noticias y Actualidad\"},{\"@type\":\"BreadcrumbList\",\"@id\":\"https:\\\/\\\/eldigitaldeasturias.com\\\/magazine365\\\/el-tue-dice-que-es-exigible-a-las-aerolineas-el-iva-de-los-billetes-de-avion-no-utilizados-y-no-reembolsados\\\/#breadcrumblist\",\"itemListElement\":[{\"@type\":\"ListItem\",\"@id\":\"https:\\\/\\\/eldigitaldeasturias.com\\\/magazine365#listItem\",\"position\":1,\"name\":\"Home\",\"item\":\"https:\\\/\\\/eldigitaldeasturias.com\\\/magazine365\",\"nextItem\":{\"@type\":\"ListItem\",\"@id\":\"https:\\\/\\\/eldigitaldeasturias.com\\\/magazine365\\\/category\\\/noticias-actualidad\\\/#listItem\",\"name\":\"Noticias y Actualidad\"}},{\"@type\":\"ListItem\",\"@id\":\"https:\\\/\\\/eldigitaldeasturias.com\\\/magazine365\\\/category\\\/noticias-actualidad\\\/#listItem\",\"position\":2,\"name\":\"Noticias y Actualidad\",\"item\":\"https:\\\/\\\/eldigitaldeasturias.com\\\/magazine365\\\/category\\\/noticias-actualidad\\\/\",\"nextItem\":{\"@type\":\"ListItem\",\"@id\":\"https:\\\/\\\/eldigitaldeasturias.com\\\/magazine365\\\/el-tue-dice-que-es-exigible-a-las-aerolineas-el-iva-de-los-billetes-de-avion-no-utilizados-y-no-reembolsados\\\/#listItem\",\"name\":\"El TUE dice que es exigible a las aerol\\u00edneas el IVA de los billetes de avi\\u00f3n no utilizados y no reembolsados\"},\"previousItem\":{\"@type\":\"ListItem\",\"@id\":\"https:\\\/\\\/eldigitaldeasturias.com\\\/magazine365#listItem\",\"name\":\"Home\"}},{\"@type\":\"ListItem\",\"@id\":\"https:\\\/\\\/eldigitaldeasturias.com\\\/magazine365\\\/el-tue-dice-que-es-exigible-a-las-aerolineas-el-iva-de-los-billetes-de-avion-no-utilizados-y-no-reembolsados\\\/#listItem\",\"position\":3,\"name\":\"El TUE dice que es exigible a las aerol\\u00edneas el IVA de los billetes de avi\\u00f3n no utilizados y no reembolsados\",\"previousItem\":{\"@type\":\"ListItem\",\"@id\":\"https:\\\/\\\/eldigitaldeasturias.com\\\/magazine365\\\/category\\\/noticias-actualidad\\\/#listItem\",\"name\":\"Noticias y Actualidad\"}}]},{\"@type\":\"Organization\",\"@id\":\"https:\\\/\\\/eldigitaldeasturias.com\\\/magazine365\\\/#organization\",\"name\":\"El digital de Asturias\",\"description\":\"Revista de ocio, turismo y estilo de vida\",\"url\":\"https:\\\/\\\/eldigitaldeasturias.com\\\/magazine365\\\/\",\"logo\":{\"@type\":\"ImageObject\",\"url\":\"https:\\\/\\\/www.eldigitaldeasturias.com\\\/noticias\\\/wp-content\\\/uploads\\\/2020\\\/12\\\/EDA.jpg\",\"@id\":\"https:\\\/\\\/eldigitaldeasturias.com\\\/magazine365\\\/el-tue-dice-que-es-exigible-a-las-aerolineas-el-iva-de-los-billetes-de-avion-no-utilizados-y-no-reembolsados\\\/#organizationLogo\"},\"image\":{\"@id\":\"https:\\\/\\\/eldigitaldeasturias.com\\\/magazine365\\\/el-tue-dice-que-es-exigible-a-las-aerolineas-el-iva-de-los-billetes-de-avion-no-utilizados-y-no-reembolsados\\\/#organizationLogo\"}},{\"@type\":\"Person\",\"@id\":\"https:\\\/\\\/eldigitaldeasturias.com\\\/magazine365\\\/author\\\/admin\\\/#author\",\"url\":\"https:\\\/\\\/eldigitaldeasturias.com\\\/magazine365\\\/author\\\/admin\\\/\",\"name\":\"admin\",\"image\":{\"@type\":\"ImageObject\",\"@id\":\"https:\\\/\\\/eldigitaldeasturias.com\\\/magazine365\\\/el-tue-dice-que-es-exigible-a-las-aerolineas-el-iva-de-los-billetes-de-avion-no-utilizados-y-no-reembolsados\\\/#authorImage\",\"url\":\"https:\\\/\\\/eldigitaldeasturias.com\\\/magazine365\\\/wp-content\\\/litespeed\\\/avatar\\\/e571bcf59a0edd6fa6838245a470f2fe.jpg?ver=1777574230\",\"width\":96,\"height\":96,\"caption\":\"admin\"}},{\"@type\":\"WebPage\",\"@id\":\"https:\\\/\\\/eldigitaldeasturias.com\\\/magazine365\\\/el-tue-dice-que-es-exigible-a-las-aerolineas-el-iva-de-los-billetes-de-avion-no-utilizados-y-no-reembolsados\\\/#webpage\",\"url\":\"https:\\\/\\\/eldigitaldeasturias.com\\\/magazine365\\\/el-tue-dice-que-es-exigible-a-las-aerolineas-el-iva-de-los-billetes-de-avion-no-utilizados-y-no-reembolsados\\\/\",\"name\":\"El TUE dice que es exigible a las aerol\\u00edneas el IVA de los billetes de avi\\u00f3n no utilizados y no reembolsados | El Digital de Asturias\",\"description\":\"El Tribunal de Justicia de la Uni\\u00f3n Europea (TUE) ha dictaminado este martes que los billetes de avi\\u00f3n no utilizados, pero cuyo importe no ha sido reembolsados por la compa\\u00f1\\u00eda al pasajero, pueden estar sujetos al IVA. En su pronunciamiento, el TUE explica que el IVA se devenga cuando el pago del cliente est\\u00e9 directamente\",\"inLanguage\":\"es-ES\",\"isPartOf\":{\"@id\":\"https:\\\/\\\/eldigitaldeasturias.com\\\/magazine365\\\/#website\"},\"breadcrumb\":{\"@id\":\"https:\\\/\\\/eldigitaldeasturias.com\\\/magazine365\\\/el-tue-dice-que-es-exigible-a-las-aerolineas-el-iva-de-los-billetes-de-avion-no-utilizados-y-no-reembolsados\\\/#breadcrumblist\"},\"author\":{\"@id\":\"https:\\\/\\\/eldigitaldeasturias.com\\\/magazine365\\\/author\\\/admin\\\/#author\"},\"creator\":{\"@id\":\"https:\\\/\\\/eldigitaldeasturias.com\\\/magazine365\\\/author\\\/admin\\\/#author\"},\"image\":{\"@type\":\"ImageObject\",\"url\":\"https:\\\/\\\/eldigitaldeasturias.com\\\/magazine365\\\/wp-content\\\/uploads\\\/2015\\\/12\\\/fotonoticia_20151223144333_800.jpg\",\"@id\":\"https:\\\/\\\/eldigitaldeasturias.com\\\/magazine365\\\/el-tue-dice-que-es-exigible-a-las-aerolineas-el-iva-de-los-billetes-de-avion-no-utilizados-y-no-reembolsados\\\/#mainImage\",\"width\":800,\"height\":533},\"primaryImageOfPage\":{\"@id\":\"https:\\\/\\\/eldigitaldeasturias.com\\\/magazine365\\\/el-tue-dice-que-es-exigible-a-las-aerolineas-el-iva-de-los-billetes-de-avion-no-utilizados-y-no-reembolsados\\\/#mainImage\"},\"datePublished\":\"2015-12-26T00:17:08+01:00\",\"dateModified\":\"2015-12-26T00:17:08+01:00\"},{\"@type\":\"WebSite\",\"@id\":\"https:\\\/\\\/eldigitaldeasturias.com\\\/magazine365\\\/#website\",\"url\":\"https:\\\/\\\/eldigitaldeasturias.com\\\/magazine365\\\/\",\"name\":\"El Digital de Asturias\",\"description\":\"Revista de ocio, turismo y estilo de vida\",\"inLanguage\":\"es-ES\",\"publisher\":{\"@id\":\"https:\\\/\\\/eldigitaldeasturias.com\\\/magazine365\\\/#organization\"}}]}\n\t\t<\/script>\n\t\t<!-- All in One SEO Pro -->\r\n\t\t<title>El TUE dice que es exigible a las aerol\u00edneas el IVA de los billetes de avi\u00f3n no utilizados y no reembolsados | El Digital de Asturias<\/title>\n\n","aioseo_head_json":{"title":"El TUE dice que es exigible a las aerol\u00edneas el IVA de los billetes de avi\u00f3n no utilizados y no reembolsados | El Digital de Asturias","description":"El Tribunal de Justicia de la Uni\u00f3n Europea (TUE) ha dictaminado este martes que los billetes de avi\u00f3n no utilizados, pero cuyo importe no ha sido reembolsados por la compa\u00f1\u00eda al pasajero, pueden estar sujetos al IVA. En su pronunciamiento, el TUE explica que el IVA se devenga cuando el pago del cliente est\u00e9 directamente","canonical_url":"https:\/\/eldigitaldeasturias.com\/magazine365\/el-tue-dice-que-es-exigible-a-las-aerolineas-el-iva-de-los-billetes-de-avion-no-utilizados-y-no-reembolsados\/","robots":"max-image-preview:large","keywords":"noticias y actualidad","webmasterTools":{"google-site-verification":"UA-38556648-1","miscellaneous":""},"schema":{"@context":"https:\/\/schema.org","@graph":[{"@type":"Article","@id":"https:\/\/eldigitaldeasturias.com\/magazine365\/el-tue-dice-que-es-exigible-a-las-aerolineas-el-iva-de-los-billetes-de-avion-no-utilizados-y-no-reembolsados\/#article","name":"El TUE dice que es exigible a las aerol\u00edneas el IVA de los billetes de avi\u00f3n no utilizados y no reembolsados | El Digital de Asturias","headline":"El TUE dice que es exigible a las aerol\u00edneas el IVA de los billetes de avi\u00f3n no utilizados y no reembolsados","author":{"@id":"https:\/\/eldigitaldeasturias.com\/magazine365\/author\/admin\/#author"},"publisher":{"@id":"https:\/\/eldigitaldeasturias.com\/magazine365\/#organization"},"image":{"@type":"ImageObject","url":"https:\/\/eldigitaldeasturias.com\/magazine365\/wp-content\/uploads\/2015\/12\/fotonoticia_20151223144333_800.jpg","width":800,"height":533},"datePublished":"2015-12-26T00:17:08+01:00","dateModified":"2015-12-26T00:17:08+01:00","inLanguage":"es-ES","mainEntityOfPage":{"@id":"https:\/\/eldigitaldeasturias.com\/magazine365\/el-tue-dice-que-es-exigible-a-las-aerolineas-el-iva-de-los-billetes-de-avion-no-utilizados-y-no-reembolsados\/#webpage"},"isPartOf":{"@id":"https:\/\/eldigitaldeasturias.com\/magazine365\/el-tue-dice-que-es-exigible-a-las-aerolineas-el-iva-de-los-billetes-de-avion-no-utilizados-y-no-reembolsados\/#webpage"},"articleSection":"Noticias y Actualidad"},{"@type":"BreadcrumbList","@id":"https:\/\/eldigitaldeasturias.com\/magazine365\/el-tue-dice-que-es-exigible-a-las-aerolineas-el-iva-de-los-billetes-de-avion-no-utilizados-y-no-reembolsados\/#breadcrumblist","itemListElement":[{"@type":"ListItem","@id":"https:\/\/eldigitaldeasturias.com\/magazine365#listItem","position":1,"name":"Home","item":"https:\/\/eldigitaldeasturias.com\/magazine365","nextItem":{"@type":"ListItem","@id":"https:\/\/eldigitaldeasturias.com\/magazine365\/category\/noticias-actualidad\/#listItem","name":"Noticias y Actualidad"}},{"@type":"ListItem","@id":"https:\/\/eldigitaldeasturias.com\/magazine365\/category\/noticias-actualidad\/#listItem","position":2,"name":"Noticias y Actualidad","item":"https:\/\/eldigitaldeasturias.com\/magazine365\/category\/noticias-actualidad\/","nextItem":{"@type":"ListItem","@id":"https:\/\/eldigitaldeasturias.com\/magazine365\/el-tue-dice-que-es-exigible-a-las-aerolineas-el-iva-de-los-billetes-de-avion-no-utilizados-y-no-reembolsados\/#listItem","name":"El TUE dice que es exigible a las aerol\u00edneas el IVA de los billetes de avi\u00f3n no utilizados y no reembolsados"},"previousItem":{"@type":"ListItem","@id":"https:\/\/eldigitaldeasturias.com\/magazine365#listItem","name":"Home"}},{"@type":"ListItem","@id":"https:\/\/eldigitaldeasturias.com\/magazine365\/el-tue-dice-que-es-exigible-a-las-aerolineas-el-iva-de-los-billetes-de-avion-no-utilizados-y-no-reembolsados\/#listItem","position":3,"name":"El TUE dice que es exigible a las aerol\u00edneas el IVA de los billetes de avi\u00f3n no utilizados y no reembolsados","previousItem":{"@type":"ListItem","@id":"https:\/\/eldigitaldeasturias.com\/magazine365\/category\/noticias-actualidad\/#listItem","name":"Noticias y Actualidad"}}]},{"@type":"Organization","@id":"https:\/\/eldigitaldeasturias.com\/magazine365\/#organization","name":"El digital de Asturias","description":"Revista de ocio, turismo y estilo de vida","url":"https:\/\/eldigitaldeasturias.com\/magazine365\/","logo":{"@type":"ImageObject","url":"https:\/\/www.eldigitaldeasturias.com\/noticias\/wp-content\/uploads\/2020\/12\/EDA.jpg","@id":"https:\/\/eldigitaldeasturias.com\/magazine365\/el-tue-dice-que-es-exigible-a-las-aerolineas-el-iva-de-los-billetes-de-avion-no-utilizados-y-no-reembolsados\/#organizationLogo"},"image":{"@id":"https:\/\/eldigitaldeasturias.com\/magazine365\/el-tue-dice-que-es-exigible-a-las-aerolineas-el-iva-de-los-billetes-de-avion-no-utilizados-y-no-reembolsados\/#organizationLogo"}},{"@type":"Person","@id":"https:\/\/eldigitaldeasturias.com\/magazine365\/author\/admin\/#author","url":"https:\/\/eldigitaldeasturias.com\/magazine365\/author\/admin\/","name":"admin","image":{"@type":"ImageObject","@id":"https:\/\/eldigitaldeasturias.com\/magazine365\/el-tue-dice-que-es-exigible-a-las-aerolineas-el-iva-de-los-billetes-de-avion-no-utilizados-y-no-reembolsados\/#authorImage","url":"https:\/\/eldigitaldeasturias.com\/magazine365\/wp-content\/litespeed\/avatar\/e571bcf59a0edd6fa6838245a470f2fe.jpg?ver=1777574230","width":96,"height":96,"caption":"admin"}},{"@type":"WebPage","@id":"https:\/\/eldigitaldeasturias.com\/magazine365\/el-tue-dice-que-es-exigible-a-las-aerolineas-el-iva-de-los-billetes-de-avion-no-utilizados-y-no-reembolsados\/#webpage","url":"https:\/\/eldigitaldeasturias.com\/magazine365\/el-tue-dice-que-es-exigible-a-las-aerolineas-el-iva-de-los-billetes-de-avion-no-utilizados-y-no-reembolsados\/","name":"El TUE dice que es exigible a las aerol\u00edneas el IVA de los billetes de avi\u00f3n no utilizados y no reembolsados | El Digital de Asturias","description":"El Tribunal de Justicia de la Uni\u00f3n Europea (TUE) ha dictaminado este martes que los billetes de avi\u00f3n no utilizados, pero cuyo importe no ha sido reembolsados por la compa\u00f1\u00eda al pasajero, pueden estar sujetos al IVA. En su pronunciamiento, el TUE explica que el IVA se devenga cuando el pago del cliente est\u00e9 directamente","inLanguage":"es-ES","isPartOf":{"@id":"https:\/\/eldigitaldeasturias.com\/magazine365\/#website"},"breadcrumb":{"@id":"https:\/\/eldigitaldeasturias.com\/magazine365\/el-tue-dice-que-es-exigible-a-las-aerolineas-el-iva-de-los-billetes-de-avion-no-utilizados-y-no-reembolsados\/#breadcrumblist"},"author":{"@id":"https:\/\/eldigitaldeasturias.com\/magazine365\/author\/admin\/#author"},"creator":{"@id":"https:\/\/eldigitaldeasturias.com\/magazine365\/author\/admin\/#author"},"image":{"@type":"ImageObject","url":"https:\/\/eldigitaldeasturias.com\/magazine365\/wp-content\/uploads\/2015\/12\/fotonoticia_20151223144333_800.jpg","@id":"https:\/\/eldigitaldeasturias.com\/magazine365\/el-tue-dice-que-es-exigible-a-las-aerolineas-el-iva-de-los-billetes-de-avion-no-utilizados-y-no-reembolsados\/#mainImage","width":800,"height":533},"primaryImageOfPage":{"@id":"https:\/\/eldigitaldeasturias.com\/magazine365\/el-tue-dice-que-es-exigible-a-las-aerolineas-el-iva-de-los-billetes-de-avion-no-utilizados-y-no-reembolsados\/#mainImage"},"datePublished":"2015-12-26T00:17:08+01:00","dateModified":"2015-12-26T00:17:08+01:00"},{"@type":"WebSite","@id":"https:\/\/eldigitaldeasturias.com\/magazine365\/#website","url":"https:\/\/eldigitaldeasturias.com\/magazine365\/","name":"El Digital de Asturias","description":"Revista de ocio, turismo y estilo de vida","inLanguage":"es-ES","publisher":{"@id":"https:\/\/eldigitaldeasturias.com\/magazine365\/#organization"}}]},"og:locale":"es_ES","og:site_name":"El Digital de Asturias \u2013 Revista de ocio, turismo y estilo de vida","og:type":"article","og:title":"El TUE dice que es exigible a las aerol\u00edneas el IVA de los billetes de avi\u00f3n no utilizados y no reembolsados | El Digital de Asturias","og:description":"El Tribunal de Justicia de la Uni\u00f3n Europea (TUE) ha dictaminado este martes que los billetes de avi\u00f3n no utilizados, pero cuyo importe no ha sido reembolsados por la compa\u00f1\u00eda al pasajero, pueden estar sujetos al IVA. En su pronunciamiento, el TUE explica que el IVA se devenga cuando el pago del cliente est\u00e9 directamente","og:url":"https:\/\/eldigitaldeasturias.com\/magazine365\/el-tue-dice-que-es-exigible-a-las-aerolineas-el-iva-de-los-billetes-de-avion-no-utilizados-y-no-reembolsados\/","og:image":"https:\/\/eldigitaldeasturias.com\/magazine365\/wp-content\/uploads\/2015\/12\/fotonoticia_20151223144333_800.jpg","og:image:secure_url":"https:\/\/eldigitaldeasturias.com\/magazine365\/wp-content\/uploads\/2015\/12\/fotonoticia_20151223144333_800.jpg","og:image:width":800,"og:image:height":533,"article:published_time":"2015-12-25T23:17:08+00:00","article:modified_time":"2015-12-25T23:17:08+00:00","twitter:card":"summary_large_image","twitter:title":"El TUE dice que es exigible a las aerol\u00edneas el IVA de los billetes de avi\u00f3n no utilizados y no reembolsados | El Digital de Asturias","twitter:description":"El Tribunal de Justicia de la Uni\u00f3n Europea (TUE) ha dictaminado este martes que los billetes de avi\u00f3n no utilizados, pero cuyo importe no ha sido reembolsados por la compa\u00f1\u00eda al pasajero, pueden estar sujetos al IVA. En su pronunciamiento, el TUE explica que el IVA se devenga cuando el pago del cliente est\u00e9 directamente","twitter:image":"https:\/\/eldigitaldeasturias.com\/magazine365\/wp-content\/uploads\/2015\/12\/fotonoticia_20151223144333_800.jpg"},"aioseo_meta_data":{"post_id":"59244","title":null,"description":null,"keywords":null,"keyphrases":null,"primary_term":null,"canonical_url":null,"og_title":null,"og_description":null,"og_object_type":"default","og_image_type":"default","og_image_url":null,"og_image_width":null,"og_image_height":null,"og_image_custom_url":null,"og_image_custom_fields":null,"og_video":null,"og_custom_url":null,"og_article_section":null,"og_article_tags":null,"twitter_use_og":false,"twitter_card":"default","twitter_image_type":"default","twitter_image_url":null,"twitter_image_custom_url":null,"twitter_image_custom_fields":null,"twitter_title":null,"twitter_description":null,"schema":{"blockGraphs":[],"customGraphs":[],"default":{"data":{"Article":[],"Course":[],"Dataset":[],"FAQPage":[],"Movie":[],"Person":[],"Product":[],"ProductReview":[],"Car":[],"Recipe":[],"Service":[],"SoftwareApplication":[],"WebPage":[]},"graphName":"","isEnabled":true},"graphs":[],"defaultGraph":"","defaultPostTypeGraph":""},"schema_type":null,"schema_type_options":null,"pillar_content":false,"robots_default":true,"robots_noindex":false,"robots_noarchive":false,"robots_nosnippet":false,"robots_nofollow":false,"robots_noimageindex":false,"robots_noodp":false,"robots_notranslate":false,"robots_max_snippet":null,"robots_max_videopreview":null,"robots_max_imagepreview":"large","priority":null,"frequency":null,"location":null,"local_seo":null,"seo_analyzer_scan_date":"2025-09-25 04:34:59","breadcrumb_settings":null,"limit_modified_date":false,"open_ai":null,"ai":null,"created":"2021-03-08 22:19:22","updated":"2025-09-25 04:34:59"},"aioseo_breadcrumb":"<div class=\"aioseo-breadcrumbs\"><span class=\"aioseo-breadcrumb\">\n\t<a href=\"https:\/\/eldigitaldeasturias.com\/magazine365\" title=\"Home\">Home<\/a>\n<\/span><span class=\"aioseo-breadcrumb-separator\">\u2013<\/span><span class=\"aioseo-breadcrumb\">\n\t<a href=\"https:\/\/eldigitaldeasturias.com\/magazine365\/category\/noticias-actualidad\/\" title=\"Noticias y Actualidad\">Noticias y Actualidad<\/a>\n<\/span><span class=\"aioseo-breadcrumb-separator\">\u2013<\/span><span class=\"aioseo-breadcrumb\">\n\t<a href=\"https:\/\/eldigitaldeasturias.com\/magazine365\/el-tue-dice-que-es-exigible-a-las-aerolineas-el-iva-de-los-billetes-de-avion-no-utilizados-y-no-reembolsados\/\" title=\"El TUE dice que es exigible a las aerol\u00edneas el IVA de los billetes de avi\u00f3n no utilizados y no reembolsados\">El TUE dice que es exigible a las aerol\u00edneas el IVA de los billetes de avi\u00f3n no utilizados y no reembolsados<\/a>\n<\/span><\/div>","aioseo_breadcrumb_json":[{"label":"Home","link":"https:\/\/eldigitaldeasturias.com\/magazine365"},{"label":"Noticias y Actualidad","link":"https:\/\/eldigitaldeasturias.com\/magazine365\/category\/noticias-actualidad\/"},{"label":"El TUE dice que es exigible a las aerol\u00edneas el IVA de los billetes de avi\u00f3n no utilizados y no reembolsados","link":"https:\/\/eldigitaldeasturias.com\/magazine365\/el-tue-dice-que-es-exigible-a-las-aerolineas-el-iva-de-los-billetes-de-avion-no-utilizados-y-no-reembolsados\/"}],"_links":{"self":[{"href":"https:\/\/eldigitaldeasturias.com\/magazine365\/wp-json\/wp\/v2\/posts\/59244","targetHints":{"allow":["GET"]}}],"collection":[{"href":"https:\/\/eldigitaldeasturias.com\/magazine365\/wp-json\/wp\/v2\/posts"}],"about":[{"href":"https:\/\/eldigitaldeasturias.com\/magazine365\/wp-json\/wp\/v2\/types\/post"}],"author":[{"embeddable":true,"href":"https:\/\/eldigitaldeasturias.com\/magazine365\/wp-json\/wp\/v2\/users\/1"}],"replies":[{"embeddable":true,"href":"https:\/\/eldigitaldeasturias.com\/magazine365\/wp-json\/wp\/v2\/comments?post=59244"}],"version-history":[{"count":0,"href":"https:\/\/eldigitaldeasturias.com\/magazine365\/wp-json\/wp\/v2\/posts\/59244\/revisions"}],"wp:featuredmedia":[{"embeddable":true,"href":"https:\/\/eldigitaldeasturias.com\/magazine365\/wp-json\/wp\/v2\/media\/59245"}],"wp:attachment":[{"href":"https:\/\/eldigitaldeasturias.com\/magazine365\/wp-json\/wp\/v2\/media?parent=59244"}],"wp:term":[{"taxonomy":"category","embeddable":true,"href":"https:\/\/eldigitaldeasturias.com\/magazine365\/wp-json\/wp\/v2\/categories?post=59244"},{"taxonomy":"post_tag","embeddable":true,"href":"https:\/\/eldigitaldeasturias.com\/magazine365\/wp-json\/wp\/v2\/tags?post=59244"}],"curies":[{"name":"wp","href":"https:\/\/api.w.org\/{rel}","templated":true}]}}