{"id":59206,"date":"2015-12-25T22:17:19","date_gmt":"2015-12-25T21:17:19","guid":{"rendered":"http:\/\/eldigitaldeasturias.com\/magazine365\/?p=59206"},"modified":"2015-12-25T22:17:19","modified_gmt":"2015-12-25T21:17:19","slug":"las-casas-rurales-de-asturias-pendientes-del-ultimo-momento","status":"publish","type":"post","link":"https:\/\/eldigitaldeasturias.com\/magazine365\/las-casas-rurales-de-asturias-pendientes-del-ultimo-momento\/","title":{"rendered":"Las casas rurales de Asturias pendientes del \u201c\u00faltimo momento\u201d"},"content":{"rendered":"<p><img decoding=\"async\" class=\"alignleft size-medium wp-image-59207\" src=\"https:\/\/eldigitaldeasturias.com\/magazine365\/wp-content\/uploads\/2015\/12\/fotonoticia_20151223092936_800-360x136.jpg\" alt=\"fotonoticia_20151223092936_800\" width=\"360\" height=\"136\" srcset=\"https:\/\/eldigitaldeasturias.com\/magazine365\/wp-content\/uploads\/2015\/12\/fotonoticia_20151223092936_800-360x136.jpg 360w, https:\/\/eldigitaldeasturias.com\/magazine365\/wp-content\/uploads\/2015\/12\/fotonoticia_20151223092936_800-650x245.jpg 650w, https:\/\/eldigitaldeasturias.com\/magazine365\/wp-content\/uploads\/2015\/12\/fotonoticia_20151223092936_800-768x290.jpg 768w, https:\/\/eldigitaldeasturias.com\/magazine365\/wp-content\/uploads\/2015\/12\/fotonoticia_20151223092936_800-150x57.jpg 150w, https:\/\/eldigitaldeasturias.com\/magazine365\/wp-content\/uploads\/2015\/12\/fotonoticia_20151223092936_800-450x170.jpg 450w, https:\/\/eldigitaldeasturias.com\/magazine365\/wp-content\/uploads\/2015\/12\/fotonoticia_20151223092936_800-696x263.jpg 696w, https:\/\/eldigitaldeasturias.com\/magazine365\/wp-content\/uploads\/2015\/12\/fotonoticia_20151223092936_800.jpg 800w\" sizes=\"(max-width: 360px) 100vw, 360px\" \/>La media de ocupaci\u00f3n de las casas rurales de alquiler \u00edntegro en Espa\u00f1a para las noches del 24 al 27 de diciembre alcanza el 42%, cinco puntos m\u00e1s respecto a 2014; mientras que la ocupaci\u00f3n para todo tipo de alojamiento se sit\u00faa en el 40%.<\/p>\n<p>El Pa\u00eds Vasco lidera el ranking auton\u00f3mico de ocupaci\u00f3n en las casas rurales durante esta Navidad, con una tasa que alcanza el 71%, seg\u00fan el portal especializado en turismo rural Escapadarural.com.<\/p>\n<p>Al analizar los datos por autonom\u00edas, los viajeros que se inclinan por casas rurales de alquiler completo se decantan, en primer lugar, por Pa\u00eds Vasco (71%). Seguido de Catalu\u00f1a (62%), Comunidad de Madrid (60%), Navarra (59%), Islas Canarias (55%), La Rioja (44%), Castilla-La Mancha (42%) y Castilla y Le\u00f3n (42%).<\/p>\n<p>Comunidades aut\u00f3nomas como Extremadura (26%), Murcia (26%) y Asturias (16%) han registrado datos de ocupaci\u00f3n rural m\u00e1s bajos.<\/p>\n<p>A nivel provincial, Barcelona llega hasta el 81% de alojamientos rurales de alquiler \u00edntegro con el cartel de completo, y se impone como la gran favorita para disfrutar de la Navidad.<\/p>\n<p>Asimismo, le siguen provincias como Palencia (65%), Toledo (64%), Segovia (64%), Comunidad de Madrid (60%), Navarra (59%) y Lleida y Girona, ambas con el 58% de ocupaci\u00f3n.<\/p>\n<p>A la cola se encuentran Cuenca (25%), C\u00e1ceres (21%) y Asturias (16%), con una media de ocupaci\u00f3n rural m\u00e1s baja.<\/p>\n<p>Escapadarural.com, ha estudiado los datos centr\u00e1ndose en las respuestas de los viajeros. As\u00ed, el 44,9% de los encuestados se\u00f1alan que practican turismo rural durante la \u00e9poca navide\u00f1a, y los mayores de 40 a\u00f1os aseguran ser los que menos escapadas rurales realizan durante estas fechas.<\/p>\n<p>LAS CASAS CON EQUIPO DE M\u00daSICA LAS M\u00c1S DEMANDADAS<\/p>\n<p>Escapadarural.com tambi\u00e9n ha analizado los datos de ocupaci\u00f3n seg\u00fan las necesidades del viajero al hacer una reserva. De este modo, los alojamientos que disponen de equipo de m\u00fasica han sido los m\u00e1s demandados con un 49%.<\/p>\n<p>Asimismo, han suscitado especial inter\u00e9s los alojamientos que ofertan actividades de entretenimiento.<\/p>\n<p>Para estas fechas, el portal web dispone de 255 ofertas, con descuentos que oscilan entre el 3% y el 63%.<\/p>\n","protected":false},"excerpt":{"rendered":"<p>La media de ocupaci\u00f3n de las casas rurales de alquiler \u00edntegro en Espa\u00f1a para las noches del 24 al 27 de diciembre alcanza el 42%, cinco puntos m\u00e1s respecto a 2014; mientras que la ocupaci\u00f3n para todo tipo de alojamiento se sit\u00faa en el 40%. El Pa\u00eds Vasco lidera el ranking auton\u00f3mico de ocupaci\u00f3n en<\/p>\n","protected":false},"author":1,"featured_media":59207,"comment_status":"open","ping_status":"closed","sticky":false,"template":"","format":"standard","meta":{"footnotes":""},"categories":[224],"tags":[],"class_list":{"0":"post-59206","1":"post","2":"type-post","3":"status-publish","4":"format-standard","5":"has-post-thumbnail","7":"category-noticias-actualidad"},"aioseo_notices":[],"aioseo_head":"\n\t\t<!-- All in One SEO Pro 4.9.6.1 - aioseo.com -->\n\t<meta name=\"description\" content=\"La media de ocupaci\u00f3n de las casas rurales de alquiler \u00edntegro en Espa\u00f1a para las noches del 24 al 27 de diciembre alcanza el 42%, cinco puntos m\u00e1s respecto a 2014; mientras que la ocupaci\u00f3n para todo tipo de alojamiento se sit\u00faa en el 40%. El Pa\u00eds Vasco lidera el ranking auton\u00f3mico de ocupaci\u00f3n en\" \/>\n\t<meta name=\"robots\" content=\"max-image-preview:large\" \/>\n\t<meta name=\"author\" content=\"admin\"\/>\n\t<meta name=\"google-site-verification\" content=\"UA-38556648-1\" \/>\n\t<meta name=\"keywords\" content=\"noticias y actualidad\" \/>\n\t<link rel=\"canonical\" href=\"https:\/\/eldigitaldeasturias.com\/magazine365\/las-casas-rurales-de-asturias-pendientes-del-ultimo-momento\/\" \/>\n\t<meta name=\"generator\" content=\"All in One SEO Pro (AIOSEO) 4.9.6.1\" \/>\n\t\t<meta property=\"og:locale\" content=\"es_ES\" \/>\n\t\t<meta property=\"og:site_name\" content=\"El Digital de Asturias \u2013 Revista de ocio, turismo y estilo de vida\" \/>\n\t\t<meta property=\"og:type\" content=\"article\" \/>\n\t\t<meta property=\"og:title\" content=\"Las casas rurales de Asturias pendientes del \u201c\u00faltimo momento\u201d | El Digital de Asturias\" \/>\n\t\t<meta property=\"og:description\" content=\"La media de ocupaci\u00f3n de las casas rurales de alquiler \u00edntegro en Espa\u00f1a para las noches del 24 al 27 de diciembre alcanza el 42%, cinco puntos m\u00e1s respecto a 2014; mientras que la ocupaci\u00f3n para todo tipo de alojamiento se sit\u00faa en el 40%. El Pa\u00eds Vasco lidera el ranking auton\u00f3mico de ocupaci\u00f3n en\" \/>\n\t\t<meta property=\"og:url\" content=\"https:\/\/eldigitaldeasturias.com\/magazine365\/las-casas-rurales-de-asturias-pendientes-del-ultimo-momento\/\" \/>\n\t\t<meta property=\"og:image\" content=\"https:\/\/eldigitaldeasturias.com\/magazine365\/wp-content\/uploads\/2015\/12\/fotonoticia_20151223092936_800.jpg\" \/>\n\t\t<meta property=\"og:image:secure_url\" content=\"https:\/\/eldigitaldeasturias.com\/magazine365\/wp-content\/uploads\/2015\/12\/fotonoticia_20151223092936_800.jpg\" \/>\n\t\t<meta property=\"og:image:width\" content=\"800\" \/>\n\t\t<meta property=\"og:image:height\" content=\"302\" \/>\n\t\t<meta property=\"article:published_time\" content=\"2015-12-25T21:17:19+00:00\" \/>\n\t\t<meta property=\"article:modified_time\" content=\"2015-12-25T21:17:19+00:00\" \/>\n\t\t<meta name=\"twitter:card\" content=\"summary_large_image\" \/>\n\t\t<meta name=\"twitter:title\" content=\"Las casas rurales de Asturias pendientes del \u201c\u00faltimo momento\u201d | El Digital de Asturias\" \/>\n\t\t<meta name=\"twitter:description\" content=\"La media de ocupaci\u00f3n de las casas rurales de alquiler \u00edntegro en Espa\u00f1a para las noches del 24 al 27 de diciembre alcanza el 42%, cinco puntos m\u00e1s respecto a 2014; mientras que la ocupaci\u00f3n para todo tipo de alojamiento se sit\u00faa en el 40%. El Pa\u00eds Vasco lidera el ranking auton\u00f3mico de ocupaci\u00f3n en\" \/>\n\t\t<meta name=\"twitter:image\" content=\"https:\/\/eldigitaldeasturias.com\/magazine365\/wp-content\/uploads\/2015\/12\/fotonoticia_20151223092936_800.jpg\" \/>\n\t\t<script type=\"application\/ld+json\" class=\"aioseo-schema\">\n\t\t\t{\"@context\":\"https:\\\/\\\/schema.org\",\"@graph\":[{\"@type\":\"Article\",\"@id\":\"https:\\\/\\\/eldigitaldeasturias.com\\\/magazine365\\\/las-casas-rurales-de-asturias-pendientes-del-ultimo-momento\\\/#article\",\"name\":\"Las casas rurales de Asturias pendientes del \\u201c\\u00faltimo momento\\u201d | El Digital de Asturias\",\"headline\":\"Las casas rurales de Asturias pendientes del \\u201c\\u00faltimo momento\\u201d\",\"author\":{\"@id\":\"https:\\\/\\\/eldigitaldeasturias.com\\\/magazine365\\\/author\\\/admin\\\/#author\"},\"publisher\":{\"@id\":\"https:\\\/\\\/eldigitaldeasturias.com\\\/magazine365\\\/#organization\"},\"image\":{\"@type\":\"ImageObject\",\"url\":\"https:\\\/\\\/eldigitaldeasturias.com\\\/magazine365\\\/wp-content\\\/uploads\\\/2015\\\/12\\\/fotonoticia_20151223092936_800.jpg\",\"width\":800,\"height\":302},\"datePublished\":\"2015-12-25T22:17:19+01:00\",\"dateModified\":\"2015-12-25T22:17:19+01:00\",\"inLanguage\":\"es-ES\",\"mainEntityOfPage\":{\"@id\":\"https:\\\/\\\/eldigitaldeasturias.com\\\/magazine365\\\/las-casas-rurales-de-asturias-pendientes-del-ultimo-momento\\\/#webpage\"},\"isPartOf\":{\"@id\":\"https:\\\/\\\/eldigitaldeasturias.com\\\/magazine365\\\/las-casas-rurales-de-asturias-pendientes-del-ultimo-momento\\\/#webpage\"},\"articleSection\":\"Noticias y Actualidad\"},{\"@type\":\"BreadcrumbList\",\"@id\":\"https:\\\/\\\/eldigitaldeasturias.com\\\/magazine365\\\/las-casas-rurales-de-asturias-pendientes-del-ultimo-momento\\\/#breadcrumblist\",\"itemListElement\":[{\"@type\":\"ListItem\",\"@id\":\"https:\\\/\\\/eldigitaldeasturias.com\\\/magazine365#listItem\",\"position\":1,\"name\":\"Home\",\"item\":\"https:\\\/\\\/eldigitaldeasturias.com\\\/magazine365\",\"nextItem\":{\"@type\":\"ListItem\",\"@id\":\"https:\\\/\\\/eldigitaldeasturias.com\\\/magazine365\\\/category\\\/noticias-actualidad\\\/#listItem\",\"name\":\"Noticias y Actualidad\"}},{\"@type\":\"ListItem\",\"@id\":\"https:\\\/\\\/eldigitaldeasturias.com\\\/magazine365\\\/category\\\/noticias-actualidad\\\/#listItem\",\"position\":2,\"name\":\"Noticias y Actualidad\",\"item\":\"https:\\\/\\\/eldigitaldeasturias.com\\\/magazine365\\\/category\\\/noticias-actualidad\\\/\",\"nextItem\":{\"@type\":\"ListItem\",\"@id\":\"https:\\\/\\\/eldigitaldeasturias.com\\\/magazine365\\\/las-casas-rurales-de-asturias-pendientes-del-ultimo-momento\\\/#listItem\",\"name\":\"Las casas rurales de Asturias pendientes del \\u201c\\u00faltimo momento\\u201d\"},\"previousItem\":{\"@type\":\"ListItem\",\"@id\":\"https:\\\/\\\/eldigitaldeasturias.com\\\/magazine365#listItem\",\"name\":\"Home\"}},{\"@type\":\"ListItem\",\"@id\":\"https:\\\/\\\/eldigitaldeasturias.com\\\/magazine365\\\/las-casas-rurales-de-asturias-pendientes-del-ultimo-momento\\\/#listItem\",\"position\":3,\"name\":\"Las casas rurales de Asturias pendientes del \\u201c\\u00faltimo momento\\u201d\",\"previousItem\":{\"@type\":\"ListItem\",\"@id\":\"https:\\\/\\\/eldigitaldeasturias.com\\\/magazine365\\\/category\\\/noticias-actualidad\\\/#listItem\",\"name\":\"Noticias y Actualidad\"}}]},{\"@type\":\"Organization\",\"@id\":\"https:\\\/\\\/eldigitaldeasturias.com\\\/magazine365\\\/#organization\",\"name\":\"El digital de Asturias\",\"description\":\"Revista de ocio, turismo y estilo de vida\",\"url\":\"https:\\\/\\\/eldigitaldeasturias.com\\\/magazine365\\\/\",\"logo\":{\"@type\":\"ImageObject\",\"url\":\"https:\\\/\\\/www.eldigitaldeasturias.com\\\/noticias\\\/wp-content\\\/uploads\\\/2020\\\/12\\\/EDA.jpg\",\"@id\":\"https:\\\/\\\/eldigitaldeasturias.com\\\/magazine365\\\/las-casas-rurales-de-asturias-pendientes-del-ultimo-momento\\\/#organizationLogo\"},\"image\":{\"@id\":\"https:\\\/\\\/eldigitaldeasturias.com\\\/magazine365\\\/las-casas-rurales-de-asturias-pendientes-del-ultimo-momento\\\/#organizationLogo\"}},{\"@type\":\"Person\",\"@id\":\"https:\\\/\\\/eldigitaldeasturias.com\\\/magazine365\\\/author\\\/admin\\\/#author\",\"url\":\"https:\\\/\\\/eldigitaldeasturias.com\\\/magazine365\\\/author\\\/admin\\\/\",\"name\":\"admin\",\"image\":{\"@type\":\"ImageObject\",\"@id\":\"https:\\\/\\\/eldigitaldeasturias.com\\\/magazine365\\\/las-casas-rurales-de-asturias-pendientes-del-ultimo-momento\\\/#authorImage\",\"url\":\"https:\\\/\\\/eldigitaldeasturias.com\\\/magazine365\\\/wp-content\\\/litespeed\\\/avatar\\\/e571bcf59a0edd6fa6838245a470f2fe.jpg?ver=1777574230\",\"width\":96,\"height\":96,\"caption\":\"admin\"}},{\"@type\":\"WebPage\",\"@id\":\"https:\\\/\\\/eldigitaldeasturias.com\\\/magazine365\\\/las-casas-rurales-de-asturias-pendientes-del-ultimo-momento\\\/#webpage\",\"url\":\"https:\\\/\\\/eldigitaldeasturias.com\\\/magazine365\\\/las-casas-rurales-de-asturias-pendientes-del-ultimo-momento\\\/\",\"name\":\"Las casas rurales de Asturias pendientes del \\u201c\\u00faltimo momento\\u201d | El Digital de Asturias\",\"description\":\"La media de ocupaci\\u00f3n de las casas rurales de alquiler \\u00edntegro en Espa\\u00f1a para las noches del 24 al 27 de diciembre alcanza el 42%, cinco puntos m\\u00e1s respecto a 2014; mientras que la ocupaci\\u00f3n para todo tipo de alojamiento se sit\\u00faa en el 40%. El Pa\\u00eds Vasco lidera el ranking auton\\u00f3mico de ocupaci\\u00f3n en\",\"inLanguage\":\"es-ES\",\"isPartOf\":{\"@id\":\"https:\\\/\\\/eldigitaldeasturias.com\\\/magazine365\\\/#website\"},\"breadcrumb\":{\"@id\":\"https:\\\/\\\/eldigitaldeasturias.com\\\/magazine365\\\/las-casas-rurales-de-asturias-pendientes-del-ultimo-momento\\\/#breadcrumblist\"},\"author\":{\"@id\":\"https:\\\/\\\/eldigitaldeasturias.com\\\/magazine365\\\/author\\\/admin\\\/#author\"},\"creator\":{\"@id\":\"https:\\\/\\\/eldigitaldeasturias.com\\\/magazine365\\\/author\\\/admin\\\/#author\"},\"image\":{\"@type\":\"ImageObject\",\"url\":\"https:\\\/\\\/eldigitaldeasturias.com\\\/magazine365\\\/wp-content\\\/uploads\\\/2015\\\/12\\\/fotonoticia_20151223092936_800.jpg\",\"@id\":\"https:\\\/\\\/eldigitaldeasturias.com\\\/magazine365\\\/las-casas-rurales-de-asturias-pendientes-del-ultimo-momento\\\/#mainImage\",\"width\":800,\"height\":302},\"primaryImageOfPage\":{\"@id\":\"https:\\\/\\\/eldigitaldeasturias.com\\\/magazine365\\\/las-casas-rurales-de-asturias-pendientes-del-ultimo-momento\\\/#mainImage\"},\"datePublished\":\"2015-12-25T22:17:19+01:00\",\"dateModified\":\"2015-12-25T22:17:19+01:00\"},{\"@type\":\"WebSite\",\"@id\":\"https:\\\/\\\/eldigitaldeasturias.com\\\/magazine365\\\/#website\",\"url\":\"https:\\\/\\\/eldigitaldeasturias.com\\\/magazine365\\\/\",\"name\":\"El Digital de Asturias\",\"description\":\"Revista de ocio, turismo y estilo de vida\",\"inLanguage\":\"es-ES\",\"publisher\":{\"@id\":\"https:\\\/\\\/eldigitaldeasturias.com\\\/magazine365\\\/#organization\"}}]}\n\t\t<\/script>\n\t\t<!-- All in One SEO Pro -->\r\n\t\t<title>Las casas rurales de Asturias pendientes del \u201c\u00faltimo momento\u201d | El Digital de Asturias<\/title>\n\n","aioseo_head_json":{"title":"Las casas rurales de Asturias pendientes del \u201c\u00faltimo momento\u201d | El Digital de Asturias","description":"La media de ocupaci\u00f3n de las casas rurales de alquiler \u00edntegro en Espa\u00f1a para las noches del 24 al 27 de diciembre alcanza el 42%, cinco puntos m\u00e1s respecto a 2014; mientras que la ocupaci\u00f3n para todo tipo de alojamiento se sit\u00faa en el 40%. El Pa\u00eds Vasco lidera el ranking auton\u00f3mico de ocupaci\u00f3n en","canonical_url":"https:\/\/eldigitaldeasturias.com\/magazine365\/las-casas-rurales-de-asturias-pendientes-del-ultimo-momento\/","robots":"max-image-preview:large","keywords":"noticias y actualidad","webmasterTools":{"google-site-verification":"UA-38556648-1","miscellaneous":""},"schema":{"@context":"https:\/\/schema.org","@graph":[{"@type":"Article","@id":"https:\/\/eldigitaldeasturias.com\/magazine365\/las-casas-rurales-de-asturias-pendientes-del-ultimo-momento\/#article","name":"Las casas rurales de Asturias pendientes del \u201c\u00faltimo momento\u201d | El Digital de Asturias","headline":"Las casas rurales de Asturias pendientes del \u201c\u00faltimo momento\u201d","author":{"@id":"https:\/\/eldigitaldeasturias.com\/magazine365\/author\/admin\/#author"},"publisher":{"@id":"https:\/\/eldigitaldeasturias.com\/magazine365\/#organization"},"image":{"@type":"ImageObject","url":"https:\/\/eldigitaldeasturias.com\/magazine365\/wp-content\/uploads\/2015\/12\/fotonoticia_20151223092936_800.jpg","width":800,"height":302},"datePublished":"2015-12-25T22:17:19+01:00","dateModified":"2015-12-25T22:17:19+01:00","inLanguage":"es-ES","mainEntityOfPage":{"@id":"https:\/\/eldigitaldeasturias.com\/magazine365\/las-casas-rurales-de-asturias-pendientes-del-ultimo-momento\/#webpage"},"isPartOf":{"@id":"https:\/\/eldigitaldeasturias.com\/magazine365\/las-casas-rurales-de-asturias-pendientes-del-ultimo-momento\/#webpage"},"articleSection":"Noticias y Actualidad"},{"@type":"BreadcrumbList","@id":"https:\/\/eldigitaldeasturias.com\/magazine365\/las-casas-rurales-de-asturias-pendientes-del-ultimo-momento\/#breadcrumblist","itemListElement":[{"@type":"ListItem","@id":"https:\/\/eldigitaldeasturias.com\/magazine365#listItem","position":1,"name":"Home","item":"https:\/\/eldigitaldeasturias.com\/magazine365","nextItem":{"@type":"ListItem","@id":"https:\/\/eldigitaldeasturias.com\/magazine365\/category\/noticias-actualidad\/#listItem","name":"Noticias y Actualidad"}},{"@type":"ListItem","@id":"https:\/\/eldigitaldeasturias.com\/magazine365\/category\/noticias-actualidad\/#listItem","position":2,"name":"Noticias y Actualidad","item":"https:\/\/eldigitaldeasturias.com\/magazine365\/category\/noticias-actualidad\/","nextItem":{"@type":"ListItem","@id":"https:\/\/eldigitaldeasturias.com\/magazine365\/las-casas-rurales-de-asturias-pendientes-del-ultimo-momento\/#listItem","name":"Las casas rurales de Asturias pendientes del \u201c\u00faltimo momento\u201d"},"previousItem":{"@type":"ListItem","@id":"https:\/\/eldigitaldeasturias.com\/magazine365#listItem","name":"Home"}},{"@type":"ListItem","@id":"https:\/\/eldigitaldeasturias.com\/magazine365\/las-casas-rurales-de-asturias-pendientes-del-ultimo-momento\/#listItem","position":3,"name":"Las casas rurales de Asturias pendientes del \u201c\u00faltimo momento\u201d","previousItem":{"@type":"ListItem","@id":"https:\/\/eldigitaldeasturias.com\/magazine365\/category\/noticias-actualidad\/#listItem","name":"Noticias y Actualidad"}}]},{"@type":"Organization","@id":"https:\/\/eldigitaldeasturias.com\/magazine365\/#organization","name":"El digital de Asturias","description":"Revista de ocio, turismo y estilo de vida","url":"https:\/\/eldigitaldeasturias.com\/magazine365\/","logo":{"@type":"ImageObject","url":"https:\/\/www.eldigitaldeasturias.com\/noticias\/wp-content\/uploads\/2020\/12\/EDA.jpg","@id":"https:\/\/eldigitaldeasturias.com\/magazine365\/las-casas-rurales-de-asturias-pendientes-del-ultimo-momento\/#organizationLogo"},"image":{"@id":"https:\/\/eldigitaldeasturias.com\/magazine365\/las-casas-rurales-de-asturias-pendientes-del-ultimo-momento\/#organizationLogo"}},{"@type":"Person","@id":"https:\/\/eldigitaldeasturias.com\/magazine365\/author\/admin\/#author","url":"https:\/\/eldigitaldeasturias.com\/magazine365\/author\/admin\/","name":"admin","image":{"@type":"ImageObject","@id":"https:\/\/eldigitaldeasturias.com\/magazine365\/las-casas-rurales-de-asturias-pendientes-del-ultimo-momento\/#authorImage","url":"https:\/\/eldigitaldeasturias.com\/magazine365\/wp-content\/litespeed\/avatar\/e571bcf59a0edd6fa6838245a470f2fe.jpg?ver=1777574230","width":96,"height":96,"caption":"admin"}},{"@type":"WebPage","@id":"https:\/\/eldigitaldeasturias.com\/magazine365\/las-casas-rurales-de-asturias-pendientes-del-ultimo-momento\/#webpage","url":"https:\/\/eldigitaldeasturias.com\/magazine365\/las-casas-rurales-de-asturias-pendientes-del-ultimo-momento\/","name":"Las casas rurales de Asturias pendientes del \u201c\u00faltimo momento\u201d | El Digital de Asturias","description":"La media de ocupaci\u00f3n de las casas rurales de alquiler \u00edntegro en Espa\u00f1a para las noches del 24 al 27 de diciembre alcanza el 42%, cinco puntos m\u00e1s respecto a 2014; mientras que la ocupaci\u00f3n para todo tipo de alojamiento se sit\u00faa en el 40%. El Pa\u00eds Vasco lidera el ranking auton\u00f3mico de ocupaci\u00f3n en","inLanguage":"es-ES","isPartOf":{"@id":"https:\/\/eldigitaldeasturias.com\/magazine365\/#website"},"breadcrumb":{"@id":"https:\/\/eldigitaldeasturias.com\/magazine365\/las-casas-rurales-de-asturias-pendientes-del-ultimo-momento\/#breadcrumblist"},"author":{"@id":"https:\/\/eldigitaldeasturias.com\/magazine365\/author\/admin\/#author"},"creator":{"@id":"https:\/\/eldigitaldeasturias.com\/magazine365\/author\/admin\/#author"},"image":{"@type":"ImageObject","url":"https:\/\/eldigitaldeasturias.com\/magazine365\/wp-content\/uploads\/2015\/12\/fotonoticia_20151223092936_800.jpg","@id":"https:\/\/eldigitaldeasturias.com\/magazine365\/las-casas-rurales-de-asturias-pendientes-del-ultimo-momento\/#mainImage","width":800,"height":302},"primaryImageOfPage":{"@id":"https:\/\/eldigitaldeasturias.com\/magazine365\/las-casas-rurales-de-asturias-pendientes-del-ultimo-momento\/#mainImage"},"datePublished":"2015-12-25T22:17:19+01:00","dateModified":"2015-12-25T22:17:19+01:00"},{"@type":"WebSite","@id":"https:\/\/eldigitaldeasturias.com\/magazine365\/#website","url":"https:\/\/eldigitaldeasturias.com\/magazine365\/","name":"El Digital de Asturias","description":"Revista de ocio, turismo y estilo de vida","inLanguage":"es-ES","publisher":{"@id":"https:\/\/eldigitaldeasturias.com\/magazine365\/#organization"}}]},"og:locale":"es_ES","og:site_name":"El Digital de Asturias \u2013 Revista de ocio, turismo y estilo de vida","og:type":"article","og:title":"Las casas rurales de Asturias pendientes del \u201c\u00faltimo momento\u201d | El Digital de Asturias","og:description":"La media de ocupaci\u00f3n de las casas rurales de alquiler \u00edntegro en Espa\u00f1a para las noches del 24 al 27 de diciembre alcanza el 42%, cinco puntos m\u00e1s respecto a 2014; mientras que la ocupaci\u00f3n para todo tipo de alojamiento se sit\u00faa en el 40%. El Pa\u00eds Vasco lidera el ranking auton\u00f3mico de ocupaci\u00f3n en","og:url":"https:\/\/eldigitaldeasturias.com\/magazine365\/las-casas-rurales-de-asturias-pendientes-del-ultimo-momento\/","og:image":"https:\/\/eldigitaldeasturias.com\/magazine365\/wp-content\/uploads\/2015\/12\/fotonoticia_20151223092936_800.jpg","og:image:secure_url":"https:\/\/eldigitaldeasturias.com\/magazine365\/wp-content\/uploads\/2015\/12\/fotonoticia_20151223092936_800.jpg","og:image:width":800,"og:image:height":302,"article:published_time":"2015-12-25T21:17:19+00:00","article:modified_time":"2015-12-25T21:17:19+00:00","twitter:card":"summary_large_image","twitter:title":"Las casas rurales de Asturias pendientes del \u201c\u00faltimo momento\u201d | El Digital de Asturias","twitter:description":"La media de ocupaci\u00f3n de las casas rurales de alquiler \u00edntegro en Espa\u00f1a para las noches del 24 al 27 de diciembre alcanza el 42%, cinco puntos m\u00e1s respecto a 2014; mientras que la ocupaci\u00f3n para todo tipo de alojamiento se sit\u00faa en el 40%. El Pa\u00eds Vasco lidera el ranking auton\u00f3mico de ocupaci\u00f3n en","twitter:image":"https:\/\/eldigitaldeasturias.com\/magazine365\/wp-content\/uploads\/2015\/12\/fotonoticia_20151223092936_800.jpg"},"aioseo_meta_data":{"post_id":"59206","title":null,"description":null,"keywords":null,"keyphrases":null,"primary_term":null,"canonical_url":null,"og_title":null,"og_description":null,"og_object_type":"default","og_image_type":"default","og_image_url":null,"og_image_width":null,"og_image_height":null,"og_image_custom_url":null,"og_image_custom_fields":null,"og_video":null,"og_custom_url":null,"og_article_section":null,"og_article_tags":null,"twitter_use_og":false,"twitter_card":"default","twitter_image_type":"default","twitter_image_url":null,"twitter_image_custom_url":null,"twitter_image_custom_fields":null,"twitter_title":null,"twitter_description":null,"schema":{"blockGraphs":[],"customGraphs":[],"default":{"data":{"Article":[],"Course":[],"Dataset":[],"FAQPage":[],"Movie":[],"Person":[],"Product":[],"ProductReview":[],"Car":[],"Recipe":[],"Service":[],"SoftwareApplication":[],"WebPage":[]},"graphName":"","isEnabled":true},"graphs":[],"defaultGraph":"","defaultPostTypeGraph":""},"schema_type":null,"schema_type_options":null,"pillar_content":false,"robots_default":true,"robots_noindex":false,"robots_noarchive":false,"robots_nosnippet":false,"robots_nofollow":false,"robots_noimageindex":false,"robots_noodp":false,"robots_notranslate":false,"robots_max_snippet":null,"robots_max_videopreview":null,"robots_max_imagepreview":"large","priority":null,"frequency":null,"location":null,"local_seo":null,"seo_analyzer_scan_date":"2025-09-25 04:29:44","breadcrumb_settings":null,"limit_modified_date":false,"open_ai":null,"ai":null,"created":"2021-03-08 22:19:22","updated":"2025-09-25 04:29:44"},"aioseo_breadcrumb":"<div class=\"aioseo-breadcrumbs\"><span class=\"aioseo-breadcrumb\">\n\t<a href=\"https:\/\/eldigitaldeasturias.com\/magazine365\" title=\"Home\">Home<\/a>\n<\/span><span class=\"aioseo-breadcrumb-separator\">\u2013<\/span><span class=\"aioseo-breadcrumb\">\n\t<a href=\"https:\/\/eldigitaldeasturias.com\/magazine365\/category\/noticias-actualidad\/\" title=\"Noticias y Actualidad\">Noticias y Actualidad<\/a>\n<\/span><span class=\"aioseo-breadcrumb-separator\">\u2013<\/span><span class=\"aioseo-breadcrumb\">\n\t<a href=\"https:\/\/eldigitaldeasturias.com\/magazine365\/las-casas-rurales-de-asturias-pendientes-del-ultimo-momento\/\" title=\"Las casas rurales de Asturias pendientes del \u201c\u00faltimo momento\u201d\">Las casas rurales de Asturias pendientes del \u201c\u00faltimo momento\u201d<\/a>\n<\/span><\/div>","aioseo_breadcrumb_json":[{"label":"Home","link":"https:\/\/eldigitaldeasturias.com\/magazine365"},{"label":"Noticias y Actualidad","link":"https:\/\/eldigitaldeasturias.com\/magazine365\/category\/noticias-actualidad\/"},{"label":"Las casas rurales de Asturias pendientes del \u201c\u00faltimo momento\u201d","link":"https:\/\/eldigitaldeasturias.com\/magazine365\/las-casas-rurales-de-asturias-pendientes-del-ultimo-momento\/"}],"_links":{"self":[{"href":"https:\/\/eldigitaldeasturias.com\/magazine365\/wp-json\/wp\/v2\/posts\/59206","targetHints":{"allow":["GET"]}}],"collection":[{"href":"https:\/\/eldigitaldeasturias.com\/magazine365\/wp-json\/wp\/v2\/posts"}],"about":[{"href":"https:\/\/eldigitaldeasturias.com\/magazine365\/wp-json\/wp\/v2\/types\/post"}],"author":[{"embeddable":true,"href":"https:\/\/eldigitaldeasturias.com\/magazine365\/wp-json\/wp\/v2\/users\/1"}],"replies":[{"embeddable":true,"href":"https:\/\/eldigitaldeasturias.com\/magazine365\/wp-json\/wp\/v2\/comments?post=59206"}],"version-history":[{"count":0,"href":"https:\/\/eldigitaldeasturias.com\/magazine365\/wp-json\/wp\/v2\/posts\/59206\/revisions"}],"wp:featuredmedia":[{"embeddable":true,"href":"https:\/\/eldigitaldeasturias.com\/magazine365\/wp-json\/wp\/v2\/media\/59207"}],"wp:attachment":[{"href":"https:\/\/eldigitaldeasturias.com\/magazine365\/wp-json\/wp\/v2\/media?parent=59206"}],"wp:term":[{"taxonomy":"category","embeddable":true,"href":"https:\/\/eldigitaldeasturias.com\/magazine365\/wp-json\/wp\/v2\/categories?post=59206"},{"taxonomy":"post_tag","embeddable":true,"href":"https:\/\/eldigitaldeasturias.com\/magazine365\/wp-json\/wp\/v2\/tags?post=59206"}],"curies":[{"name":"wp","href":"https:\/\/api.w.org\/{rel}","templated":true}]}}