{"id":59190,"date":"2015-12-25T17:46:05","date_gmt":"2015-12-25T16:46:05","guid":{"rendered":"http:\/\/eldigitaldeasturias.com\/magazine365\/?p=59190"},"modified":"2015-12-25T17:46:05","modified_gmt":"2015-12-25T16:46:05","slug":"el-govern-defiende-que-bcnworld-es-positivo-y-espera-que-el-proyecto-no-se-paralice","status":"publish","type":"post","link":"https:\/\/eldigitaldeasturias.com\/magazine365\/el-govern-defiende-que-bcnworld-es-positivo-y-espera-que-el-proyecto-no-se-paralice\/","title":{"rendered":"El Govern defiende que BCNWorld es \u00abpositivo\u00bb y espera que el proyecto no se paralice"},"content":{"rendered":"<p><img fetchpriority=\"high\" decoding=\"async\" class=\"alignleft size-medium wp-image-59191\" src=\"https:\/\/eldigitaldeasturias.com\/magazine365\/wp-content\/uploads\/2015\/12\/fotonoticia_20151222171607_800-360x270.jpg\" alt=\"fotonoticia_20151222171607_800\" width=\"360\" height=\"270\" srcset=\"https:\/\/eldigitaldeasturias.com\/magazine365\/wp-content\/uploads\/2015\/12\/fotonoticia_20151222171607_800-360x270.jpg 360w, https:\/\/eldigitaldeasturias.com\/magazine365\/wp-content\/uploads\/2015\/12\/fotonoticia_20151222171607_800-650x488.jpg 650w, https:\/\/eldigitaldeasturias.com\/magazine365\/wp-content\/uploads\/2015\/12\/fotonoticia_20151222171607_800-768x576.jpg 768w, https:\/\/eldigitaldeasturias.com\/magazine365\/wp-content\/uploads\/2015\/12\/fotonoticia_20151222171607_800-150x113.jpg 150w, https:\/\/eldigitaldeasturias.com\/magazine365\/wp-content\/uploads\/2015\/12\/fotonoticia_20151222171607_800-450x338.jpg 450w, https:\/\/eldigitaldeasturias.com\/magazine365\/wp-content\/uploads\/2015\/12\/fotonoticia_20151222171607_800-80x60.jpg 80w, https:\/\/eldigitaldeasturias.com\/magazine365\/wp-content\/uploads\/2015\/12\/fotonoticia_20151222171607_800-265x198.jpg 265w, https:\/\/eldigitaldeasturias.com\/magazine365\/wp-content\/uploads\/2015\/12\/fotonoticia_20151222171607_800-696x522.jpg 696w, https:\/\/eldigitaldeasturias.com\/magazine365\/wp-content\/uploads\/2015\/12\/fotonoticia_20151222171607_800-560x420.jpg 560w, https:\/\/eldigitaldeasturias.com\/magazine365\/wp-content\/uploads\/2015\/12\/fotonoticia_20151222171607_800-90x67.jpg 90w, https:\/\/eldigitaldeasturias.com\/magazine365\/wp-content\/uploads\/2015\/12\/fotonoticia_20151222171607_800-164x124.jpg 164w, https:\/\/eldigitaldeasturias.com\/magazine365\/wp-content\/uploads\/2015\/12\/fotonoticia_20151222171607_800-100x75.jpg 100w, https:\/\/eldigitaldeasturias.com\/magazine365\/wp-content\/uploads\/2015\/12\/fotonoticia_20151222171607_800.jpg 800w\" sizes=\"(max-width: 360px) 100vw, 360px\" \/>La vicepresidenta del Govern, Neus Munt\u00e9, ha defendido este martes que el macrocomplejo de ocio BCNWorld est\u00e1 dise\u00f1ado para tener un \u00abimpacto positivo\u00bb para Catalu\u00f1a y ha deseado que se concrete en el futuro desde el consenso entre JxS\u00ed y la CUP y no se paralice definitivamente.<\/p>\n<p>Lo ha dicho en la rueda de prensa posterior al Consell Executiu, despu\u00e9s de que este martes se haya hecho p\u00fablico que el preacuerdo de investidura entre JxS\u00ed y la CUP &#8211;que \u00e9sta debe votar en asamblea&#8211; \u00abdeja en suspenso\u00bb el plan urban\u00edstico director de este complejo proyectado para la provincia de Tarragona.<\/p>\n<p>El Govern ha afirmado que la propuesta de JxS\u00ed a la CUP contempla crear un \u00abgrupo de trabajo\u00bb para abordar de nuevo las caracter\u00edsticas de este proyecto, aprovechando que a\u00fan no es definitivo porque no ha habido la aprobaci\u00f3n completa del plan de desarrollo urban\u00edstico.<\/p>\n<p>\u00abLo que ser\u00eda interesante es que este proyecto no se paralice, sino que se abra un periodo de di\u00e1logo y reflexi\u00f3n y debate en el que se pongan encima de la mesa los diferentes puntos de vista\u00bb de los integrantes de JxS\u00ed y la CUP, ha a\u00f1adido.<\/p>\n<p>Munt\u00e9 ha recordado que en la anterior legislatura ya hubo diferentes \u00abpuntos de vista\u00bb, en alusi\u00f3n a que el Parlament dio luz verde al proyecto de ocio con los votos de CiU y PSC pero con el rechazo de ERC y la CUP, entre otras formaciones.<\/p>\n<p>Entonces fue especialmente significativa la negativa de ERC, que se desmarc\u00f3 del macrocomplejo de ocio pese a ser el socio prioritario de CiU en el Parlament y tener un acuerdo en vigor para dar estabilidad al Govern desde el Parlament.<\/p>\n<p>Para la vicepresidenta, el grupo de trabajo que se crear\u00eda si se ratifica el preacuerdo deber\u00e1 servir para \u00abafinar determinadas cosas\u00bb del macrocomplejo y acabar llegando al consenso necesario para que BCNWorld vea la luz.<\/p>\n<p>PRESIDENCIA<\/p>\n<p>El preacuerdo tambi\u00e9n incluye una \u00abPresidencia de transici\u00f3n\u00bb formada por un presidente y tres presidencias de sendas comisiones de gobierno, y Munt\u00e9 ha asegurado que esto no supone vaciar de contenido las atribuciones del presidente.<\/p>\n<p>\u00abMantiene intactas todas las funciones y atribuciones del presidente de la Generalitat. Es una estructura para favorecer la visi\u00f3n de un Govern que pueda responder mejor a cada sector\u00bb, ha expuesto.<\/p>\n","protected":false},"excerpt":{"rendered":"<p>La vicepresidenta del Govern, Neus Munt\u00e9, ha defendido este martes que el macrocomplejo de ocio BCNWorld est\u00e1 dise\u00f1ado para tener un \u00abimpacto positivo\u00bb para Catalu\u00f1a y ha deseado que se concrete en el futuro desde el consenso entre JxS\u00ed y la CUP y no se paralice definitivamente. Lo ha dicho en la rueda de prensa<\/p>\n","protected":false},"author":1,"featured_media":59191,"comment_status":"open","ping_status":"closed","sticky":false,"template":"","format":"standard","meta":{"footnotes":""},"categories":[224],"tags":[],"class_list":{"0":"post-59190","1":"post","2":"type-post","3":"status-publish","4":"format-standard","5":"has-post-thumbnail","7":"category-noticias-actualidad"},"aioseo_notices":[],"aioseo_head":"\n\t\t<!-- All in One SEO Pro 4.9.6.1 - aioseo.com -->\n\t<meta name=\"description\" content=\"La vicepresidenta del Govern, Neus Munt\u00e9, ha defendido este martes que el macrocomplejo de ocio BCNWorld est\u00e1 dise\u00f1ado para tener un &quot;impacto positivo&quot; para Catalu\u00f1a y ha deseado que se concrete en el futuro desde el consenso entre JxS\u00ed y la CUP y no se paralice definitivamente. Lo ha dicho en la rueda de prensa\" \/>\n\t<meta name=\"robots\" content=\"max-image-preview:large\" \/>\n\t<meta name=\"author\" content=\"admin\"\/>\n\t<meta name=\"google-site-verification\" content=\"UA-38556648-1\" \/>\n\t<meta name=\"keywords\" content=\"noticias y actualidad\" \/>\n\t<link rel=\"canonical\" href=\"https:\/\/eldigitaldeasturias.com\/magazine365\/el-govern-defiende-que-bcnworld-es-positivo-y-espera-que-el-proyecto-no-se-paralice\/\" \/>\n\t<meta name=\"generator\" content=\"All in One SEO Pro (AIOSEO) 4.9.6.1\" \/>\n\t\t<meta property=\"og:locale\" content=\"es_ES\" \/>\n\t\t<meta property=\"og:site_name\" content=\"El Digital de Asturias \u2013 Revista de ocio, turismo y estilo de vida\" \/>\n\t\t<meta property=\"og:type\" content=\"article\" \/>\n\t\t<meta property=\"og:title\" content=\"El Govern defiende que BCNWorld es \u00abpositivo\u00bb y espera que el proyecto no se paralice | El Digital de Asturias\" \/>\n\t\t<meta property=\"og:description\" content=\"La vicepresidenta del Govern, Neus Munt\u00e9, ha defendido este martes que el macrocomplejo de ocio BCNWorld est\u00e1 dise\u00f1ado para tener un &quot;impacto positivo&quot; para Catalu\u00f1a y ha deseado que se concrete en el futuro desde el consenso entre JxS\u00ed y la CUP y no se paralice definitivamente. Lo ha dicho en la rueda de prensa\" \/>\n\t\t<meta property=\"og:url\" content=\"https:\/\/eldigitaldeasturias.com\/magazine365\/el-govern-defiende-que-bcnworld-es-positivo-y-espera-que-el-proyecto-no-se-paralice\/\" \/>\n\t\t<meta property=\"og:image\" content=\"https:\/\/eldigitaldeasturias.com\/magazine365\/wp-content\/uploads\/2015\/12\/fotonoticia_20151222171607_800.jpg\" \/>\n\t\t<meta property=\"og:image:secure_url\" content=\"https:\/\/eldigitaldeasturias.com\/magazine365\/wp-content\/uploads\/2015\/12\/fotonoticia_20151222171607_800.jpg\" \/>\n\t\t<meta property=\"og:image:width\" content=\"800\" \/>\n\t\t<meta property=\"og:image:height\" content=\"600\" \/>\n\t\t<meta property=\"article:published_time\" content=\"2015-12-25T16:46:05+00:00\" \/>\n\t\t<meta property=\"article:modified_time\" content=\"2015-12-25T16:46:05+00:00\" \/>\n\t\t<meta name=\"twitter:card\" content=\"summary_large_image\" \/>\n\t\t<meta name=\"twitter:title\" content=\"El Govern defiende que BCNWorld es \u00abpositivo\u00bb y espera que el proyecto no se paralice | El Digital de Asturias\" \/>\n\t\t<meta name=\"twitter:description\" content=\"La vicepresidenta del Govern, Neus Munt\u00e9, ha defendido este martes que el macrocomplejo de ocio BCNWorld est\u00e1 dise\u00f1ado para tener un &quot;impacto positivo&quot; para Catalu\u00f1a y ha deseado que se concrete en el futuro desde el consenso entre JxS\u00ed y la CUP y no se paralice definitivamente. Lo ha dicho en la rueda de prensa\" \/>\n\t\t<meta name=\"twitter:image\" content=\"https:\/\/eldigitaldeasturias.com\/magazine365\/wp-content\/uploads\/2015\/12\/fotonoticia_20151222171607_800.jpg\" \/>\n\t\t<script type=\"application\/ld+json\" class=\"aioseo-schema\">\n\t\t\t{\"@context\":\"https:\\\/\\\/schema.org\",\"@graph\":[{\"@type\":\"Article\",\"@id\":\"https:\\\/\\\/eldigitaldeasturias.com\\\/magazine365\\\/el-govern-defiende-que-bcnworld-es-positivo-y-espera-que-el-proyecto-no-se-paralice\\\/#article\",\"name\":\"El Govern defiende que BCNWorld es \\u00abpositivo\\u00bb y espera que el proyecto no se paralice | El Digital de Asturias\",\"headline\":\"El Govern defiende que BCNWorld es \\u00abpositivo\\u00bb y espera que el proyecto no se paralice\",\"author\":{\"@id\":\"https:\\\/\\\/eldigitaldeasturias.com\\\/magazine365\\\/author\\\/admin\\\/#author\"},\"publisher\":{\"@id\":\"https:\\\/\\\/eldigitaldeasturias.com\\\/magazine365\\\/#organization\"},\"image\":{\"@type\":\"ImageObject\",\"url\":\"https:\\\/\\\/eldigitaldeasturias.com\\\/magazine365\\\/wp-content\\\/uploads\\\/2015\\\/12\\\/fotonoticia_20151222171607_800.jpg\",\"width\":800,\"height\":600},\"datePublished\":\"2015-12-25T17:46:05+01:00\",\"dateModified\":\"2015-12-25T17:46:05+01:00\",\"inLanguage\":\"es-ES\",\"mainEntityOfPage\":{\"@id\":\"https:\\\/\\\/eldigitaldeasturias.com\\\/magazine365\\\/el-govern-defiende-que-bcnworld-es-positivo-y-espera-que-el-proyecto-no-se-paralice\\\/#webpage\"},\"isPartOf\":{\"@id\":\"https:\\\/\\\/eldigitaldeasturias.com\\\/magazine365\\\/el-govern-defiende-que-bcnworld-es-positivo-y-espera-que-el-proyecto-no-se-paralice\\\/#webpage\"},\"articleSection\":\"Noticias y Actualidad\"},{\"@type\":\"BreadcrumbList\",\"@id\":\"https:\\\/\\\/eldigitaldeasturias.com\\\/magazine365\\\/el-govern-defiende-que-bcnworld-es-positivo-y-espera-que-el-proyecto-no-se-paralice\\\/#breadcrumblist\",\"itemListElement\":[{\"@type\":\"ListItem\",\"@id\":\"https:\\\/\\\/eldigitaldeasturias.com\\\/magazine365#listItem\",\"position\":1,\"name\":\"Home\",\"item\":\"https:\\\/\\\/eldigitaldeasturias.com\\\/magazine365\",\"nextItem\":{\"@type\":\"ListItem\",\"@id\":\"https:\\\/\\\/eldigitaldeasturias.com\\\/magazine365\\\/category\\\/noticias-actualidad\\\/#listItem\",\"name\":\"Noticias y Actualidad\"}},{\"@type\":\"ListItem\",\"@id\":\"https:\\\/\\\/eldigitaldeasturias.com\\\/magazine365\\\/category\\\/noticias-actualidad\\\/#listItem\",\"position\":2,\"name\":\"Noticias y Actualidad\",\"item\":\"https:\\\/\\\/eldigitaldeasturias.com\\\/magazine365\\\/category\\\/noticias-actualidad\\\/\",\"nextItem\":{\"@type\":\"ListItem\",\"@id\":\"https:\\\/\\\/eldigitaldeasturias.com\\\/magazine365\\\/el-govern-defiende-que-bcnworld-es-positivo-y-espera-que-el-proyecto-no-se-paralice\\\/#listItem\",\"name\":\"El Govern defiende que BCNWorld es \\u00abpositivo\\u00bb y espera que el proyecto no se paralice\"},\"previousItem\":{\"@type\":\"ListItem\",\"@id\":\"https:\\\/\\\/eldigitaldeasturias.com\\\/magazine365#listItem\",\"name\":\"Home\"}},{\"@type\":\"ListItem\",\"@id\":\"https:\\\/\\\/eldigitaldeasturias.com\\\/magazine365\\\/el-govern-defiende-que-bcnworld-es-positivo-y-espera-que-el-proyecto-no-se-paralice\\\/#listItem\",\"position\":3,\"name\":\"El Govern defiende que BCNWorld es \\u00abpositivo\\u00bb y espera que el proyecto no se paralice\",\"previousItem\":{\"@type\":\"ListItem\",\"@id\":\"https:\\\/\\\/eldigitaldeasturias.com\\\/magazine365\\\/category\\\/noticias-actualidad\\\/#listItem\",\"name\":\"Noticias y Actualidad\"}}]},{\"@type\":\"Organization\",\"@id\":\"https:\\\/\\\/eldigitaldeasturias.com\\\/magazine365\\\/#organization\",\"name\":\"El digital de Asturias\",\"description\":\"Revista de ocio, turismo y estilo de vida\",\"url\":\"https:\\\/\\\/eldigitaldeasturias.com\\\/magazine365\\\/\",\"logo\":{\"@type\":\"ImageObject\",\"url\":\"https:\\\/\\\/www.eldigitaldeasturias.com\\\/noticias\\\/wp-content\\\/uploads\\\/2020\\\/12\\\/EDA.jpg\",\"@id\":\"https:\\\/\\\/eldigitaldeasturias.com\\\/magazine365\\\/el-govern-defiende-que-bcnworld-es-positivo-y-espera-que-el-proyecto-no-se-paralice\\\/#organizationLogo\"},\"image\":{\"@id\":\"https:\\\/\\\/eldigitaldeasturias.com\\\/magazine365\\\/el-govern-defiende-que-bcnworld-es-positivo-y-espera-que-el-proyecto-no-se-paralice\\\/#organizationLogo\"}},{\"@type\":\"Person\",\"@id\":\"https:\\\/\\\/eldigitaldeasturias.com\\\/magazine365\\\/author\\\/admin\\\/#author\",\"url\":\"https:\\\/\\\/eldigitaldeasturias.com\\\/magazine365\\\/author\\\/admin\\\/\",\"name\":\"admin\",\"image\":{\"@type\":\"ImageObject\",\"@id\":\"https:\\\/\\\/eldigitaldeasturias.com\\\/magazine365\\\/el-govern-defiende-que-bcnworld-es-positivo-y-espera-que-el-proyecto-no-se-paralice\\\/#authorImage\",\"url\":\"https:\\\/\\\/eldigitaldeasturias.com\\\/magazine365\\\/wp-content\\\/litespeed\\\/avatar\\\/e571bcf59a0edd6fa6838245a470f2fe.jpg?ver=1777574230\",\"width\":96,\"height\":96,\"caption\":\"admin\"}},{\"@type\":\"WebPage\",\"@id\":\"https:\\\/\\\/eldigitaldeasturias.com\\\/magazine365\\\/el-govern-defiende-que-bcnworld-es-positivo-y-espera-que-el-proyecto-no-se-paralice\\\/#webpage\",\"url\":\"https:\\\/\\\/eldigitaldeasturias.com\\\/magazine365\\\/el-govern-defiende-que-bcnworld-es-positivo-y-espera-que-el-proyecto-no-se-paralice\\\/\",\"name\":\"El Govern defiende que BCNWorld es \\u00abpositivo\\u00bb y espera que el proyecto no se paralice | El Digital de Asturias\",\"description\":\"La vicepresidenta del Govern, Neus Munt\\u00e9, ha defendido este martes que el macrocomplejo de ocio BCNWorld est\\u00e1 dise\\u00f1ado para tener un \\\"impacto positivo\\\" para Catalu\\u00f1a y ha deseado que se concrete en el futuro desde el consenso entre JxS\\u00ed y la CUP y no se paralice definitivamente. Lo ha dicho en la rueda de prensa\",\"inLanguage\":\"es-ES\",\"isPartOf\":{\"@id\":\"https:\\\/\\\/eldigitaldeasturias.com\\\/magazine365\\\/#website\"},\"breadcrumb\":{\"@id\":\"https:\\\/\\\/eldigitaldeasturias.com\\\/magazine365\\\/el-govern-defiende-que-bcnworld-es-positivo-y-espera-que-el-proyecto-no-se-paralice\\\/#breadcrumblist\"},\"author\":{\"@id\":\"https:\\\/\\\/eldigitaldeasturias.com\\\/magazine365\\\/author\\\/admin\\\/#author\"},\"creator\":{\"@id\":\"https:\\\/\\\/eldigitaldeasturias.com\\\/magazine365\\\/author\\\/admin\\\/#author\"},\"image\":{\"@type\":\"ImageObject\",\"url\":\"https:\\\/\\\/eldigitaldeasturias.com\\\/magazine365\\\/wp-content\\\/uploads\\\/2015\\\/12\\\/fotonoticia_20151222171607_800.jpg\",\"@id\":\"https:\\\/\\\/eldigitaldeasturias.com\\\/magazine365\\\/el-govern-defiende-que-bcnworld-es-positivo-y-espera-que-el-proyecto-no-se-paralice\\\/#mainImage\",\"width\":800,\"height\":600},\"primaryImageOfPage\":{\"@id\":\"https:\\\/\\\/eldigitaldeasturias.com\\\/magazine365\\\/el-govern-defiende-que-bcnworld-es-positivo-y-espera-que-el-proyecto-no-se-paralice\\\/#mainImage\"},\"datePublished\":\"2015-12-25T17:46:05+01:00\",\"dateModified\":\"2015-12-25T17:46:05+01:00\"},{\"@type\":\"WebSite\",\"@id\":\"https:\\\/\\\/eldigitaldeasturias.com\\\/magazine365\\\/#website\",\"url\":\"https:\\\/\\\/eldigitaldeasturias.com\\\/magazine365\\\/\",\"name\":\"El Digital de Asturias\",\"description\":\"Revista de ocio, turismo y estilo de vida\",\"inLanguage\":\"es-ES\",\"publisher\":{\"@id\":\"https:\\\/\\\/eldigitaldeasturias.com\\\/magazine365\\\/#organization\"}}]}\n\t\t<\/script>\n\t\t<!-- All in One SEO Pro -->\r\n\t\t<title>El Govern defiende que BCNWorld es \u00abpositivo\u00bb y espera que el proyecto no se paralice | El Digital de Asturias<\/title>\n\n","aioseo_head_json":{"title":"El Govern defiende que BCNWorld es \u00abpositivo\u00bb y espera que el proyecto no se paralice | El Digital de Asturias","description":"La vicepresidenta del Govern, Neus Munt\u00e9, ha defendido este martes que el macrocomplejo de ocio BCNWorld est\u00e1 dise\u00f1ado para tener un \"impacto positivo\" para Catalu\u00f1a y ha deseado que se concrete en el futuro desde el consenso entre JxS\u00ed y la CUP y no se paralice definitivamente. Lo ha dicho en la rueda de prensa","canonical_url":"https:\/\/eldigitaldeasturias.com\/magazine365\/el-govern-defiende-que-bcnworld-es-positivo-y-espera-que-el-proyecto-no-se-paralice\/","robots":"max-image-preview:large","keywords":"noticias y actualidad","webmasterTools":{"google-site-verification":"UA-38556648-1","miscellaneous":""},"schema":{"@context":"https:\/\/schema.org","@graph":[{"@type":"Article","@id":"https:\/\/eldigitaldeasturias.com\/magazine365\/el-govern-defiende-que-bcnworld-es-positivo-y-espera-que-el-proyecto-no-se-paralice\/#article","name":"El Govern defiende que BCNWorld es \u00abpositivo\u00bb y espera que el proyecto no se paralice | El Digital de Asturias","headline":"El Govern defiende que BCNWorld es \u00abpositivo\u00bb y espera que el proyecto no se paralice","author":{"@id":"https:\/\/eldigitaldeasturias.com\/magazine365\/author\/admin\/#author"},"publisher":{"@id":"https:\/\/eldigitaldeasturias.com\/magazine365\/#organization"},"image":{"@type":"ImageObject","url":"https:\/\/eldigitaldeasturias.com\/magazine365\/wp-content\/uploads\/2015\/12\/fotonoticia_20151222171607_800.jpg","width":800,"height":600},"datePublished":"2015-12-25T17:46:05+01:00","dateModified":"2015-12-25T17:46:05+01:00","inLanguage":"es-ES","mainEntityOfPage":{"@id":"https:\/\/eldigitaldeasturias.com\/magazine365\/el-govern-defiende-que-bcnworld-es-positivo-y-espera-que-el-proyecto-no-se-paralice\/#webpage"},"isPartOf":{"@id":"https:\/\/eldigitaldeasturias.com\/magazine365\/el-govern-defiende-que-bcnworld-es-positivo-y-espera-que-el-proyecto-no-se-paralice\/#webpage"},"articleSection":"Noticias y Actualidad"},{"@type":"BreadcrumbList","@id":"https:\/\/eldigitaldeasturias.com\/magazine365\/el-govern-defiende-que-bcnworld-es-positivo-y-espera-que-el-proyecto-no-se-paralice\/#breadcrumblist","itemListElement":[{"@type":"ListItem","@id":"https:\/\/eldigitaldeasturias.com\/magazine365#listItem","position":1,"name":"Home","item":"https:\/\/eldigitaldeasturias.com\/magazine365","nextItem":{"@type":"ListItem","@id":"https:\/\/eldigitaldeasturias.com\/magazine365\/category\/noticias-actualidad\/#listItem","name":"Noticias y Actualidad"}},{"@type":"ListItem","@id":"https:\/\/eldigitaldeasturias.com\/magazine365\/category\/noticias-actualidad\/#listItem","position":2,"name":"Noticias y Actualidad","item":"https:\/\/eldigitaldeasturias.com\/magazine365\/category\/noticias-actualidad\/","nextItem":{"@type":"ListItem","@id":"https:\/\/eldigitaldeasturias.com\/magazine365\/el-govern-defiende-que-bcnworld-es-positivo-y-espera-que-el-proyecto-no-se-paralice\/#listItem","name":"El Govern defiende que BCNWorld es \u00abpositivo\u00bb y espera que el proyecto no se paralice"},"previousItem":{"@type":"ListItem","@id":"https:\/\/eldigitaldeasturias.com\/magazine365#listItem","name":"Home"}},{"@type":"ListItem","@id":"https:\/\/eldigitaldeasturias.com\/magazine365\/el-govern-defiende-que-bcnworld-es-positivo-y-espera-que-el-proyecto-no-se-paralice\/#listItem","position":3,"name":"El Govern defiende que BCNWorld es \u00abpositivo\u00bb y espera que el proyecto no se paralice","previousItem":{"@type":"ListItem","@id":"https:\/\/eldigitaldeasturias.com\/magazine365\/category\/noticias-actualidad\/#listItem","name":"Noticias y Actualidad"}}]},{"@type":"Organization","@id":"https:\/\/eldigitaldeasturias.com\/magazine365\/#organization","name":"El digital de Asturias","description":"Revista de ocio, turismo y estilo de vida","url":"https:\/\/eldigitaldeasturias.com\/magazine365\/","logo":{"@type":"ImageObject","url":"https:\/\/www.eldigitaldeasturias.com\/noticias\/wp-content\/uploads\/2020\/12\/EDA.jpg","@id":"https:\/\/eldigitaldeasturias.com\/magazine365\/el-govern-defiende-que-bcnworld-es-positivo-y-espera-que-el-proyecto-no-se-paralice\/#organizationLogo"},"image":{"@id":"https:\/\/eldigitaldeasturias.com\/magazine365\/el-govern-defiende-que-bcnworld-es-positivo-y-espera-que-el-proyecto-no-se-paralice\/#organizationLogo"}},{"@type":"Person","@id":"https:\/\/eldigitaldeasturias.com\/magazine365\/author\/admin\/#author","url":"https:\/\/eldigitaldeasturias.com\/magazine365\/author\/admin\/","name":"admin","image":{"@type":"ImageObject","@id":"https:\/\/eldigitaldeasturias.com\/magazine365\/el-govern-defiende-que-bcnworld-es-positivo-y-espera-que-el-proyecto-no-se-paralice\/#authorImage","url":"https:\/\/eldigitaldeasturias.com\/magazine365\/wp-content\/litespeed\/avatar\/e571bcf59a0edd6fa6838245a470f2fe.jpg?ver=1777574230","width":96,"height":96,"caption":"admin"}},{"@type":"WebPage","@id":"https:\/\/eldigitaldeasturias.com\/magazine365\/el-govern-defiende-que-bcnworld-es-positivo-y-espera-que-el-proyecto-no-se-paralice\/#webpage","url":"https:\/\/eldigitaldeasturias.com\/magazine365\/el-govern-defiende-que-bcnworld-es-positivo-y-espera-que-el-proyecto-no-se-paralice\/","name":"El Govern defiende que BCNWorld es \u00abpositivo\u00bb y espera que el proyecto no se paralice | El Digital de Asturias","description":"La vicepresidenta del Govern, Neus Munt\u00e9, ha defendido este martes que el macrocomplejo de ocio BCNWorld est\u00e1 dise\u00f1ado para tener un \"impacto positivo\" para Catalu\u00f1a y ha deseado que se concrete en el futuro desde el consenso entre JxS\u00ed y la CUP y no se paralice definitivamente. Lo ha dicho en la rueda de prensa","inLanguage":"es-ES","isPartOf":{"@id":"https:\/\/eldigitaldeasturias.com\/magazine365\/#website"},"breadcrumb":{"@id":"https:\/\/eldigitaldeasturias.com\/magazine365\/el-govern-defiende-que-bcnworld-es-positivo-y-espera-que-el-proyecto-no-se-paralice\/#breadcrumblist"},"author":{"@id":"https:\/\/eldigitaldeasturias.com\/magazine365\/author\/admin\/#author"},"creator":{"@id":"https:\/\/eldigitaldeasturias.com\/magazine365\/author\/admin\/#author"},"image":{"@type":"ImageObject","url":"https:\/\/eldigitaldeasturias.com\/magazine365\/wp-content\/uploads\/2015\/12\/fotonoticia_20151222171607_800.jpg","@id":"https:\/\/eldigitaldeasturias.com\/magazine365\/el-govern-defiende-que-bcnworld-es-positivo-y-espera-que-el-proyecto-no-se-paralice\/#mainImage","width":800,"height":600},"primaryImageOfPage":{"@id":"https:\/\/eldigitaldeasturias.com\/magazine365\/el-govern-defiende-que-bcnworld-es-positivo-y-espera-que-el-proyecto-no-se-paralice\/#mainImage"},"datePublished":"2015-12-25T17:46:05+01:00","dateModified":"2015-12-25T17:46:05+01:00"},{"@type":"WebSite","@id":"https:\/\/eldigitaldeasturias.com\/magazine365\/#website","url":"https:\/\/eldigitaldeasturias.com\/magazine365\/","name":"El Digital de Asturias","description":"Revista de ocio, turismo y estilo de vida","inLanguage":"es-ES","publisher":{"@id":"https:\/\/eldigitaldeasturias.com\/magazine365\/#organization"}}]},"og:locale":"es_ES","og:site_name":"El Digital de Asturias \u2013 Revista de ocio, turismo y estilo de vida","og:type":"article","og:title":"El Govern defiende que BCNWorld es \u00abpositivo\u00bb y espera que el proyecto no se paralice | El Digital de Asturias","og:description":"La vicepresidenta del Govern, Neus Munt\u00e9, ha defendido este martes que el macrocomplejo de ocio BCNWorld est\u00e1 dise\u00f1ado para tener un &quot;impacto positivo&quot; para Catalu\u00f1a y ha deseado que se concrete en el futuro desde el consenso entre JxS\u00ed y la CUP y no se paralice definitivamente. Lo ha dicho en la rueda de prensa","og:url":"https:\/\/eldigitaldeasturias.com\/magazine365\/el-govern-defiende-que-bcnworld-es-positivo-y-espera-que-el-proyecto-no-se-paralice\/","og:image":"https:\/\/eldigitaldeasturias.com\/magazine365\/wp-content\/uploads\/2015\/12\/fotonoticia_20151222171607_800.jpg","og:image:secure_url":"https:\/\/eldigitaldeasturias.com\/magazine365\/wp-content\/uploads\/2015\/12\/fotonoticia_20151222171607_800.jpg","og:image:width":800,"og:image:height":600,"article:published_time":"2015-12-25T16:46:05+00:00","article:modified_time":"2015-12-25T16:46:05+00:00","twitter:card":"summary_large_image","twitter:title":"El Govern defiende que BCNWorld es \u00abpositivo\u00bb y espera que el proyecto no se paralice | El Digital de Asturias","twitter:description":"La vicepresidenta del Govern, Neus Munt\u00e9, ha defendido este martes que el macrocomplejo de ocio BCNWorld est\u00e1 dise\u00f1ado para tener un &quot;impacto positivo&quot; para Catalu\u00f1a y ha deseado que se concrete en el futuro desde el consenso entre JxS\u00ed y la CUP y no se paralice definitivamente. Lo ha dicho en la rueda de prensa","twitter:image":"https:\/\/eldigitaldeasturias.com\/magazine365\/wp-content\/uploads\/2015\/12\/fotonoticia_20151222171607_800.jpg"},"aioseo_meta_data":{"post_id":"59190","title":null,"description":null,"keywords":null,"keyphrases":null,"primary_term":null,"canonical_url":null,"og_title":null,"og_description":null,"og_object_type":"default","og_image_type":"default","og_image_url":null,"og_image_width":null,"og_image_height":null,"og_image_custom_url":null,"og_image_custom_fields":null,"og_video":null,"og_custom_url":null,"og_article_section":null,"og_article_tags":null,"twitter_use_og":false,"twitter_card":"default","twitter_image_type":"default","twitter_image_url":null,"twitter_image_custom_url":null,"twitter_image_custom_fields":null,"twitter_title":null,"twitter_description":null,"schema":{"blockGraphs":[],"customGraphs":[],"default":{"data":{"Article":[],"Course":[],"Dataset":[],"FAQPage":[],"Movie":[],"Person":[],"Product":[],"ProductReview":[],"Car":[],"Recipe":[],"Service":[],"SoftwareApplication":[],"WebPage":[]},"graphName":"","isEnabled":true},"graphs":[]},"schema_type":null,"schema_type_options":null,"pillar_content":false,"robots_default":true,"robots_noindex":false,"robots_noarchive":false,"robots_nosnippet":false,"robots_nofollow":false,"robots_noimageindex":false,"robots_noodp":false,"robots_notranslate":false,"robots_max_snippet":null,"robots_max_videopreview":null,"robots_max_imagepreview":"large","priority":null,"frequency":null,"location":null,"local_seo":null,"seo_analyzer_scan_date":"2025-09-25 04:27:56","breadcrumb_settings":null,"limit_modified_date":false,"open_ai":null,"ai":null,"created":"2021-03-08 22:19:22","updated":"2025-09-25 04:27:56"},"aioseo_breadcrumb":"<div class=\"aioseo-breadcrumbs\"><span class=\"aioseo-breadcrumb\">\n\t<a href=\"https:\/\/eldigitaldeasturias.com\/magazine365\" title=\"Home\">Home<\/a>\n<\/span><span class=\"aioseo-breadcrumb-separator\">\u2013<\/span><span class=\"aioseo-breadcrumb\">\n\t<a href=\"https:\/\/eldigitaldeasturias.com\/magazine365\/category\/noticias-actualidad\/\" title=\"Noticias y Actualidad\">Noticias y Actualidad<\/a>\n<\/span><span class=\"aioseo-breadcrumb-separator\">\u2013<\/span><span class=\"aioseo-breadcrumb\">\n\t<a href=\"https:\/\/eldigitaldeasturias.com\/magazine365\/el-govern-defiende-que-bcnworld-es-positivo-y-espera-que-el-proyecto-no-se-paralice\/\" title=\"El Govern defiende que BCNWorld es \u00abpositivo\u00bb y espera que el proyecto no se paralice\">El Govern defiende que BCNWorld es \u00abpositivo\u00bb y espera que el proyecto no se paralice<\/a>\n<\/span><\/div>","aioseo_breadcrumb_json":[{"label":"Home","link":"https:\/\/eldigitaldeasturias.com\/magazine365"},{"label":"Noticias y Actualidad","link":"https:\/\/eldigitaldeasturias.com\/magazine365\/category\/noticias-actualidad\/"},{"label":"El Govern defiende que BCNWorld es \u00abpositivo\u00bb y espera que el proyecto no se paralice","link":"https:\/\/eldigitaldeasturias.com\/magazine365\/el-govern-defiende-que-bcnworld-es-positivo-y-espera-que-el-proyecto-no-se-paralice\/"}],"_links":{"self":[{"href":"https:\/\/eldigitaldeasturias.com\/magazine365\/wp-json\/wp\/v2\/posts\/59190","targetHints":{"allow":["GET"]}}],"collection":[{"href":"https:\/\/eldigitaldeasturias.com\/magazine365\/wp-json\/wp\/v2\/posts"}],"about":[{"href":"https:\/\/eldigitaldeasturias.com\/magazine365\/wp-json\/wp\/v2\/types\/post"}],"author":[{"embeddable":true,"href":"https:\/\/eldigitaldeasturias.com\/magazine365\/wp-json\/wp\/v2\/users\/1"}],"replies":[{"embeddable":true,"href":"https:\/\/eldigitaldeasturias.com\/magazine365\/wp-json\/wp\/v2\/comments?post=59190"}],"version-history":[{"count":0,"href":"https:\/\/eldigitaldeasturias.com\/magazine365\/wp-json\/wp\/v2\/posts\/59190\/revisions"}],"wp:featuredmedia":[{"embeddable":true,"href":"https:\/\/eldigitaldeasturias.com\/magazine365\/wp-json\/wp\/v2\/media\/59191"}],"wp:attachment":[{"href":"https:\/\/eldigitaldeasturias.com\/magazine365\/wp-json\/wp\/v2\/media?parent=59190"}],"wp:term":[{"taxonomy":"category","embeddable":true,"href":"https:\/\/eldigitaldeasturias.com\/magazine365\/wp-json\/wp\/v2\/categories?post=59190"},{"taxonomy":"post_tag","embeddable":true,"href":"https:\/\/eldigitaldeasturias.com\/magazine365\/wp-json\/wp\/v2\/tags?post=59190"}],"curies":[{"name":"wp","href":"https:\/\/api.w.org\/{rel}","templated":true}]}}