{"id":59181,"date":"2015-12-25T17:42:27","date_gmt":"2015-12-25T16:42:27","guid":{"rendered":"http:\/\/eldigitaldeasturias.com\/magazine365\/?p=59181"},"modified":"2015-12-25T17:42:27","modified_gmt":"2015-12-25T16:42:27","slug":"un-total-de-siete-operadores-entre-ellos-aena-muestran-su-interes-en-pujar-por-el-aeropuerto-de-corvera","status":"publish","type":"post","link":"https:\/\/eldigitaldeasturias.com\/magazine365\/un-total-de-siete-operadores-entre-ellos-aena-muestran-su-interes-en-pujar-por-el-aeropuerto-de-corvera\/","title":{"rendered":"Un total de siete operadores, entre ellos Aena, muestran su inter\u00e9s en pujar por el aeropuerto de Corvera"},"content":{"rendered":"<p><img fetchpriority=\"high\" decoding=\"async\" class=\"alignleft size-medium wp-image-59182\" src=\"https:\/\/eldigitaldeasturias.com\/magazine365\/wp-content\/uploads\/2015\/12\/fotonoticia_20151222171233_800-360x195.jpg\" alt=\"fotonoticia_20151222171233_800\" width=\"360\" height=\"195\" srcset=\"https:\/\/eldigitaldeasturias.com\/magazine365\/wp-content\/uploads\/2015\/12\/fotonoticia_20151222171233_800-360x195.jpg 360w, https:\/\/eldigitaldeasturias.com\/magazine365\/wp-content\/uploads\/2015\/12\/fotonoticia_20151222171233_800-650x353.jpg 650w, https:\/\/eldigitaldeasturias.com\/magazine365\/wp-content\/uploads\/2015\/12\/fotonoticia_20151222171233_800-768x417.jpg 768w, https:\/\/eldigitaldeasturias.com\/magazine365\/wp-content\/uploads\/2015\/12\/fotonoticia_20151222171233_800-150x81.jpg 150w, https:\/\/eldigitaldeasturias.com\/magazine365\/wp-content\/uploads\/2015\/12\/fotonoticia_20151222171233_800-450x244.jpg 450w, https:\/\/eldigitaldeasturias.com\/magazine365\/wp-content\/uploads\/2015\/12\/fotonoticia_20151222171233_800-696x378.jpg 696w, https:\/\/eldigitaldeasturias.com\/magazine365\/wp-content\/uploads\/2015\/12\/fotonoticia_20151222171233_800-774x420.jpg 774w, https:\/\/eldigitaldeasturias.com\/magazine365\/wp-content\/uploads\/2015\/12\/fotonoticia_20151222171233_800.jpg 800w\" sizes=\"(max-width: 360px) 100vw, 360px\" \/>Un total de siete operadores aeroportuarios, entre ellos Aena, han mostrado su inter\u00e9s en pujar por el aeropuerto de Corvera, seg\u00fan ha confirmado el consejero de Obras P\u00fablicas e Infraestructuras, Francisco Bernab\u00e9.<\/p>\n<p>En la rueda de prensa posterior al Consejo de Gobierno, Bernab\u00e9 ha confirmado que, tal y como la ministra de Fomento, Ana Pastor, dijo p\u00fablicamente, Aena es uno de los siete operadores que ha manifestado su inter\u00e9s en concursar por las instalaciones del aeropuerto de Corvera.<\/p>\n<p>En este sentido, el consejero ha reconocido que el periodo electoral ha ralentizado las gestiones en torno al aeropuerto, ya que \u00abha estado todo el mundo centrado en campa\u00f1a\u00bb, pero ahora \u00abhay voluntad de retomar\u00bb el asunto, que \u00abest\u00e1 bastante avanzado\u00bb.<\/p>\n<p>Ha recordado que el Gobierno regional ya ha ganado el pleito contra Aeromur y ha pedido al Tribunal Superior de Justicia (TSJ) que entregue a la Comunidad \u00abla posesi\u00f3n de las instalaciones\u00bb.<\/p>\n<p>Una vez que la Comunidad est\u00e9 en \u00abplenas condiciones de poder licitar la infraestructura\u00bb, Bernab\u00e9 cree que \u00abva a ser cuesti\u00f3n de muy poco tiempo que se pueda firmar ese acuerdo; siempre partiendo de las premisas que est\u00e1n habladas, porque hay que salvaguardar los intereses de los trabajadores\u00bb.<\/p>\n<p>En este sentido, ha indicado que todos los trabajadores del aeropuerto que quieran trasladarse al de Corvera se respetar\u00e1n todas sus retribuciones y derechos, seg\u00fan el pliego de condiciones, Adem\u00e1s, ha indicado que \u00abhabr\u00e1 que indemnizar a Aena por las inversiones pendientes de amortizar que les queden en el aeropuerto de San Javier por las mejoras que ha hecho en los \u00faltimos a\u00f1os\u00bb.<\/p>\n<p>ESTUDIO ECON\u00d3MICO FINANCIERO<\/p>\n<p>Bernab\u00e9 ha confirmado que la Comunidad Aut\u00f3noma ya cuenta con las primeras estimaciones del estudio econ\u00f3mico-financiero del plan de negocio del aeropuerto, cuyas conclusiones finales ser\u00e1n aportadas el 30 de diciembre por la empresa consultora encargada de su realizaci\u00f3n.<\/p>\n<p>En primer lugar, los consultores consideran que las cuatro opciones de gesti\u00f3n barajadas, la m\u00e1s conveniente para los intereses de la Regi\u00f3n de Murcia es optar por el sistema concesional tras analizar todos los escenarios, que tambi\u00e9n contemplaban la venta, crear una sociedad mixta o incluso la gesti\u00f3n directa a cargo de la Comunidad.<\/p>\n<p>Los consultores consideran que el sistema concesional es el ideal, dado que \u00abofrece las mayores garant\u00edas para la puesta en funcionamiento de la infraestructura y el retorno de la inversi\u00f3n realizada.<\/p>\n<p>Recuerda que los consultores realizaron una lista con los 74 principales operadores aeroportuarios y, de ellos, seleccionaron a 20 que por su ubicaci\u00f3n geogr\u00e1fica, su experiencia o su capacidad de gesti\u00f3n se consideraron \u00ablos m\u00e1s id\u00f3neos\u00bb.<\/p>\n<p>De esos 20 operadores, Bernab\u00e9 explica que ocho ya han dicho que no estaban interesados, mientras que otros cinco todav\u00eda no han respondido a d\u00eda de hoy a la propuesta enviada, pero las siete restantes s\u00ed han confirmado que van a pujar por la gesti\u00f3n del Aeropuerto Internacional de la Regi\u00f3n.<\/p>\n<p>De estas siete empresas, seg\u00fan el consejero, cinco de ellas van a presentar sus ofertas y consideran imprescindible que se cierre al tr\u00e1fico civil el aeropuerto de San Javier; mientras que dos han asegurado que se van a presentar \u00absea cual sea el escenario en el que se encuentre el aeropuerto de San Javier en el momento de la concesi\u00f3n\u00bb.<\/p>\n<p>De estos siete operadores, cinco son europeos, uno es americano y el restante norteafricano, seg\u00fan Bernab\u00e9, quien ha se\u00f1alado que el tipo de retribuci\u00f3n econ\u00f3mica que se considera ideal para realizar el plan de negocio es un sistema mixto en el cual se abonen dos c\u00e1nones, uno fijo y otro variable en funci\u00f3n del n\u00famero de pasajeros.<\/p>\n<p>En cuanto al variable, el pliego fijar\u00e1 un m\u00ednimo y, a partir de ah\u00ed, ser\u00e1n las ofertas de los licitadores los que fijen la cantidad m\u00e1s alta. La mejor oferta ser\u00e1 la que tenga m\u00e1s puntos, destaca Bernab\u00e9.<\/p>\n<p>El canon fijo, por su parte, vendr\u00e1 dado por las condiciones establecidas por los t\u00e9cnicos de la Consejer\u00eda de Hacienda en atenci\u00f3n a dos factores: por un lado la duraci\u00f3n de la concesi\u00f3n, tendiendo en cuenta que hace falta una concesi\u00f3n m\u00ednima de 25 a\u00f1os para recuperar la inversi\u00f3n.<\/p>\n<p>En segundo lugar, se tendr\u00e1 en cuenta el cuadro de amortizaci\u00f3n del pr\u00e9stamo de 182 millones de euros que se suscribi\u00f3 para pagar la infraestructura.<\/p>\n<p>El plan de negocio prev\u00e9 que en 2025, el aeropuerto de Corvera tendr\u00e1 un flujo de pasajeros en el escenario m\u00e1s optimista, de 3,5 millones al a\u00f1o, y en el m\u00e1s pesimista de 2,5 millones de pasajeros. Esto arroja una media de tres millones de pasajeros al a\u00f1o, lo que supone \u00abtriplicar la actual demanda de usuarios que tiene el aeropuerto de San Javier\u00bb.<\/p>\n<p>\u00abCon lo cual, se ve claramente la sustancial mejora que para las capacidades tur\u00edsticas de la Regi\u00f3n va a suponer la puesta en marcha del aeropuerto de la Regi\u00f3n\u00bb, ha subrayado.<\/p>\n","protected":false},"excerpt":{"rendered":"<p>Un total de siete operadores aeroportuarios, entre ellos Aena, han mostrado su inter\u00e9s en pujar por el aeropuerto de Corvera, seg\u00fan ha confirmado el consejero de Obras P\u00fablicas e Infraestructuras, Francisco Bernab\u00e9. En la rueda de prensa posterior al Consejo de Gobierno, Bernab\u00e9 ha confirmado que, tal y como la ministra de Fomento, Ana Pastor,<\/p>\n","protected":false},"author":1,"featured_media":59182,"comment_status":"open","ping_status":"closed","sticky":false,"template":"","format":"standard","meta":{"footnotes":""},"categories":[224],"tags":[],"class_list":{"0":"post-59181","1":"post","2":"type-post","3":"status-publish","4":"format-standard","5":"has-post-thumbnail","7":"category-noticias-actualidad"},"aioseo_notices":[],"aioseo_head":"\n\t\t<!-- All in One SEO Pro 4.9.6.1 - aioseo.com -->\n\t<meta name=\"description\" content=\"Un total de siete operadores aeroportuarios, entre ellos Aena, han mostrado su inter\u00e9s en pujar por el aeropuerto de Corvera, seg\u00fan ha confirmado el consejero de Obras P\u00fablicas e Infraestructuras, Francisco Bernab\u00e9. En la rueda de prensa posterior al Consejo de Gobierno, Bernab\u00e9 ha confirmado que, tal y como la ministra de Fomento, Ana Pastor,\" \/>\n\t<meta name=\"robots\" content=\"max-image-preview:large\" \/>\n\t<meta name=\"author\" content=\"admin\"\/>\n\t<meta name=\"google-site-verification\" content=\"UA-38556648-1\" \/>\n\t<meta name=\"keywords\" content=\"noticias y actualidad\" \/>\n\t<link rel=\"canonical\" href=\"https:\/\/eldigitaldeasturias.com\/magazine365\/un-total-de-siete-operadores-entre-ellos-aena-muestran-su-interes-en-pujar-por-el-aeropuerto-de-corvera\/\" \/>\n\t<meta name=\"generator\" content=\"All in One SEO Pro (AIOSEO) 4.9.6.1\" \/>\n\t\t<meta property=\"og:locale\" content=\"es_ES\" \/>\n\t\t<meta property=\"og:site_name\" content=\"El Digital de Asturias \u2013 Revista de ocio, turismo y estilo de vida\" \/>\n\t\t<meta property=\"og:type\" content=\"article\" \/>\n\t\t<meta property=\"og:title\" content=\"Un total de siete operadores, entre ellos Aena, muestran su inter\u00e9s en pujar por el aeropuerto de Corvera | El Digital de Asturias\" \/>\n\t\t<meta property=\"og:description\" content=\"Un total de siete operadores aeroportuarios, entre ellos Aena, han mostrado su inter\u00e9s en pujar por el aeropuerto de Corvera, seg\u00fan ha confirmado el consejero de Obras P\u00fablicas e Infraestructuras, Francisco Bernab\u00e9. En la rueda de prensa posterior al Consejo de Gobierno, Bernab\u00e9 ha confirmado que, tal y como la ministra de Fomento, Ana Pastor,\" \/>\n\t\t<meta property=\"og:url\" content=\"https:\/\/eldigitaldeasturias.com\/magazine365\/un-total-de-siete-operadores-entre-ellos-aena-muestran-su-interes-en-pujar-por-el-aeropuerto-de-corvera\/\" \/>\n\t\t<meta property=\"og:image\" content=\"https:\/\/eldigitaldeasturias.com\/magazine365\/wp-content\/uploads\/2015\/12\/fotonoticia_20151222171233_800.jpg\" \/>\n\t\t<meta property=\"og:image:secure_url\" content=\"https:\/\/eldigitaldeasturias.com\/magazine365\/wp-content\/uploads\/2015\/12\/fotonoticia_20151222171233_800.jpg\" \/>\n\t\t<meta property=\"og:image:width\" content=\"800\" \/>\n\t\t<meta property=\"og:image:height\" content=\"434\" \/>\n\t\t<meta property=\"article:published_time\" content=\"2015-12-25T16:42:27+00:00\" \/>\n\t\t<meta property=\"article:modified_time\" content=\"2015-12-25T16:42:27+00:00\" \/>\n\t\t<meta name=\"twitter:card\" content=\"summary_large_image\" \/>\n\t\t<meta name=\"twitter:title\" content=\"Un total de siete operadores, entre ellos Aena, muestran su inter\u00e9s en pujar por el aeropuerto de Corvera | El Digital de Asturias\" \/>\n\t\t<meta name=\"twitter:description\" content=\"Un total de siete operadores aeroportuarios, entre ellos Aena, han mostrado su inter\u00e9s en pujar por el aeropuerto de Corvera, seg\u00fan ha confirmado el consejero de Obras P\u00fablicas e Infraestructuras, Francisco Bernab\u00e9. En la rueda de prensa posterior al Consejo de Gobierno, Bernab\u00e9 ha confirmado que, tal y como la ministra de Fomento, Ana Pastor,\" \/>\n\t\t<meta name=\"twitter:image\" content=\"https:\/\/eldigitaldeasturias.com\/magazine365\/wp-content\/uploads\/2015\/12\/fotonoticia_20151222171233_800.jpg\" \/>\n\t\t<script type=\"application\/ld+json\" class=\"aioseo-schema\">\n\t\t\t{\"@context\":\"https:\\\/\\\/schema.org\",\"@graph\":[{\"@type\":\"Article\",\"@id\":\"https:\\\/\\\/eldigitaldeasturias.com\\\/magazine365\\\/un-total-de-siete-operadores-entre-ellos-aena-muestran-su-interes-en-pujar-por-el-aeropuerto-de-corvera\\\/#article\",\"name\":\"Un total de siete operadores, entre ellos Aena, muestran su inter\\u00e9s en pujar por el aeropuerto de Corvera | El Digital de Asturias\",\"headline\":\"Un total de siete operadores, entre ellos Aena, muestran su inter\\u00e9s en pujar por el aeropuerto de Corvera\",\"author\":{\"@id\":\"https:\\\/\\\/eldigitaldeasturias.com\\\/magazine365\\\/author\\\/admin\\\/#author\"},\"publisher\":{\"@id\":\"https:\\\/\\\/eldigitaldeasturias.com\\\/magazine365\\\/#organization\"},\"image\":{\"@type\":\"ImageObject\",\"url\":\"https:\\\/\\\/eldigitaldeasturias.com\\\/magazine365\\\/wp-content\\\/uploads\\\/2015\\\/12\\\/fotonoticia_20151222171233_800.jpg\",\"width\":800,\"height\":434},\"datePublished\":\"2015-12-25T17:42:27+01:00\",\"dateModified\":\"2015-12-25T17:42:27+01:00\",\"inLanguage\":\"es-ES\",\"mainEntityOfPage\":{\"@id\":\"https:\\\/\\\/eldigitaldeasturias.com\\\/magazine365\\\/un-total-de-siete-operadores-entre-ellos-aena-muestran-su-interes-en-pujar-por-el-aeropuerto-de-corvera\\\/#webpage\"},\"isPartOf\":{\"@id\":\"https:\\\/\\\/eldigitaldeasturias.com\\\/magazine365\\\/un-total-de-siete-operadores-entre-ellos-aena-muestran-su-interes-en-pujar-por-el-aeropuerto-de-corvera\\\/#webpage\"},\"articleSection\":\"Noticias y Actualidad\"},{\"@type\":\"BreadcrumbList\",\"@id\":\"https:\\\/\\\/eldigitaldeasturias.com\\\/magazine365\\\/un-total-de-siete-operadores-entre-ellos-aena-muestran-su-interes-en-pujar-por-el-aeropuerto-de-corvera\\\/#breadcrumblist\",\"itemListElement\":[{\"@type\":\"ListItem\",\"@id\":\"https:\\\/\\\/eldigitaldeasturias.com\\\/magazine365#listItem\",\"position\":1,\"name\":\"Home\",\"item\":\"https:\\\/\\\/eldigitaldeasturias.com\\\/magazine365\",\"nextItem\":{\"@type\":\"ListItem\",\"@id\":\"https:\\\/\\\/eldigitaldeasturias.com\\\/magazine365\\\/category\\\/noticias-actualidad\\\/#listItem\",\"name\":\"Noticias y Actualidad\"}},{\"@type\":\"ListItem\",\"@id\":\"https:\\\/\\\/eldigitaldeasturias.com\\\/magazine365\\\/category\\\/noticias-actualidad\\\/#listItem\",\"position\":2,\"name\":\"Noticias y Actualidad\",\"item\":\"https:\\\/\\\/eldigitaldeasturias.com\\\/magazine365\\\/category\\\/noticias-actualidad\\\/\",\"nextItem\":{\"@type\":\"ListItem\",\"@id\":\"https:\\\/\\\/eldigitaldeasturias.com\\\/magazine365\\\/un-total-de-siete-operadores-entre-ellos-aena-muestran-su-interes-en-pujar-por-el-aeropuerto-de-corvera\\\/#listItem\",\"name\":\"Un total de siete operadores, entre ellos Aena, muestran su inter\\u00e9s en pujar por el aeropuerto de Corvera\"},\"previousItem\":{\"@type\":\"ListItem\",\"@id\":\"https:\\\/\\\/eldigitaldeasturias.com\\\/magazine365#listItem\",\"name\":\"Home\"}},{\"@type\":\"ListItem\",\"@id\":\"https:\\\/\\\/eldigitaldeasturias.com\\\/magazine365\\\/un-total-de-siete-operadores-entre-ellos-aena-muestran-su-interes-en-pujar-por-el-aeropuerto-de-corvera\\\/#listItem\",\"position\":3,\"name\":\"Un total de siete operadores, entre ellos Aena, muestran su inter\\u00e9s en pujar por el aeropuerto de Corvera\",\"previousItem\":{\"@type\":\"ListItem\",\"@id\":\"https:\\\/\\\/eldigitaldeasturias.com\\\/magazine365\\\/category\\\/noticias-actualidad\\\/#listItem\",\"name\":\"Noticias y Actualidad\"}}]},{\"@type\":\"Organization\",\"@id\":\"https:\\\/\\\/eldigitaldeasturias.com\\\/magazine365\\\/#organization\",\"name\":\"El digital de Asturias\",\"description\":\"Revista de ocio, turismo y estilo de vida\",\"url\":\"https:\\\/\\\/eldigitaldeasturias.com\\\/magazine365\\\/\",\"logo\":{\"@type\":\"ImageObject\",\"url\":\"https:\\\/\\\/www.eldigitaldeasturias.com\\\/noticias\\\/wp-content\\\/uploads\\\/2020\\\/12\\\/EDA.jpg\",\"@id\":\"https:\\\/\\\/eldigitaldeasturias.com\\\/magazine365\\\/un-total-de-siete-operadores-entre-ellos-aena-muestran-su-interes-en-pujar-por-el-aeropuerto-de-corvera\\\/#organizationLogo\"},\"image\":{\"@id\":\"https:\\\/\\\/eldigitaldeasturias.com\\\/magazine365\\\/un-total-de-siete-operadores-entre-ellos-aena-muestran-su-interes-en-pujar-por-el-aeropuerto-de-corvera\\\/#organizationLogo\"}},{\"@type\":\"Person\",\"@id\":\"https:\\\/\\\/eldigitaldeasturias.com\\\/magazine365\\\/author\\\/admin\\\/#author\",\"url\":\"https:\\\/\\\/eldigitaldeasturias.com\\\/magazine365\\\/author\\\/admin\\\/\",\"name\":\"admin\",\"image\":{\"@type\":\"ImageObject\",\"@id\":\"https:\\\/\\\/eldigitaldeasturias.com\\\/magazine365\\\/un-total-de-siete-operadores-entre-ellos-aena-muestran-su-interes-en-pujar-por-el-aeropuerto-de-corvera\\\/#authorImage\",\"url\":\"https:\\\/\\\/eldigitaldeasturias.com\\\/magazine365\\\/wp-content\\\/litespeed\\\/avatar\\\/e571bcf59a0edd6fa6838245a470f2fe.jpg?ver=1777574230\",\"width\":96,\"height\":96,\"caption\":\"admin\"}},{\"@type\":\"WebPage\",\"@id\":\"https:\\\/\\\/eldigitaldeasturias.com\\\/magazine365\\\/un-total-de-siete-operadores-entre-ellos-aena-muestran-su-interes-en-pujar-por-el-aeropuerto-de-corvera\\\/#webpage\",\"url\":\"https:\\\/\\\/eldigitaldeasturias.com\\\/magazine365\\\/un-total-de-siete-operadores-entre-ellos-aena-muestran-su-interes-en-pujar-por-el-aeropuerto-de-corvera\\\/\",\"name\":\"Un total de siete operadores, entre ellos Aena, muestran su inter\\u00e9s en pujar por el aeropuerto de Corvera | El Digital de Asturias\",\"description\":\"Un total de siete operadores aeroportuarios, entre ellos Aena, han mostrado su inter\\u00e9s en pujar por el aeropuerto de Corvera, seg\\u00fan ha confirmado el consejero de Obras P\\u00fablicas e Infraestructuras, Francisco Bernab\\u00e9. En la rueda de prensa posterior al Consejo de Gobierno, Bernab\\u00e9 ha confirmado que, tal y como la ministra de Fomento, Ana Pastor,\",\"inLanguage\":\"es-ES\",\"isPartOf\":{\"@id\":\"https:\\\/\\\/eldigitaldeasturias.com\\\/magazine365\\\/#website\"},\"breadcrumb\":{\"@id\":\"https:\\\/\\\/eldigitaldeasturias.com\\\/magazine365\\\/un-total-de-siete-operadores-entre-ellos-aena-muestran-su-interes-en-pujar-por-el-aeropuerto-de-corvera\\\/#breadcrumblist\"},\"author\":{\"@id\":\"https:\\\/\\\/eldigitaldeasturias.com\\\/magazine365\\\/author\\\/admin\\\/#author\"},\"creator\":{\"@id\":\"https:\\\/\\\/eldigitaldeasturias.com\\\/magazine365\\\/author\\\/admin\\\/#author\"},\"image\":{\"@type\":\"ImageObject\",\"url\":\"https:\\\/\\\/eldigitaldeasturias.com\\\/magazine365\\\/wp-content\\\/uploads\\\/2015\\\/12\\\/fotonoticia_20151222171233_800.jpg\",\"@id\":\"https:\\\/\\\/eldigitaldeasturias.com\\\/magazine365\\\/un-total-de-siete-operadores-entre-ellos-aena-muestran-su-interes-en-pujar-por-el-aeropuerto-de-corvera\\\/#mainImage\",\"width\":800,\"height\":434},\"primaryImageOfPage\":{\"@id\":\"https:\\\/\\\/eldigitaldeasturias.com\\\/magazine365\\\/un-total-de-siete-operadores-entre-ellos-aena-muestran-su-interes-en-pujar-por-el-aeropuerto-de-corvera\\\/#mainImage\"},\"datePublished\":\"2015-12-25T17:42:27+01:00\",\"dateModified\":\"2015-12-25T17:42:27+01:00\"},{\"@type\":\"WebSite\",\"@id\":\"https:\\\/\\\/eldigitaldeasturias.com\\\/magazine365\\\/#website\",\"url\":\"https:\\\/\\\/eldigitaldeasturias.com\\\/magazine365\\\/\",\"name\":\"El Digital de Asturias\",\"description\":\"Revista de ocio, turismo y estilo de vida\",\"inLanguage\":\"es-ES\",\"publisher\":{\"@id\":\"https:\\\/\\\/eldigitaldeasturias.com\\\/magazine365\\\/#organization\"}}]}\n\t\t<\/script>\n\t\t<!-- All in One SEO Pro -->\r\n\t\t<title>Un total de siete operadores, entre ellos Aena, muestran su inter\u00e9s en pujar por el aeropuerto de Corvera | El Digital de Asturias<\/title>\n\n","aioseo_head_json":{"title":"Un total de siete operadores, entre ellos Aena, muestran su inter\u00e9s en pujar por el aeropuerto de Corvera | El Digital de Asturias","description":"Un total de siete operadores aeroportuarios, entre ellos Aena, han mostrado su inter\u00e9s en pujar por el aeropuerto de Corvera, seg\u00fan ha confirmado el consejero de Obras P\u00fablicas e Infraestructuras, Francisco Bernab\u00e9. En la rueda de prensa posterior al Consejo de Gobierno, Bernab\u00e9 ha confirmado que, tal y como la ministra de Fomento, Ana Pastor,","canonical_url":"https:\/\/eldigitaldeasturias.com\/magazine365\/un-total-de-siete-operadores-entre-ellos-aena-muestran-su-interes-en-pujar-por-el-aeropuerto-de-corvera\/","robots":"max-image-preview:large","keywords":"noticias y actualidad","webmasterTools":{"google-site-verification":"UA-38556648-1","miscellaneous":""},"schema":{"@context":"https:\/\/schema.org","@graph":[{"@type":"Article","@id":"https:\/\/eldigitaldeasturias.com\/magazine365\/un-total-de-siete-operadores-entre-ellos-aena-muestran-su-interes-en-pujar-por-el-aeropuerto-de-corvera\/#article","name":"Un total de siete operadores, entre ellos Aena, muestran su inter\u00e9s en pujar por el aeropuerto de Corvera | El Digital de Asturias","headline":"Un total de siete operadores, entre ellos Aena, muestran su inter\u00e9s en pujar por el aeropuerto de Corvera","author":{"@id":"https:\/\/eldigitaldeasturias.com\/magazine365\/author\/admin\/#author"},"publisher":{"@id":"https:\/\/eldigitaldeasturias.com\/magazine365\/#organization"},"image":{"@type":"ImageObject","url":"https:\/\/eldigitaldeasturias.com\/magazine365\/wp-content\/uploads\/2015\/12\/fotonoticia_20151222171233_800.jpg","width":800,"height":434},"datePublished":"2015-12-25T17:42:27+01:00","dateModified":"2015-12-25T17:42:27+01:00","inLanguage":"es-ES","mainEntityOfPage":{"@id":"https:\/\/eldigitaldeasturias.com\/magazine365\/un-total-de-siete-operadores-entre-ellos-aena-muestran-su-interes-en-pujar-por-el-aeropuerto-de-corvera\/#webpage"},"isPartOf":{"@id":"https:\/\/eldigitaldeasturias.com\/magazine365\/un-total-de-siete-operadores-entre-ellos-aena-muestran-su-interes-en-pujar-por-el-aeropuerto-de-corvera\/#webpage"},"articleSection":"Noticias y Actualidad"},{"@type":"BreadcrumbList","@id":"https:\/\/eldigitaldeasturias.com\/magazine365\/un-total-de-siete-operadores-entre-ellos-aena-muestran-su-interes-en-pujar-por-el-aeropuerto-de-corvera\/#breadcrumblist","itemListElement":[{"@type":"ListItem","@id":"https:\/\/eldigitaldeasturias.com\/magazine365#listItem","position":1,"name":"Home","item":"https:\/\/eldigitaldeasturias.com\/magazine365","nextItem":{"@type":"ListItem","@id":"https:\/\/eldigitaldeasturias.com\/magazine365\/category\/noticias-actualidad\/#listItem","name":"Noticias y Actualidad"}},{"@type":"ListItem","@id":"https:\/\/eldigitaldeasturias.com\/magazine365\/category\/noticias-actualidad\/#listItem","position":2,"name":"Noticias y Actualidad","item":"https:\/\/eldigitaldeasturias.com\/magazine365\/category\/noticias-actualidad\/","nextItem":{"@type":"ListItem","@id":"https:\/\/eldigitaldeasturias.com\/magazine365\/un-total-de-siete-operadores-entre-ellos-aena-muestran-su-interes-en-pujar-por-el-aeropuerto-de-corvera\/#listItem","name":"Un total de siete operadores, entre ellos Aena, muestran su inter\u00e9s en pujar por el aeropuerto de Corvera"},"previousItem":{"@type":"ListItem","@id":"https:\/\/eldigitaldeasturias.com\/magazine365#listItem","name":"Home"}},{"@type":"ListItem","@id":"https:\/\/eldigitaldeasturias.com\/magazine365\/un-total-de-siete-operadores-entre-ellos-aena-muestran-su-interes-en-pujar-por-el-aeropuerto-de-corvera\/#listItem","position":3,"name":"Un total de siete operadores, entre ellos Aena, muestran su inter\u00e9s en pujar por el aeropuerto de Corvera","previousItem":{"@type":"ListItem","@id":"https:\/\/eldigitaldeasturias.com\/magazine365\/category\/noticias-actualidad\/#listItem","name":"Noticias y Actualidad"}}]},{"@type":"Organization","@id":"https:\/\/eldigitaldeasturias.com\/magazine365\/#organization","name":"El digital de Asturias","description":"Revista de ocio, turismo y estilo de vida","url":"https:\/\/eldigitaldeasturias.com\/magazine365\/","logo":{"@type":"ImageObject","url":"https:\/\/www.eldigitaldeasturias.com\/noticias\/wp-content\/uploads\/2020\/12\/EDA.jpg","@id":"https:\/\/eldigitaldeasturias.com\/magazine365\/un-total-de-siete-operadores-entre-ellos-aena-muestran-su-interes-en-pujar-por-el-aeropuerto-de-corvera\/#organizationLogo"},"image":{"@id":"https:\/\/eldigitaldeasturias.com\/magazine365\/un-total-de-siete-operadores-entre-ellos-aena-muestran-su-interes-en-pujar-por-el-aeropuerto-de-corvera\/#organizationLogo"}},{"@type":"Person","@id":"https:\/\/eldigitaldeasturias.com\/magazine365\/author\/admin\/#author","url":"https:\/\/eldigitaldeasturias.com\/magazine365\/author\/admin\/","name":"admin","image":{"@type":"ImageObject","@id":"https:\/\/eldigitaldeasturias.com\/magazine365\/un-total-de-siete-operadores-entre-ellos-aena-muestran-su-interes-en-pujar-por-el-aeropuerto-de-corvera\/#authorImage","url":"https:\/\/eldigitaldeasturias.com\/magazine365\/wp-content\/litespeed\/avatar\/e571bcf59a0edd6fa6838245a470f2fe.jpg?ver=1777574230","width":96,"height":96,"caption":"admin"}},{"@type":"WebPage","@id":"https:\/\/eldigitaldeasturias.com\/magazine365\/un-total-de-siete-operadores-entre-ellos-aena-muestran-su-interes-en-pujar-por-el-aeropuerto-de-corvera\/#webpage","url":"https:\/\/eldigitaldeasturias.com\/magazine365\/un-total-de-siete-operadores-entre-ellos-aena-muestran-su-interes-en-pujar-por-el-aeropuerto-de-corvera\/","name":"Un total de siete operadores, entre ellos Aena, muestran su inter\u00e9s en pujar por el aeropuerto de Corvera | El Digital de Asturias","description":"Un total de siete operadores aeroportuarios, entre ellos Aena, han mostrado su inter\u00e9s en pujar por el aeropuerto de Corvera, seg\u00fan ha confirmado el consejero de Obras P\u00fablicas e Infraestructuras, Francisco Bernab\u00e9. En la rueda de prensa posterior al Consejo de Gobierno, Bernab\u00e9 ha confirmado que, tal y como la ministra de Fomento, Ana Pastor,","inLanguage":"es-ES","isPartOf":{"@id":"https:\/\/eldigitaldeasturias.com\/magazine365\/#website"},"breadcrumb":{"@id":"https:\/\/eldigitaldeasturias.com\/magazine365\/un-total-de-siete-operadores-entre-ellos-aena-muestran-su-interes-en-pujar-por-el-aeropuerto-de-corvera\/#breadcrumblist"},"author":{"@id":"https:\/\/eldigitaldeasturias.com\/magazine365\/author\/admin\/#author"},"creator":{"@id":"https:\/\/eldigitaldeasturias.com\/magazine365\/author\/admin\/#author"},"image":{"@type":"ImageObject","url":"https:\/\/eldigitaldeasturias.com\/magazine365\/wp-content\/uploads\/2015\/12\/fotonoticia_20151222171233_800.jpg","@id":"https:\/\/eldigitaldeasturias.com\/magazine365\/un-total-de-siete-operadores-entre-ellos-aena-muestran-su-interes-en-pujar-por-el-aeropuerto-de-corvera\/#mainImage","width":800,"height":434},"primaryImageOfPage":{"@id":"https:\/\/eldigitaldeasturias.com\/magazine365\/un-total-de-siete-operadores-entre-ellos-aena-muestran-su-interes-en-pujar-por-el-aeropuerto-de-corvera\/#mainImage"},"datePublished":"2015-12-25T17:42:27+01:00","dateModified":"2015-12-25T17:42:27+01:00"},{"@type":"WebSite","@id":"https:\/\/eldigitaldeasturias.com\/magazine365\/#website","url":"https:\/\/eldigitaldeasturias.com\/magazine365\/","name":"El Digital de Asturias","description":"Revista de ocio, turismo y estilo de vida","inLanguage":"es-ES","publisher":{"@id":"https:\/\/eldigitaldeasturias.com\/magazine365\/#organization"}}]},"og:locale":"es_ES","og:site_name":"El Digital de Asturias \u2013 Revista de ocio, turismo y estilo de vida","og:type":"article","og:title":"Un total de siete operadores, entre ellos Aena, muestran su inter\u00e9s en pujar por el aeropuerto de Corvera | El Digital de Asturias","og:description":"Un total de siete operadores aeroportuarios, entre ellos Aena, han mostrado su inter\u00e9s en pujar por el aeropuerto de Corvera, seg\u00fan ha confirmado el consejero de Obras P\u00fablicas e Infraestructuras, Francisco Bernab\u00e9. En la rueda de prensa posterior al Consejo de Gobierno, Bernab\u00e9 ha confirmado que, tal y como la ministra de Fomento, Ana Pastor,","og:url":"https:\/\/eldigitaldeasturias.com\/magazine365\/un-total-de-siete-operadores-entre-ellos-aena-muestran-su-interes-en-pujar-por-el-aeropuerto-de-corvera\/","og:image":"https:\/\/eldigitaldeasturias.com\/magazine365\/wp-content\/uploads\/2015\/12\/fotonoticia_20151222171233_800.jpg","og:image:secure_url":"https:\/\/eldigitaldeasturias.com\/magazine365\/wp-content\/uploads\/2015\/12\/fotonoticia_20151222171233_800.jpg","og:image:width":800,"og:image:height":434,"article:published_time":"2015-12-25T16:42:27+00:00","article:modified_time":"2015-12-25T16:42:27+00:00","twitter:card":"summary_large_image","twitter:title":"Un total de siete operadores, entre ellos Aena, muestran su inter\u00e9s en pujar por el aeropuerto de Corvera | El Digital de Asturias","twitter:description":"Un total de siete operadores aeroportuarios, entre ellos Aena, han mostrado su inter\u00e9s en pujar por el aeropuerto de Corvera, seg\u00fan ha confirmado el consejero de Obras P\u00fablicas e Infraestructuras, Francisco Bernab\u00e9. En la rueda de prensa posterior al Consejo de Gobierno, Bernab\u00e9 ha confirmado que, tal y como la ministra de Fomento, Ana Pastor,","twitter:image":"https:\/\/eldigitaldeasturias.com\/magazine365\/wp-content\/uploads\/2015\/12\/fotonoticia_20151222171233_800.jpg"},"aioseo_meta_data":{"post_id":"59181","title":null,"description":null,"keywords":null,"keyphrases":null,"primary_term":null,"canonical_url":null,"og_title":null,"og_description":null,"og_object_type":"default","og_image_type":"default","og_image_url":null,"og_image_width":null,"og_image_height":null,"og_image_custom_url":null,"og_image_custom_fields":null,"og_video":null,"og_custom_url":null,"og_article_section":null,"og_article_tags":null,"twitter_use_og":false,"twitter_card":"default","twitter_image_type":"default","twitter_image_url":null,"twitter_image_custom_url":null,"twitter_image_custom_fields":null,"twitter_title":null,"twitter_description":null,"schema":{"blockGraphs":[],"customGraphs":[],"default":{"data":{"Article":[],"Course":[],"Dataset":[],"FAQPage":[],"Movie":[],"Person":[],"Product":[],"ProductReview":[],"Car":[],"Recipe":[],"Service":[],"SoftwareApplication":[],"WebPage":[]},"graphName":"","isEnabled":true},"graphs":[]},"schema_type":null,"schema_type_options":null,"pillar_content":false,"robots_default":true,"robots_noindex":false,"robots_noarchive":false,"robots_nosnippet":false,"robots_nofollow":false,"robots_noimageindex":false,"robots_noodp":false,"robots_notranslate":false,"robots_max_snippet":null,"robots_max_videopreview":null,"robots_max_imagepreview":"large","priority":null,"frequency":null,"location":null,"local_seo":null,"seo_analyzer_scan_date":"2025-09-25 04:27:52","breadcrumb_settings":null,"limit_modified_date":false,"open_ai":null,"ai":null,"created":"2021-03-08 22:19:22","updated":"2025-09-25 04:27:52"},"aioseo_breadcrumb":"<div class=\"aioseo-breadcrumbs\"><span class=\"aioseo-breadcrumb\">\n\t<a href=\"https:\/\/eldigitaldeasturias.com\/magazine365\" title=\"Home\">Home<\/a>\n<\/span><span class=\"aioseo-breadcrumb-separator\">\u2013<\/span><span class=\"aioseo-breadcrumb\">\n\t<a href=\"https:\/\/eldigitaldeasturias.com\/magazine365\/category\/noticias-actualidad\/\" title=\"Noticias y Actualidad\">Noticias y Actualidad<\/a>\n<\/span><span class=\"aioseo-breadcrumb-separator\">\u2013<\/span><span class=\"aioseo-breadcrumb\">\n\t<a href=\"https:\/\/eldigitaldeasturias.com\/magazine365\/un-total-de-siete-operadores-entre-ellos-aena-muestran-su-interes-en-pujar-por-el-aeropuerto-de-corvera\/\" title=\"Un total de siete operadores, entre ellos Aena, muestran su inter\u00e9s en pujar por el aeropuerto de Corvera\">Un total de siete operadores, entre ellos Aena, muestran su inter\u00e9s en pujar por el aeropuerto de Corvera<\/a>\n<\/span><\/div>","aioseo_breadcrumb_json":[{"label":"Home","link":"https:\/\/eldigitaldeasturias.com\/magazine365"},{"label":"Noticias y Actualidad","link":"https:\/\/eldigitaldeasturias.com\/magazine365\/category\/noticias-actualidad\/"},{"label":"Un total de siete operadores, entre ellos Aena, muestran su inter\u00e9s en pujar por el aeropuerto de Corvera","link":"https:\/\/eldigitaldeasturias.com\/magazine365\/un-total-de-siete-operadores-entre-ellos-aena-muestran-su-interes-en-pujar-por-el-aeropuerto-de-corvera\/"}],"_links":{"self":[{"href":"https:\/\/eldigitaldeasturias.com\/magazine365\/wp-json\/wp\/v2\/posts\/59181","targetHints":{"allow":["GET"]}}],"collection":[{"href":"https:\/\/eldigitaldeasturias.com\/magazine365\/wp-json\/wp\/v2\/posts"}],"about":[{"href":"https:\/\/eldigitaldeasturias.com\/magazine365\/wp-json\/wp\/v2\/types\/post"}],"author":[{"embeddable":true,"href":"https:\/\/eldigitaldeasturias.com\/magazine365\/wp-json\/wp\/v2\/users\/1"}],"replies":[{"embeddable":true,"href":"https:\/\/eldigitaldeasturias.com\/magazine365\/wp-json\/wp\/v2\/comments?post=59181"}],"version-history":[{"count":0,"href":"https:\/\/eldigitaldeasturias.com\/magazine365\/wp-json\/wp\/v2\/posts\/59181\/revisions"}],"wp:featuredmedia":[{"embeddable":true,"href":"https:\/\/eldigitaldeasturias.com\/magazine365\/wp-json\/wp\/v2\/media\/59182"}],"wp:attachment":[{"href":"https:\/\/eldigitaldeasturias.com\/magazine365\/wp-json\/wp\/v2\/media?parent=59181"}],"wp:term":[{"taxonomy":"category","embeddable":true,"href":"https:\/\/eldigitaldeasturias.com\/magazine365\/wp-json\/wp\/v2\/categories?post=59181"},{"taxonomy":"post_tag","embeddable":true,"href":"https:\/\/eldigitaldeasturias.com\/magazine365\/wp-json\/wp\/v2\/tags?post=59181"}],"curies":[{"name":"wp","href":"https:\/\/api.w.org\/{rel}","templated":true}]}}