{"id":59169,"date":"2015-12-25T17:27:17","date_gmt":"2015-12-25T16:27:17","guid":{"rendered":"http:\/\/eldigitaldeasturias.com\/magazine365\/?p=59169"},"modified":"2015-12-25T17:27:17","modified_gmt":"2015-12-25T16:27:17","slug":"el-cabildo-de-gran-canaria-y-aena-acuerdan-instalar-un-sistema-para-controlar-la-entrada-de-taxis","status":"publish","type":"post","link":"https:\/\/eldigitaldeasturias.com\/magazine365\/el-cabildo-de-gran-canaria-y-aena-acuerdan-instalar-un-sistema-para-controlar-la-entrada-de-taxis\/","title":{"rendered":"El Cabildo de Gran Canaria y Aena acuerdan instalar un sistema para controlar la entrada de taxis"},"content":{"rendered":"<p><img fetchpriority=\"high\" decoding=\"async\" class=\"alignleft size-medium wp-image-59170\" src=\"https:\/\/eldigitaldeasturias.com\/magazine365\/wp-content\/uploads\/2015\/12\/fotonoticia_20151222162713_800-360x239.jpg\" alt=\"fotonoticia_20151222162713_800\" width=\"360\" height=\"239\" srcset=\"https:\/\/eldigitaldeasturias.com\/magazine365\/wp-content\/uploads\/2015\/12\/fotonoticia_20151222162713_800-360x239.jpg 360w, https:\/\/eldigitaldeasturias.com\/magazine365\/wp-content\/uploads\/2015\/12\/fotonoticia_20151222162713_800-650x432.jpg 650w, https:\/\/eldigitaldeasturias.com\/magazine365\/wp-content\/uploads\/2015\/12\/fotonoticia_20151222162713_800-768x511.jpg 768w, https:\/\/eldigitaldeasturias.com\/magazine365\/wp-content\/uploads\/2015\/12\/fotonoticia_20151222162713_800-150x100.jpg 150w, https:\/\/eldigitaldeasturias.com\/magazine365\/wp-content\/uploads\/2015\/12\/fotonoticia_20151222162713_800-450x299.jpg 450w, https:\/\/eldigitaldeasturias.com\/magazine365\/wp-content\/uploads\/2015\/12\/fotonoticia_20151222162713_800-696x463.jpg 696w, https:\/\/eldigitaldeasturias.com\/magazine365\/wp-content\/uploads\/2015\/12\/fotonoticia_20151222162713_800-632x420.jpg 632w, https:\/\/eldigitaldeasturias.com\/magazine365\/wp-content\/uploads\/2015\/12\/fotonoticia_20151222162713_800-121x79.jpg 121w, https:\/\/eldigitaldeasturias.com\/magazine365\/wp-content\/uploads\/2015\/12\/fotonoticia_20151222162713_800-101x66.jpg 101w, https:\/\/eldigitaldeasturias.com\/magazine365\/wp-content\/uploads\/2015\/12\/fotonoticia_20151222162713_800.jpg 800w\" sizes=\"(max-width: 360px) 100vw, 360px\" \/>El Cabildo de Gran Canaria y Aena han acordado este martes instalar un sistema para controlar la entrada de taxis en el recinto aeroportuario, seg\u00fan han indicado el consejero de Transportes y Movilidad de la instituci\u00f3n insular, Juan Francisco Trujillo, y el director del Aeropuerto, Alberto Mart\u00edn, tras mantener un encuentro.<\/p>\n<p>En concreto, se colocar\u00e1 una barrera electr\u00f3nica y un lector de matr\u00edculas que detectar\u00e1 los taxis que tienen autorizaci\u00f3n previa del Cabildo, el denominado transfer, y autorizar\u00e1 su entrada a la zona de recogida de viajeros, seg\u00fan inform\u00f3 la instituci\u00f3n insular en nota de prensa.<\/p>\n<p>Esta medida se ha adoptado de acuerdo al reglamento regulador de las \u00c1reas Sensibles de Gran Canaria que exige determinados requisitos para poder recoger viajeros tanto en el Aeropuerto como en los puertos de Las Palmas y Agaete.<\/p>\n<p>El objetivo de esta medida, apunt\u00f3 el consejero, es \u00abevitar el intrusismo y mantener la calidad del servicio\u00bb. Para ello, en los pr\u00f3ximos seis meses, el Aeropuerto llevar\u00e1 a cabo una reordenaci\u00f3n de los servicios de transporte que operan en el recinto y remodelar\u00e1 los espacios de estacionamiento que actualmente ocupan tanto los taxis como los coches de alquiler con conductor (VTC), los microbuses y las guaguas de transporte discrecional y de Global.<\/p>\n<p>As\u00ed, los taxis y veh\u00edculos de alquiler con conductor se trasladar\u00e1n a un espacio \u00abm\u00e1s amplio y exclusivo\u00bb para este uso, mientras que los microbuses permanecer\u00e1n en el espacio que hasta ahora compart\u00edan con los taxis y coches de alquiler con conductor, que ser\u00e1 remodelado para ordenar mejor el tr\u00e1fico a la entrada y salida del recinto.<\/p>\n<p>Por su parte, la parada de Global tambi\u00e9n tendr\u00e1 un nuevo emplazamiento para facilitar el tr\u00e1fico y el acceso de los usuarios, permitiendo un mayor n\u00famero de l\u00edneas y frecuencias, as\u00ed como tendr\u00e1 una nueva se\u00f1alizaci\u00f3n de informaci\u00f3n a los viajeros.<\/p>\n","protected":false},"excerpt":{"rendered":"<p>El Cabildo de Gran Canaria y Aena han acordado este martes instalar un sistema para controlar la entrada de taxis en el recinto aeroportuario, seg\u00fan han indicado el consejero de Transportes y Movilidad de la instituci\u00f3n insular, Juan Francisco Trujillo, y el director del Aeropuerto, Alberto Mart\u00edn, tras mantener un encuentro. En concreto, se colocar\u00e1<\/p>\n","protected":false},"author":1,"featured_media":59170,"comment_status":"open","ping_status":"closed","sticky":false,"template":"","format":"standard","meta":{"footnotes":""},"categories":[224],"tags":[],"class_list":{"0":"post-59169","1":"post","2":"type-post","3":"status-publish","4":"format-standard","5":"has-post-thumbnail","7":"category-noticias-actualidad"},"aioseo_notices":[],"aioseo_head":"\n\t\t<!-- All in One SEO Pro 4.9.6.1 - aioseo.com -->\n\t<meta name=\"description\" content=\"El Cabildo de Gran Canaria y Aena han acordado este martes instalar un sistema para controlar la entrada de taxis en el recinto aeroportuario, seg\u00fan han indicado el consejero de Transportes y Movilidad de la instituci\u00f3n insular, Juan Francisco Trujillo, y el director del Aeropuerto, Alberto Mart\u00edn, tras mantener un encuentro. En concreto, se colocar\u00e1\" \/>\n\t<meta name=\"robots\" content=\"max-image-preview:large\" \/>\n\t<meta name=\"author\" content=\"admin\"\/>\n\t<meta name=\"google-site-verification\" content=\"UA-38556648-1\" \/>\n\t<meta name=\"keywords\" content=\"noticias y actualidad\" \/>\n\t<link rel=\"canonical\" href=\"https:\/\/eldigitaldeasturias.com\/magazine365\/el-cabildo-de-gran-canaria-y-aena-acuerdan-instalar-un-sistema-para-controlar-la-entrada-de-taxis\/\" \/>\n\t<meta name=\"generator\" content=\"All in One SEO Pro (AIOSEO) 4.9.6.1\" \/>\n\t\t<meta property=\"og:locale\" content=\"es_ES\" \/>\n\t\t<meta property=\"og:site_name\" content=\"El Digital de Asturias \u2013 Revista de ocio, turismo y estilo de vida\" \/>\n\t\t<meta property=\"og:type\" content=\"article\" \/>\n\t\t<meta property=\"og:title\" content=\"El Cabildo de Gran Canaria y Aena acuerdan instalar un sistema para controlar la entrada de taxis | El Digital de Asturias\" \/>\n\t\t<meta property=\"og:description\" content=\"El Cabildo de Gran Canaria y Aena han acordado este martes instalar un sistema para controlar la entrada de taxis en el recinto aeroportuario, seg\u00fan han indicado el consejero de Transportes y Movilidad de la instituci\u00f3n insular, Juan Francisco Trujillo, y el director del Aeropuerto, Alberto Mart\u00edn, tras mantener un encuentro. En concreto, se colocar\u00e1\" \/>\n\t\t<meta property=\"og:url\" content=\"https:\/\/eldigitaldeasturias.com\/magazine365\/el-cabildo-de-gran-canaria-y-aena-acuerdan-instalar-un-sistema-para-controlar-la-entrada-de-taxis\/\" \/>\n\t\t<meta property=\"og:image\" content=\"https:\/\/eldigitaldeasturias.com\/magazine365\/wp-content\/uploads\/2015\/12\/fotonoticia_20151222162713_800.jpg\" \/>\n\t\t<meta property=\"og:image:secure_url\" content=\"https:\/\/eldigitaldeasturias.com\/magazine365\/wp-content\/uploads\/2015\/12\/fotonoticia_20151222162713_800.jpg\" \/>\n\t\t<meta property=\"og:image:width\" content=\"800\" \/>\n\t\t<meta property=\"og:image:height\" content=\"532\" \/>\n\t\t<meta property=\"article:published_time\" content=\"2015-12-25T16:27:17+00:00\" \/>\n\t\t<meta property=\"article:modified_time\" content=\"2015-12-25T16:27:17+00:00\" \/>\n\t\t<meta name=\"twitter:card\" content=\"summary_large_image\" \/>\n\t\t<meta name=\"twitter:title\" content=\"El Cabildo de Gran Canaria y Aena acuerdan instalar un sistema para controlar la entrada de taxis | El Digital de Asturias\" \/>\n\t\t<meta name=\"twitter:description\" content=\"El Cabildo de Gran Canaria y Aena han acordado este martes instalar un sistema para controlar la entrada de taxis en el recinto aeroportuario, seg\u00fan han indicado el consejero de Transportes y Movilidad de la instituci\u00f3n insular, Juan Francisco Trujillo, y el director del Aeropuerto, Alberto Mart\u00edn, tras mantener un encuentro. En concreto, se colocar\u00e1\" \/>\n\t\t<meta name=\"twitter:image\" content=\"https:\/\/eldigitaldeasturias.com\/magazine365\/wp-content\/uploads\/2015\/12\/fotonoticia_20151222162713_800.jpg\" \/>\n\t\t<script type=\"application\/ld+json\" class=\"aioseo-schema\">\n\t\t\t{\"@context\":\"https:\\\/\\\/schema.org\",\"@graph\":[{\"@type\":\"Article\",\"@id\":\"https:\\\/\\\/eldigitaldeasturias.com\\\/magazine365\\\/el-cabildo-de-gran-canaria-y-aena-acuerdan-instalar-un-sistema-para-controlar-la-entrada-de-taxis\\\/#article\",\"name\":\"El Cabildo de Gran Canaria y Aena acuerdan instalar un sistema para controlar la entrada de taxis | El Digital de Asturias\",\"headline\":\"El Cabildo de Gran Canaria y Aena acuerdan instalar un sistema para controlar la entrada de taxis\",\"author\":{\"@id\":\"https:\\\/\\\/eldigitaldeasturias.com\\\/magazine365\\\/author\\\/admin\\\/#author\"},\"publisher\":{\"@id\":\"https:\\\/\\\/eldigitaldeasturias.com\\\/magazine365\\\/#organization\"},\"image\":{\"@type\":\"ImageObject\",\"url\":\"https:\\\/\\\/eldigitaldeasturias.com\\\/magazine365\\\/wp-content\\\/uploads\\\/2015\\\/12\\\/fotonoticia_20151222162713_800.jpg\",\"width\":800,\"height\":532},\"datePublished\":\"2015-12-25T17:27:17+01:00\",\"dateModified\":\"2015-12-25T17:27:17+01:00\",\"inLanguage\":\"es-ES\",\"mainEntityOfPage\":{\"@id\":\"https:\\\/\\\/eldigitaldeasturias.com\\\/magazine365\\\/el-cabildo-de-gran-canaria-y-aena-acuerdan-instalar-un-sistema-para-controlar-la-entrada-de-taxis\\\/#webpage\"},\"isPartOf\":{\"@id\":\"https:\\\/\\\/eldigitaldeasturias.com\\\/magazine365\\\/el-cabildo-de-gran-canaria-y-aena-acuerdan-instalar-un-sistema-para-controlar-la-entrada-de-taxis\\\/#webpage\"},\"articleSection\":\"Noticias y Actualidad\"},{\"@type\":\"BreadcrumbList\",\"@id\":\"https:\\\/\\\/eldigitaldeasturias.com\\\/magazine365\\\/el-cabildo-de-gran-canaria-y-aena-acuerdan-instalar-un-sistema-para-controlar-la-entrada-de-taxis\\\/#breadcrumblist\",\"itemListElement\":[{\"@type\":\"ListItem\",\"@id\":\"https:\\\/\\\/eldigitaldeasturias.com\\\/magazine365#listItem\",\"position\":1,\"name\":\"Home\",\"item\":\"https:\\\/\\\/eldigitaldeasturias.com\\\/magazine365\",\"nextItem\":{\"@type\":\"ListItem\",\"@id\":\"https:\\\/\\\/eldigitaldeasturias.com\\\/magazine365\\\/category\\\/noticias-actualidad\\\/#listItem\",\"name\":\"Noticias y Actualidad\"}},{\"@type\":\"ListItem\",\"@id\":\"https:\\\/\\\/eldigitaldeasturias.com\\\/magazine365\\\/category\\\/noticias-actualidad\\\/#listItem\",\"position\":2,\"name\":\"Noticias y Actualidad\",\"item\":\"https:\\\/\\\/eldigitaldeasturias.com\\\/magazine365\\\/category\\\/noticias-actualidad\\\/\",\"nextItem\":{\"@type\":\"ListItem\",\"@id\":\"https:\\\/\\\/eldigitaldeasturias.com\\\/magazine365\\\/el-cabildo-de-gran-canaria-y-aena-acuerdan-instalar-un-sistema-para-controlar-la-entrada-de-taxis\\\/#listItem\",\"name\":\"El Cabildo de Gran Canaria y Aena acuerdan instalar un sistema para controlar la entrada de taxis\"},\"previousItem\":{\"@type\":\"ListItem\",\"@id\":\"https:\\\/\\\/eldigitaldeasturias.com\\\/magazine365#listItem\",\"name\":\"Home\"}},{\"@type\":\"ListItem\",\"@id\":\"https:\\\/\\\/eldigitaldeasturias.com\\\/magazine365\\\/el-cabildo-de-gran-canaria-y-aena-acuerdan-instalar-un-sistema-para-controlar-la-entrada-de-taxis\\\/#listItem\",\"position\":3,\"name\":\"El Cabildo de Gran Canaria y Aena acuerdan instalar un sistema para controlar la entrada de taxis\",\"previousItem\":{\"@type\":\"ListItem\",\"@id\":\"https:\\\/\\\/eldigitaldeasturias.com\\\/magazine365\\\/category\\\/noticias-actualidad\\\/#listItem\",\"name\":\"Noticias y Actualidad\"}}]},{\"@type\":\"Organization\",\"@id\":\"https:\\\/\\\/eldigitaldeasturias.com\\\/magazine365\\\/#organization\",\"name\":\"El digital de Asturias\",\"description\":\"Revista de ocio, turismo y estilo de vida\",\"url\":\"https:\\\/\\\/eldigitaldeasturias.com\\\/magazine365\\\/\",\"logo\":{\"@type\":\"ImageObject\",\"url\":\"https:\\\/\\\/www.eldigitaldeasturias.com\\\/noticias\\\/wp-content\\\/uploads\\\/2020\\\/12\\\/EDA.jpg\",\"@id\":\"https:\\\/\\\/eldigitaldeasturias.com\\\/magazine365\\\/el-cabildo-de-gran-canaria-y-aena-acuerdan-instalar-un-sistema-para-controlar-la-entrada-de-taxis\\\/#organizationLogo\"},\"image\":{\"@id\":\"https:\\\/\\\/eldigitaldeasturias.com\\\/magazine365\\\/el-cabildo-de-gran-canaria-y-aena-acuerdan-instalar-un-sistema-para-controlar-la-entrada-de-taxis\\\/#organizationLogo\"}},{\"@type\":\"Person\",\"@id\":\"https:\\\/\\\/eldigitaldeasturias.com\\\/magazine365\\\/author\\\/admin\\\/#author\",\"url\":\"https:\\\/\\\/eldigitaldeasturias.com\\\/magazine365\\\/author\\\/admin\\\/\",\"name\":\"admin\",\"image\":{\"@type\":\"ImageObject\",\"@id\":\"https:\\\/\\\/eldigitaldeasturias.com\\\/magazine365\\\/el-cabildo-de-gran-canaria-y-aena-acuerdan-instalar-un-sistema-para-controlar-la-entrada-de-taxis\\\/#authorImage\",\"url\":\"https:\\\/\\\/eldigitaldeasturias.com\\\/magazine365\\\/wp-content\\\/litespeed\\\/avatar\\\/e571bcf59a0edd6fa6838245a470f2fe.jpg?ver=1777574230\",\"width\":96,\"height\":96,\"caption\":\"admin\"}},{\"@type\":\"WebPage\",\"@id\":\"https:\\\/\\\/eldigitaldeasturias.com\\\/magazine365\\\/el-cabildo-de-gran-canaria-y-aena-acuerdan-instalar-un-sistema-para-controlar-la-entrada-de-taxis\\\/#webpage\",\"url\":\"https:\\\/\\\/eldigitaldeasturias.com\\\/magazine365\\\/el-cabildo-de-gran-canaria-y-aena-acuerdan-instalar-un-sistema-para-controlar-la-entrada-de-taxis\\\/\",\"name\":\"El Cabildo de Gran Canaria y Aena acuerdan instalar un sistema para controlar la entrada de taxis | El Digital de Asturias\",\"description\":\"El Cabildo de Gran Canaria y Aena han acordado este martes instalar un sistema para controlar la entrada de taxis en el recinto aeroportuario, seg\\u00fan han indicado el consejero de Transportes y Movilidad de la instituci\\u00f3n insular, Juan Francisco Trujillo, y el director del Aeropuerto, Alberto Mart\\u00edn, tras mantener un encuentro. En concreto, se colocar\\u00e1\",\"inLanguage\":\"es-ES\",\"isPartOf\":{\"@id\":\"https:\\\/\\\/eldigitaldeasturias.com\\\/magazine365\\\/#website\"},\"breadcrumb\":{\"@id\":\"https:\\\/\\\/eldigitaldeasturias.com\\\/magazine365\\\/el-cabildo-de-gran-canaria-y-aena-acuerdan-instalar-un-sistema-para-controlar-la-entrada-de-taxis\\\/#breadcrumblist\"},\"author\":{\"@id\":\"https:\\\/\\\/eldigitaldeasturias.com\\\/magazine365\\\/author\\\/admin\\\/#author\"},\"creator\":{\"@id\":\"https:\\\/\\\/eldigitaldeasturias.com\\\/magazine365\\\/author\\\/admin\\\/#author\"},\"image\":{\"@type\":\"ImageObject\",\"url\":\"https:\\\/\\\/eldigitaldeasturias.com\\\/magazine365\\\/wp-content\\\/uploads\\\/2015\\\/12\\\/fotonoticia_20151222162713_800.jpg\",\"@id\":\"https:\\\/\\\/eldigitaldeasturias.com\\\/magazine365\\\/el-cabildo-de-gran-canaria-y-aena-acuerdan-instalar-un-sistema-para-controlar-la-entrada-de-taxis\\\/#mainImage\",\"width\":800,\"height\":532},\"primaryImageOfPage\":{\"@id\":\"https:\\\/\\\/eldigitaldeasturias.com\\\/magazine365\\\/el-cabildo-de-gran-canaria-y-aena-acuerdan-instalar-un-sistema-para-controlar-la-entrada-de-taxis\\\/#mainImage\"},\"datePublished\":\"2015-12-25T17:27:17+01:00\",\"dateModified\":\"2015-12-25T17:27:17+01:00\"},{\"@type\":\"WebSite\",\"@id\":\"https:\\\/\\\/eldigitaldeasturias.com\\\/magazine365\\\/#website\",\"url\":\"https:\\\/\\\/eldigitaldeasturias.com\\\/magazine365\\\/\",\"name\":\"El Digital de Asturias\",\"description\":\"Revista de ocio, turismo y estilo de vida\",\"inLanguage\":\"es-ES\",\"publisher\":{\"@id\":\"https:\\\/\\\/eldigitaldeasturias.com\\\/magazine365\\\/#organization\"}}]}\n\t\t<\/script>\n\t\t<!-- All in One SEO Pro -->\r\n\t\t<title>El Cabildo de Gran Canaria y Aena acuerdan instalar un sistema para controlar la entrada de taxis | El Digital de Asturias<\/title>\n\n","aioseo_head_json":{"title":"El Cabildo de Gran Canaria y Aena acuerdan instalar un sistema para controlar la entrada de taxis | El Digital de Asturias","description":"El Cabildo de Gran Canaria y Aena han acordado este martes instalar un sistema para controlar la entrada de taxis en el recinto aeroportuario, seg\u00fan han indicado el consejero de Transportes y Movilidad de la instituci\u00f3n insular, Juan Francisco Trujillo, y el director del Aeropuerto, Alberto Mart\u00edn, tras mantener un encuentro. En concreto, se colocar\u00e1","canonical_url":"https:\/\/eldigitaldeasturias.com\/magazine365\/el-cabildo-de-gran-canaria-y-aena-acuerdan-instalar-un-sistema-para-controlar-la-entrada-de-taxis\/","robots":"max-image-preview:large","keywords":"noticias y actualidad","webmasterTools":{"google-site-verification":"UA-38556648-1","miscellaneous":""},"schema":{"@context":"https:\/\/schema.org","@graph":[{"@type":"Article","@id":"https:\/\/eldigitaldeasturias.com\/magazine365\/el-cabildo-de-gran-canaria-y-aena-acuerdan-instalar-un-sistema-para-controlar-la-entrada-de-taxis\/#article","name":"El Cabildo de Gran Canaria y Aena acuerdan instalar un sistema para controlar la entrada de taxis | El Digital de Asturias","headline":"El Cabildo de Gran Canaria y Aena acuerdan instalar un sistema para controlar la entrada de taxis","author":{"@id":"https:\/\/eldigitaldeasturias.com\/magazine365\/author\/admin\/#author"},"publisher":{"@id":"https:\/\/eldigitaldeasturias.com\/magazine365\/#organization"},"image":{"@type":"ImageObject","url":"https:\/\/eldigitaldeasturias.com\/magazine365\/wp-content\/uploads\/2015\/12\/fotonoticia_20151222162713_800.jpg","width":800,"height":532},"datePublished":"2015-12-25T17:27:17+01:00","dateModified":"2015-12-25T17:27:17+01:00","inLanguage":"es-ES","mainEntityOfPage":{"@id":"https:\/\/eldigitaldeasturias.com\/magazine365\/el-cabildo-de-gran-canaria-y-aena-acuerdan-instalar-un-sistema-para-controlar-la-entrada-de-taxis\/#webpage"},"isPartOf":{"@id":"https:\/\/eldigitaldeasturias.com\/magazine365\/el-cabildo-de-gran-canaria-y-aena-acuerdan-instalar-un-sistema-para-controlar-la-entrada-de-taxis\/#webpage"},"articleSection":"Noticias y Actualidad"},{"@type":"BreadcrumbList","@id":"https:\/\/eldigitaldeasturias.com\/magazine365\/el-cabildo-de-gran-canaria-y-aena-acuerdan-instalar-un-sistema-para-controlar-la-entrada-de-taxis\/#breadcrumblist","itemListElement":[{"@type":"ListItem","@id":"https:\/\/eldigitaldeasturias.com\/magazine365#listItem","position":1,"name":"Home","item":"https:\/\/eldigitaldeasturias.com\/magazine365","nextItem":{"@type":"ListItem","@id":"https:\/\/eldigitaldeasturias.com\/magazine365\/category\/noticias-actualidad\/#listItem","name":"Noticias y Actualidad"}},{"@type":"ListItem","@id":"https:\/\/eldigitaldeasturias.com\/magazine365\/category\/noticias-actualidad\/#listItem","position":2,"name":"Noticias y Actualidad","item":"https:\/\/eldigitaldeasturias.com\/magazine365\/category\/noticias-actualidad\/","nextItem":{"@type":"ListItem","@id":"https:\/\/eldigitaldeasturias.com\/magazine365\/el-cabildo-de-gran-canaria-y-aena-acuerdan-instalar-un-sistema-para-controlar-la-entrada-de-taxis\/#listItem","name":"El Cabildo de Gran Canaria y Aena acuerdan instalar un sistema para controlar la entrada de taxis"},"previousItem":{"@type":"ListItem","@id":"https:\/\/eldigitaldeasturias.com\/magazine365#listItem","name":"Home"}},{"@type":"ListItem","@id":"https:\/\/eldigitaldeasturias.com\/magazine365\/el-cabildo-de-gran-canaria-y-aena-acuerdan-instalar-un-sistema-para-controlar-la-entrada-de-taxis\/#listItem","position":3,"name":"El Cabildo de Gran Canaria y Aena acuerdan instalar un sistema para controlar la entrada de taxis","previousItem":{"@type":"ListItem","@id":"https:\/\/eldigitaldeasturias.com\/magazine365\/category\/noticias-actualidad\/#listItem","name":"Noticias y Actualidad"}}]},{"@type":"Organization","@id":"https:\/\/eldigitaldeasturias.com\/magazine365\/#organization","name":"El digital de Asturias","description":"Revista de ocio, turismo y estilo de vida","url":"https:\/\/eldigitaldeasturias.com\/magazine365\/","logo":{"@type":"ImageObject","url":"https:\/\/www.eldigitaldeasturias.com\/noticias\/wp-content\/uploads\/2020\/12\/EDA.jpg","@id":"https:\/\/eldigitaldeasturias.com\/magazine365\/el-cabildo-de-gran-canaria-y-aena-acuerdan-instalar-un-sistema-para-controlar-la-entrada-de-taxis\/#organizationLogo"},"image":{"@id":"https:\/\/eldigitaldeasturias.com\/magazine365\/el-cabildo-de-gran-canaria-y-aena-acuerdan-instalar-un-sistema-para-controlar-la-entrada-de-taxis\/#organizationLogo"}},{"@type":"Person","@id":"https:\/\/eldigitaldeasturias.com\/magazine365\/author\/admin\/#author","url":"https:\/\/eldigitaldeasturias.com\/magazine365\/author\/admin\/","name":"admin","image":{"@type":"ImageObject","@id":"https:\/\/eldigitaldeasturias.com\/magazine365\/el-cabildo-de-gran-canaria-y-aena-acuerdan-instalar-un-sistema-para-controlar-la-entrada-de-taxis\/#authorImage","url":"https:\/\/eldigitaldeasturias.com\/magazine365\/wp-content\/litespeed\/avatar\/e571bcf59a0edd6fa6838245a470f2fe.jpg?ver=1777574230","width":96,"height":96,"caption":"admin"}},{"@type":"WebPage","@id":"https:\/\/eldigitaldeasturias.com\/magazine365\/el-cabildo-de-gran-canaria-y-aena-acuerdan-instalar-un-sistema-para-controlar-la-entrada-de-taxis\/#webpage","url":"https:\/\/eldigitaldeasturias.com\/magazine365\/el-cabildo-de-gran-canaria-y-aena-acuerdan-instalar-un-sistema-para-controlar-la-entrada-de-taxis\/","name":"El Cabildo de Gran Canaria y Aena acuerdan instalar un sistema para controlar la entrada de taxis | El Digital de Asturias","description":"El Cabildo de Gran Canaria y Aena han acordado este martes instalar un sistema para controlar la entrada de taxis en el recinto aeroportuario, seg\u00fan han indicado el consejero de Transportes y Movilidad de la instituci\u00f3n insular, Juan Francisco Trujillo, y el director del Aeropuerto, Alberto Mart\u00edn, tras mantener un encuentro. En concreto, se colocar\u00e1","inLanguage":"es-ES","isPartOf":{"@id":"https:\/\/eldigitaldeasturias.com\/magazine365\/#website"},"breadcrumb":{"@id":"https:\/\/eldigitaldeasturias.com\/magazine365\/el-cabildo-de-gran-canaria-y-aena-acuerdan-instalar-un-sistema-para-controlar-la-entrada-de-taxis\/#breadcrumblist"},"author":{"@id":"https:\/\/eldigitaldeasturias.com\/magazine365\/author\/admin\/#author"},"creator":{"@id":"https:\/\/eldigitaldeasturias.com\/magazine365\/author\/admin\/#author"},"image":{"@type":"ImageObject","url":"https:\/\/eldigitaldeasturias.com\/magazine365\/wp-content\/uploads\/2015\/12\/fotonoticia_20151222162713_800.jpg","@id":"https:\/\/eldigitaldeasturias.com\/magazine365\/el-cabildo-de-gran-canaria-y-aena-acuerdan-instalar-un-sistema-para-controlar-la-entrada-de-taxis\/#mainImage","width":800,"height":532},"primaryImageOfPage":{"@id":"https:\/\/eldigitaldeasturias.com\/magazine365\/el-cabildo-de-gran-canaria-y-aena-acuerdan-instalar-un-sistema-para-controlar-la-entrada-de-taxis\/#mainImage"},"datePublished":"2015-12-25T17:27:17+01:00","dateModified":"2015-12-25T17:27:17+01:00"},{"@type":"WebSite","@id":"https:\/\/eldigitaldeasturias.com\/magazine365\/#website","url":"https:\/\/eldigitaldeasturias.com\/magazine365\/","name":"El Digital de Asturias","description":"Revista de ocio, turismo y estilo de vida","inLanguage":"es-ES","publisher":{"@id":"https:\/\/eldigitaldeasturias.com\/magazine365\/#organization"}}]},"og:locale":"es_ES","og:site_name":"El Digital de Asturias \u2013 Revista de ocio, turismo y estilo de vida","og:type":"article","og:title":"El Cabildo de Gran Canaria y Aena acuerdan instalar un sistema para controlar la entrada de taxis | El Digital de Asturias","og:description":"El Cabildo de Gran Canaria y Aena han acordado este martes instalar un sistema para controlar la entrada de taxis en el recinto aeroportuario, seg\u00fan han indicado el consejero de Transportes y Movilidad de la instituci\u00f3n insular, Juan Francisco Trujillo, y el director del Aeropuerto, Alberto Mart\u00edn, tras mantener un encuentro. En concreto, se colocar\u00e1","og:url":"https:\/\/eldigitaldeasturias.com\/magazine365\/el-cabildo-de-gran-canaria-y-aena-acuerdan-instalar-un-sistema-para-controlar-la-entrada-de-taxis\/","og:image":"https:\/\/eldigitaldeasturias.com\/magazine365\/wp-content\/uploads\/2015\/12\/fotonoticia_20151222162713_800.jpg","og:image:secure_url":"https:\/\/eldigitaldeasturias.com\/magazine365\/wp-content\/uploads\/2015\/12\/fotonoticia_20151222162713_800.jpg","og:image:width":800,"og:image:height":532,"article:published_time":"2015-12-25T16:27:17+00:00","article:modified_time":"2015-12-25T16:27:17+00:00","twitter:card":"summary_large_image","twitter:title":"El Cabildo de Gran Canaria y Aena acuerdan instalar un sistema para controlar la entrada de taxis | El Digital de Asturias","twitter:description":"El Cabildo de Gran Canaria y Aena han acordado este martes instalar un sistema para controlar la entrada de taxis en el recinto aeroportuario, seg\u00fan han indicado el consejero de Transportes y Movilidad de la instituci\u00f3n insular, Juan Francisco Trujillo, y el director del Aeropuerto, Alberto Mart\u00edn, tras mantener un encuentro. En concreto, se colocar\u00e1","twitter:image":"https:\/\/eldigitaldeasturias.com\/magazine365\/wp-content\/uploads\/2015\/12\/fotonoticia_20151222162713_800.jpg"},"aioseo_meta_data":{"post_id":"59169","title":null,"description":null,"keywords":null,"keyphrases":null,"primary_term":null,"canonical_url":null,"og_title":null,"og_description":null,"og_object_type":"default","og_image_type":"default","og_image_url":null,"og_image_width":null,"og_image_height":null,"og_image_custom_url":null,"og_image_custom_fields":null,"og_video":null,"og_custom_url":null,"og_article_section":null,"og_article_tags":null,"twitter_use_og":false,"twitter_card":"default","twitter_image_type":"default","twitter_image_url":null,"twitter_image_custom_url":null,"twitter_image_custom_fields":null,"twitter_title":null,"twitter_description":null,"schema":{"blockGraphs":[],"customGraphs":[],"default":{"data":{"Article":[],"Course":[],"Dataset":[],"FAQPage":[],"Movie":[],"Person":[],"Product":[],"ProductReview":[],"Car":[],"Recipe":[],"Service":[],"SoftwareApplication":[],"WebPage":[]},"graphName":"","isEnabled":true},"graphs":[],"defaultGraph":"","defaultPostTypeGraph":""},"schema_type":null,"schema_type_options":null,"pillar_content":false,"robots_default":true,"robots_noindex":false,"robots_noarchive":false,"robots_nosnippet":false,"robots_nofollow":false,"robots_noimageindex":false,"robots_noodp":false,"robots_notranslate":false,"robots_max_snippet":null,"robots_max_videopreview":null,"robots_max_imagepreview":"large","priority":null,"frequency":null,"location":null,"local_seo":null,"seo_analyzer_scan_date":"2025-09-25 04:26:03","breadcrumb_settings":null,"limit_modified_date":false,"open_ai":null,"ai":null,"created":"2021-03-08 22:20:44","updated":"2025-09-25 04:26:03"},"aioseo_breadcrumb":"<div class=\"aioseo-breadcrumbs\"><span class=\"aioseo-breadcrumb\">\n\t<a href=\"https:\/\/eldigitaldeasturias.com\/magazine365\" title=\"Home\">Home<\/a>\n<\/span><span class=\"aioseo-breadcrumb-separator\">\u2013<\/span><span class=\"aioseo-breadcrumb\">\n\t<a href=\"https:\/\/eldigitaldeasturias.com\/magazine365\/category\/noticias-actualidad\/\" title=\"Noticias y Actualidad\">Noticias y Actualidad<\/a>\n<\/span><span class=\"aioseo-breadcrumb-separator\">\u2013<\/span><span class=\"aioseo-breadcrumb\">\n\t<a href=\"https:\/\/eldigitaldeasturias.com\/magazine365\/el-cabildo-de-gran-canaria-y-aena-acuerdan-instalar-un-sistema-para-controlar-la-entrada-de-taxis\/\" title=\"El Cabildo de Gran Canaria y Aena acuerdan instalar un sistema para controlar la entrada de taxis\">El Cabildo de Gran Canaria y Aena acuerdan instalar un sistema para controlar la entrada de taxis<\/a>\n<\/span><\/div>","aioseo_breadcrumb_json":[{"label":"Home","link":"https:\/\/eldigitaldeasturias.com\/magazine365"},{"label":"Noticias y Actualidad","link":"https:\/\/eldigitaldeasturias.com\/magazine365\/category\/noticias-actualidad\/"},{"label":"El Cabildo de Gran Canaria y Aena acuerdan instalar un sistema para controlar la entrada de taxis","link":"https:\/\/eldigitaldeasturias.com\/magazine365\/el-cabildo-de-gran-canaria-y-aena-acuerdan-instalar-un-sistema-para-controlar-la-entrada-de-taxis\/"}],"_links":{"self":[{"href":"https:\/\/eldigitaldeasturias.com\/magazine365\/wp-json\/wp\/v2\/posts\/59169","targetHints":{"allow":["GET"]}}],"collection":[{"href":"https:\/\/eldigitaldeasturias.com\/magazine365\/wp-json\/wp\/v2\/posts"}],"about":[{"href":"https:\/\/eldigitaldeasturias.com\/magazine365\/wp-json\/wp\/v2\/types\/post"}],"author":[{"embeddable":true,"href":"https:\/\/eldigitaldeasturias.com\/magazine365\/wp-json\/wp\/v2\/users\/1"}],"replies":[{"embeddable":true,"href":"https:\/\/eldigitaldeasturias.com\/magazine365\/wp-json\/wp\/v2\/comments?post=59169"}],"version-history":[{"count":0,"href":"https:\/\/eldigitaldeasturias.com\/magazine365\/wp-json\/wp\/v2\/posts\/59169\/revisions"}],"wp:featuredmedia":[{"embeddable":true,"href":"https:\/\/eldigitaldeasturias.com\/magazine365\/wp-json\/wp\/v2\/media\/59170"}],"wp:attachment":[{"href":"https:\/\/eldigitaldeasturias.com\/magazine365\/wp-json\/wp\/v2\/media?parent=59169"}],"wp:term":[{"taxonomy":"category","embeddable":true,"href":"https:\/\/eldigitaldeasturias.com\/magazine365\/wp-json\/wp\/v2\/categories?post=59169"},{"taxonomy":"post_tag","embeddable":true,"href":"https:\/\/eldigitaldeasturias.com\/magazine365\/wp-json\/wp\/v2\/tags?post=59169"}],"curies":[{"name":"wp","href":"https:\/\/api.w.org\/{rel}","templated":true}]}}