{"id":59149,"date":"2015-12-25T16:50:39","date_gmt":"2015-12-25T15:50:39","guid":{"rendered":"http:\/\/eldigitaldeasturias.com\/magazine365\/?p=59149"},"modified":"2015-12-25T16:50:39","modified_gmt":"2015-12-25T15:50:39","slug":"cadiz-cerrara-2015-rozando-los-siete-millones-de-pernoctaciones","status":"publish","type":"post","link":"https:\/\/eldigitaldeasturias.com\/magazine365\/cadiz-cerrara-2015-rozando-los-siete-millones-de-pernoctaciones\/","title":{"rendered":"C\u00e1diz cerrar\u00e1 2015 rozando los siete millones de pernoctaciones"},"content":{"rendered":"<p><img fetchpriority=\"high\" decoding=\"async\" class=\"alignleft size-medium wp-image-59150\" src=\"https:\/\/eldigitaldeasturias.com\/magazine365\/wp-content\/uploads\/2015\/12\/fotonoticia_20151222133428_800-360x240.jpg\" alt=\"fotonoticia_20151222133428_800\" width=\"360\" height=\"240\" srcset=\"https:\/\/eldigitaldeasturias.com\/magazine365\/wp-content\/uploads\/2015\/12\/fotonoticia_20151222133428_800-360x240.jpg 360w, https:\/\/eldigitaldeasturias.com\/magazine365\/wp-content\/uploads\/2015\/12\/fotonoticia_20151222133428_800-650x433.jpg 650w, https:\/\/eldigitaldeasturias.com\/magazine365\/wp-content\/uploads\/2015\/12\/fotonoticia_20151222133428_800-768x512.jpg 768w, https:\/\/eldigitaldeasturias.com\/magazine365\/wp-content\/uploads\/2015\/12\/fotonoticia_20151222133428_800-150x100.jpg 150w, https:\/\/eldigitaldeasturias.com\/magazine365\/wp-content\/uploads\/2015\/12\/fotonoticia_20151222133428_800-450x300.jpg 450w, https:\/\/eldigitaldeasturias.com\/magazine365\/wp-content\/uploads\/2015\/12\/fotonoticia_20151222133428_800-696x464.jpg 696w, https:\/\/eldigitaldeasturias.com\/magazine365\/wp-content\/uploads\/2015\/12\/fotonoticia_20151222133428_800-630x420.jpg 630w, https:\/\/eldigitaldeasturias.com\/magazine365\/wp-content\/uploads\/2015\/12\/fotonoticia_20151222133428_800-101x66.jpg 101w, https:\/\/eldigitaldeasturias.com\/magazine365\/wp-content\/uploads\/2015\/12\/fotonoticia_20151222133428_800.jpg 800w\" sizes=\"(max-width: 360px) 100vw, 360px\" \/>El Patronato Provincial de Turismo de la Diputaci\u00f3n de C\u00e1diz ha informado de que la provincia cerrar\u00e1 el a\u00f1o rozando los siete millones de pernoctaciones, lo que supone un incremento del 28 por ciento respecto al a\u00f1o 2014.<\/p>\n<p>En una nota, el patronato ha explicado que el Instituto Nacional de Estad\u00edstica (INE) ha hecho p\u00fablicas este martes las cifras correspondientes al mes de noviembre de la Coyuntura Tur\u00edstica Hotelera.<\/p>\n<p>De los datos correspondientes a la provincia de C\u00e1diz se extrae un destacado crecimiento con respecto a noviembre de 2014 asegurando as\u00ed que la provincia rozar\u00e1 los siete millones de pernoctaciones al acabar el actual a\u00f1o 2015. Del 1 de enero al 30 de noviembre la provincia de C\u00e1diz ha registrado 6.649.392 pernoctaciones.<\/p>\n<p>Con respecto a las cifras de noviembre, las pernoctaciones han aumentado un 28 por ciento con respecto a noviembre de 2014 y los viajeros un 21 por ciento, correspondiendo a los extranjeros el mayor crecimiento. En n\u00fameros, en noviembre de 2015 la provincia recibi\u00f3 a 104.072 viajeros que generaron 256.978 pernoctaciones.<\/p>\n<p>Este aumento de turistas ha generado un \u00abimportante crecimiento del personal empleado en los hoteles\u00bb, donde hay trabajando \u00abhasta un 15 por ciento m\u00e1s de personas que en el mismo mes del pasado a\u00f1o\u00bb.<\/p>\n<p>La estancia media y los establecimientos tambi\u00e9n arrojan mejores datos que en noviembre de 2014, 6,01 y 3,1 por ciento, respectivamente.<\/p>\n<p>En cuanto al acumulado anual, es decir desde enero a noviembre, los datos del INE son tambi\u00e9n positivos y \u00abconstatan la recuperaci\u00f3n de la provincia en materia tur\u00edstica\u00bb. Tanto viajeros, como pernoctaciones y personal empleado aumentan \u00abconsiderablemente\u00bb con respecto al acumulado de enero a noviembre de 2014.<\/p>\n<p>Concretamente, los viajeros alojados han aumentado un 9,59 por ciento, las pernoctaciones un 7,68 por ciento y el personal empleado un 5,54 por ciento.<\/p>\n","protected":false},"excerpt":{"rendered":"<p>El Patronato Provincial de Turismo de la Diputaci\u00f3n de C\u00e1diz ha informado de que la provincia cerrar\u00e1 el a\u00f1o rozando los siete millones de pernoctaciones, lo que supone un incremento del 28 por ciento respecto al a\u00f1o 2014. En una nota, el patronato ha explicado que el Instituto Nacional de Estad\u00edstica (INE) ha hecho p\u00fablicas<\/p>\n","protected":false},"author":1,"featured_media":59150,"comment_status":"open","ping_status":"closed","sticky":false,"template":"","format":"standard","meta":{"footnotes":""},"categories":[224],"tags":[],"class_list":{"0":"post-59149","1":"post","2":"type-post","3":"status-publish","4":"format-standard","5":"has-post-thumbnail","7":"category-noticias-actualidad"},"aioseo_notices":[],"aioseo_head":"\n\t\t<!-- All in One SEO Pro 4.9.6.1 - aioseo.com -->\n\t<meta name=\"description\" content=\"El Patronato Provincial de Turismo de la Diputaci\u00f3n de C\u00e1diz ha informado de que la provincia cerrar\u00e1 el a\u00f1o rozando los siete millones de pernoctaciones, lo que supone un incremento del 28 por ciento respecto al a\u00f1o 2014. En una nota, el patronato ha explicado que el Instituto Nacional de Estad\u00edstica (INE) ha hecho p\u00fablicas\" \/>\n\t<meta name=\"robots\" content=\"max-image-preview:large\" \/>\n\t<meta name=\"author\" content=\"admin\"\/>\n\t<meta name=\"google-site-verification\" content=\"UA-38556648-1\" \/>\n\t<meta name=\"keywords\" content=\"noticias y actualidad\" \/>\n\t<link rel=\"canonical\" href=\"https:\/\/eldigitaldeasturias.com\/magazine365\/cadiz-cerrara-2015-rozando-los-siete-millones-de-pernoctaciones\/\" \/>\n\t<meta name=\"generator\" content=\"All in One SEO Pro (AIOSEO) 4.9.6.1\" \/>\n\t\t<meta property=\"og:locale\" content=\"es_ES\" \/>\n\t\t<meta property=\"og:site_name\" content=\"El Digital de Asturias \u2013 Revista de ocio, turismo y estilo de vida\" \/>\n\t\t<meta property=\"og:type\" content=\"article\" \/>\n\t\t<meta property=\"og:title\" content=\"C\u00e1diz cerrar\u00e1 2015 rozando los siete millones de pernoctaciones | El Digital de Asturias\" \/>\n\t\t<meta property=\"og:description\" content=\"El Patronato Provincial de Turismo de la Diputaci\u00f3n de C\u00e1diz ha informado de que la provincia cerrar\u00e1 el a\u00f1o rozando los siete millones de pernoctaciones, lo que supone un incremento del 28 por ciento respecto al a\u00f1o 2014. En una nota, el patronato ha explicado que el Instituto Nacional de Estad\u00edstica (INE) ha hecho p\u00fablicas\" \/>\n\t\t<meta property=\"og:url\" content=\"https:\/\/eldigitaldeasturias.com\/magazine365\/cadiz-cerrara-2015-rozando-los-siete-millones-de-pernoctaciones\/\" \/>\n\t\t<meta property=\"og:image\" content=\"https:\/\/eldigitaldeasturias.com\/magazine365\/wp-content\/uploads\/2015\/12\/fotonoticia_20151222133428_800.jpg\" \/>\n\t\t<meta property=\"og:image:secure_url\" content=\"https:\/\/eldigitaldeasturias.com\/magazine365\/wp-content\/uploads\/2015\/12\/fotonoticia_20151222133428_800.jpg\" \/>\n\t\t<meta property=\"og:image:width\" content=\"800\" \/>\n\t\t<meta property=\"og:image:height\" content=\"533\" \/>\n\t\t<meta property=\"article:published_time\" content=\"2015-12-25T15:50:39+00:00\" \/>\n\t\t<meta property=\"article:modified_time\" content=\"2015-12-25T15:50:39+00:00\" \/>\n\t\t<meta name=\"twitter:card\" content=\"summary_large_image\" \/>\n\t\t<meta name=\"twitter:title\" content=\"C\u00e1diz cerrar\u00e1 2015 rozando los siete millones de pernoctaciones | El Digital de Asturias\" \/>\n\t\t<meta name=\"twitter:description\" content=\"El Patronato Provincial de Turismo de la Diputaci\u00f3n de C\u00e1diz ha informado de que la provincia cerrar\u00e1 el a\u00f1o rozando los siete millones de pernoctaciones, lo que supone un incremento del 28 por ciento respecto al a\u00f1o 2014. En una nota, el patronato ha explicado que el Instituto Nacional de Estad\u00edstica (INE) ha hecho p\u00fablicas\" \/>\n\t\t<meta name=\"twitter:image\" content=\"https:\/\/eldigitaldeasturias.com\/magazine365\/wp-content\/uploads\/2015\/12\/fotonoticia_20151222133428_800.jpg\" \/>\n\t\t<script type=\"application\/ld+json\" class=\"aioseo-schema\">\n\t\t\t{\"@context\":\"https:\\\/\\\/schema.org\",\"@graph\":[{\"@type\":\"Article\",\"@id\":\"https:\\\/\\\/eldigitaldeasturias.com\\\/magazine365\\\/cadiz-cerrara-2015-rozando-los-siete-millones-de-pernoctaciones\\\/#article\",\"name\":\"C\\u00e1diz cerrar\\u00e1 2015 rozando los siete millones de pernoctaciones | El Digital de Asturias\",\"headline\":\"C\\u00e1diz cerrar\\u00e1 2015 rozando los siete millones de pernoctaciones\",\"author\":{\"@id\":\"https:\\\/\\\/eldigitaldeasturias.com\\\/magazine365\\\/author\\\/admin\\\/#author\"},\"publisher\":{\"@id\":\"https:\\\/\\\/eldigitaldeasturias.com\\\/magazine365\\\/#organization\"},\"image\":{\"@type\":\"ImageObject\",\"url\":\"https:\\\/\\\/eldigitaldeasturias.com\\\/magazine365\\\/wp-content\\\/uploads\\\/2015\\\/12\\\/fotonoticia_20151222133428_800.jpg\",\"width\":800,\"height\":533},\"datePublished\":\"2015-12-25T16:50:39+01:00\",\"dateModified\":\"2015-12-25T16:50:39+01:00\",\"inLanguage\":\"es-ES\",\"mainEntityOfPage\":{\"@id\":\"https:\\\/\\\/eldigitaldeasturias.com\\\/magazine365\\\/cadiz-cerrara-2015-rozando-los-siete-millones-de-pernoctaciones\\\/#webpage\"},\"isPartOf\":{\"@id\":\"https:\\\/\\\/eldigitaldeasturias.com\\\/magazine365\\\/cadiz-cerrara-2015-rozando-los-siete-millones-de-pernoctaciones\\\/#webpage\"},\"articleSection\":\"Noticias y Actualidad\"},{\"@type\":\"BreadcrumbList\",\"@id\":\"https:\\\/\\\/eldigitaldeasturias.com\\\/magazine365\\\/cadiz-cerrara-2015-rozando-los-siete-millones-de-pernoctaciones\\\/#breadcrumblist\",\"itemListElement\":[{\"@type\":\"ListItem\",\"@id\":\"https:\\\/\\\/eldigitaldeasturias.com\\\/magazine365#listItem\",\"position\":1,\"name\":\"Home\",\"item\":\"https:\\\/\\\/eldigitaldeasturias.com\\\/magazine365\",\"nextItem\":{\"@type\":\"ListItem\",\"@id\":\"https:\\\/\\\/eldigitaldeasturias.com\\\/magazine365\\\/category\\\/noticias-actualidad\\\/#listItem\",\"name\":\"Noticias y Actualidad\"}},{\"@type\":\"ListItem\",\"@id\":\"https:\\\/\\\/eldigitaldeasturias.com\\\/magazine365\\\/category\\\/noticias-actualidad\\\/#listItem\",\"position\":2,\"name\":\"Noticias y Actualidad\",\"item\":\"https:\\\/\\\/eldigitaldeasturias.com\\\/magazine365\\\/category\\\/noticias-actualidad\\\/\",\"nextItem\":{\"@type\":\"ListItem\",\"@id\":\"https:\\\/\\\/eldigitaldeasturias.com\\\/magazine365\\\/cadiz-cerrara-2015-rozando-los-siete-millones-de-pernoctaciones\\\/#listItem\",\"name\":\"C\\u00e1diz cerrar\\u00e1 2015 rozando los siete millones de pernoctaciones\"},\"previousItem\":{\"@type\":\"ListItem\",\"@id\":\"https:\\\/\\\/eldigitaldeasturias.com\\\/magazine365#listItem\",\"name\":\"Home\"}},{\"@type\":\"ListItem\",\"@id\":\"https:\\\/\\\/eldigitaldeasturias.com\\\/magazine365\\\/cadiz-cerrara-2015-rozando-los-siete-millones-de-pernoctaciones\\\/#listItem\",\"position\":3,\"name\":\"C\\u00e1diz cerrar\\u00e1 2015 rozando los siete millones de pernoctaciones\",\"previousItem\":{\"@type\":\"ListItem\",\"@id\":\"https:\\\/\\\/eldigitaldeasturias.com\\\/magazine365\\\/category\\\/noticias-actualidad\\\/#listItem\",\"name\":\"Noticias y Actualidad\"}}]},{\"@type\":\"Organization\",\"@id\":\"https:\\\/\\\/eldigitaldeasturias.com\\\/magazine365\\\/#organization\",\"name\":\"El digital de Asturias\",\"description\":\"Revista de ocio, turismo y estilo de vida\",\"url\":\"https:\\\/\\\/eldigitaldeasturias.com\\\/magazine365\\\/\",\"logo\":{\"@type\":\"ImageObject\",\"url\":\"https:\\\/\\\/www.eldigitaldeasturias.com\\\/noticias\\\/wp-content\\\/uploads\\\/2020\\\/12\\\/EDA.jpg\",\"@id\":\"https:\\\/\\\/eldigitaldeasturias.com\\\/magazine365\\\/cadiz-cerrara-2015-rozando-los-siete-millones-de-pernoctaciones\\\/#organizationLogo\"},\"image\":{\"@id\":\"https:\\\/\\\/eldigitaldeasturias.com\\\/magazine365\\\/cadiz-cerrara-2015-rozando-los-siete-millones-de-pernoctaciones\\\/#organizationLogo\"}},{\"@type\":\"Person\",\"@id\":\"https:\\\/\\\/eldigitaldeasturias.com\\\/magazine365\\\/author\\\/admin\\\/#author\",\"url\":\"https:\\\/\\\/eldigitaldeasturias.com\\\/magazine365\\\/author\\\/admin\\\/\",\"name\":\"admin\",\"image\":{\"@type\":\"ImageObject\",\"@id\":\"https:\\\/\\\/eldigitaldeasturias.com\\\/magazine365\\\/cadiz-cerrara-2015-rozando-los-siete-millones-de-pernoctaciones\\\/#authorImage\",\"url\":\"https:\\\/\\\/eldigitaldeasturias.com\\\/magazine365\\\/wp-content\\\/litespeed\\\/avatar\\\/e571bcf59a0edd6fa6838245a470f2fe.jpg?ver=1777574230\",\"width\":96,\"height\":96,\"caption\":\"admin\"}},{\"@type\":\"WebPage\",\"@id\":\"https:\\\/\\\/eldigitaldeasturias.com\\\/magazine365\\\/cadiz-cerrara-2015-rozando-los-siete-millones-de-pernoctaciones\\\/#webpage\",\"url\":\"https:\\\/\\\/eldigitaldeasturias.com\\\/magazine365\\\/cadiz-cerrara-2015-rozando-los-siete-millones-de-pernoctaciones\\\/\",\"name\":\"C\\u00e1diz cerrar\\u00e1 2015 rozando los siete millones de pernoctaciones | El Digital de Asturias\",\"description\":\"El Patronato Provincial de Turismo de la Diputaci\\u00f3n de C\\u00e1diz ha informado de que la provincia cerrar\\u00e1 el a\\u00f1o rozando los siete millones de pernoctaciones, lo que supone un incremento del 28 por ciento respecto al a\\u00f1o 2014. En una nota, el patronato ha explicado que el Instituto Nacional de Estad\\u00edstica (INE) ha hecho p\\u00fablicas\",\"inLanguage\":\"es-ES\",\"isPartOf\":{\"@id\":\"https:\\\/\\\/eldigitaldeasturias.com\\\/magazine365\\\/#website\"},\"breadcrumb\":{\"@id\":\"https:\\\/\\\/eldigitaldeasturias.com\\\/magazine365\\\/cadiz-cerrara-2015-rozando-los-siete-millones-de-pernoctaciones\\\/#breadcrumblist\"},\"author\":{\"@id\":\"https:\\\/\\\/eldigitaldeasturias.com\\\/magazine365\\\/author\\\/admin\\\/#author\"},\"creator\":{\"@id\":\"https:\\\/\\\/eldigitaldeasturias.com\\\/magazine365\\\/author\\\/admin\\\/#author\"},\"image\":{\"@type\":\"ImageObject\",\"url\":\"https:\\\/\\\/eldigitaldeasturias.com\\\/magazine365\\\/wp-content\\\/uploads\\\/2015\\\/12\\\/fotonoticia_20151222133428_800.jpg\",\"@id\":\"https:\\\/\\\/eldigitaldeasturias.com\\\/magazine365\\\/cadiz-cerrara-2015-rozando-los-siete-millones-de-pernoctaciones\\\/#mainImage\",\"width\":800,\"height\":533},\"primaryImageOfPage\":{\"@id\":\"https:\\\/\\\/eldigitaldeasturias.com\\\/magazine365\\\/cadiz-cerrara-2015-rozando-los-siete-millones-de-pernoctaciones\\\/#mainImage\"},\"datePublished\":\"2015-12-25T16:50:39+01:00\",\"dateModified\":\"2015-12-25T16:50:39+01:00\"},{\"@type\":\"WebSite\",\"@id\":\"https:\\\/\\\/eldigitaldeasturias.com\\\/magazine365\\\/#website\",\"url\":\"https:\\\/\\\/eldigitaldeasturias.com\\\/magazine365\\\/\",\"name\":\"El Digital de Asturias\",\"description\":\"Revista de ocio, turismo y estilo de vida\",\"inLanguage\":\"es-ES\",\"publisher\":{\"@id\":\"https:\\\/\\\/eldigitaldeasturias.com\\\/magazine365\\\/#organization\"}}]}\n\t\t<\/script>\n\t\t<!-- All in One SEO Pro -->\r\n\t\t<title>C\u00e1diz cerrar\u00e1 2015 rozando los siete millones de pernoctaciones | El Digital de Asturias<\/title>\n\n","aioseo_head_json":{"title":"C\u00e1diz cerrar\u00e1 2015 rozando los siete millones de pernoctaciones | El Digital de Asturias","description":"El Patronato Provincial de Turismo de la Diputaci\u00f3n de C\u00e1diz ha informado de que la provincia cerrar\u00e1 el a\u00f1o rozando los siete millones de pernoctaciones, lo que supone un incremento del 28 por ciento respecto al a\u00f1o 2014. En una nota, el patronato ha explicado que el Instituto Nacional de Estad\u00edstica (INE) ha hecho p\u00fablicas","canonical_url":"https:\/\/eldigitaldeasturias.com\/magazine365\/cadiz-cerrara-2015-rozando-los-siete-millones-de-pernoctaciones\/","robots":"max-image-preview:large","keywords":"noticias y actualidad","webmasterTools":{"google-site-verification":"UA-38556648-1","miscellaneous":""},"schema":{"@context":"https:\/\/schema.org","@graph":[{"@type":"Article","@id":"https:\/\/eldigitaldeasturias.com\/magazine365\/cadiz-cerrara-2015-rozando-los-siete-millones-de-pernoctaciones\/#article","name":"C\u00e1diz cerrar\u00e1 2015 rozando los siete millones de pernoctaciones | El Digital de Asturias","headline":"C\u00e1diz cerrar\u00e1 2015 rozando los siete millones de pernoctaciones","author":{"@id":"https:\/\/eldigitaldeasturias.com\/magazine365\/author\/admin\/#author"},"publisher":{"@id":"https:\/\/eldigitaldeasturias.com\/magazine365\/#organization"},"image":{"@type":"ImageObject","url":"https:\/\/eldigitaldeasturias.com\/magazine365\/wp-content\/uploads\/2015\/12\/fotonoticia_20151222133428_800.jpg","width":800,"height":533},"datePublished":"2015-12-25T16:50:39+01:00","dateModified":"2015-12-25T16:50:39+01:00","inLanguage":"es-ES","mainEntityOfPage":{"@id":"https:\/\/eldigitaldeasturias.com\/magazine365\/cadiz-cerrara-2015-rozando-los-siete-millones-de-pernoctaciones\/#webpage"},"isPartOf":{"@id":"https:\/\/eldigitaldeasturias.com\/magazine365\/cadiz-cerrara-2015-rozando-los-siete-millones-de-pernoctaciones\/#webpage"},"articleSection":"Noticias y Actualidad"},{"@type":"BreadcrumbList","@id":"https:\/\/eldigitaldeasturias.com\/magazine365\/cadiz-cerrara-2015-rozando-los-siete-millones-de-pernoctaciones\/#breadcrumblist","itemListElement":[{"@type":"ListItem","@id":"https:\/\/eldigitaldeasturias.com\/magazine365#listItem","position":1,"name":"Home","item":"https:\/\/eldigitaldeasturias.com\/magazine365","nextItem":{"@type":"ListItem","@id":"https:\/\/eldigitaldeasturias.com\/magazine365\/category\/noticias-actualidad\/#listItem","name":"Noticias y Actualidad"}},{"@type":"ListItem","@id":"https:\/\/eldigitaldeasturias.com\/magazine365\/category\/noticias-actualidad\/#listItem","position":2,"name":"Noticias y Actualidad","item":"https:\/\/eldigitaldeasturias.com\/magazine365\/category\/noticias-actualidad\/","nextItem":{"@type":"ListItem","@id":"https:\/\/eldigitaldeasturias.com\/magazine365\/cadiz-cerrara-2015-rozando-los-siete-millones-de-pernoctaciones\/#listItem","name":"C\u00e1diz cerrar\u00e1 2015 rozando los siete millones de pernoctaciones"},"previousItem":{"@type":"ListItem","@id":"https:\/\/eldigitaldeasturias.com\/magazine365#listItem","name":"Home"}},{"@type":"ListItem","@id":"https:\/\/eldigitaldeasturias.com\/magazine365\/cadiz-cerrara-2015-rozando-los-siete-millones-de-pernoctaciones\/#listItem","position":3,"name":"C\u00e1diz cerrar\u00e1 2015 rozando los siete millones de pernoctaciones","previousItem":{"@type":"ListItem","@id":"https:\/\/eldigitaldeasturias.com\/magazine365\/category\/noticias-actualidad\/#listItem","name":"Noticias y Actualidad"}}]},{"@type":"Organization","@id":"https:\/\/eldigitaldeasturias.com\/magazine365\/#organization","name":"El digital de Asturias","description":"Revista de ocio, turismo y estilo de vida","url":"https:\/\/eldigitaldeasturias.com\/magazine365\/","logo":{"@type":"ImageObject","url":"https:\/\/www.eldigitaldeasturias.com\/noticias\/wp-content\/uploads\/2020\/12\/EDA.jpg","@id":"https:\/\/eldigitaldeasturias.com\/magazine365\/cadiz-cerrara-2015-rozando-los-siete-millones-de-pernoctaciones\/#organizationLogo"},"image":{"@id":"https:\/\/eldigitaldeasturias.com\/magazine365\/cadiz-cerrara-2015-rozando-los-siete-millones-de-pernoctaciones\/#organizationLogo"}},{"@type":"Person","@id":"https:\/\/eldigitaldeasturias.com\/magazine365\/author\/admin\/#author","url":"https:\/\/eldigitaldeasturias.com\/magazine365\/author\/admin\/","name":"admin","image":{"@type":"ImageObject","@id":"https:\/\/eldigitaldeasturias.com\/magazine365\/cadiz-cerrara-2015-rozando-los-siete-millones-de-pernoctaciones\/#authorImage","url":"https:\/\/eldigitaldeasturias.com\/magazine365\/wp-content\/litespeed\/avatar\/e571bcf59a0edd6fa6838245a470f2fe.jpg?ver=1777574230","width":96,"height":96,"caption":"admin"}},{"@type":"WebPage","@id":"https:\/\/eldigitaldeasturias.com\/magazine365\/cadiz-cerrara-2015-rozando-los-siete-millones-de-pernoctaciones\/#webpage","url":"https:\/\/eldigitaldeasturias.com\/magazine365\/cadiz-cerrara-2015-rozando-los-siete-millones-de-pernoctaciones\/","name":"C\u00e1diz cerrar\u00e1 2015 rozando los siete millones de pernoctaciones | El Digital de Asturias","description":"El Patronato Provincial de Turismo de la Diputaci\u00f3n de C\u00e1diz ha informado de que la provincia cerrar\u00e1 el a\u00f1o rozando los siete millones de pernoctaciones, lo que supone un incremento del 28 por ciento respecto al a\u00f1o 2014. En una nota, el patronato ha explicado que el Instituto Nacional de Estad\u00edstica (INE) ha hecho p\u00fablicas","inLanguage":"es-ES","isPartOf":{"@id":"https:\/\/eldigitaldeasturias.com\/magazine365\/#website"},"breadcrumb":{"@id":"https:\/\/eldigitaldeasturias.com\/magazine365\/cadiz-cerrara-2015-rozando-los-siete-millones-de-pernoctaciones\/#breadcrumblist"},"author":{"@id":"https:\/\/eldigitaldeasturias.com\/magazine365\/author\/admin\/#author"},"creator":{"@id":"https:\/\/eldigitaldeasturias.com\/magazine365\/author\/admin\/#author"},"image":{"@type":"ImageObject","url":"https:\/\/eldigitaldeasturias.com\/magazine365\/wp-content\/uploads\/2015\/12\/fotonoticia_20151222133428_800.jpg","@id":"https:\/\/eldigitaldeasturias.com\/magazine365\/cadiz-cerrara-2015-rozando-los-siete-millones-de-pernoctaciones\/#mainImage","width":800,"height":533},"primaryImageOfPage":{"@id":"https:\/\/eldigitaldeasturias.com\/magazine365\/cadiz-cerrara-2015-rozando-los-siete-millones-de-pernoctaciones\/#mainImage"},"datePublished":"2015-12-25T16:50:39+01:00","dateModified":"2015-12-25T16:50:39+01:00"},{"@type":"WebSite","@id":"https:\/\/eldigitaldeasturias.com\/magazine365\/#website","url":"https:\/\/eldigitaldeasturias.com\/magazine365\/","name":"El Digital de Asturias","description":"Revista de ocio, turismo y estilo de vida","inLanguage":"es-ES","publisher":{"@id":"https:\/\/eldigitaldeasturias.com\/magazine365\/#organization"}}]},"og:locale":"es_ES","og:site_name":"El Digital de Asturias \u2013 Revista de ocio, turismo y estilo de vida","og:type":"article","og:title":"C\u00e1diz cerrar\u00e1 2015 rozando los siete millones de pernoctaciones | El Digital de Asturias","og:description":"El Patronato Provincial de Turismo de la Diputaci\u00f3n de C\u00e1diz ha informado de que la provincia cerrar\u00e1 el a\u00f1o rozando los siete millones de pernoctaciones, lo que supone un incremento del 28 por ciento respecto al a\u00f1o 2014. En una nota, el patronato ha explicado que el Instituto Nacional de Estad\u00edstica (INE) ha hecho p\u00fablicas","og:url":"https:\/\/eldigitaldeasturias.com\/magazine365\/cadiz-cerrara-2015-rozando-los-siete-millones-de-pernoctaciones\/","og:image":"https:\/\/eldigitaldeasturias.com\/magazine365\/wp-content\/uploads\/2015\/12\/fotonoticia_20151222133428_800.jpg","og:image:secure_url":"https:\/\/eldigitaldeasturias.com\/magazine365\/wp-content\/uploads\/2015\/12\/fotonoticia_20151222133428_800.jpg","og:image:width":800,"og:image:height":533,"article:published_time":"2015-12-25T15:50:39+00:00","article:modified_time":"2015-12-25T15:50:39+00:00","twitter:card":"summary_large_image","twitter:title":"C\u00e1diz cerrar\u00e1 2015 rozando los siete millones de pernoctaciones | El Digital de Asturias","twitter:description":"El Patronato Provincial de Turismo de la Diputaci\u00f3n de C\u00e1diz ha informado de que la provincia cerrar\u00e1 el a\u00f1o rozando los siete millones de pernoctaciones, lo que supone un incremento del 28 por ciento respecto al a\u00f1o 2014. En una nota, el patronato ha explicado que el Instituto Nacional de Estad\u00edstica (INE) ha hecho p\u00fablicas","twitter:image":"https:\/\/eldigitaldeasturias.com\/magazine365\/wp-content\/uploads\/2015\/12\/fotonoticia_20151222133428_800.jpg"},"aioseo_meta_data":{"post_id":"59149","title":null,"description":null,"keywords":null,"keyphrases":null,"primary_term":null,"canonical_url":null,"og_title":null,"og_description":null,"og_object_type":"default","og_image_type":"default","og_image_url":null,"og_image_width":null,"og_image_height":null,"og_image_custom_url":null,"og_image_custom_fields":null,"og_video":null,"og_custom_url":null,"og_article_section":null,"og_article_tags":null,"twitter_use_og":false,"twitter_card":"default","twitter_image_type":"default","twitter_image_url":null,"twitter_image_custom_url":null,"twitter_image_custom_fields":null,"twitter_title":null,"twitter_description":null,"schema":{"blockGraphs":[],"customGraphs":[],"default":{"data":{"Article":[],"Course":[],"Dataset":[],"FAQPage":[],"Movie":[],"Person":[],"Product":[],"ProductReview":[],"Car":[],"Recipe":[],"Service":[],"SoftwareApplication":[],"WebPage":[]},"graphName":"","isEnabled":true},"graphs":[],"defaultGraph":"","defaultPostTypeGraph":""},"schema_type":null,"schema_type_options":null,"pillar_content":false,"robots_default":true,"robots_noindex":false,"robots_noarchive":false,"robots_nosnippet":false,"robots_nofollow":false,"robots_noimageindex":false,"robots_noodp":false,"robots_notranslate":false,"robots_max_snippet":null,"robots_max_videopreview":null,"robots_max_imagepreview":"large","priority":null,"frequency":null,"location":null,"local_seo":null,"seo_analyzer_scan_date":"2025-09-25 04:23:05","breadcrumb_settings":null,"limit_modified_date":false,"open_ai":null,"ai":null,"created":"2021-03-08 22:20:44","updated":"2025-09-25 04:23:05"},"aioseo_breadcrumb":"<div class=\"aioseo-breadcrumbs\"><span class=\"aioseo-breadcrumb\">\n\t<a href=\"https:\/\/eldigitaldeasturias.com\/magazine365\" title=\"Home\">Home<\/a>\n<\/span><span class=\"aioseo-breadcrumb-separator\">\u2013<\/span><span class=\"aioseo-breadcrumb\">\n\t<a href=\"https:\/\/eldigitaldeasturias.com\/magazine365\/category\/noticias-actualidad\/\" title=\"Noticias y Actualidad\">Noticias y Actualidad<\/a>\n<\/span><span class=\"aioseo-breadcrumb-separator\">\u2013<\/span><span class=\"aioseo-breadcrumb\">\n\t<a href=\"https:\/\/eldigitaldeasturias.com\/magazine365\/cadiz-cerrara-2015-rozando-los-siete-millones-de-pernoctaciones\/\" title=\"C\u00e1diz cerrar\u00e1 2015 rozando los siete millones de pernoctaciones\">C\u00e1diz cerrar\u00e1 2015 rozando los siete millones de pernoctaciones<\/a>\n<\/span><\/div>","aioseo_breadcrumb_json":[{"label":"Home","link":"https:\/\/eldigitaldeasturias.com\/magazine365"},{"label":"Noticias y Actualidad","link":"https:\/\/eldigitaldeasturias.com\/magazine365\/category\/noticias-actualidad\/"},{"label":"C\u00e1diz cerrar\u00e1 2015 rozando los siete millones de pernoctaciones","link":"https:\/\/eldigitaldeasturias.com\/magazine365\/cadiz-cerrara-2015-rozando-los-siete-millones-de-pernoctaciones\/"}],"_links":{"self":[{"href":"https:\/\/eldigitaldeasturias.com\/magazine365\/wp-json\/wp\/v2\/posts\/59149","targetHints":{"allow":["GET"]}}],"collection":[{"href":"https:\/\/eldigitaldeasturias.com\/magazine365\/wp-json\/wp\/v2\/posts"}],"about":[{"href":"https:\/\/eldigitaldeasturias.com\/magazine365\/wp-json\/wp\/v2\/types\/post"}],"author":[{"embeddable":true,"href":"https:\/\/eldigitaldeasturias.com\/magazine365\/wp-json\/wp\/v2\/users\/1"}],"replies":[{"embeddable":true,"href":"https:\/\/eldigitaldeasturias.com\/magazine365\/wp-json\/wp\/v2\/comments?post=59149"}],"version-history":[{"count":0,"href":"https:\/\/eldigitaldeasturias.com\/magazine365\/wp-json\/wp\/v2\/posts\/59149\/revisions"}],"wp:featuredmedia":[{"embeddable":true,"href":"https:\/\/eldigitaldeasturias.com\/magazine365\/wp-json\/wp\/v2\/media\/59150"}],"wp:attachment":[{"href":"https:\/\/eldigitaldeasturias.com\/magazine365\/wp-json\/wp\/v2\/media?parent=59149"}],"wp:term":[{"taxonomy":"category","embeddable":true,"href":"https:\/\/eldigitaldeasturias.com\/magazine365\/wp-json\/wp\/v2\/categories?post=59149"},{"taxonomy":"post_tag","embeddable":true,"href":"https:\/\/eldigitaldeasturias.com\/magazine365\/wp-json\/wp\/v2\/tags?post=59149"}],"curies":[{"name":"wp","href":"https:\/\/api.w.org\/{rel}","templated":true}]}}