{"id":59093,"date":"2015-12-25T04:27:49","date_gmt":"2015-12-25T03:27:49","guid":{"rendered":"http:\/\/eldigitaldeasturias.com\/magazine365\/?p=59093"},"modified":"2015-12-25T04:27:49","modified_gmt":"2015-12-25T03:27:49","slug":"el-cabildo-de-gran-canaria-rechaza-el-desarrollismo-y-la-desregulacion-turistica","status":"publish","type":"post","link":"https:\/\/eldigitaldeasturias.com\/magazine365\/el-cabildo-de-gran-canaria-rechaza-el-desarrollismo-y-la-desregulacion-turistica\/","title":{"rendered":"El Cabildo de Gran Canaria rechaza el \u00abdesarrollismo\u00bb y \u00abla desregulaci\u00f3n\u00bb tur\u00edstica"},"content":{"rendered":"<p><img fetchpriority=\"high\" decoding=\"async\" class=\"alignleft size-medium wp-image-59094\" src=\"https:\/\/eldigitaldeasturias.com\/magazine365\/wp-content\/uploads\/2015\/12\/fotonoticia_20151221171053_800-360x213.jpg\" alt=\"fotonoticia_20151221171053_800\" width=\"360\" height=\"213\" srcset=\"https:\/\/eldigitaldeasturias.com\/magazine365\/wp-content\/uploads\/2015\/12\/fotonoticia_20151221171053_800-360x213.jpg 360w, https:\/\/eldigitaldeasturias.com\/magazine365\/wp-content\/uploads\/2015\/12\/fotonoticia_20151221171053_800-650x384.jpg 650w, https:\/\/eldigitaldeasturias.com\/magazine365\/wp-content\/uploads\/2015\/12\/fotonoticia_20151221171053_800-768x454.jpg 768w, https:\/\/eldigitaldeasturias.com\/magazine365\/wp-content\/uploads\/2015\/12\/fotonoticia_20151221171053_800-150x89.jpg 150w, https:\/\/eldigitaldeasturias.com\/magazine365\/wp-content\/uploads\/2015\/12\/fotonoticia_20151221171053_800-450x266.jpg 450w, https:\/\/eldigitaldeasturias.com\/magazine365\/wp-content\/uploads\/2015\/12\/fotonoticia_20151221171053_800-696x412.jpg 696w, https:\/\/eldigitaldeasturias.com\/magazine365\/wp-content\/uploads\/2015\/12\/fotonoticia_20151221171053_800-710x420.jpg 710w, https:\/\/eldigitaldeasturias.com\/magazine365\/wp-content\/uploads\/2015\/12\/fotonoticia_20151221171053_800.jpg 800w\" sizes=\"(max-width: 360px) 100vw, 360px\" \/>El presidente del Cabildo de Gran Canaria, Antonio Morales, ha rechazado el \u00abdesarrollismo\u00bb y la \u00abdesregulaci\u00f3n\u00bb en materia tur\u00edstica, adem\u00e1s de pronunciarse en contra de \u00abdemonizar la moratoria\u00bb.<\/p>\n<p>\u00abCrecer ilimitadamente es imposible y por lo tanto tenemos que mirar a nuestra naturaleza m\u00e1s cercana para generar energ\u00eda, para comer, para beber, para respirar y para vivir. No podemos demonizar a la moratoria como la causante de los males que nos aquejan\u00bb, ha sostenido a trav\u00e9s de un art\u00edculo de opini\u00f3n publicado este lunes.<\/p>\n<p>Para el presidente grancanario \u00abdebemos avanzar hacia un modelo de desarrollo m\u00e1s sostenible tal y como nos lo advierte la comunidad cient\u00edfica internacional\u00bb y nacional\u00bb, trazando objetivos que \u00ablleven a una isla ecohabitable, sustentada en el equilibrio entre la sociedad, la econom\u00eda y el medio ambiente\u00bb.<\/p>\n<p>Morales considera que Gran Canaria no debe \u00abvolver a caer en el desarrollismo\u00bb y tampoco se puede retornar a \u00abla senda de la desregulaci\u00f3n sin m\u00e1s\u00bb.<\/p>\n<p>CONTRA EL TODO INCLUIDO DONDE DA IGUAL CANARIAS QUE EL CARIBE<\/p>\n<p>El presidente de Gran Canaria se mostr\u00f3, adem\u00e1s, contrario al turismo del &#8216;all in&#8217; que busca \u00absol, piscina y restaurantes con el estandarizado modelo del todo incluido en el que el visitante ve exactamente lo mismo si est\u00e1 en Canarias, en el Caribe o en el norte de \u00c1frica\u00bb.<\/p>\n<p>\u00abFrente a ese modelo apostamos por uno propio, estamos hablando del turismo ecol\u00f3gico, el turismo verde, el turismo cultural, el agroturismo, el astroturismo y muchas otras variables sustentables que deben ser un reclamo para un p\u00fablico potencial cada vez m\u00e1s exigente con la preservaci\u00f3n del medio. Sin renunciar, por supuesto, al atractivo de nuestras playas\u00bb, argument\u00f3.<\/p>\n<p>\u00ab\u00bfDEFENSA NUMANTINA?\u00bb<\/p>\n<p>Para Morales, la postura del Cabildo \u00abno es una defensa numantina y solitaria\u00bb, sino que va \u00aben la l\u00ednea en la que va la comunidad internacional\u00bb y \u00abm\u00e1s all\u00e1 de la satisfacci\u00f3n de algunos o las cr\u00edticas de otros\u00bb.<\/p>\n<p>\u00abEsa apuesta por el m\u00e1ximo respeto a la naturaleza es un envite por el futuro, pero tambi\u00e9n es un reconocimiento a los que defendieron ya esta idea en el pasado. Porque tanto N\u00e9stor Mart\u00edn Fern\u00e1ndez de la Torre como C\u00e9sar Manrique supieron ver con algunas d\u00e9cadas de antelaci\u00f3n, los peligros de apostar por un turismo que no valore nuestro paisaje, nuestra cultura y nuestra identidad. En eso estamos desde el gobierno del Cabildo de Gran Canaria\u00bb, concluy\u00f3.<\/p>\n","protected":false},"excerpt":{"rendered":"<p>El presidente del Cabildo de Gran Canaria, Antonio Morales, ha rechazado el \u00abdesarrollismo\u00bb y la \u00abdesregulaci\u00f3n\u00bb en materia tur\u00edstica, adem\u00e1s de pronunciarse en contra de \u00abdemonizar la moratoria\u00bb. \u00abCrecer ilimitadamente es imposible y por lo tanto tenemos que mirar a nuestra naturaleza m\u00e1s cercana para generar energ\u00eda, para comer, para beber, para respirar y para<\/p>\n","protected":false},"author":1,"featured_media":59094,"comment_status":"open","ping_status":"closed","sticky":false,"template":"","format":"standard","meta":{"footnotes":""},"categories":[224],"tags":[],"class_list":{"0":"post-59093","1":"post","2":"type-post","3":"status-publish","4":"format-standard","5":"has-post-thumbnail","7":"category-noticias-actualidad"},"aioseo_notices":[],"aioseo_head":"\n\t\t<!-- All in One SEO Pro 4.9.6.1 - aioseo.com -->\n\t<meta name=\"description\" content=\"El presidente del Cabildo de Gran Canaria, Antonio Morales, ha rechazado el &quot;desarrollismo&quot; y la &quot;desregulaci\u00f3n&quot; en materia tur\u00edstica, adem\u00e1s de pronunciarse en contra de &quot;demonizar la moratoria&quot;. &quot;Crecer ilimitadamente es imposible y por lo tanto tenemos que mirar a nuestra naturaleza m\u00e1s cercana para generar energ\u00eda, para comer, para beber, para respirar y para\" \/>\n\t<meta name=\"robots\" content=\"max-image-preview:large\" \/>\n\t<meta name=\"author\" content=\"admin\"\/>\n\t<meta name=\"google-site-verification\" content=\"UA-38556648-1\" \/>\n\t<meta name=\"keywords\" content=\"noticias y actualidad\" \/>\n\t<link rel=\"canonical\" href=\"https:\/\/eldigitaldeasturias.com\/magazine365\/el-cabildo-de-gran-canaria-rechaza-el-desarrollismo-y-la-desregulacion-turistica\/\" \/>\n\t<meta name=\"generator\" content=\"All in One SEO Pro (AIOSEO) 4.9.6.1\" \/>\n\t\t<meta property=\"og:locale\" content=\"es_ES\" \/>\n\t\t<meta property=\"og:site_name\" content=\"El Digital de Asturias \u2013 Revista de ocio, turismo y estilo de vida\" \/>\n\t\t<meta property=\"og:type\" content=\"article\" \/>\n\t\t<meta property=\"og:title\" content=\"El Cabildo de Gran Canaria rechaza el \u00abdesarrollismo\u00bb y \u00abla desregulaci\u00f3n\u00bb tur\u00edstica | El Digital de Asturias\" \/>\n\t\t<meta property=\"og:description\" content=\"El presidente del Cabildo de Gran Canaria, Antonio Morales, ha rechazado el &quot;desarrollismo&quot; y la &quot;desregulaci\u00f3n&quot; en materia tur\u00edstica, adem\u00e1s de pronunciarse en contra de &quot;demonizar la moratoria&quot;. &quot;Crecer ilimitadamente es imposible y por lo tanto tenemos que mirar a nuestra naturaleza m\u00e1s cercana para generar energ\u00eda, para comer, para beber, para respirar y para\" \/>\n\t\t<meta property=\"og:url\" content=\"https:\/\/eldigitaldeasturias.com\/magazine365\/el-cabildo-de-gran-canaria-rechaza-el-desarrollismo-y-la-desregulacion-turistica\/\" \/>\n\t\t<meta property=\"og:image\" content=\"https:\/\/eldigitaldeasturias.com\/magazine365\/wp-content\/uploads\/2015\/12\/fotonoticia_20151221171053_800.jpg\" \/>\n\t\t<meta property=\"og:image:secure_url\" content=\"https:\/\/eldigitaldeasturias.com\/magazine365\/wp-content\/uploads\/2015\/12\/fotonoticia_20151221171053_800.jpg\" \/>\n\t\t<meta property=\"og:image:width\" content=\"800\" \/>\n\t\t<meta property=\"og:image:height\" content=\"473\" \/>\n\t\t<meta property=\"article:published_time\" content=\"2015-12-25T03:27:49+00:00\" \/>\n\t\t<meta property=\"article:modified_time\" content=\"2015-12-25T03:27:49+00:00\" \/>\n\t\t<meta name=\"twitter:card\" content=\"summary_large_image\" \/>\n\t\t<meta name=\"twitter:title\" content=\"El Cabildo de Gran Canaria rechaza el \u00abdesarrollismo\u00bb y \u00abla desregulaci\u00f3n\u00bb tur\u00edstica | El Digital de Asturias\" \/>\n\t\t<meta name=\"twitter:description\" content=\"El presidente del Cabildo de Gran Canaria, Antonio Morales, ha rechazado el &quot;desarrollismo&quot; y la &quot;desregulaci\u00f3n&quot; en materia tur\u00edstica, adem\u00e1s de pronunciarse en contra de &quot;demonizar la moratoria&quot;. &quot;Crecer ilimitadamente es imposible y por lo tanto tenemos que mirar a nuestra naturaleza m\u00e1s cercana para generar energ\u00eda, para comer, para beber, para respirar y para\" \/>\n\t\t<meta name=\"twitter:image\" content=\"https:\/\/eldigitaldeasturias.com\/magazine365\/wp-content\/uploads\/2015\/12\/fotonoticia_20151221171053_800.jpg\" \/>\n\t\t<script type=\"application\/ld+json\" class=\"aioseo-schema\">\n\t\t\t{\"@context\":\"https:\\\/\\\/schema.org\",\"@graph\":[{\"@type\":\"Article\",\"@id\":\"https:\\\/\\\/eldigitaldeasturias.com\\\/magazine365\\\/el-cabildo-de-gran-canaria-rechaza-el-desarrollismo-y-la-desregulacion-turistica\\\/#article\",\"name\":\"El Cabildo de Gran Canaria rechaza el \\u00abdesarrollismo\\u00bb y \\u00abla desregulaci\\u00f3n\\u00bb tur\\u00edstica | El Digital de Asturias\",\"headline\":\"El Cabildo de Gran Canaria rechaza el \\u00abdesarrollismo\\u00bb y \\u00abla desregulaci\\u00f3n\\u00bb tur\\u00edstica\",\"author\":{\"@id\":\"https:\\\/\\\/eldigitaldeasturias.com\\\/magazine365\\\/author\\\/admin\\\/#author\"},\"publisher\":{\"@id\":\"https:\\\/\\\/eldigitaldeasturias.com\\\/magazine365\\\/#organization\"},\"image\":{\"@type\":\"ImageObject\",\"url\":\"https:\\\/\\\/eldigitaldeasturias.com\\\/magazine365\\\/wp-content\\\/uploads\\\/2015\\\/12\\\/fotonoticia_20151221171053_800.jpg\",\"width\":800,\"height\":473},\"datePublished\":\"2015-12-25T04:27:49+01:00\",\"dateModified\":\"2015-12-25T04:27:49+01:00\",\"inLanguage\":\"es-ES\",\"mainEntityOfPage\":{\"@id\":\"https:\\\/\\\/eldigitaldeasturias.com\\\/magazine365\\\/el-cabildo-de-gran-canaria-rechaza-el-desarrollismo-y-la-desregulacion-turistica\\\/#webpage\"},\"isPartOf\":{\"@id\":\"https:\\\/\\\/eldigitaldeasturias.com\\\/magazine365\\\/el-cabildo-de-gran-canaria-rechaza-el-desarrollismo-y-la-desregulacion-turistica\\\/#webpage\"},\"articleSection\":\"Noticias y Actualidad\"},{\"@type\":\"BreadcrumbList\",\"@id\":\"https:\\\/\\\/eldigitaldeasturias.com\\\/magazine365\\\/el-cabildo-de-gran-canaria-rechaza-el-desarrollismo-y-la-desregulacion-turistica\\\/#breadcrumblist\",\"itemListElement\":[{\"@type\":\"ListItem\",\"@id\":\"https:\\\/\\\/eldigitaldeasturias.com\\\/magazine365#listItem\",\"position\":1,\"name\":\"Home\",\"item\":\"https:\\\/\\\/eldigitaldeasturias.com\\\/magazine365\",\"nextItem\":{\"@type\":\"ListItem\",\"@id\":\"https:\\\/\\\/eldigitaldeasturias.com\\\/magazine365\\\/category\\\/noticias-actualidad\\\/#listItem\",\"name\":\"Noticias y Actualidad\"}},{\"@type\":\"ListItem\",\"@id\":\"https:\\\/\\\/eldigitaldeasturias.com\\\/magazine365\\\/category\\\/noticias-actualidad\\\/#listItem\",\"position\":2,\"name\":\"Noticias y Actualidad\",\"item\":\"https:\\\/\\\/eldigitaldeasturias.com\\\/magazine365\\\/category\\\/noticias-actualidad\\\/\",\"nextItem\":{\"@type\":\"ListItem\",\"@id\":\"https:\\\/\\\/eldigitaldeasturias.com\\\/magazine365\\\/el-cabildo-de-gran-canaria-rechaza-el-desarrollismo-y-la-desregulacion-turistica\\\/#listItem\",\"name\":\"El Cabildo de Gran Canaria rechaza el \\u00abdesarrollismo\\u00bb y \\u00abla desregulaci\\u00f3n\\u00bb tur\\u00edstica\"},\"previousItem\":{\"@type\":\"ListItem\",\"@id\":\"https:\\\/\\\/eldigitaldeasturias.com\\\/magazine365#listItem\",\"name\":\"Home\"}},{\"@type\":\"ListItem\",\"@id\":\"https:\\\/\\\/eldigitaldeasturias.com\\\/magazine365\\\/el-cabildo-de-gran-canaria-rechaza-el-desarrollismo-y-la-desregulacion-turistica\\\/#listItem\",\"position\":3,\"name\":\"El Cabildo de Gran Canaria rechaza el \\u00abdesarrollismo\\u00bb y \\u00abla desregulaci\\u00f3n\\u00bb tur\\u00edstica\",\"previousItem\":{\"@type\":\"ListItem\",\"@id\":\"https:\\\/\\\/eldigitaldeasturias.com\\\/magazine365\\\/category\\\/noticias-actualidad\\\/#listItem\",\"name\":\"Noticias y Actualidad\"}}]},{\"@type\":\"Organization\",\"@id\":\"https:\\\/\\\/eldigitaldeasturias.com\\\/magazine365\\\/#organization\",\"name\":\"El digital de Asturias\",\"description\":\"Revista de ocio, turismo y estilo de vida\",\"url\":\"https:\\\/\\\/eldigitaldeasturias.com\\\/magazine365\\\/\",\"logo\":{\"@type\":\"ImageObject\",\"url\":\"https:\\\/\\\/www.eldigitaldeasturias.com\\\/noticias\\\/wp-content\\\/uploads\\\/2020\\\/12\\\/EDA.jpg\",\"@id\":\"https:\\\/\\\/eldigitaldeasturias.com\\\/magazine365\\\/el-cabildo-de-gran-canaria-rechaza-el-desarrollismo-y-la-desregulacion-turistica\\\/#organizationLogo\"},\"image\":{\"@id\":\"https:\\\/\\\/eldigitaldeasturias.com\\\/magazine365\\\/el-cabildo-de-gran-canaria-rechaza-el-desarrollismo-y-la-desregulacion-turistica\\\/#organizationLogo\"}},{\"@type\":\"Person\",\"@id\":\"https:\\\/\\\/eldigitaldeasturias.com\\\/magazine365\\\/author\\\/admin\\\/#author\",\"url\":\"https:\\\/\\\/eldigitaldeasturias.com\\\/magazine365\\\/author\\\/admin\\\/\",\"name\":\"admin\",\"image\":{\"@type\":\"ImageObject\",\"@id\":\"https:\\\/\\\/eldigitaldeasturias.com\\\/magazine365\\\/el-cabildo-de-gran-canaria-rechaza-el-desarrollismo-y-la-desregulacion-turistica\\\/#authorImage\",\"url\":\"https:\\\/\\\/eldigitaldeasturias.com\\\/magazine365\\\/wp-content\\\/litespeed\\\/avatar\\\/e571bcf59a0edd6fa6838245a470f2fe.jpg?ver=1777574230\",\"width\":96,\"height\":96,\"caption\":\"admin\"}},{\"@type\":\"WebPage\",\"@id\":\"https:\\\/\\\/eldigitaldeasturias.com\\\/magazine365\\\/el-cabildo-de-gran-canaria-rechaza-el-desarrollismo-y-la-desregulacion-turistica\\\/#webpage\",\"url\":\"https:\\\/\\\/eldigitaldeasturias.com\\\/magazine365\\\/el-cabildo-de-gran-canaria-rechaza-el-desarrollismo-y-la-desregulacion-turistica\\\/\",\"name\":\"El Cabildo de Gran Canaria rechaza el \\u00abdesarrollismo\\u00bb y \\u00abla desregulaci\\u00f3n\\u00bb tur\\u00edstica | El Digital de Asturias\",\"description\":\"El presidente del Cabildo de Gran Canaria, Antonio Morales, ha rechazado el \\\"desarrollismo\\\" y la \\\"desregulaci\\u00f3n\\\" en materia tur\\u00edstica, adem\\u00e1s de pronunciarse en contra de \\\"demonizar la moratoria\\\". \\\"Crecer ilimitadamente es imposible y por lo tanto tenemos que mirar a nuestra naturaleza m\\u00e1s cercana para generar energ\\u00eda, para comer, para beber, para respirar y para\",\"inLanguage\":\"es-ES\",\"isPartOf\":{\"@id\":\"https:\\\/\\\/eldigitaldeasturias.com\\\/magazine365\\\/#website\"},\"breadcrumb\":{\"@id\":\"https:\\\/\\\/eldigitaldeasturias.com\\\/magazine365\\\/el-cabildo-de-gran-canaria-rechaza-el-desarrollismo-y-la-desregulacion-turistica\\\/#breadcrumblist\"},\"author\":{\"@id\":\"https:\\\/\\\/eldigitaldeasturias.com\\\/magazine365\\\/author\\\/admin\\\/#author\"},\"creator\":{\"@id\":\"https:\\\/\\\/eldigitaldeasturias.com\\\/magazine365\\\/author\\\/admin\\\/#author\"},\"image\":{\"@type\":\"ImageObject\",\"url\":\"https:\\\/\\\/eldigitaldeasturias.com\\\/magazine365\\\/wp-content\\\/uploads\\\/2015\\\/12\\\/fotonoticia_20151221171053_800.jpg\",\"@id\":\"https:\\\/\\\/eldigitaldeasturias.com\\\/magazine365\\\/el-cabildo-de-gran-canaria-rechaza-el-desarrollismo-y-la-desregulacion-turistica\\\/#mainImage\",\"width\":800,\"height\":473},\"primaryImageOfPage\":{\"@id\":\"https:\\\/\\\/eldigitaldeasturias.com\\\/magazine365\\\/el-cabildo-de-gran-canaria-rechaza-el-desarrollismo-y-la-desregulacion-turistica\\\/#mainImage\"},\"datePublished\":\"2015-12-25T04:27:49+01:00\",\"dateModified\":\"2015-12-25T04:27:49+01:00\"},{\"@type\":\"WebSite\",\"@id\":\"https:\\\/\\\/eldigitaldeasturias.com\\\/magazine365\\\/#website\",\"url\":\"https:\\\/\\\/eldigitaldeasturias.com\\\/magazine365\\\/\",\"name\":\"El Digital de Asturias\",\"description\":\"Revista de ocio, turismo y estilo de vida\",\"inLanguage\":\"es-ES\",\"publisher\":{\"@id\":\"https:\\\/\\\/eldigitaldeasturias.com\\\/magazine365\\\/#organization\"}}]}\n\t\t<\/script>\n\t\t<!-- All in One SEO Pro -->\r\n\t\t<title>El Cabildo de Gran Canaria rechaza el \u00abdesarrollismo\u00bb y \u00abla desregulaci\u00f3n\u00bb tur\u00edstica | El Digital de Asturias<\/title>\n\n","aioseo_head_json":{"title":"El Cabildo de Gran Canaria rechaza el \u00abdesarrollismo\u00bb y \u00abla desregulaci\u00f3n\u00bb tur\u00edstica | El Digital de Asturias","description":"El presidente del Cabildo de Gran Canaria, Antonio Morales, ha rechazado el \"desarrollismo\" y la \"desregulaci\u00f3n\" en materia tur\u00edstica, adem\u00e1s de pronunciarse en contra de \"demonizar la moratoria\". \"Crecer ilimitadamente es imposible y por lo tanto tenemos que mirar a nuestra naturaleza m\u00e1s cercana para generar energ\u00eda, para comer, para beber, para respirar y para","canonical_url":"https:\/\/eldigitaldeasturias.com\/magazine365\/el-cabildo-de-gran-canaria-rechaza-el-desarrollismo-y-la-desregulacion-turistica\/","robots":"max-image-preview:large","keywords":"noticias y actualidad","webmasterTools":{"google-site-verification":"UA-38556648-1","miscellaneous":""},"schema":{"@context":"https:\/\/schema.org","@graph":[{"@type":"Article","@id":"https:\/\/eldigitaldeasturias.com\/magazine365\/el-cabildo-de-gran-canaria-rechaza-el-desarrollismo-y-la-desregulacion-turistica\/#article","name":"El Cabildo de Gran Canaria rechaza el \u00abdesarrollismo\u00bb y \u00abla desregulaci\u00f3n\u00bb tur\u00edstica | El Digital de Asturias","headline":"El Cabildo de Gran Canaria rechaza el \u00abdesarrollismo\u00bb y \u00abla desregulaci\u00f3n\u00bb tur\u00edstica","author":{"@id":"https:\/\/eldigitaldeasturias.com\/magazine365\/author\/admin\/#author"},"publisher":{"@id":"https:\/\/eldigitaldeasturias.com\/magazine365\/#organization"},"image":{"@type":"ImageObject","url":"https:\/\/eldigitaldeasturias.com\/magazine365\/wp-content\/uploads\/2015\/12\/fotonoticia_20151221171053_800.jpg","width":800,"height":473},"datePublished":"2015-12-25T04:27:49+01:00","dateModified":"2015-12-25T04:27:49+01:00","inLanguage":"es-ES","mainEntityOfPage":{"@id":"https:\/\/eldigitaldeasturias.com\/magazine365\/el-cabildo-de-gran-canaria-rechaza-el-desarrollismo-y-la-desregulacion-turistica\/#webpage"},"isPartOf":{"@id":"https:\/\/eldigitaldeasturias.com\/magazine365\/el-cabildo-de-gran-canaria-rechaza-el-desarrollismo-y-la-desregulacion-turistica\/#webpage"},"articleSection":"Noticias y Actualidad"},{"@type":"BreadcrumbList","@id":"https:\/\/eldigitaldeasturias.com\/magazine365\/el-cabildo-de-gran-canaria-rechaza-el-desarrollismo-y-la-desregulacion-turistica\/#breadcrumblist","itemListElement":[{"@type":"ListItem","@id":"https:\/\/eldigitaldeasturias.com\/magazine365#listItem","position":1,"name":"Home","item":"https:\/\/eldigitaldeasturias.com\/magazine365","nextItem":{"@type":"ListItem","@id":"https:\/\/eldigitaldeasturias.com\/magazine365\/category\/noticias-actualidad\/#listItem","name":"Noticias y Actualidad"}},{"@type":"ListItem","@id":"https:\/\/eldigitaldeasturias.com\/magazine365\/category\/noticias-actualidad\/#listItem","position":2,"name":"Noticias y Actualidad","item":"https:\/\/eldigitaldeasturias.com\/magazine365\/category\/noticias-actualidad\/","nextItem":{"@type":"ListItem","@id":"https:\/\/eldigitaldeasturias.com\/magazine365\/el-cabildo-de-gran-canaria-rechaza-el-desarrollismo-y-la-desregulacion-turistica\/#listItem","name":"El Cabildo de Gran Canaria rechaza el \u00abdesarrollismo\u00bb y \u00abla desregulaci\u00f3n\u00bb tur\u00edstica"},"previousItem":{"@type":"ListItem","@id":"https:\/\/eldigitaldeasturias.com\/magazine365#listItem","name":"Home"}},{"@type":"ListItem","@id":"https:\/\/eldigitaldeasturias.com\/magazine365\/el-cabildo-de-gran-canaria-rechaza-el-desarrollismo-y-la-desregulacion-turistica\/#listItem","position":3,"name":"El Cabildo de Gran Canaria rechaza el \u00abdesarrollismo\u00bb y \u00abla desregulaci\u00f3n\u00bb tur\u00edstica","previousItem":{"@type":"ListItem","@id":"https:\/\/eldigitaldeasturias.com\/magazine365\/category\/noticias-actualidad\/#listItem","name":"Noticias y Actualidad"}}]},{"@type":"Organization","@id":"https:\/\/eldigitaldeasturias.com\/magazine365\/#organization","name":"El digital de Asturias","description":"Revista de ocio, turismo y estilo de vida","url":"https:\/\/eldigitaldeasturias.com\/magazine365\/","logo":{"@type":"ImageObject","url":"https:\/\/www.eldigitaldeasturias.com\/noticias\/wp-content\/uploads\/2020\/12\/EDA.jpg","@id":"https:\/\/eldigitaldeasturias.com\/magazine365\/el-cabildo-de-gran-canaria-rechaza-el-desarrollismo-y-la-desregulacion-turistica\/#organizationLogo"},"image":{"@id":"https:\/\/eldigitaldeasturias.com\/magazine365\/el-cabildo-de-gran-canaria-rechaza-el-desarrollismo-y-la-desregulacion-turistica\/#organizationLogo"}},{"@type":"Person","@id":"https:\/\/eldigitaldeasturias.com\/magazine365\/author\/admin\/#author","url":"https:\/\/eldigitaldeasturias.com\/magazine365\/author\/admin\/","name":"admin","image":{"@type":"ImageObject","@id":"https:\/\/eldigitaldeasturias.com\/magazine365\/el-cabildo-de-gran-canaria-rechaza-el-desarrollismo-y-la-desregulacion-turistica\/#authorImage","url":"https:\/\/eldigitaldeasturias.com\/magazine365\/wp-content\/litespeed\/avatar\/e571bcf59a0edd6fa6838245a470f2fe.jpg?ver=1777574230","width":96,"height":96,"caption":"admin"}},{"@type":"WebPage","@id":"https:\/\/eldigitaldeasturias.com\/magazine365\/el-cabildo-de-gran-canaria-rechaza-el-desarrollismo-y-la-desregulacion-turistica\/#webpage","url":"https:\/\/eldigitaldeasturias.com\/magazine365\/el-cabildo-de-gran-canaria-rechaza-el-desarrollismo-y-la-desregulacion-turistica\/","name":"El Cabildo de Gran Canaria rechaza el \u00abdesarrollismo\u00bb y \u00abla desregulaci\u00f3n\u00bb tur\u00edstica | El Digital de Asturias","description":"El presidente del Cabildo de Gran Canaria, Antonio Morales, ha rechazado el \"desarrollismo\" y la \"desregulaci\u00f3n\" en materia tur\u00edstica, adem\u00e1s de pronunciarse en contra de \"demonizar la moratoria\". \"Crecer ilimitadamente es imposible y por lo tanto tenemos que mirar a nuestra naturaleza m\u00e1s cercana para generar energ\u00eda, para comer, para beber, para respirar y para","inLanguage":"es-ES","isPartOf":{"@id":"https:\/\/eldigitaldeasturias.com\/magazine365\/#website"},"breadcrumb":{"@id":"https:\/\/eldigitaldeasturias.com\/magazine365\/el-cabildo-de-gran-canaria-rechaza-el-desarrollismo-y-la-desregulacion-turistica\/#breadcrumblist"},"author":{"@id":"https:\/\/eldigitaldeasturias.com\/magazine365\/author\/admin\/#author"},"creator":{"@id":"https:\/\/eldigitaldeasturias.com\/magazine365\/author\/admin\/#author"},"image":{"@type":"ImageObject","url":"https:\/\/eldigitaldeasturias.com\/magazine365\/wp-content\/uploads\/2015\/12\/fotonoticia_20151221171053_800.jpg","@id":"https:\/\/eldigitaldeasturias.com\/magazine365\/el-cabildo-de-gran-canaria-rechaza-el-desarrollismo-y-la-desregulacion-turistica\/#mainImage","width":800,"height":473},"primaryImageOfPage":{"@id":"https:\/\/eldigitaldeasturias.com\/magazine365\/el-cabildo-de-gran-canaria-rechaza-el-desarrollismo-y-la-desregulacion-turistica\/#mainImage"},"datePublished":"2015-12-25T04:27:49+01:00","dateModified":"2015-12-25T04:27:49+01:00"},{"@type":"WebSite","@id":"https:\/\/eldigitaldeasturias.com\/magazine365\/#website","url":"https:\/\/eldigitaldeasturias.com\/magazine365\/","name":"El Digital de Asturias","description":"Revista de ocio, turismo y estilo de vida","inLanguage":"es-ES","publisher":{"@id":"https:\/\/eldigitaldeasturias.com\/magazine365\/#organization"}}]},"og:locale":"es_ES","og:site_name":"El Digital de Asturias \u2013 Revista de ocio, turismo y estilo de vida","og:type":"article","og:title":"El Cabildo de Gran Canaria rechaza el \u00abdesarrollismo\u00bb y \u00abla desregulaci\u00f3n\u00bb tur\u00edstica | El Digital de Asturias","og:description":"El presidente del Cabildo de Gran Canaria, Antonio Morales, ha rechazado el &quot;desarrollismo&quot; y la &quot;desregulaci\u00f3n&quot; en materia tur\u00edstica, adem\u00e1s de pronunciarse en contra de &quot;demonizar la moratoria&quot;. &quot;Crecer ilimitadamente es imposible y por lo tanto tenemos que mirar a nuestra naturaleza m\u00e1s cercana para generar energ\u00eda, para comer, para beber, para respirar y para","og:url":"https:\/\/eldigitaldeasturias.com\/magazine365\/el-cabildo-de-gran-canaria-rechaza-el-desarrollismo-y-la-desregulacion-turistica\/","og:image":"https:\/\/eldigitaldeasturias.com\/magazine365\/wp-content\/uploads\/2015\/12\/fotonoticia_20151221171053_800.jpg","og:image:secure_url":"https:\/\/eldigitaldeasturias.com\/magazine365\/wp-content\/uploads\/2015\/12\/fotonoticia_20151221171053_800.jpg","og:image:width":800,"og:image:height":473,"article:published_time":"2015-12-25T03:27:49+00:00","article:modified_time":"2015-12-25T03:27:49+00:00","twitter:card":"summary_large_image","twitter:title":"El Cabildo de Gran Canaria rechaza el \u00abdesarrollismo\u00bb y \u00abla desregulaci\u00f3n\u00bb tur\u00edstica | El Digital de Asturias","twitter:description":"El presidente del Cabildo de Gran Canaria, Antonio Morales, ha rechazado el &quot;desarrollismo&quot; y la &quot;desregulaci\u00f3n&quot; en materia tur\u00edstica, adem\u00e1s de pronunciarse en contra de &quot;demonizar la moratoria&quot;. &quot;Crecer ilimitadamente es imposible y por lo tanto tenemos que mirar a nuestra naturaleza m\u00e1s cercana para generar energ\u00eda, para comer, para beber, para respirar y para","twitter:image":"https:\/\/eldigitaldeasturias.com\/magazine365\/wp-content\/uploads\/2015\/12\/fotonoticia_20151221171053_800.jpg"},"aioseo_meta_data":{"post_id":"59093","title":null,"description":null,"keywords":null,"keyphrases":null,"primary_term":null,"canonical_url":null,"og_title":null,"og_description":null,"og_object_type":"default","og_image_type":"default","og_image_url":null,"og_image_width":null,"og_image_height":null,"og_image_custom_url":null,"og_image_custom_fields":null,"og_video":null,"og_custom_url":null,"og_article_section":null,"og_article_tags":null,"twitter_use_og":false,"twitter_card":"default","twitter_image_type":"default","twitter_image_url":null,"twitter_image_custom_url":null,"twitter_image_custom_fields":null,"twitter_title":null,"twitter_description":null,"schema":{"blockGraphs":[],"customGraphs":[],"default":{"data":{"Article":[],"Course":[],"Dataset":[],"FAQPage":[],"Movie":[],"Person":[],"Product":[],"ProductReview":[],"Car":[],"Recipe":[],"Service":[],"SoftwareApplication":[],"WebPage":[]},"graphName":"","isEnabled":true},"graphs":[],"defaultGraph":"","defaultPostTypeGraph":""},"schema_type":null,"schema_type_options":null,"pillar_content":false,"robots_default":true,"robots_noindex":false,"robots_noarchive":false,"robots_nosnippet":false,"robots_nofollow":false,"robots_noimageindex":false,"robots_noodp":false,"robots_notranslate":false,"robots_max_snippet":null,"robots_max_videopreview":null,"robots_max_imagepreview":"large","priority":null,"frequency":null,"location":null,"local_seo":null,"seo_analyzer_scan_date":"2025-09-25 04:16:44","breadcrumb_settings":null,"limit_modified_date":false,"open_ai":null,"ai":null,"created":"2021-03-08 22:20:44","updated":"2025-09-25 04:16:44"},"aioseo_breadcrumb":"<div class=\"aioseo-breadcrumbs\"><span class=\"aioseo-breadcrumb\">\n\t<a href=\"https:\/\/eldigitaldeasturias.com\/magazine365\" title=\"Home\">Home<\/a>\n<\/span><span class=\"aioseo-breadcrumb-separator\">\u2013<\/span><span class=\"aioseo-breadcrumb\">\n\t<a href=\"https:\/\/eldigitaldeasturias.com\/magazine365\/category\/noticias-actualidad\/\" title=\"Noticias y Actualidad\">Noticias y Actualidad<\/a>\n<\/span><span class=\"aioseo-breadcrumb-separator\">\u2013<\/span><span class=\"aioseo-breadcrumb\">\n\t<a href=\"https:\/\/eldigitaldeasturias.com\/magazine365\/el-cabildo-de-gran-canaria-rechaza-el-desarrollismo-y-la-desregulacion-turistica\/\" title=\"El Cabildo de Gran Canaria rechaza el \u00abdesarrollismo\u00bb y \u00abla desregulaci\u00f3n\u00bb tur\u00edstica\">El Cabildo de Gran Canaria rechaza el \u00abdesarrollismo\u00bb y \u00abla desregulaci\u00f3n\u00bb tur\u00edstica<\/a>\n<\/span><\/div>","aioseo_breadcrumb_json":[{"label":"Home","link":"https:\/\/eldigitaldeasturias.com\/magazine365"},{"label":"Noticias y Actualidad","link":"https:\/\/eldigitaldeasturias.com\/magazine365\/category\/noticias-actualidad\/"},{"label":"El Cabildo de Gran Canaria rechaza el \u00abdesarrollismo\u00bb y \u00abla desregulaci\u00f3n\u00bb tur\u00edstica","link":"https:\/\/eldigitaldeasturias.com\/magazine365\/el-cabildo-de-gran-canaria-rechaza-el-desarrollismo-y-la-desregulacion-turistica\/"}],"_links":{"self":[{"href":"https:\/\/eldigitaldeasturias.com\/magazine365\/wp-json\/wp\/v2\/posts\/59093","targetHints":{"allow":["GET"]}}],"collection":[{"href":"https:\/\/eldigitaldeasturias.com\/magazine365\/wp-json\/wp\/v2\/posts"}],"about":[{"href":"https:\/\/eldigitaldeasturias.com\/magazine365\/wp-json\/wp\/v2\/types\/post"}],"author":[{"embeddable":true,"href":"https:\/\/eldigitaldeasturias.com\/magazine365\/wp-json\/wp\/v2\/users\/1"}],"replies":[{"embeddable":true,"href":"https:\/\/eldigitaldeasturias.com\/magazine365\/wp-json\/wp\/v2\/comments?post=59093"}],"version-history":[{"count":0,"href":"https:\/\/eldigitaldeasturias.com\/magazine365\/wp-json\/wp\/v2\/posts\/59093\/revisions"}],"wp:featuredmedia":[{"embeddable":true,"href":"https:\/\/eldigitaldeasturias.com\/magazine365\/wp-json\/wp\/v2\/media\/59094"}],"wp:attachment":[{"href":"https:\/\/eldigitaldeasturias.com\/magazine365\/wp-json\/wp\/v2\/media?parent=59093"}],"wp:term":[{"taxonomy":"category","embeddable":true,"href":"https:\/\/eldigitaldeasturias.com\/magazine365\/wp-json\/wp\/v2\/categories?post=59093"},{"taxonomy":"post_tag","embeddable":true,"href":"https:\/\/eldigitaldeasturias.com\/magazine365\/wp-json\/wp\/v2\/tags?post=59093"}],"curies":[{"name":"wp","href":"https:\/\/api.w.org\/{rel}","templated":true}]}}