{"id":59087,"date":"2015-12-25T04:24:50","date_gmt":"2015-12-25T03:24:50","guid":{"rendered":"http:\/\/eldigitaldeasturias.com\/magazine365\/?p=59087"},"modified":"2015-12-25T04:24:50","modified_gmt":"2015-12-25T03:24:50","slug":"los-danos-en-la-caja-negra-impiden-recuperar-los-datos-del-avion-ruso-derribado-por-turquia","status":"publish","type":"post","link":"https:\/\/eldigitaldeasturias.com\/magazine365\/los-danos-en-la-caja-negra-impiden-recuperar-los-datos-del-avion-ruso-derribado-por-turquia\/","title":{"rendered":"Los da\u00f1os en la caja negra impiden recuperar los datos del avi\u00f3n ruso derribado por Turqu\u00eda"},"content":{"rendered":"<p><img fetchpriority=\"high\" decoding=\"async\" class=\"alignleft size-medium wp-image-59088\" src=\"https:\/\/eldigitaldeasturias.com\/magazine365\/wp-content\/uploads\/2015\/12\/fotonoticia_20151221164033_800-360x236.jpg\" alt=\"fotonoticia_20151221164033_800\" width=\"360\" height=\"236\" srcset=\"https:\/\/eldigitaldeasturias.com\/magazine365\/wp-content\/uploads\/2015\/12\/fotonoticia_20151221164033_800-360x236.jpg 360w, https:\/\/eldigitaldeasturias.com\/magazine365\/wp-content\/uploads\/2015\/12\/fotonoticia_20151221164033_800-650x426.jpg 650w, https:\/\/eldigitaldeasturias.com\/magazine365\/wp-content\/uploads\/2015\/12\/fotonoticia_20151221164033_800-768x503.jpg 768w, https:\/\/eldigitaldeasturias.com\/magazine365\/wp-content\/uploads\/2015\/12\/fotonoticia_20151221164033_800-150x98.jpg 150w, https:\/\/eldigitaldeasturias.com\/magazine365\/wp-content\/uploads\/2015\/12\/fotonoticia_20151221164033_800-450x295.jpg 450w, https:\/\/eldigitaldeasturias.com\/magazine365\/wp-content\/uploads\/2015\/12\/fotonoticia_20151221164033_800-696x456.jpg 696w, https:\/\/eldigitaldeasturias.com\/magazine365\/wp-content\/uploads\/2015\/12\/fotonoticia_20151221164033_800-741x486.jpg 741w, https:\/\/eldigitaldeasturias.com\/magazine365\/wp-content\/uploads\/2015\/12\/fotonoticia_20151221164033_800-641x420.jpg 641w, https:\/\/eldigitaldeasturias.com\/magazine365\/wp-content\/uploads\/2015\/12\/fotonoticia_20151221164033_800-84x55.jpg 84w, https:\/\/eldigitaldeasturias.com\/magazine365\/wp-content\/uploads\/2015\/12\/fotonoticia_20151221164033_800.jpg 800w\" sizes=\"(max-width: 360px) 100vw, 360px\" \/>El Gobierno de Rusia ha reconocido que es \u00abimposible\u00bb leer los datos de la caja negra del avi\u00f3n militar que fue derribado por Turqu\u00eda en la frontera siria y, para conocer algunos detalles de este incidente, a Mosc\u00fa ya s\u00f3lo queda el recurso de leer \u00abdirectamente\u00bb el microchip.<\/p>\n<p>El responsable de seguridad a\u00e9rea del Ministerio de Defensa, Sergei Bainetov, ha explicado este lunes que los \u00abda\u00f1os internos\u00bb de la caja negra recuperada hacen \u00abimposible\u00bb la lectura de los datos, seg\u00fan informa la agencia de noticias Sputnik.<\/p>\n<p>La averiguaci\u00f3n de detalles concretos depende, por tanto, de que \u00abinstituciones cient\u00edficas especializadas\u00bb intenten recuperar la informaci\u00f3n \u00abdirectamente\u00bb del microchip. \u00abLlevar\u00e1 bastante tiempo, pero esperamos lograrlo\u00bb, ha apuntado Bainetov.<\/p>\n<p>El Gobierno ruso confiaba en recuperar esta informaci\u00f3n para apoyar su versi\u00f3n de lo ocurrido, despu\u00e9s de acusar a Turqu\u00eda de derribar el caza sin ning\u00fan tipo de justificaci\u00f3n. Mosc\u00fa alega que la aeronave, que participaba en la ofensiva militar en Siria, no viol\u00f3 en ning\u00fan momento la soberan\u00eda turca, algo que incluso defendi\u00f3 el piloto superviviente.<\/p>\n<p>El presidente de Rusia, Vladimir Putin, ha descrito el derribo como una \u00abpu\u00f1alada por la espalda\u00bb y ha ordenado represalias econ\u00f3micas contra el pa\u00eds vecino, incluida la suspensi\u00f3n del r\u00e9gimen de exenci\u00f3n de visados.<\/p>\n","protected":false},"excerpt":{"rendered":"<p>El Gobierno de Rusia ha reconocido que es \u00abimposible\u00bb leer los datos de la caja negra del avi\u00f3n militar que fue derribado por Turqu\u00eda en la frontera siria y, para conocer algunos detalles de este incidente, a Mosc\u00fa ya s\u00f3lo queda el recurso de leer \u00abdirectamente\u00bb el microchip. El responsable de seguridad a\u00e9rea del Ministerio<\/p>\n","protected":false},"author":1,"featured_media":59088,"comment_status":"open","ping_status":"closed","sticky":false,"template":"","format":"standard","meta":{"footnotes":""},"categories":[224],"tags":[],"class_list":{"0":"post-59087","1":"post","2":"type-post","3":"status-publish","4":"format-standard","5":"has-post-thumbnail","7":"category-noticias-actualidad"},"aioseo_notices":[],"aioseo_head":"\n\t\t<!-- All in One SEO Pro 4.9.6.1 - aioseo.com -->\n\t<meta name=\"description\" content=\"El Gobierno de Rusia ha reconocido que es &quot;imposible&quot; leer los datos de la caja negra del avi\u00f3n militar que fue derribado por Turqu\u00eda en la frontera siria y, para conocer algunos detalles de este incidente, a Mosc\u00fa ya s\u00f3lo queda el recurso de leer &quot;directamente&quot; el microchip. El responsable de seguridad a\u00e9rea del Ministerio\" \/>\n\t<meta name=\"robots\" content=\"max-image-preview:large\" \/>\n\t<meta name=\"author\" content=\"admin\"\/>\n\t<meta name=\"google-site-verification\" content=\"UA-38556648-1\" \/>\n\t<meta name=\"keywords\" content=\"noticias y actualidad\" \/>\n\t<link rel=\"canonical\" href=\"https:\/\/eldigitaldeasturias.com\/magazine365\/los-danos-en-la-caja-negra-impiden-recuperar-los-datos-del-avion-ruso-derribado-por-turquia\/\" \/>\n\t<meta name=\"generator\" content=\"All in One SEO Pro (AIOSEO) 4.9.6.1\" \/>\n\t\t<meta property=\"og:locale\" content=\"es_ES\" \/>\n\t\t<meta property=\"og:site_name\" content=\"El Digital de Asturias \u2013 Revista de ocio, turismo y estilo de vida\" \/>\n\t\t<meta property=\"og:type\" content=\"article\" \/>\n\t\t<meta property=\"og:title\" content=\"Los da\u00f1os en la caja negra impiden recuperar los datos del avi\u00f3n ruso derribado por Turqu\u00eda | El Digital de Asturias\" \/>\n\t\t<meta property=\"og:description\" content=\"El Gobierno de Rusia ha reconocido que es &quot;imposible&quot; leer los datos de la caja negra del avi\u00f3n militar que fue derribado por Turqu\u00eda en la frontera siria y, para conocer algunos detalles de este incidente, a Mosc\u00fa ya s\u00f3lo queda el recurso de leer &quot;directamente&quot; el microchip. El responsable de seguridad a\u00e9rea del Ministerio\" \/>\n\t\t<meta property=\"og:url\" content=\"https:\/\/eldigitaldeasturias.com\/magazine365\/los-danos-en-la-caja-negra-impiden-recuperar-los-datos-del-avion-ruso-derribado-por-turquia\/\" \/>\n\t\t<meta property=\"og:image\" content=\"https:\/\/eldigitaldeasturias.com\/magazine365\/wp-content\/uploads\/2015\/12\/fotonoticia_20151221164033_800.jpg\" \/>\n\t\t<meta property=\"og:image:secure_url\" content=\"https:\/\/eldigitaldeasturias.com\/magazine365\/wp-content\/uploads\/2015\/12\/fotonoticia_20151221164033_800.jpg\" \/>\n\t\t<meta property=\"og:image:width\" content=\"800\" \/>\n\t\t<meta property=\"og:image:height\" content=\"524\" \/>\n\t\t<meta property=\"article:published_time\" content=\"2015-12-25T03:24:50+00:00\" \/>\n\t\t<meta property=\"article:modified_time\" content=\"2015-12-25T03:24:50+00:00\" \/>\n\t\t<meta name=\"twitter:card\" content=\"summary_large_image\" \/>\n\t\t<meta name=\"twitter:title\" content=\"Los da\u00f1os en la caja negra impiden recuperar los datos del avi\u00f3n ruso derribado por Turqu\u00eda | El Digital de Asturias\" \/>\n\t\t<meta name=\"twitter:description\" content=\"El Gobierno de Rusia ha reconocido que es &quot;imposible&quot; leer los datos de la caja negra del avi\u00f3n militar que fue derribado por Turqu\u00eda en la frontera siria y, para conocer algunos detalles de este incidente, a Mosc\u00fa ya s\u00f3lo queda el recurso de leer &quot;directamente&quot; el microchip. El responsable de seguridad a\u00e9rea del Ministerio\" \/>\n\t\t<meta name=\"twitter:image\" content=\"https:\/\/eldigitaldeasturias.com\/magazine365\/wp-content\/uploads\/2015\/12\/fotonoticia_20151221164033_800.jpg\" \/>\n\t\t<script type=\"application\/ld+json\" class=\"aioseo-schema\">\n\t\t\t{\"@context\":\"https:\\\/\\\/schema.org\",\"@graph\":[{\"@type\":\"Article\",\"@id\":\"https:\\\/\\\/eldigitaldeasturias.com\\\/magazine365\\\/los-danos-en-la-caja-negra-impiden-recuperar-los-datos-del-avion-ruso-derribado-por-turquia\\\/#article\",\"name\":\"Los da\\u00f1os en la caja negra impiden recuperar los datos del avi\\u00f3n ruso derribado por Turqu\\u00eda | El Digital de Asturias\",\"headline\":\"Los da\\u00f1os en la caja negra impiden recuperar los datos del avi\\u00f3n ruso derribado por Turqu\\u00eda\",\"author\":{\"@id\":\"https:\\\/\\\/eldigitaldeasturias.com\\\/magazine365\\\/author\\\/admin\\\/#author\"},\"publisher\":{\"@id\":\"https:\\\/\\\/eldigitaldeasturias.com\\\/magazine365\\\/#organization\"},\"image\":{\"@type\":\"ImageObject\",\"url\":\"https:\\\/\\\/eldigitaldeasturias.com\\\/magazine365\\\/wp-content\\\/uploads\\\/2015\\\/12\\\/fotonoticia_20151221164033_800.jpg\",\"width\":800,\"height\":524},\"datePublished\":\"2015-12-25T04:24:50+01:00\",\"dateModified\":\"2015-12-25T04:24:50+01:00\",\"inLanguage\":\"es-ES\",\"mainEntityOfPage\":{\"@id\":\"https:\\\/\\\/eldigitaldeasturias.com\\\/magazine365\\\/los-danos-en-la-caja-negra-impiden-recuperar-los-datos-del-avion-ruso-derribado-por-turquia\\\/#webpage\"},\"isPartOf\":{\"@id\":\"https:\\\/\\\/eldigitaldeasturias.com\\\/magazine365\\\/los-danos-en-la-caja-negra-impiden-recuperar-los-datos-del-avion-ruso-derribado-por-turquia\\\/#webpage\"},\"articleSection\":\"Noticias y Actualidad\"},{\"@type\":\"BreadcrumbList\",\"@id\":\"https:\\\/\\\/eldigitaldeasturias.com\\\/magazine365\\\/los-danos-en-la-caja-negra-impiden-recuperar-los-datos-del-avion-ruso-derribado-por-turquia\\\/#breadcrumblist\",\"itemListElement\":[{\"@type\":\"ListItem\",\"@id\":\"https:\\\/\\\/eldigitaldeasturias.com\\\/magazine365#listItem\",\"position\":1,\"name\":\"Home\",\"item\":\"https:\\\/\\\/eldigitaldeasturias.com\\\/magazine365\",\"nextItem\":{\"@type\":\"ListItem\",\"@id\":\"https:\\\/\\\/eldigitaldeasturias.com\\\/magazine365\\\/category\\\/noticias-actualidad\\\/#listItem\",\"name\":\"Noticias y Actualidad\"}},{\"@type\":\"ListItem\",\"@id\":\"https:\\\/\\\/eldigitaldeasturias.com\\\/magazine365\\\/category\\\/noticias-actualidad\\\/#listItem\",\"position\":2,\"name\":\"Noticias y Actualidad\",\"item\":\"https:\\\/\\\/eldigitaldeasturias.com\\\/magazine365\\\/category\\\/noticias-actualidad\\\/\",\"nextItem\":{\"@type\":\"ListItem\",\"@id\":\"https:\\\/\\\/eldigitaldeasturias.com\\\/magazine365\\\/los-danos-en-la-caja-negra-impiden-recuperar-los-datos-del-avion-ruso-derribado-por-turquia\\\/#listItem\",\"name\":\"Los da\\u00f1os en la caja negra impiden recuperar los datos del avi\\u00f3n ruso derribado por Turqu\\u00eda\"},\"previousItem\":{\"@type\":\"ListItem\",\"@id\":\"https:\\\/\\\/eldigitaldeasturias.com\\\/magazine365#listItem\",\"name\":\"Home\"}},{\"@type\":\"ListItem\",\"@id\":\"https:\\\/\\\/eldigitaldeasturias.com\\\/magazine365\\\/los-danos-en-la-caja-negra-impiden-recuperar-los-datos-del-avion-ruso-derribado-por-turquia\\\/#listItem\",\"position\":3,\"name\":\"Los da\\u00f1os en la caja negra impiden recuperar los datos del avi\\u00f3n ruso derribado por Turqu\\u00eda\",\"previousItem\":{\"@type\":\"ListItem\",\"@id\":\"https:\\\/\\\/eldigitaldeasturias.com\\\/magazine365\\\/category\\\/noticias-actualidad\\\/#listItem\",\"name\":\"Noticias y Actualidad\"}}]},{\"@type\":\"Organization\",\"@id\":\"https:\\\/\\\/eldigitaldeasturias.com\\\/magazine365\\\/#organization\",\"name\":\"El digital de Asturias\",\"description\":\"Revista de ocio, turismo y estilo de vida\",\"url\":\"https:\\\/\\\/eldigitaldeasturias.com\\\/magazine365\\\/\",\"logo\":{\"@type\":\"ImageObject\",\"url\":\"https:\\\/\\\/www.eldigitaldeasturias.com\\\/noticias\\\/wp-content\\\/uploads\\\/2020\\\/12\\\/EDA.jpg\",\"@id\":\"https:\\\/\\\/eldigitaldeasturias.com\\\/magazine365\\\/los-danos-en-la-caja-negra-impiden-recuperar-los-datos-del-avion-ruso-derribado-por-turquia\\\/#organizationLogo\"},\"image\":{\"@id\":\"https:\\\/\\\/eldigitaldeasturias.com\\\/magazine365\\\/los-danos-en-la-caja-negra-impiden-recuperar-los-datos-del-avion-ruso-derribado-por-turquia\\\/#organizationLogo\"}},{\"@type\":\"Person\",\"@id\":\"https:\\\/\\\/eldigitaldeasturias.com\\\/magazine365\\\/author\\\/admin\\\/#author\",\"url\":\"https:\\\/\\\/eldigitaldeasturias.com\\\/magazine365\\\/author\\\/admin\\\/\",\"name\":\"admin\",\"image\":{\"@type\":\"ImageObject\",\"@id\":\"https:\\\/\\\/eldigitaldeasturias.com\\\/magazine365\\\/los-danos-en-la-caja-negra-impiden-recuperar-los-datos-del-avion-ruso-derribado-por-turquia\\\/#authorImage\",\"url\":\"https:\\\/\\\/eldigitaldeasturias.com\\\/magazine365\\\/wp-content\\\/litespeed\\\/avatar\\\/e571bcf59a0edd6fa6838245a470f2fe.jpg?ver=1777574230\",\"width\":96,\"height\":96,\"caption\":\"admin\"}},{\"@type\":\"WebPage\",\"@id\":\"https:\\\/\\\/eldigitaldeasturias.com\\\/magazine365\\\/los-danos-en-la-caja-negra-impiden-recuperar-los-datos-del-avion-ruso-derribado-por-turquia\\\/#webpage\",\"url\":\"https:\\\/\\\/eldigitaldeasturias.com\\\/magazine365\\\/los-danos-en-la-caja-negra-impiden-recuperar-los-datos-del-avion-ruso-derribado-por-turquia\\\/\",\"name\":\"Los da\\u00f1os en la caja negra impiden recuperar los datos del avi\\u00f3n ruso derribado por Turqu\\u00eda | El Digital de Asturias\",\"description\":\"El Gobierno de Rusia ha reconocido que es \\\"imposible\\\" leer los datos de la caja negra del avi\\u00f3n militar que fue derribado por Turqu\\u00eda en la frontera siria y, para conocer algunos detalles de este incidente, a Mosc\\u00fa ya s\\u00f3lo queda el recurso de leer \\\"directamente\\\" el microchip. El responsable de seguridad a\\u00e9rea del Ministerio\",\"inLanguage\":\"es-ES\",\"isPartOf\":{\"@id\":\"https:\\\/\\\/eldigitaldeasturias.com\\\/magazine365\\\/#website\"},\"breadcrumb\":{\"@id\":\"https:\\\/\\\/eldigitaldeasturias.com\\\/magazine365\\\/los-danos-en-la-caja-negra-impiden-recuperar-los-datos-del-avion-ruso-derribado-por-turquia\\\/#breadcrumblist\"},\"author\":{\"@id\":\"https:\\\/\\\/eldigitaldeasturias.com\\\/magazine365\\\/author\\\/admin\\\/#author\"},\"creator\":{\"@id\":\"https:\\\/\\\/eldigitaldeasturias.com\\\/magazine365\\\/author\\\/admin\\\/#author\"},\"image\":{\"@type\":\"ImageObject\",\"url\":\"https:\\\/\\\/eldigitaldeasturias.com\\\/magazine365\\\/wp-content\\\/uploads\\\/2015\\\/12\\\/fotonoticia_20151221164033_800.jpg\",\"@id\":\"https:\\\/\\\/eldigitaldeasturias.com\\\/magazine365\\\/los-danos-en-la-caja-negra-impiden-recuperar-los-datos-del-avion-ruso-derribado-por-turquia\\\/#mainImage\",\"width\":800,\"height\":524},\"primaryImageOfPage\":{\"@id\":\"https:\\\/\\\/eldigitaldeasturias.com\\\/magazine365\\\/los-danos-en-la-caja-negra-impiden-recuperar-los-datos-del-avion-ruso-derribado-por-turquia\\\/#mainImage\"},\"datePublished\":\"2015-12-25T04:24:50+01:00\",\"dateModified\":\"2015-12-25T04:24:50+01:00\"},{\"@type\":\"WebSite\",\"@id\":\"https:\\\/\\\/eldigitaldeasturias.com\\\/magazine365\\\/#website\",\"url\":\"https:\\\/\\\/eldigitaldeasturias.com\\\/magazine365\\\/\",\"name\":\"El Digital de Asturias\",\"description\":\"Revista de ocio, turismo y estilo de vida\",\"inLanguage\":\"es-ES\",\"publisher\":{\"@id\":\"https:\\\/\\\/eldigitaldeasturias.com\\\/magazine365\\\/#organization\"}}]}\n\t\t<\/script>\n\t\t<!-- All in One SEO Pro -->\r\n\t\t<title>Los da\u00f1os en la caja negra impiden recuperar los datos del avi\u00f3n ruso derribado por Turqu\u00eda | El Digital de Asturias<\/title>\n\n","aioseo_head_json":{"title":"Los da\u00f1os en la caja negra impiden recuperar los datos del avi\u00f3n ruso derribado por Turqu\u00eda | El Digital de Asturias","description":"El Gobierno de Rusia ha reconocido que es \"imposible\" leer los datos de la caja negra del avi\u00f3n militar que fue derribado por Turqu\u00eda en la frontera siria y, para conocer algunos detalles de este incidente, a Mosc\u00fa ya s\u00f3lo queda el recurso de leer \"directamente\" el microchip. El responsable de seguridad a\u00e9rea del Ministerio","canonical_url":"https:\/\/eldigitaldeasturias.com\/magazine365\/los-danos-en-la-caja-negra-impiden-recuperar-los-datos-del-avion-ruso-derribado-por-turquia\/","robots":"max-image-preview:large","keywords":"noticias y actualidad","webmasterTools":{"google-site-verification":"UA-38556648-1","miscellaneous":""},"schema":{"@context":"https:\/\/schema.org","@graph":[{"@type":"Article","@id":"https:\/\/eldigitaldeasturias.com\/magazine365\/los-danos-en-la-caja-negra-impiden-recuperar-los-datos-del-avion-ruso-derribado-por-turquia\/#article","name":"Los da\u00f1os en la caja negra impiden recuperar los datos del avi\u00f3n ruso derribado por Turqu\u00eda | El Digital de Asturias","headline":"Los da\u00f1os en la caja negra impiden recuperar los datos del avi\u00f3n ruso derribado por Turqu\u00eda","author":{"@id":"https:\/\/eldigitaldeasturias.com\/magazine365\/author\/admin\/#author"},"publisher":{"@id":"https:\/\/eldigitaldeasturias.com\/magazine365\/#organization"},"image":{"@type":"ImageObject","url":"https:\/\/eldigitaldeasturias.com\/magazine365\/wp-content\/uploads\/2015\/12\/fotonoticia_20151221164033_800.jpg","width":800,"height":524},"datePublished":"2015-12-25T04:24:50+01:00","dateModified":"2015-12-25T04:24:50+01:00","inLanguage":"es-ES","mainEntityOfPage":{"@id":"https:\/\/eldigitaldeasturias.com\/magazine365\/los-danos-en-la-caja-negra-impiden-recuperar-los-datos-del-avion-ruso-derribado-por-turquia\/#webpage"},"isPartOf":{"@id":"https:\/\/eldigitaldeasturias.com\/magazine365\/los-danos-en-la-caja-negra-impiden-recuperar-los-datos-del-avion-ruso-derribado-por-turquia\/#webpage"},"articleSection":"Noticias y Actualidad"},{"@type":"BreadcrumbList","@id":"https:\/\/eldigitaldeasturias.com\/magazine365\/los-danos-en-la-caja-negra-impiden-recuperar-los-datos-del-avion-ruso-derribado-por-turquia\/#breadcrumblist","itemListElement":[{"@type":"ListItem","@id":"https:\/\/eldigitaldeasturias.com\/magazine365#listItem","position":1,"name":"Home","item":"https:\/\/eldigitaldeasturias.com\/magazine365","nextItem":{"@type":"ListItem","@id":"https:\/\/eldigitaldeasturias.com\/magazine365\/category\/noticias-actualidad\/#listItem","name":"Noticias y Actualidad"}},{"@type":"ListItem","@id":"https:\/\/eldigitaldeasturias.com\/magazine365\/category\/noticias-actualidad\/#listItem","position":2,"name":"Noticias y Actualidad","item":"https:\/\/eldigitaldeasturias.com\/magazine365\/category\/noticias-actualidad\/","nextItem":{"@type":"ListItem","@id":"https:\/\/eldigitaldeasturias.com\/magazine365\/los-danos-en-la-caja-negra-impiden-recuperar-los-datos-del-avion-ruso-derribado-por-turquia\/#listItem","name":"Los da\u00f1os en la caja negra impiden recuperar los datos del avi\u00f3n ruso derribado por Turqu\u00eda"},"previousItem":{"@type":"ListItem","@id":"https:\/\/eldigitaldeasturias.com\/magazine365#listItem","name":"Home"}},{"@type":"ListItem","@id":"https:\/\/eldigitaldeasturias.com\/magazine365\/los-danos-en-la-caja-negra-impiden-recuperar-los-datos-del-avion-ruso-derribado-por-turquia\/#listItem","position":3,"name":"Los da\u00f1os en la caja negra impiden recuperar los datos del avi\u00f3n ruso derribado por Turqu\u00eda","previousItem":{"@type":"ListItem","@id":"https:\/\/eldigitaldeasturias.com\/magazine365\/category\/noticias-actualidad\/#listItem","name":"Noticias y Actualidad"}}]},{"@type":"Organization","@id":"https:\/\/eldigitaldeasturias.com\/magazine365\/#organization","name":"El digital de Asturias","description":"Revista de ocio, turismo y estilo de vida","url":"https:\/\/eldigitaldeasturias.com\/magazine365\/","logo":{"@type":"ImageObject","url":"https:\/\/www.eldigitaldeasturias.com\/noticias\/wp-content\/uploads\/2020\/12\/EDA.jpg","@id":"https:\/\/eldigitaldeasturias.com\/magazine365\/los-danos-en-la-caja-negra-impiden-recuperar-los-datos-del-avion-ruso-derribado-por-turquia\/#organizationLogo"},"image":{"@id":"https:\/\/eldigitaldeasturias.com\/magazine365\/los-danos-en-la-caja-negra-impiden-recuperar-los-datos-del-avion-ruso-derribado-por-turquia\/#organizationLogo"}},{"@type":"Person","@id":"https:\/\/eldigitaldeasturias.com\/magazine365\/author\/admin\/#author","url":"https:\/\/eldigitaldeasturias.com\/magazine365\/author\/admin\/","name":"admin","image":{"@type":"ImageObject","@id":"https:\/\/eldigitaldeasturias.com\/magazine365\/los-danos-en-la-caja-negra-impiden-recuperar-los-datos-del-avion-ruso-derribado-por-turquia\/#authorImage","url":"https:\/\/eldigitaldeasturias.com\/magazine365\/wp-content\/litespeed\/avatar\/e571bcf59a0edd6fa6838245a470f2fe.jpg?ver=1777574230","width":96,"height":96,"caption":"admin"}},{"@type":"WebPage","@id":"https:\/\/eldigitaldeasturias.com\/magazine365\/los-danos-en-la-caja-negra-impiden-recuperar-los-datos-del-avion-ruso-derribado-por-turquia\/#webpage","url":"https:\/\/eldigitaldeasturias.com\/magazine365\/los-danos-en-la-caja-negra-impiden-recuperar-los-datos-del-avion-ruso-derribado-por-turquia\/","name":"Los da\u00f1os en la caja negra impiden recuperar los datos del avi\u00f3n ruso derribado por Turqu\u00eda | El Digital de Asturias","description":"El Gobierno de Rusia ha reconocido que es \"imposible\" leer los datos de la caja negra del avi\u00f3n militar que fue derribado por Turqu\u00eda en la frontera siria y, para conocer algunos detalles de este incidente, a Mosc\u00fa ya s\u00f3lo queda el recurso de leer \"directamente\" el microchip. El responsable de seguridad a\u00e9rea del Ministerio","inLanguage":"es-ES","isPartOf":{"@id":"https:\/\/eldigitaldeasturias.com\/magazine365\/#website"},"breadcrumb":{"@id":"https:\/\/eldigitaldeasturias.com\/magazine365\/los-danos-en-la-caja-negra-impiden-recuperar-los-datos-del-avion-ruso-derribado-por-turquia\/#breadcrumblist"},"author":{"@id":"https:\/\/eldigitaldeasturias.com\/magazine365\/author\/admin\/#author"},"creator":{"@id":"https:\/\/eldigitaldeasturias.com\/magazine365\/author\/admin\/#author"},"image":{"@type":"ImageObject","url":"https:\/\/eldigitaldeasturias.com\/magazine365\/wp-content\/uploads\/2015\/12\/fotonoticia_20151221164033_800.jpg","@id":"https:\/\/eldigitaldeasturias.com\/magazine365\/los-danos-en-la-caja-negra-impiden-recuperar-los-datos-del-avion-ruso-derribado-por-turquia\/#mainImage","width":800,"height":524},"primaryImageOfPage":{"@id":"https:\/\/eldigitaldeasturias.com\/magazine365\/los-danos-en-la-caja-negra-impiden-recuperar-los-datos-del-avion-ruso-derribado-por-turquia\/#mainImage"},"datePublished":"2015-12-25T04:24:50+01:00","dateModified":"2015-12-25T04:24:50+01:00"},{"@type":"WebSite","@id":"https:\/\/eldigitaldeasturias.com\/magazine365\/#website","url":"https:\/\/eldigitaldeasturias.com\/magazine365\/","name":"El Digital de Asturias","description":"Revista de ocio, turismo y estilo de vida","inLanguage":"es-ES","publisher":{"@id":"https:\/\/eldigitaldeasturias.com\/magazine365\/#organization"}}]},"og:locale":"es_ES","og:site_name":"El Digital de Asturias \u2013 Revista de ocio, turismo y estilo de vida","og:type":"article","og:title":"Los da\u00f1os en la caja negra impiden recuperar los datos del avi\u00f3n ruso derribado por Turqu\u00eda | El Digital de Asturias","og:description":"El Gobierno de Rusia ha reconocido que es &quot;imposible&quot; leer los datos de la caja negra del avi\u00f3n militar que fue derribado por Turqu\u00eda en la frontera siria y, para conocer algunos detalles de este incidente, a Mosc\u00fa ya s\u00f3lo queda el recurso de leer &quot;directamente&quot; el microchip. El responsable de seguridad a\u00e9rea del Ministerio","og:url":"https:\/\/eldigitaldeasturias.com\/magazine365\/los-danos-en-la-caja-negra-impiden-recuperar-los-datos-del-avion-ruso-derribado-por-turquia\/","og:image":"https:\/\/eldigitaldeasturias.com\/magazine365\/wp-content\/uploads\/2015\/12\/fotonoticia_20151221164033_800.jpg","og:image:secure_url":"https:\/\/eldigitaldeasturias.com\/magazine365\/wp-content\/uploads\/2015\/12\/fotonoticia_20151221164033_800.jpg","og:image:width":800,"og:image:height":524,"article:published_time":"2015-12-25T03:24:50+00:00","article:modified_time":"2015-12-25T03:24:50+00:00","twitter:card":"summary_large_image","twitter:title":"Los da\u00f1os en la caja negra impiden recuperar los datos del avi\u00f3n ruso derribado por Turqu\u00eda | El Digital de Asturias","twitter:description":"El Gobierno de Rusia ha reconocido que es &quot;imposible&quot; leer los datos de la caja negra del avi\u00f3n militar que fue derribado por Turqu\u00eda en la frontera siria y, para conocer algunos detalles de este incidente, a Mosc\u00fa ya s\u00f3lo queda el recurso de leer &quot;directamente&quot; el microchip. El responsable de seguridad a\u00e9rea del Ministerio","twitter:image":"https:\/\/eldigitaldeasturias.com\/magazine365\/wp-content\/uploads\/2015\/12\/fotonoticia_20151221164033_800.jpg"},"aioseo_meta_data":{"post_id":"59087","title":null,"description":null,"keywords":null,"keyphrases":null,"primary_term":null,"canonical_url":null,"og_title":null,"og_description":null,"og_object_type":"default","og_image_type":"default","og_image_url":null,"og_image_width":null,"og_image_height":null,"og_image_custom_url":null,"og_image_custom_fields":null,"og_video":null,"og_custom_url":null,"og_article_section":null,"og_article_tags":null,"twitter_use_og":false,"twitter_card":"default","twitter_image_type":"default","twitter_image_url":null,"twitter_image_custom_url":null,"twitter_image_custom_fields":null,"twitter_title":null,"twitter_description":null,"schema":{"blockGraphs":[],"customGraphs":[],"default":{"data":{"Article":[],"Course":[],"Dataset":[],"FAQPage":[],"Movie":[],"Person":[],"Product":[],"ProductReview":[],"Car":[],"Recipe":[],"Service":[],"SoftwareApplication":[],"WebPage":[]},"graphName":"","isEnabled":true},"graphs":[],"defaultGraph":"","defaultPostTypeGraph":""},"schema_type":null,"schema_type_options":null,"pillar_content":false,"robots_default":true,"robots_noindex":false,"robots_noarchive":false,"robots_nosnippet":false,"robots_nofollow":false,"robots_noimageindex":false,"robots_noodp":false,"robots_notranslate":false,"robots_max_snippet":null,"robots_max_videopreview":null,"robots_max_imagepreview":"large","priority":null,"frequency":null,"location":null,"local_seo":null,"seo_analyzer_scan_date":"2025-09-25 04:14:23","breadcrumb_settings":null,"limit_modified_date":false,"open_ai":null,"ai":null,"created":"2021-03-08 22:21:58","updated":"2025-09-25 04:14:23"},"aioseo_breadcrumb":"<div class=\"aioseo-breadcrumbs\"><span class=\"aioseo-breadcrumb\">\n\t<a href=\"https:\/\/eldigitaldeasturias.com\/magazine365\" title=\"Home\">Home<\/a>\n<\/span><span class=\"aioseo-breadcrumb-separator\">\u2013<\/span><span class=\"aioseo-breadcrumb\">\n\t<a href=\"https:\/\/eldigitaldeasturias.com\/magazine365\/category\/noticias-actualidad\/\" title=\"Noticias y Actualidad\">Noticias y Actualidad<\/a>\n<\/span><span class=\"aioseo-breadcrumb-separator\">\u2013<\/span><span class=\"aioseo-breadcrumb\">\n\t<a href=\"https:\/\/eldigitaldeasturias.com\/magazine365\/los-danos-en-la-caja-negra-impiden-recuperar-los-datos-del-avion-ruso-derribado-por-turquia\/\" title=\"Los da\u00f1os en la caja negra impiden recuperar los datos del avi\u00f3n ruso derribado por Turqu\u00eda\">Los da\u00f1os en la caja negra impiden recuperar los datos del avi\u00f3n ruso derribado por Turqu\u00eda<\/a>\n<\/span><\/div>","aioseo_breadcrumb_json":[{"label":"Home","link":"https:\/\/eldigitaldeasturias.com\/magazine365"},{"label":"Noticias y Actualidad","link":"https:\/\/eldigitaldeasturias.com\/magazine365\/category\/noticias-actualidad\/"},{"label":"Los da\u00f1os en la caja negra impiden recuperar los datos del avi\u00f3n ruso derribado por Turqu\u00eda","link":"https:\/\/eldigitaldeasturias.com\/magazine365\/los-danos-en-la-caja-negra-impiden-recuperar-los-datos-del-avion-ruso-derribado-por-turquia\/"}],"_links":{"self":[{"href":"https:\/\/eldigitaldeasturias.com\/magazine365\/wp-json\/wp\/v2\/posts\/59087","targetHints":{"allow":["GET"]}}],"collection":[{"href":"https:\/\/eldigitaldeasturias.com\/magazine365\/wp-json\/wp\/v2\/posts"}],"about":[{"href":"https:\/\/eldigitaldeasturias.com\/magazine365\/wp-json\/wp\/v2\/types\/post"}],"author":[{"embeddable":true,"href":"https:\/\/eldigitaldeasturias.com\/magazine365\/wp-json\/wp\/v2\/users\/1"}],"replies":[{"embeddable":true,"href":"https:\/\/eldigitaldeasturias.com\/magazine365\/wp-json\/wp\/v2\/comments?post=59087"}],"version-history":[{"count":0,"href":"https:\/\/eldigitaldeasturias.com\/magazine365\/wp-json\/wp\/v2\/posts\/59087\/revisions"}],"wp:featuredmedia":[{"embeddable":true,"href":"https:\/\/eldigitaldeasturias.com\/magazine365\/wp-json\/wp\/v2\/media\/59088"}],"wp:attachment":[{"href":"https:\/\/eldigitaldeasturias.com\/magazine365\/wp-json\/wp\/v2\/media?parent=59087"}],"wp:term":[{"taxonomy":"category","embeddable":true,"href":"https:\/\/eldigitaldeasturias.com\/magazine365\/wp-json\/wp\/v2\/categories?post=59087"},{"taxonomy":"post_tag","embeddable":true,"href":"https:\/\/eldigitaldeasturias.com\/magazine365\/wp-json\/wp\/v2\/tags?post=59087"}],"curies":[{"name":"wp","href":"https:\/\/api.w.org\/{rel}","templated":true}]}}