{"id":59084,"date":"2015-12-25T04:23:17","date_gmt":"2015-12-25T03:23:17","guid":{"rendered":"http:\/\/eldigitaldeasturias.com\/magazine365\/?p=59084"},"modified":"2015-12-25T04:23:17","modified_gmt":"2015-12-25T03:23:17","slug":"francia-detiene-a-una-persona-por-falsa-alarma-de-bomba-en-un-avion-de-air-france","status":"publish","type":"post","link":"https:\/\/eldigitaldeasturias.com\/magazine365\/francia-detiene-a-una-persona-por-falsa-alarma-de-bomba-en-un-avion-de-air-france\/","title":{"rendered":"Francia detiene a una persona por falsa alarma de bomba en un avi\u00f3n de Air France"},"content":{"rendered":"<p><img fetchpriority=\"high\" decoding=\"async\" class=\"alignleft size-medium wp-image-59085\" src=\"https:\/\/eldigitaldeasturias.com\/magazine365\/wp-content\/uploads\/2015\/12\/fotonoticia_20151221163840_800-360x288.jpg\" alt=\"fotonoticia_20151221163840_800\" width=\"360\" height=\"288\" srcset=\"https:\/\/eldigitaldeasturias.com\/magazine365\/wp-content\/uploads\/2015\/12\/fotonoticia_20151221163840_800-360x288.jpg 360w, https:\/\/eldigitaldeasturias.com\/magazine365\/wp-content\/uploads\/2015\/12\/fotonoticia_20151221163840_800-650x520.jpg 650w, https:\/\/eldigitaldeasturias.com\/magazine365\/wp-content\/uploads\/2015\/12\/fotonoticia_20151221163840_800-768x614.jpg 768w, https:\/\/eldigitaldeasturias.com\/magazine365\/wp-content\/uploads\/2015\/12\/fotonoticia_20151221163840_800-150x120.jpg 150w, https:\/\/eldigitaldeasturias.com\/magazine365\/wp-content\/uploads\/2015\/12\/fotonoticia_20151221163840_800-450x360.jpg 450w, https:\/\/eldigitaldeasturias.com\/magazine365\/wp-content\/uploads\/2015\/12\/fotonoticia_20151221163840_800-696x557.jpg 696w, https:\/\/eldigitaldeasturias.com\/magazine365\/wp-content\/uploads\/2015\/12\/fotonoticia_20151221163840_800-525x420.jpg 525w, https:\/\/eldigitaldeasturias.com\/magazine365\/wp-content\/uploads\/2015\/12\/fotonoticia_20151221163840_800.jpg 800w\" sizes=\"(max-width: 360px) 100vw, 360px\" \/>Las fuerzas de seguridad francesas han detenido a un hombre por su supuesta responsabilidad en la falsa alerta de bomba que oblig\u00f3 el domingo a aterrizar de emergencia a un avi\u00f3n de la compa\u00f1\u00eda Air France que cubr\u00eda la ruta entre Isla Mauricio y Francia.<\/p>\n<p>La tripulaci\u00f3n del vuelo, en el que viajaban 473 personas, decidi\u00f3 desviar la aeronave y aterrizar en el aeropuerto m\u00e1s cercano &#8211;el de Mombasa, en Kenia&#8211; despu\u00e9s de localizar un objeto sospechoso en el lavabo.<\/p>\n<p>Tras horas de incertidumbre, se descart\u00f3 que se tratase de un artefacto explosivo. La direcci\u00f3n de la aerol\u00ednea confirm\u00f3 que la supuesta bomba era en realidad \u00abun conjunto de cartones y una especie de temporizador.<\/p>\n<p>Las autoridades galas han puesto bajo custodia a un pasajero como posible responsable de esta falsa alarma. Aunque oficialmente no han trascendido detalles sobre su identidad, la cadena BFMTV ha asegurado que se trata de un hombre de 58 a\u00f1os que se ha identificado como \u00abun antiguo polic\u00eda\u00bb.<\/p>\n<p>El detenido podr\u00eda ser juzgado por entorpecer la circulaci\u00f3n de aeronaves y poner en peligro vidas ajenas, seg\u00fan las investigaciones abiertas por la Fiscal\u00eda de Bobigny. Su mujer y varios miembros de la tripulaci\u00f3n declarar\u00e1n en estas pesquisas como testigos.<\/p>\n","protected":false},"excerpt":{"rendered":"<p>Las fuerzas de seguridad francesas han detenido a un hombre por su supuesta responsabilidad en la falsa alerta de bomba que oblig\u00f3 el domingo a aterrizar de emergencia a un avi\u00f3n de la compa\u00f1\u00eda Air France que cubr\u00eda la ruta entre Isla Mauricio y Francia. La tripulaci\u00f3n del vuelo, en el que viajaban 473 personas,<\/p>\n","protected":false},"author":1,"featured_media":59085,"comment_status":"open","ping_status":"closed","sticky":false,"template":"","format":"standard","meta":{"footnotes":""},"categories":[224],"tags":[],"class_list":{"0":"post-59084","1":"post","2":"type-post","3":"status-publish","4":"format-standard","5":"has-post-thumbnail","7":"category-noticias-actualidad"},"aioseo_notices":[],"aioseo_head":"\n\t\t<!-- All in One SEO Pro 4.9.6.1 - aioseo.com -->\n\t<meta name=\"description\" content=\"Las fuerzas de seguridad francesas han detenido a un hombre por su supuesta responsabilidad en la falsa alerta de bomba que oblig\u00f3 el domingo a aterrizar de emergencia a un avi\u00f3n de la compa\u00f1\u00eda Air France que cubr\u00eda la ruta entre Isla Mauricio y Francia. La tripulaci\u00f3n del vuelo, en el que viajaban 473 personas,\" \/>\n\t<meta name=\"robots\" content=\"max-image-preview:large\" \/>\n\t<meta name=\"author\" content=\"admin\"\/>\n\t<meta name=\"google-site-verification\" content=\"UA-38556648-1\" \/>\n\t<meta name=\"keywords\" content=\"noticias y actualidad\" \/>\n\t<link rel=\"canonical\" href=\"https:\/\/eldigitaldeasturias.com\/magazine365\/francia-detiene-a-una-persona-por-falsa-alarma-de-bomba-en-un-avion-de-air-france\/\" \/>\n\t<meta name=\"generator\" content=\"All in One SEO Pro (AIOSEO) 4.9.6.1\" \/>\n\t\t<meta property=\"og:locale\" content=\"es_ES\" \/>\n\t\t<meta property=\"og:site_name\" content=\"El Digital de Asturias \u2013 Revista de ocio, turismo y estilo de vida\" \/>\n\t\t<meta property=\"og:type\" content=\"article\" \/>\n\t\t<meta property=\"og:title\" content=\"Francia detiene a una persona por falsa alarma de bomba en un avi\u00f3n de Air France | El Digital de Asturias\" \/>\n\t\t<meta property=\"og:description\" content=\"Las fuerzas de seguridad francesas han detenido a un hombre por su supuesta responsabilidad en la falsa alerta de bomba que oblig\u00f3 el domingo a aterrizar de emergencia a un avi\u00f3n de la compa\u00f1\u00eda Air France que cubr\u00eda la ruta entre Isla Mauricio y Francia. La tripulaci\u00f3n del vuelo, en el que viajaban 473 personas,\" \/>\n\t\t<meta property=\"og:url\" content=\"https:\/\/eldigitaldeasturias.com\/magazine365\/francia-detiene-a-una-persona-por-falsa-alarma-de-bomba-en-un-avion-de-air-france\/\" \/>\n\t\t<meta property=\"og:image\" content=\"https:\/\/eldigitaldeasturias.com\/magazine365\/wp-content\/uploads\/2015\/12\/fotonoticia_20151221163840_800.jpg\" \/>\n\t\t<meta property=\"og:image:secure_url\" content=\"https:\/\/eldigitaldeasturias.com\/magazine365\/wp-content\/uploads\/2015\/12\/fotonoticia_20151221163840_800.jpg\" \/>\n\t\t<meta property=\"og:image:width\" content=\"800\" \/>\n\t\t<meta property=\"og:image:height\" content=\"640\" \/>\n\t\t<meta property=\"article:published_time\" content=\"2015-12-25T03:23:17+00:00\" \/>\n\t\t<meta property=\"article:modified_time\" content=\"2015-12-25T03:23:17+00:00\" \/>\n\t\t<meta name=\"twitter:card\" content=\"summary_large_image\" \/>\n\t\t<meta name=\"twitter:title\" content=\"Francia detiene a una persona por falsa alarma de bomba en un avi\u00f3n de Air France | El Digital de Asturias\" \/>\n\t\t<meta name=\"twitter:description\" content=\"Las fuerzas de seguridad francesas han detenido a un hombre por su supuesta responsabilidad en la falsa alerta de bomba que oblig\u00f3 el domingo a aterrizar de emergencia a un avi\u00f3n de la compa\u00f1\u00eda Air France que cubr\u00eda la ruta entre Isla Mauricio y Francia. La tripulaci\u00f3n del vuelo, en el que viajaban 473 personas,\" \/>\n\t\t<meta name=\"twitter:image\" content=\"https:\/\/eldigitaldeasturias.com\/magazine365\/wp-content\/uploads\/2015\/12\/fotonoticia_20151221163840_800.jpg\" \/>\n\t\t<script type=\"application\/ld+json\" class=\"aioseo-schema\">\n\t\t\t{\"@context\":\"https:\\\/\\\/schema.org\",\"@graph\":[{\"@type\":\"Article\",\"@id\":\"https:\\\/\\\/eldigitaldeasturias.com\\\/magazine365\\\/francia-detiene-a-una-persona-por-falsa-alarma-de-bomba-en-un-avion-de-air-france\\\/#article\",\"name\":\"Francia detiene a una persona por falsa alarma de bomba en un avi\\u00f3n de Air France | El Digital de Asturias\",\"headline\":\"Francia detiene a una persona por falsa alarma de bomba en un avi\\u00f3n de Air France\",\"author\":{\"@id\":\"https:\\\/\\\/eldigitaldeasturias.com\\\/magazine365\\\/author\\\/admin\\\/#author\"},\"publisher\":{\"@id\":\"https:\\\/\\\/eldigitaldeasturias.com\\\/magazine365\\\/#organization\"},\"image\":{\"@type\":\"ImageObject\",\"url\":\"https:\\\/\\\/eldigitaldeasturias.com\\\/magazine365\\\/wp-content\\\/uploads\\\/2015\\\/12\\\/fotonoticia_20151221163840_800.jpg\",\"width\":800,\"height\":640},\"datePublished\":\"2015-12-25T04:23:17+01:00\",\"dateModified\":\"2015-12-25T04:23:17+01:00\",\"inLanguage\":\"es-ES\",\"mainEntityOfPage\":{\"@id\":\"https:\\\/\\\/eldigitaldeasturias.com\\\/magazine365\\\/francia-detiene-a-una-persona-por-falsa-alarma-de-bomba-en-un-avion-de-air-france\\\/#webpage\"},\"isPartOf\":{\"@id\":\"https:\\\/\\\/eldigitaldeasturias.com\\\/magazine365\\\/francia-detiene-a-una-persona-por-falsa-alarma-de-bomba-en-un-avion-de-air-france\\\/#webpage\"},\"articleSection\":\"Noticias y Actualidad\"},{\"@type\":\"BreadcrumbList\",\"@id\":\"https:\\\/\\\/eldigitaldeasturias.com\\\/magazine365\\\/francia-detiene-a-una-persona-por-falsa-alarma-de-bomba-en-un-avion-de-air-france\\\/#breadcrumblist\",\"itemListElement\":[{\"@type\":\"ListItem\",\"@id\":\"https:\\\/\\\/eldigitaldeasturias.com\\\/magazine365#listItem\",\"position\":1,\"name\":\"Home\",\"item\":\"https:\\\/\\\/eldigitaldeasturias.com\\\/magazine365\",\"nextItem\":{\"@type\":\"ListItem\",\"@id\":\"https:\\\/\\\/eldigitaldeasturias.com\\\/magazine365\\\/category\\\/noticias-actualidad\\\/#listItem\",\"name\":\"Noticias y Actualidad\"}},{\"@type\":\"ListItem\",\"@id\":\"https:\\\/\\\/eldigitaldeasturias.com\\\/magazine365\\\/category\\\/noticias-actualidad\\\/#listItem\",\"position\":2,\"name\":\"Noticias y Actualidad\",\"item\":\"https:\\\/\\\/eldigitaldeasturias.com\\\/magazine365\\\/category\\\/noticias-actualidad\\\/\",\"nextItem\":{\"@type\":\"ListItem\",\"@id\":\"https:\\\/\\\/eldigitaldeasturias.com\\\/magazine365\\\/francia-detiene-a-una-persona-por-falsa-alarma-de-bomba-en-un-avion-de-air-france\\\/#listItem\",\"name\":\"Francia detiene a una persona por falsa alarma de bomba en un avi\\u00f3n de Air France\"},\"previousItem\":{\"@type\":\"ListItem\",\"@id\":\"https:\\\/\\\/eldigitaldeasturias.com\\\/magazine365#listItem\",\"name\":\"Home\"}},{\"@type\":\"ListItem\",\"@id\":\"https:\\\/\\\/eldigitaldeasturias.com\\\/magazine365\\\/francia-detiene-a-una-persona-por-falsa-alarma-de-bomba-en-un-avion-de-air-france\\\/#listItem\",\"position\":3,\"name\":\"Francia detiene a una persona por falsa alarma de bomba en un avi\\u00f3n de Air France\",\"previousItem\":{\"@type\":\"ListItem\",\"@id\":\"https:\\\/\\\/eldigitaldeasturias.com\\\/magazine365\\\/category\\\/noticias-actualidad\\\/#listItem\",\"name\":\"Noticias y Actualidad\"}}]},{\"@type\":\"Organization\",\"@id\":\"https:\\\/\\\/eldigitaldeasturias.com\\\/magazine365\\\/#organization\",\"name\":\"El digital de Asturias\",\"description\":\"Revista de ocio, turismo y estilo de vida\",\"url\":\"https:\\\/\\\/eldigitaldeasturias.com\\\/magazine365\\\/\",\"logo\":{\"@type\":\"ImageObject\",\"url\":\"https:\\\/\\\/www.eldigitaldeasturias.com\\\/noticias\\\/wp-content\\\/uploads\\\/2020\\\/12\\\/EDA.jpg\",\"@id\":\"https:\\\/\\\/eldigitaldeasturias.com\\\/magazine365\\\/francia-detiene-a-una-persona-por-falsa-alarma-de-bomba-en-un-avion-de-air-france\\\/#organizationLogo\"},\"image\":{\"@id\":\"https:\\\/\\\/eldigitaldeasturias.com\\\/magazine365\\\/francia-detiene-a-una-persona-por-falsa-alarma-de-bomba-en-un-avion-de-air-france\\\/#organizationLogo\"}},{\"@type\":\"Person\",\"@id\":\"https:\\\/\\\/eldigitaldeasturias.com\\\/magazine365\\\/author\\\/admin\\\/#author\",\"url\":\"https:\\\/\\\/eldigitaldeasturias.com\\\/magazine365\\\/author\\\/admin\\\/\",\"name\":\"admin\",\"image\":{\"@type\":\"ImageObject\",\"@id\":\"https:\\\/\\\/eldigitaldeasturias.com\\\/magazine365\\\/francia-detiene-a-una-persona-por-falsa-alarma-de-bomba-en-un-avion-de-air-france\\\/#authorImage\",\"url\":\"https:\\\/\\\/eldigitaldeasturias.com\\\/magazine365\\\/wp-content\\\/litespeed\\\/avatar\\\/e571bcf59a0edd6fa6838245a470f2fe.jpg?ver=1777574230\",\"width\":96,\"height\":96,\"caption\":\"admin\"}},{\"@type\":\"WebPage\",\"@id\":\"https:\\\/\\\/eldigitaldeasturias.com\\\/magazine365\\\/francia-detiene-a-una-persona-por-falsa-alarma-de-bomba-en-un-avion-de-air-france\\\/#webpage\",\"url\":\"https:\\\/\\\/eldigitaldeasturias.com\\\/magazine365\\\/francia-detiene-a-una-persona-por-falsa-alarma-de-bomba-en-un-avion-de-air-france\\\/\",\"name\":\"Francia detiene a una persona por falsa alarma de bomba en un avi\\u00f3n de Air France | El Digital de Asturias\",\"description\":\"Las fuerzas de seguridad francesas han detenido a un hombre por su supuesta responsabilidad en la falsa alerta de bomba que oblig\\u00f3 el domingo a aterrizar de emergencia a un avi\\u00f3n de la compa\\u00f1\\u00eda Air France que cubr\\u00eda la ruta entre Isla Mauricio y Francia. La tripulaci\\u00f3n del vuelo, en el que viajaban 473 personas,\",\"inLanguage\":\"es-ES\",\"isPartOf\":{\"@id\":\"https:\\\/\\\/eldigitaldeasturias.com\\\/magazine365\\\/#website\"},\"breadcrumb\":{\"@id\":\"https:\\\/\\\/eldigitaldeasturias.com\\\/magazine365\\\/francia-detiene-a-una-persona-por-falsa-alarma-de-bomba-en-un-avion-de-air-france\\\/#breadcrumblist\"},\"author\":{\"@id\":\"https:\\\/\\\/eldigitaldeasturias.com\\\/magazine365\\\/author\\\/admin\\\/#author\"},\"creator\":{\"@id\":\"https:\\\/\\\/eldigitaldeasturias.com\\\/magazine365\\\/author\\\/admin\\\/#author\"},\"image\":{\"@type\":\"ImageObject\",\"url\":\"https:\\\/\\\/eldigitaldeasturias.com\\\/magazine365\\\/wp-content\\\/uploads\\\/2015\\\/12\\\/fotonoticia_20151221163840_800.jpg\",\"@id\":\"https:\\\/\\\/eldigitaldeasturias.com\\\/magazine365\\\/francia-detiene-a-una-persona-por-falsa-alarma-de-bomba-en-un-avion-de-air-france\\\/#mainImage\",\"width\":800,\"height\":640},\"primaryImageOfPage\":{\"@id\":\"https:\\\/\\\/eldigitaldeasturias.com\\\/magazine365\\\/francia-detiene-a-una-persona-por-falsa-alarma-de-bomba-en-un-avion-de-air-france\\\/#mainImage\"},\"datePublished\":\"2015-12-25T04:23:17+01:00\",\"dateModified\":\"2015-12-25T04:23:17+01:00\"},{\"@type\":\"WebSite\",\"@id\":\"https:\\\/\\\/eldigitaldeasturias.com\\\/magazine365\\\/#website\",\"url\":\"https:\\\/\\\/eldigitaldeasturias.com\\\/magazine365\\\/\",\"name\":\"El Digital de Asturias\",\"description\":\"Revista de ocio, turismo y estilo de vida\",\"inLanguage\":\"es-ES\",\"publisher\":{\"@id\":\"https:\\\/\\\/eldigitaldeasturias.com\\\/magazine365\\\/#organization\"}}]}\n\t\t<\/script>\n\t\t<!-- All in One SEO Pro -->\r\n\t\t<title>Francia detiene a una persona por falsa alarma de bomba en un avi\u00f3n de Air France | El Digital de Asturias<\/title>\n\n","aioseo_head_json":{"title":"Francia detiene a una persona por falsa alarma de bomba en un avi\u00f3n de Air France | El Digital de Asturias","description":"Las fuerzas de seguridad francesas han detenido a un hombre por su supuesta responsabilidad en la falsa alerta de bomba que oblig\u00f3 el domingo a aterrizar de emergencia a un avi\u00f3n de la compa\u00f1\u00eda Air France que cubr\u00eda la ruta entre Isla Mauricio y Francia. La tripulaci\u00f3n del vuelo, en el que viajaban 473 personas,","canonical_url":"https:\/\/eldigitaldeasturias.com\/magazine365\/francia-detiene-a-una-persona-por-falsa-alarma-de-bomba-en-un-avion-de-air-france\/","robots":"max-image-preview:large","keywords":"noticias y actualidad","webmasterTools":{"google-site-verification":"UA-38556648-1","miscellaneous":""},"schema":{"@context":"https:\/\/schema.org","@graph":[{"@type":"Article","@id":"https:\/\/eldigitaldeasturias.com\/magazine365\/francia-detiene-a-una-persona-por-falsa-alarma-de-bomba-en-un-avion-de-air-france\/#article","name":"Francia detiene a una persona por falsa alarma de bomba en un avi\u00f3n de Air France | El Digital de Asturias","headline":"Francia detiene a una persona por falsa alarma de bomba en un avi\u00f3n de Air France","author":{"@id":"https:\/\/eldigitaldeasturias.com\/magazine365\/author\/admin\/#author"},"publisher":{"@id":"https:\/\/eldigitaldeasturias.com\/magazine365\/#organization"},"image":{"@type":"ImageObject","url":"https:\/\/eldigitaldeasturias.com\/magazine365\/wp-content\/uploads\/2015\/12\/fotonoticia_20151221163840_800.jpg","width":800,"height":640},"datePublished":"2015-12-25T04:23:17+01:00","dateModified":"2015-12-25T04:23:17+01:00","inLanguage":"es-ES","mainEntityOfPage":{"@id":"https:\/\/eldigitaldeasturias.com\/magazine365\/francia-detiene-a-una-persona-por-falsa-alarma-de-bomba-en-un-avion-de-air-france\/#webpage"},"isPartOf":{"@id":"https:\/\/eldigitaldeasturias.com\/magazine365\/francia-detiene-a-una-persona-por-falsa-alarma-de-bomba-en-un-avion-de-air-france\/#webpage"},"articleSection":"Noticias y Actualidad"},{"@type":"BreadcrumbList","@id":"https:\/\/eldigitaldeasturias.com\/magazine365\/francia-detiene-a-una-persona-por-falsa-alarma-de-bomba-en-un-avion-de-air-france\/#breadcrumblist","itemListElement":[{"@type":"ListItem","@id":"https:\/\/eldigitaldeasturias.com\/magazine365#listItem","position":1,"name":"Home","item":"https:\/\/eldigitaldeasturias.com\/magazine365","nextItem":{"@type":"ListItem","@id":"https:\/\/eldigitaldeasturias.com\/magazine365\/category\/noticias-actualidad\/#listItem","name":"Noticias y Actualidad"}},{"@type":"ListItem","@id":"https:\/\/eldigitaldeasturias.com\/magazine365\/category\/noticias-actualidad\/#listItem","position":2,"name":"Noticias y Actualidad","item":"https:\/\/eldigitaldeasturias.com\/magazine365\/category\/noticias-actualidad\/","nextItem":{"@type":"ListItem","@id":"https:\/\/eldigitaldeasturias.com\/magazine365\/francia-detiene-a-una-persona-por-falsa-alarma-de-bomba-en-un-avion-de-air-france\/#listItem","name":"Francia detiene a una persona por falsa alarma de bomba en un avi\u00f3n de Air France"},"previousItem":{"@type":"ListItem","@id":"https:\/\/eldigitaldeasturias.com\/magazine365#listItem","name":"Home"}},{"@type":"ListItem","@id":"https:\/\/eldigitaldeasturias.com\/magazine365\/francia-detiene-a-una-persona-por-falsa-alarma-de-bomba-en-un-avion-de-air-france\/#listItem","position":3,"name":"Francia detiene a una persona por falsa alarma de bomba en un avi\u00f3n de Air France","previousItem":{"@type":"ListItem","@id":"https:\/\/eldigitaldeasturias.com\/magazine365\/category\/noticias-actualidad\/#listItem","name":"Noticias y Actualidad"}}]},{"@type":"Organization","@id":"https:\/\/eldigitaldeasturias.com\/magazine365\/#organization","name":"El digital de Asturias","description":"Revista de ocio, turismo y estilo de vida","url":"https:\/\/eldigitaldeasturias.com\/magazine365\/","logo":{"@type":"ImageObject","url":"https:\/\/www.eldigitaldeasturias.com\/noticias\/wp-content\/uploads\/2020\/12\/EDA.jpg","@id":"https:\/\/eldigitaldeasturias.com\/magazine365\/francia-detiene-a-una-persona-por-falsa-alarma-de-bomba-en-un-avion-de-air-france\/#organizationLogo"},"image":{"@id":"https:\/\/eldigitaldeasturias.com\/magazine365\/francia-detiene-a-una-persona-por-falsa-alarma-de-bomba-en-un-avion-de-air-france\/#organizationLogo"}},{"@type":"Person","@id":"https:\/\/eldigitaldeasturias.com\/magazine365\/author\/admin\/#author","url":"https:\/\/eldigitaldeasturias.com\/magazine365\/author\/admin\/","name":"admin","image":{"@type":"ImageObject","@id":"https:\/\/eldigitaldeasturias.com\/magazine365\/francia-detiene-a-una-persona-por-falsa-alarma-de-bomba-en-un-avion-de-air-france\/#authorImage","url":"https:\/\/eldigitaldeasturias.com\/magazine365\/wp-content\/litespeed\/avatar\/e571bcf59a0edd6fa6838245a470f2fe.jpg?ver=1777574230","width":96,"height":96,"caption":"admin"}},{"@type":"WebPage","@id":"https:\/\/eldigitaldeasturias.com\/magazine365\/francia-detiene-a-una-persona-por-falsa-alarma-de-bomba-en-un-avion-de-air-france\/#webpage","url":"https:\/\/eldigitaldeasturias.com\/magazine365\/francia-detiene-a-una-persona-por-falsa-alarma-de-bomba-en-un-avion-de-air-france\/","name":"Francia detiene a una persona por falsa alarma de bomba en un avi\u00f3n de Air France | El Digital de Asturias","description":"Las fuerzas de seguridad francesas han detenido a un hombre por su supuesta responsabilidad en la falsa alerta de bomba que oblig\u00f3 el domingo a aterrizar de emergencia a un avi\u00f3n de la compa\u00f1\u00eda Air France que cubr\u00eda la ruta entre Isla Mauricio y Francia. La tripulaci\u00f3n del vuelo, en el que viajaban 473 personas,","inLanguage":"es-ES","isPartOf":{"@id":"https:\/\/eldigitaldeasturias.com\/magazine365\/#website"},"breadcrumb":{"@id":"https:\/\/eldigitaldeasturias.com\/magazine365\/francia-detiene-a-una-persona-por-falsa-alarma-de-bomba-en-un-avion-de-air-france\/#breadcrumblist"},"author":{"@id":"https:\/\/eldigitaldeasturias.com\/magazine365\/author\/admin\/#author"},"creator":{"@id":"https:\/\/eldigitaldeasturias.com\/magazine365\/author\/admin\/#author"},"image":{"@type":"ImageObject","url":"https:\/\/eldigitaldeasturias.com\/magazine365\/wp-content\/uploads\/2015\/12\/fotonoticia_20151221163840_800.jpg","@id":"https:\/\/eldigitaldeasturias.com\/magazine365\/francia-detiene-a-una-persona-por-falsa-alarma-de-bomba-en-un-avion-de-air-france\/#mainImage","width":800,"height":640},"primaryImageOfPage":{"@id":"https:\/\/eldigitaldeasturias.com\/magazine365\/francia-detiene-a-una-persona-por-falsa-alarma-de-bomba-en-un-avion-de-air-france\/#mainImage"},"datePublished":"2015-12-25T04:23:17+01:00","dateModified":"2015-12-25T04:23:17+01:00"},{"@type":"WebSite","@id":"https:\/\/eldigitaldeasturias.com\/magazine365\/#website","url":"https:\/\/eldigitaldeasturias.com\/magazine365\/","name":"El Digital de Asturias","description":"Revista de ocio, turismo y estilo de vida","inLanguage":"es-ES","publisher":{"@id":"https:\/\/eldigitaldeasturias.com\/magazine365\/#organization"}}]},"og:locale":"es_ES","og:site_name":"El Digital de Asturias \u2013 Revista de ocio, turismo y estilo de vida","og:type":"article","og:title":"Francia detiene a una persona por falsa alarma de bomba en un avi\u00f3n de Air France | El Digital de Asturias","og:description":"Las fuerzas de seguridad francesas han detenido a un hombre por su supuesta responsabilidad en la falsa alerta de bomba que oblig\u00f3 el domingo a aterrizar de emergencia a un avi\u00f3n de la compa\u00f1\u00eda Air France que cubr\u00eda la ruta entre Isla Mauricio y Francia. La tripulaci\u00f3n del vuelo, en el que viajaban 473 personas,","og:url":"https:\/\/eldigitaldeasturias.com\/magazine365\/francia-detiene-a-una-persona-por-falsa-alarma-de-bomba-en-un-avion-de-air-france\/","og:image":"https:\/\/eldigitaldeasturias.com\/magazine365\/wp-content\/uploads\/2015\/12\/fotonoticia_20151221163840_800.jpg","og:image:secure_url":"https:\/\/eldigitaldeasturias.com\/magazine365\/wp-content\/uploads\/2015\/12\/fotonoticia_20151221163840_800.jpg","og:image:width":800,"og:image:height":640,"article:published_time":"2015-12-25T03:23:17+00:00","article:modified_time":"2015-12-25T03:23:17+00:00","twitter:card":"summary_large_image","twitter:title":"Francia detiene a una persona por falsa alarma de bomba en un avi\u00f3n de Air France | El Digital de Asturias","twitter:description":"Las fuerzas de seguridad francesas han detenido a un hombre por su supuesta responsabilidad en la falsa alerta de bomba que oblig\u00f3 el domingo a aterrizar de emergencia a un avi\u00f3n de la compa\u00f1\u00eda Air France que cubr\u00eda la ruta entre Isla Mauricio y Francia. La tripulaci\u00f3n del vuelo, en el que viajaban 473 personas,","twitter:image":"https:\/\/eldigitaldeasturias.com\/magazine365\/wp-content\/uploads\/2015\/12\/fotonoticia_20151221163840_800.jpg"},"aioseo_meta_data":{"post_id":"59084","title":null,"description":null,"keywords":null,"keyphrases":null,"primary_term":null,"canonical_url":null,"og_title":null,"og_description":null,"og_object_type":"default","og_image_type":"default","og_image_url":null,"og_image_width":null,"og_image_height":null,"og_image_custom_url":null,"og_image_custom_fields":null,"og_video":null,"og_custom_url":null,"og_article_section":null,"og_article_tags":null,"twitter_use_og":false,"twitter_card":"default","twitter_image_type":"default","twitter_image_url":null,"twitter_image_custom_url":null,"twitter_image_custom_fields":null,"twitter_title":null,"twitter_description":null,"schema":{"blockGraphs":[],"customGraphs":[],"default":{"data":{"Article":[],"Course":[],"Dataset":[],"FAQPage":[],"Movie":[],"Person":[],"Product":[],"ProductReview":[],"Car":[],"Recipe":[],"Service":[],"SoftwareApplication":[],"WebPage":[]},"graphName":"","isEnabled":true},"graphs":[],"defaultGraph":"","defaultPostTypeGraph":""},"schema_type":null,"schema_type_options":null,"pillar_content":false,"robots_default":true,"robots_noindex":false,"robots_noarchive":false,"robots_nosnippet":false,"robots_nofollow":false,"robots_noimageindex":false,"robots_noodp":false,"robots_notranslate":false,"robots_max_snippet":null,"robots_max_videopreview":null,"robots_max_imagepreview":"large","priority":null,"frequency":null,"location":null,"local_seo":null,"seo_analyzer_scan_date":"2025-09-25 04:14:19","breadcrumb_settings":null,"limit_modified_date":false,"open_ai":null,"ai":null,"created":"2021-03-08 22:21:58","updated":"2025-09-25 04:14:19"},"aioseo_breadcrumb":"<div class=\"aioseo-breadcrumbs\"><span class=\"aioseo-breadcrumb\">\n\t<a href=\"https:\/\/eldigitaldeasturias.com\/magazine365\" title=\"Home\">Home<\/a>\n<\/span><span class=\"aioseo-breadcrumb-separator\">\u2013<\/span><span class=\"aioseo-breadcrumb\">\n\t<a href=\"https:\/\/eldigitaldeasturias.com\/magazine365\/category\/noticias-actualidad\/\" title=\"Noticias y Actualidad\">Noticias y Actualidad<\/a>\n<\/span><span class=\"aioseo-breadcrumb-separator\">\u2013<\/span><span class=\"aioseo-breadcrumb\">\n\t<a href=\"https:\/\/eldigitaldeasturias.com\/magazine365\/francia-detiene-a-una-persona-por-falsa-alarma-de-bomba-en-un-avion-de-air-france\/\" title=\"Francia detiene a una persona por falsa alarma de bomba en un avi\u00f3n de Air France\">Francia detiene a una persona por falsa alarma de bomba en un avi\u00f3n de Air France<\/a>\n<\/span><\/div>","aioseo_breadcrumb_json":[{"label":"Home","link":"https:\/\/eldigitaldeasturias.com\/magazine365"},{"label":"Noticias y Actualidad","link":"https:\/\/eldigitaldeasturias.com\/magazine365\/category\/noticias-actualidad\/"},{"label":"Francia detiene a una persona por falsa alarma de bomba en un avi\u00f3n de Air France","link":"https:\/\/eldigitaldeasturias.com\/magazine365\/francia-detiene-a-una-persona-por-falsa-alarma-de-bomba-en-un-avion-de-air-france\/"}],"_links":{"self":[{"href":"https:\/\/eldigitaldeasturias.com\/magazine365\/wp-json\/wp\/v2\/posts\/59084","targetHints":{"allow":["GET"]}}],"collection":[{"href":"https:\/\/eldigitaldeasturias.com\/magazine365\/wp-json\/wp\/v2\/posts"}],"about":[{"href":"https:\/\/eldigitaldeasturias.com\/magazine365\/wp-json\/wp\/v2\/types\/post"}],"author":[{"embeddable":true,"href":"https:\/\/eldigitaldeasturias.com\/magazine365\/wp-json\/wp\/v2\/users\/1"}],"replies":[{"embeddable":true,"href":"https:\/\/eldigitaldeasturias.com\/magazine365\/wp-json\/wp\/v2\/comments?post=59084"}],"version-history":[{"count":0,"href":"https:\/\/eldigitaldeasturias.com\/magazine365\/wp-json\/wp\/v2\/posts\/59084\/revisions"}],"wp:featuredmedia":[{"embeddable":true,"href":"https:\/\/eldigitaldeasturias.com\/magazine365\/wp-json\/wp\/v2\/media\/59085"}],"wp:attachment":[{"href":"https:\/\/eldigitaldeasturias.com\/magazine365\/wp-json\/wp\/v2\/media?parent=59084"}],"wp:term":[{"taxonomy":"category","embeddable":true,"href":"https:\/\/eldigitaldeasturias.com\/magazine365\/wp-json\/wp\/v2\/categories?post=59084"},{"taxonomy":"post_tag","embeddable":true,"href":"https:\/\/eldigitaldeasturias.com\/magazine365\/wp-json\/wp\/v2\/tags?post=59084"}],"curies":[{"name":"wp","href":"https:\/\/api.w.org\/{rel}","templated":true}]}}