{"id":59072,"date":"2015-12-22T17:37:00","date_gmt":"2015-12-22T16:37:00","guid":{"rendered":"http:\/\/eldigitaldeasturias.com\/magazine365\/?p=59072"},"modified":"2015-12-22T17:37:00","modified_gmt":"2015-12-22T16:37:00","slug":"empresarios-turisticos-andaluces-preven-que-el-turismo-en-navidades-siga-la-pauta-de-crecimiento-de-todo-el-ano","status":"publish","type":"post","link":"https:\/\/eldigitaldeasturias.com\/magazine365\/empresarios-turisticos-andaluces-preven-que-el-turismo-en-navidades-siga-la-pauta-de-crecimiento-de-todo-el-ano\/","title":{"rendered":"Empresarios tur\u00edsticos andaluces prev\u00e9n que el turismo en navidades siga la pauta de crecimiento de todo el a\u00f1o"},"content":{"rendered":"<p><img fetchpriority=\"high\" decoding=\"async\" class=\"alignleft size-medium wp-image-59073\" src=\"https:\/\/eldigitaldeasturias.com\/magazine365\/wp-content\/uploads\/2015\/12\/fotonoticia_20151221141005_800-360x241.jpg\" alt=\"fotonoticia_20151221141005_800\" width=\"360\" height=\"241\" srcset=\"https:\/\/eldigitaldeasturias.com\/magazine365\/wp-content\/uploads\/2015\/12\/fotonoticia_20151221141005_800-360x241.jpg 360w, https:\/\/eldigitaldeasturias.com\/magazine365\/wp-content\/uploads\/2015\/12\/fotonoticia_20151221141005_800-650x435.jpg 650w, https:\/\/eldigitaldeasturias.com\/magazine365\/wp-content\/uploads\/2015\/12\/fotonoticia_20151221141005_800-768x514.jpg 768w, https:\/\/eldigitaldeasturias.com\/magazine365\/wp-content\/uploads\/2015\/12\/fotonoticia_20151221141005_800-150x100.jpg 150w, https:\/\/eldigitaldeasturias.com\/magazine365\/wp-content\/uploads\/2015\/12\/fotonoticia_20151221141005_800-450x301.jpg 450w, https:\/\/eldigitaldeasturias.com\/magazine365\/wp-content\/uploads\/2015\/12\/fotonoticia_20151221141005_800-696x465.jpg 696w, https:\/\/eldigitaldeasturias.com\/magazine365\/wp-content\/uploads\/2015\/12\/fotonoticia_20151221141005_800-628x420.jpg 628w, https:\/\/eldigitaldeasturias.com\/magazine365\/wp-content\/uploads\/2015\/12\/fotonoticia_20151221141005_800-84x55.jpg 84w, https:\/\/eldigitaldeasturias.com\/magazine365\/wp-content\/uploads\/2015\/12\/fotonoticia_20151221141005_800.jpg 800w\" sizes=\"(max-width: 360px) 100vw, 360px\" \/>El presidente de la sectorial de turismo de la Confederaci\u00f3n de Empresarios de Andaluc\u00eda (CEA), Miguel S\u00e1nchez, ha estimado este lunes que el nivel de turismo para estas navidades seguir\u00e1 la pauta de crecimiento vista durante todo el a\u00f1o tur\u00edstico.<\/p>\n<p>En declaraciones a Europa Press, S\u00e1nchez ha se\u00f1alado que a partir del 26 de diciembre el turismo \u00abse anima bastante\u00bb y llegar\u00e1 hasta principios de enero.<\/p>\n<p>\u00abEl nivel de turismo para estas navidades estar\u00e1 en la misma direcci\u00f3n que todo el a\u00f1o e igual que en el \u00faltimo puente de diciembre\u00bb, ha subrayado.<\/p>\n<p>Por \u00faltimo, S\u00e1nchez ha destacado que estas estimaciones tambi\u00e9n pueden variar seg\u00fan las condiciones climatol\u00f3gicas que se produzcan.<\/p>\n","protected":false},"excerpt":{"rendered":"<p>El presidente de la sectorial de turismo de la Confederaci\u00f3n de Empresarios de Andaluc\u00eda (CEA), Miguel S\u00e1nchez, ha estimado este lunes que el nivel de turismo para estas navidades seguir\u00e1 la pauta de crecimiento vista durante todo el a\u00f1o tur\u00edstico. En declaraciones a Europa Press, S\u00e1nchez ha se\u00f1alado que a partir del 26 de diciembre<\/p>\n","protected":false},"author":1,"featured_media":59073,"comment_status":"open","ping_status":"closed","sticky":false,"template":"","format":"standard","meta":{"footnotes":""},"categories":[224],"tags":[],"class_list":{"0":"post-59072","1":"post","2":"type-post","3":"status-publish","4":"format-standard","5":"has-post-thumbnail","7":"category-noticias-actualidad"},"aioseo_notices":[],"aioseo_head":"\n\t\t<!-- All in One SEO Pro 4.9.6.1 - aioseo.com -->\n\t<meta name=\"description\" content=\"El presidente de la sectorial de turismo de la Confederaci\u00f3n de Empresarios de Andaluc\u00eda (CEA), Miguel S\u00e1nchez, ha estimado este lunes que el nivel de turismo para estas navidades seguir\u00e1 la pauta de crecimiento vista durante todo el a\u00f1o tur\u00edstico. En declaraciones a Europa Press, S\u00e1nchez ha se\u00f1alado que a partir del 26 de diciembre\" \/>\n\t<meta name=\"robots\" content=\"max-image-preview:large\" \/>\n\t<meta name=\"author\" content=\"admin\"\/>\n\t<meta name=\"google-site-verification\" content=\"UA-38556648-1\" \/>\n\t<meta name=\"keywords\" content=\"noticias y actualidad\" \/>\n\t<link rel=\"canonical\" href=\"https:\/\/eldigitaldeasturias.com\/magazine365\/empresarios-turisticos-andaluces-preven-que-el-turismo-en-navidades-siga-la-pauta-de-crecimiento-de-todo-el-ano\/\" \/>\n\t<meta name=\"generator\" content=\"All in One SEO Pro (AIOSEO) 4.9.6.1\" \/>\n\t\t<meta property=\"og:locale\" content=\"es_ES\" \/>\n\t\t<meta property=\"og:site_name\" content=\"El Digital de Asturias \u2013 Revista de ocio, turismo y estilo de vida\" \/>\n\t\t<meta property=\"og:type\" content=\"article\" \/>\n\t\t<meta property=\"og:title\" content=\"Empresarios tur\u00edsticos andaluces prev\u00e9n que el turismo en navidades siga la pauta de crecimiento de todo el a\u00f1o | El Digital de Asturias\" \/>\n\t\t<meta property=\"og:description\" content=\"El presidente de la sectorial de turismo de la Confederaci\u00f3n de Empresarios de Andaluc\u00eda (CEA), Miguel S\u00e1nchez, ha estimado este lunes que el nivel de turismo para estas navidades seguir\u00e1 la pauta de crecimiento vista durante todo el a\u00f1o tur\u00edstico. En declaraciones a Europa Press, S\u00e1nchez ha se\u00f1alado que a partir del 26 de diciembre\" \/>\n\t\t<meta property=\"og:url\" content=\"https:\/\/eldigitaldeasturias.com\/magazine365\/empresarios-turisticos-andaluces-preven-que-el-turismo-en-navidades-siga-la-pauta-de-crecimiento-de-todo-el-ano\/\" \/>\n\t\t<meta property=\"og:image\" content=\"https:\/\/eldigitaldeasturias.com\/magazine365\/wp-content\/uploads\/2015\/12\/fotonoticia_20151221141005_800.jpg\" \/>\n\t\t<meta property=\"og:image:secure_url\" content=\"https:\/\/eldigitaldeasturias.com\/magazine365\/wp-content\/uploads\/2015\/12\/fotonoticia_20151221141005_800.jpg\" \/>\n\t\t<meta property=\"og:image:width\" content=\"800\" \/>\n\t\t<meta property=\"og:image:height\" content=\"535\" \/>\n\t\t<meta property=\"article:published_time\" content=\"2015-12-22T16:37:00+00:00\" \/>\n\t\t<meta property=\"article:modified_time\" content=\"2015-12-22T16:37:00+00:00\" \/>\n\t\t<meta name=\"twitter:card\" content=\"summary_large_image\" \/>\n\t\t<meta name=\"twitter:title\" content=\"Empresarios tur\u00edsticos andaluces prev\u00e9n que el turismo en navidades siga la pauta de crecimiento de todo el a\u00f1o | El Digital de Asturias\" \/>\n\t\t<meta name=\"twitter:description\" content=\"El presidente de la sectorial de turismo de la Confederaci\u00f3n de Empresarios de Andaluc\u00eda (CEA), Miguel S\u00e1nchez, ha estimado este lunes que el nivel de turismo para estas navidades seguir\u00e1 la pauta de crecimiento vista durante todo el a\u00f1o tur\u00edstico. En declaraciones a Europa Press, S\u00e1nchez ha se\u00f1alado que a partir del 26 de diciembre\" \/>\n\t\t<meta name=\"twitter:image\" content=\"https:\/\/eldigitaldeasturias.com\/magazine365\/wp-content\/uploads\/2015\/12\/fotonoticia_20151221141005_800.jpg\" \/>\n\t\t<script type=\"application\/ld+json\" class=\"aioseo-schema\">\n\t\t\t{\"@context\":\"https:\\\/\\\/schema.org\",\"@graph\":[{\"@type\":\"Article\",\"@id\":\"https:\\\/\\\/eldigitaldeasturias.com\\\/magazine365\\\/empresarios-turisticos-andaluces-preven-que-el-turismo-en-navidades-siga-la-pauta-de-crecimiento-de-todo-el-ano\\\/#article\",\"name\":\"Empresarios tur\\u00edsticos andaluces prev\\u00e9n que el turismo en navidades siga la pauta de crecimiento de todo el a\\u00f1o | El Digital de Asturias\",\"headline\":\"Empresarios tur\\u00edsticos andaluces prev\\u00e9n que el turismo en navidades siga la pauta de crecimiento de todo el a\\u00f1o\",\"author\":{\"@id\":\"https:\\\/\\\/eldigitaldeasturias.com\\\/magazine365\\\/author\\\/admin\\\/#author\"},\"publisher\":{\"@id\":\"https:\\\/\\\/eldigitaldeasturias.com\\\/magazine365\\\/#organization\"},\"image\":{\"@type\":\"ImageObject\",\"url\":\"https:\\\/\\\/eldigitaldeasturias.com\\\/magazine365\\\/wp-content\\\/uploads\\\/2015\\\/12\\\/fotonoticia_20151221141005_800.jpg\",\"width\":800,\"height\":535},\"datePublished\":\"2015-12-22T17:37:00+01:00\",\"dateModified\":\"2015-12-22T17:37:00+01:00\",\"inLanguage\":\"es-ES\",\"mainEntityOfPage\":{\"@id\":\"https:\\\/\\\/eldigitaldeasturias.com\\\/magazine365\\\/empresarios-turisticos-andaluces-preven-que-el-turismo-en-navidades-siga-la-pauta-de-crecimiento-de-todo-el-ano\\\/#webpage\"},\"isPartOf\":{\"@id\":\"https:\\\/\\\/eldigitaldeasturias.com\\\/magazine365\\\/empresarios-turisticos-andaluces-preven-que-el-turismo-en-navidades-siga-la-pauta-de-crecimiento-de-todo-el-ano\\\/#webpage\"},\"articleSection\":\"Noticias y Actualidad\"},{\"@type\":\"BreadcrumbList\",\"@id\":\"https:\\\/\\\/eldigitaldeasturias.com\\\/magazine365\\\/empresarios-turisticos-andaluces-preven-que-el-turismo-en-navidades-siga-la-pauta-de-crecimiento-de-todo-el-ano\\\/#breadcrumblist\",\"itemListElement\":[{\"@type\":\"ListItem\",\"@id\":\"https:\\\/\\\/eldigitaldeasturias.com\\\/magazine365#listItem\",\"position\":1,\"name\":\"Home\",\"item\":\"https:\\\/\\\/eldigitaldeasturias.com\\\/magazine365\",\"nextItem\":{\"@type\":\"ListItem\",\"@id\":\"https:\\\/\\\/eldigitaldeasturias.com\\\/magazine365\\\/category\\\/noticias-actualidad\\\/#listItem\",\"name\":\"Noticias y Actualidad\"}},{\"@type\":\"ListItem\",\"@id\":\"https:\\\/\\\/eldigitaldeasturias.com\\\/magazine365\\\/category\\\/noticias-actualidad\\\/#listItem\",\"position\":2,\"name\":\"Noticias y Actualidad\",\"item\":\"https:\\\/\\\/eldigitaldeasturias.com\\\/magazine365\\\/category\\\/noticias-actualidad\\\/\",\"nextItem\":{\"@type\":\"ListItem\",\"@id\":\"https:\\\/\\\/eldigitaldeasturias.com\\\/magazine365\\\/empresarios-turisticos-andaluces-preven-que-el-turismo-en-navidades-siga-la-pauta-de-crecimiento-de-todo-el-ano\\\/#listItem\",\"name\":\"Empresarios tur\\u00edsticos andaluces prev\\u00e9n que el turismo en navidades siga la pauta de crecimiento de todo el a\\u00f1o\"},\"previousItem\":{\"@type\":\"ListItem\",\"@id\":\"https:\\\/\\\/eldigitaldeasturias.com\\\/magazine365#listItem\",\"name\":\"Home\"}},{\"@type\":\"ListItem\",\"@id\":\"https:\\\/\\\/eldigitaldeasturias.com\\\/magazine365\\\/empresarios-turisticos-andaluces-preven-que-el-turismo-en-navidades-siga-la-pauta-de-crecimiento-de-todo-el-ano\\\/#listItem\",\"position\":3,\"name\":\"Empresarios tur\\u00edsticos andaluces prev\\u00e9n que el turismo en navidades siga la pauta de crecimiento de todo el a\\u00f1o\",\"previousItem\":{\"@type\":\"ListItem\",\"@id\":\"https:\\\/\\\/eldigitaldeasturias.com\\\/magazine365\\\/category\\\/noticias-actualidad\\\/#listItem\",\"name\":\"Noticias y Actualidad\"}}]},{\"@type\":\"Organization\",\"@id\":\"https:\\\/\\\/eldigitaldeasturias.com\\\/magazine365\\\/#organization\",\"name\":\"El digital de Asturias\",\"description\":\"Revista de ocio, turismo y estilo de vida\",\"url\":\"https:\\\/\\\/eldigitaldeasturias.com\\\/magazine365\\\/\",\"logo\":{\"@type\":\"ImageObject\",\"url\":\"https:\\\/\\\/www.eldigitaldeasturias.com\\\/noticias\\\/wp-content\\\/uploads\\\/2020\\\/12\\\/EDA.jpg\",\"@id\":\"https:\\\/\\\/eldigitaldeasturias.com\\\/magazine365\\\/empresarios-turisticos-andaluces-preven-que-el-turismo-en-navidades-siga-la-pauta-de-crecimiento-de-todo-el-ano\\\/#organizationLogo\"},\"image\":{\"@id\":\"https:\\\/\\\/eldigitaldeasturias.com\\\/magazine365\\\/empresarios-turisticos-andaluces-preven-que-el-turismo-en-navidades-siga-la-pauta-de-crecimiento-de-todo-el-ano\\\/#organizationLogo\"}},{\"@type\":\"Person\",\"@id\":\"https:\\\/\\\/eldigitaldeasturias.com\\\/magazine365\\\/author\\\/admin\\\/#author\",\"url\":\"https:\\\/\\\/eldigitaldeasturias.com\\\/magazine365\\\/author\\\/admin\\\/\",\"name\":\"admin\",\"image\":{\"@type\":\"ImageObject\",\"@id\":\"https:\\\/\\\/eldigitaldeasturias.com\\\/magazine365\\\/empresarios-turisticos-andaluces-preven-que-el-turismo-en-navidades-siga-la-pauta-de-crecimiento-de-todo-el-ano\\\/#authorImage\",\"url\":\"https:\\\/\\\/eldigitaldeasturias.com\\\/magazine365\\\/wp-content\\\/litespeed\\\/avatar\\\/e571bcf59a0edd6fa6838245a470f2fe.jpg?ver=1777574230\",\"width\":96,\"height\":96,\"caption\":\"admin\"}},{\"@type\":\"WebPage\",\"@id\":\"https:\\\/\\\/eldigitaldeasturias.com\\\/magazine365\\\/empresarios-turisticos-andaluces-preven-que-el-turismo-en-navidades-siga-la-pauta-de-crecimiento-de-todo-el-ano\\\/#webpage\",\"url\":\"https:\\\/\\\/eldigitaldeasturias.com\\\/magazine365\\\/empresarios-turisticos-andaluces-preven-que-el-turismo-en-navidades-siga-la-pauta-de-crecimiento-de-todo-el-ano\\\/\",\"name\":\"Empresarios tur\\u00edsticos andaluces prev\\u00e9n que el turismo en navidades siga la pauta de crecimiento de todo el a\\u00f1o | El Digital de Asturias\",\"description\":\"El presidente de la sectorial de turismo de la Confederaci\\u00f3n de Empresarios de Andaluc\\u00eda (CEA), Miguel S\\u00e1nchez, ha estimado este lunes que el nivel de turismo para estas navidades seguir\\u00e1 la pauta de crecimiento vista durante todo el a\\u00f1o tur\\u00edstico. En declaraciones a Europa Press, S\\u00e1nchez ha se\\u00f1alado que a partir del 26 de diciembre\",\"inLanguage\":\"es-ES\",\"isPartOf\":{\"@id\":\"https:\\\/\\\/eldigitaldeasturias.com\\\/magazine365\\\/#website\"},\"breadcrumb\":{\"@id\":\"https:\\\/\\\/eldigitaldeasturias.com\\\/magazine365\\\/empresarios-turisticos-andaluces-preven-que-el-turismo-en-navidades-siga-la-pauta-de-crecimiento-de-todo-el-ano\\\/#breadcrumblist\"},\"author\":{\"@id\":\"https:\\\/\\\/eldigitaldeasturias.com\\\/magazine365\\\/author\\\/admin\\\/#author\"},\"creator\":{\"@id\":\"https:\\\/\\\/eldigitaldeasturias.com\\\/magazine365\\\/author\\\/admin\\\/#author\"},\"image\":{\"@type\":\"ImageObject\",\"url\":\"https:\\\/\\\/eldigitaldeasturias.com\\\/magazine365\\\/wp-content\\\/uploads\\\/2015\\\/12\\\/fotonoticia_20151221141005_800.jpg\",\"@id\":\"https:\\\/\\\/eldigitaldeasturias.com\\\/magazine365\\\/empresarios-turisticos-andaluces-preven-que-el-turismo-en-navidades-siga-la-pauta-de-crecimiento-de-todo-el-ano\\\/#mainImage\",\"width\":800,\"height\":535},\"primaryImageOfPage\":{\"@id\":\"https:\\\/\\\/eldigitaldeasturias.com\\\/magazine365\\\/empresarios-turisticos-andaluces-preven-que-el-turismo-en-navidades-siga-la-pauta-de-crecimiento-de-todo-el-ano\\\/#mainImage\"},\"datePublished\":\"2015-12-22T17:37:00+01:00\",\"dateModified\":\"2015-12-22T17:37:00+01:00\"},{\"@type\":\"WebSite\",\"@id\":\"https:\\\/\\\/eldigitaldeasturias.com\\\/magazine365\\\/#website\",\"url\":\"https:\\\/\\\/eldigitaldeasturias.com\\\/magazine365\\\/\",\"name\":\"El Digital de Asturias\",\"description\":\"Revista de ocio, turismo y estilo de vida\",\"inLanguage\":\"es-ES\",\"publisher\":{\"@id\":\"https:\\\/\\\/eldigitaldeasturias.com\\\/magazine365\\\/#organization\"}}]}\n\t\t<\/script>\n\t\t<!-- All in One SEO Pro -->\r\n\t\t<title>Empresarios tur\u00edsticos andaluces prev\u00e9n que el turismo en navidades siga la pauta de crecimiento de todo el a\u00f1o | El Digital de Asturias<\/title>\n\n","aioseo_head_json":{"title":"Empresarios tur\u00edsticos andaluces prev\u00e9n que el turismo en navidades siga la pauta de crecimiento de todo el a\u00f1o | El Digital de Asturias","description":"El presidente de la sectorial de turismo de la Confederaci\u00f3n de Empresarios de Andaluc\u00eda (CEA), Miguel S\u00e1nchez, ha estimado este lunes que el nivel de turismo para estas navidades seguir\u00e1 la pauta de crecimiento vista durante todo el a\u00f1o tur\u00edstico. En declaraciones a Europa Press, S\u00e1nchez ha se\u00f1alado que a partir del 26 de diciembre","canonical_url":"https:\/\/eldigitaldeasturias.com\/magazine365\/empresarios-turisticos-andaluces-preven-que-el-turismo-en-navidades-siga-la-pauta-de-crecimiento-de-todo-el-ano\/","robots":"max-image-preview:large","keywords":"noticias y actualidad","webmasterTools":{"google-site-verification":"UA-38556648-1","miscellaneous":""},"schema":{"@context":"https:\/\/schema.org","@graph":[{"@type":"Article","@id":"https:\/\/eldigitaldeasturias.com\/magazine365\/empresarios-turisticos-andaluces-preven-que-el-turismo-en-navidades-siga-la-pauta-de-crecimiento-de-todo-el-ano\/#article","name":"Empresarios tur\u00edsticos andaluces prev\u00e9n que el turismo en navidades siga la pauta de crecimiento de todo el a\u00f1o | El Digital de Asturias","headline":"Empresarios tur\u00edsticos andaluces prev\u00e9n que el turismo en navidades siga la pauta de crecimiento de todo el a\u00f1o","author":{"@id":"https:\/\/eldigitaldeasturias.com\/magazine365\/author\/admin\/#author"},"publisher":{"@id":"https:\/\/eldigitaldeasturias.com\/magazine365\/#organization"},"image":{"@type":"ImageObject","url":"https:\/\/eldigitaldeasturias.com\/magazine365\/wp-content\/uploads\/2015\/12\/fotonoticia_20151221141005_800.jpg","width":800,"height":535},"datePublished":"2015-12-22T17:37:00+01:00","dateModified":"2015-12-22T17:37:00+01:00","inLanguage":"es-ES","mainEntityOfPage":{"@id":"https:\/\/eldigitaldeasturias.com\/magazine365\/empresarios-turisticos-andaluces-preven-que-el-turismo-en-navidades-siga-la-pauta-de-crecimiento-de-todo-el-ano\/#webpage"},"isPartOf":{"@id":"https:\/\/eldigitaldeasturias.com\/magazine365\/empresarios-turisticos-andaluces-preven-que-el-turismo-en-navidades-siga-la-pauta-de-crecimiento-de-todo-el-ano\/#webpage"},"articleSection":"Noticias y Actualidad"},{"@type":"BreadcrumbList","@id":"https:\/\/eldigitaldeasturias.com\/magazine365\/empresarios-turisticos-andaluces-preven-que-el-turismo-en-navidades-siga-la-pauta-de-crecimiento-de-todo-el-ano\/#breadcrumblist","itemListElement":[{"@type":"ListItem","@id":"https:\/\/eldigitaldeasturias.com\/magazine365#listItem","position":1,"name":"Home","item":"https:\/\/eldigitaldeasturias.com\/magazine365","nextItem":{"@type":"ListItem","@id":"https:\/\/eldigitaldeasturias.com\/magazine365\/category\/noticias-actualidad\/#listItem","name":"Noticias y Actualidad"}},{"@type":"ListItem","@id":"https:\/\/eldigitaldeasturias.com\/magazine365\/category\/noticias-actualidad\/#listItem","position":2,"name":"Noticias y Actualidad","item":"https:\/\/eldigitaldeasturias.com\/magazine365\/category\/noticias-actualidad\/","nextItem":{"@type":"ListItem","@id":"https:\/\/eldigitaldeasturias.com\/magazine365\/empresarios-turisticos-andaluces-preven-que-el-turismo-en-navidades-siga-la-pauta-de-crecimiento-de-todo-el-ano\/#listItem","name":"Empresarios tur\u00edsticos andaluces prev\u00e9n que el turismo en navidades siga la pauta de crecimiento de todo el a\u00f1o"},"previousItem":{"@type":"ListItem","@id":"https:\/\/eldigitaldeasturias.com\/magazine365#listItem","name":"Home"}},{"@type":"ListItem","@id":"https:\/\/eldigitaldeasturias.com\/magazine365\/empresarios-turisticos-andaluces-preven-que-el-turismo-en-navidades-siga-la-pauta-de-crecimiento-de-todo-el-ano\/#listItem","position":3,"name":"Empresarios tur\u00edsticos andaluces prev\u00e9n que el turismo en navidades siga la pauta de crecimiento de todo el a\u00f1o","previousItem":{"@type":"ListItem","@id":"https:\/\/eldigitaldeasturias.com\/magazine365\/category\/noticias-actualidad\/#listItem","name":"Noticias y Actualidad"}}]},{"@type":"Organization","@id":"https:\/\/eldigitaldeasturias.com\/magazine365\/#organization","name":"El digital de Asturias","description":"Revista de ocio, turismo y estilo de vida","url":"https:\/\/eldigitaldeasturias.com\/magazine365\/","logo":{"@type":"ImageObject","url":"https:\/\/www.eldigitaldeasturias.com\/noticias\/wp-content\/uploads\/2020\/12\/EDA.jpg","@id":"https:\/\/eldigitaldeasturias.com\/magazine365\/empresarios-turisticos-andaluces-preven-que-el-turismo-en-navidades-siga-la-pauta-de-crecimiento-de-todo-el-ano\/#organizationLogo"},"image":{"@id":"https:\/\/eldigitaldeasturias.com\/magazine365\/empresarios-turisticos-andaluces-preven-que-el-turismo-en-navidades-siga-la-pauta-de-crecimiento-de-todo-el-ano\/#organizationLogo"}},{"@type":"Person","@id":"https:\/\/eldigitaldeasturias.com\/magazine365\/author\/admin\/#author","url":"https:\/\/eldigitaldeasturias.com\/magazine365\/author\/admin\/","name":"admin","image":{"@type":"ImageObject","@id":"https:\/\/eldigitaldeasturias.com\/magazine365\/empresarios-turisticos-andaluces-preven-que-el-turismo-en-navidades-siga-la-pauta-de-crecimiento-de-todo-el-ano\/#authorImage","url":"https:\/\/eldigitaldeasturias.com\/magazine365\/wp-content\/litespeed\/avatar\/e571bcf59a0edd6fa6838245a470f2fe.jpg?ver=1777574230","width":96,"height":96,"caption":"admin"}},{"@type":"WebPage","@id":"https:\/\/eldigitaldeasturias.com\/magazine365\/empresarios-turisticos-andaluces-preven-que-el-turismo-en-navidades-siga-la-pauta-de-crecimiento-de-todo-el-ano\/#webpage","url":"https:\/\/eldigitaldeasturias.com\/magazine365\/empresarios-turisticos-andaluces-preven-que-el-turismo-en-navidades-siga-la-pauta-de-crecimiento-de-todo-el-ano\/","name":"Empresarios tur\u00edsticos andaluces prev\u00e9n que el turismo en navidades siga la pauta de crecimiento de todo el a\u00f1o | El Digital de Asturias","description":"El presidente de la sectorial de turismo de la Confederaci\u00f3n de Empresarios de Andaluc\u00eda (CEA), Miguel S\u00e1nchez, ha estimado este lunes que el nivel de turismo para estas navidades seguir\u00e1 la pauta de crecimiento vista durante todo el a\u00f1o tur\u00edstico. En declaraciones a Europa Press, S\u00e1nchez ha se\u00f1alado que a partir del 26 de diciembre","inLanguage":"es-ES","isPartOf":{"@id":"https:\/\/eldigitaldeasturias.com\/magazine365\/#website"},"breadcrumb":{"@id":"https:\/\/eldigitaldeasturias.com\/magazine365\/empresarios-turisticos-andaluces-preven-que-el-turismo-en-navidades-siga-la-pauta-de-crecimiento-de-todo-el-ano\/#breadcrumblist"},"author":{"@id":"https:\/\/eldigitaldeasturias.com\/magazine365\/author\/admin\/#author"},"creator":{"@id":"https:\/\/eldigitaldeasturias.com\/magazine365\/author\/admin\/#author"},"image":{"@type":"ImageObject","url":"https:\/\/eldigitaldeasturias.com\/magazine365\/wp-content\/uploads\/2015\/12\/fotonoticia_20151221141005_800.jpg","@id":"https:\/\/eldigitaldeasturias.com\/magazine365\/empresarios-turisticos-andaluces-preven-que-el-turismo-en-navidades-siga-la-pauta-de-crecimiento-de-todo-el-ano\/#mainImage","width":800,"height":535},"primaryImageOfPage":{"@id":"https:\/\/eldigitaldeasturias.com\/magazine365\/empresarios-turisticos-andaluces-preven-que-el-turismo-en-navidades-siga-la-pauta-de-crecimiento-de-todo-el-ano\/#mainImage"},"datePublished":"2015-12-22T17:37:00+01:00","dateModified":"2015-12-22T17:37:00+01:00"},{"@type":"WebSite","@id":"https:\/\/eldigitaldeasturias.com\/magazine365\/#website","url":"https:\/\/eldigitaldeasturias.com\/magazine365\/","name":"El Digital de Asturias","description":"Revista de ocio, turismo y estilo de vida","inLanguage":"es-ES","publisher":{"@id":"https:\/\/eldigitaldeasturias.com\/magazine365\/#organization"}}]},"og:locale":"es_ES","og:site_name":"El Digital de Asturias \u2013 Revista de ocio, turismo y estilo de vida","og:type":"article","og:title":"Empresarios tur\u00edsticos andaluces prev\u00e9n que el turismo en navidades siga la pauta de crecimiento de todo el a\u00f1o | El Digital de Asturias","og:description":"El presidente de la sectorial de turismo de la Confederaci\u00f3n de Empresarios de Andaluc\u00eda (CEA), Miguel S\u00e1nchez, ha estimado este lunes que el nivel de turismo para estas navidades seguir\u00e1 la pauta de crecimiento vista durante todo el a\u00f1o tur\u00edstico. En declaraciones a Europa Press, S\u00e1nchez ha se\u00f1alado que a partir del 26 de diciembre","og:url":"https:\/\/eldigitaldeasturias.com\/magazine365\/empresarios-turisticos-andaluces-preven-que-el-turismo-en-navidades-siga-la-pauta-de-crecimiento-de-todo-el-ano\/","og:image":"https:\/\/eldigitaldeasturias.com\/magazine365\/wp-content\/uploads\/2015\/12\/fotonoticia_20151221141005_800.jpg","og:image:secure_url":"https:\/\/eldigitaldeasturias.com\/magazine365\/wp-content\/uploads\/2015\/12\/fotonoticia_20151221141005_800.jpg","og:image:width":800,"og:image:height":535,"article:published_time":"2015-12-22T16:37:00+00:00","article:modified_time":"2015-12-22T16:37:00+00:00","twitter:card":"summary_large_image","twitter:title":"Empresarios tur\u00edsticos andaluces prev\u00e9n que el turismo en navidades siga la pauta de crecimiento de todo el a\u00f1o | El Digital de Asturias","twitter:description":"El presidente de la sectorial de turismo de la Confederaci\u00f3n de Empresarios de Andaluc\u00eda (CEA), Miguel S\u00e1nchez, ha estimado este lunes que el nivel de turismo para estas navidades seguir\u00e1 la pauta de crecimiento vista durante todo el a\u00f1o tur\u00edstico. En declaraciones a Europa Press, S\u00e1nchez ha se\u00f1alado que a partir del 26 de diciembre","twitter:image":"https:\/\/eldigitaldeasturias.com\/magazine365\/wp-content\/uploads\/2015\/12\/fotonoticia_20151221141005_800.jpg"},"aioseo_meta_data":{"post_id":"59072","title":null,"description":null,"keywords":null,"keyphrases":null,"primary_term":null,"canonical_url":null,"og_title":null,"og_description":null,"og_object_type":"default","og_image_type":"default","og_image_url":null,"og_image_width":null,"og_image_height":null,"og_image_custom_url":null,"og_image_custom_fields":null,"og_video":null,"og_custom_url":null,"og_article_section":null,"og_article_tags":null,"twitter_use_og":false,"twitter_card":"default","twitter_image_type":"default","twitter_image_url":null,"twitter_image_custom_url":null,"twitter_image_custom_fields":null,"twitter_title":null,"twitter_description":null,"schema":{"blockGraphs":[],"customGraphs":[],"default":{"data":{"Article":[],"Course":[],"Dataset":[],"FAQPage":[],"Movie":[],"Person":[],"Product":[],"ProductReview":[],"Car":[],"Recipe":[],"Service":[],"SoftwareApplication":[],"WebPage":[]},"graphName":"","isEnabled":true},"graphs":[],"defaultGraph":"","defaultPostTypeGraph":""},"schema_type":null,"schema_type_options":null,"pillar_content":false,"robots_default":true,"robots_noindex":false,"robots_noarchive":false,"robots_nosnippet":false,"robots_nofollow":false,"robots_noimageindex":false,"robots_noodp":false,"robots_notranslate":false,"robots_max_snippet":null,"robots_max_videopreview":null,"robots_max_imagepreview":"large","priority":null,"frequency":null,"location":null,"local_seo":null,"seo_analyzer_scan_date":"2025-09-25 04:12:10","breadcrumb_settings":null,"limit_modified_date":false,"open_ai":null,"ai":null,"created":"2021-03-08 22:21:58","updated":"2025-09-25 04:12:10"},"aioseo_breadcrumb":"<div class=\"aioseo-breadcrumbs\"><span class=\"aioseo-breadcrumb\">\n\t<a href=\"https:\/\/eldigitaldeasturias.com\/magazine365\" title=\"Home\">Home<\/a>\n<\/span><span class=\"aioseo-breadcrumb-separator\">\u2013<\/span><span class=\"aioseo-breadcrumb\">\n\t<a href=\"https:\/\/eldigitaldeasturias.com\/magazine365\/category\/noticias-actualidad\/\" title=\"Noticias y Actualidad\">Noticias y Actualidad<\/a>\n<\/span><span class=\"aioseo-breadcrumb-separator\">\u2013<\/span><span class=\"aioseo-breadcrumb\">\n\t<a href=\"https:\/\/eldigitaldeasturias.com\/magazine365\/empresarios-turisticos-andaluces-preven-que-el-turismo-en-navidades-siga-la-pauta-de-crecimiento-de-todo-el-ano\/\" title=\"Empresarios tur\u00edsticos andaluces prev\u00e9n que el turismo en navidades siga la pauta de crecimiento de todo el a\u00f1o\">Empresarios tur\u00edsticos andaluces prev\u00e9n que el turismo en navidades siga la pauta de crecimiento de todo el a\u00f1o<\/a>\n<\/span><\/div>","aioseo_breadcrumb_json":[{"label":"Home","link":"https:\/\/eldigitaldeasturias.com\/magazine365"},{"label":"Noticias y Actualidad","link":"https:\/\/eldigitaldeasturias.com\/magazine365\/category\/noticias-actualidad\/"},{"label":"Empresarios tur\u00edsticos andaluces prev\u00e9n que el turismo en navidades siga la pauta de crecimiento de todo el a\u00f1o","link":"https:\/\/eldigitaldeasturias.com\/magazine365\/empresarios-turisticos-andaluces-preven-que-el-turismo-en-navidades-siga-la-pauta-de-crecimiento-de-todo-el-ano\/"}],"_links":{"self":[{"href":"https:\/\/eldigitaldeasturias.com\/magazine365\/wp-json\/wp\/v2\/posts\/59072","targetHints":{"allow":["GET"]}}],"collection":[{"href":"https:\/\/eldigitaldeasturias.com\/magazine365\/wp-json\/wp\/v2\/posts"}],"about":[{"href":"https:\/\/eldigitaldeasturias.com\/magazine365\/wp-json\/wp\/v2\/types\/post"}],"author":[{"embeddable":true,"href":"https:\/\/eldigitaldeasturias.com\/magazine365\/wp-json\/wp\/v2\/users\/1"}],"replies":[{"embeddable":true,"href":"https:\/\/eldigitaldeasturias.com\/magazine365\/wp-json\/wp\/v2\/comments?post=59072"}],"version-history":[{"count":0,"href":"https:\/\/eldigitaldeasturias.com\/magazine365\/wp-json\/wp\/v2\/posts\/59072\/revisions"}],"wp:featuredmedia":[{"embeddable":true,"href":"https:\/\/eldigitaldeasturias.com\/magazine365\/wp-json\/wp\/v2\/media\/59073"}],"wp:attachment":[{"href":"https:\/\/eldigitaldeasturias.com\/magazine365\/wp-json\/wp\/v2\/media?parent=59072"}],"wp:term":[{"taxonomy":"category","embeddable":true,"href":"https:\/\/eldigitaldeasturias.com\/magazine365\/wp-json\/wp\/v2\/categories?post=59072"},{"taxonomy":"post_tag","embeddable":true,"href":"https:\/\/eldigitaldeasturias.com\/magazine365\/wp-json\/wp\/v2\/tags?post=59072"}],"curies":[{"name":"wp","href":"https:\/\/api.w.org\/{rel}","templated":true}]}}