{"id":59061,"date":"2015-12-22T17:29:49","date_gmt":"2015-12-22T16:29:49","guid":{"rendered":"http:\/\/eldigitaldeasturias.com\/magazine365\/?p=59061"},"modified":"2015-12-22T17:29:49","modified_gmt":"2015-12-22T16:29:49","slug":"airbus-comenzara-el-montaje-final-del-beluga-xl-a-principios-de-2017","status":"publish","type":"post","link":"https:\/\/eldigitaldeasturias.com\/magazine365\/airbus-comenzara-el-montaje-final-del-beluga-xl-a-principios-de-2017\/","title":{"rendered":"Airbus comenzar\u00e1 el montaje final del Beluga XL a principios de 2017"},"content":{"rendered":"<p><img fetchpriority=\"high\" decoding=\"async\" class=\"alignleft size-medium wp-image-59062\" src=\"https:\/\/eldigitaldeasturias.com\/magazine365\/wp-content\/uploads\/2015\/12\/fotonoticia_20151221125511_800-360x240.jpg\" alt=\"fotonoticia_20151221125511_800\" width=\"360\" height=\"240\" srcset=\"https:\/\/eldigitaldeasturias.com\/magazine365\/wp-content\/uploads\/2015\/12\/fotonoticia_20151221125511_800-360x240.jpg 360w, https:\/\/eldigitaldeasturias.com\/magazine365\/wp-content\/uploads\/2015\/12\/fotonoticia_20151221125511_800-650x433.jpg 650w, https:\/\/eldigitaldeasturias.com\/magazine365\/wp-content\/uploads\/2015\/12\/fotonoticia_20151221125511_800-768x512.jpg 768w, https:\/\/eldigitaldeasturias.com\/magazine365\/wp-content\/uploads\/2015\/12\/fotonoticia_20151221125511_800-150x100.jpg 150w, https:\/\/eldigitaldeasturias.com\/magazine365\/wp-content\/uploads\/2015\/12\/fotonoticia_20151221125511_800-450x300.jpg 450w, https:\/\/eldigitaldeasturias.com\/magazine365\/wp-content\/uploads\/2015\/12\/fotonoticia_20151221125511_800-696x464.jpg 696w, https:\/\/eldigitaldeasturias.com\/magazine365\/wp-content\/uploads\/2015\/12\/fotonoticia_20151221125511_800-630x420.jpg 630w, https:\/\/eldigitaldeasturias.com\/magazine365\/wp-content\/uploads\/2015\/12\/fotonoticia_20151221125511_800-84x55.jpg 84w, https:\/\/eldigitaldeasturias.com\/magazine365\/wp-content\/uploads\/2015\/12\/fotonoticia_20151221125511_800.jpg 800w\" sizes=\"(max-width: 360px) 100vw, 360px\" \/>Airbus comenzar\u00e1 el montaje final del primer Beluga XL a principios de 2017, tras lograr con \u00e9xito producir la pieza del fuselaje, correspondiente a la parte trasera, producida por la firma espa\u00f1ola Aernnova, inform\u00f3 el consorcio europeo.<\/p>\n<p>La pieza de la parte trasera del fuselaje fabricada por Aernnova ser\u00e1 la primera parte que se entregar\u00e1 a la l\u00ednea de ensamblaje final del Beluga XL en Toulouse (Francia).<\/p>\n<p>La empresa aeron\u00e1utica Aernnova ha sido seleccionada entre los proveedores de estructuras para la fabricaci\u00f3n del Beluga XL, el nuevo avi\u00f3n de carga de gran tama\u00f1o de Airbus, que se prev\u00e9 entre en servicio en 2019.<\/p>\n<p>Concretamente, la firma espa\u00f1ola participar\u00e1 en el dise\u00f1o y construcci\u00f3n de tres secciones del fuselaje trasero del Beluga XL y asumir\u00e1 la fabricaci\u00f3n y montaje de las mismas, con una carga de trabajo equivalente a 50 empleos.<\/p>\n<p>Estas actividades requerir\u00e1n, seg\u00fan la firma espa\u00f1ola, m\u00e1s de 350.000 horas de ingenier\u00eda de producto con m\u00e1s de 100 ingenieros en los centros de \u00c1lava y Zamudio.<\/p>\n<p>El avi\u00f3n Beluga se utiliza para transportar grandes componentes de aviones de Airbus para el montaje final de aeronaves y entr\u00f3 en servicio en 1996.<\/p>\n<p>En noviembre de 2014, se lanz\u00f3 una nueva versi\u00f3n, el Beluga XL, que mayores dimensiones, que los cinco actuales en funcionamiento, para hacer frente a los requisitos de capacidad de transporte de cara al A350XWB y al incremento de tasas de producci\u00f3n.<\/p>\n<p>Gracias a sus seis metros de longitud y a un metro adicional de ancho permitir\u00e1 transportar dos alas del A350 XWB a la vez, el doble de capacidad que el modelo actual, y un 30% m\u00e1s de capacidad de carga<\/p>\n<p>ENTRAR\u00c1 EN SERVICIO A MEDIADOS DE 2019.<\/p>\n<p>El primero de los cinco Beluga XL, el MSN001, entrar\u00e1 en servicio a mediados de 2019. Se prev\u00e9 que hasta 2025 operen ambos modelos durante un periodo de transici\u00f3n hasta que el nuevo modelo sustituya por completo al actual.<\/p>\n<p>Airbus fabricar\u00e1 cinco aviones Beluga XL, que le proporcionar\u00e1n una capacidad de transporte adicional del 30%.<\/p>\n<p>Basado en el modelo A330-200 y reutilizando<\/p>\n","protected":false},"excerpt":{"rendered":"<p>Airbus comenzar\u00e1 el montaje final del primer Beluga XL a principios de 2017, tras lograr con \u00e9xito producir la pieza del fuselaje, correspondiente a la parte trasera, producida por la firma espa\u00f1ola Aernnova, inform\u00f3 el consorcio europeo. La pieza de la parte trasera del fuselaje fabricada por Aernnova ser\u00e1 la primera parte que se entregar\u00e1<\/p>\n","protected":false},"author":1,"featured_media":59062,"comment_status":"open","ping_status":"closed","sticky":false,"template":"","format":"standard","meta":{"footnotes":""},"categories":[224],"tags":[],"class_list":{"0":"post-59061","1":"post","2":"type-post","3":"status-publish","4":"format-standard","5":"has-post-thumbnail","7":"category-noticias-actualidad"},"aioseo_notices":[],"aioseo_head":"\n\t\t<!-- All in One SEO Pro 4.9.6.1 - aioseo.com -->\n\t<meta name=\"description\" content=\"Airbus comenzar\u00e1 el montaje final del primer Beluga XL a principios de 2017, tras lograr con \u00e9xito producir la pieza del fuselaje, correspondiente a la parte trasera, producida por la firma espa\u00f1ola Aernnova, inform\u00f3 el consorcio europeo. La pieza de la parte trasera del fuselaje fabricada por Aernnova ser\u00e1 la primera parte que se entregar\u00e1\" \/>\n\t<meta name=\"robots\" content=\"max-image-preview:large\" \/>\n\t<meta name=\"author\" content=\"admin\"\/>\n\t<meta name=\"google-site-verification\" content=\"UA-38556648-1\" \/>\n\t<meta name=\"keywords\" content=\"noticias y actualidad\" \/>\n\t<link rel=\"canonical\" href=\"https:\/\/eldigitaldeasturias.com\/magazine365\/airbus-comenzara-el-montaje-final-del-beluga-xl-a-principios-de-2017\/\" \/>\n\t<meta name=\"generator\" content=\"All in One SEO Pro (AIOSEO) 4.9.6.1\" \/>\n\t\t<meta property=\"og:locale\" content=\"es_ES\" \/>\n\t\t<meta property=\"og:site_name\" content=\"El Digital de Asturias \u2013 Revista de ocio, turismo y estilo de vida\" \/>\n\t\t<meta property=\"og:type\" content=\"article\" \/>\n\t\t<meta property=\"og:title\" content=\"Airbus comenzar\u00e1 el montaje final del Beluga XL a principios de 2017 | El Digital de Asturias\" \/>\n\t\t<meta property=\"og:description\" content=\"Airbus comenzar\u00e1 el montaje final del primer Beluga XL a principios de 2017, tras lograr con \u00e9xito producir la pieza del fuselaje, correspondiente a la parte trasera, producida por la firma espa\u00f1ola Aernnova, inform\u00f3 el consorcio europeo. La pieza de la parte trasera del fuselaje fabricada por Aernnova ser\u00e1 la primera parte que se entregar\u00e1\" \/>\n\t\t<meta property=\"og:url\" content=\"https:\/\/eldigitaldeasturias.com\/magazine365\/airbus-comenzara-el-montaje-final-del-beluga-xl-a-principios-de-2017\/\" \/>\n\t\t<meta property=\"og:image\" content=\"https:\/\/eldigitaldeasturias.com\/magazine365\/wp-content\/uploads\/2015\/12\/fotonoticia_20151221125511_800.jpg\" \/>\n\t\t<meta property=\"og:image:secure_url\" content=\"https:\/\/eldigitaldeasturias.com\/magazine365\/wp-content\/uploads\/2015\/12\/fotonoticia_20151221125511_800.jpg\" \/>\n\t\t<meta property=\"og:image:width\" content=\"800\" \/>\n\t\t<meta property=\"og:image:height\" content=\"533\" \/>\n\t\t<meta property=\"article:published_time\" content=\"2015-12-22T16:29:49+00:00\" \/>\n\t\t<meta property=\"article:modified_time\" content=\"2015-12-22T16:29:49+00:00\" \/>\n\t\t<meta name=\"twitter:card\" content=\"summary_large_image\" \/>\n\t\t<meta name=\"twitter:title\" content=\"Airbus comenzar\u00e1 el montaje final del Beluga XL a principios de 2017 | El Digital de Asturias\" \/>\n\t\t<meta name=\"twitter:description\" content=\"Airbus comenzar\u00e1 el montaje final del primer Beluga XL a principios de 2017, tras lograr con \u00e9xito producir la pieza del fuselaje, correspondiente a la parte trasera, producida por la firma espa\u00f1ola Aernnova, inform\u00f3 el consorcio europeo. La pieza de la parte trasera del fuselaje fabricada por Aernnova ser\u00e1 la primera parte que se entregar\u00e1\" \/>\n\t\t<meta name=\"twitter:image\" content=\"https:\/\/eldigitaldeasturias.com\/magazine365\/wp-content\/uploads\/2015\/12\/fotonoticia_20151221125511_800.jpg\" \/>\n\t\t<script type=\"application\/ld+json\" class=\"aioseo-schema\">\n\t\t\t{\"@context\":\"https:\\\/\\\/schema.org\",\"@graph\":[{\"@type\":\"Article\",\"@id\":\"https:\\\/\\\/eldigitaldeasturias.com\\\/magazine365\\\/airbus-comenzara-el-montaje-final-del-beluga-xl-a-principios-de-2017\\\/#article\",\"name\":\"Airbus comenzar\\u00e1 el montaje final del Beluga XL a principios de 2017 | El Digital de Asturias\",\"headline\":\"Airbus comenzar\\u00e1 el montaje final del Beluga XL a principios de 2017\",\"author\":{\"@id\":\"https:\\\/\\\/eldigitaldeasturias.com\\\/magazine365\\\/author\\\/admin\\\/#author\"},\"publisher\":{\"@id\":\"https:\\\/\\\/eldigitaldeasturias.com\\\/magazine365\\\/#organization\"},\"image\":{\"@type\":\"ImageObject\",\"url\":\"https:\\\/\\\/eldigitaldeasturias.com\\\/magazine365\\\/wp-content\\\/uploads\\\/2015\\\/12\\\/fotonoticia_20151221125511_800.jpg\",\"width\":800,\"height\":533},\"datePublished\":\"2015-12-22T17:29:49+01:00\",\"dateModified\":\"2015-12-22T17:29:49+01:00\",\"inLanguage\":\"es-ES\",\"mainEntityOfPage\":{\"@id\":\"https:\\\/\\\/eldigitaldeasturias.com\\\/magazine365\\\/airbus-comenzara-el-montaje-final-del-beluga-xl-a-principios-de-2017\\\/#webpage\"},\"isPartOf\":{\"@id\":\"https:\\\/\\\/eldigitaldeasturias.com\\\/magazine365\\\/airbus-comenzara-el-montaje-final-del-beluga-xl-a-principios-de-2017\\\/#webpage\"},\"articleSection\":\"Noticias y Actualidad\"},{\"@type\":\"BreadcrumbList\",\"@id\":\"https:\\\/\\\/eldigitaldeasturias.com\\\/magazine365\\\/airbus-comenzara-el-montaje-final-del-beluga-xl-a-principios-de-2017\\\/#breadcrumblist\",\"itemListElement\":[{\"@type\":\"ListItem\",\"@id\":\"https:\\\/\\\/eldigitaldeasturias.com\\\/magazine365#listItem\",\"position\":1,\"name\":\"Home\",\"item\":\"https:\\\/\\\/eldigitaldeasturias.com\\\/magazine365\",\"nextItem\":{\"@type\":\"ListItem\",\"@id\":\"https:\\\/\\\/eldigitaldeasturias.com\\\/magazine365\\\/category\\\/noticias-actualidad\\\/#listItem\",\"name\":\"Noticias y Actualidad\"}},{\"@type\":\"ListItem\",\"@id\":\"https:\\\/\\\/eldigitaldeasturias.com\\\/magazine365\\\/category\\\/noticias-actualidad\\\/#listItem\",\"position\":2,\"name\":\"Noticias y Actualidad\",\"item\":\"https:\\\/\\\/eldigitaldeasturias.com\\\/magazine365\\\/category\\\/noticias-actualidad\\\/\",\"nextItem\":{\"@type\":\"ListItem\",\"@id\":\"https:\\\/\\\/eldigitaldeasturias.com\\\/magazine365\\\/airbus-comenzara-el-montaje-final-del-beluga-xl-a-principios-de-2017\\\/#listItem\",\"name\":\"Airbus comenzar\\u00e1 el montaje final del Beluga XL a principios de 2017\"},\"previousItem\":{\"@type\":\"ListItem\",\"@id\":\"https:\\\/\\\/eldigitaldeasturias.com\\\/magazine365#listItem\",\"name\":\"Home\"}},{\"@type\":\"ListItem\",\"@id\":\"https:\\\/\\\/eldigitaldeasturias.com\\\/magazine365\\\/airbus-comenzara-el-montaje-final-del-beluga-xl-a-principios-de-2017\\\/#listItem\",\"position\":3,\"name\":\"Airbus comenzar\\u00e1 el montaje final del Beluga XL a principios de 2017\",\"previousItem\":{\"@type\":\"ListItem\",\"@id\":\"https:\\\/\\\/eldigitaldeasturias.com\\\/magazine365\\\/category\\\/noticias-actualidad\\\/#listItem\",\"name\":\"Noticias y Actualidad\"}}]},{\"@type\":\"Organization\",\"@id\":\"https:\\\/\\\/eldigitaldeasturias.com\\\/magazine365\\\/#organization\",\"name\":\"El digital de Asturias\",\"description\":\"Revista de ocio, turismo y estilo de vida\",\"url\":\"https:\\\/\\\/eldigitaldeasturias.com\\\/magazine365\\\/\",\"logo\":{\"@type\":\"ImageObject\",\"url\":\"https:\\\/\\\/www.eldigitaldeasturias.com\\\/noticias\\\/wp-content\\\/uploads\\\/2020\\\/12\\\/EDA.jpg\",\"@id\":\"https:\\\/\\\/eldigitaldeasturias.com\\\/magazine365\\\/airbus-comenzara-el-montaje-final-del-beluga-xl-a-principios-de-2017\\\/#organizationLogo\"},\"image\":{\"@id\":\"https:\\\/\\\/eldigitaldeasturias.com\\\/magazine365\\\/airbus-comenzara-el-montaje-final-del-beluga-xl-a-principios-de-2017\\\/#organizationLogo\"}},{\"@type\":\"Person\",\"@id\":\"https:\\\/\\\/eldigitaldeasturias.com\\\/magazine365\\\/author\\\/admin\\\/#author\",\"url\":\"https:\\\/\\\/eldigitaldeasturias.com\\\/magazine365\\\/author\\\/admin\\\/\",\"name\":\"admin\",\"image\":{\"@type\":\"ImageObject\",\"@id\":\"https:\\\/\\\/eldigitaldeasturias.com\\\/magazine365\\\/airbus-comenzara-el-montaje-final-del-beluga-xl-a-principios-de-2017\\\/#authorImage\",\"url\":\"https:\\\/\\\/eldigitaldeasturias.com\\\/magazine365\\\/wp-content\\\/litespeed\\\/avatar\\\/e571bcf59a0edd6fa6838245a470f2fe.jpg?ver=1777574230\",\"width\":96,\"height\":96,\"caption\":\"admin\"}},{\"@type\":\"WebPage\",\"@id\":\"https:\\\/\\\/eldigitaldeasturias.com\\\/magazine365\\\/airbus-comenzara-el-montaje-final-del-beluga-xl-a-principios-de-2017\\\/#webpage\",\"url\":\"https:\\\/\\\/eldigitaldeasturias.com\\\/magazine365\\\/airbus-comenzara-el-montaje-final-del-beluga-xl-a-principios-de-2017\\\/\",\"name\":\"Airbus comenzar\\u00e1 el montaje final del Beluga XL a principios de 2017 | El Digital de Asturias\",\"description\":\"Airbus comenzar\\u00e1 el montaje final del primer Beluga XL a principios de 2017, tras lograr con \\u00e9xito producir la pieza del fuselaje, correspondiente a la parte trasera, producida por la firma espa\\u00f1ola Aernnova, inform\\u00f3 el consorcio europeo. La pieza de la parte trasera del fuselaje fabricada por Aernnova ser\\u00e1 la primera parte que se entregar\\u00e1\",\"inLanguage\":\"es-ES\",\"isPartOf\":{\"@id\":\"https:\\\/\\\/eldigitaldeasturias.com\\\/magazine365\\\/#website\"},\"breadcrumb\":{\"@id\":\"https:\\\/\\\/eldigitaldeasturias.com\\\/magazine365\\\/airbus-comenzara-el-montaje-final-del-beluga-xl-a-principios-de-2017\\\/#breadcrumblist\"},\"author\":{\"@id\":\"https:\\\/\\\/eldigitaldeasturias.com\\\/magazine365\\\/author\\\/admin\\\/#author\"},\"creator\":{\"@id\":\"https:\\\/\\\/eldigitaldeasturias.com\\\/magazine365\\\/author\\\/admin\\\/#author\"},\"image\":{\"@type\":\"ImageObject\",\"url\":\"https:\\\/\\\/eldigitaldeasturias.com\\\/magazine365\\\/wp-content\\\/uploads\\\/2015\\\/12\\\/fotonoticia_20151221125511_800.jpg\",\"@id\":\"https:\\\/\\\/eldigitaldeasturias.com\\\/magazine365\\\/airbus-comenzara-el-montaje-final-del-beluga-xl-a-principios-de-2017\\\/#mainImage\",\"width\":800,\"height\":533},\"primaryImageOfPage\":{\"@id\":\"https:\\\/\\\/eldigitaldeasturias.com\\\/magazine365\\\/airbus-comenzara-el-montaje-final-del-beluga-xl-a-principios-de-2017\\\/#mainImage\"},\"datePublished\":\"2015-12-22T17:29:49+01:00\",\"dateModified\":\"2015-12-22T17:29:49+01:00\"},{\"@type\":\"WebSite\",\"@id\":\"https:\\\/\\\/eldigitaldeasturias.com\\\/magazine365\\\/#website\",\"url\":\"https:\\\/\\\/eldigitaldeasturias.com\\\/magazine365\\\/\",\"name\":\"El Digital de Asturias\",\"description\":\"Revista de ocio, turismo y estilo de vida\",\"inLanguage\":\"es-ES\",\"publisher\":{\"@id\":\"https:\\\/\\\/eldigitaldeasturias.com\\\/magazine365\\\/#organization\"}}]}\n\t\t<\/script>\n\t\t<!-- All in One SEO Pro -->\r\n\t\t<title>Airbus comenzar\u00e1 el montaje final del Beluga XL a principios de 2017 | El Digital de Asturias<\/title>\n\n","aioseo_head_json":{"title":"Airbus comenzar\u00e1 el montaje final del Beluga XL a principios de 2017 | El Digital de Asturias","description":"Airbus comenzar\u00e1 el montaje final del primer Beluga XL a principios de 2017, tras lograr con \u00e9xito producir la pieza del fuselaje, correspondiente a la parte trasera, producida por la firma espa\u00f1ola Aernnova, inform\u00f3 el consorcio europeo. La pieza de la parte trasera del fuselaje fabricada por Aernnova ser\u00e1 la primera parte que se entregar\u00e1","canonical_url":"https:\/\/eldigitaldeasturias.com\/magazine365\/airbus-comenzara-el-montaje-final-del-beluga-xl-a-principios-de-2017\/","robots":"max-image-preview:large","keywords":"noticias y actualidad","webmasterTools":{"google-site-verification":"UA-38556648-1","miscellaneous":""},"schema":{"@context":"https:\/\/schema.org","@graph":[{"@type":"Article","@id":"https:\/\/eldigitaldeasturias.com\/magazine365\/airbus-comenzara-el-montaje-final-del-beluga-xl-a-principios-de-2017\/#article","name":"Airbus comenzar\u00e1 el montaje final del Beluga XL a principios de 2017 | El Digital de Asturias","headline":"Airbus comenzar\u00e1 el montaje final del Beluga XL a principios de 2017","author":{"@id":"https:\/\/eldigitaldeasturias.com\/magazine365\/author\/admin\/#author"},"publisher":{"@id":"https:\/\/eldigitaldeasturias.com\/magazine365\/#organization"},"image":{"@type":"ImageObject","url":"https:\/\/eldigitaldeasturias.com\/magazine365\/wp-content\/uploads\/2015\/12\/fotonoticia_20151221125511_800.jpg","width":800,"height":533},"datePublished":"2015-12-22T17:29:49+01:00","dateModified":"2015-12-22T17:29:49+01:00","inLanguage":"es-ES","mainEntityOfPage":{"@id":"https:\/\/eldigitaldeasturias.com\/magazine365\/airbus-comenzara-el-montaje-final-del-beluga-xl-a-principios-de-2017\/#webpage"},"isPartOf":{"@id":"https:\/\/eldigitaldeasturias.com\/magazine365\/airbus-comenzara-el-montaje-final-del-beluga-xl-a-principios-de-2017\/#webpage"},"articleSection":"Noticias y Actualidad"},{"@type":"BreadcrumbList","@id":"https:\/\/eldigitaldeasturias.com\/magazine365\/airbus-comenzara-el-montaje-final-del-beluga-xl-a-principios-de-2017\/#breadcrumblist","itemListElement":[{"@type":"ListItem","@id":"https:\/\/eldigitaldeasturias.com\/magazine365#listItem","position":1,"name":"Home","item":"https:\/\/eldigitaldeasturias.com\/magazine365","nextItem":{"@type":"ListItem","@id":"https:\/\/eldigitaldeasturias.com\/magazine365\/category\/noticias-actualidad\/#listItem","name":"Noticias y Actualidad"}},{"@type":"ListItem","@id":"https:\/\/eldigitaldeasturias.com\/magazine365\/category\/noticias-actualidad\/#listItem","position":2,"name":"Noticias y Actualidad","item":"https:\/\/eldigitaldeasturias.com\/magazine365\/category\/noticias-actualidad\/","nextItem":{"@type":"ListItem","@id":"https:\/\/eldigitaldeasturias.com\/magazine365\/airbus-comenzara-el-montaje-final-del-beluga-xl-a-principios-de-2017\/#listItem","name":"Airbus comenzar\u00e1 el montaje final del Beluga XL a principios de 2017"},"previousItem":{"@type":"ListItem","@id":"https:\/\/eldigitaldeasturias.com\/magazine365#listItem","name":"Home"}},{"@type":"ListItem","@id":"https:\/\/eldigitaldeasturias.com\/magazine365\/airbus-comenzara-el-montaje-final-del-beluga-xl-a-principios-de-2017\/#listItem","position":3,"name":"Airbus comenzar\u00e1 el montaje final del Beluga XL a principios de 2017","previousItem":{"@type":"ListItem","@id":"https:\/\/eldigitaldeasturias.com\/magazine365\/category\/noticias-actualidad\/#listItem","name":"Noticias y Actualidad"}}]},{"@type":"Organization","@id":"https:\/\/eldigitaldeasturias.com\/magazine365\/#organization","name":"El digital de Asturias","description":"Revista de ocio, turismo y estilo de vida","url":"https:\/\/eldigitaldeasturias.com\/magazine365\/","logo":{"@type":"ImageObject","url":"https:\/\/www.eldigitaldeasturias.com\/noticias\/wp-content\/uploads\/2020\/12\/EDA.jpg","@id":"https:\/\/eldigitaldeasturias.com\/magazine365\/airbus-comenzara-el-montaje-final-del-beluga-xl-a-principios-de-2017\/#organizationLogo"},"image":{"@id":"https:\/\/eldigitaldeasturias.com\/magazine365\/airbus-comenzara-el-montaje-final-del-beluga-xl-a-principios-de-2017\/#organizationLogo"}},{"@type":"Person","@id":"https:\/\/eldigitaldeasturias.com\/magazine365\/author\/admin\/#author","url":"https:\/\/eldigitaldeasturias.com\/magazine365\/author\/admin\/","name":"admin","image":{"@type":"ImageObject","@id":"https:\/\/eldigitaldeasturias.com\/magazine365\/airbus-comenzara-el-montaje-final-del-beluga-xl-a-principios-de-2017\/#authorImage","url":"https:\/\/eldigitaldeasturias.com\/magazine365\/wp-content\/litespeed\/avatar\/e571bcf59a0edd6fa6838245a470f2fe.jpg?ver=1777574230","width":96,"height":96,"caption":"admin"}},{"@type":"WebPage","@id":"https:\/\/eldigitaldeasturias.com\/magazine365\/airbus-comenzara-el-montaje-final-del-beluga-xl-a-principios-de-2017\/#webpage","url":"https:\/\/eldigitaldeasturias.com\/magazine365\/airbus-comenzara-el-montaje-final-del-beluga-xl-a-principios-de-2017\/","name":"Airbus comenzar\u00e1 el montaje final del Beluga XL a principios de 2017 | El Digital de Asturias","description":"Airbus comenzar\u00e1 el montaje final del primer Beluga XL a principios de 2017, tras lograr con \u00e9xito producir la pieza del fuselaje, correspondiente a la parte trasera, producida por la firma espa\u00f1ola Aernnova, inform\u00f3 el consorcio europeo. La pieza de la parte trasera del fuselaje fabricada por Aernnova ser\u00e1 la primera parte que se entregar\u00e1","inLanguage":"es-ES","isPartOf":{"@id":"https:\/\/eldigitaldeasturias.com\/magazine365\/#website"},"breadcrumb":{"@id":"https:\/\/eldigitaldeasturias.com\/magazine365\/airbus-comenzara-el-montaje-final-del-beluga-xl-a-principios-de-2017\/#breadcrumblist"},"author":{"@id":"https:\/\/eldigitaldeasturias.com\/magazine365\/author\/admin\/#author"},"creator":{"@id":"https:\/\/eldigitaldeasturias.com\/magazine365\/author\/admin\/#author"},"image":{"@type":"ImageObject","url":"https:\/\/eldigitaldeasturias.com\/magazine365\/wp-content\/uploads\/2015\/12\/fotonoticia_20151221125511_800.jpg","@id":"https:\/\/eldigitaldeasturias.com\/magazine365\/airbus-comenzara-el-montaje-final-del-beluga-xl-a-principios-de-2017\/#mainImage","width":800,"height":533},"primaryImageOfPage":{"@id":"https:\/\/eldigitaldeasturias.com\/magazine365\/airbus-comenzara-el-montaje-final-del-beluga-xl-a-principios-de-2017\/#mainImage"},"datePublished":"2015-12-22T17:29:49+01:00","dateModified":"2015-12-22T17:29:49+01:00"},{"@type":"WebSite","@id":"https:\/\/eldigitaldeasturias.com\/magazine365\/#website","url":"https:\/\/eldigitaldeasturias.com\/magazine365\/","name":"El Digital de Asturias","description":"Revista de ocio, turismo y estilo de vida","inLanguage":"es-ES","publisher":{"@id":"https:\/\/eldigitaldeasturias.com\/magazine365\/#organization"}}]},"og:locale":"es_ES","og:site_name":"El Digital de Asturias \u2013 Revista de ocio, turismo y estilo de vida","og:type":"article","og:title":"Airbus comenzar\u00e1 el montaje final del Beluga XL a principios de 2017 | El Digital de Asturias","og:description":"Airbus comenzar\u00e1 el montaje final del primer Beluga XL a principios de 2017, tras lograr con \u00e9xito producir la pieza del fuselaje, correspondiente a la parte trasera, producida por la firma espa\u00f1ola Aernnova, inform\u00f3 el consorcio europeo. La pieza de la parte trasera del fuselaje fabricada por Aernnova ser\u00e1 la primera parte que se entregar\u00e1","og:url":"https:\/\/eldigitaldeasturias.com\/magazine365\/airbus-comenzara-el-montaje-final-del-beluga-xl-a-principios-de-2017\/","og:image":"https:\/\/eldigitaldeasturias.com\/magazine365\/wp-content\/uploads\/2015\/12\/fotonoticia_20151221125511_800.jpg","og:image:secure_url":"https:\/\/eldigitaldeasturias.com\/magazine365\/wp-content\/uploads\/2015\/12\/fotonoticia_20151221125511_800.jpg","og:image:width":800,"og:image:height":533,"article:published_time":"2015-12-22T16:29:49+00:00","article:modified_time":"2015-12-22T16:29:49+00:00","twitter:card":"summary_large_image","twitter:title":"Airbus comenzar\u00e1 el montaje final del Beluga XL a principios de 2017 | El Digital de Asturias","twitter:description":"Airbus comenzar\u00e1 el montaje final del primer Beluga XL a principios de 2017, tras lograr con \u00e9xito producir la pieza del fuselaje, correspondiente a la parte trasera, producida por la firma espa\u00f1ola Aernnova, inform\u00f3 el consorcio europeo. La pieza de la parte trasera del fuselaje fabricada por Aernnova ser\u00e1 la primera parte que se entregar\u00e1","twitter:image":"https:\/\/eldigitaldeasturias.com\/magazine365\/wp-content\/uploads\/2015\/12\/fotonoticia_20151221125511_800.jpg"},"aioseo_meta_data":{"post_id":"59061","title":null,"description":null,"keywords":null,"keyphrases":null,"primary_term":null,"canonical_url":null,"og_title":null,"og_description":null,"og_object_type":"default","og_image_type":"default","og_image_url":null,"og_image_width":null,"og_image_height":null,"og_image_custom_url":null,"og_image_custom_fields":null,"og_video":null,"og_custom_url":null,"og_article_section":null,"og_article_tags":null,"twitter_use_og":false,"twitter_card":"default","twitter_image_type":"default","twitter_image_url":null,"twitter_image_custom_url":null,"twitter_image_custom_fields":null,"twitter_title":null,"twitter_description":null,"schema":{"blockGraphs":[],"customGraphs":[],"default":{"data":{"Article":[],"Course":[],"Dataset":[],"FAQPage":[],"Movie":[],"Person":[],"Product":[],"ProductReview":[],"Car":[],"Recipe":[],"Service":[],"SoftwareApplication":[],"WebPage":[]},"graphName":"","isEnabled":true},"graphs":[],"defaultGraph":"","defaultPostTypeGraph":""},"schema_type":null,"schema_type_options":null,"pillar_content":false,"robots_default":true,"robots_noindex":false,"robots_noarchive":false,"robots_nosnippet":false,"robots_nofollow":false,"robots_noimageindex":false,"robots_noodp":false,"robots_notranslate":false,"robots_max_snippet":null,"robots_max_videopreview":null,"robots_max_imagepreview":"large","priority":null,"frequency":null,"location":null,"local_seo":null,"seo_analyzer_scan_date":"2025-09-25 04:10:56","breadcrumb_settings":null,"limit_modified_date":false,"open_ai":null,"ai":null,"created":"2021-03-08 22:21:58","updated":"2025-09-25 04:10:56"},"aioseo_breadcrumb":"<div class=\"aioseo-breadcrumbs\"><span class=\"aioseo-breadcrumb\">\n\t<a href=\"https:\/\/eldigitaldeasturias.com\/magazine365\" title=\"Home\">Home<\/a>\n<\/span><span class=\"aioseo-breadcrumb-separator\">\u2013<\/span><span class=\"aioseo-breadcrumb\">\n\t<a href=\"https:\/\/eldigitaldeasturias.com\/magazine365\/category\/noticias-actualidad\/\" title=\"Noticias y Actualidad\">Noticias y Actualidad<\/a>\n<\/span><span class=\"aioseo-breadcrumb-separator\">\u2013<\/span><span class=\"aioseo-breadcrumb\">\n\t<a href=\"https:\/\/eldigitaldeasturias.com\/magazine365\/airbus-comenzara-el-montaje-final-del-beluga-xl-a-principios-de-2017\/\" title=\"Airbus comenzar\u00e1 el montaje final del Beluga XL a principios de 2017\">Airbus comenzar\u00e1 el montaje final del Beluga XL a principios de 2017<\/a>\n<\/span><\/div>","aioseo_breadcrumb_json":[{"label":"Home","link":"https:\/\/eldigitaldeasturias.com\/magazine365"},{"label":"Noticias y Actualidad","link":"https:\/\/eldigitaldeasturias.com\/magazine365\/category\/noticias-actualidad\/"},{"label":"Airbus comenzar\u00e1 el montaje final del Beluga XL a principios de 2017","link":"https:\/\/eldigitaldeasturias.com\/magazine365\/airbus-comenzara-el-montaje-final-del-beluga-xl-a-principios-de-2017\/"}],"_links":{"self":[{"href":"https:\/\/eldigitaldeasturias.com\/magazine365\/wp-json\/wp\/v2\/posts\/59061","targetHints":{"allow":["GET"]}}],"collection":[{"href":"https:\/\/eldigitaldeasturias.com\/magazine365\/wp-json\/wp\/v2\/posts"}],"about":[{"href":"https:\/\/eldigitaldeasturias.com\/magazine365\/wp-json\/wp\/v2\/types\/post"}],"author":[{"embeddable":true,"href":"https:\/\/eldigitaldeasturias.com\/magazine365\/wp-json\/wp\/v2\/users\/1"}],"replies":[{"embeddable":true,"href":"https:\/\/eldigitaldeasturias.com\/magazine365\/wp-json\/wp\/v2\/comments?post=59061"}],"version-history":[{"count":0,"href":"https:\/\/eldigitaldeasturias.com\/magazine365\/wp-json\/wp\/v2\/posts\/59061\/revisions"}],"wp:featuredmedia":[{"embeddable":true,"href":"https:\/\/eldigitaldeasturias.com\/magazine365\/wp-json\/wp\/v2\/media\/59062"}],"wp:attachment":[{"href":"https:\/\/eldigitaldeasturias.com\/magazine365\/wp-json\/wp\/v2\/media?parent=59061"}],"wp:term":[{"taxonomy":"category","embeddable":true,"href":"https:\/\/eldigitaldeasturias.com\/magazine365\/wp-json\/wp\/v2\/categories?post=59061"},{"taxonomy":"post_tag","embeddable":true,"href":"https:\/\/eldigitaldeasturias.com\/magazine365\/wp-json\/wp\/v2\/tags?post=59061"}],"curies":[{"name":"wp","href":"https:\/\/api.w.org\/{rel}","templated":true}]}}