{"id":59052,"date":"2015-12-21T15:15:59","date_gmt":"2015-12-21T14:15:59","guid":{"rendered":"http:\/\/eldigitaldeasturias.com\/magazine365\/?p=59052"},"modified":"2015-12-21T15:15:59","modified_gmt":"2015-12-21T14:15:59","slug":"el-turismo-de-negocios-generara-49-millones-en-peru-los-proximos-anos","status":"publish","type":"post","link":"https:\/\/eldigitaldeasturias.com\/magazine365\/el-turismo-de-negocios-generara-49-millones-en-peru-los-proximos-anos\/","title":{"rendered":"El turismo de negocios generar\u00e1 4,9 millones en Per\u00fa los pr\u00f3ximos a\u00f1os"},"content":{"rendered":"<p><img fetchpriority=\"high\" decoding=\"async\" class=\"alignleft size-medium wp-image-59053\" src=\"https:\/\/eldigitaldeasturias.com\/magazine365\/wp-content\/uploads\/2015\/12\/fotonoticia_20151221122005_800-360x241.jpg\" alt=\"fotonoticia_20151221122005_800\" width=\"360\" height=\"241\" srcset=\"https:\/\/eldigitaldeasturias.com\/magazine365\/wp-content\/uploads\/2015\/12\/fotonoticia_20151221122005_800-360x241.jpg 360w, https:\/\/eldigitaldeasturias.com\/magazine365\/wp-content\/uploads\/2015\/12\/fotonoticia_20151221122005_800-650x436.jpg 650w, https:\/\/eldigitaldeasturias.com\/magazine365\/wp-content\/uploads\/2015\/12\/fotonoticia_20151221122005_800-768x515.jpg 768w, https:\/\/eldigitaldeasturias.com\/magazine365\/wp-content\/uploads\/2015\/12\/fotonoticia_20151221122005_800-150x101.jpg 150w, https:\/\/eldigitaldeasturias.com\/magazine365\/wp-content\/uploads\/2015\/12\/fotonoticia_20151221122005_800-450x302.jpg 450w, https:\/\/eldigitaldeasturias.com\/magazine365\/wp-content\/uploads\/2015\/12\/fotonoticia_20151221122005_800-696x466.jpg 696w, https:\/\/eldigitaldeasturias.com\/magazine365\/wp-content\/uploads\/2015\/12\/fotonoticia_20151221122005_800-627x420.jpg 627w, https:\/\/eldigitaldeasturias.com\/magazine365\/wp-content\/uploads\/2015\/12\/fotonoticia_20151221122005_800-84x55.jpg 84w, https:\/\/eldigitaldeasturias.com\/magazine365\/wp-content\/uploads\/2015\/12\/fotonoticia_20151221122005_800.jpg 800w\" sizes=\"(max-width: 360px) 100vw, 360px\" \/>El turismo de reuniones generar\u00e1 ingresos por m\u00e1s de 4,9 millones de euros para Per\u00fa que espera atraer a miles de visitantes en los pr\u00f3ximos a\u00f1os gracias a la gesti\u00f3n de seis importantes eventos internacionales profesionales.<\/p>\n<p>La ministra de comercio exterior y turismo y presidenta del consejo directivo de Promper\u00fa, Magali Silva Velarde-\u00c1lvarez, ha destacado el logro del pa\u00eds en haber obtenido la sede de seis importantes eventos internacionales de profesionales gracias a las gestiones de su sector.<\/p>\n<p>\u00abEl auge de este segmento en nuestro pa\u00eds tiene una base en la solidez macroecon\u00f3mica que ofrece Per\u00fa junto con una oferta apropiada en cuanto a infraestructura hotelera de primer nivel, facilidades log\u00edsticas, instalaciones para convenciones con tecnolog\u00eda de \u00faltima generaci\u00f3n y buenas conexiones a\u00e9reas; adem\u00e1s, de la experiencia de haber realizado importantes reuniones en los \u00faltimos a\u00f1os\u00bb, se\u00f1al\u00f3 la ministra.<\/p>\n<p>Per\u00fa ser\u00e1 la sede para el Congreso Latinoamericano de Fideicomiso-COLAFI el pr\u00f3ximo a\u00f1o, en el que se estima la participaci\u00f3n de unas 500 personas.<\/p>\n<p>Para 2017 se tiene prevista la organizaci\u00f3n del Congreso Latinoamericano de Cirug\u00eda General (2.500 personas), el Congreso de la Confederaci\u00f3n Latinoamericana y del Caribe de Nutricionistas y Dietistas (900 personas) y el Congreso Internacional de la Asociaci\u00f3n de Estudios Latinoamericanos-LASA (3.200 personas).<\/p>\n<p>Finalmente, el a\u00f1o 2018 se desarrollar\u00e1 el Congreso Mundial de la Papa en la ciudad de Cusco (800 personas) y el XIV Encuentro Iberoamericano de la Sociedad Civil (670 personas).<\/p>\n<p>\u00abDesde mi sector hemos venido apoyando las candidaturas para que el segmento de turismo de reuniones se potencie, especialmente ahora que contamos con el moderno Centro de Convenciones de Lima, que fue estrenado con las juntas de gobernadores del Fondo Monetario Internacional y el Grupo del Banco Mundial, recibiendo a unos 10.000 asistentes el pasado mes de octubre\u00bb, a\u00f1adi\u00f3.<\/p>\n","protected":false},"excerpt":{"rendered":"<p>El turismo de reuniones generar\u00e1 ingresos por m\u00e1s de 4,9 millones de euros para Per\u00fa que espera atraer a miles de visitantes en los pr\u00f3ximos a\u00f1os gracias a la gesti\u00f3n de seis importantes eventos internacionales profesionales. La ministra de comercio exterior y turismo y presidenta del consejo directivo de Promper\u00fa, Magali Silva Velarde-\u00c1lvarez, ha destacado<\/p>\n","protected":false},"author":1,"featured_media":59053,"comment_status":"open","ping_status":"closed","sticky":false,"template":"","format":"standard","meta":{"footnotes":""},"categories":[224],"tags":[],"class_list":{"0":"post-59052","1":"post","2":"type-post","3":"status-publish","4":"format-standard","5":"has-post-thumbnail","7":"category-noticias-actualidad"},"aioseo_notices":[],"aioseo_head":"\n\t\t<!-- All in One SEO Pro 4.9.6.1 - aioseo.com -->\n\t<meta name=\"description\" content=\"El turismo de reuniones generar\u00e1 ingresos por m\u00e1s de 4,9 millones de euros para Per\u00fa que espera atraer a miles de visitantes en los pr\u00f3ximos a\u00f1os gracias a la gesti\u00f3n de seis importantes eventos internacionales profesionales. La ministra de comercio exterior y turismo y presidenta del consejo directivo de Promper\u00fa, Magali Silva Velarde-\u00c1lvarez, ha destacado\" \/>\n\t<meta name=\"robots\" content=\"max-image-preview:large\" \/>\n\t<meta name=\"author\" content=\"admin\"\/>\n\t<meta name=\"google-site-verification\" content=\"UA-38556648-1\" \/>\n\t<meta name=\"keywords\" content=\"noticias y actualidad\" \/>\n\t<link rel=\"canonical\" href=\"https:\/\/eldigitaldeasturias.com\/magazine365\/el-turismo-de-negocios-generara-49-millones-en-peru-los-proximos-anos\/\" \/>\n\t<meta name=\"generator\" content=\"All in One SEO Pro (AIOSEO) 4.9.6.1\" \/>\n\t\t<meta property=\"og:locale\" content=\"es_ES\" \/>\n\t\t<meta property=\"og:site_name\" content=\"El Digital de Asturias \u2013 Revista de ocio, turismo y estilo de vida\" \/>\n\t\t<meta property=\"og:type\" content=\"article\" \/>\n\t\t<meta property=\"og:title\" content=\"El turismo de negocios generar\u00e1 4,9 millones en Per\u00fa los pr\u00f3ximos a\u00f1os | El Digital de Asturias\" \/>\n\t\t<meta property=\"og:description\" content=\"El turismo de reuniones generar\u00e1 ingresos por m\u00e1s de 4,9 millones de euros para Per\u00fa que espera atraer a miles de visitantes en los pr\u00f3ximos a\u00f1os gracias a la gesti\u00f3n de seis importantes eventos internacionales profesionales. La ministra de comercio exterior y turismo y presidenta del consejo directivo de Promper\u00fa, Magali Silva Velarde-\u00c1lvarez, ha destacado\" \/>\n\t\t<meta property=\"og:url\" content=\"https:\/\/eldigitaldeasturias.com\/magazine365\/el-turismo-de-negocios-generara-49-millones-en-peru-los-proximos-anos\/\" \/>\n\t\t<meta property=\"og:image\" content=\"https:\/\/eldigitaldeasturias.com\/magazine365\/wp-content\/uploads\/2015\/12\/fotonoticia_20151221122005_800.jpg\" \/>\n\t\t<meta property=\"og:image:secure_url\" content=\"https:\/\/eldigitaldeasturias.com\/magazine365\/wp-content\/uploads\/2015\/12\/fotonoticia_20151221122005_800.jpg\" \/>\n\t\t<meta property=\"og:image:width\" content=\"800\" \/>\n\t\t<meta property=\"og:image:height\" content=\"536\" \/>\n\t\t<meta property=\"article:published_time\" content=\"2015-12-21T14:15:59+00:00\" \/>\n\t\t<meta property=\"article:modified_time\" content=\"2015-12-21T14:15:59+00:00\" \/>\n\t\t<meta name=\"twitter:card\" content=\"summary_large_image\" \/>\n\t\t<meta name=\"twitter:title\" content=\"El turismo de negocios generar\u00e1 4,9 millones en Per\u00fa los pr\u00f3ximos a\u00f1os | El Digital de Asturias\" \/>\n\t\t<meta name=\"twitter:description\" content=\"El turismo de reuniones generar\u00e1 ingresos por m\u00e1s de 4,9 millones de euros para Per\u00fa que espera atraer a miles de visitantes en los pr\u00f3ximos a\u00f1os gracias a la gesti\u00f3n de seis importantes eventos internacionales profesionales. La ministra de comercio exterior y turismo y presidenta del consejo directivo de Promper\u00fa, Magali Silva Velarde-\u00c1lvarez, ha destacado\" \/>\n\t\t<meta name=\"twitter:image\" content=\"https:\/\/eldigitaldeasturias.com\/magazine365\/wp-content\/uploads\/2015\/12\/fotonoticia_20151221122005_800.jpg\" \/>\n\t\t<script type=\"application\/ld+json\" class=\"aioseo-schema\">\n\t\t\t{\"@context\":\"https:\\\/\\\/schema.org\",\"@graph\":[{\"@type\":\"Article\",\"@id\":\"https:\\\/\\\/eldigitaldeasturias.com\\\/magazine365\\\/el-turismo-de-negocios-generara-49-millones-en-peru-los-proximos-anos\\\/#article\",\"name\":\"El turismo de negocios generar\\u00e1 4,9 millones en Per\\u00fa los pr\\u00f3ximos a\\u00f1os | El Digital de Asturias\",\"headline\":\"El turismo de negocios generar\\u00e1 4,9 millones en Per\\u00fa los pr\\u00f3ximos a\\u00f1os\",\"author\":{\"@id\":\"https:\\\/\\\/eldigitaldeasturias.com\\\/magazine365\\\/author\\\/admin\\\/#author\"},\"publisher\":{\"@id\":\"https:\\\/\\\/eldigitaldeasturias.com\\\/magazine365\\\/#organization\"},\"image\":{\"@type\":\"ImageObject\",\"url\":\"https:\\\/\\\/eldigitaldeasturias.com\\\/magazine365\\\/wp-content\\\/uploads\\\/2015\\\/12\\\/fotonoticia_20151221122005_800.jpg\",\"width\":800,\"height\":536},\"datePublished\":\"2015-12-21T15:15:59+01:00\",\"dateModified\":\"2015-12-21T15:15:59+01:00\",\"inLanguage\":\"es-ES\",\"mainEntityOfPage\":{\"@id\":\"https:\\\/\\\/eldigitaldeasturias.com\\\/magazine365\\\/el-turismo-de-negocios-generara-49-millones-en-peru-los-proximos-anos\\\/#webpage\"},\"isPartOf\":{\"@id\":\"https:\\\/\\\/eldigitaldeasturias.com\\\/magazine365\\\/el-turismo-de-negocios-generara-49-millones-en-peru-los-proximos-anos\\\/#webpage\"},\"articleSection\":\"Noticias y Actualidad\"},{\"@type\":\"BreadcrumbList\",\"@id\":\"https:\\\/\\\/eldigitaldeasturias.com\\\/magazine365\\\/el-turismo-de-negocios-generara-49-millones-en-peru-los-proximos-anos\\\/#breadcrumblist\",\"itemListElement\":[{\"@type\":\"ListItem\",\"@id\":\"https:\\\/\\\/eldigitaldeasturias.com\\\/magazine365#listItem\",\"position\":1,\"name\":\"Home\",\"item\":\"https:\\\/\\\/eldigitaldeasturias.com\\\/magazine365\",\"nextItem\":{\"@type\":\"ListItem\",\"@id\":\"https:\\\/\\\/eldigitaldeasturias.com\\\/magazine365\\\/category\\\/noticias-actualidad\\\/#listItem\",\"name\":\"Noticias y Actualidad\"}},{\"@type\":\"ListItem\",\"@id\":\"https:\\\/\\\/eldigitaldeasturias.com\\\/magazine365\\\/category\\\/noticias-actualidad\\\/#listItem\",\"position\":2,\"name\":\"Noticias y Actualidad\",\"item\":\"https:\\\/\\\/eldigitaldeasturias.com\\\/magazine365\\\/category\\\/noticias-actualidad\\\/\",\"nextItem\":{\"@type\":\"ListItem\",\"@id\":\"https:\\\/\\\/eldigitaldeasturias.com\\\/magazine365\\\/el-turismo-de-negocios-generara-49-millones-en-peru-los-proximos-anos\\\/#listItem\",\"name\":\"El turismo de negocios generar\\u00e1 4,9 millones en Per\\u00fa los pr\\u00f3ximos a\\u00f1os\"},\"previousItem\":{\"@type\":\"ListItem\",\"@id\":\"https:\\\/\\\/eldigitaldeasturias.com\\\/magazine365#listItem\",\"name\":\"Home\"}},{\"@type\":\"ListItem\",\"@id\":\"https:\\\/\\\/eldigitaldeasturias.com\\\/magazine365\\\/el-turismo-de-negocios-generara-49-millones-en-peru-los-proximos-anos\\\/#listItem\",\"position\":3,\"name\":\"El turismo de negocios generar\\u00e1 4,9 millones en Per\\u00fa los pr\\u00f3ximos a\\u00f1os\",\"previousItem\":{\"@type\":\"ListItem\",\"@id\":\"https:\\\/\\\/eldigitaldeasturias.com\\\/magazine365\\\/category\\\/noticias-actualidad\\\/#listItem\",\"name\":\"Noticias y Actualidad\"}}]},{\"@type\":\"Organization\",\"@id\":\"https:\\\/\\\/eldigitaldeasturias.com\\\/magazine365\\\/#organization\",\"name\":\"El digital de Asturias\",\"description\":\"Revista de ocio, turismo y estilo de vida\",\"url\":\"https:\\\/\\\/eldigitaldeasturias.com\\\/magazine365\\\/\",\"logo\":{\"@type\":\"ImageObject\",\"url\":\"https:\\\/\\\/www.eldigitaldeasturias.com\\\/noticias\\\/wp-content\\\/uploads\\\/2020\\\/12\\\/EDA.jpg\",\"@id\":\"https:\\\/\\\/eldigitaldeasturias.com\\\/magazine365\\\/el-turismo-de-negocios-generara-49-millones-en-peru-los-proximos-anos\\\/#organizationLogo\"},\"image\":{\"@id\":\"https:\\\/\\\/eldigitaldeasturias.com\\\/magazine365\\\/el-turismo-de-negocios-generara-49-millones-en-peru-los-proximos-anos\\\/#organizationLogo\"}},{\"@type\":\"Person\",\"@id\":\"https:\\\/\\\/eldigitaldeasturias.com\\\/magazine365\\\/author\\\/admin\\\/#author\",\"url\":\"https:\\\/\\\/eldigitaldeasturias.com\\\/magazine365\\\/author\\\/admin\\\/\",\"name\":\"admin\",\"image\":{\"@type\":\"ImageObject\",\"@id\":\"https:\\\/\\\/eldigitaldeasturias.com\\\/magazine365\\\/el-turismo-de-negocios-generara-49-millones-en-peru-los-proximos-anos\\\/#authorImage\",\"url\":\"https:\\\/\\\/eldigitaldeasturias.com\\\/magazine365\\\/wp-content\\\/litespeed\\\/avatar\\\/e571bcf59a0edd6fa6838245a470f2fe.jpg?ver=1777574230\",\"width\":96,\"height\":96,\"caption\":\"admin\"}},{\"@type\":\"WebPage\",\"@id\":\"https:\\\/\\\/eldigitaldeasturias.com\\\/magazine365\\\/el-turismo-de-negocios-generara-49-millones-en-peru-los-proximos-anos\\\/#webpage\",\"url\":\"https:\\\/\\\/eldigitaldeasturias.com\\\/magazine365\\\/el-turismo-de-negocios-generara-49-millones-en-peru-los-proximos-anos\\\/\",\"name\":\"El turismo de negocios generar\\u00e1 4,9 millones en Per\\u00fa los pr\\u00f3ximos a\\u00f1os | El Digital de Asturias\",\"description\":\"El turismo de reuniones generar\\u00e1 ingresos por m\\u00e1s de 4,9 millones de euros para Per\\u00fa que espera atraer a miles de visitantes en los pr\\u00f3ximos a\\u00f1os gracias a la gesti\\u00f3n de seis importantes eventos internacionales profesionales. La ministra de comercio exterior y turismo y presidenta del consejo directivo de Promper\\u00fa, Magali Silva Velarde-\\u00c1lvarez, ha destacado\",\"inLanguage\":\"es-ES\",\"isPartOf\":{\"@id\":\"https:\\\/\\\/eldigitaldeasturias.com\\\/magazine365\\\/#website\"},\"breadcrumb\":{\"@id\":\"https:\\\/\\\/eldigitaldeasturias.com\\\/magazine365\\\/el-turismo-de-negocios-generara-49-millones-en-peru-los-proximos-anos\\\/#breadcrumblist\"},\"author\":{\"@id\":\"https:\\\/\\\/eldigitaldeasturias.com\\\/magazine365\\\/author\\\/admin\\\/#author\"},\"creator\":{\"@id\":\"https:\\\/\\\/eldigitaldeasturias.com\\\/magazine365\\\/author\\\/admin\\\/#author\"},\"image\":{\"@type\":\"ImageObject\",\"url\":\"https:\\\/\\\/eldigitaldeasturias.com\\\/magazine365\\\/wp-content\\\/uploads\\\/2015\\\/12\\\/fotonoticia_20151221122005_800.jpg\",\"@id\":\"https:\\\/\\\/eldigitaldeasturias.com\\\/magazine365\\\/el-turismo-de-negocios-generara-49-millones-en-peru-los-proximos-anos\\\/#mainImage\",\"width\":800,\"height\":536},\"primaryImageOfPage\":{\"@id\":\"https:\\\/\\\/eldigitaldeasturias.com\\\/magazine365\\\/el-turismo-de-negocios-generara-49-millones-en-peru-los-proximos-anos\\\/#mainImage\"},\"datePublished\":\"2015-12-21T15:15:59+01:00\",\"dateModified\":\"2015-12-21T15:15:59+01:00\"},{\"@type\":\"WebSite\",\"@id\":\"https:\\\/\\\/eldigitaldeasturias.com\\\/magazine365\\\/#website\",\"url\":\"https:\\\/\\\/eldigitaldeasturias.com\\\/magazine365\\\/\",\"name\":\"El Digital de Asturias\",\"description\":\"Revista de ocio, turismo y estilo de vida\",\"inLanguage\":\"es-ES\",\"publisher\":{\"@id\":\"https:\\\/\\\/eldigitaldeasturias.com\\\/magazine365\\\/#organization\"}}]}\n\t\t<\/script>\n\t\t<!-- All in One SEO Pro -->\r\n\t\t<title>El turismo de negocios generar\u00e1 4,9 millones en Per\u00fa los pr\u00f3ximos a\u00f1os | El Digital de Asturias<\/title>\n\n","aioseo_head_json":{"title":"El turismo de negocios generar\u00e1 4,9 millones en Per\u00fa los pr\u00f3ximos a\u00f1os | El Digital de Asturias","description":"El turismo de reuniones generar\u00e1 ingresos por m\u00e1s de 4,9 millones de euros para Per\u00fa que espera atraer a miles de visitantes en los pr\u00f3ximos a\u00f1os gracias a la gesti\u00f3n de seis importantes eventos internacionales profesionales. La ministra de comercio exterior y turismo y presidenta del consejo directivo de Promper\u00fa, Magali Silva Velarde-\u00c1lvarez, ha destacado","canonical_url":"https:\/\/eldigitaldeasturias.com\/magazine365\/el-turismo-de-negocios-generara-49-millones-en-peru-los-proximos-anos\/","robots":"max-image-preview:large","keywords":"noticias y actualidad","webmasterTools":{"google-site-verification":"UA-38556648-1","miscellaneous":""},"schema":{"@context":"https:\/\/schema.org","@graph":[{"@type":"Article","@id":"https:\/\/eldigitaldeasturias.com\/magazine365\/el-turismo-de-negocios-generara-49-millones-en-peru-los-proximos-anos\/#article","name":"El turismo de negocios generar\u00e1 4,9 millones en Per\u00fa los pr\u00f3ximos a\u00f1os | El Digital de Asturias","headline":"El turismo de negocios generar\u00e1 4,9 millones en Per\u00fa los pr\u00f3ximos a\u00f1os","author":{"@id":"https:\/\/eldigitaldeasturias.com\/magazine365\/author\/admin\/#author"},"publisher":{"@id":"https:\/\/eldigitaldeasturias.com\/magazine365\/#organization"},"image":{"@type":"ImageObject","url":"https:\/\/eldigitaldeasturias.com\/magazine365\/wp-content\/uploads\/2015\/12\/fotonoticia_20151221122005_800.jpg","width":800,"height":536},"datePublished":"2015-12-21T15:15:59+01:00","dateModified":"2015-12-21T15:15:59+01:00","inLanguage":"es-ES","mainEntityOfPage":{"@id":"https:\/\/eldigitaldeasturias.com\/magazine365\/el-turismo-de-negocios-generara-49-millones-en-peru-los-proximos-anos\/#webpage"},"isPartOf":{"@id":"https:\/\/eldigitaldeasturias.com\/magazine365\/el-turismo-de-negocios-generara-49-millones-en-peru-los-proximos-anos\/#webpage"},"articleSection":"Noticias y Actualidad"},{"@type":"BreadcrumbList","@id":"https:\/\/eldigitaldeasturias.com\/magazine365\/el-turismo-de-negocios-generara-49-millones-en-peru-los-proximos-anos\/#breadcrumblist","itemListElement":[{"@type":"ListItem","@id":"https:\/\/eldigitaldeasturias.com\/magazine365#listItem","position":1,"name":"Home","item":"https:\/\/eldigitaldeasturias.com\/magazine365","nextItem":{"@type":"ListItem","@id":"https:\/\/eldigitaldeasturias.com\/magazine365\/category\/noticias-actualidad\/#listItem","name":"Noticias y Actualidad"}},{"@type":"ListItem","@id":"https:\/\/eldigitaldeasturias.com\/magazine365\/category\/noticias-actualidad\/#listItem","position":2,"name":"Noticias y Actualidad","item":"https:\/\/eldigitaldeasturias.com\/magazine365\/category\/noticias-actualidad\/","nextItem":{"@type":"ListItem","@id":"https:\/\/eldigitaldeasturias.com\/magazine365\/el-turismo-de-negocios-generara-49-millones-en-peru-los-proximos-anos\/#listItem","name":"El turismo de negocios generar\u00e1 4,9 millones en Per\u00fa los pr\u00f3ximos a\u00f1os"},"previousItem":{"@type":"ListItem","@id":"https:\/\/eldigitaldeasturias.com\/magazine365#listItem","name":"Home"}},{"@type":"ListItem","@id":"https:\/\/eldigitaldeasturias.com\/magazine365\/el-turismo-de-negocios-generara-49-millones-en-peru-los-proximos-anos\/#listItem","position":3,"name":"El turismo de negocios generar\u00e1 4,9 millones en Per\u00fa los pr\u00f3ximos a\u00f1os","previousItem":{"@type":"ListItem","@id":"https:\/\/eldigitaldeasturias.com\/magazine365\/category\/noticias-actualidad\/#listItem","name":"Noticias y Actualidad"}}]},{"@type":"Organization","@id":"https:\/\/eldigitaldeasturias.com\/magazine365\/#organization","name":"El digital de Asturias","description":"Revista de ocio, turismo y estilo de vida","url":"https:\/\/eldigitaldeasturias.com\/magazine365\/","logo":{"@type":"ImageObject","url":"https:\/\/www.eldigitaldeasturias.com\/noticias\/wp-content\/uploads\/2020\/12\/EDA.jpg","@id":"https:\/\/eldigitaldeasturias.com\/magazine365\/el-turismo-de-negocios-generara-49-millones-en-peru-los-proximos-anos\/#organizationLogo"},"image":{"@id":"https:\/\/eldigitaldeasturias.com\/magazine365\/el-turismo-de-negocios-generara-49-millones-en-peru-los-proximos-anos\/#organizationLogo"}},{"@type":"Person","@id":"https:\/\/eldigitaldeasturias.com\/magazine365\/author\/admin\/#author","url":"https:\/\/eldigitaldeasturias.com\/magazine365\/author\/admin\/","name":"admin","image":{"@type":"ImageObject","@id":"https:\/\/eldigitaldeasturias.com\/magazine365\/el-turismo-de-negocios-generara-49-millones-en-peru-los-proximos-anos\/#authorImage","url":"https:\/\/eldigitaldeasturias.com\/magazine365\/wp-content\/litespeed\/avatar\/e571bcf59a0edd6fa6838245a470f2fe.jpg?ver=1777574230","width":96,"height":96,"caption":"admin"}},{"@type":"WebPage","@id":"https:\/\/eldigitaldeasturias.com\/magazine365\/el-turismo-de-negocios-generara-49-millones-en-peru-los-proximos-anos\/#webpage","url":"https:\/\/eldigitaldeasturias.com\/magazine365\/el-turismo-de-negocios-generara-49-millones-en-peru-los-proximos-anos\/","name":"El turismo de negocios generar\u00e1 4,9 millones en Per\u00fa los pr\u00f3ximos a\u00f1os | El Digital de Asturias","description":"El turismo de reuniones generar\u00e1 ingresos por m\u00e1s de 4,9 millones de euros para Per\u00fa que espera atraer a miles de visitantes en los pr\u00f3ximos a\u00f1os gracias a la gesti\u00f3n de seis importantes eventos internacionales profesionales. La ministra de comercio exterior y turismo y presidenta del consejo directivo de Promper\u00fa, Magali Silva Velarde-\u00c1lvarez, ha destacado","inLanguage":"es-ES","isPartOf":{"@id":"https:\/\/eldigitaldeasturias.com\/magazine365\/#website"},"breadcrumb":{"@id":"https:\/\/eldigitaldeasturias.com\/magazine365\/el-turismo-de-negocios-generara-49-millones-en-peru-los-proximos-anos\/#breadcrumblist"},"author":{"@id":"https:\/\/eldigitaldeasturias.com\/magazine365\/author\/admin\/#author"},"creator":{"@id":"https:\/\/eldigitaldeasturias.com\/magazine365\/author\/admin\/#author"},"image":{"@type":"ImageObject","url":"https:\/\/eldigitaldeasturias.com\/magazine365\/wp-content\/uploads\/2015\/12\/fotonoticia_20151221122005_800.jpg","@id":"https:\/\/eldigitaldeasturias.com\/magazine365\/el-turismo-de-negocios-generara-49-millones-en-peru-los-proximos-anos\/#mainImage","width":800,"height":536},"primaryImageOfPage":{"@id":"https:\/\/eldigitaldeasturias.com\/magazine365\/el-turismo-de-negocios-generara-49-millones-en-peru-los-proximos-anos\/#mainImage"},"datePublished":"2015-12-21T15:15:59+01:00","dateModified":"2015-12-21T15:15:59+01:00"},{"@type":"WebSite","@id":"https:\/\/eldigitaldeasturias.com\/magazine365\/#website","url":"https:\/\/eldigitaldeasturias.com\/magazine365\/","name":"El Digital de Asturias","description":"Revista de ocio, turismo y estilo de vida","inLanguage":"es-ES","publisher":{"@id":"https:\/\/eldigitaldeasturias.com\/magazine365\/#organization"}}]},"og:locale":"es_ES","og:site_name":"El Digital de Asturias \u2013 Revista de ocio, turismo y estilo de vida","og:type":"article","og:title":"El turismo de negocios generar\u00e1 4,9 millones en Per\u00fa los pr\u00f3ximos a\u00f1os | El Digital de Asturias","og:description":"El turismo de reuniones generar\u00e1 ingresos por m\u00e1s de 4,9 millones de euros para Per\u00fa que espera atraer a miles de visitantes en los pr\u00f3ximos a\u00f1os gracias a la gesti\u00f3n de seis importantes eventos internacionales profesionales. La ministra de comercio exterior y turismo y presidenta del consejo directivo de Promper\u00fa, Magali Silva Velarde-\u00c1lvarez, ha destacado","og:url":"https:\/\/eldigitaldeasturias.com\/magazine365\/el-turismo-de-negocios-generara-49-millones-en-peru-los-proximos-anos\/","og:image":"https:\/\/eldigitaldeasturias.com\/magazine365\/wp-content\/uploads\/2015\/12\/fotonoticia_20151221122005_800.jpg","og:image:secure_url":"https:\/\/eldigitaldeasturias.com\/magazine365\/wp-content\/uploads\/2015\/12\/fotonoticia_20151221122005_800.jpg","og:image:width":800,"og:image:height":536,"article:published_time":"2015-12-21T14:15:59+00:00","article:modified_time":"2015-12-21T14:15:59+00:00","twitter:card":"summary_large_image","twitter:title":"El turismo de negocios generar\u00e1 4,9 millones en Per\u00fa los pr\u00f3ximos a\u00f1os | El Digital de Asturias","twitter:description":"El turismo de reuniones generar\u00e1 ingresos por m\u00e1s de 4,9 millones de euros para Per\u00fa que espera atraer a miles de visitantes en los pr\u00f3ximos a\u00f1os gracias a la gesti\u00f3n de seis importantes eventos internacionales profesionales. La ministra de comercio exterior y turismo y presidenta del consejo directivo de Promper\u00fa, Magali Silva Velarde-\u00c1lvarez, ha destacado","twitter:image":"https:\/\/eldigitaldeasturias.com\/magazine365\/wp-content\/uploads\/2015\/12\/fotonoticia_20151221122005_800.jpg"},"aioseo_meta_data":{"post_id":"59052","title":null,"description":null,"keywords":null,"keyphrases":null,"primary_term":null,"canonical_url":null,"og_title":null,"og_description":null,"og_object_type":"default","og_image_type":"default","og_image_url":null,"og_image_width":null,"og_image_height":null,"og_image_custom_url":null,"og_image_custom_fields":null,"og_video":null,"og_custom_url":null,"og_article_section":null,"og_article_tags":null,"twitter_use_og":false,"twitter_card":"default","twitter_image_type":"default","twitter_image_url":null,"twitter_image_custom_url":null,"twitter_image_custom_fields":null,"twitter_title":null,"twitter_description":null,"schema":{"blockGraphs":[],"customGraphs":[],"default":{"data":{"Article":[],"Course":[],"Dataset":[],"FAQPage":[],"Movie":[],"Person":[],"Product":[],"ProductReview":[],"Car":[],"Recipe":[],"Service":[],"SoftwareApplication":[],"WebPage":[]},"graphName":"","isEnabled":true},"graphs":[],"defaultGraph":"","defaultPostTypeGraph":""},"schema_type":null,"schema_type_options":null,"pillar_content":false,"robots_default":true,"robots_noindex":false,"robots_noarchive":false,"robots_nosnippet":false,"robots_nofollow":false,"robots_noimageindex":false,"robots_noodp":false,"robots_notranslate":false,"robots_max_snippet":null,"robots_max_videopreview":null,"robots_max_imagepreview":"large","priority":null,"frequency":null,"location":null,"local_seo":null,"seo_analyzer_scan_date":"2025-09-25 04:10:52","breadcrumb_settings":null,"limit_modified_date":false,"open_ai":null,"ai":null,"created":"2021-03-08 22:21:58","updated":"2025-09-25 04:10:52"},"aioseo_breadcrumb":"<div class=\"aioseo-breadcrumbs\"><span class=\"aioseo-breadcrumb\">\n\t<a href=\"https:\/\/eldigitaldeasturias.com\/magazine365\" title=\"Home\">Home<\/a>\n<\/span><span class=\"aioseo-breadcrumb-separator\">\u2013<\/span><span class=\"aioseo-breadcrumb\">\n\t<a href=\"https:\/\/eldigitaldeasturias.com\/magazine365\/category\/noticias-actualidad\/\" title=\"Noticias y Actualidad\">Noticias y Actualidad<\/a>\n<\/span><span class=\"aioseo-breadcrumb-separator\">\u2013<\/span><span class=\"aioseo-breadcrumb\">\n\t<a href=\"https:\/\/eldigitaldeasturias.com\/magazine365\/el-turismo-de-negocios-generara-49-millones-en-peru-los-proximos-anos\/\" title=\"El turismo de negocios generar\u00e1 4,9 millones en Per\u00fa los pr\u00f3ximos a\u00f1os\">El turismo de negocios generar\u00e1 4,9 millones en Per\u00fa los pr\u00f3ximos a\u00f1os<\/a>\n<\/span><\/div>","aioseo_breadcrumb_json":[{"label":"Home","link":"https:\/\/eldigitaldeasturias.com\/magazine365"},{"label":"Noticias y Actualidad","link":"https:\/\/eldigitaldeasturias.com\/magazine365\/category\/noticias-actualidad\/"},{"label":"El turismo de negocios generar\u00e1 4,9 millones en Per\u00fa los pr\u00f3ximos a\u00f1os","link":"https:\/\/eldigitaldeasturias.com\/magazine365\/el-turismo-de-negocios-generara-49-millones-en-peru-los-proximos-anos\/"}],"_links":{"self":[{"href":"https:\/\/eldigitaldeasturias.com\/magazine365\/wp-json\/wp\/v2\/posts\/59052","targetHints":{"allow":["GET"]}}],"collection":[{"href":"https:\/\/eldigitaldeasturias.com\/magazine365\/wp-json\/wp\/v2\/posts"}],"about":[{"href":"https:\/\/eldigitaldeasturias.com\/magazine365\/wp-json\/wp\/v2\/types\/post"}],"author":[{"embeddable":true,"href":"https:\/\/eldigitaldeasturias.com\/magazine365\/wp-json\/wp\/v2\/users\/1"}],"replies":[{"embeddable":true,"href":"https:\/\/eldigitaldeasturias.com\/magazine365\/wp-json\/wp\/v2\/comments?post=59052"}],"version-history":[{"count":0,"href":"https:\/\/eldigitaldeasturias.com\/magazine365\/wp-json\/wp\/v2\/posts\/59052\/revisions"}],"wp:featuredmedia":[{"embeddable":true,"href":"https:\/\/eldigitaldeasturias.com\/magazine365\/wp-json\/wp\/v2\/media\/59053"}],"wp:attachment":[{"href":"https:\/\/eldigitaldeasturias.com\/magazine365\/wp-json\/wp\/v2\/media?parent=59052"}],"wp:term":[{"taxonomy":"category","embeddable":true,"href":"https:\/\/eldigitaldeasturias.com\/magazine365\/wp-json\/wp\/v2\/categories?post=59052"},{"taxonomy":"post_tag","embeddable":true,"href":"https:\/\/eldigitaldeasturias.com\/magazine365\/wp-json\/wp\/v2\/tags?post=59052"}],"curies":[{"name":"wp","href":"https:\/\/api.w.org\/{rel}","templated":true}]}}