{"id":59025,"date":"2015-12-21T14:45:18","date_gmt":"2015-12-21T13:45:18","guid":{"rendered":"http:\/\/eldigitaldeasturias.com\/magazine365\/?p=59025"},"modified":"2015-12-21T14:45:18","modified_gmt":"2015-12-21T13:45:18","slug":"la-mancomunidad-de-la-alpujarra-potenciara-la-artesania-como-atractivo-turistico","status":"publish","type":"post","link":"https:\/\/eldigitaldeasturias.com\/magazine365\/la-mancomunidad-de-la-alpujarra-potenciara-la-artesania-como-atractivo-turistico\/","title":{"rendered":"La Mancomunidad de la Alpujarra potenciar\u00e1 la artesan\u00eda como \u00abatractivo tur\u00edstico\u00bb"},"content":{"rendered":"<p><img fetchpriority=\"high\" decoding=\"async\" class=\"alignleft size-medium wp-image-59026\" src=\"https:\/\/eldigitaldeasturias.com\/magazine365\/wp-content\/uploads\/2015\/12\/fotonoticia_20151221101240_800-360x203.jpg\" alt=\"fotonoticia_20151221101240_800\" width=\"360\" height=\"203\" srcset=\"https:\/\/eldigitaldeasturias.com\/magazine365\/wp-content\/uploads\/2015\/12\/fotonoticia_20151221101240_800-360x203.jpg 360w, https:\/\/eldigitaldeasturias.com\/magazine365\/wp-content\/uploads\/2015\/12\/fotonoticia_20151221101240_800-650x366.jpg 650w, https:\/\/eldigitaldeasturias.com\/magazine365\/wp-content\/uploads\/2015\/12\/fotonoticia_20151221101240_800-768x432.jpg 768w, https:\/\/eldigitaldeasturias.com\/magazine365\/wp-content\/uploads\/2015\/12\/fotonoticia_20151221101240_800-150x84.jpg 150w, https:\/\/eldigitaldeasturias.com\/magazine365\/wp-content\/uploads\/2015\/12\/fotonoticia_20151221101240_800-450x253.jpg 450w, https:\/\/eldigitaldeasturias.com\/magazine365\/wp-content\/uploads\/2015\/12\/fotonoticia_20151221101240_800-696x392.jpg 696w, https:\/\/eldigitaldeasturias.com\/magazine365\/wp-content\/uploads\/2015\/12\/fotonoticia_20151221101240_800-747x420.jpg 747w, https:\/\/eldigitaldeasturias.com\/magazine365\/wp-content\/uploads\/2015\/12\/fotonoticia_20151221101240_800-499x280.jpg 499w, https:\/\/eldigitaldeasturias.com\/magazine365\/wp-content\/uploads\/2015\/12\/fotonoticia_20151221101240_800.jpg 800w\" sizes=\"(max-width: 360px) 100vw, 360px\" \/>El presidente de la Mancomunidad de Municipios de la Alpujarra granadina y alcalde de Alpujarra de la Sierra, Jos\u00e9 Antonio G\u00f3mez, junto con el vicepresidente primero delegado de Turismo, Cultura y Desarrollo Econ\u00f3mico y edil de Lanjar\u00f3n, Ra\u00fal Ruiz; la diputada provincial de Igualdad, Irene Justo, la teniente de alcalde de Hu\u00e9tor Vega, Dolores L\u00f3pez, y alcaldes y concejales de la Alpujarra han visitado el stand de la Mancomunidad de la X Feria de j\u00f3venes artesanos, donde han afirmado potenciar la artesan\u00eda como \u00abatractivo tur\u00edstico\u00bb.<\/p>\n<p>En una nota, la Mancomunidad ha informado de que en este evento han participado un centenar de j\u00f3venes de la comarca, que han expuesto sus productos artesanos en la citada feria celebrada en Hu\u00e9tor T\u00e1jar (Granada).<\/p>\n<p>El presidente de la Mancomunidad, Jos\u00e9 Antonio G\u00f3mez, ha explicado que \u00abla artesan\u00eda de la comarca es de gran calidad y reconocida internacionalmente, por lo que es una tarea esencial formar a los j\u00f3venes en estos oficios, que son &#8216;marca Alpujarra'\u00bb, por lo que ha recordado \u00abque se est\u00e1n desarrollando seis talleres formativos en oficios artesanos para seguir avanzando en esta materia\u00bb.<\/p>\n<p>Asimismo, G\u00f3mez ha hecho hincapi\u00e9 en que \u00aben este encuentro participan un centenar de j\u00f3venes, que son el futuro para este sector en el que nos queda mucho por lo que trabajar y por lo que hacer en adelante\u00bb.<\/p>\n<p>Por su parte, el vicepresidente delegado de Turismo y Cultura, Ra\u00fal Ruiz, ha expuesto que \u00ablos productos artesanales de la Alpujarra, adem\u00e1s de ser una importante expresi\u00f3n art\u00edstica, cultural y s\u00edmbolo de la comarca, son esenciales para el turismo, siendo un atractivo m\u00e1s para visitantes\u00bb, y ha a\u00f1adido que \u00abse potenciar\u00e1 la artesan\u00eda como elemento singular en los planes de promoci\u00f3n tur\u00edstica y estrategias de marca Alpujarra\u00bb.<\/p>\n<p>Ruiz ha explicado que \u00abel turismo es uno de los motores econ\u00f3micos de la Alpujarra, y debe conjugar la dinamizaci\u00f3n y simbiosis entre medio ambiente, cultura, paisaje, hosteler\u00eda, gastronom\u00eda, ecolog\u00eda, patrimonio y artesan\u00eda\u00bb.<\/p>\n<p>\u00abLa artesan\u00eda es un importante recurso para el turismo, que recoge la esencia de las expresiones populares del arte en diversos materiales, y debemos potenciar el binomio entre recursos naturales y culturales con proyectos que resalten las peculiaridades hist\u00f3rico-culturales de nuestras gentes y la singularidad de nuestro entorno\u00bb, ha subrayado.<\/p>\n<p>El vicepresidente ha declarado que \u00abla Alpujarra Granadina ofrece una oferta artesanal y cultural \u00fanica, que conjuga el legado hist\u00f3rico de nuestra comarca, y adem\u00e1s supone un yacimiento de empleo para los j\u00f3venes\u00bb. \u00abNuestra artesan\u00eda ofrece un atractivo m\u00e1s al turista\u00bb, ha concluido.<\/p>\n","protected":false},"excerpt":{"rendered":"<p>El presidente de la Mancomunidad de Municipios de la Alpujarra granadina y alcalde de Alpujarra de la Sierra, Jos\u00e9 Antonio G\u00f3mez, junto con el vicepresidente primero delegado de Turismo, Cultura y Desarrollo Econ\u00f3mico y edil de Lanjar\u00f3n, Ra\u00fal Ruiz; la diputada provincial de Igualdad, Irene Justo, la teniente de alcalde de Hu\u00e9tor Vega, Dolores L\u00f3pez,<\/p>\n","protected":false},"author":1,"featured_media":59026,"comment_status":"open","ping_status":"closed","sticky":false,"template":"","format":"standard","meta":{"footnotes":""},"categories":[224],"tags":[],"class_list":{"0":"post-59025","1":"post","2":"type-post","3":"status-publish","4":"format-standard","5":"has-post-thumbnail","7":"category-noticias-actualidad"},"aioseo_notices":[],"aioseo_head":"\n\t\t<!-- All in One SEO Pro 4.9.6.1 - aioseo.com -->\n\t<meta name=\"description\" content=\"El presidente de la Mancomunidad de Municipios de la Alpujarra granadina y alcalde de Alpujarra de la Sierra, Jos\u00e9 Antonio G\u00f3mez, junto con el vicepresidente primero delegado de Turismo, Cultura y Desarrollo Econ\u00f3mico y edil de Lanjar\u00f3n, Ra\u00fal Ruiz; la diputada provincial de Igualdad, Irene Justo, la teniente de alcalde de Hu\u00e9tor Vega, Dolores L\u00f3pez,\" \/>\n\t<meta name=\"robots\" content=\"max-image-preview:large\" \/>\n\t<meta name=\"author\" content=\"admin\"\/>\n\t<meta name=\"google-site-verification\" content=\"UA-38556648-1\" \/>\n\t<meta name=\"keywords\" content=\"noticias y actualidad\" \/>\n\t<link rel=\"canonical\" href=\"https:\/\/eldigitaldeasturias.com\/magazine365\/la-mancomunidad-de-la-alpujarra-potenciara-la-artesania-como-atractivo-turistico\/\" \/>\n\t<meta name=\"generator\" content=\"All in One SEO Pro (AIOSEO) 4.9.6.1\" \/>\n\t\t<meta property=\"og:locale\" content=\"es_ES\" \/>\n\t\t<meta property=\"og:site_name\" content=\"El Digital de Asturias \u2013 Revista de ocio, turismo y estilo de vida\" \/>\n\t\t<meta property=\"og:type\" content=\"article\" \/>\n\t\t<meta property=\"og:title\" content=\"La Mancomunidad de la Alpujarra potenciar\u00e1 la artesan\u00eda como \u00abatractivo tur\u00edstico\u00bb | El Digital de Asturias\" \/>\n\t\t<meta property=\"og:description\" content=\"El presidente de la Mancomunidad de Municipios de la Alpujarra granadina y alcalde de Alpujarra de la Sierra, Jos\u00e9 Antonio G\u00f3mez, junto con el vicepresidente primero delegado de Turismo, Cultura y Desarrollo Econ\u00f3mico y edil de Lanjar\u00f3n, Ra\u00fal Ruiz; la diputada provincial de Igualdad, Irene Justo, la teniente de alcalde de Hu\u00e9tor Vega, Dolores L\u00f3pez,\" \/>\n\t\t<meta property=\"og:url\" content=\"https:\/\/eldigitaldeasturias.com\/magazine365\/la-mancomunidad-de-la-alpujarra-potenciara-la-artesania-como-atractivo-turistico\/\" \/>\n\t\t<meta property=\"og:image\" content=\"https:\/\/eldigitaldeasturias.com\/magazine365\/wp-content\/uploads\/2015\/12\/fotonoticia_20151221101240_800.jpg\" \/>\n\t\t<meta property=\"og:image:secure_url\" content=\"https:\/\/eldigitaldeasturias.com\/magazine365\/wp-content\/uploads\/2015\/12\/fotonoticia_20151221101240_800.jpg\" \/>\n\t\t<meta property=\"og:image:width\" content=\"800\" \/>\n\t\t<meta property=\"og:image:height\" content=\"450\" \/>\n\t\t<meta property=\"article:published_time\" content=\"2015-12-21T13:45:18+00:00\" \/>\n\t\t<meta property=\"article:modified_time\" content=\"2015-12-21T13:45:18+00:00\" \/>\n\t\t<meta name=\"twitter:card\" content=\"summary_large_image\" \/>\n\t\t<meta name=\"twitter:title\" content=\"La Mancomunidad de la Alpujarra potenciar\u00e1 la artesan\u00eda como \u00abatractivo tur\u00edstico\u00bb | El Digital de Asturias\" \/>\n\t\t<meta name=\"twitter:description\" content=\"El presidente de la Mancomunidad de Municipios de la Alpujarra granadina y alcalde de Alpujarra de la Sierra, Jos\u00e9 Antonio G\u00f3mez, junto con el vicepresidente primero delegado de Turismo, Cultura y Desarrollo Econ\u00f3mico y edil de Lanjar\u00f3n, Ra\u00fal Ruiz; la diputada provincial de Igualdad, Irene Justo, la teniente de alcalde de Hu\u00e9tor Vega, Dolores L\u00f3pez,\" \/>\n\t\t<meta name=\"twitter:image\" content=\"https:\/\/eldigitaldeasturias.com\/magazine365\/wp-content\/uploads\/2015\/12\/fotonoticia_20151221101240_800.jpg\" \/>\n\t\t<script type=\"application\/ld+json\" class=\"aioseo-schema\">\n\t\t\t{\"@context\":\"https:\\\/\\\/schema.org\",\"@graph\":[{\"@type\":\"Article\",\"@id\":\"https:\\\/\\\/eldigitaldeasturias.com\\\/magazine365\\\/la-mancomunidad-de-la-alpujarra-potenciara-la-artesania-como-atractivo-turistico\\\/#article\",\"name\":\"La Mancomunidad de la Alpujarra potenciar\\u00e1 la artesan\\u00eda como \\u00abatractivo tur\\u00edstico\\u00bb | El Digital de Asturias\",\"headline\":\"La Mancomunidad de la Alpujarra potenciar\\u00e1 la artesan\\u00eda como \\u00abatractivo tur\\u00edstico\\u00bb\",\"author\":{\"@id\":\"https:\\\/\\\/eldigitaldeasturias.com\\\/magazine365\\\/author\\\/admin\\\/#author\"},\"publisher\":{\"@id\":\"https:\\\/\\\/eldigitaldeasturias.com\\\/magazine365\\\/#organization\"},\"image\":{\"@type\":\"ImageObject\",\"url\":\"https:\\\/\\\/eldigitaldeasturias.com\\\/magazine365\\\/wp-content\\\/uploads\\\/2015\\\/12\\\/fotonoticia_20151221101240_800.jpg\",\"width\":800,\"height\":450},\"datePublished\":\"2015-12-21T14:45:18+01:00\",\"dateModified\":\"2015-12-21T14:45:18+01:00\",\"inLanguage\":\"es-ES\",\"mainEntityOfPage\":{\"@id\":\"https:\\\/\\\/eldigitaldeasturias.com\\\/magazine365\\\/la-mancomunidad-de-la-alpujarra-potenciara-la-artesania-como-atractivo-turistico\\\/#webpage\"},\"isPartOf\":{\"@id\":\"https:\\\/\\\/eldigitaldeasturias.com\\\/magazine365\\\/la-mancomunidad-de-la-alpujarra-potenciara-la-artesania-como-atractivo-turistico\\\/#webpage\"},\"articleSection\":\"Noticias y Actualidad\"},{\"@type\":\"BreadcrumbList\",\"@id\":\"https:\\\/\\\/eldigitaldeasturias.com\\\/magazine365\\\/la-mancomunidad-de-la-alpujarra-potenciara-la-artesania-como-atractivo-turistico\\\/#breadcrumblist\",\"itemListElement\":[{\"@type\":\"ListItem\",\"@id\":\"https:\\\/\\\/eldigitaldeasturias.com\\\/magazine365#listItem\",\"position\":1,\"name\":\"Home\",\"item\":\"https:\\\/\\\/eldigitaldeasturias.com\\\/magazine365\",\"nextItem\":{\"@type\":\"ListItem\",\"@id\":\"https:\\\/\\\/eldigitaldeasturias.com\\\/magazine365\\\/category\\\/noticias-actualidad\\\/#listItem\",\"name\":\"Noticias y Actualidad\"}},{\"@type\":\"ListItem\",\"@id\":\"https:\\\/\\\/eldigitaldeasturias.com\\\/magazine365\\\/category\\\/noticias-actualidad\\\/#listItem\",\"position\":2,\"name\":\"Noticias y Actualidad\",\"item\":\"https:\\\/\\\/eldigitaldeasturias.com\\\/magazine365\\\/category\\\/noticias-actualidad\\\/\",\"nextItem\":{\"@type\":\"ListItem\",\"@id\":\"https:\\\/\\\/eldigitaldeasturias.com\\\/magazine365\\\/la-mancomunidad-de-la-alpujarra-potenciara-la-artesania-como-atractivo-turistico\\\/#listItem\",\"name\":\"La Mancomunidad de la Alpujarra potenciar\\u00e1 la artesan\\u00eda como \\u00abatractivo tur\\u00edstico\\u00bb\"},\"previousItem\":{\"@type\":\"ListItem\",\"@id\":\"https:\\\/\\\/eldigitaldeasturias.com\\\/magazine365#listItem\",\"name\":\"Home\"}},{\"@type\":\"ListItem\",\"@id\":\"https:\\\/\\\/eldigitaldeasturias.com\\\/magazine365\\\/la-mancomunidad-de-la-alpujarra-potenciara-la-artesania-como-atractivo-turistico\\\/#listItem\",\"position\":3,\"name\":\"La Mancomunidad de la Alpujarra potenciar\\u00e1 la artesan\\u00eda como \\u00abatractivo tur\\u00edstico\\u00bb\",\"previousItem\":{\"@type\":\"ListItem\",\"@id\":\"https:\\\/\\\/eldigitaldeasturias.com\\\/magazine365\\\/category\\\/noticias-actualidad\\\/#listItem\",\"name\":\"Noticias y Actualidad\"}}]},{\"@type\":\"Organization\",\"@id\":\"https:\\\/\\\/eldigitaldeasturias.com\\\/magazine365\\\/#organization\",\"name\":\"El digital de Asturias\",\"description\":\"Revista de ocio, turismo y estilo de vida\",\"url\":\"https:\\\/\\\/eldigitaldeasturias.com\\\/magazine365\\\/\",\"logo\":{\"@type\":\"ImageObject\",\"url\":\"https:\\\/\\\/www.eldigitaldeasturias.com\\\/noticias\\\/wp-content\\\/uploads\\\/2020\\\/12\\\/EDA.jpg\",\"@id\":\"https:\\\/\\\/eldigitaldeasturias.com\\\/magazine365\\\/la-mancomunidad-de-la-alpujarra-potenciara-la-artesania-como-atractivo-turistico\\\/#organizationLogo\"},\"image\":{\"@id\":\"https:\\\/\\\/eldigitaldeasturias.com\\\/magazine365\\\/la-mancomunidad-de-la-alpujarra-potenciara-la-artesania-como-atractivo-turistico\\\/#organizationLogo\"}},{\"@type\":\"Person\",\"@id\":\"https:\\\/\\\/eldigitaldeasturias.com\\\/magazine365\\\/author\\\/admin\\\/#author\",\"url\":\"https:\\\/\\\/eldigitaldeasturias.com\\\/magazine365\\\/author\\\/admin\\\/\",\"name\":\"admin\",\"image\":{\"@type\":\"ImageObject\",\"@id\":\"https:\\\/\\\/eldigitaldeasturias.com\\\/magazine365\\\/la-mancomunidad-de-la-alpujarra-potenciara-la-artesania-como-atractivo-turistico\\\/#authorImage\",\"url\":\"https:\\\/\\\/eldigitaldeasturias.com\\\/magazine365\\\/wp-content\\\/litespeed\\\/avatar\\\/e571bcf59a0edd6fa6838245a470f2fe.jpg?ver=1777574230\",\"width\":96,\"height\":96,\"caption\":\"admin\"}},{\"@type\":\"WebPage\",\"@id\":\"https:\\\/\\\/eldigitaldeasturias.com\\\/magazine365\\\/la-mancomunidad-de-la-alpujarra-potenciara-la-artesania-como-atractivo-turistico\\\/#webpage\",\"url\":\"https:\\\/\\\/eldigitaldeasturias.com\\\/magazine365\\\/la-mancomunidad-de-la-alpujarra-potenciara-la-artesania-como-atractivo-turistico\\\/\",\"name\":\"La Mancomunidad de la Alpujarra potenciar\\u00e1 la artesan\\u00eda como \\u00abatractivo tur\\u00edstico\\u00bb | El Digital de Asturias\",\"description\":\"El presidente de la Mancomunidad de Municipios de la Alpujarra granadina y alcalde de Alpujarra de la Sierra, Jos\\u00e9 Antonio G\\u00f3mez, junto con el vicepresidente primero delegado de Turismo, Cultura y Desarrollo Econ\\u00f3mico y edil de Lanjar\\u00f3n, Ra\\u00fal Ruiz; la diputada provincial de Igualdad, Irene Justo, la teniente de alcalde de Hu\\u00e9tor Vega, Dolores L\\u00f3pez,\",\"inLanguage\":\"es-ES\",\"isPartOf\":{\"@id\":\"https:\\\/\\\/eldigitaldeasturias.com\\\/magazine365\\\/#website\"},\"breadcrumb\":{\"@id\":\"https:\\\/\\\/eldigitaldeasturias.com\\\/magazine365\\\/la-mancomunidad-de-la-alpujarra-potenciara-la-artesania-como-atractivo-turistico\\\/#breadcrumblist\"},\"author\":{\"@id\":\"https:\\\/\\\/eldigitaldeasturias.com\\\/magazine365\\\/author\\\/admin\\\/#author\"},\"creator\":{\"@id\":\"https:\\\/\\\/eldigitaldeasturias.com\\\/magazine365\\\/author\\\/admin\\\/#author\"},\"image\":{\"@type\":\"ImageObject\",\"url\":\"https:\\\/\\\/eldigitaldeasturias.com\\\/magazine365\\\/wp-content\\\/uploads\\\/2015\\\/12\\\/fotonoticia_20151221101240_800.jpg\",\"@id\":\"https:\\\/\\\/eldigitaldeasturias.com\\\/magazine365\\\/la-mancomunidad-de-la-alpujarra-potenciara-la-artesania-como-atractivo-turistico\\\/#mainImage\",\"width\":800,\"height\":450},\"primaryImageOfPage\":{\"@id\":\"https:\\\/\\\/eldigitaldeasturias.com\\\/magazine365\\\/la-mancomunidad-de-la-alpujarra-potenciara-la-artesania-como-atractivo-turistico\\\/#mainImage\"},\"datePublished\":\"2015-12-21T14:45:18+01:00\",\"dateModified\":\"2015-12-21T14:45:18+01:00\"},{\"@type\":\"WebSite\",\"@id\":\"https:\\\/\\\/eldigitaldeasturias.com\\\/magazine365\\\/#website\",\"url\":\"https:\\\/\\\/eldigitaldeasturias.com\\\/magazine365\\\/\",\"name\":\"El Digital de Asturias\",\"description\":\"Revista de ocio, turismo y estilo de vida\",\"inLanguage\":\"es-ES\",\"publisher\":{\"@id\":\"https:\\\/\\\/eldigitaldeasturias.com\\\/magazine365\\\/#organization\"}}]}\n\t\t<\/script>\n\t\t<!-- All in One SEO Pro -->\r\n\t\t<title>La Mancomunidad de la Alpujarra potenciar\u00e1 la artesan\u00eda como \u00abatractivo tur\u00edstico\u00bb | El Digital de Asturias<\/title>\n\n","aioseo_head_json":{"title":"La Mancomunidad de la Alpujarra potenciar\u00e1 la artesan\u00eda como \u00abatractivo tur\u00edstico\u00bb | El Digital de Asturias","description":"El presidente de la Mancomunidad de Municipios de la Alpujarra granadina y alcalde de Alpujarra de la Sierra, Jos\u00e9 Antonio G\u00f3mez, junto con el vicepresidente primero delegado de Turismo, Cultura y Desarrollo Econ\u00f3mico y edil de Lanjar\u00f3n, Ra\u00fal Ruiz; la diputada provincial de Igualdad, Irene Justo, la teniente de alcalde de Hu\u00e9tor Vega, Dolores L\u00f3pez,","canonical_url":"https:\/\/eldigitaldeasturias.com\/magazine365\/la-mancomunidad-de-la-alpujarra-potenciara-la-artesania-como-atractivo-turistico\/","robots":"max-image-preview:large","keywords":"noticias y actualidad","webmasterTools":{"google-site-verification":"UA-38556648-1","miscellaneous":""},"schema":{"@context":"https:\/\/schema.org","@graph":[{"@type":"Article","@id":"https:\/\/eldigitaldeasturias.com\/magazine365\/la-mancomunidad-de-la-alpujarra-potenciara-la-artesania-como-atractivo-turistico\/#article","name":"La Mancomunidad de la Alpujarra potenciar\u00e1 la artesan\u00eda como \u00abatractivo tur\u00edstico\u00bb | El Digital de Asturias","headline":"La Mancomunidad de la Alpujarra potenciar\u00e1 la artesan\u00eda como \u00abatractivo tur\u00edstico\u00bb","author":{"@id":"https:\/\/eldigitaldeasturias.com\/magazine365\/author\/admin\/#author"},"publisher":{"@id":"https:\/\/eldigitaldeasturias.com\/magazine365\/#organization"},"image":{"@type":"ImageObject","url":"https:\/\/eldigitaldeasturias.com\/magazine365\/wp-content\/uploads\/2015\/12\/fotonoticia_20151221101240_800.jpg","width":800,"height":450},"datePublished":"2015-12-21T14:45:18+01:00","dateModified":"2015-12-21T14:45:18+01:00","inLanguage":"es-ES","mainEntityOfPage":{"@id":"https:\/\/eldigitaldeasturias.com\/magazine365\/la-mancomunidad-de-la-alpujarra-potenciara-la-artesania-como-atractivo-turistico\/#webpage"},"isPartOf":{"@id":"https:\/\/eldigitaldeasturias.com\/magazine365\/la-mancomunidad-de-la-alpujarra-potenciara-la-artesania-como-atractivo-turistico\/#webpage"},"articleSection":"Noticias y Actualidad"},{"@type":"BreadcrumbList","@id":"https:\/\/eldigitaldeasturias.com\/magazine365\/la-mancomunidad-de-la-alpujarra-potenciara-la-artesania-como-atractivo-turistico\/#breadcrumblist","itemListElement":[{"@type":"ListItem","@id":"https:\/\/eldigitaldeasturias.com\/magazine365#listItem","position":1,"name":"Home","item":"https:\/\/eldigitaldeasturias.com\/magazine365","nextItem":{"@type":"ListItem","@id":"https:\/\/eldigitaldeasturias.com\/magazine365\/category\/noticias-actualidad\/#listItem","name":"Noticias y Actualidad"}},{"@type":"ListItem","@id":"https:\/\/eldigitaldeasturias.com\/magazine365\/category\/noticias-actualidad\/#listItem","position":2,"name":"Noticias y Actualidad","item":"https:\/\/eldigitaldeasturias.com\/magazine365\/category\/noticias-actualidad\/","nextItem":{"@type":"ListItem","@id":"https:\/\/eldigitaldeasturias.com\/magazine365\/la-mancomunidad-de-la-alpujarra-potenciara-la-artesania-como-atractivo-turistico\/#listItem","name":"La Mancomunidad de la Alpujarra potenciar\u00e1 la artesan\u00eda como \u00abatractivo tur\u00edstico\u00bb"},"previousItem":{"@type":"ListItem","@id":"https:\/\/eldigitaldeasturias.com\/magazine365#listItem","name":"Home"}},{"@type":"ListItem","@id":"https:\/\/eldigitaldeasturias.com\/magazine365\/la-mancomunidad-de-la-alpujarra-potenciara-la-artesania-como-atractivo-turistico\/#listItem","position":3,"name":"La Mancomunidad de la Alpujarra potenciar\u00e1 la artesan\u00eda como \u00abatractivo tur\u00edstico\u00bb","previousItem":{"@type":"ListItem","@id":"https:\/\/eldigitaldeasturias.com\/magazine365\/category\/noticias-actualidad\/#listItem","name":"Noticias y Actualidad"}}]},{"@type":"Organization","@id":"https:\/\/eldigitaldeasturias.com\/magazine365\/#organization","name":"El digital de Asturias","description":"Revista de ocio, turismo y estilo de vida","url":"https:\/\/eldigitaldeasturias.com\/magazine365\/","logo":{"@type":"ImageObject","url":"https:\/\/www.eldigitaldeasturias.com\/noticias\/wp-content\/uploads\/2020\/12\/EDA.jpg","@id":"https:\/\/eldigitaldeasturias.com\/magazine365\/la-mancomunidad-de-la-alpujarra-potenciara-la-artesania-como-atractivo-turistico\/#organizationLogo"},"image":{"@id":"https:\/\/eldigitaldeasturias.com\/magazine365\/la-mancomunidad-de-la-alpujarra-potenciara-la-artesania-como-atractivo-turistico\/#organizationLogo"}},{"@type":"Person","@id":"https:\/\/eldigitaldeasturias.com\/magazine365\/author\/admin\/#author","url":"https:\/\/eldigitaldeasturias.com\/magazine365\/author\/admin\/","name":"admin","image":{"@type":"ImageObject","@id":"https:\/\/eldigitaldeasturias.com\/magazine365\/la-mancomunidad-de-la-alpujarra-potenciara-la-artesania-como-atractivo-turistico\/#authorImage","url":"https:\/\/eldigitaldeasturias.com\/magazine365\/wp-content\/litespeed\/avatar\/e571bcf59a0edd6fa6838245a470f2fe.jpg?ver=1777574230","width":96,"height":96,"caption":"admin"}},{"@type":"WebPage","@id":"https:\/\/eldigitaldeasturias.com\/magazine365\/la-mancomunidad-de-la-alpujarra-potenciara-la-artesania-como-atractivo-turistico\/#webpage","url":"https:\/\/eldigitaldeasturias.com\/magazine365\/la-mancomunidad-de-la-alpujarra-potenciara-la-artesania-como-atractivo-turistico\/","name":"La Mancomunidad de la Alpujarra potenciar\u00e1 la artesan\u00eda como \u00abatractivo tur\u00edstico\u00bb | El Digital de Asturias","description":"El presidente de la Mancomunidad de Municipios de la Alpujarra granadina y alcalde de Alpujarra de la Sierra, Jos\u00e9 Antonio G\u00f3mez, junto con el vicepresidente primero delegado de Turismo, Cultura y Desarrollo Econ\u00f3mico y edil de Lanjar\u00f3n, Ra\u00fal Ruiz; la diputada provincial de Igualdad, Irene Justo, la teniente de alcalde de Hu\u00e9tor Vega, Dolores L\u00f3pez,","inLanguage":"es-ES","isPartOf":{"@id":"https:\/\/eldigitaldeasturias.com\/magazine365\/#website"},"breadcrumb":{"@id":"https:\/\/eldigitaldeasturias.com\/magazine365\/la-mancomunidad-de-la-alpujarra-potenciara-la-artesania-como-atractivo-turistico\/#breadcrumblist"},"author":{"@id":"https:\/\/eldigitaldeasturias.com\/magazine365\/author\/admin\/#author"},"creator":{"@id":"https:\/\/eldigitaldeasturias.com\/magazine365\/author\/admin\/#author"},"image":{"@type":"ImageObject","url":"https:\/\/eldigitaldeasturias.com\/magazine365\/wp-content\/uploads\/2015\/12\/fotonoticia_20151221101240_800.jpg","@id":"https:\/\/eldigitaldeasturias.com\/magazine365\/la-mancomunidad-de-la-alpujarra-potenciara-la-artesania-como-atractivo-turistico\/#mainImage","width":800,"height":450},"primaryImageOfPage":{"@id":"https:\/\/eldigitaldeasturias.com\/magazine365\/la-mancomunidad-de-la-alpujarra-potenciara-la-artesania-como-atractivo-turistico\/#mainImage"},"datePublished":"2015-12-21T14:45:18+01:00","dateModified":"2015-12-21T14:45:18+01:00"},{"@type":"WebSite","@id":"https:\/\/eldigitaldeasturias.com\/magazine365\/#website","url":"https:\/\/eldigitaldeasturias.com\/magazine365\/","name":"El Digital de Asturias","description":"Revista de ocio, turismo y estilo de vida","inLanguage":"es-ES","publisher":{"@id":"https:\/\/eldigitaldeasturias.com\/magazine365\/#organization"}}]},"og:locale":"es_ES","og:site_name":"El Digital de Asturias \u2013 Revista de ocio, turismo y estilo de vida","og:type":"article","og:title":"La Mancomunidad de la Alpujarra potenciar\u00e1 la artesan\u00eda como \u00abatractivo tur\u00edstico\u00bb | El Digital de Asturias","og:description":"El presidente de la Mancomunidad de Municipios de la Alpujarra granadina y alcalde de Alpujarra de la Sierra, Jos\u00e9 Antonio G\u00f3mez, junto con el vicepresidente primero delegado de Turismo, Cultura y Desarrollo Econ\u00f3mico y edil de Lanjar\u00f3n, Ra\u00fal Ruiz; la diputada provincial de Igualdad, Irene Justo, la teniente de alcalde de Hu\u00e9tor Vega, Dolores L\u00f3pez,","og:url":"https:\/\/eldigitaldeasturias.com\/magazine365\/la-mancomunidad-de-la-alpujarra-potenciara-la-artesania-como-atractivo-turistico\/","og:image":"https:\/\/eldigitaldeasturias.com\/magazine365\/wp-content\/uploads\/2015\/12\/fotonoticia_20151221101240_800.jpg","og:image:secure_url":"https:\/\/eldigitaldeasturias.com\/magazine365\/wp-content\/uploads\/2015\/12\/fotonoticia_20151221101240_800.jpg","og:image:width":800,"og:image:height":450,"article:published_time":"2015-12-21T13:45:18+00:00","article:modified_time":"2015-12-21T13:45:18+00:00","twitter:card":"summary_large_image","twitter:title":"La Mancomunidad de la Alpujarra potenciar\u00e1 la artesan\u00eda como \u00abatractivo tur\u00edstico\u00bb | El Digital de Asturias","twitter:description":"El presidente de la Mancomunidad de Municipios de la Alpujarra granadina y alcalde de Alpujarra de la Sierra, Jos\u00e9 Antonio G\u00f3mez, junto con el vicepresidente primero delegado de Turismo, Cultura y Desarrollo Econ\u00f3mico y edil de Lanjar\u00f3n, Ra\u00fal Ruiz; la diputada provincial de Igualdad, Irene Justo, la teniente de alcalde de Hu\u00e9tor Vega, Dolores L\u00f3pez,","twitter:image":"https:\/\/eldigitaldeasturias.com\/magazine365\/wp-content\/uploads\/2015\/12\/fotonoticia_20151221101240_800.jpg"},"aioseo_meta_data":{"post_id":"59025","title":null,"description":null,"keywords":null,"keyphrases":null,"primary_term":null,"canonical_url":null,"og_title":null,"og_description":null,"og_object_type":"default","og_image_type":"default","og_image_url":null,"og_image_width":null,"og_image_height":null,"og_image_custom_url":null,"og_image_custom_fields":null,"og_video":null,"og_custom_url":null,"og_article_section":null,"og_article_tags":null,"twitter_use_og":false,"twitter_card":"default","twitter_image_type":"default","twitter_image_url":null,"twitter_image_custom_url":null,"twitter_image_custom_fields":null,"twitter_title":null,"twitter_description":null,"schema":{"blockGraphs":[],"customGraphs":[],"default":{"data":{"Article":[],"Course":[],"Dataset":[],"FAQPage":[],"Movie":[],"Person":[],"Product":[],"ProductReview":[],"Car":[],"Recipe":[],"Service":[],"SoftwareApplication":[],"WebPage":[]},"graphName":"","isEnabled":true},"graphs":[],"defaultGraph":"","defaultPostTypeGraph":""},"schema_type":null,"schema_type_options":null,"pillar_content":false,"robots_default":true,"robots_noindex":false,"robots_noarchive":false,"robots_nosnippet":false,"robots_nofollow":false,"robots_noimageindex":false,"robots_noodp":false,"robots_notranslate":false,"robots_max_snippet":null,"robots_max_videopreview":null,"robots_max_imagepreview":"large","priority":null,"frequency":null,"location":null,"local_seo":null,"seo_analyzer_scan_date":"2025-09-25 04:07:18","breadcrumb_settings":null,"limit_modified_date":false,"open_ai":null,"ai":null,"created":"2021-03-08 22:21:58","updated":"2025-09-25 04:07:18"},"aioseo_breadcrumb":"<div class=\"aioseo-breadcrumbs\"><span class=\"aioseo-breadcrumb\">\n\t<a href=\"https:\/\/eldigitaldeasturias.com\/magazine365\" title=\"Home\">Home<\/a>\n<\/span><span class=\"aioseo-breadcrumb-separator\">\u2013<\/span><span class=\"aioseo-breadcrumb\">\n\t<a href=\"https:\/\/eldigitaldeasturias.com\/magazine365\/category\/noticias-actualidad\/\" title=\"Noticias y Actualidad\">Noticias y Actualidad<\/a>\n<\/span><span class=\"aioseo-breadcrumb-separator\">\u2013<\/span><span class=\"aioseo-breadcrumb\">\n\t<a href=\"https:\/\/eldigitaldeasturias.com\/magazine365\/la-mancomunidad-de-la-alpujarra-potenciara-la-artesania-como-atractivo-turistico\/\" title=\"La Mancomunidad de la Alpujarra potenciar\u00e1 la artesan\u00eda como \u00abatractivo tur\u00edstico\u00bb\">La Mancomunidad de la Alpujarra potenciar\u00e1 la artesan\u00eda como \u00abatractivo tur\u00edstico\u00bb<\/a>\n<\/span><\/div>","aioseo_breadcrumb_json":[{"label":"Home","link":"https:\/\/eldigitaldeasturias.com\/magazine365"},{"label":"Noticias y Actualidad","link":"https:\/\/eldigitaldeasturias.com\/magazine365\/category\/noticias-actualidad\/"},{"label":"La Mancomunidad de la Alpujarra potenciar\u00e1 la artesan\u00eda como \u00abatractivo tur\u00edstico\u00bb","link":"https:\/\/eldigitaldeasturias.com\/magazine365\/la-mancomunidad-de-la-alpujarra-potenciara-la-artesania-como-atractivo-turistico\/"}],"_links":{"self":[{"href":"https:\/\/eldigitaldeasturias.com\/magazine365\/wp-json\/wp\/v2\/posts\/59025","targetHints":{"allow":["GET"]}}],"collection":[{"href":"https:\/\/eldigitaldeasturias.com\/magazine365\/wp-json\/wp\/v2\/posts"}],"about":[{"href":"https:\/\/eldigitaldeasturias.com\/magazine365\/wp-json\/wp\/v2\/types\/post"}],"author":[{"embeddable":true,"href":"https:\/\/eldigitaldeasturias.com\/magazine365\/wp-json\/wp\/v2\/users\/1"}],"replies":[{"embeddable":true,"href":"https:\/\/eldigitaldeasturias.com\/magazine365\/wp-json\/wp\/v2\/comments?post=59025"}],"version-history":[{"count":0,"href":"https:\/\/eldigitaldeasturias.com\/magazine365\/wp-json\/wp\/v2\/posts\/59025\/revisions"}],"wp:featuredmedia":[{"embeddable":true,"href":"https:\/\/eldigitaldeasturias.com\/magazine365\/wp-json\/wp\/v2\/media\/59026"}],"wp:attachment":[{"href":"https:\/\/eldigitaldeasturias.com\/magazine365\/wp-json\/wp\/v2\/media?parent=59025"}],"wp:term":[{"taxonomy":"category","embeddable":true,"href":"https:\/\/eldigitaldeasturias.com\/magazine365\/wp-json\/wp\/v2\/categories?post=59025"},{"taxonomy":"post_tag","embeddable":true,"href":"https:\/\/eldigitaldeasturias.com\/magazine365\/wp-json\/wp\/v2\/tags?post=59025"}],"curies":[{"name":"wp","href":"https:\/\/api.w.org\/{rel}","templated":true}]}}