{"id":58995,"date":"2015-12-19T11:51:53","date_gmt":"2015-12-19T10:51:53","guid":{"rendered":"http:\/\/eldigitaldeasturias.com\/magazine365\/?p=58995"},"modified":"2015-12-19T11:51:53","modified_gmt":"2015-12-19T10:51:53","slug":"francisco-reyes-apuesta-por-el-oleoturismo-de-jaen-para-sacarle-partido-a-la-veta-del-olivar","status":"publish","type":"post","link":"https:\/\/eldigitaldeasturias.com\/magazine365\/francisco-reyes-apuesta-por-el-oleoturismo-de-jaen-para-sacarle-partido-a-la-veta-del-olivar\/","title":{"rendered":"Francisco Reyes apuesta por el oleoturismo de Ja\u00e9n para sacarle partido a \u00abla veta del olivar\u00bb"},"content":{"rendered":"<p><img fetchpriority=\"high\" decoding=\"async\" class=\"alignleft size-medium wp-image-58996\" src=\"https:\/\/eldigitaldeasturias.com\/magazine365\/wp-content\/uploads\/2015\/12\/fotonoticia_20151218185722_800-360x270.jpg\" alt=\"fotonoticia_20151218185722_800\" width=\"360\" height=\"270\" srcset=\"https:\/\/eldigitaldeasturias.com\/magazine365\/wp-content\/uploads\/2015\/12\/fotonoticia_20151218185722_800-360x270.jpg 360w, https:\/\/eldigitaldeasturias.com\/magazine365\/wp-content\/uploads\/2015\/12\/fotonoticia_20151218185722_800-650x488.jpg 650w, https:\/\/eldigitaldeasturias.com\/magazine365\/wp-content\/uploads\/2015\/12\/fotonoticia_20151218185722_800-768x576.jpg 768w, https:\/\/eldigitaldeasturias.com\/magazine365\/wp-content\/uploads\/2015\/12\/fotonoticia_20151218185722_800-150x113.jpg 150w, https:\/\/eldigitaldeasturias.com\/magazine365\/wp-content\/uploads\/2015\/12\/fotonoticia_20151218185722_800-450x338.jpg 450w, https:\/\/eldigitaldeasturias.com\/magazine365\/wp-content\/uploads\/2015\/12\/fotonoticia_20151218185722_800-80x60.jpg 80w, https:\/\/eldigitaldeasturias.com\/magazine365\/wp-content\/uploads\/2015\/12\/fotonoticia_20151218185722_800-265x198.jpg 265w, https:\/\/eldigitaldeasturias.com\/magazine365\/wp-content\/uploads\/2015\/12\/fotonoticia_20151218185722_800-696x522.jpg 696w, https:\/\/eldigitaldeasturias.com\/magazine365\/wp-content\/uploads\/2015\/12\/fotonoticia_20151218185722_800-560x420.jpg 560w, https:\/\/eldigitaldeasturias.com\/magazine365\/wp-content\/uploads\/2015\/12\/fotonoticia_20151218185722_800-90x67.jpg 90w, https:\/\/eldigitaldeasturias.com\/magazine365\/wp-content\/uploads\/2015\/12\/fotonoticia_20151218185722_800-100x75.jpg 100w, https:\/\/eldigitaldeasturias.com\/magazine365\/wp-content\/uploads\/2015\/12\/fotonoticia_20151218185722_800.jpg 800w\" sizes=\"(max-width: 360px) 100vw, 360px\" \/>El presidente de la Diputaci\u00f3n Provincial de Ja\u00e9n, Francisco Reyes, ha subrayado que el oleoturismo puede ser \u00abesa segunda cosecha que brinde importantes r\u00e9ditos econ\u00f3micos y de promoci\u00f3n de nuestro producto estrella y de todo lo que conlleva la cultura del olivar\u00bb. Lo ha dicho en Beg\u00edjar donde ha visitado varias almazaras en pleno proceso de producci\u00f3n.<\/p>\n<p>En opini\u00f3n de Reyes, \u00abtenemos recursos y estamos suficientemente capacitados para que el olivar y el aceite de oliva nos den mucho m\u00e1s\u00bb. Por este motivo, Francisco Reyes ha remarcado la necesidad de \u00absacarle partido a esta veta tur\u00edstica del olivar\u00bb y a \u00abexplotar las potencialidades para convertir a la provincia de Ja\u00e9n en el destino por excelencia a la hora de vivir una experiencia de oleoturismo\u00bb.<\/p>\n<p>Entre las almazaras visitadas se encuentra la Cooperativa Cristo de la Vera Cruz y en Ole\u00edcola San Francisco, la primera almazara tur\u00edstica de la provincia de Ja\u00e9n con registro en la Consejer\u00eda de Turismo de la Junta de Andaluc\u00eda, adherida al producto tur\u00edstico OleotourJa\u00e9n y que ya han visitado 14.200 personas de 42 pa\u00edses distintos.<\/p>\n<p>El presidente de la Diputaci\u00f3n ha mostrado su satisfacci\u00f3n por la buena marcha del producto de oleoturismo que ha creado la Diputaci\u00f3n bajo el nombre de Oleotour Ja\u00e9n y que \u00abhasta la fecha cuenta con 110 recursos adheridos, desde almazaras hasta oleotecas, pasando por museos, tiendas, cortijos, alojamientos singulares, restaurantes y diferentes empresas de servicios\u00bb.<\/p>\n<p>Adem\u00e1s, Reyes tambi\u00e9n ha mantenido una reuni\u00f3n con el alcalde, Andr\u00e9s G\u00e1rate, para conocer el estado de proyectos desarrollados con la colaboraci\u00f3n de la Diputaci\u00f3n en el municipio. Reyes tambi\u00e9n ha visitado las instalaciones de la que ser\u00e1 residencia para personas mayores de la localidad.<\/p>\n<p>\u00abSe trata de un proyecto que supone un gran esfuerzo del Ayuntamiento para dotar a su municipio de una infraestructura que adem\u00e1s de atender a personas mayores, crear\u00e1 empleo como lo est\u00e1 haciendo el servicio de ayuda a domicilio\u00bb, ha apuntado Reyes que ha aprovechado su visita a Beg\u00edjar para mantener una reuni\u00f3n con el alcalde de Beg\u00edjar con quien ha abordado los proyectos desarrollados en el municipio por parte de la Diputaci\u00f3n.<\/p>\n<p>Francisco Reyes ha reiterado que \u00abestamos en permanente estado de autoevaluaci\u00f3n de nuestras acciones de Gobierno desde cada \u00e1rea, pero tambi\u00e9n con los ciudadanos y los ayuntamientos\u00bb. Con este prop\u00f3sito est\u00e1 realizando visitas oficiales a las distintas localidades de la provincia, \u00abpara comentar con los alcaldes lo que la Diputaci\u00f3n est\u00e1 haciendo, que haya una valoraci\u00f3n por su parte y, al mismo tiempo, pedirle propuestas y sugerencias para esta nueva legislatura\u00bb, ha se\u00f1alado Reyes.<\/p>\n","protected":false},"excerpt":{"rendered":"<p>El presidente de la Diputaci\u00f3n Provincial de Ja\u00e9n, Francisco Reyes, ha subrayado que el oleoturismo puede ser \u00abesa segunda cosecha que brinde importantes r\u00e9ditos econ\u00f3micos y de promoci\u00f3n de nuestro producto estrella y de todo lo que conlleva la cultura del olivar\u00bb. Lo ha dicho en Beg\u00edjar donde ha visitado varias almazaras en pleno proceso<\/p>\n","protected":false},"author":1,"featured_media":58996,"comment_status":"open","ping_status":"closed","sticky":false,"template":"","format":"standard","meta":{"footnotes":""},"categories":[224],"tags":[],"class_list":{"0":"post-58995","1":"post","2":"type-post","3":"status-publish","4":"format-standard","5":"has-post-thumbnail","7":"category-noticias-actualidad"},"aioseo_notices":[],"aioseo_head":"\n\t\t<!-- All in One SEO Pro 4.9.6.1 - aioseo.com -->\n\t<meta name=\"description\" content=\"El presidente de la Diputaci\u00f3n Provincial de Ja\u00e9n, Francisco Reyes, ha subrayado que el oleoturismo puede ser &quot;esa segunda cosecha que brinde importantes r\u00e9ditos econ\u00f3micos y de promoci\u00f3n de nuestro producto estrella y de todo lo que conlleva la cultura del olivar&quot;. Lo ha dicho en Beg\u00edjar donde ha visitado varias almazaras en pleno proceso\" \/>\n\t<meta name=\"robots\" content=\"max-image-preview:large\" \/>\n\t<meta name=\"author\" content=\"admin\"\/>\n\t<meta name=\"google-site-verification\" content=\"UA-38556648-1\" \/>\n\t<meta name=\"keywords\" content=\"noticias y actualidad\" \/>\n\t<link rel=\"canonical\" href=\"https:\/\/eldigitaldeasturias.com\/magazine365\/francisco-reyes-apuesta-por-el-oleoturismo-de-jaen-para-sacarle-partido-a-la-veta-del-olivar\/\" \/>\n\t<meta name=\"generator\" content=\"All in One SEO Pro (AIOSEO) 4.9.6.1\" \/>\n\t\t<meta property=\"og:locale\" content=\"es_ES\" \/>\n\t\t<meta property=\"og:site_name\" content=\"El Digital de Asturias \u2013 Revista de ocio, turismo y estilo de vida\" \/>\n\t\t<meta property=\"og:type\" content=\"article\" \/>\n\t\t<meta property=\"og:title\" content=\"Francisco Reyes apuesta por el oleoturismo de Ja\u00e9n para sacarle partido a \u00abla veta del olivar\u00bb | El Digital de Asturias\" \/>\n\t\t<meta property=\"og:description\" content=\"El presidente de la Diputaci\u00f3n Provincial de Ja\u00e9n, Francisco Reyes, ha subrayado que el oleoturismo puede ser &quot;esa segunda cosecha que brinde importantes r\u00e9ditos econ\u00f3micos y de promoci\u00f3n de nuestro producto estrella y de todo lo que conlleva la cultura del olivar&quot;. Lo ha dicho en Beg\u00edjar donde ha visitado varias almazaras en pleno proceso\" \/>\n\t\t<meta property=\"og:url\" content=\"https:\/\/eldigitaldeasturias.com\/magazine365\/francisco-reyes-apuesta-por-el-oleoturismo-de-jaen-para-sacarle-partido-a-la-veta-del-olivar\/\" \/>\n\t\t<meta property=\"og:image\" content=\"https:\/\/eldigitaldeasturias.com\/magazine365\/wp-content\/uploads\/2015\/12\/fotonoticia_20151218185722_800.jpg\" \/>\n\t\t<meta property=\"og:image:secure_url\" content=\"https:\/\/eldigitaldeasturias.com\/magazine365\/wp-content\/uploads\/2015\/12\/fotonoticia_20151218185722_800.jpg\" \/>\n\t\t<meta property=\"og:image:width\" content=\"800\" \/>\n\t\t<meta property=\"og:image:height\" content=\"600\" \/>\n\t\t<meta property=\"article:published_time\" content=\"2015-12-19T10:51:53+00:00\" \/>\n\t\t<meta property=\"article:modified_time\" content=\"2015-12-19T10:51:53+00:00\" \/>\n\t\t<meta name=\"twitter:card\" content=\"summary_large_image\" \/>\n\t\t<meta name=\"twitter:title\" content=\"Francisco Reyes apuesta por el oleoturismo de Ja\u00e9n para sacarle partido a \u00abla veta del olivar\u00bb | El Digital de Asturias\" \/>\n\t\t<meta name=\"twitter:description\" content=\"El presidente de la Diputaci\u00f3n Provincial de Ja\u00e9n, Francisco Reyes, ha subrayado que el oleoturismo puede ser &quot;esa segunda cosecha que brinde importantes r\u00e9ditos econ\u00f3micos y de promoci\u00f3n de nuestro producto estrella y de todo lo que conlleva la cultura del olivar&quot;. Lo ha dicho en Beg\u00edjar donde ha visitado varias almazaras en pleno proceso\" \/>\n\t\t<meta name=\"twitter:image\" content=\"https:\/\/eldigitaldeasturias.com\/magazine365\/wp-content\/uploads\/2015\/12\/fotonoticia_20151218185722_800.jpg\" \/>\n\t\t<script type=\"application\/ld+json\" class=\"aioseo-schema\">\n\t\t\t{\"@context\":\"https:\\\/\\\/schema.org\",\"@graph\":[{\"@type\":\"Article\",\"@id\":\"https:\\\/\\\/eldigitaldeasturias.com\\\/magazine365\\\/francisco-reyes-apuesta-por-el-oleoturismo-de-jaen-para-sacarle-partido-a-la-veta-del-olivar\\\/#article\",\"name\":\"Francisco Reyes apuesta por el oleoturismo de Ja\\u00e9n para sacarle partido a \\u00abla veta del olivar\\u00bb | El Digital de Asturias\",\"headline\":\"Francisco Reyes apuesta por el oleoturismo de Ja\\u00e9n para sacarle partido a \\u00abla veta del olivar\\u00bb\",\"author\":{\"@id\":\"https:\\\/\\\/eldigitaldeasturias.com\\\/magazine365\\\/author\\\/admin\\\/#author\"},\"publisher\":{\"@id\":\"https:\\\/\\\/eldigitaldeasturias.com\\\/magazine365\\\/#organization\"},\"image\":{\"@type\":\"ImageObject\",\"url\":\"https:\\\/\\\/eldigitaldeasturias.com\\\/magazine365\\\/wp-content\\\/uploads\\\/2015\\\/12\\\/fotonoticia_20151218185722_800.jpg\",\"width\":800,\"height\":600},\"datePublished\":\"2015-12-19T11:51:53+01:00\",\"dateModified\":\"2015-12-19T11:51:53+01:00\",\"inLanguage\":\"es-ES\",\"mainEntityOfPage\":{\"@id\":\"https:\\\/\\\/eldigitaldeasturias.com\\\/magazine365\\\/francisco-reyes-apuesta-por-el-oleoturismo-de-jaen-para-sacarle-partido-a-la-veta-del-olivar\\\/#webpage\"},\"isPartOf\":{\"@id\":\"https:\\\/\\\/eldigitaldeasturias.com\\\/magazine365\\\/francisco-reyes-apuesta-por-el-oleoturismo-de-jaen-para-sacarle-partido-a-la-veta-del-olivar\\\/#webpage\"},\"articleSection\":\"Noticias y Actualidad\"},{\"@type\":\"BreadcrumbList\",\"@id\":\"https:\\\/\\\/eldigitaldeasturias.com\\\/magazine365\\\/francisco-reyes-apuesta-por-el-oleoturismo-de-jaen-para-sacarle-partido-a-la-veta-del-olivar\\\/#breadcrumblist\",\"itemListElement\":[{\"@type\":\"ListItem\",\"@id\":\"https:\\\/\\\/eldigitaldeasturias.com\\\/magazine365#listItem\",\"position\":1,\"name\":\"Home\",\"item\":\"https:\\\/\\\/eldigitaldeasturias.com\\\/magazine365\",\"nextItem\":{\"@type\":\"ListItem\",\"@id\":\"https:\\\/\\\/eldigitaldeasturias.com\\\/magazine365\\\/category\\\/noticias-actualidad\\\/#listItem\",\"name\":\"Noticias y Actualidad\"}},{\"@type\":\"ListItem\",\"@id\":\"https:\\\/\\\/eldigitaldeasturias.com\\\/magazine365\\\/category\\\/noticias-actualidad\\\/#listItem\",\"position\":2,\"name\":\"Noticias y Actualidad\",\"item\":\"https:\\\/\\\/eldigitaldeasturias.com\\\/magazine365\\\/category\\\/noticias-actualidad\\\/\",\"nextItem\":{\"@type\":\"ListItem\",\"@id\":\"https:\\\/\\\/eldigitaldeasturias.com\\\/magazine365\\\/francisco-reyes-apuesta-por-el-oleoturismo-de-jaen-para-sacarle-partido-a-la-veta-del-olivar\\\/#listItem\",\"name\":\"Francisco Reyes apuesta por el oleoturismo de Ja\\u00e9n para sacarle partido a \\u00abla veta del olivar\\u00bb\"},\"previousItem\":{\"@type\":\"ListItem\",\"@id\":\"https:\\\/\\\/eldigitaldeasturias.com\\\/magazine365#listItem\",\"name\":\"Home\"}},{\"@type\":\"ListItem\",\"@id\":\"https:\\\/\\\/eldigitaldeasturias.com\\\/magazine365\\\/francisco-reyes-apuesta-por-el-oleoturismo-de-jaen-para-sacarle-partido-a-la-veta-del-olivar\\\/#listItem\",\"position\":3,\"name\":\"Francisco Reyes apuesta por el oleoturismo de Ja\\u00e9n para sacarle partido a \\u00abla veta del olivar\\u00bb\",\"previousItem\":{\"@type\":\"ListItem\",\"@id\":\"https:\\\/\\\/eldigitaldeasturias.com\\\/magazine365\\\/category\\\/noticias-actualidad\\\/#listItem\",\"name\":\"Noticias y Actualidad\"}}]},{\"@type\":\"Organization\",\"@id\":\"https:\\\/\\\/eldigitaldeasturias.com\\\/magazine365\\\/#organization\",\"name\":\"El digital de Asturias\",\"description\":\"Revista de ocio, turismo y estilo de vida\",\"url\":\"https:\\\/\\\/eldigitaldeasturias.com\\\/magazine365\\\/\",\"logo\":{\"@type\":\"ImageObject\",\"url\":\"https:\\\/\\\/www.eldigitaldeasturias.com\\\/noticias\\\/wp-content\\\/uploads\\\/2020\\\/12\\\/EDA.jpg\",\"@id\":\"https:\\\/\\\/eldigitaldeasturias.com\\\/magazine365\\\/francisco-reyes-apuesta-por-el-oleoturismo-de-jaen-para-sacarle-partido-a-la-veta-del-olivar\\\/#organizationLogo\"},\"image\":{\"@id\":\"https:\\\/\\\/eldigitaldeasturias.com\\\/magazine365\\\/francisco-reyes-apuesta-por-el-oleoturismo-de-jaen-para-sacarle-partido-a-la-veta-del-olivar\\\/#organizationLogo\"}},{\"@type\":\"Person\",\"@id\":\"https:\\\/\\\/eldigitaldeasturias.com\\\/magazine365\\\/author\\\/admin\\\/#author\",\"url\":\"https:\\\/\\\/eldigitaldeasturias.com\\\/magazine365\\\/author\\\/admin\\\/\",\"name\":\"admin\",\"image\":{\"@type\":\"ImageObject\",\"@id\":\"https:\\\/\\\/eldigitaldeasturias.com\\\/magazine365\\\/francisco-reyes-apuesta-por-el-oleoturismo-de-jaen-para-sacarle-partido-a-la-veta-del-olivar\\\/#authorImage\",\"url\":\"https:\\\/\\\/eldigitaldeasturias.com\\\/magazine365\\\/wp-content\\\/litespeed\\\/avatar\\\/e571bcf59a0edd6fa6838245a470f2fe.jpg?ver=1777574230\",\"width\":96,\"height\":96,\"caption\":\"admin\"}},{\"@type\":\"WebPage\",\"@id\":\"https:\\\/\\\/eldigitaldeasturias.com\\\/magazine365\\\/francisco-reyes-apuesta-por-el-oleoturismo-de-jaen-para-sacarle-partido-a-la-veta-del-olivar\\\/#webpage\",\"url\":\"https:\\\/\\\/eldigitaldeasturias.com\\\/magazine365\\\/francisco-reyes-apuesta-por-el-oleoturismo-de-jaen-para-sacarle-partido-a-la-veta-del-olivar\\\/\",\"name\":\"Francisco Reyes apuesta por el oleoturismo de Ja\\u00e9n para sacarle partido a \\u00abla veta del olivar\\u00bb | El Digital de Asturias\",\"description\":\"El presidente de la Diputaci\\u00f3n Provincial de Ja\\u00e9n, Francisco Reyes, ha subrayado que el oleoturismo puede ser \\\"esa segunda cosecha que brinde importantes r\\u00e9ditos econ\\u00f3micos y de promoci\\u00f3n de nuestro producto estrella y de todo lo que conlleva la cultura del olivar\\\". Lo ha dicho en Beg\\u00edjar donde ha visitado varias almazaras en pleno proceso\",\"inLanguage\":\"es-ES\",\"isPartOf\":{\"@id\":\"https:\\\/\\\/eldigitaldeasturias.com\\\/magazine365\\\/#website\"},\"breadcrumb\":{\"@id\":\"https:\\\/\\\/eldigitaldeasturias.com\\\/magazine365\\\/francisco-reyes-apuesta-por-el-oleoturismo-de-jaen-para-sacarle-partido-a-la-veta-del-olivar\\\/#breadcrumblist\"},\"author\":{\"@id\":\"https:\\\/\\\/eldigitaldeasturias.com\\\/magazine365\\\/author\\\/admin\\\/#author\"},\"creator\":{\"@id\":\"https:\\\/\\\/eldigitaldeasturias.com\\\/magazine365\\\/author\\\/admin\\\/#author\"},\"image\":{\"@type\":\"ImageObject\",\"url\":\"https:\\\/\\\/eldigitaldeasturias.com\\\/magazine365\\\/wp-content\\\/uploads\\\/2015\\\/12\\\/fotonoticia_20151218185722_800.jpg\",\"@id\":\"https:\\\/\\\/eldigitaldeasturias.com\\\/magazine365\\\/francisco-reyes-apuesta-por-el-oleoturismo-de-jaen-para-sacarle-partido-a-la-veta-del-olivar\\\/#mainImage\",\"width\":800,\"height\":600},\"primaryImageOfPage\":{\"@id\":\"https:\\\/\\\/eldigitaldeasturias.com\\\/magazine365\\\/francisco-reyes-apuesta-por-el-oleoturismo-de-jaen-para-sacarle-partido-a-la-veta-del-olivar\\\/#mainImage\"},\"datePublished\":\"2015-12-19T11:51:53+01:00\",\"dateModified\":\"2015-12-19T11:51:53+01:00\"},{\"@type\":\"WebSite\",\"@id\":\"https:\\\/\\\/eldigitaldeasturias.com\\\/magazine365\\\/#website\",\"url\":\"https:\\\/\\\/eldigitaldeasturias.com\\\/magazine365\\\/\",\"name\":\"El Digital de Asturias\",\"description\":\"Revista de ocio, turismo y estilo de vida\",\"inLanguage\":\"es-ES\",\"publisher\":{\"@id\":\"https:\\\/\\\/eldigitaldeasturias.com\\\/magazine365\\\/#organization\"}}]}\n\t\t<\/script>\n\t\t<!-- All in One SEO Pro -->\r\n\t\t<title>Francisco Reyes apuesta por el oleoturismo de Ja\u00e9n para sacarle partido a \u00abla veta del olivar\u00bb | El Digital de Asturias<\/title>\n\n","aioseo_head_json":{"title":"Francisco Reyes apuesta por el oleoturismo de Ja\u00e9n para sacarle partido a \u00abla veta del olivar\u00bb | El Digital de Asturias","description":"El presidente de la Diputaci\u00f3n Provincial de Ja\u00e9n, Francisco Reyes, ha subrayado que el oleoturismo puede ser \"esa segunda cosecha que brinde importantes r\u00e9ditos econ\u00f3micos y de promoci\u00f3n de nuestro producto estrella y de todo lo que conlleva la cultura del olivar\". Lo ha dicho en Beg\u00edjar donde ha visitado varias almazaras en pleno proceso","canonical_url":"https:\/\/eldigitaldeasturias.com\/magazine365\/francisco-reyes-apuesta-por-el-oleoturismo-de-jaen-para-sacarle-partido-a-la-veta-del-olivar\/","robots":"max-image-preview:large","keywords":"noticias y actualidad","webmasterTools":{"google-site-verification":"UA-38556648-1","miscellaneous":""},"schema":{"@context":"https:\/\/schema.org","@graph":[{"@type":"Article","@id":"https:\/\/eldigitaldeasturias.com\/magazine365\/francisco-reyes-apuesta-por-el-oleoturismo-de-jaen-para-sacarle-partido-a-la-veta-del-olivar\/#article","name":"Francisco Reyes apuesta por el oleoturismo de Ja\u00e9n para sacarle partido a \u00abla veta del olivar\u00bb | El Digital de Asturias","headline":"Francisco Reyes apuesta por el oleoturismo de Ja\u00e9n para sacarle partido a \u00abla veta del olivar\u00bb","author":{"@id":"https:\/\/eldigitaldeasturias.com\/magazine365\/author\/admin\/#author"},"publisher":{"@id":"https:\/\/eldigitaldeasturias.com\/magazine365\/#organization"},"image":{"@type":"ImageObject","url":"https:\/\/eldigitaldeasturias.com\/magazine365\/wp-content\/uploads\/2015\/12\/fotonoticia_20151218185722_800.jpg","width":800,"height":600},"datePublished":"2015-12-19T11:51:53+01:00","dateModified":"2015-12-19T11:51:53+01:00","inLanguage":"es-ES","mainEntityOfPage":{"@id":"https:\/\/eldigitaldeasturias.com\/magazine365\/francisco-reyes-apuesta-por-el-oleoturismo-de-jaen-para-sacarle-partido-a-la-veta-del-olivar\/#webpage"},"isPartOf":{"@id":"https:\/\/eldigitaldeasturias.com\/magazine365\/francisco-reyes-apuesta-por-el-oleoturismo-de-jaen-para-sacarle-partido-a-la-veta-del-olivar\/#webpage"},"articleSection":"Noticias y Actualidad"},{"@type":"BreadcrumbList","@id":"https:\/\/eldigitaldeasturias.com\/magazine365\/francisco-reyes-apuesta-por-el-oleoturismo-de-jaen-para-sacarle-partido-a-la-veta-del-olivar\/#breadcrumblist","itemListElement":[{"@type":"ListItem","@id":"https:\/\/eldigitaldeasturias.com\/magazine365#listItem","position":1,"name":"Home","item":"https:\/\/eldigitaldeasturias.com\/magazine365","nextItem":{"@type":"ListItem","@id":"https:\/\/eldigitaldeasturias.com\/magazine365\/category\/noticias-actualidad\/#listItem","name":"Noticias y Actualidad"}},{"@type":"ListItem","@id":"https:\/\/eldigitaldeasturias.com\/magazine365\/category\/noticias-actualidad\/#listItem","position":2,"name":"Noticias y Actualidad","item":"https:\/\/eldigitaldeasturias.com\/magazine365\/category\/noticias-actualidad\/","nextItem":{"@type":"ListItem","@id":"https:\/\/eldigitaldeasturias.com\/magazine365\/francisco-reyes-apuesta-por-el-oleoturismo-de-jaen-para-sacarle-partido-a-la-veta-del-olivar\/#listItem","name":"Francisco Reyes apuesta por el oleoturismo de Ja\u00e9n para sacarle partido a \u00abla veta del olivar\u00bb"},"previousItem":{"@type":"ListItem","@id":"https:\/\/eldigitaldeasturias.com\/magazine365#listItem","name":"Home"}},{"@type":"ListItem","@id":"https:\/\/eldigitaldeasturias.com\/magazine365\/francisco-reyes-apuesta-por-el-oleoturismo-de-jaen-para-sacarle-partido-a-la-veta-del-olivar\/#listItem","position":3,"name":"Francisco Reyes apuesta por el oleoturismo de Ja\u00e9n para sacarle partido a \u00abla veta del olivar\u00bb","previousItem":{"@type":"ListItem","@id":"https:\/\/eldigitaldeasturias.com\/magazine365\/category\/noticias-actualidad\/#listItem","name":"Noticias y Actualidad"}}]},{"@type":"Organization","@id":"https:\/\/eldigitaldeasturias.com\/magazine365\/#organization","name":"El digital de Asturias","description":"Revista de ocio, turismo y estilo de vida","url":"https:\/\/eldigitaldeasturias.com\/magazine365\/","logo":{"@type":"ImageObject","url":"https:\/\/www.eldigitaldeasturias.com\/noticias\/wp-content\/uploads\/2020\/12\/EDA.jpg","@id":"https:\/\/eldigitaldeasturias.com\/magazine365\/francisco-reyes-apuesta-por-el-oleoturismo-de-jaen-para-sacarle-partido-a-la-veta-del-olivar\/#organizationLogo"},"image":{"@id":"https:\/\/eldigitaldeasturias.com\/magazine365\/francisco-reyes-apuesta-por-el-oleoturismo-de-jaen-para-sacarle-partido-a-la-veta-del-olivar\/#organizationLogo"}},{"@type":"Person","@id":"https:\/\/eldigitaldeasturias.com\/magazine365\/author\/admin\/#author","url":"https:\/\/eldigitaldeasturias.com\/magazine365\/author\/admin\/","name":"admin","image":{"@type":"ImageObject","@id":"https:\/\/eldigitaldeasturias.com\/magazine365\/francisco-reyes-apuesta-por-el-oleoturismo-de-jaen-para-sacarle-partido-a-la-veta-del-olivar\/#authorImage","url":"https:\/\/eldigitaldeasturias.com\/magazine365\/wp-content\/litespeed\/avatar\/e571bcf59a0edd6fa6838245a470f2fe.jpg?ver=1777574230","width":96,"height":96,"caption":"admin"}},{"@type":"WebPage","@id":"https:\/\/eldigitaldeasturias.com\/magazine365\/francisco-reyes-apuesta-por-el-oleoturismo-de-jaen-para-sacarle-partido-a-la-veta-del-olivar\/#webpage","url":"https:\/\/eldigitaldeasturias.com\/magazine365\/francisco-reyes-apuesta-por-el-oleoturismo-de-jaen-para-sacarle-partido-a-la-veta-del-olivar\/","name":"Francisco Reyes apuesta por el oleoturismo de Ja\u00e9n para sacarle partido a \u00abla veta del olivar\u00bb | El Digital de Asturias","description":"El presidente de la Diputaci\u00f3n Provincial de Ja\u00e9n, Francisco Reyes, ha subrayado que el oleoturismo puede ser \"esa segunda cosecha que brinde importantes r\u00e9ditos econ\u00f3micos y de promoci\u00f3n de nuestro producto estrella y de todo lo que conlleva la cultura del olivar\". Lo ha dicho en Beg\u00edjar donde ha visitado varias almazaras en pleno proceso","inLanguage":"es-ES","isPartOf":{"@id":"https:\/\/eldigitaldeasturias.com\/magazine365\/#website"},"breadcrumb":{"@id":"https:\/\/eldigitaldeasturias.com\/magazine365\/francisco-reyes-apuesta-por-el-oleoturismo-de-jaen-para-sacarle-partido-a-la-veta-del-olivar\/#breadcrumblist"},"author":{"@id":"https:\/\/eldigitaldeasturias.com\/magazine365\/author\/admin\/#author"},"creator":{"@id":"https:\/\/eldigitaldeasturias.com\/magazine365\/author\/admin\/#author"},"image":{"@type":"ImageObject","url":"https:\/\/eldigitaldeasturias.com\/magazine365\/wp-content\/uploads\/2015\/12\/fotonoticia_20151218185722_800.jpg","@id":"https:\/\/eldigitaldeasturias.com\/magazine365\/francisco-reyes-apuesta-por-el-oleoturismo-de-jaen-para-sacarle-partido-a-la-veta-del-olivar\/#mainImage","width":800,"height":600},"primaryImageOfPage":{"@id":"https:\/\/eldigitaldeasturias.com\/magazine365\/francisco-reyes-apuesta-por-el-oleoturismo-de-jaen-para-sacarle-partido-a-la-veta-del-olivar\/#mainImage"},"datePublished":"2015-12-19T11:51:53+01:00","dateModified":"2015-12-19T11:51:53+01:00"},{"@type":"WebSite","@id":"https:\/\/eldigitaldeasturias.com\/magazine365\/#website","url":"https:\/\/eldigitaldeasturias.com\/magazine365\/","name":"El Digital de Asturias","description":"Revista de ocio, turismo y estilo de vida","inLanguage":"es-ES","publisher":{"@id":"https:\/\/eldigitaldeasturias.com\/magazine365\/#organization"}}]},"og:locale":"es_ES","og:site_name":"El Digital de Asturias \u2013 Revista de ocio, turismo y estilo de vida","og:type":"article","og:title":"Francisco Reyes apuesta por el oleoturismo de Ja\u00e9n para sacarle partido a \u00abla veta del olivar\u00bb | El Digital de Asturias","og:description":"El presidente de la Diputaci\u00f3n Provincial de Ja\u00e9n, Francisco Reyes, ha subrayado que el oleoturismo puede ser &quot;esa segunda cosecha que brinde importantes r\u00e9ditos econ\u00f3micos y de promoci\u00f3n de nuestro producto estrella y de todo lo que conlleva la cultura del olivar&quot;. Lo ha dicho en Beg\u00edjar donde ha visitado varias almazaras en pleno proceso","og:url":"https:\/\/eldigitaldeasturias.com\/magazine365\/francisco-reyes-apuesta-por-el-oleoturismo-de-jaen-para-sacarle-partido-a-la-veta-del-olivar\/","og:image":"https:\/\/eldigitaldeasturias.com\/magazine365\/wp-content\/uploads\/2015\/12\/fotonoticia_20151218185722_800.jpg","og:image:secure_url":"https:\/\/eldigitaldeasturias.com\/magazine365\/wp-content\/uploads\/2015\/12\/fotonoticia_20151218185722_800.jpg","og:image:width":800,"og:image:height":600,"article:published_time":"2015-12-19T10:51:53+00:00","article:modified_time":"2015-12-19T10:51:53+00:00","twitter:card":"summary_large_image","twitter:title":"Francisco Reyes apuesta por el oleoturismo de Ja\u00e9n para sacarle partido a \u00abla veta del olivar\u00bb | El Digital de Asturias","twitter:description":"El presidente de la Diputaci\u00f3n Provincial de Ja\u00e9n, Francisco Reyes, ha subrayado que el oleoturismo puede ser &quot;esa segunda cosecha que brinde importantes r\u00e9ditos econ\u00f3micos y de promoci\u00f3n de nuestro producto estrella y de todo lo que conlleva la cultura del olivar&quot;. Lo ha dicho en Beg\u00edjar donde ha visitado varias almazaras en pleno proceso","twitter:image":"https:\/\/eldigitaldeasturias.com\/magazine365\/wp-content\/uploads\/2015\/12\/fotonoticia_20151218185722_800.jpg"},"aioseo_meta_data":{"post_id":"58995","title":null,"description":null,"keywords":null,"keyphrases":null,"primary_term":null,"canonical_url":null,"og_title":null,"og_description":null,"og_object_type":"default","og_image_type":"default","og_image_url":null,"og_image_width":null,"og_image_height":null,"og_image_custom_url":null,"og_image_custom_fields":null,"og_video":null,"og_custom_url":null,"og_article_section":null,"og_article_tags":null,"twitter_use_og":false,"twitter_card":"default","twitter_image_type":"default","twitter_image_url":null,"twitter_image_custom_url":null,"twitter_image_custom_fields":null,"twitter_title":null,"twitter_description":null,"schema":{"blockGraphs":[],"customGraphs":[],"default":{"data":{"Article":[],"Course":[],"Dataset":[],"FAQPage":[],"Movie":[],"Person":[],"Product":[],"ProductReview":[],"Car":[],"Recipe":[],"Service":[],"SoftwareApplication":[],"WebPage":[]},"graphName":"","isEnabled":true},"graphs":[],"defaultGraph":"","defaultPostTypeGraph":""},"schema_type":null,"schema_type_options":null,"pillar_content":false,"robots_default":true,"robots_noindex":false,"robots_noarchive":false,"robots_nosnippet":false,"robots_nofollow":false,"robots_noimageindex":false,"robots_noodp":false,"robots_notranslate":false,"robots_max_snippet":null,"robots_max_videopreview":null,"robots_max_imagepreview":"large","priority":null,"frequency":null,"location":null,"local_seo":null,"seo_analyzer_scan_date":"2025-09-25 04:03:52","breadcrumb_settings":null,"limit_modified_date":false,"open_ai":null,"ai":null,"created":"2021-03-08 22:22:54","updated":"2025-09-25 04:03:52"},"aioseo_breadcrumb":"<div class=\"aioseo-breadcrumbs\"><span class=\"aioseo-breadcrumb\">\n\t<a href=\"https:\/\/eldigitaldeasturias.com\/magazine365\" title=\"Home\">Home<\/a>\n<\/span><span class=\"aioseo-breadcrumb-separator\">\u2013<\/span><span class=\"aioseo-breadcrumb\">\n\t<a href=\"https:\/\/eldigitaldeasturias.com\/magazine365\/category\/noticias-actualidad\/\" title=\"Noticias y Actualidad\">Noticias y Actualidad<\/a>\n<\/span><span class=\"aioseo-breadcrumb-separator\">\u2013<\/span><span class=\"aioseo-breadcrumb\">\n\t<a href=\"https:\/\/eldigitaldeasturias.com\/magazine365\/francisco-reyes-apuesta-por-el-oleoturismo-de-jaen-para-sacarle-partido-a-la-veta-del-olivar\/\" title=\"Francisco Reyes apuesta por el oleoturismo de Ja\u00e9n para sacarle partido a \u00abla veta del olivar\u00bb\">Francisco Reyes apuesta por el oleoturismo de Ja\u00e9n para sacarle partido a \u00abla veta del olivar\u00bb<\/a>\n<\/span><\/div>","aioseo_breadcrumb_json":[{"label":"Home","link":"https:\/\/eldigitaldeasturias.com\/magazine365"},{"label":"Noticias y Actualidad","link":"https:\/\/eldigitaldeasturias.com\/magazine365\/category\/noticias-actualidad\/"},{"label":"Francisco Reyes apuesta por el oleoturismo de Ja\u00e9n para sacarle partido a \u00abla veta del olivar\u00bb","link":"https:\/\/eldigitaldeasturias.com\/magazine365\/francisco-reyes-apuesta-por-el-oleoturismo-de-jaen-para-sacarle-partido-a-la-veta-del-olivar\/"}],"_links":{"self":[{"href":"https:\/\/eldigitaldeasturias.com\/magazine365\/wp-json\/wp\/v2\/posts\/58995","targetHints":{"allow":["GET"]}}],"collection":[{"href":"https:\/\/eldigitaldeasturias.com\/magazine365\/wp-json\/wp\/v2\/posts"}],"about":[{"href":"https:\/\/eldigitaldeasturias.com\/magazine365\/wp-json\/wp\/v2\/types\/post"}],"author":[{"embeddable":true,"href":"https:\/\/eldigitaldeasturias.com\/magazine365\/wp-json\/wp\/v2\/users\/1"}],"replies":[{"embeddable":true,"href":"https:\/\/eldigitaldeasturias.com\/magazine365\/wp-json\/wp\/v2\/comments?post=58995"}],"version-history":[{"count":0,"href":"https:\/\/eldigitaldeasturias.com\/magazine365\/wp-json\/wp\/v2\/posts\/58995\/revisions"}],"wp:featuredmedia":[{"embeddable":true,"href":"https:\/\/eldigitaldeasturias.com\/magazine365\/wp-json\/wp\/v2\/media\/58996"}],"wp:attachment":[{"href":"https:\/\/eldigitaldeasturias.com\/magazine365\/wp-json\/wp\/v2\/media?parent=58995"}],"wp:term":[{"taxonomy":"category","embeddable":true,"href":"https:\/\/eldigitaldeasturias.com\/magazine365\/wp-json\/wp\/v2\/categories?post=58995"},{"taxonomy":"post_tag","embeddable":true,"href":"https:\/\/eldigitaldeasturias.com\/magazine365\/wp-json\/wp\/v2\/tags?post=58995"}],"curies":[{"name":"wp","href":"https:\/\/api.w.org\/{rel}","templated":true}]}}