{"id":58977,"date":"2015-12-19T11:41:04","date_gmt":"2015-12-19T10:41:04","guid":{"rendered":"http:\/\/eldigitaldeasturias.com\/magazine365\/?p=58977"},"modified":"2015-12-19T11:41:04","modified_gmt":"2015-12-19T10:41:04","slug":"mas-de-32-400-andaluces-se-beneficiaran-del-programa-de-termalismo-del-imserso-en-2016","status":"publish","type":"post","link":"https:\/\/eldigitaldeasturias.com\/magazine365\/mas-de-32-400-andaluces-se-beneficiaran-del-programa-de-termalismo-del-imserso-en-2016\/","title":{"rendered":"M\u00e1s de 32.400 andaluces se beneficiar\u00e1n del programa de termalismo del Imserso en 2016"},"content":{"rendered":"<p><img fetchpriority=\"high\" decoding=\"async\" class=\"alignleft size-medium wp-image-58978\" src=\"https:\/\/eldigitaldeasturias.com\/magazine365\/wp-content\/uploads\/2015\/12\/fotonoticia_20151218170325_800-360x240.jpg\" alt=\"fotonoticia_20151218170325_800\" width=\"360\" height=\"240\" srcset=\"https:\/\/eldigitaldeasturias.com\/magazine365\/wp-content\/uploads\/2015\/12\/fotonoticia_20151218170325_800-360x240.jpg 360w, https:\/\/eldigitaldeasturias.com\/magazine365\/wp-content\/uploads\/2015\/12\/fotonoticia_20151218170325_800-650x433.jpg 650w, https:\/\/eldigitaldeasturias.com\/magazine365\/wp-content\/uploads\/2015\/12\/fotonoticia_20151218170325_800-768x512.jpg 768w, https:\/\/eldigitaldeasturias.com\/magazine365\/wp-content\/uploads\/2015\/12\/fotonoticia_20151218170325_800-150x100.jpg 150w, https:\/\/eldigitaldeasturias.com\/magazine365\/wp-content\/uploads\/2015\/12\/fotonoticia_20151218170325_800-450x300.jpg 450w, https:\/\/eldigitaldeasturias.com\/magazine365\/wp-content\/uploads\/2015\/12\/fotonoticia_20151218170325_800-696x464.jpg 696w, https:\/\/eldigitaldeasturias.com\/magazine365\/wp-content\/uploads\/2015\/12\/fotonoticia_20151218170325_800-630x420.jpg 630w, https:\/\/eldigitaldeasturias.com\/magazine365\/wp-content\/uploads\/2015\/12\/fotonoticia_20151218170325_800-84x55.jpg 84w, https:\/\/eldigitaldeasturias.com\/magazine365\/wp-content\/uploads\/2015\/12\/fotonoticia_20151218170325_800.jpg 800w\" sizes=\"(max-width: 360px) 100vw, 360px\" \/>Un total de 32.440 personas mayores y pensionistas con discapacidad residentes en Andaluc\u00eda podr\u00e1n beneficiarse el a\u00f1o que viene del Programa de Termalismo Social del Imserso cuyo objetivo es ofrecer tratamientos termales a precios asequibles, seg\u00fan una nota de la Asociaci\u00f3n Nacional de Balnearios (ANBA).<\/p>\n<p>El acuerdo para la contrataci\u00f3n de la reserva de plazas en balnearios para el desarrollo del programa fue aprobado en el Consejo de Ministros del pasado 20 de noviembre. Para la convocatoria del pr\u00f3ximo a\u00f1o se han hecho algunas modificaciones: se rebaja la edad de participaci\u00f3n de los pensionistas de viudedad a los 55 a\u00f1os (antes eran 60); podr\u00e1n participar los no pensionistas mayores de 65 a\u00f1os (antes eran s\u00f3lo pensionistas) y los perceptores de prestaciones por desempleo a partir de los 60 a\u00f1os.<\/p>\n<p>La solicitud puede hacerse personalmente o por correo en Centros de Mayores, en las Direcciones Territoriales del Imserso correspondientes al domicilio habitual del interesado, en los \u00d3rganos que designen las Comunidades Aut\u00f3nomas (normalmente centros de salud, hogares de pensionistas) o a trav\u00e9s de la web www.termalismosocial.es .<\/p>\n<p>El Programa de Termalismo Social contempla dos turnos: de febrero a agosto, cuyas plazas se pueden reservarse hasta el 11 de enero (o hasta el 11 de mayo para la lista de espera); y de septiembre a diciembre, que podr\u00e1n solicitarse hasta el 10 de mayo (o hasta el 31 de octubre para la lista de espera).<\/p>\n<p>Participan 105 balnearios de 13 comunidades aut\u00f3nomas. El Imserso aporta unos 36 millones de euros anuales al Programa que no solo beneficia a m\u00e1s de 206.000 personas en toda Espa\u00f1a, sino que adem\u00e1s favorece la generaci\u00f3n de 15.000 empleos entre directos e inducidos.<\/p>\n","protected":false},"excerpt":{"rendered":"<p>Un total de 32.440 personas mayores y pensionistas con discapacidad residentes en Andaluc\u00eda podr\u00e1n beneficiarse el a\u00f1o que viene del Programa de Termalismo Social del Imserso cuyo objetivo es ofrecer tratamientos termales a precios asequibles, seg\u00fan una nota de la Asociaci\u00f3n Nacional de Balnearios (ANBA). El acuerdo para la contrataci\u00f3n de la reserva de plazas<\/p>\n","protected":false},"author":1,"featured_media":58978,"comment_status":"open","ping_status":"closed","sticky":false,"template":"","format":"standard","meta":{"footnotes":""},"categories":[224],"tags":[],"class_list":{"0":"post-58977","1":"post","2":"type-post","3":"status-publish","4":"format-standard","5":"has-post-thumbnail","7":"category-noticias-actualidad"},"aioseo_notices":[],"aioseo_head":"\n\t\t<!-- All in One SEO Pro 4.9.6.1 - aioseo.com -->\n\t<meta name=\"description\" content=\"Un total de 32.440 personas mayores y pensionistas con discapacidad residentes en Andaluc\u00eda podr\u00e1n beneficiarse el a\u00f1o que viene del Programa de Termalismo Social del Imserso cuyo objetivo es ofrecer tratamientos termales a precios asequibles, seg\u00fan una nota de la Asociaci\u00f3n Nacional de Balnearios (ANBA). El acuerdo para la contrataci\u00f3n de la reserva de plazas\" \/>\n\t<meta name=\"robots\" content=\"max-image-preview:large\" \/>\n\t<meta name=\"author\" content=\"admin\"\/>\n\t<meta name=\"google-site-verification\" content=\"UA-38556648-1\" \/>\n\t<meta name=\"keywords\" content=\"noticias y actualidad\" \/>\n\t<link rel=\"canonical\" href=\"https:\/\/eldigitaldeasturias.com\/magazine365\/mas-de-32-400-andaluces-se-beneficiaran-del-programa-de-termalismo-del-imserso-en-2016\/\" \/>\n\t<meta name=\"generator\" content=\"All in One SEO Pro (AIOSEO) 4.9.6.1\" \/>\n\t\t<meta property=\"og:locale\" content=\"es_ES\" \/>\n\t\t<meta property=\"og:site_name\" content=\"El Digital de Asturias \u2013 Revista de ocio, turismo y estilo de vida\" \/>\n\t\t<meta property=\"og:type\" content=\"article\" \/>\n\t\t<meta property=\"og:title\" content=\"M\u00e1s de 32.400 andaluces se beneficiar\u00e1n del programa de termalismo del Imserso en 2016 | El Digital de Asturias\" \/>\n\t\t<meta property=\"og:description\" content=\"Un total de 32.440 personas mayores y pensionistas con discapacidad residentes en Andaluc\u00eda podr\u00e1n beneficiarse el a\u00f1o que viene del Programa de Termalismo Social del Imserso cuyo objetivo es ofrecer tratamientos termales a precios asequibles, seg\u00fan una nota de la Asociaci\u00f3n Nacional de Balnearios (ANBA). El acuerdo para la contrataci\u00f3n de la reserva de plazas\" \/>\n\t\t<meta property=\"og:url\" content=\"https:\/\/eldigitaldeasturias.com\/magazine365\/mas-de-32-400-andaluces-se-beneficiaran-del-programa-de-termalismo-del-imserso-en-2016\/\" \/>\n\t\t<meta property=\"og:image\" content=\"https:\/\/eldigitaldeasturias.com\/magazine365\/wp-content\/uploads\/2015\/12\/fotonoticia_20151218170325_800.jpg\" \/>\n\t\t<meta property=\"og:image:secure_url\" content=\"https:\/\/eldigitaldeasturias.com\/magazine365\/wp-content\/uploads\/2015\/12\/fotonoticia_20151218170325_800.jpg\" \/>\n\t\t<meta property=\"og:image:width\" content=\"800\" \/>\n\t\t<meta property=\"og:image:height\" content=\"533\" \/>\n\t\t<meta property=\"article:published_time\" content=\"2015-12-19T10:41:04+00:00\" \/>\n\t\t<meta property=\"article:modified_time\" content=\"2015-12-19T10:41:04+00:00\" \/>\n\t\t<meta name=\"twitter:card\" content=\"summary_large_image\" \/>\n\t\t<meta name=\"twitter:title\" content=\"M\u00e1s de 32.400 andaluces se beneficiar\u00e1n del programa de termalismo del Imserso en 2016 | El Digital de Asturias\" \/>\n\t\t<meta name=\"twitter:description\" content=\"Un total de 32.440 personas mayores y pensionistas con discapacidad residentes en Andaluc\u00eda podr\u00e1n beneficiarse el a\u00f1o que viene del Programa de Termalismo Social del Imserso cuyo objetivo es ofrecer tratamientos termales a precios asequibles, seg\u00fan una nota de la Asociaci\u00f3n Nacional de Balnearios (ANBA). El acuerdo para la contrataci\u00f3n de la reserva de plazas\" \/>\n\t\t<meta name=\"twitter:image\" content=\"https:\/\/eldigitaldeasturias.com\/magazine365\/wp-content\/uploads\/2015\/12\/fotonoticia_20151218170325_800.jpg\" \/>\n\t\t<script type=\"application\/ld+json\" class=\"aioseo-schema\">\n\t\t\t{\"@context\":\"https:\\\/\\\/schema.org\",\"@graph\":[{\"@type\":\"Article\",\"@id\":\"https:\\\/\\\/eldigitaldeasturias.com\\\/magazine365\\\/mas-de-32-400-andaluces-se-beneficiaran-del-programa-de-termalismo-del-imserso-en-2016\\\/#article\",\"name\":\"M\\u00e1s de 32.400 andaluces se beneficiar\\u00e1n del programa de termalismo del Imserso en 2016 | El Digital de Asturias\",\"headline\":\"M\\u00e1s de 32.400 andaluces se beneficiar\\u00e1n del programa de termalismo del Imserso en 2016\",\"author\":{\"@id\":\"https:\\\/\\\/eldigitaldeasturias.com\\\/magazine365\\\/author\\\/admin\\\/#author\"},\"publisher\":{\"@id\":\"https:\\\/\\\/eldigitaldeasturias.com\\\/magazine365\\\/#organization\"},\"image\":{\"@type\":\"ImageObject\",\"url\":\"https:\\\/\\\/eldigitaldeasturias.com\\\/magazine365\\\/wp-content\\\/uploads\\\/2015\\\/12\\\/fotonoticia_20151218170325_800.jpg\",\"width\":800,\"height\":533},\"datePublished\":\"2015-12-19T11:41:04+01:00\",\"dateModified\":\"2015-12-19T11:41:04+01:00\",\"inLanguage\":\"es-ES\",\"mainEntityOfPage\":{\"@id\":\"https:\\\/\\\/eldigitaldeasturias.com\\\/magazine365\\\/mas-de-32-400-andaluces-se-beneficiaran-del-programa-de-termalismo-del-imserso-en-2016\\\/#webpage\"},\"isPartOf\":{\"@id\":\"https:\\\/\\\/eldigitaldeasturias.com\\\/magazine365\\\/mas-de-32-400-andaluces-se-beneficiaran-del-programa-de-termalismo-del-imserso-en-2016\\\/#webpage\"},\"articleSection\":\"Noticias y Actualidad\"},{\"@type\":\"BreadcrumbList\",\"@id\":\"https:\\\/\\\/eldigitaldeasturias.com\\\/magazine365\\\/mas-de-32-400-andaluces-se-beneficiaran-del-programa-de-termalismo-del-imserso-en-2016\\\/#breadcrumblist\",\"itemListElement\":[{\"@type\":\"ListItem\",\"@id\":\"https:\\\/\\\/eldigitaldeasturias.com\\\/magazine365#listItem\",\"position\":1,\"name\":\"Home\",\"item\":\"https:\\\/\\\/eldigitaldeasturias.com\\\/magazine365\",\"nextItem\":{\"@type\":\"ListItem\",\"@id\":\"https:\\\/\\\/eldigitaldeasturias.com\\\/magazine365\\\/category\\\/noticias-actualidad\\\/#listItem\",\"name\":\"Noticias y Actualidad\"}},{\"@type\":\"ListItem\",\"@id\":\"https:\\\/\\\/eldigitaldeasturias.com\\\/magazine365\\\/category\\\/noticias-actualidad\\\/#listItem\",\"position\":2,\"name\":\"Noticias y Actualidad\",\"item\":\"https:\\\/\\\/eldigitaldeasturias.com\\\/magazine365\\\/category\\\/noticias-actualidad\\\/\",\"nextItem\":{\"@type\":\"ListItem\",\"@id\":\"https:\\\/\\\/eldigitaldeasturias.com\\\/magazine365\\\/mas-de-32-400-andaluces-se-beneficiaran-del-programa-de-termalismo-del-imserso-en-2016\\\/#listItem\",\"name\":\"M\\u00e1s de 32.400 andaluces se beneficiar\\u00e1n del programa de termalismo del Imserso en 2016\"},\"previousItem\":{\"@type\":\"ListItem\",\"@id\":\"https:\\\/\\\/eldigitaldeasturias.com\\\/magazine365#listItem\",\"name\":\"Home\"}},{\"@type\":\"ListItem\",\"@id\":\"https:\\\/\\\/eldigitaldeasturias.com\\\/magazine365\\\/mas-de-32-400-andaluces-se-beneficiaran-del-programa-de-termalismo-del-imserso-en-2016\\\/#listItem\",\"position\":3,\"name\":\"M\\u00e1s de 32.400 andaluces se beneficiar\\u00e1n del programa de termalismo del Imserso en 2016\",\"previousItem\":{\"@type\":\"ListItem\",\"@id\":\"https:\\\/\\\/eldigitaldeasturias.com\\\/magazine365\\\/category\\\/noticias-actualidad\\\/#listItem\",\"name\":\"Noticias y Actualidad\"}}]},{\"@type\":\"Organization\",\"@id\":\"https:\\\/\\\/eldigitaldeasturias.com\\\/magazine365\\\/#organization\",\"name\":\"El digital de Asturias\",\"description\":\"Revista de ocio, turismo y estilo de vida\",\"url\":\"https:\\\/\\\/eldigitaldeasturias.com\\\/magazine365\\\/\",\"logo\":{\"@type\":\"ImageObject\",\"url\":\"https:\\\/\\\/www.eldigitaldeasturias.com\\\/noticias\\\/wp-content\\\/uploads\\\/2020\\\/12\\\/EDA.jpg\",\"@id\":\"https:\\\/\\\/eldigitaldeasturias.com\\\/magazine365\\\/mas-de-32-400-andaluces-se-beneficiaran-del-programa-de-termalismo-del-imserso-en-2016\\\/#organizationLogo\"},\"image\":{\"@id\":\"https:\\\/\\\/eldigitaldeasturias.com\\\/magazine365\\\/mas-de-32-400-andaluces-se-beneficiaran-del-programa-de-termalismo-del-imserso-en-2016\\\/#organizationLogo\"}},{\"@type\":\"Person\",\"@id\":\"https:\\\/\\\/eldigitaldeasturias.com\\\/magazine365\\\/author\\\/admin\\\/#author\",\"url\":\"https:\\\/\\\/eldigitaldeasturias.com\\\/magazine365\\\/author\\\/admin\\\/\",\"name\":\"admin\",\"image\":{\"@type\":\"ImageObject\",\"@id\":\"https:\\\/\\\/eldigitaldeasturias.com\\\/magazine365\\\/mas-de-32-400-andaluces-se-beneficiaran-del-programa-de-termalismo-del-imserso-en-2016\\\/#authorImage\",\"url\":\"https:\\\/\\\/eldigitaldeasturias.com\\\/magazine365\\\/wp-content\\\/litespeed\\\/avatar\\\/e571bcf59a0edd6fa6838245a470f2fe.jpg?ver=1777574230\",\"width\":96,\"height\":96,\"caption\":\"admin\"}},{\"@type\":\"WebPage\",\"@id\":\"https:\\\/\\\/eldigitaldeasturias.com\\\/magazine365\\\/mas-de-32-400-andaluces-se-beneficiaran-del-programa-de-termalismo-del-imserso-en-2016\\\/#webpage\",\"url\":\"https:\\\/\\\/eldigitaldeasturias.com\\\/magazine365\\\/mas-de-32-400-andaluces-se-beneficiaran-del-programa-de-termalismo-del-imserso-en-2016\\\/\",\"name\":\"M\\u00e1s de 32.400 andaluces se beneficiar\\u00e1n del programa de termalismo del Imserso en 2016 | El Digital de Asturias\",\"description\":\"Un total de 32.440 personas mayores y pensionistas con discapacidad residentes en Andaluc\\u00eda podr\\u00e1n beneficiarse el a\\u00f1o que viene del Programa de Termalismo Social del Imserso cuyo objetivo es ofrecer tratamientos termales a precios asequibles, seg\\u00fan una nota de la Asociaci\\u00f3n Nacional de Balnearios (ANBA). El acuerdo para la contrataci\\u00f3n de la reserva de plazas\",\"inLanguage\":\"es-ES\",\"isPartOf\":{\"@id\":\"https:\\\/\\\/eldigitaldeasturias.com\\\/magazine365\\\/#website\"},\"breadcrumb\":{\"@id\":\"https:\\\/\\\/eldigitaldeasturias.com\\\/magazine365\\\/mas-de-32-400-andaluces-se-beneficiaran-del-programa-de-termalismo-del-imserso-en-2016\\\/#breadcrumblist\"},\"author\":{\"@id\":\"https:\\\/\\\/eldigitaldeasturias.com\\\/magazine365\\\/author\\\/admin\\\/#author\"},\"creator\":{\"@id\":\"https:\\\/\\\/eldigitaldeasturias.com\\\/magazine365\\\/author\\\/admin\\\/#author\"},\"image\":{\"@type\":\"ImageObject\",\"url\":\"https:\\\/\\\/eldigitaldeasturias.com\\\/magazine365\\\/wp-content\\\/uploads\\\/2015\\\/12\\\/fotonoticia_20151218170325_800.jpg\",\"@id\":\"https:\\\/\\\/eldigitaldeasturias.com\\\/magazine365\\\/mas-de-32-400-andaluces-se-beneficiaran-del-programa-de-termalismo-del-imserso-en-2016\\\/#mainImage\",\"width\":800,\"height\":533},\"primaryImageOfPage\":{\"@id\":\"https:\\\/\\\/eldigitaldeasturias.com\\\/magazine365\\\/mas-de-32-400-andaluces-se-beneficiaran-del-programa-de-termalismo-del-imserso-en-2016\\\/#mainImage\"},\"datePublished\":\"2015-12-19T11:41:04+01:00\",\"dateModified\":\"2015-12-19T11:41:04+01:00\"},{\"@type\":\"WebSite\",\"@id\":\"https:\\\/\\\/eldigitaldeasturias.com\\\/magazine365\\\/#website\",\"url\":\"https:\\\/\\\/eldigitaldeasturias.com\\\/magazine365\\\/\",\"name\":\"El Digital de Asturias\",\"description\":\"Revista de ocio, turismo y estilo de vida\",\"inLanguage\":\"es-ES\",\"publisher\":{\"@id\":\"https:\\\/\\\/eldigitaldeasturias.com\\\/magazine365\\\/#organization\"}}]}\n\t\t<\/script>\n\t\t<!-- All in One SEO Pro -->\r\n\t\t<title>M\u00e1s de 32.400 andaluces se beneficiar\u00e1n del programa de termalismo del Imserso en 2016 | El Digital de Asturias<\/title>\n\n","aioseo_head_json":{"title":"M\u00e1s de 32.400 andaluces se beneficiar\u00e1n del programa de termalismo del Imserso en 2016 | El Digital de Asturias","description":"Un total de 32.440 personas mayores y pensionistas con discapacidad residentes en Andaluc\u00eda podr\u00e1n beneficiarse el a\u00f1o que viene del Programa de Termalismo Social del Imserso cuyo objetivo es ofrecer tratamientos termales a precios asequibles, seg\u00fan una nota de la Asociaci\u00f3n Nacional de Balnearios (ANBA). El acuerdo para la contrataci\u00f3n de la reserva de plazas","canonical_url":"https:\/\/eldigitaldeasturias.com\/magazine365\/mas-de-32-400-andaluces-se-beneficiaran-del-programa-de-termalismo-del-imserso-en-2016\/","robots":"max-image-preview:large","keywords":"noticias y actualidad","webmasterTools":{"google-site-verification":"UA-38556648-1","miscellaneous":""},"schema":{"@context":"https:\/\/schema.org","@graph":[{"@type":"Article","@id":"https:\/\/eldigitaldeasturias.com\/magazine365\/mas-de-32-400-andaluces-se-beneficiaran-del-programa-de-termalismo-del-imserso-en-2016\/#article","name":"M\u00e1s de 32.400 andaluces se beneficiar\u00e1n del programa de termalismo del Imserso en 2016 | El Digital de Asturias","headline":"M\u00e1s de 32.400 andaluces se beneficiar\u00e1n del programa de termalismo del Imserso en 2016","author":{"@id":"https:\/\/eldigitaldeasturias.com\/magazine365\/author\/admin\/#author"},"publisher":{"@id":"https:\/\/eldigitaldeasturias.com\/magazine365\/#organization"},"image":{"@type":"ImageObject","url":"https:\/\/eldigitaldeasturias.com\/magazine365\/wp-content\/uploads\/2015\/12\/fotonoticia_20151218170325_800.jpg","width":800,"height":533},"datePublished":"2015-12-19T11:41:04+01:00","dateModified":"2015-12-19T11:41:04+01:00","inLanguage":"es-ES","mainEntityOfPage":{"@id":"https:\/\/eldigitaldeasturias.com\/magazine365\/mas-de-32-400-andaluces-se-beneficiaran-del-programa-de-termalismo-del-imserso-en-2016\/#webpage"},"isPartOf":{"@id":"https:\/\/eldigitaldeasturias.com\/magazine365\/mas-de-32-400-andaluces-se-beneficiaran-del-programa-de-termalismo-del-imserso-en-2016\/#webpage"},"articleSection":"Noticias y Actualidad"},{"@type":"BreadcrumbList","@id":"https:\/\/eldigitaldeasturias.com\/magazine365\/mas-de-32-400-andaluces-se-beneficiaran-del-programa-de-termalismo-del-imserso-en-2016\/#breadcrumblist","itemListElement":[{"@type":"ListItem","@id":"https:\/\/eldigitaldeasturias.com\/magazine365#listItem","position":1,"name":"Home","item":"https:\/\/eldigitaldeasturias.com\/magazine365","nextItem":{"@type":"ListItem","@id":"https:\/\/eldigitaldeasturias.com\/magazine365\/category\/noticias-actualidad\/#listItem","name":"Noticias y Actualidad"}},{"@type":"ListItem","@id":"https:\/\/eldigitaldeasturias.com\/magazine365\/category\/noticias-actualidad\/#listItem","position":2,"name":"Noticias y Actualidad","item":"https:\/\/eldigitaldeasturias.com\/magazine365\/category\/noticias-actualidad\/","nextItem":{"@type":"ListItem","@id":"https:\/\/eldigitaldeasturias.com\/magazine365\/mas-de-32-400-andaluces-se-beneficiaran-del-programa-de-termalismo-del-imserso-en-2016\/#listItem","name":"M\u00e1s de 32.400 andaluces se beneficiar\u00e1n del programa de termalismo del Imserso en 2016"},"previousItem":{"@type":"ListItem","@id":"https:\/\/eldigitaldeasturias.com\/magazine365#listItem","name":"Home"}},{"@type":"ListItem","@id":"https:\/\/eldigitaldeasturias.com\/magazine365\/mas-de-32-400-andaluces-se-beneficiaran-del-programa-de-termalismo-del-imserso-en-2016\/#listItem","position":3,"name":"M\u00e1s de 32.400 andaluces se beneficiar\u00e1n del programa de termalismo del Imserso en 2016","previousItem":{"@type":"ListItem","@id":"https:\/\/eldigitaldeasturias.com\/magazine365\/category\/noticias-actualidad\/#listItem","name":"Noticias y Actualidad"}}]},{"@type":"Organization","@id":"https:\/\/eldigitaldeasturias.com\/magazine365\/#organization","name":"El digital de Asturias","description":"Revista de ocio, turismo y estilo de vida","url":"https:\/\/eldigitaldeasturias.com\/magazine365\/","logo":{"@type":"ImageObject","url":"https:\/\/www.eldigitaldeasturias.com\/noticias\/wp-content\/uploads\/2020\/12\/EDA.jpg","@id":"https:\/\/eldigitaldeasturias.com\/magazine365\/mas-de-32-400-andaluces-se-beneficiaran-del-programa-de-termalismo-del-imserso-en-2016\/#organizationLogo"},"image":{"@id":"https:\/\/eldigitaldeasturias.com\/magazine365\/mas-de-32-400-andaluces-se-beneficiaran-del-programa-de-termalismo-del-imserso-en-2016\/#organizationLogo"}},{"@type":"Person","@id":"https:\/\/eldigitaldeasturias.com\/magazine365\/author\/admin\/#author","url":"https:\/\/eldigitaldeasturias.com\/magazine365\/author\/admin\/","name":"admin","image":{"@type":"ImageObject","@id":"https:\/\/eldigitaldeasturias.com\/magazine365\/mas-de-32-400-andaluces-se-beneficiaran-del-programa-de-termalismo-del-imserso-en-2016\/#authorImage","url":"https:\/\/eldigitaldeasturias.com\/magazine365\/wp-content\/litespeed\/avatar\/e571bcf59a0edd6fa6838245a470f2fe.jpg?ver=1777574230","width":96,"height":96,"caption":"admin"}},{"@type":"WebPage","@id":"https:\/\/eldigitaldeasturias.com\/magazine365\/mas-de-32-400-andaluces-se-beneficiaran-del-programa-de-termalismo-del-imserso-en-2016\/#webpage","url":"https:\/\/eldigitaldeasturias.com\/magazine365\/mas-de-32-400-andaluces-se-beneficiaran-del-programa-de-termalismo-del-imserso-en-2016\/","name":"M\u00e1s de 32.400 andaluces se beneficiar\u00e1n del programa de termalismo del Imserso en 2016 | El Digital de Asturias","description":"Un total de 32.440 personas mayores y pensionistas con discapacidad residentes en Andaluc\u00eda podr\u00e1n beneficiarse el a\u00f1o que viene del Programa de Termalismo Social del Imserso cuyo objetivo es ofrecer tratamientos termales a precios asequibles, seg\u00fan una nota de la Asociaci\u00f3n Nacional de Balnearios (ANBA). El acuerdo para la contrataci\u00f3n de la reserva de plazas","inLanguage":"es-ES","isPartOf":{"@id":"https:\/\/eldigitaldeasturias.com\/magazine365\/#website"},"breadcrumb":{"@id":"https:\/\/eldigitaldeasturias.com\/magazine365\/mas-de-32-400-andaluces-se-beneficiaran-del-programa-de-termalismo-del-imserso-en-2016\/#breadcrumblist"},"author":{"@id":"https:\/\/eldigitaldeasturias.com\/magazine365\/author\/admin\/#author"},"creator":{"@id":"https:\/\/eldigitaldeasturias.com\/magazine365\/author\/admin\/#author"},"image":{"@type":"ImageObject","url":"https:\/\/eldigitaldeasturias.com\/magazine365\/wp-content\/uploads\/2015\/12\/fotonoticia_20151218170325_800.jpg","@id":"https:\/\/eldigitaldeasturias.com\/magazine365\/mas-de-32-400-andaluces-se-beneficiaran-del-programa-de-termalismo-del-imserso-en-2016\/#mainImage","width":800,"height":533},"primaryImageOfPage":{"@id":"https:\/\/eldigitaldeasturias.com\/magazine365\/mas-de-32-400-andaluces-se-beneficiaran-del-programa-de-termalismo-del-imserso-en-2016\/#mainImage"},"datePublished":"2015-12-19T11:41:04+01:00","dateModified":"2015-12-19T11:41:04+01:00"},{"@type":"WebSite","@id":"https:\/\/eldigitaldeasturias.com\/magazine365\/#website","url":"https:\/\/eldigitaldeasturias.com\/magazine365\/","name":"El Digital de Asturias","description":"Revista de ocio, turismo y estilo de vida","inLanguage":"es-ES","publisher":{"@id":"https:\/\/eldigitaldeasturias.com\/magazine365\/#organization"}}]},"og:locale":"es_ES","og:site_name":"El Digital de Asturias \u2013 Revista de ocio, turismo y estilo de vida","og:type":"article","og:title":"M\u00e1s de 32.400 andaluces se beneficiar\u00e1n del programa de termalismo del Imserso en 2016 | El Digital de Asturias","og:description":"Un total de 32.440 personas mayores y pensionistas con discapacidad residentes en Andaluc\u00eda podr\u00e1n beneficiarse el a\u00f1o que viene del Programa de Termalismo Social del Imserso cuyo objetivo es ofrecer tratamientos termales a precios asequibles, seg\u00fan una nota de la Asociaci\u00f3n Nacional de Balnearios (ANBA). El acuerdo para la contrataci\u00f3n de la reserva de plazas","og:url":"https:\/\/eldigitaldeasturias.com\/magazine365\/mas-de-32-400-andaluces-se-beneficiaran-del-programa-de-termalismo-del-imserso-en-2016\/","og:image":"https:\/\/eldigitaldeasturias.com\/magazine365\/wp-content\/uploads\/2015\/12\/fotonoticia_20151218170325_800.jpg","og:image:secure_url":"https:\/\/eldigitaldeasturias.com\/magazine365\/wp-content\/uploads\/2015\/12\/fotonoticia_20151218170325_800.jpg","og:image:width":800,"og:image:height":533,"article:published_time":"2015-12-19T10:41:04+00:00","article:modified_time":"2015-12-19T10:41:04+00:00","twitter:card":"summary_large_image","twitter:title":"M\u00e1s de 32.400 andaluces se beneficiar\u00e1n del programa de termalismo del Imserso en 2016 | El Digital de Asturias","twitter:description":"Un total de 32.440 personas mayores y pensionistas con discapacidad residentes en Andaluc\u00eda podr\u00e1n beneficiarse el a\u00f1o que viene del Programa de Termalismo Social del Imserso cuyo objetivo es ofrecer tratamientos termales a precios asequibles, seg\u00fan una nota de la Asociaci\u00f3n Nacional de Balnearios (ANBA). El acuerdo para la contrataci\u00f3n de la reserva de plazas","twitter:image":"https:\/\/eldigitaldeasturias.com\/magazine365\/wp-content\/uploads\/2015\/12\/fotonoticia_20151218170325_800.jpg"},"aioseo_meta_data":{"post_id":"58977","title":null,"description":null,"keywords":null,"keyphrases":null,"primary_term":null,"canonical_url":null,"og_title":null,"og_description":null,"og_object_type":"default","og_image_type":"default","og_image_url":null,"og_image_width":null,"og_image_height":null,"og_image_custom_url":null,"og_image_custom_fields":null,"og_video":null,"og_custom_url":null,"og_article_section":null,"og_article_tags":null,"twitter_use_og":false,"twitter_card":"default","twitter_image_type":"default","twitter_image_url":null,"twitter_image_custom_url":null,"twitter_image_custom_fields":null,"twitter_title":null,"twitter_description":null,"schema":{"blockGraphs":[],"customGraphs":[],"default":{"data":{"Article":[],"Course":[],"Dataset":[],"FAQPage":[],"Movie":[],"Person":[],"Product":[],"ProductReview":[],"Car":[],"Recipe":[],"Service":[],"SoftwareApplication":[],"WebPage":[]},"graphName":"","isEnabled":true},"graphs":[],"defaultGraph":"","defaultPostTypeGraph":""},"schema_type":null,"schema_type_options":null,"pillar_content":false,"robots_default":true,"robots_noindex":false,"robots_noarchive":false,"robots_nosnippet":false,"robots_nofollow":false,"robots_noimageindex":false,"robots_noodp":false,"robots_notranslate":false,"robots_max_snippet":null,"robots_max_videopreview":null,"robots_max_imagepreview":"large","priority":null,"frequency":null,"location":null,"local_seo":null,"seo_analyzer_scan_date":"2025-09-25 04:01:05","breadcrumb_settings":null,"limit_modified_date":false,"open_ai":null,"ai":null,"created":"2021-03-08 22:22:54","updated":"2025-09-25 04:01:05"},"aioseo_breadcrumb":"<div class=\"aioseo-breadcrumbs\"><span class=\"aioseo-breadcrumb\">\n\t<a href=\"https:\/\/eldigitaldeasturias.com\/magazine365\" title=\"Home\">Home<\/a>\n<\/span><span class=\"aioseo-breadcrumb-separator\">\u2013<\/span><span class=\"aioseo-breadcrumb\">\n\t<a href=\"https:\/\/eldigitaldeasturias.com\/magazine365\/category\/noticias-actualidad\/\" title=\"Noticias y Actualidad\">Noticias y Actualidad<\/a>\n<\/span><span class=\"aioseo-breadcrumb-separator\">\u2013<\/span><span class=\"aioseo-breadcrumb\">\n\t<a href=\"https:\/\/eldigitaldeasturias.com\/magazine365\/mas-de-32-400-andaluces-se-beneficiaran-del-programa-de-termalismo-del-imserso-en-2016\/\" title=\"M\u00e1s de 32.400 andaluces se beneficiar\u00e1n del programa de termalismo del Imserso en 2016\">M\u00e1s de 32.400 andaluces se beneficiar\u00e1n del programa de termalismo del Imserso en 2016<\/a>\n<\/span><\/div>","aioseo_breadcrumb_json":[{"label":"Home","link":"https:\/\/eldigitaldeasturias.com\/magazine365"},{"label":"Noticias y Actualidad","link":"https:\/\/eldigitaldeasturias.com\/magazine365\/category\/noticias-actualidad\/"},{"label":"M\u00e1s de 32.400 andaluces se beneficiar\u00e1n del programa de termalismo del Imserso en 2016","link":"https:\/\/eldigitaldeasturias.com\/magazine365\/mas-de-32-400-andaluces-se-beneficiaran-del-programa-de-termalismo-del-imserso-en-2016\/"}],"_links":{"self":[{"href":"https:\/\/eldigitaldeasturias.com\/magazine365\/wp-json\/wp\/v2\/posts\/58977","targetHints":{"allow":["GET"]}}],"collection":[{"href":"https:\/\/eldigitaldeasturias.com\/magazine365\/wp-json\/wp\/v2\/posts"}],"about":[{"href":"https:\/\/eldigitaldeasturias.com\/magazine365\/wp-json\/wp\/v2\/types\/post"}],"author":[{"embeddable":true,"href":"https:\/\/eldigitaldeasturias.com\/magazine365\/wp-json\/wp\/v2\/users\/1"}],"replies":[{"embeddable":true,"href":"https:\/\/eldigitaldeasturias.com\/magazine365\/wp-json\/wp\/v2\/comments?post=58977"}],"version-history":[{"count":0,"href":"https:\/\/eldigitaldeasturias.com\/magazine365\/wp-json\/wp\/v2\/posts\/58977\/revisions"}],"wp:featuredmedia":[{"embeddable":true,"href":"https:\/\/eldigitaldeasturias.com\/magazine365\/wp-json\/wp\/v2\/media\/58978"}],"wp:attachment":[{"href":"https:\/\/eldigitaldeasturias.com\/magazine365\/wp-json\/wp\/v2\/media?parent=58977"}],"wp:term":[{"taxonomy":"category","embeddable":true,"href":"https:\/\/eldigitaldeasturias.com\/magazine365\/wp-json\/wp\/v2\/categories?post=58977"},{"taxonomy":"post_tag","embeddable":true,"href":"https:\/\/eldigitaldeasturias.com\/magazine365\/wp-json\/wp\/v2\/tags?post=58977"}],"curies":[{"name":"wp","href":"https:\/\/api.w.org\/{rel}","templated":true}]}}