{"id":58974,"date":"2015-12-19T11:40:11","date_gmt":"2015-12-19T10:40:11","guid":{"rendered":"http:\/\/eldigitaldeasturias.com\/magazine365\/?p=58974"},"modified":"2015-12-19T11:40:11","modified_gmt":"2015-12-19T10:40:11","slug":"fernandez-apela-a-la-complicidad-de-agentes-socioeconomicos-para-la-planificacion-turistica-de-la-junta-de-andalucia","status":"publish","type":"post","link":"https:\/\/eldigitaldeasturias.com\/magazine365\/fernandez-apela-a-la-complicidad-de-agentes-socioeconomicos-para-la-planificacion-turistica-de-la-junta-de-andalucia\/","title":{"rendered":"Fern\u00e1ndez apela a la complicidad de agentes socioecon\u00f3micos para la planificaci\u00f3n tur\u00edstica de la Junta de Andaluc\u00eda"},"content":{"rendered":"<p><img fetchpriority=\"high\" decoding=\"async\" class=\"alignleft size-medium wp-image-58975\" src=\"https:\/\/eldigitaldeasturias.com\/magazine365\/wp-content\/uploads\/2015\/12\/fotonoticia_20151218170132_800-360x239.jpg\" alt=\"fotonoticia_20151218170132_800\" width=\"360\" height=\"239\" srcset=\"https:\/\/eldigitaldeasturias.com\/magazine365\/wp-content\/uploads\/2015\/12\/fotonoticia_20151218170132_800-360x239.jpg 360w, https:\/\/eldigitaldeasturias.com\/magazine365\/wp-content\/uploads\/2015\/12\/fotonoticia_20151218170132_800-650x432.jpg 650w, https:\/\/eldigitaldeasturias.com\/magazine365\/wp-content\/uploads\/2015\/12\/fotonoticia_20151218170132_800-768x511.jpg 768w, https:\/\/eldigitaldeasturias.com\/magazine365\/wp-content\/uploads\/2015\/12\/fotonoticia_20151218170132_800-150x100.jpg 150w, https:\/\/eldigitaldeasturias.com\/magazine365\/wp-content\/uploads\/2015\/12\/fotonoticia_20151218170132_800-450x299.jpg 450w, https:\/\/eldigitaldeasturias.com\/magazine365\/wp-content\/uploads\/2015\/12\/fotonoticia_20151218170132_800-696x463.jpg 696w, https:\/\/eldigitaldeasturias.com\/magazine365\/wp-content\/uploads\/2015\/12\/fotonoticia_20151218170132_800-632x420.jpg 632w, https:\/\/eldigitaldeasturias.com\/magazine365\/wp-content\/uploads\/2015\/12\/fotonoticia_20151218170132_800-84x55.jpg 84w, https:\/\/eldigitaldeasturias.com\/magazine365\/wp-content\/uploads\/2015\/12\/fotonoticia_20151218170132_800.jpg 800w\" sizes=\"(max-width: 360px) 100vw, 360px\" \/>El consejero de Turismo y Deporte, Francisco Javier Fern\u00e1ndez, ha apelado este viernes a la complicidad de los agentes socioecon\u00f3micos y del sector tur\u00edstico para el dise\u00f1o de la planificaci\u00f3n tur\u00edstica de la Junta.<\/p>\n<p>Fern\u00e1ndez ha destacado su voluntad de que las nuevas l\u00edneas estrat\u00e9gicas de la consejer\u00eda cuenten con \u00abel m\u00e1ximo consenso\u00bb, la participaci\u00f3n y las aportaciones de estos agentes y ha asegurado que esta contribuci\u00f3n es una de las claves para continuar cosechando en 2016 \u00abresultados tan positivos\u00bb como los que est\u00e1 registrando el destino Andaluc\u00eda en 2015.<\/p>\n<p>As\u00ed lo ha se\u00f1alado el consejero, quien presidi\u00f3 en Sevilla el Consejo Andaluz de Turismo, \u00f3rgano asesor de la Junta en la materia, que integran tambi\u00e9n los sindicatos UGT y CCOO y la Confederaci\u00f3n de Empresarios de Andaluc\u00eda (CEA), con el fin de analizar los resultados y perspectivas del destino con vistas al cierre de ejercicio y la aprobaci\u00f3n de distintas iniciativas estrat\u00e9gicas de futuro.<\/p>\n<p>El consejero ha presentado ante el Consejo los presupuestos de su departamento para el pr\u00f3ximo ejercicio, as\u00ed como el borrador del nuevo Plan de Acci\u00f3n 2016, \u00abuna herramienta crucial en materia de promoci\u00f3n de la industria tur\u00edstica andaluza que determinar\u00e1 la hoja de ruta con la que trataremos de atraer m\u00e1s viajeros, m\u00e1s riqueza y m\u00e1s empleo de calidad a lo largo de todo el a\u00f1o en el territorio andaluz\u00bb, seg\u00fan ha se\u00f1alado.<\/p>\n<p>Este plan, coordinado con los Patronatos Provinciales de Turismo, determina todas las acciones promocionales previstas durante el a\u00f1o 2016 con el objetivo de promocionar Andaluc\u00eda como destino tur\u00edstico, dando a conocer la oferta tur\u00edstica de segmentos, productos, recursos y territorios.<\/p>\n<p>NUEVOS INTEGRANTES DEL CONSEJO<\/p>\n<p>El Consejo Andaluz de Turismo es el \u00f3rgano de participaci\u00f3n e interlocuci\u00f3n de la Junta en materia de turismo. En la reuni\u00f3n de esta ma\u00f1ana tambi\u00e9n han estado presentes, entre otros, el viceconsejero de Turismo y Deporte, Diego Ramos; la secretaria general para el Turismo, Susana Ib\u00e1\u00f1ez; la directora general de Calidad, Innovaci\u00f3n y Fomento del Turismo, Carmen Arjona; los delegados territoriales, as\u00ed como representantes de la CEA, de los sindicatos y de las asociaciones de consumidores y ecologistas.<\/p>\n<p>En su sesi\u00f3n de este viernes, se han incorporado adem\u00e1s dos nuevos miembros en calidad de expertos para aportar su visi\u00f3n al Consejo. Se trata de Carlos Rosado, presidente de Andaluc\u00eda Film Commission, y Leonardo S\u00e1nchez Mesa, catedr\u00e1tico de la Universidad de Granada.<\/p>\n<p>CCOO-A<\/p>\n<p>Por su parte, el secretario general de la Federaci\u00f3n de Comercio, Hosteler\u00eda y Turismo CCOO-A, Gonzalo Fuentes, ha llamado la atenci\u00f3n sobre dos problemas que el turismo andaluz a\u00fan carga: la alta estacionalidad y el empleo precario.<\/p>\n<p>En cuanto al nivel de estacionalidad, Fuentes ha se\u00f1alado que el objetivo es llegar al 15 por ciento de hoteles que cierran en la temporada de invierno para 2020 frente al 38 por ciento que lo hacen en la actualidad.<\/p>\n<p>Respecto a la calidad del empleo, el sindicato apunta que los datos de turismo \u00abno se corresponde con el empleo, que crece menos que el resto de indicadores tur\u00edsticos\u00bb. Adem\u00e1s, Fuentes ha detallado que \u00abel empleo que sea crea es temporal, incluso en algunos casos fraudulentos, y se abusa de becarios\u00bb.<\/p>\n<p>\u00abSi queremos calidad en el servicio, el empleo debe ser de calidad y debe profundizarse en la formaci\u00f3n\u00bb, ha subrayado con vistas a \u00abtener un futuro y no mirar a corto plazo\u00bb.<\/p>\n<p>Adem\u00e1s, sobre el plan de estrat\u00e9gico de la Consejer\u00eda ha servido ya que \u00abAndaluc\u00eda crece m\u00e1s en turismo que en el conjunto del Estado\u00bb, pero \u00abse acaba y hay que negociar otro hasta 2020\u00bb.<\/p>\n","protected":false},"excerpt":{"rendered":"<p>El consejero de Turismo y Deporte, Francisco Javier Fern\u00e1ndez, ha apelado este viernes a la complicidad de los agentes socioecon\u00f3micos y del sector tur\u00edstico para el dise\u00f1o de la planificaci\u00f3n tur\u00edstica de la Junta. Fern\u00e1ndez ha destacado su voluntad de que las nuevas l\u00edneas estrat\u00e9gicas de la consejer\u00eda cuenten con \u00abel m\u00e1ximo consenso\u00bb, la participaci\u00f3n<\/p>\n","protected":false},"author":1,"featured_media":58975,"comment_status":"open","ping_status":"closed","sticky":false,"template":"","format":"standard","meta":{"footnotes":""},"categories":[224],"tags":[],"class_list":{"0":"post-58974","1":"post","2":"type-post","3":"status-publish","4":"format-standard","5":"has-post-thumbnail","7":"category-noticias-actualidad"},"aioseo_notices":[],"aioseo_head":"\n\t\t<!-- All in One SEO Pro 4.9.6.1 - aioseo.com -->\n\t<meta name=\"description\" content=\"El consejero de Turismo y Deporte, Francisco Javier Fern\u00e1ndez, ha apelado este viernes a la complicidad de los agentes socioecon\u00f3micos y del sector tur\u00edstico para el dise\u00f1o de la planificaci\u00f3n tur\u00edstica de la Junta. Fern\u00e1ndez ha destacado su voluntad de que las nuevas l\u00edneas estrat\u00e9gicas de la consejer\u00eda cuenten con &quot;el m\u00e1ximo consenso&quot;, la participaci\u00f3n\" \/>\n\t<meta name=\"robots\" content=\"max-image-preview:large\" \/>\n\t<meta name=\"author\" content=\"admin\"\/>\n\t<meta name=\"google-site-verification\" content=\"UA-38556648-1\" \/>\n\t<meta name=\"keywords\" content=\"noticias y actualidad\" \/>\n\t<link rel=\"canonical\" href=\"https:\/\/eldigitaldeasturias.com\/magazine365\/fernandez-apela-a-la-complicidad-de-agentes-socioeconomicos-para-la-planificacion-turistica-de-la-junta-de-andalucia\/\" \/>\n\t<meta name=\"generator\" content=\"All in One SEO Pro (AIOSEO) 4.9.6.1\" \/>\n\t\t<meta property=\"og:locale\" content=\"es_ES\" \/>\n\t\t<meta property=\"og:site_name\" content=\"El Digital de Asturias \u2013 Revista de ocio, turismo y estilo de vida\" \/>\n\t\t<meta property=\"og:type\" content=\"article\" \/>\n\t\t<meta property=\"og:title\" content=\"Fern\u00e1ndez apela a la complicidad de agentes socioecon\u00f3micos para la planificaci\u00f3n tur\u00edstica de la Junta de Andaluc\u00eda | El Digital de Asturias\" \/>\n\t\t<meta property=\"og:description\" content=\"El consejero de Turismo y Deporte, Francisco Javier Fern\u00e1ndez, ha apelado este viernes a la complicidad de los agentes socioecon\u00f3micos y del sector tur\u00edstico para el dise\u00f1o de la planificaci\u00f3n tur\u00edstica de la Junta. Fern\u00e1ndez ha destacado su voluntad de que las nuevas l\u00edneas estrat\u00e9gicas de la consejer\u00eda cuenten con &quot;el m\u00e1ximo consenso&quot;, la participaci\u00f3n\" \/>\n\t\t<meta property=\"og:url\" content=\"https:\/\/eldigitaldeasturias.com\/magazine365\/fernandez-apela-a-la-complicidad-de-agentes-socioeconomicos-para-la-planificacion-turistica-de-la-junta-de-andalucia\/\" \/>\n\t\t<meta property=\"og:image\" content=\"https:\/\/eldigitaldeasturias.com\/magazine365\/wp-content\/uploads\/2015\/12\/fotonoticia_20151218170132_800.jpg\" \/>\n\t\t<meta property=\"og:image:secure_url\" content=\"https:\/\/eldigitaldeasturias.com\/magazine365\/wp-content\/uploads\/2015\/12\/fotonoticia_20151218170132_800.jpg\" \/>\n\t\t<meta property=\"og:image:width\" content=\"800\" \/>\n\t\t<meta property=\"og:image:height\" content=\"532\" \/>\n\t\t<meta property=\"article:published_time\" content=\"2015-12-19T10:40:11+00:00\" \/>\n\t\t<meta property=\"article:modified_time\" content=\"2015-12-19T10:40:11+00:00\" \/>\n\t\t<meta name=\"twitter:card\" content=\"summary_large_image\" \/>\n\t\t<meta name=\"twitter:title\" content=\"Fern\u00e1ndez apela a la complicidad de agentes socioecon\u00f3micos para la planificaci\u00f3n tur\u00edstica de la Junta de Andaluc\u00eda | El Digital de Asturias\" \/>\n\t\t<meta name=\"twitter:description\" content=\"El consejero de Turismo y Deporte, Francisco Javier Fern\u00e1ndez, ha apelado este viernes a la complicidad de los agentes socioecon\u00f3micos y del sector tur\u00edstico para el dise\u00f1o de la planificaci\u00f3n tur\u00edstica de la Junta. Fern\u00e1ndez ha destacado su voluntad de que las nuevas l\u00edneas estrat\u00e9gicas de la consejer\u00eda cuenten con &quot;el m\u00e1ximo consenso&quot;, la participaci\u00f3n\" \/>\n\t\t<meta name=\"twitter:image\" content=\"https:\/\/eldigitaldeasturias.com\/magazine365\/wp-content\/uploads\/2015\/12\/fotonoticia_20151218170132_800.jpg\" \/>\n\t\t<script type=\"application\/ld+json\" class=\"aioseo-schema\">\n\t\t\t{\"@context\":\"https:\\\/\\\/schema.org\",\"@graph\":[{\"@type\":\"Article\",\"@id\":\"https:\\\/\\\/eldigitaldeasturias.com\\\/magazine365\\\/fernandez-apela-a-la-complicidad-de-agentes-socioeconomicos-para-la-planificacion-turistica-de-la-junta-de-andalucia\\\/#article\",\"name\":\"Fern\\u00e1ndez apela a la complicidad de agentes socioecon\\u00f3micos para la planificaci\\u00f3n tur\\u00edstica de la Junta de Andaluc\\u00eda | El Digital de Asturias\",\"headline\":\"Fern\\u00e1ndez apela a la complicidad de agentes socioecon\\u00f3micos para la planificaci\\u00f3n tur\\u00edstica de la Junta de Andaluc\\u00eda\",\"author\":{\"@id\":\"https:\\\/\\\/eldigitaldeasturias.com\\\/magazine365\\\/author\\\/admin\\\/#author\"},\"publisher\":{\"@id\":\"https:\\\/\\\/eldigitaldeasturias.com\\\/magazine365\\\/#organization\"},\"image\":{\"@type\":\"ImageObject\",\"url\":\"https:\\\/\\\/eldigitaldeasturias.com\\\/magazine365\\\/wp-content\\\/uploads\\\/2015\\\/12\\\/fotonoticia_20151218170132_800.jpg\",\"width\":800,\"height\":532},\"datePublished\":\"2015-12-19T11:40:11+01:00\",\"dateModified\":\"2015-12-19T11:40:11+01:00\",\"inLanguage\":\"es-ES\",\"mainEntityOfPage\":{\"@id\":\"https:\\\/\\\/eldigitaldeasturias.com\\\/magazine365\\\/fernandez-apela-a-la-complicidad-de-agentes-socioeconomicos-para-la-planificacion-turistica-de-la-junta-de-andalucia\\\/#webpage\"},\"isPartOf\":{\"@id\":\"https:\\\/\\\/eldigitaldeasturias.com\\\/magazine365\\\/fernandez-apela-a-la-complicidad-de-agentes-socioeconomicos-para-la-planificacion-turistica-de-la-junta-de-andalucia\\\/#webpage\"},\"articleSection\":\"Noticias y Actualidad\"},{\"@type\":\"BreadcrumbList\",\"@id\":\"https:\\\/\\\/eldigitaldeasturias.com\\\/magazine365\\\/fernandez-apela-a-la-complicidad-de-agentes-socioeconomicos-para-la-planificacion-turistica-de-la-junta-de-andalucia\\\/#breadcrumblist\",\"itemListElement\":[{\"@type\":\"ListItem\",\"@id\":\"https:\\\/\\\/eldigitaldeasturias.com\\\/magazine365#listItem\",\"position\":1,\"name\":\"Home\",\"item\":\"https:\\\/\\\/eldigitaldeasturias.com\\\/magazine365\",\"nextItem\":{\"@type\":\"ListItem\",\"@id\":\"https:\\\/\\\/eldigitaldeasturias.com\\\/magazine365\\\/category\\\/noticias-actualidad\\\/#listItem\",\"name\":\"Noticias y Actualidad\"}},{\"@type\":\"ListItem\",\"@id\":\"https:\\\/\\\/eldigitaldeasturias.com\\\/magazine365\\\/category\\\/noticias-actualidad\\\/#listItem\",\"position\":2,\"name\":\"Noticias y Actualidad\",\"item\":\"https:\\\/\\\/eldigitaldeasturias.com\\\/magazine365\\\/category\\\/noticias-actualidad\\\/\",\"nextItem\":{\"@type\":\"ListItem\",\"@id\":\"https:\\\/\\\/eldigitaldeasturias.com\\\/magazine365\\\/fernandez-apela-a-la-complicidad-de-agentes-socioeconomicos-para-la-planificacion-turistica-de-la-junta-de-andalucia\\\/#listItem\",\"name\":\"Fern\\u00e1ndez apela a la complicidad de agentes socioecon\\u00f3micos para la planificaci\\u00f3n tur\\u00edstica de la Junta de Andaluc\\u00eda\"},\"previousItem\":{\"@type\":\"ListItem\",\"@id\":\"https:\\\/\\\/eldigitaldeasturias.com\\\/magazine365#listItem\",\"name\":\"Home\"}},{\"@type\":\"ListItem\",\"@id\":\"https:\\\/\\\/eldigitaldeasturias.com\\\/magazine365\\\/fernandez-apela-a-la-complicidad-de-agentes-socioeconomicos-para-la-planificacion-turistica-de-la-junta-de-andalucia\\\/#listItem\",\"position\":3,\"name\":\"Fern\\u00e1ndez apela a la complicidad de agentes socioecon\\u00f3micos para la planificaci\\u00f3n tur\\u00edstica de la Junta de Andaluc\\u00eda\",\"previousItem\":{\"@type\":\"ListItem\",\"@id\":\"https:\\\/\\\/eldigitaldeasturias.com\\\/magazine365\\\/category\\\/noticias-actualidad\\\/#listItem\",\"name\":\"Noticias y Actualidad\"}}]},{\"@type\":\"Organization\",\"@id\":\"https:\\\/\\\/eldigitaldeasturias.com\\\/magazine365\\\/#organization\",\"name\":\"El digital de Asturias\",\"description\":\"Revista de ocio, turismo y estilo de vida\",\"url\":\"https:\\\/\\\/eldigitaldeasturias.com\\\/magazine365\\\/\",\"logo\":{\"@type\":\"ImageObject\",\"url\":\"https:\\\/\\\/www.eldigitaldeasturias.com\\\/noticias\\\/wp-content\\\/uploads\\\/2020\\\/12\\\/EDA.jpg\",\"@id\":\"https:\\\/\\\/eldigitaldeasturias.com\\\/magazine365\\\/fernandez-apela-a-la-complicidad-de-agentes-socioeconomicos-para-la-planificacion-turistica-de-la-junta-de-andalucia\\\/#organizationLogo\"},\"image\":{\"@id\":\"https:\\\/\\\/eldigitaldeasturias.com\\\/magazine365\\\/fernandez-apela-a-la-complicidad-de-agentes-socioeconomicos-para-la-planificacion-turistica-de-la-junta-de-andalucia\\\/#organizationLogo\"}},{\"@type\":\"Person\",\"@id\":\"https:\\\/\\\/eldigitaldeasturias.com\\\/magazine365\\\/author\\\/admin\\\/#author\",\"url\":\"https:\\\/\\\/eldigitaldeasturias.com\\\/magazine365\\\/author\\\/admin\\\/\",\"name\":\"admin\",\"image\":{\"@type\":\"ImageObject\",\"@id\":\"https:\\\/\\\/eldigitaldeasturias.com\\\/magazine365\\\/fernandez-apela-a-la-complicidad-de-agentes-socioeconomicos-para-la-planificacion-turistica-de-la-junta-de-andalucia\\\/#authorImage\",\"url\":\"https:\\\/\\\/eldigitaldeasturias.com\\\/magazine365\\\/wp-content\\\/litespeed\\\/avatar\\\/e571bcf59a0edd6fa6838245a470f2fe.jpg?ver=1777574230\",\"width\":96,\"height\":96,\"caption\":\"admin\"}},{\"@type\":\"WebPage\",\"@id\":\"https:\\\/\\\/eldigitaldeasturias.com\\\/magazine365\\\/fernandez-apela-a-la-complicidad-de-agentes-socioeconomicos-para-la-planificacion-turistica-de-la-junta-de-andalucia\\\/#webpage\",\"url\":\"https:\\\/\\\/eldigitaldeasturias.com\\\/magazine365\\\/fernandez-apela-a-la-complicidad-de-agentes-socioeconomicos-para-la-planificacion-turistica-de-la-junta-de-andalucia\\\/\",\"name\":\"Fern\\u00e1ndez apela a la complicidad de agentes socioecon\\u00f3micos para la planificaci\\u00f3n tur\\u00edstica de la Junta de Andaluc\\u00eda | El Digital de Asturias\",\"description\":\"El consejero de Turismo y Deporte, Francisco Javier Fern\\u00e1ndez, ha apelado este viernes a la complicidad de los agentes socioecon\\u00f3micos y del sector tur\\u00edstico para el dise\\u00f1o de la planificaci\\u00f3n tur\\u00edstica de la Junta. Fern\\u00e1ndez ha destacado su voluntad de que las nuevas l\\u00edneas estrat\\u00e9gicas de la consejer\\u00eda cuenten con \\\"el m\\u00e1ximo consenso\\\", la participaci\\u00f3n\",\"inLanguage\":\"es-ES\",\"isPartOf\":{\"@id\":\"https:\\\/\\\/eldigitaldeasturias.com\\\/magazine365\\\/#website\"},\"breadcrumb\":{\"@id\":\"https:\\\/\\\/eldigitaldeasturias.com\\\/magazine365\\\/fernandez-apela-a-la-complicidad-de-agentes-socioeconomicos-para-la-planificacion-turistica-de-la-junta-de-andalucia\\\/#breadcrumblist\"},\"author\":{\"@id\":\"https:\\\/\\\/eldigitaldeasturias.com\\\/magazine365\\\/author\\\/admin\\\/#author\"},\"creator\":{\"@id\":\"https:\\\/\\\/eldigitaldeasturias.com\\\/magazine365\\\/author\\\/admin\\\/#author\"},\"image\":{\"@type\":\"ImageObject\",\"url\":\"https:\\\/\\\/eldigitaldeasturias.com\\\/magazine365\\\/wp-content\\\/uploads\\\/2015\\\/12\\\/fotonoticia_20151218170132_800.jpg\",\"@id\":\"https:\\\/\\\/eldigitaldeasturias.com\\\/magazine365\\\/fernandez-apela-a-la-complicidad-de-agentes-socioeconomicos-para-la-planificacion-turistica-de-la-junta-de-andalucia\\\/#mainImage\",\"width\":800,\"height\":532},\"primaryImageOfPage\":{\"@id\":\"https:\\\/\\\/eldigitaldeasturias.com\\\/magazine365\\\/fernandez-apela-a-la-complicidad-de-agentes-socioeconomicos-para-la-planificacion-turistica-de-la-junta-de-andalucia\\\/#mainImage\"},\"datePublished\":\"2015-12-19T11:40:11+01:00\",\"dateModified\":\"2015-12-19T11:40:11+01:00\"},{\"@type\":\"WebSite\",\"@id\":\"https:\\\/\\\/eldigitaldeasturias.com\\\/magazine365\\\/#website\",\"url\":\"https:\\\/\\\/eldigitaldeasturias.com\\\/magazine365\\\/\",\"name\":\"El Digital de Asturias\",\"description\":\"Revista de ocio, turismo y estilo de vida\",\"inLanguage\":\"es-ES\",\"publisher\":{\"@id\":\"https:\\\/\\\/eldigitaldeasturias.com\\\/magazine365\\\/#organization\"}}]}\n\t\t<\/script>\n\t\t<!-- All in One SEO Pro -->\r\n\t\t<title>Fern\u00e1ndez apela a la complicidad de agentes socioecon\u00f3micos para la planificaci\u00f3n tur\u00edstica de la Junta de Andaluc\u00eda | El Digital de Asturias<\/title>\n\n","aioseo_head_json":{"title":"Fern\u00e1ndez apela a la complicidad de agentes socioecon\u00f3micos para la planificaci\u00f3n tur\u00edstica de la Junta de Andaluc\u00eda | El Digital de Asturias","description":"El consejero de Turismo y Deporte, Francisco Javier Fern\u00e1ndez, ha apelado este viernes a la complicidad de los agentes socioecon\u00f3micos y del sector tur\u00edstico para el dise\u00f1o de la planificaci\u00f3n tur\u00edstica de la Junta. Fern\u00e1ndez ha destacado su voluntad de que las nuevas l\u00edneas estrat\u00e9gicas de la consejer\u00eda cuenten con \"el m\u00e1ximo consenso\", la participaci\u00f3n","canonical_url":"https:\/\/eldigitaldeasturias.com\/magazine365\/fernandez-apela-a-la-complicidad-de-agentes-socioeconomicos-para-la-planificacion-turistica-de-la-junta-de-andalucia\/","robots":"max-image-preview:large","keywords":"noticias y actualidad","webmasterTools":{"google-site-verification":"UA-38556648-1","miscellaneous":""},"schema":{"@context":"https:\/\/schema.org","@graph":[{"@type":"Article","@id":"https:\/\/eldigitaldeasturias.com\/magazine365\/fernandez-apela-a-la-complicidad-de-agentes-socioeconomicos-para-la-planificacion-turistica-de-la-junta-de-andalucia\/#article","name":"Fern\u00e1ndez apela a la complicidad de agentes socioecon\u00f3micos para la planificaci\u00f3n tur\u00edstica de la Junta de Andaluc\u00eda | El Digital de Asturias","headline":"Fern\u00e1ndez apela a la complicidad de agentes socioecon\u00f3micos para la planificaci\u00f3n tur\u00edstica de la Junta de Andaluc\u00eda","author":{"@id":"https:\/\/eldigitaldeasturias.com\/magazine365\/author\/admin\/#author"},"publisher":{"@id":"https:\/\/eldigitaldeasturias.com\/magazine365\/#organization"},"image":{"@type":"ImageObject","url":"https:\/\/eldigitaldeasturias.com\/magazine365\/wp-content\/uploads\/2015\/12\/fotonoticia_20151218170132_800.jpg","width":800,"height":532},"datePublished":"2015-12-19T11:40:11+01:00","dateModified":"2015-12-19T11:40:11+01:00","inLanguage":"es-ES","mainEntityOfPage":{"@id":"https:\/\/eldigitaldeasturias.com\/magazine365\/fernandez-apela-a-la-complicidad-de-agentes-socioeconomicos-para-la-planificacion-turistica-de-la-junta-de-andalucia\/#webpage"},"isPartOf":{"@id":"https:\/\/eldigitaldeasturias.com\/magazine365\/fernandez-apela-a-la-complicidad-de-agentes-socioeconomicos-para-la-planificacion-turistica-de-la-junta-de-andalucia\/#webpage"},"articleSection":"Noticias y Actualidad"},{"@type":"BreadcrumbList","@id":"https:\/\/eldigitaldeasturias.com\/magazine365\/fernandez-apela-a-la-complicidad-de-agentes-socioeconomicos-para-la-planificacion-turistica-de-la-junta-de-andalucia\/#breadcrumblist","itemListElement":[{"@type":"ListItem","@id":"https:\/\/eldigitaldeasturias.com\/magazine365#listItem","position":1,"name":"Home","item":"https:\/\/eldigitaldeasturias.com\/magazine365","nextItem":{"@type":"ListItem","@id":"https:\/\/eldigitaldeasturias.com\/magazine365\/category\/noticias-actualidad\/#listItem","name":"Noticias y Actualidad"}},{"@type":"ListItem","@id":"https:\/\/eldigitaldeasturias.com\/magazine365\/category\/noticias-actualidad\/#listItem","position":2,"name":"Noticias y Actualidad","item":"https:\/\/eldigitaldeasturias.com\/magazine365\/category\/noticias-actualidad\/","nextItem":{"@type":"ListItem","@id":"https:\/\/eldigitaldeasturias.com\/magazine365\/fernandez-apela-a-la-complicidad-de-agentes-socioeconomicos-para-la-planificacion-turistica-de-la-junta-de-andalucia\/#listItem","name":"Fern\u00e1ndez apela a la complicidad de agentes socioecon\u00f3micos para la planificaci\u00f3n tur\u00edstica de la Junta de Andaluc\u00eda"},"previousItem":{"@type":"ListItem","@id":"https:\/\/eldigitaldeasturias.com\/magazine365#listItem","name":"Home"}},{"@type":"ListItem","@id":"https:\/\/eldigitaldeasturias.com\/magazine365\/fernandez-apela-a-la-complicidad-de-agentes-socioeconomicos-para-la-planificacion-turistica-de-la-junta-de-andalucia\/#listItem","position":3,"name":"Fern\u00e1ndez apela a la complicidad de agentes socioecon\u00f3micos para la planificaci\u00f3n tur\u00edstica de la Junta de Andaluc\u00eda","previousItem":{"@type":"ListItem","@id":"https:\/\/eldigitaldeasturias.com\/magazine365\/category\/noticias-actualidad\/#listItem","name":"Noticias y Actualidad"}}]},{"@type":"Organization","@id":"https:\/\/eldigitaldeasturias.com\/magazine365\/#organization","name":"El digital de Asturias","description":"Revista de ocio, turismo y estilo de vida","url":"https:\/\/eldigitaldeasturias.com\/magazine365\/","logo":{"@type":"ImageObject","url":"https:\/\/www.eldigitaldeasturias.com\/noticias\/wp-content\/uploads\/2020\/12\/EDA.jpg","@id":"https:\/\/eldigitaldeasturias.com\/magazine365\/fernandez-apela-a-la-complicidad-de-agentes-socioeconomicos-para-la-planificacion-turistica-de-la-junta-de-andalucia\/#organizationLogo"},"image":{"@id":"https:\/\/eldigitaldeasturias.com\/magazine365\/fernandez-apela-a-la-complicidad-de-agentes-socioeconomicos-para-la-planificacion-turistica-de-la-junta-de-andalucia\/#organizationLogo"}},{"@type":"Person","@id":"https:\/\/eldigitaldeasturias.com\/magazine365\/author\/admin\/#author","url":"https:\/\/eldigitaldeasturias.com\/magazine365\/author\/admin\/","name":"admin","image":{"@type":"ImageObject","@id":"https:\/\/eldigitaldeasturias.com\/magazine365\/fernandez-apela-a-la-complicidad-de-agentes-socioeconomicos-para-la-planificacion-turistica-de-la-junta-de-andalucia\/#authorImage","url":"https:\/\/eldigitaldeasturias.com\/magazine365\/wp-content\/litespeed\/avatar\/e571bcf59a0edd6fa6838245a470f2fe.jpg?ver=1777574230","width":96,"height":96,"caption":"admin"}},{"@type":"WebPage","@id":"https:\/\/eldigitaldeasturias.com\/magazine365\/fernandez-apela-a-la-complicidad-de-agentes-socioeconomicos-para-la-planificacion-turistica-de-la-junta-de-andalucia\/#webpage","url":"https:\/\/eldigitaldeasturias.com\/magazine365\/fernandez-apela-a-la-complicidad-de-agentes-socioeconomicos-para-la-planificacion-turistica-de-la-junta-de-andalucia\/","name":"Fern\u00e1ndez apela a la complicidad de agentes socioecon\u00f3micos para la planificaci\u00f3n tur\u00edstica de la Junta de Andaluc\u00eda | El Digital de Asturias","description":"El consejero de Turismo y Deporte, Francisco Javier Fern\u00e1ndez, ha apelado este viernes a la complicidad de los agentes socioecon\u00f3micos y del sector tur\u00edstico para el dise\u00f1o de la planificaci\u00f3n tur\u00edstica de la Junta. Fern\u00e1ndez ha destacado su voluntad de que las nuevas l\u00edneas estrat\u00e9gicas de la consejer\u00eda cuenten con \"el m\u00e1ximo consenso\", la participaci\u00f3n","inLanguage":"es-ES","isPartOf":{"@id":"https:\/\/eldigitaldeasturias.com\/magazine365\/#website"},"breadcrumb":{"@id":"https:\/\/eldigitaldeasturias.com\/magazine365\/fernandez-apela-a-la-complicidad-de-agentes-socioeconomicos-para-la-planificacion-turistica-de-la-junta-de-andalucia\/#breadcrumblist"},"author":{"@id":"https:\/\/eldigitaldeasturias.com\/magazine365\/author\/admin\/#author"},"creator":{"@id":"https:\/\/eldigitaldeasturias.com\/magazine365\/author\/admin\/#author"},"image":{"@type":"ImageObject","url":"https:\/\/eldigitaldeasturias.com\/magazine365\/wp-content\/uploads\/2015\/12\/fotonoticia_20151218170132_800.jpg","@id":"https:\/\/eldigitaldeasturias.com\/magazine365\/fernandez-apela-a-la-complicidad-de-agentes-socioeconomicos-para-la-planificacion-turistica-de-la-junta-de-andalucia\/#mainImage","width":800,"height":532},"primaryImageOfPage":{"@id":"https:\/\/eldigitaldeasturias.com\/magazine365\/fernandez-apela-a-la-complicidad-de-agentes-socioeconomicos-para-la-planificacion-turistica-de-la-junta-de-andalucia\/#mainImage"},"datePublished":"2015-12-19T11:40:11+01:00","dateModified":"2015-12-19T11:40:11+01:00"},{"@type":"WebSite","@id":"https:\/\/eldigitaldeasturias.com\/magazine365\/#website","url":"https:\/\/eldigitaldeasturias.com\/magazine365\/","name":"El Digital de Asturias","description":"Revista de ocio, turismo y estilo de vida","inLanguage":"es-ES","publisher":{"@id":"https:\/\/eldigitaldeasturias.com\/magazine365\/#organization"}}]},"og:locale":"es_ES","og:site_name":"El Digital de Asturias \u2013 Revista de ocio, turismo y estilo de vida","og:type":"article","og:title":"Fern\u00e1ndez apela a la complicidad de agentes socioecon\u00f3micos para la planificaci\u00f3n tur\u00edstica de la Junta de Andaluc\u00eda | El Digital de Asturias","og:description":"El consejero de Turismo y Deporte, Francisco Javier Fern\u00e1ndez, ha apelado este viernes a la complicidad de los agentes socioecon\u00f3micos y del sector tur\u00edstico para el dise\u00f1o de la planificaci\u00f3n tur\u00edstica de la Junta. Fern\u00e1ndez ha destacado su voluntad de que las nuevas l\u00edneas estrat\u00e9gicas de la consejer\u00eda cuenten con &quot;el m\u00e1ximo consenso&quot;, la participaci\u00f3n","og:url":"https:\/\/eldigitaldeasturias.com\/magazine365\/fernandez-apela-a-la-complicidad-de-agentes-socioeconomicos-para-la-planificacion-turistica-de-la-junta-de-andalucia\/","og:image":"https:\/\/eldigitaldeasturias.com\/magazine365\/wp-content\/uploads\/2015\/12\/fotonoticia_20151218170132_800.jpg","og:image:secure_url":"https:\/\/eldigitaldeasturias.com\/magazine365\/wp-content\/uploads\/2015\/12\/fotonoticia_20151218170132_800.jpg","og:image:width":800,"og:image:height":532,"article:published_time":"2015-12-19T10:40:11+00:00","article:modified_time":"2015-12-19T10:40:11+00:00","twitter:card":"summary_large_image","twitter:title":"Fern\u00e1ndez apela a la complicidad de agentes socioecon\u00f3micos para la planificaci\u00f3n tur\u00edstica de la Junta de Andaluc\u00eda | El Digital de Asturias","twitter:description":"El consejero de Turismo y Deporte, Francisco Javier Fern\u00e1ndez, ha apelado este viernes a la complicidad de los agentes socioecon\u00f3micos y del sector tur\u00edstico para el dise\u00f1o de la planificaci\u00f3n tur\u00edstica de la Junta. Fern\u00e1ndez ha destacado su voluntad de que las nuevas l\u00edneas estrat\u00e9gicas de la consejer\u00eda cuenten con &quot;el m\u00e1ximo consenso&quot;, la participaci\u00f3n","twitter:image":"https:\/\/eldigitaldeasturias.com\/magazine365\/wp-content\/uploads\/2015\/12\/fotonoticia_20151218170132_800.jpg"},"aioseo_meta_data":{"post_id":"58974","title":null,"description":null,"keywords":null,"keyphrases":null,"primary_term":null,"canonical_url":null,"og_title":null,"og_description":null,"og_object_type":"default","og_image_type":"default","og_image_url":null,"og_image_width":null,"og_image_height":null,"og_image_custom_url":null,"og_image_custom_fields":null,"og_video":null,"og_custom_url":null,"og_article_section":null,"og_article_tags":null,"twitter_use_og":false,"twitter_card":"default","twitter_image_type":"default","twitter_image_url":null,"twitter_image_custom_url":null,"twitter_image_custom_fields":null,"twitter_title":null,"twitter_description":null,"schema":{"blockGraphs":[],"customGraphs":[],"default":{"data":{"Article":[],"Course":[],"Dataset":[],"FAQPage":[],"Movie":[],"Person":[],"Product":[],"ProductReview":[],"Car":[],"Recipe":[],"Service":[],"SoftwareApplication":[],"WebPage":[]},"graphName":"","isEnabled":true},"graphs":[],"defaultGraph":"","defaultPostTypeGraph":""},"schema_type":null,"schema_type_options":null,"pillar_content":false,"robots_default":true,"robots_noindex":false,"robots_noarchive":false,"robots_nosnippet":false,"robots_nofollow":false,"robots_noimageindex":false,"robots_noodp":false,"robots_notranslate":false,"robots_max_snippet":null,"robots_max_videopreview":null,"robots_max_imagepreview":"large","priority":null,"frequency":null,"location":null,"local_seo":null,"seo_analyzer_scan_date":"2025-09-25 04:01:03","breadcrumb_settings":null,"limit_modified_date":false,"open_ai":null,"ai":null,"created":"2021-03-08 22:22:54","updated":"2025-09-25 04:01:03"},"aioseo_breadcrumb":"<div class=\"aioseo-breadcrumbs\"><span class=\"aioseo-breadcrumb\">\n\t<a href=\"https:\/\/eldigitaldeasturias.com\/magazine365\" title=\"Home\">Home<\/a>\n<\/span><span class=\"aioseo-breadcrumb-separator\">\u2013<\/span><span class=\"aioseo-breadcrumb\">\n\t<a href=\"https:\/\/eldigitaldeasturias.com\/magazine365\/category\/noticias-actualidad\/\" title=\"Noticias y Actualidad\">Noticias y Actualidad<\/a>\n<\/span><span class=\"aioseo-breadcrumb-separator\">\u2013<\/span><span class=\"aioseo-breadcrumb\">\n\t<a href=\"https:\/\/eldigitaldeasturias.com\/magazine365\/fernandez-apela-a-la-complicidad-de-agentes-socioeconomicos-para-la-planificacion-turistica-de-la-junta-de-andalucia\/\" title=\"Fern\u00e1ndez apela a la complicidad de agentes socioecon\u00f3micos para la planificaci\u00f3n tur\u00edstica de la Junta de Andaluc\u00eda\">Fern\u00e1ndez apela a la complicidad de agentes socioecon\u00f3micos para la planificaci\u00f3n tur\u00edstica de la Junta de Andaluc\u00eda<\/a>\n<\/span><\/div>","aioseo_breadcrumb_json":[{"label":"Home","link":"https:\/\/eldigitaldeasturias.com\/magazine365"},{"label":"Noticias y Actualidad","link":"https:\/\/eldigitaldeasturias.com\/magazine365\/category\/noticias-actualidad\/"},{"label":"Fern\u00e1ndez apela a la complicidad de agentes socioecon\u00f3micos para la planificaci\u00f3n tur\u00edstica de la Junta de Andaluc\u00eda","link":"https:\/\/eldigitaldeasturias.com\/magazine365\/fernandez-apela-a-la-complicidad-de-agentes-socioeconomicos-para-la-planificacion-turistica-de-la-junta-de-andalucia\/"}],"_links":{"self":[{"href":"https:\/\/eldigitaldeasturias.com\/magazine365\/wp-json\/wp\/v2\/posts\/58974","targetHints":{"allow":["GET"]}}],"collection":[{"href":"https:\/\/eldigitaldeasturias.com\/magazine365\/wp-json\/wp\/v2\/posts"}],"about":[{"href":"https:\/\/eldigitaldeasturias.com\/magazine365\/wp-json\/wp\/v2\/types\/post"}],"author":[{"embeddable":true,"href":"https:\/\/eldigitaldeasturias.com\/magazine365\/wp-json\/wp\/v2\/users\/1"}],"replies":[{"embeddable":true,"href":"https:\/\/eldigitaldeasturias.com\/magazine365\/wp-json\/wp\/v2\/comments?post=58974"}],"version-history":[{"count":0,"href":"https:\/\/eldigitaldeasturias.com\/magazine365\/wp-json\/wp\/v2\/posts\/58974\/revisions"}],"wp:featuredmedia":[{"embeddable":true,"href":"https:\/\/eldigitaldeasturias.com\/magazine365\/wp-json\/wp\/v2\/media\/58975"}],"wp:attachment":[{"href":"https:\/\/eldigitaldeasturias.com\/magazine365\/wp-json\/wp\/v2\/media?parent=58974"}],"wp:term":[{"taxonomy":"category","embeddable":true,"href":"https:\/\/eldigitaldeasturias.com\/magazine365\/wp-json\/wp\/v2\/categories?post=58974"},{"taxonomy":"post_tag","embeddable":true,"href":"https:\/\/eldigitaldeasturias.com\/magazine365\/wp-json\/wp\/v2\/tags?post=58974"}],"curies":[{"name":"wp","href":"https:\/\/api.w.org\/{rel}","templated":true}]}}