{"id":58968,"date":"2015-12-19T11:35:10","date_gmt":"2015-12-19T10:35:10","guid":{"rendered":"http:\/\/eldigitaldeasturias.com\/magazine365\/?p=58968"},"modified":"2015-12-19T11:35:10","modified_gmt":"2015-12-19T10:35:10","slug":"las-mejores-iniciativas-turisticas-de-extremadura-del-2015","status":"publish","type":"post","link":"https:\/\/eldigitaldeasturias.com\/magazine365\/las-mejores-iniciativas-turisticas-de-extremadura-del-2015\/","title":{"rendered":"Las mejores iniciativas tur\u00edsticas de Extremadura del 2015"},"content":{"rendered":"<p><img fetchpriority=\"high\" decoding=\"async\" class=\"alignleft size-medium wp-image-58969\" src=\"https:\/\/eldigitaldeasturias.com\/magazine365\/wp-content\/uploads\/2015\/12\/fotonoticia_20151218155820_800-360x240.jpg\" alt=\"fotonoticia_20151218155820_800\" width=\"360\" height=\"240\" srcset=\"https:\/\/eldigitaldeasturias.com\/magazine365\/wp-content\/uploads\/2015\/12\/fotonoticia_20151218155820_800-360x240.jpg 360w, https:\/\/eldigitaldeasturias.com\/magazine365\/wp-content\/uploads\/2015\/12\/fotonoticia_20151218155820_800-650x434.jpg 650w, https:\/\/eldigitaldeasturias.com\/magazine365\/wp-content\/uploads\/2015\/12\/fotonoticia_20151218155820_800-768x513.jpg 768w, https:\/\/eldigitaldeasturias.com\/magazine365\/wp-content\/uploads\/2015\/12\/fotonoticia_20151218155820_800-150x100.jpg 150w, https:\/\/eldigitaldeasturias.com\/magazine365\/wp-content\/uploads\/2015\/12\/fotonoticia_20151218155820_800-450x300.jpg 450w, https:\/\/eldigitaldeasturias.com\/magazine365\/wp-content\/uploads\/2015\/12\/fotonoticia_20151218155820_800-696x465.jpg 696w, https:\/\/eldigitaldeasturias.com\/magazine365\/wp-content\/uploads\/2015\/12\/fotonoticia_20151218155820_800-629x420.jpg 629w, https:\/\/eldigitaldeasturias.com\/magazine365\/wp-content\/uploads\/2015\/12\/fotonoticia_20151218155820_800-84x55.jpg 84w, https:\/\/eldigitaldeasturias.com\/magazine365\/wp-content\/uploads\/2015\/12\/fotonoticia_20151218155820_800.jpg 800w\" sizes=\"(max-width: 360px) 100vw, 360px\" \/>El Festival de Teatro Cl\u00e1sico de M\u00e9rida y la Capitalidad Gastron\u00f3mica de C\u00e1ceres han sido premiadas como las mejores iniciativas tur\u00edsticas del 2015 por los socios del Cl\u00faster del Turismo de Extremadura, que han reconocido estos dos eventos como las mejores iniciativas innovadoras de este a\u00f1o.<\/p>\n<p>El objetivo del premio es reconocer p\u00fablicamente las actuaciones de empresas p\u00fablicas o privadas, que hayan conseguido atraer a un importante n\u00famero de visitantes y de calidad a la regi\u00f3n.<\/p>\n<p>Los premios se entregaron en el transcurso de la I Primera Jornada para Compartir, Desarrollar y Transferir la Innovaci\u00f3n en el Sector Tur\u00edstico al que asistieron m\u00e1s de 50 empresas tur\u00edsticas de Extremadura socias del Cl\u00faster y que ha tenido lugar en C\u00e1ceres.<\/p>\n<p>El director del festival emeritense, Jes\u00fas Cimarro; el director general de Turismo de la Junta de Extremadura, Francisco Mart\u00edn Sim\u00f3n y el concejal de Turismo del Ayuntamiento de C\u00e1ceres, Ra\u00fal Rodr\u00edguez, han sido los encargados de recoger este reconocimiento.<\/p>\n<p>En su intervenci\u00f3n, Jes\u00fas Cimarro ha destacado la colaboraci\u00f3n p\u00fablico-privada en el festival y el alcance del cien por cien de ocupaci\u00f3n en los alojamientos de M\u00e9rida durante este a\u00f1o. Asimismo, ha hecho hincapi\u00e9 en que \u00abseg\u00fan un estudio sobre el impacto econ\u00f3mico, por cada 25 euros de una entrada del festival, se generan 125 euros de gasto en la ciudad\u00bb.<\/p>\n<p>Por su parte, Ra\u00fal Rodr\u00edguez ha destacado tambi\u00e9n el incremento del turismo en la ciudad de C\u00e1ceres en un 38 por ciento, mientras que Francisco Mart\u00edn ha agradecido este reconocimiento y ha destacado en su intervenci\u00f3n que \u00abel turismo es cosa de todos\u00bb.<\/p>\n<p>El responsable regional de Turismo ha abogado por conseguir incrementar la estancia media del viajero en Extremadura y la cooperaci\u00f3n p\u00fablico-privada como valores para seguir posicionando la regi\u00f3n en el sector tur\u00edstico, seg\u00fan informa la organizaci\u00f3n en nota de prensa.<\/p>\n","protected":false},"excerpt":{"rendered":"<p>El Festival de Teatro Cl\u00e1sico de M\u00e9rida y la Capitalidad Gastron\u00f3mica de C\u00e1ceres han sido premiadas como las mejores iniciativas tur\u00edsticas del 2015 por los socios del Cl\u00faster del Turismo de Extremadura, que han reconocido estos dos eventos como las mejores iniciativas innovadoras de este a\u00f1o. El objetivo del premio es reconocer p\u00fablicamente las actuaciones<\/p>\n","protected":false},"author":1,"featured_media":58969,"comment_status":"open","ping_status":"closed","sticky":false,"template":"","format":"standard","meta":{"footnotes":""},"categories":[224],"tags":[],"class_list":{"0":"post-58968","1":"post","2":"type-post","3":"status-publish","4":"format-standard","5":"has-post-thumbnail","7":"category-noticias-actualidad"},"aioseo_notices":[],"aioseo_head":"\n\t\t<!-- All in One SEO Pro 4.9.6.1 - aioseo.com -->\n\t<meta name=\"description\" content=\"El Festival de Teatro Cl\u00e1sico de M\u00e9rida y la Capitalidad Gastron\u00f3mica de C\u00e1ceres han sido premiadas como las mejores iniciativas tur\u00edsticas del 2015 por los socios del Cl\u00faster del Turismo de Extremadura, que han reconocido estos dos eventos como las mejores iniciativas innovadoras de este a\u00f1o. El objetivo del premio es reconocer p\u00fablicamente las actuaciones\" \/>\n\t<meta name=\"robots\" content=\"max-image-preview:large\" \/>\n\t<meta name=\"author\" content=\"admin\"\/>\n\t<meta name=\"google-site-verification\" content=\"UA-38556648-1\" \/>\n\t<meta name=\"keywords\" content=\"noticias y actualidad\" \/>\n\t<link rel=\"canonical\" href=\"https:\/\/eldigitaldeasturias.com\/magazine365\/las-mejores-iniciativas-turisticas-de-extremadura-del-2015\/\" \/>\n\t<meta name=\"generator\" content=\"All in One SEO Pro (AIOSEO) 4.9.6.1\" \/>\n\t\t<meta property=\"og:locale\" content=\"es_ES\" \/>\n\t\t<meta property=\"og:site_name\" content=\"El Digital de Asturias \u2013 Revista de ocio, turismo y estilo de vida\" \/>\n\t\t<meta property=\"og:type\" content=\"article\" \/>\n\t\t<meta property=\"og:title\" content=\"Las mejores iniciativas tur\u00edsticas de Extremadura del 2015 | El Digital de Asturias\" \/>\n\t\t<meta property=\"og:description\" content=\"El Festival de Teatro Cl\u00e1sico de M\u00e9rida y la Capitalidad Gastron\u00f3mica de C\u00e1ceres han sido premiadas como las mejores iniciativas tur\u00edsticas del 2015 por los socios del Cl\u00faster del Turismo de Extremadura, que han reconocido estos dos eventos como las mejores iniciativas innovadoras de este a\u00f1o. El objetivo del premio es reconocer p\u00fablicamente las actuaciones\" \/>\n\t\t<meta property=\"og:url\" content=\"https:\/\/eldigitaldeasturias.com\/magazine365\/las-mejores-iniciativas-turisticas-de-extremadura-del-2015\/\" \/>\n\t\t<meta property=\"og:image\" content=\"https:\/\/eldigitaldeasturias.com\/magazine365\/wp-content\/uploads\/2015\/12\/fotonoticia_20151218155820_800.jpg\" \/>\n\t\t<meta property=\"og:image:secure_url\" content=\"https:\/\/eldigitaldeasturias.com\/magazine365\/wp-content\/uploads\/2015\/12\/fotonoticia_20151218155820_800.jpg\" \/>\n\t\t<meta property=\"og:image:width\" content=\"800\" \/>\n\t\t<meta property=\"og:image:height\" content=\"534\" \/>\n\t\t<meta property=\"article:published_time\" content=\"2015-12-19T10:35:10+00:00\" \/>\n\t\t<meta property=\"article:modified_time\" content=\"2015-12-19T10:35:10+00:00\" \/>\n\t\t<meta name=\"twitter:card\" content=\"summary_large_image\" \/>\n\t\t<meta name=\"twitter:title\" content=\"Las mejores iniciativas tur\u00edsticas de Extremadura del 2015 | El Digital de Asturias\" \/>\n\t\t<meta name=\"twitter:description\" content=\"El Festival de Teatro Cl\u00e1sico de M\u00e9rida y la Capitalidad Gastron\u00f3mica de C\u00e1ceres han sido premiadas como las mejores iniciativas tur\u00edsticas del 2015 por los socios del Cl\u00faster del Turismo de Extremadura, que han reconocido estos dos eventos como las mejores iniciativas innovadoras de este a\u00f1o. El objetivo del premio es reconocer p\u00fablicamente las actuaciones\" \/>\n\t\t<meta name=\"twitter:image\" content=\"https:\/\/eldigitaldeasturias.com\/magazine365\/wp-content\/uploads\/2015\/12\/fotonoticia_20151218155820_800.jpg\" \/>\n\t\t<script type=\"application\/ld+json\" class=\"aioseo-schema\">\n\t\t\t{\"@context\":\"https:\\\/\\\/schema.org\",\"@graph\":[{\"@type\":\"Article\",\"@id\":\"https:\\\/\\\/eldigitaldeasturias.com\\\/magazine365\\\/las-mejores-iniciativas-turisticas-de-extremadura-del-2015\\\/#article\",\"name\":\"Las mejores iniciativas tur\\u00edsticas de Extremadura del 2015 | El Digital de Asturias\",\"headline\":\"Las mejores iniciativas tur\\u00edsticas de Extremadura del 2015\",\"author\":{\"@id\":\"https:\\\/\\\/eldigitaldeasturias.com\\\/magazine365\\\/author\\\/admin\\\/#author\"},\"publisher\":{\"@id\":\"https:\\\/\\\/eldigitaldeasturias.com\\\/magazine365\\\/#organization\"},\"image\":{\"@type\":\"ImageObject\",\"url\":\"https:\\\/\\\/eldigitaldeasturias.com\\\/magazine365\\\/wp-content\\\/uploads\\\/2015\\\/12\\\/fotonoticia_20151218155820_800.jpg\",\"width\":800,\"height\":534},\"datePublished\":\"2015-12-19T11:35:10+01:00\",\"dateModified\":\"2015-12-19T11:35:10+01:00\",\"inLanguage\":\"es-ES\",\"mainEntityOfPage\":{\"@id\":\"https:\\\/\\\/eldigitaldeasturias.com\\\/magazine365\\\/las-mejores-iniciativas-turisticas-de-extremadura-del-2015\\\/#webpage\"},\"isPartOf\":{\"@id\":\"https:\\\/\\\/eldigitaldeasturias.com\\\/magazine365\\\/las-mejores-iniciativas-turisticas-de-extremadura-del-2015\\\/#webpage\"},\"articleSection\":\"Noticias y Actualidad\"},{\"@type\":\"BreadcrumbList\",\"@id\":\"https:\\\/\\\/eldigitaldeasturias.com\\\/magazine365\\\/las-mejores-iniciativas-turisticas-de-extremadura-del-2015\\\/#breadcrumblist\",\"itemListElement\":[{\"@type\":\"ListItem\",\"@id\":\"https:\\\/\\\/eldigitaldeasturias.com\\\/magazine365#listItem\",\"position\":1,\"name\":\"Home\",\"item\":\"https:\\\/\\\/eldigitaldeasturias.com\\\/magazine365\",\"nextItem\":{\"@type\":\"ListItem\",\"@id\":\"https:\\\/\\\/eldigitaldeasturias.com\\\/magazine365\\\/category\\\/noticias-actualidad\\\/#listItem\",\"name\":\"Noticias y Actualidad\"}},{\"@type\":\"ListItem\",\"@id\":\"https:\\\/\\\/eldigitaldeasturias.com\\\/magazine365\\\/category\\\/noticias-actualidad\\\/#listItem\",\"position\":2,\"name\":\"Noticias y Actualidad\",\"item\":\"https:\\\/\\\/eldigitaldeasturias.com\\\/magazine365\\\/category\\\/noticias-actualidad\\\/\",\"nextItem\":{\"@type\":\"ListItem\",\"@id\":\"https:\\\/\\\/eldigitaldeasturias.com\\\/magazine365\\\/las-mejores-iniciativas-turisticas-de-extremadura-del-2015\\\/#listItem\",\"name\":\"Las mejores iniciativas tur\\u00edsticas de Extremadura del 2015\"},\"previousItem\":{\"@type\":\"ListItem\",\"@id\":\"https:\\\/\\\/eldigitaldeasturias.com\\\/magazine365#listItem\",\"name\":\"Home\"}},{\"@type\":\"ListItem\",\"@id\":\"https:\\\/\\\/eldigitaldeasturias.com\\\/magazine365\\\/las-mejores-iniciativas-turisticas-de-extremadura-del-2015\\\/#listItem\",\"position\":3,\"name\":\"Las mejores iniciativas tur\\u00edsticas de Extremadura del 2015\",\"previousItem\":{\"@type\":\"ListItem\",\"@id\":\"https:\\\/\\\/eldigitaldeasturias.com\\\/magazine365\\\/category\\\/noticias-actualidad\\\/#listItem\",\"name\":\"Noticias y Actualidad\"}}]},{\"@type\":\"Organization\",\"@id\":\"https:\\\/\\\/eldigitaldeasturias.com\\\/magazine365\\\/#organization\",\"name\":\"El digital de Asturias\",\"description\":\"Revista de ocio, turismo y estilo de vida\",\"url\":\"https:\\\/\\\/eldigitaldeasturias.com\\\/magazine365\\\/\",\"logo\":{\"@type\":\"ImageObject\",\"url\":\"https:\\\/\\\/www.eldigitaldeasturias.com\\\/noticias\\\/wp-content\\\/uploads\\\/2020\\\/12\\\/EDA.jpg\",\"@id\":\"https:\\\/\\\/eldigitaldeasturias.com\\\/magazine365\\\/las-mejores-iniciativas-turisticas-de-extremadura-del-2015\\\/#organizationLogo\"},\"image\":{\"@id\":\"https:\\\/\\\/eldigitaldeasturias.com\\\/magazine365\\\/las-mejores-iniciativas-turisticas-de-extremadura-del-2015\\\/#organizationLogo\"}},{\"@type\":\"Person\",\"@id\":\"https:\\\/\\\/eldigitaldeasturias.com\\\/magazine365\\\/author\\\/admin\\\/#author\",\"url\":\"https:\\\/\\\/eldigitaldeasturias.com\\\/magazine365\\\/author\\\/admin\\\/\",\"name\":\"admin\",\"image\":{\"@type\":\"ImageObject\",\"@id\":\"https:\\\/\\\/eldigitaldeasturias.com\\\/magazine365\\\/las-mejores-iniciativas-turisticas-de-extremadura-del-2015\\\/#authorImage\",\"url\":\"https:\\\/\\\/eldigitaldeasturias.com\\\/magazine365\\\/wp-content\\\/litespeed\\\/avatar\\\/e571bcf59a0edd6fa6838245a470f2fe.jpg?ver=1777574230\",\"width\":96,\"height\":96,\"caption\":\"admin\"}},{\"@type\":\"WebPage\",\"@id\":\"https:\\\/\\\/eldigitaldeasturias.com\\\/magazine365\\\/las-mejores-iniciativas-turisticas-de-extremadura-del-2015\\\/#webpage\",\"url\":\"https:\\\/\\\/eldigitaldeasturias.com\\\/magazine365\\\/las-mejores-iniciativas-turisticas-de-extremadura-del-2015\\\/\",\"name\":\"Las mejores iniciativas tur\\u00edsticas de Extremadura del 2015 | El Digital de Asturias\",\"description\":\"El Festival de Teatro Cl\\u00e1sico de M\\u00e9rida y la Capitalidad Gastron\\u00f3mica de C\\u00e1ceres han sido premiadas como las mejores iniciativas tur\\u00edsticas del 2015 por los socios del Cl\\u00faster del Turismo de Extremadura, que han reconocido estos dos eventos como las mejores iniciativas innovadoras de este a\\u00f1o. El objetivo del premio es reconocer p\\u00fablicamente las actuaciones\",\"inLanguage\":\"es-ES\",\"isPartOf\":{\"@id\":\"https:\\\/\\\/eldigitaldeasturias.com\\\/magazine365\\\/#website\"},\"breadcrumb\":{\"@id\":\"https:\\\/\\\/eldigitaldeasturias.com\\\/magazine365\\\/las-mejores-iniciativas-turisticas-de-extremadura-del-2015\\\/#breadcrumblist\"},\"author\":{\"@id\":\"https:\\\/\\\/eldigitaldeasturias.com\\\/magazine365\\\/author\\\/admin\\\/#author\"},\"creator\":{\"@id\":\"https:\\\/\\\/eldigitaldeasturias.com\\\/magazine365\\\/author\\\/admin\\\/#author\"},\"image\":{\"@type\":\"ImageObject\",\"url\":\"https:\\\/\\\/eldigitaldeasturias.com\\\/magazine365\\\/wp-content\\\/uploads\\\/2015\\\/12\\\/fotonoticia_20151218155820_800.jpg\",\"@id\":\"https:\\\/\\\/eldigitaldeasturias.com\\\/magazine365\\\/las-mejores-iniciativas-turisticas-de-extremadura-del-2015\\\/#mainImage\",\"width\":800,\"height\":534},\"primaryImageOfPage\":{\"@id\":\"https:\\\/\\\/eldigitaldeasturias.com\\\/magazine365\\\/las-mejores-iniciativas-turisticas-de-extremadura-del-2015\\\/#mainImage\"},\"datePublished\":\"2015-12-19T11:35:10+01:00\",\"dateModified\":\"2015-12-19T11:35:10+01:00\"},{\"@type\":\"WebSite\",\"@id\":\"https:\\\/\\\/eldigitaldeasturias.com\\\/magazine365\\\/#website\",\"url\":\"https:\\\/\\\/eldigitaldeasturias.com\\\/magazine365\\\/\",\"name\":\"El Digital de Asturias\",\"description\":\"Revista de ocio, turismo y estilo de vida\",\"inLanguage\":\"es-ES\",\"publisher\":{\"@id\":\"https:\\\/\\\/eldigitaldeasturias.com\\\/magazine365\\\/#organization\"}}]}\n\t\t<\/script>\n\t\t<!-- All in One SEO Pro -->\r\n\t\t<title>Las mejores iniciativas tur\u00edsticas de Extremadura del 2015 | El Digital de Asturias<\/title>\n\n","aioseo_head_json":{"title":"Las mejores iniciativas tur\u00edsticas de Extremadura del 2015 | El Digital de Asturias","description":"El Festival de Teatro Cl\u00e1sico de M\u00e9rida y la Capitalidad Gastron\u00f3mica de C\u00e1ceres han sido premiadas como las mejores iniciativas tur\u00edsticas del 2015 por los socios del Cl\u00faster del Turismo de Extremadura, que han reconocido estos dos eventos como las mejores iniciativas innovadoras de este a\u00f1o. El objetivo del premio es reconocer p\u00fablicamente las actuaciones","canonical_url":"https:\/\/eldigitaldeasturias.com\/magazine365\/las-mejores-iniciativas-turisticas-de-extremadura-del-2015\/","robots":"max-image-preview:large","keywords":"noticias y actualidad","webmasterTools":{"google-site-verification":"UA-38556648-1","miscellaneous":""},"schema":{"@context":"https:\/\/schema.org","@graph":[{"@type":"Article","@id":"https:\/\/eldigitaldeasturias.com\/magazine365\/las-mejores-iniciativas-turisticas-de-extremadura-del-2015\/#article","name":"Las mejores iniciativas tur\u00edsticas de Extremadura del 2015 | El Digital de Asturias","headline":"Las mejores iniciativas tur\u00edsticas de Extremadura del 2015","author":{"@id":"https:\/\/eldigitaldeasturias.com\/magazine365\/author\/admin\/#author"},"publisher":{"@id":"https:\/\/eldigitaldeasturias.com\/magazine365\/#organization"},"image":{"@type":"ImageObject","url":"https:\/\/eldigitaldeasturias.com\/magazine365\/wp-content\/uploads\/2015\/12\/fotonoticia_20151218155820_800.jpg","width":800,"height":534},"datePublished":"2015-12-19T11:35:10+01:00","dateModified":"2015-12-19T11:35:10+01:00","inLanguage":"es-ES","mainEntityOfPage":{"@id":"https:\/\/eldigitaldeasturias.com\/magazine365\/las-mejores-iniciativas-turisticas-de-extremadura-del-2015\/#webpage"},"isPartOf":{"@id":"https:\/\/eldigitaldeasturias.com\/magazine365\/las-mejores-iniciativas-turisticas-de-extremadura-del-2015\/#webpage"},"articleSection":"Noticias y Actualidad"},{"@type":"BreadcrumbList","@id":"https:\/\/eldigitaldeasturias.com\/magazine365\/las-mejores-iniciativas-turisticas-de-extremadura-del-2015\/#breadcrumblist","itemListElement":[{"@type":"ListItem","@id":"https:\/\/eldigitaldeasturias.com\/magazine365#listItem","position":1,"name":"Home","item":"https:\/\/eldigitaldeasturias.com\/magazine365","nextItem":{"@type":"ListItem","@id":"https:\/\/eldigitaldeasturias.com\/magazine365\/category\/noticias-actualidad\/#listItem","name":"Noticias y Actualidad"}},{"@type":"ListItem","@id":"https:\/\/eldigitaldeasturias.com\/magazine365\/category\/noticias-actualidad\/#listItem","position":2,"name":"Noticias y Actualidad","item":"https:\/\/eldigitaldeasturias.com\/magazine365\/category\/noticias-actualidad\/","nextItem":{"@type":"ListItem","@id":"https:\/\/eldigitaldeasturias.com\/magazine365\/las-mejores-iniciativas-turisticas-de-extremadura-del-2015\/#listItem","name":"Las mejores iniciativas tur\u00edsticas de Extremadura del 2015"},"previousItem":{"@type":"ListItem","@id":"https:\/\/eldigitaldeasturias.com\/magazine365#listItem","name":"Home"}},{"@type":"ListItem","@id":"https:\/\/eldigitaldeasturias.com\/magazine365\/las-mejores-iniciativas-turisticas-de-extremadura-del-2015\/#listItem","position":3,"name":"Las mejores iniciativas tur\u00edsticas de Extremadura del 2015","previousItem":{"@type":"ListItem","@id":"https:\/\/eldigitaldeasturias.com\/magazine365\/category\/noticias-actualidad\/#listItem","name":"Noticias y Actualidad"}}]},{"@type":"Organization","@id":"https:\/\/eldigitaldeasturias.com\/magazine365\/#organization","name":"El digital de Asturias","description":"Revista de ocio, turismo y estilo de vida","url":"https:\/\/eldigitaldeasturias.com\/magazine365\/","logo":{"@type":"ImageObject","url":"https:\/\/www.eldigitaldeasturias.com\/noticias\/wp-content\/uploads\/2020\/12\/EDA.jpg","@id":"https:\/\/eldigitaldeasturias.com\/magazine365\/las-mejores-iniciativas-turisticas-de-extremadura-del-2015\/#organizationLogo"},"image":{"@id":"https:\/\/eldigitaldeasturias.com\/magazine365\/las-mejores-iniciativas-turisticas-de-extremadura-del-2015\/#organizationLogo"}},{"@type":"Person","@id":"https:\/\/eldigitaldeasturias.com\/magazine365\/author\/admin\/#author","url":"https:\/\/eldigitaldeasturias.com\/magazine365\/author\/admin\/","name":"admin","image":{"@type":"ImageObject","@id":"https:\/\/eldigitaldeasturias.com\/magazine365\/las-mejores-iniciativas-turisticas-de-extremadura-del-2015\/#authorImage","url":"https:\/\/eldigitaldeasturias.com\/magazine365\/wp-content\/litespeed\/avatar\/e571bcf59a0edd6fa6838245a470f2fe.jpg?ver=1777574230","width":96,"height":96,"caption":"admin"}},{"@type":"WebPage","@id":"https:\/\/eldigitaldeasturias.com\/magazine365\/las-mejores-iniciativas-turisticas-de-extremadura-del-2015\/#webpage","url":"https:\/\/eldigitaldeasturias.com\/magazine365\/las-mejores-iniciativas-turisticas-de-extremadura-del-2015\/","name":"Las mejores iniciativas tur\u00edsticas de Extremadura del 2015 | El Digital de Asturias","description":"El Festival de Teatro Cl\u00e1sico de M\u00e9rida y la Capitalidad Gastron\u00f3mica de C\u00e1ceres han sido premiadas como las mejores iniciativas tur\u00edsticas del 2015 por los socios del Cl\u00faster del Turismo de Extremadura, que han reconocido estos dos eventos como las mejores iniciativas innovadoras de este a\u00f1o. El objetivo del premio es reconocer p\u00fablicamente las actuaciones","inLanguage":"es-ES","isPartOf":{"@id":"https:\/\/eldigitaldeasturias.com\/magazine365\/#website"},"breadcrumb":{"@id":"https:\/\/eldigitaldeasturias.com\/magazine365\/las-mejores-iniciativas-turisticas-de-extremadura-del-2015\/#breadcrumblist"},"author":{"@id":"https:\/\/eldigitaldeasturias.com\/magazine365\/author\/admin\/#author"},"creator":{"@id":"https:\/\/eldigitaldeasturias.com\/magazine365\/author\/admin\/#author"},"image":{"@type":"ImageObject","url":"https:\/\/eldigitaldeasturias.com\/magazine365\/wp-content\/uploads\/2015\/12\/fotonoticia_20151218155820_800.jpg","@id":"https:\/\/eldigitaldeasturias.com\/magazine365\/las-mejores-iniciativas-turisticas-de-extremadura-del-2015\/#mainImage","width":800,"height":534},"primaryImageOfPage":{"@id":"https:\/\/eldigitaldeasturias.com\/magazine365\/las-mejores-iniciativas-turisticas-de-extremadura-del-2015\/#mainImage"},"datePublished":"2015-12-19T11:35:10+01:00","dateModified":"2015-12-19T11:35:10+01:00"},{"@type":"WebSite","@id":"https:\/\/eldigitaldeasturias.com\/magazine365\/#website","url":"https:\/\/eldigitaldeasturias.com\/magazine365\/","name":"El Digital de Asturias","description":"Revista de ocio, turismo y estilo de vida","inLanguage":"es-ES","publisher":{"@id":"https:\/\/eldigitaldeasturias.com\/magazine365\/#organization"}}]},"og:locale":"es_ES","og:site_name":"El Digital de Asturias \u2013 Revista de ocio, turismo y estilo de vida","og:type":"article","og:title":"Las mejores iniciativas tur\u00edsticas de Extremadura del 2015 | El Digital de Asturias","og:description":"El Festival de Teatro Cl\u00e1sico de M\u00e9rida y la Capitalidad Gastron\u00f3mica de C\u00e1ceres han sido premiadas como las mejores iniciativas tur\u00edsticas del 2015 por los socios del Cl\u00faster del Turismo de Extremadura, que han reconocido estos dos eventos como las mejores iniciativas innovadoras de este a\u00f1o. El objetivo del premio es reconocer p\u00fablicamente las actuaciones","og:url":"https:\/\/eldigitaldeasturias.com\/magazine365\/las-mejores-iniciativas-turisticas-de-extremadura-del-2015\/","og:image":"https:\/\/eldigitaldeasturias.com\/magazine365\/wp-content\/uploads\/2015\/12\/fotonoticia_20151218155820_800.jpg","og:image:secure_url":"https:\/\/eldigitaldeasturias.com\/magazine365\/wp-content\/uploads\/2015\/12\/fotonoticia_20151218155820_800.jpg","og:image:width":800,"og:image:height":534,"article:published_time":"2015-12-19T10:35:10+00:00","article:modified_time":"2015-12-19T10:35:10+00:00","twitter:card":"summary_large_image","twitter:title":"Las mejores iniciativas tur\u00edsticas de Extremadura del 2015 | El Digital de Asturias","twitter:description":"El Festival de Teatro Cl\u00e1sico de M\u00e9rida y la Capitalidad Gastron\u00f3mica de C\u00e1ceres han sido premiadas como las mejores iniciativas tur\u00edsticas del 2015 por los socios del Cl\u00faster del Turismo de Extremadura, que han reconocido estos dos eventos como las mejores iniciativas innovadoras de este a\u00f1o. El objetivo del premio es reconocer p\u00fablicamente las actuaciones","twitter:image":"https:\/\/eldigitaldeasturias.com\/magazine365\/wp-content\/uploads\/2015\/12\/fotonoticia_20151218155820_800.jpg"},"aioseo_meta_data":{"post_id":"58968","title":null,"description":null,"keywords":null,"keyphrases":null,"primary_term":null,"canonical_url":null,"og_title":null,"og_description":null,"og_object_type":"default","og_image_type":"default","og_image_url":null,"og_image_width":null,"og_image_height":null,"og_image_custom_url":null,"og_image_custom_fields":null,"og_video":null,"og_custom_url":null,"og_article_section":null,"og_article_tags":null,"twitter_use_og":false,"twitter_card":"default","twitter_image_type":"default","twitter_image_url":null,"twitter_image_custom_url":null,"twitter_image_custom_fields":null,"twitter_title":null,"twitter_description":null,"schema":{"blockGraphs":[],"customGraphs":[],"default":{"data":{"Article":[],"Course":[],"Dataset":[],"FAQPage":[],"Movie":[],"Person":[],"Product":[],"ProductReview":[],"Car":[],"Recipe":[],"Service":[],"SoftwareApplication":[],"WebPage":[]},"graphName":"","isEnabled":true},"graphs":[],"defaultGraph":"","defaultPostTypeGraph":""},"schema_type":null,"schema_type_options":null,"pillar_content":false,"robots_default":true,"robots_noindex":false,"robots_noarchive":false,"robots_nosnippet":false,"robots_nofollow":false,"robots_noimageindex":false,"robots_noodp":false,"robots_notranslate":false,"robots_max_snippet":null,"robots_max_videopreview":null,"robots_max_imagepreview":"large","priority":null,"frequency":null,"location":null,"local_seo":null,"seo_analyzer_scan_date":"2025-09-25 03:59:16","breadcrumb_settings":null,"limit_modified_date":false,"open_ai":null,"ai":null,"created":"2021-03-08 22:22:54","updated":"2025-09-25 03:59:16"},"aioseo_breadcrumb":"<div class=\"aioseo-breadcrumbs\"><span class=\"aioseo-breadcrumb\">\n\t<a href=\"https:\/\/eldigitaldeasturias.com\/magazine365\" title=\"Home\">Home<\/a>\n<\/span><span class=\"aioseo-breadcrumb-separator\">\u2013<\/span><span class=\"aioseo-breadcrumb\">\n\t<a href=\"https:\/\/eldigitaldeasturias.com\/magazine365\/category\/noticias-actualidad\/\" title=\"Noticias y Actualidad\">Noticias y Actualidad<\/a>\n<\/span><span class=\"aioseo-breadcrumb-separator\">\u2013<\/span><span class=\"aioseo-breadcrumb\">\n\t<a href=\"https:\/\/eldigitaldeasturias.com\/magazine365\/las-mejores-iniciativas-turisticas-de-extremadura-del-2015\/\" title=\"Las mejores iniciativas tur\u00edsticas de Extremadura del 2015\">Las mejores iniciativas tur\u00edsticas de Extremadura del 2015<\/a>\n<\/span><\/div>","aioseo_breadcrumb_json":[{"label":"Home","link":"https:\/\/eldigitaldeasturias.com\/magazine365"},{"label":"Noticias y Actualidad","link":"https:\/\/eldigitaldeasturias.com\/magazine365\/category\/noticias-actualidad\/"},{"label":"Las mejores iniciativas tur\u00edsticas de Extremadura del 2015","link":"https:\/\/eldigitaldeasturias.com\/magazine365\/las-mejores-iniciativas-turisticas-de-extremadura-del-2015\/"}],"_links":{"self":[{"href":"https:\/\/eldigitaldeasturias.com\/magazine365\/wp-json\/wp\/v2\/posts\/58968","targetHints":{"allow":["GET"]}}],"collection":[{"href":"https:\/\/eldigitaldeasturias.com\/magazine365\/wp-json\/wp\/v2\/posts"}],"about":[{"href":"https:\/\/eldigitaldeasturias.com\/magazine365\/wp-json\/wp\/v2\/types\/post"}],"author":[{"embeddable":true,"href":"https:\/\/eldigitaldeasturias.com\/magazine365\/wp-json\/wp\/v2\/users\/1"}],"replies":[{"embeddable":true,"href":"https:\/\/eldigitaldeasturias.com\/magazine365\/wp-json\/wp\/v2\/comments?post=58968"}],"version-history":[{"count":0,"href":"https:\/\/eldigitaldeasturias.com\/magazine365\/wp-json\/wp\/v2\/posts\/58968\/revisions"}],"wp:featuredmedia":[{"embeddable":true,"href":"https:\/\/eldigitaldeasturias.com\/magazine365\/wp-json\/wp\/v2\/media\/58969"}],"wp:attachment":[{"href":"https:\/\/eldigitaldeasturias.com\/magazine365\/wp-json\/wp\/v2\/media?parent=58968"}],"wp:term":[{"taxonomy":"category","embeddable":true,"href":"https:\/\/eldigitaldeasturias.com\/magazine365\/wp-json\/wp\/v2\/categories?post=58968"},{"taxonomy":"post_tag","embeddable":true,"href":"https:\/\/eldigitaldeasturias.com\/magazine365\/wp-json\/wp\/v2\/tags?post=58968"}],"curies":[{"name":"wp","href":"https:\/\/api.w.org\/{rel}","templated":true}]}}