{"id":58965,"date":"2015-12-19T11:32:22","date_gmt":"2015-12-19T10:32:22","guid":{"rendered":"http:\/\/eldigitaldeasturias.com\/magazine365\/?p=58965"},"modified":"2015-12-19T11:32:22","modified_gmt":"2015-12-19T10:32:22","slug":"trabajadores-alertan-de-la-bajada-de-seguridad-en-el-aeropuerto-tenerife-sur","status":"publish","type":"post","link":"https:\/\/eldigitaldeasturias.com\/magazine365\/trabajadores-alertan-de-la-bajada-de-seguridad-en-el-aeropuerto-tenerife-sur\/","title":{"rendered":"Trabajadores alertan de la bajada de seguridad en el aeropuerto Tenerife Sur"},"content":{"rendered":"<p><img fetchpriority=\"high\" decoding=\"async\" class=\"alignleft size-medium wp-image-58966\" src=\"https:\/\/eldigitaldeasturias.com\/magazine365\/wp-content\/uploads\/2015\/12\/fotonoticia_20151218152646_800-360x228.jpg\" alt=\"fotonoticia_20151218152646_800\" width=\"360\" height=\"228\" srcset=\"https:\/\/eldigitaldeasturias.com\/magazine365\/wp-content\/uploads\/2015\/12\/fotonoticia_20151218152646_800-360x228.jpg 360w, https:\/\/eldigitaldeasturias.com\/magazine365\/wp-content\/uploads\/2015\/12\/fotonoticia_20151218152646_800-650x411.jpg 650w, https:\/\/eldigitaldeasturias.com\/magazine365\/wp-content\/uploads\/2015\/12\/fotonoticia_20151218152646_800-768x486.jpg 768w, https:\/\/eldigitaldeasturias.com\/magazine365\/wp-content\/uploads\/2015\/12\/fotonoticia_20151218152646_800-150x95.jpg 150w, https:\/\/eldigitaldeasturias.com\/magazine365\/wp-content\/uploads\/2015\/12\/fotonoticia_20151218152646_800-450x285.jpg 450w, https:\/\/eldigitaldeasturias.com\/magazine365\/wp-content\/uploads\/2015\/12\/fotonoticia_20151218152646_800-696x440.jpg 696w, https:\/\/eldigitaldeasturias.com\/magazine365\/wp-content\/uploads\/2015\/12\/fotonoticia_20151218152646_800-664x420.jpg 664w, https:\/\/eldigitaldeasturias.com\/magazine365\/wp-content\/uploads\/2015\/12\/fotonoticia_20151218152646_800-269x170.jpg 269w, https:\/\/eldigitaldeasturias.com\/magazine365\/wp-content\/uploads\/2015\/12\/fotonoticia_20151218152646_800.jpg 800w\" sizes=\"(max-width: 360px) 100vw, 360px\" \/>El Comit\u00e9 de Centro Aeropuerto Tenerife Sur ha alertado de la \u00aban\u00f3mala situaci\u00f3n\u00bb producida el pasado 15 de noviembre, en el turno de noche, donde por parte de la Direcci\u00f3n del Reina Sof\u00eda \u00abse acord\u00f3 bajar la categor\u00eda de protecci\u00f3n del aeropuerto desde el nivel habitual, que es el 9, a un nivel de protecci\u00f3n 7, permaneciendo as\u00ed durante unas once horas\u00bb.<\/p>\n<p>A trav\u00e9s de una nota, Comit\u00e9 de Centro explica que estas bajadas de categor\u00eda suponen que durante las mismas el aeropuerto \u00abno puede dar respuesta adecuada a situaciones de emergencia en las que se vean involucradas determinadas aeronaves, especialmente de mayor tama\u00f1o y elevado n\u00famero de pasajeros, al no tener personal suficiente en el Servicio de Salvamento y Extinci\u00f3n de Incendios que pudiese atender con garant\u00edas en caso de que se produjera un accidente\u00bb.<\/p>\n<p>Desde el Comit\u00e9 consideran que estas bajadas en la seguridad operacional \u00abno s\u00f3lo bordean la legalidad vigente, sino que colocan al aeropuerto en una situaci\u00f3n en la que no se cumplen los m\u00ednimos de seguridad exigibles, poniendo en peligro vidas humanas al no estar dando cobertura adecuada de protecci\u00f3n ante un posible aterrizaje de emergencia\u00bb.<\/p>\n<p>Aseguran, adem\u00e1s, que desde que se inici\u00f3 el proceso de privatizaci\u00f3n de la empresa, la tendencia \u00abha sido reducir personal hasta dejar las plantillas por debajo de lo que ser\u00eda deseable no s\u00f3lo en el personal del Servicio de Salvamento y Extinci\u00f3n de Incendios, sino en el resto de categor\u00edas laborales, incidiendo de forma negativa en la adecuada prestaci\u00f3n del servicio aeroportuario y en la seguridad operacional\u00bb.<\/p>\n<p>Ahora que se est\u00e1n anunciando inversiones en nuevas infraestructuras en el aeropuerto, Comit\u00e9 de Centro quiere recordar \u00abel enorme d\u00e9ficit de plantilla que sufre el aeropuerto, as\u00ed como que la calidad del servicio aeroportuario no s\u00f3lo depende de tener mayores infraestructuras, sino en dotar de personal suficiente para atender las instalaciones actuales y, en su caso, aumentar la plantilla en cantidad suficiente para atender las nuevas instalaciones si estas finalmente se realizan\u00bb.<\/p>\n","protected":false},"excerpt":{"rendered":"<p>El Comit\u00e9 de Centro Aeropuerto Tenerife Sur ha alertado de la \u00aban\u00f3mala situaci\u00f3n\u00bb producida el pasado 15 de noviembre, en el turno de noche, donde por parte de la Direcci\u00f3n del Reina Sof\u00eda \u00abse acord\u00f3 bajar la categor\u00eda de protecci\u00f3n del aeropuerto desde el nivel habitual, que es el 9, a un nivel de protecci\u00f3n<\/p>\n","protected":false},"author":1,"featured_media":58966,"comment_status":"open","ping_status":"closed","sticky":false,"template":"","format":"standard","meta":{"footnotes":""},"categories":[224],"tags":[],"class_list":{"0":"post-58965","1":"post","2":"type-post","3":"status-publish","4":"format-standard","5":"has-post-thumbnail","7":"category-noticias-actualidad"},"aioseo_notices":[],"aioseo_head":"\n\t\t<!-- All in One SEO Pro 4.9.6.1 - aioseo.com -->\n\t<meta name=\"description\" content=\"El Comit\u00e9 de Centro Aeropuerto Tenerife Sur ha alertado de la &quot;an\u00f3mala situaci\u00f3n&quot; producida el pasado 15 de noviembre, en el turno de noche, donde por parte de la Direcci\u00f3n del Reina Sof\u00eda &quot;se acord\u00f3 bajar la categor\u00eda de protecci\u00f3n del aeropuerto desde el nivel habitual, que es el 9, a un nivel de protecci\u00f3n\" \/>\n\t<meta name=\"robots\" content=\"max-image-preview:large\" \/>\n\t<meta name=\"author\" content=\"admin\"\/>\n\t<meta name=\"google-site-verification\" content=\"UA-38556648-1\" \/>\n\t<meta name=\"keywords\" content=\"noticias y actualidad\" \/>\n\t<link rel=\"canonical\" href=\"https:\/\/eldigitaldeasturias.com\/magazine365\/trabajadores-alertan-de-la-bajada-de-seguridad-en-el-aeropuerto-tenerife-sur\/\" \/>\n\t<meta name=\"generator\" content=\"All in One SEO Pro (AIOSEO) 4.9.6.1\" \/>\n\t\t<meta property=\"og:locale\" content=\"es_ES\" \/>\n\t\t<meta property=\"og:site_name\" content=\"El Digital de Asturias \u2013 Revista de ocio, turismo y estilo de vida\" \/>\n\t\t<meta property=\"og:type\" content=\"article\" \/>\n\t\t<meta property=\"og:title\" content=\"Trabajadores alertan de la bajada de seguridad en el aeropuerto Tenerife Sur | El Digital de Asturias\" \/>\n\t\t<meta property=\"og:description\" content=\"El Comit\u00e9 de Centro Aeropuerto Tenerife Sur ha alertado de la &quot;an\u00f3mala situaci\u00f3n&quot; producida el pasado 15 de noviembre, en el turno de noche, donde por parte de la Direcci\u00f3n del Reina Sof\u00eda &quot;se acord\u00f3 bajar la categor\u00eda de protecci\u00f3n del aeropuerto desde el nivel habitual, que es el 9, a un nivel de protecci\u00f3n\" \/>\n\t\t<meta property=\"og:url\" content=\"https:\/\/eldigitaldeasturias.com\/magazine365\/trabajadores-alertan-de-la-bajada-de-seguridad-en-el-aeropuerto-tenerife-sur\/\" \/>\n\t\t<meta property=\"og:image\" content=\"https:\/\/eldigitaldeasturias.com\/magazine365\/wp-content\/uploads\/2015\/12\/fotonoticia_20151218152646_800.jpg\" \/>\n\t\t<meta property=\"og:image:secure_url\" content=\"https:\/\/eldigitaldeasturias.com\/magazine365\/wp-content\/uploads\/2015\/12\/fotonoticia_20151218152646_800.jpg\" \/>\n\t\t<meta property=\"og:image:width\" content=\"800\" \/>\n\t\t<meta property=\"og:image:height\" content=\"506\" \/>\n\t\t<meta property=\"article:published_time\" content=\"2015-12-19T10:32:22+00:00\" \/>\n\t\t<meta property=\"article:modified_time\" content=\"2015-12-19T10:32:22+00:00\" \/>\n\t\t<meta name=\"twitter:card\" content=\"summary_large_image\" \/>\n\t\t<meta name=\"twitter:title\" content=\"Trabajadores alertan de la bajada de seguridad en el aeropuerto Tenerife Sur | El Digital de Asturias\" \/>\n\t\t<meta name=\"twitter:description\" content=\"El Comit\u00e9 de Centro Aeropuerto Tenerife Sur ha alertado de la &quot;an\u00f3mala situaci\u00f3n&quot; producida el pasado 15 de noviembre, en el turno de noche, donde por parte de la Direcci\u00f3n del Reina Sof\u00eda &quot;se acord\u00f3 bajar la categor\u00eda de protecci\u00f3n del aeropuerto desde el nivel habitual, que es el 9, a un nivel de protecci\u00f3n\" \/>\n\t\t<meta name=\"twitter:image\" content=\"https:\/\/eldigitaldeasturias.com\/magazine365\/wp-content\/uploads\/2015\/12\/fotonoticia_20151218152646_800.jpg\" \/>\n\t\t<script type=\"application\/ld+json\" class=\"aioseo-schema\">\n\t\t\t{\"@context\":\"https:\\\/\\\/schema.org\",\"@graph\":[{\"@type\":\"Article\",\"@id\":\"https:\\\/\\\/eldigitaldeasturias.com\\\/magazine365\\\/trabajadores-alertan-de-la-bajada-de-seguridad-en-el-aeropuerto-tenerife-sur\\\/#article\",\"name\":\"Trabajadores alertan de la bajada de seguridad en el aeropuerto Tenerife Sur | El Digital de Asturias\",\"headline\":\"Trabajadores alertan de la bajada de seguridad en el aeropuerto Tenerife Sur\",\"author\":{\"@id\":\"https:\\\/\\\/eldigitaldeasturias.com\\\/magazine365\\\/author\\\/admin\\\/#author\"},\"publisher\":{\"@id\":\"https:\\\/\\\/eldigitaldeasturias.com\\\/magazine365\\\/#organization\"},\"image\":{\"@type\":\"ImageObject\",\"url\":\"https:\\\/\\\/eldigitaldeasturias.com\\\/magazine365\\\/wp-content\\\/uploads\\\/2015\\\/12\\\/fotonoticia_20151218152646_800.jpg\",\"width\":800,\"height\":506},\"datePublished\":\"2015-12-19T11:32:22+01:00\",\"dateModified\":\"2015-12-19T11:32:22+01:00\",\"inLanguage\":\"es-ES\",\"mainEntityOfPage\":{\"@id\":\"https:\\\/\\\/eldigitaldeasturias.com\\\/magazine365\\\/trabajadores-alertan-de-la-bajada-de-seguridad-en-el-aeropuerto-tenerife-sur\\\/#webpage\"},\"isPartOf\":{\"@id\":\"https:\\\/\\\/eldigitaldeasturias.com\\\/magazine365\\\/trabajadores-alertan-de-la-bajada-de-seguridad-en-el-aeropuerto-tenerife-sur\\\/#webpage\"},\"articleSection\":\"Noticias y Actualidad\"},{\"@type\":\"BreadcrumbList\",\"@id\":\"https:\\\/\\\/eldigitaldeasturias.com\\\/magazine365\\\/trabajadores-alertan-de-la-bajada-de-seguridad-en-el-aeropuerto-tenerife-sur\\\/#breadcrumblist\",\"itemListElement\":[{\"@type\":\"ListItem\",\"@id\":\"https:\\\/\\\/eldigitaldeasturias.com\\\/magazine365#listItem\",\"position\":1,\"name\":\"Home\",\"item\":\"https:\\\/\\\/eldigitaldeasturias.com\\\/magazine365\",\"nextItem\":{\"@type\":\"ListItem\",\"@id\":\"https:\\\/\\\/eldigitaldeasturias.com\\\/magazine365\\\/category\\\/noticias-actualidad\\\/#listItem\",\"name\":\"Noticias y Actualidad\"}},{\"@type\":\"ListItem\",\"@id\":\"https:\\\/\\\/eldigitaldeasturias.com\\\/magazine365\\\/category\\\/noticias-actualidad\\\/#listItem\",\"position\":2,\"name\":\"Noticias y Actualidad\",\"item\":\"https:\\\/\\\/eldigitaldeasturias.com\\\/magazine365\\\/category\\\/noticias-actualidad\\\/\",\"nextItem\":{\"@type\":\"ListItem\",\"@id\":\"https:\\\/\\\/eldigitaldeasturias.com\\\/magazine365\\\/trabajadores-alertan-de-la-bajada-de-seguridad-en-el-aeropuerto-tenerife-sur\\\/#listItem\",\"name\":\"Trabajadores alertan de la bajada de seguridad en el aeropuerto Tenerife Sur\"},\"previousItem\":{\"@type\":\"ListItem\",\"@id\":\"https:\\\/\\\/eldigitaldeasturias.com\\\/magazine365#listItem\",\"name\":\"Home\"}},{\"@type\":\"ListItem\",\"@id\":\"https:\\\/\\\/eldigitaldeasturias.com\\\/magazine365\\\/trabajadores-alertan-de-la-bajada-de-seguridad-en-el-aeropuerto-tenerife-sur\\\/#listItem\",\"position\":3,\"name\":\"Trabajadores alertan de la bajada de seguridad en el aeropuerto Tenerife Sur\",\"previousItem\":{\"@type\":\"ListItem\",\"@id\":\"https:\\\/\\\/eldigitaldeasturias.com\\\/magazine365\\\/category\\\/noticias-actualidad\\\/#listItem\",\"name\":\"Noticias y Actualidad\"}}]},{\"@type\":\"Organization\",\"@id\":\"https:\\\/\\\/eldigitaldeasturias.com\\\/magazine365\\\/#organization\",\"name\":\"El digital de Asturias\",\"description\":\"Revista de ocio, turismo y estilo de vida\",\"url\":\"https:\\\/\\\/eldigitaldeasturias.com\\\/magazine365\\\/\",\"logo\":{\"@type\":\"ImageObject\",\"url\":\"https:\\\/\\\/www.eldigitaldeasturias.com\\\/noticias\\\/wp-content\\\/uploads\\\/2020\\\/12\\\/EDA.jpg\",\"@id\":\"https:\\\/\\\/eldigitaldeasturias.com\\\/magazine365\\\/trabajadores-alertan-de-la-bajada-de-seguridad-en-el-aeropuerto-tenerife-sur\\\/#organizationLogo\"},\"image\":{\"@id\":\"https:\\\/\\\/eldigitaldeasturias.com\\\/magazine365\\\/trabajadores-alertan-de-la-bajada-de-seguridad-en-el-aeropuerto-tenerife-sur\\\/#organizationLogo\"}},{\"@type\":\"Person\",\"@id\":\"https:\\\/\\\/eldigitaldeasturias.com\\\/magazine365\\\/author\\\/admin\\\/#author\",\"url\":\"https:\\\/\\\/eldigitaldeasturias.com\\\/magazine365\\\/author\\\/admin\\\/\",\"name\":\"admin\",\"image\":{\"@type\":\"ImageObject\",\"@id\":\"https:\\\/\\\/eldigitaldeasturias.com\\\/magazine365\\\/trabajadores-alertan-de-la-bajada-de-seguridad-en-el-aeropuerto-tenerife-sur\\\/#authorImage\",\"url\":\"https:\\\/\\\/eldigitaldeasturias.com\\\/magazine365\\\/wp-content\\\/litespeed\\\/avatar\\\/e571bcf59a0edd6fa6838245a470f2fe.jpg?ver=1777574230\",\"width\":96,\"height\":96,\"caption\":\"admin\"}},{\"@type\":\"WebPage\",\"@id\":\"https:\\\/\\\/eldigitaldeasturias.com\\\/magazine365\\\/trabajadores-alertan-de-la-bajada-de-seguridad-en-el-aeropuerto-tenerife-sur\\\/#webpage\",\"url\":\"https:\\\/\\\/eldigitaldeasturias.com\\\/magazine365\\\/trabajadores-alertan-de-la-bajada-de-seguridad-en-el-aeropuerto-tenerife-sur\\\/\",\"name\":\"Trabajadores alertan de la bajada de seguridad en el aeropuerto Tenerife Sur | El Digital de Asturias\",\"description\":\"El Comit\\u00e9 de Centro Aeropuerto Tenerife Sur ha alertado de la \\\"an\\u00f3mala situaci\\u00f3n\\\" producida el pasado 15 de noviembre, en el turno de noche, donde por parte de la Direcci\\u00f3n del Reina Sof\\u00eda \\\"se acord\\u00f3 bajar la categor\\u00eda de protecci\\u00f3n del aeropuerto desde el nivel habitual, que es el 9, a un nivel de protecci\\u00f3n\",\"inLanguage\":\"es-ES\",\"isPartOf\":{\"@id\":\"https:\\\/\\\/eldigitaldeasturias.com\\\/magazine365\\\/#website\"},\"breadcrumb\":{\"@id\":\"https:\\\/\\\/eldigitaldeasturias.com\\\/magazine365\\\/trabajadores-alertan-de-la-bajada-de-seguridad-en-el-aeropuerto-tenerife-sur\\\/#breadcrumblist\"},\"author\":{\"@id\":\"https:\\\/\\\/eldigitaldeasturias.com\\\/magazine365\\\/author\\\/admin\\\/#author\"},\"creator\":{\"@id\":\"https:\\\/\\\/eldigitaldeasturias.com\\\/magazine365\\\/author\\\/admin\\\/#author\"},\"image\":{\"@type\":\"ImageObject\",\"url\":\"https:\\\/\\\/eldigitaldeasturias.com\\\/magazine365\\\/wp-content\\\/uploads\\\/2015\\\/12\\\/fotonoticia_20151218152646_800.jpg\",\"@id\":\"https:\\\/\\\/eldigitaldeasturias.com\\\/magazine365\\\/trabajadores-alertan-de-la-bajada-de-seguridad-en-el-aeropuerto-tenerife-sur\\\/#mainImage\",\"width\":800,\"height\":506},\"primaryImageOfPage\":{\"@id\":\"https:\\\/\\\/eldigitaldeasturias.com\\\/magazine365\\\/trabajadores-alertan-de-la-bajada-de-seguridad-en-el-aeropuerto-tenerife-sur\\\/#mainImage\"},\"datePublished\":\"2015-12-19T11:32:22+01:00\",\"dateModified\":\"2015-12-19T11:32:22+01:00\"},{\"@type\":\"WebSite\",\"@id\":\"https:\\\/\\\/eldigitaldeasturias.com\\\/magazine365\\\/#website\",\"url\":\"https:\\\/\\\/eldigitaldeasturias.com\\\/magazine365\\\/\",\"name\":\"El Digital de Asturias\",\"description\":\"Revista de ocio, turismo y estilo de vida\",\"inLanguage\":\"es-ES\",\"publisher\":{\"@id\":\"https:\\\/\\\/eldigitaldeasturias.com\\\/magazine365\\\/#organization\"}}]}\n\t\t<\/script>\n\t\t<!-- All in One SEO Pro -->\r\n\t\t<title>Trabajadores alertan de la bajada de seguridad en el aeropuerto Tenerife Sur | El Digital de Asturias<\/title>\n\n","aioseo_head_json":{"title":"Trabajadores alertan de la bajada de seguridad en el aeropuerto Tenerife Sur | El Digital de Asturias","description":"El Comit\u00e9 de Centro Aeropuerto Tenerife Sur ha alertado de la \"an\u00f3mala situaci\u00f3n\" producida el pasado 15 de noviembre, en el turno de noche, donde por parte de la Direcci\u00f3n del Reina Sof\u00eda \"se acord\u00f3 bajar la categor\u00eda de protecci\u00f3n del aeropuerto desde el nivel habitual, que es el 9, a un nivel de protecci\u00f3n","canonical_url":"https:\/\/eldigitaldeasturias.com\/magazine365\/trabajadores-alertan-de-la-bajada-de-seguridad-en-el-aeropuerto-tenerife-sur\/","robots":"max-image-preview:large","keywords":"noticias y actualidad","webmasterTools":{"google-site-verification":"UA-38556648-1","miscellaneous":""},"schema":{"@context":"https:\/\/schema.org","@graph":[{"@type":"Article","@id":"https:\/\/eldigitaldeasturias.com\/magazine365\/trabajadores-alertan-de-la-bajada-de-seguridad-en-el-aeropuerto-tenerife-sur\/#article","name":"Trabajadores alertan de la bajada de seguridad en el aeropuerto Tenerife Sur | El Digital de Asturias","headline":"Trabajadores alertan de la bajada de seguridad en el aeropuerto Tenerife Sur","author":{"@id":"https:\/\/eldigitaldeasturias.com\/magazine365\/author\/admin\/#author"},"publisher":{"@id":"https:\/\/eldigitaldeasturias.com\/magazine365\/#organization"},"image":{"@type":"ImageObject","url":"https:\/\/eldigitaldeasturias.com\/magazine365\/wp-content\/uploads\/2015\/12\/fotonoticia_20151218152646_800.jpg","width":800,"height":506},"datePublished":"2015-12-19T11:32:22+01:00","dateModified":"2015-12-19T11:32:22+01:00","inLanguage":"es-ES","mainEntityOfPage":{"@id":"https:\/\/eldigitaldeasturias.com\/magazine365\/trabajadores-alertan-de-la-bajada-de-seguridad-en-el-aeropuerto-tenerife-sur\/#webpage"},"isPartOf":{"@id":"https:\/\/eldigitaldeasturias.com\/magazine365\/trabajadores-alertan-de-la-bajada-de-seguridad-en-el-aeropuerto-tenerife-sur\/#webpage"},"articleSection":"Noticias y Actualidad"},{"@type":"BreadcrumbList","@id":"https:\/\/eldigitaldeasturias.com\/magazine365\/trabajadores-alertan-de-la-bajada-de-seguridad-en-el-aeropuerto-tenerife-sur\/#breadcrumblist","itemListElement":[{"@type":"ListItem","@id":"https:\/\/eldigitaldeasturias.com\/magazine365#listItem","position":1,"name":"Home","item":"https:\/\/eldigitaldeasturias.com\/magazine365","nextItem":{"@type":"ListItem","@id":"https:\/\/eldigitaldeasturias.com\/magazine365\/category\/noticias-actualidad\/#listItem","name":"Noticias y Actualidad"}},{"@type":"ListItem","@id":"https:\/\/eldigitaldeasturias.com\/magazine365\/category\/noticias-actualidad\/#listItem","position":2,"name":"Noticias y Actualidad","item":"https:\/\/eldigitaldeasturias.com\/magazine365\/category\/noticias-actualidad\/","nextItem":{"@type":"ListItem","@id":"https:\/\/eldigitaldeasturias.com\/magazine365\/trabajadores-alertan-de-la-bajada-de-seguridad-en-el-aeropuerto-tenerife-sur\/#listItem","name":"Trabajadores alertan de la bajada de seguridad en el aeropuerto Tenerife Sur"},"previousItem":{"@type":"ListItem","@id":"https:\/\/eldigitaldeasturias.com\/magazine365#listItem","name":"Home"}},{"@type":"ListItem","@id":"https:\/\/eldigitaldeasturias.com\/magazine365\/trabajadores-alertan-de-la-bajada-de-seguridad-en-el-aeropuerto-tenerife-sur\/#listItem","position":3,"name":"Trabajadores alertan de la bajada de seguridad en el aeropuerto Tenerife Sur","previousItem":{"@type":"ListItem","@id":"https:\/\/eldigitaldeasturias.com\/magazine365\/category\/noticias-actualidad\/#listItem","name":"Noticias y Actualidad"}}]},{"@type":"Organization","@id":"https:\/\/eldigitaldeasturias.com\/magazine365\/#organization","name":"El digital de Asturias","description":"Revista de ocio, turismo y estilo de vida","url":"https:\/\/eldigitaldeasturias.com\/magazine365\/","logo":{"@type":"ImageObject","url":"https:\/\/www.eldigitaldeasturias.com\/noticias\/wp-content\/uploads\/2020\/12\/EDA.jpg","@id":"https:\/\/eldigitaldeasturias.com\/magazine365\/trabajadores-alertan-de-la-bajada-de-seguridad-en-el-aeropuerto-tenerife-sur\/#organizationLogo"},"image":{"@id":"https:\/\/eldigitaldeasturias.com\/magazine365\/trabajadores-alertan-de-la-bajada-de-seguridad-en-el-aeropuerto-tenerife-sur\/#organizationLogo"}},{"@type":"Person","@id":"https:\/\/eldigitaldeasturias.com\/magazine365\/author\/admin\/#author","url":"https:\/\/eldigitaldeasturias.com\/magazine365\/author\/admin\/","name":"admin","image":{"@type":"ImageObject","@id":"https:\/\/eldigitaldeasturias.com\/magazine365\/trabajadores-alertan-de-la-bajada-de-seguridad-en-el-aeropuerto-tenerife-sur\/#authorImage","url":"https:\/\/eldigitaldeasturias.com\/magazine365\/wp-content\/litespeed\/avatar\/e571bcf59a0edd6fa6838245a470f2fe.jpg?ver=1777574230","width":96,"height":96,"caption":"admin"}},{"@type":"WebPage","@id":"https:\/\/eldigitaldeasturias.com\/magazine365\/trabajadores-alertan-de-la-bajada-de-seguridad-en-el-aeropuerto-tenerife-sur\/#webpage","url":"https:\/\/eldigitaldeasturias.com\/magazine365\/trabajadores-alertan-de-la-bajada-de-seguridad-en-el-aeropuerto-tenerife-sur\/","name":"Trabajadores alertan de la bajada de seguridad en el aeropuerto Tenerife Sur | El Digital de Asturias","description":"El Comit\u00e9 de Centro Aeropuerto Tenerife Sur ha alertado de la \"an\u00f3mala situaci\u00f3n\" producida el pasado 15 de noviembre, en el turno de noche, donde por parte de la Direcci\u00f3n del Reina Sof\u00eda \"se acord\u00f3 bajar la categor\u00eda de protecci\u00f3n del aeropuerto desde el nivel habitual, que es el 9, a un nivel de protecci\u00f3n","inLanguage":"es-ES","isPartOf":{"@id":"https:\/\/eldigitaldeasturias.com\/magazine365\/#website"},"breadcrumb":{"@id":"https:\/\/eldigitaldeasturias.com\/magazine365\/trabajadores-alertan-de-la-bajada-de-seguridad-en-el-aeropuerto-tenerife-sur\/#breadcrumblist"},"author":{"@id":"https:\/\/eldigitaldeasturias.com\/magazine365\/author\/admin\/#author"},"creator":{"@id":"https:\/\/eldigitaldeasturias.com\/magazine365\/author\/admin\/#author"},"image":{"@type":"ImageObject","url":"https:\/\/eldigitaldeasturias.com\/magazine365\/wp-content\/uploads\/2015\/12\/fotonoticia_20151218152646_800.jpg","@id":"https:\/\/eldigitaldeasturias.com\/magazine365\/trabajadores-alertan-de-la-bajada-de-seguridad-en-el-aeropuerto-tenerife-sur\/#mainImage","width":800,"height":506},"primaryImageOfPage":{"@id":"https:\/\/eldigitaldeasturias.com\/magazine365\/trabajadores-alertan-de-la-bajada-de-seguridad-en-el-aeropuerto-tenerife-sur\/#mainImage"},"datePublished":"2015-12-19T11:32:22+01:00","dateModified":"2015-12-19T11:32:22+01:00"},{"@type":"WebSite","@id":"https:\/\/eldigitaldeasturias.com\/magazine365\/#website","url":"https:\/\/eldigitaldeasturias.com\/magazine365\/","name":"El Digital de Asturias","description":"Revista de ocio, turismo y estilo de vida","inLanguage":"es-ES","publisher":{"@id":"https:\/\/eldigitaldeasturias.com\/magazine365\/#organization"}}]},"og:locale":"es_ES","og:site_name":"El Digital de Asturias \u2013 Revista de ocio, turismo y estilo de vida","og:type":"article","og:title":"Trabajadores alertan de la bajada de seguridad en el aeropuerto Tenerife Sur | El Digital de Asturias","og:description":"El Comit\u00e9 de Centro Aeropuerto Tenerife Sur ha alertado de la &quot;an\u00f3mala situaci\u00f3n&quot; producida el pasado 15 de noviembre, en el turno de noche, donde por parte de la Direcci\u00f3n del Reina Sof\u00eda &quot;se acord\u00f3 bajar la categor\u00eda de protecci\u00f3n del aeropuerto desde el nivel habitual, que es el 9, a un nivel de protecci\u00f3n","og:url":"https:\/\/eldigitaldeasturias.com\/magazine365\/trabajadores-alertan-de-la-bajada-de-seguridad-en-el-aeropuerto-tenerife-sur\/","og:image":"https:\/\/eldigitaldeasturias.com\/magazine365\/wp-content\/uploads\/2015\/12\/fotonoticia_20151218152646_800.jpg","og:image:secure_url":"https:\/\/eldigitaldeasturias.com\/magazine365\/wp-content\/uploads\/2015\/12\/fotonoticia_20151218152646_800.jpg","og:image:width":800,"og:image:height":506,"article:published_time":"2015-12-19T10:32:22+00:00","article:modified_time":"2015-12-19T10:32:22+00:00","twitter:card":"summary_large_image","twitter:title":"Trabajadores alertan de la bajada de seguridad en el aeropuerto Tenerife Sur | El Digital de Asturias","twitter:description":"El Comit\u00e9 de Centro Aeropuerto Tenerife Sur ha alertado de la &quot;an\u00f3mala situaci\u00f3n&quot; producida el pasado 15 de noviembre, en el turno de noche, donde por parte de la Direcci\u00f3n del Reina Sof\u00eda &quot;se acord\u00f3 bajar la categor\u00eda de protecci\u00f3n del aeropuerto desde el nivel habitual, que es el 9, a un nivel de protecci\u00f3n","twitter:image":"https:\/\/eldigitaldeasturias.com\/magazine365\/wp-content\/uploads\/2015\/12\/fotonoticia_20151218152646_800.jpg"},"aioseo_meta_data":{"post_id":"58965","title":null,"description":null,"keywords":null,"keyphrases":null,"primary_term":null,"canonical_url":null,"og_title":null,"og_description":null,"og_object_type":"default","og_image_type":"default","og_image_url":null,"og_image_width":null,"og_image_height":null,"og_image_custom_url":null,"og_image_custom_fields":null,"og_video":null,"og_custom_url":null,"og_article_section":null,"og_article_tags":null,"twitter_use_og":false,"twitter_card":"default","twitter_image_type":"default","twitter_image_url":null,"twitter_image_custom_url":null,"twitter_image_custom_fields":null,"twitter_title":null,"twitter_description":null,"schema":{"blockGraphs":[],"customGraphs":[],"default":{"data":{"Article":[],"Course":[],"Dataset":[],"FAQPage":[],"Movie":[],"Person":[],"Product":[],"ProductReview":[],"Car":[],"Recipe":[],"Service":[],"SoftwareApplication":[],"WebPage":[]},"graphName":"","isEnabled":true},"graphs":[],"defaultGraph":"","defaultPostTypeGraph":""},"schema_type":null,"schema_type_options":null,"pillar_content":false,"robots_default":true,"robots_noindex":false,"robots_noarchive":false,"robots_nosnippet":false,"robots_nofollow":false,"robots_noimageindex":false,"robots_noodp":false,"robots_notranslate":false,"robots_max_snippet":null,"robots_max_videopreview":null,"robots_max_imagepreview":"large","priority":null,"frequency":null,"location":null,"local_seo":null,"seo_analyzer_scan_date":"2025-09-25 03:59:15","breadcrumb_settings":null,"limit_modified_date":false,"open_ai":null,"ai":null,"created":"2021-03-08 22:22:54","updated":"2025-09-25 03:59:15"},"aioseo_breadcrumb":"<div class=\"aioseo-breadcrumbs\"><span class=\"aioseo-breadcrumb\">\n\t<a href=\"https:\/\/eldigitaldeasturias.com\/magazine365\" title=\"Home\">Home<\/a>\n<\/span><span class=\"aioseo-breadcrumb-separator\">\u2013<\/span><span class=\"aioseo-breadcrumb\">\n\t<a href=\"https:\/\/eldigitaldeasturias.com\/magazine365\/category\/noticias-actualidad\/\" title=\"Noticias y Actualidad\">Noticias y Actualidad<\/a>\n<\/span><span class=\"aioseo-breadcrumb-separator\">\u2013<\/span><span class=\"aioseo-breadcrumb\">\n\t<a href=\"https:\/\/eldigitaldeasturias.com\/magazine365\/trabajadores-alertan-de-la-bajada-de-seguridad-en-el-aeropuerto-tenerife-sur\/\" title=\"Trabajadores alertan de la bajada de seguridad en el aeropuerto Tenerife Sur\">Trabajadores alertan de la bajada de seguridad en el aeropuerto Tenerife Sur<\/a>\n<\/span><\/div>","aioseo_breadcrumb_json":[{"label":"Home","link":"https:\/\/eldigitaldeasturias.com\/magazine365"},{"label":"Noticias y Actualidad","link":"https:\/\/eldigitaldeasturias.com\/magazine365\/category\/noticias-actualidad\/"},{"label":"Trabajadores alertan de la bajada de seguridad en el aeropuerto Tenerife Sur","link":"https:\/\/eldigitaldeasturias.com\/magazine365\/trabajadores-alertan-de-la-bajada-de-seguridad-en-el-aeropuerto-tenerife-sur\/"}],"_links":{"self":[{"href":"https:\/\/eldigitaldeasturias.com\/magazine365\/wp-json\/wp\/v2\/posts\/58965","targetHints":{"allow":["GET"]}}],"collection":[{"href":"https:\/\/eldigitaldeasturias.com\/magazine365\/wp-json\/wp\/v2\/posts"}],"about":[{"href":"https:\/\/eldigitaldeasturias.com\/magazine365\/wp-json\/wp\/v2\/types\/post"}],"author":[{"embeddable":true,"href":"https:\/\/eldigitaldeasturias.com\/magazine365\/wp-json\/wp\/v2\/users\/1"}],"replies":[{"embeddable":true,"href":"https:\/\/eldigitaldeasturias.com\/magazine365\/wp-json\/wp\/v2\/comments?post=58965"}],"version-history":[{"count":0,"href":"https:\/\/eldigitaldeasturias.com\/magazine365\/wp-json\/wp\/v2\/posts\/58965\/revisions"}],"wp:featuredmedia":[{"embeddable":true,"href":"https:\/\/eldigitaldeasturias.com\/magazine365\/wp-json\/wp\/v2\/media\/58966"}],"wp:attachment":[{"href":"https:\/\/eldigitaldeasturias.com\/magazine365\/wp-json\/wp\/v2\/media?parent=58965"}],"wp:term":[{"taxonomy":"category","embeddable":true,"href":"https:\/\/eldigitaldeasturias.com\/magazine365\/wp-json\/wp\/v2\/categories?post=58965"},{"taxonomy":"post_tag","embeddable":true,"href":"https:\/\/eldigitaldeasturias.com\/magazine365\/wp-json\/wp\/v2\/tags?post=58965"}],"curies":[{"name":"wp","href":"https:\/\/api.w.org\/{rel}","templated":true}]}}