{"id":58945,"date":"2015-12-19T11:22:44","date_gmt":"2015-12-19T10:22:44","guid":{"rendered":"http:\/\/eldigitaldeasturias.com\/magazine365\/?p=58945"},"modified":"2015-12-19T11:22:44","modified_gmt":"2015-12-19T10:22:44","slug":"santiago-celebrara-sus-30-anos-como-ciudad-patrimonio","status":"publish","type":"post","link":"https:\/\/eldigitaldeasturias.com\/magazine365\/santiago-celebrara-sus-30-anos-como-ciudad-patrimonio\/","title":{"rendered":"Santiago celebrar\u00e1 sus 30 a\u00f1os como Ciudad Patrimonio"},"content":{"rendered":"<p><img fetchpriority=\"high\" decoding=\"async\" class=\"alignleft size-medium wp-image-58946\" src=\"https:\/\/eldigitaldeasturias.com\/magazine365\/wp-content\/uploads\/2015\/12\/fotonoticia_20151218143746_800-360x270.jpg\" alt=\"fotonoticia_20151218143746_800\" width=\"360\" height=\"270\" srcset=\"https:\/\/eldigitaldeasturias.com\/magazine365\/wp-content\/uploads\/2015\/12\/fotonoticia_20151218143746_800-360x270.jpg 360w, https:\/\/eldigitaldeasturias.com\/magazine365\/wp-content\/uploads\/2015\/12\/fotonoticia_20151218143746_800-650x488.jpg 650w, https:\/\/eldigitaldeasturias.com\/magazine365\/wp-content\/uploads\/2015\/12\/fotonoticia_20151218143746_800-768x576.jpg 768w, https:\/\/eldigitaldeasturias.com\/magazine365\/wp-content\/uploads\/2015\/12\/fotonoticia_20151218143746_800-150x113.jpg 150w, https:\/\/eldigitaldeasturias.com\/magazine365\/wp-content\/uploads\/2015\/12\/fotonoticia_20151218143746_800-450x338.jpg 450w, https:\/\/eldigitaldeasturias.com\/magazine365\/wp-content\/uploads\/2015\/12\/fotonoticia_20151218143746_800-80x60.jpg 80w, https:\/\/eldigitaldeasturias.com\/magazine365\/wp-content\/uploads\/2015\/12\/fotonoticia_20151218143746_800-265x198.jpg 265w, https:\/\/eldigitaldeasturias.com\/magazine365\/wp-content\/uploads\/2015\/12\/fotonoticia_20151218143746_800-696x522.jpg 696w, https:\/\/eldigitaldeasturias.com\/magazine365\/wp-content\/uploads\/2015\/12\/fotonoticia_20151218143746_800-560x420.jpg 560w, https:\/\/eldigitaldeasturias.com\/magazine365\/wp-content\/uploads\/2015\/12\/fotonoticia_20151218143746_800-90x67.jpg 90w, https:\/\/eldigitaldeasturias.com\/magazine365\/wp-content\/uploads\/2015\/12\/fotonoticia_20151218143746_800-100x75.jpg 100w, https:\/\/eldigitaldeasturias.com\/magazine365\/wp-content\/uploads\/2015\/12\/fotonoticia_20151218143746_800.jpg 800w\" sizes=\"(max-width: 360px) 100vw, 360px\" \/>El Ayuntamiento de Santiago celebrar\u00e1 el acto de conmemoraci\u00f3n del 30 aniversario de la declaraci\u00f3n de Santiago como Ciudad Patrimonio de la Humanidad a trav\u00e9s de la campa\u00f1a &#8216;Santiago no coraz\u00f3n. Os coraz\u00f3ns de Compostela&#8217;.<\/p>\n<p>En concreto, dentro de esta campa\u00f1a tendr\u00e1 lugar un acto ciudadano en el que el exalcalde de Santiago Xerardo Est\u00e9vez, quien gobernaba la ciudad cuando se le otorg\u00f3 tal reconocimiento en 1985, impartir\u00e1 una conferencia titulada &#8216;Cidade hist\u00f3rica e Cami\u00f1o: un mesmo porvir&#8217;.<\/p>\n<p>Este acto tendr\u00e1 lugar el pr\u00f3ximo martes 29 de diciembre en el CGAC y en \u00e9l, adem\u00e1s del exalcalde socialista, intervendr\u00e1n el actual regidor de Santiago, Marti\u00f1o Noriega, as\u00ed como los portavoces de la oposici\u00f3n y representantes del tejido asociativo del Casco Hist\u00f3rico.<\/p>\n<p>Y es que el objetivo de este acto ciudadano pasa por celebrar los 30 a\u00f1os de Santiago como Ciudad Patrimonio, aprender de la historia y tener en cuenta \u00abnuevos enfoques\u00bb para el nuevo plan especial.<\/p>\n<p>Para esta campa\u00f1a, Santiago recibir\u00e1 unos 11.000 euros procedentes del grupo de ciudades patrimonio. Asimismo, Noriega ha explicado que, con esta conmemoraci\u00f3n, se pretende hacer un \u00abejercicio de memoria\u00bb de estos \u00faltimos 30 a\u00f1os, as\u00ed como presentar nuevos retos para la ciudad.<\/p>\n<p>Y es que, a juicio de Noriega, el Casco Hist\u00f3rico tiene que estar habitada por personas, sin tener s\u00f3lo en cuenta su valor patrimonial. \u00abDe nada vale tener una ciudad muy bonita si acaba convertida en un parque tem\u00e1tico\u00bb, ha apostillado.<\/p>\n<p>CASCO HIST\u00d3RICO, \u00abGUETO\u00bb PARA TURISTAS<\/p>\n<p>Por su parte, el concejal responsable de Espacios Ciudadanos, Derecho a la Vivienda y Movilidad, Jorge Duarte, ha hecho hincapi\u00e9 en que la Ciudad Hist\u00f3rica no puede ser un \u00abgueto\u00bb o \u00abcoto\u00bb para turistas, ni que \u00abtodo se dise\u00f1e para ellos\u00bb.<\/p>\n<p>En esta l\u00ednea, ha apostado por cambiar el objetivo, que antes pasaba por \u00abdivulgar la importancia de los monumentos\u00bb, hecho que, en su opini\u00f3n, ya se ha conseguido. En contraposici\u00f3n, ha defendido la necesidad de poner el foco sobre los habitantes del Casco Hist\u00f3rico. \u00abLo importante no son s\u00f3lo las piedras, son las personas\u00bb, ha agregado.<\/p>\n<p>As\u00ed, ha subrayado que, mientras los anteriores 30 a\u00f1os fueron los de la \u00abpuesta en valor\u00bb de los monumentos, los pr\u00f3ximos 30 ser\u00e1n \u00ablos de la ciudad y los de sus habitantes\u00bb.<\/p>\n<p>Por su parte, Noriega tambi\u00e9n ha indicado que se publicar\u00e1 un libro con textos de la Alcald\u00eda y de los portavoces de la oposici\u00f3n que se enviar\u00e1 a los diferentes hogares de Santiago.<\/p>\n<p>PLAN ESPECIAL<\/p>\n<p>En lo que respecta al Plan Especial de Protecci\u00f3n y Rehabilitaci\u00f3n de la Ciudad Hist\u00f3rica, Duarte ha anunciado que se reunir\u00e1 con asociaciones de vecinos de la zona vieja la pr\u00f3xima semana.<\/p>\n<p>En ella, ser\u00e1 prioritario el plan de gesti\u00f3n que acompa\u00f1a al de protecci\u00f3n con el objetivo de mejorar la calidad de vida de los vecinos. Asimismo, ha precisado que ambos avanzan al ritmo \u00abprevisto\u00bb.<\/p>\n","protected":false},"excerpt":{"rendered":"<p>El Ayuntamiento de Santiago celebrar\u00e1 el acto de conmemoraci\u00f3n del 30 aniversario de la declaraci\u00f3n de Santiago como Ciudad Patrimonio de la Humanidad a trav\u00e9s de la campa\u00f1a &#8216;Santiago no coraz\u00f3n. Os coraz\u00f3ns de Compostela&#8217;. En concreto, dentro de esta campa\u00f1a tendr\u00e1 lugar un acto ciudadano en el que el exalcalde de Santiago Xerardo Est\u00e9vez,<\/p>\n","protected":false},"author":1,"featured_media":58946,"comment_status":"open","ping_status":"closed","sticky":false,"template":"","format":"standard","meta":{"footnotes":""},"categories":[224],"tags":[],"class_list":{"0":"post-58945","1":"post","2":"type-post","3":"status-publish","4":"format-standard","5":"has-post-thumbnail","7":"category-noticias-actualidad"},"aioseo_notices":[],"aioseo_head":"\n\t\t<!-- All in One SEO Pro 4.9.6.1 - aioseo.com -->\n\t<meta name=\"description\" content=\"El Ayuntamiento de Santiago celebrar\u00e1 el acto de conmemoraci\u00f3n del 30 aniversario de la declaraci\u00f3n de Santiago como Ciudad Patrimonio de la Humanidad a trav\u00e9s de la campa\u00f1a &#039;Santiago no coraz\u00f3n. Os coraz\u00f3ns de Compostela&#039;. En concreto, dentro de esta campa\u00f1a tendr\u00e1 lugar un acto ciudadano en el que el exalcalde de Santiago Xerardo Est\u00e9vez,\" \/>\n\t<meta name=\"robots\" content=\"max-image-preview:large\" \/>\n\t<meta name=\"author\" content=\"admin\"\/>\n\t<meta name=\"google-site-verification\" content=\"UA-38556648-1\" \/>\n\t<meta name=\"keywords\" content=\"noticias y actualidad\" \/>\n\t<link rel=\"canonical\" href=\"https:\/\/eldigitaldeasturias.com\/magazine365\/santiago-celebrara-sus-30-anos-como-ciudad-patrimonio\/\" \/>\n\t<meta name=\"generator\" content=\"All in One SEO Pro (AIOSEO) 4.9.6.1\" \/>\n\t\t<meta property=\"og:locale\" content=\"es_ES\" \/>\n\t\t<meta property=\"og:site_name\" content=\"El Digital de Asturias \u2013 Revista de ocio, turismo y estilo de vida\" \/>\n\t\t<meta property=\"og:type\" content=\"article\" \/>\n\t\t<meta property=\"og:title\" content=\"Santiago celebrar\u00e1 sus 30 a\u00f1os como Ciudad Patrimonio | El Digital de Asturias\" \/>\n\t\t<meta property=\"og:description\" content=\"El Ayuntamiento de Santiago celebrar\u00e1 el acto de conmemoraci\u00f3n del 30 aniversario de la declaraci\u00f3n de Santiago como Ciudad Patrimonio de la Humanidad a trav\u00e9s de la campa\u00f1a &#039;Santiago no coraz\u00f3n. Os coraz\u00f3ns de Compostela&#039;. En concreto, dentro de esta campa\u00f1a tendr\u00e1 lugar un acto ciudadano en el que el exalcalde de Santiago Xerardo Est\u00e9vez,\" \/>\n\t\t<meta property=\"og:url\" content=\"https:\/\/eldigitaldeasturias.com\/magazine365\/santiago-celebrara-sus-30-anos-como-ciudad-patrimonio\/\" \/>\n\t\t<meta property=\"og:image\" content=\"https:\/\/eldigitaldeasturias.com\/magazine365\/wp-content\/uploads\/2015\/12\/fotonoticia_20151218143746_800.jpg\" \/>\n\t\t<meta property=\"og:image:secure_url\" content=\"https:\/\/eldigitaldeasturias.com\/magazine365\/wp-content\/uploads\/2015\/12\/fotonoticia_20151218143746_800.jpg\" \/>\n\t\t<meta property=\"og:image:width\" content=\"800\" \/>\n\t\t<meta property=\"og:image:height\" content=\"600\" \/>\n\t\t<meta property=\"article:published_time\" content=\"2015-12-19T10:22:44+00:00\" \/>\n\t\t<meta property=\"article:modified_time\" content=\"2015-12-19T10:22:44+00:00\" \/>\n\t\t<meta name=\"twitter:card\" content=\"summary_large_image\" \/>\n\t\t<meta name=\"twitter:title\" content=\"Santiago celebrar\u00e1 sus 30 a\u00f1os como Ciudad Patrimonio | El Digital de Asturias\" \/>\n\t\t<meta name=\"twitter:description\" content=\"El Ayuntamiento de Santiago celebrar\u00e1 el acto de conmemoraci\u00f3n del 30 aniversario de la declaraci\u00f3n de Santiago como Ciudad Patrimonio de la Humanidad a trav\u00e9s de la campa\u00f1a &#039;Santiago no coraz\u00f3n. Os coraz\u00f3ns de Compostela&#039;. En concreto, dentro de esta campa\u00f1a tendr\u00e1 lugar un acto ciudadano en el que el exalcalde de Santiago Xerardo Est\u00e9vez,\" \/>\n\t\t<meta name=\"twitter:image\" content=\"https:\/\/eldigitaldeasturias.com\/magazine365\/wp-content\/uploads\/2015\/12\/fotonoticia_20151218143746_800.jpg\" \/>\n\t\t<script type=\"application\/ld+json\" class=\"aioseo-schema\">\n\t\t\t{\"@context\":\"https:\\\/\\\/schema.org\",\"@graph\":[{\"@type\":\"Article\",\"@id\":\"https:\\\/\\\/eldigitaldeasturias.com\\\/magazine365\\\/santiago-celebrara-sus-30-anos-como-ciudad-patrimonio\\\/#article\",\"name\":\"Santiago celebrar\\u00e1 sus 30 a\\u00f1os como Ciudad Patrimonio | El Digital de Asturias\",\"headline\":\"Santiago celebrar\\u00e1 sus 30 a\\u00f1os como Ciudad Patrimonio\",\"author\":{\"@id\":\"https:\\\/\\\/eldigitaldeasturias.com\\\/magazine365\\\/author\\\/admin\\\/#author\"},\"publisher\":{\"@id\":\"https:\\\/\\\/eldigitaldeasturias.com\\\/magazine365\\\/#organization\"},\"image\":{\"@type\":\"ImageObject\",\"url\":\"https:\\\/\\\/eldigitaldeasturias.com\\\/magazine365\\\/wp-content\\\/uploads\\\/2015\\\/12\\\/fotonoticia_20151218143746_800.jpg\",\"width\":800,\"height\":600},\"datePublished\":\"2015-12-19T11:22:44+01:00\",\"dateModified\":\"2015-12-19T11:22:44+01:00\",\"inLanguage\":\"es-ES\",\"mainEntityOfPage\":{\"@id\":\"https:\\\/\\\/eldigitaldeasturias.com\\\/magazine365\\\/santiago-celebrara-sus-30-anos-como-ciudad-patrimonio\\\/#webpage\"},\"isPartOf\":{\"@id\":\"https:\\\/\\\/eldigitaldeasturias.com\\\/magazine365\\\/santiago-celebrara-sus-30-anos-como-ciudad-patrimonio\\\/#webpage\"},\"articleSection\":\"Noticias y Actualidad\"},{\"@type\":\"BreadcrumbList\",\"@id\":\"https:\\\/\\\/eldigitaldeasturias.com\\\/magazine365\\\/santiago-celebrara-sus-30-anos-como-ciudad-patrimonio\\\/#breadcrumblist\",\"itemListElement\":[{\"@type\":\"ListItem\",\"@id\":\"https:\\\/\\\/eldigitaldeasturias.com\\\/magazine365#listItem\",\"position\":1,\"name\":\"Home\",\"item\":\"https:\\\/\\\/eldigitaldeasturias.com\\\/magazine365\",\"nextItem\":{\"@type\":\"ListItem\",\"@id\":\"https:\\\/\\\/eldigitaldeasturias.com\\\/magazine365\\\/category\\\/noticias-actualidad\\\/#listItem\",\"name\":\"Noticias y Actualidad\"}},{\"@type\":\"ListItem\",\"@id\":\"https:\\\/\\\/eldigitaldeasturias.com\\\/magazine365\\\/category\\\/noticias-actualidad\\\/#listItem\",\"position\":2,\"name\":\"Noticias y Actualidad\",\"item\":\"https:\\\/\\\/eldigitaldeasturias.com\\\/magazine365\\\/category\\\/noticias-actualidad\\\/\",\"nextItem\":{\"@type\":\"ListItem\",\"@id\":\"https:\\\/\\\/eldigitaldeasturias.com\\\/magazine365\\\/santiago-celebrara-sus-30-anos-como-ciudad-patrimonio\\\/#listItem\",\"name\":\"Santiago celebrar\\u00e1 sus 30 a\\u00f1os como Ciudad Patrimonio\"},\"previousItem\":{\"@type\":\"ListItem\",\"@id\":\"https:\\\/\\\/eldigitaldeasturias.com\\\/magazine365#listItem\",\"name\":\"Home\"}},{\"@type\":\"ListItem\",\"@id\":\"https:\\\/\\\/eldigitaldeasturias.com\\\/magazine365\\\/santiago-celebrara-sus-30-anos-como-ciudad-patrimonio\\\/#listItem\",\"position\":3,\"name\":\"Santiago celebrar\\u00e1 sus 30 a\\u00f1os como Ciudad Patrimonio\",\"previousItem\":{\"@type\":\"ListItem\",\"@id\":\"https:\\\/\\\/eldigitaldeasturias.com\\\/magazine365\\\/category\\\/noticias-actualidad\\\/#listItem\",\"name\":\"Noticias y Actualidad\"}}]},{\"@type\":\"Organization\",\"@id\":\"https:\\\/\\\/eldigitaldeasturias.com\\\/magazine365\\\/#organization\",\"name\":\"El digital de Asturias\",\"description\":\"Revista de ocio, turismo y estilo de vida\",\"url\":\"https:\\\/\\\/eldigitaldeasturias.com\\\/magazine365\\\/\",\"logo\":{\"@type\":\"ImageObject\",\"url\":\"https:\\\/\\\/www.eldigitaldeasturias.com\\\/noticias\\\/wp-content\\\/uploads\\\/2020\\\/12\\\/EDA.jpg\",\"@id\":\"https:\\\/\\\/eldigitaldeasturias.com\\\/magazine365\\\/santiago-celebrara-sus-30-anos-como-ciudad-patrimonio\\\/#organizationLogo\"},\"image\":{\"@id\":\"https:\\\/\\\/eldigitaldeasturias.com\\\/magazine365\\\/santiago-celebrara-sus-30-anos-como-ciudad-patrimonio\\\/#organizationLogo\"}},{\"@type\":\"Person\",\"@id\":\"https:\\\/\\\/eldigitaldeasturias.com\\\/magazine365\\\/author\\\/admin\\\/#author\",\"url\":\"https:\\\/\\\/eldigitaldeasturias.com\\\/magazine365\\\/author\\\/admin\\\/\",\"name\":\"admin\",\"image\":{\"@type\":\"ImageObject\",\"@id\":\"https:\\\/\\\/eldigitaldeasturias.com\\\/magazine365\\\/santiago-celebrara-sus-30-anos-como-ciudad-patrimonio\\\/#authorImage\",\"url\":\"https:\\\/\\\/eldigitaldeasturias.com\\\/magazine365\\\/wp-content\\\/litespeed\\\/avatar\\\/e571bcf59a0edd6fa6838245a470f2fe.jpg?ver=1777574230\",\"width\":96,\"height\":96,\"caption\":\"admin\"}},{\"@type\":\"WebPage\",\"@id\":\"https:\\\/\\\/eldigitaldeasturias.com\\\/magazine365\\\/santiago-celebrara-sus-30-anos-como-ciudad-patrimonio\\\/#webpage\",\"url\":\"https:\\\/\\\/eldigitaldeasturias.com\\\/magazine365\\\/santiago-celebrara-sus-30-anos-como-ciudad-patrimonio\\\/\",\"name\":\"Santiago celebrar\\u00e1 sus 30 a\\u00f1os como Ciudad Patrimonio | El Digital de Asturias\",\"description\":\"El Ayuntamiento de Santiago celebrar\\u00e1 el acto de conmemoraci\\u00f3n del 30 aniversario de la declaraci\\u00f3n de Santiago como Ciudad Patrimonio de la Humanidad a trav\\u00e9s de la campa\\u00f1a 'Santiago no coraz\\u00f3n. Os coraz\\u00f3ns de Compostela'. En concreto, dentro de esta campa\\u00f1a tendr\\u00e1 lugar un acto ciudadano en el que el exalcalde de Santiago Xerardo Est\\u00e9vez,\",\"inLanguage\":\"es-ES\",\"isPartOf\":{\"@id\":\"https:\\\/\\\/eldigitaldeasturias.com\\\/magazine365\\\/#website\"},\"breadcrumb\":{\"@id\":\"https:\\\/\\\/eldigitaldeasturias.com\\\/magazine365\\\/santiago-celebrara-sus-30-anos-como-ciudad-patrimonio\\\/#breadcrumblist\"},\"author\":{\"@id\":\"https:\\\/\\\/eldigitaldeasturias.com\\\/magazine365\\\/author\\\/admin\\\/#author\"},\"creator\":{\"@id\":\"https:\\\/\\\/eldigitaldeasturias.com\\\/magazine365\\\/author\\\/admin\\\/#author\"},\"image\":{\"@type\":\"ImageObject\",\"url\":\"https:\\\/\\\/eldigitaldeasturias.com\\\/magazine365\\\/wp-content\\\/uploads\\\/2015\\\/12\\\/fotonoticia_20151218143746_800.jpg\",\"@id\":\"https:\\\/\\\/eldigitaldeasturias.com\\\/magazine365\\\/santiago-celebrara-sus-30-anos-como-ciudad-patrimonio\\\/#mainImage\",\"width\":800,\"height\":600},\"primaryImageOfPage\":{\"@id\":\"https:\\\/\\\/eldigitaldeasturias.com\\\/magazine365\\\/santiago-celebrara-sus-30-anos-como-ciudad-patrimonio\\\/#mainImage\"},\"datePublished\":\"2015-12-19T11:22:44+01:00\",\"dateModified\":\"2015-12-19T11:22:44+01:00\"},{\"@type\":\"WebSite\",\"@id\":\"https:\\\/\\\/eldigitaldeasturias.com\\\/magazine365\\\/#website\",\"url\":\"https:\\\/\\\/eldigitaldeasturias.com\\\/magazine365\\\/\",\"name\":\"El Digital de Asturias\",\"description\":\"Revista de ocio, turismo y estilo de vida\",\"inLanguage\":\"es-ES\",\"publisher\":{\"@id\":\"https:\\\/\\\/eldigitaldeasturias.com\\\/magazine365\\\/#organization\"}}]}\n\t\t<\/script>\n\t\t<!-- All in One SEO Pro -->\r\n\t\t<title>Santiago celebrar\u00e1 sus 30 a\u00f1os como Ciudad Patrimonio | El Digital de Asturias<\/title>\n\n","aioseo_head_json":{"title":"Santiago celebrar\u00e1 sus 30 a\u00f1os como Ciudad Patrimonio | El Digital de Asturias","description":"El Ayuntamiento de Santiago celebrar\u00e1 el acto de conmemoraci\u00f3n del 30 aniversario de la declaraci\u00f3n de Santiago como Ciudad Patrimonio de la Humanidad a trav\u00e9s de la campa\u00f1a 'Santiago no coraz\u00f3n. Os coraz\u00f3ns de Compostela'. En concreto, dentro de esta campa\u00f1a tendr\u00e1 lugar un acto ciudadano en el que el exalcalde de Santiago Xerardo Est\u00e9vez,","canonical_url":"https:\/\/eldigitaldeasturias.com\/magazine365\/santiago-celebrara-sus-30-anos-como-ciudad-patrimonio\/","robots":"max-image-preview:large","keywords":"noticias y actualidad","webmasterTools":{"google-site-verification":"UA-38556648-1","miscellaneous":""},"schema":{"@context":"https:\/\/schema.org","@graph":[{"@type":"Article","@id":"https:\/\/eldigitaldeasturias.com\/magazine365\/santiago-celebrara-sus-30-anos-como-ciudad-patrimonio\/#article","name":"Santiago celebrar\u00e1 sus 30 a\u00f1os como Ciudad Patrimonio | El Digital de Asturias","headline":"Santiago celebrar\u00e1 sus 30 a\u00f1os como Ciudad Patrimonio","author":{"@id":"https:\/\/eldigitaldeasturias.com\/magazine365\/author\/admin\/#author"},"publisher":{"@id":"https:\/\/eldigitaldeasturias.com\/magazine365\/#organization"},"image":{"@type":"ImageObject","url":"https:\/\/eldigitaldeasturias.com\/magazine365\/wp-content\/uploads\/2015\/12\/fotonoticia_20151218143746_800.jpg","width":800,"height":600},"datePublished":"2015-12-19T11:22:44+01:00","dateModified":"2015-12-19T11:22:44+01:00","inLanguage":"es-ES","mainEntityOfPage":{"@id":"https:\/\/eldigitaldeasturias.com\/magazine365\/santiago-celebrara-sus-30-anos-como-ciudad-patrimonio\/#webpage"},"isPartOf":{"@id":"https:\/\/eldigitaldeasturias.com\/magazine365\/santiago-celebrara-sus-30-anos-como-ciudad-patrimonio\/#webpage"},"articleSection":"Noticias y Actualidad"},{"@type":"BreadcrumbList","@id":"https:\/\/eldigitaldeasturias.com\/magazine365\/santiago-celebrara-sus-30-anos-como-ciudad-patrimonio\/#breadcrumblist","itemListElement":[{"@type":"ListItem","@id":"https:\/\/eldigitaldeasturias.com\/magazine365#listItem","position":1,"name":"Home","item":"https:\/\/eldigitaldeasturias.com\/magazine365","nextItem":{"@type":"ListItem","@id":"https:\/\/eldigitaldeasturias.com\/magazine365\/category\/noticias-actualidad\/#listItem","name":"Noticias y Actualidad"}},{"@type":"ListItem","@id":"https:\/\/eldigitaldeasturias.com\/magazine365\/category\/noticias-actualidad\/#listItem","position":2,"name":"Noticias y Actualidad","item":"https:\/\/eldigitaldeasturias.com\/magazine365\/category\/noticias-actualidad\/","nextItem":{"@type":"ListItem","@id":"https:\/\/eldigitaldeasturias.com\/magazine365\/santiago-celebrara-sus-30-anos-como-ciudad-patrimonio\/#listItem","name":"Santiago celebrar\u00e1 sus 30 a\u00f1os como Ciudad Patrimonio"},"previousItem":{"@type":"ListItem","@id":"https:\/\/eldigitaldeasturias.com\/magazine365#listItem","name":"Home"}},{"@type":"ListItem","@id":"https:\/\/eldigitaldeasturias.com\/magazine365\/santiago-celebrara-sus-30-anos-como-ciudad-patrimonio\/#listItem","position":3,"name":"Santiago celebrar\u00e1 sus 30 a\u00f1os como Ciudad Patrimonio","previousItem":{"@type":"ListItem","@id":"https:\/\/eldigitaldeasturias.com\/magazine365\/category\/noticias-actualidad\/#listItem","name":"Noticias y Actualidad"}}]},{"@type":"Organization","@id":"https:\/\/eldigitaldeasturias.com\/magazine365\/#organization","name":"El digital de Asturias","description":"Revista de ocio, turismo y estilo de vida","url":"https:\/\/eldigitaldeasturias.com\/magazine365\/","logo":{"@type":"ImageObject","url":"https:\/\/www.eldigitaldeasturias.com\/noticias\/wp-content\/uploads\/2020\/12\/EDA.jpg","@id":"https:\/\/eldigitaldeasturias.com\/magazine365\/santiago-celebrara-sus-30-anos-como-ciudad-patrimonio\/#organizationLogo"},"image":{"@id":"https:\/\/eldigitaldeasturias.com\/magazine365\/santiago-celebrara-sus-30-anos-como-ciudad-patrimonio\/#organizationLogo"}},{"@type":"Person","@id":"https:\/\/eldigitaldeasturias.com\/magazine365\/author\/admin\/#author","url":"https:\/\/eldigitaldeasturias.com\/magazine365\/author\/admin\/","name":"admin","image":{"@type":"ImageObject","@id":"https:\/\/eldigitaldeasturias.com\/magazine365\/santiago-celebrara-sus-30-anos-como-ciudad-patrimonio\/#authorImage","url":"https:\/\/eldigitaldeasturias.com\/magazine365\/wp-content\/litespeed\/avatar\/e571bcf59a0edd6fa6838245a470f2fe.jpg?ver=1777574230","width":96,"height":96,"caption":"admin"}},{"@type":"WebPage","@id":"https:\/\/eldigitaldeasturias.com\/magazine365\/santiago-celebrara-sus-30-anos-como-ciudad-patrimonio\/#webpage","url":"https:\/\/eldigitaldeasturias.com\/magazine365\/santiago-celebrara-sus-30-anos-como-ciudad-patrimonio\/","name":"Santiago celebrar\u00e1 sus 30 a\u00f1os como Ciudad Patrimonio | El Digital de Asturias","description":"El Ayuntamiento de Santiago celebrar\u00e1 el acto de conmemoraci\u00f3n del 30 aniversario de la declaraci\u00f3n de Santiago como Ciudad Patrimonio de la Humanidad a trav\u00e9s de la campa\u00f1a 'Santiago no coraz\u00f3n. Os coraz\u00f3ns de Compostela'. En concreto, dentro de esta campa\u00f1a tendr\u00e1 lugar un acto ciudadano en el que el exalcalde de Santiago Xerardo Est\u00e9vez,","inLanguage":"es-ES","isPartOf":{"@id":"https:\/\/eldigitaldeasturias.com\/magazine365\/#website"},"breadcrumb":{"@id":"https:\/\/eldigitaldeasturias.com\/magazine365\/santiago-celebrara-sus-30-anos-como-ciudad-patrimonio\/#breadcrumblist"},"author":{"@id":"https:\/\/eldigitaldeasturias.com\/magazine365\/author\/admin\/#author"},"creator":{"@id":"https:\/\/eldigitaldeasturias.com\/magazine365\/author\/admin\/#author"},"image":{"@type":"ImageObject","url":"https:\/\/eldigitaldeasturias.com\/magazine365\/wp-content\/uploads\/2015\/12\/fotonoticia_20151218143746_800.jpg","@id":"https:\/\/eldigitaldeasturias.com\/magazine365\/santiago-celebrara-sus-30-anos-como-ciudad-patrimonio\/#mainImage","width":800,"height":600},"primaryImageOfPage":{"@id":"https:\/\/eldigitaldeasturias.com\/magazine365\/santiago-celebrara-sus-30-anos-como-ciudad-patrimonio\/#mainImage"},"datePublished":"2015-12-19T11:22:44+01:00","dateModified":"2015-12-19T11:22:44+01:00"},{"@type":"WebSite","@id":"https:\/\/eldigitaldeasturias.com\/magazine365\/#website","url":"https:\/\/eldigitaldeasturias.com\/magazine365\/","name":"El Digital de Asturias","description":"Revista de ocio, turismo y estilo de vida","inLanguage":"es-ES","publisher":{"@id":"https:\/\/eldigitaldeasturias.com\/magazine365\/#organization"}}]},"og:locale":"es_ES","og:site_name":"El Digital de Asturias \u2013 Revista de ocio, turismo y estilo de vida","og:type":"article","og:title":"Santiago celebrar\u00e1 sus 30 a\u00f1os como Ciudad Patrimonio | El Digital de Asturias","og:description":"El Ayuntamiento de Santiago celebrar\u00e1 el acto de conmemoraci\u00f3n del 30 aniversario de la declaraci\u00f3n de Santiago como Ciudad Patrimonio de la Humanidad a trav\u00e9s de la campa\u00f1a 'Santiago no coraz\u00f3n. Os coraz\u00f3ns de Compostela'. En concreto, dentro de esta campa\u00f1a tendr\u00e1 lugar un acto ciudadano en el que el exalcalde de Santiago Xerardo Est\u00e9vez,","og:url":"https:\/\/eldigitaldeasturias.com\/magazine365\/santiago-celebrara-sus-30-anos-como-ciudad-patrimonio\/","og:image":"https:\/\/eldigitaldeasturias.com\/magazine365\/wp-content\/uploads\/2015\/12\/fotonoticia_20151218143746_800.jpg","og:image:secure_url":"https:\/\/eldigitaldeasturias.com\/magazine365\/wp-content\/uploads\/2015\/12\/fotonoticia_20151218143746_800.jpg","og:image:width":800,"og:image:height":600,"article:published_time":"2015-12-19T10:22:44+00:00","article:modified_time":"2015-12-19T10:22:44+00:00","twitter:card":"summary_large_image","twitter:title":"Santiago celebrar\u00e1 sus 30 a\u00f1os como Ciudad Patrimonio | El Digital de Asturias","twitter:description":"El Ayuntamiento de Santiago celebrar\u00e1 el acto de conmemoraci\u00f3n del 30 aniversario de la declaraci\u00f3n de Santiago como Ciudad Patrimonio de la Humanidad a trav\u00e9s de la campa\u00f1a 'Santiago no coraz\u00f3n. Os coraz\u00f3ns de Compostela'. En concreto, dentro de esta campa\u00f1a tendr\u00e1 lugar un acto ciudadano en el que el exalcalde de Santiago Xerardo Est\u00e9vez,","twitter:image":"https:\/\/eldigitaldeasturias.com\/magazine365\/wp-content\/uploads\/2015\/12\/fotonoticia_20151218143746_800.jpg"},"aioseo_meta_data":{"post_id":"58945","title":null,"description":null,"keywords":null,"keyphrases":null,"primary_term":null,"canonical_url":null,"og_title":null,"og_description":null,"og_object_type":"default","og_image_type":"default","og_image_url":null,"og_image_width":null,"og_image_height":null,"og_image_custom_url":null,"og_image_custom_fields":null,"og_video":null,"og_custom_url":null,"og_article_section":null,"og_article_tags":null,"twitter_use_og":false,"twitter_card":"default","twitter_image_type":"default","twitter_image_url":null,"twitter_image_custom_url":null,"twitter_image_custom_fields":null,"twitter_title":null,"twitter_description":null,"schema":{"blockGraphs":[],"customGraphs":[],"default":{"data":{"Article":[],"Course":[],"Dataset":[],"FAQPage":[],"Movie":[],"Person":[],"Product":[],"ProductReview":[],"Car":[],"Recipe":[],"Service":[],"SoftwareApplication":[],"WebPage":[]},"graphName":"","isEnabled":true},"graphs":[],"defaultGraph":"","defaultPostTypeGraph":""},"schema_type":null,"schema_type_options":null,"pillar_content":false,"robots_default":true,"robots_noindex":false,"robots_noarchive":false,"robots_nosnippet":false,"robots_nofollow":false,"robots_noimageindex":false,"robots_noodp":false,"robots_notranslate":false,"robots_max_snippet":null,"robots_max_videopreview":null,"robots_max_imagepreview":"large","priority":null,"frequency":null,"location":null,"local_seo":null,"seo_analyzer_scan_date":"2025-09-25 03:57:39","breadcrumb_settings":null,"limit_modified_date":false,"open_ai":null,"ai":null,"created":"2021-03-08 22:22:54","updated":"2025-09-25 03:57:39"},"aioseo_breadcrumb":"<div class=\"aioseo-breadcrumbs\"><span class=\"aioseo-breadcrumb\">\n\t<a href=\"https:\/\/eldigitaldeasturias.com\/magazine365\" title=\"Home\">Home<\/a>\n<\/span><span class=\"aioseo-breadcrumb-separator\">\u2013<\/span><span class=\"aioseo-breadcrumb\">\n\t<a href=\"https:\/\/eldigitaldeasturias.com\/magazine365\/category\/noticias-actualidad\/\" title=\"Noticias y Actualidad\">Noticias y Actualidad<\/a>\n<\/span><span class=\"aioseo-breadcrumb-separator\">\u2013<\/span><span class=\"aioseo-breadcrumb\">\n\t<a href=\"https:\/\/eldigitaldeasturias.com\/magazine365\/santiago-celebrara-sus-30-anos-como-ciudad-patrimonio\/\" title=\"Santiago celebrar\u00e1 sus 30 a\u00f1os como Ciudad Patrimonio\">Santiago celebrar\u00e1 sus 30 a\u00f1os como Ciudad Patrimonio<\/a>\n<\/span><\/div>","aioseo_breadcrumb_json":[{"label":"Home","link":"https:\/\/eldigitaldeasturias.com\/magazine365"},{"label":"Noticias y Actualidad","link":"https:\/\/eldigitaldeasturias.com\/magazine365\/category\/noticias-actualidad\/"},{"label":"Santiago celebrar\u00e1 sus 30 a\u00f1os como Ciudad Patrimonio","link":"https:\/\/eldigitaldeasturias.com\/magazine365\/santiago-celebrara-sus-30-anos-como-ciudad-patrimonio\/"}],"_links":{"self":[{"href":"https:\/\/eldigitaldeasturias.com\/magazine365\/wp-json\/wp\/v2\/posts\/58945","targetHints":{"allow":["GET"]}}],"collection":[{"href":"https:\/\/eldigitaldeasturias.com\/magazine365\/wp-json\/wp\/v2\/posts"}],"about":[{"href":"https:\/\/eldigitaldeasturias.com\/magazine365\/wp-json\/wp\/v2\/types\/post"}],"author":[{"embeddable":true,"href":"https:\/\/eldigitaldeasturias.com\/magazine365\/wp-json\/wp\/v2\/users\/1"}],"replies":[{"embeddable":true,"href":"https:\/\/eldigitaldeasturias.com\/magazine365\/wp-json\/wp\/v2\/comments?post=58945"}],"version-history":[{"count":0,"href":"https:\/\/eldigitaldeasturias.com\/magazine365\/wp-json\/wp\/v2\/posts\/58945\/revisions"}],"wp:featuredmedia":[{"embeddable":true,"href":"https:\/\/eldigitaldeasturias.com\/magazine365\/wp-json\/wp\/v2\/media\/58946"}],"wp:attachment":[{"href":"https:\/\/eldigitaldeasturias.com\/magazine365\/wp-json\/wp\/v2\/media?parent=58945"}],"wp:term":[{"taxonomy":"category","embeddable":true,"href":"https:\/\/eldigitaldeasturias.com\/magazine365\/wp-json\/wp\/v2\/categories?post=58945"},{"taxonomy":"post_tag","embeddable":true,"href":"https:\/\/eldigitaldeasturias.com\/magazine365\/wp-json\/wp\/v2\/tags?post=58945"}],"curies":[{"name":"wp","href":"https:\/\/api.w.org\/{rel}","templated":true}]}}