{"id":58931,"date":"2015-12-19T11:12:06","date_gmt":"2015-12-19T10:12:06","guid":{"rendered":"http:\/\/eldigitaldeasturias.com\/magazine365\/?p=58931"},"modified":"2015-12-19T11:12:06","modified_gmt":"2015-12-19T10:12:06","slug":"la-facultad-de-estudios-empresariales-y-turismo-de-la-uex-pasara-a-llamarse-de-empresa-finanzas-y-turismo","status":"publish","type":"post","link":"https:\/\/eldigitaldeasturias.com\/magazine365\/la-facultad-de-estudios-empresariales-y-turismo-de-la-uex-pasara-a-llamarse-de-empresa-finanzas-y-turismo\/","title":{"rendered":"La Facultad de Estudios Empresariales y Turismo de la UEx pasar\u00e1 a llamarse de Empresa, Finanzas y Turismo"},"content":{"rendered":"<p><img fetchpriority=\"high\" decoding=\"async\" class=\"alignleft size-medium wp-image-43591\" src=\"https:\/\/eldigitaldeasturias.com\/magazine365\/wp-content\/uploads\/2015\/07\/vino-360x249.jpg\" alt=\"vino\" width=\"360\" height=\"249\" srcset=\"https:\/\/eldigitaldeasturias.com\/magazine365\/wp-content\/uploads\/2015\/07\/vino-360x249.jpg 360w, https:\/\/eldigitaldeasturias.com\/magazine365\/wp-content\/uploads\/2015\/07\/vino-650x449.jpg 650w, https:\/\/eldigitaldeasturias.com\/magazine365\/wp-content\/uploads\/2015\/07\/vino-768x531.jpg 768w, https:\/\/eldigitaldeasturias.com\/magazine365\/wp-content\/uploads\/2015\/07\/vino-150x104.jpg 150w, https:\/\/eldigitaldeasturias.com\/magazine365\/wp-content\/uploads\/2015\/07\/vino-450x311.jpg 450w, https:\/\/eldigitaldeasturias.com\/magazine365\/wp-content\/uploads\/2015\/07\/vino-100x70.jpg 100w, https:\/\/eldigitaldeasturias.com\/magazine365\/wp-content\/uploads\/2015\/07\/vino-218x150.jpg 218w, https:\/\/eldigitaldeasturias.com\/magazine365\/wp-content\/uploads\/2015\/07\/vino-696x481.jpg 696w, https:\/\/eldigitaldeasturias.com\/magazine365\/wp-content\/uploads\/2015\/07\/vino-608x420.jpg 608w, https:\/\/eldigitaldeasturias.com\/magazine365\/wp-content\/uploads\/2015\/07\/vino.jpg 800w\" sizes=\"(max-width: 360px) 100vw, 360px\" \/>La actual Facultad de Estudios Empresariales y Turismo de la Universidad de Extremadura (UEx) cambiar\u00e1 su denominaci\u00f3n y pasar\u00e1 a llamarse Facultad de Empresa, Finanzas y Turismo<\/p>\n<p>El Consejo de Gobierno ha acordado este viernes el cambio de denominaci\u00f3n de esta facultad, tras recibir la solicitud correspondiente desde la instituci\u00f3n universitaria.<\/p>\n<p>Seg\u00fan informa la Junta de Extremadura en nota de prensa, el pleno del Consejo Social de la Universidad de Extremadura aprob\u00f3 en su sesi\u00f3n de 30 de junio de 2015, tras recibir el informe preceptivo del Claustro, informar positivamente el cambio de denominaci\u00f3n de la facultad.<\/p>\n<p>BECAS COMPLEMENTARIAS<\/p>\n<p>Por otra parte, el Consejo de Gobierno ha aprobado el decreto que regula las becas complementarias para estudios de ense\u00f1anzas universitarias para la ciudadan\u00eda de Extremadura y se establece su convocatoria para el curso acad\u00e9mico 2015\/2016, con una dotaci\u00f3n de 1.260.000 euros.<\/p>\n<p>De esta manera, se regula la concesi\u00f3n de becas complementarias de residencia para estudios conducentes a la obtenci\u00f3n de t\u00edtulos oficiales de grado, licenciatura, arquitectura e ingenier\u00eda en la Universidad de Extremadura (UEx), o de cualquier universidad p\u00fablica espa\u00f1ola siempre que dichos estudios, de car\u00e1cter presencial, no sean impartidos en la UEx o no se hubiera obtenido plaza por no alcanzar la nota de corte.<\/p>\n<p>Adem\u00e1s de la modalidad de residencia, en el decreto se introduce como novedad una segunda modalidad de beca, la de cuant\u00eda ligada a renta, con la que se pretende dar cobertura a aquellos estudiantes que pertenezcan a unidades familiares con rentas m\u00e1s bajas.<\/p>\n","protected":false},"excerpt":{"rendered":"<p>La actual Facultad de Estudios Empresariales y Turismo de la Universidad de Extremadura (UEx) cambiar\u00e1 su denominaci\u00f3n y pasar\u00e1 a llamarse Facultad de Empresa, Finanzas y Turismo El Consejo de Gobierno ha acordado este viernes el cambio de denominaci\u00f3n de esta facultad, tras recibir la solicitud correspondiente desde la instituci\u00f3n universitaria. Seg\u00fan informa la Junta<\/p>\n","protected":false},"author":1,"featured_media":43591,"comment_status":"open","ping_status":"closed","sticky":false,"template":"","format":"standard","meta":{"footnotes":""},"categories":[224],"tags":[],"class_list":{"0":"post-58931","1":"post","2":"type-post","3":"status-publish","4":"format-standard","5":"has-post-thumbnail","7":"category-noticias-actualidad"},"aioseo_notices":[],"aioseo_head":"\n\t\t<!-- All in One SEO Pro 4.9.6.1 - aioseo.com -->\n\t<meta name=\"description\" content=\"La actual Facultad de Estudios Empresariales y Turismo de la Universidad de Extremadura (UEx) cambiar\u00e1 su denominaci\u00f3n y pasar\u00e1 a llamarse Facultad de Empresa, Finanzas y Turismo El Consejo de Gobierno ha acordado este viernes el cambio de denominaci\u00f3n de esta facultad, tras recibir la solicitud correspondiente desde la instituci\u00f3n universitaria. Seg\u00fan informa la Junta\" \/>\n\t<meta name=\"robots\" content=\"max-image-preview:large\" \/>\n\t<meta name=\"author\" content=\"admin\"\/>\n\t<meta name=\"google-site-verification\" content=\"UA-38556648-1\" \/>\n\t<meta name=\"keywords\" content=\"noticias y actualidad\" \/>\n\t<link rel=\"canonical\" href=\"https:\/\/eldigitaldeasturias.com\/magazine365\/la-facultad-de-estudios-empresariales-y-turismo-de-la-uex-pasara-a-llamarse-de-empresa-finanzas-y-turismo\/\" \/>\n\t<meta name=\"generator\" content=\"All in One SEO Pro (AIOSEO) 4.9.6.1\" \/>\n\t\t<meta property=\"og:locale\" content=\"es_ES\" \/>\n\t\t<meta property=\"og:site_name\" content=\"El Digital de Asturias \u2013 Revista de ocio, turismo y estilo de vida\" \/>\n\t\t<meta property=\"og:type\" content=\"article\" \/>\n\t\t<meta property=\"og:title\" content=\"La Facultad de Estudios Empresariales y Turismo de la UEx pasar\u00e1 a llamarse de Empresa, Finanzas y Turismo | El Digital de Asturias\" \/>\n\t\t<meta property=\"og:description\" content=\"La actual Facultad de Estudios Empresariales y Turismo de la Universidad de Extremadura (UEx) cambiar\u00e1 su denominaci\u00f3n y pasar\u00e1 a llamarse Facultad de Empresa, Finanzas y Turismo El Consejo de Gobierno ha acordado este viernes el cambio de denominaci\u00f3n de esta facultad, tras recibir la solicitud correspondiente desde la instituci\u00f3n universitaria. Seg\u00fan informa la Junta\" \/>\n\t\t<meta property=\"og:url\" content=\"https:\/\/eldigitaldeasturias.com\/magazine365\/la-facultad-de-estudios-empresariales-y-turismo-de-la-uex-pasara-a-llamarse-de-empresa-finanzas-y-turismo\/\" \/>\n\t\t<meta property=\"og:image\" content=\"https:\/\/eldigitaldeasturias.com\/magazine365\/wp-content\/uploads\/2015\/07\/vino.jpg\" \/>\n\t\t<meta property=\"og:image:secure_url\" content=\"https:\/\/eldigitaldeasturias.com\/magazine365\/wp-content\/uploads\/2015\/07\/vino.jpg\" \/>\n\t\t<meta property=\"og:image:width\" content=\"800\" \/>\n\t\t<meta property=\"og:image:height\" content=\"553\" \/>\n\t\t<meta property=\"article:published_time\" content=\"2015-12-19T10:12:06+00:00\" \/>\n\t\t<meta property=\"article:modified_time\" content=\"2015-12-19T10:12:06+00:00\" \/>\n\t\t<meta name=\"twitter:card\" content=\"summary_large_image\" \/>\n\t\t<meta name=\"twitter:title\" content=\"La Facultad de Estudios Empresariales y Turismo de la UEx pasar\u00e1 a llamarse de Empresa, Finanzas y Turismo | El Digital de Asturias\" \/>\n\t\t<meta name=\"twitter:description\" content=\"La actual Facultad de Estudios Empresariales y Turismo de la Universidad de Extremadura (UEx) cambiar\u00e1 su denominaci\u00f3n y pasar\u00e1 a llamarse Facultad de Empresa, Finanzas y Turismo El Consejo de Gobierno ha acordado este viernes el cambio de denominaci\u00f3n de esta facultad, tras recibir la solicitud correspondiente desde la instituci\u00f3n universitaria. Seg\u00fan informa la Junta\" \/>\n\t\t<meta name=\"twitter:image\" content=\"https:\/\/eldigitaldeasturias.com\/magazine365\/wp-content\/uploads\/2015\/07\/vino.jpg\" \/>\n\t\t<script type=\"application\/ld+json\" class=\"aioseo-schema\">\n\t\t\t{\"@context\":\"https:\\\/\\\/schema.org\",\"@graph\":[{\"@type\":\"Article\",\"@id\":\"https:\\\/\\\/eldigitaldeasturias.com\\\/magazine365\\\/la-facultad-de-estudios-empresariales-y-turismo-de-la-uex-pasara-a-llamarse-de-empresa-finanzas-y-turismo\\\/#article\",\"name\":\"La Facultad de Estudios Empresariales y Turismo de la UEx pasar\\u00e1 a llamarse de Empresa, Finanzas y Turismo | El Digital de Asturias\",\"headline\":\"La Facultad de Estudios Empresariales y Turismo de la UEx pasar\\u00e1 a llamarse de Empresa, Finanzas y Turismo\",\"author\":{\"@id\":\"https:\\\/\\\/eldigitaldeasturias.com\\\/magazine365\\\/author\\\/admin\\\/#author\"},\"publisher\":{\"@id\":\"https:\\\/\\\/eldigitaldeasturias.com\\\/magazine365\\\/#organization\"},\"image\":{\"@type\":\"ImageObject\",\"url\":\"https:\\\/\\\/eldigitaldeasturias.com\\\/magazine365\\\/wp-content\\\/uploads\\\/2015\\\/07\\\/vino.jpg\",\"width\":800,\"height\":553},\"datePublished\":\"2015-12-19T11:12:06+01:00\",\"dateModified\":\"2015-12-19T11:12:06+01:00\",\"inLanguage\":\"es-ES\",\"mainEntityOfPage\":{\"@id\":\"https:\\\/\\\/eldigitaldeasturias.com\\\/magazine365\\\/la-facultad-de-estudios-empresariales-y-turismo-de-la-uex-pasara-a-llamarse-de-empresa-finanzas-y-turismo\\\/#webpage\"},\"isPartOf\":{\"@id\":\"https:\\\/\\\/eldigitaldeasturias.com\\\/magazine365\\\/la-facultad-de-estudios-empresariales-y-turismo-de-la-uex-pasara-a-llamarse-de-empresa-finanzas-y-turismo\\\/#webpage\"},\"articleSection\":\"Noticias y Actualidad\"},{\"@type\":\"BreadcrumbList\",\"@id\":\"https:\\\/\\\/eldigitaldeasturias.com\\\/magazine365\\\/la-facultad-de-estudios-empresariales-y-turismo-de-la-uex-pasara-a-llamarse-de-empresa-finanzas-y-turismo\\\/#breadcrumblist\",\"itemListElement\":[{\"@type\":\"ListItem\",\"@id\":\"https:\\\/\\\/eldigitaldeasturias.com\\\/magazine365#listItem\",\"position\":1,\"name\":\"Home\",\"item\":\"https:\\\/\\\/eldigitaldeasturias.com\\\/magazine365\",\"nextItem\":{\"@type\":\"ListItem\",\"@id\":\"https:\\\/\\\/eldigitaldeasturias.com\\\/magazine365\\\/category\\\/noticias-actualidad\\\/#listItem\",\"name\":\"Noticias y Actualidad\"}},{\"@type\":\"ListItem\",\"@id\":\"https:\\\/\\\/eldigitaldeasturias.com\\\/magazine365\\\/category\\\/noticias-actualidad\\\/#listItem\",\"position\":2,\"name\":\"Noticias y Actualidad\",\"item\":\"https:\\\/\\\/eldigitaldeasturias.com\\\/magazine365\\\/category\\\/noticias-actualidad\\\/\",\"nextItem\":{\"@type\":\"ListItem\",\"@id\":\"https:\\\/\\\/eldigitaldeasturias.com\\\/magazine365\\\/la-facultad-de-estudios-empresariales-y-turismo-de-la-uex-pasara-a-llamarse-de-empresa-finanzas-y-turismo\\\/#listItem\",\"name\":\"La Facultad de Estudios Empresariales y Turismo de la UEx pasar\\u00e1 a llamarse de Empresa, Finanzas y Turismo\"},\"previousItem\":{\"@type\":\"ListItem\",\"@id\":\"https:\\\/\\\/eldigitaldeasturias.com\\\/magazine365#listItem\",\"name\":\"Home\"}},{\"@type\":\"ListItem\",\"@id\":\"https:\\\/\\\/eldigitaldeasturias.com\\\/magazine365\\\/la-facultad-de-estudios-empresariales-y-turismo-de-la-uex-pasara-a-llamarse-de-empresa-finanzas-y-turismo\\\/#listItem\",\"position\":3,\"name\":\"La Facultad de Estudios Empresariales y Turismo de la UEx pasar\\u00e1 a llamarse de Empresa, Finanzas y Turismo\",\"previousItem\":{\"@type\":\"ListItem\",\"@id\":\"https:\\\/\\\/eldigitaldeasturias.com\\\/magazine365\\\/category\\\/noticias-actualidad\\\/#listItem\",\"name\":\"Noticias y Actualidad\"}}]},{\"@type\":\"Organization\",\"@id\":\"https:\\\/\\\/eldigitaldeasturias.com\\\/magazine365\\\/#organization\",\"name\":\"El digital de Asturias\",\"description\":\"Revista de ocio, turismo y estilo de vida\",\"url\":\"https:\\\/\\\/eldigitaldeasturias.com\\\/magazine365\\\/\",\"logo\":{\"@type\":\"ImageObject\",\"url\":\"https:\\\/\\\/www.eldigitaldeasturias.com\\\/noticias\\\/wp-content\\\/uploads\\\/2020\\\/12\\\/EDA.jpg\",\"@id\":\"https:\\\/\\\/eldigitaldeasturias.com\\\/magazine365\\\/la-facultad-de-estudios-empresariales-y-turismo-de-la-uex-pasara-a-llamarse-de-empresa-finanzas-y-turismo\\\/#organizationLogo\"},\"image\":{\"@id\":\"https:\\\/\\\/eldigitaldeasturias.com\\\/magazine365\\\/la-facultad-de-estudios-empresariales-y-turismo-de-la-uex-pasara-a-llamarse-de-empresa-finanzas-y-turismo\\\/#organizationLogo\"}},{\"@type\":\"Person\",\"@id\":\"https:\\\/\\\/eldigitaldeasturias.com\\\/magazine365\\\/author\\\/admin\\\/#author\",\"url\":\"https:\\\/\\\/eldigitaldeasturias.com\\\/magazine365\\\/author\\\/admin\\\/\",\"name\":\"admin\",\"image\":{\"@type\":\"ImageObject\",\"@id\":\"https:\\\/\\\/eldigitaldeasturias.com\\\/magazine365\\\/la-facultad-de-estudios-empresariales-y-turismo-de-la-uex-pasara-a-llamarse-de-empresa-finanzas-y-turismo\\\/#authorImage\",\"url\":\"https:\\\/\\\/eldigitaldeasturias.com\\\/magazine365\\\/wp-content\\\/litespeed\\\/avatar\\\/e571bcf59a0edd6fa6838245a470f2fe.jpg?ver=1777574230\",\"width\":96,\"height\":96,\"caption\":\"admin\"}},{\"@type\":\"WebPage\",\"@id\":\"https:\\\/\\\/eldigitaldeasturias.com\\\/magazine365\\\/la-facultad-de-estudios-empresariales-y-turismo-de-la-uex-pasara-a-llamarse-de-empresa-finanzas-y-turismo\\\/#webpage\",\"url\":\"https:\\\/\\\/eldigitaldeasturias.com\\\/magazine365\\\/la-facultad-de-estudios-empresariales-y-turismo-de-la-uex-pasara-a-llamarse-de-empresa-finanzas-y-turismo\\\/\",\"name\":\"La Facultad de Estudios Empresariales y Turismo de la UEx pasar\\u00e1 a llamarse de Empresa, Finanzas y Turismo | El Digital de Asturias\",\"description\":\"La actual Facultad de Estudios Empresariales y Turismo de la Universidad de Extremadura (UEx) cambiar\\u00e1 su denominaci\\u00f3n y pasar\\u00e1 a llamarse Facultad de Empresa, Finanzas y Turismo El Consejo de Gobierno ha acordado este viernes el cambio de denominaci\\u00f3n de esta facultad, tras recibir la solicitud correspondiente desde la instituci\\u00f3n universitaria. Seg\\u00fan informa la Junta\",\"inLanguage\":\"es-ES\",\"isPartOf\":{\"@id\":\"https:\\\/\\\/eldigitaldeasturias.com\\\/magazine365\\\/#website\"},\"breadcrumb\":{\"@id\":\"https:\\\/\\\/eldigitaldeasturias.com\\\/magazine365\\\/la-facultad-de-estudios-empresariales-y-turismo-de-la-uex-pasara-a-llamarse-de-empresa-finanzas-y-turismo\\\/#breadcrumblist\"},\"author\":{\"@id\":\"https:\\\/\\\/eldigitaldeasturias.com\\\/magazine365\\\/author\\\/admin\\\/#author\"},\"creator\":{\"@id\":\"https:\\\/\\\/eldigitaldeasturias.com\\\/magazine365\\\/author\\\/admin\\\/#author\"},\"image\":{\"@type\":\"ImageObject\",\"url\":\"https:\\\/\\\/eldigitaldeasturias.com\\\/magazine365\\\/wp-content\\\/uploads\\\/2015\\\/07\\\/vino.jpg\",\"@id\":\"https:\\\/\\\/eldigitaldeasturias.com\\\/magazine365\\\/la-facultad-de-estudios-empresariales-y-turismo-de-la-uex-pasara-a-llamarse-de-empresa-finanzas-y-turismo\\\/#mainImage\",\"width\":800,\"height\":553},\"primaryImageOfPage\":{\"@id\":\"https:\\\/\\\/eldigitaldeasturias.com\\\/magazine365\\\/la-facultad-de-estudios-empresariales-y-turismo-de-la-uex-pasara-a-llamarse-de-empresa-finanzas-y-turismo\\\/#mainImage\"},\"datePublished\":\"2015-12-19T11:12:06+01:00\",\"dateModified\":\"2015-12-19T11:12:06+01:00\"},{\"@type\":\"WebSite\",\"@id\":\"https:\\\/\\\/eldigitaldeasturias.com\\\/magazine365\\\/#website\",\"url\":\"https:\\\/\\\/eldigitaldeasturias.com\\\/magazine365\\\/\",\"name\":\"El Digital de Asturias\",\"description\":\"Revista de ocio, turismo y estilo de vida\",\"inLanguage\":\"es-ES\",\"publisher\":{\"@id\":\"https:\\\/\\\/eldigitaldeasturias.com\\\/magazine365\\\/#organization\"}}]}\n\t\t<\/script>\n\t\t<!-- All in One SEO Pro -->\r\n\t\t<title>La Facultad de Estudios Empresariales y Turismo de la UEx pasar\u00e1 a llamarse de Empresa, Finanzas y Turismo | El Digital de Asturias<\/title>\n\n","aioseo_head_json":{"title":"La Facultad de Estudios Empresariales y Turismo de la UEx pasar\u00e1 a llamarse de Empresa, Finanzas y Turismo | El Digital de Asturias","description":"La actual Facultad de Estudios Empresariales y Turismo de la Universidad de Extremadura (UEx) cambiar\u00e1 su denominaci\u00f3n y pasar\u00e1 a llamarse Facultad de Empresa, Finanzas y Turismo El Consejo de Gobierno ha acordado este viernes el cambio de denominaci\u00f3n de esta facultad, tras recibir la solicitud correspondiente desde la instituci\u00f3n universitaria. Seg\u00fan informa la Junta","canonical_url":"https:\/\/eldigitaldeasturias.com\/magazine365\/la-facultad-de-estudios-empresariales-y-turismo-de-la-uex-pasara-a-llamarse-de-empresa-finanzas-y-turismo\/","robots":"max-image-preview:large","keywords":"noticias y actualidad","webmasterTools":{"google-site-verification":"UA-38556648-1","miscellaneous":""},"schema":{"@context":"https:\/\/schema.org","@graph":[{"@type":"Article","@id":"https:\/\/eldigitaldeasturias.com\/magazine365\/la-facultad-de-estudios-empresariales-y-turismo-de-la-uex-pasara-a-llamarse-de-empresa-finanzas-y-turismo\/#article","name":"La Facultad de Estudios Empresariales y Turismo de la UEx pasar\u00e1 a llamarse de Empresa, Finanzas y Turismo | El Digital de Asturias","headline":"La Facultad de Estudios Empresariales y Turismo de la UEx pasar\u00e1 a llamarse de Empresa, Finanzas y Turismo","author":{"@id":"https:\/\/eldigitaldeasturias.com\/magazine365\/author\/admin\/#author"},"publisher":{"@id":"https:\/\/eldigitaldeasturias.com\/magazine365\/#organization"},"image":{"@type":"ImageObject","url":"https:\/\/eldigitaldeasturias.com\/magazine365\/wp-content\/uploads\/2015\/07\/vino.jpg","width":800,"height":553},"datePublished":"2015-12-19T11:12:06+01:00","dateModified":"2015-12-19T11:12:06+01:00","inLanguage":"es-ES","mainEntityOfPage":{"@id":"https:\/\/eldigitaldeasturias.com\/magazine365\/la-facultad-de-estudios-empresariales-y-turismo-de-la-uex-pasara-a-llamarse-de-empresa-finanzas-y-turismo\/#webpage"},"isPartOf":{"@id":"https:\/\/eldigitaldeasturias.com\/magazine365\/la-facultad-de-estudios-empresariales-y-turismo-de-la-uex-pasara-a-llamarse-de-empresa-finanzas-y-turismo\/#webpage"},"articleSection":"Noticias y Actualidad"},{"@type":"BreadcrumbList","@id":"https:\/\/eldigitaldeasturias.com\/magazine365\/la-facultad-de-estudios-empresariales-y-turismo-de-la-uex-pasara-a-llamarse-de-empresa-finanzas-y-turismo\/#breadcrumblist","itemListElement":[{"@type":"ListItem","@id":"https:\/\/eldigitaldeasturias.com\/magazine365#listItem","position":1,"name":"Home","item":"https:\/\/eldigitaldeasturias.com\/magazine365","nextItem":{"@type":"ListItem","@id":"https:\/\/eldigitaldeasturias.com\/magazine365\/category\/noticias-actualidad\/#listItem","name":"Noticias y Actualidad"}},{"@type":"ListItem","@id":"https:\/\/eldigitaldeasturias.com\/magazine365\/category\/noticias-actualidad\/#listItem","position":2,"name":"Noticias y Actualidad","item":"https:\/\/eldigitaldeasturias.com\/magazine365\/category\/noticias-actualidad\/","nextItem":{"@type":"ListItem","@id":"https:\/\/eldigitaldeasturias.com\/magazine365\/la-facultad-de-estudios-empresariales-y-turismo-de-la-uex-pasara-a-llamarse-de-empresa-finanzas-y-turismo\/#listItem","name":"La Facultad de Estudios Empresariales y Turismo de la UEx pasar\u00e1 a llamarse de Empresa, Finanzas y Turismo"},"previousItem":{"@type":"ListItem","@id":"https:\/\/eldigitaldeasturias.com\/magazine365#listItem","name":"Home"}},{"@type":"ListItem","@id":"https:\/\/eldigitaldeasturias.com\/magazine365\/la-facultad-de-estudios-empresariales-y-turismo-de-la-uex-pasara-a-llamarse-de-empresa-finanzas-y-turismo\/#listItem","position":3,"name":"La Facultad de Estudios Empresariales y Turismo de la UEx pasar\u00e1 a llamarse de Empresa, Finanzas y Turismo","previousItem":{"@type":"ListItem","@id":"https:\/\/eldigitaldeasturias.com\/magazine365\/category\/noticias-actualidad\/#listItem","name":"Noticias y Actualidad"}}]},{"@type":"Organization","@id":"https:\/\/eldigitaldeasturias.com\/magazine365\/#organization","name":"El digital de Asturias","description":"Revista de ocio, turismo y estilo de vida","url":"https:\/\/eldigitaldeasturias.com\/magazine365\/","logo":{"@type":"ImageObject","url":"https:\/\/www.eldigitaldeasturias.com\/noticias\/wp-content\/uploads\/2020\/12\/EDA.jpg","@id":"https:\/\/eldigitaldeasturias.com\/magazine365\/la-facultad-de-estudios-empresariales-y-turismo-de-la-uex-pasara-a-llamarse-de-empresa-finanzas-y-turismo\/#organizationLogo"},"image":{"@id":"https:\/\/eldigitaldeasturias.com\/magazine365\/la-facultad-de-estudios-empresariales-y-turismo-de-la-uex-pasara-a-llamarse-de-empresa-finanzas-y-turismo\/#organizationLogo"}},{"@type":"Person","@id":"https:\/\/eldigitaldeasturias.com\/magazine365\/author\/admin\/#author","url":"https:\/\/eldigitaldeasturias.com\/magazine365\/author\/admin\/","name":"admin","image":{"@type":"ImageObject","@id":"https:\/\/eldigitaldeasturias.com\/magazine365\/la-facultad-de-estudios-empresariales-y-turismo-de-la-uex-pasara-a-llamarse-de-empresa-finanzas-y-turismo\/#authorImage","url":"https:\/\/eldigitaldeasturias.com\/magazine365\/wp-content\/litespeed\/avatar\/e571bcf59a0edd6fa6838245a470f2fe.jpg?ver=1777574230","width":96,"height":96,"caption":"admin"}},{"@type":"WebPage","@id":"https:\/\/eldigitaldeasturias.com\/magazine365\/la-facultad-de-estudios-empresariales-y-turismo-de-la-uex-pasara-a-llamarse-de-empresa-finanzas-y-turismo\/#webpage","url":"https:\/\/eldigitaldeasturias.com\/magazine365\/la-facultad-de-estudios-empresariales-y-turismo-de-la-uex-pasara-a-llamarse-de-empresa-finanzas-y-turismo\/","name":"La Facultad de Estudios Empresariales y Turismo de la UEx pasar\u00e1 a llamarse de Empresa, Finanzas y Turismo | El Digital de Asturias","description":"La actual Facultad de Estudios Empresariales y Turismo de la Universidad de Extremadura (UEx) cambiar\u00e1 su denominaci\u00f3n y pasar\u00e1 a llamarse Facultad de Empresa, Finanzas y Turismo El Consejo de Gobierno ha acordado este viernes el cambio de denominaci\u00f3n de esta facultad, tras recibir la solicitud correspondiente desde la instituci\u00f3n universitaria. Seg\u00fan informa la Junta","inLanguage":"es-ES","isPartOf":{"@id":"https:\/\/eldigitaldeasturias.com\/magazine365\/#website"},"breadcrumb":{"@id":"https:\/\/eldigitaldeasturias.com\/magazine365\/la-facultad-de-estudios-empresariales-y-turismo-de-la-uex-pasara-a-llamarse-de-empresa-finanzas-y-turismo\/#breadcrumblist"},"author":{"@id":"https:\/\/eldigitaldeasturias.com\/magazine365\/author\/admin\/#author"},"creator":{"@id":"https:\/\/eldigitaldeasturias.com\/magazine365\/author\/admin\/#author"},"image":{"@type":"ImageObject","url":"https:\/\/eldigitaldeasturias.com\/magazine365\/wp-content\/uploads\/2015\/07\/vino.jpg","@id":"https:\/\/eldigitaldeasturias.com\/magazine365\/la-facultad-de-estudios-empresariales-y-turismo-de-la-uex-pasara-a-llamarse-de-empresa-finanzas-y-turismo\/#mainImage","width":800,"height":553},"primaryImageOfPage":{"@id":"https:\/\/eldigitaldeasturias.com\/magazine365\/la-facultad-de-estudios-empresariales-y-turismo-de-la-uex-pasara-a-llamarse-de-empresa-finanzas-y-turismo\/#mainImage"},"datePublished":"2015-12-19T11:12:06+01:00","dateModified":"2015-12-19T11:12:06+01:00"},{"@type":"WebSite","@id":"https:\/\/eldigitaldeasturias.com\/magazine365\/#website","url":"https:\/\/eldigitaldeasturias.com\/magazine365\/","name":"El Digital de Asturias","description":"Revista de ocio, turismo y estilo de vida","inLanguage":"es-ES","publisher":{"@id":"https:\/\/eldigitaldeasturias.com\/magazine365\/#organization"}}]},"og:locale":"es_ES","og:site_name":"El Digital de Asturias \u2013 Revista de ocio, turismo y estilo de vida","og:type":"article","og:title":"La Facultad de Estudios Empresariales y Turismo de la UEx pasar\u00e1 a llamarse de Empresa, Finanzas y Turismo | El Digital de Asturias","og:description":"La actual Facultad de Estudios Empresariales y Turismo de la Universidad de Extremadura (UEx) cambiar\u00e1 su denominaci\u00f3n y pasar\u00e1 a llamarse Facultad de Empresa, Finanzas y Turismo El Consejo de Gobierno ha acordado este viernes el cambio de denominaci\u00f3n de esta facultad, tras recibir la solicitud correspondiente desde la instituci\u00f3n universitaria. Seg\u00fan informa la Junta","og:url":"https:\/\/eldigitaldeasturias.com\/magazine365\/la-facultad-de-estudios-empresariales-y-turismo-de-la-uex-pasara-a-llamarse-de-empresa-finanzas-y-turismo\/","og:image":"https:\/\/eldigitaldeasturias.com\/magazine365\/wp-content\/uploads\/2015\/07\/vino.jpg","og:image:secure_url":"https:\/\/eldigitaldeasturias.com\/magazine365\/wp-content\/uploads\/2015\/07\/vino.jpg","og:image:width":800,"og:image:height":553,"article:published_time":"2015-12-19T10:12:06+00:00","article:modified_time":"2015-12-19T10:12:06+00:00","twitter:card":"summary_large_image","twitter:title":"La Facultad de Estudios Empresariales y Turismo de la UEx pasar\u00e1 a llamarse de Empresa, Finanzas y Turismo | El Digital de Asturias","twitter:description":"La actual Facultad de Estudios Empresariales y Turismo de la Universidad de Extremadura (UEx) cambiar\u00e1 su denominaci\u00f3n y pasar\u00e1 a llamarse Facultad de Empresa, Finanzas y Turismo El Consejo de Gobierno ha acordado este viernes el cambio de denominaci\u00f3n de esta facultad, tras recibir la solicitud correspondiente desde la instituci\u00f3n universitaria. Seg\u00fan informa la Junta","twitter:image":"https:\/\/eldigitaldeasturias.com\/magazine365\/wp-content\/uploads\/2015\/07\/vino.jpg"},"aioseo_meta_data":{"post_id":"58931","title":null,"description":null,"keywords":null,"keyphrases":null,"primary_term":null,"canonical_url":null,"og_title":null,"og_description":null,"og_object_type":"default","og_image_type":"default","og_image_url":null,"og_image_width":null,"og_image_height":null,"og_image_custom_url":null,"og_image_custom_fields":null,"og_video":null,"og_custom_url":null,"og_article_section":null,"og_article_tags":null,"twitter_use_og":false,"twitter_card":"default","twitter_image_type":"default","twitter_image_url":null,"twitter_image_custom_url":null,"twitter_image_custom_fields":null,"twitter_title":null,"twitter_description":null,"schema":{"blockGraphs":[],"customGraphs":[],"default":{"data":{"Article":[],"Course":[],"Dataset":[],"FAQPage":[],"Movie":[],"Person":[],"Product":[],"ProductReview":[],"Car":[],"Recipe":[],"Service":[],"SoftwareApplication":[],"WebPage":[]},"graphName":"","isEnabled":true},"graphs":[],"defaultGraph":"","defaultPostTypeGraph":""},"schema_type":null,"schema_type_options":null,"pillar_content":false,"robots_default":true,"robots_noindex":false,"robots_noarchive":false,"robots_nosnippet":false,"robots_nofollow":false,"robots_noimageindex":false,"robots_noodp":false,"robots_notranslate":false,"robots_max_snippet":null,"robots_max_videopreview":null,"robots_max_imagepreview":"large","priority":null,"frequency":null,"location":null,"local_seo":null,"seo_analyzer_scan_date":"2025-09-25 03:55:54","breadcrumb_settings":null,"limit_modified_date":false,"open_ai":null,"ai":null,"created":"2021-03-08 22:23:45","updated":"2025-09-25 03:55:54"},"aioseo_breadcrumb":"<div class=\"aioseo-breadcrumbs\"><span class=\"aioseo-breadcrumb\">\n\t<a href=\"https:\/\/eldigitaldeasturias.com\/magazine365\" title=\"Home\">Home<\/a>\n<\/span><span class=\"aioseo-breadcrumb-separator\">\u2013<\/span><span class=\"aioseo-breadcrumb\">\n\t<a href=\"https:\/\/eldigitaldeasturias.com\/magazine365\/category\/noticias-actualidad\/\" title=\"Noticias y Actualidad\">Noticias y Actualidad<\/a>\n<\/span><span class=\"aioseo-breadcrumb-separator\">\u2013<\/span><span class=\"aioseo-breadcrumb\">\n\t<a href=\"https:\/\/eldigitaldeasturias.com\/magazine365\/la-facultad-de-estudios-empresariales-y-turismo-de-la-uex-pasara-a-llamarse-de-empresa-finanzas-y-turismo\/\" title=\"La Facultad de Estudios Empresariales y Turismo de la UEx pasar\u00e1 a llamarse de Empresa, Finanzas y Turismo\">La Facultad de Estudios Empresariales y Turismo de la UEx pasar\u00e1 a llamarse de Empresa, Finanzas y Turismo<\/a>\n<\/span><\/div>","aioseo_breadcrumb_json":[{"label":"Home","link":"https:\/\/eldigitaldeasturias.com\/magazine365"},{"label":"Noticias y Actualidad","link":"https:\/\/eldigitaldeasturias.com\/magazine365\/category\/noticias-actualidad\/"},{"label":"La Facultad de Estudios Empresariales y Turismo de la UEx pasar\u00e1 a llamarse de Empresa, Finanzas y Turismo","link":"https:\/\/eldigitaldeasturias.com\/magazine365\/la-facultad-de-estudios-empresariales-y-turismo-de-la-uex-pasara-a-llamarse-de-empresa-finanzas-y-turismo\/"}],"_links":{"self":[{"href":"https:\/\/eldigitaldeasturias.com\/magazine365\/wp-json\/wp\/v2\/posts\/58931","targetHints":{"allow":["GET"]}}],"collection":[{"href":"https:\/\/eldigitaldeasturias.com\/magazine365\/wp-json\/wp\/v2\/posts"}],"about":[{"href":"https:\/\/eldigitaldeasturias.com\/magazine365\/wp-json\/wp\/v2\/types\/post"}],"author":[{"embeddable":true,"href":"https:\/\/eldigitaldeasturias.com\/magazine365\/wp-json\/wp\/v2\/users\/1"}],"replies":[{"embeddable":true,"href":"https:\/\/eldigitaldeasturias.com\/magazine365\/wp-json\/wp\/v2\/comments?post=58931"}],"version-history":[{"count":0,"href":"https:\/\/eldigitaldeasturias.com\/magazine365\/wp-json\/wp\/v2\/posts\/58931\/revisions"}],"wp:featuredmedia":[{"embeddable":true,"href":"https:\/\/eldigitaldeasturias.com\/magazine365\/wp-json\/wp\/v2\/media\/43591"}],"wp:attachment":[{"href":"https:\/\/eldigitaldeasturias.com\/magazine365\/wp-json\/wp\/v2\/media?parent=58931"}],"wp:term":[{"taxonomy":"category","embeddable":true,"href":"https:\/\/eldigitaldeasturias.com\/magazine365\/wp-json\/wp\/v2\/categories?post=58931"},{"taxonomy":"post_tag","embeddable":true,"href":"https:\/\/eldigitaldeasturias.com\/magazine365\/wp-json\/wp\/v2\/tags?post=58931"}],"curies":[{"name":"wp","href":"https:\/\/api.w.org\/{rel}","templated":true}]}}