{"id":58928,"date":"2015-12-19T11:10:55","date_gmt":"2015-12-19T10:10:55","guid":{"rendered":"http:\/\/eldigitaldeasturias.com\/magazine365\/?p=58928"},"modified":"2015-12-19T11:10:55","modified_gmt":"2015-12-19T10:10:55","slug":"los-alumnos-de-la-consula-dejan-el-encierro-de-forma-temporal","status":"publish","type":"post","link":"https:\/\/eldigitaldeasturias.com\/magazine365\/los-alumnos-de-la-consula-dejan-el-encierro-de-forma-temporal\/","title":{"rendered":"Los alumnos de La C\u00f3nsula dejan el encierro de forma temporal"},"content":{"rendered":"<p><img fetchpriority=\"high\" decoding=\"async\" class=\"alignleft size-medium wp-image-58929\" src=\"https:\/\/eldigitaldeasturias.com\/magazine365\/wp-content\/uploads\/2015\/12\/fotonoticia_20151218135232_800-360x228.jpg\" alt=\"fotonoticia_20151218135232_800\" width=\"360\" height=\"228\" srcset=\"https:\/\/eldigitaldeasturias.com\/magazine365\/wp-content\/uploads\/2015\/12\/fotonoticia_20151218135232_800-360x228.jpg 360w, https:\/\/eldigitaldeasturias.com\/magazine365\/wp-content\/uploads\/2015\/12\/fotonoticia_20151218135232_800-650x412.jpg 650w, https:\/\/eldigitaldeasturias.com\/magazine365\/wp-content\/uploads\/2015\/12\/fotonoticia_20151218135232_800-768x487.jpg 768w, https:\/\/eldigitaldeasturias.com\/magazine365\/wp-content\/uploads\/2015\/12\/fotonoticia_20151218135232_800-150x95.jpg 150w, https:\/\/eldigitaldeasturias.com\/magazine365\/wp-content\/uploads\/2015\/12\/fotonoticia_20151218135232_800-450x285.jpg 450w, https:\/\/eldigitaldeasturias.com\/magazine365\/wp-content\/uploads\/2015\/12\/fotonoticia_20151218135232_800-696x441.jpg 696w, https:\/\/eldigitaldeasturias.com\/magazine365\/wp-content\/uploads\/2015\/12\/fotonoticia_20151218135232_800-663x420.jpg 663w, https:\/\/eldigitaldeasturias.com\/magazine365\/wp-content\/uploads\/2015\/12\/fotonoticia_20151218135232_800-269x170.jpg 269w, https:\/\/eldigitaldeasturias.com\/magazine365\/wp-content\/uploads\/2015\/12\/fotonoticia_20151218135232_800.jpg 800w\" sizes=\"(max-width: 360px) 100vw, 360px\" \/>Los alumnos de la Escuela de Hosteler\u00eda de La C\u00f3nsula, en M\u00e1laga, han abandonado este viernes el encierro que comenzaron el pasado 30 de noviembre en el centro para protestar contra \u00ablos continuos incumplimientos\u00bb de la Junta de Andaluc\u00eda. Sin embargo, esta decisi\u00f3n es temporal a la espera de que se produzca la integraci\u00f3n del centro en el Servicio Andaluz de Empleo (SAE).<\/p>\n<p>Unos 30 estudiantes de primero y segundo de Cocina y de Sala han permanecido encerrados desde entonces en el restaurante, dejando claro en este tiempo que no saldr\u00edan hasta que \u00abalguien nos d\u00e9 una soluci\u00f3n\u00bb.<\/p>\n<p>En este sentido, el consejo rector de La C\u00f3nsula aprob\u00f3 el viernes de la semana pasada el balance final de liquidaci\u00f3n, que se completar\u00e1 con un informe de la Intervenci\u00f3n del Consorcio, as\u00ed como la contrataci\u00f3n de una auditor\u00eda de dichas cuentas. El siguiente paso ser\u00eda convocar un nuevo consejo para concretar la cesi\u00f3n definitiva al Servicio Andaluz de Empleo (SAE) de los activos y pasivos.<\/p>\n<p>Este movimiento del consejo rector provoc\u00f3 que este pasado mi\u00e9rcoles los alumnos tomaran dicha decisi\u00f3n, de forma un\u00e1nime. Sin embargo, no descartan llevar a cabo \u00ablas medidas oportunas\u00bb si la Junta no da una soluci\u00f3n definitiva y les garantiza volver con normalidad a las clases, ha explicado a Europa Press Juan Garc\u00eda, en representaci\u00f3n de los estudiantes.<\/p>\n<p>De esta forma, se est\u00e1n planteando medidas legales contra el Gobierno andaluz, as\u00ed como retomar el encierro despu\u00e9s de la Navidad. Y es que, aunque han decidido pararlo por el momento, los estudiantes de La C\u00f3nsula est\u00e1n \u00abmuy decepcionados\u00bb porque \u00abcada d\u00eda nos dicen una fecha nueva\u00bb. \u00abSe han re\u00eddo de nosotros\u00bb, ha lamentado Garc\u00eda.<\/p>\n<p>REUNI\u00d3N CON LA JUNTA<\/p>\n<p>Trabajadores y alumnos de La C\u00f3nsula y La Fonda, en Benalm\u00e1dena (M\u00e1laga), se reunieron este pasado jueves con el director general de Formaci\u00f3n para el Empleo, Manuel Garc\u00eda, y la delegada de Empleo de la Junta en M\u00e1laga, Francisca Montiel.<\/p>\n<p>A pesar de este acercamiento del Gobierno andaluz, los estudiantes de ambas escuelas mantienen las mismas incertidumbres e incluso \u00abtenemos m\u00e1s\u00bb. \u00abNos pidieron que confi\u00e1ramos en ellos\u00bb, ha explicado Garc\u00eda, pero \u00abvolvieron a retrasar la soluci\u00f3n de integraci\u00f3n en el SAE hasta finales de enero\u00bb.<\/p>\n<p>Por su parte, la portavoz de trabajadores de La Fonda, Carmen S\u00e1nchez, ha lamentado que en dicha reuni\u00f3n \u00abno nos aportaron ning\u00fan dato nuevo\u00bb. \u00abSolo dijeron que esperan que estuviera solucionado a finales de diciembre, aunque que se podr\u00eda prolongar a final de enero\u00bb, ha indicado.<\/p>\n<p>\u00abEstamos decepcionados porque se esperaba que la visita diera luz e ilusi\u00f3n a los alumnos y salieron con m\u00e1s sombras e incertidumbres. Con voluntad solo no se come, se tienen que comprometer\u00bb, ha exigido S\u00e1nchez.<\/p>\n","protected":false},"excerpt":{"rendered":"<p>Los alumnos de la Escuela de Hosteler\u00eda de La C\u00f3nsula, en M\u00e1laga, han abandonado este viernes el encierro que comenzaron el pasado 30 de noviembre en el centro para protestar contra \u00ablos continuos incumplimientos\u00bb de la Junta de Andaluc\u00eda. Sin embargo, esta decisi\u00f3n es temporal a la espera de que se produzca la integraci\u00f3n del<\/p>\n","protected":false},"author":1,"featured_media":58929,"comment_status":"open","ping_status":"closed","sticky":false,"template":"","format":"standard","meta":{"footnotes":""},"categories":[224],"tags":[],"class_list":{"0":"post-58928","1":"post","2":"type-post","3":"status-publish","4":"format-standard","5":"has-post-thumbnail","7":"category-noticias-actualidad"},"aioseo_notices":[],"aioseo_head":"\n\t\t<!-- All in One SEO Pro 4.9.6.1 - aioseo.com -->\n\t<meta name=\"description\" content=\"Los alumnos de la Escuela de Hosteler\u00eda de La C\u00f3nsula, en M\u00e1laga, han abandonado este viernes el encierro que comenzaron el pasado 30 de noviembre en el centro para protestar contra &quot;los continuos incumplimientos&quot; de la Junta de Andaluc\u00eda. Sin embargo, esta decisi\u00f3n es temporal a la espera de que se produzca la integraci\u00f3n del\" \/>\n\t<meta name=\"robots\" content=\"max-image-preview:large\" \/>\n\t<meta name=\"author\" content=\"admin\"\/>\n\t<meta name=\"google-site-verification\" content=\"UA-38556648-1\" \/>\n\t<meta name=\"keywords\" content=\"noticias y actualidad\" \/>\n\t<link rel=\"canonical\" href=\"https:\/\/eldigitaldeasturias.com\/magazine365\/los-alumnos-de-la-consula-dejan-el-encierro-de-forma-temporal\/\" \/>\n\t<meta name=\"generator\" content=\"All in One SEO Pro (AIOSEO) 4.9.6.1\" \/>\n\t\t<meta property=\"og:locale\" content=\"es_ES\" \/>\n\t\t<meta property=\"og:site_name\" content=\"El Digital de Asturias \u2013 Revista de ocio, turismo y estilo de vida\" \/>\n\t\t<meta property=\"og:type\" content=\"article\" \/>\n\t\t<meta property=\"og:title\" content=\"Los alumnos de La C\u00f3nsula dejan el encierro de forma temporal | El Digital de Asturias\" \/>\n\t\t<meta property=\"og:description\" content=\"Los alumnos de la Escuela de Hosteler\u00eda de La C\u00f3nsula, en M\u00e1laga, han abandonado este viernes el encierro que comenzaron el pasado 30 de noviembre en el centro para protestar contra &quot;los continuos incumplimientos&quot; de la Junta de Andaluc\u00eda. Sin embargo, esta decisi\u00f3n es temporal a la espera de que se produzca la integraci\u00f3n del\" \/>\n\t\t<meta property=\"og:url\" content=\"https:\/\/eldigitaldeasturias.com\/magazine365\/los-alumnos-de-la-consula-dejan-el-encierro-de-forma-temporal\/\" \/>\n\t\t<meta property=\"og:image\" content=\"https:\/\/eldigitaldeasturias.com\/magazine365\/wp-content\/uploads\/2015\/12\/fotonoticia_20151218135232_800.jpg\" \/>\n\t\t<meta property=\"og:image:secure_url\" content=\"https:\/\/eldigitaldeasturias.com\/magazine365\/wp-content\/uploads\/2015\/12\/fotonoticia_20151218135232_800.jpg\" \/>\n\t\t<meta property=\"og:image:width\" content=\"800\" \/>\n\t\t<meta property=\"og:image:height\" content=\"507\" \/>\n\t\t<meta property=\"article:published_time\" content=\"2015-12-19T10:10:55+00:00\" \/>\n\t\t<meta property=\"article:modified_time\" content=\"2015-12-19T10:10:55+00:00\" \/>\n\t\t<meta name=\"twitter:card\" content=\"summary_large_image\" \/>\n\t\t<meta name=\"twitter:title\" content=\"Los alumnos de La C\u00f3nsula dejan el encierro de forma temporal | El Digital de Asturias\" \/>\n\t\t<meta name=\"twitter:description\" content=\"Los alumnos de la Escuela de Hosteler\u00eda de La C\u00f3nsula, en M\u00e1laga, han abandonado este viernes el encierro que comenzaron el pasado 30 de noviembre en el centro para protestar contra &quot;los continuos incumplimientos&quot; de la Junta de Andaluc\u00eda. Sin embargo, esta decisi\u00f3n es temporal a la espera de que se produzca la integraci\u00f3n del\" \/>\n\t\t<meta name=\"twitter:image\" content=\"https:\/\/eldigitaldeasturias.com\/magazine365\/wp-content\/uploads\/2015\/12\/fotonoticia_20151218135232_800.jpg\" \/>\n\t\t<script type=\"application\/ld+json\" class=\"aioseo-schema\">\n\t\t\t{\"@context\":\"https:\\\/\\\/schema.org\",\"@graph\":[{\"@type\":\"Article\",\"@id\":\"https:\\\/\\\/eldigitaldeasturias.com\\\/magazine365\\\/los-alumnos-de-la-consula-dejan-el-encierro-de-forma-temporal\\\/#article\",\"name\":\"Los alumnos de La C\\u00f3nsula dejan el encierro de forma temporal | El Digital de Asturias\",\"headline\":\"Los alumnos de La C\\u00f3nsula dejan el encierro de forma temporal\",\"author\":{\"@id\":\"https:\\\/\\\/eldigitaldeasturias.com\\\/magazine365\\\/author\\\/admin\\\/#author\"},\"publisher\":{\"@id\":\"https:\\\/\\\/eldigitaldeasturias.com\\\/magazine365\\\/#organization\"},\"image\":{\"@type\":\"ImageObject\",\"url\":\"https:\\\/\\\/eldigitaldeasturias.com\\\/magazine365\\\/wp-content\\\/uploads\\\/2015\\\/12\\\/fotonoticia_20151218135232_800.jpg\",\"width\":800,\"height\":507},\"datePublished\":\"2015-12-19T11:10:55+01:00\",\"dateModified\":\"2015-12-19T11:10:55+01:00\",\"inLanguage\":\"es-ES\",\"mainEntityOfPage\":{\"@id\":\"https:\\\/\\\/eldigitaldeasturias.com\\\/magazine365\\\/los-alumnos-de-la-consula-dejan-el-encierro-de-forma-temporal\\\/#webpage\"},\"isPartOf\":{\"@id\":\"https:\\\/\\\/eldigitaldeasturias.com\\\/magazine365\\\/los-alumnos-de-la-consula-dejan-el-encierro-de-forma-temporal\\\/#webpage\"},\"articleSection\":\"Noticias y Actualidad\"},{\"@type\":\"BreadcrumbList\",\"@id\":\"https:\\\/\\\/eldigitaldeasturias.com\\\/magazine365\\\/los-alumnos-de-la-consula-dejan-el-encierro-de-forma-temporal\\\/#breadcrumblist\",\"itemListElement\":[{\"@type\":\"ListItem\",\"@id\":\"https:\\\/\\\/eldigitaldeasturias.com\\\/magazine365#listItem\",\"position\":1,\"name\":\"Home\",\"item\":\"https:\\\/\\\/eldigitaldeasturias.com\\\/magazine365\",\"nextItem\":{\"@type\":\"ListItem\",\"@id\":\"https:\\\/\\\/eldigitaldeasturias.com\\\/magazine365\\\/category\\\/noticias-actualidad\\\/#listItem\",\"name\":\"Noticias y Actualidad\"}},{\"@type\":\"ListItem\",\"@id\":\"https:\\\/\\\/eldigitaldeasturias.com\\\/magazine365\\\/category\\\/noticias-actualidad\\\/#listItem\",\"position\":2,\"name\":\"Noticias y Actualidad\",\"item\":\"https:\\\/\\\/eldigitaldeasturias.com\\\/magazine365\\\/category\\\/noticias-actualidad\\\/\",\"nextItem\":{\"@type\":\"ListItem\",\"@id\":\"https:\\\/\\\/eldigitaldeasturias.com\\\/magazine365\\\/los-alumnos-de-la-consula-dejan-el-encierro-de-forma-temporal\\\/#listItem\",\"name\":\"Los alumnos de La C\\u00f3nsula dejan el encierro de forma temporal\"},\"previousItem\":{\"@type\":\"ListItem\",\"@id\":\"https:\\\/\\\/eldigitaldeasturias.com\\\/magazine365#listItem\",\"name\":\"Home\"}},{\"@type\":\"ListItem\",\"@id\":\"https:\\\/\\\/eldigitaldeasturias.com\\\/magazine365\\\/los-alumnos-de-la-consula-dejan-el-encierro-de-forma-temporal\\\/#listItem\",\"position\":3,\"name\":\"Los alumnos de La C\\u00f3nsula dejan el encierro de forma temporal\",\"previousItem\":{\"@type\":\"ListItem\",\"@id\":\"https:\\\/\\\/eldigitaldeasturias.com\\\/magazine365\\\/category\\\/noticias-actualidad\\\/#listItem\",\"name\":\"Noticias y Actualidad\"}}]},{\"@type\":\"Organization\",\"@id\":\"https:\\\/\\\/eldigitaldeasturias.com\\\/magazine365\\\/#organization\",\"name\":\"El digital de Asturias\",\"description\":\"Revista de ocio, turismo y estilo de vida\",\"url\":\"https:\\\/\\\/eldigitaldeasturias.com\\\/magazine365\\\/\",\"logo\":{\"@type\":\"ImageObject\",\"url\":\"https:\\\/\\\/www.eldigitaldeasturias.com\\\/noticias\\\/wp-content\\\/uploads\\\/2020\\\/12\\\/EDA.jpg\",\"@id\":\"https:\\\/\\\/eldigitaldeasturias.com\\\/magazine365\\\/los-alumnos-de-la-consula-dejan-el-encierro-de-forma-temporal\\\/#organizationLogo\"},\"image\":{\"@id\":\"https:\\\/\\\/eldigitaldeasturias.com\\\/magazine365\\\/los-alumnos-de-la-consula-dejan-el-encierro-de-forma-temporal\\\/#organizationLogo\"}},{\"@type\":\"Person\",\"@id\":\"https:\\\/\\\/eldigitaldeasturias.com\\\/magazine365\\\/author\\\/admin\\\/#author\",\"url\":\"https:\\\/\\\/eldigitaldeasturias.com\\\/magazine365\\\/author\\\/admin\\\/\",\"name\":\"admin\",\"image\":{\"@type\":\"ImageObject\",\"@id\":\"https:\\\/\\\/eldigitaldeasturias.com\\\/magazine365\\\/los-alumnos-de-la-consula-dejan-el-encierro-de-forma-temporal\\\/#authorImage\",\"url\":\"https:\\\/\\\/eldigitaldeasturias.com\\\/magazine365\\\/wp-content\\\/litespeed\\\/avatar\\\/e571bcf59a0edd6fa6838245a470f2fe.jpg?ver=1777574230\",\"width\":96,\"height\":96,\"caption\":\"admin\"}},{\"@type\":\"WebPage\",\"@id\":\"https:\\\/\\\/eldigitaldeasturias.com\\\/magazine365\\\/los-alumnos-de-la-consula-dejan-el-encierro-de-forma-temporal\\\/#webpage\",\"url\":\"https:\\\/\\\/eldigitaldeasturias.com\\\/magazine365\\\/los-alumnos-de-la-consula-dejan-el-encierro-de-forma-temporal\\\/\",\"name\":\"Los alumnos de La C\\u00f3nsula dejan el encierro de forma temporal | El Digital de Asturias\",\"description\":\"Los alumnos de la Escuela de Hosteler\\u00eda de La C\\u00f3nsula, en M\\u00e1laga, han abandonado este viernes el encierro que comenzaron el pasado 30 de noviembre en el centro para protestar contra \\\"los continuos incumplimientos\\\" de la Junta de Andaluc\\u00eda. Sin embargo, esta decisi\\u00f3n es temporal a la espera de que se produzca la integraci\\u00f3n del\",\"inLanguage\":\"es-ES\",\"isPartOf\":{\"@id\":\"https:\\\/\\\/eldigitaldeasturias.com\\\/magazine365\\\/#website\"},\"breadcrumb\":{\"@id\":\"https:\\\/\\\/eldigitaldeasturias.com\\\/magazine365\\\/los-alumnos-de-la-consula-dejan-el-encierro-de-forma-temporal\\\/#breadcrumblist\"},\"author\":{\"@id\":\"https:\\\/\\\/eldigitaldeasturias.com\\\/magazine365\\\/author\\\/admin\\\/#author\"},\"creator\":{\"@id\":\"https:\\\/\\\/eldigitaldeasturias.com\\\/magazine365\\\/author\\\/admin\\\/#author\"},\"image\":{\"@type\":\"ImageObject\",\"url\":\"https:\\\/\\\/eldigitaldeasturias.com\\\/magazine365\\\/wp-content\\\/uploads\\\/2015\\\/12\\\/fotonoticia_20151218135232_800.jpg\",\"@id\":\"https:\\\/\\\/eldigitaldeasturias.com\\\/magazine365\\\/los-alumnos-de-la-consula-dejan-el-encierro-de-forma-temporal\\\/#mainImage\",\"width\":800,\"height\":507},\"primaryImageOfPage\":{\"@id\":\"https:\\\/\\\/eldigitaldeasturias.com\\\/magazine365\\\/los-alumnos-de-la-consula-dejan-el-encierro-de-forma-temporal\\\/#mainImage\"},\"datePublished\":\"2015-12-19T11:10:55+01:00\",\"dateModified\":\"2015-12-19T11:10:55+01:00\"},{\"@type\":\"WebSite\",\"@id\":\"https:\\\/\\\/eldigitaldeasturias.com\\\/magazine365\\\/#website\",\"url\":\"https:\\\/\\\/eldigitaldeasturias.com\\\/magazine365\\\/\",\"name\":\"El Digital de Asturias\",\"description\":\"Revista de ocio, turismo y estilo de vida\",\"inLanguage\":\"es-ES\",\"publisher\":{\"@id\":\"https:\\\/\\\/eldigitaldeasturias.com\\\/magazine365\\\/#organization\"}}]}\n\t\t<\/script>\n\t\t<!-- All in One SEO Pro -->\r\n\t\t<title>Los alumnos de La C\u00f3nsula dejan el encierro de forma temporal | El Digital de Asturias<\/title>\n\n","aioseo_head_json":{"title":"Los alumnos de La C\u00f3nsula dejan el encierro de forma temporal | El Digital de Asturias","description":"Los alumnos de la Escuela de Hosteler\u00eda de La C\u00f3nsula, en M\u00e1laga, han abandonado este viernes el encierro que comenzaron el pasado 30 de noviembre en el centro para protestar contra \"los continuos incumplimientos\" de la Junta de Andaluc\u00eda. Sin embargo, esta decisi\u00f3n es temporal a la espera de que se produzca la integraci\u00f3n del","canonical_url":"https:\/\/eldigitaldeasturias.com\/magazine365\/los-alumnos-de-la-consula-dejan-el-encierro-de-forma-temporal\/","robots":"max-image-preview:large","keywords":"noticias y actualidad","webmasterTools":{"google-site-verification":"UA-38556648-1","miscellaneous":""},"schema":{"@context":"https:\/\/schema.org","@graph":[{"@type":"Article","@id":"https:\/\/eldigitaldeasturias.com\/magazine365\/los-alumnos-de-la-consula-dejan-el-encierro-de-forma-temporal\/#article","name":"Los alumnos de La C\u00f3nsula dejan el encierro de forma temporal | El Digital de Asturias","headline":"Los alumnos de La C\u00f3nsula dejan el encierro de forma temporal","author":{"@id":"https:\/\/eldigitaldeasturias.com\/magazine365\/author\/admin\/#author"},"publisher":{"@id":"https:\/\/eldigitaldeasturias.com\/magazine365\/#organization"},"image":{"@type":"ImageObject","url":"https:\/\/eldigitaldeasturias.com\/magazine365\/wp-content\/uploads\/2015\/12\/fotonoticia_20151218135232_800.jpg","width":800,"height":507},"datePublished":"2015-12-19T11:10:55+01:00","dateModified":"2015-12-19T11:10:55+01:00","inLanguage":"es-ES","mainEntityOfPage":{"@id":"https:\/\/eldigitaldeasturias.com\/magazine365\/los-alumnos-de-la-consula-dejan-el-encierro-de-forma-temporal\/#webpage"},"isPartOf":{"@id":"https:\/\/eldigitaldeasturias.com\/magazine365\/los-alumnos-de-la-consula-dejan-el-encierro-de-forma-temporal\/#webpage"},"articleSection":"Noticias y Actualidad"},{"@type":"BreadcrumbList","@id":"https:\/\/eldigitaldeasturias.com\/magazine365\/los-alumnos-de-la-consula-dejan-el-encierro-de-forma-temporal\/#breadcrumblist","itemListElement":[{"@type":"ListItem","@id":"https:\/\/eldigitaldeasturias.com\/magazine365#listItem","position":1,"name":"Home","item":"https:\/\/eldigitaldeasturias.com\/magazine365","nextItem":{"@type":"ListItem","@id":"https:\/\/eldigitaldeasturias.com\/magazine365\/category\/noticias-actualidad\/#listItem","name":"Noticias y Actualidad"}},{"@type":"ListItem","@id":"https:\/\/eldigitaldeasturias.com\/magazine365\/category\/noticias-actualidad\/#listItem","position":2,"name":"Noticias y Actualidad","item":"https:\/\/eldigitaldeasturias.com\/magazine365\/category\/noticias-actualidad\/","nextItem":{"@type":"ListItem","@id":"https:\/\/eldigitaldeasturias.com\/magazine365\/los-alumnos-de-la-consula-dejan-el-encierro-de-forma-temporal\/#listItem","name":"Los alumnos de La C\u00f3nsula dejan el encierro de forma temporal"},"previousItem":{"@type":"ListItem","@id":"https:\/\/eldigitaldeasturias.com\/magazine365#listItem","name":"Home"}},{"@type":"ListItem","@id":"https:\/\/eldigitaldeasturias.com\/magazine365\/los-alumnos-de-la-consula-dejan-el-encierro-de-forma-temporal\/#listItem","position":3,"name":"Los alumnos de La C\u00f3nsula dejan el encierro de forma temporal","previousItem":{"@type":"ListItem","@id":"https:\/\/eldigitaldeasturias.com\/magazine365\/category\/noticias-actualidad\/#listItem","name":"Noticias y Actualidad"}}]},{"@type":"Organization","@id":"https:\/\/eldigitaldeasturias.com\/magazine365\/#organization","name":"El digital de Asturias","description":"Revista de ocio, turismo y estilo de vida","url":"https:\/\/eldigitaldeasturias.com\/magazine365\/","logo":{"@type":"ImageObject","url":"https:\/\/www.eldigitaldeasturias.com\/noticias\/wp-content\/uploads\/2020\/12\/EDA.jpg","@id":"https:\/\/eldigitaldeasturias.com\/magazine365\/los-alumnos-de-la-consula-dejan-el-encierro-de-forma-temporal\/#organizationLogo"},"image":{"@id":"https:\/\/eldigitaldeasturias.com\/magazine365\/los-alumnos-de-la-consula-dejan-el-encierro-de-forma-temporal\/#organizationLogo"}},{"@type":"Person","@id":"https:\/\/eldigitaldeasturias.com\/magazine365\/author\/admin\/#author","url":"https:\/\/eldigitaldeasturias.com\/magazine365\/author\/admin\/","name":"admin","image":{"@type":"ImageObject","@id":"https:\/\/eldigitaldeasturias.com\/magazine365\/los-alumnos-de-la-consula-dejan-el-encierro-de-forma-temporal\/#authorImage","url":"https:\/\/eldigitaldeasturias.com\/magazine365\/wp-content\/litespeed\/avatar\/e571bcf59a0edd6fa6838245a470f2fe.jpg?ver=1777574230","width":96,"height":96,"caption":"admin"}},{"@type":"WebPage","@id":"https:\/\/eldigitaldeasturias.com\/magazine365\/los-alumnos-de-la-consula-dejan-el-encierro-de-forma-temporal\/#webpage","url":"https:\/\/eldigitaldeasturias.com\/magazine365\/los-alumnos-de-la-consula-dejan-el-encierro-de-forma-temporal\/","name":"Los alumnos de La C\u00f3nsula dejan el encierro de forma temporal | El Digital de Asturias","description":"Los alumnos de la Escuela de Hosteler\u00eda de La C\u00f3nsula, en M\u00e1laga, han abandonado este viernes el encierro que comenzaron el pasado 30 de noviembre en el centro para protestar contra \"los continuos incumplimientos\" de la Junta de Andaluc\u00eda. Sin embargo, esta decisi\u00f3n es temporal a la espera de que se produzca la integraci\u00f3n del","inLanguage":"es-ES","isPartOf":{"@id":"https:\/\/eldigitaldeasturias.com\/magazine365\/#website"},"breadcrumb":{"@id":"https:\/\/eldigitaldeasturias.com\/magazine365\/los-alumnos-de-la-consula-dejan-el-encierro-de-forma-temporal\/#breadcrumblist"},"author":{"@id":"https:\/\/eldigitaldeasturias.com\/magazine365\/author\/admin\/#author"},"creator":{"@id":"https:\/\/eldigitaldeasturias.com\/magazine365\/author\/admin\/#author"},"image":{"@type":"ImageObject","url":"https:\/\/eldigitaldeasturias.com\/magazine365\/wp-content\/uploads\/2015\/12\/fotonoticia_20151218135232_800.jpg","@id":"https:\/\/eldigitaldeasturias.com\/magazine365\/los-alumnos-de-la-consula-dejan-el-encierro-de-forma-temporal\/#mainImage","width":800,"height":507},"primaryImageOfPage":{"@id":"https:\/\/eldigitaldeasturias.com\/magazine365\/los-alumnos-de-la-consula-dejan-el-encierro-de-forma-temporal\/#mainImage"},"datePublished":"2015-12-19T11:10:55+01:00","dateModified":"2015-12-19T11:10:55+01:00"},{"@type":"WebSite","@id":"https:\/\/eldigitaldeasturias.com\/magazine365\/#website","url":"https:\/\/eldigitaldeasturias.com\/magazine365\/","name":"El Digital de Asturias","description":"Revista de ocio, turismo y estilo de vida","inLanguage":"es-ES","publisher":{"@id":"https:\/\/eldigitaldeasturias.com\/magazine365\/#organization"}}]},"og:locale":"es_ES","og:site_name":"El Digital de Asturias \u2013 Revista de ocio, turismo y estilo de vida","og:type":"article","og:title":"Los alumnos de La C\u00f3nsula dejan el encierro de forma temporal | El Digital de Asturias","og:description":"Los alumnos de la Escuela de Hosteler\u00eda de La C\u00f3nsula, en M\u00e1laga, han abandonado este viernes el encierro que comenzaron el pasado 30 de noviembre en el centro para protestar contra &quot;los continuos incumplimientos&quot; de la Junta de Andaluc\u00eda. Sin embargo, esta decisi\u00f3n es temporal a la espera de que se produzca la integraci\u00f3n del","og:url":"https:\/\/eldigitaldeasturias.com\/magazine365\/los-alumnos-de-la-consula-dejan-el-encierro-de-forma-temporal\/","og:image":"https:\/\/eldigitaldeasturias.com\/magazine365\/wp-content\/uploads\/2015\/12\/fotonoticia_20151218135232_800.jpg","og:image:secure_url":"https:\/\/eldigitaldeasturias.com\/magazine365\/wp-content\/uploads\/2015\/12\/fotonoticia_20151218135232_800.jpg","og:image:width":800,"og:image:height":507,"article:published_time":"2015-12-19T10:10:55+00:00","article:modified_time":"2015-12-19T10:10:55+00:00","twitter:card":"summary_large_image","twitter:title":"Los alumnos de La C\u00f3nsula dejan el encierro de forma temporal | El Digital de Asturias","twitter:description":"Los alumnos de la Escuela de Hosteler\u00eda de La C\u00f3nsula, en M\u00e1laga, han abandonado este viernes el encierro que comenzaron el pasado 30 de noviembre en el centro para protestar contra &quot;los continuos incumplimientos&quot; de la Junta de Andaluc\u00eda. Sin embargo, esta decisi\u00f3n es temporal a la espera de que se produzca la integraci\u00f3n del","twitter:image":"https:\/\/eldigitaldeasturias.com\/magazine365\/wp-content\/uploads\/2015\/12\/fotonoticia_20151218135232_800.jpg"},"aioseo_meta_data":{"post_id":"58928","title":null,"description":null,"keywords":null,"keyphrases":null,"primary_term":null,"canonical_url":null,"og_title":null,"og_description":null,"og_object_type":"default","og_image_type":"default","og_image_url":null,"og_image_width":null,"og_image_height":null,"og_image_custom_url":null,"og_image_custom_fields":null,"og_video":null,"og_custom_url":null,"og_article_section":null,"og_article_tags":null,"twitter_use_og":false,"twitter_card":"default","twitter_image_type":"default","twitter_image_url":null,"twitter_image_custom_url":null,"twitter_image_custom_fields":null,"twitter_title":null,"twitter_description":null,"schema":{"blockGraphs":[],"customGraphs":[],"default":{"data":{"Article":[],"Course":[],"Dataset":[],"FAQPage":[],"Movie":[],"Person":[],"Product":[],"ProductReview":[],"Car":[],"Recipe":[],"Service":[],"SoftwareApplication":[],"WebPage":[]},"graphName":"","isEnabled":true},"graphs":[],"defaultGraph":"","defaultPostTypeGraph":""},"schema_type":null,"schema_type_options":null,"pillar_content":false,"robots_default":true,"robots_noindex":false,"robots_noarchive":false,"robots_nosnippet":false,"robots_nofollow":false,"robots_noimageindex":false,"robots_noodp":false,"robots_notranslate":false,"robots_max_snippet":null,"robots_max_videopreview":null,"robots_max_imagepreview":"large","priority":null,"frequency":null,"location":null,"local_seo":null,"seo_analyzer_scan_date":"2025-09-25 03:54:20","breadcrumb_settings":null,"limit_modified_date":false,"open_ai":null,"ai":null,"created":"2021-03-08 22:23:45","updated":"2025-09-25 03:54:20"},"aioseo_breadcrumb":"<div class=\"aioseo-breadcrumbs\"><span class=\"aioseo-breadcrumb\">\n\t<a href=\"https:\/\/eldigitaldeasturias.com\/magazine365\" title=\"Home\">Home<\/a>\n<\/span><span class=\"aioseo-breadcrumb-separator\">\u2013<\/span><span class=\"aioseo-breadcrumb\">\n\t<a href=\"https:\/\/eldigitaldeasturias.com\/magazine365\/category\/noticias-actualidad\/\" title=\"Noticias y Actualidad\">Noticias y Actualidad<\/a>\n<\/span><span class=\"aioseo-breadcrumb-separator\">\u2013<\/span><span class=\"aioseo-breadcrumb\">\n\t<a href=\"https:\/\/eldigitaldeasturias.com\/magazine365\/los-alumnos-de-la-consula-dejan-el-encierro-de-forma-temporal\/\" title=\"Los alumnos de La C\u00f3nsula dejan el encierro de forma temporal\">Los alumnos de La C\u00f3nsula dejan el encierro de forma temporal<\/a>\n<\/span><\/div>","aioseo_breadcrumb_json":[{"label":"Home","link":"https:\/\/eldigitaldeasturias.com\/magazine365"},{"label":"Noticias y Actualidad","link":"https:\/\/eldigitaldeasturias.com\/magazine365\/category\/noticias-actualidad\/"},{"label":"Los alumnos de La C\u00f3nsula dejan el encierro de forma temporal","link":"https:\/\/eldigitaldeasturias.com\/magazine365\/los-alumnos-de-la-consula-dejan-el-encierro-de-forma-temporal\/"}],"_links":{"self":[{"href":"https:\/\/eldigitaldeasturias.com\/magazine365\/wp-json\/wp\/v2\/posts\/58928","targetHints":{"allow":["GET"]}}],"collection":[{"href":"https:\/\/eldigitaldeasturias.com\/magazine365\/wp-json\/wp\/v2\/posts"}],"about":[{"href":"https:\/\/eldigitaldeasturias.com\/magazine365\/wp-json\/wp\/v2\/types\/post"}],"author":[{"embeddable":true,"href":"https:\/\/eldigitaldeasturias.com\/magazine365\/wp-json\/wp\/v2\/users\/1"}],"replies":[{"embeddable":true,"href":"https:\/\/eldigitaldeasturias.com\/magazine365\/wp-json\/wp\/v2\/comments?post=58928"}],"version-history":[{"count":0,"href":"https:\/\/eldigitaldeasturias.com\/magazine365\/wp-json\/wp\/v2\/posts\/58928\/revisions"}],"wp:featuredmedia":[{"embeddable":true,"href":"https:\/\/eldigitaldeasturias.com\/magazine365\/wp-json\/wp\/v2\/media\/58929"}],"wp:attachment":[{"href":"https:\/\/eldigitaldeasturias.com\/magazine365\/wp-json\/wp\/v2\/media?parent=58928"}],"wp:term":[{"taxonomy":"category","embeddable":true,"href":"https:\/\/eldigitaldeasturias.com\/magazine365\/wp-json\/wp\/v2\/categories?post=58928"},{"taxonomy":"post_tag","embeddable":true,"href":"https:\/\/eldigitaldeasturias.com\/magazine365\/wp-json\/wp\/v2\/tags?post=58928"}],"curies":[{"name":"wp","href":"https:\/\/api.w.org\/{rel}","templated":true}]}}