{"id":58909,"date":"2015-12-18T17:22:45","date_gmt":"2015-12-18T16:22:45","guid":{"rendered":"http:\/\/eldigitaldeasturias.com\/magazine365\/?p=58909"},"modified":"2015-12-18T17:22:45","modified_gmt":"2015-12-18T16:22:45","slug":"los-operadores-de-aviones-en-tierra-convocan-paros-los-dias-22-y-27-de-diciembre-en-barajas","status":"publish","type":"post","link":"https:\/\/eldigitaldeasturias.com\/magazine365\/los-operadores-de-aviones-en-tierra-convocan-paros-los-dias-22-y-27-de-diciembre-en-barajas\/","title":{"rendered":"Los operadores de aviones en tierra convocan paros los d\u00edas 22 y 27 de diciembre en Barajas"},"content":{"rendered":"<p><img fetchpriority=\"high\" decoding=\"async\" class=\"alignleft size-medium wp-image-44646\" src=\"https:\/\/eldigitaldeasturias.com\/magazine365\/wp-content\/uploads\/2015\/08\/aeropuerto-360x239.jpg\" alt=\"aeropuerto\" width=\"360\" height=\"239\" srcset=\"https:\/\/eldigitaldeasturias.com\/magazine365\/wp-content\/uploads\/2015\/08\/aeropuerto-360x239.jpg 360w, https:\/\/eldigitaldeasturias.com\/magazine365\/wp-content\/uploads\/2015\/08\/aeropuerto-650x432.jpg 650w, https:\/\/eldigitaldeasturias.com\/magazine365\/wp-content\/uploads\/2015\/08\/aeropuerto-768x511.jpg 768w, https:\/\/eldigitaldeasturias.com\/magazine365\/wp-content\/uploads\/2015\/08\/aeropuerto-150x100.jpg 150w, https:\/\/eldigitaldeasturias.com\/magazine365\/wp-content\/uploads\/2015\/08\/aeropuerto-450x299.jpg 450w, https:\/\/eldigitaldeasturias.com\/magazine365\/wp-content\/uploads\/2015\/08\/aeropuerto-696x463.jpg 696w, https:\/\/eldigitaldeasturias.com\/magazine365\/wp-content\/uploads\/2015\/08\/aeropuerto-632x420.jpg 632w, https:\/\/eldigitaldeasturias.com\/magazine365\/wp-content\/uploads\/2015\/08\/aeropuerto-84x55.jpg 84w, https:\/\/eldigitaldeasturias.com\/magazine365\/wp-content\/uploads\/2015\/08\/aeropuerto.jpg 800w\" sizes=\"(max-width: 360px) 100vw, 360px\" \/>El colectivo de operadores del Servicio de Direcci\u00f3n de Plataforma del Aeropuerto Adolfo Su\u00e1rez Madrid-Barajas ha convocado una huelga de 24 horas para los pr\u00f3ximos d\u00edas 22 y 27 de diciembre, ante la falta de personal y un acuerdo marco que regule sus jornadas.<\/p>\n<p>Ante el crecimiento considerable del volumen de operaciones y de pasajeros, seg\u00fan denuncia el colectivo en una nota, es \u00abinsuficiente\u00bb el n\u00famero de operadores actual para \u00abdar un servicio adecuado y seguro en el aeropuerto m\u00e1s importante de Espa\u00f1a\u00bb<\/p>\n<p>\u00abEste escaso n\u00famero de operadores ha hecho que se incumplieran los descansos del personal estipulados por la normativa legal comunitaria y esta materia causando un deterioro en la prestaci\u00f3n del servicio\u00bb, reza la nota.<\/p>\n<p>El Servicio de Direcci\u00f3n de Plataforma (SDP) es el que se encarga de dirigir el movimiento de las aeronaves en tierra y fue puesto en funcionamiento el 24 de noviembre de 2011 por AENA para sustituir a los controladores a\u00e9reos que lo prestaban hasta entonces.<\/p>\n<p>Desde esa fecha, esta actividad se subcontrat\u00f3 con INECO, ingenier\u00eda p\u00fablica dependiente del Ministerio de Fomento.<\/p>\n<p>Los operadores del SDP se encargan de dirigir la rodadura de los aviones en tierra en la pista hasta el punto de transferencia al control de los controladores. Este servicio se presta dividido en dos sectores: T4 y T1-2-3 y mueve el 50% de la operativa.<\/p>\n<p>46 OPERADORES EN BARAJAS.<\/p>\n<p>En declaraciones a Europa Press, un portavoz de este colectivo, que no est\u00e1 sindicado, ha asegurado que su principal preocupaci\u00f3n es \u00abla seguridad\u00bb y ha advertido de que la falta de personal \u00abest\u00e1 poniendo en riesgo\u00bb la prestaci\u00f3n del servicio.<\/p>\n<p>Seg\u00fan explic\u00f3, ya se ha producido alg\u00fan choque que pista en los aviones en la rodadura, una situaci\u00f3n que preocupa dado que en tierra los aviones van cargados de combustible y pasaje.<\/p>\n<p>El n\u00famero actual de operadores del SDP en Barajas es de 46 t\u00e9cnicos, de los cuales 36% est\u00e1n en torre al 100%, mientras que el resto de plantilla rota por otras dependencias para prestar servicio AFIS y ATM all\u00ed donde se requiere.<\/p>\n<p>Seg\u00fan el colectivo, la plantilla \u00abm\u00ednima\u00bb necesaria para el servicio de plataforma en Madrid requiere al 100% a los 46 operadores.<\/p>\n<p>HASTA 8 D\u00cdAS SEGUIDOS.<\/p>\n<p>La jornada para un operador de plataforma en frecuencia es siete horas, con descansos necesarios, ya que como m\u00e1ximo pueden estar cuatro horas en frecuencia. Trabajan a tres turnos y disponen de tres d\u00edas libres, que se ven interrumpidos por la introducci\u00f3n de un servicio de refuerzo (R).<\/p>\n<p>Ante el aumento de tr\u00e1fico y la necesidad de refuerzos y guardias, en ocasiones trabajan \u00abhasta ocho d\u00edas seguidos\u00bb. Por ello, insisten en la necesidad de que se contrate m\u00e1s personal y reclaman que se cree un acuerdo marco que regule sus jornadas, que venga a sustituir al documento organizativo de personal, \u00abunilateral\u00bb, que fija la empresa.<\/p>\n<p>Desde el colectivo se considera que el servicio no se ver\u00e1 afectado como tal ante los servicios m\u00ednimos que la empresa fijar\u00e1, ya que considera que ser\u00e1n elevados, y que supervisar\u00e1 el Ministerio de Fomento.<\/p>\n<p>DENUNCIA ANTE LA AESA.<\/p>\n<p>Los operadores del SDP de Madrid-Barajas, que lamentan los perjuicios que los paros puedan ocasionar a los usuarios del transporte a\u00e9reo en el aeropuerto de la capital, aseguran que se ven obligados a mantener la convocatoria ante \u00abla falta de voluntad negociadora\u00bb que la empresa ha demostrado en las reuniones mantenidas hasta la fecha.<\/p>\n<p>El colectivo ha denunciado esta situaci\u00f3n ante la direcci\u00f3n de la empresa, que seg\u00fan los operadores del SDP, respondi\u00f3 ampliando los turnos de trabajo de los operadores, decisi\u00f3n que \u00abha agravado el incumplimiento de la normativa legal de descansos de los SDP\u00bb.<\/p>\n<p>Los trabajadores del SDP en Madrid-Barajas afectados han denunciado la situaci\u00f3n ante la Agencia Estatal de Seguridad A\u00e9rea (AESA), a trav\u00e9s de los canales legales establecidos, aunque todav\u00eda no han recibido respuesta.<\/p>\n","protected":false},"excerpt":{"rendered":"<p>El colectivo de operadores del Servicio de Direcci\u00f3n de Plataforma del Aeropuerto Adolfo Su\u00e1rez Madrid-Barajas ha convocado una huelga de 24 horas para los pr\u00f3ximos d\u00edas 22 y 27 de diciembre, ante la falta de personal y un acuerdo marco que regule sus jornadas. Ante el crecimiento considerable del volumen de operaciones y de pasajeros,<\/p>\n","protected":false},"author":1,"featured_media":39724,"comment_status":"open","ping_status":"closed","sticky":false,"template":"","format":"standard","meta":{"footnotes":""},"categories":[224],"tags":[],"class_list":{"0":"post-58909","1":"post","2":"type-post","3":"status-publish","4":"format-standard","5":"has-post-thumbnail","7":"category-noticias-actualidad"},"aioseo_notices":[],"aioseo_head":"\n\t\t<!-- All in One SEO Pro 4.9.6.1 - aioseo.com -->\n\t<meta name=\"description\" content=\"El colectivo de operadores del Servicio de Direcci\u00f3n de Plataforma del Aeropuerto Adolfo Su\u00e1rez Madrid-Barajas ha convocado una huelga de 24 horas para los pr\u00f3ximos d\u00edas 22 y 27 de diciembre, ante la falta de personal y un acuerdo marco que regule sus jornadas. Ante el crecimiento considerable del volumen de operaciones y de pasajeros,\" \/>\n\t<meta name=\"robots\" content=\"max-image-preview:large\" \/>\n\t<meta name=\"author\" content=\"admin\"\/>\n\t<meta name=\"google-site-verification\" content=\"UA-38556648-1\" \/>\n\t<meta name=\"keywords\" content=\"noticias y actualidad\" \/>\n\t<link rel=\"canonical\" href=\"https:\/\/eldigitaldeasturias.com\/magazine365\/los-operadores-de-aviones-en-tierra-convocan-paros-los-dias-22-y-27-de-diciembre-en-barajas\/\" \/>\n\t<meta name=\"generator\" content=\"All in One SEO Pro (AIOSEO) 4.9.6.1\" \/>\n\t\t<meta property=\"og:locale\" content=\"es_ES\" \/>\n\t\t<meta property=\"og:site_name\" content=\"El Digital de Asturias \u2013 Revista de ocio, turismo y estilo de vida\" \/>\n\t\t<meta property=\"og:type\" content=\"article\" \/>\n\t\t<meta property=\"og:title\" content=\"Los operadores de aviones en tierra convocan paros los d\u00edas 22 y 27 de diciembre en Barajas | El Digital de Asturias\" \/>\n\t\t<meta property=\"og:description\" content=\"El colectivo de operadores del Servicio de Direcci\u00f3n de Plataforma del Aeropuerto Adolfo Su\u00e1rez Madrid-Barajas ha convocado una huelga de 24 horas para los pr\u00f3ximos d\u00edas 22 y 27 de diciembre, ante la falta de personal y un acuerdo marco que regule sus jornadas. Ante el crecimiento considerable del volumen de operaciones y de pasajeros,\" \/>\n\t\t<meta property=\"og:url\" content=\"https:\/\/eldigitaldeasturias.com\/magazine365\/los-operadores-de-aviones-en-tierra-convocan-paros-los-dias-22-y-27-de-diciembre-en-barajas\/\" \/>\n\t\t<meta property=\"og:image\" content=\"https:\/\/eldigitaldeasturias.com\/magazine365\/wp-content\/uploads\/2015\/06\/aeropu.jpg\" \/>\n\t\t<meta property=\"og:image:secure_url\" content=\"https:\/\/eldigitaldeasturias.com\/magazine365\/wp-content\/uploads\/2015\/06\/aeropu.jpg\" \/>\n\t\t<meta property=\"og:image:width\" content=\"800\" \/>\n\t\t<meta property=\"og:image:height\" content=\"533\" \/>\n\t\t<meta property=\"article:published_time\" content=\"2015-12-18T16:22:45+00:00\" \/>\n\t\t<meta property=\"article:modified_time\" content=\"2015-12-18T16:22:45+00:00\" \/>\n\t\t<meta name=\"twitter:card\" content=\"summary_large_image\" \/>\n\t\t<meta name=\"twitter:title\" content=\"Los operadores de aviones en tierra convocan paros los d\u00edas 22 y 27 de diciembre en Barajas | El Digital de Asturias\" \/>\n\t\t<meta name=\"twitter:description\" content=\"El colectivo de operadores del Servicio de Direcci\u00f3n de Plataforma del Aeropuerto Adolfo Su\u00e1rez Madrid-Barajas ha convocado una huelga de 24 horas para los pr\u00f3ximos d\u00edas 22 y 27 de diciembre, ante la falta de personal y un acuerdo marco que regule sus jornadas. Ante el crecimiento considerable del volumen de operaciones y de pasajeros,\" \/>\n\t\t<meta name=\"twitter:image\" content=\"https:\/\/eldigitaldeasturias.com\/magazine365\/wp-content\/uploads\/2015\/06\/aeropu.jpg\" \/>\n\t\t<script type=\"application\/ld+json\" class=\"aioseo-schema\">\n\t\t\t{\"@context\":\"https:\\\/\\\/schema.org\",\"@graph\":[{\"@type\":\"Article\",\"@id\":\"https:\\\/\\\/eldigitaldeasturias.com\\\/magazine365\\\/los-operadores-de-aviones-en-tierra-convocan-paros-los-dias-22-y-27-de-diciembre-en-barajas\\\/#article\",\"name\":\"Los operadores de aviones en tierra convocan paros los d\\u00edas 22 y 27 de diciembre en Barajas | El Digital de Asturias\",\"headline\":\"Los operadores de aviones en tierra convocan paros los d\\u00edas 22 y 27 de diciembre en Barajas\",\"author\":{\"@id\":\"https:\\\/\\\/eldigitaldeasturias.com\\\/magazine365\\\/author\\\/admin\\\/#author\"},\"publisher\":{\"@id\":\"https:\\\/\\\/eldigitaldeasturias.com\\\/magazine365\\\/#organization\"},\"image\":{\"@type\":\"ImageObject\",\"url\":\"https:\\\/\\\/eldigitaldeasturias.com\\\/magazine365\\\/wp-content\\\/uploads\\\/2015\\\/06\\\/aeropu.jpg\",\"width\":800,\"height\":533},\"datePublished\":\"2015-12-18T17:22:45+01:00\",\"dateModified\":\"2015-12-18T17:22:45+01:00\",\"inLanguage\":\"es-ES\",\"mainEntityOfPage\":{\"@id\":\"https:\\\/\\\/eldigitaldeasturias.com\\\/magazine365\\\/los-operadores-de-aviones-en-tierra-convocan-paros-los-dias-22-y-27-de-diciembre-en-barajas\\\/#webpage\"},\"isPartOf\":{\"@id\":\"https:\\\/\\\/eldigitaldeasturias.com\\\/magazine365\\\/los-operadores-de-aviones-en-tierra-convocan-paros-los-dias-22-y-27-de-diciembre-en-barajas\\\/#webpage\"},\"articleSection\":\"Noticias y Actualidad\"},{\"@type\":\"BreadcrumbList\",\"@id\":\"https:\\\/\\\/eldigitaldeasturias.com\\\/magazine365\\\/los-operadores-de-aviones-en-tierra-convocan-paros-los-dias-22-y-27-de-diciembre-en-barajas\\\/#breadcrumblist\",\"itemListElement\":[{\"@type\":\"ListItem\",\"@id\":\"https:\\\/\\\/eldigitaldeasturias.com\\\/magazine365#listItem\",\"position\":1,\"name\":\"Home\",\"item\":\"https:\\\/\\\/eldigitaldeasturias.com\\\/magazine365\",\"nextItem\":{\"@type\":\"ListItem\",\"@id\":\"https:\\\/\\\/eldigitaldeasturias.com\\\/magazine365\\\/category\\\/noticias-actualidad\\\/#listItem\",\"name\":\"Noticias y Actualidad\"}},{\"@type\":\"ListItem\",\"@id\":\"https:\\\/\\\/eldigitaldeasturias.com\\\/magazine365\\\/category\\\/noticias-actualidad\\\/#listItem\",\"position\":2,\"name\":\"Noticias y Actualidad\",\"item\":\"https:\\\/\\\/eldigitaldeasturias.com\\\/magazine365\\\/category\\\/noticias-actualidad\\\/\",\"nextItem\":{\"@type\":\"ListItem\",\"@id\":\"https:\\\/\\\/eldigitaldeasturias.com\\\/magazine365\\\/los-operadores-de-aviones-en-tierra-convocan-paros-los-dias-22-y-27-de-diciembre-en-barajas\\\/#listItem\",\"name\":\"Los operadores de aviones en tierra convocan paros los d\\u00edas 22 y 27 de diciembre en Barajas\"},\"previousItem\":{\"@type\":\"ListItem\",\"@id\":\"https:\\\/\\\/eldigitaldeasturias.com\\\/magazine365#listItem\",\"name\":\"Home\"}},{\"@type\":\"ListItem\",\"@id\":\"https:\\\/\\\/eldigitaldeasturias.com\\\/magazine365\\\/los-operadores-de-aviones-en-tierra-convocan-paros-los-dias-22-y-27-de-diciembre-en-barajas\\\/#listItem\",\"position\":3,\"name\":\"Los operadores de aviones en tierra convocan paros los d\\u00edas 22 y 27 de diciembre en Barajas\",\"previousItem\":{\"@type\":\"ListItem\",\"@id\":\"https:\\\/\\\/eldigitaldeasturias.com\\\/magazine365\\\/category\\\/noticias-actualidad\\\/#listItem\",\"name\":\"Noticias y Actualidad\"}}]},{\"@type\":\"Organization\",\"@id\":\"https:\\\/\\\/eldigitaldeasturias.com\\\/magazine365\\\/#organization\",\"name\":\"El digital de Asturias\",\"description\":\"Revista de ocio, turismo y estilo de vida\",\"url\":\"https:\\\/\\\/eldigitaldeasturias.com\\\/magazine365\\\/\",\"logo\":{\"@type\":\"ImageObject\",\"url\":\"https:\\\/\\\/www.eldigitaldeasturias.com\\\/noticias\\\/wp-content\\\/uploads\\\/2020\\\/12\\\/EDA.jpg\",\"@id\":\"https:\\\/\\\/eldigitaldeasturias.com\\\/magazine365\\\/los-operadores-de-aviones-en-tierra-convocan-paros-los-dias-22-y-27-de-diciembre-en-barajas\\\/#organizationLogo\"},\"image\":{\"@id\":\"https:\\\/\\\/eldigitaldeasturias.com\\\/magazine365\\\/los-operadores-de-aviones-en-tierra-convocan-paros-los-dias-22-y-27-de-diciembre-en-barajas\\\/#organizationLogo\"}},{\"@type\":\"Person\",\"@id\":\"https:\\\/\\\/eldigitaldeasturias.com\\\/magazine365\\\/author\\\/admin\\\/#author\",\"url\":\"https:\\\/\\\/eldigitaldeasturias.com\\\/magazine365\\\/author\\\/admin\\\/\",\"name\":\"admin\",\"image\":{\"@type\":\"ImageObject\",\"@id\":\"https:\\\/\\\/eldigitaldeasturias.com\\\/magazine365\\\/los-operadores-de-aviones-en-tierra-convocan-paros-los-dias-22-y-27-de-diciembre-en-barajas\\\/#authorImage\",\"url\":\"https:\\\/\\\/eldigitaldeasturias.com\\\/magazine365\\\/wp-content\\\/litespeed\\\/avatar\\\/e571bcf59a0edd6fa6838245a470f2fe.jpg?ver=1777574230\",\"width\":96,\"height\":96,\"caption\":\"admin\"}},{\"@type\":\"WebPage\",\"@id\":\"https:\\\/\\\/eldigitaldeasturias.com\\\/magazine365\\\/los-operadores-de-aviones-en-tierra-convocan-paros-los-dias-22-y-27-de-diciembre-en-barajas\\\/#webpage\",\"url\":\"https:\\\/\\\/eldigitaldeasturias.com\\\/magazine365\\\/los-operadores-de-aviones-en-tierra-convocan-paros-los-dias-22-y-27-de-diciembre-en-barajas\\\/\",\"name\":\"Los operadores de aviones en tierra convocan paros los d\\u00edas 22 y 27 de diciembre en Barajas | El Digital de Asturias\",\"description\":\"El colectivo de operadores del Servicio de Direcci\\u00f3n de Plataforma del Aeropuerto Adolfo Su\\u00e1rez Madrid-Barajas ha convocado una huelga de 24 horas para los pr\\u00f3ximos d\\u00edas 22 y 27 de diciembre, ante la falta de personal y un acuerdo marco que regule sus jornadas. Ante el crecimiento considerable del volumen de operaciones y de pasajeros,\",\"inLanguage\":\"es-ES\",\"isPartOf\":{\"@id\":\"https:\\\/\\\/eldigitaldeasturias.com\\\/magazine365\\\/#website\"},\"breadcrumb\":{\"@id\":\"https:\\\/\\\/eldigitaldeasturias.com\\\/magazine365\\\/los-operadores-de-aviones-en-tierra-convocan-paros-los-dias-22-y-27-de-diciembre-en-barajas\\\/#breadcrumblist\"},\"author\":{\"@id\":\"https:\\\/\\\/eldigitaldeasturias.com\\\/magazine365\\\/author\\\/admin\\\/#author\"},\"creator\":{\"@id\":\"https:\\\/\\\/eldigitaldeasturias.com\\\/magazine365\\\/author\\\/admin\\\/#author\"},\"image\":{\"@type\":\"ImageObject\",\"url\":\"https:\\\/\\\/eldigitaldeasturias.com\\\/magazine365\\\/wp-content\\\/uploads\\\/2015\\\/06\\\/aeropu.jpg\",\"@id\":\"https:\\\/\\\/eldigitaldeasturias.com\\\/magazine365\\\/los-operadores-de-aviones-en-tierra-convocan-paros-los-dias-22-y-27-de-diciembre-en-barajas\\\/#mainImage\",\"width\":800,\"height\":533},\"primaryImageOfPage\":{\"@id\":\"https:\\\/\\\/eldigitaldeasturias.com\\\/magazine365\\\/los-operadores-de-aviones-en-tierra-convocan-paros-los-dias-22-y-27-de-diciembre-en-barajas\\\/#mainImage\"},\"datePublished\":\"2015-12-18T17:22:45+01:00\",\"dateModified\":\"2015-12-18T17:22:45+01:00\"},{\"@type\":\"WebSite\",\"@id\":\"https:\\\/\\\/eldigitaldeasturias.com\\\/magazine365\\\/#website\",\"url\":\"https:\\\/\\\/eldigitaldeasturias.com\\\/magazine365\\\/\",\"name\":\"El Digital de Asturias\",\"description\":\"Revista de ocio, turismo y estilo de vida\",\"inLanguage\":\"es-ES\",\"publisher\":{\"@id\":\"https:\\\/\\\/eldigitaldeasturias.com\\\/magazine365\\\/#organization\"}}]}\n\t\t<\/script>\n\t\t<!-- All in One SEO Pro -->\r\n\t\t<title>Los operadores de aviones en tierra convocan paros los d\u00edas 22 y 27 de diciembre en Barajas | El Digital de Asturias<\/title>\n\n","aioseo_head_json":{"title":"Los operadores de aviones en tierra convocan paros los d\u00edas 22 y 27 de diciembre en Barajas | El Digital de Asturias","description":"El colectivo de operadores del Servicio de Direcci\u00f3n de Plataforma del Aeropuerto Adolfo Su\u00e1rez Madrid-Barajas ha convocado una huelga de 24 horas para los pr\u00f3ximos d\u00edas 22 y 27 de diciembre, ante la falta de personal y un acuerdo marco que regule sus jornadas. Ante el crecimiento considerable del volumen de operaciones y de pasajeros,","canonical_url":"https:\/\/eldigitaldeasturias.com\/magazine365\/los-operadores-de-aviones-en-tierra-convocan-paros-los-dias-22-y-27-de-diciembre-en-barajas\/","robots":"max-image-preview:large","keywords":"noticias y actualidad","webmasterTools":{"google-site-verification":"UA-38556648-1","miscellaneous":""},"schema":{"@context":"https:\/\/schema.org","@graph":[{"@type":"Article","@id":"https:\/\/eldigitaldeasturias.com\/magazine365\/los-operadores-de-aviones-en-tierra-convocan-paros-los-dias-22-y-27-de-diciembre-en-barajas\/#article","name":"Los operadores de aviones en tierra convocan paros los d\u00edas 22 y 27 de diciembre en Barajas | El Digital de Asturias","headline":"Los operadores de aviones en tierra convocan paros los d\u00edas 22 y 27 de diciembre en Barajas","author":{"@id":"https:\/\/eldigitaldeasturias.com\/magazine365\/author\/admin\/#author"},"publisher":{"@id":"https:\/\/eldigitaldeasturias.com\/magazine365\/#organization"},"image":{"@type":"ImageObject","url":"https:\/\/eldigitaldeasturias.com\/magazine365\/wp-content\/uploads\/2015\/06\/aeropu.jpg","width":800,"height":533},"datePublished":"2015-12-18T17:22:45+01:00","dateModified":"2015-12-18T17:22:45+01:00","inLanguage":"es-ES","mainEntityOfPage":{"@id":"https:\/\/eldigitaldeasturias.com\/magazine365\/los-operadores-de-aviones-en-tierra-convocan-paros-los-dias-22-y-27-de-diciembre-en-barajas\/#webpage"},"isPartOf":{"@id":"https:\/\/eldigitaldeasturias.com\/magazine365\/los-operadores-de-aviones-en-tierra-convocan-paros-los-dias-22-y-27-de-diciembre-en-barajas\/#webpage"},"articleSection":"Noticias y Actualidad"},{"@type":"BreadcrumbList","@id":"https:\/\/eldigitaldeasturias.com\/magazine365\/los-operadores-de-aviones-en-tierra-convocan-paros-los-dias-22-y-27-de-diciembre-en-barajas\/#breadcrumblist","itemListElement":[{"@type":"ListItem","@id":"https:\/\/eldigitaldeasturias.com\/magazine365#listItem","position":1,"name":"Home","item":"https:\/\/eldigitaldeasturias.com\/magazine365","nextItem":{"@type":"ListItem","@id":"https:\/\/eldigitaldeasturias.com\/magazine365\/category\/noticias-actualidad\/#listItem","name":"Noticias y Actualidad"}},{"@type":"ListItem","@id":"https:\/\/eldigitaldeasturias.com\/magazine365\/category\/noticias-actualidad\/#listItem","position":2,"name":"Noticias y Actualidad","item":"https:\/\/eldigitaldeasturias.com\/magazine365\/category\/noticias-actualidad\/","nextItem":{"@type":"ListItem","@id":"https:\/\/eldigitaldeasturias.com\/magazine365\/los-operadores-de-aviones-en-tierra-convocan-paros-los-dias-22-y-27-de-diciembre-en-barajas\/#listItem","name":"Los operadores de aviones en tierra convocan paros los d\u00edas 22 y 27 de diciembre en Barajas"},"previousItem":{"@type":"ListItem","@id":"https:\/\/eldigitaldeasturias.com\/magazine365#listItem","name":"Home"}},{"@type":"ListItem","@id":"https:\/\/eldigitaldeasturias.com\/magazine365\/los-operadores-de-aviones-en-tierra-convocan-paros-los-dias-22-y-27-de-diciembre-en-barajas\/#listItem","position":3,"name":"Los operadores de aviones en tierra convocan paros los d\u00edas 22 y 27 de diciembre en Barajas","previousItem":{"@type":"ListItem","@id":"https:\/\/eldigitaldeasturias.com\/magazine365\/category\/noticias-actualidad\/#listItem","name":"Noticias y Actualidad"}}]},{"@type":"Organization","@id":"https:\/\/eldigitaldeasturias.com\/magazine365\/#organization","name":"El digital de Asturias","description":"Revista de ocio, turismo y estilo de vida","url":"https:\/\/eldigitaldeasturias.com\/magazine365\/","logo":{"@type":"ImageObject","url":"https:\/\/www.eldigitaldeasturias.com\/noticias\/wp-content\/uploads\/2020\/12\/EDA.jpg","@id":"https:\/\/eldigitaldeasturias.com\/magazine365\/los-operadores-de-aviones-en-tierra-convocan-paros-los-dias-22-y-27-de-diciembre-en-barajas\/#organizationLogo"},"image":{"@id":"https:\/\/eldigitaldeasturias.com\/magazine365\/los-operadores-de-aviones-en-tierra-convocan-paros-los-dias-22-y-27-de-diciembre-en-barajas\/#organizationLogo"}},{"@type":"Person","@id":"https:\/\/eldigitaldeasturias.com\/magazine365\/author\/admin\/#author","url":"https:\/\/eldigitaldeasturias.com\/magazine365\/author\/admin\/","name":"admin","image":{"@type":"ImageObject","@id":"https:\/\/eldigitaldeasturias.com\/magazine365\/los-operadores-de-aviones-en-tierra-convocan-paros-los-dias-22-y-27-de-diciembre-en-barajas\/#authorImage","url":"https:\/\/eldigitaldeasturias.com\/magazine365\/wp-content\/litespeed\/avatar\/e571bcf59a0edd6fa6838245a470f2fe.jpg?ver=1777574230","width":96,"height":96,"caption":"admin"}},{"@type":"WebPage","@id":"https:\/\/eldigitaldeasturias.com\/magazine365\/los-operadores-de-aviones-en-tierra-convocan-paros-los-dias-22-y-27-de-diciembre-en-barajas\/#webpage","url":"https:\/\/eldigitaldeasturias.com\/magazine365\/los-operadores-de-aviones-en-tierra-convocan-paros-los-dias-22-y-27-de-diciembre-en-barajas\/","name":"Los operadores de aviones en tierra convocan paros los d\u00edas 22 y 27 de diciembre en Barajas | El Digital de Asturias","description":"El colectivo de operadores del Servicio de Direcci\u00f3n de Plataforma del Aeropuerto Adolfo Su\u00e1rez Madrid-Barajas ha convocado una huelga de 24 horas para los pr\u00f3ximos d\u00edas 22 y 27 de diciembre, ante la falta de personal y un acuerdo marco que regule sus jornadas. Ante el crecimiento considerable del volumen de operaciones y de pasajeros,","inLanguage":"es-ES","isPartOf":{"@id":"https:\/\/eldigitaldeasturias.com\/magazine365\/#website"},"breadcrumb":{"@id":"https:\/\/eldigitaldeasturias.com\/magazine365\/los-operadores-de-aviones-en-tierra-convocan-paros-los-dias-22-y-27-de-diciembre-en-barajas\/#breadcrumblist"},"author":{"@id":"https:\/\/eldigitaldeasturias.com\/magazine365\/author\/admin\/#author"},"creator":{"@id":"https:\/\/eldigitaldeasturias.com\/magazine365\/author\/admin\/#author"},"image":{"@type":"ImageObject","url":"https:\/\/eldigitaldeasturias.com\/magazine365\/wp-content\/uploads\/2015\/06\/aeropu.jpg","@id":"https:\/\/eldigitaldeasturias.com\/magazine365\/los-operadores-de-aviones-en-tierra-convocan-paros-los-dias-22-y-27-de-diciembre-en-barajas\/#mainImage","width":800,"height":533},"primaryImageOfPage":{"@id":"https:\/\/eldigitaldeasturias.com\/magazine365\/los-operadores-de-aviones-en-tierra-convocan-paros-los-dias-22-y-27-de-diciembre-en-barajas\/#mainImage"},"datePublished":"2015-12-18T17:22:45+01:00","dateModified":"2015-12-18T17:22:45+01:00"},{"@type":"WebSite","@id":"https:\/\/eldigitaldeasturias.com\/magazine365\/#website","url":"https:\/\/eldigitaldeasturias.com\/magazine365\/","name":"El Digital de Asturias","description":"Revista de ocio, turismo y estilo de vida","inLanguage":"es-ES","publisher":{"@id":"https:\/\/eldigitaldeasturias.com\/magazine365\/#organization"}}]},"og:locale":"es_ES","og:site_name":"El Digital de Asturias \u2013 Revista de ocio, turismo y estilo de vida","og:type":"article","og:title":"Los operadores de aviones en tierra convocan paros los d\u00edas 22 y 27 de diciembre en Barajas | El Digital de Asturias","og:description":"El colectivo de operadores del Servicio de Direcci\u00f3n de Plataforma del Aeropuerto Adolfo Su\u00e1rez Madrid-Barajas ha convocado una huelga de 24 horas para los pr\u00f3ximos d\u00edas 22 y 27 de diciembre, ante la falta de personal y un acuerdo marco que regule sus jornadas. Ante el crecimiento considerable del volumen de operaciones y de pasajeros,","og:url":"https:\/\/eldigitaldeasturias.com\/magazine365\/los-operadores-de-aviones-en-tierra-convocan-paros-los-dias-22-y-27-de-diciembre-en-barajas\/","og:image":"https:\/\/eldigitaldeasturias.com\/magazine365\/wp-content\/uploads\/2015\/06\/aeropu.jpg","og:image:secure_url":"https:\/\/eldigitaldeasturias.com\/magazine365\/wp-content\/uploads\/2015\/06\/aeropu.jpg","og:image:width":800,"og:image:height":533,"article:published_time":"2015-12-18T16:22:45+00:00","article:modified_time":"2015-12-18T16:22:45+00:00","twitter:card":"summary_large_image","twitter:title":"Los operadores de aviones en tierra convocan paros los d\u00edas 22 y 27 de diciembre en Barajas | El Digital de Asturias","twitter:description":"El colectivo de operadores del Servicio de Direcci\u00f3n de Plataforma del Aeropuerto Adolfo Su\u00e1rez Madrid-Barajas ha convocado una huelga de 24 horas para los pr\u00f3ximos d\u00edas 22 y 27 de diciembre, ante la falta de personal y un acuerdo marco que regule sus jornadas. Ante el crecimiento considerable del volumen de operaciones y de pasajeros,","twitter:image":"https:\/\/eldigitaldeasturias.com\/magazine365\/wp-content\/uploads\/2015\/06\/aeropu.jpg"},"aioseo_meta_data":{"post_id":"58909","title":null,"description":null,"keywords":null,"keyphrases":null,"primary_term":null,"canonical_url":null,"og_title":null,"og_description":null,"og_object_type":"default","og_image_type":"default","og_image_url":null,"og_image_width":null,"og_image_height":null,"og_image_custom_url":null,"og_image_custom_fields":null,"og_video":null,"og_custom_url":null,"og_article_section":null,"og_article_tags":null,"twitter_use_og":false,"twitter_card":"default","twitter_image_type":"default","twitter_image_url":null,"twitter_image_custom_url":null,"twitter_image_custom_fields":null,"twitter_title":null,"twitter_description":null,"schema":{"blockGraphs":[],"customGraphs":[],"default":{"data":{"Article":[],"Course":[],"Dataset":[],"FAQPage":[],"Movie":[],"Person":[],"Product":[],"ProductReview":[],"Car":[],"Recipe":[],"Service":[],"SoftwareApplication":[],"WebPage":[]},"graphName":"","isEnabled":true},"graphs":[],"defaultGraph":"","defaultPostTypeGraph":""},"schema_type":null,"schema_type_options":null,"pillar_content":false,"robots_default":true,"robots_noindex":false,"robots_noarchive":false,"robots_nosnippet":false,"robots_nofollow":false,"robots_noimageindex":false,"robots_noodp":false,"robots_notranslate":false,"robots_max_snippet":null,"robots_max_videopreview":null,"robots_max_imagepreview":"large","priority":null,"frequency":null,"location":null,"local_seo":null,"seo_analyzer_scan_date":"2025-09-25 03:54:12","breadcrumb_settings":null,"limit_modified_date":false,"open_ai":null,"ai":null,"created":"2021-03-08 22:23:46","updated":"2025-09-25 03:54:12"},"aioseo_breadcrumb":"<div class=\"aioseo-breadcrumbs\"><span class=\"aioseo-breadcrumb\">\n\t<a href=\"https:\/\/eldigitaldeasturias.com\/magazine365\" title=\"Home\">Home<\/a>\n<\/span><span class=\"aioseo-breadcrumb-separator\">\u2013<\/span><span class=\"aioseo-breadcrumb\">\n\t<a href=\"https:\/\/eldigitaldeasturias.com\/magazine365\/category\/noticias-actualidad\/\" title=\"Noticias y Actualidad\">Noticias y Actualidad<\/a>\n<\/span><span class=\"aioseo-breadcrumb-separator\">\u2013<\/span><span class=\"aioseo-breadcrumb\">\n\t<a href=\"https:\/\/eldigitaldeasturias.com\/magazine365\/los-operadores-de-aviones-en-tierra-convocan-paros-los-dias-22-y-27-de-diciembre-en-barajas\/\" title=\"Los operadores de aviones en tierra convocan paros los d\u00edas 22 y 27 de diciembre en Barajas\">Los operadores de aviones en tierra convocan paros los d\u00edas 22 y 27 de diciembre en Barajas<\/a>\n<\/span><\/div>","aioseo_breadcrumb_json":[{"label":"Home","link":"https:\/\/eldigitaldeasturias.com\/magazine365"},{"label":"Noticias y Actualidad","link":"https:\/\/eldigitaldeasturias.com\/magazine365\/category\/noticias-actualidad\/"},{"label":"Los operadores de aviones en tierra convocan paros los d\u00edas 22 y 27 de diciembre en Barajas","link":"https:\/\/eldigitaldeasturias.com\/magazine365\/los-operadores-de-aviones-en-tierra-convocan-paros-los-dias-22-y-27-de-diciembre-en-barajas\/"}],"_links":{"self":[{"href":"https:\/\/eldigitaldeasturias.com\/magazine365\/wp-json\/wp\/v2\/posts\/58909","targetHints":{"allow":["GET"]}}],"collection":[{"href":"https:\/\/eldigitaldeasturias.com\/magazine365\/wp-json\/wp\/v2\/posts"}],"about":[{"href":"https:\/\/eldigitaldeasturias.com\/magazine365\/wp-json\/wp\/v2\/types\/post"}],"author":[{"embeddable":true,"href":"https:\/\/eldigitaldeasturias.com\/magazine365\/wp-json\/wp\/v2\/users\/1"}],"replies":[{"embeddable":true,"href":"https:\/\/eldigitaldeasturias.com\/magazine365\/wp-json\/wp\/v2\/comments?post=58909"}],"version-history":[{"count":0,"href":"https:\/\/eldigitaldeasturias.com\/magazine365\/wp-json\/wp\/v2\/posts\/58909\/revisions"}],"wp:featuredmedia":[{"embeddable":true,"href":"https:\/\/eldigitaldeasturias.com\/magazine365\/wp-json\/wp\/v2\/media\/39724"}],"wp:attachment":[{"href":"https:\/\/eldigitaldeasturias.com\/magazine365\/wp-json\/wp\/v2\/media?parent=58909"}],"wp:term":[{"taxonomy":"category","embeddable":true,"href":"https:\/\/eldigitaldeasturias.com\/magazine365\/wp-json\/wp\/v2\/categories?post=58909"},{"taxonomy":"post_tag","embeddable":true,"href":"https:\/\/eldigitaldeasturias.com\/magazine365\/wp-json\/wp\/v2\/tags?post=58909"}],"curies":[{"name":"wp","href":"https:\/\/api.w.org\/{rel}","templated":true}]}}