{"id":58899,"date":"2015-12-18T13:52:07","date_gmt":"2015-12-18T12:52:07","guid":{"rendered":"http:\/\/eldigitaldeasturias.com\/magazine365\/?p=58899"},"modified":"2015-12-18T13:52:07","modified_gmt":"2015-12-18T12:52:07","slug":"air-nostrum-volara-desde-el-aeropuerto-de-badajoz-tras-adjudicarse-el-contrato-de-transporte-aereo-de-la-junta","status":"publish","type":"post","link":"https:\/\/eldigitaldeasturias.com\/magazine365\/air-nostrum-volara-desde-el-aeropuerto-de-badajoz-tras-adjudicarse-el-contrato-de-transporte-aereo-de-la-junta\/","title":{"rendered":"Air Nostrum volar\u00e1 desde el Aeropuerto de Badajoz tras adjudicarse el contrato de transporte a\u00e9reo de la Junta"},"content":{"rendered":"<p><img fetchpriority=\"high\" decoding=\"async\" class=\"alignleft size-medium wp-image-58900\" src=\"https:\/\/eldigitaldeasturias.com\/magazine365\/wp-content\/uploads\/2015\/12\/fotonoticia_20151218121623_800-360x240.jpg\" alt=\"fotonoticia_20151218121623_800\" width=\"360\" height=\"240\" srcset=\"https:\/\/eldigitaldeasturias.com\/magazine365\/wp-content\/uploads\/2015\/12\/fotonoticia_20151218121623_800-360x240.jpg 360w, https:\/\/eldigitaldeasturias.com\/magazine365\/wp-content\/uploads\/2015\/12\/fotonoticia_20151218121623_800-650x433.jpg 650w, https:\/\/eldigitaldeasturias.com\/magazine365\/wp-content\/uploads\/2015\/12\/fotonoticia_20151218121623_800-768x512.jpg 768w, https:\/\/eldigitaldeasturias.com\/magazine365\/wp-content\/uploads\/2015\/12\/fotonoticia_20151218121623_800-150x100.jpg 150w, https:\/\/eldigitaldeasturias.com\/magazine365\/wp-content\/uploads\/2015\/12\/fotonoticia_20151218121623_800-450x300.jpg 450w, https:\/\/eldigitaldeasturias.com\/magazine365\/wp-content\/uploads\/2015\/12\/fotonoticia_20151218121623_800-696x464.jpg 696w, https:\/\/eldigitaldeasturias.com\/magazine365\/wp-content\/uploads\/2015\/12\/fotonoticia_20151218121623_800-630x420.jpg 630w, https:\/\/eldigitaldeasturias.com\/magazine365\/wp-content\/uploads\/2015\/12\/fotonoticia_20151218121623_800-84x55.jpg 84w, https:\/\/eldigitaldeasturias.com\/magazine365\/wp-content\/uploads\/2015\/12\/fotonoticia_20151218121623_800.jpg 800w\" sizes=\"(max-width: 360px) 100vw, 360px\" \/>La Junta de Extremadura ha adjudicado el contrato de transporte a\u00e9reo a Air Nostrum por un importe de 2.117.000 euros, IVA incluido, por lo que los vuelos regulares podr\u00edan volver al Aeropuerto de Badajoz a finales de enero o principios de febrero.<\/p>\n<p>As\u00ed lo ha anunciado el presidente extreme\u00f1o, Guillermo Fern\u00e1ndez Vara, en la rueda de prensa posterior al Consejo de Gobierno, en la que ha detallado que este viernes se ha reunido la mesa de contrataci\u00f3n de la consejer\u00eda con competencias en materia de transporte.<\/p>\n<p>De esta forma, la compa\u00f1\u00eda se hace con el servicio de adquisici\u00f3n de derechos de publicidad en el transporte a\u00e9reo de viajeros desde Badajoz, licitado por un importe m\u00e1ximo de 2.420.000 euros, con seis frecuencias semanales a Madrid y cuatro a Barcelona, adem\u00e1s de incorporarse tambi\u00e9n vuelos estivales.<\/p>\n<p>El objetivo que persigue la administraci\u00f3n auton\u00f3mica con este contrato, seg\u00fan explic\u00f3 el propio Vara al anunciar la licitaci\u00f3n el pasado mes de octubre, es que los vuelos comenzaran en enero de 2016 con una \u00abf\u00f3rmula transitoria\u00bb hasta que \u00abse haga el contrato de obligaci\u00f3n de servicio p\u00fablico\u00bb.<\/p>\n<p>El contrato establece un periodo de un mes despu\u00e9s de la adjudicaci\u00f3n para el inicio de las operaciones, si bien el propio Vara ha se\u00f1alado este viernes que las fechas que se est\u00e1n \u00abbarajando\u00bb, que apuntan a principios de febrero, pueden ser las \u00abid\u00f3neas\u00bb, pero que en todo caso es la empresa la que debe dar un plazo definitivo.<\/p>\n<p>La recuperaci\u00f3n del transporte a\u00e9reo desde Badajoz es \u00abimportante\u00bb, seg\u00fan ha dicho Vara, despu\u00e9s de la situaci\u00f3n \u00ababsolutamente ca\u00f3tica\u00bb encontrada el pasado mes de julio, cuando \u00abde golpe y porrazo\u00bb la comunidad se qued\u00f3 \u00absin transporte a\u00e9reo y sin transporte escolar\u00bb, como consecuencia de las \u00abdecisiones\u00bb adoptadas por el anterior ejecutivo y de sentencias judiciales.<\/p>\n<p>De esta forma, la regi\u00f3n recupera una \u00abimportante demanda\u00bb tanto de los extreme\u00f1os como de quienes planean una visita a la regi\u00f3n, al tiempo que ha destacado que se ha resuelto en cinco meses \u00abun problema grave\u00bb.<\/p>\n<p>Fern\u00e1ndez Vara ha agradecido la \u00abapuesta por Extremadura\u00bb de la empresa, a la que reconoce que \u00abno debe ser muy sencillo\u00bb teniendo en cuenta que ha sido la \u00fanica que ha presentado una oferta, sobre lo cual ha dicho que, en caso de no haber cumplido los requisitos, el concurso podr\u00eda haber quedado desierto. \u00abSi fuera un chollo se hubieran presentado montones\u00bb de empresas, ha remachado.<\/p>\n<p>Preguntado por el anuncio realizado por parte de AENA sobre la citada adjudicaci\u00f3n antes de que esta se aprobara en la mesa de contrataci\u00f3n, ha respondido que se sab\u00eda que era el \u00fanico licitante y que las empresas necesitan \u00abanunciar un poquito antes\u00bb los vuelos para llenarlos de pasajeros.<\/p>\n","protected":false},"excerpt":{"rendered":"<p>La Junta de Extremadura ha adjudicado el contrato de transporte a\u00e9reo a Air Nostrum por un importe de 2.117.000 euros, IVA incluido, por lo que los vuelos regulares podr\u00edan volver al Aeropuerto de Badajoz a finales de enero o principios de febrero. As\u00ed lo ha anunciado el presidente extreme\u00f1o, Guillermo Fern\u00e1ndez Vara, en la rueda<\/p>\n","protected":false},"author":1,"featured_media":58900,"comment_status":"open","ping_status":"closed","sticky":false,"template":"","format":"standard","meta":{"footnotes":""},"categories":[224],"tags":[],"class_list":{"0":"post-58899","1":"post","2":"type-post","3":"status-publish","4":"format-standard","5":"has-post-thumbnail","7":"category-noticias-actualidad"},"aioseo_notices":[],"aioseo_head":"\n\t\t<!-- All in One SEO Pro 4.9.6.1 - aioseo.com -->\n\t<meta name=\"description\" content=\"La Junta de Extremadura ha adjudicado el contrato de transporte a\u00e9reo a Air Nostrum por un importe de 2.117.000 euros, IVA incluido, por lo que los vuelos regulares podr\u00edan volver al Aeropuerto de Badajoz a finales de enero o principios de febrero. As\u00ed lo ha anunciado el presidente extreme\u00f1o, Guillermo Fern\u00e1ndez Vara, en la rueda\" \/>\n\t<meta name=\"robots\" content=\"max-image-preview:large\" \/>\n\t<meta name=\"author\" content=\"admin\"\/>\n\t<meta name=\"google-site-verification\" content=\"UA-38556648-1\" \/>\n\t<meta name=\"keywords\" content=\"noticias y actualidad\" \/>\n\t<link rel=\"canonical\" href=\"https:\/\/eldigitaldeasturias.com\/magazine365\/air-nostrum-volara-desde-el-aeropuerto-de-badajoz-tras-adjudicarse-el-contrato-de-transporte-aereo-de-la-junta\/\" \/>\n\t<meta name=\"generator\" content=\"All in One SEO Pro (AIOSEO) 4.9.6.1\" \/>\n\t\t<meta property=\"og:locale\" content=\"es_ES\" \/>\n\t\t<meta property=\"og:site_name\" content=\"El Digital de Asturias \u2013 Revista de ocio, turismo y estilo de vida\" \/>\n\t\t<meta property=\"og:type\" content=\"article\" \/>\n\t\t<meta property=\"og:title\" content=\"Air Nostrum volar\u00e1 desde el Aeropuerto de Badajoz tras adjudicarse el contrato de transporte a\u00e9reo de la Junta | El Digital de Asturias\" \/>\n\t\t<meta property=\"og:description\" content=\"La Junta de Extremadura ha adjudicado el contrato de transporte a\u00e9reo a Air Nostrum por un importe de 2.117.000 euros, IVA incluido, por lo que los vuelos regulares podr\u00edan volver al Aeropuerto de Badajoz a finales de enero o principios de febrero. As\u00ed lo ha anunciado el presidente extreme\u00f1o, Guillermo Fern\u00e1ndez Vara, en la rueda\" \/>\n\t\t<meta property=\"og:url\" content=\"https:\/\/eldigitaldeasturias.com\/magazine365\/air-nostrum-volara-desde-el-aeropuerto-de-badajoz-tras-adjudicarse-el-contrato-de-transporte-aereo-de-la-junta\/\" \/>\n\t\t<meta property=\"og:image\" content=\"https:\/\/eldigitaldeasturias.com\/magazine365\/wp-content\/uploads\/2015\/12\/fotonoticia_20151218121623_800.jpg\" \/>\n\t\t<meta property=\"og:image:secure_url\" content=\"https:\/\/eldigitaldeasturias.com\/magazine365\/wp-content\/uploads\/2015\/12\/fotonoticia_20151218121623_800.jpg\" \/>\n\t\t<meta property=\"og:image:width\" content=\"800\" \/>\n\t\t<meta property=\"og:image:height\" content=\"533\" \/>\n\t\t<meta property=\"article:published_time\" content=\"2015-12-18T12:52:07+00:00\" \/>\n\t\t<meta property=\"article:modified_time\" content=\"2015-12-18T12:52:07+00:00\" \/>\n\t\t<meta name=\"twitter:card\" content=\"summary_large_image\" \/>\n\t\t<meta name=\"twitter:title\" content=\"Air Nostrum volar\u00e1 desde el Aeropuerto de Badajoz tras adjudicarse el contrato de transporte a\u00e9reo de la Junta | El Digital de Asturias\" \/>\n\t\t<meta name=\"twitter:description\" content=\"La Junta de Extremadura ha adjudicado el contrato de transporte a\u00e9reo a Air Nostrum por un importe de 2.117.000 euros, IVA incluido, por lo que los vuelos regulares podr\u00edan volver al Aeropuerto de Badajoz a finales de enero o principios de febrero. As\u00ed lo ha anunciado el presidente extreme\u00f1o, Guillermo Fern\u00e1ndez Vara, en la rueda\" \/>\n\t\t<meta name=\"twitter:image\" content=\"https:\/\/eldigitaldeasturias.com\/magazine365\/wp-content\/uploads\/2015\/12\/fotonoticia_20151218121623_800.jpg\" \/>\n\t\t<script type=\"application\/ld+json\" class=\"aioseo-schema\">\n\t\t\t{\"@context\":\"https:\\\/\\\/schema.org\",\"@graph\":[{\"@type\":\"Article\",\"@id\":\"https:\\\/\\\/eldigitaldeasturias.com\\\/magazine365\\\/air-nostrum-volara-desde-el-aeropuerto-de-badajoz-tras-adjudicarse-el-contrato-de-transporte-aereo-de-la-junta\\\/#article\",\"name\":\"Air Nostrum volar\\u00e1 desde el Aeropuerto de Badajoz tras adjudicarse el contrato de transporte a\\u00e9reo de la Junta | El Digital de Asturias\",\"headline\":\"Air Nostrum volar\\u00e1 desde el Aeropuerto de Badajoz tras adjudicarse el contrato de transporte a\\u00e9reo de la Junta\",\"author\":{\"@id\":\"https:\\\/\\\/eldigitaldeasturias.com\\\/magazine365\\\/author\\\/admin\\\/#author\"},\"publisher\":{\"@id\":\"https:\\\/\\\/eldigitaldeasturias.com\\\/magazine365\\\/#organization\"},\"image\":{\"@type\":\"ImageObject\",\"url\":\"https:\\\/\\\/eldigitaldeasturias.com\\\/magazine365\\\/wp-content\\\/uploads\\\/2015\\\/12\\\/fotonoticia_20151218121623_800.jpg\",\"width\":800,\"height\":533},\"datePublished\":\"2015-12-18T13:52:07+01:00\",\"dateModified\":\"2015-12-18T13:52:07+01:00\",\"inLanguage\":\"es-ES\",\"mainEntityOfPage\":{\"@id\":\"https:\\\/\\\/eldigitaldeasturias.com\\\/magazine365\\\/air-nostrum-volara-desde-el-aeropuerto-de-badajoz-tras-adjudicarse-el-contrato-de-transporte-aereo-de-la-junta\\\/#webpage\"},\"isPartOf\":{\"@id\":\"https:\\\/\\\/eldigitaldeasturias.com\\\/magazine365\\\/air-nostrum-volara-desde-el-aeropuerto-de-badajoz-tras-adjudicarse-el-contrato-de-transporte-aereo-de-la-junta\\\/#webpage\"},\"articleSection\":\"Noticias y Actualidad\"},{\"@type\":\"BreadcrumbList\",\"@id\":\"https:\\\/\\\/eldigitaldeasturias.com\\\/magazine365\\\/air-nostrum-volara-desde-el-aeropuerto-de-badajoz-tras-adjudicarse-el-contrato-de-transporte-aereo-de-la-junta\\\/#breadcrumblist\",\"itemListElement\":[{\"@type\":\"ListItem\",\"@id\":\"https:\\\/\\\/eldigitaldeasturias.com\\\/magazine365#listItem\",\"position\":1,\"name\":\"Home\",\"item\":\"https:\\\/\\\/eldigitaldeasturias.com\\\/magazine365\",\"nextItem\":{\"@type\":\"ListItem\",\"@id\":\"https:\\\/\\\/eldigitaldeasturias.com\\\/magazine365\\\/category\\\/noticias-actualidad\\\/#listItem\",\"name\":\"Noticias y Actualidad\"}},{\"@type\":\"ListItem\",\"@id\":\"https:\\\/\\\/eldigitaldeasturias.com\\\/magazine365\\\/category\\\/noticias-actualidad\\\/#listItem\",\"position\":2,\"name\":\"Noticias y Actualidad\",\"item\":\"https:\\\/\\\/eldigitaldeasturias.com\\\/magazine365\\\/category\\\/noticias-actualidad\\\/\",\"nextItem\":{\"@type\":\"ListItem\",\"@id\":\"https:\\\/\\\/eldigitaldeasturias.com\\\/magazine365\\\/air-nostrum-volara-desde-el-aeropuerto-de-badajoz-tras-adjudicarse-el-contrato-de-transporte-aereo-de-la-junta\\\/#listItem\",\"name\":\"Air Nostrum volar\\u00e1 desde el Aeropuerto de Badajoz tras adjudicarse el contrato de transporte a\\u00e9reo de la Junta\"},\"previousItem\":{\"@type\":\"ListItem\",\"@id\":\"https:\\\/\\\/eldigitaldeasturias.com\\\/magazine365#listItem\",\"name\":\"Home\"}},{\"@type\":\"ListItem\",\"@id\":\"https:\\\/\\\/eldigitaldeasturias.com\\\/magazine365\\\/air-nostrum-volara-desde-el-aeropuerto-de-badajoz-tras-adjudicarse-el-contrato-de-transporte-aereo-de-la-junta\\\/#listItem\",\"position\":3,\"name\":\"Air Nostrum volar\\u00e1 desde el Aeropuerto de Badajoz tras adjudicarse el contrato de transporte a\\u00e9reo de la Junta\",\"previousItem\":{\"@type\":\"ListItem\",\"@id\":\"https:\\\/\\\/eldigitaldeasturias.com\\\/magazine365\\\/category\\\/noticias-actualidad\\\/#listItem\",\"name\":\"Noticias y Actualidad\"}}]},{\"@type\":\"Organization\",\"@id\":\"https:\\\/\\\/eldigitaldeasturias.com\\\/magazine365\\\/#organization\",\"name\":\"El digital de Asturias\",\"description\":\"Revista de ocio, turismo y estilo de vida\",\"url\":\"https:\\\/\\\/eldigitaldeasturias.com\\\/magazine365\\\/\",\"logo\":{\"@type\":\"ImageObject\",\"url\":\"https:\\\/\\\/www.eldigitaldeasturias.com\\\/noticias\\\/wp-content\\\/uploads\\\/2020\\\/12\\\/EDA.jpg\",\"@id\":\"https:\\\/\\\/eldigitaldeasturias.com\\\/magazine365\\\/air-nostrum-volara-desde-el-aeropuerto-de-badajoz-tras-adjudicarse-el-contrato-de-transporte-aereo-de-la-junta\\\/#organizationLogo\"},\"image\":{\"@id\":\"https:\\\/\\\/eldigitaldeasturias.com\\\/magazine365\\\/air-nostrum-volara-desde-el-aeropuerto-de-badajoz-tras-adjudicarse-el-contrato-de-transporte-aereo-de-la-junta\\\/#organizationLogo\"}},{\"@type\":\"Person\",\"@id\":\"https:\\\/\\\/eldigitaldeasturias.com\\\/magazine365\\\/author\\\/admin\\\/#author\",\"url\":\"https:\\\/\\\/eldigitaldeasturias.com\\\/magazine365\\\/author\\\/admin\\\/\",\"name\":\"admin\",\"image\":{\"@type\":\"ImageObject\",\"@id\":\"https:\\\/\\\/eldigitaldeasturias.com\\\/magazine365\\\/air-nostrum-volara-desde-el-aeropuerto-de-badajoz-tras-adjudicarse-el-contrato-de-transporte-aereo-de-la-junta\\\/#authorImage\",\"url\":\"https:\\\/\\\/eldigitaldeasturias.com\\\/magazine365\\\/wp-content\\\/litespeed\\\/avatar\\\/e571bcf59a0edd6fa6838245a470f2fe.jpg?ver=1777574230\",\"width\":96,\"height\":96,\"caption\":\"admin\"}},{\"@type\":\"WebPage\",\"@id\":\"https:\\\/\\\/eldigitaldeasturias.com\\\/magazine365\\\/air-nostrum-volara-desde-el-aeropuerto-de-badajoz-tras-adjudicarse-el-contrato-de-transporte-aereo-de-la-junta\\\/#webpage\",\"url\":\"https:\\\/\\\/eldigitaldeasturias.com\\\/magazine365\\\/air-nostrum-volara-desde-el-aeropuerto-de-badajoz-tras-adjudicarse-el-contrato-de-transporte-aereo-de-la-junta\\\/\",\"name\":\"Air Nostrum volar\\u00e1 desde el Aeropuerto de Badajoz tras adjudicarse el contrato de transporte a\\u00e9reo de la Junta | El Digital de Asturias\",\"description\":\"La Junta de Extremadura ha adjudicado el contrato de transporte a\\u00e9reo a Air Nostrum por un importe de 2.117.000 euros, IVA incluido, por lo que los vuelos regulares podr\\u00edan volver al Aeropuerto de Badajoz a finales de enero o principios de febrero. As\\u00ed lo ha anunciado el presidente extreme\\u00f1o, Guillermo Fern\\u00e1ndez Vara, en la rueda\",\"inLanguage\":\"es-ES\",\"isPartOf\":{\"@id\":\"https:\\\/\\\/eldigitaldeasturias.com\\\/magazine365\\\/#website\"},\"breadcrumb\":{\"@id\":\"https:\\\/\\\/eldigitaldeasturias.com\\\/magazine365\\\/air-nostrum-volara-desde-el-aeropuerto-de-badajoz-tras-adjudicarse-el-contrato-de-transporte-aereo-de-la-junta\\\/#breadcrumblist\"},\"author\":{\"@id\":\"https:\\\/\\\/eldigitaldeasturias.com\\\/magazine365\\\/author\\\/admin\\\/#author\"},\"creator\":{\"@id\":\"https:\\\/\\\/eldigitaldeasturias.com\\\/magazine365\\\/author\\\/admin\\\/#author\"},\"image\":{\"@type\":\"ImageObject\",\"url\":\"https:\\\/\\\/eldigitaldeasturias.com\\\/magazine365\\\/wp-content\\\/uploads\\\/2015\\\/12\\\/fotonoticia_20151218121623_800.jpg\",\"@id\":\"https:\\\/\\\/eldigitaldeasturias.com\\\/magazine365\\\/air-nostrum-volara-desde-el-aeropuerto-de-badajoz-tras-adjudicarse-el-contrato-de-transporte-aereo-de-la-junta\\\/#mainImage\",\"width\":800,\"height\":533},\"primaryImageOfPage\":{\"@id\":\"https:\\\/\\\/eldigitaldeasturias.com\\\/magazine365\\\/air-nostrum-volara-desde-el-aeropuerto-de-badajoz-tras-adjudicarse-el-contrato-de-transporte-aereo-de-la-junta\\\/#mainImage\"},\"datePublished\":\"2015-12-18T13:52:07+01:00\",\"dateModified\":\"2015-12-18T13:52:07+01:00\"},{\"@type\":\"WebSite\",\"@id\":\"https:\\\/\\\/eldigitaldeasturias.com\\\/magazine365\\\/#website\",\"url\":\"https:\\\/\\\/eldigitaldeasturias.com\\\/magazine365\\\/\",\"name\":\"El Digital de Asturias\",\"description\":\"Revista de ocio, turismo y estilo de vida\",\"inLanguage\":\"es-ES\",\"publisher\":{\"@id\":\"https:\\\/\\\/eldigitaldeasturias.com\\\/magazine365\\\/#organization\"}}]}\n\t\t<\/script>\n\t\t<!-- All in One SEO Pro -->\r\n\t\t<title>Air Nostrum volar\u00e1 desde el Aeropuerto de Badajoz tras adjudicarse el contrato de transporte a\u00e9reo de la Junta | El Digital de Asturias<\/title>\n\n","aioseo_head_json":{"title":"Air Nostrum volar\u00e1 desde el Aeropuerto de Badajoz tras adjudicarse el contrato de transporte a\u00e9reo de la Junta | El Digital de Asturias","description":"La Junta de Extremadura ha adjudicado el contrato de transporte a\u00e9reo a Air Nostrum por un importe de 2.117.000 euros, IVA incluido, por lo que los vuelos regulares podr\u00edan volver al Aeropuerto de Badajoz a finales de enero o principios de febrero. As\u00ed lo ha anunciado el presidente extreme\u00f1o, Guillermo Fern\u00e1ndez Vara, en la rueda","canonical_url":"https:\/\/eldigitaldeasturias.com\/magazine365\/air-nostrum-volara-desde-el-aeropuerto-de-badajoz-tras-adjudicarse-el-contrato-de-transporte-aereo-de-la-junta\/","robots":"max-image-preview:large","keywords":"noticias y actualidad","webmasterTools":{"google-site-verification":"UA-38556648-1","miscellaneous":""},"schema":{"@context":"https:\/\/schema.org","@graph":[{"@type":"Article","@id":"https:\/\/eldigitaldeasturias.com\/magazine365\/air-nostrum-volara-desde-el-aeropuerto-de-badajoz-tras-adjudicarse-el-contrato-de-transporte-aereo-de-la-junta\/#article","name":"Air Nostrum volar\u00e1 desde el Aeropuerto de Badajoz tras adjudicarse el contrato de transporte a\u00e9reo de la Junta | El Digital de Asturias","headline":"Air Nostrum volar\u00e1 desde el Aeropuerto de Badajoz tras adjudicarse el contrato de transporte a\u00e9reo de la Junta","author":{"@id":"https:\/\/eldigitaldeasturias.com\/magazine365\/author\/admin\/#author"},"publisher":{"@id":"https:\/\/eldigitaldeasturias.com\/magazine365\/#organization"},"image":{"@type":"ImageObject","url":"https:\/\/eldigitaldeasturias.com\/magazine365\/wp-content\/uploads\/2015\/12\/fotonoticia_20151218121623_800.jpg","width":800,"height":533},"datePublished":"2015-12-18T13:52:07+01:00","dateModified":"2015-12-18T13:52:07+01:00","inLanguage":"es-ES","mainEntityOfPage":{"@id":"https:\/\/eldigitaldeasturias.com\/magazine365\/air-nostrum-volara-desde-el-aeropuerto-de-badajoz-tras-adjudicarse-el-contrato-de-transporte-aereo-de-la-junta\/#webpage"},"isPartOf":{"@id":"https:\/\/eldigitaldeasturias.com\/magazine365\/air-nostrum-volara-desde-el-aeropuerto-de-badajoz-tras-adjudicarse-el-contrato-de-transporte-aereo-de-la-junta\/#webpage"},"articleSection":"Noticias y Actualidad"},{"@type":"BreadcrumbList","@id":"https:\/\/eldigitaldeasturias.com\/magazine365\/air-nostrum-volara-desde-el-aeropuerto-de-badajoz-tras-adjudicarse-el-contrato-de-transporte-aereo-de-la-junta\/#breadcrumblist","itemListElement":[{"@type":"ListItem","@id":"https:\/\/eldigitaldeasturias.com\/magazine365#listItem","position":1,"name":"Home","item":"https:\/\/eldigitaldeasturias.com\/magazine365","nextItem":{"@type":"ListItem","@id":"https:\/\/eldigitaldeasturias.com\/magazine365\/category\/noticias-actualidad\/#listItem","name":"Noticias y Actualidad"}},{"@type":"ListItem","@id":"https:\/\/eldigitaldeasturias.com\/magazine365\/category\/noticias-actualidad\/#listItem","position":2,"name":"Noticias y Actualidad","item":"https:\/\/eldigitaldeasturias.com\/magazine365\/category\/noticias-actualidad\/","nextItem":{"@type":"ListItem","@id":"https:\/\/eldigitaldeasturias.com\/magazine365\/air-nostrum-volara-desde-el-aeropuerto-de-badajoz-tras-adjudicarse-el-contrato-de-transporte-aereo-de-la-junta\/#listItem","name":"Air Nostrum volar\u00e1 desde el Aeropuerto de Badajoz tras adjudicarse el contrato de transporte a\u00e9reo de la Junta"},"previousItem":{"@type":"ListItem","@id":"https:\/\/eldigitaldeasturias.com\/magazine365#listItem","name":"Home"}},{"@type":"ListItem","@id":"https:\/\/eldigitaldeasturias.com\/magazine365\/air-nostrum-volara-desde-el-aeropuerto-de-badajoz-tras-adjudicarse-el-contrato-de-transporte-aereo-de-la-junta\/#listItem","position":3,"name":"Air Nostrum volar\u00e1 desde el Aeropuerto de Badajoz tras adjudicarse el contrato de transporte a\u00e9reo de la Junta","previousItem":{"@type":"ListItem","@id":"https:\/\/eldigitaldeasturias.com\/magazine365\/category\/noticias-actualidad\/#listItem","name":"Noticias y Actualidad"}}]},{"@type":"Organization","@id":"https:\/\/eldigitaldeasturias.com\/magazine365\/#organization","name":"El digital de Asturias","description":"Revista de ocio, turismo y estilo de vida","url":"https:\/\/eldigitaldeasturias.com\/magazine365\/","logo":{"@type":"ImageObject","url":"https:\/\/www.eldigitaldeasturias.com\/noticias\/wp-content\/uploads\/2020\/12\/EDA.jpg","@id":"https:\/\/eldigitaldeasturias.com\/magazine365\/air-nostrum-volara-desde-el-aeropuerto-de-badajoz-tras-adjudicarse-el-contrato-de-transporte-aereo-de-la-junta\/#organizationLogo"},"image":{"@id":"https:\/\/eldigitaldeasturias.com\/magazine365\/air-nostrum-volara-desde-el-aeropuerto-de-badajoz-tras-adjudicarse-el-contrato-de-transporte-aereo-de-la-junta\/#organizationLogo"}},{"@type":"Person","@id":"https:\/\/eldigitaldeasturias.com\/magazine365\/author\/admin\/#author","url":"https:\/\/eldigitaldeasturias.com\/magazine365\/author\/admin\/","name":"admin","image":{"@type":"ImageObject","@id":"https:\/\/eldigitaldeasturias.com\/magazine365\/air-nostrum-volara-desde-el-aeropuerto-de-badajoz-tras-adjudicarse-el-contrato-de-transporte-aereo-de-la-junta\/#authorImage","url":"https:\/\/eldigitaldeasturias.com\/magazine365\/wp-content\/litespeed\/avatar\/e571bcf59a0edd6fa6838245a470f2fe.jpg?ver=1777574230","width":96,"height":96,"caption":"admin"}},{"@type":"WebPage","@id":"https:\/\/eldigitaldeasturias.com\/magazine365\/air-nostrum-volara-desde-el-aeropuerto-de-badajoz-tras-adjudicarse-el-contrato-de-transporte-aereo-de-la-junta\/#webpage","url":"https:\/\/eldigitaldeasturias.com\/magazine365\/air-nostrum-volara-desde-el-aeropuerto-de-badajoz-tras-adjudicarse-el-contrato-de-transporte-aereo-de-la-junta\/","name":"Air Nostrum volar\u00e1 desde el Aeropuerto de Badajoz tras adjudicarse el contrato de transporte a\u00e9reo de la Junta | El Digital de Asturias","description":"La Junta de Extremadura ha adjudicado el contrato de transporte a\u00e9reo a Air Nostrum por un importe de 2.117.000 euros, IVA incluido, por lo que los vuelos regulares podr\u00edan volver al Aeropuerto de Badajoz a finales de enero o principios de febrero. As\u00ed lo ha anunciado el presidente extreme\u00f1o, Guillermo Fern\u00e1ndez Vara, en la rueda","inLanguage":"es-ES","isPartOf":{"@id":"https:\/\/eldigitaldeasturias.com\/magazine365\/#website"},"breadcrumb":{"@id":"https:\/\/eldigitaldeasturias.com\/magazine365\/air-nostrum-volara-desde-el-aeropuerto-de-badajoz-tras-adjudicarse-el-contrato-de-transporte-aereo-de-la-junta\/#breadcrumblist"},"author":{"@id":"https:\/\/eldigitaldeasturias.com\/magazine365\/author\/admin\/#author"},"creator":{"@id":"https:\/\/eldigitaldeasturias.com\/magazine365\/author\/admin\/#author"},"image":{"@type":"ImageObject","url":"https:\/\/eldigitaldeasturias.com\/magazine365\/wp-content\/uploads\/2015\/12\/fotonoticia_20151218121623_800.jpg","@id":"https:\/\/eldigitaldeasturias.com\/magazine365\/air-nostrum-volara-desde-el-aeropuerto-de-badajoz-tras-adjudicarse-el-contrato-de-transporte-aereo-de-la-junta\/#mainImage","width":800,"height":533},"primaryImageOfPage":{"@id":"https:\/\/eldigitaldeasturias.com\/magazine365\/air-nostrum-volara-desde-el-aeropuerto-de-badajoz-tras-adjudicarse-el-contrato-de-transporte-aereo-de-la-junta\/#mainImage"},"datePublished":"2015-12-18T13:52:07+01:00","dateModified":"2015-12-18T13:52:07+01:00"},{"@type":"WebSite","@id":"https:\/\/eldigitaldeasturias.com\/magazine365\/#website","url":"https:\/\/eldigitaldeasturias.com\/magazine365\/","name":"El Digital de Asturias","description":"Revista de ocio, turismo y estilo de vida","inLanguage":"es-ES","publisher":{"@id":"https:\/\/eldigitaldeasturias.com\/magazine365\/#organization"}}]},"og:locale":"es_ES","og:site_name":"El Digital de Asturias \u2013 Revista de ocio, turismo y estilo de vida","og:type":"article","og:title":"Air Nostrum volar\u00e1 desde el Aeropuerto de Badajoz tras adjudicarse el contrato de transporte a\u00e9reo de la Junta | El Digital de Asturias","og:description":"La Junta de Extremadura ha adjudicado el contrato de transporte a\u00e9reo a Air Nostrum por un importe de 2.117.000 euros, IVA incluido, por lo que los vuelos regulares podr\u00edan volver al Aeropuerto de Badajoz a finales de enero o principios de febrero. As\u00ed lo ha anunciado el presidente extreme\u00f1o, Guillermo Fern\u00e1ndez Vara, en la rueda","og:url":"https:\/\/eldigitaldeasturias.com\/magazine365\/air-nostrum-volara-desde-el-aeropuerto-de-badajoz-tras-adjudicarse-el-contrato-de-transporte-aereo-de-la-junta\/","og:image":"https:\/\/eldigitaldeasturias.com\/magazine365\/wp-content\/uploads\/2015\/12\/fotonoticia_20151218121623_800.jpg","og:image:secure_url":"https:\/\/eldigitaldeasturias.com\/magazine365\/wp-content\/uploads\/2015\/12\/fotonoticia_20151218121623_800.jpg","og:image:width":800,"og:image:height":533,"article:published_time":"2015-12-18T12:52:07+00:00","article:modified_time":"2015-12-18T12:52:07+00:00","twitter:card":"summary_large_image","twitter:title":"Air Nostrum volar\u00e1 desde el Aeropuerto de Badajoz tras adjudicarse el contrato de transporte a\u00e9reo de la Junta | El Digital de Asturias","twitter:description":"La Junta de Extremadura ha adjudicado el contrato de transporte a\u00e9reo a Air Nostrum por un importe de 2.117.000 euros, IVA incluido, por lo que los vuelos regulares podr\u00edan volver al Aeropuerto de Badajoz a finales de enero o principios de febrero. As\u00ed lo ha anunciado el presidente extreme\u00f1o, Guillermo Fern\u00e1ndez Vara, en la rueda","twitter:image":"https:\/\/eldigitaldeasturias.com\/magazine365\/wp-content\/uploads\/2015\/12\/fotonoticia_20151218121623_800.jpg"},"aioseo_meta_data":{"post_id":"58899","title":null,"description":null,"keywords":null,"keyphrases":null,"primary_term":null,"canonical_url":null,"og_title":null,"og_description":null,"og_object_type":"default","og_image_type":"default","og_image_url":null,"og_image_width":null,"og_image_height":null,"og_image_custom_url":null,"og_image_custom_fields":null,"og_video":null,"og_custom_url":null,"og_article_section":null,"og_article_tags":null,"twitter_use_og":false,"twitter_card":"default","twitter_image_type":"default","twitter_image_url":null,"twitter_image_custom_url":null,"twitter_image_custom_fields":null,"twitter_title":null,"twitter_description":null,"schema":{"blockGraphs":[],"customGraphs":[],"default":{"data":{"Article":[],"Course":[],"Dataset":[],"FAQPage":[],"Movie":[],"Person":[],"Product":[],"ProductReview":[],"Car":[],"Recipe":[],"Service":[],"SoftwareApplication":[],"WebPage":[]},"graphName":"","isEnabled":true},"graphs":[],"defaultGraph":"","defaultPostTypeGraph":""},"schema_type":null,"schema_type_options":null,"pillar_content":false,"robots_default":true,"robots_noindex":false,"robots_noarchive":false,"robots_nosnippet":false,"robots_nofollow":false,"robots_noimageindex":false,"robots_noodp":false,"robots_notranslate":false,"robots_max_snippet":null,"robots_max_videopreview":null,"robots_max_imagepreview":"large","priority":null,"frequency":null,"location":null,"local_seo":null,"seo_analyzer_scan_date":"2025-09-25 03:53:04","breadcrumb_settings":null,"limit_modified_date":false,"open_ai":null,"ai":null,"created":"2021-03-08 22:23:46","updated":"2025-09-25 03:53:04"},"aioseo_breadcrumb":"<div class=\"aioseo-breadcrumbs\"><span class=\"aioseo-breadcrumb\">\n\t<a href=\"https:\/\/eldigitaldeasturias.com\/magazine365\" title=\"Home\">Home<\/a>\n<\/span><span class=\"aioseo-breadcrumb-separator\">\u2013<\/span><span class=\"aioseo-breadcrumb\">\n\t<a href=\"https:\/\/eldigitaldeasturias.com\/magazine365\/category\/noticias-actualidad\/\" title=\"Noticias y Actualidad\">Noticias y Actualidad<\/a>\n<\/span><span class=\"aioseo-breadcrumb-separator\">\u2013<\/span><span class=\"aioseo-breadcrumb\">\n\t<a href=\"https:\/\/eldigitaldeasturias.com\/magazine365\/air-nostrum-volara-desde-el-aeropuerto-de-badajoz-tras-adjudicarse-el-contrato-de-transporte-aereo-de-la-junta\/\" title=\"Air Nostrum volar\u00e1 desde el Aeropuerto de Badajoz tras adjudicarse el contrato de transporte a\u00e9reo de la Junta\">Air Nostrum volar\u00e1 desde el Aeropuerto de Badajoz tras adjudicarse el contrato de transporte a\u00e9reo de la Junta<\/a>\n<\/span><\/div>","aioseo_breadcrumb_json":[{"label":"Home","link":"https:\/\/eldigitaldeasturias.com\/magazine365"},{"label":"Noticias y Actualidad","link":"https:\/\/eldigitaldeasturias.com\/magazine365\/category\/noticias-actualidad\/"},{"label":"Air Nostrum volar\u00e1 desde el Aeropuerto de Badajoz tras adjudicarse el contrato de transporte a\u00e9reo de la Junta","link":"https:\/\/eldigitaldeasturias.com\/magazine365\/air-nostrum-volara-desde-el-aeropuerto-de-badajoz-tras-adjudicarse-el-contrato-de-transporte-aereo-de-la-junta\/"}],"_links":{"self":[{"href":"https:\/\/eldigitaldeasturias.com\/magazine365\/wp-json\/wp\/v2\/posts\/58899","targetHints":{"allow":["GET"]}}],"collection":[{"href":"https:\/\/eldigitaldeasturias.com\/magazine365\/wp-json\/wp\/v2\/posts"}],"about":[{"href":"https:\/\/eldigitaldeasturias.com\/magazine365\/wp-json\/wp\/v2\/types\/post"}],"author":[{"embeddable":true,"href":"https:\/\/eldigitaldeasturias.com\/magazine365\/wp-json\/wp\/v2\/users\/1"}],"replies":[{"embeddable":true,"href":"https:\/\/eldigitaldeasturias.com\/magazine365\/wp-json\/wp\/v2\/comments?post=58899"}],"version-history":[{"count":0,"href":"https:\/\/eldigitaldeasturias.com\/magazine365\/wp-json\/wp\/v2\/posts\/58899\/revisions"}],"wp:featuredmedia":[{"embeddable":true,"href":"https:\/\/eldigitaldeasturias.com\/magazine365\/wp-json\/wp\/v2\/media\/58900"}],"wp:attachment":[{"href":"https:\/\/eldigitaldeasturias.com\/magazine365\/wp-json\/wp\/v2\/media?parent=58899"}],"wp:term":[{"taxonomy":"category","embeddable":true,"href":"https:\/\/eldigitaldeasturias.com\/magazine365\/wp-json\/wp\/v2\/categories?post=58899"},{"taxonomy":"post_tag","embeddable":true,"href":"https:\/\/eldigitaldeasturias.com\/magazine365\/wp-json\/wp\/v2\/tags?post=58899"}],"curies":[{"name":"wp","href":"https:\/\/api.w.org\/{rel}","templated":true}]}}