{"id":58896,"date":"2015-12-18T13:50:56","date_gmt":"2015-12-18T12:50:56","guid":{"rendered":"http:\/\/eldigitaldeasturias.com\/magazine365\/?p=58896"},"modified":"2015-12-18T13:50:56","modified_gmt":"2015-12-18T12:50:56","slug":"la-facturacion-de-agencias-y-touroperadores-aumento-un-79-en-octubre","status":"publish","type":"post","link":"https:\/\/eldigitaldeasturias.com\/magazine365\/la-facturacion-de-agencias-y-touroperadores-aumento-un-79-en-octubre\/","title":{"rendered":"La facturaci\u00f3n de agencias y touroperadores aument\u00f3 un 7,9% en octubre"},"content":{"rendered":"<p><img fetchpriority=\"high\" decoding=\"async\" class=\"alignleft size-medium wp-image-58897\" src=\"https:\/\/eldigitaldeasturias.com\/magazine365\/wp-content\/uploads\/2015\/12\/fotonoticia_20151218115826_800-360x269.jpg\" alt=\"fotonoticia_20151218115826_800\" width=\"360\" height=\"269\" srcset=\"https:\/\/eldigitaldeasturias.com\/magazine365\/wp-content\/uploads\/2015\/12\/fotonoticia_20151218115826_800-360x269.jpg 360w, https:\/\/eldigitaldeasturias.com\/magazine365\/wp-content\/uploads\/2015\/12\/fotonoticia_20151218115826_800-650x486.jpg 650w, https:\/\/eldigitaldeasturias.com\/magazine365\/wp-content\/uploads\/2015\/12\/fotonoticia_20151218115826_800-768x574.jpg 768w, https:\/\/eldigitaldeasturias.com\/magazine365\/wp-content\/uploads\/2015\/12\/fotonoticia_20151218115826_800-150x112.jpg 150w, https:\/\/eldigitaldeasturias.com\/magazine365\/wp-content\/uploads\/2015\/12\/fotonoticia_20151218115826_800-450x336.jpg 450w, https:\/\/eldigitaldeasturias.com\/magazine365\/wp-content\/uploads\/2015\/12\/fotonoticia_20151218115826_800-80x60.jpg 80w, https:\/\/eldigitaldeasturias.com\/magazine365\/wp-content\/uploads\/2015\/12\/fotonoticia_20151218115826_800-265x198.jpg 265w, https:\/\/eldigitaldeasturias.com\/magazine365\/wp-content\/uploads\/2015\/12\/fotonoticia_20151218115826_800-696x520.jpg 696w, https:\/\/eldigitaldeasturias.com\/magazine365\/wp-content\/uploads\/2015\/12\/fotonoticia_20151218115826_800-562x420.jpg 562w, https:\/\/eldigitaldeasturias.com\/magazine365\/wp-content\/uploads\/2015\/12\/fotonoticia_20151218115826_800-90x67.jpg 90w, https:\/\/eldigitaldeasturias.com\/magazine365\/wp-content\/uploads\/2015\/12\/fotonoticia_20151218115826_800-100x75.jpg 100w, https:\/\/eldigitaldeasturias.com\/magazine365\/wp-content\/uploads\/2015\/12\/fotonoticia_20151218115826_800.jpg 800w\" sizes=\"(max-width: 360px) 100vw, 360px\" \/>La cifra de negocio de las agencias de viajes y touroperadores repunt\u00f3 un 7,9% en octubre respecto al mismo mes del a\u00f1o anterior, seg\u00fan datos provisionales publicados este viernes por el Instituto Nacional de Estad\u00edstica (INE).<\/p>\n<p>En lo que va de a\u00f1o, el aumento en el volumen de negocio de las agencias y touroperadores se sit\u00faa en el 8,3%.<\/p>\n<p>En el d\u00e9cimo mes del a\u00f1o, el nivel de facturaci\u00f3n en hosteler\u00eda aument\u00f3 un 7,3%, gracias al avance del 9% del alojamiento y de los servicios de comidas y bebidas, con una subida del 6,4%.<\/p>\n<p>De enero a octubre, la hosteler\u00eda increment\u00f3 de media un 5% las ventas, gracias a un incremento del 6,1% en servicios de alojamiento y a un aumento del volumen de negocio del 4,4% en servicios de comidas y bebidas.<\/p>\n<p>En conjunto, el sector servicios factur\u00f3 un 3,5% m\u00e1s el pasado mes de octubre en relaci\u00f3n al mismo mes de 2014. Esta tasa, con la que los servicios encadenan ya 26 meses de ascensos, es 2,1 puntos inferior a la de septiembre, cuando las ventas del sector repuntaron un 5,6%.<\/p>\n<p>Corregidos los efectos estacionales y de calendario, la facturaci\u00f3n de los servicios registr\u00f3 el pasado mes de octubre un avance interanual del 5,8%, tasa cuatro d\u00e9cimas superior a la registrada en septiembre (+5,4%).<\/p>\n<p>En el caso del transporte a\u00e9reo, la cifra de negocio aument\u00f3 un 0,3% en octubre, mientras que en el transporte en ferrocarril lo hizo en un 0,9%. En el acumulado del a\u00f1o, el transporte a\u00e9reo repunt\u00f3 un 4,5% y el ferroviario, un 3,7%.<\/p>\n<p>LA OCUPACI\u00d3N EN AGENCIAS AUMENT\u00d3 UN 2,4%.<\/p>\n<p>En cuanto a la ocupaci\u00f3n, el empleo en el sector servicios registr\u00f3 en octubre un crecimiento interanual del 2,1%. En tasa mensual, el empleo en los servicios baj\u00f3 un 0,2%, con un descenso del 0,9% en los otros servicios y un repunte del 0,9% en el comercio.<\/p>\n<p>En las actividades vinculadas al sector tur\u00edstico se registraron tasas positivas del 2,4% tanto en hosteler\u00eda como en las agencias de viajes y touroperadores.<\/p>\n<p>Dentro del sector de la hosteler\u00eda, en alojamiento el empleo aument\u00f3 un 2,2% con respecto al a\u00f1o anterior, mientras que los servicios de restauraci\u00f3n se incrementaron un 2,5%. Con respecto a septiembre, el empleo en hosteler\u00eda creci\u00f3 un 0,5%.<\/p>\n<p>En lo que va de a\u00f1o, el empleo en hosteler\u00eda acumula un ascenso del 1,5%, con un aumento del 1,3% en servicios de alojamiento y del 1,5% en restauraci\u00f3n. Por su parte, el incremento medio de ocupaci\u00f3n en las agencias de viajes y operadores tur\u00edsticos en el lo que va de a\u00f1o es del 3,4%.<\/p>\n<p>Los datos del INE tambi\u00e9n muestran c\u00f3mo en el sector a\u00e9reo y ferroviario cayeron en la tasa del personal ocupado en octubre, con descensos del 1,5% y del 1,2%, respectivamente. En el acumulado del a\u00f1o, el empleo en ferrocarril decreci\u00f3 un 2,3% y un 1,5% en el transporte a\u00e9reo.<\/p>\n","protected":false},"excerpt":{"rendered":"<p>La cifra de negocio de las agencias de viajes y touroperadores repunt\u00f3 un 7,9% en octubre respecto al mismo mes del a\u00f1o anterior, seg\u00fan datos provisionales publicados este viernes por el Instituto Nacional de Estad\u00edstica (INE). En lo que va de a\u00f1o, el aumento en el volumen de negocio de las agencias y touroperadores se<\/p>\n","protected":false},"author":1,"featured_media":58897,"comment_status":"open","ping_status":"closed","sticky":false,"template":"","format":"standard","meta":{"footnotes":""},"categories":[224],"tags":[],"class_list":{"0":"post-58896","1":"post","2":"type-post","3":"status-publish","4":"format-standard","5":"has-post-thumbnail","7":"category-noticias-actualidad"},"aioseo_notices":[],"aioseo_head":"\n\t\t<!-- All in One SEO Pro 4.9.6.1 - aioseo.com -->\n\t<meta name=\"description\" content=\"La cifra de negocio de las agencias de viajes y touroperadores repunt\u00f3 un 7,9% en octubre respecto al mismo mes del a\u00f1o anterior, seg\u00fan datos provisionales publicados este viernes por el Instituto Nacional de Estad\u00edstica (INE). En lo que va de a\u00f1o, el aumento en el volumen de negocio de las agencias y touroperadores se\" \/>\n\t<meta name=\"robots\" content=\"max-image-preview:large\" \/>\n\t<meta name=\"author\" content=\"admin\"\/>\n\t<meta name=\"google-site-verification\" content=\"UA-38556648-1\" \/>\n\t<meta name=\"keywords\" content=\"noticias y actualidad\" \/>\n\t<link rel=\"canonical\" href=\"https:\/\/eldigitaldeasturias.com\/magazine365\/la-facturacion-de-agencias-y-touroperadores-aumento-un-79-en-octubre\/\" \/>\n\t<meta name=\"generator\" content=\"All in One SEO Pro (AIOSEO) 4.9.6.1\" \/>\n\t\t<meta property=\"og:locale\" content=\"es_ES\" \/>\n\t\t<meta property=\"og:site_name\" content=\"El Digital de Asturias \u2013 Revista de ocio, turismo y estilo de vida\" \/>\n\t\t<meta property=\"og:type\" content=\"article\" \/>\n\t\t<meta property=\"og:title\" content=\"La facturaci\u00f3n de agencias y touroperadores aument\u00f3 un 7,9% en octubre | El Digital de Asturias\" \/>\n\t\t<meta property=\"og:description\" content=\"La cifra de negocio de las agencias de viajes y touroperadores repunt\u00f3 un 7,9% en octubre respecto al mismo mes del a\u00f1o anterior, seg\u00fan datos provisionales publicados este viernes por el Instituto Nacional de Estad\u00edstica (INE). En lo que va de a\u00f1o, el aumento en el volumen de negocio de las agencias y touroperadores se\" \/>\n\t\t<meta property=\"og:url\" content=\"https:\/\/eldigitaldeasturias.com\/magazine365\/la-facturacion-de-agencias-y-touroperadores-aumento-un-79-en-octubre\/\" \/>\n\t\t<meta property=\"og:image\" content=\"https:\/\/eldigitaldeasturias.com\/magazine365\/wp-content\/uploads\/2015\/12\/fotonoticia_20151218115826_800.jpg\" \/>\n\t\t<meta property=\"og:image:secure_url\" content=\"https:\/\/eldigitaldeasturias.com\/magazine365\/wp-content\/uploads\/2015\/12\/fotonoticia_20151218115826_800.jpg\" \/>\n\t\t<meta property=\"og:image:width\" content=\"800\" \/>\n\t\t<meta property=\"og:image:height\" content=\"598\" \/>\n\t\t<meta property=\"article:published_time\" content=\"2015-12-18T12:50:56+00:00\" \/>\n\t\t<meta property=\"article:modified_time\" content=\"2015-12-18T12:50:56+00:00\" \/>\n\t\t<meta name=\"twitter:card\" content=\"summary_large_image\" \/>\n\t\t<meta name=\"twitter:title\" content=\"La facturaci\u00f3n de agencias y touroperadores aument\u00f3 un 7,9% en octubre | El Digital de Asturias\" \/>\n\t\t<meta name=\"twitter:description\" content=\"La cifra de negocio de las agencias de viajes y touroperadores repunt\u00f3 un 7,9% en octubre respecto al mismo mes del a\u00f1o anterior, seg\u00fan datos provisionales publicados este viernes por el Instituto Nacional de Estad\u00edstica (INE). En lo que va de a\u00f1o, el aumento en el volumen de negocio de las agencias y touroperadores se\" \/>\n\t\t<meta name=\"twitter:image\" content=\"https:\/\/eldigitaldeasturias.com\/magazine365\/wp-content\/uploads\/2015\/12\/fotonoticia_20151218115826_800.jpg\" \/>\n\t\t<script type=\"application\/ld+json\" class=\"aioseo-schema\">\n\t\t\t{\"@context\":\"https:\\\/\\\/schema.org\",\"@graph\":[{\"@type\":\"Article\",\"@id\":\"https:\\\/\\\/eldigitaldeasturias.com\\\/magazine365\\\/la-facturacion-de-agencias-y-touroperadores-aumento-un-79-en-octubre\\\/#article\",\"name\":\"La facturaci\\u00f3n de agencias y touroperadores aument\\u00f3 un 7,9% en octubre | El Digital de Asturias\",\"headline\":\"La facturaci\\u00f3n de agencias y touroperadores aument\\u00f3 un 7,9% en octubre\",\"author\":{\"@id\":\"https:\\\/\\\/eldigitaldeasturias.com\\\/magazine365\\\/author\\\/admin\\\/#author\"},\"publisher\":{\"@id\":\"https:\\\/\\\/eldigitaldeasturias.com\\\/magazine365\\\/#organization\"},\"image\":{\"@type\":\"ImageObject\",\"url\":\"https:\\\/\\\/eldigitaldeasturias.com\\\/magazine365\\\/wp-content\\\/uploads\\\/2015\\\/12\\\/fotonoticia_20151218115826_800.jpg\",\"width\":800,\"height\":598},\"datePublished\":\"2015-12-18T13:50:56+01:00\",\"dateModified\":\"2015-12-18T13:50:56+01:00\",\"inLanguage\":\"es-ES\",\"mainEntityOfPage\":{\"@id\":\"https:\\\/\\\/eldigitaldeasturias.com\\\/magazine365\\\/la-facturacion-de-agencias-y-touroperadores-aumento-un-79-en-octubre\\\/#webpage\"},\"isPartOf\":{\"@id\":\"https:\\\/\\\/eldigitaldeasturias.com\\\/magazine365\\\/la-facturacion-de-agencias-y-touroperadores-aumento-un-79-en-octubre\\\/#webpage\"},\"articleSection\":\"Noticias y Actualidad\"},{\"@type\":\"BreadcrumbList\",\"@id\":\"https:\\\/\\\/eldigitaldeasturias.com\\\/magazine365\\\/la-facturacion-de-agencias-y-touroperadores-aumento-un-79-en-octubre\\\/#breadcrumblist\",\"itemListElement\":[{\"@type\":\"ListItem\",\"@id\":\"https:\\\/\\\/eldigitaldeasturias.com\\\/magazine365#listItem\",\"position\":1,\"name\":\"Home\",\"item\":\"https:\\\/\\\/eldigitaldeasturias.com\\\/magazine365\",\"nextItem\":{\"@type\":\"ListItem\",\"@id\":\"https:\\\/\\\/eldigitaldeasturias.com\\\/magazine365\\\/category\\\/noticias-actualidad\\\/#listItem\",\"name\":\"Noticias y Actualidad\"}},{\"@type\":\"ListItem\",\"@id\":\"https:\\\/\\\/eldigitaldeasturias.com\\\/magazine365\\\/category\\\/noticias-actualidad\\\/#listItem\",\"position\":2,\"name\":\"Noticias y Actualidad\",\"item\":\"https:\\\/\\\/eldigitaldeasturias.com\\\/magazine365\\\/category\\\/noticias-actualidad\\\/\",\"nextItem\":{\"@type\":\"ListItem\",\"@id\":\"https:\\\/\\\/eldigitaldeasturias.com\\\/magazine365\\\/la-facturacion-de-agencias-y-touroperadores-aumento-un-79-en-octubre\\\/#listItem\",\"name\":\"La facturaci\\u00f3n de agencias y touroperadores aument\\u00f3 un 7,9% en octubre\"},\"previousItem\":{\"@type\":\"ListItem\",\"@id\":\"https:\\\/\\\/eldigitaldeasturias.com\\\/magazine365#listItem\",\"name\":\"Home\"}},{\"@type\":\"ListItem\",\"@id\":\"https:\\\/\\\/eldigitaldeasturias.com\\\/magazine365\\\/la-facturacion-de-agencias-y-touroperadores-aumento-un-79-en-octubre\\\/#listItem\",\"position\":3,\"name\":\"La facturaci\\u00f3n de agencias y touroperadores aument\\u00f3 un 7,9% en octubre\",\"previousItem\":{\"@type\":\"ListItem\",\"@id\":\"https:\\\/\\\/eldigitaldeasturias.com\\\/magazine365\\\/category\\\/noticias-actualidad\\\/#listItem\",\"name\":\"Noticias y Actualidad\"}}]},{\"@type\":\"Organization\",\"@id\":\"https:\\\/\\\/eldigitaldeasturias.com\\\/magazine365\\\/#organization\",\"name\":\"El digital de Asturias\",\"description\":\"Revista de ocio, turismo y estilo de vida\",\"url\":\"https:\\\/\\\/eldigitaldeasturias.com\\\/magazine365\\\/\",\"logo\":{\"@type\":\"ImageObject\",\"url\":\"https:\\\/\\\/www.eldigitaldeasturias.com\\\/noticias\\\/wp-content\\\/uploads\\\/2020\\\/12\\\/EDA.jpg\",\"@id\":\"https:\\\/\\\/eldigitaldeasturias.com\\\/magazine365\\\/la-facturacion-de-agencias-y-touroperadores-aumento-un-79-en-octubre\\\/#organizationLogo\"},\"image\":{\"@id\":\"https:\\\/\\\/eldigitaldeasturias.com\\\/magazine365\\\/la-facturacion-de-agencias-y-touroperadores-aumento-un-79-en-octubre\\\/#organizationLogo\"}},{\"@type\":\"Person\",\"@id\":\"https:\\\/\\\/eldigitaldeasturias.com\\\/magazine365\\\/author\\\/admin\\\/#author\",\"url\":\"https:\\\/\\\/eldigitaldeasturias.com\\\/magazine365\\\/author\\\/admin\\\/\",\"name\":\"admin\",\"image\":{\"@type\":\"ImageObject\",\"@id\":\"https:\\\/\\\/eldigitaldeasturias.com\\\/magazine365\\\/la-facturacion-de-agencias-y-touroperadores-aumento-un-79-en-octubre\\\/#authorImage\",\"url\":\"https:\\\/\\\/eldigitaldeasturias.com\\\/magazine365\\\/wp-content\\\/litespeed\\\/avatar\\\/e571bcf59a0edd6fa6838245a470f2fe.jpg?ver=1777574230\",\"width\":96,\"height\":96,\"caption\":\"admin\"}},{\"@type\":\"WebPage\",\"@id\":\"https:\\\/\\\/eldigitaldeasturias.com\\\/magazine365\\\/la-facturacion-de-agencias-y-touroperadores-aumento-un-79-en-octubre\\\/#webpage\",\"url\":\"https:\\\/\\\/eldigitaldeasturias.com\\\/magazine365\\\/la-facturacion-de-agencias-y-touroperadores-aumento-un-79-en-octubre\\\/\",\"name\":\"La facturaci\\u00f3n de agencias y touroperadores aument\\u00f3 un 7,9% en octubre | El Digital de Asturias\",\"description\":\"La cifra de negocio de las agencias de viajes y touroperadores repunt\\u00f3 un 7,9% en octubre respecto al mismo mes del a\\u00f1o anterior, seg\\u00fan datos provisionales publicados este viernes por el Instituto Nacional de Estad\\u00edstica (INE). En lo que va de a\\u00f1o, el aumento en el volumen de negocio de las agencias y touroperadores se\",\"inLanguage\":\"es-ES\",\"isPartOf\":{\"@id\":\"https:\\\/\\\/eldigitaldeasturias.com\\\/magazine365\\\/#website\"},\"breadcrumb\":{\"@id\":\"https:\\\/\\\/eldigitaldeasturias.com\\\/magazine365\\\/la-facturacion-de-agencias-y-touroperadores-aumento-un-79-en-octubre\\\/#breadcrumblist\"},\"author\":{\"@id\":\"https:\\\/\\\/eldigitaldeasturias.com\\\/magazine365\\\/author\\\/admin\\\/#author\"},\"creator\":{\"@id\":\"https:\\\/\\\/eldigitaldeasturias.com\\\/magazine365\\\/author\\\/admin\\\/#author\"},\"image\":{\"@type\":\"ImageObject\",\"url\":\"https:\\\/\\\/eldigitaldeasturias.com\\\/magazine365\\\/wp-content\\\/uploads\\\/2015\\\/12\\\/fotonoticia_20151218115826_800.jpg\",\"@id\":\"https:\\\/\\\/eldigitaldeasturias.com\\\/magazine365\\\/la-facturacion-de-agencias-y-touroperadores-aumento-un-79-en-octubre\\\/#mainImage\",\"width\":800,\"height\":598},\"primaryImageOfPage\":{\"@id\":\"https:\\\/\\\/eldigitaldeasturias.com\\\/magazine365\\\/la-facturacion-de-agencias-y-touroperadores-aumento-un-79-en-octubre\\\/#mainImage\"},\"datePublished\":\"2015-12-18T13:50:56+01:00\",\"dateModified\":\"2015-12-18T13:50:56+01:00\"},{\"@type\":\"WebSite\",\"@id\":\"https:\\\/\\\/eldigitaldeasturias.com\\\/magazine365\\\/#website\",\"url\":\"https:\\\/\\\/eldigitaldeasturias.com\\\/magazine365\\\/\",\"name\":\"El Digital de Asturias\",\"description\":\"Revista de ocio, turismo y estilo de vida\",\"inLanguage\":\"es-ES\",\"publisher\":{\"@id\":\"https:\\\/\\\/eldigitaldeasturias.com\\\/magazine365\\\/#organization\"}}]}\n\t\t<\/script>\n\t\t<!-- All in One SEO Pro -->\r\n\t\t<title>La facturaci\u00f3n de agencias y touroperadores aument\u00f3 un 7,9% en octubre | El Digital de Asturias<\/title>\n\n","aioseo_head_json":{"title":"La facturaci\u00f3n de agencias y touroperadores aument\u00f3 un 7,9% en octubre | El Digital de Asturias","description":"La cifra de negocio de las agencias de viajes y touroperadores repunt\u00f3 un 7,9% en octubre respecto al mismo mes del a\u00f1o anterior, seg\u00fan datos provisionales publicados este viernes por el Instituto Nacional de Estad\u00edstica (INE). En lo que va de a\u00f1o, el aumento en el volumen de negocio de las agencias y touroperadores se","canonical_url":"https:\/\/eldigitaldeasturias.com\/magazine365\/la-facturacion-de-agencias-y-touroperadores-aumento-un-79-en-octubre\/","robots":"max-image-preview:large","keywords":"noticias y actualidad","webmasterTools":{"google-site-verification":"UA-38556648-1","miscellaneous":""},"schema":{"@context":"https:\/\/schema.org","@graph":[{"@type":"Article","@id":"https:\/\/eldigitaldeasturias.com\/magazine365\/la-facturacion-de-agencias-y-touroperadores-aumento-un-79-en-octubre\/#article","name":"La facturaci\u00f3n de agencias y touroperadores aument\u00f3 un 7,9% en octubre | El Digital de Asturias","headline":"La facturaci\u00f3n de agencias y touroperadores aument\u00f3 un 7,9% en octubre","author":{"@id":"https:\/\/eldigitaldeasturias.com\/magazine365\/author\/admin\/#author"},"publisher":{"@id":"https:\/\/eldigitaldeasturias.com\/magazine365\/#organization"},"image":{"@type":"ImageObject","url":"https:\/\/eldigitaldeasturias.com\/magazine365\/wp-content\/uploads\/2015\/12\/fotonoticia_20151218115826_800.jpg","width":800,"height":598},"datePublished":"2015-12-18T13:50:56+01:00","dateModified":"2015-12-18T13:50:56+01:00","inLanguage":"es-ES","mainEntityOfPage":{"@id":"https:\/\/eldigitaldeasturias.com\/magazine365\/la-facturacion-de-agencias-y-touroperadores-aumento-un-79-en-octubre\/#webpage"},"isPartOf":{"@id":"https:\/\/eldigitaldeasturias.com\/magazine365\/la-facturacion-de-agencias-y-touroperadores-aumento-un-79-en-octubre\/#webpage"},"articleSection":"Noticias y Actualidad"},{"@type":"BreadcrumbList","@id":"https:\/\/eldigitaldeasturias.com\/magazine365\/la-facturacion-de-agencias-y-touroperadores-aumento-un-79-en-octubre\/#breadcrumblist","itemListElement":[{"@type":"ListItem","@id":"https:\/\/eldigitaldeasturias.com\/magazine365#listItem","position":1,"name":"Home","item":"https:\/\/eldigitaldeasturias.com\/magazine365","nextItem":{"@type":"ListItem","@id":"https:\/\/eldigitaldeasturias.com\/magazine365\/category\/noticias-actualidad\/#listItem","name":"Noticias y Actualidad"}},{"@type":"ListItem","@id":"https:\/\/eldigitaldeasturias.com\/magazine365\/category\/noticias-actualidad\/#listItem","position":2,"name":"Noticias y Actualidad","item":"https:\/\/eldigitaldeasturias.com\/magazine365\/category\/noticias-actualidad\/","nextItem":{"@type":"ListItem","@id":"https:\/\/eldigitaldeasturias.com\/magazine365\/la-facturacion-de-agencias-y-touroperadores-aumento-un-79-en-octubre\/#listItem","name":"La facturaci\u00f3n de agencias y touroperadores aument\u00f3 un 7,9% en octubre"},"previousItem":{"@type":"ListItem","@id":"https:\/\/eldigitaldeasturias.com\/magazine365#listItem","name":"Home"}},{"@type":"ListItem","@id":"https:\/\/eldigitaldeasturias.com\/magazine365\/la-facturacion-de-agencias-y-touroperadores-aumento-un-79-en-octubre\/#listItem","position":3,"name":"La facturaci\u00f3n de agencias y touroperadores aument\u00f3 un 7,9% en octubre","previousItem":{"@type":"ListItem","@id":"https:\/\/eldigitaldeasturias.com\/magazine365\/category\/noticias-actualidad\/#listItem","name":"Noticias y Actualidad"}}]},{"@type":"Organization","@id":"https:\/\/eldigitaldeasturias.com\/magazine365\/#organization","name":"El digital de Asturias","description":"Revista de ocio, turismo y estilo de vida","url":"https:\/\/eldigitaldeasturias.com\/magazine365\/","logo":{"@type":"ImageObject","url":"https:\/\/www.eldigitaldeasturias.com\/noticias\/wp-content\/uploads\/2020\/12\/EDA.jpg","@id":"https:\/\/eldigitaldeasturias.com\/magazine365\/la-facturacion-de-agencias-y-touroperadores-aumento-un-79-en-octubre\/#organizationLogo"},"image":{"@id":"https:\/\/eldigitaldeasturias.com\/magazine365\/la-facturacion-de-agencias-y-touroperadores-aumento-un-79-en-octubre\/#organizationLogo"}},{"@type":"Person","@id":"https:\/\/eldigitaldeasturias.com\/magazine365\/author\/admin\/#author","url":"https:\/\/eldigitaldeasturias.com\/magazine365\/author\/admin\/","name":"admin","image":{"@type":"ImageObject","@id":"https:\/\/eldigitaldeasturias.com\/magazine365\/la-facturacion-de-agencias-y-touroperadores-aumento-un-79-en-octubre\/#authorImage","url":"https:\/\/eldigitaldeasturias.com\/magazine365\/wp-content\/litespeed\/avatar\/e571bcf59a0edd6fa6838245a470f2fe.jpg?ver=1777574230","width":96,"height":96,"caption":"admin"}},{"@type":"WebPage","@id":"https:\/\/eldigitaldeasturias.com\/magazine365\/la-facturacion-de-agencias-y-touroperadores-aumento-un-79-en-octubre\/#webpage","url":"https:\/\/eldigitaldeasturias.com\/magazine365\/la-facturacion-de-agencias-y-touroperadores-aumento-un-79-en-octubre\/","name":"La facturaci\u00f3n de agencias y touroperadores aument\u00f3 un 7,9% en octubre | El Digital de Asturias","description":"La cifra de negocio de las agencias de viajes y touroperadores repunt\u00f3 un 7,9% en octubre respecto al mismo mes del a\u00f1o anterior, seg\u00fan datos provisionales publicados este viernes por el Instituto Nacional de Estad\u00edstica (INE). En lo que va de a\u00f1o, el aumento en el volumen de negocio de las agencias y touroperadores se","inLanguage":"es-ES","isPartOf":{"@id":"https:\/\/eldigitaldeasturias.com\/magazine365\/#website"},"breadcrumb":{"@id":"https:\/\/eldigitaldeasturias.com\/magazine365\/la-facturacion-de-agencias-y-touroperadores-aumento-un-79-en-octubre\/#breadcrumblist"},"author":{"@id":"https:\/\/eldigitaldeasturias.com\/magazine365\/author\/admin\/#author"},"creator":{"@id":"https:\/\/eldigitaldeasturias.com\/magazine365\/author\/admin\/#author"},"image":{"@type":"ImageObject","url":"https:\/\/eldigitaldeasturias.com\/magazine365\/wp-content\/uploads\/2015\/12\/fotonoticia_20151218115826_800.jpg","@id":"https:\/\/eldigitaldeasturias.com\/magazine365\/la-facturacion-de-agencias-y-touroperadores-aumento-un-79-en-octubre\/#mainImage","width":800,"height":598},"primaryImageOfPage":{"@id":"https:\/\/eldigitaldeasturias.com\/magazine365\/la-facturacion-de-agencias-y-touroperadores-aumento-un-79-en-octubre\/#mainImage"},"datePublished":"2015-12-18T13:50:56+01:00","dateModified":"2015-12-18T13:50:56+01:00"},{"@type":"WebSite","@id":"https:\/\/eldigitaldeasturias.com\/magazine365\/#website","url":"https:\/\/eldigitaldeasturias.com\/magazine365\/","name":"El Digital de Asturias","description":"Revista de ocio, turismo y estilo de vida","inLanguage":"es-ES","publisher":{"@id":"https:\/\/eldigitaldeasturias.com\/magazine365\/#organization"}}]},"og:locale":"es_ES","og:site_name":"El Digital de Asturias \u2013 Revista de ocio, turismo y estilo de vida","og:type":"article","og:title":"La facturaci\u00f3n de agencias y touroperadores aument\u00f3 un 7,9% en octubre | El Digital de Asturias","og:description":"La cifra de negocio de las agencias de viajes y touroperadores repunt\u00f3 un 7,9% en octubre respecto al mismo mes del a\u00f1o anterior, seg\u00fan datos provisionales publicados este viernes por el Instituto Nacional de Estad\u00edstica (INE). En lo que va de a\u00f1o, el aumento en el volumen de negocio de las agencias y touroperadores se","og:url":"https:\/\/eldigitaldeasturias.com\/magazine365\/la-facturacion-de-agencias-y-touroperadores-aumento-un-79-en-octubre\/","og:image":"https:\/\/eldigitaldeasturias.com\/magazine365\/wp-content\/uploads\/2015\/12\/fotonoticia_20151218115826_800.jpg","og:image:secure_url":"https:\/\/eldigitaldeasturias.com\/magazine365\/wp-content\/uploads\/2015\/12\/fotonoticia_20151218115826_800.jpg","og:image:width":800,"og:image:height":598,"article:published_time":"2015-12-18T12:50:56+00:00","article:modified_time":"2015-12-18T12:50:56+00:00","twitter:card":"summary_large_image","twitter:title":"La facturaci\u00f3n de agencias y touroperadores aument\u00f3 un 7,9% en octubre | El Digital de Asturias","twitter:description":"La cifra de negocio de las agencias de viajes y touroperadores repunt\u00f3 un 7,9% en octubre respecto al mismo mes del a\u00f1o anterior, seg\u00fan datos provisionales publicados este viernes por el Instituto Nacional de Estad\u00edstica (INE). En lo que va de a\u00f1o, el aumento en el volumen de negocio de las agencias y touroperadores se","twitter:image":"https:\/\/eldigitaldeasturias.com\/magazine365\/wp-content\/uploads\/2015\/12\/fotonoticia_20151218115826_800.jpg"},"aioseo_meta_data":{"post_id":"58896","title":null,"description":null,"keywords":null,"keyphrases":null,"primary_term":null,"canonical_url":null,"og_title":null,"og_description":null,"og_object_type":"default","og_image_type":"default","og_image_url":null,"og_image_width":null,"og_image_height":null,"og_image_custom_url":null,"og_image_custom_fields":null,"og_video":null,"og_custom_url":null,"og_article_section":null,"og_article_tags":null,"twitter_use_og":false,"twitter_card":"default","twitter_image_type":"default","twitter_image_url":null,"twitter_image_custom_url":null,"twitter_image_custom_fields":null,"twitter_title":null,"twitter_description":null,"schema":{"blockGraphs":[],"customGraphs":[],"default":{"data":{"Article":[],"Course":[],"Dataset":[],"FAQPage":[],"Movie":[],"Person":[],"Product":[],"ProductReview":[],"Car":[],"Recipe":[],"Service":[],"SoftwareApplication":[],"WebPage":[]},"graphName":"","isEnabled":true},"graphs":[],"defaultGraph":"","defaultPostTypeGraph":""},"schema_type":null,"schema_type_options":null,"pillar_content":false,"robots_default":true,"robots_noindex":false,"robots_noarchive":false,"robots_nosnippet":false,"robots_nofollow":false,"robots_noimageindex":false,"robots_noodp":false,"robots_notranslate":false,"robots_max_snippet":null,"robots_max_videopreview":null,"robots_max_imagepreview":"large","priority":null,"frequency":null,"location":null,"local_seo":null,"seo_analyzer_scan_date":"2025-09-25 03:53:03","breadcrumb_settings":null,"limit_modified_date":false,"open_ai":null,"ai":null,"created":"2021-03-08 22:23:46","updated":"2025-09-25 03:53:03"},"aioseo_breadcrumb":"<div class=\"aioseo-breadcrumbs\"><span class=\"aioseo-breadcrumb\">\n\t<a href=\"https:\/\/eldigitaldeasturias.com\/magazine365\" title=\"Home\">Home<\/a>\n<\/span><span class=\"aioseo-breadcrumb-separator\">\u2013<\/span><span class=\"aioseo-breadcrumb\">\n\t<a href=\"https:\/\/eldigitaldeasturias.com\/magazine365\/category\/noticias-actualidad\/\" title=\"Noticias y Actualidad\">Noticias y Actualidad<\/a>\n<\/span><span class=\"aioseo-breadcrumb-separator\">\u2013<\/span><span class=\"aioseo-breadcrumb\">\n\t<a href=\"https:\/\/eldigitaldeasturias.com\/magazine365\/la-facturacion-de-agencias-y-touroperadores-aumento-un-79-en-octubre\/\" title=\"La facturaci\u00f3n de agencias y touroperadores aument\u00f3 un 7,9% en octubre\">La facturaci\u00f3n de agencias y touroperadores aument\u00f3 un 7,9% en octubre<\/a>\n<\/span><\/div>","aioseo_breadcrumb_json":[{"label":"Home","link":"https:\/\/eldigitaldeasturias.com\/magazine365"},{"label":"Noticias y Actualidad","link":"https:\/\/eldigitaldeasturias.com\/magazine365\/category\/noticias-actualidad\/"},{"label":"La facturaci\u00f3n de agencias y touroperadores aument\u00f3 un 7,9% en octubre","link":"https:\/\/eldigitaldeasturias.com\/magazine365\/la-facturacion-de-agencias-y-touroperadores-aumento-un-79-en-octubre\/"}],"_links":{"self":[{"href":"https:\/\/eldigitaldeasturias.com\/magazine365\/wp-json\/wp\/v2\/posts\/58896","targetHints":{"allow":["GET"]}}],"collection":[{"href":"https:\/\/eldigitaldeasturias.com\/magazine365\/wp-json\/wp\/v2\/posts"}],"about":[{"href":"https:\/\/eldigitaldeasturias.com\/magazine365\/wp-json\/wp\/v2\/types\/post"}],"author":[{"embeddable":true,"href":"https:\/\/eldigitaldeasturias.com\/magazine365\/wp-json\/wp\/v2\/users\/1"}],"replies":[{"embeddable":true,"href":"https:\/\/eldigitaldeasturias.com\/magazine365\/wp-json\/wp\/v2\/comments?post=58896"}],"version-history":[{"count":0,"href":"https:\/\/eldigitaldeasturias.com\/magazine365\/wp-json\/wp\/v2\/posts\/58896\/revisions"}],"wp:featuredmedia":[{"embeddable":true,"href":"https:\/\/eldigitaldeasturias.com\/magazine365\/wp-json\/wp\/v2\/media\/58897"}],"wp:attachment":[{"href":"https:\/\/eldigitaldeasturias.com\/magazine365\/wp-json\/wp\/v2\/media?parent=58896"}],"wp:term":[{"taxonomy":"category","embeddable":true,"href":"https:\/\/eldigitaldeasturias.com\/magazine365\/wp-json\/wp\/v2\/categories?post=58896"},{"taxonomy":"post_tag","embeddable":true,"href":"https:\/\/eldigitaldeasturias.com\/magazine365\/wp-json\/wp\/v2\/tags?post=58896"}],"curies":[{"name":"wp","href":"https:\/\/api.w.org\/{rel}","templated":true}]}}