{"id":58881,"date":"2015-12-18T12:45:58","date_gmt":"2015-12-18T11:45:58","guid":{"rendered":"http:\/\/eldigitaldeasturias.com\/magazine365\/?p=58881"},"modified":"2015-12-18T12:45:58","modified_gmt":"2015-12-18T11:45:58","slug":"estados-unidos-y-cuba-reanudaran-sus-vuelos-comerciales","status":"publish","type":"post","link":"https:\/\/eldigitaldeasturias.com\/magazine365\/estados-unidos-y-cuba-reanudaran-sus-vuelos-comerciales\/","title":{"rendered":"Estados Unidos y Cuba reanudar\u00e1n sus vuelos comerciales"},"content":{"rendered":"<p><img fetchpriority=\"high\" decoding=\"async\" class=\"alignleft size-medium wp-image-58882\" src=\"https:\/\/eldigitaldeasturias.com\/magazine365\/wp-content\/uploads\/2015\/12\/fotonoticia_20151218093332_800-360x203.jpg\" alt=\"fotonoticia_20151218093332_800\" width=\"360\" height=\"203\" srcset=\"https:\/\/eldigitaldeasturias.com\/magazine365\/wp-content\/uploads\/2015\/12\/fotonoticia_20151218093332_800-360x203.jpg 360w, https:\/\/eldigitaldeasturias.com\/magazine365\/wp-content\/uploads\/2015\/12\/fotonoticia_20151218093332_800-650x366.jpg 650w, https:\/\/eldigitaldeasturias.com\/magazine365\/wp-content\/uploads\/2015\/12\/fotonoticia_20151218093332_800-768x432.jpg 768w, https:\/\/eldigitaldeasturias.com\/magazine365\/wp-content\/uploads\/2015\/12\/fotonoticia_20151218093332_800-150x84.jpg 150w, https:\/\/eldigitaldeasturias.com\/magazine365\/wp-content\/uploads\/2015\/12\/fotonoticia_20151218093332_800-450x253.jpg 450w, https:\/\/eldigitaldeasturias.com\/magazine365\/wp-content\/uploads\/2015\/12\/fotonoticia_20151218093332_800-696x392.jpg 696w, https:\/\/eldigitaldeasturias.com\/magazine365\/wp-content\/uploads\/2015\/12\/fotonoticia_20151218093332_800-747x420.jpg 747w, https:\/\/eldigitaldeasturias.com\/magazine365\/wp-content\/uploads\/2015\/12\/fotonoticia_20151218093332_800-499x280.jpg 499w, https:\/\/eldigitaldeasturias.com\/magazine365\/wp-content\/uploads\/2015\/12\/fotonoticia_20151218093332_800.jpg 800w\" sizes=\"(max-width: 360px) 100vw, 360px\" \/>Estados Unidos y Cuba acordaron reanudar los vuelos comerciales entre los dos pa\u00edses por primera vez en m\u00e1s de cinco d\u00e9cadas, en una decisi\u00f3n que permitir\u00e1 110 vuelos diarios de ida y vuelta entre los antiguos enemigos de la Guerra Fr\u00eda.<\/p>\n<p>Anunciado un a\u00f1o despu\u00e9s de que las partes dijeran que trabajar\u00edan para normalizar sus relaciones, el acuerdo no entrar\u00e1 en efecto inmediatamente, pero deber\u00eda incrementar el turismo y los negocios en la isla caribe\u00f1a.<\/p>\n<p>Bajo el pacto, las aerol\u00edneas estadounidenses podr\u00e1n vender boletos a Cuba en sus sitios de Internet, pero primero deben solicitar permiso a sus reguladores para cubrir rutas espec\u00edficas. Pero la medida no levanta la prohibici\u00f3n de Washington sobre el turismo en general a la isla.<\/p>\n<p>Washington y La Habana acordaron permitir hasta 110 vuelos de ida y vuelta diarios en las aerol\u00edneas estadounidenses a Cuba, de acuerdo con Thomas Engle, subsecretario adjunto para asuntos de transporte del Departamento de Estado de Estados Unidos.<\/p>\n<p>Esa cifra incluye 20 vuelos a La Habana diarios y 10 a cada uno de los otros nueve aeropuertos internacionales en la isla. Engle dijo que no se hab\u00eda fijado la fecha para la firma definitiva del acuerdo de aviaci\u00f3n.<\/p>\n<p>Los viajeros estadounidenses a\u00fan deben cumplir con al menos una de las 12 condiciones fijadas para las visitas a Cuba, como ser cubano-estadounidense o participar en programas educativos o coberturas period\u00edsticas.<\/p>\n<p>\u00abSi bien la ley estadounidense sigue prohibiendo los viajes a Cuba para las actividades tur\u00edsticas, una mayor relaci\u00f3n de la aviaci\u00f3n civil facilitar\u00e1 el crecimiento de los viajes autorizados entre nuestros dos pa\u00edses, un componente cr\u00edtico de la pol\u00edtica del presidente (Barack Obama) hacia Cuba\u00bb, dijo el Departamento de Estado en un comunicado.<\/p>\n<p>Obama y el presidente cubano, Ra\u00fal Castro, anunciaron el 17 de diciembre de 2014 que planeaban restablecer las relaciones tras 18 meses de negociaciones secretas.<\/p>\n<p>Desde el anuncio de la distensi\u00f3n, los pa\u00edses restablecieron formalmente las relaciones diplom\u00e1ticas y reabrieron sus embajadas. Obama tambi\u00e9n anunci\u00f3 varias medidas para fomentar los lazos comerciales con la isla, pero a\u00fan se mantiene el embargo econ\u00f3mico ya que el Congreso controlado por una mayor\u00eda republicana se ha negado a levantarlo.<\/p>\n<p>\u00abSeguimos teniendo diferencias con el Gobierno cubano, pero planteamos esos temas directamente, y siempre defenderemos los derechos humanos y los valores universales que apoyamos alrededor del mundo\u00bb, dijo Obama en una comunicado.<\/p>\n<p>VUELOS NO DISPONIBLES INMEDIATAMENTE.<\/p>\n<p>La adopci\u00f3n del acuerdo \u00abse confirmar\u00e1 en los pr\u00f3ximos d\u00edas por ambos gobiernos\u00bb, apunt\u00f3 el Gobierno cubano.<\/p>\n<p>No est\u00e1 claro c\u00f3mo aprobar\u00e1 Cuba la llegada de vuelos procedentes de Estados Unidos.<\/p>\n<p>JetBlue Airways Corp, con sede en Nueva York y que ya opera vuelos charter a la isla, dijo que planea solicitar permiso para servicios programados una vez que se haya revisado el acuerdo de aviaci\u00f3n.<\/p>\n<p>Otras aerol\u00edneas estadounidenses, como American Airlines Group Inc, o United Continental Holdings Inc, han expresado inter\u00e9s en programar vuelos a Cuba.<\/p>\n<p>American Airlines espera iniciar los vuelos programados a Cuba entre inicios de abril y finales de junio del pr\u00f3ximo a\u00f1o, pendiente de la aprobaci\u00f3n de los reguladores, asegur\u00f3 a Reuters Howard Kass, vicepresidente de asuntos regulatorios de la compa\u00f1\u00eda.<\/p>\n<p>Los vuelos comerciales regulares hab\u00edan estado suspendidos durante d\u00e9cadas debido a las hostilidades en medio de la Guerra Fr\u00eda.<\/p>\n<p>Desde que Obama flexibiliz\u00f3 las restricciones de los viajes a Cuba a principios de este a\u00f1o, las visitas de estadounidenses a la isla se han disparado hasta un 71 por ciento, con 138.000 llegadas en los primeros 11 meses del 2015.<\/p>\n","protected":false},"excerpt":{"rendered":"<p>Estados Unidos y Cuba acordaron reanudar los vuelos comerciales entre los dos pa\u00edses por primera vez en m\u00e1s de cinco d\u00e9cadas, en una decisi\u00f3n que permitir\u00e1 110 vuelos diarios de ida y vuelta entre los antiguos enemigos de la Guerra Fr\u00eda. Anunciado un a\u00f1o despu\u00e9s de que las partes dijeran que trabajar\u00edan para normalizar sus<\/p>\n","protected":false},"author":1,"featured_media":58882,"comment_status":"open","ping_status":"closed","sticky":false,"template":"","format":"standard","meta":{"footnotes":""},"categories":[224],"tags":[],"class_list":{"0":"post-58881","1":"post","2":"type-post","3":"status-publish","4":"format-standard","5":"has-post-thumbnail","7":"category-noticias-actualidad"},"aioseo_notices":[],"aioseo_head":"\n\t\t<!-- All in One SEO Pro 4.9.6.1 - aioseo.com -->\n\t<meta name=\"description\" content=\"Estados Unidos y Cuba acordaron reanudar los vuelos comerciales entre los dos pa\u00edses por primera vez en m\u00e1s de cinco d\u00e9cadas, en una decisi\u00f3n que permitir\u00e1 110 vuelos diarios de ida y vuelta entre los antiguos enemigos de la Guerra Fr\u00eda. Anunciado un a\u00f1o despu\u00e9s de que las partes dijeran que trabajar\u00edan para normalizar sus\" \/>\n\t<meta name=\"robots\" content=\"max-image-preview:large\" \/>\n\t<meta name=\"author\" content=\"admin\"\/>\n\t<meta name=\"google-site-verification\" content=\"UA-38556648-1\" \/>\n\t<meta name=\"keywords\" content=\"noticias y actualidad\" \/>\n\t<link rel=\"canonical\" href=\"https:\/\/eldigitaldeasturias.com\/magazine365\/estados-unidos-y-cuba-reanudaran-sus-vuelos-comerciales\/\" \/>\n\t<meta name=\"generator\" content=\"All in One SEO Pro (AIOSEO) 4.9.6.1\" \/>\n\t\t<meta property=\"og:locale\" content=\"es_ES\" \/>\n\t\t<meta property=\"og:site_name\" content=\"El Digital de Asturias \u2013 Revista de ocio, turismo y estilo de vida\" \/>\n\t\t<meta property=\"og:type\" content=\"article\" \/>\n\t\t<meta property=\"og:title\" content=\"Estados Unidos y Cuba reanudar\u00e1n sus vuelos comerciales | El Digital de Asturias\" \/>\n\t\t<meta property=\"og:description\" content=\"Estados Unidos y Cuba acordaron reanudar los vuelos comerciales entre los dos pa\u00edses por primera vez en m\u00e1s de cinco d\u00e9cadas, en una decisi\u00f3n que permitir\u00e1 110 vuelos diarios de ida y vuelta entre los antiguos enemigos de la Guerra Fr\u00eda. Anunciado un a\u00f1o despu\u00e9s de que las partes dijeran que trabajar\u00edan para normalizar sus\" \/>\n\t\t<meta property=\"og:url\" content=\"https:\/\/eldigitaldeasturias.com\/magazine365\/estados-unidos-y-cuba-reanudaran-sus-vuelos-comerciales\/\" \/>\n\t\t<meta property=\"og:image\" content=\"https:\/\/eldigitaldeasturias.com\/magazine365\/wp-content\/uploads\/2015\/12\/fotonoticia_20151218093332_800.jpg\" \/>\n\t\t<meta property=\"og:image:secure_url\" content=\"https:\/\/eldigitaldeasturias.com\/magazine365\/wp-content\/uploads\/2015\/12\/fotonoticia_20151218093332_800.jpg\" \/>\n\t\t<meta property=\"og:image:width\" content=\"800\" \/>\n\t\t<meta property=\"og:image:height\" content=\"450\" \/>\n\t\t<meta property=\"article:published_time\" content=\"2015-12-18T11:45:58+00:00\" \/>\n\t\t<meta property=\"article:modified_time\" content=\"2015-12-18T11:45:58+00:00\" \/>\n\t\t<meta name=\"twitter:card\" content=\"summary_large_image\" \/>\n\t\t<meta name=\"twitter:title\" content=\"Estados Unidos y Cuba reanudar\u00e1n sus vuelos comerciales | El Digital de Asturias\" \/>\n\t\t<meta name=\"twitter:description\" content=\"Estados Unidos y Cuba acordaron reanudar los vuelos comerciales entre los dos pa\u00edses por primera vez en m\u00e1s de cinco d\u00e9cadas, en una decisi\u00f3n que permitir\u00e1 110 vuelos diarios de ida y vuelta entre los antiguos enemigos de la Guerra Fr\u00eda. Anunciado un a\u00f1o despu\u00e9s de que las partes dijeran que trabajar\u00edan para normalizar sus\" \/>\n\t\t<meta name=\"twitter:image\" content=\"https:\/\/eldigitaldeasturias.com\/magazine365\/wp-content\/uploads\/2015\/12\/fotonoticia_20151218093332_800.jpg\" \/>\n\t\t<script type=\"application\/ld+json\" class=\"aioseo-schema\">\n\t\t\t{\"@context\":\"https:\\\/\\\/schema.org\",\"@graph\":[{\"@type\":\"Article\",\"@id\":\"https:\\\/\\\/eldigitaldeasturias.com\\\/magazine365\\\/estados-unidos-y-cuba-reanudaran-sus-vuelos-comerciales\\\/#article\",\"name\":\"Estados Unidos y Cuba reanudar\\u00e1n sus vuelos comerciales | El Digital de Asturias\",\"headline\":\"Estados Unidos y Cuba reanudar\\u00e1n sus vuelos comerciales\",\"author\":{\"@id\":\"https:\\\/\\\/eldigitaldeasturias.com\\\/magazine365\\\/author\\\/admin\\\/#author\"},\"publisher\":{\"@id\":\"https:\\\/\\\/eldigitaldeasturias.com\\\/magazine365\\\/#organization\"},\"image\":{\"@type\":\"ImageObject\",\"url\":\"https:\\\/\\\/eldigitaldeasturias.com\\\/magazine365\\\/wp-content\\\/uploads\\\/2015\\\/12\\\/fotonoticia_20151218093332_800.jpg\",\"width\":800,\"height\":450},\"datePublished\":\"2015-12-18T12:45:58+01:00\",\"dateModified\":\"2015-12-18T12:45:58+01:00\",\"inLanguage\":\"es-ES\",\"mainEntityOfPage\":{\"@id\":\"https:\\\/\\\/eldigitaldeasturias.com\\\/magazine365\\\/estados-unidos-y-cuba-reanudaran-sus-vuelos-comerciales\\\/#webpage\"},\"isPartOf\":{\"@id\":\"https:\\\/\\\/eldigitaldeasturias.com\\\/magazine365\\\/estados-unidos-y-cuba-reanudaran-sus-vuelos-comerciales\\\/#webpage\"},\"articleSection\":\"Noticias y Actualidad\"},{\"@type\":\"BreadcrumbList\",\"@id\":\"https:\\\/\\\/eldigitaldeasturias.com\\\/magazine365\\\/estados-unidos-y-cuba-reanudaran-sus-vuelos-comerciales\\\/#breadcrumblist\",\"itemListElement\":[{\"@type\":\"ListItem\",\"@id\":\"https:\\\/\\\/eldigitaldeasturias.com\\\/magazine365#listItem\",\"position\":1,\"name\":\"Home\",\"item\":\"https:\\\/\\\/eldigitaldeasturias.com\\\/magazine365\",\"nextItem\":{\"@type\":\"ListItem\",\"@id\":\"https:\\\/\\\/eldigitaldeasturias.com\\\/magazine365\\\/category\\\/noticias-actualidad\\\/#listItem\",\"name\":\"Noticias y Actualidad\"}},{\"@type\":\"ListItem\",\"@id\":\"https:\\\/\\\/eldigitaldeasturias.com\\\/magazine365\\\/category\\\/noticias-actualidad\\\/#listItem\",\"position\":2,\"name\":\"Noticias y Actualidad\",\"item\":\"https:\\\/\\\/eldigitaldeasturias.com\\\/magazine365\\\/category\\\/noticias-actualidad\\\/\",\"nextItem\":{\"@type\":\"ListItem\",\"@id\":\"https:\\\/\\\/eldigitaldeasturias.com\\\/magazine365\\\/estados-unidos-y-cuba-reanudaran-sus-vuelos-comerciales\\\/#listItem\",\"name\":\"Estados Unidos y Cuba reanudar\\u00e1n sus vuelos comerciales\"},\"previousItem\":{\"@type\":\"ListItem\",\"@id\":\"https:\\\/\\\/eldigitaldeasturias.com\\\/magazine365#listItem\",\"name\":\"Home\"}},{\"@type\":\"ListItem\",\"@id\":\"https:\\\/\\\/eldigitaldeasturias.com\\\/magazine365\\\/estados-unidos-y-cuba-reanudaran-sus-vuelos-comerciales\\\/#listItem\",\"position\":3,\"name\":\"Estados Unidos y Cuba reanudar\\u00e1n sus vuelos comerciales\",\"previousItem\":{\"@type\":\"ListItem\",\"@id\":\"https:\\\/\\\/eldigitaldeasturias.com\\\/magazine365\\\/category\\\/noticias-actualidad\\\/#listItem\",\"name\":\"Noticias y Actualidad\"}}]},{\"@type\":\"Organization\",\"@id\":\"https:\\\/\\\/eldigitaldeasturias.com\\\/magazine365\\\/#organization\",\"name\":\"El digital de Asturias\",\"description\":\"Revista de ocio, turismo y estilo de vida\",\"url\":\"https:\\\/\\\/eldigitaldeasturias.com\\\/magazine365\\\/\",\"logo\":{\"@type\":\"ImageObject\",\"url\":\"https:\\\/\\\/www.eldigitaldeasturias.com\\\/noticias\\\/wp-content\\\/uploads\\\/2020\\\/12\\\/EDA.jpg\",\"@id\":\"https:\\\/\\\/eldigitaldeasturias.com\\\/magazine365\\\/estados-unidos-y-cuba-reanudaran-sus-vuelos-comerciales\\\/#organizationLogo\"},\"image\":{\"@id\":\"https:\\\/\\\/eldigitaldeasturias.com\\\/magazine365\\\/estados-unidos-y-cuba-reanudaran-sus-vuelos-comerciales\\\/#organizationLogo\"}},{\"@type\":\"Person\",\"@id\":\"https:\\\/\\\/eldigitaldeasturias.com\\\/magazine365\\\/author\\\/admin\\\/#author\",\"url\":\"https:\\\/\\\/eldigitaldeasturias.com\\\/magazine365\\\/author\\\/admin\\\/\",\"name\":\"admin\",\"image\":{\"@type\":\"ImageObject\",\"@id\":\"https:\\\/\\\/eldigitaldeasturias.com\\\/magazine365\\\/estados-unidos-y-cuba-reanudaran-sus-vuelos-comerciales\\\/#authorImage\",\"url\":\"https:\\\/\\\/eldigitaldeasturias.com\\\/magazine365\\\/wp-content\\\/litespeed\\\/avatar\\\/e571bcf59a0edd6fa6838245a470f2fe.jpg?ver=1777574230\",\"width\":96,\"height\":96,\"caption\":\"admin\"}},{\"@type\":\"WebPage\",\"@id\":\"https:\\\/\\\/eldigitaldeasturias.com\\\/magazine365\\\/estados-unidos-y-cuba-reanudaran-sus-vuelos-comerciales\\\/#webpage\",\"url\":\"https:\\\/\\\/eldigitaldeasturias.com\\\/magazine365\\\/estados-unidos-y-cuba-reanudaran-sus-vuelos-comerciales\\\/\",\"name\":\"Estados Unidos y Cuba reanudar\\u00e1n sus vuelos comerciales | El Digital de Asturias\",\"description\":\"Estados Unidos y Cuba acordaron reanudar los vuelos comerciales entre los dos pa\\u00edses por primera vez en m\\u00e1s de cinco d\\u00e9cadas, en una decisi\\u00f3n que permitir\\u00e1 110 vuelos diarios de ida y vuelta entre los antiguos enemigos de la Guerra Fr\\u00eda. Anunciado un a\\u00f1o despu\\u00e9s de que las partes dijeran que trabajar\\u00edan para normalizar sus\",\"inLanguage\":\"es-ES\",\"isPartOf\":{\"@id\":\"https:\\\/\\\/eldigitaldeasturias.com\\\/magazine365\\\/#website\"},\"breadcrumb\":{\"@id\":\"https:\\\/\\\/eldigitaldeasturias.com\\\/magazine365\\\/estados-unidos-y-cuba-reanudaran-sus-vuelos-comerciales\\\/#breadcrumblist\"},\"author\":{\"@id\":\"https:\\\/\\\/eldigitaldeasturias.com\\\/magazine365\\\/author\\\/admin\\\/#author\"},\"creator\":{\"@id\":\"https:\\\/\\\/eldigitaldeasturias.com\\\/magazine365\\\/author\\\/admin\\\/#author\"},\"image\":{\"@type\":\"ImageObject\",\"url\":\"https:\\\/\\\/eldigitaldeasturias.com\\\/magazine365\\\/wp-content\\\/uploads\\\/2015\\\/12\\\/fotonoticia_20151218093332_800.jpg\",\"@id\":\"https:\\\/\\\/eldigitaldeasturias.com\\\/magazine365\\\/estados-unidos-y-cuba-reanudaran-sus-vuelos-comerciales\\\/#mainImage\",\"width\":800,\"height\":450},\"primaryImageOfPage\":{\"@id\":\"https:\\\/\\\/eldigitaldeasturias.com\\\/magazine365\\\/estados-unidos-y-cuba-reanudaran-sus-vuelos-comerciales\\\/#mainImage\"},\"datePublished\":\"2015-12-18T12:45:58+01:00\",\"dateModified\":\"2015-12-18T12:45:58+01:00\"},{\"@type\":\"WebSite\",\"@id\":\"https:\\\/\\\/eldigitaldeasturias.com\\\/magazine365\\\/#website\",\"url\":\"https:\\\/\\\/eldigitaldeasturias.com\\\/magazine365\\\/\",\"name\":\"El Digital de Asturias\",\"description\":\"Revista de ocio, turismo y estilo de vida\",\"inLanguage\":\"es-ES\",\"publisher\":{\"@id\":\"https:\\\/\\\/eldigitaldeasturias.com\\\/magazine365\\\/#organization\"}}]}\n\t\t<\/script>\n\t\t<!-- All in One SEO Pro -->\r\n\t\t<title>Estados Unidos y Cuba reanudar\u00e1n sus vuelos comerciales | El Digital de Asturias<\/title>\n\n","aioseo_head_json":{"title":"Estados Unidos y Cuba reanudar\u00e1n sus vuelos comerciales | El Digital de Asturias","description":"Estados Unidos y Cuba acordaron reanudar los vuelos comerciales entre los dos pa\u00edses por primera vez en m\u00e1s de cinco d\u00e9cadas, en una decisi\u00f3n que permitir\u00e1 110 vuelos diarios de ida y vuelta entre los antiguos enemigos de la Guerra Fr\u00eda. Anunciado un a\u00f1o despu\u00e9s de que las partes dijeran que trabajar\u00edan para normalizar sus","canonical_url":"https:\/\/eldigitaldeasturias.com\/magazine365\/estados-unidos-y-cuba-reanudaran-sus-vuelos-comerciales\/","robots":"max-image-preview:large","keywords":"noticias y actualidad","webmasterTools":{"google-site-verification":"UA-38556648-1","miscellaneous":""},"schema":{"@context":"https:\/\/schema.org","@graph":[{"@type":"Article","@id":"https:\/\/eldigitaldeasturias.com\/magazine365\/estados-unidos-y-cuba-reanudaran-sus-vuelos-comerciales\/#article","name":"Estados Unidos y Cuba reanudar\u00e1n sus vuelos comerciales | El Digital de Asturias","headline":"Estados Unidos y Cuba reanudar\u00e1n sus vuelos comerciales","author":{"@id":"https:\/\/eldigitaldeasturias.com\/magazine365\/author\/admin\/#author"},"publisher":{"@id":"https:\/\/eldigitaldeasturias.com\/magazine365\/#organization"},"image":{"@type":"ImageObject","url":"https:\/\/eldigitaldeasturias.com\/magazine365\/wp-content\/uploads\/2015\/12\/fotonoticia_20151218093332_800.jpg","width":800,"height":450},"datePublished":"2015-12-18T12:45:58+01:00","dateModified":"2015-12-18T12:45:58+01:00","inLanguage":"es-ES","mainEntityOfPage":{"@id":"https:\/\/eldigitaldeasturias.com\/magazine365\/estados-unidos-y-cuba-reanudaran-sus-vuelos-comerciales\/#webpage"},"isPartOf":{"@id":"https:\/\/eldigitaldeasturias.com\/magazine365\/estados-unidos-y-cuba-reanudaran-sus-vuelos-comerciales\/#webpage"},"articleSection":"Noticias y Actualidad"},{"@type":"BreadcrumbList","@id":"https:\/\/eldigitaldeasturias.com\/magazine365\/estados-unidos-y-cuba-reanudaran-sus-vuelos-comerciales\/#breadcrumblist","itemListElement":[{"@type":"ListItem","@id":"https:\/\/eldigitaldeasturias.com\/magazine365#listItem","position":1,"name":"Home","item":"https:\/\/eldigitaldeasturias.com\/magazine365","nextItem":{"@type":"ListItem","@id":"https:\/\/eldigitaldeasturias.com\/magazine365\/category\/noticias-actualidad\/#listItem","name":"Noticias y Actualidad"}},{"@type":"ListItem","@id":"https:\/\/eldigitaldeasturias.com\/magazine365\/category\/noticias-actualidad\/#listItem","position":2,"name":"Noticias y Actualidad","item":"https:\/\/eldigitaldeasturias.com\/magazine365\/category\/noticias-actualidad\/","nextItem":{"@type":"ListItem","@id":"https:\/\/eldigitaldeasturias.com\/magazine365\/estados-unidos-y-cuba-reanudaran-sus-vuelos-comerciales\/#listItem","name":"Estados Unidos y Cuba reanudar\u00e1n sus vuelos comerciales"},"previousItem":{"@type":"ListItem","@id":"https:\/\/eldigitaldeasturias.com\/magazine365#listItem","name":"Home"}},{"@type":"ListItem","@id":"https:\/\/eldigitaldeasturias.com\/magazine365\/estados-unidos-y-cuba-reanudaran-sus-vuelos-comerciales\/#listItem","position":3,"name":"Estados Unidos y Cuba reanudar\u00e1n sus vuelos comerciales","previousItem":{"@type":"ListItem","@id":"https:\/\/eldigitaldeasturias.com\/magazine365\/category\/noticias-actualidad\/#listItem","name":"Noticias y Actualidad"}}]},{"@type":"Organization","@id":"https:\/\/eldigitaldeasturias.com\/magazine365\/#organization","name":"El digital de Asturias","description":"Revista de ocio, turismo y estilo de vida","url":"https:\/\/eldigitaldeasturias.com\/magazine365\/","logo":{"@type":"ImageObject","url":"https:\/\/www.eldigitaldeasturias.com\/noticias\/wp-content\/uploads\/2020\/12\/EDA.jpg","@id":"https:\/\/eldigitaldeasturias.com\/magazine365\/estados-unidos-y-cuba-reanudaran-sus-vuelos-comerciales\/#organizationLogo"},"image":{"@id":"https:\/\/eldigitaldeasturias.com\/magazine365\/estados-unidos-y-cuba-reanudaran-sus-vuelos-comerciales\/#organizationLogo"}},{"@type":"Person","@id":"https:\/\/eldigitaldeasturias.com\/magazine365\/author\/admin\/#author","url":"https:\/\/eldigitaldeasturias.com\/magazine365\/author\/admin\/","name":"admin","image":{"@type":"ImageObject","@id":"https:\/\/eldigitaldeasturias.com\/magazine365\/estados-unidos-y-cuba-reanudaran-sus-vuelos-comerciales\/#authorImage","url":"https:\/\/eldigitaldeasturias.com\/magazine365\/wp-content\/litespeed\/avatar\/e571bcf59a0edd6fa6838245a470f2fe.jpg?ver=1777574230","width":96,"height":96,"caption":"admin"}},{"@type":"WebPage","@id":"https:\/\/eldigitaldeasturias.com\/magazine365\/estados-unidos-y-cuba-reanudaran-sus-vuelos-comerciales\/#webpage","url":"https:\/\/eldigitaldeasturias.com\/magazine365\/estados-unidos-y-cuba-reanudaran-sus-vuelos-comerciales\/","name":"Estados Unidos y Cuba reanudar\u00e1n sus vuelos comerciales | El Digital de Asturias","description":"Estados Unidos y Cuba acordaron reanudar los vuelos comerciales entre los dos pa\u00edses por primera vez en m\u00e1s de cinco d\u00e9cadas, en una decisi\u00f3n que permitir\u00e1 110 vuelos diarios de ida y vuelta entre los antiguos enemigos de la Guerra Fr\u00eda. Anunciado un a\u00f1o despu\u00e9s de que las partes dijeran que trabajar\u00edan para normalizar sus","inLanguage":"es-ES","isPartOf":{"@id":"https:\/\/eldigitaldeasturias.com\/magazine365\/#website"},"breadcrumb":{"@id":"https:\/\/eldigitaldeasturias.com\/magazine365\/estados-unidos-y-cuba-reanudaran-sus-vuelos-comerciales\/#breadcrumblist"},"author":{"@id":"https:\/\/eldigitaldeasturias.com\/magazine365\/author\/admin\/#author"},"creator":{"@id":"https:\/\/eldigitaldeasturias.com\/magazine365\/author\/admin\/#author"},"image":{"@type":"ImageObject","url":"https:\/\/eldigitaldeasturias.com\/magazine365\/wp-content\/uploads\/2015\/12\/fotonoticia_20151218093332_800.jpg","@id":"https:\/\/eldigitaldeasturias.com\/magazine365\/estados-unidos-y-cuba-reanudaran-sus-vuelos-comerciales\/#mainImage","width":800,"height":450},"primaryImageOfPage":{"@id":"https:\/\/eldigitaldeasturias.com\/magazine365\/estados-unidos-y-cuba-reanudaran-sus-vuelos-comerciales\/#mainImage"},"datePublished":"2015-12-18T12:45:58+01:00","dateModified":"2015-12-18T12:45:58+01:00"},{"@type":"WebSite","@id":"https:\/\/eldigitaldeasturias.com\/magazine365\/#website","url":"https:\/\/eldigitaldeasturias.com\/magazine365\/","name":"El Digital de Asturias","description":"Revista de ocio, turismo y estilo de vida","inLanguage":"es-ES","publisher":{"@id":"https:\/\/eldigitaldeasturias.com\/magazine365\/#organization"}}]},"og:locale":"es_ES","og:site_name":"El Digital de Asturias \u2013 Revista de ocio, turismo y estilo de vida","og:type":"article","og:title":"Estados Unidos y Cuba reanudar\u00e1n sus vuelos comerciales | El Digital de Asturias","og:description":"Estados Unidos y Cuba acordaron reanudar los vuelos comerciales entre los dos pa\u00edses por primera vez en m\u00e1s de cinco d\u00e9cadas, en una decisi\u00f3n que permitir\u00e1 110 vuelos diarios de ida y vuelta entre los antiguos enemigos de la Guerra Fr\u00eda. Anunciado un a\u00f1o despu\u00e9s de que las partes dijeran que trabajar\u00edan para normalizar sus","og:url":"https:\/\/eldigitaldeasturias.com\/magazine365\/estados-unidos-y-cuba-reanudaran-sus-vuelos-comerciales\/","og:image":"https:\/\/eldigitaldeasturias.com\/magazine365\/wp-content\/uploads\/2015\/12\/fotonoticia_20151218093332_800.jpg","og:image:secure_url":"https:\/\/eldigitaldeasturias.com\/magazine365\/wp-content\/uploads\/2015\/12\/fotonoticia_20151218093332_800.jpg","og:image:width":800,"og:image:height":450,"article:published_time":"2015-12-18T11:45:58+00:00","article:modified_time":"2015-12-18T11:45:58+00:00","twitter:card":"summary_large_image","twitter:title":"Estados Unidos y Cuba reanudar\u00e1n sus vuelos comerciales | El Digital de Asturias","twitter:description":"Estados Unidos y Cuba acordaron reanudar los vuelos comerciales entre los dos pa\u00edses por primera vez en m\u00e1s de cinco d\u00e9cadas, en una decisi\u00f3n que permitir\u00e1 110 vuelos diarios de ida y vuelta entre los antiguos enemigos de la Guerra Fr\u00eda. Anunciado un a\u00f1o despu\u00e9s de que las partes dijeran que trabajar\u00edan para normalizar sus","twitter:image":"https:\/\/eldigitaldeasturias.com\/magazine365\/wp-content\/uploads\/2015\/12\/fotonoticia_20151218093332_800.jpg"},"aioseo_meta_data":{"post_id":"58881","title":null,"description":null,"keywords":null,"keyphrases":null,"primary_term":null,"canonical_url":null,"og_title":null,"og_description":null,"og_object_type":"default","og_image_type":"default","og_image_url":null,"og_image_width":null,"og_image_height":null,"og_image_custom_url":null,"og_image_custom_fields":null,"og_video":null,"og_custom_url":null,"og_article_section":null,"og_article_tags":null,"twitter_use_og":false,"twitter_card":"default","twitter_image_type":"default","twitter_image_url":null,"twitter_image_custom_url":null,"twitter_image_custom_fields":null,"twitter_title":null,"twitter_description":null,"schema":{"blockGraphs":[],"customGraphs":[],"default":{"data":{"Article":[],"Course":[],"Dataset":[],"FAQPage":[],"Movie":[],"Person":[],"Product":[],"ProductReview":[],"Car":[],"Recipe":[],"Service":[],"SoftwareApplication":[],"WebPage":[]},"graphName":"","isEnabled":true},"graphs":[],"defaultGraph":"","defaultPostTypeGraph":""},"schema_type":null,"schema_type_options":null,"pillar_content":false,"robots_default":true,"robots_noindex":false,"robots_noarchive":false,"robots_nosnippet":false,"robots_nofollow":false,"robots_noimageindex":false,"robots_noodp":false,"robots_notranslate":false,"robots_max_snippet":null,"robots_max_videopreview":null,"robots_max_imagepreview":"large","priority":null,"frequency":null,"location":null,"local_seo":null,"seo_analyzer_scan_date":"2025-09-25 03:51:02","breadcrumb_settings":null,"limit_modified_date":false,"open_ai":null,"ai":null,"created":"2021-03-08 22:23:46","updated":"2025-09-25 03:51:02"},"aioseo_breadcrumb":"<div class=\"aioseo-breadcrumbs\"><span class=\"aioseo-breadcrumb\">\n\t<a href=\"https:\/\/eldigitaldeasturias.com\/magazine365\" title=\"Home\">Home<\/a>\n<\/span><span class=\"aioseo-breadcrumb-separator\">\u2013<\/span><span class=\"aioseo-breadcrumb\">\n\t<a href=\"https:\/\/eldigitaldeasturias.com\/magazine365\/category\/noticias-actualidad\/\" title=\"Noticias y Actualidad\">Noticias y Actualidad<\/a>\n<\/span><span class=\"aioseo-breadcrumb-separator\">\u2013<\/span><span class=\"aioseo-breadcrumb\">\n\t<a href=\"https:\/\/eldigitaldeasturias.com\/magazine365\/estados-unidos-y-cuba-reanudaran-sus-vuelos-comerciales\/\" title=\"Estados Unidos y Cuba reanudar\u00e1n sus vuelos comerciales\">Estados Unidos y Cuba reanudar\u00e1n sus vuelos comerciales<\/a>\n<\/span><\/div>","aioseo_breadcrumb_json":[{"label":"Home","link":"https:\/\/eldigitaldeasturias.com\/magazine365"},{"label":"Noticias y Actualidad","link":"https:\/\/eldigitaldeasturias.com\/magazine365\/category\/noticias-actualidad\/"},{"label":"Estados Unidos y Cuba reanudar\u00e1n sus vuelos comerciales","link":"https:\/\/eldigitaldeasturias.com\/magazine365\/estados-unidos-y-cuba-reanudaran-sus-vuelos-comerciales\/"}],"_links":{"self":[{"href":"https:\/\/eldigitaldeasturias.com\/magazine365\/wp-json\/wp\/v2\/posts\/58881","targetHints":{"allow":["GET"]}}],"collection":[{"href":"https:\/\/eldigitaldeasturias.com\/magazine365\/wp-json\/wp\/v2\/posts"}],"about":[{"href":"https:\/\/eldigitaldeasturias.com\/magazine365\/wp-json\/wp\/v2\/types\/post"}],"author":[{"embeddable":true,"href":"https:\/\/eldigitaldeasturias.com\/magazine365\/wp-json\/wp\/v2\/users\/1"}],"replies":[{"embeddable":true,"href":"https:\/\/eldigitaldeasturias.com\/magazine365\/wp-json\/wp\/v2\/comments?post=58881"}],"version-history":[{"count":0,"href":"https:\/\/eldigitaldeasturias.com\/magazine365\/wp-json\/wp\/v2\/posts\/58881\/revisions"}],"wp:featuredmedia":[{"embeddable":true,"href":"https:\/\/eldigitaldeasturias.com\/magazine365\/wp-json\/wp\/v2\/media\/58882"}],"wp:attachment":[{"href":"https:\/\/eldigitaldeasturias.com\/magazine365\/wp-json\/wp\/v2\/media?parent=58881"}],"wp:term":[{"taxonomy":"category","embeddable":true,"href":"https:\/\/eldigitaldeasturias.com\/magazine365\/wp-json\/wp\/v2\/categories?post=58881"},{"taxonomy":"post_tag","embeddable":true,"href":"https:\/\/eldigitaldeasturias.com\/magazine365\/wp-json\/wp\/v2\/tags?post=58881"}],"curies":[{"name":"wp","href":"https:\/\/api.w.org\/{rel}","templated":true}]}}