{"id":58876,"date":"2015-12-18T12:44:03","date_gmt":"2015-12-18T11:44:03","guid":{"rendered":"http:\/\/eldigitaldeasturias.com\/magazine365\/?p=58876"},"modified":"2015-12-18T12:44:03","modified_gmt":"2015-12-18T11:44:03","slug":"francia-instala-arcos-de-seguridad-en-las-estaciones-de-tren-de-alta-velocidad","status":"publish","type":"post","link":"https:\/\/eldigitaldeasturias.com\/magazine365\/francia-instala-arcos-de-seguridad-en-las-estaciones-de-tren-de-alta-velocidad\/","title":{"rendered":"Francia instala arcos de seguridad en las estaciones de tren de alta velocidad"},"content":{"rendered":"<p><img fetchpriority=\"high\" decoding=\"async\" class=\"alignleft size-medium wp-image-37959\" src=\"https:\/\/eldigitaldeasturias.com\/magazine365\/wp-content\/uploads\/2015\/04\/viajar-en-tren-a-603-kilometros-es-posible-680x364-360x193.jpg\" alt=\"viajar-en-tren-a-603-kilometros-es-posible-680x364\" width=\"360\" height=\"193\" srcset=\"https:\/\/eldigitaldeasturias.com\/magazine365\/wp-content\/uploads\/2015\/04\/viajar-en-tren-a-603-kilometros-es-posible-680x364-360x193.jpg 360w, https:\/\/eldigitaldeasturias.com\/magazine365\/wp-content\/uploads\/2015\/04\/viajar-en-tren-a-603-kilometros-es-posible-680x364-650x348.jpg 650w, https:\/\/eldigitaldeasturias.com\/magazine365\/wp-content\/uploads\/2015\/04\/viajar-en-tren-a-603-kilometros-es-posible-680x364-150x80.jpg 150w, https:\/\/eldigitaldeasturias.com\/magazine365\/wp-content\/uploads\/2015\/04\/viajar-en-tren-a-603-kilometros-es-posible-680x364-450x241.jpg 450w, https:\/\/eldigitaldeasturias.com\/magazine365\/wp-content\/uploads\/2015\/04\/viajar-en-tren-a-603-kilometros-es-posible-680x364-420x225.jpg 420w, https:\/\/eldigitaldeasturias.com\/magazine365\/wp-content\/uploads\/2015\/04\/viajar-en-tren-a-603-kilometros-es-posible-680x364.jpg 680w\" sizes=\"(max-width: 360px) 100vw, 360px\" \/>Francia ha comenzado a instalar arcos de seguridad en las estaciones de tren de alta velocidad Thalys de Par\u00eds y Lille, con el objetivo de detectar armas blancas y explosivos poco m\u00e1s de un mes despu\u00e9s de los atentados de Par\u00eds.<\/p>\n<p>La ministra de Medio Ambiente y Transportes francesas, S\u00e9gol\u00e8ne Royal, ha visitado este jueves la estaci\u00f3n &#8216;Gare du Nord&#8217; de Par\u00eds para supervisar la instalaci\u00f3n de estos arcos y tranquilizar a la poblaci\u00f3n tras los atentados.<\/p>\n<p>\u00abLa instalaci\u00f3n de todos estos arcos en tan poco tiempo es una haza\u00f1a\u00bb, ha afirmado Royale a los medios, subrayando que es una demostraci\u00f3n de que operador ferroviario SNCF \u00abha hecho su trabajo\u00bb, seg\u00fan recoge el diario franc\u00e9s &#8216;Le Monde&#8217;.<\/p>\n<p>A diferencia de los aeropuertos, los pasajeros de tren no tendr\u00e1n que vaciar sus bolsillos, ense\u00f1ar sus ordenadores o separar los l\u00edquidos, al estar dise\u00f1ados exclusivamente para detectar armas blancas y explosivos.<\/p>\n<p>Tras la puesta en marcha de estos controles de seguridad, los pasajeros tendr\u00e1n que llegar a la estaci\u00f3n con 30 minutos de antelaci\u00f3n frente a los 20 requeridos anteriormente.<\/p>\n<p>Sin embargo, por el momento se desconoce si las estaciones al otro lado de esta l\u00ednea de tren tambi\u00e9n instalar\u00e1n estos arcos de seguridad. \u00abLo estamos discutiendo con nuestros colegas belgas, franceses y holandeses\u00bb, ha explicado Royal, que ha anunciado que el pr\u00f3ximo mes de enero invitar\u00e1 a representantes de estos pa\u00edses a Francia para que comprueben la seguridad de este sistema.<\/p>\n<p>Respecto al coste que generar\u00e1 esta instalaci\u00f3n, la ministra ha subrayado que \u00absi tiene un coste, la seguridad no tiene precio\u00bb, ante lo que ha indicado que la SNCF redistribuir\u00e1 sus recursos para cubrir estos nuevos costes.<\/p>\n","protected":false},"excerpt":{"rendered":"<p>Francia ha comenzado a instalar arcos de seguridad en las estaciones de tren de alta velocidad Thalys de Par\u00eds y Lille, con el objetivo de detectar armas blancas y explosivos poco m\u00e1s de un mes despu\u00e9s de los atentados de Par\u00eds. La ministra de Medio Ambiente y Transportes francesas, S\u00e9gol\u00e8ne Royal, ha visitado este jueves<\/p>\n","protected":false},"author":1,"featured_media":37959,"comment_status":"open","ping_status":"closed","sticky":false,"template":"","format":"standard","meta":{"footnotes":""},"categories":[224],"tags":[],"class_list":{"0":"post-58876","1":"post","2":"type-post","3":"status-publish","4":"format-standard","5":"has-post-thumbnail","7":"category-noticias-actualidad"},"aioseo_notices":[],"aioseo_head":"\n\t\t<!-- All in One SEO Pro 4.9.6.1 - aioseo.com -->\n\t<meta name=\"description\" content=\"Francia ha comenzado a instalar arcos de seguridad en las estaciones de tren de alta velocidad Thalys de Par\u00eds y Lille, con el objetivo de detectar armas blancas y explosivos poco m\u00e1s de un mes despu\u00e9s de los atentados de Par\u00eds. La ministra de Medio Ambiente y Transportes francesas, S\u00e9gol\u00e8ne Royal, ha visitado este jueves\" \/>\n\t<meta name=\"robots\" content=\"max-image-preview:large\" \/>\n\t<meta name=\"author\" content=\"admin\"\/>\n\t<meta name=\"google-site-verification\" content=\"UA-38556648-1\" \/>\n\t<meta name=\"keywords\" content=\"noticias y actualidad\" \/>\n\t<link rel=\"canonical\" href=\"https:\/\/eldigitaldeasturias.com\/magazine365\/francia-instala-arcos-de-seguridad-en-las-estaciones-de-tren-de-alta-velocidad\/\" \/>\n\t<meta name=\"generator\" content=\"All in One SEO Pro (AIOSEO) 4.9.6.1\" \/>\n\t\t<meta property=\"og:locale\" content=\"es_ES\" \/>\n\t\t<meta property=\"og:site_name\" content=\"El Digital de Asturias \u2013 Revista de ocio, turismo y estilo de vida\" \/>\n\t\t<meta property=\"og:type\" content=\"article\" \/>\n\t\t<meta property=\"og:title\" content=\"Francia instala arcos de seguridad en las estaciones de tren de alta velocidad | El Digital de Asturias\" \/>\n\t\t<meta property=\"og:description\" content=\"Francia ha comenzado a instalar arcos de seguridad en las estaciones de tren de alta velocidad Thalys de Par\u00eds y Lille, con el objetivo de detectar armas blancas y explosivos poco m\u00e1s de un mes despu\u00e9s de los atentados de Par\u00eds. La ministra de Medio Ambiente y Transportes francesas, S\u00e9gol\u00e8ne Royal, ha visitado este jueves\" \/>\n\t\t<meta property=\"og:url\" content=\"https:\/\/eldigitaldeasturias.com\/magazine365\/francia-instala-arcos-de-seguridad-en-las-estaciones-de-tren-de-alta-velocidad\/\" \/>\n\t\t<meta property=\"og:image\" content=\"https:\/\/eldigitaldeasturias.com\/magazine365\/wp-content\/uploads\/2015\/04\/viajar-en-tren-a-603-kilometros-es-posible-680x364.jpg\" \/>\n\t\t<meta property=\"og:image:secure_url\" content=\"https:\/\/eldigitaldeasturias.com\/magazine365\/wp-content\/uploads\/2015\/04\/viajar-en-tren-a-603-kilometros-es-posible-680x364.jpg\" \/>\n\t\t<meta property=\"og:image:width\" content=\"680\" \/>\n\t\t<meta property=\"og:image:height\" content=\"364\" \/>\n\t\t<meta property=\"article:published_time\" content=\"2015-12-18T11:44:03+00:00\" \/>\n\t\t<meta property=\"article:modified_time\" content=\"2015-12-18T11:44:03+00:00\" \/>\n\t\t<meta name=\"twitter:card\" content=\"summary_large_image\" \/>\n\t\t<meta name=\"twitter:title\" content=\"Francia instala arcos de seguridad en las estaciones de tren de alta velocidad | El Digital de Asturias\" \/>\n\t\t<meta name=\"twitter:description\" content=\"Francia ha comenzado a instalar arcos de seguridad en las estaciones de tren de alta velocidad Thalys de Par\u00eds y Lille, con el objetivo de detectar armas blancas y explosivos poco m\u00e1s de un mes despu\u00e9s de los atentados de Par\u00eds. La ministra de Medio Ambiente y Transportes francesas, S\u00e9gol\u00e8ne Royal, ha visitado este jueves\" \/>\n\t\t<meta name=\"twitter:image\" content=\"https:\/\/eldigitaldeasturias.com\/magazine365\/wp-content\/uploads\/2015\/04\/viajar-en-tren-a-603-kilometros-es-posible-680x364.jpg\" \/>\n\t\t<script type=\"application\/ld+json\" class=\"aioseo-schema\">\n\t\t\t{\"@context\":\"https:\\\/\\\/schema.org\",\"@graph\":[{\"@type\":\"Article\",\"@id\":\"https:\\\/\\\/eldigitaldeasturias.com\\\/magazine365\\\/francia-instala-arcos-de-seguridad-en-las-estaciones-de-tren-de-alta-velocidad\\\/#article\",\"name\":\"Francia instala arcos de seguridad en las estaciones de tren de alta velocidad | El Digital de Asturias\",\"headline\":\"Francia instala arcos de seguridad en las estaciones de tren de alta velocidad\",\"author\":{\"@id\":\"https:\\\/\\\/eldigitaldeasturias.com\\\/magazine365\\\/author\\\/admin\\\/#author\"},\"publisher\":{\"@id\":\"https:\\\/\\\/eldigitaldeasturias.com\\\/magazine365\\\/#organization\"},\"image\":{\"@type\":\"ImageObject\",\"url\":\"https:\\\/\\\/eldigitaldeasturias.com\\\/magazine365\\\/wp-content\\\/uploads\\\/2015\\\/04\\\/viajar-en-tren-a-603-kilometros-es-posible-680x364.jpg\",\"width\":680,\"height\":364},\"datePublished\":\"2015-12-18T12:44:03+01:00\",\"dateModified\":\"2015-12-18T12:44:03+01:00\",\"inLanguage\":\"es-ES\",\"mainEntityOfPage\":{\"@id\":\"https:\\\/\\\/eldigitaldeasturias.com\\\/magazine365\\\/francia-instala-arcos-de-seguridad-en-las-estaciones-de-tren-de-alta-velocidad\\\/#webpage\"},\"isPartOf\":{\"@id\":\"https:\\\/\\\/eldigitaldeasturias.com\\\/magazine365\\\/francia-instala-arcos-de-seguridad-en-las-estaciones-de-tren-de-alta-velocidad\\\/#webpage\"},\"articleSection\":\"Noticias y Actualidad\"},{\"@type\":\"BreadcrumbList\",\"@id\":\"https:\\\/\\\/eldigitaldeasturias.com\\\/magazine365\\\/francia-instala-arcos-de-seguridad-en-las-estaciones-de-tren-de-alta-velocidad\\\/#breadcrumblist\",\"itemListElement\":[{\"@type\":\"ListItem\",\"@id\":\"https:\\\/\\\/eldigitaldeasturias.com\\\/magazine365#listItem\",\"position\":1,\"name\":\"Home\",\"item\":\"https:\\\/\\\/eldigitaldeasturias.com\\\/magazine365\",\"nextItem\":{\"@type\":\"ListItem\",\"@id\":\"https:\\\/\\\/eldigitaldeasturias.com\\\/magazine365\\\/category\\\/noticias-actualidad\\\/#listItem\",\"name\":\"Noticias y Actualidad\"}},{\"@type\":\"ListItem\",\"@id\":\"https:\\\/\\\/eldigitaldeasturias.com\\\/magazine365\\\/category\\\/noticias-actualidad\\\/#listItem\",\"position\":2,\"name\":\"Noticias y Actualidad\",\"item\":\"https:\\\/\\\/eldigitaldeasturias.com\\\/magazine365\\\/category\\\/noticias-actualidad\\\/\",\"nextItem\":{\"@type\":\"ListItem\",\"@id\":\"https:\\\/\\\/eldigitaldeasturias.com\\\/magazine365\\\/francia-instala-arcos-de-seguridad-en-las-estaciones-de-tren-de-alta-velocidad\\\/#listItem\",\"name\":\"Francia instala arcos de seguridad en las estaciones de tren de alta velocidad\"},\"previousItem\":{\"@type\":\"ListItem\",\"@id\":\"https:\\\/\\\/eldigitaldeasturias.com\\\/magazine365#listItem\",\"name\":\"Home\"}},{\"@type\":\"ListItem\",\"@id\":\"https:\\\/\\\/eldigitaldeasturias.com\\\/magazine365\\\/francia-instala-arcos-de-seguridad-en-las-estaciones-de-tren-de-alta-velocidad\\\/#listItem\",\"position\":3,\"name\":\"Francia instala arcos de seguridad en las estaciones de tren de alta velocidad\",\"previousItem\":{\"@type\":\"ListItem\",\"@id\":\"https:\\\/\\\/eldigitaldeasturias.com\\\/magazine365\\\/category\\\/noticias-actualidad\\\/#listItem\",\"name\":\"Noticias y Actualidad\"}}]},{\"@type\":\"Organization\",\"@id\":\"https:\\\/\\\/eldigitaldeasturias.com\\\/magazine365\\\/#organization\",\"name\":\"El digital de Asturias\",\"description\":\"Revista de ocio, turismo y estilo de vida\",\"url\":\"https:\\\/\\\/eldigitaldeasturias.com\\\/magazine365\\\/\",\"logo\":{\"@type\":\"ImageObject\",\"url\":\"https:\\\/\\\/www.eldigitaldeasturias.com\\\/noticias\\\/wp-content\\\/uploads\\\/2020\\\/12\\\/EDA.jpg\",\"@id\":\"https:\\\/\\\/eldigitaldeasturias.com\\\/magazine365\\\/francia-instala-arcos-de-seguridad-en-las-estaciones-de-tren-de-alta-velocidad\\\/#organizationLogo\"},\"image\":{\"@id\":\"https:\\\/\\\/eldigitaldeasturias.com\\\/magazine365\\\/francia-instala-arcos-de-seguridad-en-las-estaciones-de-tren-de-alta-velocidad\\\/#organizationLogo\"}},{\"@type\":\"Person\",\"@id\":\"https:\\\/\\\/eldigitaldeasturias.com\\\/magazine365\\\/author\\\/admin\\\/#author\",\"url\":\"https:\\\/\\\/eldigitaldeasturias.com\\\/magazine365\\\/author\\\/admin\\\/\",\"name\":\"admin\",\"image\":{\"@type\":\"ImageObject\",\"@id\":\"https:\\\/\\\/eldigitaldeasturias.com\\\/magazine365\\\/francia-instala-arcos-de-seguridad-en-las-estaciones-de-tren-de-alta-velocidad\\\/#authorImage\",\"url\":\"https:\\\/\\\/eldigitaldeasturias.com\\\/magazine365\\\/wp-content\\\/litespeed\\\/avatar\\\/e571bcf59a0edd6fa6838245a470f2fe.jpg?ver=1777574230\",\"width\":96,\"height\":96,\"caption\":\"admin\"}},{\"@type\":\"WebPage\",\"@id\":\"https:\\\/\\\/eldigitaldeasturias.com\\\/magazine365\\\/francia-instala-arcos-de-seguridad-en-las-estaciones-de-tren-de-alta-velocidad\\\/#webpage\",\"url\":\"https:\\\/\\\/eldigitaldeasturias.com\\\/magazine365\\\/francia-instala-arcos-de-seguridad-en-las-estaciones-de-tren-de-alta-velocidad\\\/\",\"name\":\"Francia instala arcos de seguridad en las estaciones de tren de alta velocidad | El Digital de Asturias\",\"description\":\"Francia ha comenzado a instalar arcos de seguridad en las estaciones de tren de alta velocidad Thalys de Par\\u00eds y Lille, con el objetivo de detectar armas blancas y explosivos poco m\\u00e1s de un mes despu\\u00e9s de los atentados de Par\\u00eds. La ministra de Medio Ambiente y Transportes francesas, S\\u00e9gol\\u00e8ne Royal, ha visitado este jueves\",\"inLanguage\":\"es-ES\",\"isPartOf\":{\"@id\":\"https:\\\/\\\/eldigitaldeasturias.com\\\/magazine365\\\/#website\"},\"breadcrumb\":{\"@id\":\"https:\\\/\\\/eldigitaldeasturias.com\\\/magazine365\\\/francia-instala-arcos-de-seguridad-en-las-estaciones-de-tren-de-alta-velocidad\\\/#breadcrumblist\"},\"author\":{\"@id\":\"https:\\\/\\\/eldigitaldeasturias.com\\\/magazine365\\\/author\\\/admin\\\/#author\"},\"creator\":{\"@id\":\"https:\\\/\\\/eldigitaldeasturias.com\\\/magazine365\\\/author\\\/admin\\\/#author\"},\"image\":{\"@type\":\"ImageObject\",\"url\":\"https:\\\/\\\/eldigitaldeasturias.com\\\/magazine365\\\/wp-content\\\/uploads\\\/2015\\\/04\\\/viajar-en-tren-a-603-kilometros-es-posible-680x364.jpg\",\"@id\":\"https:\\\/\\\/eldigitaldeasturias.com\\\/magazine365\\\/francia-instala-arcos-de-seguridad-en-las-estaciones-de-tren-de-alta-velocidad\\\/#mainImage\",\"width\":680,\"height\":364},\"primaryImageOfPage\":{\"@id\":\"https:\\\/\\\/eldigitaldeasturias.com\\\/magazine365\\\/francia-instala-arcos-de-seguridad-en-las-estaciones-de-tren-de-alta-velocidad\\\/#mainImage\"},\"datePublished\":\"2015-12-18T12:44:03+01:00\",\"dateModified\":\"2015-12-18T12:44:03+01:00\"},{\"@type\":\"WebSite\",\"@id\":\"https:\\\/\\\/eldigitaldeasturias.com\\\/magazine365\\\/#website\",\"url\":\"https:\\\/\\\/eldigitaldeasturias.com\\\/magazine365\\\/\",\"name\":\"El Digital de Asturias\",\"description\":\"Revista de ocio, turismo y estilo de vida\",\"inLanguage\":\"es-ES\",\"publisher\":{\"@id\":\"https:\\\/\\\/eldigitaldeasturias.com\\\/magazine365\\\/#organization\"}}]}\n\t\t<\/script>\n\t\t<!-- All in One SEO Pro -->\r\n\t\t<title>Francia instala arcos de seguridad en las estaciones de tren de alta velocidad | El Digital de Asturias<\/title>\n\n","aioseo_head_json":{"title":"Francia instala arcos de seguridad en las estaciones de tren de alta velocidad | El Digital de Asturias","description":"Francia ha comenzado a instalar arcos de seguridad en las estaciones de tren de alta velocidad Thalys de Par\u00eds y Lille, con el objetivo de detectar armas blancas y explosivos poco m\u00e1s de un mes despu\u00e9s de los atentados de Par\u00eds. La ministra de Medio Ambiente y Transportes francesas, S\u00e9gol\u00e8ne Royal, ha visitado este jueves","canonical_url":"https:\/\/eldigitaldeasturias.com\/magazine365\/francia-instala-arcos-de-seguridad-en-las-estaciones-de-tren-de-alta-velocidad\/","robots":"max-image-preview:large","keywords":"noticias y actualidad","webmasterTools":{"google-site-verification":"UA-38556648-1","miscellaneous":""},"schema":{"@context":"https:\/\/schema.org","@graph":[{"@type":"Article","@id":"https:\/\/eldigitaldeasturias.com\/magazine365\/francia-instala-arcos-de-seguridad-en-las-estaciones-de-tren-de-alta-velocidad\/#article","name":"Francia instala arcos de seguridad en las estaciones de tren de alta velocidad | El Digital de Asturias","headline":"Francia instala arcos de seguridad en las estaciones de tren de alta velocidad","author":{"@id":"https:\/\/eldigitaldeasturias.com\/magazine365\/author\/admin\/#author"},"publisher":{"@id":"https:\/\/eldigitaldeasturias.com\/magazine365\/#organization"},"image":{"@type":"ImageObject","url":"https:\/\/eldigitaldeasturias.com\/magazine365\/wp-content\/uploads\/2015\/04\/viajar-en-tren-a-603-kilometros-es-posible-680x364.jpg","width":680,"height":364},"datePublished":"2015-12-18T12:44:03+01:00","dateModified":"2015-12-18T12:44:03+01:00","inLanguage":"es-ES","mainEntityOfPage":{"@id":"https:\/\/eldigitaldeasturias.com\/magazine365\/francia-instala-arcos-de-seguridad-en-las-estaciones-de-tren-de-alta-velocidad\/#webpage"},"isPartOf":{"@id":"https:\/\/eldigitaldeasturias.com\/magazine365\/francia-instala-arcos-de-seguridad-en-las-estaciones-de-tren-de-alta-velocidad\/#webpage"},"articleSection":"Noticias y Actualidad"},{"@type":"BreadcrumbList","@id":"https:\/\/eldigitaldeasturias.com\/magazine365\/francia-instala-arcos-de-seguridad-en-las-estaciones-de-tren-de-alta-velocidad\/#breadcrumblist","itemListElement":[{"@type":"ListItem","@id":"https:\/\/eldigitaldeasturias.com\/magazine365#listItem","position":1,"name":"Home","item":"https:\/\/eldigitaldeasturias.com\/magazine365","nextItem":{"@type":"ListItem","@id":"https:\/\/eldigitaldeasturias.com\/magazine365\/category\/noticias-actualidad\/#listItem","name":"Noticias y Actualidad"}},{"@type":"ListItem","@id":"https:\/\/eldigitaldeasturias.com\/magazine365\/category\/noticias-actualidad\/#listItem","position":2,"name":"Noticias y Actualidad","item":"https:\/\/eldigitaldeasturias.com\/magazine365\/category\/noticias-actualidad\/","nextItem":{"@type":"ListItem","@id":"https:\/\/eldigitaldeasturias.com\/magazine365\/francia-instala-arcos-de-seguridad-en-las-estaciones-de-tren-de-alta-velocidad\/#listItem","name":"Francia instala arcos de seguridad en las estaciones de tren de alta velocidad"},"previousItem":{"@type":"ListItem","@id":"https:\/\/eldigitaldeasturias.com\/magazine365#listItem","name":"Home"}},{"@type":"ListItem","@id":"https:\/\/eldigitaldeasturias.com\/magazine365\/francia-instala-arcos-de-seguridad-en-las-estaciones-de-tren-de-alta-velocidad\/#listItem","position":3,"name":"Francia instala arcos de seguridad en las estaciones de tren de alta velocidad","previousItem":{"@type":"ListItem","@id":"https:\/\/eldigitaldeasturias.com\/magazine365\/category\/noticias-actualidad\/#listItem","name":"Noticias y Actualidad"}}]},{"@type":"Organization","@id":"https:\/\/eldigitaldeasturias.com\/magazine365\/#organization","name":"El digital de Asturias","description":"Revista de ocio, turismo y estilo de vida","url":"https:\/\/eldigitaldeasturias.com\/magazine365\/","logo":{"@type":"ImageObject","url":"https:\/\/www.eldigitaldeasturias.com\/noticias\/wp-content\/uploads\/2020\/12\/EDA.jpg","@id":"https:\/\/eldigitaldeasturias.com\/magazine365\/francia-instala-arcos-de-seguridad-en-las-estaciones-de-tren-de-alta-velocidad\/#organizationLogo"},"image":{"@id":"https:\/\/eldigitaldeasturias.com\/magazine365\/francia-instala-arcos-de-seguridad-en-las-estaciones-de-tren-de-alta-velocidad\/#organizationLogo"}},{"@type":"Person","@id":"https:\/\/eldigitaldeasturias.com\/magazine365\/author\/admin\/#author","url":"https:\/\/eldigitaldeasturias.com\/magazine365\/author\/admin\/","name":"admin","image":{"@type":"ImageObject","@id":"https:\/\/eldigitaldeasturias.com\/magazine365\/francia-instala-arcos-de-seguridad-en-las-estaciones-de-tren-de-alta-velocidad\/#authorImage","url":"https:\/\/eldigitaldeasturias.com\/magazine365\/wp-content\/litespeed\/avatar\/e571bcf59a0edd6fa6838245a470f2fe.jpg?ver=1777574230","width":96,"height":96,"caption":"admin"}},{"@type":"WebPage","@id":"https:\/\/eldigitaldeasturias.com\/magazine365\/francia-instala-arcos-de-seguridad-en-las-estaciones-de-tren-de-alta-velocidad\/#webpage","url":"https:\/\/eldigitaldeasturias.com\/magazine365\/francia-instala-arcos-de-seguridad-en-las-estaciones-de-tren-de-alta-velocidad\/","name":"Francia instala arcos de seguridad en las estaciones de tren de alta velocidad | El Digital de Asturias","description":"Francia ha comenzado a instalar arcos de seguridad en las estaciones de tren de alta velocidad Thalys de Par\u00eds y Lille, con el objetivo de detectar armas blancas y explosivos poco m\u00e1s de un mes despu\u00e9s de los atentados de Par\u00eds. La ministra de Medio Ambiente y Transportes francesas, S\u00e9gol\u00e8ne Royal, ha visitado este jueves","inLanguage":"es-ES","isPartOf":{"@id":"https:\/\/eldigitaldeasturias.com\/magazine365\/#website"},"breadcrumb":{"@id":"https:\/\/eldigitaldeasturias.com\/magazine365\/francia-instala-arcos-de-seguridad-en-las-estaciones-de-tren-de-alta-velocidad\/#breadcrumblist"},"author":{"@id":"https:\/\/eldigitaldeasturias.com\/magazine365\/author\/admin\/#author"},"creator":{"@id":"https:\/\/eldigitaldeasturias.com\/magazine365\/author\/admin\/#author"},"image":{"@type":"ImageObject","url":"https:\/\/eldigitaldeasturias.com\/magazine365\/wp-content\/uploads\/2015\/04\/viajar-en-tren-a-603-kilometros-es-posible-680x364.jpg","@id":"https:\/\/eldigitaldeasturias.com\/magazine365\/francia-instala-arcos-de-seguridad-en-las-estaciones-de-tren-de-alta-velocidad\/#mainImage","width":680,"height":364},"primaryImageOfPage":{"@id":"https:\/\/eldigitaldeasturias.com\/magazine365\/francia-instala-arcos-de-seguridad-en-las-estaciones-de-tren-de-alta-velocidad\/#mainImage"},"datePublished":"2015-12-18T12:44:03+01:00","dateModified":"2015-12-18T12:44:03+01:00"},{"@type":"WebSite","@id":"https:\/\/eldigitaldeasturias.com\/magazine365\/#website","url":"https:\/\/eldigitaldeasturias.com\/magazine365\/","name":"El Digital de Asturias","description":"Revista de ocio, turismo y estilo de vida","inLanguage":"es-ES","publisher":{"@id":"https:\/\/eldigitaldeasturias.com\/magazine365\/#organization"}}]},"og:locale":"es_ES","og:site_name":"El Digital de Asturias \u2013 Revista de ocio, turismo y estilo de vida","og:type":"article","og:title":"Francia instala arcos de seguridad en las estaciones de tren de alta velocidad | El Digital de Asturias","og:description":"Francia ha comenzado a instalar arcos de seguridad en las estaciones de tren de alta velocidad Thalys de Par\u00eds y Lille, con el objetivo de detectar armas blancas y explosivos poco m\u00e1s de un mes despu\u00e9s de los atentados de Par\u00eds. La ministra de Medio Ambiente y Transportes francesas, S\u00e9gol\u00e8ne Royal, ha visitado este jueves","og:url":"https:\/\/eldigitaldeasturias.com\/magazine365\/francia-instala-arcos-de-seguridad-en-las-estaciones-de-tren-de-alta-velocidad\/","og:image":"https:\/\/eldigitaldeasturias.com\/magazine365\/wp-content\/uploads\/2015\/04\/viajar-en-tren-a-603-kilometros-es-posible-680x364.jpg","og:image:secure_url":"https:\/\/eldigitaldeasturias.com\/magazine365\/wp-content\/uploads\/2015\/04\/viajar-en-tren-a-603-kilometros-es-posible-680x364.jpg","og:image:width":680,"og:image:height":364,"article:published_time":"2015-12-18T11:44:03+00:00","article:modified_time":"2015-12-18T11:44:03+00:00","twitter:card":"summary_large_image","twitter:title":"Francia instala arcos de seguridad en las estaciones de tren de alta velocidad | El Digital de Asturias","twitter:description":"Francia ha comenzado a instalar arcos de seguridad en las estaciones de tren de alta velocidad Thalys de Par\u00eds y Lille, con el objetivo de detectar armas blancas y explosivos poco m\u00e1s de un mes despu\u00e9s de los atentados de Par\u00eds. La ministra de Medio Ambiente y Transportes francesas, S\u00e9gol\u00e8ne Royal, ha visitado este jueves","twitter:image":"https:\/\/eldigitaldeasturias.com\/magazine365\/wp-content\/uploads\/2015\/04\/viajar-en-tren-a-603-kilometros-es-posible-680x364.jpg"},"aioseo_meta_data":{"post_id":"58876","title":null,"description":null,"keywords":null,"keyphrases":null,"primary_term":null,"canonical_url":null,"og_title":null,"og_description":null,"og_object_type":"default","og_image_type":"default","og_image_url":null,"og_image_width":null,"og_image_height":null,"og_image_custom_url":null,"og_image_custom_fields":null,"og_video":null,"og_custom_url":null,"og_article_section":null,"og_article_tags":null,"twitter_use_og":false,"twitter_card":"default","twitter_image_type":"default","twitter_image_url":null,"twitter_image_custom_url":null,"twitter_image_custom_fields":null,"twitter_title":null,"twitter_description":null,"schema":{"blockGraphs":[],"customGraphs":[],"default":{"data":{"Article":[],"Course":[],"Dataset":[],"FAQPage":[],"Movie":[],"Person":[],"Product":[],"ProductReview":[],"Car":[],"Recipe":[],"Service":[],"SoftwareApplication":[],"WebPage":[]},"graphName":"","isEnabled":true},"graphs":[],"defaultGraph":"","defaultPostTypeGraph":""},"schema_type":null,"schema_type_options":null,"pillar_content":false,"robots_default":true,"robots_noindex":false,"robots_noarchive":false,"robots_nosnippet":false,"robots_nofollow":false,"robots_noimageindex":false,"robots_noodp":false,"robots_notranslate":false,"robots_max_snippet":null,"robots_max_videopreview":null,"robots_max_imagepreview":"large","priority":null,"frequency":null,"location":null,"local_seo":null,"seo_analyzer_scan_date":"2025-09-25 03:49:42","breadcrumb_settings":null,"limit_modified_date":false,"open_ai":null,"ai":null,"created":"2021-03-08 22:23:46","updated":"2025-09-25 03:49:42"},"aioseo_breadcrumb":"<div class=\"aioseo-breadcrumbs\"><span class=\"aioseo-breadcrumb\">\n\t<a href=\"https:\/\/eldigitaldeasturias.com\/magazine365\" title=\"Home\">Home<\/a>\n<\/span><span class=\"aioseo-breadcrumb-separator\">\u2013<\/span><span class=\"aioseo-breadcrumb\">\n\t<a href=\"https:\/\/eldigitaldeasturias.com\/magazine365\/category\/noticias-actualidad\/\" title=\"Noticias y Actualidad\">Noticias y Actualidad<\/a>\n<\/span><span class=\"aioseo-breadcrumb-separator\">\u2013<\/span><span class=\"aioseo-breadcrumb\">\n\t<a href=\"https:\/\/eldigitaldeasturias.com\/magazine365\/francia-instala-arcos-de-seguridad-en-las-estaciones-de-tren-de-alta-velocidad\/\" title=\"Francia instala arcos de seguridad en las estaciones de tren de alta velocidad\">Francia instala arcos de seguridad en las estaciones de tren de alta velocidad<\/a>\n<\/span><\/div>","aioseo_breadcrumb_json":[{"label":"Home","link":"https:\/\/eldigitaldeasturias.com\/magazine365"},{"label":"Noticias y Actualidad","link":"https:\/\/eldigitaldeasturias.com\/magazine365\/category\/noticias-actualidad\/"},{"label":"Francia instala arcos de seguridad en las estaciones de tren de alta velocidad","link":"https:\/\/eldigitaldeasturias.com\/magazine365\/francia-instala-arcos-de-seguridad-en-las-estaciones-de-tren-de-alta-velocidad\/"}],"_links":{"self":[{"href":"https:\/\/eldigitaldeasturias.com\/magazine365\/wp-json\/wp\/v2\/posts\/58876","targetHints":{"allow":["GET"]}}],"collection":[{"href":"https:\/\/eldigitaldeasturias.com\/magazine365\/wp-json\/wp\/v2\/posts"}],"about":[{"href":"https:\/\/eldigitaldeasturias.com\/magazine365\/wp-json\/wp\/v2\/types\/post"}],"author":[{"embeddable":true,"href":"https:\/\/eldigitaldeasturias.com\/magazine365\/wp-json\/wp\/v2\/users\/1"}],"replies":[{"embeddable":true,"href":"https:\/\/eldigitaldeasturias.com\/magazine365\/wp-json\/wp\/v2\/comments?post=58876"}],"version-history":[{"count":0,"href":"https:\/\/eldigitaldeasturias.com\/magazine365\/wp-json\/wp\/v2\/posts\/58876\/revisions"}],"wp:featuredmedia":[{"embeddable":true,"href":"https:\/\/eldigitaldeasturias.com\/magazine365\/wp-json\/wp\/v2\/media\/37959"}],"wp:attachment":[{"href":"https:\/\/eldigitaldeasturias.com\/magazine365\/wp-json\/wp\/v2\/media?parent=58876"}],"wp:term":[{"taxonomy":"category","embeddable":true,"href":"https:\/\/eldigitaldeasturias.com\/magazine365\/wp-json\/wp\/v2\/categories?post=58876"},{"taxonomy":"post_tag","embeddable":true,"href":"https:\/\/eldigitaldeasturias.com\/magazine365\/wp-json\/wp\/v2\/tags?post=58876"}],"curies":[{"name":"wp","href":"https:\/\/api.w.org\/{rel}","templated":true}]}}