{"id":58843,"date":"2015-12-18T12:24:59","date_gmt":"2015-12-18T11:24:59","guid":{"rendered":"http:\/\/eldigitaldeasturias.com\/magazine365\/?p=58843"},"modified":"2015-12-18T12:24:59","modified_gmt":"2015-12-18T11:24:59","slug":"aprobado-el-plan-para-revitalizar-el-monte-do-gozo","status":"publish","type":"post","link":"https:\/\/eldigitaldeasturias.com\/magazine365\/aprobado-el-plan-para-revitalizar-el-monte-do-gozo\/","title":{"rendered":"Aprobado el plan para \u00abrevitalizar\u00bb el Monte do Gozo"},"content":{"rendered":"<p><img fetchpriority=\"high\" decoding=\"async\" class=\"alignleft size-medium wp-image-58844\" src=\"https:\/\/eldigitaldeasturias.com\/magazine365\/wp-content\/uploads\/2015\/12\/fotonoticia_20151217165811_800-360x240.jpg\" alt=\"fotonoticia_20151217165811_800\" width=\"360\" height=\"240\" srcset=\"https:\/\/eldigitaldeasturias.com\/magazine365\/wp-content\/uploads\/2015\/12\/fotonoticia_20151217165811_800-360x240.jpg 360w, https:\/\/eldigitaldeasturias.com\/magazine365\/wp-content\/uploads\/2015\/12\/fotonoticia_20151217165811_800-650x433.jpg 650w, https:\/\/eldigitaldeasturias.com\/magazine365\/wp-content\/uploads\/2015\/12\/fotonoticia_20151217165811_800-768x512.jpg 768w, https:\/\/eldigitaldeasturias.com\/magazine365\/wp-content\/uploads\/2015\/12\/fotonoticia_20151217165811_800-150x100.jpg 150w, https:\/\/eldigitaldeasturias.com\/magazine365\/wp-content\/uploads\/2015\/12\/fotonoticia_20151217165811_800-450x300.jpg 450w, https:\/\/eldigitaldeasturias.com\/magazine365\/wp-content\/uploads\/2015\/12\/fotonoticia_20151217165811_800-696x464.jpg 696w, https:\/\/eldigitaldeasturias.com\/magazine365\/wp-content\/uploads\/2015\/12\/fotonoticia_20151217165811_800-630x420.jpg 630w, https:\/\/eldigitaldeasturias.com\/magazine365\/wp-content\/uploads\/2015\/12\/fotonoticia_20151217165811_800-84x55.jpg 84w, https:\/\/eldigitaldeasturias.com\/magazine365\/wp-content\/uploads\/2015\/12\/fotonoticia_20151217165811_800.jpg 800w\" sizes=\"(max-width: 360px) 100vw, 360px\" \/>El Gobierno gallego ha aprobado en su reuni\u00f3n semanal el plan director del Monte do Gozo, que aspira a convertir este parque, de 57 hect\u00e1reas y \u00abel mirador\u00bb de Santiago de Compostela, en palabras del presidente gallego, Alberto N\u00fa\u00f1ez Feij\u00f3o, en \u00abreferencia tur\u00edstica\u00bb del Camino.<\/p>\n<p>En la rueda de prensa posterior al Consello de la Xunta, Feij\u00f3o, quien ya hab\u00eda avanzado la aprobaci\u00f3n de este plan tras la reuni\u00f3n del Consejo Jacobeo el fin de semana, ha se\u00f1alado la previsi\u00f3n de que el Monte do Gozo empiece a estar \u00abrevitalizado\u00bb en verano, de forma que a mediados del A\u00f1o Jubilar de la Misericordia est\u00e9n finalizadas las tres primeras fases del plan.<\/p>\n<p>La inversi\u00f3n inicial ser\u00e1 de 1,2 millones de euros y el plan pretende reformular los grandes equipamientos del Monte do Gozo con dos fines principales: poner en valor y revitalizar arquitecturas que est\u00e1n en desuso, y dar a conocer a los peregrinos y a la ciudadan\u00eda en general espacios que ahora est\u00e1n cerrados.<\/p>\n<p>Feij\u00f3o ha explicado que el proyecto incluye varias fases de intervenci\u00f3n en \u00e1reas del entorno de la llegada al monte y a la capilla de SAn Marcos, el anfiteatro y el Parque Ingl\u00e9s. Tambi\u00e9n en los sistemas de caminos y \u00e1reas de sombra, en el conjunto edificado para el alejamiento, en la R\u00faas das Estrelas o en la zona deportiva.<\/p>\n<p>Las tres primeras fases, dijo, se centrar\u00e1n en la relaci\u00f3n del Monte do Gozo con el Camino y buscar\u00e1n recuperar la condici\u00f3n original del parque.<\/p>\n<p>FASES DE ACTUACI\u00d3N<\/p>\n<p>En concreto, ha precisado, la fase I supondr\u00e1 un desembolso de 600.000 euros y contempla actuaciones de limpieza, plantaci\u00f3n de especies vegetales, se\u00f1alizaci\u00f3n y mobiliario urbano.<\/p>\n<p>La fase II recoge diversos trabajos sobre el Camino de Santiago para mejorar la ruta y dotarla de nuevos accesos, con una inversi\u00f3n de 275.000 euros.<\/p>\n<p>La tercera contar\u00e1 con una aportaci\u00f3n de 333.000 euros para rehabilitar la zona del auditorio y de las piscinas.<\/p>\n<p>En el marco de estas primeras fases, Feij\u00f3o ha explicado que el plan prev\u00e9 remodelar el \u00e1rea de llegada, frente a la Capilla de San Marcos, para convertirla en un lugar de estancia y referencia.<\/p>\n<p>Y, adem\u00e1s, definir zonas de encuentro y descanso para los peregrinos y el resto usuarios instalando peque\u00f1os muros de piedra, zonas de descanso, merenderos, tanques de agua y \u00e1rboles frutales.<\/p>\n<p>CONCESI\u00d3N<\/p>\n<p>Al tiempo que se trabaja en estas actuaciones, est\u00e1 prevista la concesi\u00f3n de la zona de alojamiento, con una reducci\u00f3n del n\u00famero de plazas y la puesta en valor del parque central que contar\u00e1 con cafeter\u00eda y restauraci\u00f3n para peregrinos y visitantes.<\/p>\n<p>Un \u00e1mbito que est\u00e1 previsto enriquecer con el traslado de la colecci\u00f3n de esculturas al aire libre del Xacobeo.<\/p>\n<p>Tambi\u00e9n se garantizar\u00e1 la continuidad del albergue de peregrinos en ese lugar tan \u00edntimamente unido al mundo de la peregrinaci\u00f3n jacobea y se habilitar\u00e1n espacios destinados a colectivos sociales que podr\u00e1n encontrar en este lugar un \u00e1mbito de actividad.<\/p>\n<p>REHABILITACI\u00d3N<\/p>\n<p>Feij\u00f3o ha informado tambi\u00e9n de la puesta en marcha del programa del \u00e1rea de rehabilitaci\u00f3n integral de los Caminos de Santiago, dotado de 3,2 millones de euros, que beneficiar\u00e1 a casi 500 parroquias de m\u00e1s de 100 ayuntamientos por las que discurren las siete rutas jacobeas.<\/p>\n<p>Ha subrayado este plan beneficiar\u00e1 especialmente a las zonas rurales, que tendr\u00e1n las mayores facilidades para acceder al programa, ya que en ellas las ayudas se extienden a todas las viviendas de la parroquia por la que pasa la ruta, mientras que en las zonas urbanas solo se beneficiar\u00e1n aquellas viviendas emplazadas en la traza del Camino.<\/p>\n<p>El Instituto Galego de Vivenda e Solo (IGVS) ser\u00e1 el encargado de gestionar las ayudas y prev\u00e9 realizar una amplia campa\u00f1a de difusi\u00f3n del programa, que contar\u00e1 con charlas informativas dirigidas a los potenciales beneficiarios.<\/p>\n<p>Tambi\u00e9n jornadas t\u00e9cnicas para el personal de los ayuntamientos; exposiciones divulgativas sobre la ARI; una campa\u00f1a de difusi\u00f3n en los medios de comunicaci\u00f3n; y actuaciones de asesoramiento t\u00e9cnico y de coordinaci\u00f3n de las administraciones implicadas.<\/p>\n","protected":false},"excerpt":{"rendered":"<p>El Gobierno gallego ha aprobado en su reuni\u00f3n semanal el plan director del Monte do Gozo, que aspira a convertir este parque, de 57 hect\u00e1reas y \u00abel mirador\u00bb de Santiago de Compostela, en palabras del presidente gallego, Alberto N\u00fa\u00f1ez Feij\u00f3o, en \u00abreferencia tur\u00edstica\u00bb del Camino. En la rueda de prensa posterior al Consello de la<\/p>\n","protected":false},"author":1,"featured_media":58844,"comment_status":"open","ping_status":"closed","sticky":false,"template":"","format":"standard","meta":{"footnotes":""},"categories":[224],"tags":[],"class_list":{"0":"post-58843","1":"post","2":"type-post","3":"status-publish","4":"format-standard","5":"has-post-thumbnail","7":"category-noticias-actualidad"},"aioseo_notices":[],"aioseo_head":"\n\t\t<!-- All in One SEO Pro 4.9.6.1 - aioseo.com -->\n\t<meta name=\"description\" content=\"El Gobierno gallego ha aprobado en su reuni\u00f3n semanal el plan director del Monte do Gozo, que aspira a convertir este parque, de 57 hect\u00e1reas y &quot;el mirador&quot; de Santiago de Compostela, en palabras del presidente gallego, Alberto N\u00fa\u00f1ez Feij\u00f3o, en &quot;referencia tur\u00edstica&quot; del Camino. En la rueda de prensa posterior al Consello de la\" \/>\n\t<meta name=\"robots\" content=\"max-image-preview:large\" \/>\n\t<meta name=\"author\" content=\"admin\"\/>\n\t<meta name=\"google-site-verification\" content=\"UA-38556648-1\" \/>\n\t<meta name=\"keywords\" content=\"noticias y actualidad\" \/>\n\t<link rel=\"canonical\" href=\"https:\/\/eldigitaldeasturias.com\/magazine365\/aprobado-el-plan-para-revitalizar-el-monte-do-gozo\/\" \/>\n\t<meta name=\"generator\" content=\"All in One SEO Pro (AIOSEO) 4.9.6.1\" \/>\n\t\t<meta property=\"og:locale\" content=\"es_ES\" \/>\n\t\t<meta property=\"og:site_name\" content=\"El Digital de Asturias \u2013 Revista de ocio, turismo y estilo de vida\" \/>\n\t\t<meta property=\"og:type\" content=\"article\" \/>\n\t\t<meta property=\"og:title\" content=\"Aprobado el plan para \u00abrevitalizar\u00bb el Monte do Gozo | El Digital de Asturias\" \/>\n\t\t<meta property=\"og:description\" content=\"El Gobierno gallego ha aprobado en su reuni\u00f3n semanal el plan director del Monte do Gozo, que aspira a convertir este parque, de 57 hect\u00e1reas y &quot;el mirador&quot; de Santiago de Compostela, en palabras del presidente gallego, Alberto N\u00fa\u00f1ez Feij\u00f3o, en &quot;referencia tur\u00edstica&quot; del Camino. En la rueda de prensa posterior al Consello de la\" \/>\n\t\t<meta property=\"og:url\" content=\"https:\/\/eldigitaldeasturias.com\/magazine365\/aprobado-el-plan-para-revitalizar-el-monte-do-gozo\/\" \/>\n\t\t<meta property=\"og:image\" content=\"https:\/\/eldigitaldeasturias.com\/magazine365\/wp-content\/uploads\/2015\/12\/fotonoticia_20151217165811_800.jpg\" \/>\n\t\t<meta property=\"og:image:secure_url\" content=\"https:\/\/eldigitaldeasturias.com\/magazine365\/wp-content\/uploads\/2015\/12\/fotonoticia_20151217165811_800.jpg\" \/>\n\t\t<meta property=\"og:image:width\" content=\"800\" \/>\n\t\t<meta property=\"og:image:height\" content=\"533\" \/>\n\t\t<meta property=\"article:published_time\" content=\"2015-12-18T11:24:59+00:00\" \/>\n\t\t<meta property=\"article:modified_time\" content=\"2015-12-18T11:24:59+00:00\" \/>\n\t\t<meta name=\"twitter:card\" content=\"summary_large_image\" \/>\n\t\t<meta name=\"twitter:title\" content=\"Aprobado el plan para \u00abrevitalizar\u00bb el Monte do Gozo | El Digital de Asturias\" \/>\n\t\t<meta name=\"twitter:description\" content=\"El Gobierno gallego ha aprobado en su reuni\u00f3n semanal el plan director del Monte do Gozo, que aspira a convertir este parque, de 57 hect\u00e1reas y &quot;el mirador&quot; de Santiago de Compostela, en palabras del presidente gallego, Alberto N\u00fa\u00f1ez Feij\u00f3o, en &quot;referencia tur\u00edstica&quot; del Camino. En la rueda de prensa posterior al Consello de la\" \/>\n\t\t<meta name=\"twitter:image\" content=\"https:\/\/eldigitaldeasturias.com\/magazine365\/wp-content\/uploads\/2015\/12\/fotonoticia_20151217165811_800.jpg\" \/>\n\t\t<script type=\"application\/ld+json\" class=\"aioseo-schema\">\n\t\t\t{\"@context\":\"https:\\\/\\\/schema.org\",\"@graph\":[{\"@type\":\"Article\",\"@id\":\"https:\\\/\\\/eldigitaldeasturias.com\\\/magazine365\\\/aprobado-el-plan-para-revitalizar-el-monte-do-gozo\\\/#article\",\"name\":\"Aprobado el plan para \\u00abrevitalizar\\u00bb el Monte do Gozo | El Digital de Asturias\",\"headline\":\"Aprobado el plan para \\u00abrevitalizar\\u00bb el Monte do Gozo\",\"author\":{\"@id\":\"https:\\\/\\\/eldigitaldeasturias.com\\\/magazine365\\\/author\\\/admin\\\/#author\"},\"publisher\":{\"@id\":\"https:\\\/\\\/eldigitaldeasturias.com\\\/magazine365\\\/#organization\"},\"image\":{\"@type\":\"ImageObject\",\"url\":\"https:\\\/\\\/eldigitaldeasturias.com\\\/magazine365\\\/wp-content\\\/uploads\\\/2015\\\/12\\\/fotonoticia_20151217165811_800.jpg\",\"width\":800,\"height\":533},\"datePublished\":\"2015-12-18T12:24:59+01:00\",\"dateModified\":\"2015-12-18T12:24:59+01:00\",\"inLanguage\":\"es-ES\",\"mainEntityOfPage\":{\"@id\":\"https:\\\/\\\/eldigitaldeasturias.com\\\/magazine365\\\/aprobado-el-plan-para-revitalizar-el-monte-do-gozo\\\/#webpage\"},\"isPartOf\":{\"@id\":\"https:\\\/\\\/eldigitaldeasturias.com\\\/magazine365\\\/aprobado-el-plan-para-revitalizar-el-monte-do-gozo\\\/#webpage\"},\"articleSection\":\"Noticias y Actualidad\"},{\"@type\":\"BreadcrumbList\",\"@id\":\"https:\\\/\\\/eldigitaldeasturias.com\\\/magazine365\\\/aprobado-el-plan-para-revitalizar-el-monte-do-gozo\\\/#breadcrumblist\",\"itemListElement\":[{\"@type\":\"ListItem\",\"@id\":\"https:\\\/\\\/eldigitaldeasturias.com\\\/magazine365#listItem\",\"position\":1,\"name\":\"Home\",\"item\":\"https:\\\/\\\/eldigitaldeasturias.com\\\/magazine365\",\"nextItem\":{\"@type\":\"ListItem\",\"@id\":\"https:\\\/\\\/eldigitaldeasturias.com\\\/magazine365\\\/category\\\/noticias-actualidad\\\/#listItem\",\"name\":\"Noticias y Actualidad\"}},{\"@type\":\"ListItem\",\"@id\":\"https:\\\/\\\/eldigitaldeasturias.com\\\/magazine365\\\/category\\\/noticias-actualidad\\\/#listItem\",\"position\":2,\"name\":\"Noticias y Actualidad\",\"item\":\"https:\\\/\\\/eldigitaldeasturias.com\\\/magazine365\\\/category\\\/noticias-actualidad\\\/\",\"nextItem\":{\"@type\":\"ListItem\",\"@id\":\"https:\\\/\\\/eldigitaldeasturias.com\\\/magazine365\\\/aprobado-el-plan-para-revitalizar-el-monte-do-gozo\\\/#listItem\",\"name\":\"Aprobado el plan para \\u00abrevitalizar\\u00bb el Monte do Gozo\"},\"previousItem\":{\"@type\":\"ListItem\",\"@id\":\"https:\\\/\\\/eldigitaldeasturias.com\\\/magazine365#listItem\",\"name\":\"Home\"}},{\"@type\":\"ListItem\",\"@id\":\"https:\\\/\\\/eldigitaldeasturias.com\\\/magazine365\\\/aprobado-el-plan-para-revitalizar-el-monte-do-gozo\\\/#listItem\",\"position\":3,\"name\":\"Aprobado el plan para \\u00abrevitalizar\\u00bb el Monte do Gozo\",\"previousItem\":{\"@type\":\"ListItem\",\"@id\":\"https:\\\/\\\/eldigitaldeasturias.com\\\/magazine365\\\/category\\\/noticias-actualidad\\\/#listItem\",\"name\":\"Noticias y Actualidad\"}}]},{\"@type\":\"Organization\",\"@id\":\"https:\\\/\\\/eldigitaldeasturias.com\\\/magazine365\\\/#organization\",\"name\":\"El digital de Asturias\",\"description\":\"Revista de ocio, turismo y estilo de vida\",\"url\":\"https:\\\/\\\/eldigitaldeasturias.com\\\/magazine365\\\/\",\"logo\":{\"@type\":\"ImageObject\",\"url\":\"https:\\\/\\\/www.eldigitaldeasturias.com\\\/noticias\\\/wp-content\\\/uploads\\\/2020\\\/12\\\/EDA.jpg\",\"@id\":\"https:\\\/\\\/eldigitaldeasturias.com\\\/magazine365\\\/aprobado-el-plan-para-revitalizar-el-monte-do-gozo\\\/#organizationLogo\"},\"image\":{\"@id\":\"https:\\\/\\\/eldigitaldeasturias.com\\\/magazine365\\\/aprobado-el-plan-para-revitalizar-el-monte-do-gozo\\\/#organizationLogo\"}},{\"@type\":\"Person\",\"@id\":\"https:\\\/\\\/eldigitaldeasturias.com\\\/magazine365\\\/author\\\/admin\\\/#author\",\"url\":\"https:\\\/\\\/eldigitaldeasturias.com\\\/magazine365\\\/author\\\/admin\\\/\",\"name\":\"admin\",\"image\":{\"@type\":\"ImageObject\",\"@id\":\"https:\\\/\\\/eldigitaldeasturias.com\\\/magazine365\\\/aprobado-el-plan-para-revitalizar-el-monte-do-gozo\\\/#authorImage\",\"url\":\"https:\\\/\\\/eldigitaldeasturias.com\\\/magazine365\\\/wp-content\\\/litespeed\\\/avatar\\\/e571bcf59a0edd6fa6838245a470f2fe.jpg?ver=1777574230\",\"width\":96,\"height\":96,\"caption\":\"admin\"}},{\"@type\":\"WebPage\",\"@id\":\"https:\\\/\\\/eldigitaldeasturias.com\\\/magazine365\\\/aprobado-el-plan-para-revitalizar-el-monte-do-gozo\\\/#webpage\",\"url\":\"https:\\\/\\\/eldigitaldeasturias.com\\\/magazine365\\\/aprobado-el-plan-para-revitalizar-el-monte-do-gozo\\\/\",\"name\":\"Aprobado el plan para \\u00abrevitalizar\\u00bb el Monte do Gozo | El Digital de Asturias\",\"description\":\"El Gobierno gallego ha aprobado en su reuni\\u00f3n semanal el plan director del Monte do Gozo, que aspira a convertir este parque, de 57 hect\\u00e1reas y \\\"el mirador\\\" de Santiago de Compostela, en palabras del presidente gallego, Alberto N\\u00fa\\u00f1ez Feij\\u00f3o, en \\\"referencia tur\\u00edstica\\\" del Camino. En la rueda de prensa posterior al Consello de la\",\"inLanguage\":\"es-ES\",\"isPartOf\":{\"@id\":\"https:\\\/\\\/eldigitaldeasturias.com\\\/magazine365\\\/#website\"},\"breadcrumb\":{\"@id\":\"https:\\\/\\\/eldigitaldeasturias.com\\\/magazine365\\\/aprobado-el-plan-para-revitalizar-el-monte-do-gozo\\\/#breadcrumblist\"},\"author\":{\"@id\":\"https:\\\/\\\/eldigitaldeasturias.com\\\/magazine365\\\/author\\\/admin\\\/#author\"},\"creator\":{\"@id\":\"https:\\\/\\\/eldigitaldeasturias.com\\\/magazine365\\\/author\\\/admin\\\/#author\"},\"image\":{\"@type\":\"ImageObject\",\"url\":\"https:\\\/\\\/eldigitaldeasturias.com\\\/magazine365\\\/wp-content\\\/uploads\\\/2015\\\/12\\\/fotonoticia_20151217165811_800.jpg\",\"@id\":\"https:\\\/\\\/eldigitaldeasturias.com\\\/magazine365\\\/aprobado-el-plan-para-revitalizar-el-monte-do-gozo\\\/#mainImage\",\"width\":800,\"height\":533},\"primaryImageOfPage\":{\"@id\":\"https:\\\/\\\/eldigitaldeasturias.com\\\/magazine365\\\/aprobado-el-plan-para-revitalizar-el-monte-do-gozo\\\/#mainImage\"},\"datePublished\":\"2015-12-18T12:24:59+01:00\",\"dateModified\":\"2015-12-18T12:24:59+01:00\"},{\"@type\":\"WebSite\",\"@id\":\"https:\\\/\\\/eldigitaldeasturias.com\\\/magazine365\\\/#website\",\"url\":\"https:\\\/\\\/eldigitaldeasturias.com\\\/magazine365\\\/\",\"name\":\"El Digital de Asturias\",\"description\":\"Revista de ocio, turismo y estilo de vida\",\"inLanguage\":\"es-ES\",\"publisher\":{\"@id\":\"https:\\\/\\\/eldigitaldeasturias.com\\\/magazine365\\\/#organization\"}}]}\n\t\t<\/script>\n\t\t<!-- All in One SEO Pro -->\r\n\t\t<title>Aprobado el plan para \u00abrevitalizar\u00bb el Monte do Gozo | El Digital de Asturias<\/title>\n\n","aioseo_head_json":{"title":"Aprobado el plan para \u00abrevitalizar\u00bb el Monte do Gozo | El Digital de Asturias","description":"El Gobierno gallego ha aprobado en su reuni\u00f3n semanal el plan director del Monte do Gozo, que aspira a convertir este parque, de 57 hect\u00e1reas y \"el mirador\" de Santiago de Compostela, en palabras del presidente gallego, Alberto N\u00fa\u00f1ez Feij\u00f3o, en \"referencia tur\u00edstica\" del Camino. En la rueda de prensa posterior al Consello de la","canonical_url":"https:\/\/eldigitaldeasturias.com\/magazine365\/aprobado-el-plan-para-revitalizar-el-monte-do-gozo\/","robots":"max-image-preview:large","keywords":"noticias y actualidad","webmasterTools":{"google-site-verification":"UA-38556648-1","miscellaneous":""},"schema":{"@context":"https:\/\/schema.org","@graph":[{"@type":"Article","@id":"https:\/\/eldigitaldeasturias.com\/magazine365\/aprobado-el-plan-para-revitalizar-el-monte-do-gozo\/#article","name":"Aprobado el plan para \u00abrevitalizar\u00bb el Monte do Gozo | El Digital de Asturias","headline":"Aprobado el plan para \u00abrevitalizar\u00bb el Monte do Gozo","author":{"@id":"https:\/\/eldigitaldeasturias.com\/magazine365\/author\/admin\/#author"},"publisher":{"@id":"https:\/\/eldigitaldeasturias.com\/magazine365\/#organization"},"image":{"@type":"ImageObject","url":"https:\/\/eldigitaldeasturias.com\/magazine365\/wp-content\/uploads\/2015\/12\/fotonoticia_20151217165811_800.jpg","width":800,"height":533},"datePublished":"2015-12-18T12:24:59+01:00","dateModified":"2015-12-18T12:24:59+01:00","inLanguage":"es-ES","mainEntityOfPage":{"@id":"https:\/\/eldigitaldeasturias.com\/magazine365\/aprobado-el-plan-para-revitalizar-el-monte-do-gozo\/#webpage"},"isPartOf":{"@id":"https:\/\/eldigitaldeasturias.com\/magazine365\/aprobado-el-plan-para-revitalizar-el-monte-do-gozo\/#webpage"},"articleSection":"Noticias y Actualidad"},{"@type":"BreadcrumbList","@id":"https:\/\/eldigitaldeasturias.com\/magazine365\/aprobado-el-plan-para-revitalizar-el-monte-do-gozo\/#breadcrumblist","itemListElement":[{"@type":"ListItem","@id":"https:\/\/eldigitaldeasturias.com\/magazine365#listItem","position":1,"name":"Home","item":"https:\/\/eldigitaldeasturias.com\/magazine365","nextItem":{"@type":"ListItem","@id":"https:\/\/eldigitaldeasturias.com\/magazine365\/category\/noticias-actualidad\/#listItem","name":"Noticias y Actualidad"}},{"@type":"ListItem","@id":"https:\/\/eldigitaldeasturias.com\/magazine365\/category\/noticias-actualidad\/#listItem","position":2,"name":"Noticias y Actualidad","item":"https:\/\/eldigitaldeasturias.com\/magazine365\/category\/noticias-actualidad\/","nextItem":{"@type":"ListItem","@id":"https:\/\/eldigitaldeasturias.com\/magazine365\/aprobado-el-plan-para-revitalizar-el-monte-do-gozo\/#listItem","name":"Aprobado el plan para \u00abrevitalizar\u00bb el Monte do Gozo"},"previousItem":{"@type":"ListItem","@id":"https:\/\/eldigitaldeasturias.com\/magazine365#listItem","name":"Home"}},{"@type":"ListItem","@id":"https:\/\/eldigitaldeasturias.com\/magazine365\/aprobado-el-plan-para-revitalizar-el-monte-do-gozo\/#listItem","position":3,"name":"Aprobado el plan para \u00abrevitalizar\u00bb el Monte do Gozo","previousItem":{"@type":"ListItem","@id":"https:\/\/eldigitaldeasturias.com\/magazine365\/category\/noticias-actualidad\/#listItem","name":"Noticias y Actualidad"}}]},{"@type":"Organization","@id":"https:\/\/eldigitaldeasturias.com\/magazine365\/#organization","name":"El digital de Asturias","description":"Revista de ocio, turismo y estilo de vida","url":"https:\/\/eldigitaldeasturias.com\/magazine365\/","logo":{"@type":"ImageObject","url":"https:\/\/www.eldigitaldeasturias.com\/noticias\/wp-content\/uploads\/2020\/12\/EDA.jpg","@id":"https:\/\/eldigitaldeasturias.com\/magazine365\/aprobado-el-plan-para-revitalizar-el-monte-do-gozo\/#organizationLogo"},"image":{"@id":"https:\/\/eldigitaldeasturias.com\/magazine365\/aprobado-el-plan-para-revitalizar-el-monte-do-gozo\/#organizationLogo"}},{"@type":"Person","@id":"https:\/\/eldigitaldeasturias.com\/magazine365\/author\/admin\/#author","url":"https:\/\/eldigitaldeasturias.com\/magazine365\/author\/admin\/","name":"admin","image":{"@type":"ImageObject","@id":"https:\/\/eldigitaldeasturias.com\/magazine365\/aprobado-el-plan-para-revitalizar-el-monte-do-gozo\/#authorImage","url":"https:\/\/eldigitaldeasturias.com\/magazine365\/wp-content\/litespeed\/avatar\/e571bcf59a0edd6fa6838245a470f2fe.jpg?ver=1777574230","width":96,"height":96,"caption":"admin"}},{"@type":"WebPage","@id":"https:\/\/eldigitaldeasturias.com\/magazine365\/aprobado-el-plan-para-revitalizar-el-monte-do-gozo\/#webpage","url":"https:\/\/eldigitaldeasturias.com\/magazine365\/aprobado-el-plan-para-revitalizar-el-monte-do-gozo\/","name":"Aprobado el plan para \u00abrevitalizar\u00bb el Monte do Gozo | El Digital de Asturias","description":"El Gobierno gallego ha aprobado en su reuni\u00f3n semanal el plan director del Monte do Gozo, que aspira a convertir este parque, de 57 hect\u00e1reas y \"el mirador\" de Santiago de Compostela, en palabras del presidente gallego, Alberto N\u00fa\u00f1ez Feij\u00f3o, en \"referencia tur\u00edstica\" del Camino. En la rueda de prensa posterior al Consello de la","inLanguage":"es-ES","isPartOf":{"@id":"https:\/\/eldigitaldeasturias.com\/magazine365\/#website"},"breadcrumb":{"@id":"https:\/\/eldigitaldeasturias.com\/magazine365\/aprobado-el-plan-para-revitalizar-el-monte-do-gozo\/#breadcrumblist"},"author":{"@id":"https:\/\/eldigitaldeasturias.com\/magazine365\/author\/admin\/#author"},"creator":{"@id":"https:\/\/eldigitaldeasturias.com\/magazine365\/author\/admin\/#author"},"image":{"@type":"ImageObject","url":"https:\/\/eldigitaldeasturias.com\/magazine365\/wp-content\/uploads\/2015\/12\/fotonoticia_20151217165811_800.jpg","@id":"https:\/\/eldigitaldeasturias.com\/magazine365\/aprobado-el-plan-para-revitalizar-el-monte-do-gozo\/#mainImage","width":800,"height":533},"primaryImageOfPage":{"@id":"https:\/\/eldigitaldeasturias.com\/magazine365\/aprobado-el-plan-para-revitalizar-el-monte-do-gozo\/#mainImage"},"datePublished":"2015-12-18T12:24:59+01:00","dateModified":"2015-12-18T12:24:59+01:00"},{"@type":"WebSite","@id":"https:\/\/eldigitaldeasturias.com\/magazine365\/#website","url":"https:\/\/eldigitaldeasturias.com\/magazine365\/","name":"El Digital de Asturias","description":"Revista de ocio, turismo y estilo de vida","inLanguage":"es-ES","publisher":{"@id":"https:\/\/eldigitaldeasturias.com\/magazine365\/#organization"}}]},"og:locale":"es_ES","og:site_name":"El Digital de Asturias \u2013 Revista de ocio, turismo y estilo de vida","og:type":"article","og:title":"Aprobado el plan para \u00abrevitalizar\u00bb el Monte do Gozo | El Digital de Asturias","og:description":"El Gobierno gallego ha aprobado en su reuni\u00f3n semanal el plan director del Monte do Gozo, que aspira a convertir este parque, de 57 hect\u00e1reas y &quot;el mirador&quot; de Santiago de Compostela, en palabras del presidente gallego, Alberto N\u00fa\u00f1ez Feij\u00f3o, en &quot;referencia tur\u00edstica&quot; del Camino. En la rueda de prensa posterior al Consello de la","og:url":"https:\/\/eldigitaldeasturias.com\/magazine365\/aprobado-el-plan-para-revitalizar-el-monte-do-gozo\/","og:image":"https:\/\/eldigitaldeasturias.com\/magazine365\/wp-content\/uploads\/2015\/12\/fotonoticia_20151217165811_800.jpg","og:image:secure_url":"https:\/\/eldigitaldeasturias.com\/magazine365\/wp-content\/uploads\/2015\/12\/fotonoticia_20151217165811_800.jpg","og:image:width":800,"og:image:height":533,"article:published_time":"2015-12-18T11:24:59+00:00","article:modified_time":"2015-12-18T11:24:59+00:00","twitter:card":"summary_large_image","twitter:title":"Aprobado el plan para \u00abrevitalizar\u00bb el Monte do Gozo | El Digital de Asturias","twitter:description":"El Gobierno gallego ha aprobado en su reuni\u00f3n semanal el plan director del Monte do Gozo, que aspira a convertir este parque, de 57 hect\u00e1reas y &quot;el mirador&quot; de Santiago de Compostela, en palabras del presidente gallego, Alberto N\u00fa\u00f1ez Feij\u00f3o, en &quot;referencia tur\u00edstica&quot; del Camino. En la rueda de prensa posterior al Consello de la","twitter:image":"https:\/\/eldigitaldeasturias.com\/magazine365\/wp-content\/uploads\/2015\/12\/fotonoticia_20151217165811_800.jpg"},"aioseo_meta_data":{"post_id":"58843","title":null,"description":null,"keywords":null,"keyphrases":null,"primary_term":null,"canonical_url":null,"og_title":null,"og_description":null,"og_object_type":"default","og_image_type":"default","og_image_url":null,"og_image_width":null,"og_image_height":null,"og_image_custom_url":null,"og_image_custom_fields":null,"og_video":null,"og_custom_url":null,"og_article_section":null,"og_article_tags":null,"twitter_use_og":false,"twitter_card":"default","twitter_image_type":"default","twitter_image_url":null,"twitter_image_custom_url":null,"twitter_image_custom_fields":null,"twitter_title":null,"twitter_description":null,"schema":{"blockGraphs":[],"customGraphs":[],"default":{"data":{"Article":[],"Course":[],"Dataset":[],"FAQPage":[],"Movie":[],"Person":[],"Product":[],"ProductReview":[],"Car":[],"Recipe":[],"Service":[],"SoftwareApplication":[],"WebPage":[]},"graphName":"","isEnabled":true},"graphs":[],"defaultGraph":"","defaultPostTypeGraph":""},"schema_type":null,"schema_type_options":null,"pillar_content":false,"robots_default":true,"robots_noindex":false,"robots_noarchive":false,"robots_nosnippet":false,"robots_nofollow":false,"robots_noimageindex":false,"robots_noodp":false,"robots_notranslate":false,"robots_max_snippet":null,"robots_max_videopreview":null,"robots_max_imagepreview":"large","priority":null,"frequency":null,"location":null,"local_seo":null,"seo_analyzer_scan_date":"2025-09-25 03:46:05","breadcrumb_settings":null,"limit_modified_date":false,"open_ai":null,"ai":null,"created":"2021-03-08 22:24:43","updated":"2025-09-25 03:46:05"},"aioseo_breadcrumb":"<div class=\"aioseo-breadcrumbs\"><span class=\"aioseo-breadcrumb\">\n\t<a href=\"https:\/\/eldigitaldeasturias.com\/magazine365\" title=\"Home\">Home<\/a>\n<\/span><span class=\"aioseo-breadcrumb-separator\">\u2013<\/span><span class=\"aioseo-breadcrumb\">\n\t<a href=\"https:\/\/eldigitaldeasturias.com\/magazine365\/category\/noticias-actualidad\/\" title=\"Noticias y Actualidad\">Noticias y Actualidad<\/a>\n<\/span><span class=\"aioseo-breadcrumb-separator\">\u2013<\/span><span class=\"aioseo-breadcrumb\">\n\t<a href=\"https:\/\/eldigitaldeasturias.com\/magazine365\/aprobado-el-plan-para-revitalizar-el-monte-do-gozo\/\" title=\"Aprobado el plan para \u00abrevitalizar\u00bb el Monte do Gozo\">Aprobado el plan para \u00abrevitalizar\u00bb el Monte do Gozo<\/a>\n<\/span><\/div>","aioseo_breadcrumb_json":[{"label":"Home","link":"https:\/\/eldigitaldeasturias.com\/magazine365"},{"label":"Noticias y Actualidad","link":"https:\/\/eldigitaldeasturias.com\/magazine365\/category\/noticias-actualidad\/"},{"label":"Aprobado el plan para \u00abrevitalizar\u00bb el Monte do Gozo","link":"https:\/\/eldigitaldeasturias.com\/magazine365\/aprobado-el-plan-para-revitalizar-el-monte-do-gozo\/"}],"_links":{"self":[{"href":"https:\/\/eldigitaldeasturias.com\/magazine365\/wp-json\/wp\/v2\/posts\/58843","targetHints":{"allow":["GET"]}}],"collection":[{"href":"https:\/\/eldigitaldeasturias.com\/magazine365\/wp-json\/wp\/v2\/posts"}],"about":[{"href":"https:\/\/eldigitaldeasturias.com\/magazine365\/wp-json\/wp\/v2\/types\/post"}],"author":[{"embeddable":true,"href":"https:\/\/eldigitaldeasturias.com\/magazine365\/wp-json\/wp\/v2\/users\/1"}],"replies":[{"embeddable":true,"href":"https:\/\/eldigitaldeasturias.com\/magazine365\/wp-json\/wp\/v2\/comments?post=58843"}],"version-history":[{"count":0,"href":"https:\/\/eldigitaldeasturias.com\/magazine365\/wp-json\/wp\/v2\/posts\/58843\/revisions"}],"wp:featuredmedia":[{"embeddable":true,"href":"https:\/\/eldigitaldeasturias.com\/magazine365\/wp-json\/wp\/v2\/media\/58844"}],"wp:attachment":[{"href":"https:\/\/eldigitaldeasturias.com\/magazine365\/wp-json\/wp\/v2\/media?parent=58843"}],"wp:term":[{"taxonomy":"category","embeddable":true,"href":"https:\/\/eldigitaldeasturias.com\/magazine365\/wp-json\/wp\/v2\/categories?post=58843"},{"taxonomy":"post_tag","embeddable":true,"href":"https:\/\/eldigitaldeasturias.com\/magazine365\/wp-json\/wp\/v2\/tags?post=58843"}],"curies":[{"name":"wp","href":"https:\/\/api.w.org\/{rel}","templated":true}]}}