{"id":58841,"date":"2015-12-18T12:23:53","date_gmt":"2015-12-18T11:23:53","guid":{"rendered":"http:\/\/eldigitaldeasturias.com\/magazine365\/?p=58841"},"modified":"2015-12-18T12:23:53","modified_gmt":"2015-12-18T11:23:53","slug":"iberia-transportista-oficial-del-equipo-olimpico-espanol-de-rio-2016-y-del-coe","status":"publish","type":"post","link":"https:\/\/eldigitaldeasturias.com\/magazine365\/iberia-transportista-oficial-del-equipo-olimpico-espanol-de-rio-2016-y-del-coe\/","title":{"rendered":"Iberia, transportista oficial del Equipo Ol\u00edmpico Espa\u00f1ol de R\u00edo 2016 y del COE"},"content":{"rendered":"<p><img fetchpriority=\"high\" decoding=\"async\" class=\"alignleft size-medium wp-image-44646\" src=\"https:\/\/eldigitaldeasturias.com\/magazine365\/wp-content\/uploads\/2015\/08\/aeropuerto-360x239.jpg\" alt=\"aeropuerto\" width=\"360\" height=\"239\" srcset=\"https:\/\/eldigitaldeasturias.com\/magazine365\/wp-content\/uploads\/2015\/08\/aeropuerto-360x239.jpg 360w, https:\/\/eldigitaldeasturias.com\/magazine365\/wp-content\/uploads\/2015\/08\/aeropuerto-650x432.jpg 650w, https:\/\/eldigitaldeasturias.com\/magazine365\/wp-content\/uploads\/2015\/08\/aeropuerto-768x511.jpg 768w, https:\/\/eldigitaldeasturias.com\/magazine365\/wp-content\/uploads\/2015\/08\/aeropuerto-150x100.jpg 150w, https:\/\/eldigitaldeasturias.com\/magazine365\/wp-content\/uploads\/2015\/08\/aeropuerto-450x299.jpg 450w, https:\/\/eldigitaldeasturias.com\/magazine365\/wp-content\/uploads\/2015\/08\/aeropuerto-696x463.jpg 696w, https:\/\/eldigitaldeasturias.com\/magazine365\/wp-content\/uploads\/2015\/08\/aeropuerto-632x420.jpg 632w, https:\/\/eldigitaldeasturias.com\/magazine365\/wp-content\/uploads\/2015\/08\/aeropuerto-84x55.jpg 84w, https:\/\/eldigitaldeasturias.com\/magazine365\/wp-content\/uploads\/2015\/08\/aeropuerto.jpg 800w\" sizes=\"(max-width: 360px) 100vw, 360px\" \/>El presidente de Iberia, Luis Gallego, y el del Comit\u00e9 Ol\u00edmpico Espa\u00f1ol (COE), Alejandro Blanco, han firmado este jueves un acuerdo que convierte a la aerol\u00ednea espa\u00f1ola en la transportista oficial y exclusiva del Equipo Ol\u00edmpico espa\u00f1ol para los Juegos de R\u00edo de 2016 y de los miembros del COE.<\/p>\n<p>La firma ha tenido lugar en la sede del COE y, con este acuerdo, Iberia se suma a la promoci\u00f3n de los Juegos Ol\u00edmpicos R\u00edo 2016, facilitando los viajes del COE y de los deportistas espa\u00f1oles y asociando su marca al que ser\u00e1 el evento m\u00e1s importante y multitudinario del a\u00f1o que viene.<\/p>\n<p>\u00abEste acuerdo muestra nuestro apoyo al deporte espa\u00f1ol y a todos los deportistas que nos representar\u00e1n en los pr\u00f3ximos Juegos Ol\u00edmpicos de R\u00edo. Ellos encarnan esos valores de esfuerzo, af\u00e1n de superaci\u00f3n y deportividad que tanto admiramos e intentamos promover en Iberia, dijo Luis Gallego.<\/p>\n<p>Por su parte, Alejandro Blanco, expres\u00f3 \u00absu satisfacci\u00f3n\u00bb por haber llegado a un acuerdo de estas caracter\u00edsticas con la compa\u00f1\u00eda a\u00e9rea espa\u00f1ola, y se mostr\u00f3 convencido de que la delegaci\u00f3n espa\u00f1ola que representar\u00e1 a Espa\u00f1a en R\u00edo \u00abdisfrutar\u00e1 de la profesionalidad de una instituci\u00f3n l\u00edder en su sector\u00bb.<\/p>\n<p>Como parte del acuerdo firmado con el Comit\u00e9 Ol\u00edmpico Espa\u00f1ol, Iberia realizar\u00e1 vuelos especiales en la ruta Madrid-R\u00edo-Madrid para el traslado de los deportistas que compitan en los pr\u00f3ximos Juegos y de algunos miembros del COE.<\/p>\n<p>Adicionalmente, la aerol\u00ednea ofrecer\u00e1 precios promocionales al COE para facilitar los desplazamientos entre Madrid y R\u00edo ligados a este evento.<\/p>\n","protected":false},"excerpt":{"rendered":"<p>El presidente de Iberia, Luis Gallego, y el del Comit\u00e9 Ol\u00edmpico Espa\u00f1ol (COE), Alejandro Blanco, han firmado este jueves un acuerdo que convierte a la aerol\u00ednea espa\u00f1ola en la transportista oficial y exclusiva del Equipo Ol\u00edmpico espa\u00f1ol para los Juegos de R\u00edo de 2016 y de los miembros del COE. La firma ha tenido lugar<\/p>\n","protected":false},"author":1,"featured_media":44646,"comment_status":"open","ping_status":"closed","sticky":false,"template":"","format":"standard","meta":{"footnotes":""},"categories":[224],"tags":[],"class_list":{"0":"post-58841","1":"post","2":"type-post","3":"status-publish","4":"format-standard","5":"has-post-thumbnail","7":"category-noticias-actualidad"},"aioseo_notices":[],"aioseo_head":"\n\t\t<!-- All in One SEO Pro 4.9.6.1 - aioseo.com -->\n\t<meta name=\"description\" content=\"El presidente de Iberia, Luis Gallego, y el del Comit\u00e9 Ol\u00edmpico Espa\u00f1ol (COE), Alejandro Blanco, han firmado este jueves un acuerdo que convierte a la aerol\u00ednea espa\u00f1ola en la transportista oficial y exclusiva del Equipo Ol\u00edmpico espa\u00f1ol para los Juegos de R\u00edo de 2016 y de los miembros del COE. La firma ha tenido lugar\" \/>\n\t<meta name=\"robots\" content=\"max-image-preview:large\" \/>\n\t<meta name=\"author\" content=\"admin\"\/>\n\t<meta name=\"google-site-verification\" content=\"UA-38556648-1\" \/>\n\t<meta name=\"keywords\" content=\"noticias y actualidad\" \/>\n\t<link rel=\"canonical\" href=\"https:\/\/eldigitaldeasturias.com\/magazine365\/iberia-transportista-oficial-del-equipo-olimpico-espanol-de-rio-2016-y-del-coe\/\" \/>\n\t<meta name=\"generator\" content=\"All in One SEO Pro (AIOSEO) 4.9.6.1\" \/>\n\t\t<meta property=\"og:locale\" content=\"es_ES\" \/>\n\t\t<meta property=\"og:site_name\" content=\"El Digital de Asturias \u2013 Revista de ocio, turismo y estilo de vida\" \/>\n\t\t<meta property=\"og:type\" content=\"article\" \/>\n\t\t<meta property=\"og:title\" content=\"Iberia, transportista oficial del Equipo Ol\u00edmpico Espa\u00f1ol de R\u00edo 2016 y del COE | El Digital de Asturias\" \/>\n\t\t<meta property=\"og:description\" content=\"El presidente de Iberia, Luis Gallego, y el del Comit\u00e9 Ol\u00edmpico Espa\u00f1ol (COE), Alejandro Blanco, han firmado este jueves un acuerdo que convierte a la aerol\u00ednea espa\u00f1ola en la transportista oficial y exclusiva del Equipo Ol\u00edmpico espa\u00f1ol para los Juegos de R\u00edo de 2016 y de los miembros del COE. La firma ha tenido lugar\" \/>\n\t\t<meta property=\"og:url\" content=\"https:\/\/eldigitaldeasturias.com\/magazine365\/iberia-transportista-oficial-del-equipo-olimpico-espanol-de-rio-2016-y-del-coe\/\" \/>\n\t\t<meta property=\"og:image\" content=\"https:\/\/eldigitaldeasturias.com\/magazine365\/wp-content\/uploads\/2015\/08\/aeropuerto.jpg\" \/>\n\t\t<meta property=\"og:image:secure_url\" content=\"https:\/\/eldigitaldeasturias.com\/magazine365\/wp-content\/uploads\/2015\/08\/aeropuerto.jpg\" \/>\n\t\t<meta property=\"og:image:width\" content=\"800\" \/>\n\t\t<meta property=\"og:image:height\" content=\"532\" \/>\n\t\t<meta property=\"article:published_time\" content=\"2015-12-18T11:23:53+00:00\" \/>\n\t\t<meta property=\"article:modified_time\" content=\"2015-12-18T11:23:53+00:00\" \/>\n\t\t<meta name=\"twitter:card\" content=\"summary_large_image\" \/>\n\t\t<meta name=\"twitter:title\" content=\"Iberia, transportista oficial del Equipo Ol\u00edmpico Espa\u00f1ol de R\u00edo 2016 y del COE | El Digital de Asturias\" \/>\n\t\t<meta name=\"twitter:description\" content=\"El presidente de Iberia, Luis Gallego, y el del Comit\u00e9 Ol\u00edmpico Espa\u00f1ol (COE), Alejandro Blanco, han firmado este jueves un acuerdo que convierte a la aerol\u00ednea espa\u00f1ola en la transportista oficial y exclusiva del Equipo Ol\u00edmpico espa\u00f1ol para los Juegos de R\u00edo de 2016 y de los miembros del COE. La firma ha tenido lugar\" \/>\n\t\t<meta name=\"twitter:image\" content=\"https:\/\/eldigitaldeasturias.com\/magazine365\/wp-content\/uploads\/2015\/08\/aeropuerto.jpg\" \/>\n\t\t<script type=\"application\/ld+json\" class=\"aioseo-schema\">\n\t\t\t{\"@context\":\"https:\\\/\\\/schema.org\",\"@graph\":[{\"@type\":\"Article\",\"@id\":\"https:\\\/\\\/eldigitaldeasturias.com\\\/magazine365\\\/iberia-transportista-oficial-del-equipo-olimpico-espanol-de-rio-2016-y-del-coe\\\/#article\",\"name\":\"Iberia, transportista oficial del Equipo Ol\\u00edmpico Espa\\u00f1ol de R\\u00edo 2016 y del COE | El Digital de Asturias\",\"headline\":\"Iberia, transportista oficial del Equipo Ol\\u00edmpico Espa\\u00f1ol de R\\u00edo 2016 y del COE\",\"author\":{\"@id\":\"https:\\\/\\\/eldigitaldeasturias.com\\\/magazine365\\\/author\\\/admin\\\/#author\"},\"publisher\":{\"@id\":\"https:\\\/\\\/eldigitaldeasturias.com\\\/magazine365\\\/#organization\"},\"image\":{\"@type\":\"ImageObject\",\"url\":\"https:\\\/\\\/eldigitaldeasturias.com\\\/magazine365\\\/wp-content\\\/uploads\\\/2015\\\/08\\\/aeropuerto.jpg\",\"width\":800,\"height\":532},\"datePublished\":\"2015-12-18T12:23:53+01:00\",\"dateModified\":\"2015-12-18T12:23:53+01:00\",\"inLanguage\":\"es-ES\",\"mainEntityOfPage\":{\"@id\":\"https:\\\/\\\/eldigitaldeasturias.com\\\/magazine365\\\/iberia-transportista-oficial-del-equipo-olimpico-espanol-de-rio-2016-y-del-coe\\\/#webpage\"},\"isPartOf\":{\"@id\":\"https:\\\/\\\/eldigitaldeasturias.com\\\/magazine365\\\/iberia-transportista-oficial-del-equipo-olimpico-espanol-de-rio-2016-y-del-coe\\\/#webpage\"},\"articleSection\":\"Noticias y Actualidad\"},{\"@type\":\"BreadcrumbList\",\"@id\":\"https:\\\/\\\/eldigitaldeasturias.com\\\/magazine365\\\/iberia-transportista-oficial-del-equipo-olimpico-espanol-de-rio-2016-y-del-coe\\\/#breadcrumblist\",\"itemListElement\":[{\"@type\":\"ListItem\",\"@id\":\"https:\\\/\\\/eldigitaldeasturias.com\\\/magazine365#listItem\",\"position\":1,\"name\":\"Home\",\"item\":\"https:\\\/\\\/eldigitaldeasturias.com\\\/magazine365\",\"nextItem\":{\"@type\":\"ListItem\",\"@id\":\"https:\\\/\\\/eldigitaldeasturias.com\\\/magazine365\\\/category\\\/noticias-actualidad\\\/#listItem\",\"name\":\"Noticias y Actualidad\"}},{\"@type\":\"ListItem\",\"@id\":\"https:\\\/\\\/eldigitaldeasturias.com\\\/magazine365\\\/category\\\/noticias-actualidad\\\/#listItem\",\"position\":2,\"name\":\"Noticias y Actualidad\",\"item\":\"https:\\\/\\\/eldigitaldeasturias.com\\\/magazine365\\\/category\\\/noticias-actualidad\\\/\",\"nextItem\":{\"@type\":\"ListItem\",\"@id\":\"https:\\\/\\\/eldigitaldeasturias.com\\\/magazine365\\\/iberia-transportista-oficial-del-equipo-olimpico-espanol-de-rio-2016-y-del-coe\\\/#listItem\",\"name\":\"Iberia, transportista oficial del Equipo Ol\\u00edmpico Espa\\u00f1ol de R\\u00edo 2016 y del COE\"},\"previousItem\":{\"@type\":\"ListItem\",\"@id\":\"https:\\\/\\\/eldigitaldeasturias.com\\\/magazine365#listItem\",\"name\":\"Home\"}},{\"@type\":\"ListItem\",\"@id\":\"https:\\\/\\\/eldigitaldeasturias.com\\\/magazine365\\\/iberia-transportista-oficial-del-equipo-olimpico-espanol-de-rio-2016-y-del-coe\\\/#listItem\",\"position\":3,\"name\":\"Iberia, transportista oficial del Equipo Ol\\u00edmpico Espa\\u00f1ol de R\\u00edo 2016 y del COE\",\"previousItem\":{\"@type\":\"ListItem\",\"@id\":\"https:\\\/\\\/eldigitaldeasturias.com\\\/magazine365\\\/category\\\/noticias-actualidad\\\/#listItem\",\"name\":\"Noticias y Actualidad\"}}]},{\"@type\":\"Organization\",\"@id\":\"https:\\\/\\\/eldigitaldeasturias.com\\\/magazine365\\\/#organization\",\"name\":\"El digital de Asturias\",\"description\":\"Revista de ocio, turismo y estilo de vida\",\"url\":\"https:\\\/\\\/eldigitaldeasturias.com\\\/magazine365\\\/\",\"logo\":{\"@type\":\"ImageObject\",\"url\":\"https:\\\/\\\/www.eldigitaldeasturias.com\\\/noticias\\\/wp-content\\\/uploads\\\/2020\\\/12\\\/EDA.jpg\",\"@id\":\"https:\\\/\\\/eldigitaldeasturias.com\\\/magazine365\\\/iberia-transportista-oficial-del-equipo-olimpico-espanol-de-rio-2016-y-del-coe\\\/#organizationLogo\"},\"image\":{\"@id\":\"https:\\\/\\\/eldigitaldeasturias.com\\\/magazine365\\\/iberia-transportista-oficial-del-equipo-olimpico-espanol-de-rio-2016-y-del-coe\\\/#organizationLogo\"}},{\"@type\":\"Person\",\"@id\":\"https:\\\/\\\/eldigitaldeasturias.com\\\/magazine365\\\/author\\\/admin\\\/#author\",\"url\":\"https:\\\/\\\/eldigitaldeasturias.com\\\/magazine365\\\/author\\\/admin\\\/\",\"name\":\"admin\",\"image\":{\"@type\":\"ImageObject\",\"@id\":\"https:\\\/\\\/eldigitaldeasturias.com\\\/magazine365\\\/iberia-transportista-oficial-del-equipo-olimpico-espanol-de-rio-2016-y-del-coe\\\/#authorImage\",\"url\":\"https:\\\/\\\/eldigitaldeasturias.com\\\/magazine365\\\/wp-content\\\/litespeed\\\/avatar\\\/e571bcf59a0edd6fa6838245a470f2fe.jpg?ver=1777574230\",\"width\":96,\"height\":96,\"caption\":\"admin\"}},{\"@type\":\"WebPage\",\"@id\":\"https:\\\/\\\/eldigitaldeasturias.com\\\/magazine365\\\/iberia-transportista-oficial-del-equipo-olimpico-espanol-de-rio-2016-y-del-coe\\\/#webpage\",\"url\":\"https:\\\/\\\/eldigitaldeasturias.com\\\/magazine365\\\/iberia-transportista-oficial-del-equipo-olimpico-espanol-de-rio-2016-y-del-coe\\\/\",\"name\":\"Iberia, transportista oficial del Equipo Ol\\u00edmpico Espa\\u00f1ol de R\\u00edo 2016 y del COE | El Digital de Asturias\",\"description\":\"El presidente de Iberia, Luis Gallego, y el del Comit\\u00e9 Ol\\u00edmpico Espa\\u00f1ol (COE), Alejandro Blanco, han firmado este jueves un acuerdo que convierte a la aerol\\u00ednea espa\\u00f1ola en la transportista oficial y exclusiva del Equipo Ol\\u00edmpico espa\\u00f1ol para los Juegos de R\\u00edo de 2016 y de los miembros del COE. La firma ha tenido lugar\",\"inLanguage\":\"es-ES\",\"isPartOf\":{\"@id\":\"https:\\\/\\\/eldigitaldeasturias.com\\\/magazine365\\\/#website\"},\"breadcrumb\":{\"@id\":\"https:\\\/\\\/eldigitaldeasturias.com\\\/magazine365\\\/iberia-transportista-oficial-del-equipo-olimpico-espanol-de-rio-2016-y-del-coe\\\/#breadcrumblist\"},\"author\":{\"@id\":\"https:\\\/\\\/eldigitaldeasturias.com\\\/magazine365\\\/author\\\/admin\\\/#author\"},\"creator\":{\"@id\":\"https:\\\/\\\/eldigitaldeasturias.com\\\/magazine365\\\/author\\\/admin\\\/#author\"},\"image\":{\"@type\":\"ImageObject\",\"url\":\"https:\\\/\\\/eldigitaldeasturias.com\\\/magazine365\\\/wp-content\\\/uploads\\\/2015\\\/08\\\/aeropuerto.jpg\",\"@id\":\"https:\\\/\\\/eldigitaldeasturias.com\\\/magazine365\\\/iberia-transportista-oficial-del-equipo-olimpico-espanol-de-rio-2016-y-del-coe\\\/#mainImage\",\"width\":800,\"height\":532},\"primaryImageOfPage\":{\"@id\":\"https:\\\/\\\/eldigitaldeasturias.com\\\/magazine365\\\/iberia-transportista-oficial-del-equipo-olimpico-espanol-de-rio-2016-y-del-coe\\\/#mainImage\"},\"datePublished\":\"2015-12-18T12:23:53+01:00\",\"dateModified\":\"2015-12-18T12:23:53+01:00\"},{\"@type\":\"WebSite\",\"@id\":\"https:\\\/\\\/eldigitaldeasturias.com\\\/magazine365\\\/#website\",\"url\":\"https:\\\/\\\/eldigitaldeasturias.com\\\/magazine365\\\/\",\"name\":\"El Digital de Asturias\",\"description\":\"Revista de ocio, turismo y estilo de vida\",\"inLanguage\":\"es-ES\",\"publisher\":{\"@id\":\"https:\\\/\\\/eldigitaldeasturias.com\\\/magazine365\\\/#organization\"}}]}\n\t\t<\/script>\n\t\t<!-- All in One SEO Pro -->\r\n\t\t<title>Iberia, transportista oficial del Equipo Ol\u00edmpico Espa\u00f1ol de R\u00edo 2016 y del COE | El Digital de Asturias<\/title>\n\n","aioseo_head_json":{"title":"Iberia, transportista oficial del Equipo Ol\u00edmpico Espa\u00f1ol de R\u00edo 2016 y del COE | El Digital de Asturias","description":"El presidente de Iberia, Luis Gallego, y el del Comit\u00e9 Ol\u00edmpico Espa\u00f1ol (COE), Alejandro Blanco, han firmado este jueves un acuerdo que convierte a la aerol\u00ednea espa\u00f1ola en la transportista oficial y exclusiva del Equipo Ol\u00edmpico espa\u00f1ol para los Juegos de R\u00edo de 2016 y de los miembros del COE. La firma ha tenido lugar","canonical_url":"https:\/\/eldigitaldeasturias.com\/magazine365\/iberia-transportista-oficial-del-equipo-olimpico-espanol-de-rio-2016-y-del-coe\/","robots":"max-image-preview:large","keywords":"noticias y actualidad","webmasterTools":{"google-site-verification":"UA-38556648-1","miscellaneous":""},"schema":{"@context":"https:\/\/schema.org","@graph":[{"@type":"Article","@id":"https:\/\/eldigitaldeasturias.com\/magazine365\/iberia-transportista-oficial-del-equipo-olimpico-espanol-de-rio-2016-y-del-coe\/#article","name":"Iberia, transportista oficial del Equipo Ol\u00edmpico Espa\u00f1ol de R\u00edo 2016 y del COE | El Digital de Asturias","headline":"Iberia, transportista oficial del Equipo Ol\u00edmpico Espa\u00f1ol de R\u00edo 2016 y del COE","author":{"@id":"https:\/\/eldigitaldeasturias.com\/magazine365\/author\/admin\/#author"},"publisher":{"@id":"https:\/\/eldigitaldeasturias.com\/magazine365\/#organization"},"image":{"@type":"ImageObject","url":"https:\/\/eldigitaldeasturias.com\/magazine365\/wp-content\/uploads\/2015\/08\/aeropuerto.jpg","width":800,"height":532},"datePublished":"2015-12-18T12:23:53+01:00","dateModified":"2015-12-18T12:23:53+01:00","inLanguage":"es-ES","mainEntityOfPage":{"@id":"https:\/\/eldigitaldeasturias.com\/magazine365\/iberia-transportista-oficial-del-equipo-olimpico-espanol-de-rio-2016-y-del-coe\/#webpage"},"isPartOf":{"@id":"https:\/\/eldigitaldeasturias.com\/magazine365\/iberia-transportista-oficial-del-equipo-olimpico-espanol-de-rio-2016-y-del-coe\/#webpage"},"articleSection":"Noticias y Actualidad"},{"@type":"BreadcrumbList","@id":"https:\/\/eldigitaldeasturias.com\/magazine365\/iberia-transportista-oficial-del-equipo-olimpico-espanol-de-rio-2016-y-del-coe\/#breadcrumblist","itemListElement":[{"@type":"ListItem","@id":"https:\/\/eldigitaldeasturias.com\/magazine365#listItem","position":1,"name":"Home","item":"https:\/\/eldigitaldeasturias.com\/magazine365","nextItem":{"@type":"ListItem","@id":"https:\/\/eldigitaldeasturias.com\/magazine365\/category\/noticias-actualidad\/#listItem","name":"Noticias y Actualidad"}},{"@type":"ListItem","@id":"https:\/\/eldigitaldeasturias.com\/magazine365\/category\/noticias-actualidad\/#listItem","position":2,"name":"Noticias y Actualidad","item":"https:\/\/eldigitaldeasturias.com\/magazine365\/category\/noticias-actualidad\/","nextItem":{"@type":"ListItem","@id":"https:\/\/eldigitaldeasturias.com\/magazine365\/iberia-transportista-oficial-del-equipo-olimpico-espanol-de-rio-2016-y-del-coe\/#listItem","name":"Iberia, transportista oficial del Equipo Ol\u00edmpico Espa\u00f1ol de R\u00edo 2016 y del COE"},"previousItem":{"@type":"ListItem","@id":"https:\/\/eldigitaldeasturias.com\/magazine365#listItem","name":"Home"}},{"@type":"ListItem","@id":"https:\/\/eldigitaldeasturias.com\/magazine365\/iberia-transportista-oficial-del-equipo-olimpico-espanol-de-rio-2016-y-del-coe\/#listItem","position":3,"name":"Iberia, transportista oficial del Equipo Ol\u00edmpico Espa\u00f1ol de R\u00edo 2016 y del COE","previousItem":{"@type":"ListItem","@id":"https:\/\/eldigitaldeasturias.com\/magazine365\/category\/noticias-actualidad\/#listItem","name":"Noticias y Actualidad"}}]},{"@type":"Organization","@id":"https:\/\/eldigitaldeasturias.com\/magazine365\/#organization","name":"El digital de Asturias","description":"Revista de ocio, turismo y estilo de vida","url":"https:\/\/eldigitaldeasturias.com\/magazine365\/","logo":{"@type":"ImageObject","url":"https:\/\/www.eldigitaldeasturias.com\/noticias\/wp-content\/uploads\/2020\/12\/EDA.jpg","@id":"https:\/\/eldigitaldeasturias.com\/magazine365\/iberia-transportista-oficial-del-equipo-olimpico-espanol-de-rio-2016-y-del-coe\/#organizationLogo"},"image":{"@id":"https:\/\/eldigitaldeasturias.com\/magazine365\/iberia-transportista-oficial-del-equipo-olimpico-espanol-de-rio-2016-y-del-coe\/#organizationLogo"}},{"@type":"Person","@id":"https:\/\/eldigitaldeasturias.com\/magazine365\/author\/admin\/#author","url":"https:\/\/eldigitaldeasturias.com\/magazine365\/author\/admin\/","name":"admin","image":{"@type":"ImageObject","@id":"https:\/\/eldigitaldeasturias.com\/magazine365\/iberia-transportista-oficial-del-equipo-olimpico-espanol-de-rio-2016-y-del-coe\/#authorImage","url":"https:\/\/eldigitaldeasturias.com\/magazine365\/wp-content\/litespeed\/avatar\/e571bcf59a0edd6fa6838245a470f2fe.jpg?ver=1777574230","width":96,"height":96,"caption":"admin"}},{"@type":"WebPage","@id":"https:\/\/eldigitaldeasturias.com\/magazine365\/iberia-transportista-oficial-del-equipo-olimpico-espanol-de-rio-2016-y-del-coe\/#webpage","url":"https:\/\/eldigitaldeasturias.com\/magazine365\/iberia-transportista-oficial-del-equipo-olimpico-espanol-de-rio-2016-y-del-coe\/","name":"Iberia, transportista oficial del Equipo Ol\u00edmpico Espa\u00f1ol de R\u00edo 2016 y del COE | El Digital de Asturias","description":"El presidente de Iberia, Luis Gallego, y el del Comit\u00e9 Ol\u00edmpico Espa\u00f1ol (COE), Alejandro Blanco, han firmado este jueves un acuerdo que convierte a la aerol\u00ednea espa\u00f1ola en la transportista oficial y exclusiva del Equipo Ol\u00edmpico espa\u00f1ol para los Juegos de R\u00edo de 2016 y de los miembros del COE. La firma ha tenido lugar","inLanguage":"es-ES","isPartOf":{"@id":"https:\/\/eldigitaldeasturias.com\/magazine365\/#website"},"breadcrumb":{"@id":"https:\/\/eldigitaldeasturias.com\/magazine365\/iberia-transportista-oficial-del-equipo-olimpico-espanol-de-rio-2016-y-del-coe\/#breadcrumblist"},"author":{"@id":"https:\/\/eldigitaldeasturias.com\/magazine365\/author\/admin\/#author"},"creator":{"@id":"https:\/\/eldigitaldeasturias.com\/magazine365\/author\/admin\/#author"},"image":{"@type":"ImageObject","url":"https:\/\/eldigitaldeasturias.com\/magazine365\/wp-content\/uploads\/2015\/08\/aeropuerto.jpg","@id":"https:\/\/eldigitaldeasturias.com\/magazine365\/iberia-transportista-oficial-del-equipo-olimpico-espanol-de-rio-2016-y-del-coe\/#mainImage","width":800,"height":532},"primaryImageOfPage":{"@id":"https:\/\/eldigitaldeasturias.com\/magazine365\/iberia-transportista-oficial-del-equipo-olimpico-espanol-de-rio-2016-y-del-coe\/#mainImage"},"datePublished":"2015-12-18T12:23:53+01:00","dateModified":"2015-12-18T12:23:53+01:00"},{"@type":"WebSite","@id":"https:\/\/eldigitaldeasturias.com\/magazine365\/#website","url":"https:\/\/eldigitaldeasturias.com\/magazine365\/","name":"El Digital de Asturias","description":"Revista de ocio, turismo y estilo de vida","inLanguage":"es-ES","publisher":{"@id":"https:\/\/eldigitaldeasturias.com\/magazine365\/#organization"}}]},"og:locale":"es_ES","og:site_name":"El Digital de Asturias \u2013 Revista de ocio, turismo y estilo de vida","og:type":"article","og:title":"Iberia, transportista oficial del Equipo Ol\u00edmpico Espa\u00f1ol de R\u00edo 2016 y del COE | El Digital de Asturias","og:description":"El presidente de Iberia, Luis Gallego, y el del Comit\u00e9 Ol\u00edmpico Espa\u00f1ol (COE), Alejandro Blanco, han firmado este jueves un acuerdo que convierte a la aerol\u00ednea espa\u00f1ola en la transportista oficial y exclusiva del Equipo Ol\u00edmpico espa\u00f1ol para los Juegos de R\u00edo de 2016 y de los miembros del COE. La firma ha tenido lugar","og:url":"https:\/\/eldigitaldeasturias.com\/magazine365\/iberia-transportista-oficial-del-equipo-olimpico-espanol-de-rio-2016-y-del-coe\/","og:image":"https:\/\/eldigitaldeasturias.com\/magazine365\/wp-content\/uploads\/2015\/08\/aeropuerto.jpg","og:image:secure_url":"https:\/\/eldigitaldeasturias.com\/magazine365\/wp-content\/uploads\/2015\/08\/aeropuerto.jpg","og:image:width":800,"og:image:height":532,"article:published_time":"2015-12-18T11:23:53+00:00","article:modified_time":"2015-12-18T11:23:53+00:00","twitter:card":"summary_large_image","twitter:title":"Iberia, transportista oficial del Equipo Ol\u00edmpico Espa\u00f1ol de R\u00edo 2016 y del COE | El Digital de Asturias","twitter:description":"El presidente de Iberia, Luis Gallego, y el del Comit\u00e9 Ol\u00edmpico Espa\u00f1ol (COE), Alejandro Blanco, han firmado este jueves un acuerdo que convierte a la aerol\u00ednea espa\u00f1ola en la transportista oficial y exclusiva del Equipo Ol\u00edmpico espa\u00f1ol para los Juegos de R\u00edo de 2016 y de los miembros del COE. La firma ha tenido lugar","twitter:image":"https:\/\/eldigitaldeasturias.com\/magazine365\/wp-content\/uploads\/2015\/08\/aeropuerto.jpg"},"aioseo_meta_data":{"post_id":"58841","title":null,"description":null,"keywords":null,"keyphrases":null,"primary_term":null,"canonical_url":null,"og_title":null,"og_description":null,"og_object_type":"default","og_image_type":"default","og_image_url":null,"og_image_width":null,"og_image_height":null,"og_image_custom_url":null,"og_image_custom_fields":null,"og_video":null,"og_custom_url":null,"og_article_section":null,"og_article_tags":null,"twitter_use_og":false,"twitter_card":"default","twitter_image_type":"default","twitter_image_url":null,"twitter_image_custom_url":null,"twitter_image_custom_fields":null,"twitter_title":null,"twitter_description":null,"schema":{"blockGraphs":[],"customGraphs":[],"default":{"data":{"Article":[],"Course":[],"Dataset":[],"FAQPage":[],"Movie":[],"Person":[],"Product":[],"ProductReview":[],"Car":[],"Recipe":[],"Service":[],"SoftwareApplication":[],"WebPage":[]},"graphName":"","isEnabled":true},"graphs":[]},"schema_type":null,"schema_type_options":null,"pillar_content":false,"robots_default":true,"robots_noindex":false,"robots_noarchive":false,"robots_nosnippet":false,"robots_nofollow":false,"robots_noimageindex":false,"robots_noodp":false,"robots_notranslate":false,"robots_max_snippet":null,"robots_max_videopreview":null,"robots_max_imagepreview":"large","priority":null,"frequency":null,"location":null,"local_seo":null,"seo_analyzer_scan_date":"2025-09-25 03:46:04","breadcrumb_settings":null,"limit_modified_date":false,"open_ai":null,"ai":null,"created":"2021-03-08 22:24:43","updated":"2025-09-25 03:46:04"},"aioseo_breadcrumb":"<div class=\"aioseo-breadcrumbs\"><span class=\"aioseo-breadcrumb\">\n\t<a href=\"https:\/\/eldigitaldeasturias.com\/magazine365\" title=\"Home\">Home<\/a>\n<\/span><span class=\"aioseo-breadcrumb-separator\">\u2013<\/span><span class=\"aioseo-breadcrumb\">\n\t<a href=\"https:\/\/eldigitaldeasturias.com\/magazine365\/category\/noticias-actualidad\/\" title=\"Noticias y Actualidad\">Noticias y Actualidad<\/a>\n<\/span><span class=\"aioseo-breadcrumb-separator\">\u2013<\/span><span class=\"aioseo-breadcrumb\">\n\t<a href=\"https:\/\/eldigitaldeasturias.com\/magazine365\/iberia-transportista-oficial-del-equipo-olimpico-espanol-de-rio-2016-y-del-coe\/\" title=\"Iberia, transportista oficial del Equipo Ol\u00edmpico Espa\u00f1ol de R\u00edo 2016 y del COE\">Iberia, transportista oficial del Equipo Ol\u00edmpico Espa\u00f1ol de R\u00edo 2016 y del COE<\/a>\n<\/span><\/div>","aioseo_breadcrumb_json":[{"label":"Home","link":"https:\/\/eldigitaldeasturias.com\/magazine365"},{"label":"Noticias y Actualidad","link":"https:\/\/eldigitaldeasturias.com\/magazine365\/category\/noticias-actualidad\/"},{"label":"Iberia, transportista oficial del Equipo Ol\u00edmpico Espa\u00f1ol de R\u00edo 2016 y del COE","link":"https:\/\/eldigitaldeasturias.com\/magazine365\/iberia-transportista-oficial-del-equipo-olimpico-espanol-de-rio-2016-y-del-coe\/"}],"_links":{"self":[{"href":"https:\/\/eldigitaldeasturias.com\/magazine365\/wp-json\/wp\/v2\/posts\/58841","targetHints":{"allow":["GET"]}}],"collection":[{"href":"https:\/\/eldigitaldeasturias.com\/magazine365\/wp-json\/wp\/v2\/posts"}],"about":[{"href":"https:\/\/eldigitaldeasturias.com\/magazine365\/wp-json\/wp\/v2\/types\/post"}],"author":[{"embeddable":true,"href":"https:\/\/eldigitaldeasturias.com\/magazine365\/wp-json\/wp\/v2\/users\/1"}],"replies":[{"embeddable":true,"href":"https:\/\/eldigitaldeasturias.com\/magazine365\/wp-json\/wp\/v2\/comments?post=58841"}],"version-history":[{"count":0,"href":"https:\/\/eldigitaldeasturias.com\/magazine365\/wp-json\/wp\/v2\/posts\/58841\/revisions"}],"wp:featuredmedia":[{"embeddable":true,"href":"https:\/\/eldigitaldeasturias.com\/magazine365\/wp-json\/wp\/v2\/media\/44646"}],"wp:attachment":[{"href":"https:\/\/eldigitaldeasturias.com\/magazine365\/wp-json\/wp\/v2\/media?parent=58841"}],"wp:term":[{"taxonomy":"category","embeddable":true,"href":"https:\/\/eldigitaldeasturias.com\/magazine365\/wp-json\/wp\/v2\/categories?post=58841"},{"taxonomy":"post_tag","embeddable":true,"href":"https:\/\/eldigitaldeasturias.com\/magazine365\/wp-json\/wp\/v2\/tags?post=58841"}],"curies":[{"name":"wp","href":"https:\/\/api.w.org\/{rel}","templated":true}]}}