{"id":58832,"date":"2015-12-18T12:19:45","date_gmt":"2015-12-18T11:19:45","guid":{"rendered":"http:\/\/eldigitaldeasturias.com\/magazine365\/?p=58832"},"modified":"2015-12-18T12:19:45","modified_gmt":"2015-12-18T11:19:45","slug":"el-gobierno-de-eeuu-confirma-el-acuerdo-para-reanudar-los-vuelos-comerciales-a-cuba","status":"publish","type":"post","link":"https:\/\/eldigitaldeasturias.com\/magazine365\/el-gobierno-de-eeuu-confirma-el-acuerdo-para-reanudar-los-vuelos-comerciales-a-cuba\/","title":{"rendered":"El Gobierno de EEUU confirma el acuerdo para reanudar los vuelos comerciales a Cuba"},"content":{"rendered":"<p><img fetchpriority=\"high\" decoding=\"async\" class=\"alignleft size-medium wp-image-58833\" src=\"https:\/\/eldigitaldeasturias.com\/magazine365\/wp-content\/uploads\/2015\/12\/fotonoticia_20151217154539_800-300x300.jpg\" alt=\"fotonoticia_20151217154539_800\" width=\"300\" height=\"300\" srcset=\"https:\/\/eldigitaldeasturias.com\/magazine365\/wp-content\/uploads\/2015\/12\/fotonoticia_20151217154539_800-300x300.jpg 300w, https:\/\/eldigitaldeasturias.com\/magazine365\/wp-content\/uploads\/2015\/12\/fotonoticia_20151217154539_800-640x640.jpg 640w, https:\/\/eldigitaldeasturias.com\/magazine365\/wp-content\/uploads\/2015\/12\/fotonoticia_20151217154539_800-768x768.jpg 768w, https:\/\/eldigitaldeasturias.com\/magazine365\/wp-content\/uploads\/2015\/12\/fotonoticia_20151217154539_800-150x150.jpg 150w, https:\/\/eldigitaldeasturias.com\/magazine365\/wp-content\/uploads\/2015\/12\/fotonoticia_20151217154539_800-450x450.jpg 450w, https:\/\/eldigitaldeasturias.com\/magazine365\/wp-content\/uploads\/2015\/12\/fotonoticia_20151217154539_800-696x696.jpg 696w, https:\/\/eldigitaldeasturias.com\/magazine365\/wp-content\/uploads\/2015\/12\/fotonoticia_20151217154539_800-420x420.jpg 420w, https:\/\/eldigitaldeasturias.com\/magazine365\/wp-content\/uploads\/2015\/12\/fotonoticia_20151217154539_800-50x50.jpg 50w, https:\/\/eldigitaldeasturias.com\/magazine365\/wp-content\/uploads\/2015\/12\/fotonoticia_20151217154539_800.jpg 800w\" sizes=\"(max-width: 300px) 100vw, 300px\" \/>Los gobiernos de Estados Unidos y Cuba han firmado un acuerdo para reanudar las rutas de vuelos comerciales entre los dos pa\u00edses, seg\u00fan ha anunciado este jueves el Departamento de Estado norteamericano, que ha matizado que los viajes tur\u00edsticos seguir\u00e1n vetados de acuerdo a las leyes en vigor.<\/p>\n<p>La medida permitir\u00e1 que operen vuelos ch\u00e1rter y el establecimiento de rutas programadas, lo que seg\u00fan Washington \u00abfacilitar\u00e1 un incremento de los viajes autorizados, aumentar\u00e1 las opciones de los viajeros y promover\u00e1 los lazos interpersonales\u00bb entre los dos pa\u00edses vecinos.<\/p>\n<p>Sin embargo, el turismo sigue siendo una &#8216;l\u00ednea roja&#8217;, fuera de las doce categor\u00edas contempladas por la legislaci\u00f3n norteamericana para autorizar el desplazamiento. En ellas s\u00ed figuran, entre otras opciones, los viajes de funcionarios del Gobierno, de ONG, de medios de comunicaci\u00f3n o para proyectos educativos y m\u00e9dicos.<\/p>\n<p>\u00abAunque la ley de Estados Unidos sigue prohibiendo los viajes a Cuba para actividades tur\u00edsticas, una relaci\u00f3n de aviaci\u00f3n civil m\u00e1s estrecha facilitar\u00e1 el crecimiento de los viajes autorizados entre los dos pa\u00edses, un componente clave de la pol\u00edtica del presidente (Barack Obama) hacia Cuba\u00bb, ha destacado el Departamento de Estado.<\/p>\n<p>Este nuevo avance tiene lugar coincidiendo con el primer aniversario del hist\u00f3rico anuncio realizado el 17 de diciembre de 2014, cuando Obama y su hom\u00f3logo cubano, Ra\u00fal Castro, anunciaron el relanzamiento de las relaciones bilaterales.<\/p>\n","protected":false},"excerpt":{"rendered":"<p>Los gobiernos de Estados Unidos y Cuba han firmado un acuerdo para reanudar las rutas de vuelos comerciales entre los dos pa\u00edses, seg\u00fan ha anunciado este jueves el Departamento de Estado norteamericano, que ha matizado que los viajes tur\u00edsticos seguir\u00e1n vetados de acuerdo a las leyes en vigor. La medida permitir\u00e1 que operen vuelos ch\u00e1rter<\/p>\n","protected":false},"author":1,"featured_media":58833,"comment_status":"open","ping_status":"closed","sticky":false,"template":"","format":"standard","meta":{"footnotes":""},"categories":[224],"tags":[],"class_list":{"0":"post-58832","1":"post","2":"type-post","3":"status-publish","4":"format-standard","5":"has-post-thumbnail","7":"category-noticias-actualidad"},"aioseo_notices":[],"aioseo_head":"\n\t\t<!-- All in One SEO Pro 4.9.6.1 - aioseo.com -->\n\t<meta name=\"description\" content=\"Los gobiernos de Estados Unidos y Cuba han firmado un acuerdo para reanudar las rutas de vuelos comerciales entre los dos pa\u00edses, seg\u00fan ha anunciado este jueves el Departamento de Estado norteamericano, que ha matizado que los viajes tur\u00edsticos seguir\u00e1n vetados de acuerdo a las leyes en vigor. La medida permitir\u00e1 que operen vuelos ch\u00e1rter\" \/>\n\t<meta name=\"robots\" content=\"max-image-preview:large\" \/>\n\t<meta name=\"author\" content=\"admin\"\/>\n\t<meta name=\"google-site-verification\" content=\"UA-38556648-1\" \/>\n\t<meta name=\"keywords\" content=\"noticias y actualidad\" \/>\n\t<link rel=\"canonical\" href=\"https:\/\/eldigitaldeasturias.com\/magazine365\/el-gobierno-de-eeuu-confirma-el-acuerdo-para-reanudar-los-vuelos-comerciales-a-cuba\/\" \/>\n\t<meta name=\"generator\" content=\"All in One SEO Pro (AIOSEO) 4.9.6.1\" \/>\n\t\t<meta property=\"og:locale\" content=\"es_ES\" \/>\n\t\t<meta property=\"og:site_name\" content=\"El Digital de Asturias \u2013 Revista de ocio, turismo y estilo de vida\" \/>\n\t\t<meta property=\"og:type\" content=\"article\" \/>\n\t\t<meta property=\"og:title\" content=\"El Gobierno de EEUU confirma el acuerdo para reanudar los vuelos comerciales a Cuba | El Digital de Asturias\" \/>\n\t\t<meta property=\"og:description\" content=\"Los gobiernos de Estados Unidos y Cuba han firmado un acuerdo para reanudar las rutas de vuelos comerciales entre los dos pa\u00edses, seg\u00fan ha anunciado este jueves el Departamento de Estado norteamericano, que ha matizado que los viajes tur\u00edsticos seguir\u00e1n vetados de acuerdo a las leyes en vigor. La medida permitir\u00e1 que operen vuelos ch\u00e1rter\" \/>\n\t\t<meta property=\"og:url\" content=\"https:\/\/eldigitaldeasturias.com\/magazine365\/el-gobierno-de-eeuu-confirma-el-acuerdo-para-reanudar-los-vuelos-comerciales-a-cuba\/\" \/>\n\t\t<meta property=\"og:image\" content=\"https:\/\/eldigitaldeasturias.com\/magazine365\/wp-content\/uploads\/2015\/12\/fotonoticia_20151217154539_800.jpg\" \/>\n\t\t<meta property=\"og:image:secure_url\" content=\"https:\/\/eldigitaldeasturias.com\/magazine365\/wp-content\/uploads\/2015\/12\/fotonoticia_20151217154539_800.jpg\" \/>\n\t\t<meta property=\"og:image:width\" content=\"800\" \/>\n\t\t<meta property=\"og:image:height\" content=\"800\" \/>\n\t\t<meta property=\"article:published_time\" content=\"2015-12-18T11:19:45+00:00\" \/>\n\t\t<meta property=\"article:modified_time\" content=\"2015-12-18T11:19:45+00:00\" \/>\n\t\t<meta name=\"twitter:card\" content=\"summary_large_image\" \/>\n\t\t<meta name=\"twitter:title\" content=\"El Gobierno de EEUU confirma el acuerdo para reanudar los vuelos comerciales a Cuba | El Digital de Asturias\" \/>\n\t\t<meta name=\"twitter:description\" content=\"Los gobiernos de Estados Unidos y Cuba han firmado un acuerdo para reanudar las rutas de vuelos comerciales entre los dos pa\u00edses, seg\u00fan ha anunciado este jueves el Departamento de Estado norteamericano, que ha matizado que los viajes tur\u00edsticos seguir\u00e1n vetados de acuerdo a las leyes en vigor. La medida permitir\u00e1 que operen vuelos ch\u00e1rter\" \/>\n\t\t<meta name=\"twitter:image\" content=\"https:\/\/eldigitaldeasturias.com\/magazine365\/wp-content\/uploads\/2015\/12\/fotonoticia_20151217154539_800.jpg\" \/>\n\t\t<script type=\"application\/ld+json\" class=\"aioseo-schema\">\n\t\t\t{\"@context\":\"https:\\\/\\\/schema.org\",\"@graph\":[{\"@type\":\"Article\",\"@id\":\"https:\\\/\\\/eldigitaldeasturias.com\\\/magazine365\\\/el-gobierno-de-eeuu-confirma-el-acuerdo-para-reanudar-los-vuelos-comerciales-a-cuba\\\/#article\",\"name\":\"El Gobierno de EEUU confirma el acuerdo para reanudar los vuelos comerciales a Cuba | El Digital de Asturias\",\"headline\":\"El Gobierno de EEUU confirma el acuerdo para reanudar los vuelos comerciales a Cuba\",\"author\":{\"@id\":\"https:\\\/\\\/eldigitaldeasturias.com\\\/magazine365\\\/author\\\/admin\\\/#author\"},\"publisher\":{\"@id\":\"https:\\\/\\\/eldigitaldeasturias.com\\\/magazine365\\\/#organization\"},\"image\":{\"@type\":\"ImageObject\",\"url\":\"https:\\\/\\\/eldigitaldeasturias.com\\\/magazine365\\\/wp-content\\\/uploads\\\/2015\\\/12\\\/fotonoticia_20151217154539_800.jpg\",\"width\":800,\"height\":800},\"datePublished\":\"2015-12-18T12:19:45+01:00\",\"dateModified\":\"2015-12-18T12:19:45+01:00\",\"inLanguage\":\"es-ES\",\"mainEntityOfPage\":{\"@id\":\"https:\\\/\\\/eldigitaldeasturias.com\\\/magazine365\\\/el-gobierno-de-eeuu-confirma-el-acuerdo-para-reanudar-los-vuelos-comerciales-a-cuba\\\/#webpage\"},\"isPartOf\":{\"@id\":\"https:\\\/\\\/eldigitaldeasturias.com\\\/magazine365\\\/el-gobierno-de-eeuu-confirma-el-acuerdo-para-reanudar-los-vuelos-comerciales-a-cuba\\\/#webpage\"},\"articleSection\":\"Noticias y Actualidad\"},{\"@type\":\"BreadcrumbList\",\"@id\":\"https:\\\/\\\/eldigitaldeasturias.com\\\/magazine365\\\/el-gobierno-de-eeuu-confirma-el-acuerdo-para-reanudar-los-vuelos-comerciales-a-cuba\\\/#breadcrumblist\",\"itemListElement\":[{\"@type\":\"ListItem\",\"@id\":\"https:\\\/\\\/eldigitaldeasturias.com\\\/magazine365#listItem\",\"position\":1,\"name\":\"Home\",\"item\":\"https:\\\/\\\/eldigitaldeasturias.com\\\/magazine365\",\"nextItem\":{\"@type\":\"ListItem\",\"@id\":\"https:\\\/\\\/eldigitaldeasturias.com\\\/magazine365\\\/category\\\/noticias-actualidad\\\/#listItem\",\"name\":\"Noticias y Actualidad\"}},{\"@type\":\"ListItem\",\"@id\":\"https:\\\/\\\/eldigitaldeasturias.com\\\/magazine365\\\/category\\\/noticias-actualidad\\\/#listItem\",\"position\":2,\"name\":\"Noticias y Actualidad\",\"item\":\"https:\\\/\\\/eldigitaldeasturias.com\\\/magazine365\\\/category\\\/noticias-actualidad\\\/\",\"nextItem\":{\"@type\":\"ListItem\",\"@id\":\"https:\\\/\\\/eldigitaldeasturias.com\\\/magazine365\\\/el-gobierno-de-eeuu-confirma-el-acuerdo-para-reanudar-los-vuelos-comerciales-a-cuba\\\/#listItem\",\"name\":\"El Gobierno de EEUU confirma el acuerdo para reanudar los vuelos comerciales a Cuba\"},\"previousItem\":{\"@type\":\"ListItem\",\"@id\":\"https:\\\/\\\/eldigitaldeasturias.com\\\/magazine365#listItem\",\"name\":\"Home\"}},{\"@type\":\"ListItem\",\"@id\":\"https:\\\/\\\/eldigitaldeasturias.com\\\/magazine365\\\/el-gobierno-de-eeuu-confirma-el-acuerdo-para-reanudar-los-vuelos-comerciales-a-cuba\\\/#listItem\",\"position\":3,\"name\":\"El Gobierno de EEUU confirma el acuerdo para reanudar los vuelos comerciales a Cuba\",\"previousItem\":{\"@type\":\"ListItem\",\"@id\":\"https:\\\/\\\/eldigitaldeasturias.com\\\/magazine365\\\/category\\\/noticias-actualidad\\\/#listItem\",\"name\":\"Noticias y Actualidad\"}}]},{\"@type\":\"Organization\",\"@id\":\"https:\\\/\\\/eldigitaldeasturias.com\\\/magazine365\\\/#organization\",\"name\":\"El digital de Asturias\",\"description\":\"Revista de ocio, turismo y estilo de vida\",\"url\":\"https:\\\/\\\/eldigitaldeasturias.com\\\/magazine365\\\/\",\"logo\":{\"@type\":\"ImageObject\",\"url\":\"https:\\\/\\\/www.eldigitaldeasturias.com\\\/noticias\\\/wp-content\\\/uploads\\\/2020\\\/12\\\/EDA.jpg\",\"@id\":\"https:\\\/\\\/eldigitaldeasturias.com\\\/magazine365\\\/el-gobierno-de-eeuu-confirma-el-acuerdo-para-reanudar-los-vuelos-comerciales-a-cuba\\\/#organizationLogo\"},\"image\":{\"@id\":\"https:\\\/\\\/eldigitaldeasturias.com\\\/magazine365\\\/el-gobierno-de-eeuu-confirma-el-acuerdo-para-reanudar-los-vuelos-comerciales-a-cuba\\\/#organizationLogo\"}},{\"@type\":\"Person\",\"@id\":\"https:\\\/\\\/eldigitaldeasturias.com\\\/magazine365\\\/author\\\/admin\\\/#author\",\"url\":\"https:\\\/\\\/eldigitaldeasturias.com\\\/magazine365\\\/author\\\/admin\\\/\",\"name\":\"admin\",\"image\":{\"@type\":\"ImageObject\",\"@id\":\"https:\\\/\\\/eldigitaldeasturias.com\\\/magazine365\\\/el-gobierno-de-eeuu-confirma-el-acuerdo-para-reanudar-los-vuelos-comerciales-a-cuba\\\/#authorImage\",\"url\":\"https:\\\/\\\/eldigitaldeasturias.com\\\/magazine365\\\/wp-content\\\/litespeed\\\/avatar\\\/e571bcf59a0edd6fa6838245a470f2fe.jpg?ver=1777574230\",\"width\":96,\"height\":96,\"caption\":\"admin\"}},{\"@type\":\"WebPage\",\"@id\":\"https:\\\/\\\/eldigitaldeasturias.com\\\/magazine365\\\/el-gobierno-de-eeuu-confirma-el-acuerdo-para-reanudar-los-vuelos-comerciales-a-cuba\\\/#webpage\",\"url\":\"https:\\\/\\\/eldigitaldeasturias.com\\\/magazine365\\\/el-gobierno-de-eeuu-confirma-el-acuerdo-para-reanudar-los-vuelos-comerciales-a-cuba\\\/\",\"name\":\"El Gobierno de EEUU confirma el acuerdo para reanudar los vuelos comerciales a Cuba | El Digital de Asturias\",\"description\":\"Los gobiernos de Estados Unidos y Cuba han firmado un acuerdo para reanudar las rutas de vuelos comerciales entre los dos pa\\u00edses, seg\\u00fan ha anunciado este jueves el Departamento de Estado norteamericano, que ha matizado que los viajes tur\\u00edsticos seguir\\u00e1n vetados de acuerdo a las leyes en vigor. La medida permitir\\u00e1 que operen vuelos ch\\u00e1rter\",\"inLanguage\":\"es-ES\",\"isPartOf\":{\"@id\":\"https:\\\/\\\/eldigitaldeasturias.com\\\/magazine365\\\/#website\"},\"breadcrumb\":{\"@id\":\"https:\\\/\\\/eldigitaldeasturias.com\\\/magazine365\\\/el-gobierno-de-eeuu-confirma-el-acuerdo-para-reanudar-los-vuelos-comerciales-a-cuba\\\/#breadcrumblist\"},\"author\":{\"@id\":\"https:\\\/\\\/eldigitaldeasturias.com\\\/magazine365\\\/author\\\/admin\\\/#author\"},\"creator\":{\"@id\":\"https:\\\/\\\/eldigitaldeasturias.com\\\/magazine365\\\/author\\\/admin\\\/#author\"},\"image\":{\"@type\":\"ImageObject\",\"url\":\"https:\\\/\\\/eldigitaldeasturias.com\\\/magazine365\\\/wp-content\\\/uploads\\\/2015\\\/12\\\/fotonoticia_20151217154539_800.jpg\",\"@id\":\"https:\\\/\\\/eldigitaldeasturias.com\\\/magazine365\\\/el-gobierno-de-eeuu-confirma-el-acuerdo-para-reanudar-los-vuelos-comerciales-a-cuba\\\/#mainImage\",\"width\":800,\"height\":800},\"primaryImageOfPage\":{\"@id\":\"https:\\\/\\\/eldigitaldeasturias.com\\\/magazine365\\\/el-gobierno-de-eeuu-confirma-el-acuerdo-para-reanudar-los-vuelos-comerciales-a-cuba\\\/#mainImage\"},\"datePublished\":\"2015-12-18T12:19:45+01:00\",\"dateModified\":\"2015-12-18T12:19:45+01:00\"},{\"@type\":\"WebSite\",\"@id\":\"https:\\\/\\\/eldigitaldeasturias.com\\\/magazine365\\\/#website\",\"url\":\"https:\\\/\\\/eldigitaldeasturias.com\\\/magazine365\\\/\",\"name\":\"El Digital de Asturias\",\"description\":\"Revista de ocio, turismo y estilo de vida\",\"inLanguage\":\"es-ES\",\"publisher\":{\"@id\":\"https:\\\/\\\/eldigitaldeasturias.com\\\/magazine365\\\/#organization\"}}]}\n\t\t<\/script>\n\t\t<!-- All in One SEO Pro -->\r\n\t\t<title>El Gobierno de EEUU confirma el acuerdo para reanudar los vuelos comerciales a Cuba | El Digital de Asturias<\/title>\n\n","aioseo_head_json":{"title":"El Gobierno de EEUU confirma el acuerdo para reanudar los vuelos comerciales a Cuba | El Digital de Asturias","description":"Los gobiernos de Estados Unidos y Cuba han firmado un acuerdo para reanudar las rutas de vuelos comerciales entre los dos pa\u00edses, seg\u00fan ha anunciado este jueves el Departamento de Estado norteamericano, que ha matizado que los viajes tur\u00edsticos seguir\u00e1n vetados de acuerdo a las leyes en vigor. La medida permitir\u00e1 que operen vuelos ch\u00e1rter","canonical_url":"https:\/\/eldigitaldeasturias.com\/magazine365\/el-gobierno-de-eeuu-confirma-el-acuerdo-para-reanudar-los-vuelos-comerciales-a-cuba\/","robots":"max-image-preview:large","keywords":"noticias y actualidad","webmasterTools":{"google-site-verification":"UA-38556648-1","miscellaneous":""},"schema":{"@context":"https:\/\/schema.org","@graph":[{"@type":"Article","@id":"https:\/\/eldigitaldeasturias.com\/magazine365\/el-gobierno-de-eeuu-confirma-el-acuerdo-para-reanudar-los-vuelos-comerciales-a-cuba\/#article","name":"El Gobierno de EEUU confirma el acuerdo para reanudar los vuelos comerciales a Cuba | El Digital de Asturias","headline":"El Gobierno de EEUU confirma el acuerdo para reanudar los vuelos comerciales a Cuba","author":{"@id":"https:\/\/eldigitaldeasturias.com\/magazine365\/author\/admin\/#author"},"publisher":{"@id":"https:\/\/eldigitaldeasturias.com\/magazine365\/#organization"},"image":{"@type":"ImageObject","url":"https:\/\/eldigitaldeasturias.com\/magazine365\/wp-content\/uploads\/2015\/12\/fotonoticia_20151217154539_800.jpg","width":800,"height":800},"datePublished":"2015-12-18T12:19:45+01:00","dateModified":"2015-12-18T12:19:45+01:00","inLanguage":"es-ES","mainEntityOfPage":{"@id":"https:\/\/eldigitaldeasturias.com\/magazine365\/el-gobierno-de-eeuu-confirma-el-acuerdo-para-reanudar-los-vuelos-comerciales-a-cuba\/#webpage"},"isPartOf":{"@id":"https:\/\/eldigitaldeasturias.com\/magazine365\/el-gobierno-de-eeuu-confirma-el-acuerdo-para-reanudar-los-vuelos-comerciales-a-cuba\/#webpage"},"articleSection":"Noticias y Actualidad"},{"@type":"BreadcrumbList","@id":"https:\/\/eldigitaldeasturias.com\/magazine365\/el-gobierno-de-eeuu-confirma-el-acuerdo-para-reanudar-los-vuelos-comerciales-a-cuba\/#breadcrumblist","itemListElement":[{"@type":"ListItem","@id":"https:\/\/eldigitaldeasturias.com\/magazine365#listItem","position":1,"name":"Home","item":"https:\/\/eldigitaldeasturias.com\/magazine365","nextItem":{"@type":"ListItem","@id":"https:\/\/eldigitaldeasturias.com\/magazine365\/category\/noticias-actualidad\/#listItem","name":"Noticias y Actualidad"}},{"@type":"ListItem","@id":"https:\/\/eldigitaldeasturias.com\/magazine365\/category\/noticias-actualidad\/#listItem","position":2,"name":"Noticias y Actualidad","item":"https:\/\/eldigitaldeasturias.com\/magazine365\/category\/noticias-actualidad\/","nextItem":{"@type":"ListItem","@id":"https:\/\/eldigitaldeasturias.com\/magazine365\/el-gobierno-de-eeuu-confirma-el-acuerdo-para-reanudar-los-vuelos-comerciales-a-cuba\/#listItem","name":"El Gobierno de EEUU confirma el acuerdo para reanudar los vuelos comerciales a Cuba"},"previousItem":{"@type":"ListItem","@id":"https:\/\/eldigitaldeasturias.com\/magazine365#listItem","name":"Home"}},{"@type":"ListItem","@id":"https:\/\/eldigitaldeasturias.com\/magazine365\/el-gobierno-de-eeuu-confirma-el-acuerdo-para-reanudar-los-vuelos-comerciales-a-cuba\/#listItem","position":3,"name":"El Gobierno de EEUU confirma el acuerdo para reanudar los vuelos comerciales a Cuba","previousItem":{"@type":"ListItem","@id":"https:\/\/eldigitaldeasturias.com\/magazine365\/category\/noticias-actualidad\/#listItem","name":"Noticias y Actualidad"}}]},{"@type":"Organization","@id":"https:\/\/eldigitaldeasturias.com\/magazine365\/#organization","name":"El digital de Asturias","description":"Revista de ocio, turismo y estilo de vida","url":"https:\/\/eldigitaldeasturias.com\/magazine365\/","logo":{"@type":"ImageObject","url":"https:\/\/www.eldigitaldeasturias.com\/noticias\/wp-content\/uploads\/2020\/12\/EDA.jpg","@id":"https:\/\/eldigitaldeasturias.com\/magazine365\/el-gobierno-de-eeuu-confirma-el-acuerdo-para-reanudar-los-vuelos-comerciales-a-cuba\/#organizationLogo"},"image":{"@id":"https:\/\/eldigitaldeasturias.com\/magazine365\/el-gobierno-de-eeuu-confirma-el-acuerdo-para-reanudar-los-vuelos-comerciales-a-cuba\/#organizationLogo"}},{"@type":"Person","@id":"https:\/\/eldigitaldeasturias.com\/magazine365\/author\/admin\/#author","url":"https:\/\/eldigitaldeasturias.com\/magazine365\/author\/admin\/","name":"admin","image":{"@type":"ImageObject","@id":"https:\/\/eldigitaldeasturias.com\/magazine365\/el-gobierno-de-eeuu-confirma-el-acuerdo-para-reanudar-los-vuelos-comerciales-a-cuba\/#authorImage","url":"https:\/\/eldigitaldeasturias.com\/magazine365\/wp-content\/litespeed\/avatar\/e571bcf59a0edd6fa6838245a470f2fe.jpg?ver=1777574230","width":96,"height":96,"caption":"admin"}},{"@type":"WebPage","@id":"https:\/\/eldigitaldeasturias.com\/magazine365\/el-gobierno-de-eeuu-confirma-el-acuerdo-para-reanudar-los-vuelos-comerciales-a-cuba\/#webpage","url":"https:\/\/eldigitaldeasturias.com\/magazine365\/el-gobierno-de-eeuu-confirma-el-acuerdo-para-reanudar-los-vuelos-comerciales-a-cuba\/","name":"El Gobierno de EEUU confirma el acuerdo para reanudar los vuelos comerciales a Cuba | El Digital de Asturias","description":"Los gobiernos de Estados Unidos y Cuba han firmado un acuerdo para reanudar las rutas de vuelos comerciales entre los dos pa\u00edses, seg\u00fan ha anunciado este jueves el Departamento de Estado norteamericano, que ha matizado que los viajes tur\u00edsticos seguir\u00e1n vetados de acuerdo a las leyes en vigor. La medida permitir\u00e1 que operen vuelos ch\u00e1rter","inLanguage":"es-ES","isPartOf":{"@id":"https:\/\/eldigitaldeasturias.com\/magazine365\/#website"},"breadcrumb":{"@id":"https:\/\/eldigitaldeasturias.com\/magazine365\/el-gobierno-de-eeuu-confirma-el-acuerdo-para-reanudar-los-vuelos-comerciales-a-cuba\/#breadcrumblist"},"author":{"@id":"https:\/\/eldigitaldeasturias.com\/magazine365\/author\/admin\/#author"},"creator":{"@id":"https:\/\/eldigitaldeasturias.com\/magazine365\/author\/admin\/#author"},"image":{"@type":"ImageObject","url":"https:\/\/eldigitaldeasturias.com\/magazine365\/wp-content\/uploads\/2015\/12\/fotonoticia_20151217154539_800.jpg","@id":"https:\/\/eldigitaldeasturias.com\/magazine365\/el-gobierno-de-eeuu-confirma-el-acuerdo-para-reanudar-los-vuelos-comerciales-a-cuba\/#mainImage","width":800,"height":800},"primaryImageOfPage":{"@id":"https:\/\/eldigitaldeasturias.com\/magazine365\/el-gobierno-de-eeuu-confirma-el-acuerdo-para-reanudar-los-vuelos-comerciales-a-cuba\/#mainImage"},"datePublished":"2015-12-18T12:19:45+01:00","dateModified":"2015-12-18T12:19:45+01:00"},{"@type":"WebSite","@id":"https:\/\/eldigitaldeasturias.com\/magazine365\/#website","url":"https:\/\/eldigitaldeasturias.com\/magazine365\/","name":"El Digital de Asturias","description":"Revista de ocio, turismo y estilo de vida","inLanguage":"es-ES","publisher":{"@id":"https:\/\/eldigitaldeasturias.com\/magazine365\/#organization"}}]},"og:locale":"es_ES","og:site_name":"El Digital de Asturias \u2013 Revista de ocio, turismo y estilo de vida","og:type":"article","og:title":"El Gobierno de EEUU confirma el acuerdo para reanudar los vuelos comerciales a Cuba | El Digital de Asturias","og:description":"Los gobiernos de Estados Unidos y Cuba han firmado un acuerdo para reanudar las rutas de vuelos comerciales entre los dos pa\u00edses, seg\u00fan ha anunciado este jueves el Departamento de Estado norteamericano, que ha matizado que los viajes tur\u00edsticos seguir\u00e1n vetados de acuerdo a las leyes en vigor. La medida permitir\u00e1 que operen vuelos ch\u00e1rter","og:url":"https:\/\/eldigitaldeasturias.com\/magazine365\/el-gobierno-de-eeuu-confirma-el-acuerdo-para-reanudar-los-vuelos-comerciales-a-cuba\/","og:image":"https:\/\/eldigitaldeasturias.com\/magazine365\/wp-content\/uploads\/2015\/12\/fotonoticia_20151217154539_800.jpg","og:image:secure_url":"https:\/\/eldigitaldeasturias.com\/magazine365\/wp-content\/uploads\/2015\/12\/fotonoticia_20151217154539_800.jpg","og:image:width":800,"og:image:height":800,"article:published_time":"2015-12-18T11:19:45+00:00","article:modified_time":"2015-12-18T11:19:45+00:00","twitter:card":"summary_large_image","twitter:title":"El Gobierno de EEUU confirma el acuerdo para reanudar los vuelos comerciales a Cuba | El Digital de Asturias","twitter:description":"Los gobiernos de Estados Unidos y Cuba han firmado un acuerdo para reanudar las rutas de vuelos comerciales entre los dos pa\u00edses, seg\u00fan ha anunciado este jueves el Departamento de Estado norteamericano, que ha matizado que los viajes tur\u00edsticos seguir\u00e1n vetados de acuerdo a las leyes en vigor. La medida permitir\u00e1 que operen vuelos ch\u00e1rter","twitter:image":"https:\/\/eldigitaldeasturias.com\/magazine365\/wp-content\/uploads\/2015\/12\/fotonoticia_20151217154539_800.jpg"},"aioseo_meta_data":{"post_id":"58832","title":null,"description":null,"keywords":null,"keyphrases":null,"primary_term":null,"canonical_url":null,"og_title":null,"og_description":null,"og_object_type":"default","og_image_type":"default","og_image_url":null,"og_image_width":null,"og_image_height":null,"og_image_custom_url":null,"og_image_custom_fields":null,"og_video":null,"og_custom_url":null,"og_article_section":null,"og_article_tags":null,"twitter_use_og":false,"twitter_card":"default","twitter_image_type":"default","twitter_image_url":null,"twitter_image_custom_url":null,"twitter_image_custom_fields":null,"twitter_title":null,"twitter_description":null,"schema":{"blockGraphs":[],"customGraphs":[],"default":{"data":{"Article":[],"Course":[],"Dataset":[],"FAQPage":[],"Movie":[],"Person":[],"Product":[],"ProductReview":[],"Car":[],"Recipe":[],"Service":[],"SoftwareApplication":[],"WebPage":[]},"graphName":"","isEnabled":true},"graphs":[],"defaultGraph":"","defaultPostTypeGraph":""},"schema_type":null,"schema_type_options":null,"pillar_content":false,"robots_default":true,"robots_noindex":false,"robots_noarchive":false,"robots_nosnippet":false,"robots_nofollow":false,"robots_noimageindex":false,"robots_noodp":false,"robots_notranslate":false,"robots_max_snippet":null,"robots_max_videopreview":null,"robots_max_imagepreview":"large","priority":null,"frequency":null,"location":null,"local_seo":null,"seo_analyzer_scan_date":"2025-09-25 03:44:05","breadcrumb_settings":null,"limit_modified_date":false,"open_ai":null,"ai":null,"created":"2021-03-08 22:24:43","updated":"2025-09-25 03:44:05"},"aioseo_breadcrumb":"<div class=\"aioseo-breadcrumbs\"><span class=\"aioseo-breadcrumb\">\n\t<a href=\"https:\/\/eldigitaldeasturias.com\/magazine365\" title=\"Home\">Home<\/a>\n<\/span><span class=\"aioseo-breadcrumb-separator\">\u2013<\/span><span class=\"aioseo-breadcrumb\">\n\t<a href=\"https:\/\/eldigitaldeasturias.com\/magazine365\/category\/noticias-actualidad\/\" title=\"Noticias y Actualidad\">Noticias y Actualidad<\/a>\n<\/span><span class=\"aioseo-breadcrumb-separator\">\u2013<\/span><span class=\"aioseo-breadcrumb\">\n\t<a href=\"https:\/\/eldigitaldeasturias.com\/magazine365\/el-gobierno-de-eeuu-confirma-el-acuerdo-para-reanudar-los-vuelos-comerciales-a-cuba\/\" title=\"El Gobierno de EEUU confirma el acuerdo para reanudar los vuelos comerciales a Cuba\">El Gobierno de EEUU confirma el acuerdo para reanudar los vuelos comerciales a Cuba<\/a>\n<\/span><\/div>","aioseo_breadcrumb_json":[{"label":"Home","link":"https:\/\/eldigitaldeasturias.com\/magazine365"},{"label":"Noticias y Actualidad","link":"https:\/\/eldigitaldeasturias.com\/magazine365\/category\/noticias-actualidad\/"},{"label":"El Gobierno de EEUU confirma el acuerdo para reanudar los vuelos comerciales a Cuba","link":"https:\/\/eldigitaldeasturias.com\/magazine365\/el-gobierno-de-eeuu-confirma-el-acuerdo-para-reanudar-los-vuelos-comerciales-a-cuba\/"}],"_links":{"self":[{"href":"https:\/\/eldigitaldeasturias.com\/magazine365\/wp-json\/wp\/v2\/posts\/58832","targetHints":{"allow":["GET"]}}],"collection":[{"href":"https:\/\/eldigitaldeasturias.com\/magazine365\/wp-json\/wp\/v2\/posts"}],"about":[{"href":"https:\/\/eldigitaldeasturias.com\/magazine365\/wp-json\/wp\/v2\/types\/post"}],"author":[{"embeddable":true,"href":"https:\/\/eldigitaldeasturias.com\/magazine365\/wp-json\/wp\/v2\/users\/1"}],"replies":[{"embeddable":true,"href":"https:\/\/eldigitaldeasturias.com\/magazine365\/wp-json\/wp\/v2\/comments?post=58832"}],"version-history":[{"count":0,"href":"https:\/\/eldigitaldeasturias.com\/magazine365\/wp-json\/wp\/v2\/posts\/58832\/revisions"}],"wp:featuredmedia":[{"embeddable":true,"href":"https:\/\/eldigitaldeasturias.com\/magazine365\/wp-json\/wp\/v2\/media\/58833"}],"wp:attachment":[{"href":"https:\/\/eldigitaldeasturias.com\/magazine365\/wp-json\/wp\/v2\/media?parent=58832"}],"wp:term":[{"taxonomy":"category","embeddable":true,"href":"https:\/\/eldigitaldeasturias.com\/magazine365\/wp-json\/wp\/v2\/categories?post=58832"},{"taxonomy":"post_tag","embeddable":true,"href":"https:\/\/eldigitaldeasturias.com\/magazine365\/wp-json\/wp\/v2\/tags?post=58832"}],"curies":[{"name":"wp","href":"https:\/\/api.w.org\/{rel}","templated":true}]}}