{"id":58815,"date":"2015-12-17T17:25:40","date_gmt":"2015-12-17T16:25:40","guid":{"rendered":"http:\/\/eldigitaldeasturias.com\/magazine365\/?p=58815"},"modified":"2015-12-17T17:25:40","modified_gmt":"2015-12-17T16:25:40","slug":"air-europa-inaugura-su-nueva-ruta-entre-madrid-y-asuncion","status":"publish","type":"post","link":"https:\/\/eldigitaldeasturias.com\/magazine365\/air-europa-inaugura-su-nueva-ruta-entre-madrid-y-asuncion\/","title":{"rendered":"Air Europa inaugura su nueva ruta entre Madrid y Asunci\u00f3n"},"content":{"rendered":"<p><img fetchpriority=\"high\" decoding=\"async\" class=\"alignleft size-medium wp-image-58816\" src=\"https:\/\/eldigitaldeasturias.com\/magazine365\/wp-content\/uploads\/2015\/12\/fotonoticia_20151217143842_800-360x240.jpg\" alt=\"fotonoticia_20151217143842_800\" width=\"360\" height=\"240\" srcset=\"https:\/\/eldigitaldeasturias.com\/magazine365\/wp-content\/uploads\/2015\/12\/fotonoticia_20151217143842_800-360x240.jpg 360w, https:\/\/eldigitaldeasturias.com\/magazine365\/wp-content\/uploads\/2015\/12\/fotonoticia_20151217143842_800-650x433.jpg 650w, https:\/\/eldigitaldeasturias.com\/magazine365\/wp-content\/uploads\/2015\/12\/fotonoticia_20151217143842_800-768x512.jpg 768w, https:\/\/eldigitaldeasturias.com\/magazine365\/wp-content\/uploads\/2015\/12\/fotonoticia_20151217143842_800-150x100.jpg 150w, https:\/\/eldigitaldeasturias.com\/magazine365\/wp-content\/uploads\/2015\/12\/fotonoticia_20151217143842_800-450x300.jpg 450w, https:\/\/eldigitaldeasturias.com\/magazine365\/wp-content\/uploads\/2015\/12\/fotonoticia_20151217143842_800-696x464.jpg 696w, https:\/\/eldigitaldeasturias.com\/magazine365\/wp-content\/uploads\/2015\/12\/fotonoticia_20151217143842_800-630x420.jpg 630w, https:\/\/eldigitaldeasturias.com\/magazine365\/wp-content\/uploads\/2015\/12\/fotonoticia_20151217143842_800-84x55.jpg 84w, https:\/\/eldigitaldeasturias.com\/magazine365\/wp-content\/uploads\/2015\/12\/fotonoticia_20151217143842_800.jpg 800w\" sizes=\"(max-width: 360px) 100vw, 360px\" \/>Air Europa inaugur\u00f3 esta madrugada su nueva ruta entre Madrid y Asunci\u00f3n (Paraguay), minutos antes de las doce de la noche, con un A330-200 y una ocupaci\u00f3n del 98% en la vuelo inaugural, seg\u00fan ha informado la aerol\u00ednea del grupo Globalia en un comunicado.<\/p>\n<p>Hace 21 a\u00f1os, desde febrero de 1994, que no exist\u00eda una ruta directa entre ambas capitales desde que la extinguida LAP (L\u00edneas A\u00e9reas Paraguayas) realiz\u00f3 su \u00faltimo vuelo entre Asunci\u00f3n y Madrid.<\/p>\n<p>Antes del despegue tuvo lugar un acto de inauguraci\u00f3n en la puerta de embarque al que acudieron el presidente de Air Europa y del grupo, Juan Jos\u00e9 Hidalgo, el embajador de Paraguay en Espa\u00f1a, Antonio Rivas, y el viceministro de Industria paraguayo, \u00d3scal Stark.<\/p>\n<p>\u00abSe ve que esto va bien y nos empujar\u00e1 a poner alguna frecuencia m\u00e1s\u00bb, afirm\u00f3 Hidalgo, tras valorar la alta ocupaci\u00f3n registrada. La nueva ruta cuenta con dos frecuencias semanales, con salidas desde Madrid los mi\u00e9rcoles y domingos.<\/p>\n<p>La ruta que une Madrid y Asunci\u00f3n ser\u00e1 operada por un A330-200, con capacidad para 299 pasajeros, 24 de ellos en clase &#8216;business&#8217;. Su apertura coincide con la temporada m\u00e1s alta del pa\u00eds por el inicio del verano austral y el tr\u00e1fico derivado del periodo navide\u00f1o.<\/p>\n<p>Como promoci\u00f3n a su apertura, durante los dos primeros meses el precio rondar\u00e1 los 1.300 euros para el billete de ida y vuelta en turista. A partir de febrero y hasta junio, en temporada baja, pasar\u00e1 a costar unos 1.000 euros.<\/p>\n<p>21 A\u00d1OS DESPU\u00c9S MADRID Y ASUNCI\u00d3N UNIDAS.<\/p>\n<p>\u00abDespu\u00e9s de 21 a\u00f1os de sabor amargo es un gran logro la inauguraci\u00f3n de esta ruta y estamos en un momento muy especial porque se vuelve a conectar Asunci\u00f3n con Europa\u00bb, afirm\u00f3 el embajador paraguayo.<\/p>\n<p>Air Europa es la \u00fanica compa\u00f1\u00eda que conecta Europa con la capital uruguaya. El viceministro se mostr\u00f3 convenido de que el nuevo enlace facilitar\u00e1 las relaciones entre Europa y Paraguay.<\/p>\n<p>El acuerdo entre el Gobierno de Paraguay y Globalia para establecer esta ruta se concret\u00f3 durante la visita oficial a Espa\u00f1a el pasado mes de junio del presidente del pa\u00eds.<\/p>\n","protected":false},"excerpt":{"rendered":"<p>Air Europa inaugur\u00f3 esta madrugada su nueva ruta entre Madrid y Asunci\u00f3n (Paraguay), minutos antes de las doce de la noche, con un A330-200 y una ocupaci\u00f3n del 98% en la vuelo inaugural, seg\u00fan ha informado la aerol\u00ednea del grupo Globalia en un comunicado. Hace 21 a\u00f1os, desde febrero de 1994, que no exist\u00eda una<\/p>\n","protected":false},"author":1,"featured_media":58816,"comment_status":"open","ping_status":"closed","sticky":false,"template":"","format":"standard","meta":{"footnotes":""},"categories":[224],"tags":[],"class_list":{"0":"post-58815","1":"post","2":"type-post","3":"status-publish","4":"format-standard","5":"has-post-thumbnail","7":"category-noticias-actualidad"},"aioseo_notices":[],"aioseo_head":"\n\t\t<!-- All in One SEO Pro 4.9.6.1 - aioseo.com -->\n\t<meta name=\"description\" content=\"Air Europa inaugur\u00f3 esta madrugada su nueva ruta entre Madrid y Asunci\u00f3n (Paraguay), minutos antes de las doce de la noche, con un A330-200 y una ocupaci\u00f3n del 98% en la vuelo inaugural, seg\u00fan ha informado la aerol\u00ednea del grupo Globalia en un comunicado. Hace 21 a\u00f1os, desde febrero de 1994, que no exist\u00eda una\" \/>\n\t<meta name=\"robots\" content=\"max-image-preview:large\" \/>\n\t<meta name=\"author\" content=\"admin\"\/>\n\t<meta name=\"google-site-verification\" content=\"UA-38556648-1\" \/>\n\t<meta name=\"keywords\" content=\"noticias y actualidad\" \/>\n\t<link rel=\"canonical\" href=\"https:\/\/eldigitaldeasturias.com\/magazine365\/air-europa-inaugura-su-nueva-ruta-entre-madrid-y-asuncion\/\" \/>\n\t<meta name=\"generator\" content=\"All in One SEO Pro (AIOSEO) 4.9.6.1\" \/>\n\t\t<meta property=\"og:locale\" content=\"es_ES\" \/>\n\t\t<meta property=\"og:site_name\" content=\"El Digital de Asturias \u2013 Revista de ocio, turismo y estilo de vida\" \/>\n\t\t<meta property=\"og:type\" content=\"article\" \/>\n\t\t<meta property=\"og:title\" content=\"Air Europa inaugura su nueva ruta entre Madrid y Asunci\u00f3n | El Digital de Asturias\" \/>\n\t\t<meta property=\"og:description\" content=\"Air Europa inaugur\u00f3 esta madrugada su nueva ruta entre Madrid y Asunci\u00f3n (Paraguay), minutos antes de las doce de la noche, con un A330-200 y una ocupaci\u00f3n del 98% en la vuelo inaugural, seg\u00fan ha informado la aerol\u00ednea del grupo Globalia en un comunicado. Hace 21 a\u00f1os, desde febrero de 1994, que no exist\u00eda una\" \/>\n\t\t<meta property=\"og:url\" content=\"https:\/\/eldigitaldeasturias.com\/magazine365\/air-europa-inaugura-su-nueva-ruta-entre-madrid-y-asuncion\/\" \/>\n\t\t<meta property=\"og:image\" content=\"https:\/\/eldigitaldeasturias.com\/magazine365\/wp-content\/uploads\/2015\/12\/fotonoticia_20151217143842_800.jpg\" \/>\n\t\t<meta property=\"og:image:secure_url\" content=\"https:\/\/eldigitaldeasturias.com\/magazine365\/wp-content\/uploads\/2015\/12\/fotonoticia_20151217143842_800.jpg\" \/>\n\t\t<meta property=\"og:image:width\" content=\"800\" \/>\n\t\t<meta property=\"og:image:height\" content=\"533\" \/>\n\t\t<meta property=\"article:published_time\" content=\"2015-12-17T16:25:40+00:00\" \/>\n\t\t<meta property=\"article:modified_time\" content=\"2015-12-17T16:25:40+00:00\" \/>\n\t\t<meta name=\"twitter:card\" content=\"summary_large_image\" \/>\n\t\t<meta name=\"twitter:title\" content=\"Air Europa inaugura su nueva ruta entre Madrid y Asunci\u00f3n | El Digital de Asturias\" \/>\n\t\t<meta name=\"twitter:description\" content=\"Air Europa inaugur\u00f3 esta madrugada su nueva ruta entre Madrid y Asunci\u00f3n (Paraguay), minutos antes de las doce de la noche, con un A330-200 y una ocupaci\u00f3n del 98% en la vuelo inaugural, seg\u00fan ha informado la aerol\u00ednea del grupo Globalia en un comunicado. Hace 21 a\u00f1os, desde febrero de 1994, que no exist\u00eda una\" \/>\n\t\t<meta name=\"twitter:image\" content=\"https:\/\/eldigitaldeasturias.com\/magazine365\/wp-content\/uploads\/2015\/12\/fotonoticia_20151217143842_800.jpg\" \/>\n\t\t<script type=\"application\/ld+json\" class=\"aioseo-schema\">\n\t\t\t{\"@context\":\"https:\\\/\\\/schema.org\",\"@graph\":[{\"@type\":\"Article\",\"@id\":\"https:\\\/\\\/eldigitaldeasturias.com\\\/magazine365\\\/air-europa-inaugura-su-nueva-ruta-entre-madrid-y-asuncion\\\/#article\",\"name\":\"Air Europa inaugura su nueva ruta entre Madrid y Asunci\\u00f3n | El Digital de Asturias\",\"headline\":\"Air Europa inaugura su nueva ruta entre Madrid y Asunci\\u00f3n\",\"author\":{\"@id\":\"https:\\\/\\\/eldigitaldeasturias.com\\\/magazine365\\\/author\\\/admin\\\/#author\"},\"publisher\":{\"@id\":\"https:\\\/\\\/eldigitaldeasturias.com\\\/magazine365\\\/#organization\"},\"image\":{\"@type\":\"ImageObject\",\"url\":\"https:\\\/\\\/eldigitaldeasturias.com\\\/magazine365\\\/wp-content\\\/uploads\\\/2015\\\/12\\\/fotonoticia_20151217143842_800.jpg\",\"width\":800,\"height\":533},\"datePublished\":\"2015-12-17T17:25:40+01:00\",\"dateModified\":\"2015-12-17T17:25:40+01:00\",\"inLanguage\":\"es-ES\",\"mainEntityOfPage\":{\"@id\":\"https:\\\/\\\/eldigitaldeasturias.com\\\/magazine365\\\/air-europa-inaugura-su-nueva-ruta-entre-madrid-y-asuncion\\\/#webpage\"},\"isPartOf\":{\"@id\":\"https:\\\/\\\/eldigitaldeasturias.com\\\/magazine365\\\/air-europa-inaugura-su-nueva-ruta-entre-madrid-y-asuncion\\\/#webpage\"},\"articleSection\":\"Noticias y Actualidad\"},{\"@type\":\"BreadcrumbList\",\"@id\":\"https:\\\/\\\/eldigitaldeasturias.com\\\/magazine365\\\/air-europa-inaugura-su-nueva-ruta-entre-madrid-y-asuncion\\\/#breadcrumblist\",\"itemListElement\":[{\"@type\":\"ListItem\",\"@id\":\"https:\\\/\\\/eldigitaldeasturias.com\\\/magazine365#listItem\",\"position\":1,\"name\":\"Home\",\"item\":\"https:\\\/\\\/eldigitaldeasturias.com\\\/magazine365\",\"nextItem\":{\"@type\":\"ListItem\",\"@id\":\"https:\\\/\\\/eldigitaldeasturias.com\\\/magazine365\\\/category\\\/noticias-actualidad\\\/#listItem\",\"name\":\"Noticias y Actualidad\"}},{\"@type\":\"ListItem\",\"@id\":\"https:\\\/\\\/eldigitaldeasturias.com\\\/magazine365\\\/category\\\/noticias-actualidad\\\/#listItem\",\"position\":2,\"name\":\"Noticias y Actualidad\",\"item\":\"https:\\\/\\\/eldigitaldeasturias.com\\\/magazine365\\\/category\\\/noticias-actualidad\\\/\",\"nextItem\":{\"@type\":\"ListItem\",\"@id\":\"https:\\\/\\\/eldigitaldeasturias.com\\\/magazine365\\\/air-europa-inaugura-su-nueva-ruta-entre-madrid-y-asuncion\\\/#listItem\",\"name\":\"Air Europa inaugura su nueva ruta entre Madrid y Asunci\\u00f3n\"},\"previousItem\":{\"@type\":\"ListItem\",\"@id\":\"https:\\\/\\\/eldigitaldeasturias.com\\\/magazine365#listItem\",\"name\":\"Home\"}},{\"@type\":\"ListItem\",\"@id\":\"https:\\\/\\\/eldigitaldeasturias.com\\\/magazine365\\\/air-europa-inaugura-su-nueva-ruta-entre-madrid-y-asuncion\\\/#listItem\",\"position\":3,\"name\":\"Air Europa inaugura su nueva ruta entre Madrid y Asunci\\u00f3n\",\"previousItem\":{\"@type\":\"ListItem\",\"@id\":\"https:\\\/\\\/eldigitaldeasturias.com\\\/magazine365\\\/category\\\/noticias-actualidad\\\/#listItem\",\"name\":\"Noticias y Actualidad\"}}]},{\"@type\":\"Organization\",\"@id\":\"https:\\\/\\\/eldigitaldeasturias.com\\\/magazine365\\\/#organization\",\"name\":\"El digital de Asturias\",\"description\":\"Revista de ocio, turismo y estilo de vida\",\"url\":\"https:\\\/\\\/eldigitaldeasturias.com\\\/magazine365\\\/\",\"logo\":{\"@type\":\"ImageObject\",\"url\":\"https:\\\/\\\/www.eldigitaldeasturias.com\\\/noticias\\\/wp-content\\\/uploads\\\/2020\\\/12\\\/EDA.jpg\",\"@id\":\"https:\\\/\\\/eldigitaldeasturias.com\\\/magazine365\\\/air-europa-inaugura-su-nueva-ruta-entre-madrid-y-asuncion\\\/#organizationLogo\"},\"image\":{\"@id\":\"https:\\\/\\\/eldigitaldeasturias.com\\\/magazine365\\\/air-europa-inaugura-su-nueva-ruta-entre-madrid-y-asuncion\\\/#organizationLogo\"}},{\"@type\":\"Person\",\"@id\":\"https:\\\/\\\/eldigitaldeasturias.com\\\/magazine365\\\/author\\\/admin\\\/#author\",\"url\":\"https:\\\/\\\/eldigitaldeasturias.com\\\/magazine365\\\/author\\\/admin\\\/\",\"name\":\"admin\",\"image\":{\"@type\":\"ImageObject\",\"@id\":\"https:\\\/\\\/eldigitaldeasturias.com\\\/magazine365\\\/air-europa-inaugura-su-nueva-ruta-entre-madrid-y-asuncion\\\/#authorImage\",\"url\":\"https:\\\/\\\/eldigitaldeasturias.com\\\/magazine365\\\/wp-content\\\/litespeed\\\/avatar\\\/e571bcf59a0edd6fa6838245a470f2fe.jpg?ver=1777574230\",\"width\":96,\"height\":96,\"caption\":\"admin\"}},{\"@type\":\"WebPage\",\"@id\":\"https:\\\/\\\/eldigitaldeasturias.com\\\/magazine365\\\/air-europa-inaugura-su-nueva-ruta-entre-madrid-y-asuncion\\\/#webpage\",\"url\":\"https:\\\/\\\/eldigitaldeasturias.com\\\/magazine365\\\/air-europa-inaugura-su-nueva-ruta-entre-madrid-y-asuncion\\\/\",\"name\":\"Air Europa inaugura su nueva ruta entre Madrid y Asunci\\u00f3n | El Digital de Asturias\",\"description\":\"Air Europa inaugur\\u00f3 esta madrugada su nueva ruta entre Madrid y Asunci\\u00f3n (Paraguay), minutos antes de las doce de la noche, con un A330-200 y una ocupaci\\u00f3n del 98% en la vuelo inaugural, seg\\u00fan ha informado la aerol\\u00ednea del grupo Globalia en un comunicado. Hace 21 a\\u00f1os, desde febrero de 1994, que no exist\\u00eda una\",\"inLanguage\":\"es-ES\",\"isPartOf\":{\"@id\":\"https:\\\/\\\/eldigitaldeasturias.com\\\/magazine365\\\/#website\"},\"breadcrumb\":{\"@id\":\"https:\\\/\\\/eldigitaldeasturias.com\\\/magazine365\\\/air-europa-inaugura-su-nueva-ruta-entre-madrid-y-asuncion\\\/#breadcrumblist\"},\"author\":{\"@id\":\"https:\\\/\\\/eldigitaldeasturias.com\\\/magazine365\\\/author\\\/admin\\\/#author\"},\"creator\":{\"@id\":\"https:\\\/\\\/eldigitaldeasturias.com\\\/magazine365\\\/author\\\/admin\\\/#author\"},\"image\":{\"@type\":\"ImageObject\",\"url\":\"https:\\\/\\\/eldigitaldeasturias.com\\\/magazine365\\\/wp-content\\\/uploads\\\/2015\\\/12\\\/fotonoticia_20151217143842_800.jpg\",\"@id\":\"https:\\\/\\\/eldigitaldeasturias.com\\\/magazine365\\\/air-europa-inaugura-su-nueva-ruta-entre-madrid-y-asuncion\\\/#mainImage\",\"width\":800,\"height\":533},\"primaryImageOfPage\":{\"@id\":\"https:\\\/\\\/eldigitaldeasturias.com\\\/magazine365\\\/air-europa-inaugura-su-nueva-ruta-entre-madrid-y-asuncion\\\/#mainImage\"},\"datePublished\":\"2015-12-17T17:25:40+01:00\",\"dateModified\":\"2015-12-17T17:25:40+01:00\"},{\"@type\":\"WebSite\",\"@id\":\"https:\\\/\\\/eldigitaldeasturias.com\\\/magazine365\\\/#website\",\"url\":\"https:\\\/\\\/eldigitaldeasturias.com\\\/magazine365\\\/\",\"name\":\"El Digital de Asturias\",\"description\":\"Revista de ocio, turismo y estilo de vida\",\"inLanguage\":\"es-ES\",\"publisher\":{\"@id\":\"https:\\\/\\\/eldigitaldeasturias.com\\\/magazine365\\\/#organization\"}}]}\n\t\t<\/script>\n\t\t<!-- All in One SEO Pro -->\r\n\t\t<title>Air Europa inaugura su nueva ruta entre Madrid y Asunci\u00f3n | El Digital de Asturias<\/title>\n\n","aioseo_head_json":{"title":"Air Europa inaugura su nueva ruta entre Madrid y Asunci\u00f3n | El Digital de Asturias","description":"Air Europa inaugur\u00f3 esta madrugada su nueva ruta entre Madrid y Asunci\u00f3n (Paraguay), minutos antes de las doce de la noche, con un A330-200 y una ocupaci\u00f3n del 98% en la vuelo inaugural, seg\u00fan ha informado la aerol\u00ednea del grupo Globalia en un comunicado. Hace 21 a\u00f1os, desde febrero de 1994, que no exist\u00eda una","canonical_url":"https:\/\/eldigitaldeasturias.com\/magazine365\/air-europa-inaugura-su-nueva-ruta-entre-madrid-y-asuncion\/","robots":"max-image-preview:large","keywords":"noticias y actualidad","webmasterTools":{"google-site-verification":"UA-38556648-1","miscellaneous":""},"schema":{"@context":"https:\/\/schema.org","@graph":[{"@type":"Article","@id":"https:\/\/eldigitaldeasturias.com\/magazine365\/air-europa-inaugura-su-nueva-ruta-entre-madrid-y-asuncion\/#article","name":"Air Europa inaugura su nueva ruta entre Madrid y Asunci\u00f3n | El Digital de Asturias","headline":"Air Europa inaugura su nueva ruta entre Madrid y Asunci\u00f3n","author":{"@id":"https:\/\/eldigitaldeasturias.com\/magazine365\/author\/admin\/#author"},"publisher":{"@id":"https:\/\/eldigitaldeasturias.com\/magazine365\/#organization"},"image":{"@type":"ImageObject","url":"https:\/\/eldigitaldeasturias.com\/magazine365\/wp-content\/uploads\/2015\/12\/fotonoticia_20151217143842_800.jpg","width":800,"height":533},"datePublished":"2015-12-17T17:25:40+01:00","dateModified":"2015-12-17T17:25:40+01:00","inLanguage":"es-ES","mainEntityOfPage":{"@id":"https:\/\/eldigitaldeasturias.com\/magazine365\/air-europa-inaugura-su-nueva-ruta-entre-madrid-y-asuncion\/#webpage"},"isPartOf":{"@id":"https:\/\/eldigitaldeasturias.com\/magazine365\/air-europa-inaugura-su-nueva-ruta-entre-madrid-y-asuncion\/#webpage"},"articleSection":"Noticias y Actualidad"},{"@type":"BreadcrumbList","@id":"https:\/\/eldigitaldeasturias.com\/magazine365\/air-europa-inaugura-su-nueva-ruta-entre-madrid-y-asuncion\/#breadcrumblist","itemListElement":[{"@type":"ListItem","@id":"https:\/\/eldigitaldeasturias.com\/magazine365#listItem","position":1,"name":"Home","item":"https:\/\/eldigitaldeasturias.com\/magazine365","nextItem":{"@type":"ListItem","@id":"https:\/\/eldigitaldeasturias.com\/magazine365\/category\/noticias-actualidad\/#listItem","name":"Noticias y Actualidad"}},{"@type":"ListItem","@id":"https:\/\/eldigitaldeasturias.com\/magazine365\/category\/noticias-actualidad\/#listItem","position":2,"name":"Noticias y Actualidad","item":"https:\/\/eldigitaldeasturias.com\/magazine365\/category\/noticias-actualidad\/","nextItem":{"@type":"ListItem","@id":"https:\/\/eldigitaldeasturias.com\/magazine365\/air-europa-inaugura-su-nueva-ruta-entre-madrid-y-asuncion\/#listItem","name":"Air Europa inaugura su nueva ruta entre Madrid y Asunci\u00f3n"},"previousItem":{"@type":"ListItem","@id":"https:\/\/eldigitaldeasturias.com\/magazine365#listItem","name":"Home"}},{"@type":"ListItem","@id":"https:\/\/eldigitaldeasturias.com\/magazine365\/air-europa-inaugura-su-nueva-ruta-entre-madrid-y-asuncion\/#listItem","position":3,"name":"Air Europa inaugura su nueva ruta entre Madrid y Asunci\u00f3n","previousItem":{"@type":"ListItem","@id":"https:\/\/eldigitaldeasturias.com\/magazine365\/category\/noticias-actualidad\/#listItem","name":"Noticias y Actualidad"}}]},{"@type":"Organization","@id":"https:\/\/eldigitaldeasturias.com\/magazine365\/#organization","name":"El digital de Asturias","description":"Revista de ocio, turismo y estilo de vida","url":"https:\/\/eldigitaldeasturias.com\/magazine365\/","logo":{"@type":"ImageObject","url":"https:\/\/www.eldigitaldeasturias.com\/noticias\/wp-content\/uploads\/2020\/12\/EDA.jpg","@id":"https:\/\/eldigitaldeasturias.com\/magazine365\/air-europa-inaugura-su-nueva-ruta-entre-madrid-y-asuncion\/#organizationLogo"},"image":{"@id":"https:\/\/eldigitaldeasturias.com\/magazine365\/air-europa-inaugura-su-nueva-ruta-entre-madrid-y-asuncion\/#organizationLogo"}},{"@type":"Person","@id":"https:\/\/eldigitaldeasturias.com\/magazine365\/author\/admin\/#author","url":"https:\/\/eldigitaldeasturias.com\/magazine365\/author\/admin\/","name":"admin","image":{"@type":"ImageObject","@id":"https:\/\/eldigitaldeasturias.com\/magazine365\/air-europa-inaugura-su-nueva-ruta-entre-madrid-y-asuncion\/#authorImage","url":"https:\/\/eldigitaldeasturias.com\/magazine365\/wp-content\/litespeed\/avatar\/e571bcf59a0edd6fa6838245a470f2fe.jpg?ver=1777574230","width":96,"height":96,"caption":"admin"}},{"@type":"WebPage","@id":"https:\/\/eldigitaldeasturias.com\/magazine365\/air-europa-inaugura-su-nueva-ruta-entre-madrid-y-asuncion\/#webpage","url":"https:\/\/eldigitaldeasturias.com\/magazine365\/air-europa-inaugura-su-nueva-ruta-entre-madrid-y-asuncion\/","name":"Air Europa inaugura su nueva ruta entre Madrid y Asunci\u00f3n | El Digital de Asturias","description":"Air Europa inaugur\u00f3 esta madrugada su nueva ruta entre Madrid y Asunci\u00f3n (Paraguay), minutos antes de las doce de la noche, con un A330-200 y una ocupaci\u00f3n del 98% en la vuelo inaugural, seg\u00fan ha informado la aerol\u00ednea del grupo Globalia en un comunicado. Hace 21 a\u00f1os, desde febrero de 1994, que no exist\u00eda una","inLanguage":"es-ES","isPartOf":{"@id":"https:\/\/eldigitaldeasturias.com\/magazine365\/#website"},"breadcrumb":{"@id":"https:\/\/eldigitaldeasturias.com\/magazine365\/air-europa-inaugura-su-nueva-ruta-entre-madrid-y-asuncion\/#breadcrumblist"},"author":{"@id":"https:\/\/eldigitaldeasturias.com\/magazine365\/author\/admin\/#author"},"creator":{"@id":"https:\/\/eldigitaldeasturias.com\/magazine365\/author\/admin\/#author"},"image":{"@type":"ImageObject","url":"https:\/\/eldigitaldeasturias.com\/magazine365\/wp-content\/uploads\/2015\/12\/fotonoticia_20151217143842_800.jpg","@id":"https:\/\/eldigitaldeasturias.com\/magazine365\/air-europa-inaugura-su-nueva-ruta-entre-madrid-y-asuncion\/#mainImage","width":800,"height":533},"primaryImageOfPage":{"@id":"https:\/\/eldigitaldeasturias.com\/magazine365\/air-europa-inaugura-su-nueva-ruta-entre-madrid-y-asuncion\/#mainImage"},"datePublished":"2015-12-17T17:25:40+01:00","dateModified":"2015-12-17T17:25:40+01:00"},{"@type":"WebSite","@id":"https:\/\/eldigitaldeasturias.com\/magazine365\/#website","url":"https:\/\/eldigitaldeasturias.com\/magazine365\/","name":"El Digital de Asturias","description":"Revista de ocio, turismo y estilo de vida","inLanguage":"es-ES","publisher":{"@id":"https:\/\/eldigitaldeasturias.com\/magazine365\/#organization"}}]},"og:locale":"es_ES","og:site_name":"El Digital de Asturias \u2013 Revista de ocio, turismo y estilo de vida","og:type":"article","og:title":"Air Europa inaugura su nueva ruta entre Madrid y Asunci\u00f3n | El Digital de Asturias","og:description":"Air Europa inaugur\u00f3 esta madrugada su nueva ruta entre Madrid y Asunci\u00f3n (Paraguay), minutos antes de las doce de la noche, con un A330-200 y una ocupaci\u00f3n del 98% en la vuelo inaugural, seg\u00fan ha informado la aerol\u00ednea del grupo Globalia en un comunicado. Hace 21 a\u00f1os, desde febrero de 1994, que no exist\u00eda una","og:url":"https:\/\/eldigitaldeasturias.com\/magazine365\/air-europa-inaugura-su-nueva-ruta-entre-madrid-y-asuncion\/","og:image":"https:\/\/eldigitaldeasturias.com\/magazine365\/wp-content\/uploads\/2015\/12\/fotonoticia_20151217143842_800.jpg","og:image:secure_url":"https:\/\/eldigitaldeasturias.com\/magazine365\/wp-content\/uploads\/2015\/12\/fotonoticia_20151217143842_800.jpg","og:image:width":800,"og:image:height":533,"article:published_time":"2015-12-17T16:25:40+00:00","article:modified_time":"2015-12-17T16:25:40+00:00","twitter:card":"summary_large_image","twitter:title":"Air Europa inaugura su nueva ruta entre Madrid y Asunci\u00f3n | El Digital de Asturias","twitter:description":"Air Europa inaugur\u00f3 esta madrugada su nueva ruta entre Madrid y Asunci\u00f3n (Paraguay), minutos antes de las doce de la noche, con un A330-200 y una ocupaci\u00f3n del 98% en la vuelo inaugural, seg\u00fan ha informado la aerol\u00ednea del grupo Globalia en un comunicado. Hace 21 a\u00f1os, desde febrero de 1994, que no exist\u00eda una","twitter:image":"https:\/\/eldigitaldeasturias.com\/magazine365\/wp-content\/uploads\/2015\/12\/fotonoticia_20151217143842_800.jpg"},"aioseo_meta_data":{"post_id":"58815","title":null,"description":null,"keywords":null,"keyphrases":null,"primary_term":null,"canonical_url":null,"og_title":null,"og_description":null,"og_object_type":"default","og_image_type":"default","og_image_url":null,"og_image_width":null,"og_image_height":null,"og_image_custom_url":null,"og_image_custom_fields":null,"og_video":null,"og_custom_url":null,"og_article_section":null,"og_article_tags":null,"twitter_use_og":false,"twitter_card":"default","twitter_image_type":"default","twitter_image_url":null,"twitter_image_custom_url":null,"twitter_image_custom_fields":null,"twitter_title":null,"twitter_description":null,"schema":{"blockGraphs":[],"customGraphs":[],"default":{"data":{"Article":[],"Course":[],"Dataset":[],"FAQPage":[],"Movie":[],"Person":[],"Product":[],"ProductReview":[],"Car":[],"Recipe":[],"Service":[],"SoftwareApplication":[],"WebPage":[]},"graphName":"","isEnabled":true},"graphs":[]},"schema_type":null,"schema_type_options":null,"pillar_content":false,"robots_default":true,"robots_noindex":false,"robots_noarchive":false,"robots_nosnippet":false,"robots_nofollow":false,"robots_noimageindex":false,"robots_noodp":false,"robots_notranslate":false,"robots_max_snippet":null,"robots_max_videopreview":null,"robots_max_imagepreview":"large","priority":null,"frequency":null,"location":null,"local_seo":null,"seo_analyzer_scan_date":"2025-09-25 03:42:25","breadcrumb_settings":null,"limit_modified_date":false,"open_ai":null,"ai":null,"created":"2021-03-08 22:24:43","updated":"2025-09-25 03:42:25"},"aioseo_breadcrumb":"<div class=\"aioseo-breadcrumbs\"><span class=\"aioseo-breadcrumb\">\n\t<a href=\"https:\/\/eldigitaldeasturias.com\/magazine365\" title=\"Home\">Home<\/a>\n<\/span><span class=\"aioseo-breadcrumb-separator\">\u2013<\/span><span class=\"aioseo-breadcrumb\">\n\t<a href=\"https:\/\/eldigitaldeasturias.com\/magazine365\/category\/noticias-actualidad\/\" title=\"Noticias y Actualidad\">Noticias y Actualidad<\/a>\n<\/span><span class=\"aioseo-breadcrumb-separator\">\u2013<\/span><span class=\"aioseo-breadcrumb\">\n\t<a href=\"https:\/\/eldigitaldeasturias.com\/magazine365\/air-europa-inaugura-su-nueva-ruta-entre-madrid-y-asuncion\/\" title=\"Air Europa inaugura su nueva ruta entre Madrid y Asunci\u00f3n\">Air Europa inaugura su nueva ruta entre Madrid y Asunci\u00f3n<\/a>\n<\/span><\/div>","aioseo_breadcrumb_json":[{"label":"Home","link":"https:\/\/eldigitaldeasturias.com\/magazine365"},{"label":"Noticias y Actualidad","link":"https:\/\/eldigitaldeasturias.com\/magazine365\/category\/noticias-actualidad\/"},{"label":"Air Europa inaugura su nueva ruta entre Madrid y Asunci\u00f3n","link":"https:\/\/eldigitaldeasturias.com\/magazine365\/air-europa-inaugura-su-nueva-ruta-entre-madrid-y-asuncion\/"}],"_links":{"self":[{"href":"https:\/\/eldigitaldeasturias.com\/magazine365\/wp-json\/wp\/v2\/posts\/58815","targetHints":{"allow":["GET"]}}],"collection":[{"href":"https:\/\/eldigitaldeasturias.com\/magazine365\/wp-json\/wp\/v2\/posts"}],"about":[{"href":"https:\/\/eldigitaldeasturias.com\/magazine365\/wp-json\/wp\/v2\/types\/post"}],"author":[{"embeddable":true,"href":"https:\/\/eldigitaldeasturias.com\/magazine365\/wp-json\/wp\/v2\/users\/1"}],"replies":[{"embeddable":true,"href":"https:\/\/eldigitaldeasturias.com\/magazine365\/wp-json\/wp\/v2\/comments?post=58815"}],"version-history":[{"count":0,"href":"https:\/\/eldigitaldeasturias.com\/magazine365\/wp-json\/wp\/v2\/posts\/58815\/revisions"}],"wp:featuredmedia":[{"embeddable":true,"href":"https:\/\/eldigitaldeasturias.com\/magazine365\/wp-json\/wp\/v2\/media\/58816"}],"wp:attachment":[{"href":"https:\/\/eldigitaldeasturias.com\/magazine365\/wp-json\/wp\/v2\/media?parent=58815"}],"wp:term":[{"taxonomy":"category","embeddable":true,"href":"https:\/\/eldigitaldeasturias.com\/magazine365\/wp-json\/wp\/v2\/categories?post=58815"},{"taxonomy":"post_tag","embeddable":true,"href":"https:\/\/eldigitaldeasturias.com\/magazine365\/wp-json\/wp\/v2\/tags?post=58815"}],"curies":[{"name":"wp","href":"https:\/\/api.w.org\/{rel}","templated":true}]}}