{"id":58812,"date":"2015-12-17T17:24:47","date_gmt":"2015-12-17T16:24:47","guid":{"rendered":"http:\/\/eldigitaldeasturias.com\/magazine365\/?p=58812"},"modified":"2015-12-17T17:24:47","modified_gmt":"2015-12-17T16:24:47","slug":"la-conexion-maritima-entre-malaga-y-melilla-cerrara-el-ano-con-mas-de-240-000-pasajeros","status":"publish","type":"post","link":"https:\/\/eldigitaldeasturias.com\/magazine365\/la-conexion-maritima-entre-malaga-y-melilla-cerrara-el-ano-con-mas-de-240-000-pasajeros\/","title":{"rendered":"La conexi\u00f3n mar\u00edtima entre M\u00e1laga y Melilla cerrar\u00e1 el a\u00f1o con m\u00e1s de 240.000 pasajeros"},"content":{"rendered":"<p><img fetchpriority=\"high\" decoding=\"async\" class=\"alignleft size-medium wp-image-58813\" src=\"https:\/\/eldigitaldeasturias.com\/magazine365\/wp-content\/uploads\/2015\/12\/fotonoticia_20151217142159_800-360x207.jpg\" alt=\"fotonoticia_20151217142159_800\" width=\"360\" height=\"207\" srcset=\"https:\/\/eldigitaldeasturias.com\/magazine365\/wp-content\/uploads\/2015\/12\/fotonoticia_20151217142159_800-360x207.jpg 360w, https:\/\/eldigitaldeasturias.com\/magazine365\/wp-content\/uploads\/2015\/12\/fotonoticia_20151217142159_800-650x373.jpg 650w, https:\/\/eldigitaldeasturias.com\/magazine365\/wp-content\/uploads\/2015\/12\/fotonoticia_20151217142159_800-768x441.jpg 768w, https:\/\/eldigitaldeasturias.com\/magazine365\/wp-content\/uploads\/2015\/12\/fotonoticia_20151217142159_800-150x86.jpg 150w, https:\/\/eldigitaldeasturias.com\/magazine365\/wp-content\/uploads\/2015\/12\/fotonoticia_20151217142159_800-450x258.jpg 450w, https:\/\/eldigitaldeasturias.com\/magazine365\/wp-content\/uploads\/2015\/12\/fotonoticia_20151217142159_800-696x399.jpg 696w, https:\/\/eldigitaldeasturias.com\/magazine365\/wp-content\/uploads\/2015\/12\/fotonoticia_20151217142159_800-732x420.jpg 732w, https:\/\/eldigitaldeasturias.com\/magazine365\/wp-content\/uploads\/2015\/12\/fotonoticia_20151217142159_800-172x100.jpg 172w, https:\/\/eldigitaldeasturias.com\/magazine365\/wp-content\/uploads\/2015\/12\/fotonoticia_20151217142159_800.jpg 800w\" sizes=\"(max-width: 360px) 100vw, 360px\" \/>La conexi\u00f3n mar\u00edtima entre las ciudad de M\u00e1laga y Melilla cerrar\u00e1 este a\u00f1o 2015 con m\u00e1s de 240.000 pasajeros. En concreto, hasta noviembre, 238.296 personas han viajado de una costa a otra en los buques de la compa\u00f1\u00eda Trasmediterr\u00e1nea, que opera en esta zona.<\/p>\n<p>Estos son datos de la Autoridad Portuaria de M\u00e1laga, cuyo presidente, Paulino Plata, ha se\u00f1alado este martes que la cifra de pasajeros supone un 21 por ciento m\u00e1s que en 2014. Adem\u00e1s, un total de 30.290 veh\u00edculos han sido transportados en r\u00e9gimen de pasaje entre M\u00e1laga y Melilla, un 24,5 por ciento m\u00e1s que el a\u00f1o anterior.<\/p>\n<p>En un acto institucional en el buque Fortuny de Trasmediterr\u00e1nea, que conecta ambas ciudades, Plata ha estado acompa\u00f1ado del alcalde de la capital, Francisco de la Torre, y el secretario general de Trasmediterr\u00e1nea, Mario Quero.<\/p>\n<p>El presidente de la Autoridad Portuaria ha vaticinado que ser\u00e1 \u00abun a\u00f1o espl\u00e9ndido\u00bb para el puerto de M\u00e1laga y ha valorado esta conexi\u00f3n entre la pen\u00ednsula y \u00c1frica porque \u00abtiene una gran tradici\u00f3n\u00bb y \u00abhay que mantenerla y revitalizarla\u00bb.<\/p>\n<p>Asimismo, ha asegurado que M\u00e1laga es \u00abla ciudad mar\u00edtima m\u00e1s importante en esta zona del mundo\u00bb y ha destacado la necesidad de reforzar la conexi\u00f3n de la capital con T\u00e1nger (Marruecos). \u00abTendr\u00eda muy buenos frutos y estamos dispuestos a poner lo necesario para ello\u00bb, ha se\u00f1alado.<\/p>\n<p>Plata ha informado de que la Autoridad Portuaria estima que si se lograra reforzar y ampliar la conexi\u00f3n con \u00c1frica \u00abse mover\u00edan ocho millones de personas entre las dos costas\u00bb. \u00abTenemos que participar de forma m\u00e1s intensa en este tr\u00e1fico de personas, mercanc\u00edas y veh\u00edculos para la prosperidad de M\u00e1laga\u00bb, ha apostillado.<\/p>\n<p>Por su parte, el alcalde de la capital ha calificado de \u00abhist\u00f3rica\u00bb esta l\u00ednea mar\u00edtima y ha subrayado la importancia de que este servicio tenga \u00abla mayor calidad y confort posible\u00bb.<\/p>\n<p>Adem\u00e1s, en la misma l\u00ednea que Plata, De la Torre ha pedido que la sociedad civil de M\u00e1laga y T\u00e1nger se vincule con proyectos en com\u00fan. \u00abEspero que la capital siempre sea una ciudad de referencia en la pen\u00ednsula para nuestros hermanos de Melilla\u00bb, ha a\u00f1adido el regidor.<\/p>\n<p>Por \u00faltimo, el director general de Trasmediterr\u00e1nea se ha comprometido a que la conexi\u00f3n entre ambas costas ser\u00e1 \u00abde calidad\u00bb y se ha mostrado \u00aborgulloso\u00bb de participar en el desarrollo econ\u00f3mico de M\u00e1laga.<\/p>\n<p>CONEXI\u00d3N M\u00c1LAGA-MELILLA<\/p>\n<p>El buque Fortuny se incorpor\u00f3 el pasado mes de mayo a la l\u00ednea de M\u00e1laga-Melilla, donde presta servicio a lo largo de la semana. Los lunes, su buque gemelo Sorolla cubre tambi\u00e9n dicha l\u00ednea.<\/p>\n<p>La programaci\u00f3n se refuerza con un buque de alta velocidad en temporada alta que operar\u00e1 tambi\u00e9n esta Navidad. Por un lado, las salidas del buque Fortuny desde M\u00e1laga est\u00e1n programadas de martes a s\u00e1bados a las 14.40 horas y domingos a las 23.00 horas.<\/p>\n<p>Las llegadas del Fortuny a Melilla son a las 20.45 y 07.00 horas, respectivamente. Por otro lado, las salidas del buque Sorolla desde M\u00e1laga son a las 00.30 horas del lunes al martes.<\/p>\n<p>La capacidad de ambos buques es de 1.000 pasajeros, contando con clase preferente y turista, camarotes para discapacitados y un garaje de hasta 1.800 metros lineales de carga y capacidad para 330 veh\u00edculos.<\/p>\n","protected":false},"excerpt":{"rendered":"<p>La conexi\u00f3n mar\u00edtima entre las ciudad de M\u00e1laga y Melilla cerrar\u00e1 este a\u00f1o 2015 con m\u00e1s de 240.000 pasajeros. En concreto, hasta noviembre, 238.296 personas han viajado de una costa a otra en los buques de la compa\u00f1\u00eda Trasmediterr\u00e1nea, que opera en esta zona. Estos son datos de la Autoridad Portuaria de M\u00e1laga, cuyo presidente,<\/p>\n","protected":false},"author":1,"featured_media":58813,"comment_status":"open","ping_status":"closed","sticky":false,"template":"","format":"standard","meta":{"footnotes":""},"categories":[224],"tags":[],"class_list":{"0":"post-58812","1":"post","2":"type-post","3":"status-publish","4":"format-standard","5":"has-post-thumbnail","7":"category-noticias-actualidad"},"aioseo_notices":[],"aioseo_head":"\n\t\t<!-- All in One SEO Pro 4.9.6.1 - aioseo.com -->\n\t<meta name=\"description\" content=\"La conexi\u00f3n mar\u00edtima entre las ciudad de M\u00e1laga y Melilla cerrar\u00e1 este a\u00f1o 2015 con m\u00e1s de 240.000 pasajeros. En concreto, hasta noviembre, 238.296 personas han viajado de una costa a otra en los buques de la compa\u00f1\u00eda Trasmediterr\u00e1nea, que opera en esta zona. Estos son datos de la Autoridad Portuaria de M\u00e1laga, cuyo presidente,\" \/>\n\t<meta name=\"robots\" content=\"max-image-preview:large\" \/>\n\t<meta name=\"author\" content=\"admin\"\/>\n\t<meta name=\"google-site-verification\" content=\"UA-38556648-1\" \/>\n\t<meta name=\"keywords\" content=\"noticias y actualidad\" \/>\n\t<link rel=\"canonical\" href=\"https:\/\/eldigitaldeasturias.com\/magazine365\/la-conexion-maritima-entre-malaga-y-melilla-cerrara-el-ano-con-mas-de-240-000-pasajeros\/\" \/>\n\t<meta name=\"generator\" content=\"All in One SEO Pro (AIOSEO) 4.9.6.1\" \/>\n\t\t<meta property=\"og:locale\" content=\"es_ES\" \/>\n\t\t<meta property=\"og:site_name\" content=\"El Digital de Asturias \u2013 Revista de ocio, turismo y estilo de vida\" \/>\n\t\t<meta property=\"og:type\" content=\"article\" \/>\n\t\t<meta property=\"og:title\" content=\"La conexi\u00f3n mar\u00edtima entre M\u00e1laga y Melilla cerrar\u00e1 el a\u00f1o con m\u00e1s de 240.000 pasajeros | El Digital de Asturias\" \/>\n\t\t<meta property=\"og:description\" content=\"La conexi\u00f3n mar\u00edtima entre las ciudad de M\u00e1laga y Melilla cerrar\u00e1 este a\u00f1o 2015 con m\u00e1s de 240.000 pasajeros. En concreto, hasta noviembre, 238.296 personas han viajado de una costa a otra en los buques de la compa\u00f1\u00eda Trasmediterr\u00e1nea, que opera en esta zona. Estos son datos de la Autoridad Portuaria de M\u00e1laga, cuyo presidente,\" \/>\n\t\t<meta property=\"og:url\" content=\"https:\/\/eldigitaldeasturias.com\/magazine365\/la-conexion-maritima-entre-malaga-y-melilla-cerrara-el-ano-con-mas-de-240-000-pasajeros\/\" \/>\n\t\t<meta property=\"og:image\" content=\"https:\/\/eldigitaldeasturias.com\/magazine365\/wp-content\/uploads\/2015\/12\/fotonoticia_20151217142159_800.jpg\" \/>\n\t\t<meta property=\"og:image:secure_url\" content=\"https:\/\/eldigitaldeasturias.com\/magazine365\/wp-content\/uploads\/2015\/12\/fotonoticia_20151217142159_800.jpg\" \/>\n\t\t<meta property=\"og:image:width\" content=\"800\" \/>\n\t\t<meta property=\"og:image:height\" content=\"459\" \/>\n\t\t<meta property=\"article:published_time\" content=\"2015-12-17T16:24:47+00:00\" \/>\n\t\t<meta property=\"article:modified_time\" content=\"2015-12-17T16:24:47+00:00\" \/>\n\t\t<meta name=\"twitter:card\" content=\"summary_large_image\" \/>\n\t\t<meta name=\"twitter:title\" content=\"La conexi\u00f3n mar\u00edtima entre M\u00e1laga y Melilla cerrar\u00e1 el a\u00f1o con m\u00e1s de 240.000 pasajeros | El Digital de Asturias\" \/>\n\t\t<meta name=\"twitter:description\" content=\"La conexi\u00f3n mar\u00edtima entre las ciudad de M\u00e1laga y Melilla cerrar\u00e1 este a\u00f1o 2015 con m\u00e1s de 240.000 pasajeros. En concreto, hasta noviembre, 238.296 personas han viajado de una costa a otra en los buques de la compa\u00f1\u00eda Trasmediterr\u00e1nea, que opera en esta zona. Estos son datos de la Autoridad Portuaria de M\u00e1laga, cuyo presidente,\" \/>\n\t\t<meta name=\"twitter:image\" content=\"https:\/\/eldigitaldeasturias.com\/magazine365\/wp-content\/uploads\/2015\/12\/fotonoticia_20151217142159_800.jpg\" \/>\n\t\t<script type=\"application\/ld+json\" class=\"aioseo-schema\">\n\t\t\t{\"@context\":\"https:\\\/\\\/schema.org\",\"@graph\":[{\"@type\":\"Article\",\"@id\":\"https:\\\/\\\/eldigitaldeasturias.com\\\/magazine365\\\/la-conexion-maritima-entre-malaga-y-melilla-cerrara-el-ano-con-mas-de-240-000-pasajeros\\\/#article\",\"name\":\"La conexi\\u00f3n mar\\u00edtima entre M\\u00e1laga y Melilla cerrar\\u00e1 el a\\u00f1o con m\\u00e1s de 240.000 pasajeros | El Digital de Asturias\",\"headline\":\"La conexi\\u00f3n mar\\u00edtima entre M\\u00e1laga y Melilla cerrar\\u00e1 el a\\u00f1o con m\\u00e1s de 240.000 pasajeros\",\"author\":{\"@id\":\"https:\\\/\\\/eldigitaldeasturias.com\\\/magazine365\\\/author\\\/admin\\\/#author\"},\"publisher\":{\"@id\":\"https:\\\/\\\/eldigitaldeasturias.com\\\/magazine365\\\/#organization\"},\"image\":{\"@type\":\"ImageObject\",\"url\":\"https:\\\/\\\/eldigitaldeasturias.com\\\/magazine365\\\/wp-content\\\/uploads\\\/2015\\\/12\\\/fotonoticia_20151217142159_800.jpg\",\"width\":800,\"height\":459},\"datePublished\":\"2015-12-17T17:24:47+01:00\",\"dateModified\":\"2015-12-17T17:24:47+01:00\",\"inLanguage\":\"es-ES\",\"mainEntityOfPage\":{\"@id\":\"https:\\\/\\\/eldigitaldeasturias.com\\\/magazine365\\\/la-conexion-maritima-entre-malaga-y-melilla-cerrara-el-ano-con-mas-de-240-000-pasajeros\\\/#webpage\"},\"isPartOf\":{\"@id\":\"https:\\\/\\\/eldigitaldeasturias.com\\\/magazine365\\\/la-conexion-maritima-entre-malaga-y-melilla-cerrara-el-ano-con-mas-de-240-000-pasajeros\\\/#webpage\"},\"articleSection\":\"Noticias y Actualidad\"},{\"@type\":\"BreadcrumbList\",\"@id\":\"https:\\\/\\\/eldigitaldeasturias.com\\\/magazine365\\\/la-conexion-maritima-entre-malaga-y-melilla-cerrara-el-ano-con-mas-de-240-000-pasajeros\\\/#breadcrumblist\",\"itemListElement\":[{\"@type\":\"ListItem\",\"@id\":\"https:\\\/\\\/eldigitaldeasturias.com\\\/magazine365#listItem\",\"position\":1,\"name\":\"Home\",\"item\":\"https:\\\/\\\/eldigitaldeasturias.com\\\/magazine365\",\"nextItem\":{\"@type\":\"ListItem\",\"@id\":\"https:\\\/\\\/eldigitaldeasturias.com\\\/magazine365\\\/category\\\/noticias-actualidad\\\/#listItem\",\"name\":\"Noticias y Actualidad\"}},{\"@type\":\"ListItem\",\"@id\":\"https:\\\/\\\/eldigitaldeasturias.com\\\/magazine365\\\/category\\\/noticias-actualidad\\\/#listItem\",\"position\":2,\"name\":\"Noticias y Actualidad\",\"item\":\"https:\\\/\\\/eldigitaldeasturias.com\\\/magazine365\\\/category\\\/noticias-actualidad\\\/\",\"nextItem\":{\"@type\":\"ListItem\",\"@id\":\"https:\\\/\\\/eldigitaldeasturias.com\\\/magazine365\\\/la-conexion-maritima-entre-malaga-y-melilla-cerrara-el-ano-con-mas-de-240-000-pasajeros\\\/#listItem\",\"name\":\"La conexi\\u00f3n mar\\u00edtima entre M\\u00e1laga y Melilla cerrar\\u00e1 el a\\u00f1o con m\\u00e1s de 240.000 pasajeros\"},\"previousItem\":{\"@type\":\"ListItem\",\"@id\":\"https:\\\/\\\/eldigitaldeasturias.com\\\/magazine365#listItem\",\"name\":\"Home\"}},{\"@type\":\"ListItem\",\"@id\":\"https:\\\/\\\/eldigitaldeasturias.com\\\/magazine365\\\/la-conexion-maritima-entre-malaga-y-melilla-cerrara-el-ano-con-mas-de-240-000-pasajeros\\\/#listItem\",\"position\":3,\"name\":\"La conexi\\u00f3n mar\\u00edtima entre M\\u00e1laga y Melilla cerrar\\u00e1 el a\\u00f1o con m\\u00e1s de 240.000 pasajeros\",\"previousItem\":{\"@type\":\"ListItem\",\"@id\":\"https:\\\/\\\/eldigitaldeasturias.com\\\/magazine365\\\/category\\\/noticias-actualidad\\\/#listItem\",\"name\":\"Noticias y Actualidad\"}}]},{\"@type\":\"Organization\",\"@id\":\"https:\\\/\\\/eldigitaldeasturias.com\\\/magazine365\\\/#organization\",\"name\":\"El digital de Asturias\",\"description\":\"Revista de ocio, turismo y estilo de vida\",\"url\":\"https:\\\/\\\/eldigitaldeasturias.com\\\/magazine365\\\/\",\"logo\":{\"@type\":\"ImageObject\",\"url\":\"https:\\\/\\\/www.eldigitaldeasturias.com\\\/noticias\\\/wp-content\\\/uploads\\\/2020\\\/12\\\/EDA.jpg\",\"@id\":\"https:\\\/\\\/eldigitaldeasturias.com\\\/magazine365\\\/la-conexion-maritima-entre-malaga-y-melilla-cerrara-el-ano-con-mas-de-240-000-pasajeros\\\/#organizationLogo\"},\"image\":{\"@id\":\"https:\\\/\\\/eldigitaldeasturias.com\\\/magazine365\\\/la-conexion-maritima-entre-malaga-y-melilla-cerrara-el-ano-con-mas-de-240-000-pasajeros\\\/#organizationLogo\"}},{\"@type\":\"Person\",\"@id\":\"https:\\\/\\\/eldigitaldeasturias.com\\\/magazine365\\\/author\\\/admin\\\/#author\",\"url\":\"https:\\\/\\\/eldigitaldeasturias.com\\\/magazine365\\\/author\\\/admin\\\/\",\"name\":\"admin\",\"image\":{\"@type\":\"ImageObject\",\"@id\":\"https:\\\/\\\/eldigitaldeasturias.com\\\/magazine365\\\/la-conexion-maritima-entre-malaga-y-melilla-cerrara-el-ano-con-mas-de-240-000-pasajeros\\\/#authorImage\",\"url\":\"https:\\\/\\\/eldigitaldeasturias.com\\\/magazine365\\\/wp-content\\\/litespeed\\\/avatar\\\/e571bcf59a0edd6fa6838245a470f2fe.jpg?ver=1777574230\",\"width\":96,\"height\":96,\"caption\":\"admin\"}},{\"@type\":\"WebPage\",\"@id\":\"https:\\\/\\\/eldigitaldeasturias.com\\\/magazine365\\\/la-conexion-maritima-entre-malaga-y-melilla-cerrara-el-ano-con-mas-de-240-000-pasajeros\\\/#webpage\",\"url\":\"https:\\\/\\\/eldigitaldeasturias.com\\\/magazine365\\\/la-conexion-maritima-entre-malaga-y-melilla-cerrara-el-ano-con-mas-de-240-000-pasajeros\\\/\",\"name\":\"La conexi\\u00f3n mar\\u00edtima entre M\\u00e1laga y Melilla cerrar\\u00e1 el a\\u00f1o con m\\u00e1s de 240.000 pasajeros | El Digital de Asturias\",\"description\":\"La conexi\\u00f3n mar\\u00edtima entre las ciudad de M\\u00e1laga y Melilla cerrar\\u00e1 este a\\u00f1o 2015 con m\\u00e1s de 240.000 pasajeros. En concreto, hasta noviembre, 238.296 personas han viajado de una costa a otra en los buques de la compa\\u00f1\\u00eda Trasmediterr\\u00e1nea, que opera en esta zona. Estos son datos de la Autoridad Portuaria de M\\u00e1laga, cuyo presidente,\",\"inLanguage\":\"es-ES\",\"isPartOf\":{\"@id\":\"https:\\\/\\\/eldigitaldeasturias.com\\\/magazine365\\\/#website\"},\"breadcrumb\":{\"@id\":\"https:\\\/\\\/eldigitaldeasturias.com\\\/magazine365\\\/la-conexion-maritima-entre-malaga-y-melilla-cerrara-el-ano-con-mas-de-240-000-pasajeros\\\/#breadcrumblist\"},\"author\":{\"@id\":\"https:\\\/\\\/eldigitaldeasturias.com\\\/magazine365\\\/author\\\/admin\\\/#author\"},\"creator\":{\"@id\":\"https:\\\/\\\/eldigitaldeasturias.com\\\/magazine365\\\/author\\\/admin\\\/#author\"},\"image\":{\"@type\":\"ImageObject\",\"url\":\"https:\\\/\\\/eldigitaldeasturias.com\\\/magazine365\\\/wp-content\\\/uploads\\\/2015\\\/12\\\/fotonoticia_20151217142159_800.jpg\",\"@id\":\"https:\\\/\\\/eldigitaldeasturias.com\\\/magazine365\\\/la-conexion-maritima-entre-malaga-y-melilla-cerrara-el-ano-con-mas-de-240-000-pasajeros\\\/#mainImage\",\"width\":800,\"height\":459},\"primaryImageOfPage\":{\"@id\":\"https:\\\/\\\/eldigitaldeasturias.com\\\/magazine365\\\/la-conexion-maritima-entre-malaga-y-melilla-cerrara-el-ano-con-mas-de-240-000-pasajeros\\\/#mainImage\"},\"datePublished\":\"2015-12-17T17:24:47+01:00\",\"dateModified\":\"2015-12-17T17:24:47+01:00\"},{\"@type\":\"WebSite\",\"@id\":\"https:\\\/\\\/eldigitaldeasturias.com\\\/magazine365\\\/#website\",\"url\":\"https:\\\/\\\/eldigitaldeasturias.com\\\/magazine365\\\/\",\"name\":\"El Digital de Asturias\",\"description\":\"Revista de ocio, turismo y estilo de vida\",\"inLanguage\":\"es-ES\",\"publisher\":{\"@id\":\"https:\\\/\\\/eldigitaldeasturias.com\\\/magazine365\\\/#organization\"}}]}\n\t\t<\/script>\n\t\t<!-- All in One SEO Pro -->\r\n\t\t<title>La conexi\u00f3n mar\u00edtima entre M\u00e1laga y Melilla cerrar\u00e1 el a\u00f1o con m\u00e1s de 240.000 pasajeros | El Digital de Asturias<\/title>\n\n","aioseo_head_json":{"title":"La conexi\u00f3n mar\u00edtima entre M\u00e1laga y Melilla cerrar\u00e1 el a\u00f1o con m\u00e1s de 240.000 pasajeros | El Digital de Asturias","description":"La conexi\u00f3n mar\u00edtima entre las ciudad de M\u00e1laga y Melilla cerrar\u00e1 este a\u00f1o 2015 con m\u00e1s de 240.000 pasajeros. En concreto, hasta noviembre, 238.296 personas han viajado de una costa a otra en los buques de la compa\u00f1\u00eda Trasmediterr\u00e1nea, que opera en esta zona. Estos son datos de la Autoridad Portuaria de M\u00e1laga, cuyo presidente,","canonical_url":"https:\/\/eldigitaldeasturias.com\/magazine365\/la-conexion-maritima-entre-malaga-y-melilla-cerrara-el-ano-con-mas-de-240-000-pasajeros\/","robots":"max-image-preview:large","keywords":"noticias y actualidad","webmasterTools":{"google-site-verification":"UA-38556648-1","miscellaneous":""},"schema":{"@context":"https:\/\/schema.org","@graph":[{"@type":"Article","@id":"https:\/\/eldigitaldeasturias.com\/magazine365\/la-conexion-maritima-entre-malaga-y-melilla-cerrara-el-ano-con-mas-de-240-000-pasajeros\/#article","name":"La conexi\u00f3n mar\u00edtima entre M\u00e1laga y Melilla cerrar\u00e1 el a\u00f1o con m\u00e1s de 240.000 pasajeros | El Digital de Asturias","headline":"La conexi\u00f3n mar\u00edtima entre M\u00e1laga y Melilla cerrar\u00e1 el a\u00f1o con m\u00e1s de 240.000 pasajeros","author":{"@id":"https:\/\/eldigitaldeasturias.com\/magazine365\/author\/admin\/#author"},"publisher":{"@id":"https:\/\/eldigitaldeasturias.com\/magazine365\/#organization"},"image":{"@type":"ImageObject","url":"https:\/\/eldigitaldeasturias.com\/magazine365\/wp-content\/uploads\/2015\/12\/fotonoticia_20151217142159_800.jpg","width":800,"height":459},"datePublished":"2015-12-17T17:24:47+01:00","dateModified":"2015-12-17T17:24:47+01:00","inLanguage":"es-ES","mainEntityOfPage":{"@id":"https:\/\/eldigitaldeasturias.com\/magazine365\/la-conexion-maritima-entre-malaga-y-melilla-cerrara-el-ano-con-mas-de-240-000-pasajeros\/#webpage"},"isPartOf":{"@id":"https:\/\/eldigitaldeasturias.com\/magazine365\/la-conexion-maritima-entre-malaga-y-melilla-cerrara-el-ano-con-mas-de-240-000-pasajeros\/#webpage"},"articleSection":"Noticias y Actualidad"},{"@type":"BreadcrumbList","@id":"https:\/\/eldigitaldeasturias.com\/magazine365\/la-conexion-maritima-entre-malaga-y-melilla-cerrara-el-ano-con-mas-de-240-000-pasajeros\/#breadcrumblist","itemListElement":[{"@type":"ListItem","@id":"https:\/\/eldigitaldeasturias.com\/magazine365#listItem","position":1,"name":"Home","item":"https:\/\/eldigitaldeasturias.com\/magazine365","nextItem":{"@type":"ListItem","@id":"https:\/\/eldigitaldeasturias.com\/magazine365\/category\/noticias-actualidad\/#listItem","name":"Noticias y Actualidad"}},{"@type":"ListItem","@id":"https:\/\/eldigitaldeasturias.com\/magazine365\/category\/noticias-actualidad\/#listItem","position":2,"name":"Noticias y Actualidad","item":"https:\/\/eldigitaldeasturias.com\/magazine365\/category\/noticias-actualidad\/","nextItem":{"@type":"ListItem","@id":"https:\/\/eldigitaldeasturias.com\/magazine365\/la-conexion-maritima-entre-malaga-y-melilla-cerrara-el-ano-con-mas-de-240-000-pasajeros\/#listItem","name":"La conexi\u00f3n mar\u00edtima entre M\u00e1laga y Melilla cerrar\u00e1 el a\u00f1o con m\u00e1s de 240.000 pasajeros"},"previousItem":{"@type":"ListItem","@id":"https:\/\/eldigitaldeasturias.com\/magazine365#listItem","name":"Home"}},{"@type":"ListItem","@id":"https:\/\/eldigitaldeasturias.com\/magazine365\/la-conexion-maritima-entre-malaga-y-melilla-cerrara-el-ano-con-mas-de-240-000-pasajeros\/#listItem","position":3,"name":"La conexi\u00f3n mar\u00edtima entre M\u00e1laga y Melilla cerrar\u00e1 el a\u00f1o con m\u00e1s de 240.000 pasajeros","previousItem":{"@type":"ListItem","@id":"https:\/\/eldigitaldeasturias.com\/magazine365\/category\/noticias-actualidad\/#listItem","name":"Noticias y Actualidad"}}]},{"@type":"Organization","@id":"https:\/\/eldigitaldeasturias.com\/magazine365\/#organization","name":"El digital de Asturias","description":"Revista de ocio, turismo y estilo de vida","url":"https:\/\/eldigitaldeasturias.com\/magazine365\/","logo":{"@type":"ImageObject","url":"https:\/\/www.eldigitaldeasturias.com\/noticias\/wp-content\/uploads\/2020\/12\/EDA.jpg","@id":"https:\/\/eldigitaldeasturias.com\/magazine365\/la-conexion-maritima-entre-malaga-y-melilla-cerrara-el-ano-con-mas-de-240-000-pasajeros\/#organizationLogo"},"image":{"@id":"https:\/\/eldigitaldeasturias.com\/magazine365\/la-conexion-maritima-entre-malaga-y-melilla-cerrara-el-ano-con-mas-de-240-000-pasajeros\/#organizationLogo"}},{"@type":"Person","@id":"https:\/\/eldigitaldeasturias.com\/magazine365\/author\/admin\/#author","url":"https:\/\/eldigitaldeasturias.com\/magazine365\/author\/admin\/","name":"admin","image":{"@type":"ImageObject","@id":"https:\/\/eldigitaldeasturias.com\/magazine365\/la-conexion-maritima-entre-malaga-y-melilla-cerrara-el-ano-con-mas-de-240-000-pasajeros\/#authorImage","url":"https:\/\/eldigitaldeasturias.com\/magazine365\/wp-content\/litespeed\/avatar\/e571bcf59a0edd6fa6838245a470f2fe.jpg?ver=1777574230","width":96,"height":96,"caption":"admin"}},{"@type":"WebPage","@id":"https:\/\/eldigitaldeasturias.com\/magazine365\/la-conexion-maritima-entre-malaga-y-melilla-cerrara-el-ano-con-mas-de-240-000-pasajeros\/#webpage","url":"https:\/\/eldigitaldeasturias.com\/magazine365\/la-conexion-maritima-entre-malaga-y-melilla-cerrara-el-ano-con-mas-de-240-000-pasajeros\/","name":"La conexi\u00f3n mar\u00edtima entre M\u00e1laga y Melilla cerrar\u00e1 el a\u00f1o con m\u00e1s de 240.000 pasajeros | El Digital de Asturias","description":"La conexi\u00f3n mar\u00edtima entre las ciudad de M\u00e1laga y Melilla cerrar\u00e1 este a\u00f1o 2015 con m\u00e1s de 240.000 pasajeros. En concreto, hasta noviembre, 238.296 personas han viajado de una costa a otra en los buques de la compa\u00f1\u00eda Trasmediterr\u00e1nea, que opera en esta zona. Estos son datos de la Autoridad Portuaria de M\u00e1laga, cuyo presidente,","inLanguage":"es-ES","isPartOf":{"@id":"https:\/\/eldigitaldeasturias.com\/magazine365\/#website"},"breadcrumb":{"@id":"https:\/\/eldigitaldeasturias.com\/magazine365\/la-conexion-maritima-entre-malaga-y-melilla-cerrara-el-ano-con-mas-de-240-000-pasajeros\/#breadcrumblist"},"author":{"@id":"https:\/\/eldigitaldeasturias.com\/magazine365\/author\/admin\/#author"},"creator":{"@id":"https:\/\/eldigitaldeasturias.com\/magazine365\/author\/admin\/#author"},"image":{"@type":"ImageObject","url":"https:\/\/eldigitaldeasturias.com\/magazine365\/wp-content\/uploads\/2015\/12\/fotonoticia_20151217142159_800.jpg","@id":"https:\/\/eldigitaldeasturias.com\/magazine365\/la-conexion-maritima-entre-malaga-y-melilla-cerrara-el-ano-con-mas-de-240-000-pasajeros\/#mainImage","width":800,"height":459},"primaryImageOfPage":{"@id":"https:\/\/eldigitaldeasturias.com\/magazine365\/la-conexion-maritima-entre-malaga-y-melilla-cerrara-el-ano-con-mas-de-240-000-pasajeros\/#mainImage"},"datePublished":"2015-12-17T17:24:47+01:00","dateModified":"2015-12-17T17:24:47+01:00"},{"@type":"WebSite","@id":"https:\/\/eldigitaldeasturias.com\/magazine365\/#website","url":"https:\/\/eldigitaldeasturias.com\/magazine365\/","name":"El Digital de Asturias","description":"Revista de ocio, turismo y estilo de vida","inLanguage":"es-ES","publisher":{"@id":"https:\/\/eldigitaldeasturias.com\/magazine365\/#organization"}}]},"og:locale":"es_ES","og:site_name":"El Digital de Asturias \u2013 Revista de ocio, turismo y estilo de vida","og:type":"article","og:title":"La conexi\u00f3n mar\u00edtima entre M\u00e1laga y Melilla cerrar\u00e1 el a\u00f1o con m\u00e1s de 240.000 pasajeros | El Digital de Asturias","og:description":"La conexi\u00f3n mar\u00edtima entre las ciudad de M\u00e1laga y Melilla cerrar\u00e1 este a\u00f1o 2015 con m\u00e1s de 240.000 pasajeros. En concreto, hasta noviembre, 238.296 personas han viajado de una costa a otra en los buques de la compa\u00f1\u00eda Trasmediterr\u00e1nea, que opera en esta zona. Estos son datos de la Autoridad Portuaria de M\u00e1laga, cuyo presidente,","og:url":"https:\/\/eldigitaldeasturias.com\/magazine365\/la-conexion-maritima-entre-malaga-y-melilla-cerrara-el-ano-con-mas-de-240-000-pasajeros\/","og:image":"https:\/\/eldigitaldeasturias.com\/magazine365\/wp-content\/uploads\/2015\/12\/fotonoticia_20151217142159_800.jpg","og:image:secure_url":"https:\/\/eldigitaldeasturias.com\/magazine365\/wp-content\/uploads\/2015\/12\/fotonoticia_20151217142159_800.jpg","og:image:width":800,"og:image:height":459,"article:published_time":"2015-12-17T16:24:47+00:00","article:modified_time":"2015-12-17T16:24:47+00:00","twitter:card":"summary_large_image","twitter:title":"La conexi\u00f3n mar\u00edtima entre M\u00e1laga y Melilla cerrar\u00e1 el a\u00f1o con m\u00e1s de 240.000 pasajeros | El Digital de Asturias","twitter:description":"La conexi\u00f3n mar\u00edtima entre las ciudad de M\u00e1laga y Melilla cerrar\u00e1 este a\u00f1o 2015 con m\u00e1s de 240.000 pasajeros. En concreto, hasta noviembre, 238.296 personas han viajado de una costa a otra en los buques de la compa\u00f1\u00eda Trasmediterr\u00e1nea, que opera en esta zona. Estos son datos de la Autoridad Portuaria de M\u00e1laga, cuyo presidente,","twitter:image":"https:\/\/eldigitaldeasturias.com\/magazine365\/wp-content\/uploads\/2015\/12\/fotonoticia_20151217142159_800.jpg"},"aioseo_meta_data":{"post_id":"58812","title":null,"description":null,"keywords":null,"keyphrases":null,"primary_term":null,"canonical_url":null,"og_title":null,"og_description":null,"og_object_type":"default","og_image_type":"default","og_image_url":null,"og_image_width":null,"og_image_height":null,"og_image_custom_url":null,"og_image_custom_fields":null,"og_video":null,"og_custom_url":null,"og_article_section":null,"og_article_tags":null,"twitter_use_og":false,"twitter_card":"default","twitter_image_type":"default","twitter_image_url":null,"twitter_image_custom_url":null,"twitter_image_custom_fields":null,"twitter_title":null,"twitter_description":null,"schema":{"blockGraphs":[],"customGraphs":[],"default":{"data":{"Article":[],"Course":[],"Dataset":[],"FAQPage":[],"Movie":[],"Person":[],"Product":[],"ProductReview":[],"Car":[],"Recipe":[],"Service":[],"SoftwareApplication":[],"WebPage":[]},"graphName":"","isEnabled":true},"graphs":[],"defaultGraph":"","defaultPostTypeGraph":""},"schema_type":null,"schema_type_options":null,"pillar_content":false,"robots_default":true,"robots_noindex":false,"robots_noarchive":false,"robots_nosnippet":false,"robots_nofollow":false,"robots_noimageindex":false,"robots_noodp":false,"robots_notranslate":false,"robots_max_snippet":null,"robots_max_videopreview":null,"robots_max_imagepreview":"large","priority":null,"frequency":null,"location":null,"local_seo":null,"seo_analyzer_scan_date":"2025-09-25 03:42:24","breadcrumb_settings":null,"limit_modified_date":false,"open_ai":null,"ai":null,"created":"2021-03-08 22:24:43","updated":"2025-09-25 03:42:24"},"aioseo_breadcrumb":"<div class=\"aioseo-breadcrumbs\"><span class=\"aioseo-breadcrumb\">\n\t<a href=\"https:\/\/eldigitaldeasturias.com\/magazine365\" title=\"Home\">Home<\/a>\n<\/span><span class=\"aioseo-breadcrumb-separator\">\u2013<\/span><span class=\"aioseo-breadcrumb\">\n\t<a href=\"https:\/\/eldigitaldeasturias.com\/magazine365\/category\/noticias-actualidad\/\" title=\"Noticias y Actualidad\">Noticias y Actualidad<\/a>\n<\/span><span class=\"aioseo-breadcrumb-separator\">\u2013<\/span><span class=\"aioseo-breadcrumb\">\n\t<a href=\"https:\/\/eldigitaldeasturias.com\/magazine365\/la-conexion-maritima-entre-malaga-y-melilla-cerrara-el-ano-con-mas-de-240-000-pasajeros\/\" title=\"La conexi\u00f3n mar\u00edtima entre M\u00e1laga y Melilla cerrar\u00e1 el a\u00f1o con m\u00e1s de 240.000 pasajeros\">La conexi\u00f3n mar\u00edtima entre M\u00e1laga y Melilla cerrar\u00e1 el a\u00f1o con m\u00e1s de 240.000 pasajeros<\/a>\n<\/span><\/div>","aioseo_breadcrumb_json":[{"label":"Home","link":"https:\/\/eldigitaldeasturias.com\/magazine365"},{"label":"Noticias y Actualidad","link":"https:\/\/eldigitaldeasturias.com\/magazine365\/category\/noticias-actualidad\/"},{"label":"La conexi\u00f3n mar\u00edtima entre M\u00e1laga y Melilla cerrar\u00e1 el a\u00f1o con m\u00e1s de 240.000 pasajeros","link":"https:\/\/eldigitaldeasturias.com\/magazine365\/la-conexion-maritima-entre-malaga-y-melilla-cerrara-el-ano-con-mas-de-240-000-pasajeros\/"}],"_links":{"self":[{"href":"https:\/\/eldigitaldeasturias.com\/magazine365\/wp-json\/wp\/v2\/posts\/58812","targetHints":{"allow":["GET"]}}],"collection":[{"href":"https:\/\/eldigitaldeasturias.com\/magazine365\/wp-json\/wp\/v2\/posts"}],"about":[{"href":"https:\/\/eldigitaldeasturias.com\/magazine365\/wp-json\/wp\/v2\/types\/post"}],"author":[{"embeddable":true,"href":"https:\/\/eldigitaldeasturias.com\/magazine365\/wp-json\/wp\/v2\/users\/1"}],"replies":[{"embeddable":true,"href":"https:\/\/eldigitaldeasturias.com\/magazine365\/wp-json\/wp\/v2\/comments?post=58812"}],"version-history":[{"count":0,"href":"https:\/\/eldigitaldeasturias.com\/magazine365\/wp-json\/wp\/v2\/posts\/58812\/revisions"}],"wp:featuredmedia":[{"embeddable":true,"href":"https:\/\/eldigitaldeasturias.com\/magazine365\/wp-json\/wp\/v2\/media\/58813"}],"wp:attachment":[{"href":"https:\/\/eldigitaldeasturias.com\/magazine365\/wp-json\/wp\/v2\/media?parent=58812"}],"wp:term":[{"taxonomy":"category","embeddable":true,"href":"https:\/\/eldigitaldeasturias.com\/magazine365\/wp-json\/wp\/v2\/categories?post=58812"},{"taxonomy":"post_tag","embeddable":true,"href":"https:\/\/eldigitaldeasturias.com\/magazine365\/wp-json\/wp\/v2\/tags?post=58812"}],"curies":[{"name":"wp","href":"https:\/\/api.w.org\/{rel}","templated":true}]}}