{"id":58794,"date":"2015-12-17T16:07:49","date_gmt":"2015-12-17T15:07:49","guid":{"rendered":"http:\/\/eldigitaldeasturias.com\/magazine365\/?p=58794"},"modified":"2015-12-17T16:07:49","modified_gmt":"2015-12-17T15:07:49","slug":"la-junta-de-andalucia-preve-muy-buena-ocupacion-y-afluencia-turistica-en-navidad","status":"publish","type":"post","link":"https:\/\/eldigitaldeasturias.com\/magazine365\/la-junta-de-andalucia-preve-muy-buena-ocupacion-y-afluencia-turistica-en-navidad\/","title":{"rendered":"La Junta de Andaluc\u00eda prev\u00e9 \u00abmuy buena ocupaci\u00f3n\u00bb y afluencia tur\u00edstica en Navidad"},"content":{"rendered":"<p><img fetchpriority=\"high\" decoding=\"async\" class=\"alignleft size-medium wp-image-58795\" src=\"https:\/\/eldigitaldeasturias.com\/magazine365\/wp-content\/uploads\/2015\/12\/fotonoticia_20151217131600_800-360x203.jpg\" alt=\"fotonoticia_20151217131600_800\" width=\"360\" height=\"203\" srcset=\"https:\/\/eldigitaldeasturias.com\/magazine365\/wp-content\/uploads\/2015\/12\/fotonoticia_20151217131600_800-360x203.jpg 360w, https:\/\/eldigitaldeasturias.com\/magazine365\/wp-content\/uploads\/2015\/12\/fotonoticia_20151217131600_800-650x366.jpg 650w, https:\/\/eldigitaldeasturias.com\/magazine365\/wp-content\/uploads\/2015\/12\/fotonoticia_20151217131600_800-768x432.jpg 768w, https:\/\/eldigitaldeasturias.com\/magazine365\/wp-content\/uploads\/2015\/12\/fotonoticia_20151217131600_800-150x84.jpg 150w, https:\/\/eldigitaldeasturias.com\/magazine365\/wp-content\/uploads\/2015\/12\/fotonoticia_20151217131600_800-450x253.jpg 450w, https:\/\/eldigitaldeasturias.com\/magazine365\/wp-content\/uploads\/2015\/12\/fotonoticia_20151217131600_800-696x392.jpg 696w, https:\/\/eldigitaldeasturias.com\/magazine365\/wp-content\/uploads\/2015\/12\/fotonoticia_20151217131600_800-747x420.jpg 747w, https:\/\/eldigitaldeasturias.com\/magazine365\/wp-content\/uploads\/2015\/12\/fotonoticia_20151217131600_800-499x280.jpg 499w, https:\/\/eldigitaldeasturias.com\/magazine365\/wp-content\/uploads\/2015\/12\/fotonoticia_20151217131600_800.jpg 800w\" sizes=\"(max-width: 360px) 100vw, 360px\" \/>El consejero andaluz de Turismo y Deporte, Francisco Javier Fern\u00e1ndez, ha indicado este jueves que la previsi\u00f3n de afluencia tur\u00edstica para Andaluc\u00eda de cara a la Navidad \u00abes muy buena\u00bb y se ha mostrado convencido de que \u00abcompletar\u00e1 este buen a\u00f1o que hemos tenido\u00bb en ocupaci\u00f3n hotelera y \u00aben oferta de calidad y excelencia\u00bb.<\/p>\n<p>Fern\u00e1ndez, quien ha visitado en Almer\u00eda las instalaciones de la Escuela P\u00fablica de Golf de El Toyo, ha trasladado en declaraciones a los periodistas que las condiciones climatol\u00f3gicas de este invierno est\u00e1 permitiendo que la regi\u00f3n \u00abmuestre su capacidad de desarrollar no s\u00f3lo el turismo tradicional\u00bb para esta \u00e9poca sino tambi\u00e9n que los turistas se \u00absientan atra\u00eddos por el litoral\u00bb.<\/p>\n<p>\u00abLas temperaturas est\u00e1n haciendo que no s\u00f3lo desarrollemos lo que son ciudades del interior o grandes ciudades con una oferta cultural y de navidad espec\u00edfica, sino que tambi\u00e9n est\u00e1n siendo atractivo para el turista el litoral. Este a\u00f1o m\u00e1s que nunca eso de que Andaluc\u00eda tiene de todo, para todos, y durante todo el a\u00f1o, est\u00e1 siendo verdad y yo creo que se est\u00e1 apreciando por el turista\u00bb.<\/p>\n<p>Al hilo de esto, y tras apuntar que ser\u00eda \u00abmuy arriesgado\u00bb dar porcentajes de ocupaci\u00f3n, s\u00ed ha reiterado que los contactos mantenidos con el sector revelan que \u00abhabr\u00e1 una buena ocupaci\u00f3n\u00bb. \u00abVamos a completar el buen a\u00f1o que estamos teniendo con una buena ocupaci\u00f3n y con esa oferta de calidad y excelencia que damos en Andaluc\u00eda\u00bb, ha concluido.<\/p>\n","protected":false},"excerpt":{"rendered":"<p>El consejero andaluz de Turismo y Deporte, Francisco Javier Fern\u00e1ndez, ha indicado este jueves que la previsi\u00f3n de afluencia tur\u00edstica para Andaluc\u00eda de cara a la Navidad \u00abes muy buena\u00bb y se ha mostrado convencido de que \u00abcompletar\u00e1 este buen a\u00f1o que hemos tenido\u00bb en ocupaci\u00f3n hotelera y \u00aben oferta de calidad y excelencia\u00bb. Fern\u00e1ndez,<\/p>\n","protected":false},"author":1,"featured_media":58795,"comment_status":"open","ping_status":"closed","sticky":false,"template":"","format":"standard","meta":{"footnotes":""},"categories":[224],"tags":[],"class_list":{"0":"post-58794","1":"post","2":"type-post","3":"status-publish","4":"format-standard","5":"has-post-thumbnail","7":"category-noticias-actualidad"},"aioseo_notices":[],"aioseo_head":"\n\t\t<!-- All in One SEO Pro 4.9.6.1 - aioseo.com -->\n\t<meta name=\"description\" content=\"El consejero andaluz de Turismo y Deporte, Francisco Javier Fern\u00e1ndez, ha indicado este jueves que la previsi\u00f3n de afluencia tur\u00edstica para Andaluc\u00eda de cara a la Navidad &quot;es muy buena&quot; y se ha mostrado convencido de que &quot;completar\u00e1 este buen a\u00f1o que hemos tenido&quot; en ocupaci\u00f3n hotelera y &quot;en oferta de calidad y excelencia&quot;. Fern\u00e1ndez,\" \/>\n\t<meta name=\"robots\" content=\"max-image-preview:large\" \/>\n\t<meta name=\"author\" content=\"admin\"\/>\n\t<meta name=\"google-site-verification\" content=\"UA-38556648-1\" \/>\n\t<meta name=\"keywords\" content=\"noticias y actualidad\" \/>\n\t<link rel=\"canonical\" href=\"https:\/\/eldigitaldeasturias.com\/magazine365\/la-junta-de-andalucia-preve-muy-buena-ocupacion-y-afluencia-turistica-en-navidad\/\" \/>\n\t<meta name=\"generator\" content=\"All in One SEO Pro (AIOSEO) 4.9.6.1\" \/>\n\t\t<meta property=\"og:locale\" content=\"es_ES\" \/>\n\t\t<meta property=\"og:site_name\" content=\"El Digital de Asturias \u2013 Revista de ocio, turismo y estilo de vida\" \/>\n\t\t<meta property=\"og:type\" content=\"article\" \/>\n\t\t<meta property=\"og:title\" content=\"La Junta de Andaluc\u00eda prev\u00e9 \u00abmuy buena ocupaci\u00f3n\u00bb y afluencia tur\u00edstica en Navidad | El Digital de Asturias\" \/>\n\t\t<meta property=\"og:description\" content=\"El consejero andaluz de Turismo y Deporte, Francisco Javier Fern\u00e1ndez, ha indicado este jueves que la previsi\u00f3n de afluencia tur\u00edstica para Andaluc\u00eda de cara a la Navidad &quot;es muy buena&quot; y se ha mostrado convencido de que &quot;completar\u00e1 este buen a\u00f1o que hemos tenido&quot; en ocupaci\u00f3n hotelera y &quot;en oferta de calidad y excelencia&quot;. Fern\u00e1ndez,\" \/>\n\t\t<meta property=\"og:url\" content=\"https:\/\/eldigitaldeasturias.com\/magazine365\/la-junta-de-andalucia-preve-muy-buena-ocupacion-y-afluencia-turistica-en-navidad\/\" \/>\n\t\t<meta property=\"og:image\" content=\"https:\/\/eldigitaldeasturias.com\/magazine365\/wp-content\/uploads\/2015\/12\/fotonoticia_20151217131600_800.jpg\" \/>\n\t\t<meta property=\"og:image:secure_url\" content=\"https:\/\/eldigitaldeasturias.com\/magazine365\/wp-content\/uploads\/2015\/12\/fotonoticia_20151217131600_800.jpg\" \/>\n\t\t<meta property=\"og:image:width\" content=\"800\" \/>\n\t\t<meta property=\"og:image:height\" content=\"450\" \/>\n\t\t<meta property=\"article:published_time\" content=\"2015-12-17T15:07:49+00:00\" \/>\n\t\t<meta property=\"article:modified_time\" content=\"2015-12-17T15:07:49+00:00\" \/>\n\t\t<meta name=\"twitter:card\" content=\"summary_large_image\" \/>\n\t\t<meta name=\"twitter:title\" content=\"La Junta de Andaluc\u00eda prev\u00e9 \u00abmuy buena ocupaci\u00f3n\u00bb y afluencia tur\u00edstica en Navidad | El Digital de Asturias\" \/>\n\t\t<meta name=\"twitter:description\" content=\"El consejero andaluz de Turismo y Deporte, Francisco Javier Fern\u00e1ndez, ha indicado este jueves que la previsi\u00f3n de afluencia tur\u00edstica para Andaluc\u00eda de cara a la Navidad &quot;es muy buena&quot; y se ha mostrado convencido de que &quot;completar\u00e1 este buen a\u00f1o que hemos tenido&quot; en ocupaci\u00f3n hotelera y &quot;en oferta de calidad y excelencia&quot;. Fern\u00e1ndez,\" \/>\n\t\t<meta name=\"twitter:image\" content=\"https:\/\/eldigitaldeasturias.com\/magazine365\/wp-content\/uploads\/2015\/12\/fotonoticia_20151217131600_800.jpg\" \/>\n\t\t<script type=\"application\/ld+json\" class=\"aioseo-schema\">\n\t\t\t{\"@context\":\"https:\\\/\\\/schema.org\",\"@graph\":[{\"@type\":\"Article\",\"@id\":\"https:\\\/\\\/eldigitaldeasturias.com\\\/magazine365\\\/la-junta-de-andalucia-preve-muy-buena-ocupacion-y-afluencia-turistica-en-navidad\\\/#article\",\"name\":\"La Junta de Andaluc\\u00eda prev\\u00e9 \\u00abmuy buena ocupaci\\u00f3n\\u00bb y afluencia tur\\u00edstica en Navidad | El Digital de Asturias\",\"headline\":\"La Junta de Andaluc\\u00eda prev\\u00e9 \\u00abmuy buena ocupaci\\u00f3n\\u00bb y afluencia tur\\u00edstica en Navidad\",\"author\":{\"@id\":\"https:\\\/\\\/eldigitaldeasturias.com\\\/magazine365\\\/author\\\/admin\\\/#author\"},\"publisher\":{\"@id\":\"https:\\\/\\\/eldigitaldeasturias.com\\\/magazine365\\\/#organization\"},\"image\":{\"@type\":\"ImageObject\",\"url\":\"https:\\\/\\\/eldigitaldeasturias.com\\\/magazine365\\\/wp-content\\\/uploads\\\/2015\\\/12\\\/fotonoticia_20151217131600_800.jpg\",\"width\":800,\"height\":450},\"datePublished\":\"2015-12-17T16:07:49+01:00\",\"dateModified\":\"2015-12-17T16:07:49+01:00\",\"inLanguage\":\"es-ES\",\"mainEntityOfPage\":{\"@id\":\"https:\\\/\\\/eldigitaldeasturias.com\\\/magazine365\\\/la-junta-de-andalucia-preve-muy-buena-ocupacion-y-afluencia-turistica-en-navidad\\\/#webpage\"},\"isPartOf\":{\"@id\":\"https:\\\/\\\/eldigitaldeasturias.com\\\/magazine365\\\/la-junta-de-andalucia-preve-muy-buena-ocupacion-y-afluencia-turistica-en-navidad\\\/#webpage\"},\"articleSection\":\"Noticias y Actualidad\"},{\"@type\":\"BreadcrumbList\",\"@id\":\"https:\\\/\\\/eldigitaldeasturias.com\\\/magazine365\\\/la-junta-de-andalucia-preve-muy-buena-ocupacion-y-afluencia-turistica-en-navidad\\\/#breadcrumblist\",\"itemListElement\":[{\"@type\":\"ListItem\",\"@id\":\"https:\\\/\\\/eldigitaldeasturias.com\\\/magazine365#listItem\",\"position\":1,\"name\":\"Home\",\"item\":\"https:\\\/\\\/eldigitaldeasturias.com\\\/magazine365\",\"nextItem\":{\"@type\":\"ListItem\",\"@id\":\"https:\\\/\\\/eldigitaldeasturias.com\\\/magazine365\\\/category\\\/noticias-actualidad\\\/#listItem\",\"name\":\"Noticias y Actualidad\"}},{\"@type\":\"ListItem\",\"@id\":\"https:\\\/\\\/eldigitaldeasturias.com\\\/magazine365\\\/category\\\/noticias-actualidad\\\/#listItem\",\"position\":2,\"name\":\"Noticias y Actualidad\",\"item\":\"https:\\\/\\\/eldigitaldeasturias.com\\\/magazine365\\\/category\\\/noticias-actualidad\\\/\",\"nextItem\":{\"@type\":\"ListItem\",\"@id\":\"https:\\\/\\\/eldigitaldeasturias.com\\\/magazine365\\\/la-junta-de-andalucia-preve-muy-buena-ocupacion-y-afluencia-turistica-en-navidad\\\/#listItem\",\"name\":\"La Junta de Andaluc\\u00eda prev\\u00e9 \\u00abmuy buena ocupaci\\u00f3n\\u00bb y afluencia tur\\u00edstica en Navidad\"},\"previousItem\":{\"@type\":\"ListItem\",\"@id\":\"https:\\\/\\\/eldigitaldeasturias.com\\\/magazine365#listItem\",\"name\":\"Home\"}},{\"@type\":\"ListItem\",\"@id\":\"https:\\\/\\\/eldigitaldeasturias.com\\\/magazine365\\\/la-junta-de-andalucia-preve-muy-buena-ocupacion-y-afluencia-turistica-en-navidad\\\/#listItem\",\"position\":3,\"name\":\"La Junta de Andaluc\\u00eda prev\\u00e9 \\u00abmuy buena ocupaci\\u00f3n\\u00bb y afluencia tur\\u00edstica en Navidad\",\"previousItem\":{\"@type\":\"ListItem\",\"@id\":\"https:\\\/\\\/eldigitaldeasturias.com\\\/magazine365\\\/category\\\/noticias-actualidad\\\/#listItem\",\"name\":\"Noticias y Actualidad\"}}]},{\"@type\":\"Organization\",\"@id\":\"https:\\\/\\\/eldigitaldeasturias.com\\\/magazine365\\\/#organization\",\"name\":\"El digital de Asturias\",\"description\":\"Revista de ocio, turismo y estilo de vida\",\"url\":\"https:\\\/\\\/eldigitaldeasturias.com\\\/magazine365\\\/\",\"logo\":{\"@type\":\"ImageObject\",\"url\":\"https:\\\/\\\/www.eldigitaldeasturias.com\\\/noticias\\\/wp-content\\\/uploads\\\/2020\\\/12\\\/EDA.jpg\",\"@id\":\"https:\\\/\\\/eldigitaldeasturias.com\\\/magazine365\\\/la-junta-de-andalucia-preve-muy-buena-ocupacion-y-afluencia-turistica-en-navidad\\\/#organizationLogo\"},\"image\":{\"@id\":\"https:\\\/\\\/eldigitaldeasturias.com\\\/magazine365\\\/la-junta-de-andalucia-preve-muy-buena-ocupacion-y-afluencia-turistica-en-navidad\\\/#organizationLogo\"}},{\"@type\":\"Person\",\"@id\":\"https:\\\/\\\/eldigitaldeasturias.com\\\/magazine365\\\/author\\\/admin\\\/#author\",\"url\":\"https:\\\/\\\/eldigitaldeasturias.com\\\/magazine365\\\/author\\\/admin\\\/\",\"name\":\"admin\",\"image\":{\"@type\":\"ImageObject\",\"@id\":\"https:\\\/\\\/eldigitaldeasturias.com\\\/magazine365\\\/la-junta-de-andalucia-preve-muy-buena-ocupacion-y-afluencia-turistica-en-navidad\\\/#authorImage\",\"url\":\"https:\\\/\\\/eldigitaldeasturias.com\\\/magazine365\\\/wp-content\\\/litespeed\\\/avatar\\\/e571bcf59a0edd6fa6838245a470f2fe.jpg?ver=1777574230\",\"width\":96,\"height\":96,\"caption\":\"admin\"}},{\"@type\":\"WebPage\",\"@id\":\"https:\\\/\\\/eldigitaldeasturias.com\\\/magazine365\\\/la-junta-de-andalucia-preve-muy-buena-ocupacion-y-afluencia-turistica-en-navidad\\\/#webpage\",\"url\":\"https:\\\/\\\/eldigitaldeasturias.com\\\/magazine365\\\/la-junta-de-andalucia-preve-muy-buena-ocupacion-y-afluencia-turistica-en-navidad\\\/\",\"name\":\"La Junta de Andaluc\\u00eda prev\\u00e9 \\u00abmuy buena ocupaci\\u00f3n\\u00bb y afluencia tur\\u00edstica en Navidad | El Digital de Asturias\",\"description\":\"El consejero andaluz de Turismo y Deporte, Francisco Javier Fern\\u00e1ndez, ha indicado este jueves que la previsi\\u00f3n de afluencia tur\\u00edstica para Andaluc\\u00eda de cara a la Navidad \\\"es muy buena\\\" y se ha mostrado convencido de que \\\"completar\\u00e1 este buen a\\u00f1o que hemos tenido\\\" en ocupaci\\u00f3n hotelera y \\\"en oferta de calidad y excelencia\\\". Fern\\u00e1ndez,\",\"inLanguage\":\"es-ES\",\"isPartOf\":{\"@id\":\"https:\\\/\\\/eldigitaldeasturias.com\\\/magazine365\\\/#website\"},\"breadcrumb\":{\"@id\":\"https:\\\/\\\/eldigitaldeasturias.com\\\/magazine365\\\/la-junta-de-andalucia-preve-muy-buena-ocupacion-y-afluencia-turistica-en-navidad\\\/#breadcrumblist\"},\"author\":{\"@id\":\"https:\\\/\\\/eldigitaldeasturias.com\\\/magazine365\\\/author\\\/admin\\\/#author\"},\"creator\":{\"@id\":\"https:\\\/\\\/eldigitaldeasturias.com\\\/magazine365\\\/author\\\/admin\\\/#author\"},\"image\":{\"@type\":\"ImageObject\",\"url\":\"https:\\\/\\\/eldigitaldeasturias.com\\\/magazine365\\\/wp-content\\\/uploads\\\/2015\\\/12\\\/fotonoticia_20151217131600_800.jpg\",\"@id\":\"https:\\\/\\\/eldigitaldeasturias.com\\\/magazine365\\\/la-junta-de-andalucia-preve-muy-buena-ocupacion-y-afluencia-turistica-en-navidad\\\/#mainImage\",\"width\":800,\"height\":450},\"primaryImageOfPage\":{\"@id\":\"https:\\\/\\\/eldigitaldeasturias.com\\\/magazine365\\\/la-junta-de-andalucia-preve-muy-buena-ocupacion-y-afluencia-turistica-en-navidad\\\/#mainImage\"},\"datePublished\":\"2015-12-17T16:07:49+01:00\",\"dateModified\":\"2015-12-17T16:07:49+01:00\"},{\"@type\":\"WebSite\",\"@id\":\"https:\\\/\\\/eldigitaldeasturias.com\\\/magazine365\\\/#website\",\"url\":\"https:\\\/\\\/eldigitaldeasturias.com\\\/magazine365\\\/\",\"name\":\"El Digital de Asturias\",\"description\":\"Revista de ocio, turismo y estilo de vida\",\"inLanguage\":\"es-ES\",\"publisher\":{\"@id\":\"https:\\\/\\\/eldigitaldeasturias.com\\\/magazine365\\\/#organization\"}}]}\n\t\t<\/script>\n\t\t<!-- All in One SEO Pro -->\r\n\t\t<title>La Junta de Andaluc\u00eda prev\u00e9 \u00abmuy buena ocupaci\u00f3n\u00bb y afluencia tur\u00edstica en Navidad | El Digital de Asturias<\/title>\n\n","aioseo_head_json":{"title":"La Junta de Andaluc\u00eda prev\u00e9 \u00abmuy buena ocupaci\u00f3n\u00bb y afluencia tur\u00edstica en Navidad | El Digital de Asturias","description":"El consejero andaluz de Turismo y Deporte, Francisco Javier Fern\u00e1ndez, ha indicado este jueves que la previsi\u00f3n de afluencia tur\u00edstica para Andaluc\u00eda de cara a la Navidad \"es muy buena\" y se ha mostrado convencido de que \"completar\u00e1 este buen a\u00f1o que hemos tenido\" en ocupaci\u00f3n hotelera y \"en oferta de calidad y excelencia\". Fern\u00e1ndez,","canonical_url":"https:\/\/eldigitaldeasturias.com\/magazine365\/la-junta-de-andalucia-preve-muy-buena-ocupacion-y-afluencia-turistica-en-navidad\/","robots":"max-image-preview:large","keywords":"noticias y actualidad","webmasterTools":{"google-site-verification":"UA-38556648-1","miscellaneous":""},"schema":{"@context":"https:\/\/schema.org","@graph":[{"@type":"Article","@id":"https:\/\/eldigitaldeasturias.com\/magazine365\/la-junta-de-andalucia-preve-muy-buena-ocupacion-y-afluencia-turistica-en-navidad\/#article","name":"La Junta de Andaluc\u00eda prev\u00e9 \u00abmuy buena ocupaci\u00f3n\u00bb y afluencia tur\u00edstica en Navidad | El Digital de Asturias","headline":"La Junta de Andaluc\u00eda prev\u00e9 \u00abmuy buena ocupaci\u00f3n\u00bb y afluencia tur\u00edstica en Navidad","author":{"@id":"https:\/\/eldigitaldeasturias.com\/magazine365\/author\/admin\/#author"},"publisher":{"@id":"https:\/\/eldigitaldeasturias.com\/magazine365\/#organization"},"image":{"@type":"ImageObject","url":"https:\/\/eldigitaldeasturias.com\/magazine365\/wp-content\/uploads\/2015\/12\/fotonoticia_20151217131600_800.jpg","width":800,"height":450},"datePublished":"2015-12-17T16:07:49+01:00","dateModified":"2015-12-17T16:07:49+01:00","inLanguage":"es-ES","mainEntityOfPage":{"@id":"https:\/\/eldigitaldeasturias.com\/magazine365\/la-junta-de-andalucia-preve-muy-buena-ocupacion-y-afluencia-turistica-en-navidad\/#webpage"},"isPartOf":{"@id":"https:\/\/eldigitaldeasturias.com\/magazine365\/la-junta-de-andalucia-preve-muy-buena-ocupacion-y-afluencia-turistica-en-navidad\/#webpage"},"articleSection":"Noticias y Actualidad"},{"@type":"BreadcrumbList","@id":"https:\/\/eldigitaldeasturias.com\/magazine365\/la-junta-de-andalucia-preve-muy-buena-ocupacion-y-afluencia-turistica-en-navidad\/#breadcrumblist","itemListElement":[{"@type":"ListItem","@id":"https:\/\/eldigitaldeasturias.com\/magazine365#listItem","position":1,"name":"Home","item":"https:\/\/eldigitaldeasturias.com\/magazine365","nextItem":{"@type":"ListItem","@id":"https:\/\/eldigitaldeasturias.com\/magazine365\/category\/noticias-actualidad\/#listItem","name":"Noticias y Actualidad"}},{"@type":"ListItem","@id":"https:\/\/eldigitaldeasturias.com\/magazine365\/category\/noticias-actualidad\/#listItem","position":2,"name":"Noticias y Actualidad","item":"https:\/\/eldigitaldeasturias.com\/magazine365\/category\/noticias-actualidad\/","nextItem":{"@type":"ListItem","@id":"https:\/\/eldigitaldeasturias.com\/magazine365\/la-junta-de-andalucia-preve-muy-buena-ocupacion-y-afluencia-turistica-en-navidad\/#listItem","name":"La Junta de Andaluc\u00eda prev\u00e9 \u00abmuy buena ocupaci\u00f3n\u00bb y afluencia tur\u00edstica en Navidad"},"previousItem":{"@type":"ListItem","@id":"https:\/\/eldigitaldeasturias.com\/magazine365#listItem","name":"Home"}},{"@type":"ListItem","@id":"https:\/\/eldigitaldeasturias.com\/magazine365\/la-junta-de-andalucia-preve-muy-buena-ocupacion-y-afluencia-turistica-en-navidad\/#listItem","position":3,"name":"La Junta de Andaluc\u00eda prev\u00e9 \u00abmuy buena ocupaci\u00f3n\u00bb y afluencia tur\u00edstica en Navidad","previousItem":{"@type":"ListItem","@id":"https:\/\/eldigitaldeasturias.com\/magazine365\/category\/noticias-actualidad\/#listItem","name":"Noticias y Actualidad"}}]},{"@type":"Organization","@id":"https:\/\/eldigitaldeasturias.com\/magazine365\/#organization","name":"El digital de Asturias","description":"Revista de ocio, turismo y estilo de vida","url":"https:\/\/eldigitaldeasturias.com\/magazine365\/","logo":{"@type":"ImageObject","url":"https:\/\/www.eldigitaldeasturias.com\/noticias\/wp-content\/uploads\/2020\/12\/EDA.jpg","@id":"https:\/\/eldigitaldeasturias.com\/magazine365\/la-junta-de-andalucia-preve-muy-buena-ocupacion-y-afluencia-turistica-en-navidad\/#organizationLogo"},"image":{"@id":"https:\/\/eldigitaldeasturias.com\/magazine365\/la-junta-de-andalucia-preve-muy-buena-ocupacion-y-afluencia-turistica-en-navidad\/#organizationLogo"}},{"@type":"Person","@id":"https:\/\/eldigitaldeasturias.com\/magazine365\/author\/admin\/#author","url":"https:\/\/eldigitaldeasturias.com\/magazine365\/author\/admin\/","name":"admin","image":{"@type":"ImageObject","@id":"https:\/\/eldigitaldeasturias.com\/magazine365\/la-junta-de-andalucia-preve-muy-buena-ocupacion-y-afluencia-turistica-en-navidad\/#authorImage","url":"https:\/\/eldigitaldeasturias.com\/magazine365\/wp-content\/litespeed\/avatar\/e571bcf59a0edd6fa6838245a470f2fe.jpg?ver=1777574230","width":96,"height":96,"caption":"admin"}},{"@type":"WebPage","@id":"https:\/\/eldigitaldeasturias.com\/magazine365\/la-junta-de-andalucia-preve-muy-buena-ocupacion-y-afluencia-turistica-en-navidad\/#webpage","url":"https:\/\/eldigitaldeasturias.com\/magazine365\/la-junta-de-andalucia-preve-muy-buena-ocupacion-y-afluencia-turistica-en-navidad\/","name":"La Junta de Andaluc\u00eda prev\u00e9 \u00abmuy buena ocupaci\u00f3n\u00bb y afluencia tur\u00edstica en Navidad | El Digital de Asturias","description":"El consejero andaluz de Turismo y Deporte, Francisco Javier Fern\u00e1ndez, ha indicado este jueves que la previsi\u00f3n de afluencia tur\u00edstica para Andaluc\u00eda de cara a la Navidad \"es muy buena\" y se ha mostrado convencido de que \"completar\u00e1 este buen a\u00f1o que hemos tenido\" en ocupaci\u00f3n hotelera y \"en oferta de calidad y excelencia\". Fern\u00e1ndez,","inLanguage":"es-ES","isPartOf":{"@id":"https:\/\/eldigitaldeasturias.com\/magazine365\/#website"},"breadcrumb":{"@id":"https:\/\/eldigitaldeasturias.com\/magazine365\/la-junta-de-andalucia-preve-muy-buena-ocupacion-y-afluencia-turistica-en-navidad\/#breadcrumblist"},"author":{"@id":"https:\/\/eldigitaldeasturias.com\/magazine365\/author\/admin\/#author"},"creator":{"@id":"https:\/\/eldigitaldeasturias.com\/magazine365\/author\/admin\/#author"},"image":{"@type":"ImageObject","url":"https:\/\/eldigitaldeasturias.com\/magazine365\/wp-content\/uploads\/2015\/12\/fotonoticia_20151217131600_800.jpg","@id":"https:\/\/eldigitaldeasturias.com\/magazine365\/la-junta-de-andalucia-preve-muy-buena-ocupacion-y-afluencia-turistica-en-navidad\/#mainImage","width":800,"height":450},"primaryImageOfPage":{"@id":"https:\/\/eldigitaldeasturias.com\/magazine365\/la-junta-de-andalucia-preve-muy-buena-ocupacion-y-afluencia-turistica-en-navidad\/#mainImage"},"datePublished":"2015-12-17T16:07:49+01:00","dateModified":"2015-12-17T16:07:49+01:00"},{"@type":"WebSite","@id":"https:\/\/eldigitaldeasturias.com\/magazine365\/#website","url":"https:\/\/eldigitaldeasturias.com\/magazine365\/","name":"El Digital de Asturias","description":"Revista de ocio, turismo y estilo de vida","inLanguage":"es-ES","publisher":{"@id":"https:\/\/eldigitaldeasturias.com\/magazine365\/#organization"}}]},"og:locale":"es_ES","og:site_name":"El Digital de Asturias \u2013 Revista de ocio, turismo y estilo de vida","og:type":"article","og:title":"La Junta de Andaluc\u00eda prev\u00e9 \u00abmuy buena ocupaci\u00f3n\u00bb y afluencia tur\u00edstica en Navidad | El Digital de Asturias","og:description":"El consejero andaluz de Turismo y Deporte, Francisco Javier Fern\u00e1ndez, ha indicado este jueves que la previsi\u00f3n de afluencia tur\u00edstica para Andaluc\u00eda de cara a la Navidad &quot;es muy buena&quot; y se ha mostrado convencido de que &quot;completar\u00e1 este buen a\u00f1o que hemos tenido&quot; en ocupaci\u00f3n hotelera y &quot;en oferta de calidad y excelencia&quot;. Fern\u00e1ndez,","og:url":"https:\/\/eldigitaldeasturias.com\/magazine365\/la-junta-de-andalucia-preve-muy-buena-ocupacion-y-afluencia-turistica-en-navidad\/","og:image":"https:\/\/eldigitaldeasturias.com\/magazine365\/wp-content\/uploads\/2015\/12\/fotonoticia_20151217131600_800.jpg","og:image:secure_url":"https:\/\/eldigitaldeasturias.com\/magazine365\/wp-content\/uploads\/2015\/12\/fotonoticia_20151217131600_800.jpg","og:image:width":800,"og:image:height":450,"article:published_time":"2015-12-17T15:07:49+00:00","article:modified_time":"2015-12-17T15:07:49+00:00","twitter:card":"summary_large_image","twitter:title":"La Junta de Andaluc\u00eda prev\u00e9 \u00abmuy buena ocupaci\u00f3n\u00bb y afluencia tur\u00edstica en Navidad | El Digital de Asturias","twitter:description":"El consejero andaluz de Turismo y Deporte, Francisco Javier Fern\u00e1ndez, ha indicado este jueves que la previsi\u00f3n de afluencia tur\u00edstica para Andaluc\u00eda de cara a la Navidad &quot;es muy buena&quot; y se ha mostrado convencido de que &quot;completar\u00e1 este buen a\u00f1o que hemos tenido&quot; en ocupaci\u00f3n hotelera y &quot;en oferta de calidad y excelencia&quot;. Fern\u00e1ndez,","twitter:image":"https:\/\/eldigitaldeasturias.com\/magazine365\/wp-content\/uploads\/2015\/12\/fotonoticia_20151217131600_800.jpg"},"aioseo_meta_data":{"post_id":"58794","title":null,"description":null,"keywords":null,"keyphrases":null,"primary_term":null,"canonical_url":null,"og_title":null,"og_description":null,"og_object_type":"default","og_image_type":"default","og_image_url":null,"og_image_width":null,"og_image_height":null,"og_image_custom_url":null,"og_image_custom_fields":null,"og_video":null,"og_custom_url":null,"og_article_section":null,"og_article_tags":null,"twitter_use_og":false,"twitter_card":"default","twitter_image_type":"default","twitter_image_url":null,"twitter_image_custom_url":null,"twitter_image_custom_fields":null,"twitter_title":null,"twitter_description":null,"schema":{"blockGraphs":[],"customGraphs":[],"default":{"data":{"Article":[],"Course":[],"Dataset":[],"FAQPage":[],"Movie":[],"Person":[],"Product":[],"ProductReview":[],"Car":[],"Recipe":[],"Service":[],"SoftwareApplication":[],"WebPage":[]},"graphName":"","isEnabled":true},"graphs":[]},"schema_type":null,"schema_type_options":null,"pillar_content":false,"robots_default":true,"robots_noindex":false,"robots_noarchive":false,"robots_nosnippet":false,"robots_nofollow":false,"robots_noimageindex":false,"robots_noodp":false,"robots_notranslate":false,"robots_max_snippet":null,"robots_max_videopreview":null,"robots_max_imagepreview":"large","priority":null,"frequency":null,"location":null,"local_seo":null,"seo_analyzer_scan_date":"2025-09-25 03:40:09","breadcrumb_settings":null,"limit_modified_date":false,"open_ai":null,"ai":null,"created":"2021-03-08 22:24:43","updated":"2025-09-25 03:40:09"},"aioseo_breadcrumb":"<div class=\"aioseo-breadcrumbs\"><span class=\"aioseo-breadcrumb\">\n\t<a href=\"https:\/\/eldigitaldeasturias.com\/magazine365\" title=\"Home\">Home<\/a>\n<\/span><span class=\"aioseo-breadcrumb-separator\">\u2013<\/span><span class=\"aioseo-breadcrumb\">\n\t<a href=\"https:\/\/eldigitaldeasturias.com\/magazine365\/category\/noticias-actualidad\/\" title=\"Noticias y Actualidad\">Noticias y Actualidad<\/a>\n<\/span><span class=\"aioseo-breadcrumb-separator\">\u2013<\/span><span class=\"aioseo-breadcrumb\">\n\t<a href=\"https:\/\/eldigitaldeasturias.com\/magazine365\/la-junta-de-andalucia-preve-muy-buena-ocupacion-y-afluencia-turistica-en-navidad\/\" title=\"La Junta de Andaluc\u00eda prev\u00e9 \u00abmuy buena ocupaci\u00f3n\u00bb y afluencia tur\u00edstica en Navidad\">La Junta de Andaluc\u00eda prev\u00e9 \u00abmuy buena ocupaci\u00f3n\u00bb y afluencia tur\u00edstica en Navidad<\/a>\n<\/span><\/div>","aioseo_breadcrumb_json":[{"label":"Home","link":"https:\/\/eldigitaldeasturias.com\/magazine365"},{"label":"Noticias y Actualidad","link":"https:\/\/eldigitaldeasturias.com\/magazine365\/category\/noticias-actualidad\/"},{"label":"La Junta de Andaluc\u00eda prev\u00e9 \u00abmuy buena ocupaci\u00f3n\u00bb y afluencia tur\u00edstica en Navidad","link":"https:\/\/eldigitaldeasturias.com\/magazine365\/la-junta-de-andalucia-preve-muy-buena-ocupacion-y-afluencia-turistica-en-navidad\/"}],"_links":{"self":[{"href":"https:\/\/eldigitaldeasturias.com\/magazine365\/wp-json\/wp\/v2\/posts\/58794","targetHints":{"allow":["GET"]}}],"collection":[{"href":"https:\/\/eldigitaldeasturias.com\/magazine365\/wp-json\/wp\/v2\/posts"}],"about":[{"href":"https:\/\/eldigitaldeasturias.com\/magazine365\/wp-json\/wp\/v2\/types\/post"}],"author":[{"embeddable":true,"href":"https:\/\/eldigitaldeasturias.com\/magazine365\/wp-json\/wp\/v2\/users\/1"}],"replies":[{"embeddable":true,"href":"https:\/\/eldigitaldeasturias.com\/magazine365\/wp-json\/wp\/v2\/comments?post=58794"}],"version-history":[{"count":0,"href":"https:\/\/eldigitaldeasturias.com\/magazine365\/wp-json\/wp\/v2\/posts\/58794\/revisions"}],"wp:featuredmedia":[{"embeddable":true,"href":"https:\/\/eldigitaldeasturias.com\/magazine365\/wp-json\/wp\/v2\/media\/58795"}],"wp:attachment":[{"href":"https:\/\/eldigitaldeasturias.com\/magazine365\/wp-json\/wp\/v2\/media?parent=58794"}],"wp:term":[{"taxonomy":"category","embeddable":true,"href":"https:\/\/eldigitaldeasturias.com\/magazine365\/wp-json\/wp\/v2\/categories?post=58794"},{"taxonomy":"post_tag","embeddable":true,"href":"https:\/\/eldigitaldeasturias.com\/magazine365\/wp-json\/wp\/v2\/tags?post=58794"}],"curies":[{"name":"wp","href":"https:\/\/api.w.org\/{rel}","templated":true}]}}